{"id":8935,"date":"2023-01-20T10:00:52","date_gmt":"2023-01-20T09:00:52","guid":{"rendered":"https:\/\/www.anovapeneira.gal\/?p=8935"},"modified":"2023-01-16T12:04:35","modified_gmt":"2023-01-16T11:04:35","slug":"a-comunidade-de-montes-de-salcidos-renova-a-sua-xunta-reitora","status":"publish","type":"post","link":"https:\/\/www.anovapeneira.gal\/index.php\/2023\/01\/20\/a-comunidade-de-montes-de-salcidos-renova-a-sua-xunta-reitora\/","title":{"rendered":"A Comunidade de Montes de Salcidos renova a s\u00faa Xunta Reitora"},"content":{"rendered":"\n<p><strong>Salcidos \u00e9 unha parroquia do concello de A Guarda de arredor de 3.000 habitantes, cun territorio que \u00e9 o m\u00e1is grande das tres parroquias do concello: Salcidos, Camposancos e A Guarda. No mes de decembro do pasado ano renovaron a xunta reitora da s\u00faa Comunidade de Montes e A Nova Peneira, un medio completamente comprometido co traballo de base da sociedade civil organizada, foi co\u00f1ecelos. O 13 de Xaneiro tiveron a s\u00faa primeira xuntanza e n\u00f3s estivemos con eles. Son: Xabier Vicente: Tesoureiro, Antonio \u00c1lvarez: Presidente, Manuel Benito: secretario, Lorenzo Portela: vicepresidente, Ram\u00f3n Gonz\u00e1lez: vogal, Antonio Cividanes: vogal, e Antonio \u00c1lvarez: vogal.<\/strong><\/p>\n\n\n\n<p>\u201c <strong>Temos moita ilusi\u00f3n, e un feixe de proxectos para tratar de contribu\u00edr a mellorar a vida da parroquia de Salcidos\u201d<\/strong><\/p>\n\n\n\n<p><strong>Por que vos decidistes a presentar unha candidatura ?<\/strong><\/p>\n\n\n\n<blockquote class=\"wp-block-quote is-layout-flow wp-block-quote-is-layout-flow\"><p>Acabara o mandato da directiva anterior, alg\u00fans de n\u00f3s xa estabamos nela,outro ex presidente tam\u00e9n quixo presentarse e xa que logo celebramos unhas elecci\u00f3ns.<\/p><\/blockquote>\n\n\n\n<p><strong>Que tal a participaci\u00f3n?<\/strong><\/p>\n\n\n\n<blockquote class=\"wp-block-quote is-layout-flow wp-block-quote-is-layout-flow\"><p>Dun censo de 88 comuneiros vi\u00f1eron votar 81, creo que estivo moi ben. O que amosa que a xente si se preocupa polo futuro dos nosos montes.<\/p><\/blockquote>\n\n\n\n<p><strong>Cales son as principais actividades da CM?<\/strong><\/p>\n\n\n\n<blockquote class=\"wp-block-quote is-layout-flow wp-block-quote-is-layout-flow\"><p>A limpeza do monte, o arranxo das pistas do c\u00e1mping , a construci\u00f3n dun dep\u00f3sito de augas para combater os incendios, que realmente salvou ao monte este ver\u00e1n despois dun terrible incendio que houbo. Foron m\u00e1is de 70.000 litros de auga que sa\u00edron do noso dep\u00f3sito para axudar a controlar o lume.<\/p><\/blockquote>\n\n\n\n<blockquote class=\"wp-block-quote is-layout-flow wp-block-quote-is-layout-flow\"><p>Neste mandato que iniciamos agora al\u00e9n de gobernar pistas, tanques de auga e da actividade habitual de limpeza do monte, temos moita ilusi\u00f3n en concretar diversos proxectos que temos en mente:<\/p><\/blockquote>\n\n\n\n<blockquote class=\"wp-block-quote is-layout-flow wp-block-quote-is-layout-flow\"><p>-Entendemos que o espazo arredor da casa forestal est\u00e1 infrautilizado e queremos facer un parque forestal que se converta nun lugar para o lecer e a convivencia da veci\u00f1anza de Salcidos. Agardo que sexamos capaces de conseguir unha subvenci\u00f3n que o financie.<\/p><\/blockquote>\n\n\n\n<blockquote class=\"wp-block-quote is-layout-flow wp-block-quote-is-layout-flow\"><p>-Queremos potenciar o estudo do enorme patrimonio arqueol\u00f3xico que te\u00f1en os nosos montes.<\/p><\/blockquote>\n\n\n\n<blockquote class=\"wp-block-quote is-layout-flow wp-block-quote-is-layout-flow\"><p>-Temos pensado organizar andainas e actividades varias para concienciar e divulgar a grande beleza do noso patrimonio natural.<\/p><\/blockquote>\n\n\n\n<p><strong>A vosa casa forestal, que ten arredor de 30 anos , d\u00e1me a sensaci\u00f3n de que tam\u00e9n est\u00e1 infrautilizada, equiv\u00f3come?<\/strong><\/p>\n\n\n\n<blockquote class=\"wp-block-quote is-layout-flow wp-block-quote-is-layout-flow\"><p>Non, non te equivocas. De feito con que se faga responsable un comuneiro n\u00f3s estamos dispostos a prestarlla a calquera colectivo ou asociaci\u00f3n que queira facer a actividade que sexa, ag\u00e1s actividades de tipo pol\u00edtico, que poidan ser interesantes e ou beneficiosas para a comunidade.<\/p><\/blockquote>\n\n\n\n<p><strong>V\u00f3s ocup\u00e1desvos s\u00f3 dos montes de Salcidos verdade?<\/strong><\/p>\n\n\n\n<blockquote class=\"wp-block-quote is-layout-flow wp-block-quote-is-layout-flow\"><p>Si, m\u00e1is da zona da Ribeira, onde est\u00e1 o c\u00e1mping xa que eses terreos son propiedade da nosa Comunidade de Montes.<\/p><\/blockquote>\n\n\n\n<p><strong>Pero a persoa que o xestiona anunciara hai pouco a s\u00faa intenci\u00f3n de pechalo para sempre. Cambiou de opini\u00f3n?<\/strong><\/p>\n\n\n\n<blockquote class=\"wp-block-quote is-layout-flow wp-block-quote-is-layout-flow\"><p>Si, o c\u00e1mping non se pecha. Iso foron unhas declaraci\u00f3ns do xerente, que ten o c\u00e1mping en concesi\u00f3n por un n\u00famero determinado de anos, nun momento moi dif\u00edcil, despois dunhas inundaci\u00f3ns importantes. Pero logo as cousas seren\u00e1ronse e o c\u00e1mping desde logo que vai continuar coa s\u00faa actividade.<\/p><\/blockquote>\n\n\n\n<p><strong>Cales son os problemas m\u00e1is importantes que ten a Comunidade Montes de Salcidos?<\/strong><\/p>\n\n\n\n<blockquote class=\"wp-block-quote is-layout-flow wp-block-quote-is-layout-flow\"><p>O problema m\u00e1is grave que temos \u00e9 con Costas, pois queren confiscar os terreos da Ribeira, onde se encontra o c\u00e1mping. Terreos que son propiedade da Comunidade de Montes. Levamos xa 3 anos pelexando, apoiados pola Organizaci\u00f3n Galega de Montes. Tanto a nosa comunidade como outras tam\u00e9n afectadas como a de Tabag\u00f3n ou a de San Miguel.<\/p><\/blockquote>\n\n\n\n<p><strong>Ent\u00f3n Costas quere expropiarvos os terreos?<\/strong><\/p>\n\n\n\n<blockquote class=\"wp-block-quote is-layout-flow wp-block-quote-is-layout-flow\"><p>Expropiar non, quere confiscar. Unha expropiaci\u00f3n implica que paguen algo polo que levan e eles queren quedarse cos terreos sen pagar nada a cambio. Un aut\u00e9ntico roubo vaia. Eses terreos est\u00e1n inscritos no catastro a nome da Comunidade, e agora desde Madrid queren inscribilos a nome deles.<\/p><\/blockquote>\n\n\n\n<p><strong>Pois parece un problema moi grave<\/strong><\/p>\n\n\n\n<blockquote class=\"wp-block-quote is-layout-flow wp-block-quote-is-layout-flow\"><p>E tanto que si, neses terreos hai moitos cartos metidos , e poden quitarnos a propiedade dun dos nosos activos principais.<\/p><\/blockquote>\n\n\n\n<p><strong>Os concellos da comarca apoian a vosa posici\u00f3n?<\/strong><\/p>\n\n\n\n<blockquote class=\"wp-block-quote is-layout-flow wp-block-quote-is-layout-flow\"><p>A Guarda, O Rosal e Tomi\u00f1o si. Nestes tres concellos temos o apoio un\u00e1nime dos tres plenos.<\/p><\/blockquote>\n\n\n\n<p><strong>Al\u00e9n do apoio municipal procurastes outro tipo de axuda?<\/strong><\/p>\n\n\n\n<blockquote class=\"wp-block-quote is-layout-flow wp-block-quote-is-layout-flow\"><p>Si, tam\u00e9n fomos ao parlamento galego, defendidos polo BNG. Pretendiamos o apoio un\u00e1nime do parlamento galego.<\/p><\/blockquote>\n\n\n\n<p><strong>Consegu\u00edstelo?<\/strong><\/p>\n\n\n\n<blockquote class=\"wp-block-quote is-layout-flow wp-block-quote-is-layout-flow\"><p>A medias. No que se refire a que os terreos sigan sendo propiedade das comunidades veci\u00f1ais conseguimos o apoio un\u00e1nime do parlamento si. Pero n\u00f3s pretendiamos tam\u00e9n que, igual que aparece na constituci\u00f3n portuguesa , as leis espa\u00f1olas reco\u00f1eceran tam\u00e9n a propiedade veci\u00f1al. E neste tema, tan importante para n\u00f3s, s\u00f3 nos apoiou o BNG pois o PP e o PSOE votaron en contra. Tam\u00e9n temos pensado ir a Madrid, e igualmente convidamos \u00e1 ministra Teresa Ribera a que se achegara a co\u00f1ecer in situ os nosos terreos e a ver como funcionan as comunidades de montes porque en Madrid non te\u00f1en nin idea.<\/p><\/blockquote>\n\n\n\n<p><strong>Que vos respondeu?<\/strong><\/p>\n\n\n\n<blockquote class=\"wp-block-quote is-layout-flow wp-block-quote-is-layout-flow\"><p>De momento s\u00f3 deu \u201clargas\u201d.O m\u00e1is que conseguimos foi unha entrevista cun cargo de Costas. Foi por v\u00eddeo conferencia desde o concello de O Rosal. Al\u00ed estivemos 3 comunidades de Montes: A nosa, a de Tabag\u00f3n e a de San Miguel e Alfredo Pereira o presidente da Oragaccmm que como antes che mencionei nos asesora e axuda.<\/p><\/blockquote>\n\n\n\n<p><strong>Que conclusi\u00f3n tirastes desa xuntanza con Costas?<\/strong><\/p>\n\n\n\n<blockquote class=\"wp-block-quote is-layout-flow wp-block-quote-is-layout-flow\"><p>Que non te\u00f1en a m\u00e1is m\u00ednima idea. Por non saber, non saben nin que existe un c\u00e1mping, que \u00e9 unha das fontes m\u00e1is importantes de ingresos para todo o pobo de A Guarda.<\/p><\/blockquote>\n\n\n\n<p><strong>Al\u00e9n do intento de \u201cconfiscaci\u00f3n\u201d , sen d\u00fabida o asunto m\u00e1is grave, nese c\u00e1mping tam\u00e9n hai un importante problema de vertidos de augas fecais, verdade?<\/strong><\/p>\n\n\n\n<blockquote class=\"wp-block-quote is-layout-flow wp-block-quote-is-layout-flow\"><p>Si, tam\u00e9n levamos anos pelexando con iso. Xa gastaron milleiros de \u20ac en facer un areeiro que non serviu para nada. O Concello pasa de todo, te\u00f1en que facer unha limpeza anual das tubaxes e non a fan. O \u00fanico que fai o concello, e iso tam\u00e9n hai que dicilo, \u00e9 que un par de veces ao ano arranxa a pista de acceso ao c\u00e1mping. Este tema temos que arranxalo e se \u00e9 necesario iremos ao xulgado.<\/p><\/blockquote>\n\n\n\n<p><strong>No que respecta a hist\u00f3rica reclamaci\u00f3n de Salcidos sobre o monte Trega que nos tedes que dicir?<\/strong><\/p>\n\n\n\n<blockquote class=\"wp-block-quote is-layout-flow wp-block-quote-is-layout-flow\"><p>Este monte, desde tempos inmemoriais, pertenceu \u00e1 parroquia de Salcidos, pero \u00e9 algo que non se soubo defender adecuadamente. N\u00f3s levamos anos pelexando xa ese asunto e en calquera momento vai entrar no xulgado. \u00c9 inminente que a nosa reclamaci\u00f3n da parte do Tegra que d\u00e1 a Salcidos chegue ao xulgado.<\/p><\/blockquote>\n\n\n\n<p><strong>Que tal son as relaci\u00f3ns co concello de A Guarda?<\/strong><\/p>\n\n\n\n<blockquote class=\"wp-block-quote is-layout-flow wp-block-quote-is-layout-flow\"><p>Manifestamente mellorables. S\u00f3 lle temos que agradecer ao se\u00f1or Espa\u00f1ol, ao concelleiro de obras, que un par de veces ao ano coa maquinaria da mancomunidade nos limpa as pistas de acceso ao c\u00e1mping.<\/p><\/blockquote>\n","protected":false},"excerpt":{"rendered":"<div class=\"mh-excerpt\"><p>Salcidos \u00e9 unha parroquia do concello de A Guarda de arredor de 3.000 habitantes, cun territorio que \u00e9 o m\u00e1is grande das tres parroquias do concello: Salcidos, Camposancos e A Guarda <a class=\"mh-excerpt-more\" href=\"https:\/\/www.anovapeneira.gal\/index.php\/2023\/01\/20\/a-comunidade-de-montes-de-salcidos-renova-a-sua-xunta-reitora\/\" title=\"A Comunidade de Montes de Salcidos renova a s\u00faa Xunta Reitora\">[&#8230;]<\/a><\/p>\n<\/div>","protected":false},"author":3,"featured_media":8937,"comment_status":"open","ping_status":"open","sticky":false,"template":"","format":"standard","meta":{"_exactmetrics_skip_tracking":false,"_exactmetrics_sitenote_active":false,"_exactmetrics_sitenote_note":"","_exactmetrics_sitenote_category":0,"footnotes":""},"categories":[266],"tags":[238],"class_list":{"0":"post-8935","1":"post","2":"type-post","3":"status-publish","4":"format-standard","5":"has-post-thumbnail","7":"category-baixo-mino-entrevistas","8":"tag-concello-da-guarda"},"yoast_head":"<!-- This site is optimized with the Yoast SEO plugin v27.4 - https:\/\/yoast.com\/product\/yoast-seo-wordpress\/ -->\n<title>A Comunidade de Montes de Salcidos renova a s\u00faa Xunta Reitora -<\/title>\n<meta name=\"description\" content=\"Salcidos \u00e9 unha parroquia do concello de A Guarda de arredor de 3.000 habitantes, cun territorio que \u00e9 o m\u00e1is grande das tres parroquias do concello: Salcidos, Camposancos e A Guarda\" \/>\n<meta name=\"robots\" content=\"index, follow, max-snippet:-1, max-image-preview:large, max-video-preview:-1\" \/>\n<link rel=\"canonical\" href=\"https:\/\/www.anovapeneira.gal\/index.php\/2023\/01\/20\/a-comunidade-de-montes-de-salcidos-renova-a-sua-xunta-reitora\/\" \/>\n<meta property=\"og:locale\" content=\"gl_ES\" \/>\n<meta property=\"og:type\" content=\"article\" \/>\n<meta property=\"og:title\" content=\"A Comunidade de Montes de Salcidos renova a s\u00faa Xunta Reitora -\" \/>\n<meta property=\"og:description\" content=\"Salcidos \u00e9 unha parroquia do concello de A Guarda de arredor de 3.000 habitantes, cun territorio que \u00e9 o m\u00e1is grande das tres parroquias do concello: Salcidos, Camposancos e A Guarda\" \/>\n<meta property=\"og:url\" content=\"https:\/\/www.anovapeneira.gal\/index.php\/2023\/01\/20\/a-comunidade-de-montes-de-salcidos-renova-a-sua-xunta-reitora\/\" \/>\n<meta property=\"article:publisher\" content=\"https:\/\/www.facebook.com\/anovapeneira\" \/>\n<meta property=\"article:published_time\" content=\"2023-01-20T09:00:52+00:00\" \/>\n<meta property=\"og:image\" content=\"https:\/\/www.anovapeneira.gal\/wp-content\/uploads\/2023\/01\/montes_salcido.jpg\" \/>\n\t<meta property=\"og:image:width\" content=\"720\" \/>\n\t<meta property=\"og:image:height\" content=\"432\" \/>\n\t<meta property=\"og:image:type\" content=\"image\/jpeg\" \/>\n<meta name=\"author\" content=\"Redacci\u00f3n A Nova Peneira\" \/>\n<meta name=\"twitter:card\" content=\"summary_large_image\" \/>\n<meta name=\"twitter:creator\" content=\"@APeneira\" \/>\n<meta name=\"twitter:site\" content=\"@APeneira\" \/>\n<meta name=\"twitter:label1\" content=\"Escrito por\" \/>\n\t<meta name=\"twitter:data1\" content=\"Redacci\u00f3n A Nova Peneira\" \/>\n\t<meta name=\"twitter:label2\" content=\"Tempo de lectura\" \/>\n\t<meta name=\"twitter:data2\" content=\"7 minutos\" \/>\n<script type=\"application\/ld+json\" class=\"yoast-schema-graph\">{\"@context\":\"https:\\\/\\\/schema.org\",\"@graph\":[{\"@type\":\"Article\",\"@id\":\"https:\\\/\\\/www.anovapeneira.gal\\\/index.php\\\/2023\\\/01\\\/20\\\/a-comunidade-de-montes-de-salcidos-renova-a-sua-xunta-reitora\\\/#article\",\"isPartOf\":{\"@id\":\"https:\\\/\\\/www.anovapeneira.gal\\\/index.php\\\/2023\\\/01\\\/20\\\/a-comunidade-de-montes-de-salcidos-renova-a-sua-xunta-reitora\\\/\"},\"author\":{\"name\":\"Redacci\u00f3n A Nova Peneira\",\"@id\":\"https:\\\/\\\/www.anovapeneira.gal\\\/#\\\/schema\\\/person\\\/b93e3f8932e3f8da96334607eb6ac6aa\"},\"headline\":\"A Comunidade de Montes de Salcidos renova a s\u00faa Xunta Reitora\",\"datePublished\":\"2023-01-20T09:00:52+00:00\",\"mainEntityOfPage\":{\"@id\":\"https:\\\/\\\/www.anovapeneira.gal\\\/index.php\\\/2023\\\/01\\\/20\\\/a-comunidade-de-montes-de-salcidos-renova-a-sua-xunta-reitora\\\/\"},\"wordCount\":1227,\"commentCount\":0,\"publisher\":{\"@id\":\"https:\\\/\\\/www.anovapeneira.gal\\\/#organization\"},\"image\":{\"@id\":\"https:\\\/\\\/www.anovapeneira.gal\\\/index.php\\\/2023\\\/01\\\/20\\\/a-comunidade-de-montes-de-salcidos-renova-a-sua-xunta-reitora\\\/#primaryimage\"},\"thumbnailUrl\":\"https:\\\/\\\/www.anovapeneira.gal\\\/wp-content\\\/uploads\\\/2023\\\/01\\\/montes_salcido.jpg\",\"keywords\":[\"Concello da Guarda\"],\"articleSection\":[\"Baixo Mi\u00f1o\"],\"inLanguage\":\"gl-ES\",\"potentialAction\":[{\"@type\":\"CommentAction\",\"name\":\"Comment\",\"target\":[\"https:\\\/\\\/www.anovapeneira.gal\\\/index.php\\\/2023\\\/01\\\/20\\\/a-comunidade-de-montes-de-salcidos-renova-a-sua-xunta-reitora\\\/#respond\"]}]},{\"@type\":\"WebPage\",\"@id\":\"https:\\\/\\\/www.anovapeneira.gal\\\/index.php\\\/2023\\\/01\\\/20\\\/a-comunidade-de-montes-de-salcidos-renova-a-sua-xunta-reitora\\\/\",\"url\":\"https:\\\/\\\/www.anovapeneira.gal\\\/index.php\\\/2023\\\/01\\\/20\\\/a-comunidade-de-montes-de-salcidos-renova-a-sua-xunta-reitora\\\/\",\"name\":\"A Comunidade de Montes de Salcidos renova a s\u00faa Xunta Reitora -\",\"isPartOf\":{\"@id\":\"https:\\\/\\\/www.anovapeneira.gal\\\/#website\"},\"primaryImageOfPage\":{\"@id\":\"https:\\\/\\\/www.anovapeneira.gal\\\/index.php\\\/2023\\\/01\\\/20\\\/a-comunidade-de-montes-de-salcidos-renova-a-sua-xunta-reitora\\\/#primaryimage\"},\"image\":{\"@id\":\"https:\\\/\\\/www.anovapeneira.gal\\\/index.php\\\/2023\\\/01\\\/20\\\/a-comunidade-de-montes-de-salcidos-renova-a-sua-xunta-reitora\\\/#primaryimage\"},\"thumbnailUrl\":\"https:\\\/\\\/www.anovapeneira.gal\\\/wp-content\\\/uploads\\\/2023\\\/01\\\/montes_salcido.jpg\",\"datePublished\":\"2023-01-20T09:00:52+00:00\",\"description\":\"Salcidos \u00e9 unha parroquia do concello de A Guarda de arredor de 3.000 habitantes, cun territorio que \u00e9 o m\u00e1is grande das tres parroquias do concello: Salcidos, Camposancos e A Guarda\",\"breadcrumb\":{\"@id\":\"https:\\\/\\\/www.anovapeneira.gal\\\/index.php\\\/2023\\\/01\\\/20\\\/a-comunidade-de-montes-de-salcidos-renova-a-sua-xunta-reitora\\\/#breadcrumb\"},\"inLanguage\":\"gl-ES\",\"potentialAction\":[{\"@type\":\"ReadAction\",\"target\":[\"https:\\\/\\\/www.anovapeneira.gal\\\/index.php\\\/2023\\\/01\\\/20\\\/a-comunidade-de-montes-de-salcidos-renova-a-sua-xunta-reitora\\\/\"]}]},{\"@type\":\"ImageObject\",\"inLanguage\":\"gl-ES\",\"@id\":\"https:\\\/\\\/www.anovapeneira.gal\\\/index.php\\\/2023\\\/01\\\/20\\\/a-comunidade-de-montes-de-salcidos-renova-a-sua-xunta-reitora\\\/#primaryimage\",\"url\":\"https:\\\/\\\/www.anovapeneira.gal\\\/wp-content\\\/uploads\\\/2023\\\/01\\\/montes_salcido.jpg\",\"contentUrl\":\"https:\\\/\\\/www.anovapeneira.gal\\\/wp-content\\\/uploads\\\/2023\\\/01\\\/montes_salcido.jpg\",\"width\":720,\"height\":432,\"caption\":\"Comunidade de montes Salcido\"},{\"@type\":\"BreadcrumbList\",\"@id\":\"https:\\\/\\\/www.anovapeneira.gal\\\/index.php\\\/2023\\\/01\\\/20\\\/a-comunidade-de-montes-de-salcidos-renova-a-sua-xunta-reitora\\\/#breadcrumb\",\"itemListElement\":[{\"@type\":\"ListItem\",\"position\":1,\"name\":\"Portada\",\"item\":\"https:\\\/\\\/www.anovapeneira.gal\\\/\"},{\"@type\":\"ListItem\",\"position\":2,\"name\":\"A Comunidade de Montes de Salcidos renova a s\u00faa Xunta Reitora\"}]},{\"@type\":\"WebSite\",\"@id\":\"https:\\\/\\\/www.anovapeneira.gal\\\/#website\",\"url\":\"https:\\\/\\\/www.anovapeneira.gal\\\/\",\"name\":\"\",\"description\":\"Xornal galego de informaci\u00f3n xeral Publicaci\u00f3n mensual de novas de Galicia e en especial dos Concellos da sur da provincia de Pontevedra.\",\"publisher\":{\"@id\":\"https:\\\/\\\/www.anovapeneira.gal\\\/#organization\"},\"potentialAction\":[{\"@type\":\"SearchAction\",\"target\":{\"@type\":\"EntryPoint\",\"urlTemplate\":\"https:\\\/\\\/www.anovapeneira.gal\\\/?s={search_term_string}\"},\"query-input\":{\"@type\":\"PropertyValueSpecification\",\"valueRequired\":true,\"valueName\":\"search_term_string\"}}],\"inLanguage\":\"gl-ES\"},{\"@type\":\"Organization\",\"@id\":\"https:\\\/\\\/www.anovapeneira.gal\\\/#organization\",\"name\":\"A Nova Peneira\",\"url\":\"https:\\\/\\\/www.anovapeneira.gal\\\/\",\"logo\":{\"@type\":\"ImageObject\",\"inLanguage\":\"gl-ES\",\"@id\":\"https:\\\/\\\/www.anovapeneira.gal\\\/#\\\/schema\\\/logo\\\/image\\\/\",\"url\":\"http:\\\/\\\/www.anovapeneira.gal\\\/wp-content\\\/uploads\\\/2019\\\/06\\\/logo_a_nova_peneira_portal_web.png\",\"contentUrl\":\"http:\\\/\\\/www.anovapeneira.gal\\\/wp-content\\\/uploads\\\/2019\\\/06\\\/logo_a_nova_peneira_portal_web.png\",\"width\":300,\"height\":100,\"caption\":\"A Nova Peneira\"},\"image\":{\"@id\":\"https:\\\/\\\/www.anovapeneira.gal\\\/#\\\/schema\\\/logo\\\/image\\\/\"},\"sameAs\":[\"https:\\\/\\\/www.facebook.com\\\/anovapeneira\",\"https:\\\/\\\/x.com\\\/APeneira\"]},{\"@type\":\"Person\",\"@id\":\"https:\\\/\\\/www.anovapeneira.gal\\\/#\\\/schema\\\/person\\\/b93e3f8932e3f8da96334607eb6ac6aa\",\"name\":\"Redacci\u00f3n A Nova Peneira\",\"image\":{\"@type\":\"ImageObject\",\"inLanguage\":\"gl-ES\",\"@id\":\"https:\\\/\\\/secure.gravatar.com\\\/avatar\\\/c052a2551a06e23fac63626232eaa90abd78dbcf1700fc46a2b2c89fd27b735f?s=96&d=mm&r=g\",\"url\":\"https:\\\/\\\/secure.gravatar.com\\\/avatar\\\/c052a2551a06e23fac63626232eaa90abd78dbcf1700fc46a2b2c89fd27b735f?s=96&d=mm&r=g\",\"contentUrl\":\"https:\\\/\\\/secure.gravatar.com\\\/avatar\\\/c052a2551a06e23fac63626232eaa90abd78dbcf1700fc46a2b2c89fd27b735f?s=96&d=mm&r=g\",\"caption\":\"Redacci\u00f3n A Nova Peneira\"},\"sameAs\":[\"http:\\\/\\\/www.anovapeneira.gal\\\/\"],\"url\":\"https:\\\/\\\/www.anovapeneira.gal\\\/index.php\\\/author\\\/redactor\\\/\"}]}<\/script>\n<!-- \/ Yoast SEO plugin. -->","yoast_head_json":{"title":"A Comunidade de Montes de Salcidos renova a s\u00faa Xunta Reitora -","description":"Salcidos \u00e9 unha parroquia do concello de A Guarda de arredor de 3.000 habitantes, cun territorio que \u00e9 o m\u00e1is grande das tres parroquias do concello: Salcidos, Camposancos e A Guarda","robots":{"index":"index","follow":"follow","max-snippet":"max-snippet:-1","max-image-preview":"max-image-preview:large","max-video-preview":"max-video-preview:-1"},"canonical":"https:\/\/www.anovapeneira.gal\/index.php\/2023\/01\/20\/a-comunidade-de-montes-de-salcidos-renova-a-sua-xunta-reitora\/","og_locale":"gl_ES","og_type":"article","og_title":"A Comunidade de Montes de Salcidos renova a s\u00faa Xunta Reitora -","og_description":"Salcidos \u00e9 unha parroquia do concello de A Guarda de arredor de 3.000 habitantes, cun territorio que \u00e9 o m\u00e1is grande das tres parroquias do concello: Salcidos, Camposancos e A Guarda","og_url":"https:\/\/www.anovapeneira.gal\/index.php\/2023\/01\/20\/a-comunidade-de-montes-de-salcidos-renova-a-sua-xunta-reitora\/","article_publisher":"https:\/\/www.facebook.com\/anovapeneira","article_published_time":"2023-01-20T09:00:52+00:00","og_image":[{"width":720,"height":432,"url":"https:\/\/www.anovapeneira.gal\/wp-content\/uploads\/2023\/01\/montes_salcido.jpg","type":"image\/jpeg"}],"author":"Redacci\u00f3n A Nova Peneira","twitter_card":"summary_large_image","twitter_creator":"@APeneira","twitter_site":"@APeneira","twitter_misc":{"Escrito por":"Redacci\u00f3n A Nova Peneira","Tempo de lectura":"7 minutos"},"schema":{"@context":"https:\/\/schema.org","@graph":[{"@type":"Article","@id":"https:\/\/www.anovapeneira.gal\/index.php\/2023\/01\/20\/a-comunidade-de-montes-de-salcidos-renova-a-sua-xunta-reitora\/#article","isPartOf":{"@id":"https:\/\/www.anovapeneira.gal\/index.php\/2023\/01\/20\/a-comunidade-de-montes-de-salcidos-renova-a-sua-xunta-reitora\/"},"author":{"name":"Redacci\u00f3n A Nova Peneira","@id":"https:\/\/www.anovapeneira.gal\/#\/schema\/person\/b93e3f8932e3f8da96334607eb6ac6aa"},"headline":"A Comunidade de Montes de Salcidos renova a s\u00faa Xunta Reitora","datePublished":"2023-01-20T09:00:52+00:00","mainEntityOfPage":{"@id":"https:\/\/www.anovapeneira.gal\/index.php\/2023\/01\/20\/a-comunidade-de-montes-de-salcidos-renova-a-sua-xunta-reitora\/"},"wordCount":1227,"commentCount":0,"publisher":{"@id":"https:\/\/www.anovapeneira.gal\/#organization"},"image":{"@id":"https:\/\/www.anovapeneira.gal\/index.php\/2023\/01\/20\/a-comunidade-de-montes-de-salcidos-renova-a-sua-xunta-reitora\/#primaryimage"},"thumbnailUrl":"https:\/\/www.anovapeneira.gal\/wp-content\/uploads\/2023\/01\/montes_salcido.jpg","keywords":["Concello da Guarda"],"articleSection":["Baixo Mi\u00f1o"],"inLanguage":"gl-ES","potentialAction":[{"@type":"CommentAction","name":"Comment","target":["https:\/\/www.anovapeneira.gal\/index.php\/2023\/01\/20\/a-comunidade-de-montes-de-salcidos-renova-a-sua-xunta-reitora\/#respond"]}]},{"@type":"WebPage","@id":"https:\/\/www.anovapeneira.gal\/index.php\/2023\/01\/20\/a-comunidade-de-montes-de-salcidos-renova-a-sua-xunta-reitora\/","url":"https:\/\/www.anovapeneira.gal\/index.php\/2023\/01\/20\/a-comunidade-de-montes-de-salcidos-renova-a-sua-xunta-reitora\/","name":"A Comunidade de Montes de Salcidos renova a s\u00faa Xunta Reitora -","isPartOf":{"@id":"https:\/\/www.anovapeneira.gal\/#website"},"primaryImageOfPage":{"@id":"https:\/\/www.anovapeneira.gal\/index.php\/2023\/01\/20\/a-comunidade-de-montes-de-salcidos-renova-a-sua-xunta-reitora\/#primaryimage"},"image":{"@id":"https:\/\/www.anovapeneira.gal\/index.php\/2023\/01\/20\/a-comunidade-de-montes-de-salcidos-renova-a-sua-xunta-reitora\/#primaryimage"},"thumbnailUrl":"https:\/\/www.anovapeneira.gal\/wp-content\/uploads\/2023\/01\/montes_salcido.jpg","datePublished":"2023-01-20T09:00:52+00:00","description":"Salcidos \u00e9 unha parroquia do concello de A Guarda de arredor de 3.000 habitantes, cun territorio que \u00e9 o m\u00e1is grande das tres parroquias do concello: Salcidos, Camposancos e A Guarda","breadcrumb":{"@id":"https:\/\/www.anovapeneira.gal\/index.php\/2023\/01\/20\/a-comunidade-de-montes-de-salcidos-renova-a-sua-xunta-reitora\/#breadcrumb"},"inLanguage":"gl-ES","potentialAction":[{"@type":"ReadAction","target":["https:\/\/www.anovapeneira.gal\/index.php\/2023\/01\/20\/a-comunidade-de-montes-de-salcidos-renova-a-sua-xunta-reitora\/"]}]},{"@type":"ImageObject","inLanguage":"gl-ES","@id":"https:\/\/www.anovapeneira.gal\/index.php\/2023\/01\/20\/a-comunidade-de-montes-de-salcidos-renova-a-sua-xunta-reitora\/#primaryimage","url":"https:\/\/www.anovapeneira.gal\/wp-content\/uploads\/2023\/01\/montes_salcido.jpg","contentUrl":"https:\/\/www.anovapeneira.gal\/wp-content\/uploads\/2023\/01\/montes_salcido.jpg","width":720,"height":432,"caption":"Comunidade de montes Salcido"},{"@type":"BreadcrumbList","@id":"https:\/\/www.anovapeneira.gal\/index.php\/2023\/01\/20\/a-comunidade-de-montes-de-salcidos-renova-a-sua-xunta-reitora\/#breadcrumb","itemListElement":[{"@type":"ListItem","position":1,"name":"Portada","item":"https:\/\/www.anovapeneira.gal\/"},{"@type":"ListItem","position":2,"name":"A Comunidade de Montes de Salcidos renova a s\u00faa Xunta Reitora"}]},{"@type":"WebSite","@id":"https:\/\/www.anovapeneira.gal\/#website","url":"https:\/\/www.anovapeneira.gal\/","name":"","description":"Xornal galego de informaci\u00f3n xeral Publicaci\u00f3n mensual de novas de Galicia e en especial dos Concellos da sur da provincia de Pontevedra.","publisher":{"@id":"https:\/\/www.anovapeneira.gal\/#organization"},"potentialAction":[{"@type":"SearchAction","target":{"@type":"EntryPoint","urlTemplate":"https:\/\/www.anovapeneira.gal\/?s={search_term_string}"},"query-input":{"@type":"PropertyValueSpecification","valueRequired":true,"valueName":"search_term_string"}}],"inLanguage":"gl-ES"},{"@type":"Organization","@id":"https:\/\/www.anovapeneira.gal\/#organization","name":"A Nova Peneira","url":"https:\/\/www.anovapeneira.gal\/","logo":{"@type":"ImageObject","inLanguage":"gl-ES","@id":"https:\/\/www.anovapeneira.gal\/#\/schema\/logo\/image\/","url":"http:\/\/www.anovapeneira.gal\/wp-content\/uploads\/2019\/06\/logo_a_nova_peneira_portal_web.png","contentUrl":"http:\/\/www.anovapeneira.gal\/wp-content\/uploads\/2019\/06\/logo_a_nova_peneira_portal_web.png","width":300,"height":100,"caption":"A Nova Peneira"},"image":{"@id":"https:\/\/www.anovapeneira.gal\/#\/schema\/logo\/image\/"},"sameAs":["https:\/\/www.facebook.com\/anovapeneira","https:\/\/x.com\/APeneira"]},{"@type":"Person","@id":"https:\/\/www.anovapeneira.gal\/#\/schema\/person\/b93e3f8932e3f8da96334607eb6ac6aa","name":"Redacci\u00f3n A Nova Peneira","image":{"@type":"ImageObject","inLanguage":"gl-ES","@id":"https:\/\/secure.gravatar.com\/avatar\/c052a2551a06e23fac63626232eaa90abd78dbcf1700fc46a2b2c89fd27b735f?s=96&d=mm&r=g","url":"https:\/\/secure.gravatar.com\/avatar\/c052a2551a06e23fac63626232eaa90abd78dbcf1700fc46a2b2c89fd27b735f?s=96&d=mm&r=g","contentUrl":"https:\/\/secure.gravatar.com\/avatar\/c052a2551a06e23fac63626232eaa90abd78dbcf1700fc46a2b2c89fd27b735f?s=96&d=mm&r=g","caption":"Redacci\u00f3n A Nova Peneira"},"sameAs":["http:\/\/www.anovapeneira.gal\/"],"url":"https:\/\/www.anovapeneira.gal\/index.php\/author\/redactor\/"}]}},"jetpack_featured_media_url":"https:\/\/www.anovapeneira.gal\/wp-content\/uploads\/2023\/01\/montes_salcido.jpg","_links":{"self":[{"href":"https:\/\/www.anovapeneira.gal\/index.php\/wp-json\/wp\/v2\/posts\/8935","targetHints":{"allow":["GET"]}}],"collection":[{"href":"https:\/\/www.anovapeneira.gal\/index.php\/wp-json\/wp\/v2\/posts"}],"about":[{"href":"https:\/\/www.anovapeneira.gal\/index.php\/wp-json\/wp\/v2\/types\/post"}],"author":[{"embeddable":true,"href":"https:\/\/www.anovapeneira.gal\/index.php\/wp-json\/wp\/v2\/users\/3"}],"replies":[{"embeddable":true,"href":"https:\/\/www.anovapeneira.gal\/index.php\/wp-json\/wp\/v2\/comments?post=8935"}],"version-history":[{"count":1,"href":"https:\/\/www.anovapeneira.gal\/index.php\/wp-json\/wp\/v2\/posts\/8935\/revisions"}],"predecessor-version":[{"id":8936,"href":"https:\/\/www.anovapeneira.gal\/index.php\/wp-json\/wp\/v2\/posts\/8935\/revisions\/8936"}],"wp:featuredmedia":[{"embeddable":true,"href":"https:\/\/www.anovapeneira.gal\/index.php\/wp-json\/wp\/v2\/media\/8937"}],"wp:attachment":[{"href":"https:\/\/www.anovapeneira.gal\/index.php\/wp-json\/wp\/v2\/media?parent=8935"}],"wp:term":[{"taxonomy":"category","embeddable":true,"href":"https:\/\/www.anovapeneira.gal\/index.php\/wp-json\/wp\/v2\/categories?post=8935"},{"taxonomy":"post_tag","embeddable":true,"href":"https:\/\/www.anovapeneira.gal\/index.php\/wp-json\/wp\/v2\/tags?post=8935"}],"curies":[{"name":"wp","href":"https:\/\/api.w.org\/{rel}","templated":true}]}}