{"id":8938,"date":"2023-01-20T12:00:06","date_gmt":"2023-01-20T11:00:06","guid":{"rendered":"https:\/\/www.anovapeneira.gal\/?p=8938"},"modified":"2023-01-16T12:12:26","modified_gmt":"2023-01-16T11:12:26","slug":"invasion-eolica-en-vigo-para-protestar-contra-a-depredacion-enerxetica","status":"publish","type":"post","link":"https:\/\/www.anovapeneira.gal\/index.php\/2023\/01\/20\/invasion-eolica-en-vigo-para-protestar-contra-a-depredacion-enerxetica\/","title":{"rendered":"Invasi\u00f3n e\u00f3lica en Vigo para protestar contra a depredaci\u00f3n enerx\u00e9tica"},"content":{"rendered":"\n<h2 class=\"wp-block-heading\">A cidade amence este \u2018invadida\u2019 por m\u00e1s de 50 figuras de mu\u00ed\u00f1os de vento en diferentes puntos.<\/h2>\n\n\n\n<p>O obxectivo da acci\u00f3n \u00e9 visibilizar a situaci\u00f3n de depredaci\u00f3n e\u00f3lica que esta sufrindo Galiza.<\/p>\n\n\n\n<p>Hai unha manifestaci\u00f3n convocada para o domingo 22 de xaneiro en Vigo .<\/p>\n\n\n\n<p>A praia de Samil, os parques de Castrelos, Navia, A Gu\u00eda e O Castro, as\u00ed como varios puntos da cidade apareceron este fin de semana a primeira hora da ma\u00f1\u00e1 cubertos con m\u00e1is de 50 figuras de aeroxeradores e\u00f3licos.<\/p>\n\n\n\n<p>A acci\u00f3n foi realizada por activistas de Vigo preocupadas pola problem\u00e1tica que sup\u00f3n a implantaci\u00f3n sen control destes aeroxeradores. Con esta forma de protesta pret\u00e9ndese _\u201cpo\u00f1er de manifesto a grave situaci\u00f3n de depredaci\u00f3n enerx\u00e9tica \u00e1 que se enfronta Galiza\u201d_. A \u201cinvasi\u00f3n e\u00f3lica\u201d afecta especialmente ao rural galego, onde moitas aldeas xa est\u00e1n organizadas contra o espolio. Ocupando espazos de Vigo con estas figuras b\u00fascase achegar esta problem\u00e1tica tam\u00e9n \u00e1 cidade, e as\u00ed xerar sensibilidade e sinerxias para denuncialo e cambiar a situaci\u00f3n.<\/p>\n\n\n\n<p>As aldeas e territorios rurais son os m\u00e1s afectados pola problem\u00e1tica, pero son as cidades onde ten lugar un maior consumo enerx\u00e9tico, e tam\u00e9n onde se debe visibilizar m\u00e1is facilmente o rexeitamento do conxunto da cidadan\u00eda galega ante esta situaci\u00f3n.<\/p>\n\n\n\n<p>Na Galiza hai m\u00e1is e\u00f3licos instalados que na metade do Estado Espa\u00f1ol e est\u00e1 no cuarto lugar dentro do estado en produci\u00f3n de enerx\u00eda renov\u00e1bel. Polo contrario, as comunidades que m\u00e1is consumen est\u00e1n \u00e1 cola en produci\u00f3n de enerx\u00eda el\u00e9ctrica. Por este cami\u00f1o m\u00e1is do 25% da Enerx\u00eda producida na Galiza ir\u00e1 cara f\u00f3ra, estando o 98% desta produci\u00f3n en mans privadas.<\/p>\n\n\n\n<p>En 2019 hab\u00eda 180 parques funcionando. O obxectivo para o decenio 2020-2030 \u00e9 o de asentar m\u00e1is do dobre da potencia instalada at\u00e9 de agora. Ademais, os novos parques proxectados son de dimensi\u00f3ns moito maiores do que os existentes at\u00e9 agora, o que agrava todos os impactos. Por exemplo, na Groba proxect\u00e1ronse mu\u00ed\u00f1os con pas de 81,5 m de lonxitude, cun mastro de 148 m e que dan unha altura total de 229,5 m. Estamos falando de case o dobre de altura dos piares da ponte de Rande, ou tres veces a catedral de Compostela.<\/p>\n\n\n\n<p>A Xunta permite o incumprimento da Lei, aceptando proxectos de parques e\u00f3licos fraccionados de xeito fraudulento. O Tribunal Supremo fixo firme unha sentencia do Tribunal Superior de Xustiza de Galicia onde recolle a existencia de numerosos exemplos de fragmentaci\u00f3n fraudulenta de proxectos de enerx\u00eda e\u00f3lica na Galiza. A Xunta autoriza parques e\u00f3licos que a xustiza declara ilegais.<\/p>\n\n\n\n<p>O impacto deste despregamento de proxectos ser\u00e1 enorme en moitos aspectos. No econ\u00f3mico, veranse afectadas o 11,5% das terras de cultivo e moita superficie forestal. O 19,2% de superficie dos Montes Veci\u00f1ais en Man Com\u00fan ficar\u00edan dentro de pol\u00edgonos industriais. Tam\u00e9n os parques mari\u00f1os afectar\u00edan \u00e1 actividade pesqueira. Todo isto sumado aos impactos na paisaxe, na Rede Natura (as \u00c1reas de Desenvolvemento E\u00f3lico ocupan 107.000 Ha da Rede Natura), sobre o solo, a fauna, o patrimonio cultural ou a vida da poboaci\u00f3n pr\u00f3xima, xa que nalg\u00fans casos quedar\u00edan a escasos 500m das casas, escolas ou espazos p\u00fablicos.<\/p>\n\n\n\n<p>Somos conscientes da emerxencia clim\u00e1tica e da urxencia de cambios que require. Entre eles, a implantaci\u00f3n de enerx\u00edas renovables para cubrir toda a demanda enerx\u00e9tica. A\u00ednda as\u00ed, non podemos permitir que cambien as fontes enerx\u00e9ticas pero non as l\u00f3xicas extractivistas que se agochan tras elas. Non queremos seguir dependendo do oligopolio nin de empresas transnacionais que buscan so o seu lucro econ\u00f3mico. Precisamos un modelo enerx\u00e9tico baseado na eficiencia e produci\u00f3n do necesario, democr\u00e1tico e coa participaci\u00f3n e control por parte da cidadan\u00eda.<\/p>\n\n\n\n<p>O domingo 22 de xaneiro est\u00e1 convocada unha manifestaci\u00f3n contra a depredaci\u00f3n enerx\u00e9tica en Vigo, na que tam\u00e9n queremos animar a participar. A marcha, convocada pola plataforma \u2018Veu polo aire\u2019 ter\u00e1 lugar \u00e1s 12h no cruce de V\u00eda Norte.<\/p>\n","protected":false},"excerpt":{"rendered":"<div class=\"mh-excerpt\"><p>A cidade amence este \u2018invadida\u2019 por m\u00e1s de 50 figuras de mu\u00ed\u00f1os de vento en diferentes puntos <a class=\"mh-excerpt-more\" href=\"https:\/\/www.anovapeneira.gal\/index.php\/2023\/01\/20\/invasion-eolica-en-vigo-para-protestar-contra-a-depredacion-enerxetica\/\" title=\"Invasi\u00f3n e\u00f3lica en Vigo para protestar contra a depredaci\u00f3n enerx\u00e9tica\">[&#8230;]<\/a><\/p>\n<\/div>","protected":false},"author":3,"featured_media":4347,"comment_status":"open","ping_status":"open","sticky":false,"template":"","format":"standard","meta":{"_exactmetrics_skip_tracking":false,"_exactmetrics_sitenote_active":false,"_exactmetrics_sitenote_note":"","_exactmetrics_sitenote_category":0,"footnotes":""},"categories":[19],"tags":[227],"class_list":{"0":"post-8938","1":"post","2":"type-post","3":"status-publish","4":"format-standard","5":"has-post-thumbnail","7":"category-vigo","8":"tag-concello-de-vigo"},"yoast_head":"<!-- This site is optimized with the Yoast SEO plugin v27.4 - https:\/\/yoast.com\/product\/yoast-seo-wordpress\/ -->\n<title>Invasi\u00f3n e\u00f3lica en Vigo para protestar contra a depredaci\u00f3n enerx\u00e9tica -<\/title>\n<meta name=\"description\" content=\"A cidade amence este \u2018invadida\u2019 por m\u00e1s de 50 figuras de mu\u00ed\u00f1os de vento en diferentes puntos\" \/>\n<meta name=\"robots\" content=\"index, follow, max-snippet:-1, max-image-preview:large, max-video-preview:-1\" \/>\n<link rel=\"canonical\" href=\"https:\/\/www.anovapeneira.gal\/index.php\/2023\/01\/20\/invasion-eolica-en-vigo-para-protestar-contra-a-depredacion-enerxetica\/\" \/>\n<meta property=\"og:locale\" content=\"gl_ES\" \/>\n<meta property=\"og:type\" content=\"article\" \/>\n<meta property=\"og:title\" content=\"Invasi\u00f3n e\u00f3lica en Vigo para protestar contra a depredaci\u00f3n enerx\u00e9tica -\" \/>\n<meta property=\"og:description\" content=\"A cidade amence este \u2018invadida\u2019 por m\u00e1s de 50 figuras de mu\u00ed\u00f1os de vento en diferentes puntos\" \/>\n<meta property=\"og:url\" content=\"https:\/\/www.anovapeneira.gal\/index.php\/2023\/01\/20\/invasion-eolica-en-vigo-para-protestar-contra-a-depredacion-enerxetica\/\" \/>\n<meta property=\"article:publisher\" content=\"https:\/\/www.facebook.com\/anovapeneira\" \/>\n<meta property=\"article:published_time\" content=\"2023-01-20T11:00:06+00:00\" \/>\n<meta property=\"og:image\" content=\"https:\/\/www.anovapeneira.gal\/wp-content\/uploads\/2020\/11\/parque_eolico_a_nova_peneira.jpg\" \/>\n\t<meta property=\"og:image:width\" content=\"720\" \/>\n\t<meta property=\"og:image:height\" content=\"432\" \/>\n\t<meta property=\"og:image:type\" content=\"image\/jpeg\" \/>\n<meta name=\"author\" content=\"Redacci\u00f3n A Nova Peneira\" \/>\n<meta name=\"twitter:card\" content=\"summary_large_image\" \/>\n<meta name=\"twitter:creator\" content=\"@APeneira\" \/>\n<meta name=\"twitter:site\" content=\"@APeneira\" \/>\n<meta name=\"twitter:label1\" content=\"Escrito por\" \/>\n\t<meta name=\"twitter:data1\" content=\"Redacci\u00f3n A Nova Peneira\" \/>\n\t<meta name=\"twitter:label2\" content=\"Tempo de lectura\" \/>\n\t<meta name=\"twitter:data2\" content=\"4 minutos\" \/>\n<script type=\"application\/ld+json\" class=\"yoast-schema-graph\">{\"@context\":\"https:\\\/\\\/schema.org\",\"@graph\":[{\"@type\":\"Article\",\"@id\":\"https:\\\/\\\/www.anovapeneira.gal\\\/index.php\\\/2023\\\/01\\\/20\\\/invasion-eolica-en-vigo-para-protestar-contra-a-depredacion-enerxetica\\\/#article\",\"isPartOf\":{\"@id\":\"https:\\\/\\\/www.anovapeneira.gal\\\/index.php\\\/2023\\\/01\\\/20\\\/invasion-eolica-en-vigo-para-protestar-contra-a-depredacion-enerxetica\\\/\"},\"author\":{\"name\":\"Redacci\u00f3n A Nova Peneira\",\"@id\":\"https:\\\/\\\/www.anovapeneira.gal\\\/#\\\/schema\\\/person\\\/b93e3f8932e3f8da96334607eb6ac6aa\"},\"headline\":\"Invasi\u00f3n e\u00f3lica en Vigo para protestar contra a depredaci\u00f3n enerx\u00e9tica\",\"datePublished\":\"2023-01-20T11:00:06+00:00\",\"mainEntityOfPage\":{\"@id\":\"https:\\\/\\\/www.anovapeneira.gal\\\/index.php\\\/2023\\\/01\\\/20\\\/invasion-eolica-en-vigo-para-protestar-contra-a-depredacion-enerxetica\\\/\"},\"wordCount\":723,\"commentCount\":0,\"publisher\":{\"@id\":\"https:\\\/\\\/www.anovapeneira.gal\\\/#organization\"},\"image\":{\"@id\":\"https:\\\/\\\/www.anovapeneira.gal\\\/index.php\\\/2023\\\/01\\\/20\\\/invasion-eolica-en-vigo-para-protestar-contra-a-depredacion-enerxetica\\\/#primaryimage\"},\"thumbnailUrl\":\"https:\\\/\\\/www.anovapeneira.gal\\\/wp-content\\\/uploads\\\/2020\\\/11\\\/parque_eolico_a_nova_peneira.jpg\",\"keywords\":[\"Concello de Vigo\"],\"articleSection\":[\"Vigo\"],\"inLanguage\":\"gl-ES\",\"potentialAction\":[{\"@type\":\"CommentAction\",\"name\":\"Comment\",\"target\":[\"https:\\\/\\\/www.anovapeneira.gal\\\/index.php\\\/2023\\\/01\\\/20\\\/invasion-eolica-en-vigo-para-protestar-contra-a-depredacion-enerxetica\\\/#respond\"]}]},{\"@type\":\"WebPage\",\"@id\":\"https:\\\/\\\/www.anovapeneira.gal\\\/index.php\\\/2023\\\/01\\\/20\\\/invasion-eolica-en-vigo-para-protestar-contra-a-depredacion-enerxetica\\\/\",\"url\":\"https:\\\/\\\/www.anovapeneira.gal\\\/index.php\\\/2023\\\/01\\\/20\\\/invasion-eolica-en-vigo-para-protestar-contra-a-depredacion-enerxetica\\\/\",\"name\":\"Invasi\u00f3n e\u00f3lica en Vigo para protestar contra a depredaci\u00f3n enerx\u00e9tica -\",\"isPartOf\":{\"@id\":\"https:\\\/\\\/www.anovapeneira.gal\\\/#website\"},\"primaryImageOfPage\":{\"@id\":\"https:\\\/\\\/www.anovapeneira.gal\\\/index.php\\\/2023\\\/01\\\/20\\\/invasion-eolica-en-vigo-para-protestar-contra-a-depredacion-enerxetica\\\/#primaryimage\"},\"image\":{\"@id\":\"https:\\\/\\\/www.anovapeneira.gal\\\/index.php\\\/2023\\\/01\\\/20\\\/invasion-eolica-en-vigo-para-protestar-contra-a-depredacion-enerxetica\\\/#primaryimage\"},\"thumbnailUrl\":\"https:\\\/\\\/www.anovapeneira.gal\\\/wp-content\\\/uploads\\\/2020\\\/11\\\/parque_eolico_a_nova_peneira.jpg\",\"datePublished\":\"2023-01-20T11:00:06+00:00\",\"description\":\"A cidade amence este \u2018invadida\u2019 por m\u00e1s de 50 figuras de mu\u00ed\u00f1os de vento en diferentes puntos\",\"breadcrumb\":{\"@id\":\"https:\\\/\\\/www.anovapeneira.gal\\\/index.php\\\/2023\\\/01\\\/20\\\/invasion-eolica-en-vigo-para-protestar-contra-a-depredacion-enerxetica\\\/#breadcrumb\"},\"inLanguage\":\"gl-ES\",\"potentialAction\":[{\"@type\":\"ReadAction\",\"target\":[\"https:\\\/\\\/www.anovapeneira.gal\\\/index.php\\\/2023\\\/01\\\/20\\\/invasion-eolica-en-vigo-para-protestar-contra-a-depredacion-enerxetica\\\/\"]}]},{\"@type\":\"ImageObject\",\"inLanguage\":\"gl-ES\",\"@id\":\"https:\\\/\\\/www.anovapeneira.gal\\\/index.php\\\/2023\\\/01\\\/20\\\/invasion-eolica-en-vigo-para-protestar-contra-a-depredacion-enerxetica\\\/#primaryimage\",\"url\":\"https:\\\/\\\/www.anovapeneira.gal\\\/wp-content\\\/uploads\\\/2020\\\/11\\\/parque_eolico_a_nova_peneira.jpg\",\"contentUrl\":\"https:\\\/\\\/www.anovapeneira.gal\\\/wp-content\\\/uploads\\\/2020\\\/11\\\/parque_eolico_a_nova_peneira.jpg\",\"width\":720,\"height\":432,\"caption\":\"Aldeas con horizonte\"},{\"@type\":\"BreadcrumbList\",\"@id\":\"https:\\\/\\\/www.anovapeneira.gal\\\/index.php\\\/2023\\\/01\\\/20\\\/invasion-eolica-en-vigo-para-protestar-contra-a-depredacion-enerxetica\\\/#breadcrumb\",\"itemListElement\":[{\"@type\":\"ListItem\",\"position\":1,\"name\":\"Portada\",\"item\":\"https:\\\/\\\/www.anovapeneira.gal\\\/\"},{\"@type\":\"ListItem\",\"position\":2,\"name\":\"Invasi\u00f3n e\u00f3lica en Vigo para protestar contra a depredaci\u00f3n enerx\u00e9tica\"}]},{\"@type\":\"WebSite\",\"@id\":\"https:\\\/\\\/www.anovapeneira.gal\\\/#website\",\"url\":\"https:\\\/\\\/www.anovapeneira.gal\\\/\",\"name\":\"\",\"description\":\"Xornal galego de informaci\u00f3n xeral Publicaci\u00f3n mensual de novas de Galicia e en especial dos Concellos da sur da provincia de Pontevedra.\",\"publisher\":{\"@id\":\"https:\\\/\\\/www.anovapeneira.gal\\\/#organization\"},\"potentialAction\":[{\"@type\":\"SearchAction\",\"target\":{\"@type\":\"EntryPoint\",\"urlTemplate\":\"https:\\\/\\\/www.anovapeneira.gal\\\/?s={search_term_string}\"},\"query-input\":{\"@type\":\"PropertyValueSpecification\",\"valueRequired\":true,\"valueName\":\"search_term_string\"}}],\"inLanguage\":\"gl-ES\"},{\"@type\":\"Organization\",\"@id\":\"https:\\\/\\\/www.anovapeneira.gal\\\/#organization\",\"name\":\"A Nova Peneira\",\"url\":\"https:\\\/\\\/www.anovapeneira.gal\\\/\",\"logo\":{\"@type\":\"ImageObject\",\"inLanguage\":\"gl-ES\",\"@id\":\"https:\\\/\\\/www.anovapeneira.gal\\\/#\\\/schema\\\/logo\\\/image\\\/\",\"url\":\"http:\\\/\\\/www.anovapeneira.gal\\\/wp-content\\\/uploads\\\/2019\\\/06\\\/logo_a_nova_peneira_portal_web.png\",\"contentUrl\":\"http:\\\/\\\/www.anovapeneira.gal\\\/wp-content\\\/uploads\\\/2019\\\/06\\\/logo_a_nova_peneira_portal_web.png\",\"width\":300,\"height\":100,\"caption\":\"A Nova Peneira\"},\"image\":{\"@id\":\"https:\\\/\\\/www.anovapeneira.gal\\\/#\\\/schema\\\/logo\\\/image\\\/\"},\"sameAs\":[\"https:\\\/\\\/www.facebook.com\\\/anovapeneira\",\"https:\\\/\\\/x.com\\\/APeneira\"]},{\"@type\":\"Person\",\"@id\":\"https:\\\/\\\/www.anovapeneira.gal\\\/#\\\/schema\\\/person\\\/b93e3f8932e3f8da96334607eb6ac6aa\",\"name\":\"Redacci\u00f3n A Nova Peneira\",\"image\":{\"@type\":\"ImageObject\",\"inLanguage\":\"gl-ES\",\"@id\":\"https:\\\/\\\/secure.gravatar.com\\\/avatar\\\/c052a2551a06e23fac63626232eaa90abd78dbcf1700fc46a2b2c89fd27b735f?s=96&d=mm&r=g\",\"url\":\"https:\\\/\\\/secure.gravatar.com\\\/avatar\\\/c052a2551a06e23fac63626232eaa90abd78dbcf1700fc46a2b2c89fd27b735f?s=96&d=mm&r=g\",\"contentUrl\":\"https:\\\/\\\/secure.gravatar.com\\\/avatar\\\/c052a2551a06e23fac63626232eaa90abd78dbcf1700fc46a2b2c89fd27b735f?s=96&d=mm&r=g\",\"caption\":\"Redacci\u00f3n A Nova Peneira\"},\"sameAs\":[\"http:\\\/\\\/www.anovapeneira.gal\\\/\"],\"url\":\"https:\\\/\\\/www.anovapeneira.gal\\\/index.php\\\/author\\\/redactor\\\/\"}]}<\/script>\n<!-- \/ Yoast SEO plugin. -->","yoast_head_json":{"title":"Invasi\u00f3n e\u00f3lica en Vigo para protestar contra a depredaci\u00f3n enerx\u00e9tica -","description":"A cidade amence este \u2018invadida\u2019 por m\u00e1s de 50 figuras de mu\u00ed\u00f1os de vento en diferentes puntos","robots":{"index":"index","follow":"follow","max-snippet":"max-snippet:-1","max-image-preview":"max-image-preview:large","max-video-preview":"max-video-preview:-1"},"canonical":"https:\/\/www.anovapeneira.gal\/index.php\/2023\/01\/20\/invasion-eolica-en-vigo-para-protestar-contra-a-depredacion-enerxetica\/","og_locale":"gl_ES","og_type":"article","og_title":"Invasi\u00f3n e\u00f3lica en Vigo para protestar contra a depredaci\u00f3n enerx\u00e9tica -","og_description":"A cidade amence este \u2018invadida\u2019 por m\u00e1s de 50 figuras de mu\u00ed\u00f1os de vento en diferentes puntos","og_url":"https:\/\/www.anovapeneira.gal\/index.php\/2023\/01\/20\/invasion-eolica-en-vigo-para-protestar-contra-a-depredacion-enerxetica\/","article_publisher":"https:\/\/www.facebook.com\/anovapeneira","article_published_time":"2023-01-20T11:00:06+00:00","og_image":[{"width":720,"height":432,"url":"https:\/\/www.anovapeneira.gal\/wp-content\/uploads\/2020\/11\/parque_eolico_a_nova_peneira.jpg","type":"image\/jpeg"}],"author":"Redacci\u00f3n A Nova Peneira","twitter_card":"summary_large_image","twitter_creator":"@APeneira","twitter_site":"@APeneira","twitter_misc":{"Escrito por":"Redacci\u00f3n A Nova Peneira","Tempo de lectura":"4 minutos"},"schema":{"@context":"https:\/\/schema.org","@graph":[{"@type":"Article","@id":"https:\/\/www.anovapeneira.gal\/index.php\/2023\/01\/20\/invasion-eolica-en-vigo-para-protestar-contra-a-depredacion-enerxetica\/#article","isPartOf":{"@id":"https:\/\/www.anovapeneira.gal\/index.php\/2023\/01\/20\/invasion-eolica-en-vigo-para-protestar-contra-a-depredacion-enerxetica\/"},"author":{"name":"Redacci\u00f3n A Nova Peneira","@id":"https:\/\/www.anovapeneira.gal\/#\/schema\/person\/b93e3f8932e3f8da96334607eb6ac6aa"},"headline":"Invasi\u00f3n e\u00f3lica en Vigo para protestar contra a depredaci\u00f3n enerx\u00e9tica","datePublished":"2023-01-20T11:00:06+00:00","mainEntityOfPage":{"@id":"https:\/\/www.anovapeneira.gal\/index.php\/2023\/01\/20\/invasion-eolica-en-vigo-para-protestar-contra-a-depredacion-enerxetica\/"},"wordCount":723,"commentCount":0,"publisher":{"@id":"https:\/\/www.anovapeneira.gal\/#organization"},"image":{"@id":"https:\/\/www.anovapeneira.gal\/index.php\/2023\/01\/20\/invasion-eolica-en-vigo-para-protestar-contra-a-depredacion-enerxetica\/#primaryimage"},"thumbnailUrl":"https:\/\/www.anovapeneira.gal\/wp-content\/uploads\/2020\/11\/parque_eolico_a_nova_peneira.jpg","keywords":["Concello de Vigo"],"articleSection":["Vigo"],"inLanguage":"gl-ES","potentialAction":[{"@type":"CommentAction","name":"Comment","target":["https:\/\/www.anovapeneira.gal\/index.php\/2023\/01\/20\/invasion-eolica-en-vigo-para-protestar-contra-a-depredacion-enerxetica\/#respond"]}]},{"@type":"WebPage","@id":"https:\/\/www.anovapeneira.gal\/index.php\/2023\/01\/20\/invasion-eolica-en-vigo-para-protestar-contra-a-depredacion-enerxetica\/","url":"https:\/\/www.anovapeneira.gal\/index.php\/2023\/01\/20\/invasion-eolica-en-vigo-para-protestar-contra-a-depredacion-enerxetica\/","name":"Invasi\u00f3n e\u00f3lica en Vigo para protestar contra a depredaci\u00f3n enerx\u00e9tica -","isPartOf":{"@id":"https:\/\/www.anovapeneira.gal\/#website"},"primaryImageOfPage":{"@id":"https:\/\/www.anovapeneira.gal\/index.php\/2023\/01\/20\/invasion-eolica-en-vigo-para-protestar-contra-a-depredacion-enerxetica\/#primaryimage"},"image":{"@id":"https:\/\/www.anovapeneira.gal\/index.php\/2023\/01\/20\/invasion-eolica-en-vigo-para-protestar-contra-a-depredacion-enerxetica\/#primaryimage"},"thumbnailUrl":"https:\/\/www.anovapeneira.gal\/wp-content\/uploads\/2020\/11\/parque_eolico_a_nova_peneira.jpg","datePublished":"2023-01-20T11:00:06+00:00","description":"A cidade amence este \u2018invadida\u2019 por m\u00e1s de 50 figuras de mu\u00ed\u00f1os de vento en diferentes puntos","breadcrumb":{"@id":"https:\/\/www.anovapeneira.gal\/index.php\/2023\/01\/20\/invasion-eolica-en-vigo-para-protestar-contra-a-depredacion-enerxetica\/#breadcrumb"},"inLanguage":"gl-ES","potentialAction":[{"@type":"ReadAction","target":["https:\/\/www.anovapeneira.gal\/index.php\/2023\/01\/20\/invasion-eolica-en-vigo-para-protestar-contra-a-depredacion-enerxetica\/"]}]},{"@type":"ImageObject","inLanguage":"gl-ES","@id":"https:\/\/www.anovapeneira.gal\/index.php\/2023\/01\/20\/invasion-eolica-en-vigo-para-protestar-contra-a-depredacion-enerxetica\/#primaryimage","url":"https:\/\/www.anovapeneira.gal\/wp-content\/uploads\/2020\/11\/parque_eolico_a_nova_peneira.jpg","contentUrl":"https:\/\/www.anovapeneira.gal\/wp-content\/uploads\/2020\/11\/parque_eolico_a_nova_peneira.jpg","width":720,"height":432,"caption":"Aldeas con horizonte"},{"@type":"BreadcrumbList","@id":"https:\/\/www.anovapeneira.gal\/index.php\/2023\/01\/20\/invasion-eolica-en-vigo-para-protestar-contra-a-depredacion-enerxetica\/#breadcrumb","itemListElement":[{"@type":"ListItem","position":1,"name":"Portada","item":"https:\/\/www.anovapeneira.gal\/"},{"@type":"ListItem","position":2,"name":"Invasi\u00f3n e\u00f3lica en Vigo para protestar contra a depredaci\u00f3n enerx\u00e9tica"}]},{"@type":"WebSite","@id":"https:\/\/www.anovapeneira.gal\/#website","url":"https:\/\/www.anovapeneira.gal\/","name":"","description":"Xornal galego de informaci\u00f3n xeral Publicaci\u00f3n mensual de novas de Galicia e en especial dos Concellos da sur da provincia de Pontevedra.","publisher":{"@id":"https:\/\/www.anovapeneira.gal\/#organization"},"potentialAction":[{"@type":"SearchAction","target":{"@type":"EntryPoint","urlTemplate":"https:\/\/www.anovapeneira.gal\/?s={search_term_string}"},"query-input":{"@type":"PropertyValueSpecification","valueRequired":true,"valueName":"search_term_string"}}],"inLanguage":"gl-ES"},{"@type":"Organization","@id":"https:\/\/www.anovapeneira.gal\/#organization","name":"A Nova Peneira","url":"https:\/\/www.anovapeneira.gal\/","logo":{"@type":"ImageObject","inLanguage":"gl-ES","@id":"https:\/\/www.anovapeneira.gal\/#\/schema\/logo\/image\/","url":"http:\/\/www.anovapeneira.gal\/wp-content\/uploads\/2019\/06\/logo_a_nova_peneira_portal_web.png","contentUrl":"http:\/\/www.anovapeneira.gal\/wp-content\/uploads\/2019\/06\/logo_a_nova_peneira_portal_web.png","width":300,"height":100,"caption":"A Nova Peneira"},"image":{"@id":"https:\/\/www.anovapeneira.gal\/#\/schema\/logo\/image\/"},"sameAs":["https:\/\/www.facebook.com\/anovapeneira","https:\/\/x.com\/APeneira"]},{"@type":"Person","@id":"https:\/\/www.anovapeneira.gal\/#\/schema\/person\/b93e3f8932e3f8da96334607eb6ac6aa","name":"Redacci\u00f3n A Nova Peneira","image":{"@type":"ImageObject","inLanguage":"gl-ES","@id":"https:\/\/secure.gravatar.com\/avatar\/c052a2551a06e23fac63626232eaa90abd78dbcf1700fc46a2b2c89fd27b735f?s=96&d=mm&r=g","url":"https:\/\/secure.gravatar.com\/avatar\/c052a2551a06e23fac63626232eaa90abd78dbcf1700fc46a2b2c89fd27b735f?s=96&d=mm&r=g","contentUrl":"https:\/\/secure.gravatar.com\/avatar\/c052a2551a06e23fac63626232eaa90abd78dbcf1700fc46a2b2c89fd27b735f?s=96&d=mm&r=g","caption":"Redacci\u00f3n A Nova Peneira"},"sameAs":["http:\/\/www.anovapeneira.gal\/"],"url":"https:\/\/www.anovapeneira.gal\/index.php\/author\/redactor\/"}]}},"jetpack_featured_media_url":"https:\/\/www.anovapeneira.gal\/wp-content\/uploads\/2020\/11\/parque_eolico_a_nova_peneira.jpg","_links":{"self":[{"href":"https:\/\/www.anovapeneira.gal\/index.php\/wp-json\/wp\/v2\/posts\/8938","targetHints":{"allow":["GET"]}}],"collection":[{"href":"https:\/\/www.anovapeneira.gal\/index.php\/wp-json\/wp\/v2\/posts"}],"about":[{"href":"https:\/\/www.anovapeneira.gal\/index.php\/wp-json\/wp\/v2\/types\/post"}],"author":[{"embeddable":true,"href":"https:\/\/www.anovapeneira.gal\/index.php\/wp-json\/wp\/v2\/users\/3"}],"replies":[{"embeddable":true,"href":"https:\/\/www.anovapeneira.gal\/index.php\/wp-json\/wp\/v2\/comments?post=8938"}],"version-history":[{"count":1,"href":"https:\/\/www.anovapeneira.gal\/index.php\/wp-json\/wp\/v2\/posts\/8938\/revisions"}],"predecessor-version":[{"id":8939,"href":"https:\/\/www.anovapeneira.gal\/index.php\/wp-json\/wp\/v2\/posts\/8938\/revisions\/8939"}],"wp:featuredmedia":[{"embeddable":true,"href":"https:\/\/www.anovapeneira.gal\/index.php\/wp-json\/wp\/v2\/media\/4347"}],"wp:attachment":[{"href":"https:\/\/www.anovapeneira.gal\/index.php\/wp-json\/wp\/v2\/media?parent=8938"}],"wp:term":[{"taxonomy":"category","embeddable":true,"href":"https:\/\/www.anovapeneira.gal\/index.php\/wp-json\/wp\/v2\/categories?post=8938"},{"taxonomy":"post_tag","embeddable":true,"href":"https:\/\/www.anovapeneira.gal\/index.php\/wp-json\/wp\/v2\/tags?post=8938"}],"curies":[{"name":"wp","href":"https:\/\/api.w.org\/{rel}","templated":true}]}}