{"id":8943,"date":"2023-01-24T10:00:00","date_gmt":"2023-01-24T09:00:00","guid":{"rendered":"https:\/\/www.anovapeneira.gal\/?p=8943"},"modified":"2023-01-19T18:27:24","modified_gmt":"2023-01-19T17:27:24","slug":"a-comunidade-de-montes-de-tameiga-aprobou-este-domingo-en-asemblea-extraordinaria-mercar-os-terreos-particulares-lindeiros-ao-monte-comunal","status":"publish","type":"post","link":"https:\/\/www.anovapeneira.gal\/index.php\/2023\/01\/24\/a-comunidade-de-montes-de-tameiga-aprobou-este-domingo-en-asemblea-extraordinaria-mercar-os-terreos-particulares-lindeiros-ao-monte-comunal\/","title":{"rendered":"A Comunidade de Montes de Tameiga aprobou, este domingo en asemblea extraordinaria, mercar os terreos particulares lindeiros ao monte comunal"},"content":{"rendered":"\n<p>A Comunidade, ademais, ratificou extender a s\u00faa negativa a permutar monte comunal para o novo intento de Mouri\u00f1o de apropiarse de monte veci\u00f1al, o proxecto 360 Sport Galicia.<\/p>\n\n\n\n<p>Este domingo celebrouse unha asemblea extraordinaria da Comunidade de montes de Tameiga. Nun auditorio abarrotado, a veci\u00f1anza comuneira aprobou por unanimidade mercar os terreos particulares lindeiros ao monte comunal de Tameiga. &#8220;Con esta gran operaci\u00f3n de compra a Comunidade de Tameiga satisface a vella aspiraci\u00f3n de ampliar a extensi\u00f3n do monte comunal&#8221;, sinala Cesar Lago, presidente da Comunidade de Montes de Tameiga. A Comunidade destinar\u00e1 un m\u00ednimo de 200.000\u20ac para ampliar a extensi\u00f3n do monte comunal de Tameiga. A comunidade iguala o prezo por m2 que est\u00e1 ofrecendo Mouri\u00f1o e lanza unha oferta de compra efectiva e inmediata, non unha opci\u00f3n de compra a dous anos vista como a que est\u00e1n realizando os promotores do complexo comercial e deportiva. M\u00e1is informaci\u00f3n: C\u00e9sar Lago 667 545 123, presidente da Comunidade de Montes de Tameiga<\/p>\n","protected":false},"excerpt":{"rendered":"<div class=\"mh-excerpt\"><p>A Comunidade, ademais, ratificou extender a s\u00faa negativa a permutar monte comunal para o novo intento de Mouri\u00f1o de apropiarse de monte veci\u00f1al, o proxecto 360 Sport Galicia. <a class=\"mh-excerpt-more\" href=\"https:\/\/www.anovapeneira.gal\/index.php\/2023\/01\/24\/a-comunidade-de-montes-de-tameiga-aprobou-este-domingo-en-asemblea-extraordinaria-mercar-os-terreos-particulares-lindeiros-ao-monte-comunal\/\" title=\"A Comunidade de Montes de Tameiga aprobou, este domingo en asemblea extraordinaria, mercar os terreos particulares lindeiros ao monte comunal\">[&#8230;]<\/a><\/p>\n<\/div>","protected":false},"author":3,"featured_media":8945,"comment_status":"open","ping_status":"open","sticky":false,"template":"","format":"standard","meta":{"_exactmetrics_skip_tracking":false,"_exactmetrics_sitenote_active":false,"_exactmetrics_sitenote_note":"","_exactmetrics_sitenote_category":0,"footnotes":""},"categories":[23],"tags":[218],"class_list":{"0":"post-8943","1":"post","2":"type-post","3":"status-publish","4":"format-standard","5":"has-post-thumbnail","7":"category-a-lourina","8":"tag-concello-de-mos"},"yoast_head":"<!-- This site is optimized with the Yoast SEO plugin v27.4 - https:\/\/yoast.com\/product\/yoast-seo-wordpress\/ -->\n<title>A Comunidade de Montes de Tameiga aprobou, este domingo en asemblea extraordinaria, mercar os terreos particulares lindeiros ao monte comunal -<\/title>\n<meta name=\"description\" content=\"A Comunidade, ademais, ratificou extender a s\u00faa negativa a permutar monte comunal para o novo intento de Mouri\u00f1o de apropiarse de monte veci\u00f1al, o proxecto 360 Sport Galicia.\" \/>\n<meta name=\"robots\" content=\"index, follow, max-snippet:-1, max-image-preview:large, max-video-preview:-1\" \/>\n<link rel=\"canonical\" href=\"https:\/\/www.anovapeneira.gal\/index.php\/2023\/01\/24\/a-comunidade-de-montes-de-tameiga-aprobou-este-domingo-en-asemblea-extraordinaria-mercar-os-terreos-particulares-lindeiros-ao-monte-comunal\/\" \/>\n<meta property=\"og:locale\" content=\"gl_ES\" \/>\n<meta property=\"og:type\" content=\"article\" \/>\n<meta property=\"og:title\" content=\"A Comunidade de Montes de Tameiga aprobou, este domingo en asemblea extraordinaria, mercar os terreos particulares lindeiros ao monte comunal -\" \/>\n<meta property=\"og:description\" content=\"A Comunidade, ademais, ratificou extender a s\u00faa negativa a permutar monte comunal para o novo intento de Mouri\u00f1o de apropiarse de monte veci\u00f1al, o proxecto 360 Sport Galicia.\" \/>\n<meta property=\"og:url\" content=\"https:\/\/www.anovapeneira.gal\/index.php\/2023\/01\/24\/a-comunidade-de-montes-de-tameiga-aprobou-este-domingo-en-asemblea-extraordinaria-mercar-os-terreos-particulares-lindeiros-ao-monte-comunal\/\" \/>\n<meta property=\"article:publisher\" content=\"https:\/\/www.facebook.com\/anovapeneira\" \/>\n<meta property=\"article:published_time\" content=\"2023-01-24T09:00:00+00:00\" \/>\n<meta property=\"og:image\" content=\"https:\/\/www.anovapeneira.gal\/wp-content\/uploads\/2023\/01\/montes_tameiga.jpg\" \/>\n\t<meta property=\"og:image:width\" content=\"720\" \/>\n\t<meta property=\"og:image:height\" content=\"432\" \/>\n\t<meta property=\"og:image:type\" content=\"image\/jpeg\" \/>\n<meta name=\"author\" content=\"Redacci\u00f3n A Nova Peneira\" \/>\n<meta name=\"twitter:card\" content=\"summary_large_image\" \/>\n<meta name=\"twitter:creator\" content=\"@APeneira\" \/>\n<meta name=\"twitter:site\" content=\"@APeneira\" \/>\n<meta name=\"twitter:label1\" content=\"Escrito por\" \/>\n\t<meta name=\"twitter:data1\" content=\"Redacci\u00f3n A Nova Peneira\" \/>\n\t<meta name=\"twitter:label2\" content=\"Tempo de lectura\" \/>\n\t<meta name=\"twitter:data2\" content=\"1 minuto\" \/>\n<script type=\"application\/ld+json\" class=\"yoast-schema-graph\">{\"@context\":\"https:\\\/\\\/schema.org\",\"@graph\":[{\"@type\":\"Article\",\"@id\":\"https:\\\/\\\/www.anovapeneira.gal\\\/index.php\\\/2023\\\/01\\\/24\\\/a-comunidade-de-montes-de-tameiga-aprobou-este-domingo-en-asemblea-extraordinaria-mercar-os-terreos-particulares-lindeiros-ao-monte-comunal\\\/#article\",\"isPartOf\":{\"@id\":\"https:\\\/\\\/www.anovapeneira.gal\\\/index.php\\\/2023\\\/01\\\/24\\\/a-comunidade-de-montes-de-tameiga-aprobou-este-domingo-en-asemblea-extraordinaria-mercar-os-terreos-particulares-lindeiros-ao-monte-comunal\\\/\"},\"author\":{\"name\":\"Redacci\u00f3n A Nova Peneira\",\"@id\":\"https:\\\/\\\/www.anovapeneira.gal\\\/#\\\/schema\\\/person\\\/b93e3f8932e3f8da96334607eb6ac6aa\"},\"headline\":\"A Comunidade de Montes de Tameiga aprobou, este domingo en asemblea extraordinaria, mercar os terreos particulares lindeiros ao monte comunal\",\"datePublished\":\"2023-01-24T09:00:00+00:00\",\"mainEntityOfPage\":{\"@id\":\"https:\\\/\\\/www.anovapeneira.gal\\\/index.php\\\/2023\\\/01\\\/24\\\/a-comunidade-de-montes-de-tameiga-aprobou-este-domingo-en-asemblea-extraordinaria-mercar-os-terreos-particulares-lindeiros-ao-monte-comunal\\\/\"},\"wordCount\":191,\"commentCount\":0,\"publisher\":{\"@id\":\"https:\\\/\\\/www.anovapeneira.gal\\\/#organization\"},\"image\":{\"@id\":\"https:\\\/\\\/www.anovapeneira.gal\\\/index.php\\\/2023\\\/01\\\/24\\\/a-comunidade-de-montes-de-tameiga-aprobou-este-domingo-en-asemblea-extraordinaria-mercar-os-terreos-particulares-lindeiros-ao-monte-comunal\\\/#primaryimage\"},\"thumbnailUrl\":\"https:\\\/\\\/www.anovapeneira.gal\\\/wp-content\\\/uploads\\\/2023\\\/01\\\/montes_tameiga.jpg\",\"keywords\":[\"Concello de Mos\"],\"articleSection\":[\"A Louri\u00f1a\"],\"inLanguage\":\"gl-ES\",\"potentialAction\":[{\"@type\":\"CommentAction\",\"name\":\"Comment\",\"target\":[\"https:\\\/\\\/www.anovapeneira.gal\\\/index.php\\\/2023\\\/01\\\/24\\\/a-comunidade-de-montes-de-tameiga-aprobou-este-domingo-en-asemblea-extraordinaria-mercar-os-terreos-particulares-lindeiros-ao-monte-comunal\\\/#respond\"]}]},{\"@type\":\"WebPage\",\"@id\":\"https:\\\/\\\/www.anovapeneira.gal\\\/index.php\\\/2023\\\/01\\\/24\\\/a-comunidade-de-montes-de-tameiga-aprobou-este-domingo-en-asemblea-extraordinaria-mercar-os-terreos-particulares-lindeiros-ao-monte-comunal\\\/\",\"url\":\"https:\\\/\\\/www.anovapeneira.gal\\\/index.php\\\/2023\\\/01\\\/24\\\/a-comunidade-de-montes-de-tameiga-aprobou-este-domingo-en-asemblea-extraordinaria-mercar-os-terreos-particulares-lindeiros-ao-monte-comunal\\\/\",\"name\":\"A Comunidade de Montes de Tameiga aprobou, este domingo en asemblea extraordinaria, mercar os terreos particulares lindeiros ao monte comunal -\",\"isPartOf\":{\"@id\":\"https:\\\/\\\/www.anovapeneira.gal\\\/#website\"},\"primaryImageOfPage\":{\"@id\":\"https:\\\/\\\/www.anovapeneira.gal\\\/index.php\\\/2023\\\/01\\\/24\\\/a-comunidade-de-montes-de-tameiga-aprobou-este-domingo-en-asemblea-extraordinaria-mercar-os-terreos-particulares-lindeiros-ao-monte-comunal\\\/#primaryimage\"},\"image\":{\"@id\":\"https:\\\/\\\/www.anovapeneira.gal\\\/index.php\\\/2023\\\/01\\\/24\\\/a-comunidade-de-montes-de-tameiga-aprobou-este-domingo-en-asemblea-extraordinaria-mercar-os-terreos-particulares-lindeiros-ao-monte-comunal\\\/#primaryimage\"},\"thumbnailUrl\":\"https:\\\/\\\/www.anovapeneira.gal\\\/wp-content\\\/uploads\\\/2023\\\/01\\\/montes_tameiga.jpg\",\"datePublished\":\"2023-01-24T09:00:00+00:00\",\"description\":\"A Comunidade, ademais, ratificou extender a s\u00faa negativa a permutar monte comunal para o novo intento de Mouri\u00f1o de apropiarse de monte veci\u00f1al, o proxecto 360 Sport Galicia.\",\"breadcrumb\":{\"@id\":\"https:\\\/\\\/www.anovapeneira.gal\\\/index.php\\\/2023\\\/01\\\/24\\\/a-comunidade-de-montes-de-tameiga-aprobou-este-domingo-en-asemblea-extraordinaria-mercar-os-terreos-particulares-lindeiros-ao-monte-comunal\\\/#breadcrumb\"},\"inLanguage\":\"gl-ES\",\"potentialAction\":[{\"@type\":\"ReadAction\",\"target\":[\"https:\\\/\\\/www.anovapeneira.gal\\\/index.php\\\/2023\\\/01\\\/24\\\/a-comunidade-de-montes-de-tameiga-aprobou-este-domingo-en-asemblea-extraordinaria-mercar-os-terreos-particulares-lindeiros-ao-monte-comunal\\\/\"]}]},{\"@type\":\"ImageObject\",\"inLanguage\":\"gl-ES\",\"@id\":\"https:\\\/\\\/www.anovapeneira.gal\\\/index.php\\\/2023\\\/01\\\/24\\\/a-comunidade-de-montes-de-tameiga-aprobou-este-domingo-en-asemblea-extraordinaria-mercar-os-terreos-particulares-lindeiros-ao-monte-comunal\\\/#primaryimage\",\"url\":\"https:\\\/\\\/www.anovapeneira.gal\\\/wp-content\\\/uploads\\\/2023\\\/01\\\/montes_tameiga.jpg\",\"contentUrl\":\"https:\\\/\\\/www.anovapeneira.gal\\\/wp-content\\\/uploads\\\/2023\\\/01\\\/montes_tameiga.jpg\",\"width\":720,\"height\":432,\"caption\":\"A Comunidade de Montes de Tameiga\"},{\"@type\":\"BreadcrumbList\",\"@id\":\"https:\\\/\\\/www.anovapeneira.gal\\\/index.php\\\/2023\\\/01\\\/24\\\/a-comunidade-de-montes-de-tameiga-aprobou-este-domingo-en-asemblea-extraordinaria-mercar-os-terreos-particulares-lindeiros-ao-monte-comunal\\\/#breadcrumb\",\"itemListElement\":[{\"@type\":\"ListItem\",\"position\":1,\"name\":\"Portada\",\"item\":\"https:\\\/\\\/www.anovapeneira.gal\\\/\"},{\"@type\":\"ListItem\",\"position\":2,\"name\":\"A Comunidade de Montes de Tameiga aprobou, este domingo en asemblea extraordinaria, mercar os terreos particulares lindeiros ao monte comunal\"}]},{\"@type\":\"WebSite\",\"@id\":\"https:\\\/\\\/www.anovapeneira.gal\\\/#website\",\"url\":\"https:\\\/\\\/www.anovapeneira.gal\\\/\",\"name\":\"\",\"description\":\"Xornal galego de informaci\u00f3n xeral Publicaci\u00f3n mensual de novas de Galicia e en especial dos Concellos da sur da provincia de Pontevedra.\",\"publisher\":{\"@id\":\"https:\\\/\\\/www.anovapeneira.gal\\\/#organization\"},\"potentialAction\":[{\"@type\":\"SearchAction\",\"target\":{\"@type\":\"EntryPoint\",\"urlTemplate\":\"https:\\\/\\\/www.anovapeneira.gal\\\/?s={search_term_string}\"},\"query-input\":{\"@type\":\"PropertyValueSpecification\",\"valueRequired\":true,\"valueName\":\"search_term_string\"}}],\"inLanguage\":\"gl-ES\"},{\"@type\":\"Organization\",\"@id\":\"https:\\\/\\\/www.anovapeneira.gal\\\/#organization\",\"name\":\"A Nova Peneira\",\"url\":\"https:\\\/\\\/www.anovapeneira.gal\\\/\",\"logo\":{\"@type\":\"ImageObject\",\"inLanguage\":\"gl-ES\",\"@id\":\"https:\\\/\\\/www.anovapeneira.gal\\\/#\\\/schema\\\/logo\\\/image\\\/\",\"url\":\"http:\\\/\\\/www.anovapeneira.gal\\\/wp-content\\\/uploads\\\/2019\\\/06\\\/logo_a_nova_peneira_portal_web.png\",\"contentUrl\":\"http:\\\/\\\/www.anovapeneira.gal\\\/wp-content\\\/uploads\\\/2019\\\/06\\\/logo_a_nova_peneira_portal_web.png\",\"width\":300,\"height\":100,\"caption\":\"A Nova Peneira\"},\"image\":{\"@id\":\"https:\\\/\\\/www.anovapeneira.gal\\\/#\\\/schema\\\/logo\\\/image\\\/\"},\"sameAs\":[\"https:\\\/\\\/www.facebook.com\\\/anovapeneira\",\"https:\\\/\\\/x.com\\\/APeneira\"]},{\"@type\":\"Person\",\"@id\":\"https:\\\/\\\/www.anovapeneira.gal\\\/#\\\/schema\\\/person\\\/b93e3f8932e3f8da96334607eb6ac6aa\",\"name\":\"Redacci\u00f3n A Nova Peneira\",\"image\":{\"@type\":\"ImageObject\",\"inLanguage\":\"gl-ES\",\"@id\":\"https:\\\/\\\/secure.gravatar.com\\\/avatar\\\/c052a2551a06e23fac63626232eaa90abd78dbcf1700fc46a2b2c89fd27b735f?s=96&d=mm&r=g\",\"url\":\"https:\\\/\\\/secure.gravatar.com\\\/avatar\\\/c052a2551a06e23fac63626232eaa90abd78dbcf1700fc46a2b2c89fd27b735f?s=96&d=mm&r=g\",\"contentUrl\":\"https:\\\/\\\/secure.gravatar.com\\\/avatar\\\/c052a2551a06e23fac63626232eaa90abd78dbcf1700fc46a2b2c89fd27b735f?s=96&d=mm&r=g\",\"caption\":\"Redacci\u00f3n A Nova Peneira\"},\"sameAs\":[\"http:\\\/\\\/www.anovapeneira.gal\\\/\"],\"url\":\"https:\\\/\\\/www.anovapeneira.gal\\\/index.php\\\/author\\\/redactor\\\/\"}]}<\/script>\n<!-- \/ Yoast SEO plugin. -->","yoast_head_json":{"title":"A Comunidade de Montes de Tameiga aprobou, este domingo en asemblea extraordinaria, mercar os terreos particulares lindeiros ao monte comunal -","description":"A Comunidade, ademais, ratificou extender a s\u00faa negativa a permutar monte comunal para o novo intento de Mouri\u00f1o de apropiarse de monte veci\u00f1al, o proxecto 360 Sport Galicia.","robots":{"index":"index","follow":"follow","max-snippet":"max-snippet:-1","max-image-preview":"max-image-preview:large","max-video-preview":"max-video-preview:-1"},"canonical":"https:\/\/www.anovapeneira.gal\/index.php\/2023\/01\/24\/a-comunidade-de-montes-de-tameiga-aprobou-este-domingo-en-asemblea-extraordinaria-mercar-os-terreos-particulares-lindeiros-ao-monte-comunal\/","og_locale":"gl_ES","og_type":"article","og_title":"A Comunidade de Montes de Tameiga aprobou, este domingo en asemblea extraordinaria, mercar os terreos particulares lindeiros ao monte comunal -","og_description":"A Comunidade, ademais, ratificou extender a s\u00faa negativa a permutar monte comunal para o novo intento de Mouri\u00f1o de apropiarse de monte veci\u00f1al, o proxecto 360 Sport Galicia.","og_url":"https:\/\/www.anovapeneira.gal\/index.php\/2023\/01\/24\/a-comunidade-de-montes-de-tameiga-aprobou-este-domingo-en-asemblea-extraordinaria-mercar-os-terreos-particulares-lindeiros-ao-monte-comunal\/","article_publisher":"https:\/\/www.facebook.com\/anovapeneira","article_published_time":"2023-01-24T09:00:00+00:00","og_image":[{"width":720,"height":432,"url":"https:\/\/www.anovapeneira.gal\/wp-content\/uploads\/2023\/01\/montes_tameiga.jpg","type":"image\/jpeg"}],"author":"Redacci\u00f3n A Nova Peneira","twitter_card":"summary_large_image","twitter_creator":"@APeneira","twitter_site":"@APeneira","twitter_misc":{"Escrito por":"Redacci\u00f3n A Nova Peneira","Tempo de lectura":"1 minuto"},"schema":{"@context":"https:\/\/schema.org","@graph":[{"@type":"Article","@id":"https:\/\/www.anovapeneira.gal\/index.php\/2023\/01\/24\/a-comunidade-de-montes-de-tameiga-aprobou-este-domingo-en-asemblea-extraordinaria-mercar-os-terreos-particulares-lindeiros-ao-monte-comunal\/#article","isPartOf":{"@id":"https:\/\/www.anovapeneira.gal\/index.php\/2023\/01\/24\/a-comunidade-de-montes-de-tameiga-aprobou-este-domingo-en-asemblea-extraordinaria-mercar-os-terreos-particulares-lindeiros-ao-monte-comunal\/"},"author":{"name":"Redacci\u00f3n A Nova Peneira","@id":"https:\/\/www.anovapeneira.gal\/#\/schema\/person\/b93e3f8932e3f8da96334607eb6ac6aa"},"headline":"A Comunidade de Montes de Tameiga aprobou, este domingo en asemblea extraordinaria, mercar os terreos particulares lindeiros ao monte comunal","datePublished":"2023-01-24T09:00:00+00:00","mainEntityOfPage":{"@id":"https:\/\/www.anovapeneira.gal\/index.php\/2023\/01\/24\/a-comunidade-de-montes-de-tameiga-aprobou-este-domingo-en-asemblea-extraordinaria-mercar-os-terreos-particulares-lindeiros-ao-monte-comunal\/"},"wordCount":191,"commentCount":0,"publisher":{"@id":"https:\/\/www.anovapeneira.gal\/#organization"},"image":{"@id":"https:\/\/www.anovapeneira.gal\/index.php\/2023\/01\/24\/a-comunidade-de-montes-de-tameiga-aprobou-este-domingo-en-asemblea-extraordinaria-mercar-os-terreos-particulares-lindeiros-ao-monte-comunal\/#primaryimage"},"thumbnailUrl":"https:\/\/www.anovapeneira.gal\/wp-content\/uploads\/2023\/01\/montes_tameiga.jpg","keywords":["Concello de Mos"],"articleSection":["A Louri\u00f1a"],"inLanguage":"gl-ES","potentialAction":[{"@type":"CommentAction","name":"Comment","target":["https:\/\/www.anovapeneira.gal\/index.php\/2023\/01\/24\/a-comunidade-de-montes-de-tameiga-aprobou-este-domingo-en-asemblea-extraordinaria-mercar-os-terreos-particulares-lindeiros-ao-monte-comunal\/#respond"]}]},{"@type":"WebPage","@id":"https:\/\/www.anovapeneira.gal\/index.php\/2023\/01\/24\/a-comunidade-de-montes-de-tameiga-aprobou-este-domingo-en-asemblea-extraordinaria-mercar-os-terreos-particulares-lindeiros-ao-monte-comunal\/","url":"https:\/\/www.anovapeneira.gal\/index.php\/2023\/01\/24\/a-comunidade-de-montes-de-tameiga-aprobou-este-domingo-en-asemblea-extraordinaria-mercar-os-terreos-particulares-lindeiros-ao-monte-comunal\/","name":"A Comunidade de Montes de Tameiga aprobou, este domingo en asemblea extraordinaria, mercar os terreos particulares lindeiros ao monte comunal -","isPartOf":{"@id":"https:\/\/www.anovapeneira.gal\/#website"},"primaryImageOfPage":{"@id":"https:\/\/www.anovapeneira.gal\/index.php\/2023\/01\/24\/a-comunidade-de-montes-de-tameiga-aprobou-este-domingo-en-asemblea-extraordinaria-mercar-os-terreos-particulares-lindeiros-ao-monte-comunal\/#primaryimage"},"image":{"@id":"https:\/\/www.anovapeneira.gal\/index.php\/2023\/01\/24\/a-comunidade-de-montes-de-tameiga-aprobou-este-domingo-en-asemblea-extraordinaria-mercar-os-terreos-particulares-lindeiros-ao-monte-comunal\/#primaryimage"},"thumbnailUrl":"https:\/\/www.anovapeneira.gal\/wp-content\/uploads\/2023\/01\/montes_tameiga.jpg","datePublished":"2023-01-24T09:00:00+00:00","description":"A Comunidade, ademais, ratificou extender a s\u00faa negativa a permutar monte comunal para o novo intento de Mouri\u00f1o de apropiarse de monte veci\u00f1al, o proxecto 360 Sport Galicia.","breadcrumb":{"@id":"https:\/\/www.anovapeneira.gal\/index.php\/2023\/01\/24\/a-comunidade-de-montes-de-tameiga-aprobou-este-domingo-en-asemblea-extraordinaria-mercar-os-terreos-particulares-lindeiros-ao-monte-comunal\/#breadcrumb"},"inLanguage":"gl-ES","potentialAction":[{"@type":"ReadAction","target":["https:\/\/www.anovapeneira.gal\/index.php\/2023\/01\/24\/a-comunidade-de-montes-de-tameiga-aprobou-este-domingo-en-asemblea-extraordinaria-mercar-os-terreos-particulares-lindeiros-ao-monte-comunal\/"]}]},{"@type":"ImageObject","inLanguage":"gl-ES","@id":"https:\/\/www.anovapeneira.gal\/index.php\/2023\/01\/24\/a-comunidade-de-montes-de-tameiga-aprobou-este-domingo-en-asemblea-extraordinaria-mercar-os-terreos-particulares-lindeiros-ao-monte-comunal\/#primaryimage","url":"https:\/\/www.anovapeneira.gal\/wp-content\/uploads\/2023\/01\/montes_tameiga.jpg","contentUrl":"https:\/\/www.anovapeneira.gal\/wp-content\/uploads\/2023\/01\/montes_tameiga.jpg","width":720,"height":432,"caption":"A Comunidade de Montes de Tameiga"},{"@type":"BreadcrumbList","@id":"https:\/\/www.anovapeneira.gal\/index.php\/2023\/01\/24\/a-comunidade-de-montes-de-tameiga-aprobou-este-domingo-en-asemblea-extraordinaria-mercar-os-terreos-particulares-lindeiros-ao-monte-comunal\/#breadcrumb","itemListElement":[{"@type":"ListItem","position":1,"name":"Portada","item":"https:\/\/www.anovapeneira.gal\/"},{"@type":"ListItem","position":2,"name":"A Comunidade de Montes de Tameiga aprobou, este domingo en asemblea extraordinaria, mercar os terreos particulares lindeiros ao monte comunal"}]},{"@type":"WebSite","@id":"https:\/\/www.anovapeneira.gal\/#website","url":"https:\/\/www.anovapeneira.gal\/","name":"","description":"Xornal galego de informaci\u00f3n xeral Publicaci\u00f3n mensual de novas de Galicia e en especial dos Concellos da sur da provincia de Pontevedra.","publisher":{"@id":"https:\/\/www.anovapeneira.gal\/#organization"},"potentialAction":[{"@type":"SearchAction","target":{"@type":"EntryPoint","urlTemplate":"https:\/\/www.anovapeneira.gal\/?s={search_term_string}"},"query-input":{"@type":"PropertyValueSpecification","valueRequired":true,"valueName":"search_term_string"}}],"inLanguage":"gl-ES"},{"@type":"Organization","@id":"https:\/\/www.anovapeneira.gal\/#organization","name":"A Nova Peneira","url":"https:\/\/www.anovapeneira.gal\/","logo":{"@type":"ImageObject","inLanguage":"gl-ES","@id":"https:\/\/www.anovapeneira.gal\/#\/schema\/logo\/image\/","url":"http:\/\/www.anovapeneira.gal\/wp-content\/uploads\/2019\/06\/logo_a_nova_peneira_portal_web.png","contentUrl":"http:\/\/www.anovapeneira.gal\/wp-content\/uploads\/2019\/06\/logo_a_nova_peneira_portal_web.png","width":300,"height":100,"caption":"A Nova Peneira"},"image":{"@id":"https:\/\/www.anovapeneira.gal\/#\/schema\/logo\/image\/"},"sameAs":["https:\/\/www.facebook.com\/anovapeneira","https:\/\/x.com\/APeneira"]},{"@type":"Person","@id":"https:\/\/www.anovapeneira.gal\/#\/schema\/person\/b93e3f8932e3f8da96334607eb6ac6aa","name":"Redacci\u00f3n A Nova Peneira","image":{"@type":"ImageObject","inLanguage":"gl-ES","@id":"https:\/\/secure.gravatar.com\/avatar\/c052a2551a06e23fac63626232eaa90abd78dbcf1700fc46a2b2c89fd27b735f?s=96&d=mm&r=g","url":"https:\/\/secure.gravatar.com\/avatar\/c052a2551a06e23fac63626232eaa90abd78dbcf1700fc46a2b2c89fd27b735f?s=96&d=mm&r=g","contentUrl":"https:\/\/secure.gravatar.com\/avatar\/c052a2551a06e23fac63626232eaa90abd78dbcf1700fc46a2b2c89fd27b735f?s=96&d=mm&r=g","caption":"Redacci\u00f3n A Nova Peneira"},"sameAs":["http:\/\/www.anovapeneira.gal\/"],"url":"https:\/\/www.anovapeneira.gal\/index.php\/author\/redactor\/"}]}},"jetpack_featured_media_url":"https:\/\/www.anovapeneira.gal\/wp-content\/uploads\/2023\/01\/montes_tameiga.jpg","_links":{"self":[{"href":"https:\/\/www.anovapeneira.gal\/index.php\/wp-json\/wp\/v2\/posts\/8943","targetHints":{"allow":["GET"]}}],"collection":[{"href":"https:\/\/www.anovapeneira.gal\/index.php\/wp-json\/wp\/v2\/posts"}],"about":[{"href":"https:\/\/www.anovapeneira.gal\/index.php\/wp-json\/wp\/v2\/types\/post"}],"author":[{"embeddable":true,"href":"https:\/\/www.anovapeneira.gal\/index.php\/wp-json\/wp\/v2\/users\/3"}],"replies":[{"embeddable":true,"href":"https:\/\/www.anovapeneira.gal\/index.php\/wp-json\/wp\/v2\/comments?post=8943"}],"version-history":[{"count":1,"href":"https:\/\/www.anovapeneira.gal\/index.php\/wp-json\/wp\/v2\/posts\/8943\/revisions"}],"predecessor-version":[{"id":8944,"href":"https:\/\/www.anovapeneira.gal\/index.php\/wp-json\/wp\/v2\/posts\/8943\/revisions\/8944"}],"wp:featuredmedia":[{"embeddable":true,"href":"https:\/\/www.anovapeneira.gal\/index.php\/wp-json\/wp\/v2\/media\/8945"}],"wp:attachment":[{"href":"https:\/\/www.anovapeneira.gal\/index.php\/wp-json\/wp\/v2\/media?parent=8943"}],"wp:term":[{"taxonomy":"category","embeddable":true,"href":"https:\/\/www.anovapeneira.gal\/index.php\/wp-json\/wp\/v2\/categories?post=8943"},{"taxonomy":"post_tag","embeddable":true,"href":"https:\/\/www.anovapeneira.gal\/index.php\/wp-json\/wp\/v2\/tags?post=8943"}],"curies":[{"name":"wp","href":"https:\/\/api.w.org\/{rel}","templated":true}]}}