{"id":8946,"date":"2023-01-23T12:00:46","date_gmt":"2023-01-23T11:00:46","guid":{"rendered":"https:\/\/www.anovapeneira.gal\/?p=8946"},"modified":"2023-01-19T13:52:10","modified_gmt":"2023-01-19T12:52:10","slug":"hadrian-bautista-responsable-comarcal-do-bng-no-condado-paradanta","status":"publish","type":"post","link":"https:\/\/www.anovapeneira.gal\/index.php\/2023\/01\/23\/hadrian-bautista-responsable-comarcal-do-bng-no-condado-paradanta\/","title":{"rendered":"Hadri\u00e1n Bautista responsable comarcal do BNG no Condado Paradanta"},"content":{"rendered":"\n<p>Desde o pasado mes de novembro Hadri\u00e1n \u00e9 o novo responsable comarcal do BNG no Condado Paradanta. Mauro Chivite, o anterior, tivo que cesar pois un proxecto profesional vaino levar a vivir uns anos f\u00f3ra do pa\u00eds. Hadri\u00e1n \u00e9 natural da parroquia ponteare\u00e1 de Prado, e xa estaba no equipo do anterior responsable comarcal, \u00e9 un mozo formado con dous ciclos superiores que traballa desde o 2016 como programador .Am\u00f3sase moi satisfeito da s\u00faa vida laboral e afronta a s\u00faa recen estreada responsabilidade pol\u00edtica con ilusi\u00f3n de converter ao BNG na primeira forza pol\u00edtica do Condado Paradanta<\/p>\n\n\n\n<p>\u201c<strong>Imos conservar as tres alcald\u00edas, ga\u00f1ar a de Mondariz Balneario e mellorar en votos e n\u00famero de actas en toda a nosa comarca\u201d<\/strong><\/p>\n\n\n\n<p><strong>Eu fago moitas veces esta pregunta, pero \u00e9 que te\u00f1o a convicci\u00f3n de que a estrutura sociol\u00f3xica de Galicia \u00e9 parroquial e non municipal, e te\u00f1o o costume de tratar de constatalo. Vai: Un tipo de Prado coma ti, s\u00edntese de Prado ou de Ponteareas?<\/strong><\/p>\n\n\n\n<blockquote class=\"wp-block-quote is-layout-flow wp-block-quote-is-layout-flow\"><p>Coincido contigo, de feito eu s\u00edntome de Prado.<\/p><\/blockquote>\n\n\n\n<p><strong>Cando comezaron as t\u00faas simpat\u00edas polo nacionalismo?<\/strong><\/p>\n\n\n\n<blockquote class=\"wp-block-quote is-layout-flow wp-block-quote-is-layout-flow\"><p>Xa de neno. Na mi\u00f1a familia sempre houbo interese pola pol\u00edtica. Eu son o m\u00e1is novo de tres irm\u00e1ns e comecei da man do que naceu antes ca min. No ano 2011, cando Iria Aboi era Secretaria Xeral de Galiza Nova, veu un d\u00eda por Ponteareas, recordo aquela xuntanza,e al\u00ed comezou a mi\u00f1a militancia.<\/p><\/blockquote>\n\n\n\n<p><strong>Como est\u00e1 a sa\u00fade do nacionalismo no Condado Paradanta?<\/strong><\/p>\n\n\n\n<blockquote class=\"wp-block-quote is-layout-flow wp-block-quote-is-layout-flow\"><p>En li\u00f1as xerais goza de moi boa sa\u00fade, temos arredor de 200 militantes. Moitos e moitas son mozos e mozas, o que se combina con xente moi veterana, que levan os 40 anos de vida que ten o BNG militando na nosa organizaci\u00f3n. Hai agrupaci\u00f3ns locais moi numerosas nas que se desenvolve unha vida pol\u00edtica moi importante. A xente impl\u00edcase e traballa moito e ben.<\/p><\/blockquote>\n\n\n\n<p><strong>Xa levas dous meses na t\u00faa responsabilidade. Como os valoras?<\/strong><\/p>\n\n\n\n<blockquote class=\"wp-block-quote is-layout-flow wp-block-quote-is-layout-flow\"><p>A\u00ednda que \u00e9, como dis, unha responsabilidade nova, eu xa era o vice responsable comarcal , cando estaba Mauro, xa que logo digamos que tampouco supuxo unha novidade moi importante para min. A axuda de Mauro foi moi relevante para min. A verdade que el fixo un traballo excelente e val\u00f3roo de maneira moi positiva.<\/p><\/blockquote>\n\n\n\n<p><strong>En nada teremos unhas moi importantes elecci\u00f3ns municipais. Cales son as vosas expectativas en relaci\u00f3n coas 3 alcald\u00edas (Ponteareas, Mondariz, As Neves) que tendes na nosa comarca?<\/strong><\/p>\n\n\n\n<blockquote class=\"wp-block-quote is-layout-flow wp-block-quote-is-layout-flow\"><p>Xa que estamos en Mondariz comezamos por este concello e d\u00edgoche que Xose Emilio est\u00e1 a facer unha xesti\u00f3n brillante. Te\u00f1o a convicci\u00f3n de que as\u00ed o saber\u00e1 ver a maior\u00eda da veci\u00f1anza desa vila e de que manteremos a alcald\u00eda subindo en votos e en actas.<\/p><\/blockquote>\n\n\n\n<p><strong>Hai algunha posibilidade de reconducir a situaci\u00f3n co grupo de Calis?<\/strong><\/p>\n\n\n\n<blockquote class=\"wp-block-quote is-layout-flow wp-block-quote-is-layout-flow\"><p>A curto prazo eu non o vexo. N\u00f3s temos as portas abertas para que calquera persoa que se sinta nacionalista, en Mondariz, e en calquera outro sitio, poida vir ao que n\u00f3s entendemos que \u00e9 a casa com\u00fan do nacionalismo:O BNG<\/p><\/blockquote>\n\n\n\n<p><strong>En Ponteareas e As Neves?<\/strong><\/p>\n\n\n\n<blockquote class=\"wp-block-quote is-layout-flow wp-block-quote-is-layout-flow\"><p>En Ponteareas o goberno do BNG est\u00e1 a facer un esforzo inmenso para mudar unha vila que padeceu o goberno de esclerose absoluta da peor das dereitas .A mudanza que est\u00e1 ter a vila \u00e9 significativa e, malia que ese tipo de cambios tan profundos inicialmente provocan malestar nalg\u00fans sectores da sociedade, xa non ten volta atr\u00e1s. Cristina \u00e9 unha alcaldesa magn\u00edfica, comprometida, solidaria e traballadora. Conf\u00edo en consolidar o noso goberno al\u00ed, para podermos facer de Ponteareas unha vila BNG , unha vila para as persoas,como Pontevedra, Tomi\u00f1o, Bueu&#8230;.<\/p><\/blockquote>\n\n\n\n<blockquote class=\"wp-block-quote is-layout-flow wp-block-quote-is-layout-flow\"><p>No que respecta as Neves, considero que o noso goberno al\u00ed xa est\u00e1 plenamente consolidado e a mi\u00f1a percepci\u00f3n \u00e9 que imos estar moi preto da maior\u00eda absoluta.<\/p><\/blockquote>\n\n\n\n<p><strong>Hai opci\u00f3ns de ga\u00f1ar algunha outra alcald\u00eda na comarca?<\/strong><\/p>\n\n\n\n<blockquote class=\"wp-block-quote is-layout-flow wp-block-quote-is-layout-flow\"><p>Mondariz Balneario \u00e9 unha opci\u00f3n moi clara. Xa hai catro anos estivemos a piques, e desta volta ten que ser. Esa Vila precisa un cambio de goberno urxente, que a saque da par\u00e1lise na que a ten sumida o PP, e agardo que esta sexa a vindeira Vila BNG na nosa comarca.<\/p><\/blockquote>\n\n\n\n<p><strong>No resto de Concellos?<\/strong><\/p>\n\n\n\n<blockquote class=\"wp-block-quote is-layout-flow wp-block-quote-is-layout-flow\"><p>A nosa perspectiva e mellorar en votos e en actas en todos e cada un.<\/p><\/blockquote>\n\n\n\n<p><strong>En Arbo tedes opci\u00f3ns de reconducir a situaci\u00f3n co espazo nacionalista que est\u00e1 en AGRELAR?<\/strong><\/p>\n\n\n\n<blockquote class=\"wp-block-quote is-layout-flow wp-block-quote-is-layout-flow\"><p>D\u00edgoche o mesmo que no caso de Mondariz, e se me vas preguntar por Salceda a resposta \u00e9 id\u00e9ntica: O BNG \u00e9 a casa com\u00fan do nacionalismo galego, e ser\u00e1 un pracer recibir a calquera persoa, en calquera sitio, que se sinta nacionalista e que queira traballar con honestidade.<\/p><\/blockquote>\n\n\n\n<p><strong>A Ca\u00f1iza \u00e9 unha anomal\u00eda na situaci\u00f3n do nacionalismo en todo o pa\u00eds. Un concello tan relevante como ese non pode non ter unha candidatura nacionalista. Solucionar\u00e9molo desta volta?<\/strong><\/p>\n\n\n\n<blockquote class=\"wp-block-quote is-layout-flow wp-block-quote-is-layout-flow\"><p>Estamos traballando con toda a intensidade para termos unha agrupaci\u00f3n local na Ca\u00f1iza. Non sei se agora, pero acabaremos por solucionalo seguro, porque coincido contigo en que ese concello ten que ter ao nacionalismo galego na pol\u00edtica local si ou si.<\/p><\/blockquote>\n","protected":false},"excerpt":{"rendered":"<div class=\"mh-excerpt\"><p>Desde o pasado mes de novembro Hadri\u00e1n \u00e9 o novo responsable comarcal do BNG no Condado Paradanta <a class=\"mh-excerpt-more\" href=\"https:\/\/www.anovapeneira.gal\/index.php\/2023\/01\/23\/hadrian-bautista-responsable-comarcal-do-bng-no-condado-paradanta\/\" title=\"Hadri\u00e1n Bautista responsable comarcal do BNG no Condado Paradanta\">[&#8230;]<\/a><\/p>\n<\/div>","protected":false},"author":3,"featured_media":8947,"comment_status":"open","ping_status":"open","sticky":false,"template":"","format":"standard","meta":{"_exactmetrics_skip_tracking":false,"_exactmetrics_sitenote_active":false,"_exactmetrics_sitenote_note":"","_exactmetrics_sitenote_category":0,"footnotes":""},"categories":[25],"tags":[],"class_list":{"0":"post-8946","1":"post","2":"type-post","3":"status-publish","4":"format-standard","5":"has-post-thumbnail","7":"category-condado"},"yoast_head":"<!-- This site is optimized with the Yoast SEO plugin v27.4 - https:\/\/yoast.com\/product\/yoast-seo-wordpress\/ -->\n<title>Hadri\u00e1n Bautista responsable comarcal do BNG no Condado Paradanta -<\/title>\n<meta name=\"description\" content=\"Desde o pasado mes de novembro Hadri\u00e1n \u00e9 o novo responsable comarcal do BNG no Condado Paradanta\" \/>\n<meta name=\"robots\" content=\"index, follow, max-snippet:-1, max-image-preview:large, max-video-preview:-1\" \/>\n<link rel=\"canonical\" href=\"https:\/\/www.anovapeneira.gal\/index.php\/2023\/01\/23\/hadrian-bautista-responsable-comarcal-do-bng-no-condado-paradanta\/\" \/>\n<meta property=\"og:locale\" content=\"gl_ES\" \/>\n<meta property=\"og:type\" content=\"article\" \/>\n<meta property=\"og:title\" content=\"Hadri\u00e1n Bautista responsable comarcal do BNG no Condado Paradanta -\" \/>\n<meta property=\"og:description\" content=\"Desde o pasado mes de novembro Hadri\u00e1n \u00e9 o novo responsable comarcal do BNG no Condado Paradanta\" \/>\n<meta property=\"og:url\" content=\"https:\/\/www.anovapeneira.gal\/index.php\/2023\/01\/23\/hadrian-bautista-responsable-comarcal-do-bng-no-condado-paradanta\/\" \/>\n<meta property=\"article:publisher\" content=\"https:\/\/www.facebook.com\/anovapeneira\" \/>\n<meta property=\"article:published_time\" content=\"2023-01-23T11:00:46+00:00\" \/>\n<meta property=\"og:image\" content=\"https:\/\/www.anovapeneira.gal\/wp-content\/uploads\/2023\/01\/hadrian_bng_condado.jpg\" \/>\n\t<meta property=\"og:image:width\" content=\"720\" \/>\n\t<meta property=\"og:image:height\" content=\"432\" \/>\n\t<meta property=\"og:image:type\" content=\"image\/jpeg\" \/>\n<meta name=\"author\" content=\"Redacci\u00f3n A Nova Peneira\" \/>\n<meta name=\"twitter:card\" content=\"summary_large_image\" \/>\n<meta name=\"twitter:creator\" content=\"@APeneira\" \/>\n<meta name=\"twitter:site\" content=\"@APeneira\" \/>\n<meta name=\"twitter:label1\" content=\"Escrito por\" \/>\n\t<meta name=\"twitter:data1\" content=\"Redacci\u00f3n A Nova Peneira\" \/>\n\t<meta name=\"twitter:label2\" content=\"Tempo de lectura\" \/>\n\t<meta name=\"twitter:data2\" content=\"5 minutos\" \/>\n<script type=\"application\/ld+json\" class=\"yoast-schema-graph\">{\"@context\":\"https:\\\/\\\/schema.org\",\"@graph\":[{\"@type\":\"Article\",\"@id\":\"https:\\\/\\\/www.anovapeneira.gal\\\/index.php\\\/2023\\\/01\\\/23\\\/hadrian-bautista-responsable-comarcal-do-bng-no-condado-paradanta\\\/#article\",\"isPartOf\":{\"@id\":\"https:\\\/\\\/www.anovapeneira.gal\\\/index.php\\\/2023\\\/01\\\/23\\\/hadrian-bautista-responsable-comarcal-do-bng-no-condado-paradanta\\\/\"},\"author\":{\"name\":\"Redacci\u00f3n A Nova Peneira\",\"@id\":\"https:\\\/\\\/www.anovapeneira.gal\\\/#\\\/schema\\\/person\\\/b93e3f8932e3f8da96334607eb6ac6aa\"},\"headline\":\"Hadri\u00e1n Bautista responsable comarcal do BNG no Condado Paradanta\",\"datePublished\":\"2023-01-23T11:00:46+00:00\",\"mainEntityOfPage\":{\"@id\":\"https:\\\/\\\/www.anovapeneira.gal\\\/index.php\\\/2023\\\/01\\\/23\\\/hadrian-bautista-responsable-comarcal-do-bng-no-condado-paradanta\\\/\"},\"wordCount\":905,\"commentCount\":0,\"publisher\":{\"@id\":\"https:\\\/\\\/www.anovapeneira.gal\\\/#organization\"},\"image\":{\"@id\":\"https:\\\/\\\/www.anovapeneira.gal\\\/index.php\\\/2023\\\/01\\\/23\\\/hadrian-bautista-responsable-comarcal-do-bng-no-condado-paradanta\\\/#primaryimage\"},\"thumbnailUrl\":\"https:\\\/\\\/www.anovapeneira.gal\\\/wp-content\\\/uploads\\\/2023\\\/01\\\/hadrian_bng_condado.jpg\",\"articleSection\":[\"Condado\"],\"inLanguage\":\"gl-ES\",\"potentialAction\":[{\"@type\":\"CommentAction\",\"name\":\"Comment\",\"target\":[\"https:\\\/\\\/www.anovapeneira.gal\\\/index.php\\\/2023\\\/01\\\/23\\\/hadrian-bautista-responsable-comarcal-do-bng-no-condado-paradanta\\\/#respond\"]}]},{\"@type\":\"WebPage\",\"@id\":\"https:\\\/\\\/www.anovapeneira.gal\\\/index.php\\\/2023\\\/01\\\/23\\\/hadrian-bautista-responsable-comarcal-do-bng-no-condado-paradanta\\\/\",\"url\":\"https:\\\/\\\/www.anovapeneira.gal\\\/index.php\\\/2023\\\/01\\\/23\\\/hadrian-bautista-responsable-comarcal-do-bng-no-condado-paradanta\\\/\",\"name\":\"Hadri\u00e1n Bautista responsable comarcal do BNG no Condado Paradanta -\",\"isPartOf\":{\"@id\":\"https:\\\/\\\/www.anovapeneira.gal\\\/#website\"},\"primaryImageOfPage\":{\"@id\":\"https:\\\/\\\/www.anovapeneira.gal\\\/index.php\\\/2023\\\/01\\\/23\\\/hadrian-bautista-responsable-comarcal-do-bng-no-condado-paradanta\\\/#primaryimage\"},\"image\":{\"@id\":\"https:\\\/\\\/www.anovapeneira.gal\\\/index.php\\\/2023\\\/01\\\/23\\\/hadrian-bautista-responsable-comarcal-do-bng-no-condado-paradanta\\\/#primaryimage\"},\"thumbnailUrl\":\"https:\\\/\\\/www.anovapeneira.gal\\\/wp-content\\\/uploads\\\/2023\\\/01\\\/hadrian_bng_condado.jpg\",\"datePublished\":\"2023-01-23T11:00:46+00:00\",\"description\":\"Desde o pasado mes de novembro Hadri\u00e1n \u00e9 o novo responsable comarcal do BNG no Condado Paradanta\",\"breadcrumb\":{\"@id\":\"https:\\\/\\\/www.anovapeneira.gal\\\/index.php\\\/2023\\\/01\\\/23\\\/hadrian-bautista-responsable-comarcal-do-bng-no-condado-paradanta\\\/#breadcrumb\"},\"inLanguage\":\"gl-ES\",\"potentialAction\":[{\"@type\":\"ReadAction\",\"target\":[\"https:\\\/\\\/www.anovapeneira.gal\\\/index.php\\\/2023\\\/01\\\/23\\\/hadrian-bautista-responsable-comarcal-do-bng-no-condado-paradanta\\\/\"]}]},{\"@type\":\"ImageObject\",\"inLanguage\":\"gl-ES\",\"@id\":\"https:\\\/\\\/www.anovapeneira.gal\\\/index.php\\\/2023\\\/01\\\/23\\\/hadrian-bautista-responsable-comarcal-do-bng-no-condado-paradanta\\\/#primaryimage\",\"url\":\"https:\\\/\\\/www.anovapeneira.gal\\\/wp-content\\\/uploads\\\/2023\\\/01\\\/hadrian_bng_condado.jpg\",\"contentUrl\":\"https:\\\/\\\/www.anovapeneira.gal\\\/wp-content\\\/uploads\\\/2023\\\/01\\\/hadrian_bng_condado.jpg\",\"width\":720,\"height\":432,\"caption\":\"Hadri\u00e1n Bautista\"},{\"@type\":\"BreadcrumbList\",\"@id\":\"https:\\\/\\\/www.anovapeneira.gal\\\/index.php\\\/2023\\\/01\\\/23\\\/hadrian-bautista-responsable-comarcal-do-bng-no-condado-paradanta\\\/#breadcrumb\",\"itemListElement\":[{\"@type\":\"ListItem\",\"position\":1,\"name\":\"Portada\",\"item\":\"https:\\\/\\\/www.anovapeneira.gal\\\/\"},{\"@type\":\"ListItem\",\"position\":2,\"name\":\"Hadri\u00e1n Bautista responsable comarcal do BNG no Condado Paradanta\"}]},{\"@type\":\"WebSite\",\"@id\":\"https:\\\/\\\/www.anovapeneira.gal\\\/#website\",\"url\":\"https:\\\/\\\/www.anovapeneira.gal\\\/\",\"name\":\"\",\"description\":\"Xornal galego de informaci\u00f3n xeral Publicaci\u00f3n mensual de novas de Galicia e en especial dos Concellos da sur da provincia de Pontevedra.\",\"publisher\":{\"@id\":\"https:\\\/\\\/www.anovapeneira.gal\\\/#organization\"},\"potentialAction\":[{\"@type\":\"SearchAction\",\"target\":{\"@type\":\"EntryPoint\",\"urlTemplate\":\"https:\\\/\\\/www.anovapeneira.gal\\\/?s={search_term_string}\"},\"query-input\":{\"@type\":\"PropertyValueSpecification\",\"valueRequired\":true,\"valueName\":\"search_term_string\"}}],\"inLanguage\":\"gl-ES\"},{\"@type\":\"Organization\",\"@id\":\"https:\\\/\\\/www.anovapeneira.gal\\\/#organization\",\"name\":\"A Nova Peneira\",\"url\":\"https:\\\/\\\/www.anovapeneira.gal\\\/\",\"logo\":{\"@type\":\"ImageObject\",\"inLanguage\":\"gl-ES\",\"@id\":\"https:\\\/\\\/www.anovapeneira.gal\\\/#\\\/schema\\\/logo\\\/image\\\/\",\"url\":\"http:\\\/\\\/www.anovapeneira.gal\\\/wp-content\\\/uploads\\\/2019\\\/06\\\/logo_a_nova_peneira_portal_web.png\",\"contentUrl\":\"http:\\\/\\\/www.anovapeneira.gal\\\/wp-content\\\/uploads\\\/2019\\\/06\\\/logo_a_nova_peneira_portal_web.png\",\"width\":300,\"height\":100,\"caption\":\"A Nova Peneira\"},\"image\":{\"@id\":\"https:\\\/\\\/www.anovapeneira.gal\\\/#\\\/schema\\\/logo\\\/image\\\/\"},\"sameAs\":[\"https:\\\/\\\/www.facebook.com\\\/anovapeneira\",\"https:\\\/\\\/x.com\\\/APeneira\"]},{\"@type\":\"Person\",\"@id\":\"https:\\\/\\\/www.anovapeneira.gal\\\/#\\\/schema\\\/person\\\/b93e3f8932e3f8da96334607eb6ac6aa\",\"name\":\"Redacci\u00f3n A Nova Peneira\",\"image\":{\"@type\":\"ImageObject\",\"inLanguage\":\"gl-ES\",\"@id\":\"https:\\\/\\\/secure.gravatar.com\\\/avatar\\\/c052a2551a06e23fac63626232eaa90abd78dbcf1700fc46a2b2c89fd27b735f?s=96&d=mm&r=g\",\"url\":\"https:\\\/\\\/secure.gravatar.com\\\/avatar\\\/c052a2551a06e23fac63626232eaa90abd78dbcf1700fc46a2b2c89fd27b735f?s=96&d=mm&r=g\",\"contentUrl\":\"https:\\\/\\\/secure.gravatar.com\\\/avatar\\\/c052a2551a06e23fac63626232eaa90abd78dbcf1700fc46a2b2c89fd27b735f?s=96&d=mm&r=g\",\"caption\":\"Redacci\u00f3n A Nova Peneira\"},\"sameAs\":[\"http:\\\/\\\/www.anovapeneira.gal\\\/\"],\"url\":\"https:\\\/\\\/www.anovapeneira.gal\\\/index.php\\\/author\\\/redactor\\\/\"}]}<\/script>\n<!-- \/ Yoast SEO plugin. -->","yoast_head_json":{"title":"Hadri\u00e1n Bautista responsable comarcal do BNG no Condado Paradanta -","description":"Desde o pasado mes de novembro Hadri\u00e1n \u00e9 o novo responsable comarcal do BNG no Condado Paradanta","robots":{"index":"index","follow":"follow","max-snippet":"max-snippet:-1","max-image-preview":"max-image-preview:large","max-video-preview":"max-video-preview:-1"},"canonical":"https:\/\/www.anovapeneira.gal\/index.php\/2023\/01\/23\/hadrian-bautista-responsable-comarcal-do-bng-no-condado-paradanta\/","og_locale":"gl_ES","og_type":"article","og_title":"Hadri\u00e1n Bautista responsable comarcal do BNG no Condado Paradanta -","og_description":"Desde o pasado mes de novembro Hadri\u00e1n \u00e9 o novo responsable comarcal do BNG no Condado Paradanta","og_url":"https:\/\/www.anovapeneira.gal\/index.php\/2023\/01\/23\/hadrian-bautista-responsable-comarcal-do-bng-no-condado-paradanta\/","article_publisher":"https:\/\/www.facebook.com\/anovapeneira","article_published_time":"2023-01-23T11:00:46+00:00","og_image":[{"width":720,"height":432,"url":"https:\/\/www.anovapeneira.gal\/wp-content\/uploads\/2023\/01\/hadrian_bng_condado.jpg","type":"image\/jpeg"}],"author":"Redacci\u00f3n A Nova Peneira","twitter_card":"summary_large_image","twitter_creator":"@APeneira","twitter_site":"@APeneira","twitter_misc":{"Escrito por":"Redacci\u00f3n A Nova Peneira","Tempo de lectura":"5 minutos"},"schema":{"@context":"https:\/\/schema.org","@graph":[{"@type":"Article","@id":"https:\/\/www.anovapeneira.gal\/index.php\/2023\/01\/23\/hadrian-bautista-responsable-comarcal-do-bng-no-condado-paradanta\/#article","isPartOf":{"@id":"https:\/\/www.anovapeneira.gal\/index.php\/2023\/01\/23\/hadrian-bautista-responsable-comarcal-do-bng-no-condado-paradanta\/"},"author":{"name":"Redacci\u00f3n A Nova Peneira","@id":"https:\/\/www.anovapeneira.gal\/#\/schema\/person\/b93e3f8932e3f8da96334607eb6ac6aa"},"headline":"Hadri\u00e1n Bautista responsable comarcal do BNG no Condado Paradanta","datePublished":"2023-01-23T11:00:46+00:00","mainEntityOfPage":{"@id":"https:\/\/www.anovapeneira.gal\/index.php\/2023\/01\/23\/hadrian-bautista-responsable-comarcal-do-bng-no-condado-paradanta\/"},"wordCount":905,"commentCount":0,"publisher":{"@id":"https:\/\/www.anovapeneira.gal\/#organization"},"image":{"@id":"https:\/\/www.anovapeneira.gal\/index.php\/2023\/01\/23\/hadrian-bautista-responsable-comarcal-do-bng-no-condado-paradanta\/#primaryimage"},"thumbnailUrl":"https:\/\/www.anovapeneira.gal\/wp-content\/uploads\/2023\/01\/hadrian_bng_condado.jpg","articleSection":["Condado"],"inLanguage":"gl-ES","potentialAction":[{"@type":"CommentAction","name":"Comment","target":["https:\/\/www.anovapeneira.gal\/index.php\/2023\/01\/23\/hadrian-bautista-responsable-comarcal-do-bng-no-condado-paradanta\/#respond"]}]},{"@type":"WebPage","@id":"https:\/\/www.anovapeneira.gal\/index.php\/2023\/01\/23\/hadrian-bautista-responsable-comarcal-do-bng-no-condado-paradanta\/","url":"https:\/\/www.anovapeneira.gal\/index.php\/2023\/01\/23\/hadrian-bautista-responsable-comarcal-do-bng-no-condado-paradanta\/","name":"Hadri\u00e1n Bautista responsable comarcal do BNG no Condado Paradanta -","isPartOf":{"@id":"https:\/\/www.anovapeneira.gal\/#website"},"primaryImageOfPage":{"@id":"https:\/\/www.anovapeneira.gal\/index.php\/2023\/01\/23\/hadrian-bautista-responsable-comarcal-do-bng-no-condado-paradanta\/#primaryimage"},"image":{"@id":"https:\/\/www.anovapeneira.gal\/index.php\/2023\/01\/23\/hadrian-bautista-responsable-comarcal-do-bng-no-condado-paradanta\/#primaryimage"},"thumbnailUrl":"https:\/\/www.anovapeneira.gal\/wp-content\/uploads\/2023\/01\/hadrian_bng_condado.jpg","datePublished":"2023-01-23T11:00:46+00:00","description":"Desde o pasado mes de novembro Hadri\u00e1n \u00e9 o novo responsable comarcal do BNG no Condado Paradanta","breadcrumb":{"@id":"https:\/\/www.anovapeneira.gal\/index.php\/2023\/01\/23\/hadrian-bautista-responsable-comarcal-do-bng-no-condado-paradanta\/#breadcrumb"},"inLanguage":"gl-ES","potentialAction":[{"@type":"ReadAction","target":["https:\/\/www.anovapeneira.gal\/index.php\/2023\/01\/23\/hadrian-bautista-responsable-comarcal-do-bng-no-condado-paradanta\/"]}]},{"@type":"ImageObject","inLanguage":"gl-ES","@id":"https:\/\/www.anovapeneira.gal\/index.php\/2023\/01\/23\/hadrian-bautista-responsable-comarcal-do-bng-no-condado-paradanta\/#primaryimage","url":"https:\/\/www.anovapeneira.gal\/wp-content\/uploads\/2023\/01\/hadrian_bng_condado.jpg","contentUrl":"https:\/\/www.anovapeneira.gal\/wp-content\/uploads\/2023\/01\/hadrian_bng_condado.jpg","width":720,"height":432,"caption":"Hadri\u00e1n Bautista"},{"@type":"BreadcrumbList","@id":"https:\/\/www.anovapeneira.gal\/index.php\/2023\/01\/23\/hadrian-bautista-responsable-comarcal-do-bng-no-condado-paradanta\/#breadcrumb","itemListElement":[{"@type":"ListItem","position":1,"name":"Portada","item":"https:\/\/www.anovapeneira.gal\/"},{"@type":"ListItem","position":2,"name":"Hadri\u00e1n Bautista responsable comarcal do BNG no Condado Paradanta"}]},{"@type":"WebSite","@id":"https:\/\/www.anovapeneira.gal\/#website","url":"https:\/\/www.anovapeneira.gal\/","name":"","description":"Xornal galego de informaci\u00f3n xeral Publicaci\u00f3n mensual de novas de Galicia e en especial dos Concellos da sur da provincia de Pontevedra.","publisher":{"@id":"https:\/\/www.anovapeneira.gal\/#organization"},"potentialAction":[{"@type":"SearchAction","target":{"@type":"EntryPoint","urlTemplate":"https:\/\/www.anovapeneira.gal\/?s={search_term_string}"},"query-input":{"@type":"PropertyValueSpecification","valueRequired":true,"valueName":"search_term_string"}}],"inLanguage":"gl-ES"},{"@type":"Organization","@id":"https:\/\/www.anovapeneira.gal\/#organization","name":"A Nova Peneira","url":"https:\/\/www.anovapeneira.gal\/","logo":{"@type":"ImageObject","inLanguage":"gl-ES","@id":"https:\/\/www.anovapeneira.gal\/#\/schema\/logo\/image\/","url":"http:\/\/www.anovapeneira.gal\/wp-content\/uploads\/2019\/06\/logo_a_nova_peneira_portal_web.png","contentUrl":"http:\/\/www.anovapeneira.gal\/wp-content\/uploads\/2019\/06\/logo_a_nova_peneira_portal_web.png","width":300,"height":100,"caption":"A Nova Peneira"},"image":{"@id":"https:\/\/www.anovapeneira.gal\/#\/schema\/logo\/image\/"},"sameAs":["https:\/\/www.facebook.com\/anovapeneira","https:\/\/x.com\/APeneira"]},{"@type":"Person","@id":"https:\/\/www.anovapeneira.gal\/#\/schema\/person\/b93e3f8932e3f8da96334607eb6ac6aa","name":"Redacci\u00f3n A Nova Peneira","image":{"@type":"ImageObject","inLanguage":"gl-ES","@id":"https:\/\/secure.gravatar.com\/avatar\/c052a2551a06e23fac63626232eaa90abd78dbcf1700fc46a2b2c89fd27b735f?s=96&d=mm&r=g","url":"https:\/\/secure.gravatar.com\/avatar\/c052a2551a06e23fac63626232eaa90abd78dbcf1700fc46a2b2c89fd27b735f?s=96&d=mm&r=g","contentUrl":"https:\/\/secure.gravatar.com\/avatar\/c052a2551a06e23fac63626232eaa90abd78dbcf1700fc46a2b2c89fd27b735f?s=96&d=mm&r=g","caption":"Redacci\u00f3n A Nova Peneira"},"sameAs":["http:\/\/www.anovapeneira.gal\/"],"url":"https:\/\/www.anovapeneira.gal\/index.php\/author\/redactor\/"}]}},"jetpack_featured_media_url":"https:\/\/www.anovapeneira.gal\/wp-content\/uploads\/2023\/01\/hadrian_bng_condado.jpg","_links":{"self":[{"href":"https:\/\/www.anovapeneira.gal\/index.php\/wp-json\/wp\/v2\/posts\/8946","targetHints":{"allow":["GET"]}}],"collection":[{"href":"https:\/\/www.anovapeneira.gal\/index.php\/wp-json\/wp\/v2\/posts"}],"about":[{"href":"https:\/\/www.anovapeneira.gal\/index.php\/wp-json\/wp\/v2\/types\/post"}],"author":[{"embeddable":true,"href":"https:\/\/www.anovapeneira.gal\/index.php\/wp-json\/wp\/v2\/users\/3"}],"replies":[{"embeddable":true,"href":"https:\/\/www.anovapeneira.gal\/index.php\/wp-json\/wp\/v2\/comments?post=8946"}],"version-history":[{"count":1,"href":"https:\/\/www.anovapeneira.gal\/index.php\/wp-json\/wp\/v2\/posts\/8946\/revisions"}],"predecessor-version":[{"id":8948,"href":"https:\/\/www.anovapeneira.gal\/index.php\/wp-json\/wp\/v2\/posts\/8946\/revisions\/8948"}],"wp:featuredmedia":[{"embeddable":true,"href":"https:\/\/www.anovapeneira.gal\/index.php\/wp-json\/wp\/v2\/media\/8947"}],"wp:attachment":[{"href":"https:\/\/www.anovapeneira.gal\/index.php\/wp-json\/wp\/v2\/media?parent=8946"}],"wp:term":[{"taxonomy":"category","embeddable":true,"href":"https:\/\/www.anovapeneira.gal\/index.php\/wp-json\/wp\/v2\/categories?post=8946"},{"taxonomy":"post_tag","embeddable":true,"href":"https:\/\/www.anovapeneira.gal\/index.php\/wp-json\/wp\/v2\/tags?post=8946"}],"curies":[{"name":"wp","href":"https:\/\/api.w.org\/{rel}","templated":true}]}}