{"id":8958,"date":"2023-01-25T12:00:14","date_gmt":"2023-01-25T11:00:14","guid":{"rendered":"https:\/\/www.anovapeneira.gal\/?p=8958"},"modified":"2023-01-23T10:55:04","modified_gmt":"2023-01-23T09:55:04","slug":"as-toninas-en-perigo-de-extincion-e-sen-plan-de-conservacion-a-vista","status":"publish","type":"post","link":"https:\/\/www.anovapeneira.gal\/index.php\/2023\/01\/25\/as-toninas-en-perigo-de-extincion-e-sen-plan-de-conservacion-a-vista\/","title":{"rendered":"As toni\u00f1as, en perigo de extinci\u00f3n e sen plan de conservaci\u00f3n \u00e1 vista"},"content":{"rendered":"\n<pre class=\"wp-block-verse\"><strong>Alma L\u00f3pez Figueiras<\/strong><\/pre>\n\n\n\n<h2 class=\"wp-block-heading\"><em><strong>Esta especie de mam\u00edfero mari\u00f1o ten en Galicia a maior poboaci\u00f3n regular de toda a costa ib\u00e9rica, pero est\u00e1 en constante e preocupante declive por mor das capturas accidentais e doutros factores relacionados coa actividade humana<\/strong><\/em><\/h2>\n\n\n\n<p>En d\u00edas de temporal como os vividos neste mes de xaneiro, as correntes e os ventos levan cara \u00e1 costa animais que xa estaban mortos ou malferidos en alta mar, moitos deles cet\u00e1ceos. De atender estes varamentos nas costas galegas oc\u00fapase desde hai m\u00e1is de d\u00faas d\u00e9cadas a Coordinadora para o Estudo dos Mam\u00edferos Mari\u00f1os (CEMMA), unha entidade sen \u00e1nimo de lucro con sede en Nigr\u00e1n (Pontevedra) na que a Conseller\u00eda de Medio Ambiente, Territorio e Vivenda da Xunta de Galicia delega a responsabilidade de rexistrar, asistir, recuperar e liberar tartarugas e mam\u00edferos mari\u00f1os varados ou capturados accidentalmente por interacci\u00f3n con artes de pesca. Desde esta organizaci\u00f3n, que acredita un intenso traballo de campo nas costas galegas, advirten desde hai tempo do preocupante descenso da poboaci\u00f3n de Phocoena phocoena, unha especie de cet\u00e1ceo odontoceto que \u00e9 co\u00f1ecida comunmente cos nomes de marsopa, touli\u00f1a ou toni\u00f1a.<\/p>\n\n\n\n<p>Xunto co golfi\u00f1o, o arroaz, o caldeir\u00f3n e o cachalote, a toni\u00f1a \u00e9 un dos mam\u00edferos mari\u00f1os que habitan nas nosas costas. Destaca por ser a especie de cet\u00e1ceo de menor tama\u00f1o do Hemisferio Norte, chegando a medir entre 1,40 e 2 metros en exemplares adultos, e polo seu reservado comportamento. A diferenza dos golfi\u00f1os e arroaces, que se achegan \u00e1s proas dos barcos, as toni\u00f1as prefiren fuxir do ru\u00eddo das embarcaci\u00f3ns e son menos visibles aos nosos ollos. Esta singularidade complica a s\u00faa detecci\u00f3n e monitorizaci\u00f3n.<\/p>\n\n\n\n<p>A\u00ednda que non co\u00f1ece l\u00edmites territoriais, Galicia \u00e9 a \u00fanica zona do litoral espa\u00f1ol onde hai unha presenza regular de toni\u00f1as meridionais (Phocoena phocoena meridionalis). O ecotipo da especie que est\u00e1 presente nas augas na pen\u00ednsula ib\u00e9rica difer\u00e9nciase xeneticamente doutras poboaci\u00f3ns de toni\u00f1as do mundo. A CEMMA estima que a poboaci\u00f3n de toni\u00f1as en Galicia ronda os 300 exemplares de media. Nas augas do Mediterr\u00e1neo est\u00e1 practicamente extinguida; e na costa cant\u00e1brica ou no golfo de C\u00e1diz, os avistamentos son espor\u00e1dicos e cada vez menos frecuentes.<\/p>\n\n\n\n<p>Segundo os datos desta entidade, que coordina a Rede de Varamentos de Galicia, entre os anos 1990 e 2021 rexistr\u00e1ronse 6.774 cet\u00e1ceos varados nas costas galegas, dos cales 364 (5,3%) eran toni\u00f1as. A media de varamentos anuais desta especie \u00e9 de 10. As\u00ed o exp\u00f3n Ux\u00eda V\u00e1zquez, formada en Ciencias do Mar e ocean\u00f3grafa da CEMMA desde hai varios anos. \u201cO 40% das toni\u00f1as varadas te\u00f1en indicios de captura\u201d, advirte.<\/p>\n\n\n\n<p><strong>Un cet\u00e1ceo especialmente vulnerable<\/strong><\/p>\n\n\n\n<p>Hai diversos factores que explican a dr\u00e1stica reduci\u00f3n poboacional das toni\u00f1as. A principal ameaza nas nosas augas \u00e9 a captura accidental no contexto de actividades pesqueiras. Desde a CEMMA estiman que a morte por captura accidental supera o 30%. Segundo explica Ux\u00eda V\u00e1zquez, as toni\u00f1as son especialmente vulnerables \u00e1s redes pantasma que deixa a pesca comercial porque entran nas r\u00edas caladas, sen usar a ecolocalizaci\u00f3n, para non chamar a atenci\u00f3n dos arroaces, que son m\u00e1is territoriais.<\/p>\n\n\n\n<p>Al\u00e9n da captura accidental, hai outros factores antr\u00f3picos relacionados co declive desta e doutras especies de cet\u00e1ceos. Por unha banda, a contaminaci\u00f3n costeira e a degradaci\u00f3n dos ecosistemas litorais. Por outra, a decrecente dispo\u00f1ibilidade de alimento, xa que os peixes da s\u00faa dieta te\u00f1en un gran interese comercial e son recursos pesqueiros a d\u00eda de hoxe sobreexplotados.<\/p>\n\n\n\n<p>Todo parece indicar que a recuperaci\u00f3n da toni\u00f1a pasa por aplicar medidas de conservaci\u00f3n que chocan directamente coa industria pesqueira. Desde a CEMMA son conscientes de que avogar por restrici\u00f3ns nas costas galegas xera pol\u00e9mica, mais en conversa con Ux\u00eda V\u00e1zquez, que ademais de ocean\u00f3grafa \u00e9 vicepresidenta desta entidade, reco\u00f1ecen que noutras partes de Europa con poboaci\u00f3n de toni\u00f1as en declive, como as costas de Irlanda, observouse unha certa recuperaci\u00f3n da especie a ra\u00edz dalg\u00fans \u201ccambios\u201d que esixiron unha prohibici\u00f3n da pesca en certas \u00e1reas. Fac\u00eda referencia, en concreto, \u00e1 instalaci\u00f3n de parques e\u00f3licos mari\u00f1os, unha iniciativa que tam\u00e9n se est\u00e1 desenvolvendo na costa atl\u00e1ntica da pen\u00ednsula ib\u00e9rica ante o desconcerto do sector pesqueiro e o movemento medioambientalista. \u201cRealmente, non sabemos se a instalaci\u00f3n de parques e\u00f3licos mari\u00f1os vai afectar \u00e1 recuperaci\u00f3n poboacional da toni\u00f1a\u201d, comenta Ux\u00eda V\u00e1zquez.<\/p>\n\n\n\n<p>Dentro da xeograf\u00eda galega, un dos refuxios da toni\u00f1a meridional \u00e9 a contorna do Parque Nacional das Illas Atl\u00e1nticas, onde existe un maior control para protexer a fauna aut\u00f3ctona.<\/p>\n\n\n\n<p><strong>Sen plan de conservaci\u00f3n \u00e1 vista<\/strong><\/p>\n\n\n\n<p>A delicada situaci\u00f3n da toni\u00f1a \u00e9 co\u00f1ecida polas autoridades espa\u00f1olas desde hai tempo, pero a d\u00eda de hoxe non existe ning\u00fan plan de conservaci\u00f3n da especie en funcionamento. Foi o 1 de decembro de 2020 cando se publicou no BOE a modificaci\u00f3n do Cat\u00e1logo Espa\u00f1ol de Especies Ameazadas que situaba a toni\u00f1a como especie en perigo de extinci\u00f3n, e non simplemente vulnerable. O Ministerio para a Transici\u00f3n Enerx\u00e9tica e o Reto Demogr\u00e1fico, herdeiro do traballo previo do Ministerio de Agricultura, Pesca, Alimentaci\u00f3n e Medio Ambiente, actuou movido pola presi\u00f3n de entidades de conservaci\u00f3n mari\u00f1a coma a CEMMA en Galicia, pero tam\u00e9n pola advertencia europea. No ver\u00e1n dese mesmo ano 2020, Bruxelas abr\u00edalle a Espa\u00f1a un expediente sancionador por \u201cnon ter actuado suficientemente para monitorizar as capturas accidentais nas s\u00faas augas nin ter tomado as acci\u00f3ns necesarias para impedir a alteraci\u00f3n das especies mari\u00f1as\u201d, que segue a\u00ednda vixente.<\/p>\n\n\n\n<p>En marcha hai iniciativas de conservaci\u00f3n mari\u00f1a como o proxecto Life Intermares (2017-2024), que coordina a Fundaci\u00f3n Biodiversidade desde o Ministerio para a Transici\u00f3n Enerx\u00e9tica e o Reto Demogr\u00e1fico. Traballa na xesti\u00f3n integrada dunha rede de espazos protexidos en Espa\u00f1a, no marco da Rede Natura 2000, e ten convocado reuni\u00f3ns de especialistas na materia para sentar as bases dun futuro plan de conservaci\u00f3n da toni\u00f1a mesmo antes de que esta especie estivese catalogada en perigo de extinci\u00f3n, mais sen resultados pr\u00e1cticos na elaboraci\u00f3n efectiva dunha estrategia pol\u00edtica ao respecto. Desde o Ministerio para a Transici\u00f3n Enerx\u00e9tica e o Reto Demogr\u00e1fico si se fixo unha consulta p\u00fablica previa para a elaboraci\u00f3n do plan de recuperaci\u00f3n da toni\u00f1a na que se indica expresamente que os primeiros obxectivos deste proceso ser\u00edan a determinaci\u00f3n do estado actual da especie, a s\u00faa biolox\u00eda e distribuci\u00f3n, e a detecci\u00f3n e an\u00e1lise de presi\u00f3ns e ameazas espec\u00edficas; mais neste borrador dos pasos a seguir para chegar a aplicar medidas concretas que contrib\u00faan a mellorar o estado de conservaci\u00f3n das poboaci\u00f3ns desta especie nas nosas augas non constan compromisos nin datas que permitan ser optimistas.<\/p>\n\n\n\n<p><strong>Sensibilizaci\u00f3n social como estratexia<\/strong><\/p>\n\n\n\n<p>A CEMMA conxuga actividades de conservaci\u00f3n mari\u00f1a e educaci\u00f3n ambiental a trav\u00e9s de diversos proxectos. \u00c9 unha entidade pioneira que foi fundada por un grupo de particulares e representantes de colectivos ecoloxistas no Grove en 1992. Ademais de xestionar a Rede de Varamentos de Galicia, est\u00e1 sendo moi activa en campa\u00f1as que buscan incrementar o co\u00f1ecemento e a concienciaci\u00f3n social sobre a situaci\u00f3n da toni\u00f1a nas costas galegas. En 2018 organizou o Ano da Toni\u00f1a, unha campa\u00f1a de educaci\u00f3n ambiental sobre a especie e a s\u00faa necesidade de conservaci\u00f3n; e o ano pasado, coincidindo co trinta aniversario da s\u00faa fundaci\u00f3n, realizou unha serie de eventos para visibilizar o seu traballo dentro da Rede de Varamentos de Galicia e sensibilizar sobre especies en perigo de extinci\u00f3n. A toni\u00f1a volveu ser protagonista, especialmente no acto que pechou o aniversario de 2022 a finais de decembro no concello de Nigr\u00e1n. Ese d\u00eda recreouse a trav\u00e9s da m\u00fasica o mundo ac\u00fastico dos cet\u00e1ceos e presentouse a estrea mundial do \u201cHimno da Toni\u00f1a\u201d, escrito sobre a base dunha antiga cantiga mari\u00f1eira orixinaria de Baiona e interpretado polos m\u00fasicos do grupo de canto popular do Centro Cultural de Peitieiros, baixo a direcci\u00f3n de Xurxo Ant\u00fanez. Con este acto simb\u00f3lico, a CEMMA tam\u00e9n presentou publicamente o proxecto de educaci\u00f3n ambiental que vai marcar a s\u00faa axenda de actividades en 2023: o proxecto Phocoenando, financiado pola Fundaci\u00f3n La Caixa e centrado na sensibilizaci\u00f3n social sobre a conservaci\u00f3n da toni\u00f1a. Con todo, se non se mudan as ameazas actuais, \u201cos modelos de xesti\u00f3n para a especie non amosan un horizonte m\u00e1is al\u00e1 de dezaoito anos de sobrevivencia da toni\u00f1a\u201d, escrib\u00eda Alfredo L\u00f3pez, integrante da CEMMA, cando se anunciaba o Ano da Toni\u00f1a.<\/p>\n","protected":false},"excerpt":{"rendered":"<div class=\"mh-excerpt\"><p>Esta especie de mam\u00edfero mari\u00f1o ten en Galicia a maior poboaci\u00f3n regular de toda a costa ib\u00e9rica, pero est\u00e1 en constante e preocupante declive por mor das capturas accidentais e doutros factores relacionados coa actividade humana <a class=\"mh-excerpt-more\" href=\"https:\/\/www.anovapeneira.gal\/index.php\/2023\/01\/25\/as-toninas-en-perigo-de-extincion-e-sen-plan-de-conservacion-a-vista\/\" title=\"As toni\u00f1as, en perigo de extinci\u00f3n e sen plan de conservaci\u00f3n \u00e1 vista\">[&#8230;]<\/a><\/p>\n<\/div>","protected":false},"author":12,"featured_media":8960,"comment_status":"open","ping_status":"open","sticky":false,"template":"","format":"standard","meta":{"_exactmetrics_skip_tracking":false,"_exactmetrics_sitenote_active":false,"_exactmetrics_sitenote_note":"","_exactmetrics_sitenote_category":0,"footnotes":""},"categories":[7],"tags":[1334],"class_list":{"0":"post-8958","1":"post","2":"type-post","3":"status-publish","4":"format-standard","5":"has-post-thumbnail","7":"category-artigos-de-opinion","8":"tag-alma-lopez-figueiras"},"yoast_head":"<!-- This site is optimized with the Yoast SEO plugin v27.4 - https:\/\/yoast.com\/product\/yoast-seo-wordpress\/ -->\n<title>As toni\u00f1as, en perigo de extinci\u00f3n e sen plan de conservaci\u00f3n \u00e1 vista -<\/title>\n<meta name=\"description\" content=\"Esta especie de mam\u00edfero mari\u00f1o ten en Galicia a maior poboaci\u00f3n regular de toda a costa ib\u00e9rica, pero est\u00e1 en constante e preocupante declive por mor das capturas accidentais e doutros factores relacionados coa actividade humana\" \/>\n<meta name=\"robots\" content=\"index, follow, max-snippet:-1, max-image-preview:large, max-video-preview:-1\" \/>\n<link rel=\"canonical\" href=\"https:\/\/www.anovapeneira.gal\/index.php\/2023\/01\/25\/as-toninas-en-perigo-de-extincion-e-sen-plan-de-conservacion-a-vista\/\" \/>\n<meta property=\"og:locale\" content=\"gl_ES\" \/>\n<meta property=\"og:type\" content=\"article\" \/>\n<meta property=\"og:title\" content=\"As toni\u00f1as, en perigo de extinci\u00f3n e sen plan de conservaci\u00f3n \u00e1 vista -\" \/>\n<meta property=\"og:description\" content=\"Esta especie de mam\u00edfero mari\u00f1o ten en Galicia a maior poboaci\u00f3n regular de toda a costa ib\u00e9rica, pero est\u00e1 en constante e preocupante declive por mor das capturas accidentais e doutros factores relacionados coa actividade humana\" \/>\n<meta property=\"og:url\" content=\"https:\/\/www.anovapeneira.gal\/index.php\/2023\/01\/25\/as-toninas-en-perigo-de-extincion-e-sen-plan-de-conservacion-a-vista\/\" \/>\n<meta property=\"article:publisher\" content=\"https:\/\/www.facebook.com\/anovapeneira\" \/>\n<meta property=\"article:published_time\" content=\"2023-01-25T11:00:14+00:00\" \/>\n<meta property=\"og:image\" content=\"https:\/\/www.anovapeneira.gal\/wp-content\/uploads\/2023\/01\/toninha_varada_cemma2.jpg\" \/>\n\t<meta property=\"og:image:width\" content=\"720\" \/>\n\t<meta property=\"og:image:height\" content=\"432\" \/>\n\t<meta property=\"og:image:type\" content=\"image\/jpeg\" \/>\n<meta name=\"author\" content=\"Artigos Opini\u00f3n\" \/>\n<meta name=\"twitter:card\" content=\"summary_large_image\" \/>\n<meta name=\"twitter:creator\" content=\"@APeneira\" \/>\n<meta name=\"twitter:site\" content=\"@APeneira\" \/>\n<meta name=\"twitter:label1\" content=\"Escrito por\" \/>\n\t<meta name=\"twitter:data1\" content=\"Artigos Opini\u00f3n\" \/>\n\t<meta name=\"twitter:label2\" content=\"Tempo de lectura\" \/>\n\t<meta name=\"twitter:data2\" content=\"8 minutos\" \/>\n<script type=\"application\/ld+json\" class=\"yoast-schema-graph\">{\"@context\":\"https:\\\/\\\/schema.org\",\"@graph\":[{\"@type\":\"Article\",\"@id\":\"https:\\\/\\\/www.anovapeneira.gal\\\/index.php\\\/2023\\\/01\\\/25\\\/as-toninas-en-perigo-de-extincion-e-sen-plan-de-conservacion-a-vista\\\/#article\",\"isPartOf\":{\"@id\":\"https:\\\/\\\/www.anovapeneira.gal\\\/index.php\\\/2023\\\/01\\\/25\\\/as-toninas-en-perigo-de-extincion-e-sen-plan-de-conservacion-a-vista\\\/\"},\"author\":{\"name\":\"Artigos Opini\u00f3n\",\"@id\":\"https:\\\/\\\/www.anovapeneira.gal\\\/#\\\/schema\\\/person\\\/f18a4feb302e8f20bcef4490b5b60bb3\"},\"headline\":\"As toni\u00f1as, en perigo de extinci\u00f3n e sen plan de conservaci\u00f3n \u00e1 vista\",\"datePublished\":\"2023-01-25T11:00:14+00:00\",\"mainEntityOfPage\":{\"@id\":\"https:\\\/\\\/www.anovapeneira.gal\\\/index.php\\\/2023\\\/01\\\/25\\\/as-toninas-en-perigo-de-extincion-e-sen-plan-de-conservacion-a-vista\\\/\"},\"wordCount\":1561,\"commentCount\":0,\"publisher\":{\"@id\":\"https:\\\/\\\/www.anovapeneira.gal\\\/#organization\"},\"image\":{\"@id\":\"https:\\\/\\\/www.anovapeneira.gal\\\/index.php\\\/2023\\\/01\\\/25\\\/as-toninas-en-perigo-de-extincion-e-sen-plan-de-conservacion-a-vista\\\/#primaryimage\"},\"thumbnailUrl\":\"https:\\\/\\\/www.anovapeneira.gal\\\/wp-content\\\/uploads\\\/2023\\\/01\\\/toninha_varada_cemma2.jpg\",\"keywords\":[\"Alma L\u00f3pez Figueiras\"],\"articleSection\":[\"Artigos de opini\u00f3n\"],\"inLanguage\":\"gl-ES\",\"potentialAction\":[{\"@type\":\"CommentAction\",\"name\":\"Comment\",\"target\":[\"https:\\\/\\\/www.anovapeneira.gal\\\/index.php\\\/2023\\\/01\\\/25\\\/as-toninas-en-perigo-de-extincion-e-sen-plan-de-conservacion-a-vista\\\/#respond\"]}]},{\"@type\":\"WebPage\",\"@id\":\"https:\\\/\\\/www.anovapeneira.gal\\\/index.php\\\/2023\\\/01\\\/25\\\/as-toninas-en-perigo-de-extincion-e-sen-plan-de-conservacion-a-vista\\\/\",\"url\":\"https:\\\/\\\/www.anovapeneira.gal\\\/index.php\\\/2023\\\/01\\\/25\\\/as-toninas-en-perigo-de-extincion-e-sen-plan-de-conservacion-a-vista\\\/\",\"name\":\"As toni\u00f1as, en perigo de extinci\u00f3n e sen plan de conservaci\u00f3n \u00e1 vista -\",\"isPartOf\":{\"@id\":\"https:\\\/\\\/www.anovapeneira.gal\\\/#website\"},\"primaryImageOfPage\":{\"@id\":\"https:\\\/\\\/www.anovapeneira.gal\\\/index.php\\\/2023\\\/01\\\/25\\\/as-toninas-en-perigo-de-extincion-e-sen-plan-de-conservacion-a-vista\\\/#primaryimage\"},\"image\":{\"@id\":\"https:\\\/\\\/www.anovapeneira.gal\\\/index.php\\\/2023\\\/01\\\/25\\\/as-toninas-en-perigo-de-extincion-e-sen-plan-de-conservacion-a-vista\\\/#primaryimage\"},\"thumbnailUrl\":\"https:\\\/\\\/www.anovapeneira.gal\\\/wp-content\\\/uploads\\\/2023\\\/01\\\/toninha_varada_cemma2.jpg\",\"datePublished\":\"2023-01-25T11:00:14+00:00\",\"description\":\"Esta especie de mam\u00edfero mari\u00f1o ten en Galicia a maior poboaci\u00f3n regular de toda a costa ib\u00e9rica, pero est\u00e1 en constante e preocupante declive por mor das capturas accidentais e doutros factores relacionados coa actividade humana\",\"breadcrumb\":{\"@id\":\"https:\\\/\\\/www.anovapeneira.gal\\\/index.php\\\/2023\\\/01\\\/25\\\/as-toninas-en-perigo-de-extincion-e-sen-plan-de-conservacion-a-vista\\\/#breadcrumb\"},\"inLanguage\":\"gl-ES\",\"potentialAction\":[{\"@type\":\"ReadAction\",\"target\":[\"https:\\\/\\\/www.anovapeneira.gal\\\/index.php\\\/2023\\\/01\\\/25\\\/as-toninas-en-perigo-de-extincion-e-sen-plan-de-conservacion-a-vista\\\/\"]}]},{\"@type\":\"ImageObject\",\"inLanguage\":\"gl-ES\",\"@id\":\"https:\\\/\\\/www.anovapeneira.gal\\\/index.php\\\/2023\\\/01\\\/25\\\/as-toninas-en-perigo-de-extincion-e-sen-plan-de-conservacion-a-vista\\\/#primaryimage\",\"url\":\"https:\\\/\\\/www.anovapeneira.gal\\\/wp-content\\\/uploads\\\/2023\\\/01\\\/toninha_varada_cemma2.jpg\",\"contentUrl\":\"https:\\\/\\\/www.anovapeneira.gal\\\/wp-content\\\/uploads\\\/2023\\\/01\\\/toninha_varada_cemma2.jpg\",\"width\":720,\"height\":432,\"caption\":\"Toni\u00f1a varada\"},{\"@type\":\"BreadcrumbList\",\"@id\":\"https:\\\/\\\/www.anovapeneira.gal\\\/index.php\\\/2023\\\/01\\\/25\\\/as-toninas-en-perigo-de-extincion-e-sen-plan-de-conservacion-a-vista\\\/#breadcrumb\",\"itemListElement\":[{\"@type\":\"ListItem\",\"position\":1,\"name\":\"Portada\",\"item\":\"https:\\\/\\\/www.anovapeneira.gal\\\/\"},{\"@type\":\"ListItem\",\"position\":2,\"name\":\"As toni\u00f1as, en perigo de extinci\u00f3n e sen plan de conservaci\u00f3n \u00e1 vista\"}]},{\"@type\":\"WebSite\",\"@id\":\"https:\\\/\\\/www.anovapeneira.gal\\\/#website\",\"url\":\"https:\\\/\\\/www.anovapeneira.gal\\\/\",\"name\":\"\",\"description\":\"Xornal galego de informaci\u00f3n xeral Publicaci\u00f3n mensual de novas de Galicia e en especial dos Concellos da sur da provincia de Pontevedra.\",\"publisher\":{\"@id\":\"https:\\\/\\\/www.anovapeneira.gal\\\/#organization\"},\"potentialAction\":[{\"@type\":\"SearchAction\",\"target\":{\"@type\":\"EntryPoint\",\"urlTemplate\":\"https:\\\/\\\/www.anovapeneira.gal\\\/?s={search_term_string}\"},\"query-input\":{\"@type\":\"PropertyValueSpecification\",\"valueRequired\":true,\"valueName\":\"search_term_string\"}}],\"inLanguage\":\"gl-ES\"},{\"@type\":\"Organization\",\"@id\":\"https:\\\/\\\/www.anovapeneira.gal\\\/#organization\",\"name\":\"A Nova Peneira\",\"url\":\"https:\\\/\\\/www.anovapeneira.gal\\\/\",\"logo\":{\"@type\":\"ImageObject\",\"inLanguage\":\"gl-ES\",\"@id\":\"https:\\\/\\\/www.anovapeneira.gal\\\/#\\\/schema\\\/logo\\\/image\\\/\",\"url\":\"http:\\\/\\\/www.anovapeneira.gal\\\/wp-content\\\/uploads\\\/2019\\\/06\\\/logo_a_nova_peneira_portal_web.png\",\"contentUrl\":\"http:\\\/\\\/www.anovapeneira.gal\\\/wp-content\\\/uploads\\\/2019\\\/06\\\/logo_a_nova_peneira_portal_web.png\",\"width\":300,\"height\":100,\"caption\":\"A Nova Peneira\"},\"image\":{\"@id\":\"https:\\\/\\\/www.anovapeneira.gal\\\/#\\\/schema\\\/logo\\\/image\\\/\"},\"sameAs\":[\"https:\\\/\\\/www.facebook.com\\\/anovapeneira\",\"https:\\\/\\\/x.com\\\/APeneira\"]},{\"@type\":\"Person\",\"@id\":\"https:\\\/\\\/www.anovapeneira.gal\\\/#\\\/schema\\\/person\\\/f18a4feb302e8f20bcef4490b5b60bb3\",\"name\":\"Artigos Opini\u00f3n\",\"image\":{\"@type\":\"ImageObject\",\"inLanguage\":\"gl-ES\",\"@id\":\"https:\\\/\\\/secure.gravatar.com\\\/avatar\\\/072844300f4881150aee2da4278f7a65d16eefdf8262eb67085f1e702de2b959?s=96&d=mm&r=g\",\"url\":\"https:\\\/\\\/secure.gravatar.com\\\/avatar\\\/072844300f4881150aee2da4278f7a65d16eefdf8262eb67085f1e702de2b959?s=96&d=mm&r=g\",\"contentUrl\":\"https:\\\/\\\/secure.gravatar.com\\\/avatar\\\/072844300f4881150aee2da4278f7a65d16eefdf8262eb67085f1e702de2b959?s=96&d=mm&r=g\",\"caption\":\"Artigos Opini\u00f3n\"},\"sameAs\":[\"http:\\\/\\\/anovapeneira.gal\"],\"url\":\"https:\\\/\\\/www.anovapeneira.gal\\\/index.php\\\/author\\\/artigosopinion\\\/\"}]}<\/script>\n<!-- \/ Yoast SEO plugin. -->","yoast_head_json":{"title":"As toni\u00f1as, en perigo de extinci\u00f3n e sen plan de conservaci\u00f3n \u00e1 vista -","description":"Esta especie de mam\u00edfero mari\u00f1o ten en Galicia a maior poboaci\u00f3n regular de toda a costa ib\u00e9rica, pero est\u00e1 en constante e preocupante declive por mor das capturas accidentais e doutros factores relacionados coa actividade humana","robots":{"index":"index","follow":"follow","max-snippet":"max-snippet:-1","max-image-preview":"max-image-preview:large","max-video-preview":"max-video-preview:-1"},"canonical":"https:\/\/www.anovapeneira.gal\/index.php\/2023\/01\/25\/as-toninas-en-perigo-de-extincion-e-sen-plan-de-conservacion-a-vista\/","og_locale":"gl_ES","og_type":"article","og_title":"As toni\u00f1as, en perigo de extinci\u00f3n e sen plan de conservaci\u00f3n \u00e1 vista -","og_description":"Esta especie de mam\u00edfero mari\u00f1o ten en Galicia a maior poboaci\u00f3n regular de toda a costa ib\u00e9rica, pero est\u00e1 en constante e preocupante declive por mor das capturas accidentais e doutros factores relacionados coa actividade humana","og_url":"https:\/\/www.anovapeneira.gal\/index.php\/2023\/01\/25\/as-toninas-en-perigo-de-extincion-e-sen-plan-de-conservacion-a-vista\/","article_publisher":"https:\/\/www.facebook.com\/anovapeneira","article_published_time":"2023-01-25T11:00:14+00:00","og_image":[{"width":720,"height":432,"url":"https:\/\/www.anovapeneira.gal\/wp-content\/uploads\/2023\/01\/toninha_varada_cemma2.jpg","type":"image\/jpeg"}],"author":"Artigos Opini\u00f3n","twitter_card":"summary_large_image","twitter_creator":"@APeneira","twitter_site":"@APeneira","twitter_misc":{"Escrito por":"Artigos Opini\u00f3n","Tempo de lectura":"8 minutos"},"schema":{"@context":"https:\/\/schema.org","@graph":[{"@type":"Article","@id":"https:\/\/www.anovapeneira.gal\/index.php\/2023\/01\/25\/as-toninas-en-perigo-de-extincion-e-sen-plan-de-conservacion-a-vista\/#article","isPartOf":{"@id":"https:\/\/www.anovapeneira.gal\/index.php\/2023\/01\/25\/as-toninas-en-perigo-de-extincion-e-sen-plan-de-conservacion-a-vista\/"},"author":{"name":"Artigos Opini\u00f3n","@id":"https:\/\/www.anovapeneira.gal\/#\/schema\/person\/f18a4feb302e8f20bcef4490b5b60bb3"},"headline":"As toni\u00f1as, en perigo de extinci\u00f3n e sen plan de conservaci\u00f3n \u00e1 vista","datePublished":"2023-01-25T11:00:14+00:00","mainEntityOfPage":{"@id":"https:\/\/www.anovapeneira.gal\/index.php\/2023\/01\/25\/as-toninas-en-perigo-de-extincion-e-sen-plan-de-conservacion-a-vista\/"},"wordCount":1561,"commentCount":0,"publisher":{"@id":"https:\/\/www.anovapeneira.gal\/#organization"},"image":{"@id":"https:\/\/www.anovapeneira.gal\/index.php\/2023\/01\/25\/as-toninas-en-perigo-de-extincion-e-sen-plan-de-conservacion-a-vista\/#primaryimage"},"thumbnailUrl":"https:\/\/www.anovapeneira.gal\/wp-content\/uploads\/2023\/01\/toninha_varada_cemma2.jpg","keywords":["Alma L\u00f3pez Figueiras"],"articleSection":["Artigos de opini\u00f3n"],"inLanguage":"gl-ES","potentialAction":[{"@type":"CommentAction","name":"Comment","target":["https:\/\/www.anovapeneira.gal\/index.php\/2023\/01\/25\/as-toninas-en-perigo-de-extincion-e-sen-plan-de-conservacion-a-vista\/#respond"]}]},{"@type":"WebPage","@id":"https:\/\/www.anovapeneira.gal\/index.php\/2023\/01\/25\/as-toninas-en-perigo-de-extincion-e-sen-plan-de-conservacion-a-vista\/","url":"https:\/\/www.anovapeneira.gal\/index.php\/2023\/01\/25\/as-toninas-en-perigo-de-extincion-e-sen-plan-de-conservacion-a-vista\/","name":"As toni\u00f1as, en perigo de extinci\u00f3n e sen plan de conservaci\u00f3n \u00e1 vista -","isPartOf":{"@id":"https:\/\/www.anovapeneira.gal\/#website"},"primaryImageOfPage":{"@id":"https:\/\/www.anovapeneira.gal\/index.php\/2023\/01\/25\/as-toninas-en-perigo-de-extincion-e-sen-plan-de-conservacion-a-vista\/#primaryimage"},"image":{"@id":"https:\/\/www.anovapeneira.gal\/index.php\/2023\/01\/25\/as-toninas-en-perigo-de-extincion-e-sen-plan-de-conservacion-a-vista\/#primaryimage"},"thumbnailUrl":"https:\/\/www.anovapeneira.gal\/wp-content\/uploads\/2023\/01\/toninha_varada_cemma2.jpg","datePublished":"2023-01-25T11:00:14+00:00","description":"Esta especie de mam\u00edfero mari\u00f1o ten en Galicia a maior poboaci\u00f3n regular de toda a costa ib\u00e9rica, pero est\u00e1 en constante e preocupante declive por mor das capturas accidentais e doutros factores relacionados coa actividade humana","breadcrumb":{"@id":"https:\/\/www.anovapeneira.gal\/index.php\/2023\/01\/25\/as-toninas-en-perigo-de-extincion-e-sen-plan-de-conservacion-a-vista\/#breadcrumb"},"inLanguage":"gl-ES","potentialAction":[{"@type":"ReadAction","target":["https:\/\/www.anovapeneira.gal\/index.php\/2023\/01\/25\/as-toninas-en-perigo-de-extincion-e-sen-plan-de-conservacion-a-vista\/"]}]},{"@type":"ImageObject","inLanguage":"gl-ES","@id":"https:\/\/www.anovapeneira.gal\/index.php\/2023\/01\/25\/as-toninas-en-perigo-de-extincion-e-sen-plan-de-conservacion-a-vista\/#primaryimage","url":"https:\/\/www.anovapeneira.gal\/wp-content\/uploads\/2023\/01\/toninha_varada_cemma2.jpg","contentUrl":"https:\/\/www.anovapeneira.gal\/wp-content\/uploads\/2023\/01\/toninha_varada_cemma2.jpg","width":720,"height":432,"caption":"Toni\u00f1a varada"},{"@type":"BreadcrumbList","@id":"https:\/\/www.anovapeneira.gal\/index.php\/2023\/01\/25\/as-toninas-en-perigo-de-extincion-e-sen-plan-de-conservacion-a-vista\/#breadcrumb","itemListElement":[{"@type":"ListItem","position":1,"name":"Portada","item":"https:\/\/www.anovapeneira.gal\/"},{"@type":"ListItem","position":2,"name":"As toni\u00f1as, en perigo de extinci\u00f3n e sen plan de conservaci\u00f3n \u00e1 vista"}]},{"@type":"WebSite","@id":"https:\/\/www.anovapeneira.gal\/#website","url":"https:\/\/www.anovapeneira.gal\/","name":"","description":"Xornal galego de informaci\u00f3n xeral Publicaci\u00f3n mensual de novas de Galicia e en especial dos Concellos da sur da provincia de Pontevedra.","publisher":{"@id":"https:\/\/www.anovapeneira.gal\/#organization"},"potentialAction":[{"@type":"SearchAction","target":{"@type":"EntryPoint","urlTemplate":"https:\/\/www.anovapeneira.gal\/?s={search_term_string}"},"query-input":{"@type":"PropertyValueSpecification","valueRequired":true,"valueName":"search_term_string"}}],"inLanguage":"gl-ES"},{"@type":"Organization","@id":"https:\/\/www.anovapeneira.gal\/#organization","name":"A Nova Peneira","url":"https:\/\/www.anovapeneira.gal\/","logo":{"@type":"ImageObject","inLanguage":"gl-ES","@id":"https:\/\/www.anovapeneira.gal\/#\/schema\/logo\/image\/","url":"http:\/\/www.anovapeneira.gal\/wp-content\/uploads\/2019\/06\/logo_a_nova_peneira_portal_web.png","contentUrl":"http:\/\/www.anovapeneira.gal\/wp-content\/uploads\/2019\/06\/logo_a_nova_peneira_portal_web.png","width":300,"height":100,"caption":"A Nova Peneira"},"image":{"@id":"https:\/\/www.anovapeneira.gal\/#\/schema\/logo\/image\/"},"sameAs":["https:\/\/www.facebook.com\/anovapeneira","https:\/\/x.com\/APeneira"]},{"@type":"Person","@id":"https:\/\/www.anovapeneira.gal\/#\/schema\/person\/f18a4feb302e8f20bcef4490b5b60bb3","name":"Artigos Opini\u00f3n","image":{"@type":"ImageObject","inLanguage":"gl-ES","@id":"https:\/\/secure.gravatar.com\/avatar\/072844300f4881150aee2da4278f7a65d16eefdf8262eb67085f1e702de2b959?s=96&d=mm&r=g","url":"https:\/\/secure.gravatar.com\/avatar\/072844300f4881150aee2da4278f7a65d16eefdf8262eb67085f1e702de2b959?s=96&d=mm&r=g","contentUrl":"https:\/\/secure.gravatar.com\/avatar\/072844300f4881150aee2da4278f7a65d16eefdf8262eb67085f1e702de2b959?s=96&d=mm&r=g","caption":"Artigos Opini\u00f3n"},"sameAs":["http:\/\/anovapeneira.gal"],"url":"https:\/\/www.anovapeneira.gal\/index.php\/author\/artigosopinion\/"}]}},"jetpack_featured_media_url":"https:\/\/www.anovapeneira.gal\/wp-content\/uploads\/2023\/01\/toninha_varada_cemma2.jpg","_links":{"self":[{"href":"https:\/\/www.anovapeneira.gal\/index.php\/wp-json\/wp\/v2\/posts\/8958","targetHints":{"allow":["GET"]}}],"collection":[{"href":"https:\/\/www.anovapeneira.gal\/index.php\/wp-json\/wp\/v2\/posts"}],"about":[{"href":"https:\/\/www.anovapeneira.gal\/index.php\/wp-json\/wp\/v2\/types\/post"}],"author":[{"embeddable":true,"href":"https:\/\/www.anovapeneira.gal\/index.php\/wp-json\/wp\/v2\/users\/12"}],"replies":[{"embeddable":true,"href":"https:\/\/www.anovapeneira.gal\/index.php\/wp-json\/wp\/v2\/comments?post=8958"}],"version-history":[{"count":2,"href":"https:\/\/www.anovapeneira.gal\/index.php\/wp-json\/wp\/v2\/posts\/8958\/revisions"}],"predecessor-version":[{"id":8961,"href":"https:\/\/www.anovapeneira.gal\/index.php\/wp-json\/wp\/v2\/posts\/8958\/revisions\/8961"}],"wp:featuredmedia":[{"embeddable":true,"href":"https:\/\/www.anovapeneira.gal\/index.php\/wp-json\/wp\/v2\/media\/8960"}],"wp:attachment":[{"href":"https:\/\/www.anovapeneira.gal\/index.php\/wp-json\/wp\/v2\/media?parent=8958"}],"wp:term":[{"taxonomy":"category","embeddable":true,"href":"https:\/\/www.anovapeneira.gal\/index.php\/wp-json\/wp\/v2\/categories?post=8958"},{"taxonomy":"post_tag","embeddable":true,"href":"https:\/\/www.anovapeneira.gal\/index.php\/wp-json\/wp\/v2\/tags?post=8958"}],"curies":[{"name":"wp","href":"https:\/\/api.w.org\/{rel}","templated":true}]}}