{"id":8962,"date":"2023-01-26T10:00:42","date_gmt":"2023-01-26T09:00:42","guid":{"rendered":"https:\/\/www.anovapeneira.gal\/?p=8962"},"modified":"2023-01-23T11:02:01","modified_gmt":"2023-01-23T10:02:01","slug":"e-ao-mirar-atras-vemos-perfectamente","status":"publish","type":"post","link":"https:\/\/www.anovapeneira.gal\/index.php\/2023\/01\/26\/e-ao-mirar-atras-vemos-perfectamente\/","title":{"rendered":"E ao mirar atr\u00e1s vemos perfectamente"},"content":{"rendered":"\n<figure class=\"wp-block-image size-full is-resized\"><img loading=\"lazy\" decoding=\"async\" src=\"https:\/\/www.anovapeneira.gal\/wp-content\/uploads\/2019\/07\/Baldomero_Iglesias_Dobarrio_Mero.jpg\" alt=\"Baldomero Iglesias Dobarrio Mero artigos de opini\u00f3n A Nova Peneira\" class=\"wp-image-482\" width=\"95\" height=\"111\"\/><figcaption>Baldomero Iglesias Dobarrio, Mero<\/figcaption><\/figure>\n\n\n\n<p>Quero desconectar da realidade para poder vivir, para saberme nalgo daquela digna condici\u00f3n humana. Porque esta realidade f\u00e1lame da xente maior en soidade, abandonada e non estimada que morre sen que ningu\u00e9n se aperciba. Esta realidade f\u00e1lame de crianzas descoidadas e abusadas, violentadas no horror e na podremia. Esta realidade, f\u00e1lame tam\u00e9n duns servizos p\u00fablicos esgotados e arruinados polas amizades deshonestas do poder, f\u00e1lame dunha sanidade que non d\u00e1, que vai sen coidados nin atenci\u00f3n, de longas colas e de falta de medios. Esta realidade que se ve, f\u00e1lame dunha educaci\u00f3n embarullada, chea de pingueiras e falta de solvencia, chea de perdas de tempo. Esta realidade tam\u00e9n me fala de que individualmente perdemos a condici\u00f3n de chamarnos por un nome, calquera nome, pero sobre todo que te\u00f1a que ver coa sublime humanidade que caracterizarnos debera. Que mentres eles, maiores e crianzas, tec\u00edan tenruras, n\u00f3s fomos ensarillando rancores e odio, tam\u00e9n o cibern\u00e9tico mundo das soidades, da desatenci\u00f3n, da virtual desconexi\u00f3n que nos atrapa. Case non miramos a paisaxe, que a penas falamos, que case non nos miramos nin o\u00edmos. Andamos noutros lerios, noutras angueiras do inmediato, da falta de respecto, da atenci\u00f3n solapada, de mentiras disimuladas, de pouca certeza. Convert\u00e9monos en proxectos numerados das series contundentes, das rodaxes e escenarios, do que nos diten para obedecer, das previsi\u00f3ns do tempo, das mensaxes subliminares, das propagandas de colonias e perfumes, enaltecidos nas tarxetas de cr\u00e9dito dos bancos e nas contas que cotizan en bolsa para agrandar as diferencias e distancias, para cavar precipicios de soidades, de desigualdades, de inxustizas.<\/p>\n\n\n\n<p>Por riba, hoxe a realidade dime de s\u00fapeto que a Nosa Lingua se perde. Que a Nosa Lingua, esta que est\u00e1 a ler, vai esmorecendo e retrocede, que xa non \u00e9 a lingua m\u00e1is empregada, que de cada catro nenos, s\u00f3 un fala en galego. Ben se v\u00eda vir, quizais non queriamos darnos conta. Aqu\u00ed ser\u00eda o sitio de botar pecados e xurar en alto. Axudaron todas as instituci\u00f3ns que te\u00f1en responsabilidade, desde as do Estado at\u00e9 calquera outra do arredor, mesmo as da administraci\u00f3n m\u00e1is pr\u00f3xima. Axudaron todos os pol\u00edticos, tam\u00e9n os nosos, que ata aqu\u00ed descenderon e consentiron. Consentiron que algo tan de n\u00f3s, o maior signo de beleza que esta pobo pode dar e ofrecer, se encontre en tal estado. Cando isto sucede, debemos reco\u00f1ecer estar na antesala da inmolaci\u00f3n, da perda de identidade absoluta. Ningu\u00e9n volveu pola fouce, ningu\u00e9n quixo facerse cargo, ningu\u00e9n fixo nada para atallar esta situaci\u00f3n, ningu\u00e9n asumiu o compromiso. D\u00edgoo como o sinto: ningu\u00e9n. Tampouco os nosos, ningu\u00e9n protestou ou marchou dos foros de obrigado cumprimento para evidenciar o deterioro da lingua. Ningu\u00e9n dos que mandan fixo folga de fame ata que se repuxese a dignidade da palabra, ata obrigar ao co\u00f1ecemento e respecto debido da bandeira, esta si, que nos legaliza e describe, que nos harmoniza. Nin sequera as instituci\u00f3ns que naceron para prestixiala, nin sequera esas. Que m\u00e1goa tan grande! O d\u00eda que a perdamos, volveremos ser catro provincias pinchadas nun mapa. Al\u00e1 na monta\u00f1a de lixo onde estercan os petroleiros que nos invaden, al\u00e1 no extremo aquel onde todo son eucaliptos e e\u00f3licos, onde se evaden patrimonios e beneficios para os grandes se\u00f1ores da distancia, al\u00ed onde abriron a terra tantas veces para roubarlle os tesouros que ti\u00f1a. Aquela, onde agora \u201cse\u00f1orean\u201d noutras linguas e as familias deixaron de ter xa unha \u201cmorena\u201d de fillos. Al\u00ed onde non hai relevo xeracional, onde non hai xente nova que atenda raz\u00f3ns, onde os vellos pasaremos a falar coas paredes naquel acento pechado enaltecido en l\u00edricas que ningu\u00e9n entende. Al\u00ed onde se esquecen toponimias e nomes que a ningu\u00e9n importan. Al\u00ed onde deixaron da man aos maiores e tam\u00e9n \u00e1 xente m\u00e1is nova. Al\u00ed onde esqueceron o amor e non se amaron. Al\u00ed onde os ollos se viraron mudos no infinito, no horizonte verde da esperanza, na luz confiada de porvir, na xeograf\u00eda exacta da existencia, da experiencia e dos recendos eternos das olladas limpas de quen so\u00f1a cando lembra aloumi\u00f1os e sorrisos, cando escriben miles de lendas que son bicos, hoxe perdidos na aparencia e adxectivos.<\/p>\n","protected":false},"excerpt":{"rendered":"<div class=\"mh-excerpt\"><p>Quero desconectar da realidade para poder vivir, para saberme nalgo daquela digna condici\u00f3n humana. Porque esta realidade f\u00e1lame da xente maior en soidade, abandonada e non estimada que morre sen que ningu\u00e9n se aperciba <a class=\"mh-excerpt-more\" href=\"https:\/\/www.anovapeneira.gal\/index.php\/2023\/01\/26\/e-ao-mirar-atras-vemos-perfectamente\/\" title=\"E ao mirar atr\u00e1s vemos perfectamente\">[&#8230;]<\/a><\/p>\n<\/div>","protected":false},"author":5,"featured_media":584,"comment_status":"open","ping_status":"open","sticky":false,"template":"","format":"standard","meta":{"_exactmetrics_skip_tracking":false,"_exactmetrics_sitenote_active":false,"_exactmetrics_sitenote_note":"","_exactmetrics_sitenote_category":0,"footnotes":""},"categories":[7],"tags":[],"class_list":{"0":"post-8962","1":"post","2":"type-post","3":"status-publish","4":"format-standard","5":"has-post-thumbnail","7":"category-artigos-de-opinion"},"yoast_head":"<!-- This site is optimized with the Yoast SEO plugin v27.4 - https:\/\/yoast.com\/product\/yoast-seo-wordpress\/ -->\n<title>E ao mirar atr\u00e1s vemos perfectamente -<\/title>\n<meta name=\"description\" content=\"Quero desconectar da realidade para poder vivir, para saberme nalgo daquela digna condici\u00f3n humana. Porque esta realidade f\u00e1lame da xente maior en soidade, abandonada e non estimada que morre sen que ningu\u00e9n se aperciba\" \/>\n<meta name=\"robots\" content=\"index, follow, max-snippet:-1, max-image-preview:large, max-video-preview:-1\" \/>\n<link rel=\"canonical\" href=\"https:\/\/www.anovapeneira.gal\/index.php\/2023\/01\/26\/e-ao-mirar-atras-vemos-perfectamente\/\" \/>\n<meta property=\"og:locale\" content=\"gl_ES\" \/>\n<meta property=\"og:type\" content=\"article\" \/>\n<meta property=\"og:title\" content=\"E ao mirar atr\u00e1s vemos perfectamente -\" \/>\n<meta property=\"og:description\" content=\"Quero desconectar da realidade para poder vivir, para saberme nalgo daquela digna condici\u00f3n humana. Porque esta realidade f\u00e1lame da xente maior en soidade, abandonada e non estimada que morre sen que ningu\u00e9n se aperciba\" \/>\n<meta property=\"og:url\" content=\"https:\/\/www.anovapeneira.gal\/index.php\/2023\/01\/26\/e-ao-mirar-atras-vemos-perfectamente\/\" \/>\n<meta property=\"article:publisher\" content=\"https:\/\/www.facebook.com\/anovapeneira\" \/>\n<meta property=\"article:published_time\" content=\"2023-01-26T09:00:42+00:00\" \/>\n<meta property=\"og:image\" content=\"https:\/\/www.anovapeneira.gal\/wp-content\/uploads\/2019\/07\/ARTIGO_DE_OPINION_A_NOVA_PENEIRA.jpg\" \/>\n\t<meta property=\"og:image:width\" content=\"720\" \/>\n\t<meta property=\"og:image:height\" content=\"473\" \/>\n\t<meta property=\"og:image:type\" content=\"image\/jpeg\" \/>\n<meta name=\"author\" content=\"Baldomero Iglesias Dobarrio, Mero\" \/>\n<meta name=\"twitter:card\" content=\"summary_large_image\" \/>\n<meta name=\"twitter:image\" content=\"https:\/\/www.anovapeneira.gal\/wp-content\/uploads\/2019\/07\/ARTIGO_DE_OPINION_A_NOVA_PENEIRA.jpg\" \/>\n<meta name=\"twitter:creator\" content=\"@APeneira\" \/>\n<meta name=\"twitter:site\" content=\"@APeneira\" \/>\n<meta name=\"twitter:label1\" content=\"Escrito por\" \/>\n\t<meta name=\"twitter:data1\" content=\"Baldomero Iglesias Dobarrio, Mero\" \/>\n\t<meta name=\"twitter:label2\" content=\"Tempo de lectura\" \/>\n\t<meta name=\"twitter:data2\" content=\"4 minutos\" \/>\n<script type=\"application\/ld+json\" class=\"yoast-schema-graph\">{\"@context\":\"https:\\\/\\\/schema.org\",\"@graph\":[{\"@type\":\"Article\",\"@id\":\"https:\\\/\\\/www.anovapeneira.gal\\\/index.php\\\/2023\\\/01\\\/26\\\/e-ao-mirar-atras-vemos-perfectamente\\\/#article\",\"isPartOf\":{\"@id\":\"https:\\\/\\\/www.anovapeneira.gal\\\/index.php\\\/2023\\\/01\\\/26\\\/e-ao-mirar-atras-vemos-perfectamente\\\/\"},\"author\":{\"name\":\"Baldomero Iglesias Dobarrio, Mero\",\"@id\":\"https:\\\/\\\/www.anovapeneira.gal\\\/#\\\/schema\\\/person\\\/b051ed40cfc100e281476674783b32fc\"},\"headline\":\"E ao mirar atr\u00e1s vemos perfectamente\",\"datePublished\":\"2023-01-26T09:00:42+00:00\",\"mainEntityOfPage\":{\"@id\":\"https:\\\/\\\/www.anovapeneira.gal\\\/index.php\\\/2023\\\/01\\\/26\\\/e-ao-mirar-atras-vemos-perfectamente\\\/\"},\"wordCount\":758,\"commentCount\":0,\"publisher\":{\"@id\":\"https:\\\/\\\/www.anovapeneira.gal\\\/#organization\"},\"image\":{\"@id\":\"https:\\\/\\\/www.anovapeneira.gal\\\/index.php\\\/2023\\\/01\\\/26\\\/e-ao-mirar-atras-vemos-perfectamente\\\/#primaryimage\"},\"thumbnailUrl\":\"https:\\\/\\\/www.anovapeneira.gal\\\/wp-content\\\/uploads\\\/2019\\\/07\\\/ARTIGO_DE_OPINION_A_NOVA_PENEIRA.jpg\",\"articleSection\":[\"Artigos de opini\u00f3n\"],\"inLanguage\":\"gl-ES\",\"potentialAction\":[{\"@type\":\"CommentAction\",\"name\":\"Comment\",\"target\":[\"https:\\\/\\\/www.anovapeneira.gal\\\/index.php\\\/2023\\\/01\\\/26\\\/e-ao-mirar-atras-vemos-perfectamente\\\/#respond\"]}]},{\"@type\":\"WebPage\",\"@id\":\"https:\\\/\\\/www.anovapeneira.gal\\\/index.php\\\/2023\\\/01\\\/26\\\/e-ao-mirar-atras-vemos-perfectamente\\\/\",\"url\":\"https:\\\/\\\/www.anovapeneira.gal\\\/index.php\\\/2023\\\/01\\\/26\\\/e-ao-mirar-atras-vemos-perfectamente\\\/\",\"name\":\"E ao mirar atr\u00e1s vemos perfectamente -\",\"isPartOf\":{\"@id\":\"https:\\\/\\\/www.anovapeneira.gal\\\/#website\"},\"primaryImageOfPage\":{\"@id\":\"https:\\\/\\\/www.anovapeneira.gal\\\/index.php\\\/2023\\\/01\\\/26\\\/e-ao-mirar-atras-vemos-perfectamente\\\/#primaryimage\"},\"image\":{\"@id\":\"https:\\\/\\\/www.anovapeneira.gal\\\/index.php\\\/2023\\\/01\\\/26\\\/e-ao-mirar-atras-vemos-perfectamente\\\/#primaryimage\"},\"thumbnailUrl\":\"https:\\\/\\\/www.anovapeneira.gal\\\/wp-content\\\/uploads\\\/2019\\\/07\\\/ARTIGO_DE_OPINION_A_NOVA_PENEIRA.jpg\",\"datePublished\":\"2023-01-26T09:00:42+00:00\",\"description\":\"Quero desconectar da realidade para poder vivir, para saberme nalgo daquela digna condici\u00f3n humana. Porque esta realidade f\u00e1lame da xente maior en soidade, abandonada e non estimada que morre sen que ningu\u00e9n se aperciba\",\"breadcrumb\":{\"@id\":\"https:\\\/\\\/www.anovapeneira.gal\\\/index.php\\\/2023\\\/01\\\/26\\\/e-ao-mirar-atras-vemos-perfectamente\\\/#breadcrumb\"},\"inLanguage\":\"gl-ES\",\"potentialAction\":[{\"@type\":\"ReadAction\",\"target\":[\"https:\\\/\\\/www.anovapeneira.gal\\\/index.php\\\/2023\\\/01\\\/26\\\/e-ao-mirar-atras-vemos-perfectamente\\\/\"]}]},{\"@type\":\"ImageObject\",\"inLanguage\":\"gl-ES\",\"@id\":\"https:\\\/\\\/www.anovapeneira.gal\\\/index.php\\\/2023\\\/01\\\/26\\\/e-ao-mirar-atras-vemos-perfectamente\\\/#primaryimage\",\"url\":\"https:\\\/\\\/www.anovapeneira.gal\\\/wp-content\\\/uploads\\\/2019\\\/07\\\/ARTIGO_DE_OPINION_A_NOVA_PENEIRA.jpg\",\"contentUrl\":\"https:\\\/\\\/www.anovapeneira.gal\\\/wp-content\\\/uploads\\\/2019\\\/07\\\/ARTIGO_DE_OPINION_A_NOVA_PENEIRA.jpg\",\"width\":720,\"height\":473,\"caption\":\"Artigo de opini\u00f3n A Nova Peneira\"},{\"@type\":\"BreadcrumbList\",\"@id\":\"https:\\\/\\\/www.anovapeneira.gal\\\/index.php\\\/2023\\\/01\\\/26\\\/e-ao-mirar-atras-vemos-perfectamente\\\/#breadcrumb\",\"itemListElement\":[{\"@type\":\"ListItem\",\"position\":1,\"name\":\"Portada\",\"item\":\"https:\\\/\\\/www.anovapeneira.gal\\\/\"},{\"@type\":\"ListItem\",\"position\":2,\"name\":\"E ao mirar atr\u00e1s vemos perfectamente\"}]},{\"@type\":\"WebSite\",\"@id\":\"https:\\\/\\\/www.anovapeneira.gal\\\/#website\",\"url\":\"https:\\\/\\\/www.anovapeneira.gal\\\/\",\"name\":\"\",\"description\":\"Xornal galego de informaci\u00f3n xeral Publicaci\u00f3n mensual de novas de Galicia e en especial dos Concellos da sur da provincia de Pontevedra.\",\"publisher\":{\"@id\":\"https:\\\/\\\/www.anovapeneira.gal\\\/#organization\"},\"potentialAction\":[{\"@type\":\"SearchAction\",\"target\":{\"@type\":\"EntryPoint\",\"urlTemplate\":\"https:\\\/\\\/www.anovapeneira.gal\\\/?s={search_term_string}\"},\"query-input\":{\"@type\":\"PropertyValueSpecification\",\"valueRequired\":true,\"valueName\":\"search_term_string\"}}],\"inLanguage\":\"gl-ES\"},{\"@type\":\"Organization\",\"@id\":\"https:\\\/\\\/www.anovapeneira.gal\\\/#organization\",\"name\":\"A Nova Peneira\",\"url\":\"https:\\\/\\\/www.anovapeneira.gal\\\/\",\"logo\":{\"@type\":\"ImageObject\",\"inLanguage\":\"gl-ES\",\"@id\":\"https:\\\/\\\/www.anovapeneira.gal\\\/#\\\/schema\\\/logo\\\/image\\\/\",\"url\":\"http:\\\/\\\/www.anovapeneira.gal\\\/wp-content\\\/uploads\\\/2019\\\/06\\\/logo_a_nova_peneira_portal_web.png\",\"contentUrl\":\"http:\\\/\\\/www.anovapeneira.gal\\\/wp-content\\\/uploads\\\/2019\\\/06\\\/logo_a_nova_peneira_portal_web.png\",\"width\":300,\"height\":100,\"caption\":\"A Nova Peneira\"},\"image\":{\"@id\":\"https:\\\/\\\/www.anovapeneira.gal\\\/#\\\/schema\\\/logo\\\/image\\\/\"},\"sameAs\":[\"https:\\\/\\\/www.facebook.com\\\/anovapeneira\",\"https:\\\/\\\/x.com\\\/APeneira\"]},{\"@type\":\"Person\",\"@id\":\"https:\\\/\\\/www.anovapeneira.gal\\\/#\\\/schema\\\/person\\\/b051ed40cfc100e281476674783b32fc\",\"name\":\"Baldomero Iglesias Dobarrio, Mero\",\"image\":{\"@type\":\"ImageObject\",\"inLanguage\":\"gl-ES\",\"@id\":\"https:\\\/\\\/secure.gravatar.com\\\/avatar\\\/ca78fc089f8cf28197f88de2c9ac213e2f7d2097d8e359d9359b8778b539c59d?s=96&d=mm&r=g\",\"url\":\"https:\\\/\\\/secure.gravatar.com\\\/avatar\\\/ca78fc089f8cf28197f88de2c9ac213e2f7d2097d8e359d9359b8778b539c59d?s=96&d=mm&r=g\",\"contentUrl\":\"https:\\\/\\\/secure.gravatar.com\\\/avatar\\\/ca78fc089f8cf28197f88de2c9ac213e2f7d2097d8e359d9359b8778b539c59d?s=96&d=mm&r=g\",\"caption\":\"Baldomero Iglesias Dobarrio, Mero\"},\"sameAs\":[\"http:\\\/\\\/anovapeneira.gal\"],\"url\":\"https:\\\/\\\/www.anovapeneira.gal\\\/index.php\\\/author\\\/opinionmero\\\/\"}]}<\/script>\n<!-- \/ Yoast SEO plugin. -->","yoast_head_json":{"title":"E ao mirar atr\u00e1s vemos perfectamente -","description":"Quero desconectar da realidade para poder vivir, para saberme nalgo daquela digna condici\u00f3n humana. Porque esta realidade f\u00e1lame da xente maior en soidade, abandonada e non estimada que morre sen que ningu\u00e9n se aperciba","robots":{"index":"index","follow":"follow","max-snippet":"max-snippet:-1","max-image-preview":"max-image-preview:large","max-video-preview":"max-video-preview:-1"},"canonical":"https:\/\/www.anovapeneira.gal\/index.php\/2023\/01\/26\/e-ao-mirar-atras-vemos-perfectamente\/","og_locale":"gl_ES","og_type":"article","og_title":"E ao mirar atr\u00e1s vemos perfectamente -","og_description":"Quero desconectar da realidade para poder vivir, para saberme nalgo daquela digna condici\u00f3n humana. Porque esta realidade f\u00e1lame da xente maior en soidade, abandonada e non estimada que morre sen que ningu\u00e9n se aperciba","og_url":"https:\/\/www.anovapeneira.gal\/index.php\/2023\/01\/26\/e-ao-mirar-atras-vemos-perfectamente\/","article_publisher":"https:\/\/www.facebook.com\/anovapeneira","article_published_time":"2023-01-26T09:00:42+00:00","og_image":[{"width":720,"height":473,"url":"https:\/\/www.anovapeneira.gal\/wp-content\/uploads\/2019\/07\/ARTIGO_DE_OPINION_A_NOVA_PENEIRA.jpg","type":"image\/jpeg"}],"author":"Baldomero Iglesias Dobarrio, Mero","twitter_card":"summary_large_image","twitter_image":"https:\/\/www.anovapeneira.gal\/wp-content\/uploads\/2019\/07\/ARTIGO_DE_OPINION_A_NOVA_PENEIRA.jpg","twitter_creator":"@APeneira","twitter_site":"@APeneira","twitter_misc":{"Escrito por":"Baldomero Iglesias Dobarrio, Mero","Tempo de lectura":"4 minutos"},"schema":{"@context":"https:\/\/schema.org","@graph":[{"@type":"Article","@id":"https:\/\/www.anovapeneira.gal\/index.php\/2023\/01\/26\/e-ao-mirar-atras-vemos-perfectamente\/#article","isPartOf":{"@id":"https:\/\/www.anovapeneira.gal\/index.php\/2023\/01\/26\/e-ao-mirar-atras-vemos-perfectamente\/"},"author":{"name":"Baldomero Iglesias Dobarrio, Mero","@id":"https:\/\/www.anovapeneira.gal\/#\/schema\/person\/b051ed40cfc100e281476674783b32fc"},"headline":"E ao mirar atr\u00e1s vemos perfectamente","datePublished":"2023-01-26T09:00:42+00:00","mainEntityOfPage":{"@id":"https:\/\/www.anovapeneira.gal\/index.php\/2023\/01\/26\/e-ao-mirar-atras-vemos-perfectamente\/"},"wordCount":758,"commentCount":0,"publisher":{"@id":"https:\/\/www.anovapeneira.gal\/#organization"},"image":{"@id":"https:\/\/www.anovapeneira.gal\/index.php\/2023\/01\/26\/e-ao-mirar-atras-vemos-perfectamente\/#primaryimage"},"thumbnailUrl":"https:\/\/www.anovapeneira.gal\/wp-content\/uploads\/2019\/07\/ARTIGO_DE_OPINION_A_NOVA_PENEIRA.jpg","articleSection":["Artigos de opini\u00f3n"],"inLanguage":"gl-ES","potentialAction":[{"@type":"CommentAction","name":"Comment","target":["https:\/\/www.anovapeneira.gal\/index.php\/2023\/01\/26\/e-ao-mirar-atras-vemos-perfectamente\/#respond"]}]},{"@type":"WebPage","@id":"https:\/\/www.anovapeneira.gal\/index.php\/2023\/01\/26\/e-ao-mirar-atras-vemos-perfectamente\/","url":"https:\/\/www.anovapeneira.gal\/index.php\/2023\/01\/26\/e-ao-mirar-atras-vemos-perfectamente\/","name":"E ao mirar atr\u00e1s vemos perfectamente -","isPartOf":{"@id":"https:\/\/www.anovapeneira.gal\/#website"},"primaryImageOfPage":{"@id":"https:\/\/www.anovapeneira.gal\/index.php\/2023\/01\/26\/e-ao-mirar-atras-vemos-perfectamente\/#primaryimage"},"image":{"@id":"https:\/\/www.anovapeneira.gal\/index.php\/2023\/01\/26\/e-ao-mirar-atras-vemos-perfectamente\/#primaryimage"},"thumbnailUrl":"https:\/\/www.anovapeneira.gal\/wp-content\/uploads\/2019\/07\/ARTIGO_DE_OPINION_A_NOVA_PENEIRA.jpg","datePublished":"2023-01-26T09:00:42+00:00","description":"Quero desconectar da realidade para poder vivir, para saberme nalgo daquela digna condici\u00f3n humana. Porque esta realidade f\u00e1lame da xente maior en soidade, abandonada e non estimada que morre sen que ningu\u00e9n se aperciba","breadcrumb":{"@id":"https:\/\/www.anovapeneira.gal\/index.php\/2023\/01\/26\/e-ao-mirar-atras-vemos-perfectamente\/#breadcrumb"},"inLanguage":"gl-ES","potentialAction":[{"@type":"ReadAction","target":["https:\/\/www.anovapeneira.gal\/index.php\/2023\/01\/26\/e-ao-mirar-atras-vemos-perfectamente\/"]}]},{"@type":"ImageObject","inLanguage":"gl-ES","@id":"https:\/\/www.anovapeneira.gal\/index.php\/2023\/01\/26\/e-ao-mirar-atras-vemos-perfectamente\/#primaryimage","url":"https:\/\/www.anovapeneira.gal\/wp-content\/uploads\/2019\/07\/ARTIGO_DE_OPINION_A_NOVA_PENEIRA.jpg","contentUrl":"https:\/\/www.anovapeneira.gal\/wp-content\/uploads\/2019\/07\/ARTIGO_DE_OPINION_A_NOVA_PENEIRA.jpg","width":720,"height":473,"caption":"Artigo de opini\u00f3n A Nova Peneira"},{"@type":"BreadcrumbList","@id":"https:\/\/www.anovapeneira.gal\/index.php\/2023\/01\/26\/e-ao-mirar-atras-vemos-perfectamente\/#breadcrumb","itemListElement":[{"@type":"ListItem","position":1,"name":"Portada","item":"https:\/\/www.anovapeneira.gal\/"},{"@type":"ListItem","position":2,"name":"E ao mirar atr\u00e1s vemos perfectamente"}]},{"@type":"WebSite","@id":"https:\/\/www.anovapeneira.gal\/#website","url":"https:\/\/www.anovapeneira.gal\/","name":"","description":"Xornal galego de informaci\u00f3n xeral Publicaci\u00f3n mensual de novas de Galicia e en especial dos Concellos da sur da provincia de Pontevedra.","publisher":{"@id":"https:\/\/www.anovapeneira.gal\/#organization"},"potentialAction":[{"@type":"SearchAction","target":{"@type":"EntryPoint","urlTemplate":"https:\/\/www.anovapeneira.gal\/?s={search_term_string}"},"query-input":{"@type":"PropertyValueSpecification","valueRequired":true,"valueName":"search_term_string"}}],"inLanguage":"gl-ES"},{"@type":"Organization","@id":"https:\/\/www.anovapeneira.gal\/#organization","name":"A Nova Peneira","url":"https:\/\/www.anovapeneira.gal\/","logo":{"@type":"ImageObject","inLanguage":"gl-ES","@id":"https:\/\/www.anovapeneira.gal\/#\/schema\/logo\/image\/","url":"http:\/\/www.anovapeneira.gal\/wp-content\/uploads\/2019\/06\/logo_a_nova_peneira_portal_web.png","contentUrl":"http:\/\/www.anovapeneira.gal\/wp-content\/uploads\/2019\/06\/logo_a_nova_peneira_portal_web.png","width":300,"height":100,"caption":"A Nova Peneira"},"image":{"@id":"https:\/\/www.anovapeneira.gal\/#\/schema\/logo\/image\/"},"sameAs":["https:\/\/www.facebook.com\/anovapeneira","https:\/\/x.com\/APeneira"]},{"@type":"Person","@id":"https:\/\/www.anovapeneira.gal\/#\/schema\/person\/b051ed40cfc100e281476674783b32fc","name":"Baldomero Iglesias Dobarrio, Mero","image":{"@type":"ImageObject","inLanguage":"gl-ES","@id":"https:\/\/secure.gravatar.com\/avatar\/ca78fc089f8cf28197f88de2c9ac213e2f7d2097d8e359d9359b8778b539c59d?s=96&d=mm&r=g","url":"https:\/\/secure.gravatar.com\/avatar\/ca78fc089f8cf28197f88de2c9ac213e2f7d2097d8e359d9359b8778b539c59d?s=96&d=mm&r=g","contentUrl":"https:\/\/secure.gravatar.com\/avatar\/ca78fc089f8cf28197f88de2c9ac213e2f7d2097d8e359d9359b8778b539c59d?s=96&d=mm&r=g","caption":"Baldomero Iglesias Dobarrio, Mero"},"sameAs":["http:\/\/anovapeneira.gal"],"url":"https:\/\/www.anovapeneira.gal\/index.php\/author\/opinionmero\/"}]}},"jetpack_featured_media_url":"https:\/\/www.anovapeneira.gal\/wp-content\/uploads\/2019\/07\/ARTIGO_DE_OPINION_A_NOVA_PENEIRA.jpg","_links":{"self":[{"href":"https:\/\/www.anovapeneira.gal\/index.php\/wp-json\/wp\/v2\/posts\/8962","targetHints":{"allow":["GET"]}}],"collection":[{"href":"https:\/\/www.anovapeneira.gal\/index.php\/wp-json\/wp\/v2\/posts"}],"about":[{"href":"https:\/\/www.anovapeneira.gal\/index.php\/wp-json\/wp\/v2\/types\/post"}],"author":[{"embeddable":true,"href":"https:\/\/www.anovapeneira.gal\/index.php\/wp-json\/wp\/v2\/users\/5"}],"replies":[{"embeddable":true,"href":"https:\/\/www.anovapeneira.gal\/index.php\/wp-json\/wp\/v2\/comments?post=8962"}],"version-history":[{"count":1,"href":"https:\/\/www.anovapeneira.gal\/index.php\/wp-json\/wp\/v2\/posts\/8962\/revisions"}],"predecessor-version":[{"id":8963,"href":"https:\/\/www.anovapeneira.gal\/index.php\/wp-json\/wp\/v2\/posts\/8962\/revisions\/8963"}],"wp:featuredmedia":[{"embeddable":true,"href":"https:\/\/www.anovapeneira.gal\/index.php\/wp-json\/wp\/v2\/media\/584"}],"wp:attachment":[{"href":"https:\/\/www.anovapeneira.gal\/index.php\/wp-json\/wp\/v2\/media?parent=8962"}],"wp:term":[{"taxonomy":"category","embeddable":true,"href":"https:\/\/www.anovapeneira.gal\/index.php\/wp-json\/wp\/v2\/categories?post=8962"},{"taxonomy":"post_tag","embeddable":true,"href":"https:\/\/www.anovapeneira.gal\/index.php\/wp-json\/wp\/v2\/tags?post=8962"}],"curies":[{"name":"wp","href":"https:\/\/api.w.org\/{rel}","templated":true}]}}