{"id":8966,"date":"2023-01-27T10:00:26","date_gmt":"2023-01-27T09:00:26","guid":{"rendered":"https:\/\/www.anovapeneira.gal\/?p=8966"},"modified":"2023-01-23T11:12:47","modified_gmt":"2023-01-23T10:12:47","slug":"o-bng-aposta-pola-renovacion-para-liderar-o-cambio-que-cangas-precisa","status":"publish","type":"post","link":"https:\/\/www.anovapeneira.gal\/index.php\/2023\/01\/27\/o-bng-aposta-pola-renovacion-para-liderar-o-cambio-que-cangas-precisa\/","title":{"rendered":"O BNG aposta pola renovaci\u00f3n para liderar o cambio que Cangas precisa"},"content":{"rendered":"\n<p>O pasado 12 de xaneiro de 2023 a asemblea local do BNG en Cangas acordou a elecci\u00f3n de Araceli Gestido Rodr\u00edguez como a cabeza de lista do BNG para as vindeiras elecci\u00f3ns municipais.<\/p>\n\n\n\n<p>Dende o BNG entendemos que o pobo de Cangas est\u00e1 demandando cambio. A veci\u00f1anza trasl\u00e1danos que fai falla xente nova, con ideas e proxectos novos para vencer o estancamento e bloqueo no que se atopa o noso Concello pola falla de renovaci\u00f3n e de xesti\u00f3n. Demandan novas capacidades e talante necesarios para liderar, con compromiso e ilusi\u00f3n, novos proxectos e pol\u00edticas locais que fagan de Cangas unha referencia comarcal, xerando mais e mellores oportunidades, as\u00ed como calidade de vida e benestar para os nosos veci\u00f1os e veci\u00f1as.<\/p>\n\n\n\n<p>Ao longo destes \u00faltimos catro anos o BNG foi quen de facer unha oposici\u00f3n construtiva e respons\u00e1bel no Concello, colaborando co goberno en ocasi\u00f3ns puntuais para sacar adiante proxectos imprescindibles para Cangas (Plan de Concellos, orzamentos&#8230;). Mais entendemos que chegou o momento de dar un paso adiante e liderar un cambio para avanzar e sacar a Cangas da inactividade e falta de xesti\u00f3n actuais.<\/p>\n\n\n\n<p>Despois dun longo proceso de debate e reflexi\u00f3n interno, a asemblea local do BNG de Cangas acordou a elecci\u00f3n de Araceli Gestido como cabeza de lista para as vindeiras elecci\u00f3ns polo seu talante, formaci\u00f3n e experiencia, pero tam\u00e9n pola s\u00faa capacidade de arrastre, ilusi\u00f3n e traballo, que manifestou \u00f3 longo da s\u00faa experiencia laboral e pol\u00edtica.<\/p>\n\n\n\n<p>Araceli Gestido encarna este compromiso coa renovaci\u00f3n e cambio con ilusi\u00f3n, e entendemos, \u00e9 a mellor persoa para aglutinar nunha candidatura a un equipo de persoas capaces de xerar motivaci\u00f3n, aportar experiencia e liderar o cambio que Cangas precisa. O BNG \u00e9 a \u00fanica forza pol\u00edtica capaz de liderar o proceso de cambio que faga avanzar a Cangas. E estamos certos de que Araceli Gestido Rodr\u00edguez \u00e9 a persoa m\u00e1is adecuada para liderar ese proceso. Sabemos que Araceli Gestido ser\u00e1 a alcaldesa que devolver\u00e1 a ilusi\u00f3n por Cangas e a xesti\u00f3n seria, cercana e respons\u00e1bel que demandan e merecen os seus veci\u00f1os e veci\u00f1as.<\/p>\n\n\n\n<p>ARACELI GESTIDO RODR\u00cdGUEZ<\/p>\n\n\n\n<p>Veci\u00f1a de Cangas dende fai 6 anos, \u00e9 Licenciada en Ciencias Pol\u00edticas pola Universidade de Santiago de Compostela e Master en Direcci\u00f3n Comercial e Marketing. Sempre moi ligada \u00e1 actividade veci\u00f1al e promoci\u00f3n do desenvolvemento local sost\u00edbel, foi presidenta da Asociaci\u00f3n de veci\u00f1os\/as da Ameixoada. Agora \u00e9 comuneira de Coiro, colabora de cerca coa Plataforma \u201cE\u00f3licos no Morrazo Non\u201d e outras asociaci\u00f3ns vencelladas \u00e1 xesti\u00f3n e&nbsp;recuperaci\u00f3n do bosque aut\u00f3ctono. Residiu no Reino Unido onde se capacitou como conductora porfesional e actualmente traballa como respons\u00e1bel de Calidade e Atenci\u00f3n ao cliente nunha empresa de transportes, onde leva m\u00e1is de 8 anos desenvolvendo a s\u00faa actividade laboral.<\/p>\n\n\n\n<p><a><\/a> Conta con experiencia na pol\u00edtica municipal, foi concelleira do BNG no Concello de Moa\u00f1a, na oposici\u00f3n no tempo de&nbsp;XoseManuel Mill\u00e1n e con&nbsp;responsabiliades&nbsp;de goberno con Leticia Santos. Residiu no Reino Unido onde obtivo o carn\u00e9 de autob\u00fas e actualmente traballa como respons\u00e1bel de Calidade e Atenci\u00f3n ao cliente nunha empresa de transportes, onde leva m\u00e1is de 8 anos desenvolvendo a s\u00faa actividade laboral.<\/p>\n","protected":false},"excerpt":{"rendered":"<div class=\"mh-excerpt\"><p>O pasado 12 de xaneiro de 2023 a asemblea local do BNG en Cangas acordou a elecci\u00f3n de Araceli Gestido Rodr\u00edguez como a cabeza de lista do BNG para as vindeiras elecci\u00f3ns municipais <a class=\"mh-excerpt-more\" href=\"https:\/\/www.anovapeneira.gal\/index.php\/2023\/01\/27\/o-bng-aposta-pola-renovacion-para-liderar-o-cambio-que-cangas-precisa\/\" title=\"O BNG aposta pola renovaci\u00f3n para liderar o cambio que Cangas precisa\">[&#8230;]<\/a><\/p>\n<\/div>","protected":false},"author":3,"featured_media":8967,"comment_status":"open","ping_status":"open","sticky":false,"template":"","format":"standard","meta":{"_exactmetrics_skip_tracking":false,"_exactmetrics_sitenote_active":false,"_exactmetrics_sitenote_note":"","_exactmetrics_sitenote_category":0,"footnotes":""},"categories":[22],"tags":[681],"class_list":{"0":"post-8966","1":"post","2":"type-post","3":"status-publish","4":"format-standard","5":"has-post-thumbnail","7":"category-morrazo","8":"tag-concello-de-cangas-do-morrazo"},"yoast_head":"<!-- This site is optimized with the Yoast SEO plugin v27.4 - https:\/\/yoast.com\/product\/yoast-seo-wordpress\/ -->\n<title>O BNG aposta pola renovaci\u00f3n para liderar o cambio que Cangas precisa -<\/title>\n<meta name=\"description\" content=\"O pasado 12 de xaneiro de 2023 a asemblea local do BNG en Cangas acordou a elecci\u00f3n de Araceli Gestido Rodr\u00edguez como a cabeza de lista do BNG para as vindeiras elecci\u00f3ns municipais\" \/>\n<meta name=\"robots\" content=\"index, follow, max-snippet:-1, max-image-preview:large, max-video-preview:-1\" \/>\n<link rel=\"canonical\" href=\"https:\/\/www.anovapeneira.gal\/index.php\/2023\/01\/27\/o-bng-aposta-pola-renovacion-para-liderar-o-cambio-que-cangas-precisa\/\" \/>\n<meta property=\"og:locale\" content=\"gl_ES\" \/>\n<meta property=\"og:type\" content=\"article\" \/>\n<meta property=\"og:title\" content=\"O BNG aposta pola renovaci\u00f3n para liderar o cambio que Cangas precisa -\" \/>\n<meta property=\"og:description\" content=\"O pasado 12 de xaneiro de 2023 a asemblea local do BNG en Cangas acordou a elecci\u00f3n de Araceli Gestido Rodr\u00edguez como a cabeza de lista do BNG para as vindeiras elecci\u00f3ns municipais\" \/>\n<meta property=\"og:url\" content=\"https:\/\/www.anovapeneira.gal\/index.php\/2023\/01\/27\/o-bng-aposta-pola-renovacion-para-liderar-o-cambio-que-cangas-precisa\/\" \/>\n<meta property=\"article:publisher\" content=\"https:\/\/www.facebook.com\/anovapeneira\" \/>\n<meta property=\"article:published_time\" content=\"2023-01-27T09:00:26+00:00\" \/>\n<meta property=\"og:image\" content=\"https:\/\/www.anovapeneira.gal\/wp-content\/uploads\/2023\/01\/araceli_bng_cangas.jpg\" \/>\n\t<meta property=\"og:image:width\" content=\"720\" \/>\n\t<meta property=\"og:image:height\" content=\"432\" \/>\n\t<meta property=\"og:image:type\" content=\"image\/jpeg\" \/>\n<meta name=\"author\" content=\"Redacci\u00f3n A Nova Peneira\" \/>\n<meta name=\"twitter:card\" content=\"summary_large_image\" \/>\n<meta name=\"twitter:creator\" content=\"@APeneira\" \/>\n<meta name=\"twitter:site\" content=\"@APeneira\" \/>\n<meta name=\"twitter:label1\" content=\"Escrito por\" \/>\n\t<meta name=\"twitter:data1\" content=\"Redacci\u00f3n A Nova Peneira\" \/>\n\t<meta name=\"twitter:label2\" content=\"Tempo de lectura\" \/>\n\t<meta name=\"twitter:data2\" content=\"3 minutos\" \/>\n<script type=\"application\/ld+json\" class=\"yoast-schema-graph\">{\"@context\":\"https:\\\/\\\/schema.org\",\"@graph\":[{\"@type\":\"Article\",\"@id\":\"https:\\\/\\\/www.anovapeneira.gal\\\/index.php\\\/2023\\\/01\\\/27\\\/o-bng-aposta-pola-renovacion-para-liderar-o-cambio-que-cangas-precisa\\\/#article\",\"isPartOf\":{\"@id\":\"https:\\\/\\\/www.anovapeneira.gal\\\/index.php\\\/2023\\\/01\\\/27\\\/o-bng-aposta-pola-renovacion-para-liderar-o-cambio-que-cangas-precisa\\\/\"},\"author\":{\"name\":\"Redacci\u00f3n A Nova Peneira\",\"@id\":\"https:\\\/\\\/www.anovapeneira.gal\\\/#\\\/schema\\\/person\\\/b93e3f8932e3f8da96334607eb6ac6aa\"},\"headline\":\"O BNG aposta pola renovaci\u00f3n para liderar o cambio que Cangas precisa\",\"datePublished\":\"2023-01-27T09:00:26+00:00\",\"mainEntityOfPage\":{\"@id\":\"https:\\\/\\\/www.anovapeneira.gal\\\/index.php\\\/2023\\\/01\\\/27\\\/o-bng-aposta-pola-renovacion-para-liderar-o-cambio-que-cangas-precisa\\\/\"},\"wordCount\":585,\"commentCount\":0,\"publisher\":{\"@id\":\"https:\\\/\\\/www.anovapeneira.gal\\\/#organization\"},\"image\":{\"@id\":\"https:\\\/\\\/www.anovapeneira.gal\\\/index.php\\\/2023\\\/01\\\/27\\\/o-bng-aposta-pola-renovacion-para-liderar-o-cambio-que-cangas-precisa\\\/#primaryimage\"},\"thumbnailUrl\":\"https:\\\/\\\/www.anovapeneira.gal\\\/wp-content\\\/uploads\\\/2023\\\/01\\\/araceli_bng_cangas.jpg\",\"keywords\":[\"Concello de Cangas do Morrazo\"],\"articleSection\":[\"Morrazo\"],\"inLanguage\":\"gl-ES\",\"potentialAction\":[{\"@type\":\"CommentAction\",\"name\":\"Comment\",\"target\":[\"https:\\\/\\\/www.anovapeneira.gal\\\/index.php\\\/2023\\\/01\\\/27\\\/o-bng-aposta-pola-renovacion-para-liderar-o-cambio-que-cangas-precisa\\\/#respond\"]}]},{\"@type\":\"WebPage\",\"@id\":\"https:\\\/\\\/www.anovapeneira.gal\\\/index.php\\\/2023\\\/01\\\/27\\\/o-bng-aposta-pola-renovacion-para-liderar-o-cambio-que-cangas-precisa\\\/\",\"url\":\"https:\\\/\\\/www.anovapeneira.gal\\\/index.php\\\/2023\\\/01\\\/27\\\/o-bng-aposta-pola-renovacion-para-liderar-o-cambio-que-cangas-precisa\\\/\",\"name\":\"O BNG aposta pola renovaci\u00f3n para liderar o cambio que Cangas precisa -\",\"isPartOf\":{\"@id\":\"https:\\\/\\\/www.anovapeneira.gal\\\/#website\"},\"primaryImageOfPage\":{\"@id\":\"https:\\\/\\\/www.anovapeneira.gal\\\/index.php\\\/2023\\\/01\\\/27\\\/o-bng-aposta-pola-renovacion-para-liderar-o-cambio-que-cangas-precisa\\\/#primaryimage\"},\"image\":{\"@id\":\"https:\\\/\\\/www.anovapeneira.gal\\\/index.php\\\/2023\\\/01\\\/27\\\/o-bng-aposta-pola-renovacion-para-liderar-o-cambio-que-cangas-precisa\\\/#primaryimage\"},\"thumbnailUrl\":\"https:\\\/\\\/www.anovapeneira.gal\\\/wp-content\\\/uploads\\\/2023\\\/01\\\/araceli_bng_cangas.jpg\",\"datePublished\":\"2023-01-27T09:00:26+00:00\",\"description\":\"O pasado 12 de xaneiro de 2023 a asemblea local do BNG en Cangas acordou a elecci\u00f3n de Araceli Gestido Rodr\u00edguez como a cabeza de lista do BNG para as vindeiras elecci\u00f3ns municipais\",\"breadcrumb\":{\"@id\":\"https:\\\/\\\/www.anovapeneira.gal\\\/index.php\\\/2023\\\/01\\\/27\\\/o-bng-aposta-pola-renovacion-para-liderar-o-cambio-que-cangas-precisa\\\/#breadcrumb\"},\"inLanguage\":\"gl-ES\",\"potentialAction\":[{\"@type\":\"ReadAction\",\"target\":[\"https:\\\/\\\/www.anovapeneira.gal\\\/index.php\\\/2023\\\/01\\\/27\\\/o-bng-aposta-pola-renovacion-para-liderar-o-cambio-que-cangas-precisa\\\/\"]}]},{\"@type\":\"ImageObject\",\"inLanguage\":\"gl-ES\",\"@id\":\"https:\\\/\\\/www.anovapeneira.gal\\\/index.php\\\/2023\\\/01\\\/27\\\/o-bng-aposta-pola-renovacion-para-liderar-o-cambio-que-cangas-precisa\\\/#primaryimage\",\"url\":\"https:\\\/\\\/www.anovapeneira.gal\\\/wp-content\\\/uploads\\\/2023\\\/01\\\/araceli_bng_cangas.jpg\",\"contentUrl\":\"https:\\\/\\\/www.anovapeneira.gal\\\/wp-content\\\/uploads\\\/2023\\\/01\\\/araceli_bng_cangas.jpg\",\"width\":720,\"height\":432,\"caption\":\"Araceli Gestido BNG Cangas\"},{\"@type\":\"BreadcrumbList\",\"@id\":\"https:\\\/\\\/www.anovapeneira.gal\\\/index.php\\\/2023\\\/01\\\/27\\\/o-bng-aposta-pola-renovacion-para-liderar-o-cambio-que-cangas-precisa\\\/#breadcrumb\",\"itemListElement\":[{\"@type\":\"ListItem\",\"position\":1,\"name\":\"Portada\",\"item\":\"https:\\\/\\\/www.anovapeneira.gal\\\/\"},{\"@type\":\"ListItem\",\"position\":2,\"name\":\"O BNG aposta pola renovaci\u00f3n para liderar o cambio que Cangas precisa\"}]},{\"@type\":\"WebSite\",\"@id\":\"https:\\\/\\\/www.anovapeneira.gal\\\/#website\",\"url\":\"https:\\\/\\\/www.anovapeneira.gal\\\/\",\"name\":\"\",\"description\":\"Xornal galego de informaci\u00f3n xeral Publicaci\u00f3n mensual de novas de Galicia e en especial dos Concellos da sur da provincia de Pontevedra.\",\"publisher\":{\"@id\":\"https:\\\/\\\/www.anovapeneira.gal\\\/#organization\"},\"potentialAction\":[{\"@type\":\"SearchAction\",\"target\":{\"@type\":\"EntryPoint\",\"urlTemplate\":\"https:\\\/\\\/www.anovapeneira.gal\\\/?s={search_term_string}\"},\"query-input\":{\"@type\":\"PropertyValueSpecification\",\"valueRequired\":true,\"valueName\":\"search_term_string\"}}],\"inLanguage\":\"gl-ES\"},{\"@type\":\"Organization\",\"@id\":\"https:\\\/\\\/www.anovapeneira.gal\\\/#organization\",\"name\":\"A Nova Peneira\",\"url\":\"https:\\\/\\\/www.anovapeneira.gal\\\/\",\"logo\":{\"@type\":\"ImageObject\",\"inLanguage\":\"gl-ES\",\"@id\":\"https:\\\/\\\/www.anovapeneira.gal\\\/#\\\/schema\\\/logo\\\/image\\\/\",\"url\":\"http:\\\/\\\/www.anovapeneira.gal\\\/wp-content\\\/uploads\\\/2019\\\/06\\\/logo_a_nova_peneira_portal_web.png\",\"contentUrl\":\"http:\\\/\\\/www.anovapeneira.gal\\\/wp-content\\\/uploads\\\/2019\\\/06\\\/logo_a_nova_peneira_portal_web.png\",\"width\":300,\"height\":100,\"caption\":\"A Nova Peneira\"},\"image\":{\"@id\":\"https:\\\/\\\/www.anovapeneira.gal\\\/#\\\/schema\\\/logo\\\/image\\\/\"},\"sameAs\":[\"https:\\\/\\\/www.facebook.com\\\/anovapeneira\",\"https:\\\/\\\/x.com\\\/APeneira\"]},{\"@type\":\"Person\",\"@id\":\"https:\\\/\\\/www.anovapeneira.gal\\\/#\\\/schema\\\/person\\\/b93e3f8932e3f8da96334607eb6ac6aa\",\"name\":\"Redacci\u00f3n A Nova Peneira\",\"image\":{\"@type\":\"ImageObject\",\"inLanguage\":\"gl-ES\",\"@id\":\"https:\\\/\\\/secure.gravatar.com\\\/avatar\\\/c052a2551a06e23fac63626232eaa90abd78dbcf1700fc46a2b2c89fd27b735f?s=96&d=mm&r=g\",\"url\":\"https:\\\/\\\/secure.gravatar.com\\\/avatar\\\/c052a2551a06e23fac63626232eaa90abd78dbcf1700fc46a2b2c89fd27b735f?s=96&d=mm&r=g\",\"contentUrl\":\"https:\\\/\\\/secure.gravatar.com\\\/avatar\\\/c052a2551a06e23fac63626232eaa90abd78dbcf1700fc46a2b2c89fd27b735f?s=96&d=mm&r=g\",\"caption\":\"Redacci\u00f3n A Nova Peneira\"},\"sameAs\":[\"http:\\\/\\\/www.anovapeneira.gal\\\/\"],\"url\":\"https:\\\/\\\/www.anovapeneira.gal\\\/index.php\\\/author\\\/redactor\\\/\"}]}<\/script>\n<!-- \/ Yoast SEO plugin. -->","yoast_head_json":{"title":"O BNG aposta pola renovaci\u00f3n para liderar o cambio que Cangas precisa -","description":"O pasado 12 de xaneiro de 2023 a asemblea local do BNG en Cangas acordou a elecci\u00f3n de Araceli Gestido Rodr\u00edguez como a cabeza de lista do BNG para as vindeiras elecci\u00f3ns municipais","robots":{"index":"index","follow":"follow","max-snippet":"max-snippet:-1","max-image-preview":"max-image-preview:large","max-video-preview":"max-video-preview:-1"},"canonical":"https:\/\/www.anovapeneira.gal\/index.php\/2023\/01\/27\/o-bng-aposta-pola-renovacion-para-liderar-o-cambio-que-cangas-precisa\/","og_locale":"gl_ES","og_type":"article","og_title":"O BNG aposta pola renovaci\u00f3n para liderar o cambio que Cangas precisa -","og_description":"O pasado 12 de xaneiro de 2023 a asemblea local do BNG en Cangas acordou a elecci\u00f3n de Araceli Gestido Rodr\u00edguez como a cabeza de lista do BNG para as vindeiras elecci\u00f3ns municipais","og_url":"https:\/\/www.anovapeneira.gal\/index.php\/2023\/01\/27\/o-bng-aposta-pola-renovacion-para-liderar-o-cambio-que-cangas-precisa\/","article_publisher":"https:\/\/www.facebook.com\/anovapeneira","article_published_time":"2023-01-27T09:00:26+00:00","og_image":[{"width":720,"height":432,"url":"https:\/\/www.anovapeneira.gal\/wp-content\/uploads\/2023\/01\/araceli_bng_cangas.jpg","type":"image\/jpeg"}],"author":"Redacci\u00f3n A Nova Peneira","twitter_card":"summary_large_image","twitter_creator":"@APeneira","twitter_site":"@APeneira","twitter_misc":{"Escrito por":"Redacci\u00f3n A Nova Peneira","Tempo de lectura":"3 minutos"},"schema":{"@context":"https:\/\/schema.org","@graph":[{"@type":"Article","@id":"https:\/\/www.anovapeneira.gal\/index.php\/2023\/01\/27\/o-bng-aposta-pola-renovacion-para-liderar-o-cambio-que-cangas-precisa\/#article","isPartOf":{"@id":"https:\/\/www.anovapeneira.gal\/index.php\/2023\/01\/27\/o-bng-aposta-pola-renovacion-para-liderar-o-cambio-que-cangas-precisa\/"},"author":{"name":"Redacci\u00f3n A Nova Peneira","@id":"https:\/\/www.anovapeneira.gal\/#\/schema\/person\/b93e3f8932e3f8da96334607eb6ac6aa"},"headline":"O BNG aposta pola renovaci\u00f3n para liderar o cambio que Cangas precisa","datePublished":"2023-01-27T09:00:26+00:00","mainEntityOfPage":{"@id":"https:\/\/www.anovapeneira.gal\/index.php\/2023\/01\/27\/o-bng-aposta-pola-renovacion-para-liderar-o-cambio-que-cangas-precisa\/"},"wordCount":585,"commentCount":0,"publisher":{"@id":"https:\/\/www.anovapeneira.gal\/#organization"},"image":{"@id":"https:\/\/www.anovapeneira.gal\/index.php\/2023\/01\/27\/o-bng-aposta-pola-renovacion-para-liderar-o-cambio-que-cangas-precisa\/#primaryimage"},"thumbnailUrl":"https:\/\/www.anovapeneira.gal\/wp-content\/uploads\/2023\/01\/araceli_bng_cangas.jpg","keywords":["Concello de Cangas do Morrazo"],"articleSection":["Morrazo"],"inLanguage":"gl-ES","potentialAction":[{"@type":"CommentAction","name":"Comment","target":["https:\/\/www.anovapeneira.gal\/index.php\/2023\/01\/27\/o-bng-aposta-pola-renovacion-para-liderar-o-cambio-que-cangas-precisa\/#respond"]}]},{"@type":"WebPage","@id":"https:\/\/www.anovapeneira.gal\/index.php\/2023\/01\/27\/o-bng-aposta-pola-renovacion-para-liderar-o-cambio-que-cangas-precisa\/","url":"https:\/\/www.anovapeneira.gal\/index.php\/2023\/01\/27\/o-bng-aposta-pola-renovacion-para-liderar-o-cambio-que-cangas-precisa\/","name":"O BNG aposta pola renovaci\u00f3n para liderar o cambio que Cangas precisa -","isPartOf":{"@id":"https:\/\/www.anovapeneira.gal\/#website"},"primaryImageOfPage":{"@id":"https:\/\/www.anovapeneira.gal\/index.php\/2023\/01\/27\/o-bng-aposta-pola-renovacion-para-liderar-o-cambio-que-cangas-precisa\/#primaryimage"},"image":{"@id":"https:\/\/www.anovapeneira.gal\/index.php\/2023\/01\/27\/o-bng-aposta-pola-renovacion-para-liderar-o-cambio-que-cangas-precisa\/#primaryimage"},"thumbnailUrl":"https:\/\/www.anovapeneira.gal\/wp-content\/uploads\/2023\/01\/araceli_bng_cangas.jpg","datePublished":"2023-01-27T09:00:26+00:00","description":"O pasado 12 de xaneiro de 2023 a asemblea local do BNG en Cangas acordou a elecci\u00f3n de Araceli Gestido Rodr\u00edguez como a cabeza de lista do BNG para as vindeiras elecci\u00f3ns municipais","breadcrumb":{"@id":"https:\/\/www.anovapeneira.gal\/index.php\/2023\/01\/27\/o-bng-aposta-pola-renovacion-para-liderar-o-cambio-que-cangas-precisa\/#breadcrumb"},"inLanguage":"gl-ES","potentialAction":[{"@type":"ReadAction","target":["https:\/\/www.anovapeneira.gal\/index.php\/2023\/01\/27\/o-bng-aposta-pola-renovacion-para-liderar-o-cambio-que-cangas-precisa\/"]}]},{"@type":"ImageObject","inLanguage":"gl-ES","@id":"https:\/\/www.anovapeneira.gal\/index.php\/2023\/01\/27\/o-bng-aposta-pola-renovacion-para-liderar-o-cambio-que-cangas-precisa\/#primaryimage","url":"https:\/\/www.anovapeneira.gal\/wp-content\/uploads\/2023\/01\/araceli_bng_cangas.jpg","contentUrl":"https:\/\/www.anovapeneira.gal\/wp-content\/uploads\/2023\/01\/araceli_bng_cangas.jpg","width":720,"height":432,"caption":"Araceli Gestido BNG Cangas"},{"@type":"BreadcrumbList","@id":"https:\/\/www.anovapeneira.gal\/index.php\/2023\/01\/27\/o-bng-aposta-pola-renovacion-para-liderar-o-cambio-que-cangas-precisa\/#breadcrumb","itemListElement":[{"@type":"ListItem","position":1,"name":"Portada","item":"https:\/\/www.anovapeneira.gal\/"},{"@type":"ListItem","position":2,"name":"O BNG aposta pola renovaci\u00f3n para liderar o cambio que Cangas precisa"}]},{"@type":"WebSite","@id":"https:\/\/www.anovapeneira.gal\/#website","url":"https:\/\/www.anovapeneira.gal\/","name":"","description":"Xornal galego de informaci\u00f3n xeral Publicaci\u00f3n mensual de novas de Galicia e en especial dos Concellos da sur da provincia de Pontevedra.","publisher":{"@id":"https:\/\/www.anovapeneira.gal\/#organization"},"potentialAction":[{"@type":"SearchAction","target":{"@type":"EntryPoint","urlTemplate":"https:\/\/www.anovapeneira.gal\/?s={search_term_string}"},"query-input":{"@type":"PropertyValueSpecification","valueRequired":true,"valueName":"search_term_string"}}],"inLanguage":"gl-ES"},{"@type":"Organization","@id":"https:\/\/www.anovapeneira.gal\/#organization","name":"A Nova Peneira","url":"https:\/\/www.anovapeneira.gal\/","logo":{"@type":"ImageObject","inLanguage":"gl-ES","@id":"https:\/\/www.anovapeneira.gal\/#\/schema\/logo\/image\/","url":"http:\/\/www.anovapeneira.gal\/wp-content\/uploads\/2019\/06\/logo_a_nova_peneira_portal_web.png","contentUrl":"http:\/\/www.anovapeneira.gal\/wp-content\/uploads\/2019\/06\/logo_a_nova_peneira_portal_web.png","width":300,"height":100,"caption":"A Nova Peneira"},"image":{"@id":"https:\/\/www.anovapeneira.gal\/#\/schema\/logo\/image\/"},"sameAs":["https:\/\/www.facebook.com\/anovapeneira","https:\/\/x.com\/APeneira"]},{"@type":"Person","@id":"https:\/\/www.anovapeneira.gal\/#\/schema\/person\/b93e3f8932e3f8da96334607eb6ac6aa","name":"Redacci\u00f3n A Nova Peneira","image":{"@type":"ImageObject","inLanguage":"gl-ES","@id":"https:\/\/secure.gravatar.com\/avatar\/c052a2551a06e23fac63626232eaa90abd78dbcf1700fc46a2b2c89fd27b735f?s=96&d=mm&r=g","url":"https:\/\/secure.gravatar.com\/avatar\/c052a2551a06e23fac63626232eaa90abd78dbcf1700fc46a2b2c89fd27b735f?s=96&d=mm&r=g","contentUrl":"https:\/\/secure.gravatar.com\/avatar\/c052a2551a06e23fac63626232eaa90abd78dbcf1700fc46a2b2c89fd27b735f?s=96&d=mm&r=g","caption":"Redacci\u00f3n A Nova Peneira"},"sameAs":["http:\/\/www.anovapeneira.gal\/"],"url":"https:\/\/www.anovapeneira.gal\/index.php\/author\/redactor\/"}]}},"jetpack_featured_media_url":"https:\/\/www.anovapeneira.gal\/wp-content\/uploads\/2023\/01\/araceli_bng_cangas.jpg","_links":{"self":[{"href":"https:\/\/www.anovapeneira.gal\/index.php\/wp-json\/wp\/v2\/posts\/8966","targetHints":{"allow":["GET"]}}],"collection":[{"href":"https:\/\/www.anovapeneira.gal\/index.php\/wp-json\/wp\/v2\/posts"}],"about":[{"href":"https:\/\/www.anovapeneira.gal\/index.php\/wp-json\/wp\/v2\/types\/post"}],"author":[{"embeddable":true,"href":"https:\/\/www.anovapeneira.gal\/index.php\/wp-json\/wp\/v2\/users\/3"}],"replies":[{"embeddable":true,"href":"https:\/\/www.anovapeneira.gal\/index.php\/wp-json\/wp\/v2\/comments?post=8966"}],"version-history":[{"count":1,"href":"https:\/\/www.anovapeneira.gal\/index.php\/wp-json\/wp\/v2\/posts\/8966\/revisions"}],"predecessor-version":[{"id":8968,"href":"https:\/\/www.anovapeneira.gal\/index.php\/wp-json\/wp\/v2\/posts\/8966\/revisions\/8968"}],"wp:featuredmedia":[{"embeddable":true,"href":"https:\/\/www.anovapeneira.gal\/index.php\/wp-json\/wp\/v2\/media\/8967"}],"wp:attachment":[{"href":"https:\/\/www.anovapeneira.gal\/index.php\/wp-json\/wp\/v2\/media?parent=8966"}],"wp:term":[{"taxonomy":"category","embeddable":true,"href":"https:\/\/www.anovapeneira.gal\/index.php\/wp-json\/wp\/v2\/categories?post=8966"},{"taxonomy":"post_tag","embeddable":true,"href":"https:\/\/www.anovapeneira.gal\/index.php\/wp-json\/wp\/v2\/tags?post=8966"}],"curies":[{"name":"wp","href":"https:\/\/api.w.org\/{rel}","templated":true}]}}