{"id":8989,"date":"2023-01-31T10:00:46","date_gmt":"2023-01-31T09:00:46","guid":{"rendered":"https:\/\/www.anovapeneira.gal\/?p=8989"},"modified":"2023-01-25T11:04:52","modified_gmt":"2023-01-25T10:04:52","slug":"conflito-laboral-no-hotel-bahia-de-vigo","status":"publish","type":"post","link":"https:\/\/www.anovapeneira.gal\/index.php\/2023\/01\/31\/conflito-laboral-no-hotel-bahia-de-vigo\/","title":{"rendered":"Conflito laboral no hotel Bah\u00eda de Vigo"},"content":{"rendered":"\n<p><strong>Alfredo \u00e9 un hist\u00f3rico sindicalista da CIG, da federaci\u00f3n de servizos da comarca de Vigo. Alfredo un exemplo indubidable para amosar que a estupidez tan manida pola dereita sociol\u00f3xica de que os sindicatos non serven para nada non \u00e9 m\u00e1is ca iso, unha notoria estupidez. Alfredo \u00e9 un tipo traballador, comprometido , solidario con quen padece inxustiza e combativo contra quen a provoca. El \u00e9 Sindicalista da UTE zonas verdes do Concello de Vigo e foi escollido Secretario Comarcal da federaci\u00f3n de Servizos en xu\u00f1o do ano pasado. A Nova Peneira conversou con el para, entre outras cousas, co\u00f1ecermos m\u00e1is sobre o grave conflito laboral que afecta a arredor de 25 persoas, traballadoras do hotel Bah\u00eda de Vigo, afectadas pola ameaza de despedimento inminente.<\/strong><\/p>\n\n\n\n<p><strong>Alfredo Filgueiras Secretario Comarcal da Federaci\u00f3n de Servizos da CIG de Vigo.<\/strong><\/p>\n\n\n\n<p>\u201c <strong>A CIG est\u00e1 en absoluto desacordo co ERE do Hotel Ba\u00eda. \u00c9 innecesario e incomprensible\u201d<\/strong><\/p>\n\n\n\n<p><strong>Un hist\u00f3rico sindicalista coma ti, sindicalista de combate de r\u00faa e de faixa, como leva a vida de despachos e xuntanzas?<\/strong><\/p>\n\n\n\n<blockquote class=\"wp-block-quote is-layout-flow wp-block-quote-is-layout-flow\"><p>Ha ha ha ha. Sigo sendo un sindicalista de combate, de r\u00faa e de faixa. Ben \u00e9 certo que a nova responsabilidade, que asumo con orgullo, leva engadido un compo\u00f1ente institucional ao que non estaba afeito. Pero voume afacendo aos poucos. Iso si, dedic\u00e1ndolle ao sindicato bastante m\u00e1is tempo do que lle dedicaba antes. A nosa \u00e9 unha federaci\u00f3n que ten que atender a un sector moi precario, con moitos convenios e con moitos contratos a tempo parcial.<\/p><\/blockquote>\n\n\n\n<p><strong>Encontr\u00e1desvos con moitos casos de persoas contratadas por un n\u00famero de horas determinadas que non se corresponden coa realidade das que traballan?<\/strong><\/p>\n\n\n\n<blockquote class=\"wp-block-quote is-layout-flow wp-block-quote-is-layout-flow\"><p>Si, sobre todo na hostalar\u00eda \u00e9 un problema moi frecuente. N\u00f3s cando detectamos alg\u00fan caso lev\u00e1molo \u00e1 inspecci\u00f3n de traballo desde logo.<\/p><\/blockquote>\n\n\n\n<p><strong>E a inspecci\u00f3n adoita resolver r\u00e1pido?<\/strong><\/p>\n\n\n\n<blockquote class=\"wp-block-quote is-layout-flow wp-block-quote-is-layout-flow\"><p>Non, non moito.<\/p><\/blockquote>\n\n\n\n<p><strong>Por falta de medios ,ou por falta de vontade?<\/strong><\/p>\n\n\n\n<blockquote class=\"wp-block-quote is-layout-flow wp-block-quote-is-layout-flow\"><p>Eu creo que por ambos motivos.<\/p><\/blockquote>\n\n\n\n<p><strong>Cales foron os conflitos m\u00e1is importantes cos que te encontraches unha vez asumida a secretar\u00eda comarcal?<\/strong><\/p>\n\n\n\n<blockquote class=\"wp-block-quote is-layout-flow wp-block-quote-is-layout-flow\"><p>O da limpeza dos residuos en Citro\u00ebn que tivemos unha folga moi importante na empresa que o leva. E logo o conflito do SAF claro, a ra\u00edz do vergonzoso preacordo que inicialmente asinaron CCOO e UGT. Esta foi unha loita encomiable e grazas \u00e1 presi\u00f3n das traballadoras conseguimos que non se asinara ese acordo que contemplaba unha dupla escala salarial inaceptable para a CIG.<\/p><\/blockquote>\n\n\n\n<p><strong>Que pasa no hotel Bah\u00eda de Vigo?<\/strong><\/p>\n\n\n\n<blockquote class=\"wp-block-quote is-layout-flow wp-block-quote-is-layout-flow\"><p>A d\u00eda de hoxe<strong>( 20 de xaneiro)<\/strong> s\u00f3 tivemos unha xuntanza coa empresa<strong>( a tarde seguinte \u00e1 redacci\u00f3n deste traballo tiveron a segunda). <\/strong>E nesa xuntanza present\u00e1ronnos un ERE extintivo para toda a restauraci\u00f3n. Este \u00e9 un comit\u00e9 de 3 persoas e as 3 son da CIG<\/p><\/blockquote>\n\n\n\n<p><strong>A cantas persoas afecta?<\/strong><\/p>\n\n\n\n<blockquote class=\"wp-block-quote is-layout-flow wp-block-quote-is-layout-flow\"><p>A 25 persoas de almorzos, coci\u00f1a e comedor.<\/p><\/blockquote>\n\n\n\n<p><strong>Como valora a CIG ese ERE?<\/strong><\/p>\n\n\n\n<blockquote class=\"wp-block-quote is-layout-flow wp-block-quote-is-layout-flow\"><p>Estamos en absoluto desacordo. Par\u00e9cenos inaceptable e incomprensible. O hotel acaba de ser comprado por unha nova propiedade hai un par de meses. Van renovar toda a fachada e parte do hotel. O negocio \u00e9 rendible. Eles din que a restauraci\u00f3n non. En calquera caso a rendibilidade xeral do hotel compensar\u00eda con creces a suposta non rendibilidade da restauraci\u00f3n.<\/p><\/blockquote>\n\n\n\n<p><strong>Pero se finalmente se executa o ERE que vai pasar co servizo de restauraci\u00f3n?<\/strong><\/p>\n\n\n\n<blockquote class=\"wp-block-quote is-layout-flow wp-block-quote-is-layout-flow\"><p>O Hotel non pode prescindir dese servizo. Aos clientes hai que ofrecerlle almorzos , comidas e ceas. Parece evidente que a intenci\u00f3n do hotel \u00e9 despedir ao persoal e externalizar o servizo.<\/p><\/blockquote>\n\n\n\n<p><strong>O ERE en que condici\u00f3ns ser\u00eda?<\/strong><\/p>\n\n\n\n<blockquote class=\"wp-block-quote is-layout-flow wp-block-quote-is-layout-flow\"><p>Con 20 d\u00edas por ano e un m\u00e1ximo de 12 mensualidades. O tempo medio que levan nese traballo as persoas afectadas est\u00e1 entre 20 e 30 anos. Incluso hai xente que leva m\u00e1is de 40 anos nese posto de traballo, e agora qu\u00e9renos despedir nesas condici\u00f3ns\u00a1\u00a1.<\/p><\/blockquote>\n\n\n\n<p><strong>\u00c9 dicir as persoas afectadas xa non son uns nenos , se levan traballando tanto tempo supo\u00f1o que andar\u00e1n polos 50 anos?<\/strong><\/p>\n\n\n\n<blockquote class=\"wp-block-quote is-layout-flow wp-block-quote-is-layout-flow\"><p>Si, practicamente todas superan ben os 40 anos de idade.<\/p><\/blockquote>\n\n\n\n<p><strong>A empresa imaxino que vos presentar\u00eda alg\u00fan tipo de documentaci\u00f3n?<\/strong><\/p>\n\n\n\n<blockquote class=\"wp-block-quote is-layout-flow wp-block-quote-is-layout-flow\"><p>Si, e n\u00f3s xa a estudamos .A conclusi\u00f3n \u00e9 que o ERE non se sustenta. Eles queren ampliar as habitaci\u00f3ns en d\u00faas das plantas , o que amosa que non hai motivo alg\u00fan para despedir a ningu\u00e9n.<\/p><\/blockquote>\n\n\n\n<p><strong>Semella que estamos a\u00ednda nunha fase inicial deste proceso?<\/strong><\/p>\n\n\n\n<blockquote class=\"wp-block-quote is-layout-flow wp-block-quote-is-layout-flow\"><p>Si, claramente. E a nosa vontade \u00e9 non aceptalo ERE baixo ning\u00fan concepto. Combateremos tanto sindicalmente, na actualidade estamos a concentrarnos todos os d\u00edas de 12:00 a 13:00 , como xudicialmente se \u00e9 preciso.<\/p><\/blockquote>\n\n\n\n<p><strong>Que impresi\u00f3n tes da actitude da empresa?<\/strong><\/p>\n\n\n\n<blockquote class=\"wp-block-quote is-layout-flow wp-block-quote-is-layout-flow\"><p>V\u00e9xoos moi distantes e carentes da m\u00e1is m\u00ednima empat\u00eda.<\/p><\/blockquote>\n","protected":false},"excerpt":{"rendered":"<div class=\"mh-excerpt\"><p>Alfredo \u00e9 un hist\u00f3rico sindicalista da CIG, da federaci\u00f3n de servizos da comarca de Vigo. Alfredo un exemplo indubidable para amosar que a estupidez tan manida pola dereita sociol\u00f3xica de que os sindicatos non serven para nada non \u00e9 m\u00e1is ca iso, unha notoria estupidez <a class=\"mh-excerpt-more\" href=\"https:\/\/www.anovapeneira.gal\/index.php\/2023\/01\/31\/conflito-laboral-no-hotel-bahia-de-vigo\/\" title=\"Conflito laboral no hotel Bah\u00eda de Vigo\">[&#8230;]<\/a><\/p>\n<\/div>","protected":false},"author":3,"featured_media":8990,"comment_status":"open","ping_status":"open","sticky":false,"template":"","format":"standard","meta":{"_exactmetrics_skip_tracking":false,"_exactmetrics_sitenote_active":false,"_exactmetrics_sitenote_note":"","_exactmetrics_sitenote_category":0,"footnotes":""},"categories":[272],"tags":[227],"class_list":{"0":"post-8989","1":"post","2":"type-post","3":"status-publish","4":"format-standard","5":"has-post-thumbnail","7":"category-vigo-entrevistas","8":"tag-concello-de-vigo"},"yoast_head":"<!-- This site is optimized with the Yoast SEO plugin v27.4 - https:\/\/yoast.com\/product\/yoast-seo-wordpress\/ -->\n<title>Conflito laboral no hotel Bah\u00eda de Vigo -<\/title>\n<meta name=\"description\" content=\"Alfredo \u00e9 un hist\u00f3rico sindicalista da CIG, da federaci\u00f3n de servizos da comarca de Vigo. Alfredo un exemplo indubidable para amosar que a estupidez tan manida pola dereita sociol\u00f3xica de que os sindicatos non serven para nada non \u00e9 m\u00e1is ca iso, unha notoria estupidez\" \/>\n<meta name=\"robots\" content=\"index, follow, max-snippet:-1, max-image-preview:large, max-video-preview:-1\" \/>\n<link rel=\"canonical\" href=\"https:\/\/www.anovapeneira.gal\/index.php\/2023\/01\/31\/conflito-laboral-no-hotel-bahia-de-vigo\/\" \/>\n<meta property=\"og:locale\" content=\"gl_ES\" \/>\n<meta property=\"og:type\" content=\"article\" \/>\n<meta property=\"og:title\" content=\"Conflito laboral no hotel Bah\u00eda de Vigo -\" \/>\n<meta property=\"og:description\" content=\"Alfredo \u00e9 un hist\u00f3rico sindicalista da CIG, da federaci\u00f3n de servizos da comarca de Vigo. Alfredo un exemplo indubidable para amosar que a estupidez tan manida pola dereita sociol\u00f3xica de que os sindicatos non serven para nada non \u00e9 m\u00e1is ca iso, unha notoria estupidez\" \/>\n<meta property=\"og:url\" content=\"https:\/\/www.anovapeneira.gal\/index.php\/2023\/01\/31\/conflito-laboral-no-hotel-bahia-de-vigo\/\" \/>\n<meta property=\"article:publisher\" content=\"https:\/\/www.facebook.com\/anovapeneira\" \/>\n<meta property=\"article:published_time\" content=\"2023-01-31T09:00:46+00:00\" \/>\n<meta property=\"og:image\" content=\"https:\/\/www.anovapeneira.gal\/wp-content\/uploads\/2023\/01\/conflicto_hotel_bahia.jpg\" \/>\n\t<meta property=\"og:image:width\" content=\"1500\" \/>\n\t<meta property=\"og:image:height\" content=\"790\" \/>\n\t<meta property=\"og:image:type\" content=\"image\/jpeg\" \/>\n<meta name=\"author\" content=\"Redacci\u00f3n A Nova Peneira\" \/>\n<meta name=\"twitter:card\" content=\"summary_large_image\" \/>\n<meta name=\"twitter:creator\" content=\"@APeneira\" \/>\n<meta name=\"twitter:site\" content=\"@APeneira\" \/>\n<meta name=\"twitter:label1\" content=\"Escrito por\" \/>\n\t<meta name=\"twitter:data1\" content=\"Redacci\u00f3n A Nova Peneira\" \/>\n\t<meta name=\"twitter:label2\" content=\"Tempo de lectura\" \/>\n\t<meta name=\"twitter:data2\" content=\"5 minutos\" \/>\n<script type=\"application\/ld+json\" class=\"yoast-schema-graph\">{\"@context\":\"https:\\\/\\\/schema.org\",\"@graph\":[{\"@type\":\"Article\",\"@id\":\"https:\\\/\\\/www.anovapeneira.gal\\\/index.php\\\/2023\\\/01\\\/31\\\/conflito-laboral-no-hotel-bahia-de-vigo\\\/#article\",\"isPartOf\":{\"@id\":\"https:\\\/\\\/www.anovapeneira.gal\\\/index.php\\\/2023\\\/01\\\/31\\\/conflito-laboral-no-hotel-bahia-de-vigo\\\/\"},\"author\":{\"name\":\"Redacci\u00f3n A Nova Peneira\",\"@id\":\"https:\\\/\\\/www.anovapeneira.gal\\\/#\\\/schema\\\/person\\\/b93e3f8932e3f8da96334607eb6ac6aa\"},\"headline\":\"Conflito laboral no hotel Bah\u00eda de Vigo\",\"datePublished\":\"2023-01-31T09:00:46+00:00\",\"mainEntityOfPage\":{\"@id\":\"https:\\\/\\\/www.anovapeneira.gal\\\/index.php\\\/2023\\\/01\\\/31\\\/conflito-laboral-no-hotel-bahia-de-vigo\\\/\"},\"wordCount\":806,\"commentCount\":0,\"publisher\":{\"@id\":\"https:\\\/\\\/www.anovapeneira.gal\\\/#organization\"},\"image\":{\"@id\":\"https:\\\/\\\/www.anovapeneira.gal\\\/index.php\\\/2023\\\/01\\\/31\\\/conflito-laboral-no-hotel-bahia-de-vigo\\\/#primaryimage\"},\"thumbnailUrl\":\"https:\\\/\\\/www.anovapeneira.gal\\\/wp-content\\\/uploads\\\/2023\\\/01\\\/conflicto_hotel_bahia.jpg\",\"keywords\":[\"Concello de Vigo\"],\"articleSection\":[\"Vigo\"],\"inLanguage\":\"gl-ES\",\"potentialAction\":[{\"@type\":\"CommentAction\",\"name\":\"Comment\",\"target\":[\"https:\\\/\\\/www.anovapeneira.gal\\\/index.php\\\/2023\\\/01\\\/31\\\/conflito-laboral-no-hotel-bahia-de-vigo\\\/#respond\"]}]},{\"@type\":\"WebPage\",\"@id\":\"https:\\\/\\\/www.anovapeneira.gal\\\/index.php\\\/2023\\\/01\\\/31\\\/conflito-laboral-no-hotel-bahia-de-vigo\\\/\",\"url\":\"https:\\\/\\\/www.anovapeneira.gal\\\/index.php\\\/2023\\\/01\\\/31\\\/conflito-laboral-no-hotel-bahia-de-vigo\\\/\",\"name\":\"Conflito laboral no hotel Bah\u00eda de Vigo -\",\"isPartOf\":{\"@id\":\"https:\\\/\\\/www.anovapeneira.gal\\\/#website\"},\"primaryImageOfPage\":{\"@id\":\"https:\\\/\\\/www.anovapeneira.gal\\\/index.php\\\/2023\\\/01\\\/31\\\/conflito-laboral-no-hotel-bahia-de-vigo\\\/#primaryimage\"},\"image\":{\"@id\":\"https:\\\/\\\/www.anovapeneira.gal\\\/index.php\\\/2023\\\/01\\\/31\\\/conflito-laboral-no-hotel-bahia-de-vigo\\\/#primaryimage\"},\"thumbnailUrl\":\"https:\\\/\\\/www.anovapeneira.gal\\\/wp-content\\\/uploads\\\/2023\\\/01\\\/conflicto_hotel_bahia.jpg\",\"datePublished\":\"2023-01-31T09:00:46+00:00\",\"description\":\"Alfredo \u00e9 un hist\u00f3rico sindicalista da CIG, da federaci\u00f3n de servizos da comarca de Vigo. Alfredo un exemplo indubidable para amosar que a estupidez tan manida pola dereita sociol\u00f3xica de que os sindicatos non serven para nada non \u00e9 m\u00e1is ca iso, unha notoria estupidez\",\"breadcrumb\":{\"@id\":\"https:\\\/\\\/www.anovapeneira.gal\\\/index.php\\\/2023\\\/01\\\/31\\\/conflito-laboral-no-hotel-bahia-de-vigo\\\/#breadcrumb\"},\"inLanguage\":\"gl-ES\",\"potentialAction\":[{\"@type\":\"ReadAction\",\"target\":[\"https:\\\/\\\/www.anovapeneira.gal\\\/index.php\\\/2023\\\/01\\\/31\\\/conflito-laboral-no-hotel-bahia-de-vigo\\\/\"]}]},{\"@type\":\"ImageObject\",\"inLanguage\":\"gl-ES\",\"@id\":\"https:\\\/\\\/www.anovapeneira.gal\\\/index.php\\\/2023\\\/01\\\/31\\\/conflito-laboral-no-hotel-bahia-de-vigo\\\/#primaryimage\",\"url\":\"https:\\\/\\\/www.anovapeneira.gal\\\/wp-content\\\/uploads\\\/2023\\\/01\\\/conflicto_hotel_bahia.jpg\",\"contentUrl\":\"https:\\\/\\\/www.anovapeneira.gal\\\/wp-content\\\/uploads\\\/2023\\\/01\\\/conflicto_hotel_bahia.jpg\",\"width\":1500,\"height\":790,\"caption\":\"Conflito laboral no hotel Bah\u00eda de Vigo\"},{\"@type\":\"BreadcrumbList\",\"@id\":\"https:\\\/\\\/www.anovapeneira.gal\\\/index.php\\\/2023\\\/01\\\/31\\\/conflito-laboral-no-hotel-bahia-de-vigo\\\/#breadcrumb\",\"itemListElement\":[{\"@type\":\"ListItem\",\"position\":1,\"name\":\"Portada\",\"item\":\"https:\\\/\\\/www.anovapeneira.gal\\\/\"},{\"@type\":\"ListItem\",\"position\":2,\"name\":\"Conflito laboral no hotel Bah\u00eda de Vigo\"}]},{\"@type\":\"WebSite\",\"@id\":\"https:\\\/\\\/www.anovapeneira.gal\\\/#website\",\"url\":\"https:\\\/\\\/www.anovapeneira.gal\\\/\",\"name\":\"\",\"description\":\"Xornal galego de informaci\u00f3n xeral Publicaci\u00f3n mensual de novas de Galicia e en especial dos Concellos da sur da provincia de Pontevedra.\",\"publisher\":{\"@id\":\"https:\\\/\\\/www.anovapeneira.gal\\\/#organization\"},\"potentialAction\":[{\"@type\":\"SearchAction\",\"target\":{\"@type\":\"EntryPoint\",\"urlTemplate\":\"https:\\\/\\\/www.anovapeneira.gal\\\/?s={search_term_string}\"},\"query-input\":{\"@type\":\"PropertyValueSpecification\",\"valueRequired\":true,\"valueName\":\"search_term_string\"}}],\"inLanguage\":\"gl-ES\"},{\"@type\":\"Organization\",\"@id\":\"https:\\\/\\\/www.anovapeneira.gal\\\/#organization\",\"name\":\"A Nova Peneira\",\"url\":\"https:\\\/\\\/www.anovapeneira.gal\\\/\",\"logo\":{\"@type\":\"ImageObject\",\"inLanguage\":\"gl-ES\",\"@id\":\"https:\\\/\\\/www.anovapeneira.gal\\\/#\\\/schema\\\/logo\\\/image\\\/\",\"url\":\"http:\\\/\\\/www.anovapeneira.gal\\\/wp-content\\\/uploads\\\/2019\\\/06\\\/logo_a_nova_peneira_portal_web.png\",\"contentUrl\":\"http:\\\/\\\/www.anovapeneira.gal\\\/wp-content\\\/uploads\\\/2019\\\/06\\\/logo_a_nova_peneira_portal_web.png\",\"width\":300,\"height\":100,\"caption\":\"A Nova Peneira\"},\"image\":{\"@id\":\"https:\\\/\\\/www.anovapeneira.gal\\\/#\\\/schema\\\/logo\\\/image\\\/\"},\"sameAs\":[\"https:\\\/\\\/www.facebook.com\\\/anovapeneira\",\"https:\\\/\\\/x.com\\\/APeneira\"]},{\"@type\":\"Person\",\"@id\":\"https:\\\/\\\/www.anovapeneira.gal\\\/#\\\/schema\\\/person\\\/b93e3f8932e3f8da96334607eb6ac6aa\",\"name\":\"Redacci\u00f3n A Nova Peneira\",\"image\":{\"@type\":\"ImageObject\",\"inLanguage\":\"gl-ES\",\"@id\":\"https:\\\/\\\/secure.gravatar.com\\\/avatar\\\/c052a2551a06e23fac63626232eaa90abd78dbcf1700fc46a2b2c89fd27b735f?s=96&d=mm&r=g\",\"url\":\"https:\\\/\\\/secure.gravatar.com\\\/avatar\\\/c052a2551a06e23fac63626232eaa90abd78dbcf1700fc46a2b2c89fd27b735f?s=96&d=mm&r=g\",\"contentUrl\":\"https:\\\/\\\/secure.gravatar.com\\\/avatar\\\/c052a2551a06e23fac63626232eaa90abd78dbcf1700fc46a2b2c89fd27b735f?s=96&d=mm&r=g\",\"caption\":\"Redacci\u00f3n A Nova Peneira\"},\"sameAs\":[\"http:\\\/\\\/www.anovapeneira.gal\\\/\"],\"url\":\"https:\\\/\\\/www.anovapeneira.gal\\\/index.php\\\/author\\\/redactor\\\/\"}]}<\/script>\n<!-- \/ Yoast SEO plugin. -->","yoast_head_json":{"title":"Conflito laboral no hotel Bah\u00eda de Vigo -","description":"Alfredo \u00e9 un hist\u00f3rico sindicalista da CIG, da federaci\u00f3n de servizos da comarca de Vigo. Alfredo un exemplo indubidable para amosar que a estupidez tan manida pola dereita sociol\u00f3xica de que os sindicatos non serven para nada non \u00e9 m\u00e1is ca iso, unha notoria estupidez","robots":{"index":"index","follow":"follow","max-snippet":"max-snippet:-1","max-image-preview":"max-image-preview:large","max-video-preview":"max-video-preview:-1"},"canonical":"https:\/\/www.anovapeneira.gal\/index.php\/2023\/01\/31\/conflito-laboral-no-hotel-bahia-de-vigo\/","og_locale":"gl_ES","og_type":"article","og_title":"Conflito laboral no hotel Bah\u00eda de Vigo -","og_description":"Alfredo \u00e9 un hist\u00f3rico sindicalista da CIG, da federaci\u00f3n de servizos da comarca de Vigo. Alfredo un exemplo indubidable para amosar que a estupidez tan manida pola dereita sociol\u00f3xica de que os sindicatos non serven para nada non \u00e9 m\u00e1is ca iso, unha notoria estupidez","og_url":"https:\/\/www.anovapeneira.gal\/index.php\/2023\/01\/31\/conflito-laboral-no-hotel-bahia-de-vigo\/","article_publisher":"https:\/\/www.facebook.com\/anovapeneira","article_published_time":"2023-01-31T09:00:46+00:00","og_image":[{"width":1500,"height":790,"url":"https:\/\/www.anovapeneira.gal\/wp-content\/uploads\/2023\/01\/conflicto_hotel_bahia.jpg","type":"image\/jpeg"}],"author":"Redacci\u00f3n A Nova Peneira","twitter_card":"summary_large_image","twitter_creator":"@APeneira","twitter_site":"@APeneira","twitter_misc":{"Escrito por":"Redacci\u00f3n A Nova Peneira","Tempo de lectura":"5 minutos"},"schema":{"@context":"https:\/\/schema.org","@graph":[{"@type":"Article","@id":"https:\/\/www.anovapeneira.gal\/index.php\/2023\/01\/31\/conflito-laboral-no-hotel-bahia-de-vigo\/#article","isPartOf":{"@id":"https:\/\/www.anovapeneira.gal\/index.php\/2023\/01\/31\/conflito-laboral-no-hotel-bahia-de-vigo\/"},"author":{"name":"Redacci\u00f3n A Nova Peneira","@id":"https:\/\/www.anovapeneira.gal\/#\/schema\/person\/b93e3f8932e3f8da96334607eb6ac6aa"},"headline":"Conflito laboral no hotel Bah\u00eda de Vigo","datePublished":"2023-01-31T09:00:46+00:00","mainEntityOfPage":{"@id":"https:\/\/www.anovapeneira.gal\/index.php\/2023\/01\/31\/conflito-laboral-no-hotel-bahia-de-vigo\/"},"wordCount":806,"commentCount":0,"publisher":{"@id":"https:\/\/www.anovapeneira.gal\/#organization"},"image":{"@id":"https:\/\/www.anovapeneira.gal\/index.php\/2023\/01\/31\/conflito-laboral-no-hotel-bahia-de-vigo\/#primaryimage"},"thumbnailUrl":"https:\/\/www.anovapeneira.gal\/wp-content\/uploads\/2023\/01\/conflicto_hotel_bahia.jpg","keywords":["Concello de Vigo"],"articleSection":["Vigo"],"inLanguage":"gl-ES","potentialAction":[{"@type":"CommentAction","name":"Comment","target":["https:\/\/www.anovapeneira.gal\/index.php\/2023\/01\/31\/conflito-laboral-no-hotel-bahia-de-vigo\/#respond"]}]},{"@type":"WebPage","@id":"https:\/\/www.anovapeneira.gal\/index.php\/2023\/01\/31\/conflito-laboral-no-hotel-bahia-de-vigo\/","url":"https:\/\/www.anovapeneira.gal\/index.php\/2023\/01\/31\/conflito-laboral-no-hotel-bahia-de-vigo\/","name":"Conflito laboral no hotel Bah\u00eda de Vigo -","isPartOf":{"@id":"https:\/\/www.anovapeneira.gal\/#website"},"primaryImageOfPage":{"@id":"https:\/\/www.anovapeneira.gal\/index.php\/2023\/01\/31\/conflito-laboral-no-hotel-bahia-de-vigo\/#primaryimage"},"image":{"@id":"https:\/\/www.anovapeneira.gal\/index.php\/2023\/01\/31\/conflito-laboral-no-hotel-bahia-de-vigo\/#primaryimage"},"thumbnailUrl":"https:\/\/www.anovapeneira.gal\/wp-content\/uploads\/2023\/01\/conflicto_hotel_bahia.jpg","datePublished":"2023-01-31T09:00:46+00:00","description":"Alfredo \u00e9 un hist\u00f3rico sindicalista da CIG, da federaci\u00f3n de servizos da comarca de Vigo. Alfredo un exemplo indubidable para amosar que a estupidez tan manida pola dereita sociol\u00f3xica de que os sindicatos non serven para nada non \u00e9 m\u00e1is ca iso, unha notoria estupidez","breadcrumb":{"@id":"https:\/\/www.anovapeneira.gal\/index.php\/2023\/01\/31\/conflito-laboral-no-hotel-bahia-de-vigo\/#breadcrumb"},"inLanguage":"gl-ES","potentialAction":[{"@type":"ReadAction","target":["https:\/\/www.anovapeneira.gal\/index.php\/2023\/01\/31\/conflito-laboral-no-hotel-bahia-de-vigo\/"]}]},{"@type":"ImageObject","inLanguage":"gl-ES","@id":"https:\/\/www.anovapeneira.gal\/index.php\/2023\/01\/31\/conflito-laboral-no-hotel-bahia-de-vigo\/#primaryimage","url":"https:\/\/www.anovapeneira.gal\/wp-content\/uploads\/2023\/01\/conflicto_hotel_bahia.jpg","contentUrl":"https:\/\/www.anovapeneira.gal\/wp-content\/uploads\/2023\/01\/conflicto_hotel_bahia.jpg","width":1500,"height":790,"caption":"Conflito laboral no hotel Bah\u00eda de Vigo"},{"@type":"BreadcrumbList","@id":"https:\/\/www.anovapeneira.gal\/index.php\/2023\/01\/31\/conflito-laboral-no-hotel-bahia-de-vigo\/#breadcrumb","itemListElement":[{"@type":"ListItem","position":1,"name":"Portada","item":"https:\/\/www.anovapeneira.gal\/"},{"@type":"ListItem","position":2,"name":"Conflito laboral no hotel Bah\u00eda de Vigo"}]},{"@type":"WebSite","@id":"https:\/\/www.anovapeneira.gal\/#website","url":"https:\/\/www.anovapeneira.gal\/","name":"","description":"Xornal galego de informaci\u00f3n xeral Publicaci\u00f3n mensual de novas de Galicia e en especial dos Concellos da sur da provincia de Pontevedra.","publisher":{"@id":"https:\/\/www.anovapeneira.gal\/#organization"},"potentialAction":[{"@type":"SearchAction","target":{"@type":"EntryPoint","urlTemplate":"https:\/\/www.anovapeneira.gal\/?s={search_term_string}"},"query-input":{"@type":"PropertyValueSpecification","valueRequired":true,"valueName":"search_term_string"}}],"inLanguage":"gl-ES"},{"@type":"Organization","@id":"https:\/\/www.anovapeneira.gal\/#organization","name":"A Nova Peneira","url":"https:\/\/www.anovapeneira.gal\/","logo":{"@type":"ImageObject","inLanguage":"gl-ES","@id":"https:\/\/www.anovapeneira.gal\/#\/schema\/logo\/image\/","url":"http:\/\/www.anovapeneira.gal\/wp-content\/uploads\/2019\/06\/logo_a_nova_peneira_portal_web.png","contentUrl":"http:\/\/www.anovapeneira.gal\/wp-content\/uploads\/2019\/06\/logo_a_nova_peneira_portal_web.png","width":300,"height":100,"caption":"A Nova Peneira"},"image":{"@id":"https:\/\/www.anovapeneira.gal\/#\/schema\/logo\/image\/"},"sameAs":["https:\/\/www.facebook.com\/anovapeneira","https:\/\/x.com\/APeneira"]},{"@type":"Person","@id":"https:\/\/www.anovapeneira.gal\/#\/schema\/person\/b93e3f8932e3f8da96334607eb6ac6aa","name":"Redacci\u00f3n A Nova Peneira","image":{"@type":"ImageObject","inLanguage":"gl-ES","@id":"https:\/\/secure.gravatar.com\/avatar\/c052a2551a06e23fac63626232eaa90abd78dbcf1700fc46a2b2c89fd27b735f?s=96&d=mm&r=g","url":"https:\/\/secure.gravatar.com\/avatar\/c052a2551a06e23fac63626232eaa90abd78dbcf1700fc46a2b2c89fd27b735f?s=96&d=mm&r=g","contentUrl":"https:\/\/secure.gravatar.com\/avatar\/c052a2551a06e23fac63626232eaa90abd78dbcf1700fc46a2b2c89fd27b735f?s=96&d=mm&r=g","caption":"Redacci\u00f3n A Nova Peneira"},"sameAs":["http:\/\/www.anovapeneira.gal\/"],"url":"https:\/\/www.anovapeneira.gal\/index.php\/author\/redactor\/"}]}},"jetpack_featured_media_url":"https:\/\/www.anovapeneira.gal\/wp-content\/uploads\/2023\/01\/conflicto_hotel_bahia.jpg","_links":{"self":[{"href":"https:\/\/www.anovapeneira.gal\/index.php\/wp-json\/wp\/v2\/posts\/8989","targetHints":{"allow":["GET"]}}],"collection":[{"href":"https:\/\/www.anovapeneira.gal\/index.php\/wp-json\/wp\/v2\/posts"}],"about":[{"href":"https:\/\/www.anovapeneira.gal\/index.php\/wp-json\/wp\/v2\/types\/post"}],"author":[{"embeddable":true,"href":"https:\/\/www.anovapeneira.gal\/index.php\/wp-json\/wp\/v2\/users\/3"}],"replies":[{"embeddable":true,"href":"https:\/\/www.anovapeneira.gal\/index.php\/wp-json\/wp\/v2\/comments?post=8989"}],"version-history":[{"count":1,"href":"https:\/\/www.anovapeneira.gal\/index.php\/wp-json\/wp\/v2\/posts\/8989\/revisions"}],"predecessor-version":[{"id":8991,"href":"https:\/\/www.anovapeneira.gal\/index.php\/wp-json\/wp\/v2\/posts\/8989\/revisions\/8991"}],"wp:featuredmedia":[{"embeddable":true,"href":"https:\/\/www.anovapeneira.gal\/index.php\/wp-json\/wp\/v2\/media\/8990"}],"wp:attachment":[{"href":"https:\/\/www.anovapeneira.gal\/index.php\/wp-json\/wp\/v2\/media?parent=8989"}],"wp:term":[{"taxonomy":"category","embeddable":true,"href":"https:\/\/www.anovapeneira.gal\/index.php\/wp-json\/wp\/v2\/categories?post=8989"},{"taxonomy":"post_tag","embeddable":true,"href":"https:\/\/www.anovapeneira.gal\/index.php\/wp-json\/wp\/v2\/tags?post=8989"}],"curies":[{"name":"wp","href":"https:\/\/api.w.org\/{rel}","templated":true}]}}