{"id":8998,"date":"2023-02-01T10:00:31","date_gmt":"2023-02-01T09:00:31","guid":{"rendered":"https:\/\/www.anovapeneira.gal\/?p=8998"},"modified":"2023-01-27T10:41:55","modified_gmt":"2023-01-27T09:41:55","slug":"plataformas-cidadas-de-vigo-convocan-unha-protesta-conxunta-co-lema-vigo-somos-todxs","status":"publish","type":"post","link":"https:\/\/www.anovapeneira.gal\/index.php\/2023\/02\/01\/plataformas-cidadas-de-vigo-convocan-unha-protesta-conxunta-co-lema-vigo-somos-todxs\/","title":{"rendered":"Plataformas cidad\u00e1s de Vigo convocan unha protesta conxunta co lema &#8220;VIGO Somos Todxs&#8221;"},"content":{"rendered":"\n<h2 class=\"wp-block-heading\">Ser\u00e1 o 5 de febreiro, para reclamar unha cidade que \u201cescoite e respecte\u201d ao movemento asociativo<\/h2>\n\n\n\n<p>Vigo, 23 de xaneiro de 2023<\/p>\n\n\n\n<p>Colectivos vigueses como AVIBE (Afectados Vial de Beade), Vigo Centro, Bembrive en P\u00e9, Vigo Hist\u00f3rico, Grupos en Loita, Os Ningu\u00e9ns e Defensa do Parque Garc\u00eda Picher impulsan conxuntamente unha convocatoria para esixir que o Concello os escoite. Procedentes de \u00e1mbitos diversos, decat\u00e1ronse de que ti\u00f1an o punto en com\u00fan de sentirse \u201cninguneados\u201d polo goberno municipal, polo que decidiron unir forzas para transmitir as s\u00faas demandas. Esta convocatoria ter\u00e1 lugar \u00e1s 12:00 horas do domingo 5 de febreiro na Porta do Sol.<\/p>\n\n\n\n<p>Varios destes colectivos, que representan a veci\u00f1anza de todas as partes da cidade, levan meses e mesmo anos visibilizando as s\u00faas reivindicaci\u00f3ns. En base \u00e1 s\u00faa experiencia, afirman que, co gallo da maior\u00eda absoluta do goberno municipal, este \u201cnon negocia e non atende as cr\u00edticas dos veci\u00f1os e veci\u00f1as da cidade\u201d, impulsando \u201cactuaci\u00f3ns unilaterias que afectan o noso d\u00eda a d\u00eda e que non son consensuadas, consultadas ou participadas cos milleiros de persoas afectadas\u201d. Denuncian ademais que, no momento en que discrepan con estas actuaci\u00f3ns, o Concello pasa a ir \u201cna nosa contra\u201d en vez de dialogar.<\/p>\n\n\n\n<figure class=\"wp-block-image size-full\"><img loading=\"lazy\" decoding=\"async\" width=\"1024\" height=\"620\" src=\"https:\/\/www.anovapeneira.gal\/wp-content\/uploads\/2023\/01\/parque_garcia_picher.jpeg\" alt=\"\" class=\"wp-image-9005\" srcset=\"https:\/\/www.anovapeneira.gal\/wp-content\/uploads\/2023\/01\/parque_garcia_picher.jpeg 1024w, https:\/\/www.anovapeneira.gal\/wp-content\/uploads\/2023\/01\/parque_garcia_picher-300x182.jpeg 300w, https:\/\/www.anovapeneira.gal\/wp-content\/uploads\/2023\/01\/parque_garcia_picher-768x465.jpeg 768w\" sizes=\"auto, (max-width: 1024px) 100vw, 1024px\" \/><\/figure>\n\n\n\n<p>Baixo o lema conxunto de \u201cVigo somos todxs\u201d, tam\u00e9n demandan un \u201cmodelo novo de cidade\u201d que piorice \u201ca calidade de vida fronte a inversi\u00f3n privada\u201d, tendo en conta os desaf\u00edos de sustentabilidade e mobilidade que afronta a cidade. Este \u00e9 o eixo central das reivindicaci\u00f3ns de varias das asociaci\u00f3ns impulsoras, como AVIBE e Bembrive en P\u00e9, que protestan contra os proxectos do vial PO-010 e o novo tramo da A-52. Estes ameazan con \u201cromper as parroquias\u201d e &#8220;destru\u00edr un dos enclaves ecol\u00f3xicos m\u00e1is importantes da cidade&#8221;, sen contar con \u201ccon informes que avalen e xustifiquen ditas obras\u201d.<\/p>\n\n\n\n<figure class=\"wp-block-image size-large\"><img loading=\"lazy\" decoding=\"async\" width=\"1024\" height=\"576\" src=\"https:\/\/www.anovapeneira.gal\/wp-content\/uploads\/2023\/01\/avibe-1024x576.jpeg\" alt=\"\" class=\"wp-image-9003\" srcset=\"https:\/\/www.anovapeneira.gal\/wp-content\/uploads\/2023\/01\/avibe-1024x576.jpeg 1024w, https:\/\/www.anovapeneira.gal\/wp-content\/uploads\/2023\/01\/avibe-300x169.jpeg 300w, https:\/\/www.anovapeneira.gal\/wp-content\/uploads\/2023\/01\/avibe-768x432.jpeg 768w, https:\/\/www.anovapeneira.gal\/wp-content\/uploads\/2023\/01\/avibe-1536x864.jpeg 1536w, https:\/\/www.anovapeneira.gal\/wp-content\/uploads\/2023\/01\/avibe-678x381.jpeg 678w, https:\/\/www.anovapeneira.gal\/wp-content\/uploads\/2023\/01\/avibe.jpeg 1920w\" sizes=\"auto, (max-width: 1024px) 100vw, 1024px\" \/><\/figure>\n\n\n\n<p>A asociaci\u00f3n Vigo Hist\u00f3rico tam\u00e9n se formou cun obxectivo similar, para reclamar unha peonalizaci\u00f3n da zona vella que non inclu\u00edse o tunel, polos efectos no patrimonio que este est\u00e1 a ter. Tam\u00e9n se denuncia a proliferaci\u00f3n excesiva de gasoli\u00f1eiras xunto \u00e1s vivendas, ou a perda de zonas verdes e \u00e1rbores na cidade, como ocorreu na Ronda Don Bosco, na Gran V\u00eda ou no Castro, e como se pretende que ocorra tam\u00e9n noutros espazos, como denuncia Defensa Parque Garc\u00eda Picher.<\/p>\n\n\n\n<figure class=\"wp-block-image size-large\"><img loading=\"lazy\" decoding=\"async\" width=\"1024\" height=\"575\" src=\"https:\/\/www.anovapeneira.gal\/wp-content\/uploads\/2023\/01\/Vigo_historico-1024x575.jpeg\" alt=\"\" class=\"wp-image-9002\" srcset=\"https:\/\/www.anovapeneira.gal\/wp-content\/uploads\/2023\/01\/Vigo_historico-1024x575.jpeg 1024w, https:\/\/www.anovapeneira.gal\/wp-content\/uploads\/2023\/01\/Vigo_historico-300x168.jpeg 300w, https:\/\/www.anovapeneira.gal\/wp-content\/uploads\/2023\/01\/Vigo_historico-768x431.jpeg 768w, https:\/\/www.anovapeneira.gal\/wp-content\/uploads\/2023\/01\/Vigo_historico-1536x862.jpeg 1536w, https:\/\/www.anovapeneira.gal\/wp-content\/uploads\/2023\/01\/Vigo_historico-678x381.jpeg 678w, https:\/\/www.anovapeneira.gal\/wp-content\/uploads\/2023\/01\/Vigo_historico.jpeg 1600w\" sizes=\"auto, (max-width: 1024px) 100vw, 1024px\" \/><\/figure>\n\n\n\n<p>Os problemas de tr\u00e1fico, ruido, contaminaci\u00f3n e mobilidade de Vigo v\u00edronse amplificados especialmente polo nadal , afectando totalmente \u00e1 vida coti\u00e1 dos veci\u00f1os, especialmente os do centro, que participan desta convocatoria esixindo que \u201cse vele polo cumprimento dos seus dereitos fundamentais e pola protecci\u00f3n de xard\u00edn hist\u00f3rico da Alameda\u201d durante os dous meses de celebraci\u00f3ns. Todo isto \u00fanese a problem\u00e1ticas moi arraigadas na cidade como \u00e9 a da pobreza, para a que asociaci\u00f3ns como Os Ningu\u00e9ns reclaman m\u00e1is medios e actuaci\u00f3ns.<\/p>\n\n\n\n<p>O eido da cultura est\u00e1 representado nesta coordinadora Vigo Somos Todxs por Grupos en Loita, que agrupa a artistas musicais da cidade para reclamar mellores condici\u00f3ns nas salas de ensaio, a participaci\u00f3n de bandas viguesas na programaci\u00f3n municipal, e a fin das actuaci\u00f3ns policiais inxustificadas contra concertos na cidade. Todas estas asociaci\u00f3ns, de \u00edndole moi diversa, chaman \u00e1 participaci\u00f3n na protesta do 5 de febreiro na Porta do Sol por \u201cunha cidade m\u00e1is habitable e sustentable, que nos te\u00f1a en conta a todos e todas e non reduza a marxinalidade as multiples asociaci\u00f3ns e colectivos, os cales temos moito que decir e aportar polo Vigo que queremos\u201d.<\/p>\n\n\n\n<figure class=\"wp-block-image size-large\"><img loading=\"lazy\" decoding=\"async\" width=\"724\" height=\"1024\" src=\"https:\/\/www.anovapeneira.gal\/wp-content\/uploads\/2023\/01\/Cartaz_vigo_somos_Todos-724x1024.jpeg\" alt=\"\" class=\"wp-image-9007\" srcset=\"https:\/\/www.anovapeneira.gal\/wp-content\/uploads\/2023\/01\/Cartaz_vigo_somos_Todos-724x1024.jpeg 724w, https:\/\/www.anovapeneira.gal\/wp-content\/uploads\/2023\/01\/Cartaz_vigo_somos_Todos-212x300.jpeg 212w, https:\/\/www.anovapeneira.gal\/wp-content\/uploads\/2023\/01\/Cartaz_vigo_somos_Todos-768x1086.jpeg 768w, https:\/\/www.anovapeneira.gal\/wp-content\/uploads\/2023\/01\/Cartaz_vigo_somos_Todos-1086x1536.jpeg 1086w, https:\/\/www.anovapeneira.gal\/wp-content\/uploads\/2023\/01\/Cartaz_vigo_somos_Todos.jpeg 1240w\" sizes=\"auto, (max-width: 724px) 100vw, 724px\" \/><\/figure>\n","protected":false},"excerpt":{"rendered":"<div class=\"mh-excerpt\"><p>Ser\u00e1 o 5 de febreiro, para reclamar unha cidade que \u201cescoite e respecte\u201d ao movemento asociativo <a class=\"mh-excerpt-more\" href=\"https:\/\/www.anovapeneira.gal\/index.php\/2023\/02\/01\/plataformas-cidadas-de-vigo-convocan-unha-protesta-conxunta-co-lema-vigo-somos-todxs\/\" title=\"Plataformas cidad\u00e1s de Vigo convocan unha protesta conxunta co lema &#8220;VIGO Somos Todxs&#8221;\">[&#8230;]<\/a><\/p>\n<\/div>","protected":false},"author":3,"featured_media":9000,"comment_status":"open","ping_status":"open","sticky":false,"template":"","format":"standard","meta":{"_exactmetrics_skip_tracking":false,"_exactmetrics_sitenote_active":false,"_exactmetrics_sitenote_note":"","_exactmetrics_sitenote_category":0,"footnotes":""},"categories":[19],"tags":[227],"class_list":{"0":"post-8998","1":"post","2":"type-post","3":"status-publish","4":"format-standard","5":"has-post-thumbnail","7":"category-vigo","8":"tag-concello-de-vigo"},"yoast_head":"<!-- This site is optimized with the Yoast SEO plugin v27.4 - https:\/\/yoast.com\/product\/yoast-seo-wordpress\/ -->\n<title>Plataformas cidad\u00e1s de Vigo convocan unha protesta conxunta co lema &quot;VIGO Somos Todxs&quot; -<\/title>\n<meta name=\"description\" content=\"Ser\u00e1 o 5 de febreiro, para reclamar unha cidade que \u201cescoite e respecte\u201d ao movemento asociativo\" \/>\n<meta name=\"robots\" content=\"index, follow, max-snippet:-1, max-image-preview:large, max-video-preview:-1\" \/>\n<link rel=\"canonical\" href=\"https:\/\/www.anovapeneira.gal\/index.php\/2023\/02\/01\/plataformas-cidadas-de-vigo-convocan-unha-protesta-conxunta-co-lema-vigo-somos-todxs\/\" \/>\n<meta property=\"og:locale\" content=\"gl_ES\" \/>\n<meta property=\"og:type\" content=\"article\" \/>\n<meta property=\"og:title\" content=\"Plataformas cidad\u00e1s de Vigo convocan unha protesta conxunta co lema &quot;VIGO Somos Todxs&quot; -\" \/>\n<meta property=\"og:description\" content=\"Ser\u00e1 o 5 de febreiro, para reclamar unha cidade que \u201cescoite e respecte\u201d ao movemento asociativo\" \/>\n<meta property=\"og:url\" content=\"https:\/\/www.anovapeneira.gal\/index.php\/2023\/02\/01\/plataformas-cidadas-de-vigo-convocan-unha-protesta-conxunta-co-lema-vigo-somos-todxs\/\" \/>\n<meta property=\"article:publisher\" content=\"https:\/\/www.facebook.com\/anovapeneira\" \/>\n<meta property=\"article:published_time\" content=\"2023-02-01T09:00:31+00:00\" \/>\n<meta property=\"og:image\" content=\"https:\/\/www.anovapeneira.gal\/wp-content\/uploads\/2023\/01\/vigo_somos_todos.jpg\" \/>\n\t<meta property=\"og:image:width\" content=\"720\" \/>\n\t<meta property=\"og:image:height\" content=\"432\" \/>\n\t<meta property=\"og:image:type\" content=\"image\/jpeg\" \/>\n<meta name=\"author\" content=\"Redacci\u00f3n A Nova Peneira\" \/>\n<meta name=\"twitter:card\" content=\"summary_large_image\" \/>\n<meta name=\"twitter:creator\" content=\"@APeneira\" \/>\n<meta name=\"twitter:site\" content=\"@APeneira\" \/>\n<meta name=\"twitter:label1\" content=\"Escrito por\" \/>\n\t<meta name=\"twitter:data1\" content=\"Redacci\u00f3n A Nova Peneira\" \/>\n\t<meta name=\"twitter:label2\" content=\"Tempo de lectura\" \/>\n\t<meta name=\"twitter:data2\" content=\"4 minutos\" \/>\n<script type=\"application\/ld+json\" class=\"yoast-schema-graph\">{\"@context\":\"https:\\\/\\\/schema.org\",\"@graph\":[{\"@type\":\"Article\",\"@id\":\"https:\\\/\\\/www.anovapeneira.gal\\\/index.php\\\/2023\\\/02\\\/01\\\/plataformas-cidadas-de-vigo-convocan-unha-protesta-conxunta-co-lema-vigo-somos-todxs\\\/#article\",\"isPartOf\":{\"@id\":\"https:\\\/\\\/www.anovapeneira.gal\\\/index.php\\\/2023\\\/02\\\/01\\\/plataformas-cidadas-de-vigo-convocan-unha-protesta-conxunta-co-lema-vigo-somos-todxs\\\/\"},\"author\":{\"name\":\"Redacci\u00f3n A Nova Peneira\",\"@id\":\"https:\\\/\\\/www.anovapeneira.gal\\\/#\\\/schema\\\/person\\\/b93e3f8932e3f8da96334607eb6ac6aa\"},\"headline\":\"Plataformas cidad\u00e1s de Vigo convocan unha protesta conxunta co lema &#8220;VIGO Somos Todxs&#8221;\",\"datePublished\":\"2023-02-01T09:00:31+00:00\",\"mainEntityOfPage\":{\"@id\":\"https:\\\/\\\/www.anovapeneira.gal\\\/index.php\\\/2023\\\/02\\\/01\\\/plataformas-cidadas-de-vigo-convocan-unha-protesta-conxunta-co-lema-vigo-somos-todxs\\\/\"},\"wordCount\":626,\"commentCount\":0,\"publisher\":{\"@id\":\"https:\\\/\\\/www.anovapeneira.gal\\\/#organization\"},\"image\":{\"@id\":\"https:\\\/\\\/www.anovapeneira.gal\\\/index.php\\\/2023\\\/02\\\/01\\\/plataformas-cidadas-de-vigo-convocan-unha-protesta-conxunta-co-lema-vigo-somos-todxs\\\/#primaryimage\"},\"thumbnailUrl\":\"https:\\\/\\\/www.anovapeneira.gal\\\/wp-content\\\/uploads\\\/2023\\\/01\\\/vigo_somos_todos.jpg\",\"keywords\":[\"Concello de Vigo\"],\"articleSection\":[\"Vigo\"],\"inLanguage\":\"gl-ES\",\"potentialAction\":[{\"@type\":\"CommentAction\",\"name\":\"Comment\",\"target\":[\"https:\\\/\\\/www.anovapeneira.gal\\\/index.php\\\/2023\\\/02\\\/01\\\/plataformas-cidadas-de-vigo-convocan-unha-protesta-conxunta-co-lema-vigo-somos-todxs\\\/#respond\"]}]},{\"@type\":\"WebPage\",\"@id\":\"https:\\\/\\\/www.anovapeneira.gal\\\/index.php\\\/2023\\\/02\\\/01\\\/plataformas-cidadas-de-vigo-convocan-unha-protesta-conxunta-co-lema-vigo-somos-todxs\\\/\",\"url\":\"https:\\\/\\\/www.anovapeneira.gal\\\/index.php\\\/2023\\\/02\\\/01\\\/plataformas-cidadas-de-vigo-convocan-unha-protesta-conxunta-co-lema-vigo-somos-todxs\\\/\",\"name\":\"Plataformas cidad\u00e1s de Vigo convocan unha protesta conxunta co lema \\\"VIGO Somos Todxs\\\" -\",\"isPartOf\":{\"@id\":\"https:\\\/\\\/www.anovapeneira.gal\\\/#website\"},\"primaryImageOfPage\":{\"@id\":\"https:\\\/\\\/www.anovapeneira.gal\\\/index.php\\\/2023\\\/02\\\/01\\\/plataformas-cidadas-de-vigo-convocan-unha-protesta-conxunta-co-lema-vigo-somos-todxs\\\/#primaryimage\"},\"image\":{\"@id\":\"https:\\\/\\\/www.anovapeneira.gal\\\/index.php\\\/2023\\\/02\\\/01\\\/plataformas-cidadas-de-vigo-convocan-unha-protesta-conxunta-co-lema-vigo-somos-todxs\\\/#primaryimage\"},\"thumbnailUrl\":\"https:\\\/\\\/www.anovapeneira.gal\\\/wp-content\\\/uploads\\\/2023\\\/01\\\/vigo_somos_todos.jpg\",\"datePublished\":\"2023-02-01T09:00:31+00:00\",\"description\":\"Ser\u00e1 o 5 de febreiro, para reclamar unha cidade que \u201cescoite e respecte\u201d ao movemento asociativo\",\"breadcrumb\":{\"@id\":\"https:\\\/\\\/www.anovapeneira.gal\\\/index.php\\\/2023\\\/02\\\/01\\\/plataformas-cidadas-de-vigo-convocan-unha-protesta-conxunta-co-lema-vigo-somos-todxs\\\/#breadcrumb\"},\"inLanguage\":\"gl-ES\",\"potentialAction\":[{\"@type\":\"ReadAction\",\"target\":[\"https:\\\/\\\/www.anovapeneira.gal\\\/index.php\\\/2023\\\/02\\\/01\\\/plataformas-cidadas-de-vigo-convocan-unha-protesta-conxunta-co-lema-vigo-somos-todxs\\\/\"]}]},{\"@type\":\"ImageObject\",\"inLanguage\":\"gl-ES\",\"@id\":\"https:\\\/\\\/www.anovapeneira.gal\\\/index.php\\\/2023\\\/02\\\/01\\\/plataformas-cidadas-de-vigo-convocan-unha-protesta-conxunta-co-lema-vigo-somos-todxs\\\/#primaryimage\",\"url\":\"https:\\\/\\\/www.anovapeneira.gal\\\/wp-content\\\/uploads\\\/2023\\\/01\\\/vigo_somos_todos.jpg\",\"contentUrl\":\"https:\\\/\\\/www.anovapeneira.gal\\\/wp-content\\\/uploads\\\/2023\\\/01\\\/vigo_somos_todos.jpg\",\"width\":720,\"height\":432,\"caption\":\"Plataformas cidad\u00e1s de Vigo convocan unha protesta conxunta co lema \\\"VIGO Somos Todxs\\\"\"},{\"@type\":\"BreadcrumbList\",\"@id\":\"https:\\\/\\\/www.anovapeneira.gal\\\/index.php\\\/2023\\\/02\\\/01\\\/plataformas-cidadas-de-vigo-convocan-unha-protesta-conxunta-co-lema-vigo-somos-todxs\\\/#breadcrumb\",\"itemListElement\":[{\"@type\":\"ListItem\",\"position\":1,\"name\":\"Portada\",\"item\":\"https:\\\/\\\/www.anovapeneira.gal\\\/\"},{\"@type\":\"ListItem\",\"position\":2,\"name\":\"Plataformas cidad\u00e1s de Vigo convocan unha protesta conxunta co lema &#8220;VIGO Somos Todxs&#8221;\"}]},{\"@type\":\"WebSite\",\"@id\":\"https:\\\/\\\/www.anovapeneira.gal\\\/#website\",\"url\":\"https:\\\/\\\/www.anovapeneira.gal\\\/\",\"name\":\"\",\"description\":\"Xornal galego de informaci\u00f3n xeral Publicaci\u00f3n mensual de novas de Galicia e en especial dos Concellos da sur da provincia de Pontevedra.\",\"publisher\":{\"@id\":\"https:\\\/\\\/www.anovapeneira.gal\\\/#organization\"},\"potentialAction\":[{\"@type\":\"SearchAction\",\"target\":{\"@type\":\"EntryPoint\",\"urlTemplate\":\"https:\\\/\\\/www.anovapeneira.gal\\\/?s={search_term_string}\"},\"query-input\":{\"@type\":\"PropertyValueSpecification\",\"valueRequired\":true,\"valueName\":\"search_term_string\"}}],\"inLanguage\":\"gl-ES\"},{\"@type\":\"Organization\",\"@id\":\"https:\\\/\\\/www.anovapeneira.gal\\\/#organization\",\"name\":\"A Nova Peneira\",\"url\":\"https:\\\/\\\/www.anovapeneira.gal\\\/\",\"logo\":{\"@type\":\"ImageObject\",\"inLanguage\":\"gl-ES\",\"@id\":\"https:\\\/\\\/www.anovapeneira.gal\\\/#\\\/schema\\\/logo\\\/image\\\/\",\"url\":\"http:\\\/\\\/www.anovapeneira.gal\\\/wp-content\\\/uploads\\\/2019\\\/06\\\/logo_a_nova_peneira_portal_web.png\",\"contentUrl\":\"http:\\\/\\\/www.anovapeneira.gal\\\/wp-content\\\/uploads\\\/2019\\\/06\\\/logo_a_nova_peneira_portal_web.png\",\"width\":300,\"height\":100,\"caption\":\"A Nova Peneira\"},\"image\":{\"@id\":\"https:\\\/\\\/www.anovapeneira.gal\\\/#\\\/schema\\\/logo\\\/image\\\/\"},\"sameAs\":[\"https:\\\/\\\/www.facebook.com\\\/anovapeneira\",\"https:\\\/\\\/x.com\\\/APeneira\"]},{\"@type\":\"Person\",\"@id\":\"https:\\\/\\\/www.anovapeneira.gal\\\/#\\\/schema\\\/person\\\/b93e3f8932e3f8da96334607eb6ac6aa\",\"name\":\"Redacci\u00f3n A Nova Peneira\",\"image\":{\"@type\":\"ImageObject\",\"inLanguage\":\"gl-ES\",\"@id\":\"https:\\\/\\\/secure.gravatar.com\\\/avatar\\\/c052a2551a06e23fac63626232eaa90abd78dbcf1700fc46a2b2c89fd27b735f?s=96&d=mm&r=g\",\"url\":\"https:\\\/\\\/secure.gravatar.com\\\/avatar\\\/c052a2551a06e23fac63626232eaa90abd78dbcf1700fc46a2b2c89fd27b735f?s=96&d=mm&r=g\",\"contentUrl\":\"https:\\\/\\\/secure.gravatar.com\\\/avatar\\\/c052a2551a06e23fac63626232eaa90abd78dbcf1700fc46a2b2c89fd27b735f?s=96&d=mm&r=g\",\"caption\":\"Redacci\u00f3n A Nova Peneira\"},\"sameAs\":[\"http:\\\/\\\/www.anovapeneira.gal\\\/\"],\"url\":\"https:\\\/\\\/www.anovapeneira.gal\\\/index.php\\\/author\\\/redactor\\\/\"}]}<\/script>\n<!-- \/ Yoast SEO plugin. -->","yoast_head_json":{"title":"Plataformas cidad\u00e1s de Vigo convocan unha protesta conxunta co lema \"VIGO Somos Todxs\" -","description":"Ser\u00e1 o 5 de febreiro, para reclamar unha cidade que \u201cescoite e respecte\u201d ao movemento asociativo","robots":{"index":"index","follow":"follow","max-snippet":"max-snippet:-1","max-image-preview":"max-image-preview:large","max-video-preview":"max-video-preview:-1"},"canonical":"https:\/\/www.anovapeneira.gal\/index.php\/2023\/02\/01\/plataformas-cidadas-de-vigo-convocan-unha-protesta-conxunta-co-lema-vigo-somos-todxs\/","og_locale":"gl_ES","og_type":"article","og_title":"Plataformas cidad\u00e1s de Vigo convocan unha protesta conxunta co lema \"VIGO Somos Todxs\" -","og_description":"Ser\u00e1 o 5 de febreiro, para reclamar unha cidade que \u201cescoite e respecte\u201d ao movemento asociativo","og_url":"https:\/\/www.anovapeneira.gal\/index.php\/2023\/02\/01\/plataformas-cidadas-de-vigo-convocan-unha-protesta-conxunta-co-lema-vigo-somos-todxs\/","article_publisher":"https:\/\/www.facebook.com\/anovapeneira","article_published_time":"2023-02-01T09:00:31+00:00","og_image":[{"width":720,"height":432,"url":"https:\/\/www.anovapeneira.gal\/wp-content\/uploads\/2023\/01\/vigo_somos_todos.jpg","type":"image\/jpeg"}],"author":"Redacci\u00f3n A Nova Peneira","twitter_card":"summary_large_image","twitter_creator":"@APeneira","twitter_site":"@APeneira","twitter_misc":{"Escrito por":"Redacci\u00f3n A Nova Peneira","Tempo de lectura":"4 minutos"},"schema":{"@context":"https:\/\/schema.org","@graph":[{"@type":"Article","@id":"https:\/\/www.anovapeneira.gal\/index.php\/2023\/02\/01\/plataformas-cidadas-de-vigo-convocan-unha-protesta-conxunta-co-lema-vigo-somos-todxs\/#article","isPartOf":{"@id":"https:\/\/www.anovapeneira.gal\/index.php\/2023\/02\/01\/plataformas-cidadas-de-vigo-convocan-unha-protesta-conxunta-co-lema-vigo-somos-todxs\/"},"author":{"name":"Redacci\u00f3n A Nova Peneira","@id":"https:\/\/www.anovapeneira.gal\/#\/schema\/person\/b93e3f8932e3f8da96334607eb6ac6aa"},"headline":"Plataformas cidad\u00e1s de Vigo convocan unha protesta conxunta co lema &#8220;VIGO Somos Todxs&#8221;","datePublished":"2023-02-01T09:00:31+00:00","mainEntityOfPage":{"@id":"https:\/\/www.anovapeneira.gal\/index.php\/2023\/02\/01\/plataformas-cidadas-de-vigo-convocan-unha-protesta-conxunta-co-lema-vigo-somos-todxs\/"},"wordCount":626,"commentCount":0,"publisher":{"@id":"https:\/\/www.anovapeneira.gal\/#organization"},"image":{"@id":"https:\/\/www.anovapeneira.gal\/index.php\/2023\/02\/01\/plataformas-cidadas-de-vigo-convocan-unha-protesta-conxunta-co-lema-vigo-somos-todxs\/#primaryimage"},"thumbnailUrl":"https:\/\/www.anovapeneira.gal\/wp-content\/uploads\/2023\/01\/vigo_somos_todos.jpg","keywords":["Concello de Vigo"],"articleSection":["Vigo"],"inLanguage":"gl-ES","potentialAction":[{"@type":"CommentAction","name":"Comment","target":["https:\/\/www.anovapeneira.gal\/index.php\/2023\/02\/01\/plataformas-cidadas-de-vigo-convocan-unha-protesta-conxunta-co-lema-vigo-somos-todxs\/#respond"]}]},{"@type":"WebPage","@id":"https:\/\/www.anovapeneira.gal\/index.php\/2023\/02\/01\/plataformas-cidadas-de-vigo-convocan-unha-protesta-conxunta-co-lema-vigo-somos-todxs\/","url":"https:\/\/www.anovapeneira.gal\/index.php\/2023\/02\/01\/plataformas-cidadas-de-vigo-convocan-unha-protesta-conxunta-co-lema-vigo-somos-todxs\/","name":"Plataformas cidad\u00e1s de Vigo convocan unha protesta conxunta co lema \"VIGO Somos Todxs\" -","isPartOf":{"@id":"https:\/\/www.anovapeneira.gal\/#website"},"primaryImageOfPage":{"@id":"https:\/\/www.anovapeneira.gal\/index.php\/2023\/02\/01\/plataformas-cidadas-de-vigo-convocan-unha-protesta-conxunta-co-lema-vigo-somos-todxs\/#primaryimage"},"image":{"@id":"https:\/\/www.anovapeneira.gal\/index.php\/2023\/02\/01\/plataformas-cidadas-de-vigo-convocan-unha-protesta-conxunta-co-lema-vigo-somos-todxs\/#primaryimage"},"thumbnailUrl":"https:\/\/www.anovapeneira.gal\/wp-content\/uploads\/2023\/01\/vigo_somos_todos.jpg","datePublished":"2023-02-01T09:00:31+00:00","description":"Ser\u00e1 o 5 de febreiro, para reclamar unha cidade que \u201cescoite e respecte\u201d ao movemento asociativo","breadcrumb":{"@id":"https:\/\/www.anovapeneira.gal\/index.php\/2023\/02\/01\/plataformas-cidadas-de-vigo-convocan-unha-protesta-conxunta-co-lema-vigo-somos-todxs\/#breadcrumb"},"inLanguage":"gl-ES","potentialAction":[{"@type":"ReadAction","target":["https:\/\/www.anovapeneira.gal\/index.php\/2023\/02\/01\/plataformas-cidadas-de-vigo-convocan-unha-protesta-conxunta-co-lema-vigo-somos-todxs\/"]}]},{"@type":"ImageObject","inLanguage":"gl-ES","@id":"https:\/\/www.anovapeneira.gal\/index.php\/2023\/02\/01\/plataformas-cidadas-de-vigo-convocan-unha-protesta-conxunta-co-lema-vigo-somos-todxs\/#primaryimage","url":"https:\/\/www.anovapeneira.gal\/wp-content\/uploads\/2023\/01\/vigo_somos_todos.jpg","contentUrl":"https:\/\/www.anovapeneira.gal\/wp-content\/uploads\/2023\/01\/vigo_somos_todos.jpg","width":720,"height":432,"caption":"Plataformas cidad\u00e1s de Vigo convocan unha protesta conxunta co lema \"VIGO Somos Todxs\""},{"@type":"BreadcrumbList","@id":"https:\/\/www.anovapeneira.gal\/index.php\/2023\/02\/01\/plataformas-cidadas-de-vigo-convocan-unha-protesta-conxunta-co-lema-vigo-somos-todxs\/#breadcrumb","itemListElement":[{"@type":"ListItem","position":1,"name":"Portada","item":"https:\/\/www.anovapeneira.gal\/"},{"@type":"ListItem","position":2,"name":"Plataformas cidad\u00e1s de Vigo convocan unha protesta conxunta co lema &#8220;VIGO Somos Todxs&#8221;"}]},{"@type":"WebSite","@id":"https:\/\/www.anovapeneira.gal\/#website","url":"https:\/\/www.anovapeneira.gal\/","name":"","description":"Xornal galego de informaci\u00f3n xeral Publicaci\u00f3n mensual de novas de Galicia e en especial dos Concellos da sur da provincia de Pontevedra.","publisher":{"@id":"https:\/\/www.anovapeneira.gal\/#organization"},"potentialAction":[{"@type":"SearchAction","target":{"@type":"EntryPoint","urlTemplate":"https:\/\/www.anovapeneira.gal\/?s={search_term_string}"},"query-input":{"@type":"PropertyValueSpecification","valueRequired":true,"valueName":"search_term_string"}}],"inLanguage":"gl-ES"},{"@type":"Organization","@id":"https:\/\/www.anovapeneira.gal\/#organization","name":"A Nova Peneira","url":"https:\/\/www.anovapeneira.gal\/","logo":{"@type":"ImageObject","inLanguage":"gl-ES","@id":"https:\/\/www.anovapeneira.gal\/#\/schema\/logo\/image\/","url":"http:\/\/www.anovapeneira.gal\/wp-content\/uploads\/2019\/06\/logo_a_nova_peneira_portal_web.png","contentUrl":"http:\/\/www.anovapeneira.gal\/wp-content\/uploads\/2019\/06\/logo_a_nova_peneira_portal_web.png","width":300,"height":100,"caption":"A Nova Peneira"},"image":{"@id":"https:\/\/www.anovapeneira.gal\/#\/schema\/logo\/image\/"},"sameAs":["https:\/\/www.facebook.com\/anovapeneira","https:\/\/x.com\/APeneira"]},{"@type":"Person","@id":"https:\/\/www.anovapeneira.gal\/#\/schema\/person\/b93e3f8932e3f8da96334607eb6ac6aa","name":"Redacci\u00f3n A Nova Peneira","image":{"@type":"ImageObject","inLanguage":"gl-ES","@id":"https:\/\/secure.gravatar.com\/avatar\/c052a2551a06e23fac63626232eaa90abd78dbcf1700fc46a2b2c89fd27b735f?s=96&d=mm&r=g","url":"https:\/\/secure.gravatar.com\/avatar\/c052a2551a06e23fac63626232eaa90abd78dbcf1700fc46a2b2c89fd27b735f?s=96&d=mm&r=g","contentUrl":"https:\/\/secure.gravatar.com\/avatar\/c052a2551a06e23fac63626232eaa90abd78dbcf1700fc46a2b2c89fd27b735f?s=96&d=mm&r=g","caption":"Redacci\u00f3n A Nova Peneira"},"sameAs":["http:\/\/www.anovapeneira.gal\/"],"url":"https:\/\/www.anovapeneira.gal\/index.php\/author\/redactor\/"}]}},"jetpack_featured_media_url":"https:\/\/www.anovapeneira.gal\/wp-content\/uploads\/2023\/01\/vigo_somos_todos.jpg","_links":{"self":[{"href":"https:\/\/www.anovapeneira.gal\/index.php\/wp-json\/wp\/v2\/posts\/8998","targetHints":{"allow":["GET"]}}],"collection":[{"href":"https:\/\/www.anovapeneira.gal\/index.php\/wp-json\/wp\/v2\/posts"}],"about":[{"href":"https:\/\/www.anovapeneira.gal\/index.php\/wp-json\/wp\/v2\/types\/post"}],"author":[{"embeddable":true,"href":"https:\/\/www.anovapeneira.gal\/index.php\/wp-json\/wp\/v2\/users\/3"}],"replies":[{"embeddable":true,"href":"https:\/\/www.anovapeneira.gal\/index.php\/wp-json\/wp\/v2\/comments?post=8998"}],"version-history":[{"count":3,"href":"https:\/\/www.anovapeneira.gal\/index.php\/wp-json\/wp\/v2\/posts\/8998\/revisions"}],"predecessor-version":[{"id":9008,"href":"https:\/\/www.anovapeneira.gal\/index.php\/wp-json\/wp\/v2\/posts\/8998\/revisions\/9008"}],"wp:featuredmedia":[{"embeddable":true,"href":"https:\/\/www.anovapeneira.gal\/index.php\/wp-json\/wp\/v2\/media\/9000"}],"wp:attachment":[{"href":"https:\/\/www.anovapeneira.gal\/index.php\/wp-json\/wp\/v2\/media?parent=8998"}],"wp:term":[{"taxonomy":"category","embeddable":true,"href":"https:\/\/www.anovapeneira.gal\/index.php\/wp-json\/wp\/v2\/categories?post=8998"},{"taxonomy":"post_tag","embeddable":true,"href":"https:\/\/www.anovapeneira.gal\/index.php\/wp-json\/wp\/v2\/tags?post=8998"}],"curies":[{"name":"wp","href":"https:\/\/api.w.org\/{rel}","templated":true}]}}