{"id":9026,"date":"2023-02-06T10:00:36","date_gmt":"2023-02-06T09:00:36","guid":{"rendered":"https:\/\/www.anovapeneira.gal\/?p=9026"},"modified":"2023-02-03T12:40:01","modified_gmt":"2023-02-03T11:40:01","slug":"allariz-acolle-o-25-de-febreiro-a-xornada-_medrar-en-galego_-para-arroupar-a-crianza-en-galego","status":"publish","type":"post","link":"https:\/\/www.anovapeneira.gal\/index.php\/2023\/02\/06\/allariz-acolle-o-25-de-febreiro-a-xornada-_medrar-en-galego_-para-arroupar-a-crianza-en-galego\/","title":{"rendered":"Allariz acolle o 25 de febreiro a xornada _Medrar en galego_ para arroupar a crianza en galego"},"content":{"rendered":"\n<p><strong>Allariz, 1 de febreiro de 2023<\/strong><\/p>\n\n\n\n<p>Allariz acoller\u00e1 o pr\u00f3ximo 25 de febreiro a xornada Medrar en galego, organizada pola Mesa pola Normalizaci\u00f3n Ling\u00fc\u00edstica, o Concello de Allariz, a Deputaci\u00f3n de Ourense, o Espazo Ben Com\u00fan e a Confederaci\u00f3n de ANPAS galegas. O programa de actividades, que se presentou esta ma\u00f1\u00e1 en rolda de prensa, desenvolverase ao longo de todo o d\u00eda e incluir\u00e1 obradoiros para partillar experiencias de \u00e9xito e resoluci\u00f3n de conflitos, xogos, contos e feira de empresas en galego. Mag\u00edn Blanco por\u00e1 o ramo cun concerto de Gatuxo que ter\u00e1 lugar na praza do Concello que, como o resto das actividades, ser\u00e1 de acceso libre e gratu\u00edto.<\/p>\n\n\n\n<p>Durante a presentaci\u00f3n da xornada, o presidente da Mesa, Marcos Maceira, sinalou que cada vez son m\u00e1is as familias que procuran conscientemente criar as s\u00faa fillas e fillos en galego. Segundo o \u00faltimo estudo publicado polo IGE ao respecto, a poboaci\u00f3n de menor de 49 que fala galego aos fillos e fillas pasou do 29,43% en 2013 ao 31,83% en 2018 o que supuxo un incremento do 8,15%. Maceira salientou que &#8220;a conciencia da importancia da crianza para reverter a situaci\u00f3n do galego aumenta, a pesar dun contexto social onde a exclusi\u00f3n do noso idioma permanece no sistema educativo, no lecer, na socializaci\u00f3n, nos produtos audiovisuais e en practicamente todas as influencias externas ao entorno familiar&#8221;. &#8220;Con estas xornadas&#8221;, rematou, &#8220;queremos contribu\u00edr a mellorar as ferramentas que xa est\u00e1n a empregar as familias para fortalecer o uso do galego entre as crianzas mesmo en entornos adversos&#8221;.<\/p>\n\n\n\n<figure class=\"wp-block-image size-large\"><img loading=\"lazy\" decoding=\"async\" width=\"724\" height=\"1024\" src=\"https:\/\/www.anovapeneira.gal\/wp-content\/uploads\/2023\/02\/Cartaz-724x1024.jpeg\" alt=\"\" class=\"wp-image-9028\" srcset=\"https:\/\/www.anovapeneira.gal\/wp-content\/uploads\/2023\/02\/Cartaz-724x1024.jpeg 724w, https:\/\/www.anovapeneira.gal\/wp-content\/uploads\/2023\/02\/Cartaz-212x300.jpeg 212w, https:\/\/www.anovapeneira.gal\/wp-content\/uploads\/2023\/02\/Cartaz-768x1086.jpeg 768w, https:\/\/www.anovapeneira.gal\/wp-content\/uploads\/2023\/02\/Cartaz-1086x1536.jpeg 1086w, https:\/\/www.anovapeneira.gal\/wp-content\/uploads\/2023\/02\/Cartaz.jpeg 1448w\" sizes=\"auto, (max-width: 724px) 100vw, 724px\" \/><\/figure>\n\n\n\n<p>Pola s\u00faa banda, Rosendo Fern\u00e1ndez, vicepresidente da Deputaci\u00f3n de Ourense, resaltou a importancia da lingua propia de Galicia e que as instituci\u00f3ns deben conservar o galego. Pechou o acto a Alcaldesa de Allariz, agradecendo a colaboraci\u00f3n tanto de A Mesa, como do Espazo BenCom\u00fan, a asociaci\u00f3n Anpas Galegas coma da Deputaci\u00f3n para que a xornada Medrar en Galego sa\u00edra adiante, e se celebre en Allariz a s\u00faa primeira edici\u00f3n. Cristina Cid resaltaba a &#8220;necesaria implicaci\u00f3n tanto das instituci\u00f3ns coma dos axentes sociais que nos rodean d\u00eda a d\u00eda, para que o noso idioma non se perda&#8221;. &#8220;O noso deber \u00e9 protexer, mimar e transmitir \u00e1s xeraci\u00f3ns futuras o que as xeraci\u00f3ns pasadas nos transmitiron a n\u00f3s&#8221;, sinalou Cid, que pechou a presentaci\u00f3n animando a todas as persoas a se achegaren a Allariz para participar desta xornada, _Medrar en Galego_. Para responder \u00e1s dificuldades expostas na presentaci\u00f3n, a Mesa pola Normalizaci\u00f3n Ling\u00fc\u00edstica, Ben Com\u00fan, Confederaci\u00f3n de ANPAS Galegas e o Concello de Allariz, propo\u00f1en para o s\u00e1bado da semana do D\u00eda Internacional da Lingua Propia, un programa de actividades para familias e crianzas se reafirmaren no emprego do galego, mais tam\u00e9n para debater, contrastar e partillar d\u00fabidas, inquedanzas e as situaci\u00f3ns que vivimos d\u00eda a d\u00eda, da man de tanto de especialistas como das experiencias directas de familias comprometidas co galego que nos axudar\u00e1n a co\u00f1ecer as diferentes etapas psicoevolutivas e os momentos cr\u00edticos no uso da lingua: escolarizaci\u00f3n inicial, mudanza de ciclo educativa, novas amizades, novas inquedanzas e todas aquelas d\u00fabidas, feblezas, contradici\u00f3ns e resistencias que atoparon no uso continuado da lingua nun contexto de hexemon\u00eda absoluta do espa\u00f1ol. _Medrar en galego_ contar\u00e1, tam\u00e9n, cun espazo para o lecer das crianzas, para gozar das posibilidades que oferece unha vila como Allariz a trav\u00e9s dos xogos, obradoiros, actividades e da feira na que as empresas m\u00e1is respons\u00e1beis co idioma expor\u00e1n o seu produto. Achegamos o cartaz da xornada, dese\u00f1ado por Meli Molita, e unha fotograf\u00eda da presentaci\u00f3n na que aparecen (nesta orde) Olga Quintana, Rosendo Fern\u00e1ndez, Cristina Cid e Marcos Maceira<\/p>\n","protected":false},"excerpt":{"rendered":"<div class=\"mh-excerpt\"><p>Allariz acoller\u00e1 o pr\u00f3ximo 25 de febreiro a xornada Medrar en galego, organizada pola Mesa pola Normalizaci\u00f3n Ling\u00fc\u00edstica, o Concello de Allariz, a Deputaci\u00f3n de Ourense, o Espazo Ben Com\u00fan e a Confederaci\u00f3n de ANPAS galegas <a class=\"mh-excerpt-more\" href=\"https:\/\/www.anovapeneira.gal\/index.php\/2023\/02\/06\/allariz-acolle-o-25-de-febreiro-a-xornada-_medrar-en-galego_-para-arroupar-a-crianza-en-galego\/\" title=\"Allariz acolle o 25 de febreiro a xornada _Medrar en galego_ para arroupar a crianza en galego\">[&#8230;]<\/a><\/p>\n<\/div>","protected":false},"author":1,"featured_media":9030,"comment_status":"open","ping_status":"open","sticky":false,"template":"","format":"standard","meta":{"_exactmetrics_skip_tracking":false,"_exactmetrics_sitenote_active":false,"_exactmetrics_sitenote_note":"","_exactmetrics_sitenote_category":0,"footnotes":""},"categories":[263],"tags":[1346],"class_list":{"0":"post-9026","1":"post","2":"type-post","3":"status-publish","4":"format-standard","5":"has-post-thumbnail","7":"category-novas","8":"tag-concello-de-allariz"},"yoast_head":"<!-- This site is optimized with the Yoast SEO plugin v27.4 - https:\/\/yoast.com\/product\/yoast-seo-wordpress\/ -->\n<title>Allariz acolle o 25 de febreiro a xornada _Medrar en galego_ para arroupar a crianza en galego -<\/title>\n<meta name=\"description\" content=\"Allariz acoller\u00e1 o pr\u00f3ximo 25 de febreiro a xornada Medrar en galego, organizada pola Mesa pola Normalizaci\u00f3n Ling\u00fc\u00edstica, o Concello de Allariz, a Deputaci\u00f3n de Ourense, o Espazo Ben Com\u00fan e a Confederaci\u00f3n de ANPAS galegas\" \/>\n<meta name=\"robots\" content=\"index, follow, max-snippet:-1, max-image-preview:large, max-video-preview:-1\" \/>\n<link rel=\"canonical\" href=\"https:\/\/www.anovapeneira.gal\/index.php\/2023\/02\/06\/allariz-acolle-o-25-de-febreiro-a-xornada-_medrar-en-galego_-para-arroupar-a-crianza-en-galego\/\" \/>\n<meta property=\"og:locale\" content=\"gl_ES\" \/>\n<meta property=\"og:type\" content=\"article\" \/>\n<meta property=\"og:title\" content=\"Allariz acolle o 25 de febreiro a xornada _Medrar en galego_ para arroupar a crianza en galego -\" \/>\n<meta property=\"og:description\" content=\"Allariz acoller\u00e1 o pr\u00f3ximo 25 de febreiro a xornada Medrar en galego, organizada pola Mesa pola Normalizaci\u00f3n Ling\u00fc\u00edstica, o Concello de Allariz, a Deputaci\u00f3n de Ourense, o Espazo Ben Com\u00fan e a Confederaci\u00f3n de ANPAS galegas\" \/>\n<meta property=\"og:url\" content=\"https:\/\/www.anovapeneira.gal\/index.php\/2023\/02\/06\/allariz-acolle-o-25-de-febreiro-a-xornada-_medrar-en-galego_-para-arroupar-a-crianza-en-galego\/\" \/>\n<meta property=\"article:publisher\" content=\"https:\/\/www.facebook.com\/anovapeneira\" \/>\n<meta property=\"article:author\" content=\"https:\/\/www.facebook.com\/anovapeneira\/\" \/>\n<meta property=\"article:published_time\" content=\"2023-02-06T09:00:36+00:00\" \/>\n<meta property=\"og:image\" content=\"https:\/\/www.anovapeneira.gal\/wp-content\/uploads\/2023\/02\/medrar_en_Galego.jpg\" \/>\n\t<meta property=\"og:image:width\" content=\"720\" \/>\n\t<meta property=\"og:image:height\" content=\"432\" \/>\n\t<meta property=\"og:image:type\" content=\"image\/jpeg\" \/>\n<meta name=\"author\" content=\"admin\" \/>\n<meta name=\"twitter:card\" content=\"summary_large_image\" \/>\n<meta name=\"twitter:creator\" content=\"@APeneira\" \/>\n<meta name=\"twitter:site\" content=\"@APeneira\" \/>\n<meta name=\"twitter:label1\" content=\"Escrito por\" \/>\n\t<meta name=\"twitter:data1\" content=\"admin\" \/>\n\t<meta name=\"twitter:label2\" content=\"Tempo de lectura\" \/>\n\t<meta name=\"twitter:data2\" content=\"4 minutos\" \/>\n<script type=\"application\/ld+json\" class=\"yoast-schema-graph\">{\"@context\":\"https:\\\/\\\/schema.org\",\"@graph\":[{\"@type\":\"Article\",\"@id\":\"https:\\\/\\\/www.anovapeneira.gal\\\/index.php\\\/2023\\\/02\\\/06\\\/allariz-acolle-o-25-de-febreiro-a-xornada-_medrar-en-galego_-para-arroupar-a-crianza-en-galego\\\/#article\",\"isPartOf\":{\"@id\":\"https:\\\/\\\/www.anovapeneira.gal\\\/index.php\\\/2023\\\/02\\\/06\\\/allariz-acolle-o-25-de-febreiro-a-xornada-_medrar-en-galego_-para-arroupar-a-crianza-en-galego\\\/\"},\"author\":{\"name\":\"admin\",\"@id\":\"https:\\\/\\\/www.anovapeneira.gal\\\/#\\\/schema\\\/person\\\/fb77575328c93684dae4b0075f90c2cb\"},\"headline\":\"Allariz acolle o 25 de febreiro a xornada _Medrar en galego_ para arroupar a crianza en galego\",\"datePublished\":\"2023-02-06T09:00:36+00:00\",\"mainEntityOfPage\":{\"@id\":\"https:\\\/\\\/www.anovapeneira.gal\\\/index.php\\\/2023\\\/02\\\/06\\\/allariz-acolle-o-25-de-febreiro-a-xornada-_medrar-en-galego_-para-arroupar-a-crianza-en-galego\\\/\"},\"wordCount\":670,\"commentCount\":0,\"publisher\":{\"@id\":\"https:\\\/\\\/www.anovapeneira.gal\\\/#organization\"},\"image\":{\"@id\":\"https:\\\/\\\/www.anovapeneira.gal\\\/index.php\\\/2023\\\/02\\\/06\\\/allariz-acolle-o-25-de-febreiro-a-xornada-_medrar-en-galego_-para-arroupar-a-crianza-en-galego\\\/#primaryimage\"},\"thumbnailUrl\":\"https:\\\/\\\/www.anovapeneira.gal\\\/wp-content\\\/uploads\\\/2023\\\/02\\\/medrar_en_Galego.jpg\",\"keywords\":[\"Concello de Allariz\"],\"articleSection\":[\"Novas\"],\"inLanguage\":\"gl-ES\",\"potentialAction\":[{\"@type\":\"CommentAction\",\"name\":\"Comment\",\"target\":[\"https:\\\/\\\/www.anovapeneira.gal\\\/index.php\\\/2023\\\/02\\\/06\\\/allariz-acolle-o-25-de-febreiro-a-xornada-_medrar-en-galego_-para-arroupar-a-crianza-en-galego\\\/#respond\"]}]},{\"@type\":\"WebPage\",\"@id\":\"https:\\\/\\\/www.anovapeneira.gal\\\/index.php\\\/2023\\\/02\\\/06\\\/allariz-acolle-o-25-de-febreiro-a-xornada-_medrar-en-galego_-para-arroupar-a-crianza-en-galego\\\/\",\"url\":\"https:\\\/\\\/www.anovapeneira.gal\\\/index.php\\\/2023\\\/02\\\/06\\\/allariz-acolle-o-25-de-febreiro-a-xornada-_medrar-en-galego_-para-arroupar-a-crianza-en-galego\\\/\",\"name\":\"Allariz acolle o 25 de febreiro a xornada _Medrar en galego_ para arroupar a crianza en galego -\",\"isPartOf\":{\"@id\":\"https:\\\/\\\/www.anovapeneira.gal\\\/#website\"},\"primaryImageOfPage\":{\"@id\":\"https:\\\/\\\/www.anovapeneira.gal\\\/index.php\\\/2023\\\/02\\\/06\\\/allariz-acolle-o-25-de-febreiro-a-xornada-_medrar-en-galego_-para-arroupar-a-crianza-en-galego\\\/#primaryimage\"},\"image\":{\"@id\":\"https:\\\/\\\/www.anovapeneira.gal\\\/index.php\\\/2023\\\/02\\\/06\\\/allariz-acolle-o-25-de-febreiro-a-xornada-_medrar-en-galego_-para-arroupar-a-crianza-en-galego\\\/#primaryimage\"},\"thumbnailUrl\":\"https:\\\/\\\/www.anovapeneira.gal\\\/wp-content\\\/uploads\\\/2023\\\/02\\\/medrar_en_Galego.jpg\",\"datePublished\":\"2023-02-06T09:00:36+00:00\",\"description\":\"Allariz acoller\u00e1 o pr\u00f3ximo 25 de febreiro a xornada Medrar en galego, organizada pola Mesa pola Normalizaci\u00f3n Ling\u00fc\u00edstica, o Concello de Allariz, a Deputaci\u00f3n de Ourense, o Espazo Ben Com\u00fan e a Confederaci\u00f3n de ANPAS galegas\",\"breadcrumb\":{\"@id\":\"https:\\\/\\\/www.anovapeneira.gal\\\/index.php\\\/2023\\\/02\\\/06\\\/allariz-acolle-o-25-de-febreiro-a-xornada-_medrar-en-galego_-para-arroupar-a-crianza-en-galego\\\/#breadcrumb\"},\"inLanguage\":\"gl-ES\",\"potentialAction\":[{\"@type\":\"ReadAction\",\"target\":[\"https:\\\/\\\/www.anovapeneira.gal\\\/index.php\\\/2023\\\/02\\\/06\\\/allariz-acolle-o-25-de-febreiro-a-xornada-_medrar-en-galego_-para-arroupar-a-crianza-en-galego\\\/\"]}]},{\"@type\":\"ImageObject\",\"inLanguage\":\"gl-ES\",\"@id\":\"https:\\\/\\\/www.anovapeneira.gal\\\/index.php\\\/2023\\\/02\\\/06\\\/allariz-acolle-o-25-de-febreiro-a-xornada-_medrar-en-galego_-para-arroupar-a-crianza-en-galego\\\/#primaryimage\",\"url\":\"https:\\\/\\\/www.anovapeneira.gal\\\/wp-content\\\/uploads\\\/2023\\\/02\\\/medrar_en_Galego.jpg\",\"contentUrl\":\"https:\\\/\\\/www.anovapeneira.gal\\\/wp-content\\\/uploads\\\/2023\\\/02\\\/medrar_en_Galego.jpg\",\"width\":720,\"height\":432,\"caption\":\"Medrar en Galego\"},{\"@type\":\"BreadcrumbList\",\"@id\":\"https:\\\/\\\/www.anovapeneira.gal\\\/index.php\\\/2023\\\/02\\\/06\\\/allariz-acolle-o-25-de-febreiro-a-xornada-_medrar-en-galego_-para-arroupar-a-crianza-en-galego\\\/#breadcrumb\",\"itemListElement\":[{\"@type\":\"ListItem\",\"position\":1,\"name\":\"Portada\",\"item\":\"https:\\\/\\\/www.anovapeneira.gal\\\/\"},{\"@type\":\"ListItem\",\"position\":2,\"name\":\"Allariz acolle o 25 de febreiro a xornada _Medrar en galego_ para arroupar a crianza en galego\"}]},{\"@type\":\"WebSite\",\"@id\":\"https:\\\/\\\/www.anovapeneira.gal\\\/#website\",\"url\":\"https:\\\/\\\/www.anovapeneira.gal\\\/\",\"name\":\"\",\"description\":\"Xornal galego de informaci\u00f3n xeral Publicaci\u00f3n mensual de novas de Galicia e en especial dos Concellos da sur da provincia de Pontevedra.\",\"publisher\":{\"@id\":\"https:\\\/\\\/www.anovapeneira.gal\\\/#organization\"},\"potentialAction\":[{\"@type\":\"SearchAction\",\"target\":{\"@type\":\"EntryPoint\",\"urlTemplate\":\"https:\\\/\\\/www.anovapeneira.gal\\\/?s={search_term_string}\"},\"query-input\":{\"@type\":\"PropertyValueSpecification\",\"valueRequired\":true,\"valueName\":\"search_term_string\"}}],\"inLanguage\":\"gl-ES\"},{\"@type\":\"Organization\",\"@id\":\"https:\\\/\\\/www.anovapeneira.gal\\\/#organization\",\"name\":\"A Nova Peneira\",\"url\":\"https:\\\/\\\/www.anovapeneira.gal\\\/\",\"logo\":{\"@type\":\"ImageObject\",\"inLanguage\":\"gl-ES\",\"@id\":\"https:\\\/\\\/www.anovapeneira.gal\\\/#\\\/schema\\\/logo\\\/image\\\/\",\"url\":\"http:\\\/\\\/www.anovapeneira.gal\\\/wp-content\\\/uploads\\\/2019\\\/06\\\/logo_a_nova_peneira_portal_web.png\",\"contentUrl\":\"http:\\\/\\\/www.anovapeneira.gal\\\/wp-content\\\/uploads\\\/2019\\\/06\\\/logo_a_nova_peneira_portal_web.png\",\"width\":300,\"height\":100,\"caption\":\"A Nova Peneira\"},\"image\":{\"@id\":\"https:\\\/\\\/www.anovapeneira.gal\\\/#\\\/schema\\\/logo\\\/image\\\/\"},\"sameAs\":[\"https:\\\/\\\/www.facebook.com\\\/anovapeneira\",\"https:\\\/\\\/x.com\\\/APeneira\"]},{\"@type\":\"Person\",\"@id\":\"https:\\\/\\\/www.anovapeneira.gal\\\/#\\\/schema\\\/person\\\/fb77575328c93684dae4b0075f90c2cb\",\"name\":\"admin\",\"image\":{\"@type\":\"ImageObject\",\"inLanguage\":\"gl-ES\",\"@id\":\"https:\\\/\\\/secure.gravatar.com\\\/avatar\\\/df15c36ce375448325e0bc870e91bbee95947a002eb98dcfd6c2b053e18843e9?s=96&d=mm&r=g\",\"url\":\"https:\\\/\\\/secure.gravatar.com\\\/avatar\\\/df15c36ce375448325e0bc870e91bbee95947a002eb98dcfd6c2b053e18843e9?s=96&d=mm&r=g\",\"contentUrl\":\"https:\\\/\\\/secure.gravatar.com\\\/avatar\\\/df15c36ce375448325e0bc870e91bbee95947a002eb98dcfd6c2b053e18843e9?s=96&d=mm&r=g\",\"caption\":\"admin\"},\"description\":\"Xornal galego de informaci\u00f3n xeral Publicaci\u00f3n mensual de novas de Galicia e en especial dos Concellos da sur da provincia de Pontevedra.\",\"sameAs\":[\"http:\\\/\\\/www.anovapeneira.gal\\\/\",\"https:\\\/\\\/www.facebook.com\\\/anovapeneira\\\/\"],\"url\":\"https:\\\/\\\/www.anovapeneira.gal\\\/index.php\\\/author\\\/admin\\\/\"}]}<\/script>\n<!-- \/ Yoast SEO plugin. -->","yoast_head_json":{"title":"Allariz acolle o 25 de febreiro a xornada _Medrar en galego_ para arroupar a crianza en galego -","description":"Allariz acoller\u00e1 o pr\u00f3ximo 25 de febreiro a xornada Medrar en galego, organizada pola Mesa pola Normalizaci\u00f3n Ling\u00fc\u00edstica, o Concello de Allariz, a Deputaci\u00f3n de Ourense, o Espazo Ben Com\u00fan e a Confederaci\u00f3n de ANPAS galegas","robots":{"index":"index","follow":"follow","max-snippet":"max-snippet:-1","max-image-preview":"max-image-preview:large","max-video-preview":"max-video-preview:-1"},"canonical":"https:\/\/www.anovapeneira.gal\/index.php\/2023\/02\/06\/allariz-acolle-o-25-de-febreiro-a-xornada-_medrar-en-galego_-para-arroupar-a-crianza-en-galego\/","og_locale":"gl_ES","og_type":"article","og_title":"Allariz acolle o 25 de febreiro a xornada _Medrar en galego_ para arroupar a crianza en galego -","og_description":"Allariz acoller\u00e1 o pr\u00f3ximo 25 de febreiro a xornada Medrar en galego, organizada pola Mesa pola Normalizaci\u00f3n Ling\u00fc\u00edstica, o Concello de Allariz, a Deputaci\u00f3n de Ourense, o Espazo Ben Com\u00fan e a Confederaci\u00f3n de ANPAS galegas","og_url":"https:\/\/www.anovapeneira.gal\/index.php\/2023\/02\/06\/allariz-acolle-o-25-de-febreiro-a-xornada-_medrar-en-galego_-para-arroupar-a-crianza-en-galego\/","article_publisher":"https:\/\/www.facebook.com\/anovapeneira","article_author":"https:\/\/www.facebook.com\/anovapeneira\/","article_published_time":"2023-02-06T09:00:36+00:00","og_image":[{"width":720,"height":432,"url":"https:\/\/www.anovapeneira.gal\/wp-content\/uploads\/2023\/02\/medrar_en_Galego.jpg","type":"image\/jpeg"}],"author":"admin","twitter_card":"summary_large_image","twitter_creator":"@APeneira","twitter_site":"@APeneira","twitter_misc":{"Escrito por":"admin","Tempo de lectura":"4 minutos"},"schema":{"@context":"https:\/\/schema.org","@graph":[{"@type":"Article","@id":"https:\/\/www.anovapeneira.gal\/index.php\/2023\/02\/06\/allariz-acolle-o-25-de-febreiro-a-xornada-_medrar-en-galego_-para-arroupar-a-crianza-en-galego\/#article","isPartOf":{"@id":"https:\/\/www.anovapeneira.gal\/index.php\/2023\/02\/06\/allariz-acolle-o-25-de-febreiro-a-xornada-_medrar-en-galego_-para-arroupar-a-crianza-en-galego\/"},"author":{"name":"admin","@id":"https:\/\/www.anovapeneira.gal\/#\/schema\/person\/fb77575328c93684dae4b0075f90c2cb"},"headline":"Allariz acolle o 25 de febreiro a xornada _Medrar en galego_ para arroupar a crianza en galego","datePublished":"2023-02-06T09:00:36+00:00","mainEntityOfPage":{"@id":"https:\/\/www.anovapeneira.gal\/index.php\/2023\/02\/06\/allariz-acolle-o-25-de-febreiro-a-xornada-_medrar-en-galego_-para-arroupar-a-crianza-en-galego\/"},"wordCount":670,"commentCount":0,"publisher":{"@id":"https:\/\/www.anovapeneira.gal\/#organization"},"image":{"@id":"https:\/\/www.anovapeneira.gal\/index.php\/2023\/02\/06\/allariz-acolle-o-25-de-febreiro-a-xornada-_medrar-en-galego_-para-arroupar-a-crianza-en-galego\/#primaryimage"},"thumbnailUrl":"https:\/\/www.anovapeneira.gal\/wp-content\/uploads\/2023\/02\/medrar_en_Galego.jpg","keywords":["Concello de Allariz"],"articleSection":["Novas"],"inLanguage":"gl-ES","potentialAction":[{"@type":"CommentAction","name":"Comment","target":["https:\/\/www.anovapeneira.gal\/index.php\/2023\/02\/06\/allariz-acolle-o-25-de-febreiro-a-xornada-_medrar-en-galego_-para-arroupar-a-crianza-en-galego\/#respond"]}]},{"@type":"WebPage","@id":"https:\/\/www.anovapeneira.gal\/index.php\/2023\/02\/06\/allariz-acolle-o-25-de-febreiro-a-xornada-_medrar-en-galego_-para-arroupar-a-crianza-en-galego\/","url":"https:\/\/www.anovapeneira.gal\/index.php\/2023\/02\/06\/allariz-acolle-o-25-de-febreiro-a-xornada-_medrar-en-galego_-para-arroupar-a-crianza-en-galego\/","name":"Allariz acolle o 25 de febreiro a xornada _Medrar en galego_ para arroupar a crianza en galego -","isPartOf":{"@id":"https:\/\/www.anovapeneira.gal\/#website"},"primaryImageOfPage":{"@id":"https:\/\/www.anovapeneira.gal\/index.php\/2023\/02\/06\/allariz-acolle-o-25-de-febreiro-a-xornada-_medrar-en-galego_-para-arroupar-a-crianza-en-galego\/#primaryimage"},"image":{"@id":"https:\/\/www.anovapeneira.gal\/index.php\/2023\/02\/06\/allariz-acolle-o-25-de-febreiro-a-xornada-_medrar-en-galego_-para-arroupar-a-crianza-en-galego\/#primaryimage"},"thumbnailUrl":"https:\/\/www.anovapeneira.gal\/wp-content\/uploads\/2023\/02\/medrar_en_Galego.jpg","datePublished":"2023-02-06T09:00:36+00:00","description":"Allariz acoller\u00e1 o pr\u00f3ximo 25 de febreiro a xornada Medrar en galego, organizada pola Mesa pola Normalizaci\u00f3n Ling\u00fc\u00edstica, o Concello de Allariz, a Deputaci\u00f3n de Ourense, o Espazo Ben Com\u00fan e a Confederaci\u00f3n de ANPAS galegas","breadcrumb":{"@id":"https:\/\/www.anovapeneira.gal\/index.php\/2023\/02\/06\/allariz-acolle-o-25-de-febreiro-a-xornada-_medrar-en-galego_-para-arroupar-a-crianza-en-galego\/#breadcrumb"},"inLanguage":"gl-ES","potentialAction":[{"@type":"ReadAction","target":["https:\/\/www.anovapeneira.gal\/index.php\/2023\/02\/06\/allariz-acolle-o-25-de-febreiro-a-xornada-_medrar-en-galego_-para-arroupar-a-crianza-en-galego\/"]}]},{"@type":"ImageObject","inLanguage":"gl-ES","@id":"https:\/\/www.anovapeneira.gal\/index.php\/2023\/02\/06\/allariz-acolle-o-25-de-febreiro-a-xornada-_medrar-en-galego_-para-arroupar-a-crianza-en-galego\/#primaryimage","url":"https:\/\/www.anovapeneira.gal\/wp-content\/uploads\/2023\/02\/medrar_en_Galego.jpg","contentUrl":"https:\/\/www.anovapeneira.gal\/wp-content\/uploads\/2023\/02\/medrar_en_Galego.jpg","width":720,"height":432,"caption":"Medrar en Galego"},{"@type":"BreadcrumbList","@id":"https:\/\/www.anovapeneira.gal\/index.php\/2023\/02\/06\/allariz-acolle-o-25-de-febreiro-a-xornada-_medrar-en-galego_-para-arroupar-a-crianza-en-galego\/#breadcrumb","itemListElement":[{"@type":"ListItem","position":1,"name":"Portada","item":"https:\/\/www.anovapeneira.gal\/"},{"@type":"ListItem","position":2,"name":"Allariz acolle o 25 de febreiro a xornada _Medrar en galego_ para arroupar a crianza en galego"}]},{"@type":"WebSite","@id":"https:\/\/www.anovapeneira.gal\/#website","url":"https:\/\/www.anovapeneira.gal\/","name":"","description":"Xornal galego de informaci\u00f3n xeral Publicaci\u00f3n mensual de novas de Galicia e en especial dos Concellos da sur da provincia de Pontevedra.","publisher":{"@id":"https:\/\/www.anovapeneira.gal\/#organization"},"potentialAction":[{"@type":"SearchAction","target":{"@type":"EntryPoint","urlTemplate":"https:\/\/www.anovapeneira.gal\/?s={search_term_string}"},"query-input":{"@type":"PropertyValueSpecification","valueRequired":true,"valueName":"search_term_string"}}],"inLanguage":"gl-ES"},{"@type":"Organization","@id":"https:\/\/www.anovapeneira.gal\/#organization","name":"A Nova Peneira","url":"https:\/\/www.anovapeneira.gal\/","logo":{"@type":"ImageObject","inLanguage":"gl-ES","@id":"https:\/\/www.anovapeneira.gal\/#\/schema\/logo\/image\/","url":"http:\/\/www.anovapeneira.gal\/wp-content\/uploads\/2019\/06\/logo_a_nova_peneira_portal_web.png","contentUrl":"http:\/\/www.anovapeneira.gal\/wp-content\/uploads\/2019\/06\/logo_a_nova_peneira_portal_web.png","width":300,"height":100,"caption":"A Nova Peneira"},"image":{"@id":"https:\/\/www.anovapeneira.gal\/#\/schema\/logo\/image\/"},"sameAs":["https:\/\/www.facebook.com\/anovapeneira","https:\/\/x.com\/APeneira"]},{"@type":"Person","@id":"https:\/\/www.anovapeneira.gal\/#\/schema\/person\/fb77575328c93684dae4b0075f90c2cb","name":"admin","image":{"@type":"ImageObject","inLanguage":"gl-ES","@id":"https:\/\/secure.gravatar.com\/avatar\/df15c36ce375448325e0bc870e91bbee95947a002eb98dcfd6c2b053e18843e9?s=96&d=mm&r=g","url":"https:\/\/secure.gravatar.com\/avatar\/df15c36ce375448325e0bc870e91bbee95947a002eb98dcfd6c2b053e18843e9?s=96&d=mm&r=g","contentUrl":"https:\/\/secure.gravatar.com\/avatar\/df15c36ce375448325e0bc870e91bbee95947a002eb98dcfd6c2b053e18843e9?s=96&d=mm&r=g","caption":"admin"},"description":"Xornal galego de informaci\u00f3n xeral Publicaci\u00f3n mensual de novas de Galicia e en especial dos Concellos da sur da provincia de Pontevedra.","sameAs":["http:\/\/www.anovapeneira.gal\/","https:\/\/www.facebook.com\/anovapeneira\/"],"url":"https:\/\/www.anovapeneira.gal\/index.php\/author\/admin\/"}]}},"jetpack_featured_media_url":"https:\/\/www.anovapeneira.gal\/wp-content\/uploads\/2023\/02\/medrar_en_Galego.jpg","_links":{"self":[{"href":"https:\/\/www.anovapeneira.gal\/index.php\/wp-json\/wp\/v2\/posts\/9026","targetHints":{"allow":["GET"]}}],"collection":[{"href":"https:\/\/www.anovapeneira.gal\/index.php\/wp-json\/wp\/v2\/posts"}],"about":[{"href":"https:\/\/www.anovapeneira.gal\/index.php\/wp-json\/wp\/v2\/types\/post"}],"author":[{"embeddable":true,"href":"https:\/\/www.anovapeneira.gal\/index.php\/wp-json\/wp\/v2\/users\/1"}],"replies":[{"embeddable":true,"href":"https:\/\/www.anovapeneira.gal\/index.php\/wp-json\/wp\/v2\/comments?post=9026"}],"version-history":[{"count":2,"href":"https:\/\/www.anovapeneira.gal\/index.php\/wp-json\/wp\/v2\/posts\/9026\/revisions"}],"predecessor-version":[{"id":9029,"href":"https:\/\/www.anovapeneira.gal\/index.php\/wp-json\/wp\/v2\/posts\/9026\/revisions\/9029"}],"wp:featuredmedia":[{"embeddable":true,"href":"https:\/\/www.anovapeneira.gal\/index.php\/wp-json\/wp\/v2\/media\/9030"}],"wp:attachment":[{"href":"https:\/\/www.anovapeneira.gal\/index.php\/wp-json\/wp\/v2\/media?parent=9026"}],"wp:term":[{"taxonomy":"category","embeddable":true,"href":"https:\/\/www.anovapeneira.gal\/index.php\/wp-json\/wp\/v2\/categories?post=9026"},{"taxonomy":"post_tag","embeddable":true,"href":"https:\/\/www.anovapeneira.gal\/index.php\/wp-json\/wp\/v2\/tags?post=9026"}],"curies":[{"name":"wp","href":"https:\/\/api.w.org\/{rel}","templated":true}]}}