{"id":9031,"date":"2023-02-06T12:00:20","date_gmt":"2023-02-06T11:00:20","guid":{"rendered":"https:\/\/www.anovapeneira.gal\/?p=9031"},"modified":"2023-02-03T12:46:45","modified_gmt":"2023-02-03T11:46:45","slug":"o-bng-de-vigo-pide-reforzar-o-persoal-municipal-e-descentralizar-servizos-ante-a-saturacion-do-concello","status":"publish","type":"post","link":"https:\/\/www.anovapeneira.gal\/index.php\/2023\/02\/06\/o-bng-de-vigo-pide-reforzar-o-persoal-municipal-e-descentralizar-servizos-ante-a-saturacion-do-concello\/","title":{"rendered":"O BNG de Vigo pide reforzar o persoal municipal e descentralizar servizos ante a saturaci\u00f3n do Concello"},"content":{"rendered":"\n<h2 class=\"wp-block-heading\">A fronte nacionalista urxe soluci\u00f3ns diante das colas quilom\u00e9tricas na lonxa do Concello, das longas demoras para tr\u00e1mites e dos horarios limitados en servizos como as Unidades de Traballo Social de Teis e Coia<\/h2>\n\n\n\n<p>Xabier P. Igrexas: \u201cEsta situaci\u00f3n \u00e9 produto das pol\u00edticas de Abel Caballero, que impulsou m\u00e1is privatizaci\u00f3ns que ning\u00fan outro goberno na historia da nosa cidade\u201d<br><br><strong>VIGO, 1 de febreiro 2023<\/strong><\/p>\n\n\n\n<p>O Bloque Nacionalista Galego pide reforzar o persoal municipal e apostar pola descentralizaci\u00f3n de servizos como soluci\u00f3n \u00e1 saturaci\u00f3n que vive nas \u00faltimas semanas o Concello de Vigo. A fronte nacionalista critica que o goberno de Abel Caballero baleire de medios humanos e materiais as dependencias municipais ao tempo que avanza na privatizaci\u00f3n de servizos p\u00fablicos.<\/p>\n\n\n\n<p>\u201cA saturaci\u00f3n actual sup\u00f3n un evidente prexu\u00edzo para a veci\u00f1anza, con colas quilom\u00e9tricas na lonxa do Concello, con servizos a medio pechar como as Unidades de Traballo Social de Teis e Coia e con demoras de m\u00e1is dun mes para lograr unha cita para tr\u00e1mites que, en moitos casos, te\u00f1en a ver con situaci\u00f3ns de vulnerabilidade social\u201d, denunciou o concelleiro e candidato do BNG de Vigo, Xabier P. Igrexas.<\/p>\n\n\n\n<p>O edil nacionalista afeou que o Goberno municipal insista, diante deste contexto, en transferir a mans de empresas privadas a xesti\u00f3n de m\u00e1is servizos municipais. \u201cMesmo para cuesti\u00f3ns tan b\u00e1sicas como a apertura e o peche das instalaci\u00f3ns deportivas do propio Concello\u201d, cuestionou Igrexas, que acusou ao equipo de Abel Caballero de ser \u201co goberno que m\u00e1is privatizaci\u00f3ns impulsou na historia da nosa cidade\u201d.<\/p>\n\n\n\n<p>O concelleiro do Bloque lembrou que o Concello de Vigo ten preto de 300 prazas de persoal municipal pendentes de adxudicar pola falla de execuci\u00f3n das Ofertas P\u00fablicas de Emprego desde o ano 2017, tal como denunciaron tam\u00e9n as e os propios traballadores da casa consistorial. Nese sentido, apuntou que o Goberno municipal deixou sen gastar at\u00e9 37,5 mill\u00f3ns de euros desde o ano 2019 no cap\u00edtulo de persoal municipal.<\/p>\n\n\n\n<p>\u201cDemandamos que o Concello, que ten capacidade econ\u00f3mica abondo para reforzar os seus servizos, axilice a incorporaci\u00f3n de m\u00e1is persoal para ofrecer unha mellor atenci\u00f3n \u00e1 veci\u00f1anza e evitar sobrecargar aos actuais traballadores e traballadoras\u201d, explicou Igrexas.<\/p>\n\n\n\n<p>Ademais, o candidato do BNG chamou a avanzar na descentralizaci\u00f3n dos servizos municipais para que as viguesas e vigueses non se vexan \u201cobrigados\u201d a desprazarse at\u00e9 a lonxa do Concello e agardar longas esperas para tr\u00e1mites. A fronte nacionalista prop\u00f3n as\u00ed que se doten as oficinas municipais de distrito e os centros de c\u00edvicos dos recursos necesarios para realizar esta atenci\u00f3n presencial.<\/p>\n","protected":false},"excerpt":{"rendered":"<div class=\"mh-excerpt\"><p>A fronte nacionalista urxe soluci\u00f3ns diante das colas quilom\u00e9tricas na lonxa do Concello, das longas demoras para tr\u00e1mites e dos horarios limitados en servizos como as Unidades de Traballo Social de Teis e Coia <a class=\"mh-excerpt-more\" href=\"https:\/\/www.anovapeneira.gal\/index.php\/2023\/02\/06\/o-bng-de-vigo-pide-reforzar-o-persoal-municipal-e-descentralizar-servizos-ante-a-saturacion-do-concello\/\" title=\"O BNG de Vigo pide reforzar o persoal municipal e descentralizar servizos ante a saturaci\u00f3n do Concello\">[&#8230;]<\/a><\/p>\n<\/div>","protected":false},"author":3,"featured_media":8341,"comment_status":"open","ping_status":"open","sticky":false,"template":"","format":"standard","meta":{"_exactmetrics_skip_tracking":false,"_exactmetrics_sitenote_active":false,"_exactmetrics_sitenote_note":"","_exactmetrics_sitenote_category":0,"footnotes":""},"categories":[19],"tags":[227],"class_list":{"0":"post-9031","1":"post","2":"type-post","3":"status-publish","4":"format-standard","5":"has-post-thumbnail","7":"category-vigo","8":"tag-concello-de-vigo"},"yoast_head":"<!-- This site is optimized with the Yoast SEO plugin v27.4 - https:\/\/yoast.com\/product\/yoast-seo-wordpress\/ -->\n<title>O BNG de Vigo pide reforzar o persoal municipal e descentralizar servizos ante a saturaci\u00f3n do Concello -<\/title>\n<meta name=\"robots\" content=\"index, follow, max-snippet:-1, max-image-preview:large, max-video-preview:-1\" \/>\n<link rel=\"canonical\" href=\"https:\/\/www.anovapeneira.gal\/index.php\/2023\/02\/06\/o-bng-de-vigo-pide-reforzar-o-persoal-municipal-e-descentralizar-servizos-ante-a-saturacion-do-concello\/\" \/>\n<meta property=\"og:locale\" content=\"gl_ES\" \/>\n<meta property=\"og:type\" content=\"article\" \/>\n<meta property=\"og:title\" content=\"O BNG de Vigo pide reforzar o persoal municipal e descentralizar servizos ante a saturaci\u00f3n do Concello -\" \/>\n<meta property=\"og:description\" content=\"A fronte nacionalista urxe soluci\u00f3ns diante das colas quilom\u00e9tricas na lonxa do Concello, das longas demoras para tr\u00e1mites e dos horarios limitados en servizos como as Unidades de Traballo Social de Teis e Coia [...]\" \/>\n<meta property=\"og:url\" content=\"https:\/\/www.anovapeneira.gal\/index.php\/2023\/02\/06\/o-bng-de-vigo-pide-reforzar-o-persoal-municipal-e-descentralizar-servizos-ante-a-saturacion-do-concello\/\" \/>\n<meta property=\"article:publisher\" content=\"https:\/\/www.facebook.com\/anovapeneira\" \/>\n<meta property=\"article:published_time\" content=\"2023-02-06T11:00:20+00:00\" \/>\n<meta property=\"og:image\" content=\"https:\/\/www.anovapeneira.gal\/wp-content\/uploads\/2022\/10\/xabier_p_igrexas_2.jpg\" \/>\n\t<meta property=\"og:image:width\" content=\"720\" \/>\n\t<meta property=\"og:image:height\" content=\"432\" \/>\n\t<meta property=\"og:image:type\" content=\"image\/jpeg\" \/>\n<meta name=\"author\" content=\"Redacci\u00f3n A Nova Peneira\" \/>\n<meta name=\"twitter:card\" content=\"summary_large_image\" \/>\n<meta name=\"twitter:creator\" content=\"@APeneira\" \/>\n<meta name=\"twitter:site\" content=\"@APeneira\" \/>\n<meta name=\"twitter:label1\" content=\"Escrito por\" \/>\n\t<meta name=\"twitter:data1\" content=\"Redacci\u00f3n A Nova Peneira\" \/>\n\t<meta name=\"twitter:label2\" content=\"Tempo de lectura\" \/>\n\t<meta name=\"twitter:data2\" content=\"3 minutos\" \/>\n<script type=\"application\/ld+json\" class=\"yoast-schema-graph\">{\"@context\":\"https:\\\/\\\/schema.org\",\"@graph\":[{\"@type\":\"Article\",\"@id\":\"https:\\\/\\\/www.anovapeneira.gal\\\/index.php\\\/2023\\\/02\\\/06\\\/o-bng-de-vigo-pide-reforzar-o-persoal-municipal-e-descentralizar-servizos-ante-a-saturacion-do-concello\\\/#article\",\"isPartOf\":{\"@id\":\"https:\\\/\\\/www.anovapeneira.gal\\\/index.php\\\/2023\\\/02\\\/06\\\/o-bng-de-vigo-pide-reforzar-o-persoal-municipal-e-descentralizar-servizos-ante-a-saturacion-do-concello\\\/\"},\"author\":{\"name\":\"Redacci\u00f3n A Nova Peneira\",\"@id\":\"https:\\\/\\\/www.anovapeneira.gal\\\/#\\\/schema\\\/person\\\/b93e3f8932e3f8da96334607eb6ac6aa\"},\"headline\":\"O BNG de Vigo pide reforzar o persoal municipal e descentralizar servizos ante a saturaci\u00f3n do Concello\",\"datePublished\":\"2023-02-06T11:00:20+00:00\",\"mainEntityOfPage\":{\"@id\":\"https:\\\/\\\/www.anovapeneira.gal\\\/index.php\\\/2023\\\/02\\\/06\\\/o-bng-de-vigo-pide-reforzar-o-persoal-municipal-e-descentralizar-servizos-ante-a-saturacion-do-concello\\\/\"},\"wordCount\":475,\"commentCount\":0,\"publisher\":{\"@id\":\"https:\\\/\\\/www.anovapeneira.gal\\\/#organization\"},\"image\":{\"@id\":\"https:\\\/\\\/www.anovapeneira.gal\\\/index.php\\\/2023\\\/02\\\/06\\\/o-bng-de-vigo-pide-reforzar-o-persoal-municipal-e-descentralizar-servizos-ante-a-saturacion-do-concello\\\/#primaryimage\"},\"thumbnailUrl\":\"https:\\\/\\\/www.anovapeneira.gal\\\/wp-content\\\/uploads\\\/2022\\\/10\\\/xabier_p_igrexas_2.jpg\",\"keywords\":[\"Concello de Vigo\"],\"articleSection\":[\"Vigo\"],\"inLanguage\":\"gl-ES\",\"potentialAction\":[{\"@type\":\"CommentAction\",\"name\":\"Comment\",\"target\":[\"https:\\\/\\\/www.anovapeneira.gal\\\/index.php\\\/2023\\\/02\\\/06\\\/o-bng-de-vigo-pide-reforzar-o-persoal-municipal-e-descentralizar-servizos-ante-a-saturacion-do-concello\\\/#respond\"]}]},{\"@type\":\"WebPage\",\"@id\":\"https:\\\/\\\/www.anovapeneira.gal\\\/index.php\\\/2023\\\/02\\\/06\\\/o-bng-de-vigo-pide-reforzar-o-persoal-municipal-e-descentralizar-servizos-ante-a-saturacion-do-concello\\\/\",\"url\":\"https:\\\/\\\/www.anovapeneira.gal\\\/index.php\\\/2023\\\/02\\\/06\\\/o-bng-de-vigo-pide-reforzar-o-persoal-municipal-e-descentralizar-servizos-ante-a-saturacion-do-concello\\\/\",\"name\":\"O BNG de Vigo pide reforzar o persoal municipal e descentralizar servizos ante a saturaci\u00f3n do Concello -\",\"isPartOf\":{\"@id\":\"https:\\\/\\\/www.anovapeneira.gal\\\/#website\"},\"primaryImageOfPage\":{\"@id\":\"https:\\\/\\\/www.anovapeneira.gal\\\/index.php\\\/2023\\\/02\\\/06\\\/o-bng-de-vigo-pide-reforzar-o-persoal-municipal-e-descentralizar-servizos-ante-a-saturacion-do-concello\\\/#primaryimage\"},\"image\":{\"@id\":\"https:\\\/\\\/www.anovapeneira.gal\\\/index.php\\\/2023\\\/02\\\/06\\\/o-bng-de-vigo-pide-reforzar-o-persoal-municipal-e-descentralizar-servizos-ante-a-saturacion-do-concello\\\/#primaryimage\"},\"thumbnailUrl\":\"https:\\\/\\\/www.anovapeneira.gal\\\/wp-content\\\/uploads\\\/2022\\\/10\\\/xabier_p_igrexas_2.jpg\",\"datePublished\":\"2023-02-06T11:00:20+00:00\",\"breadcrumb\":{\"@id\":\"https:\\\/\\\/www.anovapeneira.gal\\\/index.php\\\/2023\\\/02\\\/06\\\/o-bng-de-vigo-pide-reforzar-o-persoal-municipal-e-descentralizar-servizos-ante-a-saturacion-do-concello\\\/#breadcrumb\"},\"inLanguage\":\"gl-ES\",\"potentialAction\":[{\"@type\":\"ReadAction\",\"target\":[\"https:\\\/\\\/www.anovapeneira.gal\\\/index.php\\\/2023\\\/02\\\/06\\\/o-bng-de-vigo-pide-reforzar-o-persoal-municipal-e-descentralizar-servizos-ante-a-saturacion-do-concello\\\/\"]}]},{\"@type\":\"ImageObject\",\"inLanguage\":\"gl-ES\",\"@id\":\"https:\\\/\\\/www.anovapeneira.gal\\\/index.php\\\/2023\\\/02\\\/06\\\/o-bng-de-vigo-pide-reforzar-o-persoal-municipal-e-descentralizar-servizos-ante-a-saturacion-do-concello\\\/#primaryimage\",\"url\":\"https:\\\/\\\/www.anovapeneira.gal\\\/wp-content\\\/uploads\\\/2022\\\/10\\\/xabier_p_igrexas_2.jpg\",\"contentUrl\":\"https:\\\/\\\/www.anovapeneira.gal\\\/wp-content\\\/uploads\\\/2022\\\/10\\\/xabier_p_igrexas_2.jpg\",\"width\":720,\"height\":432,\"caption\":\"Xabier P. Igrexas\"},{\"@type\":\"BreadcrumbList\",\"@id\":\"https:\\\/\\\/www.anovapeneira.gal\\\/index.php\\\/2023\\\/02\\\/06\\\/o-bng-de-vigo-pide-reforzar-o-persoal-municipal-e-descentralizar-servizos-ante-a-saturacion-do-concello\\\/#breadcrumb\",\"itemListElement\":[{\"@type\":\"ListItem\",\"position\":1,\"name\":\"Portada\",\"item\":\"https:\\\/\\\/www.anovapeneira.gal\\\/\"},{\"@type\":\"ListItem\",\"position\":2,\"name\":\"O BNG de Vigo pide reforzar o persoal municipal e descentralizar servizos ante a saturaci\u00f3n do Concello\"}]},{\"@type\":\"WebSite\",\"@id\":\"https:\\\/\\\/www.anovapeneira.gal\\\/#website\",\"url\":\"https:\\\/\\\/www.anovapeneira.gal\\\/\",\"name\":\"\",\"description\":\"Xornal galego de informaci\u00f3n xeral Publicaci\u00f3n mensual de novas de Galicia e en especial dos Concellos da sur da provincia de Pontevedra.\",\"publisher\":{\"@id\":\"https:\\\/\\\/www.anovapeneira.gal\\\/#organization\"},\"potentialAction\":[{\"@type\":\"SearchAction\",\"target\":{\"@type\":\"EntryPoint\",\"urlTemplate\":\"https:\\\/\\\/www.anovapeneira.gal\\\/?s={search_term_string}\"},\"query-input\":{\"@type\":\"PropertyValueSpecification\",\"valueRequired\":true,\"valueName\":\"search_term_string\"}}],\"inLanguage\":\"gl-ES\"},{\"@type\":\"Organization\",\"@id\":\"https:\\\/\\\/www.anovapeneira.gal\\\/#organization\",\"name\":\"A Nova Peneira\",\"url\":\"https:\\\/\\\/www.anovapeneira.gal\\\/\",\"logo\":{\"@type\":\"ImageObject\",\"inLanguage\":\"gl-ES\",\"@id\":\"https:\\\/\\\/www.anovapeneira.gal\\\/#\\\/schema\\\/logo\\\/image\\\/\",\"url\":\"http:\\\/\\\/www.anovapeneira.gal\\\/wp-content\\\/uploads\\\/2019\\\/06\\\/logo_a_nova_peneira_portal_web.png\",\"contentUrl\":\"http:\\\/\\\/www.anovapeneira.gal\\\/wp-content\\\/uploads\\\/2019\\\/06\\\/logo_a_nova_peneira_portal_web.png\",\"width\":300,\"height\":100,\"caption\":\"A Nova Peneira\"},\"image\":{\"@id\":\"https:\\\/\\\/www.anovapeneira.gal\\\/#\\\/schema\\\/logo\\\/image\\\/\"},\"sameAs\":[\"https:\\\/\\\/www.facebook.com\\\/anovapeneira\",\"https:\\\/\\\/x.com\\\/APeneira\"]},{\"@type\":\"Person\",\"@id\":\"https:\\\/\\\/www.anovapeneira.gal\\\/#\\\/schema\\\/person\\\/b93e3f8932e3f8da96334607eb6ac6aa\",\"name\":\"Redacci\u00f3n A Nova Peneira\",\"image\":{\"@type\":\"ImageObject\",\"inLanguage\":\"gl-ES\",\"@id\":\"https:\\\/\\\/secure.gravatar.com\\\/avatar\\\/c052a2551a06e23fac63626232eaa90abd78dbcf1700fc46a2b2c89fd27b735f?s=96&d=mm&r=g\",\"url\":\"https:\\\/\\\/secure.gravatar.com\\\/avatar\\\/c052a2551a06e23fac63626232eaa90abd78dbcf1700fc46a2b2c89fd27b735f?s=96&d=mm&r=g\",\"contentUrl\":\"https:\\\/\\\/secure.gravatar.com\\\/avatar\\\/c052a2551a06e23fac63626232eaa90abd78dbcf1700fc46a2b2c89fd27b735f?s=96&d=mm&r=g\",\"caption\":\"Redacci\u00f3n A Nova Peneira\"},\"sameAs\":[\"http:\\\/\\\/www.anovapeneira.gal\\\/\"],\"url\":\"https:\\\/\\\/www.anovapeneira.gal\\\/index.php\\\/author\\\/redactor\\\/\"}]}<\/script>\n<!-- \/ Yoast SEO plugin. -->","yoast_head_json":{"title":"O BNG de Vigo pide reforzar o persoal municipal e descentralizar servizos ante a saturaci\u00f3n do Concello -","robots":{"index":"index","follow":"follow","max-snippet":"max-snippet:-1","max-image-preview":"max-image-preview:large","max-video-preview":"max-video-preview:-1"},"canonical":"https:\/\/www.anovapeneira.gal\/index.php\/2023\/02\/06\/o-bng-de-vigo-pide-reforzar-o-persoal-municipal-e-descentralizar-servizos-ante-a-saturacion-do-concello\/","og_locale":"gl_ES","og_type":"article","og_title":"O BNG de Vigo pide reforzar o persoal municipal e descentralizar servizos ante a saturaci\u00f3n do Concello -","og_description":"A fronte nacionalista urxe soluci\u00f3ns diante das colas quilom\u00e9tricas na lonxa do Concello, das longas demoras para tr\u00e1mites e dos horarios limitados en servizos como as Unidades de Traballo Social de Teis e Coia [...]","og_url":"https:\/\/www.anovapeneira.gal\/index.php\/2023\/02\/06\/o-bng-de-vigo-pide-reforzar-o-persoal-municipal-e-descentralizar-servizos-ante-a-saturacion-do-concello\/","article_publisher":"https:\/\/www.facebook.com\/anovapeneira","article_published_time":"2023-02-06T11:00:20+00:00","og_image":[{"width":720,"height":432,"url":"https:\/\/www.anovapeneira.gal\/wp-content\/uploads\/2022\/10\/xabier_p_igrexas_2.jpg","type":"image\/jpeg"}],"author":"Redacci\u00f3n A Nova Peneira","twitter_card":"summary_large_image","twitter_creator":"@APeneira","twitter_site":"@APeneira","twitter_misc":{"Escrito por":"Redacci\u00f3n A Nova Peneira","Tempo de lectura":"3 minutos"},"schema":{"@context":"https:\/\/schema.org","@graph":[{"@type":"Article","@id":"https:\/\/www.anovapeneira.gal\/index.php\/2023\/02\/06\/o-bng-de-vigo-pide-reforzar-o-persoal-municipal-e-descentralizar-servizos-ante-a-saturacion-do-concello\/#article","isPartOf":{"@id":"https:\/\/www.anovapeneira.gal\/index.php\/2023\/02\/06\/o-bng-de-vigo-pide-reforzar-o-persoal-municipal-e-descentralizar-servizos-ante-a-saturacion-do-concello\/"},"author":{"name":"Redacci\u00f3n A Nova Peneira","@id":"https:\/\/www.anovapeneira.gal\/#\/schema\/person\/b93e3f8932e3f8da96334607eb6ac6aa"},"headline":"O BNG de Vigo pide reforzar o persoal municipal e descentralizar servizos ante a saturaci\u00f3n do Concello","datePublished":"2023-02-06T11:00:20+00:00","mainEntityOfPage":{"@id":"https:\/\/www.anovapeneira.gal\/index.php\/2023\/02\/06\/o-bng-de-vigo-pide-reforzar-o-persoal-municipal-e-descentralizar-servizos-ante-a-saturacion-do-concello\/"},"wordCount":475,"commentCount":0,"publisher":{"@id":"https:\/\/www.anovapeneira.gal\/#organization"},"image":{"@id":"https:\/\/www.anovapeneira.gal\/index.php\/2023\/02\/06\/o-bng-de-vigo-pide-reforzar-o-persoal-municipal-e-descentralizar-servizos-ante-a-saturacion-do-concello\/#primaryimage"},"thumbnailUrl":"https:\/\/www.anovapeneira.gal\/wp-content\/uploads\/2022\/10\/xabier_p_igrexas_2.jpg","keywords":["Concello de Vigo"],"articleSection":["Vigo"],"inLanguage":"gl-ES","potentialAction":[{"@type":"CommentAction","name":"Comment","target":["https:\/\/www.anovapeneira.gal\/index.php\/2023\/02\/06\/o-bng-de-vigo-pide-reforzar-o-persoal-municipal-e-descentralizar-servizos-ante-a-saturacion-do-concello\/#respond"]}]},{"@type":"WebPage","@id":"https:\/\/www.anovapeneira.gal\/index.php\/2023\/02\/06\/o-bng-de-vigo-pide-reforzar-o-persoal-municipal-e-descentralizar-servizos-ante-a-saturacion-do-concello\/","url":"https:\/\/www.anovapeneira.gal\/index.php\/2023\/02\/06\/o-bng-de-vigo-pide-reforzar-o-persoal-municipal-e-descentralizar-servizos-ante-a-saturacion-do-concello\/","name":"O BNG de Vigo pide reforzar o persoal municipal e descentralizar servizos ante a saturaci\u00f3n do Concello -","isPartOf":{"@id":"https:\/\/www.anovapeneira.gal\/#website"},"primaryImageOfPage":{"@id":"https:\/\/www.anovapeneira.gal\/index.php\/2023\/02\/06\/o-bng-de-vigo-pide-reforzar-o-persoal-municipal-e-descentralizar-servizos-ante-a-saturacion-do-concello\/#primaryimage"},"image":{"@id":"https:\/\/www.anovapeneira.gal\/index.php\/2023\/02\/06\/o-bng-de-vigo-pide-reforzar-o-persoal-municipal-e-descentralizar-servizos-ante-a-saturacion-do-concello\/#primaryimage"},"thumbnailUrl":"https:\/\/www.anovapeneira.gal\/wp-content\/uploads\/2022\/10\/xabier_p_igrexas_2.jpg","datePublished":"2023-02-06T11:00:20+00:00","breadcrumb":{"@id":"https:\/\/www.anovapeneira.gal\/index.php\/2023\/02\/06\/o-bng-de-vigo-pide-reforzar-o-persoal-municipal-e-descentralizar-servizos-ante-a-saturacion-do-concello\/#breadcrumb"},"inLanguage":"gl-ES","potentialAction":[{"@type":"ReadAction","target":["https:\/\/www.anovapeneira.gal\/index.php\/2023\/02\/06\/o-bng-de-vigo-pide-reforzar-o-persoal-municipal-e-descentralizar-servizos-ante-a-saturacion-do-concello\/"]}]},{"@type":"ImageObject","inLanguage":"gl-ES","@id":"https:\/\/www.anovapeneira.gal\/index.php\/2023\/02\/06\/o-bng-de-vigo-pide-reforzar-o-persoal-municipal-e-descentralizar-servizos-ante-a-saturacion-do-concello\/#primaryimage","url":"https:\/\/www.anovapeneira.gal\/wp-content\/uploads\/2022\/10\/xabier_p_igrexas_2.jpg","contentUrl":"https:\/\/www.anovapeneira.gal\/wp-content\/uploads\/2022\/10\/xabier_p_igrexas_2.jpg","width":720,"height":432,"caption":"Xabier P. Igrexas"},{"@type":"BreadcrumbList","@id":"https:\/\/www.anovapeneira.gal\/index.php\/2023\/02\/06\/o-bng-de-vigo-pide-reforzar-o-persoal-municipal-e-descentralizar-servizos-ante-a-saturacion-do-concello\/#breadcrumb","itemListElement":[{"@type":"ListItem","position":1,"name":"Portada","item":"https:\/\/www.anovapeneira.gal\/"},{"@type":"ListItem","position":2,"name":"O BNG de Vigo pide reforzar o persoal municipal e descentralizar servizos ante a saturaci\u00f3n do Concello"}]},{"@type":"WebSite","@id":"https:\/\/www.anovapeneira.gal\/#website","url":"https:\/\/www.anovapeneira.gal\/","name":"","description":"Xornal galego de informaci\u00f3n xeral Publicaci\u00f3n mensual de novas de Galicia e en especial dos Concellos da sur da provincia de Pontevedra.","publisher":{"@id":"https:\/\/www.anovapeneira.gal\/#organization"},"potentialAction":[{"@type":"SearchAction","target":{"@type":"EntryPoint","urlTemplate":"https:\/\/www.anovapeneira.gal\/?s={search_term_string}"},"query-input":{"@type":"PropertyValueSpecification","valueRequired":true,"valueName":"search_term_string"}}],"inLanguage":"gl-ES"},{"@type":"Organization","@id":"https:\/\/www.anovapeneira.gal\/#organization","name":"A Nova Peneira","url":"https:\/\/www.anovapeneira.gal\/","logo":{"@type":"ImageObject","inLanguage":"gl-ES","@id":"https:\/\/www.anovapeneira.gal\/#\/schema\/logo\/image\/","url":"http:\/\/www.anovapeneira.gal\/wp-content\/uploads\/2019\/06\/logo_a_nova_peneira_portal_web.png","contentUrl":"http:\/\/www.anovapeneira.gal\/wp-content\/uploads\/2019\/06\/logo_a_nova_peneira_portal_web.png","width":300,"height":100,"caption":"A Nova Peneira"},"image":{"@id":"https:\/\/www.anovapeneira.gal\/#\/schema\/logo\/image\/"},"sameAs":["https:\/\/www.facebook.com\/anovapeneira","https:\/\/x.com\/APeneira"]},{"@type":"Person","@id":"https:\/\/www.anovapeneira.gal\/#\/schema\/person\/b93e3f8932e3f8da96334607eb6ac6aa","name":"Redacci\u00f3n A Nova Peneira","image":{"@type":"ImageObject","inLanguage":"gl-ES","@id":"https:\/\/secure.gravatar.com\/avatar\/c052a2551a06e23fac63626232eaa90abd78dbcf1700fc46a2b2c89fd27b735f?s=96&d=mm&r=g","url":"https:\/\/secure.gravatar.com\/avatar\/c052a2551a06e23fac63626232eaa90abd78dbcf1700fc46a2b2c89fd27b735f?s=96&d=mm&r=g","contentUrl":"https:\/\/secure.gravatar.com\/avatar\/c052a2551a06e23fac63626232eaa90abd78dbcf1700fc46a2b2c89fd27b735f?s=96&d=mm&r=g","caption":"Redacci\u00f3n A Nova Peneira"},"sameAs":["http:\/\/www.anovapeneira.gal\/"],"url":"https:\/\/www.anovapeneira.gal\/index.php\/author\/redactor\/"}]}},"jetpack_featured_media_url":"https:\/\/www.anovapeneira.gal\/wp-content\/uploads\/2022\/10\/xabier_p_igrexas_2.jpg","_links":{"self":[{"href":"https:\/\/www.anovapeneira.gal\/index.php\/wp-json\/wp\/v2\/posts\/9031","targetHints":{"allow":["GET"]}}],"collection":[{"href":"https:\/\/www.anovapeneira.gal\/index.php\/wp-json\/wp\/v2\/posts"}],"about":[{"href":"https:\/\/www.anovapeneira.gal\/index.php\/wp-json\/wp\/v2\/types\/post"}],"author":[{"embeddable":true,"href":"https:\/\/www.anovapeneira.gal\/index.php\/wp-json\/wp\/v2\/users\/3"}],"replies":[{"embeddable":true,"href":"https:\/\/www.anovapeneira.gal\/index.php\/wp-json\/wp\/v2\/comments?post=9031"}],"version-history":[{"count":3,"href":"https:\/\/www.anovapeneira.gal\/index.php\/wp-json\/wp\/v2\/posts\/9031\/revisions"}],"predecessor-version":[{"id":9034,"href":"https:\/\/www.anovapeneira.gal\/index.php\/wp-json\/wp\/v2\/posts\/9031\/revisions\/9034"}],"wp:featuredmedia":[{"embeddable":true,"href":"https:\/\/www.anovapeneira.gal\/index.php\/wp-json\/wp\/v2\/media\/8341"}],"wp:attachment":[{"href":"https:\/\/www.anovapeneira.gal\/index.php\/wp-json\/wp\/v2\/media?parent=9031"}],"wp:term":[{"taxonomy":"category","embeddable":true,"href":"https:\/\/www.anovapeneira.gal\/index.php\/wp-json\/wp\/v2\/categories?post=9031"},{"taxonomy":"post_tag","embeddable":true,"href":"https:\/\/www.anovapeneira.gal\/index.php\/wp-json\/wp\/v2\/tags?post=9031"}],"curies":[{"name":"wp","href":"https:\/\/api.w.org\/{rel}","templated":true}]}}