{"id":9035,"date":"2023-02-07T10:00:49","date_gmt":"2023-02-07T09:00:49","guid":{"rendered":"https:\/\/www.anovapeneira.gal\/?p=9035"},"modified":"2023-02-03T12:52:10","modified_gmt":"2023-02-03T11:52:10","slug":"a-adxudicataria-do-saf-do-porrino-castiga-as-traballadoras","status":"publish","type":"post","link":"https:\/\/www.anovapeneira.gal\/index.php\/2023\/02\/07\/a-adxudicataria-do-saf-do-porrino-castiga-as-traballadoras\/","title":{"rendered":"A adxudicataria do SAF do Porri\u00f1o castiga \u00e1s traballadoras"},"content":{"rendered":"\n<h2 class=\"wp-block-heading\"><strong>Desamparo do Concello e represalias pola empresa que incumpre o contrato<\/strong><\/h2>\n\n\n\n<p>O Porri\u00f1o, 1 de febreiro de 2023<\/p>\n\n\n\n<ul class=\"wp-block-list\">\n<li>Onte reun\u00edronse unha representaci\u00f3n das traballadoras e ARALIA, empresa de Valladolid adxudicataria do Servizo de Atenci\u00f3n no Fogar. Ante a reclamaci\u00f3n dos seus dereitos e por telo feito directamente hai d\u00faas semanas ante o alcalde, a empresa toma represalias e segue a incumprir o contrato ao non dotar de medios \u00e1 plantilla.<\/li>\n\n\n\n<li>As traballadoras, que dende o 1 de xaneiro est\u00e1n sen roupa, s\u00f3 dispo\u00f1en dunha bata. A resposta da empresa \u00e9 que as\u00ed seguir\u00e1n ata que lles entreguen os uniformes (sen data), tampouco te\u00f1en luvas axeitadas nin partes de traballo e as n\u00f3minas non est\u00e1n claras.<\/li>\n\n\n\n<li>Segundo nos traslada a presidenta do comit\u00e9 de empresa, a direcci\u00f3n est\u00e1 molesta polas s\u00faas demandas e por reunirse co alcalde e ter presentado un escrito no Concello no que comunican a s\u00faa situaci\u00f3n.<\/li>\n\n\n\n<li>Dende EU SON manifestamos, unha vez m\u00e1is, o noso rexeitamento tanto \u00e1 xesti\u00f3n dun servizo fundamental como \u00e9 o da atenci\u00f3n \u00e1 dependencia, como ao trato \u00e1s traballadoras. A anterior empresa renunciou porque non lle era rentable e esta incumpre dende o primeiro momento.<\/li>\n\n\n\n<li>EU SON \u2013 Esquerda Unida v\u00e9n reclamando en solitario a remunicipalizaci\u00f3n de todos os servizos, e especialmente este, ao longo de d\u00faas lexislaturas. A xesti\u00f3n ten que ser directa para mellorar a atenci\u00f3n prestada e garantir unhas condici\u00f3ns laborais dignas para as traballadoras. Pode e debe facerse. O Concello, co alcalde \u00e1 cabeza, est\u00e1 a fuxir das s\u00faas responsabilidades.<\/li>\n<\/ul>\n","protected":false},"excerpt":{"rendered":"<div class=\"mh-excerpt\"><p>Desamparo do Concello e represalias pola empresa que incumpre o contrato <a class=\"mh-excerpt-more\" href=\"https:\/\/www.anovapeneira.gal\/index.php\/2023\/02\/07\/a-adxudicataria-do-saf-do-porrino-castiga-as-traballadoras\/\" title=\"A adxudicataria do SAF do Porri\u00f1o castiga \u00e1s traballadoras\">[&#8230;]<\/a><\/p>\n<\/div>","protected":false},"author":1,"featured_media":7200,"comment_status":"open","ping_status":"open","sticky":false,"template":"","format":"standard","meta":{"_exactmetrics_skip_tracking":false,"_exactmetrics_sitenote_active":false,"_exactmetrics_sitenote_note":"","_exactmetrics_sitenote_category":0,"footnotes":""},"categories":[23],"tags":[411],"class_list":{"0":"post-9035","1":"post","2":"type-post","3":"status-publish","4":"format-standard","5":"has-post-thumbnail","7":"category-a-lourina","8":"tag-concello-do-porrino"},"yoast_head":"<!-- This site is optimized with the Yoast SEO plugin v27.5 - https:\/\/yoast.com\/product\/yoast-seo-wordpress\/ -->\n<title>A adxudicataria do SAF do Porri\u00f1o castiga \u00e1s traballadoras -<\/title>\n<meta name=\"description\" content=\"Desamparo do Concello e represalias pola empresa que incumpre o contrato\" \/>\n<meta name=\"robots\" content=\"index, follow, max-snippet:-1, max-image-preview:large, max-video-preview:-1\" \/>\n<link rel=\"canonical\" href=\"https:\/\/www.anovapeneira.gal\/index.php\/2023\/02\/07\/a-adxudicataria-do-saf-do-porrino-castiga-as-traballadoras\/\" \/>\n<meta property=\"og:locale\" content=\"gl_ES\" \/>\n<meta property=\"og:type\" content=\"article\" \/>\n<meta property=\"og:title\" content=\"A adxudicataria do SAF do Porri\u00f1o castiga \u00e1s traballadoras -\" \/>\n<meta property=\"og:description\" content=\"Desamparo do Concello e represalias pola empresa que incumpre o contrato\" \/>\n<meta property=\"og:url\" content=\"https:\/\/www.anovapeneira.gal\/index.php\/2023\/02\/07\/a-adxudicataria-do-saf-do-porrino-castiga-as-traballadoras\/\" \/>\n<meta property=\"article:publisher\" content=\"https:\/\/www.facebook.com\/anovapeneira\" \/>\n<meta property=\"article:author\" content=\"https:\/\/www.facebook.com\/anovapeneira\/\" \/>\n<meta property=\"article:published_time\" content=\"2023-02-07T09:00:49+00:00\" \/>\n<meta property=\"og:image\" content=\"https:\/\/www.anovapeneira.gal\/wp-content\/uploads\/2022\/03\/eu_son.png\" \/>\n\t<meta property=\"og:image:width\" content=\"720\" \/>\n\t<meta property=\"og:image:height\" content=\"432\" \/>\n\t<meta property=\"og:image:type\" content=\"image\/png\" \/>\n<meta name=\"author\" content=\"admin\" \/>\n<meta name=\"twitter:card\" content=\"summary_large_image\" \/>\n<meta name=\"twitter:creator\" content=\"@APeneira\" \/>\n<meta name=\"twitter:site\" content=\"@APeneira\" \/>\n<meta name=\"twitter:label1\" content=\"Escrito por\" \/>\n\t<meta name=\"twitter:data1\" content=\"admin\" \/>\n\t<meta name=\"twitter:label2\" content=\"Tempo de lectura\" \/>\n\t<meta name=\"twitter:data2\" content=\"2 minutos\" \/>\n<script type=\"application\/ld+json\" class=\"yoast-schema-graph\">{\"@context\":\"https:\\\/\\\/schema.org\",\"@graph\":[{\"@type\":\"Article\",\"@id\":\"https:\\\/\\\/www.anovapeneira.gal\\\/index.php\\\/2023\\\/02\\\/07\\\/a-adxudicataria-do-saf-do-porrino-castiga-as-traballadoras\\\/#article\",\"isPartOf\":{\"@id\":\"https:\\\/\\\/www.anovapeneira.gal\\\/index.php\\\/2023\\\/02\\\/07\\\/a-adxudicataria-do-saf-do-porrino-castiga-as-traballadoras\\\/\"},\"author\":{\"name\":\"admin\",\"@id\":\"https:\\\/\\\/www.anovapeneira.gal\\\/#\\\/schema\\\/person\\\/fb77575328c93684dae4b0075f90c2cb\"},\"headline\":\"A adxudicataria do SAF do Porri\u00f1o castiga \u00e1s traballadoras\",\"datePublished\":\"2023-02-07T09:00:49+00:00\",\"mainEntityOfPage\":{\"@id\":\"https:\\\/\\\/www.anovapeneira.gal\\\/index.php\\\/2023\\\/02\\\/07\\\/a-adxudicataria-do-saf-do-porrino-castiga-as-traballadoras\\\/\"},\"wordCount\":278,\"commentCount\":0,\"publisher\":{\"@id\":\"https:\\\/\\\/www.anovapeneira.gal\\\/#organization\"},\"image\":{\"@id\":\"https:\\\/\\\/www.anovapeneira.gal\\\/index.php\\\/2023\\\/02\\\/07\\\/a-adxudicataria-do-saf-do-porrino-castiga-as-traballadoras\\\/#primaryimage\"},\"thumbnailUrl\":\"https:\\\/\\\/www.anovapeneira.gal\\\/wp-content\\\/uploads\\\/2022\\\/03\\\/eu_son.png\",\"keywords\":[\"Concello do Porri\u00f1o\"],\"articleSection\":[\"A Louri\u00f1a\"],\"inLanguage\":\"gl-ES\",\"potentialAction\":[{\"@type\":\"CommentAction\",\"name\":\"Comment\",\"target\":[\"https:\\\/\\\/www.anovapeneira.gal\\\/index.php\\\/2023\\\/02\\\/07\\\/a-adxudicataria-do-saf-do-porrino-castiga-as-traballadoras\\\/#respond\"]}]},{\"@type\":\"WebPage\",\"@id\":\"https:\\\/\\\/www.anovapeneira.gal\\\/index.php\\\/2023\\\/02\\\/07\\\/a-adxudicataria-do-saf-do-porrino-castiga-as-traballadoras\\\/\",\"url\":\"https:\\\/\\\/www.anovapeneira.gal\\\/index.php\\\/2023\\\/02\\\/07\\\/a-adxudicataria-do-saf-do-porrino-castiga-as-traballadoras\\\/\",\"name\":\"A adxudicataria do SAF do Porri\u00f1o castiga \u00e1s traballadoras -\",\"isPartOf\":{\"@id\":\"https:\\\/\\\/www.anovapeneira.gal\\\/#website\"},\"primaryImageOfPage\":{\"@id\":\"https:\\\/\\\/www.anovapeneira.gal\\\/index.php\\\/2023\\\/02\\\/07\\\/a-adxudicataria-do-saf-do-porrino-castiga-as-traballadoras\\\/#primaryimage\"},\"image\":{\"@id\":\"https:\\\/\\\/www.anovapeneira.gal\\\/index.php\\\/2023\\\/02\\\/07\\\/a-adxudicataria-do-saf-do-porrino-castiga-as-traballadoras\\\/#primaryimage\"},\"thumbnailUrl\":\"https:\\\/\\\/www.anovapeneira.gal\\\/wp-content\\\/uploads\\\/2022\\\/03\\\/eu_son.png\",\"datePublished\":\"2023-02-07T09:00:49+00:00\",\"description\":\"Desamparo do Concello e represalias pola empresa que incumpre o contrato\",\"breadcrumb\":{\"@id\":\"https:\\\/\\\/www.anovapeneira.gal\\\/index.php\\\/2023\\\/02\\\/07\\\/a-adxudicataria-do-saf-do-porrino-castiga-as-traballadoras\\\/#breadcrumb\"},\"inLanguage\":\"gl-ES\",\"potentialAction\":[{\"@type\":\"ReadAction\",\"target\":[\"https:\\\/\\\/www.anovapeneira.gal\\\/index.php\\\/2023\\\/02\\\/07\\\/a-adxudicataria-do-saf-do-porrino-castiga-as-traballadoras\\\/\"]}]},{\"@type\":\"ImageObject\",\"inLanguage\":\"gl-ES\",\"@id\":\"https:\\\/\\\/www.anovapeneira.gal\\\/index.php\\\/2023\\\/02\\\/07\\\/a-adxudicataria-do-saf-do-porrino-castiga-as-traballadoras\\\/#primaryimage\",\"url\":\"https:\\\/\\\/www.anovapeneira.gal\\\/wp-content\\\/uploads\\\/2022\\\/03\\\/eu_son.png\",\"contentUrl\":\"https:\\\/\\\/www.anovapeneira.gal\\\/wp-content\\\/uploads\\\/2022\\\/03\\\/eu_son.png\",\"width\":720,\"height\":432,\"caption\":\"eu son porri\u00f1o\"},{\"@type\":\"BreadcrumbList\",\"@id\":\"https:\\\/\\\/www.anovapeneira.gal\\\/index.php\\\/2023\\\/02\\\/07\\\/a-adxudicataria-do-saf-do-porrino-castiga-as-traballadoras\\\/#breadcrumb\",\"itemListElement\":[{\"@type\":\"ListItem\",\"position\":1,\"name\":\"Portada\",\"item\":\"https:\\\/\\\/www.anovapeneira.gal\\\/\"},{\"@type\":\"ListItem\",\"position\":2,\"name\":\"A adxudicataria do SAF do Porri\u00f1o castiga \u00e1s traballadoras\"}]},{\"@type\":\"WebSite\",\"@id\":\"https:\\\/\\\/www.anovapeneira.gal\\\/#website\",\"url\":\"https:\\\/\\\/www.anovapeneira.gal\\\/\",\"name\":\"\",\"description\":\"Xornal galego de informaci\u00f3n xeral Publicaci\u00f3n mensual de novas de Galicia e en especial dos Concellos da sur da provincia de Pontevedra.\",\"publisher\":{\"@id\":\"https:\\\/\\\/www.anovapeneira.gal\\\/#organization\"},\"potentialAction\":[{\"@type\":\"SearchAction\",\"target\":{\"@type\":\"EntryPoint\",\"urlTemplate\":\"https:\\\/\\\/www.anovapeneira.gal\\\/?s={search_term_string}\"},\"query-input\":{\"@type\":\"PropertyValueSpecification\",\"valueRequired\":true,\"valueName\":\"search_term_string\"}}],\"inLanguage\":\"gl-ES\"},{\"@type\":\"Organization\",\"@id\":\"https:\\\/\\\/www.anovapeneira.gal\\\/#organization\",\"name\":\"A Nova Peneira\",\"url\":\"https:\\\/\\\/www.anovapeneira.gal\\\/\",\"logo\":{\"@type\":\"ImageObject\",\"inLanguage\":\"gl-ES\",\"@id\":\"https:\\\/\\\/www.anovapeneira.gal\\\/#\\\/schema\\\/logo\\\/image\\\/\",\"url\":\"http:\\\/\\\/www.anovapeneira.gal\\\/wp-content\\\/uploads\\\/2019\\\/06\\\/logo_a_nova_peneira_portal_web.png\",\"contentUrl\":\"http:\\\/\\\/www.anovapeneira.gal\\\/wp-content\\\/uploads\\\/2019\\\/06\\\/logo_a_nova_peneira_portal_web.png\",\"width\":300,\"height\":100,\"caption\":\"A Nova Peneira\"},\"image\":{\"@id\":\"https:\\\/\\\/www.anovapeneira.gal\\\/#\\\/schema\\\/logo\\\/image\\\/\"},\"sameAs\":[\"https:\\\/\\\/www.facebook.com\\\/anovapeneira\",\"https:\\\/\\\/x.com\\\/APeneira\"]},{\"@type\":\"Person\",\"@id\":\"https:\\\/\\\/www.anovapeneira.gal\\\/#\\\/schema\\\/person\\\/fb77575328c93684dae4b0075f90c2cb\",\"name\":\"admin\",\"image\":{\"@type\":\"ImageObject\",\"inLanguage\":\"gl-ES\",\"@id\":\"https:\\\/\\\/secure.gravatar.com\\\/avatar\\\/df15c36ce375448325e0bc870e91bbee95947a002eb98dcfd6c2b053e18843e9?s=96&d=mm&r=g\",\"url\":\"https:\\\/\\\/secure.gravatar.com\\\/avatar\\\/df15c36ce375448325e0bc870e91bbee95947a002eb98dcfd6c2b053e18843e9?s=96&d=mm&r=g\",\"contentUrl\":\"https:\\\/\\\/secure.gravatar.com\\\/avatar\\\/df15c36ce375448325e0bc870e91bbee95947a002eb98dcfd6c2b053e18843e9?s=96&d=mm&r=g\",\"caption\":\"admin\"},\"description\":\"Xornal galego de informaci\u00f3n xeral Publicaci\u00f3n mensual de novas de Galicia e en especial dos Concellos da sur da provincia de Pontevedra.\",\"sameAs\":[\"http:\\\/\\\/www.anovapeneira.gal\\\/\",\"https:\\\/\\\/www.facebook.com\\\/anovapeneira\\\/\"],\"url\":\"https:\\\/\\\/www.anovapeneira.gal\\\/index.php\\\/author\\\/admin\\\/\"}]}<\/script>\n<!-- \/ Yoast SEO plugin. -->","yoast_head_json":{"title":"A adxudicataria do SAF do Porri\u00f1o castiga \u00e1s traballadoras -","description":"Desamparo do Concello e represalias pola empresa que incumpre o contrato","robots":{"index":"index","follow":"follow","max-snippet":"max-snippet:-1","max-image-preview":"max-image-preview:large","max-video-preview":"max-video-preview:-1"},"canonical":"https:\/\/www.anovapeneira.gal\/index.php\/2023\/02\/07\/a-adxudicataria-do-saf-do-porrino-castiga-as-traballadoras\/","og_locale":"gl_ES","og_type":"article","og_title":"A adxudicataria do SAF do Porri\u00f1o castiga \u00e1s traballadoras -","og_description":"Desamparo do Concello e represalias pola empresa que incumpre o contrato","og_url":"https:\/\/www.anovapeneira.gal\/index.php\/2023\/02\/07\/a-adxudicataria-do-saf-do-porrino-castiga-as-traballadoras\/","article_publisher":"https:\/\/www.facebook.com\/anovapeneira","article_author":"https:\/\/www.facebook.com\/anovapeneira\/","article_published_time":"2023-02-07T09:00:49+00:00","og_image":[{"width":720,"height":432,"url":"https:\/\/www.anovapeneira.gal\/wp-content\/uploads\/2022\/03\/eu_son.png","type":"image\/png"}],"author":"admin","twitter_card":"summary_large_image","twitter_creator":"@APeneira","twitter_site":"@APeneira","twitter_misc":{"Escrito por":"admin","Tempo de lectura":"2 minutos"},"schema":{"@context":"https:\/\/schema.org","@graph":[{"@type":"Article","@id":"https:\/\/www.anovapeneira.gal\/index.php\/2023\/02\/07\/a-adxudicataria-do-saf-do-porrino-castiga-as-traballadoras\/#article","isPartOf":{"@id":"https:\/\/www.anovapeneira.gal\/index.php\/2023\/02\/07\/a-adxudicataria-do-saf-do-porrino-castiga-as-traballadoras\/"},"author":{"name":"admin","@id":"https:\/\/www.anovapeneira.gal\/#\/schema\/person\/fb77575328c93684dae4b0075f90c2cb"},"headline":"A adxudicataria do SAF do Porri\u00f1o castiga \u00e1s traballadoras","datePublished":"2023-02-07T09:00:49+00:00","mainEntityOfPage":{"@id":"https:\/\/www.anovapeneira.gal\/index.php\/2023\/02\/07\/a-adxudicataria-do-saf-do-porrino-castiga-as-traballadoras\/"},"wordCount":278,"commentCount":0,"publisher":{"@id":"https:\/\/www.anovapeneira.gal\/#organization"},"image":{"@id":"https:\/\/www.anovapeneira.gal\/index.php\/2023\/02\/07\/a-adxudicataria-do-saf-do-porrino-castiga-as-traballadoras\/#primaryimage"},"thumbnailUrl":"https:\/\/www.anovapeneira.gal\/wp-content\/uploads\/2022\/03\/eu_son.png","keywords":["Concello do Porri\u00f1o"],"articleSection":["A Louri\u00f1a"],"inLanguage":"gl-ES","potentialAction":[{"@type":"CommentAction","name":"Comment","target":["https:\/\/www.anovapeneira.gal\/index.php\/2023\/02\/07\/a-adxudicataria-do-saf-do-porrino-castiga-as-traballadoras\/#respond"]}]},{"@type":"WebPage","@id":"https:\/\/www.anovapeneira.gal\/index.php\/2023\/02\/07\/a-adxudicataria-do-saf-do-porrino-castiga-as-traballadoras\/","url":"https:\/\/www.anovapeneira.gal\/index.php\/2023\/02\/07\/a-adxudicataria-do-saf-do-porrino-castiga-as-traballadoras\/","name":"A adxudicataria do SAF do Porri\u00f1o castiga \u00e1s traballadoras -","isPartOf":{"@id":"https:\/\/www.anovapeneira.gal\/#website"},"primaryImageOfPage":{"@id":"https:\/\/www.anovapeneira.gal\/index.php\/2023\/02\/07\/a-adxudicataria-do-saf-do-porrino-castiga-as-traballadoras\/#primaryimage"},"image":{"@id":"https:\/\/www.anovapeneira.gal\/index.php\/2023\/02\/07\/a-adxudicataria-do-saf-do-porrino-castiga-as-traballadoras\/#primaryimage"},"thumbnailUrl":"https:\/\/www.anovapeneira.gal\/wp-content\/uploads\/2022\/03\/eu_son.png","datePublished":"2023-02-07T09:00:49+00:00","description":"Desamparo do Concello e represalias pola empresa que incumpre o contrato","breadcrumb":{"@id":"https:\/\/www.anovapeneira.gal\/index.php\/2023\/02\/07\/a-adxudicataria-do-saf-do-porrino-castiga-as-traballadoras\/#breadcrumb"},"inLanguage":"gl-ES","potentialAction":[{"@type":"ReadAction","target":["https:\/\/www.anovapeneira.gal\/index.php\/2023\/02\/07\/a-adxudicataria-do-saf-do-porrino-castiga-as-traballadoras\/"]}]},{"@type":"ImageObject","inLanguage":"gl-ES","@id":"https:\/\/www.anovapeneira.gal\/index.php\/2023\/02\/07\/a-adxudicataria-do-saf-do-porrino-castiga-as-traballadoras\/#primaryimage","url":"https:\/\/www.anovapeneira.gal\/wp-content\/uploads\/2022\/03\/eu_son.png","contentUrl":"https:\/\/www.anovapeneira.gal\/wp-content\/uploads\/2022\/03\/eu_son.png","width":720,"height":432,"caption":"eu son porri\u00f1o"},{"@type":"BreadcrumbList","@id":"https:\/\/www.anovapeneira.gal\/index.php\/2023\/02\/07\/a-adxudicataria-do-saf-do-porrino-castiga-as-traballadoras\/#breadcrumb","itemListElement":[{"@type":"ListItem","position":1,"name":"Portada","item":"https:\/\/www.anovapeneira.gal\/"},{"@type":"ListItem","position":2,"name":"A adxudicataria do SAF do Porri\u00f1o castiga \u00e1s traballadoras"}]},{"@type":"WebSite","@id":"https:\/\/www.anovapeneira.gal\/#website","url":"https:\/\/www.anovapeneira.gal\/","name":"","description":"Xornal galego de informaci\u00f3n xeral Publicaci\u00f3n mensual de novas de Galicia e en especial dos Concellos da sur da provincia de Pontevedra.","publisher":{"@id":"https:\/\/www.anovapeneira.gal\/#organization"},"potentialAction":[{"@type":"SearchAction","target":{"@type":"EntryPoint","urlTemplate":"https:\/\/www.anovapeneira.gal\/?s={search_term_string}"},"query-input":{"@type":"PropertyValueSpecification","valueRequired":true,"valueName":"search_term_string"}}],"inLanguage":"gl-ES"},{"@type":"Organization","@id":"https:\/\/www.anovapeneira.gal\/#organization","name":"A Nova Peneira","url":"https:\/\/www.anovapeneira.gal\/","logo":{"@type":"ImageObject","inLanguage":"gl-ES","@id":"https:\/\/www.anovapeneira.gal\/#\/schema\/logo\/image\/","url":"http:\/\/www.anovapeneira.gal\/wp-content\/uploads\/2019\/06\/logo_a_nova_peneira_portal_web.png","contentUrl":"http:\/\/www.anovapeneira.gal\/wp-content\/uploads\/2019\/06\/logo_a_nova_peneira_portal_web.png","width":300,"height":100,"caption":"A Nova Peneira"},"image":{"@id":"https:\/\/www.anovapeneira.gal\/#\/schema\/logo\/image\/"},"sameAs":["https:\/\/www.facebook.com\/anovapeneira","https:\/\/x.com\/APeneira"]},{"@type":"Person","@id":"https:\/\/www.anovapeneira.gal\/#\/schema\/person\/fb77575328c93684dae4b0075f90c2cb","name":"admin","image":{"@type":"ImageObject","inLanguage":"gl-ES","@id":"https:\/\/secure.gravatar.com\/avatar\/df15c36ce375448325e0bc870e91bbee95947a002eb98dcfd6c2b053e18843e9?s=96&d=mm&r=g","url":"https:\/\/secure.gravatar.com\/avatar\/df15c36ce375448325e0bc870e91bbee95947a002eb98dcfd6c2b053e18843e9?s=96&d=mm&r=g","contentUrl":"https:\/\/secure.gravatar.com\/avatar\/df15c36ce375448325e0bc870e91bbee95947a002eb98dcfd6c2b053e18843e9?s=96&d=mm&r=g","caption":"admin"},"description":"Xornal galego de informaci\u00f3n xeral Publicaci\u00f3n mensual de novas de Galicia e en especial dos Concellos da sur da provincia de Pontevedra.","sameAs":["http:\/\/www.anovapeneira.gal\/","https:\/\/www.facebook.com\/anovapeneira\/"],"url":"https:\/\/www.anovapeneira.gal\/index.php\/author\/admin\/"}]}},"jetpack_featured_media_url":"https:\/\/www.anovapeneira.gal\/wp-content\/uploads\/2022\/03\/eu_son.png","_links":{"self":[{"href":"https:\/\/www.anovapeneira.gal\/index.php\/wp-json\/wp\/v2\/posts\/9035","targetHints":{"allow":["GET"]}}],"collection":[{"href":"https:\/\/www.anovapeneira.gal\/index.php\/wp-json\/wp\/v2\/posts"}],"about":[{"href":"https:\/\/www.anovapeneira.gal\/index.php\/wp-json\/wp\/v2\/types\/post"}],"author":[{"embeddable":true,"href":"https:\/\/www.anovapeneira.gal\/index.php\/wp-json\/wp\/v2\/users\/1"}],"replies":[{"embeddable":true,"href":"https:\/\/www.anovapeneira.gal\/index.php\/wp-json\/wp\/v2\/comments?post=9035"}],"version-history":[{"count":2,"href":"https:\/\/www.anovapeneira.gal\/index.php\/wp-json\/wp\/v2\/posts\/9035\/revisions"}],"predecessor-version":[{"id":9037,"href":"https:\/\/www.anovapeneira.gal\/index.php\/wp-json\/wp\/v2\/posts\/9035\/revisions\/9037"}],"wp:featuredmedia":[{"embeddable":true,"href":"https:\/\/www.anovapeneira.gal\/index.php\/wp-json\/wp\/v2\/media\/7200"}],"wp:attachment":[{"href":"https:\/\/www.anovapeneira.gal\/index.php\/wp-json\/wp\/v2\/media?parent=9035"}],"wp:term":[{"taxonomy":"category","embeddable":true,"href":"https:\/\/www.anovapeneira.gal\/index.php\/wp-json\/wp\/v2\/categories?post=9035"},{"taxonomy":"post_tag","embeddable":true,"href":"https:\/\/www.anovapeneira.gal\/index.php\/wp-json\/wp\/v2\/tags?post=9035"}],"curies":[{"name":"wp","href":"https:\/\/api.w.org\/{rel}","templated":true}]}}