{"id":9042,"date":"2023-02-06T08:55:40","date_gmt":"2023-02-06T07:55:40","guid":{"rendered":"https:\/\/www.anovapeneira.gal\/?p=9042"},"modified":"2023-02-06T08:56:05","modified_gmt":"2023-02-06T07:56:05","slug":"chove-petroleo-nos-emiratos-galegos-unidos","status":"publish","type":"post","link":"https:\/\/www.anovapeneira.gal\/index.php\/2023\/02\/06\/chove-petroleo-nos-emiratos-galegos-unidos\/","title":{"rendered":"Chove petr\u00f3leo nos Emiratos Galegos Unidos"},"content":{"rendered":"\n<figure class=\"wp-block-image size-large is-resized is-style-default\"><img loading=\"lazy\" decoding=\"async\" src=\"http:\/\/www.anovapeneira.gal\/wp-content\/uploads\/2020\/03\/mestre_ceip_salvaterra_a_nova_peneira.jpg\" alt=\"Xo\u00e1n Carlos Caballero\" class=\"wp-image-2693\" width=\"95\" height=\"111\"\/><figcaption>Xo\u00e1n Carlos Caballero\n&#8211; Mestre no CEIP de Salvaterra<\/figcaption><\/figure>\n\n\n\n<p>O ano 2102, para todos aqueles afeccionados ao f\u00fatbol, foi un ano que non pasar\u00e1 ao esquecemento. Unha serie de acontecementos, que se foron sucedendo un detr\u00e1s de outro, conduciron a elecci\u00f3n da Rep\u00fablica Federal Galega como sede do Mundial.<\/p>\n\n\n\n<p>Daquela o planeta non se sosti\u00f1a. Secas, fame negra, deforestaci\u00f3n e aire irrespir\u00e1bel diezmaran a poboaci\u00f3n do planeta a metade. Os combustibles f\u00f3siles acab\u00e1ranse hab\u00eda anos e as fontes de enerx\u00eda renovables non funcionaban. Os raios do sol non eran quen de atravesar o espesor da capa atmosf\u00e9rica cargada de gases e metais. Os aeroxeradores, abandonados porque o vento xa non sopraba coa suficiente forza como para mover as s\u00faas aspas, foron caendo, cal fichas de domin\u00f3, pola falta de mantemento.<\/p>\n\n\n\n<p>A supervivencia era a principal preocupaci\u00f3n do ser humano e a auga substitu\u00edu ao petr\u00f3leo como ben m\u00e1is prezado. A finais de s\u00e9culo, e grazas ao l\u00edquido elemento, Galiza acadara a independencia. Aproveitouse da coxuntura para convocar un plebiscito de escisi\u00f3n, tanto de Europa como de Espa\u00f1a, baixo a ameaza de cortar a rede de acuedutos que subministraban auga ao resto dos pa\u00edses. Pouco tempo despois xa era un dos estados con renta per c\u00e1pita m\u00e1is elevada. O minifundismo serviu para repartir a riqueza entre os galegos. Non hab\u00eda paisano que non tivera unha leira onde facer un pozo de barrena e montar o seu propio negocio. Convert\u00e9monos nos Xeques, Emires e Sult\u00e1ns do s\u00e9culo XXII. O euro deixou de empregarse como divisa e foi substitu\u00edda polos aquod\u00f3lares e os peinadores, as\u00ed chamados en honor \u00e1 nosa primeira moeda, que fora acu\u00f1ada no Balneario de Mondariz a principios do s\u00e9culo XX.<\/p>\n\n\n\n<p>Os distintos gobernos que se \u00edan sucedendo preocup\u00e1ronse pola construcion de modernos sistemas de almacenamento e distribuci\u00f3n co que se conseguiron tres obxectivos. O primeiro, que nin unha gota, tanto de chuvia como dos r\u00edos, fora desperdiciada. O segundo, que Galicia recuperara a cor verde que perdera nas d\u00e9cadas pasadas cos devastadores incendios e que a transformaran nun pedregal. O terceiro, xerar enerx\u00eda.<\/p>\n\n\n\n<p>O pa\u00eds, ao igual que os Emiratos \u00c1rabes Unidos, adoptou un sistema federal de goberno formado por sete estados con capital en cada unha das sete cidades m\u00e1is poboadas.<\/p>\n\n\n\n<p>Os bispos pasaron a ser califas. O Celta era o Madrid e o Depor o Bar\u00e7a. O Pr\u00eat-\u00e0-porter galego p\u00faxose de moda e ver a xente cami\u00f1ando por Manhattan con boinas, tamancas e paraugas colgados nas costas era unha estampa habitual. Todo o que tivera reminiscencias galaicas era considerado chic. Cocido sen trazas de porco, carne ao caldeiro baixa en calor\u00edas, licor caf\u00e9 triple cero (cero alcohol, cero azucre, cero cafe\u00edna) crema de augardente sen lactosa, marisco sen tropomiosina, filloas sen sangue ou melindres cero azucre, cero gluten e cero huevina. Todos estes produtos consider\u00e1banse delicatessen e fac\u00edan as delicias de al\u00e9rxicos, vexetarianos, ovolacteovexetarianos e abstemios. A burgues\u00eda aut\u00f3ctona comezou a empregar a nosa lingua e os pijos madrile\u00f1os falaban con acento galego.<\/p>\n\n\n\n<p>Eramos unha potencia e conseguir organizar un Mundial supor\u00eda o reco\u00f1ecemento ao status que vi\u00f1amos de acadar. D\u00e9cadas atr\u00e1s celebr\u00e1rase en Qatar, pa\u00eds con caracter\u00edsticas similares: extensi\u00f3n como a de Lugo, mesma poboaci\u00f3n e pozos de petr\u00f3leo. A candidatura partiu con moita vantaxe grazas as infraestruturas que xa posu\u00edamos. Non necesitamos subornar a pol\u00edticos nin a membros das distintas federaci\u00f3ns para que nos confiaran a celebraci\u00f3n do evento e os cartos destinados para ese mester foron empregados en contratar un ex\u00e9rcito de inspectores de traballo e sanidade.<\/p>\n\n\n\n<p>Certo \u00e9 que houbo moitas suspicacias o d\u00eda que Galiza foi designada sede do campionato. O presidente da FIFA era bisneto de Rafael Louz\u00e1n, o mandam\u00e1is da Federaci\u00f3n Galega de F\u00fatbol no 2014, pero a profunda pegada e a integridade moral que sementara o bisav\u00f3 perdurar\u00eda na saga dos Louz\u00e1n e calquera que os co\u00f1ecera non dubidar\u00eda da s\u00faa neutralidade.<\/p>\n\n\n\n<p>A nosa selecci\u00f3n conseguiu chegar \u00e1 final que se xogou no Mariano Rajoy Arena (antigo Pasar\u00f3n) contra a Rep\u00fablica de Kosovo, pero a pesares de perdela, os afeccionados a este deporte tardar\u00e1n en esquecer o xogo despregado polo equipo. Os afeccionados non pararon de cantar o noso \u201cYou&#8217;ll never walk alone\u201d, himno composto pola persoa que levaba o nome do estadio. Parte da letra dic\u00eda o seguinte: \u201cMuy importante. Ya lo he dicho en alguna otra ocasi\u00f3n. No se dediquen a dar pases dentro de su \u00e1rea, el mejor lugar para situar la pelota es en el campo del otro, porque as\u00ed no te podr\u00e1n hacer gol nunca\u201d<\/p>\n\n\n\n<p>A pesares da l\u00edrica Rajoniana perdemos o partido, pero o que non se pode cuestionar \u00e9 que a organizaci\u00f3n do campionato supuxo un antes e un despois para a naci\u00f3n, que dende este acontecemento, converteuse nun referente para o mundo enteiro.<\/p>\n","protected":false},"excerpt":{"rendered":"<div class=\"mh-excerpt\"><p>O ano 2102, para todos aqueles afeccionados ao f\u00fatbol, foi un ano que non pasar\u00e1 ao esquecemento. Unha serie de acontecementos, que se foron sucedendo un detr\u00e1s de outro, conduciron a elecci\u00f3n da Rep\u00fablica Federal Galega como sede do Mundial <a class=\"mh-excerpt-more\" href=\"https:\/\/www.anovapeneira.gal\/index.php\/2023\/02\/06\/chove-petroleo-nos-emiratos-galegos-unidos\/\" title=\"Chove petr\u00f3leo nos Emiratos Galegos Unidos\">[&#8230;]<\/a><\/p>\n<\/div>","protected":false},"author":22,"featured_media":584,"comment_status":"open","ping_status":"open","sticky":false,"template":"","format":"standard","meta":{"_exactmetrics_skip_tracking":false,"_exactmetrics_sitenote_active":false,"_exactmetrics_sitenote_note":"","_exactmetrics_sitenote_category":0,"footnotes":""},"categories":[7],"tags":[],"class_list":{"0":"post-9042","1":"post","2":"type-post","3":"status-publish","4":"format-standard","5":"has-post-thumbnail","7":"category-artigos-de-opinion"},"yoast_head":"<!-- This site is optimized with the Yoast SEO plugin v27.4 - https:\/\/yoast.com\/product\/yoast-seo-wordpress\/ -->\n<title>Chove petr\u00f3leo nos Emiratos Galegos Unidos -<\/title>\n<meta name=\"description\" content=\"O ano 2102, para todos aqueles afeccionados ao f\u00fatbol, foi un ano que non pasar\u00e1 ao esquecemento. Unha serie de acontecementos, que se foron sucedendo un detr\u00e1s de outro, conduciron a elecci\u00f3n da Rep\u00fablica Federal Galega como sede do Mundial\" \/>\n<meta name=\"robots\" content=\"index, follow, max-snippet:-1, max-image-preview:large, max-video-preview:-1\" \/>\n<link rel=\"canonical\" href=\"https:\/\/www.anovapeneira.gal\/index.php\/2023\/02\/06\/chove-petroleo-nos-emiratos-galegos-unidos\/\" \/>\n<meta property=\"og:locale\" content=\"gl_ES\" \/>\n<meta property=\"og:type\" content=\"article\" \/>\n<meta property=\"og:title\" content=\"Chove petr\u00f3leo nos Emiratos Galegos Unidos -\" \/>\n<meta property=\"og:description\" content=\"O ano 2102, para todos aqueles afeccionados ao f\u00fatbol, foi un ano que non pasar\u00e1 ao esquecemento. Unha serie de acontecementos, que se foron sucedendo un detr\u00e1s de outro, conduciron a elecci\u00f3n da Rep\u00fablica Federal Galega como sede do Mundial\" \/>\n<meta property=\"og:url\" content=\"https:\/\/www.anovapeneira.gal\/index.php\/2023\/02\/06\/chove-petroleo-nos-emiratos-galegos-unidos\/\" \/>\n<meta property=\"article:publisher\" content=\"https:\/\/www.facebook.com\/anovapeneira\" \/>\n<meta property=\"article:published_time\" content=\"2023-02-06T07:55:40+00:00\" \/>\n<meta property=\"article:modified_time\" content=\"2023-02-06T07:56:05+00:00\" \/>\n<meta property=\"og:image\" content=\"https:\/\/www.anovapeneira.gal\/wp-content\/uploads\/2019\/07\/ARTIGO_DE_OPINION_A_NOVA_PENEIRA.jpg\" \/>\n\t<meta property=\"og:image:width\" content=\"720\" \/>\n\t<meta property=\"og:image:height\" content=\"473\" \/>\n\t<meta property=\"og:image:type\" content=\"image\/jpeg\" \/>\n<meta name=\"author\" content=\"Xo\u00e1n Carlos Caballero\" \/>\n<meta name=\"twitter:card\" content=\"summary_large_image\" \/>\n<meta name=\"twitter:image\" content=\"https:\/\/www.anovapeneira.gal\/wp-content\/uploads\/2019\/07\/ARTIGO_DE_OPINION_A_NOVA_PENEIRA.jpg\" \/>\n<meta name=\"twitter:creator\" content=\"@APeneira\" \/>\n<meta name=\"twitter:site\" content=\"@APeneira\" \/>\n<meta name=\"twitter:label1\" content=\"Escrito por\" \/>\n\t<meta name=\"twitter:data1\" content=\"Xo\u00e1n Carlos Caballero\" \/>\n\t<meta name=\"twitter:label2\" content=\"Tempo de lectura\" \/>\n\t<meta name=\"twitter:data2\" content=\"5 minutos\" \/>\n<script type=\"application\/ld+json\" class=\"yoast-schema-graph\">{\"@context\":\"https:\\\/\\\/schema.org\",\"@graph\":[{\"@type\":\"Article\",\"@id\":\"https:\\\/\\\/www.anovapeneira.gal\\\/index.php\\\/2023\\\/02\\\/06\\\/chove-petroleo-nos-emiratos-galegos-unidos\\\/#article\",\"isPartOf\":{\"@id\":\"https:\\\/\\\/www.anovapeneira.gal\\\/index.php\\\/2023\\\/02\\\/06\\\/chove-petroleo-nos-emiratos-galegos-unidos\\\/\"},\"author\":{\"name\":\"Xo\u00e1n Carlos Caballero\",\"@id\":\"https:\\\/\\\/www.anovapeneira.gal\\\/#\\\/schema\\\/person\\\/1b50ea4c70279e2639668c02bf1674e5\"},\"headline\":\"Chove petr\u00f3leo nos Emiratos Galegos Unidos\",\"datePublished\":\"2023-02-06T07:55:40+00:00\",\"dateModified\":\"2023-02-06T07:56:05+00:00\",\"mainEntityOfPage\":{\"@id\":\"https:\\\/\\\/www.anovapeneira.gal\\\/index.php\\\/2023\\\/02\\\/06\\\/chove-petroleo-nos-emiratos-galegos-unidos\\\/\"},\"wordCount\":874,\"commentCount\":0,\"publisher\":{\"@id\":\"https:\\\/\\\/www.anovapeneira.gal\\\/#organization\"},\"image\":{\"@id\":\"https:\\\/\\\/www.anovapeneira.gal\\\/index.php\\\/2023\\\/02\\\/06\\\/chove-petroleo-nos-emiratos-galegos-unidos\\\/#primaryimage\"},\"thumbnailUrl\":\"https:\\\/\\\/www.anovapeneira.gal\\\/wp-content\\\/uploads\\\/2019\\\/07\\\/ARTIGO_DE_OPINION_A_NOVA_PENEIRA.jpg\",\"articleSection\":[\"Artigos de opini\u00f3n\"],\"inLanguage\":\"gl-ES\",\"potentialAction\":[{\"@type\":\"CommentAction\",\"name\":\"Comment\",\"target\":[\"https:\\\/\\\/www.anovapeneira.gal\\\/index.php\\\/2023\\\/02\\\/06\\\/chove-petroleo-nos-emiratos-galegos-unidos\\\/#respond\"]}]},{\"@type\":\"WebPage\",\"@id\":\"https:\\\/\\\/www.anovapeneira.gal\\\/index.php\\\/2023\\\/02\\\/06\\\/chove-petroleo-nos-emiratos-galegos-unidos\\\/\",\"url\":\"https:\\\/\\\/www.anovapeneira.gal\\\/index.php\\\/2023\\\/02\\\/06\\\/chove-petroleo-nos-emiratos-galegos-unidos\\\/\",\"name\":\"Chove petr\u00f3leo nos Emiratos Galegos Unidos -\",\"isPartOf\":{\"@id\":\"https:\\\/\\\/www.anovapeneira.gal\\\/#website\"},\"primaryImageOfPage\":{\"@id\":\"https:\\\/\\\/www.anovapeneira.gal\\\/index.php\\\/2023\\\/02\\\/06\\\/chove-petroleo-nos-emiratos-galegos-unidos\\\/#primaryimage\"},\"image\":{\"@id\":\"https:\\\/\\\/www.anovapeneira.gal\\\/index.php\\\/2023\\\/02\\\/06\\\/chove-petroleo-nos-emiratos-galegos-unidos\\\/#primaryimage\"},\"thumbnailUrl\":\"https:\\\/\\\/www.anovapeneira.gal\\\/wp-content\\\/uploads\\\/2019\\\/07\\\/ARTIGO_DE_OPINION_A_NOVA_PENEIRA.jpg\",\"datePublished\":\"2023-02-06T07:55:40+00:00\",\"dateModified\":\"2023-02-06T07:56:05+00:00\",\"description\":\"O ano 2102, para todos aqueles afeccionados ao f\u00fatbol, foi un ano que non pasar\u00e1 ao esquecemento. Unha serie de acontecementos, que se foron sucedendo un detr\u00e1s de outro, conduciron a elecci\u00f3n da Rep\u00fablica Federal Galega como sede do Mundial\",\"breadcrumb\":{\"@id\":\"https:\\\/\\\/www.anovapeneira.gal\\\/index.php\\\/2023\\\/02\\\/06\\\/chove-petroleo-nos-emiratos-galegos-unidos\\\/#breadcrumb\"},\"inLanguage\":\"gl-ES\",\"potentialAction\":[{\"@type\":\"ReadAction\",\"target\":[\"https:\\\/\\\/www.anovapeneira.gal\\\/index.php\\\/2023\\\/02\\\/06\\\/chove-petroleo-nos-emiratos-galegos-unidos\\\/\"]}]},{\"@type\":\"ImageObject\",\"inLanguage\":\"gl-ES\",\"@id\":\"https:\\\/\\\/www.anovapeneira.gal\\\/index.php\\\/2023\\\/02\\\/06\\\/chove-petroleo-nos-emiratos-galegos-unidos\\\/#primaryimage\",\"url\":\"https:\\\/\\\/www.anovapeneira.gal\\\/wp-content\\\/uploads\\\/2019\\\/07\\\/ARTIGO_DE_OPINION_A_NOVA_PENEIRA.jpg\",\"contentUrl\":\"https:\\\/\\\/www.anovapeneira.gal\\\/wp-content\\\/uploads\\\/2019\\\/07\\\/ARTIGO_DE_OPINION_A_NOVA_PENEIRA.jpg\",\"width\":720,\"height\":473,\"caption\":\"Artigo de opini\u00f3n A Nova Peneira\"},{\"@type\":\"BreadcrumbList\",\"@id\":\"https:\\\/\\\/www.anovapeneira.gal\\\/index.php\\\/2023\\\/02\\\/06\\\/chove-petroleo-nos-emiratos-galegos-unidos\\\/#breadcrumb\",\"itemListElement\":[{\"@type\":\"ListItem\",\"position\":1,\"name\":\"Portada\",\"item\":\"https:\\\/\\\/www.anovapeneira.gal\\\/\"},{\"@type\":\"ListItem\",\"position\":2,\"name\":\"Chove petr\u00f3leo nos Emiratos Galegos Unidos\"}]},{\"@type\":\"WebSite\",\"@id\":\"https:\\\/\\\/www.anovapeneira.gal\\\/#website\",\"url\":\"https:\\\/\\\/www.anovapeneira.gal\\\/\",\"name\":\"\",\"description\":\"Xornal galego de informaci\u00f3n xeral Publicaci\u00f3n mensual de novas de Galicia e en especial dos Concellos da sur da provincia de Pontevedra.\",\"publisher\":{\"@id\":\"https:\\\/\\\/www.anovapeneira.gal\\\/#organization\"},\"potentialAction\":[{\"@type\":\"SearchAction\",\"target\":{\"@type\":\"EntryPoint\",\"urlTemplate\":\"https:\\\/\\\/www.anovapeneira.gal\\\/?s={search_term_string}\"},\"query-input\":{\"@type\":\"PropertyValueSpecification\",\"valueRequired\":true,\"valueName\":\"search_term_string\"}}],\"inLanguage\":\"gl-ES\"},{\"@type\":\"Organization\",\"@id\":\"https:\\\/\\\/www.anovapeneira.gal\\\/#organization\",\"name\":\"A Nova Peneira\",\"url\":\"https:\\\/\\\/www.anovapeneira.gal\\\/\",\"logo\":{\"@type\":\"ImageObject\",\"inLanguage\":\"gl-ES\",\"@id\":\"https:\\\/\\\/www.anovapeneira.gal\\\/#\\\/schema\\\/logo\\\/image\\\/\",\"url\":\"http:\\\/\\\/www.anovapeneira.gal\\\/wp-content\\\/uploads\\\/2019\\\/06\\\/logo_a_nova_peneira_portal_web.png\",\"contentUrl\":\"http:\\\/\\\/www.anovapeneira.gal\\\/wp-content\\\/uploads\\\/2019\\\/06\\\/logo_a_nova_peneira_portal_web.png\",\"width\":300,\"height\":100,\"caption\":\"A Nova Peneira\"},\"image\":{\"@id\":\"https:\\\/\\\/www.anovapeneira.gal\\\/#\\\/schema\\\/logo\\\/image\\\/\"},\"sameAs\":[\"https:\\\/\\\/www.facebook.com\\\/anovapeneira\",\"https:\\\/\\\/x.com\\\/APeneira\"]},{\"@type\":\"Person\",\"@id\":\"https:\\\/\\\/www.anovapeneira.gal\\\/#\\\/schema\\\/person\\\/1b50ea4c70279e2639668c02bf1674e5\",\"name\":\"Xo\u00e1n Carlos Caballero\",\"image\":{\"@type\":\"ImageObject\",\"inLanguage\":\"gl-ES\",\"@id\":\"https:\\\/\\\/secure.gravatar.com\\\/avatar\\\/3527a74f68662d57f3183bf223473824f80a9c34a28b750bb59badaf22fb2f38?s=96&d=mm&r=g\",\"url\":\"https:\\\/\\\/secure.gravatar.com\\\/avatar\\\/3527a74f68662d57f3183bf223473824f80a9c34a28b750bb59badaf22fb2f38?s=96&d=mm&r=g\",\"contentUrl\":\"https:\\\/\\\/secure.gravatar.com\\\/avatar\\\/3527a74f68662d57f3183bf223473824f80a9c34a28b750bb59badaf22fb2f38?s=96&d=mm&r=g\",\"caption\":\"Xo\u00e1n Carlos Caballero\"},\"sameAs\":[\"http:\\\/\\\/anovapeneira.gal\"],\"url\":\"https:\\\/\\\/www.anovapeneira.gal\\\/index.php\\\/author\\\/xoan-carlos-caballero\\\/\"}]}<\/script>\n<!-- \/ Yoast SEO plugin. -->","yoast_head_json":{"title":"Chove petr\u00f3leo nos Emiratos Galegos Unidos -","description":"O ano 2102, para todos aqueles afeccionados ao f\u00fatbol, foi un ano que non pasar\u00e1 ao esquecemento. Unha serie de acontecementos, que se foron sucedendo un detr\u00e1s de outro, conduciron a elecci\u00f3n da Rep\u00fablica Federal Galega como sede do Mundial","robots":{"index":"index","follow":"follow","max-snippet":"max-snippet:-1","max-image-preview":"max-image-preview:large","max-video-preview":"max-video-preview:-1"},"canonical":"https:\/\/www.anovapeneira.gal\/index.php\/2023\/02\/06\/chove-petroleo-nos-emiratos-galegos-unidos\/","og_locale":"gl_ES","og_type":"article","og_title":"Chove petr\u00f3leo nos Emiratos Galegos Unidos -","og_description":"O ano 2102, para todos aqueles afeccionados ao f\u00fatbol, foi un ano que non pasar\u00e1 ao esquecemento. Unha serie de acontecementos, que se foron sucedendo un detr\u00e1s de outro, conduciron a elecci\u00f3n da Rep\u00fablica Federal Galega como sede do Mundial","og_url":"https:\/\/www.anovapeneira.gal\/index.php\/2023\/02\/06\/chove-petroleo-nos-emiratos-galegos-unidos\/","article_publisher":"https:\/\/www.facebook.com\/anovapeneira","article_published_time":"2023-02-06T07:55:40+00:00","article_modified_time":"2023-02-06T07:56:05+00:00","og_image":[{"width":720,"height":473,"url":"https:\/\/www.anovapeneira.gal\/wp-content\/uploads\/2019\/07\/ARTIGO_DE_OPINION_A_NOVA_PENEIRA.jpg","type":"image\/jpeg"}],"author":"Xo\u00e1n Carlos Caballero","twitter_card":"summary_large_image","twitter_image":"https:\/\/www.anovapeneira.gal\/wp-content\/uploads\/2019\/07\/ARTIGO_DE_OPINION_A_NOVA_PENEIRA.jpg","twitter_creator":"@APeneira","twitter_site":"@APeneira","twitter_misc":{"Escrito por":"Xo\u00e1n Carlos Caballero","Tempo de lectura":"5 minutos"},"schema":{"@context":"https:\/\/schema.org","@graph":[{"@type":"Article","@id":"https:\/\/www.anovapeneira.gal\/index.php\/2023\/02\/06\/chove-petroleo-nos-emiratos-galegos-unidos\/#article","isPartOf":{"@id":"https:\/\/www.anovapeneira.gal\/index.php\/2023\/02\/06\/chove-petroleo-nos-emiratos-galegos-unidos\/"},"author":{"name":"Xo\u00e1n Carlos Caballero","@id":"https:\/\/www.anovapeneira.gal\/#\/schema\/person\/1b50ea4c70279e2639668c02bf1674e5"},"headline":"Chove petr\u00f3leo nos Emiratos Galegos Unidos","datePublished":"2023-02-06T07:55:40+00:00","dateModified":"2023-02-06T07:56:05+00:00","mainEntityOfPage":{"@id":"https:\/\/www.anovapeneira.gal\/index.php\/2023\/02\/06\/chove-petroleo-nos-emiratos-galegos-unidos\/"},"wordCount":874,"commentCount":0,"publisher":{"@id":"https:\/\/www.anovapeneira.gal\/#organization"},"image":{"@id":"https:\/\/www.anovapeneira.gal\/index.php\/2023\/02\/06\/chove-petroleo-nos-emiratos-galegos-unidos\/#primaryimage"},"thumbnailUrl":"https:\/\/www.anovapeneira.gal\/wp-content\/uploads\/2019\/07\/ARTIGO_DE_OPINION_A_NOVA_PENEIRA.jpg","articleSection":["Artigos de opini\u00f3n"],"inLanguage":"gl-ES","potentialAction":[{"@type":"CommentAction","name":"Comment","target":["https:\/\/www.anovapeneira.gal\/index.php\/2023\/02\/06\/chove-petroleo-nos-emiratos-galegos-unidos\/#respond"]}]},{"@type":"WebPage","@id":"https:\/\/www.anovapeneira.gal\/index.php\/2023\/02\/06\/chove-petroleo-nos-emiratos-galegos-unidos\/","url":"https:\/\/www.anovapeneira.gal\/index.php\/2023\/02\/06\/chove-petroleo-nos-emiratos-galegos-unidos\/","name":"Chove petr\u00f3leo nos Emiratos Galegos Unidos -","isPartOf":{"@id":"https:\/\/www.anovapeneira.gal\/#website"},"primaryImageOfPage":{"@id":"https:\/\/www.anovapeneira.gal\/index.php\/2023\/02\/06\/chove-petroleo-nos-emiratos-galegos-unidos\/#primaryimage"},"image":{"@id":"https:\/\/www.anovapeneira.gal\/index.php\/2023\/02\/06\/chove-petroleo-nos-emiratos-galegos-unidos\/#primaryimage"},"thumbnailUrl":"https:\/\/www.anovapeneira.gal\/wp-content\/uploads\/2019\/07\/ARTIGO_DE_OPINION_A_NOVA_PENEIRA.jpg","datePublished":"2023-02-06T07:55:40+00:00","dateModified":"2023-02-06T07:56:05+00:00","description":"O ano 2102, para todos aqueles afeccionados ao f\u00fatbol, foi un ano que non pasar\u00e1 ao esquecemento. Unha serie de acontecementos, que se foron sucedendo un detr\u00e1s de outro, conduciron a elecci\u00f3n da Rep\u00fablica Federal Galega como sede do Mundial","breadcrumb":{"@id":"https:\/\/www.anovapeneira.gal\/index.php\/2023\/02\/06\/chove-petroleo-nos-emiratos-galegos-unidos\/#breadcrumb"},"inLanguage":"gl-ES","potentialAction":[{"@type":"ReadAction","target":["https:\/\/www.anovapeneira.gal\/index.php\/2023\/02\/06\/chove-petroleo-nos-emiratos-galegos-unidos\/"]}]},{"@type":"ImageObject","inLanguage":"gl-ES","@id":"https:\/\/www.anovapeneira.gal\/index.php\/2023\/02\/06\/chove-petroleo-nos-emiratos-galegos-unidos\/#primaryimage","url":"https:\/\/www.anovapeneira.gal\/wp-content\/uploads\/2019\/07\/ARTIGO_DE_OPINION_A_NOVA_PENEIRA.jpg","contentUrl":"https:\/\/www.anovapeneira.gal\/wp-content\/uploads\/2019\/07\/ARTIGO_DE_OPINION_A_NOVA_PENEIRA.jpg","width":720,"height":473,"caption":"Artigo de opini\u00f3n A Nova Peneira"},{"@type":"BreadcrumbList","@id":"https:\/\/www.anovapeneira.gal\/index.php\/2023\/02\/06\/chove-petroleo-nos-emiratos-galegos-unidos\/#breadcrumb","itemListElement":[{"@type":"ListItem","position":1,"name":"Portada","item":"https:\/\/www.anovapeneira.gal\/"},{"@type":"ListItem","position":2,"name":"Chove petr\u00f3leo nos Emiratos Galegos Unidos"}]},{"@type":"WebSite","@id":"https:\/\/www.anovapeneira.gal\/#website","url":"https:\/\/www.anovapeneira.gal\/","name":"","description":"Xornal galego de informaci\u00f3n xeral Publicaci\u00f3n mensual de novas de Galicia e en especial dos Concellos da sur da provincia de Pontevedra.","publisher":{"@id":"https:\/\/www.anovapeneira.gal\/#organization"},"potentialAction":[{"@type":"SearchAction","target":{"@type":"EntryPoint","urlTemplate":"https:\/\/www.anovapeneira.gal\/?s={search_term_string}"},"query-input":{"@type":"PropertyValueSpecification","valueRequired":true,"valueName":"search_term_string"}}],"inLanguage":"gl-ES"},{"@type":"Organization","@id":"https:\/\/www.anovapeneira.gal\/#organization","name":"A Nova Peneira","url":"https:\/\/www.anovapeneira.gal\/","logo":{"@type":"ImageObject","inLanguage":"gl-ES","@id":"https:\/\/www.anovapeneira.gal\/#\/schema\/logo\/image\/","url":"http:\/\/www.anovapeneira.gal\/wp-content\/uploads\/2019\/06\/logo_a_nova_peneira_portal_web.png","contentUrl":"http:\/\/www.anovapeneira.gal\/wp-content\/uploads\/2019\/06\/logo_a_nova_peneira_portal_web.png","width":300,"height":100,"caption":"A Nova Peneira"},"image":{"@id":"https:\/\/www.anovapeneira.gal\/#\/schema\/logo\/image\/"},"sameAs":["https:\/\/www.facebook.com\/anovapeneira","https:\/\/x.com\/APeneira"]},{"@type":"Person","@id":"https:\/\/www.anovapeneira.gal\/#\/schema\/person\/1b50ea4c70279e2639668c02bf1674e5","name":"Xo\u00e1n Carlos Caballero","image":{"@type":"ImageObject","inLanguage":"gl-ES","@id":"https:\/\/secure.gravatar.com\/avatar\/3527a74f68662d57f3183bf223473824f80a9c34a28b750bb59badaf22fb2f38?s=96&d=mm&r=g","url":"https:\/\/secure.gravatar.com\/avatar\/3527a74f68662d57f3183bf223473824f80a9c34a28b750bb59badaf22fb2f38?s=96&d=mm&r=g","contentUrl":"https:\/\/secure.gravatar.com\/avatar\/3527a74f68662d57f3183bf223473824f80a9c34a28b750bb59badaf22fb2f38?s=96&d=mm&r=g","caption":"Xo\u00e1n Carlos Caballero"},"sameAs":["http:\/\/anovapeneira.gal"],"url":"https:\/\/www.anovapeneira.gal\/index.php\/author\/xoan-carlos-caballero\/"}]}},"jetpack_featured_media_url":"https:\/\/www.anovapeneira.gal\/wp-content\/uploads\/2019\/07\/ARTIGO_DE_OPINION_A_NOVA_PENEIRA.jpg","_links":{"self":[{"href":"https:\/\/www.anovapeneira.gal\/index.php\/wp-json\/wp\/v2\/posts\/9042","targetHints":{"allow":["GET"]}}],"collection":[{"href":"https:\/\/www.anovapeneira.gal\/index.php\/wp-json\/wp\/v2\/posts"}],"about":[{"href":"https:\/\/www.anovapeneira.gal\/index.php\/wp-json\/wp\/v2\/types\/post"}],"author":[{"embeddable":true,"href":"https:\/\/www.anovapeneira.gal\/index.php\/wp-json\/wp\/v2\/users\/22"}],"replies":[{"embeddable":true,"href":"https:\/\/www.anovapeneira.gal\/index.php\/wp-json\/wp\/v2\/comments?post=9042"}],"version-history":[{"count":2,"href":"https:\/\/www.anovapeneira.gal\/index.php\/wp-json\/wp\/v2\/posts\/9042\/revisions"}],"predecessor-version":[{"id":9044,"href":"https:\/\/www.anovapeneira.gal\/index.php\/wp-json\/wp\/v2\/posts\/9042\/revisions\/9044"}],"wp:featuredmedia":[{"embeddable":true,"href":"https:\/\/www.anovapeneira.gal\/index.php\/wp-json\/wp\/v2\/media\/584"}],"wp:attachment":[{"href":"https:\/\/www.anovapeneira.gal\/index.php\/wp-json\/wp\/v2\/media?parent=9042"}],"wp:term":[{"taxonomy":"category","embeddable":true,"href":"https:\/\/www.anovapeneira.gal\/index.php\/wp-json\/wp\/v2\/categories?post=9042"},{"taxonomy":"post_tag","embeddable":true,"href":"https:\/\/www.anovapeneira.gal\/index.php\/wp-json\/wp\/v2\/tags?post=9042"}],"curies":[{"name":"wp","href":"https:\/\/api.w.org\/{rel}","templated":true}]}}