{"id":9049,"date":"2023-02-08T12:00:45","date_gmt":"2023-02-08T11:00:45","guid":{"rendered":"https:\/\/www.anovapeneira.gal\/?p=9049"},"modified":"2023-02-08T12:19:29","modified_gmt":"2023-02-08T11:19:29","slug":"entrevista-a-cesar-davila-figueroa-director-da-rondalla-pena-de-freixo","status":"publish","type":"post","link":"https:\/\/www.anovapeneira.gal\/index.php\/2023\/02\/08\/entrevista-a-cesar-davila-figueroa-director-da-rondalla-pena-de-freixo\/","title":{"rendered":"A Rondalla Pe\u00f1a de Freixo supera o cuarto de s\u00e9culo de \u00e9xitos"},"content":{"rendered":"\n<p><strong>G.Figueiredo<\/strong><\/p>\n\n\n\n<p><strong>Hai m\u00e1is de 25 anos un grupo de amigos do barrio do Freixo, na parroquia de Valadares, decidiron mergullarse no universo das Rondallas e alumear coa s\u00faa m\u00fasica os cami\u00f1os e corredoiras da contorna, al\u00e9n de participar nos distintos certames de Rondallas que son tan habituais na nosa xeograf\u00eda. Hoxe ,case 100 homes e mulleres fan as delicias de quen escoita a este grupo de m\u00fasicos e m\u00fasicas que cantan e fan m\u00fasica tradicional. Eles autofin\u00e1ncianse, non reciben 1 s\u00f3 \u20ac do Concello de Vigo, e am\u00f3sanse moi ilusionados en que o que comezou como a ilusi\u00f3n duns amigos poida transcender \u00e1 xeraci\u00f3n dos seus fundadores e acadar, por que non?o s\u00e9culo de historia facendo m\u00fasica. N\u00f3s falamos con C\u00e9sar, o seu director.<\/strong><\/p>\n\n\n\n<p><strong>C\u00e9sar D\u00e1vila Figueroa director<\/strong><\/p>\n\n\n\n<p>\u201c<strong>Enc\u00e1ntame todo o que te\u00f1a relaci\u00f3n coa Rondalla, pero tocar para xente maior \u00e9 especialmente ilusionante\u201d<\/strong><\/p>\n\n\n\n<p><strong>Cando se fundou a Rondalla?<\/strong><\/p>\n\n\n\n<blockquote class=\"wp-block-quote is-layout-flow wp-block-quote-is-layout-flow\">\n<p>Comezamos en 1996.<\/p>\n<\/blockquote>\n\n\n\n<p><strong>Quen a fundou?<\/strong><\/p>\n\n\n\n<blockquote class=\"wp-block-quote is-layout-flow wp-block-quote-is-layout-flow\">\n<p>Fund\u00e1mola unha cuadrilla de rapaces da parroquia que formabamos parte da Comisi\u00f3n de Festas. Decidimos facer algo para o Nadal e montar a Rondalla. Foi unha sorpresa cando fixemos a primeira reuni\u00f3n e apareceron unha chea de veci\u00f1os e veci\u00f1as que ti\u00f1an interese no proxecto.<\/p>\n<\/blockquote>\n\n\n\n<p><strong>Con cantos integrantes arrincastes <\/strong>?<\/p>\n\n\n\n<blockquote class=\"wp-block-quote is-layout-flow wp-block-quote-is-layout-flow\">\n<p>Entre 40 e 50 persoas. Ese ano fixemos algo moi enxebre para a xente do pobo. Tocabamos polos barrios cun Pap\u00e1 Noel montado nun burro .<\/p>\n<\/blockquote>\n\n\n\n<p><strong>Cantos integrantes formades parte da rondalla nestes momentos?<\/strong><\/p>\n\n\n\n<blockquote class=\"wp-block-quote is-layout-flow wp-block-quote-is-layout-flow\">\n<p>Arredor de 90 persoas.<\/p>\n<\/blockquote>\n\n\n\n<p><strong>Cantos homes e mulleres, e de que franxas de idade falamos?<\/strong><\/p>\n\n\n\n<blockquote class=\"wp-block-quote is-layout-flow wp-block-quote-is-layout-flow\">\n<p>M\u00e1is ou menos metade e metade. Temos desde crianzas de 6 anos ata o capit\u00e1n, que ten sobre 84 anos. G\u00fastanos socializar coa xente do pobo. Pequenos, xente de mediana idade e maiores, todos xuntos en convivencia.<\/p>\n<\/blockquote>\n\n\n\n<p><strong>Cal \u00e9 a t\u00faa formaci\u00f3n musical?<\/strong><\/p>\n\n\n\n<blockquote class=\"wp-block-quote is-layout-flow wp-block-quote-is-layout-flow\">\n<p>A min ensinoume o anterior director, que era \u00edntimo amigo meu e faleceu fai uns 15 anos nun accidente. El foi o meu mentor. A nosa base sempre foi a m\u00fasica tradicional tocada e cantada.<\/p>\n<\/blockquote>\n\n\n\n<p><strong>Que instrumento tocas ti?<\/strong><\/p>\n\n\n\n<blockquote class=\"wp-block-quote is-layout-flow wp-block-quote-is-layout-flow\">\n<p>Tocaba a trompeta e agora toco a gaita.<\/p>\n<\/blockquote>\n\n\n\n<p><strong>Exercendo de director, tam\u00e9n tocas a gaita?<\/strong><\/p>\n\n\n\n<blockquote class=\"wp-block-quote is-layout-flow wp-block-quote-is-layout-flow\">\n<p>Depende da cantidade de gaiteiros que te\u00f1amos nese momento. Se fai falta, toco a gaita e se non, non. Nos desfiles, tam\u00e9n o fago.<\/p>\n<\/blockquote>\n\n\n\n<p><strong>Como chegas a ser ti o director da Rondalla?<\/strong><\/p>\n\n\n\n<blockquote class=\"wp-block-quote is-layout-flow wp-block-quote-is-layout-flow\">\n<p>Despois do falecemento do meu amigo, o anterior director, eu coll\u00edn o seu legado e, por respecto a el, seguimos adiante despois dun ano de parada. A\u00ed quedei eu como director.<\/p>\n<\/blockquote>\n\n\n\n<p><strong>Cada canto tempo ensaiades e onde o facedes?<\/strong><\/p>\n\n\n\n<blockquote class=\"wp-block-quote is-layout-flow wp-block-quote-is-layout-flow\">\n<p>Ensaiamos no local da Asociaci\u00f3n de Veci\u00f1os de Freixo e comezamos os ensaios desde mediados de outubro ata que empeza o Nadal. Ensaiamos os s\u00e1bados a media tarde un par de horas ou un pouco m\u00e1is. Pola semana co traballo e os horarios de colexio non nos \u00e9 posible ensaiar.<\/p>\n<\/blockquote>\n\n\n\n<blockquote class=\"wp-block-quote is-layout-flow wp-block-quote-is-layout-flow\">\n<p>No Nadal sa\u00edmos a tocar polos barrios. Entre todos decidimos en que certames de rondallas queremos participar e a que sitios imos tocar. \u00c1s veces ata s\u00f3 imos tocar onde os co\u00f1ecidos a cambio duns petiscos ou do bus se non pod\u00e9monos mover en coche.<\/p>\n<\/blockquote>\n\n\n\n<p><strong>Cal \u00e9 ou voso repertorio musical?<\/strong><\/p>\n\n\n\n<blockquote class=\"wp-block-quote is-layout-flow wp-block-quote-is-layout-flow\">\n<p>Temos as canci\u00f3ns b\u00e1sicas de desfile de sempre e, a maiores, cada ano preparamos un par de temas tradicionais novos para cantar e tocar. A nosa rondalla \u00e9 moi tradicional, levamos saxo, acorde\u00f3n e gaitas. N\u00f3s non levamos abandeirados tampouco, s\u00f3 levamos bandeirola.<\/p>\n<\/blockquote>\n\n\n\n<p><strong>Alg\u00fan concerto que recordes con especial ilusi\u00f3n?<\/strong><\/p>\n\n\n\n<blockquote class=\"wp-block-quote is-layout-flow wp-block-quote-is-layout-flow\">\n<p>G\u00fastanos moito ir aos centros da xente maior. Son moi agradecidos e, como co\u00f1ecen as canci\u00f3ns m\u00e1is antigas, fainos moita ilusi\u00f3n. Sent\u00edmonos moi arroupados con eles e cantan connosco.<\/p>\n<\/blockquote>\n\n\n\n<p><strong>Como ten que facer algu\u00e9n interesado en participar na Rondalla para contactar con v\u00f3s?<\/strong><\/p>\n\n\n\n<blockquote class=\"wp-block-quote is-layout-flow wp-block-quote-is-layout-flow\">\n<p>Po\u00f1emos un cartel na asociaci\u00f3n de veci\u00f1os cando vai ser a primeira reuni\u00f3n para empezar os ensaios e dar as contas. Nesta reuni\u00f3n \u00e9 onde decidimos que imos facer co di\u00f1eiro sobrante. \u00c1s veces imos de excursi\u00f3n, outras facemos unha cea, depende do orzamento, tam\u00e9n damos un agasallo a todos os participantes no Nadal. O que facemos tam\u00e9n \u00e9 deixar un pequeno fondo todos os anos para sufragar os gastos, tanto da compra de instrumentos, como do vestiario e a tinturer\u00eda.<\/p>\n<\/blockquote>\n\n\n\n<blockquote class=\"wp-block-quote is-layout-flow wp-block-quote-is-layout-flow\">\n<p>Aqu\u00ed funciona o boca a boca. Tanto veci\u00f1os, veci\u00f1as, como xente que lle gusta a nosa rondalla e quere participar nela. As\u00ed empezamos todos os anos.<\/p>\n<\/blockquote>\n\n\n\n<p><strong>Como se porta ou Concello de Vigo con V\u00f3s?<\/strong><\/p>\n\n\n\n<blockquote class=\"wp-block-quote is-layout-flow wp-block-quote-is-layout-flow\">\n<p>N\u00f3s nos autofinanciamos, non temos ningunha subvenci\u00f3n de ning\u00fan ente p\u00fablico, nin do Concello, nin da Deputaci\u00f3n nin da Xunta De Galicia. O que fai o Concello de Vigo \u00e9 organizar o certame de Rondallas da cidade e un pasar\u00faas polas r\u00faas do centro de Vigo para os que sufraga os gastos do desprazamento. A Xunta e a Deputaci\u00f3n organizan, dan os premios e sufragan os gastos de desprazamento do certame de Rondallas do IFEVI. Tam\u00e9n adoitamos participar nos certames de rondallas do Concello de Redondela e de Gondomar, pero s\u00f3 obtemos beneficio econ\u00f3micos de todos eles se ga\u00f1amos alg\u00fan premio.<\/p>\n<\/blockquote>\n\n\n\n<p><strong>E a Asociaci\u00f3n de Veci\u00f1os e a Comunidade de Montes. Tedes algunha axuda econ\u00f3mica pola s\u00faa banda para sufragar os gastos de compra de material e de roupa?<\/strong><\/p>\n\n\n\n<blockquote class=\"wp-block-quote is-layout-flow wp-block-quote-is-layout-flow\">\n<p>Non. N\u00f3s non queremos pedir subvenci\u00f3ns , autofinanciamos todas as nosas necesidades. Somos unha organizaci\u00f3n totalmente independente tanto do Centro Cultural de Freixo como da Comunidade de Montes, o que si nos cede a Asociaci\u00f3n de Veci\u00f1os \u00e9 o local para ensaiar. Pertencemos \u00e1 Pena Freixo, que \u00e9 a que organiza tam\u00e9n o festival Freixo Rock, pero temos contas independentes e estamos desvinculadas de calquera outra asociaci\u00f3n de Freixo.<\/p>\n<\/blockquote>\n","protected":false},"excerpt":{"rendered":"<div class=\"mh-excerpt\"><p>Fund\u00e1mola unha cuadrilla de rapaces da parroquia que formabamos parte da Comisi\u00f3n de Festas. Decidimos facer algo para o Nadal e montar a Rondalla. Foi unha sorpresa cando fixemos a primeira reuni\u00f3n e apareceron unha chea de veci\u00f1os e veci\u00f1as para o proxecto <a class=\"mh-excerpt-more\" href=\"https:\/\/www.anovapeneira.gal\/index.php\/2023\/02\/08\/entrevista-a-cesar-davila-figueroa-director-da-rondalla-pena-de-freixo\/\" title=\"A Rondalla Pe\u00f1a de Freixo supera o cuarto de s\u00e9culo de \u00e9xitos\">[&#8230;]<\/a><\/p>\n<\/div>","protected":false},"author":3,"featured_media":9051,"comment_status":"open","ping_status":"open","sticky":false,"template":"","format":"standard","meta":{"_exactmetrics_skip_tracking":false,"_exactmetrics_sitenote_active":false,"_exactmetrics_sitenote_note":"","_exactmetrics_sitenote_category":0,"footnotes":""},"categories":[272],"tags":[227],"class_list":{"0":"post-9049","1":"post","2":"type-post","3":"status-publish","4":"format-standard","5":"has-post-thumbnail","7":"category-vigo-entrevistas","8":"tag-concello-de-vigo"},"yoast_head":"<!-- This site is optimized with the Yoast SEO plugin v27.4 - https:\/\/yoast.com\/product\/yoast-seo-wordpress\/ -->\n<title>A Rondalla Pe\u00f1a de Freixo supera o cuarto de s\u00e9culo de \u00e9xitos -<\/title>\n<meta name=\"description\" content=\"Fund\u00e1mola unha cuadrilla de rapaces da parroquia que formabamos parte da Comisi\u00f3n de Festas. Decidimos facer algo para o Nadal e montar a Rondalla. Foi unha sorpresa cando fixemos a primeira reuni\u00f3n e apareceron unha chea de veci\u00f1os e veci\u00f1as para o proxecto\" \/>\n<meta name=\"robots\" content=\"index, follow, max-snippet:-1, max-image-preview:large, max-video-preview:-1\" \/>\n<link rel=\"canonical\" href=\"https:\/\/www.anovapeneira.gal\/index.php\/2023\/02\/08\/entrevista-a-cesar-davila-figueroa-director-da-rondalla-pena-de-freixo\/\" \/>\n<meta property=\"og:locale\" content=\"gl_ES\" \/>\n<meta property=\"og:type\" content=\"article\" \/>\n<meta property=\"og:title\" content=\"A Rondalla Pe\u00f1a de Freixo supera o cuarto de s\u00e9culo de \u00e9xitos -\" \/>\n<meta property=\"og:description\" content=\"Fund\u00e1mola unha cuadrilla de rapaces da parroquia que formabamos parte da Comisi\u00f3n de Festas. Decidimos facer algo para o Nadal e montar a Rondalla. Foi unha sorpresa cando fixemos a primeira reuni\u00f3n e apareceron unha chea de veci\u00f1os e veci\u00f1as para o proxecto\" \/>\n<meta property=\"og:url\" content=\"https:\/\/www.anovapeneira.gal\/index.php\/2023\/02\/08\/entrevista-a-cesar-davila-figueroa-director-da-rondalla-pena-de-freixo\/\" \/>\n<meta property=\"article:publisher\" content=\"https:\/\/www.facebook.com\/anovapeneira\" \/>\n<meta property=\"article:published_time\" content=\"2023-02-08T11:00:45+00:00\" \/>\n<meta property=\"article:modified_time\" content=\"2023-02-08T11:19:29+00:00\" \/>\n<meta property=\"og:image\" content=\"https:\/\/www.anovapeneira.gal\/wp-content\/uploads\/2023\/02\/rondalla_freixo.jpg\" \/>\n\t<meta property=\"og:image:width\" content=\"720\" \/>\n\t<meta property=\"og:image:height\" content=\"432\" \/>\n\t<meta property=\"og:image:type\" content=\"image\/jpeg\" \/>\n<meta name=\"author\" content=\"Redacci\u00f3n A Nova Peneira\" \/>\n<meta name=\"twitter:card\" content=\"summary_large_image\" \/>\n<meta name=\"twitter:creator\" content=\"@APeneira\" \/>\n<meta name=\"twitter:site\" content=\"@APeneira\" \/>\n<meta name=\"twitter:label1\" content=\"Escrito por\" \/>\n\t<meta name=\"twitter:data1\" content=\"Redacci\u00f3n A Nova Peneira\" \/>\n\t<meta name=\"twitter:label2\" content=\"Tempo de lectura\" \/>\n\t<meta name=\"twitter:data2\" content=\"6 minutos\" \/>\n<script type=\"application\/ld+json\" class=\"yoast-schema-graph\">{\"@context\":\"https:\\\/\\\/schema.org\",\"@graph\":[{\"@type\":\"Article\",\"@id\":\"https:\\\/\\\/www.anovapeneira.gal\\\/index.php\\\/2023\\\/02\\\/08\\\/entrevista-a-cesar-davila-figueroa-director-da-rondalla-pena-de-freixo\\\/#article\",\"isPartOf\":{\"@id\":\"https:\\\/\\\/www.anovapeneira.gal\\\/index.php\\\/2023\\\/02\\\/08\\\/entrevista-a-cesar-davila-figueroa-director-da-rondalla-pena-de-freixo\\\/\"},\"author\":{\"name\":\"Redacci\u00f3n A Nova Peneira\",\"@id\":\"https:\\\/\\\/www.anovapeneira.gal\\\/#\\\/schema\\\/person\\\/b93e3f8932e3f8da96334607eb6ac6aa\"},\"headline\":\"A Rondalla Pe\u00f1a de Freixo supera o cuarto de s\u00e9culo de \u00e9xitos\",\"datePublished\":\"2023-02-08T11:00:45+00:00\",\"dateModified\":\"2023-02-08T11:19:29+00:00\",\"mainEntityOfPage\":{\"@id\":\"https:\\\/\\\/www.anovapeneira.gal\\\/index.php\\\/2023\\\/02\\\/08\\\/entrevista-a-cesar-davila-figueroa-director-da-rondalla-pena-de-freixo\\\/\"},\"wordCount\":1016,\"commentCount\":0,\"publisher\":{\"@id\":\"https:\\\/\\\/www.anovapeneira.gal\\\/#organization\"},\"image\":{\"@id\":\"https:\\\/\\\/www.anovapeneira.gal\\\/index.php\\\/2023\\\/02\\\/08\\\/entrevista-a-cesar-davila-figueroa-director-da-rondalla-pena-de-freixo\\\/#primaryimage\"},\"thumbnailUrl\":\"https:\\\/\\\/www.anovapeneira.gal\\\/wp-content\\\/uploads\\\/2023\\\/02\\\/rondalla_freixo.jpg\",\"keywords\":[\"Concello de Vigo\"],\"articleSection\":[\"Vigo\"],\"inLanguage\":\"gl-ES\",\"potentialAction\":[{\"@type\":\"CommentAction\",\"name\":\"Comment\",\"target\":[\"https:\\\/\\\/www.anovapeneira.gal\\\/index.php\\\/2023\\\/02\\\/08\\\/entrevista-a-cesar-davila-figueroa-director-da-rondalla-pena-de-freixo\\\/#respond\"]}]},{\"@type\":\"WebPage\",\"@id\":\"https:\\\/\\\/www.anovapeneira.gal\\\/index.php\\\/2023\\\/02\\\/08\\\/entrevista-a-cesar-davila-figueroa-director-da-rondalla-pena-de-freixo\\\/\",\"url\":\"https:\\\/\\\/www.anovapeneira.gal\\\/index.php\\\/2023\\\/02\\\/08\\\/entrevista-a-cesar-davila-figueroa-director-da-rondalla-pena-de-freixo\\\/\",\"name\":\"A Rondalla Pe\u00f1a de Freixo supera o cuarto de s\u00e9culo de \u00e9xitos -\",\"isPartOf\":{\"@id\":\"https:\\\/\\\/www.anovapeneira.gal\\\/#website\"},\"primaryImageOfPage\":{\"@id\":\"https:\\\/\\\/www.anovapeneira.gal\\\/index.php\\\/2023\\\/02\\\/08\\\/entrevista-a-cesar-davila-figueroa-director-da-rondalla-pena-de-freixo\\\/#primaryimage\"},\"image\":{\"@id\":\"https:\\\/\\\/www.anovapeneira.gal\\\/index.php\\\/2023\\\/02\\\/08\\\/entrevista-a-cesar-davila-figueroa-director-da-rondalla-pena-de-freixo\\\/#primaryimage\"},\"thumbnailUrl\":\"https:\\\/\\\/www.anovapeneira.gal\\\/wp-content\\\/uploads\\\/2023\\\/02\\\/rondalla_freixo.jpg\",\"datePublished\":\"2023-02-08T11:00:45+00:00\",\"dateModified\":\"2023-02-08T11:19:29+00:00\",\"description\":\"Fund\u00e1mola unha cuadrilla de rapaces da parroquia que formabamos parte da Comisi\u00f3n de Festas. Decidimos facer algo para o Nadal e montar a Rondalla. Foi unha sorpresa cando fixemos a primeira reuni\u00f3n e apareceron unha chea de veci\u00f1os e veci\u00f1as para o proxecto\",\"breadcrumb\":{\"@id\":\"https:\\\/\\\/www.anovapeneira.gal\\\/index.php\\\/2023\\\/02\\\/08\\\/entrevista-a-cesar-davila-figueroa-director-da-rondalla-pena-de-freixo\\\/#breadcrumb\"},\"inLanguage\":\"gl-ES\",\"potentialAction\":[{\"@type\":\"ReadAction\",\"target\":[\"https:\\\/\\\/www.anovapeneira.gal\\\/index.php\\\/2023\\\/02\\\/08\\\/entrevista-a-cesar-davila-figueroa-director-da-rondalla-pena-de-freixo\\\/\"]}]},{\"@type\":\"ImageObject\",\"inLanguage\":\"gl-ES\",\"@id\":\"https:\\\/\\\/www.anovapeneira.gal\\\/index.php\\\/2023\\\/02\\\/08\\\/entrevista-a-cesar-davila-figueroa-director-da-rondalla-pena-de-freixo\\\/#primaryimage\",\"url\":\"https:\\\/\\\/www.anovapeneira.gal\\\/wp-content\\\/uploads\\\/2023\\\/02\\\/rondalla_freixo.jpg\",\"contentUrl\":\"https:\\\/\\\/www.anovapeneira.gal\\\/wp-content\\\/uploads\\\/2023\\\/02\\\/rondalla_freixo.jpg\",\"width\":720,\"height\":432,\"caption\":\"Rondalla Freixo\"},{\"@type\":\"BreadcrumbList\",\"@id\":\"https:\\\/\\\/www.anovapeneira.gal\\\/index.php\\\/2023\\\/02\\\/08\\\/entrevista-a-cesar-davila-figueroa-director-da-rondalla-pena-de-freixo\\\/#breadcrumb\",\"itemListElement\":[{\"@type\":\"ListItem\",\"position\":1,\"name\":\"Portada\",\"item\":\"https:\\\/\\\/www.anovapeneira.gal\\\/\"},{\"@type\":\"ListItem\",\"position\":2,\"name\":\"A Rondalla Pe\u00f1a de Freixo supera o cuarto de s\u00e9culo de \u00e9xitos\"}]},{\"@type\":\"WebSite\",\"@id\":\"https:\\\/\\\/www.anovapeneira.gal\\\/#website\",\"url\":\"https:\\\/\\\/www.anovapeneira.gal\\\/\",\"name\":\"\",\"description\":\"Xornal galego de informaci\u00f3n xeral Publicaci\u00f3n mensual de novas de Galicia e en especial dos Concellos da sur da provincia de Pontevedra.\",\"publisher\":{\"@id\":\"https:\\\/\\\/www.anovapeneira.gal\\\/#organization\"},\"potentialAction\":[{\"@type\":\"SearchAction\",\"target\":{\"@type\":\"EntryPoint\",\"urlTemplate\":\"https:\\\/\\\/www.anovapeneira.gal\\\/?s={search_term_string}\"},\"query-input\":{\"@type\":\"PropertyValueSpecification\",\"valueRequired\":true,\"valueName\":\"search_term_string\"}}],\"inLanguage\":\"gl-ES\"},{\"@type\":\"Organization\",\"@id\":\"https:\\\/\\\/www.anovapeneira.gal\\\/#organization\",\"name\":\"A Nova Peneira\",\"url\":\"https:\\\/\\\/www.anovapeneira.gal\\\/\",\"logo\":{\"@type\":\"ImageObject\",\"inLanguage\":\"gl-ES\",\"@id\":\"https:\\\/\\\/www.anovapeneira.gal\\\/#\\\/schema\\\/logo\\\/image\\\/\",\"url\":\"http:\\\/\\\/www.anovapeneira.gal\\\/wp-content\\\/uploads\\\/2019\\\/06\\\/logo_a_nova_peneira_portal_web.png\",\"contentUrl\":\"http:\\\/\\\/www.anovapeneira.gal\\\/wp-content\\\/uploads\\\/2019\\\/06\\\/logo_a_nova_peneira_portal_web.png\",\"width\":300,\"height\":100,\"caption\":\"A Nova Peneira\"},\"image\":{\"@id\":\"https:\\\/\\\/www.anovapeneira.gal\\\/#\\\/schema\\\/logo\\\/image\\\/\"},\"sameAs\":[\"https:\\\/\\\/www.facebook.com\\\/anovapeneira\",\"https:\\\/\\\/x.com\\\/APeneira\"]},{\"@type\":\"Person\",\"@id\":\"https:\\\/\\\/www.anovapeneira.gal\\\/#\\\/schema\\\/person\\\/b93e3f8932e3f8da96334607eb6ac6aa\",\"name\":\"Redacci\u00f3n A Nova Peneira\",\"image\":{\"@type\":\"ImageObject\",\"inLanguage\":\"gl-ES\",\"@id\":\"https:\\\/\\\/secure.gravatar.com\\\/avatar\\\/c052a2551a06e23fac63626232eaa90abd78dbcf1700fc46a2b2c89fd27b735f?s=96&d=mm&r=g\",\"url\":\"https:\\\/\\\/secure.gravatar.com\\\/avatar\\\/c052a2551a06e23fac63626232eaa90abd78dbcf1700fc46a2b2c89fd27b735f?s=96&d=mm&r=g\",\"contentUrl\":\"https:\\\/\\\/secure.gravatar.com\\\/avatar\\\/c052a2551a06e23fac63626232eaa90abd78dbcf1700fc46a2b2c89fd27b735f?s=96&d=mm&r=g\",\"caption\":\"Redacci\u00f3n A Nova Peneira\"},\"sameAs\":[\"http:\\\/\\\/www.anovapeneira.gal\\\/\"],\"url\":\"https:\\\/\\\/www.anovapeneira.gal\\\/index.php\\\/author\\\/redactor\\\/\"}]}<\/script>\n<!-- \/ Yoast SEO plugin. -->","yoast_head_json":{"title":"A Rondalla Pe\u00f1a de Freixo supera o cuarto de s\u00e9culo de \u00e9xitos -","description":"Fund\u00e1mola unha cuadrilla de rapaces da parroquia que formabamos parte da Comisi\u00f3n de Festas. Decidimos facer algo para o Nadal e montar a Rondalla. Foi unha sorpresa cando fixemos a primeira reuni\u00f3n e apareceron unha chea de veci\u00f1os e veci\u00f1as para o proxecto","robots":{"index":"index","follow":"follow","max-snippet":"max-snippet:-1","max-image-preview":"max-image-preview:large","max-video-preview":"max-video-preview:-1"},"canonical":"https:\/\/www.anovapeneira.gal\/index.php\/2023\/02\/08\/entrevista-a-cesar-davila-figueroa-director-da-rondalla-pena-de-freixo\/","og_locale":"gl_ES","og_type":"article","og_title":"A Rondalla Pe\u00f1a de Freixo supera o cuarto de s\u00e9culo de \u00e9xitos -","og_description":"Fund\u00e1mola unha cuadrilla de rapaces da parroquia que formabamos parte da Comisi\u00f3n de Festas. Decidimos facer algo para o Nadal e montar a Rondalla. Foi unha sorpresa cando fixemos a primeira reuni\u00f3n e apareceron unha chea de veci\u00f1os e veci\u00f1as para o proxecto","og_url":"https:\/\/www.anovapeneira.gal\/index.php\/2023\/02\/08\/entrevista-a-cesar-davila-figueroa-director-da-rondalla-pena-de-freixo\/","article_publisher":"https:\/\/www.facebook.com\/anovapeneira","article_published_time":"2023-02-08T11:00:45+00:00","article_modified_time":"2023-02-08T11:19:29+00:00","og_image":[{"width":720,"height":432,"url":"https:\/\/www.anovapeneira.gal\/wp-content\/uploads\/2023\/02\/rondalla_freixo.jpg","type":"image\/jpeg"}],"author":"Redacci\u00f3n A Nova Peneira","twitter_card":"summary_large_image","twitter_creator":"@APeneira","twitter_site":"@APeneira","twitter_misc":{"Escrito por":"Redacci\u00f3n A Nova Peneira","Tempo de lectura":"6 minutos"},"schema":{"@context":"https:\/\/schema.org","@graph":[{"@type":"Article","@id":"https:\/\/www.anovapeneira.gal\/index.php\/2023\/02\/08\/entrevista-a-cesar-davila-figueroa-director-da-rondalla-pena-de-freixo\/#article","isPartOf":{"@id":"https:\/\/www.anovapeneira.gal\/index.php\/2023\/02\/08\/entrevista-a-cesar-davila-figueroa-director-da-rondalla-pena-de-freixo\/"},"author":{"name":"Redacci\u00f3n A Nova Peneira","@id":"https:\/\/www.anovapeneira.gal\/#\/schema\/person\/b93e3f8932e3f8da96334607eb6ac6aa"},"headline":"A Rondalla Pe\u00f1a de Freixo supera o cuarto de s\u00e9culo de \u00e9xitos","datePublished":"2023-02-08T11:00:45+00:00","dateModified":"2023-02-08T11:19:29+00:00","mainEntityOfPage":{"@id":"https:\/\/www.anovapeneira.gal\/index.php\/2023\/02\/08\/entrevista-a-cesar-davila-figueroa-director-da-rondalla-pena-de-freixo\/"},"wordCount":1016,"commentCount":0,"publisher":{"@id":"https:\/\/www.anovapeneira.gal\/#organization"},"image":{"@id":"https:\/\/www.anovapeneira.gal\/index.php\/2023\/02\/08\/entrevista-a-cesar-davila-figueroa-director-da-rondalla-pena-de-freixo\/#primaryimage"},"thumbnailUrl":"https:\/\/www.anovapeneira.gal\/wp-content\/uploads\/2023\/02\/rondalla_freixo.jpg","keywords":["Concello de Vigo"],"articleSection":["Vigo"],"inLanguage":"gl-ES","potentialAction":[{"@type":"CommentAction","name":"Comment","target":["https:\/\/www.anovapeneira.gal\/index.php\/2023\/02\/08\/entrevista-a-cesar-davila-figueroa-director-da-rondalla-pena-de-freixo\/#respond"]}]},{"@type":"WebPage","@id":"https:\/\/www.anovapeneira.gal\/index.php\/2023\/02\/08\/entrevista-a-cesar-davila-figueroa-director-da-rondalla-pena-de-freixo\/","url":"https:\/\/www.anovapeneira.gal\/index.php\/2023\/02\/08\/entrevista-a-cesar-davila-figueroa-director-da-rondalla-pena-de-freixo\/","name":"A Rondalla Pe\u00f1a de Freixo supera o cuarto de s\u00e9culo de \u00e9xitos -","isPartOf":{"@id":"https:\/\/www.anovapeneira.gal\/#website"},"primaryImageOfPage":{"@id":"https:\/\/www.anovapeneira.gal\/index.php\/2023\/02\/08\/entrevista-a-cesar-davila-figueroa-director-da-rondalla-pena-de-freixo\/#primaryimage"},"image":{"@id":"https:\/\/www.anovapeneira.gal\/index.php\/2023\/02\/08\/entrevista-a-cesar-davila-figueroa-director-da-rondalla-pena-de-freixo\/#primaryimage"},"thumbnailUrl":"https:\/\/www.anovapeneira.gal\/wp-content\/uploads\/2023\/02\/rondalla_freixo.jpg","datePublished":"2023-02-08T11:00:45+00:00","dateModified":"2023-02-08T11:19:29+00:00","description":"Fund\u00e1mola unha cuadrilla de rapaces da parroquia que formabamos parte da Comisi\u00f3n de Festas. Decidimos facer algo para o Nadal e montar a Rondalla. Foi unha sorpresa cando fixemos a primeira reuni\u00f3n e apareceron unha chea de veci\u00f1os e veci\u00f1as para o proxecto","breadcrumb":{"@id":"https:\/\/www.anovapeneira.gal\/index.php\/2023\/02\/08\/entrevista-a-cesar-davila-figueroa-director-da-rondalla-pena-de-freixo\/#breadcrumb"},"inLanguage":"gl-ES","potentialAction":[{"@type":"ReadAction","target":["https:\/\/www.anovapeneira.gal\/index.php\/2023\/02\/08\/entrevista-a-cesar-davila-figueroa-director-da-rondalla-pena-de-freixo\/"]}]},{"@type":"ImageObject","inLanguage":"gl-ES","@id":"https:\/\/www.anovapeneira.gal\/index.php\/2023\/02\/08\/entrevista-a-cesar-davila-figueroa-director-da-rondalla-pena-de-freixo\/#primaryimage","url":"https:\/\/www.anovapeneira.gal\/wp-content\/uploads\/2023\/02\/rondalla_freixo.jpg","contentUrl":"https:\/\/www.anovapeneira.gal\/wp-content\/uploads\/2023\/02\/rondalla_freixo.jpg","width":720,"height":432,"caption":"Rondalla Freixo"},{"@type":"BreadcrumbList","@id":"https:\/\/www.anovapeneira.gal\/index.php\/2023\/02\/08\/entrevista-a-cesar-davila-figueroa-director-da-rondalla-pena-de-freixo\/#breadcrumb","itemListElement":[{"@type":"ListItem","position":1,"name":"Portada","item":"https:\/\/www.anovapeneira.gal\/"},{"@type":"ListItem","position":2,"name":"A Rondalla Pe\u00f1a de Freixo supera o cuarto de s\u00e9culo de \u00e9xitos"}]},{"@type":"WebSite","@id":"https:\/\/www.anovapeneira.gal\/#website","url":"https:\/\/www.anovapeneira.gal\/","name":"","description":"Xornal galego de informaci\u00f3n xeral Publicaci\u00f3n mensual de novas de Galicia e en especial dos Concellos da sur da provincia de Pontevedra.","publisher":{"@id":"https:\/\/www.anovapeneira.gal\/#organization"},"potentialAction":[{"@type":"SearchAction","target":{"@type":"EntryPoint","urlTemplate":"https:\/\/www.anovapeneira.gal\/?s={search_term_string}"},"query-input":{"@type":"PropertyValueSpecification","valueRequired":true,"valueName":"search_term_string"}}],"inLanguage":"gl-ES"},{"@type":"Organization","@id":"https:\/\/www.anovapeneira.gal\/#organization","name":"A Nova Peneira","url":"https:\/\/www.anovapeneira.gal\/","logo":{"@type":"ImageObject","inLanguage":"gl-ES","@id":"https:\/\/www.anovapeneira.gal\/#\/schema\/logo\/image\/","url":"http:\/\/www.anovapeneira.gal\/wp-content\/uploads\/2019\/06\/logo_a_nova_peneira_portal_web.png","contentUrl":"http:\/\/www.anovapeneira.gal\/wp-content\/uploads\/2019\/06\/logo_a_nova_peneira_portal_web.png","width":300,"height":100,"caption":"A Nova Peneira"},"image":{"@id":"https:\/\/www.anovapeneira.gal\/#\/schema\/logo\/image\/"},"sameAs":["https:\/\/www.facebook.com\/anovapeneira","https:\/\/x.com\/APeneira"]},{"@type":"Person","@id":"https:\/\/www.anovapeneira.gal\/#\/schema\/person\/b93e3f8932e3f8da96334607eb6ac6aa","name":"Redacci\u00f3n A Nova Peneira","image":{"@type":"ImageObject","inLanguage":"gl-ES","@id":"https:\/\/secure.gravatar.com\/avatar\/c052a2551a06e23fac63626232eaa90abd78dbcf1700fc46a2b2c89fd27b735f?s=96&d=mm&r=g","url":"https:\/\/secure.gravatar.com\/avatar\/c052a2551a06e23fac63626232eaa90abd78dbcf1700fc46a2b2c89fd27b735f?s=96&d=mm&r=g","contentUrl":"https:\/\/secure.gravatar.com\/avatar\/c052a2551a06e23fac63626232eaa90abd78dbcf1700fc46a2b2c89fd27b735f?s=96&d=mm&r=g","caption":"Redacci\u00f3n A Nova Peneira"},"sameAs":["http:\/\/www.anovapeneira.gal\/"],"url":"https:\/\/www.anovapeneira.gal\/index.php\/author\/redactor\/"}]}},"jetpack_featured_media_url":"https:\/\/www.anovapeneira.gal\/wp-content\/uploads\/2023\/02\/rondalla_freixo.jpg","_links":{"self":[{"href":"https:\/\/www.anovapeneira.gal\/index.php\/wp-json\/wp\/v2\/posts\/9049","targetHints":{"allow":["GET"]}}],"collection":[{"href":"https:\/\/www.anovapeneira.gal\/index.php\/wp-json\/wp\/v2\/posts"}],"about":[{"href":"https:\/\/www.anovapeneira.gal\/index.php\/wp-json\/wp\/v2\/types\/post"}],"author":[{"embeddable":true,"href":"https:\/\/www.anovapeneira.gal\/index.php\/wp-json\/wp\/v2\/users\/3"}],"replies":[{"embeddable":true,"href":"https:\/\/www.anovapeneira.gal\/index.php\/wp-json\/wp\/v2\/comments?post=9049"}],"version-history":[{"count":4,"href":"https:\/\/www.anovapeneira.gal\/index.php\/wp-json\/wp\/v2\/posts\/9049\/revisions"}],"predecessor-version":[{"id":9064,"href":"https:\/\/www.anovapeneira.gal\/index.php\/wp-json\/wp\/v2\/posts\/9049\/revisions\/9064"}],"wp:featuredmedia":[{"embeddable":true,"href":"https:\/\/www.anovapeneira.gal\/index.php\/wp-json\/wp\/v2\/media\/9051"}],"wp:attachment":[{"href":"https:\/\/www.anovapeneira.gal\/index.php\/wp-json\/wp\/v2\/media?parent=9049"}],"wp:term":[{"taxonomy":"category","embeddable":true,"href":"https:\/\/www.anovapeneira.gal\/index.php\/wp-json\/wp\/v2\/categories?post=9049"},{"taxonomy":"post_tag","embeddable":true,"href":"https:\/\/www.anovapeneira.gal\/index.php\/wp-json\/wp\/v2\/tags?post=9049"}],"curies":[{"name":"wp","href":"https:\/\/api.w.org\/{rel}","templated":true}]}}