{"id":9053,"date":"2023-02-09T10:00:00","date_gmt":"2023-02-09T09:00:00","guid":{"rendered":"https:\/\/www.anovapeneira.gal\/?p=9053"},"modified":"2023-02-06T09:11:40","modified_gmt":"2023-02-06T08:11:40","slug":"araceli-gestido-candidata-do-bng-a-alcaldia-de-cangas","status":"publish","type":"post","link":"https:\/\/www.anovapeneira.gal\/index.php\/2023\/02\/09\/araceli-gestido-candidata-do-bng-a-alcaldia-de-cangas\/","title":{"rendered":"Araceli Gestido candidata do BNG \u00e1 alcald\u00eda de Cangas"},"content":{"rendered":"\n<p><strong>Cangas x\u00f3gase moito nas elecci\u00f3ns de maio. Existe rico real de que a dereita reaccionaria que representa Sotelo poida lograr o goberno desta vila do Morrazo. Si, o mesmo Sotelo que tivo unha xesti\u00f3n nefasta no seu momento deixando ao Concello nunha p\u00e9sima situaci\u00f3n econ\u00f3mica pode volver gobernar. Para que iso non aconteza \u00e9 necesario unha mobilizaci\u00f3n xeral da maior\u00eda social canguesa, claramente de esquerdas,e un cambio radical na esquerda pol\u00edtica que faga imposible repetir o espect\u00e1culo lamentable que se deu no goberno local despois da morte do gran Xos\u00e9 Manuel Pazos. O BNG semella que ten claro a necesidade dunha renovaci\u00f3n e aposta por unha nova cara para encabezar a s\u00faa candidatura. Ela \u00e9 Araceli, e n\u00f3s fomos co\u00f1ecela. Araceli \u00e9 natural da Ameixoada, o lugar de Moa\u00f1a que linda coa parroquia de Coiro, sempre fixo vida en Cangas, vive na vila desde o 2016. E \u00e9 unha muller como cantaba Dar\u00edo Xohan Cabana, de vida innumerable como os cami\u00f1os da terra e os astros de mar. Ten unha enerx\u00eda inmensa e desprende optimismo ilusi\u00f3n por todos os poros do seu corpo. Estou seguro de que se ten a oportunidade vai ser unha excelente alcaldesa. Vela\u00ed vai o que deu de si a nosa conversa<\/strong><\/p>\n\n\n\n<p>\u201c<strong>Estou absolutamente ilusionada, te\u00f1o un inmenso sentimento de responsabilidade e a convicci\u00f3n de irmos pola vitoria sen ning\u00fan tipo de l\u00edmite\u201d<\/strong><\/p>\n\n\n\n<p><strong>Queremos co\u00f1ecerte un pouco m\u00e1is Araceli?<\/strong><\/p>\n\n\n\n<blockquote class=\"wp-block-quote is-layout-flow wp-block-quote-is-layout-flow\">\n<p>Eu nac\u00edn en Ameixoada que como sabes \u00e9 o lugar de Moa\u00f1a que linda con Coiro<\/p>\n<\/blockquote>\n\n\n\n<p><strong>Te\u00f1o a sensaci\u00f3n de que as persoas de Ameixoada facedes m\u00e1is vida en Cangas ca e Moa\u00f1a, non?<\/strong><\/p>\n\n\n\n<blockquote class=\"wp-block-quote is-layout-flow wp-block-quote-is-layout-flow\">\n<p>En li\u00f1as xerais si. Xa a mi\u00f1a nai \u00eda vender o leite das vacas da mi\u00f1a avoa ao centro de Cangas. A mi\u00f1a vinculaci\u00f3n con Cangas \u00e9 moi intensa xa desde nena. Viv\u00edn en Ameixoada ata que marchei \u00e1 Universidade de Santiago a estudar a carreira de pol\u00edticas.<\/p>\n<\/blockquote>\n\n\n\n<p><strong>Gustouche a vida universitaria en Santiago?<\/strong><\/p>\n\n\n\n<blockquote class=\"wp-block-quote is-layout-flow wp-block-quote-is-layout-flow\">\n<p>Moito. \u00c9 unha \u00e9poca das m\u00e1is bonitas da vida que s\u00f3 se valora na s\u00faa xusta medida co paso do tempo. Al\u00ed reafirmei unha visi\u00f3n de Galiza como pa\u00eds que xa fora adquirindo na escola, grazas a mestres e mestras que lograron en min o m\u00e1is marabilloso que se lle pode dar a a un neno ou a unha nena: axudarlle \u00e1 constru\u00edr un pensamento cr\u00edtico aut\u00f3nomo.<\/p>\n<\/blockquote>\n\n\n\n<p><strong>Despois da carreira?<\/strong><\/p>\n\n\n\n<blockquote class=\"wp-block-quote is-layout-flow wp-block-quote-is-layout-flow\">\n<p>Logrei un traballo fixo pronto, pero eu son unha persoa cunha inmensa ansia de aprendizaxe e naquel momento xurdiume a opci\u00f3n de ir vivir a Inglaterra e al\u00e1 fun. Deixeino todo e fun cara ao desco\u00f1ecido.<\/p>\n<\/blockquote>\n\n\n\n<p><strong>Sab\u00edas falar ingl\u00e9s supo\u00f1o?<\/strong><\/p>\n\n\n\n<blockquote class=\"wp-block-quote is-layout-flow wp-block-quote-is-layout-flow\">\n<p>Non, aprendino al\u00ed.<\/p>\n<\/blockquote>\n\n\n\n<p><strong>Caramba vaia valor lle botaches?<\/strong><\/p>\n\n\n\n<blockquote class=\"wp-block-quote is-layout-flow wp-block-quote-is-layout-flow\">\n<p>Ha ha ha ha..Non sei. Xa che dixen que eu adoro aprender e co\u00f1ecer cousas novas e sempre fun bastante botada para adiante. F\u00edxate que al\u00ed aprend\u00edn a conducir autobuses e f\u00edxeme condutora<\/p>\n<\/blockquote>\n\n\n\n<p><strong>Vaia. Cangas \u00e9 unha vila complicada pero ti xa tes bagaxe en situaci\u00f3ns complexas&#8230;<\/strong><\/p>\n\n\n\n<blockquote class=\"wp-block-quote is-layout-flow wp-block-quote-is-layout-flow\">\n<p>Ha ha ha&#8230;Eu non me asusto con facilidade,non. O certo \u00e9 que a \u00e9poca de Inglaterra rematou e volv\u00edn para O Morrazo e estiven traballando en diversas empresas.<\/p>\n<\/blockquote>\n\n\n\n<p><strong>E iniciaches a t\u00faa vida pol\u00edtica?<\/strong><\/p>\n\n\n\n<blockquote class=\"wp-block-quote is-layout-flow wp-block-quote-is-layout-flow\">\n<p>Digamos que a vida org\u00e1nica, porque as inquedanzas xa as te\u00f1o desde moi nena. Ao volver de Inglaterra, si, fun concelleira con Mill\u00e1n en Moa\u00f1a. El fora profesor meu no instituto.<\/p>\n<\/blockquote>\n\n\n\n<p><strong>Tam\u00e9n fuches concelleira con Leticia?<\/strong><\/p>\n\n\n\n<blockquote class=\"wp-block-quote is-layout-flow wp-block-quote-is-layout-flow\">\n<p>Si, pero pouco tempo porque coincidiume co meu terceiro embarazo e tiven que deixala acta. Nese momento no 2016 compramos casa en Cangas e desde ese ano vivo aqu\u00ed.<\/p>\n<\/blockquote>\n\n\n\n<p><strong>Como valoras a actual situaci\u00f3n pol\u00edtica de Cangas?<\/strong><\/p>\n\n\n\n<blockquote class=\"wp-block-quote is-layout-flow wp-block-quote-is-layout-flow\">\n<p>Considero que s\u00f3 pode ir a mellor. Te\u00f1o o convencemento de que \u00e1s maior\u00edas sociais xa cansaron do minifundismo pol\u00edtico. Te\u00f1o unha expectativa moi optimista baseada no realismo. A maior\u00eda social de Cangas \u00e9 de esquerdas, e a maior\u00eda social quere un goberno estable e sensato que non se ande a tirar os trastos entre eles. O BNG ten unha oportunidade hist\u00f3rica de gobernar Cangas coa seriedade, rigor e responsabilidade que o caracteriza en todas as vilas nas que goberna.<\/p>\n<\/blockquote>\n\n\n\n<blockquote class=\"wp-block-quote is-layout-flow wp-block-quote-is-layout-flow\">\n<p>A din\u00e1mica actual de todos contra todos fai imposible que o goberno sexa operativo e asemade fai que a xente se afaste da pol\u00edtica.<\/p>\n<\/blockquote>\n\n\n\n<p><strong>Foiche doado dar o paso de ser a candidata do BNG ?<\/strong><\/p>\n\n\n\n<blockquote class=\"wp-block-quote is-layout-flow wp-block-quote-is-layout-flow\">\n<p>Non, o panorama pol\u00edtico de Cangas, como falamos, non \u00e9 especialmente atractivo. Pero se ningu\u00e9n se anima iamos seguir sempre coas mesmas caras, e ser\u00eda enormemente complicado abandonar a din\u00e1mica guerra civilista na que se sumiu a pol\u00edtica local.<\/p>\n<\/blockquote>\n\n\n\n<p><strong>Como che propo\u00f1en seres a candidata do BNG \u00e1 alcald\u00eda?<\/strong><\/p>\n\n\n\n<blockquote class=\"wp-block-quote is-layout-flow wp-block-quote-is-layout-flow\">\n<p>Foi aos poucos. Un proceso case como por etapas. A verdade non o ti\u00f1a previsto nin por asomo. Te\u00f1o tres nenos<\/p>\n<\/blockquote>\n\n\n\n<p><strong>Nenos os tres?<\/strong><\/p>\n\n\n\n<blockquote class=\"wp-block-quote is-layout-flow wp-block-quote-is-layout-flow\">\n<p>Si, vivo entre catro homes. Xa che dixen antes que non me asusto con facilidade<\/p>\n<\/blockquote>\n\n\n\n<p><strong>Ha ha ha ha, e unha vida profesional tam\u00e9n tes<\/strong><\/p>\n\n\n\n<blockquote class=\"wp-block-quote is-layout-flow wp-block-quote-is-layout-flow\">\n<p>Traballo nunha empresa de transporte da nosa comarca. E claro entre a vida persoal e familiar nin de lonxe pensaba eu verme metido nisto. De feito nunca deixei a militancia no BNG pero a mi\u00f1a actividade pol\u00edtica era escasa. Agora cando , aos poucos, foron prop\u00f3ndome este reto apaixonante acabei por aceptar encantada, porque algu\u00e9n ten que dar o paso de constru\u00edr en Cangas un goberno s\u00f3lido, sensato e responsable.<\/p>\n<\/blockquote>\n\n\n\n<p><strong>E agora que?<\/strong><\/p>\n\n\n\n<blockquote class=\"wp-block-quote is-layout-flow wp-block-quote-is-layout-flow\">\n<p>Agora ilusi\u00f3n absoluta, inmenso sentimento de responsabilidade e a convicci\u00f3n de ir a pola vitoria sen ning\u00fan tipo de l\u00edmite.<\/p>\n<\/blockquote>\n\n\n\n<p><strong>De chegares \u00e1 alcald\u00eda que ser\u00eda o m\u00e1is urxente e necesario de abordar?<\/strong><\/p>\n\n\n\n<blockquote class=\"wp-block-quote is-layout-flow wp-block-quote-is-layout-flow\">\n<p>Sen d\u00fabida o m\u00e1is urxente e arranxar o problema pol\u00edtico que imposibilita termos un goberno operativo. A situaci\u00f3n, no momento actual, parece cr\u00f3nica e a nosa idea \u00e9 acabar con iso dunha vez e constru\u00edr un goberno operativo e estable. Unha vez logrado iso quero dicir que eu persoalmente,e o BNG como forza pol\u00edtica , imos darlle prioridade \u00e1 atenci\u00f3n social de quen m\u00e1is a precise e tratar cada problema de calquera veci\u00f1o ou veci\u00f1a, por pequeno que pareza, con igual interese e intensidade, porque o que para un pode parecer cativo, para quen necesite resolvelo \u00e9 de m\u00e1xima urxencia.<\/p>\n<\/blockquote>\n\n\n\n<blockquote class=\"wp-block-quote is-layout-flow wp-block-quote-is-layout-flow\">\n<p>E se a maior\u00eda da sociedade canguesa h\u00f3nranos coa s\u00faa confianza ten por seguro, Tino, que a igualdade e a xustiza social, ser\u00e1n unha m\u00e1xima na nosa acci\u00f3n de goberno.<\/p>\n<\/blockquote>\n\n\n\n<p><strong>Nas elecci\u00f3ns do 2019 as forzas de esquerda ga\u00f1aron en Cangas de maneira abafadora tanto en asentos, 14 actas fronte a 7 da dereita, como en voto real 7.974( ACE, PSOE, BNG, AVANTE) fronte a 5.386( PP, Cangas Decide, C,S). Na actualidade ves risco real de que a dereita reaccionaria poida reverter a situaci\u00f3n e acadar que Sotelo goberne?<\/strong><\/p>\n\n\n\n<blockquote class=\"wp-block-quote is-layout-flow wp-block-quote-is-layout-flow\">\n<p>O risco existe si, pero se se traballa ben o concello de Cangas vai ser de esquerdas. Creo que o panorama na esquerda estase reconducindo, de feito Avante xa tomou a decisi\u00f3n de non presentarse o BNG e o PSOE deciden apostar por caras novas&#8230;.Como antes falamos a situaci\u00f3n de esclerose pol\u00edtica actual debe de ser superada si ou si.<\/p>\n<\/blockquote>\n\n\n\n<p><strong>Que poder\u00eda a atopar unha veci\u00f1a ou veci\u00f1o de Cangas en ti, como alcaldesa?<\/strong><\/p>\n\n\n\n<blockquote class=\"wp-block-quote is-layout-flow wp-block-quote-is-layout-flow\">\n<p>Honestidade radical, capacidade de traballo, humildade absoluta, vontade de escoitar a todo o mundo e de tratar a todos e todas por igual. Compromiso inquebrantable cos sectores produtivos da nosa vila e cos segmentos sociais que peor o pasan e que m\u00e1is necesidade de atenci\u00f3n precisen. Capacidade de di\u00e1logo e vontade de consenso.<\/p>\n<\/blockquote>\n\n\n\n<p><strong>Tes decidido o equipo de persoas que che vai acompa\u00f1ar na candidatura?<\/strong><\/p>\n\n\n\n<blockquote class=\"wp-block-quote is-layout-flow wp-block-quote-is-layout-flow\">\n<p>En grande medida si. A\u00ednda non o podo facer p\u00fablico, pero si asegurar que \u00e9 un equipo s\u00f3lido e solvente moi representativo da realidade sociol\u00f3xica de Cangas. As persoas que conf\u00eden no BNG de Cangas poden ter a certeza pol\u00edtica de que non lles imos defraudar.<\/p>\n<\/blockquote>\n","protected":false},"excerpt":{"rendered":"<div class=\"mh-excerpt\"><p>Cangas x\u00f3gase moito nas elecci\u00f3ns de maio. Existe rico real de que a dereita reaccionaria que representa Sotelo poida lograr o goberno desta vila do Morrazo <a class=\"mh-excerpt-more\" href=\"https:\/\/www.anovapeneira.gal\/index.php\/2023\/02\/09\/araceli-gestido-candidata-do-bng-a-alcaldia-de-cangas\/\" title=\"Araceli Gestido candidata do BNG \u00e1 alcald\u00eda de Cangas\">[&#8230;]<\/a><\/p>\n<\/div>","protected":false},"author":2,"featured_media":9054,"comment_status":"open","ping_status":"open","sticky":false,"template":"","format":"standard","meta":{"_exactmetrics_skip_tracking":false,"_exactmetrics_sitenote_active":false,"_exactmetrics_sitenote_note":"","_exactmetrics_sitenote_category":0,"footnotes":""},"categories":[268],"tags":[681],"class_list":{"0":"post-9053","1":"post","2":"type-post","3":"status-publish","4":"format-standard","5":"has-post-thumbnail","7":"category-morrazo-entrevistas","8":"tag-concello-de-cangas-do-morrazo"},"yoast_head":"<!-- This site is optimized with the Yoast SEO plugin v27.4 - https:\/\/yoast.com\/product\/yoast-seo-wordpress\/ -->\n<title>Araceli Gestido candidata do BNG \u00e1 alcald\u00eda de Cangas -<\/title>\n<meta name=\"description\" content=\"Cangas x\u00f3gase moito nas elecci\u00f3ns de maio. Existe rico real de que a dereita reaccionaria que representa Sotelo poida lograr o goberno desta vila do Morrazo\" \/>\n<meta name=\"robots\" content=\"index, follow, max-snippet:-1, max-image-preview:large, max-video-preview:-1\" \/>\n<link rel=\"canonical\" href=\"https:\/\/www.anovapeneira.gal\/index.php\/2023\/02\/09\/araceli-gestido-candidata-do-bng-a-alcaldia-de-cangas\/\" \/>\n<meta property=\"og:locale\" content=\"gl_ES\" \/>\n<meta property=\"og:type\" content=\"article\" \/>\n<meta property=\"og:title\" content=\"Araceli Gestido candidata do BNG \u00e1 alcald\u00eda de Cangas -\" \/>\n<meta property=\"og:description\" content=\"Cangas x\u00f3gase moito nas elecci\u00f3ns de maio. Existe rico real de que a dereita reaccionaria que representa Sotelo poida lograr o goberno desta vila do Morrazo\" \/>\n<meta property=\"og:url\" content=\"https:\/\/www.anovapeneira.gal\/index.php\/2023\/02\/09\/araceli-gestido-candidata-do-bng-a-alcaldia-de-cangas\/\" \/>\n<meta property=\"article:publisher\" content=\"https:\/\/www.facebook.com\/anovapeneira\" \/>\n<meta property=\"article:published_time\" content=\"2023-02-09T09:00:00+00:00\" \/>\n<meta property=\"og:image\" content=\"https:\/\/www.anovapeneira.gal\/wp-content\/uploads\/2023\/02\/araceli_gestido.jpg\" \/>\n\t<meta property=\"og:image:width\" content=\"720\" \/>\n\t<meta property=\"og:image:height\" content=\"432\" \/>\n\t<meta property=\"og:image:type\" content=\"image\/jpeg\" \/>\n<meta name=\"author\" content=\"Tino Lago\" \/>\n<meta name=\"twitter:card\" content=\"summary_large_image\" \/>\n<meta name=\"twitter:creator\" content=\"@APeneira\" \/>\n<meta name=\"twitter:site\" content=\"@APeneira\" \/>\n<meta name=\"twitter:label1\" content=\"Escrito por\" \/>\n\t<meta name=\"twitter:data1\" content=\"Tino Lago\" \/>\n\t<meta name=\"twitter:label2\" content=\"Tempo de lectura\" \/>\n\t<meta name=\"twitter:data2\" content=\"8 minutos\" \/>\n<script type=\"application\/ld+json\" class=\"yoast-schema-graph\">{\"@context\":\"https:\\\/\\\/schema.org\",\"@graph\":[{\"@type\":\"Article\",\"@id\":\"https:\\\/\\\/www.anovapeneira.gal\\\/index.php\\\/2023\\\/02\\\/09\\\/araceli-gestido-candidata-do-bng-a-alcaldia-de-cangas\\\/#article\",\"isPartOf\":{\"@id\":\"https:\\\/\\\/www.anovapeneira.gal\\\/index.php\\\/2023\\\/02\\\/09\\\/araceli-gestido-candidata-do-bng-a-alcaldia-de-cangas\\\/\"},\"author\":{\"name\":\"Tino Lago\",\"@id\":\"https:\\\/\\\/www.anovapeneira.gal\\\/#\\\/schema\\\/person\\\/424dfe65e3070fd8a44d22d2c088762a\"},\"headline\":\"Araceli Gestido candidata do BNG \u00e1 alcald\u00eda de Cangas\",\"datePublished\":\"2023-02-09T09:00:00+00:00\",\"mainEntityOfPage\":{\"@id\":\"https:\\\/\\\/www.anovapeneira.gal\\\/index.php\\\/2023\\\/02\\\/09\\\/araceli-gestido-candidata-do-bng-a-alcaldia-de-cangas\\\/\"},\"wordCount\":1409,\"commentCount\":0,\"publisher\":{\"@id\":\"https:\\\/\\\/www.anovapeneira.gal\\\/#organization\"},\"image\":{\"@id\":\"https:\\\/\\\/www.anovapeneira.gal\\\/index.php\\\/2023\\\/02\\\/09\\\/araceli-gestido-candidata-do-bng-a-alcaldia-de-cangas\\\/#primaryimage\"},\"thumbnailUrl\":\"https:\\\/\\\/www.anovapeneira.gal\\\/wp-content\\\/uploads\\\/2023\\\/02\\\/araceli_gestido.jpg\",\"keywords\":[\"Concello de Cangas do Morrazo\"],\"articleSection\":[\"Morrazo\"],\"inLanguage\":\"gl-ES\",\"potentialAction\":[{\"@type\":\"CommentAction\",\"name\":\"Comment\",\"target\":[\"https:\\\/\\\/www.anovapeneira.gal\\\/index.php\\\/2023\\\/02\\\/09\\\/araceli-gestido-candidata-do-bng-a-alcaldia-de-cangas\\\/#respond\"]}]},{\"@type\":\"WebPage\",\"@id\":\"https:\\\/\\\/www.anovapeneira.gal\\\/index.php\\\/2023\\\/02\\\/09\\\/araceli-gestido-candidata-do-bng-a-alcaldia-de-cangas\\\/\",\"url\":\"https:\\\/\\\/www.anovapeneira.gal\\\/index.php\\\/2023\\\/02\\\/09\\\/araceli-gestido-candidata-do-bng-a-alcaldia-de-cangas\\\/\",\"name\":\"Araceli Gestido candidata do BNG \u00e1 alcald\u00eda de Cangas -\",\"isPartOf\":{\"@id\":\"https:\\\/\\\/www.anovapeneira.gal\\\/#website\"},\"primaryImageOfPage\":{\"@id\":\"https:\\\/\\\/www.anovapeneira.gal\\\/index.php\\\/2023\\\/02\\\/09\\\/araceli-gestido-candidata-do-bng-a-alcaldia-de-cangas\\\/#primaryimage\"},\"image\":{\"@id\":\"https:\\\/\\\/www.anovapeneira.gal\\\/index.php\\\/2023\\\/02\\\/09\\\/araceli-gestido-candidata-do-bng-a-alcaldia-de-cangas\\\/#primaryimage\"},\"thumbnailUrl\":\"https:\\\/\\\/www.anovapeneira.gal\\\/wp-content\\\/uploads\\\/2023\\\/02\\\/araceli_gestido.jpg\",\"datePublished\":\"2023-02-09T09:00:00+00:00\",\"description\":\"Cangas x\u00f3gase moito nas elecci\u00f3ns de maio. Existe rico real de que a dereita reaccionaria que representa Sotelo poida lograr o goberno desta vila do Morrazo\",\"breadcrumb\":{\"@id\":\"https:\\\/\\\/www.anovapeneira.gal\\\/index.php\\\/2023\\\/02\\\/09\\\/araceli-gestido-candidata-do-bng-a-alcaldia-de-cangas\\\/#breadcrumb\"},\"inLanguage\":\"gl-ES\",\"potentialAction\":[{\"@type\":\"ReadAction\",\"target\":[\"https:\\\/\\\/www.anovapeneira.gal\\\/index.php\\\/2023\\\/02\\\/09\\\/araceli-gestido-candidata-do-bng-a-alcaldia-de-cangas\\\/\"]}]},{\"@type\":\"ImageObject\",\"inLanguage\":\"gl-ES\",\"@id\":\"https:\\\/\\\/www.anovapeneira.gal\\\/index.php\\\/2023\\\/02\\\/09\\\/araceli-gestido-candidata-do-bng-a-alcaldia-de-cangas\\\/#primaryimage\",\"url\":\"https:\\\/\\\/www.anovapeneira.gal\\\/wp-content\\\/uploads\\\/2023\\\/02\\\/araceli_gestido.jpg\",\"contentUrl\":\"https:\\\/\\\/www.anovapeneira.gal\\\/wp-content\\\/uploads\\\/2023\\\/02\\\/araceli_gestido.jpg\",\"width\":720,\"height\":432,\"caption\":\"Araceli Gestido Cangas\"},{\"@type\":\"BreadcrumbList\",\"@id\":\"https:\\\/\\\/www.anovapeneira.gal\\\/index.php\\\/2023\\\/02\\\/09\\\/araceli-gestido-candidata-do-bng-a-alcaldia-de-cangas\\\/#breadcrumb\",\"itemListElement\":[{\"@type\":\"ListItem\",\"position\":1,\"name\":\"Portada\",\"item\":\"https:\\\/\\\/www.anovapeneira.gal\\\/\"},{\"@type\":\"ListItem\",\"position\":2,\"name\":\"Araceli Gestido candidata do BNG \u00e1 alcald\u00eda de Cangas\"}]},{\"@type\":\"WebSite\",\"@id\":\"https:\\\/\\\/www.anovapeneira.gal\\\/#website\",\"url\":\"https:\\\/\\\/www.anovapeneira.gal\\\/\",\"name\":\"\",\"description\":\"Xornal galego de informaci\u00f3n xeral Publicaci\u00f3n mensual de novas de Galicia e en especial dos Concellos da sur da provincia de Pontevedra.\",\"publisher\":{\"@id\":\"https:\\\/\\\/www.anovapeneira.gal\\\/#organization\"},\"potentialAction\":[{\"@type\":\"SearchAction\",\"target\":{\"@type\":\"EntryPoint\",\"urlTemplate\":\"https:\\\/\\\/www.anovapeneira.gal\\\/?s={search_term_string}\"},\"query-input\":{\"@type\":\"PropertyValueSpecification\",\"valueRequired\":true,\"valueName\":\"search_term_string\"}}],\"inLanguage\":\"gl-ES\"},{\"@type\":\"Organization\",\"@id\":\"https:\\\/\\\/www.anovapeneira.gal\\\/#organization\",\"name\":\"A Nova Peneira\",\"url\":\"https:\\\/\\\/www.anovapeneira.gal\\\/\",\"logo\":{\"@type\":\"ImageObject\",\"inLanguage\":\"gl-ES\",\"@id\":\"https:\\\/\\\/www.anovapeneira.gal\\\/#\\\/schema\\\/logo\\\/image\\\/\",\"url\":\"http:\\\/\\\/www.anovapeneira.gal\\\/wp-content\\\/uploads\\\/2019\\\/06\\\/logo_a_nova_peneira_portal_web.png\",\"contentUrl\":\"http:\\\/\\\/www.anovapeneira.gal\\\/wp-content\\\/uploads\\\/2019\\\/06\\\/logo_a_nova_peneira_portal_web.png\",\"width\":300,\"height\":100,\"caption\":\"A Nova Peneira\"},\"image\":{\"@id\":\"https:\\\/\\\/www.anovapeneira.gal\\\/#\\\/schema\\\/logo\\\/image\\\/\"},\"sameAs\":[\"https:\\\/\\\/www.facebook.com\\\/anovapeneira\",\"https:\\\/\\\/x.com\\\/APeneira\"]},{\"@type\":\"Person\",\"@id\":\"https:\\\/\\\/www.anovapeneira.gal\\\/#\\\/schema\\\/person\\\/424dfe65e3070fd8a44d22d2c088762a\",\"name\":\"Tino Lago\",\"image\":{\"@type\":\"ImageObject\",\"inLanguage\":\"gl-ES\",\"@id\":\"https:\\\/\\\/secure.gravatar.com\\\/avatar\\\/b3df6a06e44bab3111583b90f0f33a0379ee5e3d22cbadd232d39f21c30c62be?s=96&d=mm&r=g\",\"url\":\"https:\\\/\\\/secure.gravatar.com\\\/avatar\\\/b3df6a06e44bab3111583b90f0f33a0379ee5e3d22cbadd232d39f21c30c62be?s=96&d=mm&r=g\",\"contentUrl\":\"https:\\\/\\\/secure.gravatar.com\\\/avatar\\\/b3df6a06e44bab3111583b90f0f33a0379ee5e3d22cbadd232d39f21c30c62be?s=96&d=mm&r=g\",\"caption\":\"Tino Lago\"},\"sameAs\":[\"http:\\\/\\\/www.anovapeneira.gal\"],\"url\":\"https:\\\/\\\/www.anovapeneira.gal\\\/index.php\\\/author\\\/director\\\/\"}]}<\/script>\n<!-- \/ Yoast SEO plugin. -->","yoast_head_json":{"title":"Araceli Gestido candidata do BNG \u00e1 alcald\u00eda de Cangas -","description":"Cangas x\u00f3gase moito nas elecci\u00f3ns de maio. Existe rico real de que a dereita reaccionaria que representa Sotelo poida lograr o goberno desta vila do Morrazo","robots":{"index":"index","follow":"follow","max-snippet":"max-snippet:-1","max-image-preview":"max-image-preview:large","max-video-preview":"max-video-preview:-1"},"canonical":"https:\/\/www.anovapeneira.gal\/index.php\/2023\/02\/09\/araceli-gestido-candidata-do-bng-a-alcaldia-de-cangas\/","og_locale":"gl_ES","og_type":"article","og_title":"Araceli Gestido candidata do BNG \u00e1 alcald\u00eda de Cangas -","og_description":"Cangas x\u00f3gase moito nas elecci\u00f3ns de maio. Existe rico real de que a dereita reaccionaria que representa Sotelo poida lograr o goberno desta vila do Morrazo","og_url":"https:\/\/www.anovapeneira.gal\/index.php\/2023\/02\/09\/araceli-gestido-candidata-do-bng-a-alcaldia-de-cangas\/","article_publisher":"https:\/\/www.facebook.com\/anovapeneira","article_published_time":"2023-02-09T09:00:00+00:00","og_image":[{"width":720,"height":432,"url":"https:\/\/www.anovapeneira.gal\/wp-content\/uploads\/2023\/02\/araceli_gestido.jpg","type":"image\/jpeg"}],"author":"Tino Lago","twitter_card":"summary_large_image","twitter_creator":"@APeneira","twitter_site":"@APeneira","twitter_misc":{"Escrito por":"Tino Lago","Tempo de lectura":"8 minutos"},"schema":{"@context":"https:\/\/schema.org","@graph":[{"@type":"Article","@id":"https:\/\/www.anovapeneira.gal\/index.php\/2023\/02\/09\/araceli-gestido-candidata-do-bng-a-alcaldia-de-cangas\/#article","isPartOf":{"@id":"https:\/\/www.anovapeneira.gal\/index.php\/2023\/02\/09\/araceli-gestido-candidata-do-bng-a-alcaldia-de-cangas\/"},"author":{"name":"Tino Lago","@id":"https:\/\/www.anovapeneira.gal\/#\/schema\/person\/424dfe65e3070fd8a44d22d2c088762a"},"headline":"Araceli Gestido candidata do BNG \u00e1 alcald\u00eda de Cangas","datePublished":"2023-02-09T09:00:00+00:00","mainEntityOfPage":{"@id":"https:\/\/www.anovapeneira.gal\/index.php\/2023\/02\/09\/araceli-gestido-candidata-do-bng-a-alcaldia-de-cangas\/"},"wordCount":1409,"commentCount":0,"publisher":{"@id":"https:\/\/www.anovapeneira.gal\/#organization"},"image":{"@id":"https:\/\/www.anovapeneira.gal\/index.php\/2023\/02\/09\/araceli-gestido-candidata-do-bng-a-alcaldia-de-cangas\/#primaryimage"},"thumbnailUrl":"https:\/\/www.anovapeneira.gal\/wp-content\/uploads\/2023\/02\/araceli_gestido.jpg","keywords":["Concello de Cangas do Morrazo"],"articleSection":["Morrazo"],"inLanguage":"gl-ES","potentialAction":[{"@type":"CommentAction","name":"Comment","target":["https:\/\/www.anovapeneira.gal\/index.php\/2023\/02\/09\/araceli-gestido-candidata-do-bng-a-alcaldia-de-cangas\/#respond"]}]},{"@type":"WebPage","@id":"https:\/\/www.anovapeneira.gal\/index.php\/2023\/02\/09\/araceli-gestido-candidata-do-bng-a-alcaldia-de-cangas\/","url":"https:\/\/www.anovapeneira.gal\/index.php\/2023\/02\/09\/araceli-gestido-candidata-do-bng-a-alcaldia-de-cangas\/","name":"Araceli Gestido candidata do BNG \u00e1 alcald\u00eda de Cangas -","isPartOf":{"@id":"https:\/\/www.anovapeneira.gal\/#website"},"primaryImageOfPage":{"@id":"https:\/\/www.anovapeneira.gal\/index.php\/2023\/02\/09\/araceli-gestido-candidata-do-bng-a-alcaldia-de-cangas\/#primaryimage"},"image":{"@id":"https:\/\/www.anovapeneira.gal\/index.php\/2023\/02\/09\/araceli-gestido-candidata-do-bng-a-alcaldia-de-cangas\/#primaryimage"},"thumbnailUrl":"https:\/\/www.anovapeneira.gal\/wp-content\/uploads\/2023\/02\/araceli_gestido.jpg","datePublished":"2023-02-09T09:00:00+00:00","description":"Cangas x\u00f3gase moito nas elecci\u00f3ns de maio. Existe rico real de que a dereita reaccionaria que representa Sotelo poida lograr o goberno desta vila do Morrazo","breadcrumb":{"@id":"https:\/\/www.anovapeneira.gal\/index.php\/2023\/02\/09\/araceli-gestido-candidata-do-bng-a-alcaldia-de-cangas\/#breadcrumb"},"inLanguage":"gl-ES","potentialAction":[{"@type":"ReadAction","target":["https:\/\/www.anovapeneira.gal\/index.php\/2023\/02\/09\/araceli-gestido-candidata-do-bng-a-alcaldia-de-cangas\/"]}]},{"@type":"ImageObject","inLanguage":"gl-ES","@id":"https:\/\/www.anovapeneira.gal\/index.php\/2023\/02\/09\/araceli-gestido-candidata-do-bng-a-alcaldia-de-cangas\/#primaryimage","url":"https:\/\/www.anovapeneira.gal\/wp-content\/uploads\/2023\/02\/araceli_gestido.jpg","contentUrl":"https:\/\/www.anovapeneira.gal\/wp-content\/uploads\/2023\/02\/araceli_gestido.jpg","width":720,"height":432,"caption":"Araceli Gestido Cangas"},{"@type":"BreadcrumbList","@id":"https:\/\/www.anovapeneira.gal\/index.php\/2023\/02\/09\/araceli-gestido-candidata-do-bng-a-alcaldia-de-cangas\/#breadcrumb","itemListElement":[{"@type":"ListItem","position":1,"name":"Portada","item":"https:\/\/www.anovapeneira.gal\/"},{"@type":"ListItem","position":2,"name":"Araceli Gestido candidata do BNG \u00e1 alcald\u00eda de Cangas"}]},{"@type":"WebSite","@id":"https:\/\/www.anovapeneira.gal\/#website","url":"https:\/\/www.anovapeneira.gal\/","name":"","description":"Xornal galego de informaci\u00f3n xeral Publicaci\u00f3n mensual de novas de Galicia e en especial dos Concellos da sur da provincia de Pontevedra.","publisher":{"@id":"https:\/\/www.anovapeneira.gal\/#organization"},"potentialAction":[{"@type":"SearchAction","target":{"@type":"EntryPoint","urlTemplate":"https:\/\/www.anovapeneira.gal\/?s={search_term_string}"},"query-input":{"@type":"PropertyValueSpecification","valueRequired":true,"valueName":"search_term_string"}}],"inLanguage":"gl-ES"},{"@type":"Organization","@id":"https:\/\/www.anovapeneira.gal\/#organization","name":"A Nova Peneira","url":"https:\/\/www.anovapeneira.gal\/","logo":{"@type":"ImageObject","inLanguage":"gl-ES","@id":"https:\/\/www.anovapeneira.gal\/#\/schema\/logo\/image\/","url":"http:\/\/www.anovapeneira.gal\/wp-content\/uploads\/2019\/06\/logo_a_nova_peneira_portal_web.png","contentUrl":"http:\/\/www.anovapeneira.gal\/wp-content\/uploads\/2019\/06\/logo_a_nova_peneira_portal_web.png","width":300,"height":100,"caption":"A Nova Peneira"},"image":{"@id":"https:\/\/www.anovapeneira.gal\/#\/schema\/logo\/image\/"},"sameAs":["https:\/\/www.facebook.com\/anovapeneira","https:\/\/x.com\/APeneira"]},{"@type":"Person","@id":"https:\/\/www.anovapeneira.gal\/#\/schema\/person\/424dfe65e3070fd8a44d22d2c088762a","name":"Tino Lago","image":{"@type":"ImageObject","inLanguage":"gl-ES","@id":"https:\/\/secure.gravatar.com\/avatar\/b3df6a06e44bab3111583b90f0f33a0379ee5e3d22cbadd232d39f21c30c62be?s=96&d=mm&r=g","url":"https:\/\/secure.gravatar.com\/avatar\/b3df6a06e44bab3111583b90f0f33a0379ee5e3d22cbadd232d39f21c30c62be?s=96&d=mm&r=g","contentUrl":"https:\/\/secure.gravatar.com\/avatar\/b3df6a06e44bab3111583b90f0f33a0379ee5e3d22cbadd232d39f21c30c62be?s=96&d=mm&r=g","caption":"Tino Lago"},"sameAs":["http:\/\/www.anovapeneira.gal"],"url":"https:\/\/www.anovapeneira.gal\/index.php\/author\/director\/"}]}},"jetpack_featured_media_url":"https:\/\/www.anovapeneira.gal\/wp-content\/uploads\/2023\/02\/araceli_gestido.jpg","_links":{"self":[{"href":"https:\/\/www.anovapeneira.gal\/index.php\/wp-json\/wp\/v2\/posts\/9053","targetHints":{"allow":["GET"]}}],"collection":[{"href":"https:\/\/www.anovapeneira.gal\/index.php\/wp-json\/wp\/v2\/posts"}],"about":[{"href":"https:\/\/www.anovapeneira.gal\/index.php\/wp-json\/wp\/v2\/types\/post"}],"author":[{"embeddable":true,"href":"https:\/\/www.anovapeneira.gal\/index.php\/wp-json\/wp\/v2\/users\/2"}],"replies":[{"embeddable":true,"href":"https:\/\/www.anovapeneira.gal\/index.php\/wp-json\/wp\/v2\/comments?post=9053"}],"version-history":[{"count":2,"href":"https:\/\/www.anovapeneira.gal\/index.php\/wp-json\/wp\/v2\/posts\/9053\/revisions"}],"predecessor-version":[{"id":9056,"href":"https:\/\/www.anovapeneira.gal\/index.php\/wp-json\/wp\/v2\/posts\/9053\/revisions\/9056"}],"wp:featuredmedia":[{"embeddable":true,"href":"https:\/\/www.anovapeneira.gal\/index.php\/wp-json\/wp\/v2\/media\/9054"}],"wp:attachment":[{"href":"https:\/\/www.anovapeneira.gal\/index.php\/wp-json\/wp\/v2\/media?parent=9053"}],"wp:term":[{"taxonomy":"category","embeddable":true,"href":"https:\/\/www.anovapeneira.gal\/index.php\/wp-json\/wp\/v2\/categories?post=9053"},{"taxonomy":"post_tag","embeddable":true,"href":"https:\/\/www.anovapeneira.gal\/index.php\/wp-json\/wp\/v2\/tags?post=9053"}],"curies":[{"name":"wp","href":"https:\/\/api.w.org\/{rel}","templated":true}]}}