{"id":9065,"date":"2023-02-10T10:00:56","date_gmt":"2023-02-10T09:00:56","guid":{"rendered":"https:\/\/www.anovapeneira.gal\/?p=9065"},"modified":"2023-02-10T09:50:03","modified_gmt":"2023-02-10T08:50:03","slug":"agrupacion-de-electores-de-redondela","status":"publish","type":"post","link":"https:\/\/www.anovapeneira.gal\/index.php\/2023\/02\/10\/agrupacion-de-electores-de-redondela\/","title":{"rendered":"Agrupaci\u00f3n de electores de Redondela"},"content":{"rendered":"\n<p><strong>A agrupaci\u00f3n de electores de Redondela ven sendo, desde o 2011, un actor enormemente relevante na vida pol\u00edtica local, de feito a aritm\u00e9tica municipal, sempre tan caprichosa, p\u00faxolles nos tres \u00faltimos mandatos na tesitura de decidiren cos seus votos quen ser\u00eda o alcalde ou alcaldesa da vila dos viadutos. A piques dun novo proceso electoral conversamos de novo con eles , e como sempre foi unha conversa moi interesante e cargada de contido. Falamos con Roberto Villar, Daniel Boullosa, Xos\u00e9 Manuel Vila e Cuni Orge . Vela\u00ed vai<\/strong><\/p>\n\n\n\n<p>\u201c <strong>Se o PSOE presenta outro candidato ou candidata, chegado o caso , poder\u00eda ter o apoio de AER. Se presenta a Digna Rivas AER vaise votar a si mesma, e o PSOE ser\u00eda o \u00fanico responsable da posible volta de Javier Bas \u00e1 alcald\u00eda\u201d<\/strong><\/p>\n\n\n\n<p><strong>AER naceu no ano 2011, canto tempo levades v\u00f3s facendo pol\u00edtica na agrupaci\u00f3n de electores?<\/strong><\/p>\n\n\n\n<blockquote class=\"wp-block-quote is-layout-flow wp-block-quote-is-layout-flow\">\n<p>Das 4 persoas que estamos aqu\u00ed : Roberto comezou no ano 2014, Daniel no 2016 e os dous restantes comezamos no 2018<\/p>\n<\/blockquote>\n\n\n\n<p><strong>Supo\u00f1o que entrariades en AER porque vos seduciu a s\u00faa mensaxe rexeneradora e as s\u00faas proclamas de facer pol\u00edtica pensando exclusivamente no ben com\u00fan de Redondela sen ter en conta ning\u00fan tipo de interese partidario supra municipal. Que quedou de todo aquilo?<\/strong><\/p>\n\n\n\n<blockquote class=\"wp-block-quote is-layout-flow wp-block-quote-is-layout-flow\">\n<p>A esencia e a mesma .Poden mudar as persoas pero a vontade \u00e9 de facer pol\u00edtica da mesma maneira que describes. O paso do tempo o que fixo foi enriquecernos,especialmente coa nosa experiencia de goberno. Agora sabemos como funciona a administraci\u00f3n e que non todos os cambios poden ser tan r\u00e1pidos como a n\u00f3s nos gustar\u00eda. A esencia de AER est\u00e1 na ant\u00edtese do personalismo. A\u00ednda que muden as caras o que \u00e9 realmente importante \u00e9 o colectivo.<\/p>\n<\/blockquote>\n\n\n\n<p><strong>Podedes dicir con rotundidade que a esencia de AER 2023 \u00e9 a mesma c\u00e1 de AER 2011?<\/strong><\/p>\n\n\n\n<blockquote class=\"wp-block-quote is-layout-flow wp-block-quote-is-layout-flow\">\n<p>N\u00f3s que estamos dentro dicimos con rotundidade que si. Nas asembleas s\u00f3 se fala de Redondela, e poderemos acertar ou non pero todo se debate e todo se decide de maneira escrupulosamente democr\u00e1tica, pensando s\u00f3 no ben com\u00fan de Redondela.<\/p>\n<\/blockquote>\n\n\n\n<p><strong>\u00c9 Digna Rivas a \u201c peor alcaldesa da historia de Redondela\u201d?<\/strong><\/p>\n\n\n\n<blockquote class=\"wp-block-quote is-layout-flow wp-block-quote-is-layout-flow\">\n<p>Alcaldesas s\u00f3 houbo unha e nesa expresi\u00f3n est\u00e1n inclu\u00eddos tam\u00e9n os alcaldes. De todos os que co\u00f1ecemos n\u00f3s Digna \u00e9 a peor sen d\u00fabida. Esta \u00e9 unha valoraci\u00f3n pol\u00edtica, non persoal, que quede claro. Pero no que se refire \u00e1 s\u00faa xesti\u00f3n Digna \u00e9 a peor.<\/p>\n<\/blockquote>\n\n\n\n<p><strong>\u00c9 peor que Javier Bas?<\/strong><\/p>\n\n\n\n<blockquote class=\"wp-block-quote is-layout-flow wp-block-quote-is-layout-flow\">\n<p>Javier Bas ten moita m\u00e1s capacidade pol\u00edtica que Digna Rivas. A distancia entre ambos \u00e9 sideral. Asemade ela \u00e9 moi botada para adiante e non mide as consecuencias. O exemplo m\u00e1is claro \u00e9 a ruptura do pacto de goberno. A metade de mandato quedaron con 7 concelleiros o que para un concello como Redondela \u00e9 unha barbaridade.<\/p>\n<\/blockquote>\n\n\n\n<p><strong>Cal \u00e9 a valoraci\u00f3n dos dous anos vosos no goberno?<\/strong><\/p>\n\n\n\n<blockquote class=\"wp-block-quote is-layout-flow wp-block-quote-is-layout-flow\">\n<p>Serviunos de aprendizaxe. Decat\u00e1monos do lento que van os procedementos administrativos e do dif\u00edcil que \u00e9 ter iniciativa e facer cousas. O m\u00e1is doado ser\u00eda estar e non facer nada. N\u00f3s optamos polo cami\u00f1o dif\u00edcil, rompernos a cabeza e tratar de facer cousas revolucionarias para intentar conseguir resultados.<\/p>\n<\/blockquote>\n\n\n\n<p><strong>Que intentou AER facer \u201c revolucionario\u201d nos dous anos que estivo no goberno?<\/strong><\/p>\n\n\n\n<blockquote class=\"wp-block-quote is-layout-flow wp-block-quote-is-layout-flow\">\n<p>Dicir sempre a verdade. E non tratar de facer promesas que non fosen posible cumprir. Tratar de atender a todos por igual sen considerar as s\u00faas simpat\u00edas ou antipat\u00edas pol\u00edticas. Arranxar os problemas en base a criterios t\u00e9cnicos e non de interese pol\u00edtico. As\u00ed o trataron de facer cada d\u00eda os nosos concelleiros e como exemplo podemos amosar a firmeza que sempre amosou Roberto.<\/p>\n<\/blockquote>\n\n\n\n<p><strong>A que vos referides, ao asunto das algas?<\/strong><\/p>\n\n\n\n<blockquote class=\"wp-block-quote is-layout-flow wp-block-quote-is-layout-flow\">\n<p>Non me gustar\u00eda meternos en fonduras no que a ese asunto se refire<strong>&#8211; di Roberto- <\/strong>Ese tema foi o detonante da ruptura do goberno e non foi m\u00e1is ca un capricho da alcaldesa. A mi\u00f1a conceller\u00eda s\u00f3 estaba aplicando a normativa. A directiva Habitat que \u00e9 unha norma europea. A alcaldesa tirou polo populismo.<\/p>\n<\/blockquote>\n\n\n\n<p><strong>Non entendo iso de que \u201c tirou polo populismo\u201d?<\/strong><\/p>\n\n\n\n<blockquote class=\"wp-block-quote is-layout-flow wp-block-quote-is-layout-flow\">\n<p>Iso \u00e9 unha m\u00e1xima da pol\u00edtica desta alcaldesa. \u00c1 m\u00ednima cr\u00edtica da veci\u00f1anza que se lle ven enriba, rec\u00faa ou muda de criterio.<\/p>\n<\/blockquote>\n\n\n\n<p><strong>Xa tedes m\u00e1is ou menos artellada a lista que ides presentar no 2023?<\/strong><\/p>\n\n\n\n<blockquote class=\"wp-block-quote is-layout-flow wp-block-quote-is-layout-flow\">\n<p>Non. Faremos o de sempre. Ser\u00e1 un exercicio escrupulosamente democr\u00e1tico de decisi\u00f3n colectiva.<\/p>\n<\/blockquote>\n\n\n\n<p><strong>Con que expectativas e perspectivas ides presentarvos desta volta?<\/strong><\/p>\n\n\n\n<blockquote class=\"wp-block-quote is-layout-flow wp-block-quote-is-layout-flow\">\n<p>As mesmas de sempre: darlle voz \u00e1s veci\u00f1as e veci\u00f1os de Redondela descontentas coas forzas pol\u00edticas tradicionais. N\u00f3s estaremos onde a veci\u00f1anza queira colocarnos. O que nos gustar\u00eda deixar claro \u00e9 que os homes e mulleres de AER non estamos na pol\u00edtica para buscar un posto de traballo e ga\u00f1arnos a vida con el. Facer da pol\u00edtica unha profesi\u00f3n perv\u00e9rtea, e n\u00f3s estamos nas ant\u00edpodas dese modus operandi.<\/p>\n<\/blockquote>\n\n\n\n<p><strong>Despois de rachar o bipartito propuxestes ao PP facerdes unha moci\u00f3n de censura a Digna Rivas?<\/strong><\/p>\n\n\n\n<blockquote class=\"wp-block-quote is-layout-flow wp-block-quote-is-layout-flow\">\n<p>Si, d\u00e9moslle uns meses ao novo goberno para ver como o fac\u00eda. Xa vimos que era un desastre e por responsabilidade si, si que llo propuxemos.<\/p>\n<\/blockquote>\n\n\n\n<p><strong>E cal foi a contestaci\u00f3n do PP?<\/strong><\/p>\n\n\n\n<blockquote class=\"wp-block-quote is-layout-flow wp-block-quote-is-layout-flow\">\n<p>Dix\u00e9ronnos algo as\u00ed como que as moci\u00f3ns tra\u00edanlle malos recordos. N\u00f3s s\u00f3 podemos especular sobre cal foi o motivo real que lles levou a non aceptar, pero entendemos que valoraron que se a aceptaban a alcaldesa ter\u00eda que ser Carmen Amoedo, e claro iso dificultar\u00eda a volta de Javier Bas.<\/p>\n<\/blockquote>\n\n\n\n<p><strong>Ah si. Ent\u00f3n v\u00f3s entendedes que esa puido ser a raz\u00f3n que levou ao PP a non aceptar a vosa proposta de moci\u00f3n de censura?<\/strong><\/p>\n\n\n\n<blockquote class=\"wp-block-quote is-layout-flow wp-block-quote-is-layout-flow\">\n<p>Si, entendemos que Javier Bas vetou a Carmen Amoedo.<\/p>\n<\/blockquote>\n\n\n\n<p><strong>No suposto, perfectamente veros\u00edmil, de que a aritm\u00e9tica municipal sit\u00fae novamente a AER na posici\u00f3n chave de que os vosos votos decidan quen vai ser o alcalde ou alcaldesa , que ides facer?<\/strong><\/p>\n\n\n\n<blockquote class=\"wp-block-quote is-layout-flow wp-block-quote-is-layout-flow\">\n<p>Se antes non queriamos que Javier Bas sexa o alcalde agora moito menos. Pero tampouco queremos que siga Digna Rivas.<\/p>\n<\/blockquote>\n\n\n\n<p><strong>Xa , pero unha terceira opci\u00f3n non a vexo posible, polo tanto se se dese esa hip\u00f3tese que fariades?<\/strong><\/p>\n\n\n\n<blockquote class=\"wp-block-quote is-layout-flow wp-block-quote-is-layout-flow\">\n<p>Propori\u00e1moslle ao PSOE que presentase a outro candidato ou candidata, a calquera ,n\u00f3s non temos problema con ningu\u00e9n. E se fose as\u00ed apoiariamos ao candidato do PSOE. No caso de que a candidata sexa Digna Rivas AER v\u00f3tase a si mesma, e o partido socialista ser\u00eda o \u00fanico responsable da volta de Javier Bas \u00e1 alcald\u00eda de Redondela.<\/p>\n<\/blockquote>\n\n\n\n<p><strong>As\u00ed de claro?<\/strong><\/p>\n\n\n\n<blockquote class=\"wp-block-quote is-layout-flow wp-block-quote-is-layout-flow\">\n<p>As\u00ed de claro. Digna Rivas non est\u00e1 preparada para ser alcaldesa de Redondela. O seu despacho \u00e9 unha ditadura: cara amable para f\u00f3ra e pu\u00f1o de ferro para dentro.<\/p>\n<\/blockquote>\n\n\n\n<p><strong>Por exemplo?<\/strong><\/p>\n\n\n\n<blockquote class=\"wp-block-quote is-layout-flow wp-block-quote-is-layout-flow\">\n<p>Os casos de Marta Alonso e de Leonardo aos que a alcaldesa lles cortou a cabeza. N\u00f3s cremos que Carmela Silva ten motivos para estar preocupada por Redondela. Isto \u00e9 un desastre e non vaia ser que o seu resultado lle dea un susto na Deputaci\u00f3n.<\/p>\n<\/blockquote>\n\n\n\n<p><strong>Rematamos; que pode encontrar un veci\u00f1o ou veci\u00f1a de Redondela en AER?<\/strong><\/p>\n\n\n\n<blockquote class=\"wp-block-quote is-layout-flow wp-block-quote-is-layout-flow\">\n<p>Unha forma de traballar radicalmente democr\u00e1tica nas ant\u00edpodas da tradicional pol\u00edtica clientelar. N\u00f3s present\u00e1monos para facer pol\u00edtica no sentido estrito do que debe ser a pol\u00edtica: a defensa do colectivo e do ben com\u00fan.<\/p>\n<\/blockquote>\n","protected":false},"excerpt":{"rendered":"<div class=\"mh-excerpt\"><p>A agrupaci\u00f3n de electores de Redondela ven sendo, desde o 2011, un actor enormemente relevante na vida pol\u00edtica local, de feito a aritm\u00e9tica municipal, sempre tan caprichosa, p\u00faxolles nos tres \u00faltimos mandatos na tesitura de decidiren cos seus votos quen ser\u00eda o alcalde ou alcaldesa da vila dos viadutos <a class=\"mh-excerpt-more\" href=\"https:\/\/www.anovapeneira.gal\/index.php\/2023\/02\/10\/agrupacion-de-electores-de-redondela\/\" title=\"Agrupaci\u00f3n de electores de Redondela\">[&#8230;]<\/a><\/p>\n<\/div>","protected":false},"author":2,"featured_media":9083,"comment_status":"open","ping_status":"open","sticky":false,"template":"","format":"standard","meta":{"_exactmetrics_skip_tracking":false,"_exactmetrics_sitenote_active":false,"_exactmetrics_sitenote_note":"","_exactmetrics_sitenote_category":0,"footnotes":""},"categories":[270],"tags":[171],"class_list":{"0":"post-9065","1":"post","2":"type-post","3":"status-publish","4":"format-standard","5":"has-post-thumbnail","7":"category-redondela-entrevistas","8":"tag-concello-de-redondela"},"yoast_head":"<!-- This site is optimized with the Yoast SEO plugin v27.4 - https:\/\/yoast.com\/product\/yoast-seo-wordpress\/ -->\n<title>Agrupaci\u00f3n de electores de Redondela -<\/title>\n<meta name=\"description\" content=\"A agrupaci\u00f3n de electores de Redondela ven sendo, desde o 2011, un actor enormemente relevante na vida pol\u00edtica local, de feito a aritm\u00e9tica municipal, sempre tan caprichosa, p\u00faxolles nos tres \u00faltimos mandatos na tesitura de decidiren cos seus votos quen ser\u00eda o alcalde ou alcaldesa da vila dos viadutos\" \/>\n<meta name=\"robots\" content=\"index, follow, max-snippet:-1, max-image-preview:large, max-video-preview:-1\" \/>\n<link rel=\"canonical\" href=\"https:\/\/www.anovapeneira.gal\/index.php\/2023\/02\/10\/agrupacion-de-electores-de-redondela\/\" \/>\n<meta property=\"og:locale\" content=\"gl_ES\" \/>\n<meta property=\"og:type\" content=\"article\" \/>\n<meta property=\"og:title\" content=\"Agrupaci\u00f3n de electores de Redondela -\" \/>\n<meta property=\"og:description\" content=\"A agrupaci\u00f3n de electores de Redondela ven sendo, desde o 2011, un actor enormemente relevante na vida pol\u00edtica local, de feito a aritm\u00e9tica municipal, sempre tan caprichosa, p\u00faxolles nos tres \u00faltimos mandatos na tesitura de decidiren cos seus votos quen ser\u00eda o alcalde ou alcaldesa da vila dos viadutos\" \/>\n<meta property=\"og:url\" content=\"https:\/\/www.anovapeneira.gal\/index.php\/2023\/02\/10\/agrupacion-de-electores-de-redondela\/\" \/>\n<meta property=\"article:publisher\" content=\"https:\/\/www.facebook.com\/anovapeneira\" \/>\n<meta property=\"article:published_time\" content=\"2023-02-10T09:00:56+00:00\" \/>\n<meta property=\"og:image\" content=\"https:\/\/www.anovapeneira.gal\/wp-content\/uploads\/2023\/02\/electores_redondela.jpg\" \/>\n\t<meta property=\"og:image:width\" content=\"720\" \/>\n\t<meta property=\"og:image:height\" content=\"432\" \/>\n\t<meta property=\"og:image:type\" content=\"image\/jpeg\" \/>\n<meta name=\"author\" content=\"Tino Lago\" \/>\n<meta name=\"twitter:card\" content=\"summary_large_image\" \/>\n<meta name=\"twitter:creator\" content=\"@APeneira\" \/>\n<meta name=\"twitter:site\" content=\"@APeneira\" \/>\n<meta name=\"twitter:label1\" content=\"Escrito por\" \/>\n\t<meta name=\"twitter:data1\" content=\"Tino Lago\" \/>\n\t<meta name=\"twitter:label2\" content=\"Tempo de lectura\" \/>\n\t<meta name=\"twitter:data2\" content=\"7 minutos\" \/>\n<script type=\"application\/ld+json\" class=\"yoast-schema-graph\">{\"@context\":\"https:\\\/\\\/schema.org\",\"@graph\":[{\"@type\":\"Article\",\"@id\":\"https:\\\/\\\/www.anovapeneira.gal\\\/index.php\\\/2023\\\/02\\\/10\\\/agrupacion-de-electores-de-redondela\\\/#article\",\"isPartOf\":{\"@id\":\"https:\\\/\\\/www.anovapeneira.gal\\\/index.php\\\/2023\\\/02\\\/10\\\/agrupacion-de-electores-de-redondela\\\/\"},\"author\":{\"name\":\"Tino Lago\",\"@id\":\"https:\\\/\\\/www.anovapeneira.gal\\\/#\\\/schema\\\/person\\\/424dfe65e3070fd8a44d22d2c088762a\"},\"headline\":\"Agrupaci\u00f3n de electores de Redondela\",\"datePublished\":\"2023-02-10T09:00:56+00:00\",\"mainEntityOfPage\":{\"@id\":\"https:\\\/\\\/www.anovapeneira.gal\\\/index.php\\\/2023\\\/02\\\/10\\\/agrupacion-de-electores-de-redondela\\\/\"},\"wordCount\":1272,\"commentCount\":0,\"publisher\":{\"@id\":\"https:\\\/\\\/www.anovapeneira.gal\\\/#organization\"},\"image\":{\"@id\":\"https:\\\/\\\/www.anovapeneira.gal\\\/index.php\\\/2023\\\/02\\\/10\\\/agrupacion-de-electores-de-redondela\\\/#primaryimage\"},\"thumbnailUrl\":\"https:\\\/\\\/www.anovapeneira.gal\\\/wp-content\\\/uploads\\\/2023\\\/02\\\/electores_redondela.jpg\",\"keywords\":[\"Concello de Redondela\"],\"articleSection\":[\"Redondela\"],\"inLanguage\":\"gl-ES\",\"potentialAction\":[{\"@type\":\"CommentAction\",\"name\":\"Comment\",\"target\":[\"https:\\\/\\\/www.anovapeneira.gal\\\/index.php\\\/2023\\\/02\\\/10\\\/agrupacion-de-electores-de-redondela\\\/#respond\"]}]},{\"@type\":\"WebPage\",\"@id\":\"https:\\\/\\\/www.anovapeneira.gal\\\/index.php\\\/2023\\\/02\\\/10\\\/agrupacion-de-electores-de-redondela\\\/\",\"url\":\"https:\\\/\\\/www.anovapeneira.gal\\\/index.php\\\/2023\\\/02\\\/10\\\/agrupacion-de-electores-de-redondela\\\/\",\"name\":\"Agrupaci\u00f3n de electores de Redondela -\",\"isPartOf\":{\"@id\":\"https:\\\/\\\/www.anovapeneira.gal\\\/#website\"},\"primaryImageOfPage\":{\"@id\":\"https:\\\/\\\/www.anovapeneira.gal\\\/index.php\\\/2023\\\/02\\\/10\\\/agrupacion-de-electores-de-redondela\\\/#primaryimage\"},\"image\":{\"@id\":\"https:\\\/\\\/www.anovapeneira.gal\\\/index.php\\\/2023\\\/02\\\/10\\\/agrupacion-de-electores-de-redondela\\\/#primaryimage\"},\"thumbnailUrl\":\"https:\\\/\\\/www.anovapeneira.gal\\\/wp-content\\\/uploads\\\/2023\\\/02\\\/electores_redondela.jpg\",\"datePublished\":\"2023-02-10T09:00:56+00:00\",\"description\":\"A agrupaci\u00f3n de electores de Redondela ven sendo, desde o 2011, un actor enormemente relevante na vida pol\u00edtica local, de feito a aritm\u00e9tica municipal, sempre tan caprichosa, p\u00faxolles nos tres \u00faltimos mandatos na tesitura de decidiren cos seus votos quen ser\u00eda o alcalde ou alcaldesa da vila dos viadutos\",\"breadcrumb\":{\"@id\":\"https:\\\/\\\/www.anovapeneira.gal\\\/index.php\\\/2023\\\/02\\\/10\\\/agrupacion-de-electores-de-redondela\\\/#breadcrumb\"},\"inLanguage\":\"gl-ES\",\"potentialAction\":[{\"@type\":\"ReadAction\",\"target\":[\"https:\\\/\\\/www.anovapeneira.gal\\\/index.php\\\/2023\\\/02\\\/10\\\/agrupacion-de-electores-de-redondela\\\/\"]}]},{\"@type\":\"ImageObject\",\"inLanguage\":\"gl-ES\",\"@id\":\"https:\\\/\\\/www.anovapeneira.gal\\\/index.php\\\/2023\\\/02\\\/10\\\/agrupacion-de-electores-de-redondela\\\/#primaryimage\",\"url\":\"https:\\\/\\\/www.anovapeneira.gal\\\/wp-content\\\/uploads\\\/2023\\\/02\\\/electores_redondela.jpg\",\"contentUrl\":\"https:\\\/\\\/www.anovapeneira.gal\\\/wp-content\\\/uploads\\\/2023\\\/02\\\/electores_redondela.jpg\",\"width\":720,\"height\":432,\"caption\":\"Electores de Redondela\"},{\"@type\":\"BreadcrumbList\",\"@id\":\"https:\\\/\\\/www.anovapeneira.gal\\\/index.php\\\/2023\\\/02\\\/10\\\/agrupacion-de-electores-de-redondela\\\/#breadcrumb\",\"itemListElement\":[{\"@type\":\"ListItem\",\"position\":1,\"name\":\"Portada\",\"item\":\"https:\\\/\\\/www.anovapeneira.gal\\\/\"},{\"@type\":\"ListItem\",\"position\":2,\"name\":\"Agrupaci\u00f3n de electores de Redondela\"}]},{\"@type\":\"WebSite\",\"@id\":\"https:\\\/\\\/www.anovapeneira.gal\\\/#website\",\"url\":\"https:\\\/\\\/www.anovapeneira.gal\\\/\",\"name\":\"\",\"description\":\"Xornal galego de informaci\u00f3n xeral Publicaci\u00f3n mensual de novas de Galicia e en especial dos Concellos da sur da provincia de Pontevedra.\",\"publisher\":{\"@id\":\"https:\\\/\\\/www.anovapeneira.gal\\\/#organization\"},\"potentialAction\":[{\"@type\":\"SearchAction\",\"target\":{\"@type\":\"EntryPoint\",\"urlTemplate\":\"https:\\\/\\\/www.anovapeneira.gal\\\/?s={search_term_string}\"},\"query-input\":{\"@type\":\"PropertyValueSpecification\",\"valueRequired\":true,\"valueName\":\"search_term_string\"}}],\"inLanguage\":\"gl-ES\"},{\"@type\":\"Organization\",\"@id\":\"https:\\\/\\\/www.anovapeneira.gal\\\/#organization\",\"name\":\"A Nova Peneira\",\"url\":\"https:\\\/\\\/www.anovapeneira.gal\\\/\",\"logo\":{\"@type\":\"ImageObject\",\"inLanguage\":\"gl-ES\",\"@id\":\"https:\\\/\\\/www.anovapeneira.gal\\\/#\\\/schema\\\/logo\\\/image\\\/\",\"url\":\"http:\\\/\\\/www.anovapeneira.gal\\\/wp-content\\\/uploads\\\/2019\\\/06\\\/logo_a_nova_peneira_portal_web.png\",\"contentUrl\":\"http:\\\/\\\/www.anovapeneira.gal\\\/wp-content\\\/uploads\\\/2019\\\/06\\\/logo_a_nova_peneira_portal_web.png\",\"width\":300,\"height\":100,\"caption\":\"A Nova Peneira\"},\"image\":{\"@id\":\"https:\\\/\\\/www.anovapeneira.gal\\\/#\\\/schema\\\/logo\\\/image\\\/\"},\"sameAs\":[\"https:\\\/\\\/www.facebook.com\\\/anovapeneira\",\"https:\\\/\\\/x.com\\\/APeneira\"]},{\"@type\":\"Person\",\"@id\":\"https:\\\/\\\/www.anovapeneira.gal\\\/#\\\/schema\\\/person\\\/424dfe65e3070fd8a44d22d2c088762a\",\"name\":\"Tino Lago\",\"image\":{\"@type\":\"ImageObject\",\"inLanguage\":\"gl-ES\",\"@id\":\"https:\\\/\\\/secure.gravatar.com\\\/avatar\\\/b3df6a06e44bab3111583b90f0f33a0379ee5e3d22cbadd232d39f21c30c62be?s=96&d=mm&r=g\",\"url\":\"https:\\\/\\\/secure.gravatar.com\\\/avatar\\\/b3df6a06e44bab3111583b90f0f33a0379ee5e3d22cbadd232d39f21c30c62be?s=96&d=mm&r=g\",\"contentUrl\":\"https:\\\/\\\/secure.gravatar.com\\\/avatar\\\/b3df6a06e44bab3111583b90f0f33a0379ee5e3d22cbadd232d39f21c30c62be?s=96&d=mm&r=g\",\"caption\":\"Tino Lago\"},\"sameAs\":[\"http:\\\/\\\/www.anovapeneira.gal\"],\"url\":\"https:\\\/\\\/www.anovapeneira.gal\\\/index.php\\\/author\\\/director\\\/\"}]}<\/script>\n<!-- \/ Yoast SEO plugin. -->","yoast_head_json":{"title":"Agrupaci\u00f3n de electores de Redondela -","description":"A agrupaci\u00f3n de electores de Redondela ven sendo, desde o 2011, un actor enormemente relevante na vida pol\u00edtica local, de feito a aritm\u00e9tica municipal, sempre tan caprichosa, p\u00faxolles nos tres \u00faltimos mandatos na tesitura de decidiren cos seus votos quen ser\u00eda o alcalde ou alcaldesa da vila dos viadutos","robots":{"index":"index","follow":"follow","max-snippet":"max-snippet:-1","max-image-preview":"max-image-preview:large","max-video-preview":"max-video-preview:-1"},"canonical":"https:\/\/www.anovapeneira.gal\/index.php\/2023\/02\/10\/agrupacion-de-electores-de-redondela\/","og_locale":"gl_ES","og_type":"article","og_title":"Agrupaci\u00f3n de electores de Redondela -","og_description":"A agrupaci\u00f3n de electores de Redondela ven sendo, desde o 2011, un actor enormemente relevante na vida pol\u00edtica local, de feito a aritm\u00e9tica municipal, sempre tan caprichosa, p\u00faxolles nos tres \u00faltimos mandatos na tesitura de decidiren cos seus votos quen ser\u00eda o alcalde ou alcaldesa da vila dos viadutos","og_url":"https:\/\/www.anovapeneira.gal\/index.php\/2023\/02\/10\/agrupacion-de-electores-de-redondela\/","article_publisher":"https:\/\/www.facebook.com\/anovapeneira","article_published_time":"2023-02-10T09:00:56+00:00","og_image":[{"width":720,"height":432,"url":"https:\/\/www.anovapeneira.gal\/wp-content\/uploads\/2023\/02\/electores_redondela.jpg","type":"image\/jpeg"}],"author":"Tino Lago","twitter_card":"summary_large_image","twitter_creator":"@APeneira","twitter_site":"@APeneira","twitter_misc":{"Escrito por":"Tino Lago","Tempo de lectura":"7 minutos"},"schema":{"@context":"https:\/\/schema.org","@graph":[{"@type":"Article","@id":"https:\/\/www.anovapeneira.gal\/index.php\/2023\/02\/10\/agrupacion-de-electores-de-redondela\/#article","isPartOf":{"@id":"https:\/\/www.anovapeneira.gal\/index.php\/2023\/02\/10\/agrupacion-de-electores-de-redondela\/"},"author":{"name":"Tino Lago","@id":"https:\/\/www.anovapeneira.gal\/#\/schema\/person\/424dfe65e3070fd8a44d22d2c088762a"},"headline":"Agrupaci\u00f3n de electores de Redondela","datePublished":"2023-02-10T09:00:56+00:00","mainEntityOfPage":{"@id":"https:\/\/www.anovapeneira.gal\/index.php\/2023\/02\/10\/agrupacion-de-electores-de-redondela\/"},"wordCount":1272,"commentCount":0,"publisher":{"@id":"https:\/\/www.anovapeneira.gal\/#organization"},"image":{"@id":"https:\/\/www.anovapeneira.gal\/index.php\/2023\/02\/10\/agrupacion-de-electores-de-redondela\/#primaryimage"},"thumbnailUrl":"https:\/\/www.anovapeneira.gal\/wp-content\/uploads\/2023\/02\/electores_redondela.jpg","keywords":["Concello de Redondela"],"articleSection":["Redondela"],"inLanguage":"gl-ES","potentialAction":[{"@type":"CommentAction","name":"Comment","target":["https:\/\/www.anovapeneira.gal\/index.php\/2023\/02\/10\/agrupacion-de-electores-de-redondela\/#respond"]}]},{"@type":"WebPage","@id":"https:\/\/www.anovapeneira.gal\/index.php\/2023\/02\/10\/agrupacion-de-electores-de-redondela\/","url":"https:\/\/www.anovapeneira.gal\/index.php\/2023\/02\/10\/agrupacion-de-electores-de-redondela\/","name":"Agrupaci\u00f3n de electores de Redondela -","isPartOf":{"@id":"https:\/\/www.anovapeneira.gal\/#website"},"primaryImageOfPage":{"@id":"https:\/\/www.anovapeneira.gal\/index.php\/2023\/02\/10\/agrupacion-de-electores-de-redondela\/#primaryimage"},"image":{"@id":"https:\/\/www.anovapeneira.gal\/index.php\/2023\/02\/10\/agrupacion-de-electores-de-redondela\/#primaryimage"},"thumbnailUrl":"https:\/\/www.anovapeneira.gal\/wp-content\/uploads\/2023\/02\/electores_redondela.jpg","datePublished":"2023-02-10T09:00:56+00:00","description":"A agrupaci\u00f3n de electores de Redondela ven sendo, desde o 2011, un actor enormemente relevante na vida pol\u00edtica local, de feito a aritm\u00e9tica municipal, sempre tan caprichosa, p\u00faxolles nos tres \u00faltimos mandatos na tesitura de decidiren cos seus votos quen ser\u00eda o alcalde ou alcaldesa da vila dos viadutos","breadcrumb":{"@id":"https:\/\/www.anovapeneira.gal\/index.php\/2023\/02\/10\/agrupacion-de-electores-de-redondela\/#breadcrumb"},"inLanguage":"gl-ES","potentialAction":[{"@type":"ReadAction","target":["https:\/\/www.anovapeneira.gal\/index.php\/2023\/02\/10\/agrupacion-de-electores-de-redondela\/"]}]},{"@type":"ImageObject","inLanguage":"gl-ES","@id":"https:\/\/www.anovapeneira.gal\/index.php\/2023\/02\/10\/agrupacion-de-electores-de-redondela\/#primaryimage","url":"https:\/\/www.anovapeneira.gal\/wp-content\/uploads\/2023\/02\/electores_redondela.jpg","contentUrl":"https:\/\/www.anovapeneira.gal\/wp-content\/uploads\/2023\/02\/electores_redondela.jpg","width":720,"height":432,"caption":"Electores de Redondela"},{"@type":"BreadcrumbList","@id":"https:\/\/www.anovapeneira.gal\/index.php\/2023\/02\/10\/agrupacion-de-electores-de-redondela\/#breadcrumb","itemListElement":[{"@type":"ListItem","position":1,"name":"Portada","item":"https:\/\/www.anovapeneira.gal\/"},{"@type":"ListItem","position":2,"name":"Agrupaci\u00f3n de electores de Redondela"}]},{"@type":"WebSite","@id":"https:\/\/www.anovapeneira.gal\/#website","url":"https:\/\/www.anovapeneira.gal\/","name":"","description":"Xornal galego de informaci\u00f3n xeral Publicaci\u00f3n mensual de novas de Galicia e en especial dos Concellos da sur da provincia de Pontevedra.","publisher":{"@id":"https:\/\/www.anovapeneira.gal\/#organization"},"potentialAction":[{"@type":"SearchAction","target":{"@type":"EntryPoint","urlTemplate":"https:\/\/www.anovapeneira.gal\/?s={search_term_string}"},"query-input":{"@type":"PropertyValueSpecification","valueRequired":true,"valueName":"search_term_string"}}],"inLanguage":"gl-ES"},{"@type":"Organization","@id":"https:\/\/www.anovapeneira.gal\/#organization","name":"A Nova Peneira","url":"https:\/\/www.anovapeneira.gal\/","logo":{"@type":"ImageObject","inLanguage":"gl-ES","@id":"https:\/\/www.anovapeneira.gal\/#\/schema\/logo\/image\/","url":"http:\/\/www.anovapeneira.gal\/wp-content\/uploads\/2019\/06\/logo_a_nova_peneira_portal_web.png","contentUrl":"http:\/\/www.anovapeneira.gal\/wp-content\/uploads\/2019\/06\/logo_a_nova_peneira_portal_web.png","width":300,"height":100,"caption":"A Nova Peneira"},"image":{"@id":"https:\/\/www.anovapeneira.gal\/#\/schema\/logo\/image\/"},"sameAs":["https:\/\/www.facebook.com\/anovapeneira","https:\/\/x.com\/APeneira"]},{"@type":"Person","@id":"https:\/\/www.anovapeneira.gal\/#\/schema\/person\/424dfe65e3070fd8a44d22d2c088762a","name":"Tino Lago","image":{"@type":"ImageObject","inLanguage":"gl-ES","@id":"https:\/\/secure.gravatar.com\/avatar\/b3df6a06e44bab3111583b90f0f33a0379ee5e3d22cbadd232d39f21c30c62be?s=96&d=mm&r=g","url":"https:\/\/secure.gravatar.com\/avatar\/b3df6a06e44bab3111583b90f0f33a0379ee5e3d22cbadd232d39f21c30c62be?s=96&d=mm&r=g","contentUrl":"https:\/\/secure.gravatar.com\/avatar\/b3df6a06e44bab3111583b90f0f33a0379ee5e3d22cbadd232d39f21c30c62be?s=96&d=mm&r=g","caption":"Tino Lago"},"sameAs":["http:\/\/www.anovapeneira.gal"],"url":"https:\/\/www.anovapeneira.gal\/index.php\/author\/director\/"}]}},"jetpack_featured_media_url":"https:\/\/www.anovapeneira.gal\/wp-content\/uploads\/2023\/02\/electores_redondela.jpg","_links":{"self":[{"href":"https:\/\/www.anovapeneira.gal\/index.php\/wp-json\/wp\/v2\/posts\/9065","targetHints":{"allow":["GET"]}}],"collection":[{"href":"https:\/\/www.anovapeneira.gal\/index.php\/wp-json\/wp\/v2\/posts"}],"about":[{"href":"https:\/\/www.anovapeneira.gal\/index.php\/wp-json\/wp\/v2\/types\/post"}],"author":[{"embeddable":true,"href":"https:\/\/www.anovapeneira.gal\/index.php\/wp-json\/wp\/v2\/users\/2"}],"replies":[{"embeddable":true,"href":"https:\/\/www.anovapeneira.gal\/index.php\/wp-json\/wp\/v2\/comments?post=9065"}],"version-history":[{"count":2,"href":"https:\/\/www.anovapeneira.gal\/index.php\/wp-json\/wp\/v2\/posts\/9065\/revisions"}],"predecessor-version":[{"id":9067,"href":"https:\/\/www.anovapeneira.gal\/index.php\/wp-json\/wp\/v2\/posts\/9065\/revisions\/9067"}],"wp:featuredmedia":[{"embeddable":true,"href":"https:\/\/www.anovapeneira.gal\/index.php\/wp-json\/wp\/v2\/media\/9083"}],"wp:attachment":[{"href":"https:\/\/www.anovapeneira.gal\/index.php\/wp-json\/wp\/v2\/media?parent=9065"}],"wp:term":[{"taxonomy":"category","embeddable":true,"href":"https:\/\/www.anovapeneira.gal\/index.php\/wp-json\/wp\/v2\/categories?post=9065"},{"taxonomy":"post_tag","embeddable":true,"href":"https:\/\/www.anovapeneira.gal\/index.php\/wp-json\/wp\/v2\/tags?post=9065"}],"curies":[{"name":"wp","href":"https:\/\/api.w.org\/{rel}","templated":true}]}}