{"id":909,"date":"2019-08-13T12:00:37","date_gmt":"2019-08-13T10:00:37","guid":{"rendered":"http:\/\/www.anovapeneira.gal\/?p=909"},"modified":"2019-08-09T16:22:44","modified_gmt":"2019-08-09T14:22:44","slug":"o-bng-propora-no-concello-de-vigo-que-os-cargos-institucionais-non-participen-de-actos-relixiosos","status":"publish","type":"post","link":"https:\/\/www.anovapeneira.gal\/index.php\/2019\/08\/13\/o-bng-propora-no-concello-de-vigo-que-os-cargos-institucionais-non-participen-de-actos-relixiosos\/","title":{"rendered":"O BNG propor\u00e1 no Concello de Vigo que os cargos institucionais non participen de actos relixiosos"},"content":{"rendered":"\n<h2 class=\"wp-block-heading\">O concelleiro nacionalista, Xabier P. Igrexas, defende separar as instituci\u00f3ns democr\u00e1ticas das cuesti\u00f3ns relixiosas.<\/h2>\n\n\n\n<h2 class=\"wp-block-heading\">O BNG respeita todas as confesi\u00f3ns relixiosas pero considera un \u201canacronismo doutro tempo\u201d que cargos institucionais participen, nesa condici\u00f3n, de actos relixiosos.<\/h2>\n\n\n\n<p><strong>Vigo, agosto de 2019<\/strong><\/p>\n\n\n\n<p>\u201cNin\neu como concelleiro, nin ning\u00fan cargo institucional do BNG,\nparticiparemos da procesi\u00f3n do Cristo da Vitoria\u201d, anunciou esta\nma\u00f1\u00e1 o edil nacionalista no Concello de Vigo, Xabier P. Igrexas.  O\nedil rexeitou o convite expresando o \u201ccompleto e profundo respeito\ndo BNG a todas as confesi\u00f3ns relixiosas e as viguesas e vigueses que\nqueira participar deste tipo de actos\u201d.<\/p>\n\n\n\n<p>\nIgrexas\nanunciou que propor\u00e1n no Concello de Vigo que ning\u00fan cargo\ninstitucional participe de ning\u00fan tipo de manifestaci\u00f3n relixiosa.\n\u201cProporemos estabelecer o criterio de que ning\u00fan representante\ninstitucional, en calidade de tal, participe en ning\u00fan tipo de\nmanifestaci\u00f3n relixiosa\u201d, explicou. Desta maneira, o Bloque quere\nfacer \u201cavanzar a nivel municipal a necesaria aconfesionalidade do\nEstado, separando a igrexa e calquera confesi\u00f3n relixiosa das\ninstituci\u00f3ns democr\u00e1ticas\u201d.<\/p>\n\n\n\n<p>\n<strong>Anacronismo<\/strong><\/p>\n\n\n\n<p>\nPara\nIgrexas \u00e9 un anacronismo \u201cque responde a unha tradici\u00f3n doutros\ntempos\u201d que o Concello de Vigo siga enviando convites oficiais a\ntodas e todos os membros da Corporaci\u00f3n municipal para participaren\nnun acto relixioso, como a procesi\u00f3n do Cristo da  Vitoria,\nindic\u00e1ndolles, expresamente, que o fagan \u201cportando a medalla de\nconcelleiros e concelleiras\u201d.<\/p>\n\n\n\n<p>\n\u201cRespeitamos\nque calquera persoa, sexa concelleira ou non, poda participar a\ntitulo persoal en calquera acto relixioso, faltar\u00eda m\u00e1is, pero\nentendemos que no exercicio da representaci\u00f3n institucional non ten\nning\u00fan sentido participar nunha procesi\u00f3n\u201d, acrecentou o voceiro\nnacionalista.<\/p>\n\n\n\n<p>\nDesde\na fronte nacionalista demandan que en Vigo se aplique o criterio que\nxa est\u00e1 a po\u00f1er en pr\u00e1ctica noutros concellos, como o caso de\nRedondela, onde se acordou -co voto do PSOE- separar a instituci\u00f3n\nmunicipal dos actos relixiosos.  \u201cHai que respeitar, por suposto,\ntodas as crenzas relixiosas. Mais tam\u00e9n hai que respeitar as moitas\npersoas que lexitimamente non as temos\u201d, remachou Igrexas.<\/p>\n","protected":false},"excerpt":{"rendered":"<div class=\"mh-excerpt\"><p>O concelleiro nacionalista, Xabier P. Igrexas, defende separar as instituci\u00f3ns democr\u00e1ticas das cuesti\u00f3ns relixiosas <a class=\"mh-excerpt-more\" href=\"https:\/\/www.anovapeneira.gal\/index.php\/2019\/08\/13\/o-bng-propora-no-concello-de-vigo-que-os-cargos-institucionais-non-participen-de-actos-relixiosos\/\" title=\"O BNG propor\u00e1 no Concello de Vigo que os cargos institucionais non participen de actos relixiosos\">[&#8230;]<\/a><\/p>\n<\/div>","protected":false},"author":3,"featured_media":575,"comment_status":"open","ping_status":"open","sticky":false,"template":"","format":"standard","meta":{"_exactmetrics_skip_tracking":false,"_exactmetrics_sitenote_active":false,"_exactmetrics_sitenote_note":"","_exactmetrics_sitenote_category":0,"footnotes":""},"categories":[19],"tags":[417,10,227,418],"class_list":{"0":"post-909","1":"post","2":"type-post","3":"status-publish","4":"format-standard","5":"has-post-thumbnail","7":"category-vigo","8":"tag-actos-relixiosos","9":"tag-bng","10":"tag-concello-de-vigo","11":"tag-xabier-p-igrexas"},"yoast_head":"<!-- This site is optimized with the Yoast SEO plugin v27.4 - https:\/\/yoast.com\/product\/yoast-seo-wordpress\/ -->\n<title>O BNG propor\u00e1 no Concello de Vigo que os cargos institucionais non participen de actos relixiosos -<\/title>\n<meta name=\"robots\" content=\"index, follow, max-snippet:-1, max-image-preview:large, max-video-preview:-1\" \/>\n<link rel=\"canonical\" href=\"https:\/\/www.anovapeneira.gal\/index.php\/2019\/08\/13\/o-bng-propora-no-concello-de-vigo-que-os-cargos-institucionais-non-participen-de-actos-relixiosos\/\" \/>\n<meta property=\"og:locale\" content=\"gl_ES\" \/>\n<meta property=\"og:type\" content=\"article\" \/>\n<meta property=\"og:title\" content=\"O BNG propor\u00e1 no Concello de Vigo que os cargos institucionais non participen de actos relixiosos -\" \/>\n<meta property=\"og:description\" content=\"O concelleiro nacionalista, Xabier P. Igrexas, defende separar as instituci\u00f3ns democr\u00e1ticas das cuesti\u00f3ns relixiosas [...]\" \/>\n<meta property=\"og:url\" content=\"https:\/\/www.anovapeneira.gal\/index.php\/2019\/08\/13\/o-bng-propora-no-concello-de-vigo-que-os-cargos-institucionais-non-participen-de-actos-relixiosos\/\" \/>\n<meta property=\"article:publisher\" content=\"https:\/\/www.facebook.com\/anovapeneira\" \/>\n<meta property=\"article:published_time\" content=\"2019-08-13T10:00:37+00:00\" \/>\n<meta property=\"og:image\" content=\"https:\/\/www.anovapeneira.gal\/wp-content\/uploads\/2019\/07\/bng_logo.jpg\" \/>\n\t<meta property=\"og:image:width\" content=\"720\" \/>\n\t<meta property=\"og:image:height\" content=\"473\" \/>\n\t<meta property=\"og:image:type\" content=\"image\/jpeg\" \/>\n<meta name=\"author\" content=\"Redacci\u00f3n A Nova Peneira\" \/>\n<meta name=\"twitter:card\" content=\"summary_large_image\" \/>\n<meta name=\"twitter:creator\" content=\"@APeneira\" \/>\n<meta name=\"twitter:site\" content=\"@APeneira\" \/>\n<meta name=\"twitter:label1\" content=\"Escrito por\" \/>\n\t<meta name=\"twitter:data1\" content=\"Redacci\u00f3n A Nova Peneira\" \/>\n\t<meta name=\"twitter:label2\" content=\"Tempo de lectura\" \/>\n\t<meta name=\"twitter:data2\" content=\"2 minutos\" \/>\n<script type=\"application\/ld+json\" class=\"yoast-schema-graph\">{\"@context\":\"https:\\\/\\\/schema.org\",\"@graph\":[{\"@type\":\"Article\",\"@id\":\"https:\\\/\\\/www.anovapeneira.gal\\\/index.php\\\/2019\\\/08\\\/13\\\/o-bng-propora-no-concello-de-vigo-que-os-cargos-institucionais-non-participen-de-actos-relixiosos\\\/#article\",\"isPartOf\":{\"@id\":\"https:\\\/\\\/www.anovapeneira.gal\\\/index.php\\\/2019\\\/08\\\/13\\\/o-bng-propora-no-concello-de-vigo-que-os-cargos-institucionais-non-participen-de-actos-relixiosos\\\/\"},\"author\":{\"name\":\"Redacci\u00f3n A Nova Peneira\",\"@id\":\"https:\\\/\\\/www.anovapeneira.gal\\\/#\\\/schema\\\/person\\\/b93e3f8932e3f8da96334607eb6ac6aa\"},\"headline\":\"O BNG propor\u00e1 no Concello de Vigo que os cargos institucionais non participen de actos relixiosos\",\"datePublished\":\"2019-08-13T10:00:37+00:00\",\"mainEntityOfPage\":{\"@id\":\"https:\\\/\\\/www.anovapeneira.gal\\\/index.php\\\/2019\\\/08\\\/13\\\/o-bng-propora-no-concello-de-vigo-que-os-cargos-institucionais-non-participen-de-actos-relixiosos\\\/\"},\"wordCount\":367,\"commentCount\":0,\"publisher\":{\"@id\":\"https:\\\/\\\/www.anovapeneira.gal\\\/#organization\"},\"image\":{\"@id\":\"https:\\\/\\\/www.anovapeneira.gal\\\/index.php\\\/2019\\\/08\\\/13\\\/o-bng-propora-no-concello-de-vigo-que-os-cargos-institucionais-non-participen-de-actos-relixiosos\\\/#primaryimage\"},\"thumbnailUrl\":\"https:\\\/\\\/www.anovapeneira.gal\\\/wp-content\\\/uploads\\\/2019\\\/07\\\/bng_logo.jpg\",\"keywords\":[\"Actos Relixiosos\",\"BNG\",\"Concello de Vigo\",\"Xabier P. Igrexas\"],\"articleSection\":[\"Vigo\"],\"inLanguage\":\"gl-ES\",\"potentialAction\":[{\"@type\":\"CommentAction\",\"name\":\"Comment\",\"target\":[\"https:\\\/\\\/www.anovapeneira.gal\\\/index.php\\\/2019\\\/08\\\/13\\\/o-bng-propora-no-concello-de-vigo-que-os-cargos-institucionais-non-participen-de-actos-relixiosos\\\/#respond\"]}]},{\"@type\":\"WebPage\",\"@id\":\"https:\\\/\\\/www.anovapeneira.gal\\\/index.php\\\/2019\\\/08\\\/13\\\/o-bng-propora-no-concello-de-vigo-que-os-cargos-institucionais-non-participen-de-actos-relixiosos\\\/\",\"url\":\"https:\\\/\\\/www.anovapeneira.gal\\\/index.php\\\/2019\\\/08\\\/13\\\/o-bng-propora-no-concello-de-vigo-que-os-cargos-institucionais-non-participen-de-actos-relixiosos\\\/\",\"name\":\"O BNG propor\u00e1 no Concello de Vigo que os cargos institucionais non participen de actos relixiosos -\",\"isPartOf\":{\"@id\":\"https:\\\/\\\/www.anovapeneira.gal\\\/#website\"},\"primaryImageOfPage\":{\"@id\":\"https:\\\/\\\/www.anovapeneira.gal\\\/index.php\\\/2019\\\/08\\\/13\\\/o-bng-propora-no-concello-de-vigo-que-os-cargos-institucionais-non-participen-de-actos-relixiosos\\\/#primaryimage\"},\"image\":{\"@id\":\"https:\\\/\\\/www.anovapeneira.gal\\\/index.php\\\/2019\\\/08\\\/13\\\/o-bng-propora-no-concello-de-vigo-que-os-cargos-institucionais-non-participen-de-actos-relixiosos\\\/#primaryimage\"},\"thumbnailUrl\":\"https:\\\/\\\/www.anovapeneira.gal\\\/wp-content\\\/uploads\\\/2019\\\/07\\\/bng_logo.jpg\",\"datePublished\":\"2019-08-13T10:00:37+00:00\",\"breadcrumb\":{\"@id\":\"https:\\\/\\\/www.anovapeneira.gal\\\/index.php\\\/2019\\\/08\\\/13\\\/o-bng-propora-no-concello-de-vigo-que-os-cargos-institucionais-non-participen-de-actos-relixiosos\\\/#breadcrumb\"},\"inLanguage\":\"gl-ES\",\"potentialAction\":[{\"@type\":\"ReadAction\",\"target\":[\"https:\\\/\\\/www.anovapeneira.gal\\\/index.php\\\/2019\\\/08\\\/13\\\/o-bng-propora-no-concello-de-vigo-que-os-cargos-institucionais-non-participen-de-actos-relixiosos\\\/\"]}]},{\"@type\":\"ImageObject\",\"inLanguage\":\"gl-ES\",\"@id\":\"https:\\\/\\\/www.anovapeneira.gal\\\/index.php\\\/2019\\\/08\\\/13\\\/o-bng-propora-no-concello-de-vigo-que-os-cargos-institucionais-non-participen-de-actos-relixiosos\\\/#primaryimage\",\"url\":\"https:\\\/\\\/www.anovapeneira.gal\\\/wp-content\\\/uploads\\\/2019\\\/07\\\/bng_logo.jpg\",\"contentUrl\":\"https:\\\/\\\/www.anovapeneira.gal\\\/wp-content\\\/uploads\\\/2019\\\/07\\\/bng_logo.jpg\",\"width\":720,\"height\":473,\"caption\":\"BNG A Nova Peneira\"},{\"@type\":\"BreadcrumbList\",\"@id\":\"https:\\\/\\\/www.anovapeneira.gal\\\/index.php\\\/2019\\\/08\\\/13\\\/o-bng-propora-no-concello-de-vigo-que-os-cargos-institucionais-non-participen-de-actos-relixiosos\\\/#breadcrumb\",\"itemListElement\":[{\"@type\":\"ListItem\",\"position\":1,\"name\":\"Portada\",\"item\":\"https:\\\/\\\/www.anovapeneira.gal\\\/\"},{\"@type\":\"ListItem\",\"position\":2,\"name\":\"O BNG propor\u00e1 no Concello de Vigo que os cargos institucionais non participen de actos relixiosos\"}]},{\"@type\":\"WebSite\",\"@id\":\"https:\\\/\\\/www.anovapeneira.gal\\\/#website\",\"url\":\"https:\\\/\\\/www.anovapeneira.gal\\\/\",\"name\":\"\",\"description\":\"Xornal galego de informaci\u00f3n xeral Publicaci\u00f3n mensual de novas de Galicia e en especial dos Concellos da sur da provincia de Pontevedra.\",\"publisher\":{\"@id\":\"https:\\\/\\\/www.anovapeneira.gal\\\/#organization\"},\"potentialAction\":[{\"@type\":\"SearchAction\",\"target\":{\"@type\":\"EntryPoint\",\"urlTemplate\":\"https:\\\/\\\/www.anovapeneira.gal\\\/?s={search_term_string}\"},\"query-input\":{\"@type\":\"PropertyValueSpecification\",\"valueRequired\":true,\"valueName\":\"search_term_string\"}}],\"inLanguage\":\"gl-ES\"},{\"@type\":\"Organization\",\"@id\":\"https:\\\/\\\/www.anovapeneira.gal\\\/#organization\",\"name\":\"A Nova Peneira\",\"url\":\"https:\\\/\\\/www.anovapeneira.gal\\\/\",\"logo\":{\"@type\":\"ImageObject\",\"inLanguage\":\"gl-ES\",\"@id\":\"https:\\\/\\\/www.anovapeneira.gal\\\/#\\\/schema\\\/logo\\\/image\\\/\",\"url\":\"http:\\\/\\\/www.anovapeneira.gal\\\/wp-content\\\/uploads\\\/2019\\\/06\\\/logo_a_nova_peneira_portal_web.png\",\"contentUrl\":\"http:\\\/\\\/www.anovapeneira.gal\\\/wp-content\\\/uploads\\\/2019\\\/06\\\/logo_a_nova_peneira_portal_web.png\",\"width\":300,\"height\":100,\"caption\":\"A Nova Peneira\"},\"image\":{\"@id\":\"https:\\\/\\\/www.anovapeneira.gal\\\/#\\\/schema\\\/logo\\\/image\\\/\"},\"sameAs\":[\"https:\\\/\\\/www.facebook.com\\\/anovapeneira\",\"https:\\\/\\\/x.com\\\/APeneira\"]},{\"@type\":\"Person\",\"@id\":\"https:\\\/\\\/www.anovapeneira.gal\\\/#\\\/schema\\\/person\\\/b93e3f8932e3f8da96334607eb6ac6aa\",\"name\":\"Redacci\u00f3n A Nova Peneira\",\"image\":{\"@type\":\"ImageObject\",\"inLanguage\":\"gl-ES\",\"@id\":\"https:\\\/\\\/secure.gravatar.com\\\/avatar\\\/c052a2551a06e23fac63626232eaa90abd78dbcf1700fc46a2b2c89fd27b735f?s=96&d=mm&r=g\",\"url\":\"https:\\\/\\\/secure.gravatar.com\\\/avatar\\\/c052a2551a06e23fac63626232eaa90abd78dbcf1700fc46a2b2c89fd27b735f?s=96&d=mm&r=g\",\"contentUrl\":\"https:\\\/\\\/secure.gravatar.com\\\/avatar\\\/c052a2551a06e23fac63626232eaa90abd78dbcf1700fc46a2b2c89fd27b735f?s=96&d=mm&r=g\",\"caption\":\"Redacci\u00f3n A Nova Peneira\"},\"sameAs\":[\"http:\\\/\\\/www.anovapeneira.gal\\\/\"],\"url\":\"https:\\\/\\\/www.anovapeneira.gal\\\/index.php\\\/author\\\/redactor\\\/\"}]}<\/script>\n<!-- \/ Yoast SEO plugin. -->","yoast_head_json":{"title":"O BNG propor\u00e1 no Concello de Vigo que os cargos institucionais non participen de actos relixiosos -","robots":{"index":"index","follow":"follow","max-snippet":"max-snippet:-1","max-image-preview":"max-image-preview:large","max-video-preview":"max-video-preview:-1"},"canonical":"https:\/\/www.anovapeneira.gal\/index.php\/2019\/08\/13\/o-bng-propora-no-concello-de-vigo-que-os-cargos-institucionais-non-participen-de-actos-relixiosos\/","og_locale":"gl_ES","og_type":"article","og_title":"O BNG propor\u00e1 no Concello de Vigo que os cargos institucionais non participen de actos relixiosos -","og_description":"O concelleiro nacionalista, Xabier P. Igrexas, defende separar as instituci\u00f3ns democr\u00e1ticas das cuesti\u00f3ns relixiosas [...]","og_url":"https:\/\/www.anovapeneira.gal\/index.php\/2019\/08\/13\/o-bng-propora-no-concello-de-vigo-que-os-cargos-institucionais-non-participen-de-actos-relixiosos\/","article_publisher":"https:\/\/www.facebook.com\/anovapeneira","article_published_time":"2019-08-13T10:00:37+00:00","og_image":[{"width":720,"height":473,"url":"https:\/\/www.anovapeneira.gal\/wp-content\/uploads\/2019\/07\/bng_logo.jpg","type":"image\/jpeg"}],"author":"Redacci\u00f3n A Nova Peneira","twitter_card":"summary_large_image","twitter_creator":"@APeneira","twitter_site":"@APeneira","twitter_misc":{"Escrito por":"Redacci\u00f3n A Nova Peneira","Tempo de lectura":"2 minutos"},"schema":{"@context":"https:\/\/schema.org","@graph":[{"@type":"Article","@id":"https:\/\/www.anovapeneira.gal\/index.php\/2019\/08\/13\/o-bng-propora-no-concello-de-vigo-que-os-cargos-institucionais-non-participen-de-actos-relixiosos\/#article","isPartOf":{"@id":"https:\/\/www.anovapeneira.gal\/index.php\/2019\/08\/13\/o-bng-propora-no-concello-de-vigo-que-os-cargos-institucionais-non-participen-de-actos-relixiosos\/"},"author":{"name":"Redacci\u00f3n A Nova Peneira","@id":"https:\/\/www.anovapeneira.gal\/#\/schema\/person\/b93e3f8932e3f8da96334607eb6ac6aa"},"headline":"O BNG propor\u00e1 no Concello de Vigo que os cargos institucionais non participen de actos relixiosos","datePublished":"2019-08-13T10:00:37+00:00","mainEntityOfPage":{"@id":"https:\/\/www.anovapeneira.gal\/index.php\/2019\/08\/13\/o-bng-propora-no-concello-de-vigo-que-os-cargos-institucionais-non-participen-de-actos-relixiosos\/"},"wordCount":367,"commentCount":0,"publisher":{"@id":"https:\/\/www.anovapeneira.gal\/#organization"},"image":{"@id":"https:\/\/www.anovapeneira.gal\/index.php\/2019\/08\/13\/o-bng-propora-no-concello-de-vigo-que-os-cargos-institucionais-non-participen-de-actos-relixiosos\/#primaryimage"},"thumbnailUrl":"https:\/\/www.anovapeneira.gal\/wp-content\/uploads\/2019\/07\/bng_logo.jpg","keywords":["Actos Relixiosos","BNG","Concello de Vigo","Xabier P. Igrexas"],"articleSection":["Vigo"],"inLanguage":"gl-ES","potentialAction":[{"@type":"CommentAction","name":"Comment","target":["https:\/\/www.anovapeneira.gal\/index.php\/2019\/08\/13\/o-bng-propora-no-concello-de-vigo-que-os-cargos-institucionais-non-participen-de-actos-relixiosos\/#respond"]}]},{"@type":"WebPage","@id":"https:\/\/www.anovapeneira.gal\/index.php\/2019\/08\/13\/o-bng-propora-no-concello-de-vigo-que-os-cargos-institucionais-non-participen-de-actos-relixiosos\/","url":"https:\/\/www.anovapeneira.gal\/index.php\/2019\/08\/13\/o-bng-propora-no-concello-de-vigo-que-os-cargos-institucionais-non-participen-de-actos-relixiosos\/","name":"O BNG propor\u00e1 no Concello de Vigo que os cargos institucionais non participen de actos relixiosos -","isPartOf":{"@id":"https:\/\/www.anovapeneira.gal\/#website"},"primaryImageOfPage":{"@id":"https:\/\/www.anovapeneira.gal\/index.php\/2019\/08\/13\/o-bng-propora-no-concello-de-vigo-que-os-cargos-institucionais-non-participen-de-actos-relixiosos\/#primaryimage"},"image":{"@id":"https:\/\/www.anovapeneira.gal\/index.php\/2019\/08\/13\/o-bng-propora-no-concello-de-vigo-que-os-cargos-institucionais-non-participen-de-actos-relixiosos\/#primaryimage"},"thumbnailUrl":"https:\/\/www.anovapeneira.gal\/wp-content\/uploads\/2019\/07\/bng_logo.jpg","datePublished":"2019-08-13T10:00:37+00:00","breadcrumb":{"@id":"https:\/\/www.anovapeneira.gal\/index.php\/2019\/08\/13\/o-bng-propora-no-concello-de-vigo-que-os-cargos-institucionais-non-participen-de-actos-relixiosos\/#breadcrumb"},"inLanguage":"gl-ES","potentialAction":[{"@type":"ReadAction","target":["https:\/\/www.anovapeneira.gal\/index.php\/2019\/08\/13\/o-bng-propora-no-concello-de-vigo-que-os-cargos-institucionais-non-participen-de-actos-relixiosos\/"]}]},{"@type":"ImageObject","inLanguage":"gl-ES","@id":"https:\/\/www.anovapeneira.gal\/index.php\/2019\/08\/13\/o-bng-propora-no-concello-de-vigo-que-os-cargos-institucionais-non-participen-de-actos-relixiosos\/#primaryimage","url":"https:\/\/www.anovapeneira.gal\/wp-content\/uploads\/2019\/07\/bng_logo.jpg","contentUrl":"https:\/\/www.anovapeneira.gal\/wp-content\/uploads\/2019\/07\/bng_logo.jpg","width":720,"height":473,"caption":"BNG A Nova Peneira"},{"@type":"BreadcrumbList","@id":"https:\/\/www.anovapeneira.gal\/index.php\/2019\/08\/13\/o-bng-propora-no-concello-de-vigo-que-os-cargos-institucionais-non-participen-de-actos-relixiosos\/#breadcrumb","itemListElement":[{"@type":"ListItem","position":1,"name":"Portada","item":"https:\/\/www.anovapeneira.gal\/"},{"@type":"ListItem","position":2,"name":"O BNG propor\u00e1 no Concello de Vigo que os cargos institucionais non participen de actos relixiosos"}]},{"@type":"WebSite","@id":"https:\/\/www.anovapeneira.gal\/#website","url":"https:\/\/www.anovapeneira.gal\/","name":"","description":"Xornal galego de informaci\u00f3n xeral Publicaci\u00f3n mensual de novas de Galicia e en especial dos Concellos da sur da provincia de Pontevedra.","publisher":{"@id":"https:\/\/www.anovapeneira.gal\/#organization"},"potentialAction":[{"@type":"SearchAction","target":{"@type":"EntryPoint","urlTemplate":"https:\/\/www.anovapeneira.gal\/?s={search_term_string}"},"query-input":{"@type":"PropertyValueSpecification","valueRequired":true,"valueName":"search_term_string"}}],"inLanguage":"gl-ES"},{"@type":"Organization","@id":"https:\/\/www.anovapeneira.gal\/#organization","name":"A Nova Peneira","url":"https:\/\/www.anovapeneira.gal\/","logo":{"@type":"ImageObject","inLanguage":"gl-ES","@id":"https:\/\/www.anovapeneira.gal\/#\/schema\/logo\/image\/","url":"http:\/\/www.anovapeneira.gal\/wp-content\/uploads\/2019\/06\/logo_a_nova_peneira_portal_web.png","contentUrl":"http:\/\/www.anovapeneira.gal\/wp-content\/uploads\/2019\/06\/logo_a_nova_peneira_portal_web.png","width":300,"height":100,"caption":"A Nova Peneira"},"image":{"@id":"https:\/\/www.anovapeneira.gal\/#\/schema\/logo\/image\/"},"sameAs":["https:\/\/www.facebook.com\/anovapeneira","https:\/\/x.com\/APeneira"]},{"@type":"Person","@id":"https:\/\/www.anovapeneira.gal\/#\/schema\/person\/b93e3f8932e3f8da96334607eb6ac6aa","name":"Redacci\u00f3n A Nova Peneira","image":{"@type":"ImageObject","inLanguage":"gl-ES","@id":"https:\/\/secure.gravatar.com\/avatar\/c052a2551a06e23fac63626232eaa90abd78dbcf1700fc46a2b2c89fd27b735f?s=96&d=mm&r=g","url":"https:\/\/secure.gravatar.com\/avatar\/c052a2551a06e23fac63626232eaa90abd78dbcf1700fc46a2b2c89fd27b735f?s=96&d=mm&r=g","contentUrl":"https:\/\/secure.gravatar.com\/avatar\/c052a2551a06e23fac63626232eaa90abd78dbcf1700fc46a2b2c89fd27b735f?s=96&d=mm&r=g","caption":"Redacci\u00f3n A Nova Peneira"},"sameAs":["http:\/\/www.anovapeneira.gal\/"],"url":"https:\/\/www.anovapeneira.gal\/index.php\/author\/redactor\/"}]}},"jetpack_featured_media_url":"https:\/\/www.anovapeneira.gal\/wp-content\/uploads\/2019\/07\/bng_logo.jpg","_links":{"self":[{"href":"https:\/\/www.anovapeneira.gal\/index.php\/wp-json\/wp\/v2\/posts\/909","targetHints":{"allow":["GET"]}}],"collection":[{"href":"https:\/\/www.anovapeneira.gal\/index.php\/wp-json\/wp\/v2\/posts"}],"about":[{"href":"https:\/\/www.anovapeneira.gal\/index.php\/wp-json\/wp\/v2\/types\/post"}],"author":[{"embeddable":true,"href":"https:\/\/www.anovapeneira.gal\/index.php\/wp-json\/wp\/v2\/users\/3"}],"replies":[{"embeddable":true,"href":"https:\/\/www.anovapeneira.gal\/index.php\/wp-json\/wp\/v2\/comments?post=909"}],"version-history":[{"count":1,"href":"https:\/\/www.anovapeneira.gal\/index.php\/wp-json\/wp\/v2\/posts\/909\/revisions"}],"predecessor-version":[{"id":910,"href":"https:\/\/www.anovapeneira.gal\/index.php\/wp-json\/wp\/v2\/posts\/909\/revisions\/910"}],"wp:featuredmedia":[{"embeddable":true,"href":"https:\/\/www.anovapeneira.gal\/index.php\/wp-json\/wp\/v2\/media\/575"}],"wp:attachment":[{"href":"https:\/\/www.anovapeneira.gal\/index.php\/wp-json\/wp\/v2\/media?parent=909"}],"wp:term":[{"taxonomy":"category","embeddable":true,"href":"https:\/\/www.anovapeneira.gal\/index.php\/wp-json\/wp\/v2\/categories?post=909"},{"taxonomy":"post_tag","embeddable":true,"href":"https:\/\/www.anovapeneira.gal\/index.php\/wp-json\/wp\/v2\/tags?post=909"}],"curies":[{"name":"wp","href":"https:\/\/api.w.org\/{rel}","templated":true}]}}