{"id":9090,"date":"2023-02-15T10:00:07","date_gmt":"2023-02-15T09:00:07","guid":{"rendered":"https:\/\/www.anovapeneira.gal\/?p=9090"},"modified":"2023-02-10T19:12:45","modified_gmt":"2023-02-10T18:12:45","slug":"ser-mais-sostibles-non-se-trata-de-substituir-dependencias-senon-de-aprender-a-vivir-doutro-xeito","status":"publish","type":"post","link":"https:\/\/www.anovapeneira.gal\/index.php\/2023\/02\/15\/ser-mais-sostibles-non-se-trata-de-substituir-dependencias-senon-de-aprender-a-vivir-doutro-xeito\/","title":{"rendered":"Ser m\u00e1is sostibles non se trata de substitu\u00edr dependencias, sen\u00f3n de aprender a vivir doutro xeito\u201d"},"content":{"rendered":"\n<p><strong>Miriam Leir\u00f3s, coordinadora de Teachers for Future en Espa\u00f1a, que integra a m\u00e1is de 2.000 centros educativos e educadora ambiental, afondou na importancia de introducir nos colexios a educaci\u00f3n ecosocial<\/strong><\/p>\n\n\n\n<p><strong>Tomi\u00f1o, 9 de febreiro de 2023.<\/strong><\/p>\n\n\n\n<p>Educaci\u00f3n ecosocial: educar dende a mirada da vida, apostando pola educaci\u00f3n medioambiental pero coa mente posta tam\u00e9n en mellorar a calidade de vida das persoas. A docente e educadora ambiental Miriam Leir\u00f3s afondou na terceira xornada da VIII Semana da Educaci\u00f3n sobre este concepto, a importancia do coidado do medio ambiente e traballar para mitigar o cambio clim\u00e1tico sempre tendo a ciencia como referente. \u201cAnte as <em>fake news<\/em>, os bulos ou os titulares morbosos que podemos atoparnos temos que remitirnos \u00e1 ciencia\u201d, salientaba Leir\u00f3s.<\/p>\n\n\n\n<p>Durante o encontro no auditorio de Goi\u00e1n, esta experta repasou novos conceptos e novas realidades que est\u00e1 a vivir a sociedade, como o de refuxiados clim\u00e1ticos, aquelas persoas que te\u00f1en que migrar porque o seu territorio non \u00e9 habitable a causa dos cambios que est\u00e1 a sufrir o clima, ou o D\u00eda da Sobrecapacidade da Terra. \u201cEn 1970, cando comezou a medirse, consumimos todos os recursos que pode xerar o plante durante un ano o 28 de decembro, apenas tres d\u00edas antes de rematar o ano. Non obstante, no ano 2021 ese d\u00eda chegou o 22 de agosto, polo que durante catro meses estivemos consumindo recursos que xa non nos pertenc\u00edan a n\u00f3s\u201d, destacou. Unha tendencia \u00e1 alza cunha \u00fanica excepci\u00f3n no ano 2020, e \u201cporque houbo unha pandemia e estivemos pechados. Ent\u00f3n cal \u00e9 a verdadeira especie invasora?\u201d.<\/p>\n\n\n\n<p>Leir\u00f3s afondou tam\u00e9n na idea de que ser m\u00e1is sostible pasa por un cambio de actitude. \u201cNon se trata de substitu\u00edr dependencias, sen\u00f3n de aprender a vivir doutro xeito\u201d, salienta ao tempo que recorda que estamos nunha \u00e9poca na que \u201cnon debemos usar a R de reciclar, sen\u00f3n de reducir\u201d. Contando a s\u00faa experiencia como docente, a educadora ambiental explicou ao p\u00fablico como introducir este novo xeito de convivir co medio ambiente e a natureza no curr\u00edculo escolar de nenos e nenas, artellando iniciativas que permitan seguir ensinando materias e competencias. \u201cTemos que recuperar o concepto de ben com\u00fan, de que se melloro a mi\u00f1a contorna todo mellora\u201d, recalcou.<\/p>\n\n\n\n<p>Miriam Leir\u00f3s \u00e9 a coordinadora de Teachers for Future en Espa\u00f1a, un blog para compartir inquietudes e experiencias sobre a docencia relacionada co medio ambiente e o cambio clim\u00e1tico que conta con m\u00e1is de 2.000 centros educativos implicados en toda Europa. Mestra de primaria e educadora ambiental, Leir\u00f3s \u00e9 experta en xesti\u00f3n social do h\u00e1bitat e dese\u00f1o participativo. Colabora na secci\u00f3n de medio ambiente de \u2018El Asombrario-P\u00fablico\u2019 e no \u2018Diario de la Educaci\u00f3n\u2019 e \u00e9 autora do libro de contos ambientalistas \u2018Los secretos de los cuentos cl\u00e1sicos\u2019. Leir\u00f3s \u00e9 ademais integrante do grupo de expertos independentes da Asemblea Cidad\u00e1 para o Clima de Espa\u00f1a.<\/p>\n","protected":false},"excerpt":{"rendered":"<div class=\"mh-excerpt\"><p>Miriam Leir\u00f3s, coordinadora de Teachers for Future en Espa\u00f1a, que integra a m\u00e1is de 2.000 centros educativos e educadora ambiental, afondou na importancia de introducir nos colexios a educaci\u00f3n ecosocial <a class=\"mh-excerpt-more\" href=\"https:\/\/www.anovapeneira.gal\/index.php\/2023\/02\/15\/ser-mais-sostibles-non-se-trata-de-substituir-dependencias-senon-de-aprender-a-vivir-doutro-xeito\/\" title=\"Ser m\u00e1is sostibles non se trata de substitu\u00edr dependencias, sen\u00f3n de aprender a vivir doutro xeito\u201d\">[&#8230;]<\/a><\/p>\n<\/div>","protected":false},"author":3,"featured_media":9092,"comment_status":"open","ping_status":"open","sticky":false,"template":"","format":"standard","meta":{"_exactmetrics_skip_tracking":false,"_exactmetrics_sitenote_active":false,"_exactmetrics_sitenote_note":"","_exactmetrics_sitenote_category":0,"footnotes":""},"categories":[21,1],"tags":[81],"class_list":{"0":"post-9090","1":"post","2":"type-post","3":"status-publish","4":"format-standard","5":"has-post-thumbnail","7":"category-baixo-mino","8":"category-sin-categoria","9":"tag-concello-de-tomino"},"yoast_head":"<!-- This site is optimized with the Yoast SEO plugin v27.4 - https:\/\/yoast.com\/product\/yoast-seo-wordpress\/ -->\n<title>Ser m\u00e1is sostibles non se trata de substitu\u00edr dependencias, sen\u00f3n de aprender a vivir doutro xeito\u201d -<\/title>\n<meta name=\"description\" content=\"Miriam Leir\u00f3s, coordinadora de Teachers for Future en Espa\u00f1a, que integra a m\u00e1is de 2.000 centros educativos e educadora ambiental, afondou na importancia de introducir nos colexios a educaci\u00f3n ecosocial\" \/>\n<meta name=\"robots\" content=\"index, follow, max-snippet:-1, max-image-preview:large, max-video-preview:-1\" \/>\n<link rel=\"canonical\" href=\"https:\/\/www.anovapeneira.gal\/index.php\/2023\/02\/15\/ser-mais-sostibles-non-se-trata-de-substituir-dependencias-senon-de-aprender-a-vivir-doutro-xeito\/\" \/>\n<meta property=\"og:locale\" content=\"gl_ES\" \/>\n<meta property=\"og:type\" content=\"article\" \/>\n<meta property=\"og:title\" content=\"Ser m\u00e1is sostibles non se trata de substitu\u00edr dependencias, sen\u00f3n de aprender a vivir doutro xeito\u201d -\" \/>\n<meta property=\"og:description\" content=\"Miriam Leir\u00f3s, coordinadora de Teachers for Future en Espa\u00f1a, que integra a m\u00e1is de 2.000 centros educativos e educadora ambiental, afondou na importancia de introducir nos colexios a educaci\u00f3n ecosocial\" \/>\n<meta property=\"og:url\" content=\"https:\/\/www.anovapeneira.gal\/index.php\/2023\/02\/15\/ser-mais-sostibles-non-se-trata-de-substituir-dependencias-senon-de-aprender-a-vivir-doutro-xeito\/\" \/>\n<meta property=\"article:publisher\" content=\"https:\/\/www.facebook.com\/anovapeneira\" \/>\n<meta property=\"article:published_time\" content=\"2023-02-15T09:00:07+00:00\" \/>\n<meta property=\"og:image\" content=\"https:\/\/www.anovapeneira.gal\/wp-content\/uploads\/2023\/02\/miriam_leiros.jpg\" \/>\n\t<meta property=\"og:image:width\" content=\"720\" \/>\n\t<meta property=\"og:image:height\" content=\"432\" \/>\n\t<meta property=\"og:image:type\" content=\"image\/jpeg\" \/>\n<meta name=\"author\" content=\"Redacci\u00f3n A Nova Peneira\" \/>\n<meta name=\"twitter:card\" content=\"summary_large_image\" \/>\n<meta name=\"twitter:creator\" content=\"@APeneira\" \/>\n<meta name=\"twitter:site\" content=\"@APeneira\" \/>\n<meta name=\"twitter:label1\" content=\"Escrito por\" \/>\n\t<meta name=\"twitter:data1\" content=\"Redacci\u00f3n A Nova Peneira\" \/>\n\t<meta name=\"twitter:label2\" content=\"Tempo de lectura\" \/>\n\t<meta name=\"twitter:data2\" content=\"3 minutos\" \/>\n<script type=\"application\/ld+json\" class=\"yoast-schema-graph\">{\"@context\":\"https:\\\/\\\/schema.org\",\"@graph\":[{\"@type\":\"Article\",\"@id\":\"https:\\\/\\\/www.anovapeneira.gal\\\/index.php\\\/2023\\\/02\\\/15\\\/ser-mais-sostibles-non-se-trata-de-substituir-dependencias-senon-de-aprender-a-vivir-doutro-xeito\\\/#article\",\"isPartOf\":{\"@id\":\"https:\\\/\\\/www.anovapeneira.gal\\\/index.php\\\/2023\\\/02\\\/15\\\/ser-mais-sostibles-non-se-trata-de-substituir-dependencias-senon-de-aprender-a-vivir-doutro-xeito\\\/\"},\"author\":{\"name\":\"Redacci\u00f3n A Nova Peneira\",\"@id\":\"https:\\\/\\\/www.anovapeneira.gal\\\/#\\\/schema\\\/person\\\/b93e3f8932e3f8da96334607eb6ac6aa\"},\"headline\":\"Ser m\u00e1is sostibles non se trata de substitu\u00edr dependencias, sen\u00f3n de aprender a vivir doutro xeito\u201d\",\"datePublished\":\"2023-02-15T09:00:07+00:00\",\"mainEntityOfPage\":{\"@id\":\"https:\\\/\\\/www.anovapeneira.gal\\\/index.php\\\/2023\\\/02\\\/15\\\/ser-mais-sostibles-non-se-trata-de-substituir-dependencias-senon-de-aprender-a-vivir-doutro-xeito\\\/\"},\"wordCount\":521,\"commentCount\":0,\"publisher\":{\"@id\":\"https:\\\/\\\/www.anovapeneira.gal\\\/#organization\"},\"image\":{\"@id\":\"https:\\\/\\\/www.anovapeneira.gal\\\/index.php\\\/2023\\\/02\\\/15\\\/ser-mais-sostibles-non-se-trata-de-substituir-dependencias-senon-de-aprender-a-vivir-doutro-xeito\\\/#primaryimage\"},\"thumbnailUrl\":\"https:\\\/\\\/www.anovapeneira.gal\\\/wp-content\\\/uploads\\\/2023\\\/02\\\/miriam_leiros.jpg\",\"keywords\":[\"Concello de Tomi\u00f1o\"],\"articleSection\":[\"Baixo Mi\u00f1o\",\"Sin categor\u00eda\"],\"inLanguage\":\"gl-ES\",\"potentialAction\":[{\"@type\":\"CommentAction\",\"name\":\"Comment\",\"target\":[\"https:\\\/\\\/www.anovapeneira.gal\\\/index.php\\\/2023\\\/02\\\/15\\\/ser-mais-sostibles-non-se-trata-de-substituir-dependencias-senon-de-aprender-a-vivir-doutro-xeito\\\/#respond\"]}]},{\"@type\":\"WebPage\",\"@id\":\"https:\\\/\\\/www.anovapeneira.gal\\\/index.php\\\/2023\\\/02\\\/15\\\/ser-mais-sostibles-non-se-trata-de-substituir-dependencias-senon-de-aprender-a-vivir-doutro-xeito\\\/\",\"url\":\"https:\\\/\\\/www.anovapeneira.gal\\\/index.php\\\/2023\\\/02\\\/15\\\/ser-mais-sostibles-non-se-trata-de-substituir-dependencias-senon-de-aprender-a-vivir-doutro-xeito\\\/\",\"name\":\"Ser m\u00e1is sostibles non se trata de substitu\u00edr dependencias, sen\u00f3n de aprender a vivir doutro xeito\u201d -\",\"isPartOf\":{\"@id\":\"https:\\\/\\\/www.anovapeneira.gal\\\/#website\"},\"primaryImageOfPage\":{\"@id\":\"https:\\\/\\\/www.anovapeneira.gal\\\/index.php\\\/2023\\\/02\\\/15\\\/ser-mais-sostibles-non-se-trata-de-substituir-dependencias-senon-de-aprender-a-vivir-doutro-xeito\\\/#primaryimage\"},\"image\":{\"@id\":\"https:\\\/\\\/www.anovapeneira.gal\\\/index.php\\\/2023\\\/02\\\/15\\\/ser-mais-sostibles-non-se-trata-de-substituir-dependencias-senon-de-aprender-a-vivir-doutro-xeito\\\/#primaryimage\"},\"thumbnailUrl\":\"https:\\\/\\\/www.anovapeneira.gal\\\/wp-content\\\/uploads\\\/2023\\\/02\\\/miriam_leiros.jpg\",\"datePublished\":\"2023-02-15T09:00:07+00:00\",\"description\":\"Miriam Leir\u00f3s, coordinadora de Teachers for Future en Espa\u00f1a, que integra a m\u00e1is de 2.000 centros educativos e educadora ambiental, afondou na importancia de introducir nos colexios a educaci\u00f3n ecosocial\",\"breadcrumb\":{\"@id\":\"https:\\\/\\\/www.anovapeneira.gal\\\/index.php\\\/2023\\\/02\\\/15\\\/ser-mais-sostibles-non-se-trata-de-substituir-dependencias-senon-de-aprender-a-vivir-doutro-xeito\\\/#breadcrumb\"},\"inLanguage\":\"gl-ES\",\"potentialAction\":[{\"@type\":\"ReadAction\",\"target\":[\"https:\\\/\\\/www.anovapeneira.gal\\\/index.php\\\/2023\\\/02\\\/15\\\/ser-mais-sostibles-non-se-trata-de-substituir-dependencias-senon-de-aprender-a-vivir-doutro-xeito\\\/\"]}]},{\"@type\":\"ImageObject\",\"inLanguage\":\"gl-ES\",\"@id\":\"https:\\\/\\\/www.anovapeneira.gal\\\/index.php\\\/2023\\\/02\\\/15\\\/ser-mais-sostibles-non-se-trata-de-substituir-dependencias-senon-de-aprender-a-vivir-doutro-xeito\\\/#primaryimage\",\"url\":\"https:\\\/\\\/www.anovapeneira.gal\\\/wp-content\\\/uploads\\\/2023\\\/02\\\/miriam_leiros.jpg\",\"contentUrl\":\"https:\\\/\\\/www.anovapeneira.gal\\\/wp-content\\\/uploads\\\/2023\\\/02\\\/miriam_leiros.jpg\",\"width\":720,\"height\":432,\"caption\":\"Miriam Leiro Tomi\u00f1o\"},{\"@type\":\"BreadcrumbList\",\"@id\":\"https:\\\/\\\/www.anovapeneira.gal\\\/index.php\\\/2023\\\/02\\\/15\\\/ser-mais-sostibles-non-se-trata-de-substituir-dependencias-senon-de-aprender-a-vivir-doutro-xeito\\\/#breadcrumb\",\"itemListElement\":[{\"@type\":\"ListItem\",\"position\":1,\"name\":\"Portada\",\"item\":\"https:\\\/\\\/www.anovapeneira.gal\\\/\"},{\"@type\":\"ListItem\",\"position\":2,\"name\":\"Ser m\u00e1is sostibles non se trata de substitu\u00edr dependencias, sen\u00f3n de aprender a vivir doutro xeito\u201d\"}]},{\"@type\":\"WebSite\",\"@id\":\"https:\\\/\\\/www.anovapeneira.gal\\\/#website\",\"url\":\"https:\\\/\\\/www.anovapeneira.gal\\\/\",\"name\":\"\",\"description\":\"Xornal galego de informaci\u00f3n xeral Publicaci\u00f3n mensual de novas de Galicia e en especial dos Concellos da sur da provincia de Pontevedra.\",\"publisher\":{\"@id\":\"https:\\\/\\\/www.anovapeneira.gal\\\/#organization\"},\"potentialAction\":[{\"@type\":\"SearchAction\",\"target\":{\"@type\":\"EntryPoint\",\"urlTemplate\":\"https:\\\/\\\/www.anovapeneira.gal\\\/?s={search_term_string}\"},\"query-input\":{\"@type\":\"PropertyValueSpecification\",\"valueRequired\":true,\"valueName\":\"search_term_string\"}}],\"inLanguage\":\"gl-ES\"},{\"@type\":\"Organization\",\"@id\":\"https:\\\/\\\/www.anovapeneira.gal\\\/#organization\",\"name\":\"A Nova Peneira\",\"url\":\"https:\\\/\\\/www.anovapeneira.gal\\\/\",\"logo\":{\"@type\":\"ImageObject\",\"inLanguage\":\"gl-ES\",\"@id\":\"https:\\\/\\\/www.anovapeneira.gal\\\/#\\\/schema\\\/logo\\\/image\\\/\",\"url\":\"http:\\\/\\\/www.anovapeneira.gal\\\/wp-content\\\/uploads\\\/2019\\\/06\\\/logo_a_nova_peneira_portal_web.png\",\"contentUrl\":\"http:\\\/\\\/www.anovapeneira.gal\\\/wp-content\\\/uploads\\\/2019\\\/06\\\/logo_a_nova_peneira_portal_web.png\",\"width\":300,\"height\":100,\"caption\":\"A Nova Peneira\"},\"image\":{\"@id\":\"https:\\\/\\\/www.anovapeneira.gal\\\/#\\\/schema\\\/logo\\\/image\\\/\"},\"sameAs\":[\"https:\\\/\\\/www.facebook.com\\\/anovapeneira\",\"https:\\\/\\\/x.com\\\/APeneira\"]},{\"@type\":\"Person\",\"@id\":\"https:\\\/\\\/www.anovapeneira.gal\\\/#\\\/schema\\\/person\\\/b93e3f8932e3f8da96334607eb6ac6aa\",\"name\":\"Redacci\u00f3n A Nova Peneira\",\"image\":{\"@type\":\"ImageObject\",\"inLanguage\":\"gl-ES\",\"@id\":\"https:\\\/\\\/secure.gravatar.com\\\/avatar\\\/c052a2551a06e23fac63626232eaa90abd78dbcf1700fc46a2b2c89fd27b735f?s=96&d=mm&r=g\",\"url\":\"https:\\\/\\\/secure.gravatar.com\\\/avatar\\\/c052a2551a06e23fac63626232eaa90abd78dbcf1700fc46a2b2c89fd27b735f?s=96&d=mm&r=g\",\"contentUrl\":\"https:\\\/\\\/secure.gravatar.com\\\/avatar\\\/c052a2551a06e23fac63626232eaa90abd78dbcf1700fc46a2b2c89fd27b735f?s=96&d=mm&r=g\",\"caption\":\"Redacci\u00f3n A Nova Peneira\"},\"sameAs\":[\"http:\\\/\\\/www.anovapeneira.gal\\\/\"],\"url\":\"https:\\\/\\\/www.anovapeneira.gal\\\/index.php\\\/author\\\/redactor\\\/\"}]}<\/script>\n<!-- \/ Yoast SEO plugin. -->","yoast_head_json":{"title":"Ser m\u00e1is sostibles non se trata de substitu\u00edr dependencias, sen\u00f3n de aprender a vivir doutro xeito\u201d -","description":"Miriam Leir\u00f3s, coordinadora de Teachers for Future en Espa\u00f1a, que integra a m\u00e1is de 2.000 centros educativos e educadora ambiental, afondou na importancia de introducir nos colexios a educaci\u00f3n ecosocial","robots":{"index":"index","follow":"follow","max-snippet":"max-snippet:-1","max-image-preview":"max-image-preview:large","max-video-preview":"max-video-preview:-1"},"canonical":"https:\/\/www.anovapeneira.gal\/index.php\/2023\/02\/15\/ser-mais-sostibles-non-se-trata-de-substituir-dependencias-senon-de-aprender-a-vivir-doutro-xeito\/","og_locale":"gl_ES","og_type":"article","og_title":"Ser m\u00e1is sostibles non se trata de substitu\u00edr dependencias, sen\u00f3n de aprender a vivir doutro xeito\u201d -","og_description":"Miriam Leir\u00f3s, coordinadora de Teachers for Future en Espa\u00f1a, que integra a m\u00e1is de 2.000 centros educativos e educadora ambiental, afondou na importancia de introducir nos colexios a educaci\u00f3n ecosocial","og_url":"https:\/\/www.anovapeneira.gal\/index.php\/2023\/02\/15\/ser-mais-sostibles-non-se-trata-de-substituir-dependencias-senon-de-aprender-a-vivir-doutro-xeito\/","article_publisher":"https:\/\/www.facebook.com\/anovapeneira","article_published_time":"2023-02-15T09:00:07+00:00","og_image":[{"width":720,"height":432,"url":"https:\/\/www.anovapeneira.gal\/wp-content\/uploads\/2023\/02\/miriam_leiros.jpg","type":"image\/jpeg"}],"author":"Redacci\u00f3n A Nova Peneira","twitter_card":"summary_large_image","twitter_creator":"@APeneira","twitter_site":"@APeneira","twitter_misc":{"Escrito por":"Redacci\u00f3n A Nova Peneira","Tempo de lectura":"3 minutos"},"schema":{"@context":"https:\/\/schema.org","@graph":[{"@type":"Article","@id":"https:\/\/www.anovapeneira.gal\/index.php\/2023\/02\/15\/ser-mais-sostibles-non-se-trata-de-substituir-dependencias-senon-de-aprender-a-vivir-doutro-xeito\/#article","isPartOf":{"@id":"https:\/\/www.anovapeneira.gal\/index.php\/2023\/02\/15\/ser-mais-sostibles-non-se-trata-de-substituir-dependencias-senon-de-aprender-a-vivir-doutro-xeito\/"},"author":{"name":"Redacci\u00f3n A Nova Peneira","@id":"https:\/\/www.anovapeneira.gal\/#\/schema\/person\/b93e3f8932e3f8da96334607eb6ac6aa"},"headline":"Ser m\u00e1is sostibles non se trata de substitu\u00edr dependencias, sen\u00f3n de aprender a vivir doutro xeito\u201d","datePublished":"2023-02-15T09:00:07+00:00","mainEntityOfPage":{"@id":"https:\/\/www.anovapeneira.gal\/index.php\/2023\/02\/15\/ser-mais-sostibles-non-se-trata-de-substituir-dependencias-senon-de-aprender-a-vivir-doutro-xeito\/"},"wordCount":521,"commentCount":0,"publisher":{"@id":"https:\/\/www.anovapeneira.gal\/#organization"},"image":{"@id":"https:\/\/www.anovapeneira.gal\/index.php\/2023\/02\/15\/ser-mais-sostibles-non-se-trata-de-substituir-dependencias-senon-de-aprender-a-vivir-doutro-xeito\/#primaryimage"},"thumbnailUrl":"https:\/\/www.anovapeneira.gal\/wp-content\/uploads\/2023\/02\/miriam_leiros.jpg","keywords":["Concello de Tomi\u00f1o"],"articleSection":["Baixo Mi\u00f1o","Sin categor\u00eda"],"inLanguage":"gl-ES","potentialAction":[{"@type":"CommentAction","name":"Comment","target":["https:\/\/www.anovapeneira.gal\/index.php\/2023\/02\/15\/ser-mais-sostibles-non-se-trata-de-substituir-dependencias-senon-de-aprender-a-vivir-doutro-xeito\/#respond"]}]},{"@type":"WebPage","@id":"https:\/\/www.anovapeneira.gal\/index.php\/2023\/02\/15\/ser-mais-sostibles-non-se-trata-de-substituir-dependencias-senon-de-aprender-a-vivir-doutro-xeito\/","url":"https:\/\/www.anovapeneira.gal\/index.php\/2023\/02\/15\/ser-mais-sostibles-non-se-trata-de-substituir-dependencias-senon-de-aprender-a-vivir-doutro-xeito\/","name":"Ser m\u00e1is sostibles non se trata de substitu\u00edr dependencias, sen\u00f3n de aprender a vivir doutro xeito\u201d -","isPartOf":{"@id":"https:\/\/www.anovapeneira.gal\/#website"},"primaryImageOfPage":{"@id":"https:\/\/www.anovapeneira.gal\/index.php\/2023\/02\/15\/ser-mais-sostibles-non-se-trata-de-substituir-dependencias-senon-de-aprender-a-vivir-doutro-xeito\/#primaryimage"},"image":{"@id":"https:\/\/www.anovapeneira.gal\/index.php\/2023\/02\/15\/ser-mais-sostibles-non-se-trata-de-substituir-dependencias-senon-de-aprender-a-vivir-doutro-xeito\/#primaryimage"},"thumbnailUrl":"https:\/\/www.anovapeneira.gal\/wp-content\/uploads\/2023\/02\/miriam_leiros.jpg","datePublished":"2023-02-15T09:00:07+00:00","description":"Miriam Leir\u00f3s, coordinadora de Teachers for Future en Espa\u00f1a, que integra a m\u00e1is de 2.000 centros educativos e educadora ambiental, afondou na importancia de introducir nos colexios a educaci\u00f3n ecosocial","breadcrumb":{"@id":"https:\/\/www.anovapeneira.gal\/index.php\/2023\/02\/15\/ser-mais-sostibles-non-se-trata-de-substituir-dependencias-senon-de-aprender-a-vivir-doutro-xeito\/#breadcrumb"},"inLanguage":"gl-ES","potentialAction":[{"@type":"ReadAction","target":["https:\/\/www.anovapeneira.gal\/index.php\/2023\/02\/15\/ser-mais-sostibles-non-se-trata-de-substituir-dependencias-senon-de-aprender-a-vivir-doutro-xeito\/"]}]},{"@type":"ImageObject","inLanguage":"gl-ES","@id":"https:\/\/www.anovapeneira.gal\/index.php\/2023\/02\/15\/ser-mais-sostibles-non-se-trata-de-substituir-dependencias-senon-de-aprender-a-vivir-doutro-xeito\/#primaryimage","url":"https:\/\/www.anovapeneira.gal\/wp-content\/uploads\/2023\/02\/miriam_leiros.jpg","contentUrl":"https:\/\/www.anovapeneira.gal\/wp-content\/uploads\/2023\/02\/miriam_leiros.jpg","width":720,"height":432,"caption":"Miriam Leiro Tomi\u00f1o"},{"@type":"BreadcrumbList","@id":"https:\/\/www.anovapeneira.gal\/index.php\/2023\/02\/15\/ser-mais-sostibles-non-se-trata-de-substituir-dependencias-senon-de-aprender-a-vivir-doutro-xeito\/#breadcrumb","itemListElement":[{"@type":"ListItem","position":1,"name":"Portada","item":"https:\/\/www.anovapeneira.gal\/"},{"@type":"ListItem","position":2,"name":"Ser m\u00e1is sostibles non se trata de substitu\u00edr dependencias, sen\u00f3n de aprender a vivir doutro xeito\u201d"}]},{"@type":"WebSite","@id":"https:\/\/www.anovapeneira.gal\/#website","url":"https:\/\/www.anovapeneira.gal\/","name":"","description":"Xornal galego de informaci\u00f3n xeral Publicaci\u00f3n mensual de novas de Galicia e en especial dos Concellos da sur da provincia de Pontevedra.","publisher":{"@id":"https:\/\/www.anovapeneira.gal\/#organization"},"potentialAction":[{"@type":"SearchAction","target":{"@type":"EntryPoint","urlTemplate":"https:\/\/www.anovapeneira.gal\/?s={search_term_string}"},"query-input":{"@type":"PropertyValueSpecification","valueRequired":true,"valueName":"search_term_string"}}],"inLanguage":"gl-ES"},{"@type":"Organization","@id":"https:\/\/www.anovapeneira.gal\/#organization","name":"A Nova Peneira","url":"https:\/\/www.anovapeneira.gal\/","logo":{"@type":"ImageObject","inLanguage":"gl-ES","@id":"https:\/\/www.anovapeneira.gal\/#\/schema\/logo\/image\/","url":"http:\/\/www.anovapeneira.gal\/wp-content\/uploads\/2019\/06\/logo_a_nova_peneira_portal_web.png","contentUrl":"http:\/\/www.anovapeneira.gal\/wp-content\/uploads\/2019\/06\/logo_a_nova_peneira_portal_web.png","width":300,"height":100,"caption":"A Nova Peneira"},"image":{"@id":"https:\/\/www.anovapeneira.gal\/#\/schema\/logo\/image\/"},"sameAs":["https:\/\/www.facebook.com\/anovapeneira","https:\/\/x.com\/APeneira"]},{"@type":"Person","@id":"https:\/\/www.anovapeneira.gal\/#\/schema\/person\/b93e3f8932e3f8da96334607eb6ac6aa","name":"Redacci\u00f3n A Nova Peneira","image":{"@type":"ImageObject","inLanguage":"gl-ES","@id":"https:\/\/secure.gravatar.com\/avatar\/c052a2551a06e23fac63626232eaa90abd78dbcf1700fc46a2b2c89fd27b735f?s=96&d=mm&r=g","url":"https:\/\/secure.gravatar.com\/avatar\/c052a2551a06e23fac63626232eaa90abd78dbcf1700fc46a2b2c89fd27b735f?s=96&d=mm&r=g","contentUrl":"https:\/\/secure.gravatar.com\/avatar\/c052a2551a06e23fac63626232eaa90abd78dbcf1700fc46a2b2c89fd27b735f?s=96&d=mm&r=g","caption":"Redacci\u00f3n A Nova Peneira"},"sameAs":["http:\/\/www.anovapeneira.gal\/"],"url":"https:\/\/www.anovapeneira.gal\/index.php\/author\/redactor\/"}]}},"jetpack_featured_media_url":"https:\/\/www.anovapeneira.gal\/wp-content\/uploads\/2023\/02\/miriam_leiros.jpg","_links":{"self":[{"href":"https:\/\/www.anovapeneira.gal\/index.php\/wp-json\/wp\/v2\/posts\/9090","targetHints":{"allow":["GET"]}}],"collection":[{"href":"https:\/\/www.anovapeneira.gal\/index.php\/wp-json\/wp\/v2\/posts"}],"about":[{"href":"https:\/\/www.anovapeneira.gal\/index.php\/wp-json\/wp\/v2\/types\/post"}],"author":[{"embeddable":true,"href":"https:\/\/www.anovapeneira.gal\/index.php\/wp-json\/wp\/v2\/users\/3"}],"replies":[{"embeddable":true,"href":"https:\/\/www.anovapeneira.gal\/index.php\/wp-json\/wp\/v2\/comments?post=9090"}],"version-history":[{"count":3,"href":"https:\/\/www.anovapeneira.gal\/index.php\/wp-json\/wp\/v2\/posts\/9090\/revisions"}],"predecessor-version":[{"id":9094,"href":"https:\/\/www.anovapeneira.gal\/index.php\/wp-json\/wp\/v2\/posts\/9090\/revisions\/9094"}],"wp:featuredmedia":[{"embeddable":true,"href":"https:\/\/www.anovapeneira.gal\/index.php\/wp-json\/wp\/v2\/media\/9092"}],"wp:attachment":[{"href":"https:\/\/www.anovapeneira.gal\/index.php\/wp-json\/wp\/v2\/media?parent=9090"}],"wp:term":[{"taxonomy":"category","embeddable":true,"href":"https:\/\/www.anovapeneira.gal\/index.php\/wp-json\/wp\/v2\/categories?post=9090"},{"taxonomy":"post_tag","embeddable":true,"href":"https:\/\/www.anovapeneira.gal\/index.php\/wp-json\/wp\/v2\/tags?post=9090"}],"curies":[{"name":"wp","href":"https:\/\/api.w.org\/{rel}","templated":true}]}}