{"id":9095,"date":"2023-02-15T12:00:38","date_gmt":"2023-02-15T11:00:38","guid":{"rendered":"https:\/\/www.anovapeneira.gal\/?p=9095"},"modified":"2023-02-13T10:13:06","modified_gmt":"2023-02-13T09:13:06","slug":"conchi-martinez-arbitra-internacional-de-taekwondo-de-redondela","status":"publish","type":"post","link":"https:\/\/www.anovapeneira.gal\/index.php\/2023\/02\/15\/conchi-martinez-arbitra-internacional-de-taekwondo-de-redondela\/","title":{"rendered":"Conchi Mart\u00ednez, \u00c1rbitra Internacional de Taekwondo de Redondela"},"content":{"rendered":"\n<p><strong>O deporte \u00e9 un marabilloso universo poli\u00e9drico que, malia que moitos insistan en reducilo s\u00f3 a o f\u00fatbol, e s\u00f3 ao f\u00fatbol masculino, A Nova Peneira ten intenci\u00f3n de reflectir en toda a pluralidade que sexa capaz de abranguer. Hoxe traemos \u00e1s nosas p\u00e1xinas a Conchi Mart\u00ednez, \u00e1rbitra internacional de Redondela na disciplina de taekwondo . Ela prep\u00e1rase con ilusi\u00f3n e afouteza para poder facer realidade o seu so\u00f1o de arbitrar nos xogos ol\u00edmpicos de Los \u00c1ngeles 2028. Estamos seguros de que o vai lograr, por ga\u00f1as e co\u00f1ecementos non vai quedar. Vela\u00ed vai o que deu de si a nosa conversa.<\/strong><\/p>\n\n\n\n<p>\u201c <strong>A arbitraxe non \u00e9 unha labor nada f\u00e1cil\u201d<\/strong><\/p>\n\n\n\n<p><strong>Cando empezas no mundo das artes marciais?<\/strong><\/p>\n\n\n\n<blockquote class=\"wp-block-quote is-layout-flow wp-block-quote-is-layout-flow\">\n<p>Empecei tarde, con 14 anos. Foi un deporte que se me deu ben e encant\u00e1bame adestrar, pero pas\u00e1bao realmente mal competindo. Non sab\u00eda xestionar os nervios da competici\u00f3n e naquela \u00e9poca os equipos deportivos non ti\u00f1an psic\u00f3logos detr\u00e1s que axudaran a xestionar estas emoci\u00f3ns. Hoxe en d\u00eda avanzouse moit\u00edsimo nisto, pero cando eu era pequena, o que se fomentaba era a competici\u00f3n para ga\u00f1ar, non para participar como agora. Eu quer\u00eda estar no combate, pero non competir, foi aqu\u00ed cando empecei a fixarme na figura do \u00e1rbitro.<\/p>\n<\/blockquote>\n\n\n\n<p><strong>Identific\u00e1baste co \u00e1rbitro?<\/strong><\/p>\n\n\n\n<blockquote class=\"wp-block-quote is-layout-flow wp-block-quote-is-layout-flow\">\n<p>Si, empaticei con esta figura. E isto \u00e9 dif\u00edcil porque o \u00e1rbitro sempre \u00e9 o malo da pel\u00edcula.<\/p>\n<\/blockquote>\n\n\n\n<p><strong>\u00c9 f\u00e1cil ser \u00e1rbitra nas artes marciais?<\/strong><\/p>\n\n\n\n<blockquote class=\"wp-block-quote is-layout-flow wp-block-quote-is-layout-flow\">\n<p>Non, para nada. \u00c9 un 1 contra 1 e o \u00e1rbitro no medio. O \u00e1rbitro como ser humano p\u00f3dese equivocar e pode amolar a un competidor que igual est\u00e1 a acceder a un campionato de Espa\u00f1a, a un puntual europeo, a un premundial ou a unha olimp\u00edada. Un \u00e1rbitro pode cortar desde a base o futuro dun competidor.<\/p>\n<\/blockquote>\n\n\n\n<p><strong>Un \u00e1rbitro pode amolar unha carreira?<\/strong><\/p>\n\n\n\n<blockquote class=\"wp-block-quote is-layout-flow wp-block-quote-is-layout-flow\">\n<p>Si. Pode botar a un neno abaixo. Podes desanimar a unha persoa por unha mala experiencia cun \u00e1rbitro despois de prepararche durante un ano para un asalto de 6 minutos.<\/p>\n<\/blockquote>\n\n\n\n<p><strong>Como \u00e9 a experiencia evolutiva desde que empezas en crono ata o de agora, o supremo internacional?<\/strong><\/p>\n\n\n\n<blockquote class=\"wp-block-quote is-layout-flow wp-block-quote-is-layout-flow\">\n<p>Custa porque sacrificas as fins de semana da t\u00faa vida percorrendo os pavill\u00f3ns de todos os recunchos de Galicia.<\/p>\n<\/blockquote>\n\n\n\n<p><strong>Entendo que todas estas viaxes sufr\u00e1gaas a Federaci\u00f3n pagando as dietas?<\/strong><\/p>\n\n\n\n<blockquote class=\"wp-block-quote is-layout-flow wp-block-quote-is-layout-flow\">\n<p>Non. Isto \u00e9 pura devoci\u00f3n. Para ir a calquera campionato tentamos xuntarnos catro ou 5, compartir coche e gastos de viaxe. Agora, a Federaci\u00f3n sacou unha bolsa para sufragar os gastos de viaxe e dannos unha axuda por quil\u00f3metro percorrido.<\/p>\n<\/blockquote>\n\n\n\n<blockquote class=\"wp-block-quote is-layout-flow wp-block-quote-is-layout-flow\">\n<p>O Taekwondo en Redondela est\u00e1 collendo moito nivel. As\u00ed por exemplo quixera destacar ao Ximnasio Omnihum cun campi\u00f3n de Espa\u00f1a na modalidade infantil e t\u00e9cnica. Tam\u00e9n hai d\u00faas nenas, fillas dun adestrador de aqu\u00ed, que as d\u00faas acadaron medalla da selecci\u00f3n de Galicia.<\/p>\n<\/blockquote>\n\n\n\n<blockquote class=\"wp-block-quote is-layout-flow wp-block-quote-is-layout-flow\">\n<p>Mesmo houbo un ano que un competidor trouxo a medalla do Campionato do Mundo para Redondela.<\/p>\n<\/blockquote>\n\n\n\n<p><strong>As arbitras e \u00e1rbitros podedes arbitrar calquera tipo de combate?<\/strong><\/p>\n\n\n\n<blockquote class=\"wp-block-quote is-layout-flow wp-block-quote-is-layout-flow\">\n<p>Cada estamento arbitral ten unha permanencia, tes que ter a t\u00e9cnica e ademais o tempo estipulado para poder cambiar de categor\u00eda e acceder a un estamento arbitral maior. O bonito de Taekwondo empeza cando chegas a cinto negro e iso son moitos anos detr\u00e1s, aqu\u00ed poden pasar como m\u00ednimo tres anos entre cada cinto, moito tempo e esforzo. Hai xente que se cansa e queda polo cami\u00f1o.<\/p>\n<\/blockquote>\n\n\n\n<p><strong>E cando chegas a cinto negro, logo est\u00e1n Dans non?<\/strong><\/p>\n\n\n\n<blockquote class=\"wp-block-quote is-layout-flow wp-block-quote-is-layout-flow\">\n<p>Si, estes son as categor\u00edas dentro do cinto negro. O m\u00e1ximo en Espa\u00f1a \u00e9 o noveno Dan.<\/p>\n<\/blockquote>\n\n\n\n<p><strong>Por cal vas ti?<\/strong><\/p>\n\n\n\n<blockquote class=\"wp-block-quote is-layout-flow wp-block-quote-is-layout-flow\">\n<p>Eu te\u00f1o ata o quinto Dan. En Galicia hai un 8 Dan. F\u00e1loche de xente espa\u00f1ola, aqu\u00ed hai coreanos que te\u00f1en Dans honor\u00edficos a partir do d\u00e9cimo e ata o 15 Dan.<\/p>\n<\/blockquote>\n\n\n\n<p><strong>Vas quedar como arbitra internacional ou tes algunha aspiraci\u00f3n m\u00e1is?<\/strong><\/p>\n\n\n\n<blockquote class=\"wp-block-quote is-layout-flow wp-block-quote-is-layout-flow\">\n<p>Quero tentar acceder ao campus ol\u00edmpico para arbitrar as Olimp\u00edadas do 2028 de Los \u00c1ngeles.<\/p>\n<\/blockquote>\n\n\n\n<blockquote class=\"wp-block-quote is-layout-flow wp-block-quote-is-layout-flow\">\n<p>Para isto neces\u00edtase di\u00f1eiro. Es\u00edxenche actualizaci\u00f3ns do t\u00edtulo cada dous anos e ademais de ter que arbitrar un campionato en cada continente, Europa, que xa o fago, ademais Am\u00e9rica, Asia, \u00c1frica e Ocean\u00eda.<\/p>\n<\/blockquote>\n\n\n\n<p><strong>E os custos para desprazarche a todos estes continentes de onde saen?<\/strong><\/p>\n\n\n\n<blockquote class=\"wp-block-quote is-layout-flow wp-block-quote-is-layout-flow\">\n<p>T\u00e9\u00f1oos que pagar eu.<\/p>\n<\/blockquote>\n\n\n\n<p><strong>E ent\u00f3n, para que est\u00e1 a Federaci\u00f3n?<\/strong><\/p>\n\n\n\n<blockquote class=\"wp-block-quote is-layout-flow wp-block-quote-is-layout-flow\">\n<p>Eu agora son \u00e1rbitro internacional de Espa\u00f1a, repres\u00e9ntame e eu represento \u00e1 Federaci\u00f3n Espa\u00f1ola de Taekwondo. A achega que me fixeron foi a Federaci\u00f3n Galega, que me deu un Dobok, que \u00e9 a vestimenta oficial \u00e1 que a xente lle chama coloquialmente Kimono. A Federaci\u00f3n Espa\u00f1ola deume un chubasqueiro que pon Espa\u00f1a e facilitoume os tr\u00e1mites de papeis, estes fanos eles, nada m\u00e1is.<\/p>\n<\/blockquote>\n\n\n\n<p><strong>Ollando o teu futuro. Veste como \u00e1rbitra nas Olimp\u00edadas de 2028?<\/strong><\/p>\n\n\n\n<blockquote class=\"wp-block-quote is-layout-flow wp-block-quote-is-layout-flow\">\n<p>Si, si que me vexo.<\/p>\n<\/blockquote>\n\n\n\n<p><strong>Esperamos que a pr\u00f3xima entrevista ent\u00f3n sexa despois das olimp\u00edadas para que nos contes que tal che foi a experiencia.<\/strong><\/p>\n\n\n\n<blockquote class=\"wp-block-quote is-layout-flow wp-block-quote-is-layout-flow\">\n<p>Moitas grazas, d\u00e9ixoa agora asinada xa&#8230;.<\/p>\n<\/blockquote>\n","protected":false},"excerpt":{"rendered":"<div class=\"mh-excerpt\"><p>O deporte \u00e9 un marabilloso universo poli\u00e9drico que, malia que moitos insistan en reducilo s\u00f3 a o f\u00fatbol, e s\u00f3 ao f\u00fatbol masculino, A Nova Peneira ten intenci\u00f3n de reflectir en toda a pluralidade que sexa capaz de abranguer <a class=\"mh-excerpt-more\" href=\"https:\/\/www.anovapeneira.gal\/index.php\/2023\/02\/15\/conchi-martinez-arbitra-internacional-de-taekwondo-de-redondela\/\" title=\"Conchi Mart\u00ednez, \u00c1rbitra Internacional de Taekwondo de Redondela\">[&#8230;]<\/a><\/p>\n<\/div>","protected":false},"author":6,"featured_media":9097,"comment_status":"open","ping_status":"open","sticky":false,"template":"","format":"standard","meta":{"_exactmetrics_skip_tracking":false,"_exactmetrics_sitenote_active":false,"_exactmetrics_sitenote_note":"","_exactmetrics_sitenote_category":0,"footnotes":""},"categories":[270],"tags":[171],"class_list":{"0":"post-9095","1":"post","2":"type-post","3":"status-publish","4":"format-standard","5":"has-post-thumbnail","7":"category-redondela-entrevistas","8":"tag-concello-de-redondela"},"yoast_head":"<!-- This site is optimized with the Yoast SEO plugin v27.4 - https:\/\/yoast.com\/product\/yoast-seo-wordpress\/ -->\n<title>Conchi Mart\u00ednez, \u00c1rbitra Internacional de Taekwondo de Redondela -<\/title>\n<meta name=\"description\" content=\"O deporte \u00e9 un marabilloso universo poli\u00e9drico que, malia que moitos insistan en reducilo s\u00f3 a o f\u00fatbol, e s\u00f3 ao f\u00fatbol masculino, A Nova Peneira ten intenci\u00f3n de reflectir en toda a pluralidade que sexa capaz de abranguer\" \/>\n<meta name=\"robots\" content=\"index, follow, max-snippet:-1, max-image-preview:large, max-video-preview:-1\" \/>\n<link rel=\"canonical\" href=\"https:\/\/www.anovapeneira.gal\/index.php\/2023\/02\/15\/conchi-martinez-arbitra-internacional-de-taekwondo-de-redondela\/\" \/>\n<meta property=\"og:locale\" content=\"gl_ES\" \/>\n<meta property=\"og:type\" content=\"article\" \/>\n<meta property=\"og:title\" content=\"Conchi Mart\u00ednez, \u00c1rbitra Internacional de Taekwondo de Redondela -\" \/>\n<meta property=\"og:description\" content=\"O deporte \u00e9 un marabilloso universo poli\u00e9drico que, malia que moitos insistan en reducilo s\u00f3 a o f\u00fatbol, e s\u00f3 ao f\u00fatbol masculino, A Nova Peneira ten intenci\u00f3n de reflectir en toda a pluralidade que sexa capaz de abranguer\" \/>\n<meta property=\"og:url\" content=\"https:\/\/www.anovapeneira.gal\/index.php\/2023\/02\/15\/conchi-martinez-arbitra-internacional-de-taekwondo-de-redondela\/\" \/>\n<meta property=\"article:publisher\" content=\"https:\/\/www.facebook.com\/anovapeneira\" \/>\n<meta property=\"article:published_time\" content=\"2023-02-15T11:00:38+00:00\" \/>\n<meta property=\"og:image\" content=\"https:\/\/www.anovapeneira.gal\/wp-content\/uploads\/2023\/02\/taekwondo_redondela.jpg\" \/>\n\t<meta property=\"og:image:width\" content=\"720\" \/>\n\t<meta property=\"og:image:height\" content=\"432\" \/>\n\t<meta property=\"og:image:type\" content=\"image\/jpeg\" \/>\n<meta name=\"author\" content=\"Marcos Santos\" \/>\n<meta name=\"twitter:card\" content=\"summary_large_image\" \/>\n<meta name=\"twitter:creator\" content=\"@APeneira\" \/>\n<meta name=\"twitter:site\" content=\"@APeneira\" \/>\n<meta name=\"twitter:label1\" content=\"Escrito por\" \/>\n\t<meta name=\"twitter:data1\" content=\"Marcos Santos\" \/>\n\t<meta name=\"twitter:label2\" content=\"Tempo de lectura\" \/>\n\t<meta name=\"twitter:data2\" content=\"5 minutos\" \/>\n<script type=\"application\/ld+json\" class=\"yoast-schema-graph\">{\"@context\":\"https:\\\/\\\/schema.org\",\"@graph\":[{\"@type\":\"Article\",\"@id\":\"https:\\\/\\\/www.anovapeneira.gal\\\/index.php\\\/2023\\\/02\\\/15\\\/conchi-martinez-arbitra-internacional-de-taekwondo-de-redondela\\\/#article\",\"isPartOf\":{\"@id\":\"https:\\\/\\\/www.anovapeneira.gal\\\/index.php\\\/2023\\\/02\\\/15\\\/conchi-martinez-arbitra-internacional-de-taekwondo-de-redondela\\\/\"},\"author\":{\"name\":\"Marcos Santos\",\"@id\":\"https:\\\/\\\/www.anovapeneira.gal\\\/#\\\/schema\\\/person\\\/d9d84823564720e7593293bab054e52d\"},\"headline\":\"Conchi Mart\u00ednez, \u00c1rbitra Internacional de Taekwondo de Redondela\",\"datePublished\":\"2023-02-15T11:00:38+00:00\",\"mainEntityOfPage\":{\"@id\":\"https:\\\/\\\/www.anovapeneira.gal\\\/index.php\\\/2023\\\/02\\\/15\\\/conchi-martinez-arbitra-internacional-de-taekwondo-de-redondela\\\/\"},\"wordCount\":875,\"commentCount\":0,\"publisher\":{\"@id\":\"https:\\\/\\\/www.anovapeneira.gal\\\/#organization\"},\"image\":{\"@id\":\"https:\\\/\\\/www.anovapeneira.gal\\\/index.php\\\/2023\\\/02\\\/15\\\/conchi-martinez-arbitra-internacional-de-taekwondo-de-redondela\\\/#primaryimage\"},\"thumbnailUrl\":\"https:\\\/\\\/www.anovapeneira.gal\\\/wp-content\\\/uploads\\\/2023\\\/02\\\/taekwondo_redondela.jpg\",\"keywords\":[\"Concello de Redondela\"],\"articleSection\":[\"Redondela\"],\"inLanguage\":\"gl-ES\",\"potentialAction\":[{\"@type\":\"CommentAction\",\"name\":\"Comment\",\"target\":[\"https:\\\/\\\/www.anovapeneira.gal\\\/index.php\\\/2023\\\/02\\\/15\\\/conchi-martinez-arbitra-internacional-de-taekwondo-de-redondela\\\/#respond\"]}]},{\"@type\":\"WebPage\",\"@id\":\"https:\\\/\\\/www.anovapeneira.gal\\\/index.php\\\/2023\\\/02\\\/15\\\/conchi-martinez-arbitra-internacional-de-taekwondo-de-redondela\\\/\",\"url\":\"https:\\\/\\\/www.anovapeneira.gal\\\/index.php\\\/2023\\\/02\\\/15\\\/conchi-martinez-arbitra-internacional-de-taekwondo-de-redondela\\\/\",\"name\":\"Conchi Mart\u00ednez, \u00c1rbitra Internacional de Taekwondo de Redondela -\",\"isPartOf\":{\"@id\":\"https:\\\/\\\/www.anovapeneira.gal\\\/#website\"},\"primaryImageOfPage\":{\"@id\":\"https:\\\/\\\/www.anovapeneira.gal\\\/index.php\\\/2023\\\/02\\\/15\\\/conchi-martinez-arbitra-internacional-de-taekwondo-de-redondela\\\/#primaryimage\"},\"image\":{\"@id\":\"https:\\\/\\\/www.anovapeneira.gal\\\/index.php\\\/2023\\\/02\\\/15\\\/conchi-martinez-arbitra-internacional-de-taekwondo-de-redondela\\\/#primaryimage\"},\"thumbnailUrl\":\"https:\\\/\\\/www.anovapeneira.gal\\\/wp-content\\\/uploads\\\/2023\\\/02\\\/taekwondo_redondela.jpg\",\"datePublished\":\"2023-02-15T11:00:38+00:00\",\"description\":\"O deporte \u00e9 un marabilloso universo poli\u00e9drico que, malia que moitos insistan en reducilo s\u00f3 a o f\u00fatbol, e s\u00f3 ao f\u00fatbol masculino, A Nova Peneira ten intenci\u00f3n de reflectir en toda a pluralidade que sexa capaz de abranguer\",\"breadcrumb\":{\"@id\":\"https:\\\/\\\/www.anovapeneira.gal\\\/index.php\\\/2023\\\/02\\\/15\\\/conchi-martinez-arbitra-internacional-de-taekwondo-de-redondela\\\/#breadcrumb\"},\"inLanguage\":\"gl-ES\",\"potentialAction\":[{\"@type\":\"ReadAction\",\"target\":[\"https:\\\/\\\/www.anovapeneira.gal\\\/index.php\\\/2023\\\/02\\\/15\\\/conchi-martinez-arbitra-internacional-de-taekwondo-de-redondela\\\/\"]}]},{\"@type\":\"ImageObject\",\"inLanguage\":\"gl-ES\",\"@id\":\"https:\\\/\\\/www.anovapeneira.gal\\\/index.php\\\/2023\\\/02\\\/15\\\/conchi-martinez-arbitra-internacional-de-taekwondo-de-redondela\\\/#primaryimage\",\"url\":\"https:\\\/\\\/www.anovapeneira.gal\\\/wp-content\\\/uploads\\\/2023\\\/02\\\/taekwondo_redondela.jpg\",\"contentUrl\":\"https:\\\/\\\/www.anovapeneira.gal\\\/wp-content\\\/uploads\\\/2023\\\/02\\\/taekwondo_redondela.jpg\",\"width\":720,\"height\":432,\"caption\":\"Conchi Mart\u00ednez Taekwondo\"},{\"@type\":\"BreadcrumbList\",\"@id\":\"https:\\\/\\\/www.anovapeneira.gal\\\/index.php\\\/2023\\\/02\\\/15\\\/conchi-martinez-arbitra-internacional-de-taekwondo-de-redondela\\\/#breadcrumb\",\"itemListElement\":[{\"@type\":\"ListItem\",\"position\":1,\"name\":\"Portada\",\"item\":\"https:\\\/\\\/www.anovapeneira.gal\\\/\"},{\"@type\":\"ListItem\",\"position\":2,\"name\":\"Conchi Mart\u00ednez, \u00c1rbitra Internacional de Taekwondo de Redondela\"}]},{\"@type\":\"WebSite\",\"@id\":\"https:\\\/\\\/www.anovapeneira.gal\\\/#website\",\"url\":\"https:\\\/\\\/www.anovapeneira.gal\\\/\",\"name\":\"\",\"description\":\"Xornal galego de informaci\u00f3n xeral Publicaci\u00f3n mensual de novas de Galicia e en especial dos Concellos da sur da provincia de Pontevedra.\",\"publisher\":{\"@id\":\"https:\\\/\\\/www.anovapeneira.gal\\\/#organization\"},\"potentialAction\":[{\"@type\":\"SearchAction\",\"target\":{\"@type\":\"EntryPoint\",\"urlTemplate\":\"https:\\\/\\\/www.anovapeneira.gal\\\/?s={search_term_string}\"},\"query-input\":{\"@type\":\"PropertyValueSpecification\",\"valueRequired\":true,\"valueName\":\"search_term_string\"}}],\"inLanguage\":\"gl-ES\"},{\"@type\":\"Organization\",\"@id\":\"https:\\\/\\\/www.anovapeneira.gal\\\/#organization\",\"name\":\"A Nova Peneira\",\"url\":\"https:\\\/\\\/www.anovapeneira.gal\\\/\",\"logo\":{\"@type\":\"ImageObject\",\"inLanguage\":\"gl-ES\",\"@id\":\"https:\\\/\\\/www.anovapeneira.gal\\\/#\\\/schema\\\/logo\\\/image\\\/\",\"url\":\"http:\\\/\\\/www.anovapeneira.gal\\\/wp-content\\\/uploads\\\/2019\\\/06\\\/logo_a_nova_peneira_portal_web.png\",\"contentUrl\":\"http:\\\/\\\/www.anovapeneira.gal\\\/wp-content\\\/uploads\\\/2019\\\/06\\\/logo_a_nova_peneira_portal_web.png\",\"width\":300,\"height\":100,\"caption\":\"A Nova Peneira\"},\"image\":{\"@id\":\"https:\\\/\\\/www.anovapeneira.gal\\\/#\\\/schema\\\/logo\\\/image\\\/\"},\"sameAs\":[\"https:\\\/\\\/www.facebook.com\\\/anovapeneira\",\"https:\\\/\\\/x.com\\\/APeneira\"]},{\"@type\":\"Person\",\"@id\":\"https:\\\/\\\/www.anovapeneira.gal\\\/#\\\/schema\\\/person\\\/d9d84823564720e7593293bab054e52d\",\"name\":\"Marcos Santos\",\"image\":{\"@type\":\"ImageObject\",\"inLanguage\":\"gl-ES\",\"@id\":\"https:\\\/\\\/secure.gravatar.com\\\/avatar\\\/0e8017099a7a47c0a9d2275e865fe326484561eb3d70649069e4b8e61a8d2e8c?s=96&d=mm&r=g\",\"url\":\"https:\\\/\\\/secure.gravatar.com\\\/avatar\\\/0e8017099a7a47c0a9d2275e865fe326484561eb3d70649069e4b8e61a8d2e8c?s=96&d=mm&r=g\",\"contentUrl\":\"https:\\\/\\\/secure.gravatar.com\\\/avatar\\\/0e8017099a7a47c0a9d2275e865fe326484561eb3d70649069e4b8e61a8d2e8c?s=96&d=mm&r=g\",\"caption\":\"Marcos Santos\"},\"sameAs\":[\"http:\\\/\\\/anovapeneira.gal\"],\"url\":\"https:\\\/\\\/www.anovapeneira.gal\\\/index.php\\\/author\\\/marcos-santos\\\/\"}]}<\/script>\n<!-- \/ Yoast SEO plugin. -->","yoast_head_json":{"title":"Conchi Mart\u00ednez, \u00c1rbitra Internacional de Taekwondo de Redondela -","description":"O deporte \u00e9 un marabilloso universo poli\u00e9drico que, malia que moitos insistan en reducilo s\u00f3 a o f\u00fatbol, e s\u00f3 ao f\u00fatbol masculino, A Nova Peneira ten intenci\u00f3n de reflectir en toda a pluralidade que sexa capaz de abranguer","robots":{"index":"index","follow":"follow","max-snippet":"max-snippet:-1","max-image-preview":"max-image-preview:large","max-video-preview":"max-video-preview:-1"},"canonical":"https:\/\/www.anovapeneira.gal\/index.php\/2023\/02\/15\/conchi-martinez-arbitra-internacional-de-taekwondo-de-redondela\/","og_locale":"gl_ES","og_type":"article","og_title":"Conchi Mart\u00ednez, \u00c1rbitra Internacional de Taekwondo de Redondela -","og_description":"O deporte \u00e9 un marabilloso universo poli\u00e9drico que, malia que moitos insistan en reducilo s\u00f3 a o f\u00fatbol, e s\u00f3 ao f\u00fatbol masculino, A Nova Peneira ten intenci\u00f3n de reflectir en toda a pluralidade que sexa capaz de abranguer","og_url":"https:\/\/www.anovapeneira.gal\/index.php\/2023\/02\/15\/conchi-martinez-arbitra-internacional-de-taekwondo-de-redondela\/","article_publisher":"https:\/\/www.facebook.com\/anovapeneira","article_published_time":"2023-02-15T11:00:38+00:00","og_image":[{"width":720,"height":432,"url":"https:\/\/www.anovapeneira.gal\/wp-content\/uploads\/2023\/02\/taekwondo_redondela.jpg","type":"image\/jpeg"}],"author":"Marcos Santos","twitter_card":"summary_large_image","twitter_creator":"@APeneira","twitter_site":"@APeneira","twitter_misc":{"Escrito por":"Marcos Santos","Tempo de lectura":"5 minutos"},"schema":{"@context":"https:\/\/schema.org","@graph":[{"@type":"Article","@id":"https:\/\/www.anovapeneira.gal\/index.php\/2023\/02\/15\/conchi-martinez-arbitra-internacional-de-taekwondo-de-redondela\/#article","isPartOf":{"@id":"https:\/\/www.anovapeneira.gal\/index.php\/2023\/02\/15\/conchi-martinez-arbitra-internacional-de-taekwondo-de-redondela\/"},"author":{"name":"Marcos Santos","@id":"https:\/\/www.anovapeneira.gal\/#\/schema\/person\/d9d84823564720e7593293bab054e52d"},"headline":"Conchi Mart\u00ednez, \u00c1rbitra Internacional de Taekwondo de Redondela","datePublished":"2023-02-15T11:00:38+00:00","mainEntityOfPage":{"@id":"https:\/\/www.anovapeneira.gal\/index.php\/2023\/02\/15\/conchi-martinez-arbitra-internacional-de-taekwondo-de-redondela\/"},"wordCount":875,"commentCount":0,"publisher":{"@id":"https:\/\/www.anovapeneira.gal\/#organization"},"image":{"@id":"https:\/\/www.anovapeneira.gal\/index.php\/2023\/02\/15\/conchi-martinez-arbitra-internacional-de-taekwondo-de-redondela\/#primaryimage"},"thumbnailUrl":"https:\/\/www.anovapeneira.gal\/wp-content\/uploads\/2023\/02\/taekwondo_redondela.jpg","keywords":["Concello de Redondela"],"articleSection":["Redondela"],"inLanguage":"gl-ES","potentialAction":[{"@type":"CommentAction","name":"Comment","target":["https:\/\/www.anovapeneira.gal\/index.php\/2023\/02\/15\/conchi-martinez-arbitra-internacional-de-taekwondo-de-redondela\/#respond"]}]},{"@type":"WebPage","@id":"https:\/\/www.anovapeneira.gal\/index.php\/2023\/02\/15\/conchi-martinez-arbitra-internacional-de-taekwondo-de-redondela\/","url":"https:\/\/www.anovapeneira.gal\/index.php\/2023\/02\/15\/conchi-martinez-arbitra-internacional-de-taekwondo-de-redondela\/","name":"Conchi Mart\u00ednez, \u00c1rbitra Internacional de Taekwondo de Redondela -","isPartOf":{"@id":"https:\/\/www.anovapeneira.gal\/#website"},"primaryImageOfPage":{"@id":"https:\/\/www.anovapeneira.gal\/index.php\/2023\/02\/15\/conchi-martinez-arbitra-internacional-de-taekwondo-de-redondela\/#primaryimage"},"image":{"@id":"https:\/\/www.anovapeneira.gal\/index.php\/2023\/02\/15\/conchi-martinez-arbitra-internacional-de-taekwondo-de-redondela\/#primaryimage"},"thumbnailUrl":"https:\/\/www.anovapeneira.gal\/wp-content\/uploads\/2023\/02\/taekwondo_redondela.jpg","datePublished":"2023-02-15T11:00:38+00:00","description":"O deporte \u00e9 un marabilloso universo poli\u00e9drico que, malia que moitos insistan en reducilo s\u00f3 a o f\u00fatbol, e s\u00f3 ao f\u00fatbol masculino, A Nova Peneira ten intenci\u00f3n de reflectir en toda a pluralidade que sexa capaz de abranguer","breadcrumb":{"@id":"https:\/\/www.anovapeneira.gal\/index.php\/2023\/02\/15\/conchi-martinez-arbitra-internacional-de-taekwondo-de-redondela\/#breadcrumb"},"inLanguage":"gl-ES","potentialAction":[{"@type":"ReadAction","target":["https:\/\/www.anovapeneira.gal\/index.php\/2023\/02\/15\/conchi-martinez-arbitra-internacional-de-taekwondo-de-redondela\/"]}]},{"@type":"ImageObject","inLanguage":"gl-ES","@id":"https:\/\/www.anovapeneira.gal\/index.php\/2023\/02\/15\/conchi-martinez-arbitra-internacional-de-taekwondo-de-redondela\/#primaryimage","url":"https:\/\/www.anovapeneira.gal\/wp-content\/uploads\/2023\/02\/taekwondo_redondela.jpg","contentUrl":"https:\/\/www.anovapeneira.gal\/wp-content\/uploads\/2023\/02\/taekwondo_redondela.jpg","width":720,"height":432,"caption":"Conchi Mart\u00ednez Taekwondo"},{"@type":"BreadcrumbList","@id":"https:\/\/www.anovapeneira.gal\/index.php\/2023\/02\/15\/conchi-martinez-arbitra-internacional-de-taekwondo-de-redondela\/#breadcrumb","itemListElement":[{"@type":"ListItem","position":1,"name":"Portada","item":"https:\/\/www.anovapeneira.gal\/"},{"@type":"ListItem","position":2,"name":"Conchi Mart\u00ednez, \u00c1rbitra Internacional de Taekwondo de Redondela"}]},{"@type":"WebSite","@id":"https:\/\/www.anovapeneira.gal\/#website","url":"https:\/\/www.anovapeneira.gal\/","name":"","description":"Xornal galego de informaci\u00f3n xeral Publicaci\u00f3n mensual de novas de Galicia e en especial dos Concellos da sur da provincia de Pontevedra.","publisher":{"@id":"https:\/\/www.anovapeneira.gal\/#organization"},"potentialAction":[{"@type":"SearchAction","target":{"@type":"EntryPoint","urlTemplate":"https:\/\/www.anovapeneira.gal\/?s={search_term_string}"},"query-input":{"@type":"PropertyValueSpecification","valueRequired":true,"valueName":"search_term_string"}}],"inLanguage":"gl-ES"},{"@type":"Organization","@id":"https:\/\/www.anovapeneira.gal\/#organization","name":"A Nova Peneira","url":"https:\/\/www.anovapeneira.gal\/","logo":{"@type":"ImageObject","inLanguage":"gl-ES","@id":"https:\/\/www.anovapeneira.gal\/#\/schema\/logo\/image\/","url":"http:\/\/www.anovapeneira.gal\/wp-content\/uploads\/2019\/06\/logo_a_nova_peneira_portal_web.png","contentUrl":"http:\/\/www.anovapeneira.gal\/wp-content\/uploads\/2019\/06\/logo_a_nova_peneira_portal_web.png","width":300,"height":100,"caption":"A Nova Peneira"},"image":{"@id":"https:\/\/www.anovapeneira.gal\/#\/schema\/logo\/image\/"},"sameAs":["https:\/\/www.facebook.com\/anovapeneira","https:\/\/x.com\/APeneira"]},{"@type":"Person","@id":"https:\/\/www.anovapeneira.gal\/#\/schema\/person\/d9d84823564720e7593293bab054e52d","name":"Marcos Santos","image":{"@type":"ImageObject","inLanguage":"gl-ES","@id":"https:\/\/secure.gravatar.com\/avatar\/0e8017099a7a47c0a9d2275e865fe326484561eb3d70649069e4b8e61a8d2e8c?s=96&d=mm&r=g","url":"https:\/\/secure.gravatar.com\/avatar\/0e8017099a7a47c0a9d2275e865fe326484561eb3d70649069e4b8e61a8d2e8c?s=96&d=mm&r=g","contentUrl":"https:\/\/secure.gravatar.com\/avatar\/0e8017099a7a47c0a9d2275e865fe326484561eb3d70649069e4b8e61a8d2e8c?s=96&d=mm&r=g","caption":"Marcos Santos"},"sameAs":["http:\/\/anovapeneira.gal"],"url":"https:\/\/www.anovapeneira.gal\/index.php\/author\/marcos-santos\/"}]}},"jetpack_featured_media_url":"https:\/\/www.anovapeneira.gal\/wp-content\/uploads\/2023\/02\/taekwondo_redondela.jpg","_links":{"self":[{"href":"https:\/\/www.anovapeneira.gal\/index.php\/wp-json\/wp\/v2\/posts\/9095","targetHints":{"allow":["GET"]}}],"collection":[{"href":"https:\/\/www.anovapeneira.gal\/index.php\/wp-json\/wp\/v2\/posts"}],"about":[{"href":"https:\/\/www.anovapeneira.gal\/index.php\/wp-json\/wp\/v2\/types\/post"}],"author":[{"embeddable":true,"href":"https:\/\/www.anovapeneira.gal\/index.php\/wp-json\/wp\/v2\/users\/6"}],"replies":[{"embeddable":true,"href":"https:\/\/www.anovapeneira.gal\/index.php\/wp-json\/wp\/v2\/comments?post=9095"}],"version-history":[{"count":2,"href":"https:\/\/www.anovapeneira.gal\/index.php\/wp-json\/wp\/v2\/posts\/9095\/revisions"}],"predecessor-version":[{"id":9098,"href":"https:\/\/www.anovapeneira.gal\/index.php\/wp-json\/wp\/v2\/posts\/9095\/revisions\/9098"}],"wp:featuredmedia":[{"embeddable":true,"href":"https:\/\/www.anovapeneira.gal\/index.php\/wp-json\/wp\/v2\/media\/9097"}],"wp:attachment":[{"href":"https:\/\/www.anovapeneira.gal\/index.php\/wp-json\/wp\/v2\/media?parent=9095"}],"wp:term":[{"taxonomy":"category","embeddable":true,"href":"https:\/\/www.anovapeneira.gal\/index.php\/wp-json\/wp\/v2\/categories?post=9095"},{"taxonomy":"post_tag","embeddable":true,"href":"https:\/\/www.anovapeneira.gal\/index.php\/wp-json\/wp\/v2\/tags?post=9095"}],"curies":[{"name":"wp","href":"https:\/\/api.w.org\/{rel}","templated":true}]}}