{"id":9106,"date":"2023-02-16T12:00:29","date_gmt":"2023-02-16T11:00:29","guid":{"rendered":"https:\/\/www.anovapeneira.gal\/?p=9106"},"modified":"2023-02-13T10:28:52","modified_gmt":"2023-02-13T09:28:52","slug":"anxela-fernandez-alcaldesa-do-rosal-2","status":"publish","type":"post","link":"https:\/\/www.anovapeneira.gal\/index.php\/2023\/02\/16\/anxela-fernandez-alcaldesa-do-rosal-2\/","title":{"rendered":"\u00c1nxela Fern\u00e1ndez , alcaldesa do Rosal"},"content":{"rendered":"\n<p><strong>Nos 34 concellos que constit\u00faen a \u00e1rea de influencia de A Nova Peneira danse todo tipo de situaci\u00f3ns pol\u00edticas. Desde as que son de enorme complexidade ata as que non parece nada dif\u00edcil adivi\u00f1ar o que vai acontecer. O Rosal sit\u00faoo neste grupo de concellos nos que o resultado das municipais de maio semella estar cantado: O BNG encabezado pola alcaldesa \u00c1nxela Fern\u00e1ndez Callis vai ga\u00f1ar con moita claridade. Ela \u00e9 unha muller brillante, polifac\u00e9tica , decidida, sensible e profundamente implicada nun proxecto colectivo de transformaci\u00f3n global da localidade: recuperando os espazos p\u00fablicos para as persoas, conectando os distintos n\u00facleos de poboaci\u00f3n do pobo, achegando a cultura a todos os sitios, e escoitando a opini\u00f3n de todos e todas como base te\u00f3rica dos proxectos que se desenvolven. Por outra parte no Rosal a oposici\u00f3n nin est\u00e1, nin se lle espera. Vela\u00ed vai o que deu de si a nosa conversa coa alcaldesa do Rosal<\/strong><\/p>\n\n\n\n<p>\u201c <strong>Estou moi ilusionada e con ga\u00f1as de seguir ao dispor da veci\u00f1anza \u201c<\/strong><\/p>\n\n\n\n<p><strong>A piques de rematarmos o teu primeiro mandato como alcaldesa do Rosal que valoraci\u00f3n fas do mesmo?<\/strong><\/p>\n\n\n\n<blockquote class=\"wp-block-quote is-layout-flow wp-block-quote-is-layout-flow\">\n<p>Foi un per\u00edodo de moito traballo, de transformaci\u00f3n colectiva , en positivo, do Rosal. A\u00ednda queda moito esforzo por diante pero creo que demos pasos moi importantes e firmes na mellora da realidade dos nosos veci\u00f1os e veci\u00f1as.<\/p>\n<\/blockquote>\n\n\n\n<p><strong>Se cadra o m\u00e1is visible \u00e9 a remodelaci\u00f3n da praza do Calvario. Quero que me deas a t\u00faa opini\u00f3n ao respecto do resultado final, e que me contes que outras actuaci\u00f3ns salientables fixo o teu goberno neste proceso de transformaci\u00f3n da realidade do Rosal que mencionabas?<\/strong><\/p>\n\n\n\n<blockquote class=\"wp-block-quote is-layout-flow wp-block-quote-is-layout-flow\">\n<p>A praza foi o primeiro grande paso da transformaci\u00f3n do nosos pobo. A s\u00faa reforma ten por obxecto a recuperaci\u00f3n do espazo p\u00fablico para as persoas algo que est\u00e1 enmarcado nunha estratexia conxunta. De feito tam\u00e9n temos a reforma do mercado que lle d\u00e1 un valor social, de lecer e de p\u00f3r en valor a nosa gastronom\u00eda.<\/p>\n<\/blockquote>\n\n\n\n<blockquote class=\"wp-block-quote is-layout-flow wp-block-quote-is-layout-flow\">\n<p>Temos posto moitos esforzos na transformaci\u00f3n verde do noso pobo. Neste eido quixera destacar a nosa aposta pola eficiencia enerx\u00e9tica captando recursos externos. De feito ac\u00e1banos de conceder 1.200.000\u20ac de fondos europeos para mudar todo o alumeado p\u00fablico.<\/p>\n<\/blockquote>\n\n\n\n<blockquote class=\"wp-block-quote is-layout-flow wp-block-quote-is-layout-flow\">\n<p>Tam\u00e9n fomos quen de dar pasos de conexi\u00f3n de espazos nas zonas da Ribeira, como na estrada Tabag\u00f3n As Eiras Goi\u00e1n na que vimos de executar a primeira parte , pronto comezar\u00e1 a segunda, dunha senda que conecta eses tres n\u00facleos da nosa Ribeira. Ou a actuaci\u00f3n da \u201cexplanada do horizonte\u201d na zona do mar .A mi\u00f1a vontade \u00e9 seguir operando en todos os espazos do Rosal , seguir mellorando a s\u00faas conexi\u00f3ns internas , a s\u00faa est\u00e9tica e a s\u00faa funcionalidade.<\/p>\n<\/blockquote>\n\n\n\n<p><strong>Cales son eses espazos?<\/strong><\/p>\n\n\n\n<blockquote class=\"wp-block-quote is-layout-flow wp-block-quote-is-layout-flow\">\n<p>-O casco<\/p>\n<\/blockquote>\n\n\n\n<blockquote class=\"wp-block-quote is-layout-flow wp-block-quote-is-layout-flow\">\n<p>-A zona da Ribeira<\/p>\n<\/blockquote>\n\n\n\n<blockquote class=\"wp-block-quote is-layout-flow wp-block-quote-is-layout-flow\">\n<p>-A conexi\u00f3n entre os n\u00facleos de Marz\u00e1n, Pancenteo, Nov\u00e1s, Mart\u00edn e Fornelos<\/p>\n<\/blockquote>\n\n\n\n<blockquote class=\"wp-block-quote is-layout-flow wp-block-quote-is-layout-flow\">\n<p>-A zona do Mar de San Xian e Portecelo.<\/p>\n<\/blockquote>\n\n\n\n<p><strong>Parecen obxectivos ambiciosos e dif\u00edciles?<\/strong><\/p>\n\n\n\n<blockquote class=\"wp-block-quote is-layout-flow wp-block-quote-is-layout-flow\">\n<p>Temos bastante dispersi\u00f3n si, pero existe a posibilidade de irmos conectando todas esas zonas e n\u00f3s imos pelexar con toda a intensidade posible para conseguilo pois a conexi\u00f3n facilita a vida coti\u00e1 de todos e de todas.<\/p>\n<\/blockquote>\n\n\n\n<p><strong>O tempo de execuci\u00f3n das obras na praza do Calvario alongouse m\u00e1is do previsto?<\/strong><\/p>\n\n\n\n<blockquote class=\"wp-block-quote is-layout-flow wp-block-quote-is-layout-flow\">\n<p>Non, a previsi\u00f3n era de 8 meses e a duraci\u00f3n foi de 8 meses.<\/p>\n<\/blockquote>\n\n\n\n<p><strong>Coa reforma de praza perd\u00e9ronse prazas para aparcar?<\/strong><\/p>\n\n\n\n<blockquote class=\"wp-block-quote is-layout-flow wp-block-quote-is-layout-flow\">\n<p>Todo o contrario, cos aparcadoiros disuasorios temos m\u00e1is prazas das que hab\u00eda antes.<\/p>\n<\/blockquote>\n\n\n\n<p><strong>Recordo que cando eras a\u00ednda candidata dic\u00edasme que trasladar a cultura a todos os currunchos do pobo era unha das t\u00faas grandes ilusi\u00f3ns<\/strong><\/p>\n\n\n\n<blockquote class=\"wp-block-quote is-layout-flow wp-block-quote-is-layout-flow\">\n<p>E o segue sendo desde logo.<\/p>\n<\/blockquote>\n\n\n\n<p><strong>Fixemos algo concreto este mandato para trasladar esa ilusi\u00f3n \u00e1 realidade?<\/strong><\/p>\n\n\n\n<blockquote class=\"wp-block-quote is-layout-flow wp-block-quote-is-layout-flow\">\n<p>Creamos un programa que se chama \u201cO Rosal C\u00e1mara Fest\u201d conxuntamente coa agrupaci\u00f3n musical. Xorde asemade no momento da pandemia. \u00c9 un programa do que me sinto profundamente orgullosa e cuxo resultado penso que o podemos cualificar como sobresa\u00ednte. \u00c9 un programa que leva a m\u00fasica aos barrios con todo tipo de actividades de lecer. E asemade de para o seu obxectivo fundamental, universalizar o dereito \u00e1 cultura, serve para p\u00f3r en valor todo tipo de experiencias<\/p>\n<\/blockquote>\n\n\n\n<p><strong>Como por exemplo?<\/strong><\/p>\n\n\n\n<blockquote class=\"wp-block-quote is-layout-flow wp-block-quote-is-layout-flow\">\n<p>Unha das \u00faltimas iniciativas foi levar a cabo unha experiencia ap\u00edcola que tivo un \u00e9xito enorme. Case 300 espectadores acheg\u00e1ronse a vela.<\/p>\n<\/blockquote>\n\n\n\n<p><strong>Cando se iniciaron as obras na praza do Calvario, ao igual que en calquera espazo de calquera localidade que experimente un cambio profundo, exist\u00eda certo malestar na veci\u00f1anza e negocios directamente afectados. Cal \u00e9 a percepci\u00f3n que tes ti neste momento, coas obras xa rematadas, sobre a valoraci\u00f3n xeral das persoas afectadas ao respecto do seu resultado final?<\/strong><\/p>\n\n\n\n<blockquote class=\"wp-block-quote is-layout-flow wp-block-quote-is-layout-flow\">\n<p>Eu comprendo e por suposto respecto o malestar de quen se puidera sentir molesto. Agora, no momento de estar as obras xa rematadas, a percepci\u00f3n que eu te\u00f1o \u00e9 emocionante. Ver como as persoas ocupan un espazo tan relevante para a nosa convivencia \u00e9, insisto, emocionante. A sensaci\u00f3n xeral que percibo eu \u00e9 a de satisfacci\u00f3n. Quixera aclarar que tivemos un proceso de participaci\u00f3n veci\u00f1al , coas persoas afectadas, previo. A participaci\u00f3n, escoitar de verdade o sentir da veci\u00f1anza, \u00e9 outro dos eixos que procuramos levar a cabo na nosa acci\u00f3n de goberno<\/p>\n<\/blockquote>\n\n\n\n<p><strong>En que se concreta iso?<\/strong><\/p>\n\n\n\n<blockquote class=\"wp-block-quote is-layout-flow wp-block-quote-is-layout-flow\">\n<p>Creamos os consellos municipais veci\u00f1ais, creo lembrar que son oito, nos que participan continuamente veci\u00f1os e veci\u00f1as de \u00e1mbitos moi diversos que est\u00e1n continuamente recollendo propostas de todo tipo. E fixemos procesos participativos en torno a todos os procesos que se est\u00e1n a desenvolver. Escoitar as cr\u00edticas iniciais foi chave para tomar decisi\u00f3ns en canto ao propio proxecto da praza do Calvario<\/p>\n<\/blockquote>\n\n\n\n<p><strong>Eses procesos de participaci\u00f3n veci\u00f1al que resultado est\u00e1n a ter?<\/strong><\/p>\n\n\n\n<blockquote class=\"wp-block-quote is-layout-flow wp-block-quote-is-layout-flow\">\n<p>Moi positivo. Como \u00e9 normal \u00e1 maior\u00eda das persoas g\u00fastalles que se lle pregunte a opini\u00f3n sobre os asuntos que lles atinxen. E o noso goberno sempre vai ter en conta a opini\u00f3n dos demais. Temos que seguir sendo un goberno que escoita \u00e1s persoas , pero de verdade, non como un mero slogan electoralista.<\/p>\n<\/blockquote>\n\n\n\n<p><strong>Na fachada do Concello vexo unha faixa alusiva \u00e1 situaci\u00f3n sanitaria do Rosal. Como est\u00e1n as cousas neste asunto que debera ser esencial?<\/strong><\/p>\n\n\n\n<blockquote class=\"wp-block-quote is-layout-flow wp-block-quote-is-layout-flow\">\n<p>Temos constitu\u00edda unha plataforma en defensa da sanidade onde est\u00e1n todos os grupos municipais , persoal sanitario, e veci\u00f1os e veci\u00f1as do tecido asociativo. A realidade do Rosal \u00e9 a de toda Galicia: unha situaci\u00f3n de precariedade evidente. N\u00f3s tivemos alg\u00fan momento hai arredor de seis meses nos que chegamos a estar sen ning\u00fan m\u00e9dico.<\/p>\n<\/blockquote>\n\n\n\n<p><strong>Sen un s\u00f3 m\u00e9dico ?<\/strong><\/p>\n\n\n\n<blockquote class=\"wp-block-quote is-layout-flow wp-block-quote-is-layout-flow\">\n<p>Si, por desgraza houbo momentos nos que si.<\/p>\n<\/blockquote>\n\n\n\n<p><strong>E agora?<\/strong><\/p>\n\n\n\n<blockquote class=\"wp-block-quote is-layout-flow wp-block-quote-is-layout-flow\">\n<p>Temos dous de catro.<\/p>\n<\/blockquote>\n\n\n\n<p><strong>Esta entrevista fac\u00e9mola antes da manifestaci\u00f3n pola defensa da sanidade p\u00fablica que se celebrar\u00e1 o pr\u00f3ximo d\u00eda 12, malia que a imos publicar despois. Ti vas estar nesa manifestaci\u00f3n?<\/strong><\/p>\n\n\n\n<blockquote class=\"wp-block-quote is-layout-flow wp-block-quote-is-layout-flow\">\n<p>Por suposto.<\/p>\n<\/blockquote>\n\n\n\n<p><strong>A Feira do vi\u00f1o 2022 que resultado tivo?<\/strong><\/p>\n\n\n\n<blockquote class=\"wp-block-quote is-layout-flow wp-block-quote-is-layout-flow\">\n<p>Ben esta feira sempre \u00e9 en xullo .Ese ano pas\u00e1mola a outubro polo asunto das obras e para min foi un momento hist\u00f3rico porque estabamos a vivir a recuperaci\u00f3n da praza do Calvario. O resultado foi moi satisfactorio A Feira tivo un importante punto inclusivo cos \u201c Xogos da Empat\u00eda\u201d.Colaboramos con diversas asociaci\u00f3ns que traballan coa diversidade funcional facendo todo tipo de actividades para as familias.<\/p>\n<\/blockquote>\n\n\n\n<blockquote class=\"wp-block-quote is-layout-flow wp-block-quote-is-layout-flow\">\n<p>Por outra parte tratamos de trasladar o que \u00e9 o propio vi\u00f1o para n\u00f3s: un referente da nosa cultura e da nosa idiosincrasia .<\/p>\n<\/blockquote>\n\n\n\n<p><strong>Que tal as t\u00faas relaci\u00f3ns coa DEPO?<\/strong><\/p>\n\n\n\n<blockquote class=\"wp-block-quote is-layout-flow wp-block-quote-is-layout-flow\">\n<p>Moi boas. Sempre sent\u00edn que nos trataban de maneira xusta.<\/p>\n<\/blockquote>\n\n\n\n<p><strong>E coa Xunta?<\/strong><\/p>\n\n\n\n<pre class=\"wp-block-verse\">Temos boa relaci\u00f3n institucional. Pero hai unha diferenza importante entre o tratamento que d\u00e1 a Deputaci\u00f3n e o que d\u00e1 a Xunta. A DEPO reparte equitativamente os fondos en funci\u00f3n de criterios obxectivos. E a Xunta faino de xeito discrecional.<\/pre>\n\n\n\n<p><strong>Ti cres que no reparto de fondos a Xunta favorece aos concellos gobernados polo PP?<\/strong><\/p>\n\n\n\n<blockquote class=\"wp-block-quote is-layout-flow wp-block-quote-is-layout-flow\">\n<p>Eu creo que todas as administraci\u00f3ns p\u00fablicas deber\u00edan de repartir os fondos en funci\u00f3n de criterios obxectivos.<\/p>\n<\/blockquote>\n\n\n\n<p><strong>Enc\u00f3ntraste con folgos para aspirar a un novo mandato?<\/strong><\/p>\n\n\n\n<blockquote class=\"wp-block-quote is-layout-flow wp-block-quote-is-layout-flow\">\n<p>Eu estou moi ilusionada e con moitas ga\u00f1as de seguir a dispor da veci\u00f1anza para mellorar a realidade do noso pobo.<\/p>\n<\/blockquote>\n\n\n\n<p><strong>As expectativas coas que vos presentades?<\/strong><\/p>\n\n\n\n<blockquote class=\"wp-block-quote is-layout-flow wp-block-quote-is-layout-flow\">\n<p>Desde a humildade m\u00e1is absoluta o noso reto \u00e9 facer que a nosa base social sexa cada vez m\u00e1is ampla.<\/p>\n<\/blockquote>\n","protected":false},"excerpt":{"rendered":"<div class=\"mh-excerpt\"><p>Nos 34 concellos que constit\u00faen a \u00e1rea de influencia de A Nova Peneira danse todo tipo de situaci\u00f3ns pol\u00edticas. Desde as que son de enorme complexidade ata as que non parece nada dif\u00edcil adivi\u00f1ar o que vai acontecer <a class=\"mh-excerpt-more\" href=\"https:\/\/www.anovapeneira.gal\/index.php\/2023\/02\/16\/anxela-fernandez-alcaldesa-do-rosal-2\/\" title=\"\u00c1nxela Fern\u00e1ndez , alcaldesa do Rosal\">[&#8230;]<\/a><\/p>\n<\/div>","protected":false},"author":2,"featured_media":9108,"comment_status":"open","ping_status":"open","sticky":false,"template":"","format":"standard","meta":{"_exactmetrics_skip_tracking":false,"_exactmetrics_sitenote_active":false,"_exactmetrics_sitenote_note":"","_exactmetrics_sitenote_category":0,"footnotes":""},"categories":[266],"tags":[131],"class_list":{"0":"post-9106","1":"post","2":"type-post","3":"status-publish","4":"format-standard","5":"has-post-thumbnail","7":"category-baixo-mino-entrevistas","8":"tag-concello-do-rosal"},"yoast_head":"<!-- This site is optimized with the Yoast SEO plugin v27.4 - https:\/\/yoast.com\/product\/yoast-seo-wordpress\/ -->\n<title>\u00c1nxela Fern\u00e1ndez , alcaldesa do Rosal -<\/title>\n<meta name=\"description\" content=\"Nos 34 concellos que constit\u00faen a \u00e1rea de influencia de A Nova Peneira danse todo tipo de situaci\u00f3ns pol\u00edticas. Desde as que son de enorme complexidade ata as que non parece nada dif\u00edcil adivi\u00f1ar o que vai acontecer\" \/>\n<meta name=\"robots\" content=\"index, follow, max-snippet:-1, max-image-preview:large, max-video-preview:-1\" \/>\n<link rel=\"canonical\" href=\"https:\/\/www.anovapeneira.gal\/index.php\/2023\/02\/16\/anxela-fernandez-alcaldesa-do-rosal-2\/\" \/>\n<meta property=\"og:locale\" content=\"gl_ES\" \/>\n<meta property=\"og:type\" content=\"article\" \/>\n<meta property=\"og:title\" content=\"\u00c1nxela Fern\u00e1ndez , alcaldesa do Rosal -\" \/>\n<meta property=\"og:description\" content=\"Nos 34 concellos que constit\u00faen a \u00e1rea de influencia de A Nova Peneira danse todo tipo de situaci\u00f3ns pol\u00edticas. Desde as que son de enorme complexidade ata as que non parece nada dif\u00edcil adivi\u00f1ar o que vai acontecer\" \/>\n<meta property=\"og:url\" content=\"https:\/\/www.anovapeneira.gal\/index.php\/2023\/02\/16\/anxela-fernandez-alcaldesa-do-rosal-2\/\" \/>\n<meta property=\"article:publisher\" content=\"https:\/\/www.facebook.com\/anovapeneira\" \/>\n<meta property=\"article:published_time\" content=\"2023-02-16T11:00:29+00:00\" \/>\n<meta property=\"og:image\" content=\"https:\/\/www.anovapeneira.gal\/wp-content\/uploads\/2023\/02\/anxela_o_rosal_alcaldesa.jpg\" \/>\n\t<meta property=\"og:image:width\" content=\"720\" \/>\n\t<meta property=\"og:image:height\" content=\"432\" \/>\n\t<meta property=\"og:image:type\" content=\"image\/jpeg\" \/>\n<meta name=\"author\" content=\"Tino Lago\" \/>\n<meta name=\"twitter:card\" content=\"summary_large_image\" \/>\n<meta name=\"twitter:creator\" content=\"@APeneira\" \/>\n<meta name=\"twitter:site\" content=\"@APeneira\" \/>\n<meta name=\"twitter:label1\" content=\"Escrito por\" \/>\n\t<meta name=\"twitter:data1\" content=\"Tino Lago\" \/>\n\t<meta name=\"twitter:label2\" content=\"Tempo de lectura\" \/>\n\t<meta name=\"twitter:data2\" content=\"8 minutos\" \/>\n<script type=\"application\/ld+json\" class=\"yoast-schema-graph\">{\"@context\":\"https:\\\/\\\/schema.org\",\"@graph\":[{\"@type\":\"Article\",\"@id\":\"https:\\\/\\\/www.anovapeneira.gal\\\/index.php\\\/2023\\\/02\\\/16\\\/anxela-fernandez-alcaldesa-do-rosal-2\\\/#article\",\"isPartOf\":{\"@id\":\"https:\\\/\\\/www.anovapeneira.gal\\\/index.php\\\/2023\\\/02\\\/16\\\/anxela-fernandez-alcaldesa-do-rosal-2\\\/\"},\"author\":{\"name\":\"Tino Lago\",\"@id\":\"https:\\\/\\\/www.anovapeneira.gal\\\/#\\\/schema\\\/person\\\/424dfe65e3070fd8a44d22d2c088762a\"},\"headline\":\"\u00c1nxela Fern\u00e1ndez , alcaldesa do Rosal\",\"datePublished\":\"2023-02-16T11:00:29+00:00\",\"mainEntityOfPage\":{\"@id\":\"https:\\\/\\\/www.anovapeneira.gal\\\/index.php\\\/2023\\\/02\\\/16\\\/anxela-fernandez-alcaldesa-do-rosal-2\\\/\"},\"wordCount\":1441,\"commentCount\":0,\"publisher\":{\"@id\":\"https:\\\/\\\/www.anovapeneira.gal\\\/#organization\"},\"image\":{\"@id\":\"https:\\\/\\\/www.anovapeneira.gal\\\/index.php\\\/2023\\\/02\\\/16\\\/anxela-fernandez-alcaldesa-do-rosal-2\\\/#primaryimage\"},\"thumbnailUrl\":\"https:\\\/\\\/www.anovapeneira.gal\\\/wp-content\\\/uploads\\\/2023\\\/02\\\/anxela_o_rosal_alcaldesa.jpg\",\"keywords\":[\"Concello do Rosal\"],\"articleSection\":[\"Baixo Mi\u00f1o\"],\"inLanguage\":\"gl-ES\",\"potentialAction\":[{\"@type\":\"CommentAction\",\"name\":\"Comment\",\"target\":[\"https:\\\/\\\/www.anovapeneira.gal\\\/index.php\\\/2023\\\/02\\\/16\\\/anxela-fernandez-alcaldesa-do-rosal-2\\\/#respond\"]}]},{\"@type\":\"WebPage\",\"@id\":\"https:\\\/\\\/www.anovapeneira.gal\\\/index.php\\\/2023\\\/02\\\/16\\\/anxela-fernandez-alcaldesa-do-rosal-2\\\/\",\"url\":\"https:\\\/\\\/www.anovapeneira.gal\\\/index.php\\\/2023\\\/02\\\/16\\\/anxela-fernandez-alcaldesa-do-rosal-2\\\/\",\"name\":\"\u00c1nxela Fern\u00e1ndez , alcaldesa do Rosal -\",\"isPartOf\":{\"@id\":\"https:\\\/\\\/www.anovapeneira.gal\\\/#website\"},\"primaryImageOfPage\":{\"@id\":\"https:\\\/\\\/www.anovapeneira.gal\\\/index.php\\\/2023\\\/02\\\/16\\\/anxela-fernandez-alcaldesa-do-rosal-2\\\/#primaryimage\"},\"image\":{\"@id\":\"https:\\\/\\\/www.anovapeneira.gal\\\/index.php\\\/2023\\\/02\\\/16\\\/anxela-fernandez-alcaldesa-do-rosal-2\\\/#primaryimage\"},\"thumbnailUrl\":\"https:\\\/\\\/www.anovapeneira.gal\\\/wp-content\\\/uploads\\\/2023\\\/02\\\/anxela_o_rosal_alcaldesa.jpg\",\"datePublished\":\"2023-02-16T11:00:29+00:00\",\"description\":\"Nos 34 concellos que constit\u00faen a \u00e1rea de influencia de A Nova Peneira danse todo tipo de situaci\u00f3ns pol\u00edticas. Desde as que son de enorme complexidade ata as que non parece nada dif\u00edcil adivi\u00f1ar o que vai acontecer\",\"breadcrumb\":{\"@id\":\"https:\\\/\\\/www.anovapeneira.gal\\\/index.php\\\/2023\\\/02\\\/16\\\/anxela-fernandez-alcaldesa-do-rosal-2\\\/#breadcrumb\"},\"inLanguage\":\"gl-ES\",\"potentialAction\":[{\"@type\":\"ReadAction\",\"target\":[\"https:\\\/\\\/www.anovapeneira.gal\\\/index.php\\\/2023\\\/02\\\/16\\\/anxela-fernandez-alcaldesa-do-rosal-2\\\/\"]}]},{\"@type\":\"ImageObject\",\"inLanguage\":\"gl-ES\",\"@id\":\"https:\\\/\\\/www.anovapeneira.gal\\\/index.php\\\/2023\\\/02\\\/16\\\/anxela-fernandez-alcaldesa-do-rosal-2\\\/#primaryimage\",\"url\":\"https:\\\/\\\/www.anovapeneira.gal\\\/wp-content\\\/uploads\\\/2023\\\/02\\\/anxela_o_rosal_alcaldesa.jpg\",\"contentUrl\":\"https:\\\/\\\/www.anovapeneira.gal\\\/wp-content\\\/uploads\\\/2023\\\/02\\\/anxela_o_rosal_alcaldesa.jpg\",\"width\":720,\"height\":432,\"caption\":\"\u00c1nxela Fern\u00e1ndez , alcaldesa do Rosal\"},{\"@type\":\"BreadcrumbList\",\"@id\":\"https:\\\/\\\/www.anovapeneira.gal\\\/index.php\\\/2023\\\/02\\\/16\\\/anxela-fernandez-alcaldesa-do-rosal-2\\\/#breadcrumb\",\"itemListElement\":[{\"@type\":\"ListItem\",\"position\":1,\"name\":\"Portada\",\"item\":\"https:\\\/\\\/www.anovapeneira.gal\\\/\"},{\"@type\":\"ListItem\",\"position\":2,\"name\":\"\u00c1nxela Fern\u00e1ndez , alcaldesa do Rosal\"}]},{\"@type\":\"WebSite\",\"@id\":\"https:\\\/\\\/www.anovapeneira.gal\\\/#website\",\"url\":\"https:\\\/\\\/www.anovapeneira.gal\\\/\",\"name\":\"\",\"description\":\"Xornal galego de informaci\u00f3n xeral Publicaci\u00f3n mensual de novas de Galicia e en especial dos Concellos da sur da provincia de Pontevedra.\",\"publisher\":{\"@id\":\"https:\\\/\\\/www.anovapeneira.gal\\\/#organization\"},\"potentialAction\":[{\"@type\":\"SearchAction\",\"target\":{\"@type\":\"EntryPoint\",\"urlTemplate\":\"https:\\\/\\\/www.anovapeneira.gal\\\/?s={search_term_string}\"},\"query-input\":{\"@type\":\"PropertyValueSpecification\",\"valueRequired\":true,\"valueName\":\"search_term_string\"}}],\"inLanguage\":\"gl-ES\"},{\"@type\":\"Organization\",\"@id\":\"https:\\\/\\\/www.anovapeneira.gal\\\/#organization\",\"name\":\"A Nova Peneira\",\"url\":\"https:\\\/\\\/www.anovapeneira.gal\\\/\",\"logo\":{\"@type\":\"ImageObject\",\"inLanguage\":\"gl-ES\",\"@id\":\"https:\\\/\\\/www.anovapeneira.gal\\\/#\\\/schema\\\/logo\\\/image\\\/\",\"url\":\"http:\\\/\\\/www.anovapeneira.gal\\\/wp-content\\\/uploads\\\/2019\\\/06\\\/logo_a_nova_peneira_portal_web.png\",\"contentUrl\":\"http:\\\/\\\/www.anovapeneira.gal\\\/wp-content\\\/uploads\\\/2019\\\/06\\\/logo_a_nova_peneira_portal_web.png\",\"width\":300,\"height\":100,\"caption\":\"A Nova Peneira\"},\"image\":{\"@id\":\"https:\\\/\\\/www.anovapeneira.gal\\\/#\\\/schema\\\/logo\\\/image\\\/\"},\"sameAs\":[\"https:\\\/\\\/www.facebook.com\\\/anovapeneira\",\"https:\\\/\\\/x.com\\\/APeneira\"]},{\"@type\":\"Person\",\"@id\":\"https:\\\/\\\/www.anovapeneira.gal\\\/#\\\/schema\\\/person\\\/424dfe65e3070fd8a44d22d2c088762a\",\"name\":\"Tino Lago\",\"image\":{\"@type\":\"ImageObject\",\"inLanguage\":\"gl-ES\",\"@id\":\"https:\\\/\\\/secure.gravatar.com\\\/avatar\\\/b3df6a06e44bab3111583b90f0f33a0379ee5e3d22cbadd232d39f21c30c62be?s=96&d=mm&r=g\",\"url\":\"https:\\\/\\\/secure.gravatar.com\\\/avatar\\\/b3df6a06e44bab3111583b90f0f33a0379ee5e3d22cbadd232d39f21c30c62be?s=96&d=mm&r=g\",\"contentUrl\":\"https:\\\/\\\/secure.gravatar.com\\\/avatar\\\/b3df6a06e44bab3111583b90f0f33a0379ee5e3d22cbadd232d39f21c30c62be?s=96&d=mm&r=g\",\"caption\":\"Tino Lago\"},\"sameAs\":[\"http:\\\/\\\/www.anovapeneira.gal\"],\"url\":\"https:\\\/\\\/www.anovapeneira.gal\\\/index.php\\\/author\\\/director\\\/\"}]}<\/script>\n<!-- \/ Yoast SEO plugin. -->","yoast_head_json":{"title":"\u00c1nxela Fern\u00e1ndez , alcaldesa do Rosal -","description":"Nos 34 concellos que constit\u00faen a \u00e1rea de influencia de A Nova Peneira danse todo tipo de situaci\u00f3ns pol\u00edticas. Desde as que son de enorme complexidade ata as que non parece nada dif\u00edcil adivi\u00f1ar o que vai acontecer","robots":{"index":"index","follow":"follow","max-snippet":"max-snippet:-1","max-image-preview":"max-image-preview:large","max-video-preview":"max-video-preview:-1"},"canonical":"https:\/\/www.anovapeneira.gal\/index.php\/2023\/02\/16\/anxela-fernandez-alcaldesa-do-rosal-2\/","og_locale":"gl_ES","og_type":"article","og_title":"\u00c1nxela Fern\u00e1ndez , alcaldesa do Rosal -","og_description":"Nos 34 concellos que constit\u00faen a \u00e1rea de influencia de A Nova Peneira danse todo tipo de situaci\u00f3ns pol\u00edticas. Desde as que son de enorme complexidade ata as que non parece nada dif\u00edcil adivi\u00f1ar o que vai acontecer","og_url":"https:\/\/www.anovapeneira.gal\/index.php\/2023\/02\/16\/anxela-fernandez-alcaldesa-do-rosal-2\/","article_publisher":"https:\/\/www.facebook.com\/anovapeneira","article_published_time":"2023-02-16T11:00:29+00:00","og_image":[{"width":720,"height":432,"url":"https:\/\/www.anovapeneira.gal\/wp-content\/uploads\/2023\/02\/anxela_o_rosal_alcaldesa.jpg","type":"image\/jpeg"}],"author":"Tino Lago","twitter_card":"summary_large_image","twitter_creator":"@APeneira","twitter_site":"@APeneira","twitter_misc":{"Escrito por":"Tino Lago","Tempo de lectura":"8 minutos"},"schema":{"@context":"https:\/\/schema.org","@graph":[{"@type":"Article","@id":"https:\/\/www.anovapeneira.gal\/index.php\/2023\/02\/16\/anxela-fernandez-alcaldesa-do-rosal-2\/#article","isPartOf":{"@id":"https:\/\/www.anovapeneira.gal\/index.php\/2023\/02\/16\/anxela-fernandez-alcaldesa-do-rosal-2\/"},"author":{"name":"Tino Lago","@id":"https:\/\/www.anovapeneira.gal\/#\/schema\/person\/424dfe65e3070fd8a44d22d2c088762a"},"headline":"\u00c1nxela Fern\u00e1ndez , alcaldesa do Rosal","datePublished":"2023-02-16T11:00:29+00:00","mainEntityOfPage":{"@id":"https:\/\/www.anovapeneira.gal\/index.php\/2023\/02\/16\/anxela-fernandez-alcaldesa-do-rosal-2\/"},"wordCount":1441,"commentCount":0,"publisher":{"@id":"https:\/\/www.anovapeneira.gal\/#organization"},"image":{"@id":"https:\/\/www.anovapeneira.gal\/index.php\/2023\/02\/16\/anxela-fernandez-alcaldesa-do-rosal-2\/#primaryimage"},"thumbnailUrl":"https:\/\/www.anovapeneira.gal\/wp-content\/uploads\/2023\/02\/anxela_o_rosal_alcaldesa.jpg","keywords":["Concello do Rosal"],"articleSection":["Baixo Mi\u00f1o"],"inLanguage":"gl-ES","potentialAction":[{"@type":"CommentAction","name":"Comment","target":["https:\/\/www.anovapeneira.gal\/index.php\/2023\/02\/16\/anxela-fernandez-alcaldesa-do-rosal-2\/#respond"]}]},{"@type":"WebPage","@id":"https:\/\/www.anovapeneira.gal\/index.php\/2023\/02\/16\/anxela-fernandez-alcaldesa-do-rosal-2\/","url":"https:\/\/www.anovapeneira.gal\/index.php\/2023\/02\/16\/anxela-fernandez-alcaldesa-do-rosal-2\/","name":"\u00c1nxela Fern\u00e1ndez , alcaldesa do Rosal -","isPartOf":{"@id":"https:\/\/www.anovapeneira.gal\/#website"},"primaryImageOfPage":{"@id":"https:\/\/www.anovapeneira.gal\/index.php\/2023\/02\/16\/anxela-fernandez-alcaldesa-do-rosal-2\/#primaryimage"},"image":{"@id":"https:\/\/www.anovapeneira.gal\/index.php\/2023\/02\/16\/anxela-fernandez-alcaldesa-do-rosal-2\/#primaryimage"},"thumbnailUrl":"https:\/\/www.anovapeneira.gal\/wp-content\/uploads\/2023\/02\/anxela_o_rosal_alcaldesa.jpg","datePublished":"2023-02-16T11:00:29+00:00","description":"Nos 34 concellos que constit\u00faen a \u00e1rea de influencia de A Nova Peneira danse todo tipo de situaci\u00f3ns pol\u00edticas. Desde as que son de enorme complexidade ata as que non parece nada dif\u00edcil adivi\u00f1ar o que vai acontecer","breadcrumb":{"@id":"https:\/\/www.anovapeneira.gal\/index.php\/2023\/02\/16\/anxela-fernandez-alcaldesa-do-rosal-2\/#breadcrumb"},"inLanguage":"gl-ES","potentialAction":[{"@type":"ReadAction","target":["https:\/\/www.anovapeneira.gal\/index.php\/2023\/02\/16\/anxela-fernandez-alcaldesa-do-rosal-2\/"]}]},{"@type":"ImageObject","inLanguage":"gl-ES","@id":"https:\/\/www.anovapeneira.gal\/index.php\/2023\/02\/16\/anxela-fernandez-alcaldesa-do-rosal-2\/#primaryimage","url":"https:\/\/www.anovapeneira.gal\/wp-content\/uploads\/2023\/02\/anxela_o_rosal_alcaldesa.jpg","contentUrl":"https:\/\/www.anovapeneira.gal\/wp-content\/uploads\/2023\/02\/anxela_o_rosal_alcaldesa.jpg","width":720,"height":432,"caption":"\u00c1nxela Fern\u00e1ndez , alcaldesa do Rosal"},{"@type":"BreadcrumbList","@id":"https:\/\/www.anovapeneira.gal\/index.php\/2023\/02\/16\/anxela-fernandez-alcaldesa-do-rosal-2\/#breadcrumb","itemListElement":[{"@type":"ListItem","position":1,"name":"Portada","item":"https:\/\/www.anovapeneira.gal\/"},{"@type":"ListItem","position":2,"name":"\u00c1nxela Fern\u00e1ndez , alcaldesa do Rosal"}]},{"@type":"WebSite","@id":"https:\/\/www.anovapeneira.gal\/#website","url":"https:\/\/www.anovapeneira.gal\/","name":"","description":"Xornal galego de informaci\u00f3n xeral Publicaci\u00f3n mensual de novas de Galicia e en especial dos Concellos da sur da provincia de Pontevedra.","publisher":{"@id":"https:\/\/www.anovapeneira.gal\/#organization"},"potentialAction":[{"@type":"SearchAction","target":{"@type":"EntryPoint","urlTemplate":"https:\/\/www.anovapeneira.gal\/?s={search_term_string}"},"query-input":{"@type":"PropertyValueSpecification","valueRequired":true,"valueName":"search_term_string"}}],"inLanguage":"gl-ES"},{"@type":"Organization","@id":"https:\/\/www.anovapeneira.gal\/#organization","name":"A Nova Peneira","url":"https:\/\/www.anovapeneira.gal\/","logo":{"@type":"ImageObject","inLanguage":"gl-ES","@id":"https:\/\/www.anovapeneira.gal\/#\/schema\/logo\/image\/","url":"http:\/\/www.anovapeneira.gal\/wp-content\/uploads\/2019\/06\/logo_a_nova_peneira_portal_web.png","contentUrl":"http:\/\/www.anovapeneira.gal\/wp-content\/uploads\/2019\/06\/logo_a_nova_peneira_portal_web.png","width":300,"height":100,"caption":"A Nova Peneira"},"image":{"@id":"https:\/\/www.anovapeneira.gal\/#\/schema\/logo\/image\/"},"sameAs":["https:\/\/www.facebook.com\/anovapeneira","https:\/\/x.com\/APeneira"]},{"@type":"Person","@id":"https:\/\/www.anovapeneira.gal\/#\/schema\/person\/424dfe65e3070fd8a44d22d2c088762a","name":"Tino Lago","image":{"@type":"ImageObject","inLanguage":"gl-ES","@id":"https:\/\/secure.gravatar.com\/avatar\/b3df6a06e44bab3111583b90f0f33a0379ee5e3d22cbadd232d39f21c30c62be?s=96&d=mm&r=g","url":"https:\/\/secure.gravatar.com\/avatar\/b3df6a06e44bab3111583b90f0f33a0379ee5e3d22cbadd232d39f21c30c62be?s=96&d=mm&r=g","contentUrl":"https:\/\/secure.gravatar.com\/avatar\/b3df6a06e44bab3111583b90f0f33a0379ee5e3d22cbadd232d39f21c30c62be?s=96&d=mm&r=g","caption":"Tino Lago"},"sameAs":["http:\/\/www.anovapeneira.gal"],"url":"https:\/\/www.anovapeneira.gal\/index.php\/author\/director\/"}]}},"jetpack_featured_media_url":"https:\/\/www.anovapeneira.gal\/wp-content\/uploads\/2023\/02\/anxela_o_rosal_alcaldesa.jpg","_links":{"self":[{"href":"https:\/\/www.anovapeneira.gal\/index.php\/wp-json\/wp\/v2\/posts\/9106","targetHints":{"allow":["GET"]}}],"collection":[{"href":"https:\/\/www.anovapeneira.gal\/index.php\/wp-json\/wp\/v2\/posts"}],"about":[{"href":"https:\/\/www.anovapeneira.gal\/index.php\/wp-json\/wp\/v2\/types\/post"}],"author":[{"embeddable":true,"href":"https:\/\/www.anovapeneira.gal\/index.php\/wp-json\/wp\/v2\/users\/2"}],"replies":[{"embeddable":true,"href":"https:\/\/www.anovapeneira.gal\/index.php\/wp-json\/wp\/v2\/comments?post=9106"}],"version-history":[{"count":2,"href":"https:\/\/www.anovapeneira.gal\/index.php\/wp-json\/wp\/v2\/posts\/9106\/revisions"}],"predecessor-version":[{"id":9109,"href":"https:\/\/www.anovapeneira.gal\/index.php\/wp-json\/wp\/v2\/posts\/9106\/revisions\/9109"}],"wp:featuredmedia":[{"embeddable":true,"href":"https:\/\/www.anovapeneira.gal\/index.php\/wp-json\/wp\/v2\/media\/9108"}],"wp:attachment":[{"href":"https:\/\/www.anovapeneira.gal\/index.php\/wp-json\/wp\/v2\/media?parent=9106"}],"wp:term":[{"taxonomy":"category","embeddable":true,"href":"https:\/\/www.anovapeneira.gal\/index.php\/wp-json\/wp\/v2\/categories?post=9106"},{"taxonomy":"post_tag","embeddable":true,"href":"https:\/\/www.anovapeneira.gal\/index.php\/wp-json\/wp\/v2\/tags?post=9106"}],"curies":[{"name":"wp","href":"https:\/\/api.w.org\/{rel}","templated":true}]}}