{"id":911,"date":"2019-08-13T14:00:47","date_gmt":"2019-08-13T12:00:47","guid":{"rendered":"http:\/\/www.anovapeneira.gal\/?p=911"},"modified":"2019-08-09T16:31:42","modified_gmt":"2019-08-09T14:31:42","slug":"o-i-torneo-internacionaol-ms2-cup-chega-a-ponteareas-do-15-ao-25-de-agosto-da-man-de-michel-salgado","status":"publish","type":"post","link":"https:\/\/www.anovapeneira.gal\/index.php\/2019\/08\/13\/o-i-torneo-internacionaol-ms2-cup-chega-a-ponteareas-do-15-ao-25-de-agosto-da-man-de-michel-salgado\/","title":{"rendered":"O I Torneo Internacionaol MS2 Cup chega a Ponteareas do 15 ao 25 de agosto da man de Michel Salgado"},"content":{"rendered":"\n<h2 class=\"wp-block-heading\"><strong>A inscrici\u00f3n \u00e9 de balde e xa est\u00e1n confirmados o Celta de Vigo, o Deportivo, o Lugo, o Pontevedra o Porto ou o Spanish Soccer School de Dubai, entre outros equipos<\/strong><\/h2>\n\n\n\n<h2 class=\"wp-block-heading\"><strong>O partido Celta de Vigo-Deportivo da Coru\u00f1a pecha o torneo o vindeiro d\u00eda 25 de agosto<\/strong><\/h2>\n\n\n\n<p>\n<strong>Ponteareas,\n31 de xullo de 2019<\/strong><\/p>\n\n\n\n<p>O concello\nde Ponteareas acoller\u00e1 o I Torneo Internacional MS2 Cup (Michel\nSalgado) que ter\u00e1 lugar do 15 ao 25 no campo municipal de Pardellas\nnas categor\u00edas de prebenxam\u00edn, benxam\u00edn, alev\u00edn, infantil e\ncadete.<\/p>\n\n\n\n<p>A\norganizaci\u00f3n informa que os equipos interesados poden inscribirse\ntotalmente gratis ata o 5 de agosto no n\u00famero de tel\u00e9fono 639 30 30\n35 ou no enderezo electr\u00f3nico <a href=\"mailto:ricardofreire66@hotmail.com\">ricardofreire66@hotmail.com<\/a><\/p>\n\n\n\n<p>A d\u00eda de\nhoxe xa est\u00e1 confirmada a inscrici\u00f3n do Celta de Vigo, do Deportivo\nda Coru\u00f1a, do Porto (Portugal), do Spanish Soccer School (Dubai), do\nLugo, do Pontevedra, do L\u00e9rez, do\nVictoria de Santiago, do Val Mi\u00f1or, do Oroso de Santiago, do Choco,\ndo Vila do Corpus, do Porri\u00f1o Industrial, do Santa Marina e do\nR\u00e1pido de Bouzas, entre outros equipos chegados de todo o territorio\ngalego e de distintos estados do estranxeiro.<\/p>\n\n\n\n<figure class=\"wp-block-image\"><img loading=\"lazy\" decoding=\"async\" width=\"724\" height=\"1024\" src=\"http:\/\/www.anovapeneira.gal\/wp-content\/uploads\/2019\/08\/MS2_degrad_cartel-724x1024.jpg\" alt=\"Torneo MS2 Cup Concello de Ponteareas A Nova Peneira\" class=\"wp-image-899\" srcset=\"https:\/\/www.anovapeneira.gal\/wp-content\/uploads\/2019\/08\/MS2_degrad_cartel-724x1024.jpg 724w, https:\/\/www.anovapeneira.gal\/wp-content\/uploads\/2019\/08\/MS2_degrad_cartel-212x300.jpg 212w, https:\/\/www.anovapeneira.gal\/wp-content\/uploads\/2019\/08\/MS2_degrad_cartel-768x1086.jpg 768w, https:\/\/www.anovapeneira.gal\/wp-content\/uploads\/2019\/08\/MS2_degrad_cartel.jpg 1754w\" sizes=\"auto, (max-width: 724px) 100vw, 724px\" \/><\/figure>\n\n\n\n<p>O\nd\u00eda 25 de agosto os espectadores gozar\u00e1n do espect\u00e1culo do f\u00fatbol\ncun Celta de Vigo-Deportivo da Coru\u00f1a na categor\u00eda de veteranos.<\/p>\n\n\n\n<p>As\nfinais ser\u00e1n os d\u00edas 18, 24 e 25 dependendo da categor\u00eda.<\/p>\n\n\n\n<p>Por\noutro lado, por segundo ano consecutivo o alumnado da escola de\nf\u00fatbol MS2 que dirixe Michel Salgado chegar\u00e1 o vindeiro d\u00eda 13\npara adestrar a diario no campo de Pardellas. \n<\/p>\n\n\n\n<p>O\nconcello de Ponteareas a trav\u00e9s da conceller\u00eda de Deportes en\ncolaboraci\u00f3n co resto das conceller\u00edas colaborar\u00e1 no\ndesenvolvemento deste torneo que congregar\u00e1 a centos de cativos e\ncativas chegados de distintos puntos do mundo. \n<\/p>\n","protected":false},"excerpt":{"rendered":"<div class=\"mh-excerpt\"><p>A inscrici\u00f3n \u00e9 de balde e xa est\u00e1n confirmados o Celta de Vigo, o Deportivo, o Lugo, o Pontevedra o Porto ou o Spanish Soccer School de Dubai, entre outros equipos <a class=\"mh-excerpt-more\" href=\"https:\/\/www.anovapeneira.gal\/index.php\/2019\/08\/13\/o-i-torneo-internacionaol-ms2-cup-chega-a-ponteareas-do-15-ao-25-de-agosto-da-man-de-michel-salgado\/\" title=\"O I Torneo Internacionaol MS2 Cup chega a Ponteareas do 15 ao 25 de agosto da man de Michel Salgado\">[&#8230;]<\/a><\/p>\n<\/div>","protected":false},"author":3,"featured_media":898,"comment_status":"open","ping_status":"open","sticky":false,"template":"","format":"standard","meta":{"_exactmetrics_skip_tracking":false,"_exactmetrics_sitenote_active":false,"_exactmetrics_sitenote_note":"","_exactmetrics_sitenote_category":0,"footnotes":""},"categories":[25],"tags":[421,208,56,422,368,420,419],"class_list":{"0":"post-911","1":"post","2":"type-post","3":"status-publish","4":"format-standard","5":"has-post-thumbnail","7":"category-condado","8":"tag-celta-de-vigo","9":"tag-concello-de-ponteareas","10":"tag-deporte","11":"tag-deportivo-da-coruna","12":"tag-futbol","13":"tag-michel-salgado","14":"tag-torneo-internacional-ms2-cup"},"yoast_head":"<!-- This site is optimized with the Yoast SEO plugin v27.4 - https:\/\/yoast.com\/product\/yoast-seo-wordpress\/ -->\n<title>O I Torneo Internacionaol MS2 Cup chega a Ponteareas do 15 ao 25 de agosto da man de Michel Salgado -<\/title>\n<meta name=\"robots\" content=\"index, follow, max-snippet:-1, max-image-preview:large, max-video-preview:-1\" \/>\n<link rel=\"canonical\" href=\"https:\/\/www.anovapeneira.gal\/index.php\/2019\/08\/13\/o-i-torneo-internacionaol-ms2-cup-chega-a-ponteareas-do-15-ao-25-de-agosto-da-man-de-michel-salgado\/\" \/>\n<meta property=\"og:locale\" content=\"gl_ES\" \/>\n<meta property=\"og:type\" content=\"article\" \/>\n<meta property=\"og:title\" content=\"O I Torneo Internacionaol MS2 Cup chega a Ponteareas do 15 ao 25 de agosto da man de Michel Salgado -\" \/>\n<meta property=\"og:description\" content=\"A inscrici\u00f3n \u00e9 de balde e xa est\u00e1n confirmados o Celta de Vigo, o Deportivo, o Lugo, o Pontevedra o Porto ou o Spanish Soccer School de Dubai, entre outros equipos [...]\" \/>\n<meta property=\"og:url\" content=\"https:\/\/www.anovapeneira.gal\/index.php\/2019\/08\/13\/o-i-torneo-internacionaol-ms2-cup-chega-a-ponteareas-do-15-ao-25-de-agosto-da-man-de-michel-salgado\/\" \/>\n<meta property=\"article:publisher\" content=\"https:\/\/www.facebook.com\/anovapeneira\" \/>\n<meta property=\"article:published_time\" content=\"2019-08-13T12:00:47+00:00\" \/>\n<meta property=\"og:image\" content=\"https:\/\/www.anovapeneira.gal\/wp-content\/uploads\/2019\/08\/MS2_degrad_a_nova_peneira.jpg\" \/>\n\t<meta property=\"og:image:width\" content=\"720\" \/>\n\t<meta property=\"og:image:height\" content=\"473\" \/>\n\t<meta property=\"og:image:type\" content=\"image\/jpeg\" \/>\n<meta name=\"author\" content=\"Redacci\u00f3n A Nova Peneira\" \/>\n<meta name=\"twitter:card\" content=\"summary_large_image\" \/>\n<meta name=\"twitter:creator\" content=\"@APeneira\" \/>\n<meta name=\"twitter:site\" content=\"@APeneira\" \/>\n<meta name=\"twitter:label1\" content=\"Escrito por\" \/>\n\t<meta name=\"twitter:data1\" content=\"Redacci\u00f3n A Nova Peneira\" \/>\n\t<meta name=\"twitter:label2\" content=\"Tempo de lectura\" \/>\n\t<meta name=\"twitter:data2\" content=\"2 minutos\" \/>\n<script type=\"application\/ld+json\" class=\"yoast-schema-graph\">{\"@context\":\"https:\\\/\\\/schema.org\",\"@graph\":[{\"@type\":\"Article\",\"@id\":\"https:\\\/\\\/www.anovapeneira.gal\\\/index.php\\\/2019\\\/08\\\/13\\\/o-i-torneo-internacionaol-ms2-cup-chega-a-ponteareas-do-15-ao-25-de-agosto-da-man-de-michel-salgado\\\/#article\",\"isPartOf\":{\"@id\":\"https:\\\/\\\/www.anovapeneira.gal\\\/index.php\\\/2019\\\/08\\\/13\\\/o-i-torneo-internacionaol-ms2-cup-chega-a-ponteareas-do-15-ao-25-de-agosto-da-man-de-michel-salgado\\\/\"},\"author\":{\"name\":\"Redacci\u00f3n A Nova Peneira\",\"@id\":\"https:\\\/\\\/www.anovapeneira.gal\\\/#\\\/schema\\\/person\\\/b93e3f8932e3f8da96334607eb6ac6aa\"},\"headline\":\"O I Torneo Internacionaol MS2 Cup chega a Ponteareas do 15 ao 25 de agosto da man de Michel Salgado\",\"datePublished\":\"2019-08-13T12:00:47+00:00\",\"mainEntityOfPage\":{\"@id\":\"https:\\\/\\\/www.anovapeneira.gal\\\/index.php\\\/2019\\\/08\\\/13\\\/o-i-torneo-internacionaol-ms2-cup-chega-a-ponteareas-do-15-ao-25-de-agosto-da-man-de-michel-salgado\\\/\"},\"wordCount\":328,\"commentCount\":0,\"publisher\":{\"@id\":\"https:\\\/\\\/www.anovapeneira.gal\\\/#organization\"},\"image\":{\"@id\":\"https:\\\/\\\/www.anovapeneira.gal\\\/index.php\\\/2019\\\/08\\\/13\\\/o-i-torneo-internacionaol-ms2-cup-chega-a-ponteareas-do-15-ao-25-de-agosto-da-man-de-michel-salgado\\\/#primaryimage\"},\"thumbnailUrl\":\"https:\\\/\\\/www.anovapeneira.gal\\\/wp-content\\\/uploads\\\/2019\\\/08\\\/MS2_degrad_a_nova_peneira.jpg\",\"keywords\":[\"Celta de Vigo\",\"Concello de Ponteareas\",\"Deporte\",\"Deportivo da Coru\u00f1a\",\"F\u00fatbol\",\"Michel Salgado\",\"Torneo Internacional MS2 Cup\"],\"articleSection\":[\"Condado\"],\"inLanguage\":\"gl-ES\",\"potentialAction\":[{\"@type\":\"CommentAction\",\"name\":\"Comment\",\"target\":[\"https:\\\/\\\/www.anovapeneira.gal\\\/index.php\\\/2019\\\/08\\\/13\\\/o-i-torneo-internacionaol-ms2-cup-chega-a-ponteareas-do-15-ao-25-de-agosto-da-man-de-michel-salgado\\\/#respond\"]}]},{\"@type\":\"WebPage\",\"@id\":\"https:\\\/\\\/www.anovapeneira.gal\\\/index.php\\\/2019\\\/08\\\/13\\\/o-i-torneo-internacionaol-ms2-cup-chega-a-ponteareas-do-15-ao-25-de-agosto-da-man-de-michel-salgado\\\/\",\"url\":\"https:\\\/\\\/www.anovapeneira.gal\\\/index.php\\\/2019\\\/08\\\/13\\\/o-i-torneo-internacionaol-ms2-cup-chega-a-ponteareas-do-15-ao-25-de-agosto-da-man-de-michel-salgado\\\/\",\"name\":\"O I Torneo Internacionaol MS2 Cup chega a Ponteareas do 15 ao 25 de agosto da man de Michel Salgado -\",\"isPartOf\":{\"@id\":\"https:\\\/\\\/www.anovapeneira.gal\\\/#website\"},\"primaryImageOfPage\":{\"@id\":\"https:\\\/\\\/www.anovapeneira.gal\\\/index.php\\\/2019\\\/08\\\/13\\\/o-i-torneo-internacionaol-ms2-cup-chega-a-ponteareas-do-15-ao-25-de-agosto-da-man-de-michel-salgado\\\/#primaryimage\"},\"image\":{\"@id\":\"https:\\\/\\\/www.anovapeneira.gal\\\/index.php\\\/2019\\\/08\\\/13\\\/o-i-torneo-internacionaol-ms2-cup-chega-a-ponteareas-do-15-ao-25-de-agosto-da-man-de-michel-salgado\\\/#primaryimage\"},\"thumbnailUrl\":\"https:\\\/\\\/www.anovapeneira.gal\\\/wp-content\\\/uploads\\\/2019\\\/08\\\/MS2_degrad_a_nova_peneira.jpg\",\"datePublished\":\"2019-08-13T12:00:47+00:00\",\"breadcrumb\":{\"@id\":\"https:\\\/\\\/www.anovapeneira.gal\\\/index.php\\\/2019\\\/08\\\/13\\\/o-i-torneo-internacionaol-ms2-cup-chega-a-ponteareas-do-15-ao-25-de-agosto-da-man-de-michel-salgado\\\/#breadcrumb\"},\"inLanguage\":\"gl-ES\",\"potentialAction\":[{\"@type\":\"ReadAction\",\"target\":[\"https:\\\/\\\/www.anovapeneira.gal\\\/index.php\\\/2019\\\/08\\\/13\\\/o-i-torneo-internacionaol-ms2-cup-chega-a-ponteareas-do-15-ao-25-de-agosto-da-man-de-michel-salgado\\\/\"]}]},{\"@type\":\"ImageObject\",\"inLanguage\":\"gl-ES\",\"@id\":\"https:\\\/\\\/www.anovapeneira.gal\\\/index.php\\\/2019\\\/08\\\/13\\\/o-i-torneo-internacionaol-ms2-cup-chega-a-ponteareas-do-15-ao-25-de-agosto-da-man-de-michel-salgado\\\/#primaryimage\",\"url\":\"https:\\\/\\\/www.anovapeneira.gal\\\/wp-content\\\/uploads\\\/2019\\\/08\\\/MS2_degrad_a_nova_peneira.jpg\",\"contentUrl\":\"https:\\\/\\\/www.anovapeneira.gal\\\/wp-content\\\/uploads\\\/2019\\\/08\\\/MS2_degrad_a_nova_peneira.jpg\",\"width\":720,\"height\":473},{\"@type\":\"BreadcrumbList\",\"@id\":\"https:\\\/\\\/www.anovapeneira.gal\\\/index.php\\\/2019\\\/08\\\/13\\\/o-i-torneo-internacionaol-ms2-cup-chega-a-ponteareas-do-15-ao-25-de-agosto-da-man-de-michel-salgado\\\/#breadcrumb\",\"itemListElement\":[{\"@type\":\"ListItem\",\"position\":1,\"name\":\"Portada\",\"item\":\"https:\\\/\\\/www.anovapeneira.gal\\\/\"},{\"@type\":\"ListItem\",\"position\":2,\"name\":\"O I Torneo Internacionaol MS2 Cup chega a Ponteareas do 15 ao 25 de agosto da man de Michel Salgado\"}]},{\"@type\":\"WebSite\",\"@id\":\"https:\\\/\\\/www.anovapeneira.gal\\\/#website\",\"url\":\"https:\\\/\\\/www.anovapeneira.gal\\\/\",\"name\":\"\",\"description\":\"Xornal galego de informaci\u00f3n xeral Publicaci\u00f3n mensual de novas de Galicia e en especial dos Concellos da sur da provincia de Pontevedra.\",\"publisher\":{\"@id\":\"https:\\\/\\\/www.anovapeneira.gal\\\/#organization\"},\"potentialAction\":[{\"@type\":\"SearchAction\",\"target\":{\"@type\":\"EntryPoint\",\"urlTemplate\":\"https:\\\/\\\/www.anovapeneira.gal\\\/?s={search_term_string}\"},\"query-input\":{\"@type\":\"PropertyValueSpecification\",\"valueRequired\":true,\"valueName\":\"search_term_string\"}}],\"inLanguage\":\"gl-ES\"},{\"@type\":\"Organization\",\"@id\":\"https:\\\/\\\/www.anovapeneira.gal\\\/#organization\",\"name\":\"A Nova Peneira\",\"url\":\"https:\\\/\\\/www.anovapeneira.gal\\\/\",\"logo\":{\"@type\":\"ImageObject\",\"inLanguage\":\"gl-ES\",\"@id\":\"https:\\\/\\\/www.anovapeneira.gal\\\/#\\\/schema\\\/logo\\\/image\\\/\",\"url\":\"http:\\\/\\\/www.anovapeneira.gal\\\/wp-content\\\/uploads\\\/2019\\\/06\\\/logo_a_nova_peneira_portal_web.png\",\"contentUrl\":\"http:\\\/\\\/www.anovapeneira.gal\\\/wp-content\\\/uploads\\\/2019\\\/06\\\/logo_a_nova_peneira_portal_web.png\",\"width\":300,\"height\":100,\"caption\":\"A Nova Peneira\"},\"image\":{\"@id\":\"https:\\\/\\\/www.anovapeneira.gal\\\/#\\\/schema\\\/logo\\\/image\\\/\"},\"sameAs\":[\"https:\\\/\\\/www.facebook.com\\\/anovapeneira\",\"https:\\\/\\\/x.com\\\/APeneira\"]},{\"@type\":\"Person\",\"@id\":\"https:\\\/\\\/www.anovapeneira.gal\\\/#\\\/schema\\\/person\\\/b93e3f8932e3f8da96334607eb6ac6aa\",\"name\":\"Redacci\u00f3n A Nova Peneira\",\"image\":{\"@type\":\"ImageObject\",\"inLanguage\":\"gl-ES\",\"@id\":\"https:\\\/\\\/secure.gravatar.com\\\/avatar\\\/c052a2551a06e23fac63626232eaa90abd78dbcf1700fc46a2b2c89fd27b735f?s=96&d=mm&r=g\",\"url\":\"https:\\\/\\\/secure.gravatar.com\\\/avatar\\\/c052a2551a06e23fac63626232eaa90abd78dbcf1700fc46a2b2c89fd27b735f?s=96&d=mm&r=g\",\"contentUrl\":\"https:\\\/\\\/secure.gravatar.com\\\/avatar\\\/c052a2551a06e23fac63626232eaa90abd78dbcf1700fc46a2b2c89fd27b735f?s=96&d=mm&r=g\",\"caption\":\"Redacci\u00f3n A Nova Peneira\"},\"sameAs\":[\"http:\\\/\\\/www.anovapeneira.gal\\\/\"],\"url\":\"https:\\\/\\\/www.anovapeneira.gal\\\/index.php\\\/author\\\/redactor\\\/\"}]}<\/script>\n<!-- \/ Yoast SEO plugin. -->","yoast_head_json":{"title":"O I Torneo Internacionaol MS2 Cup chega a Ponteareas do 15 ao 25 de agosto da man de Michel Salgado -","robots":{"index":"index","follow":"follow","max-snippet":"max-snippet:-1","max-image-preview":"max-image-preview:large","max-video-preview":"max-video-preview:-1"},"canonical":"https:\/\/www.anovapeneira.gal\/index.php\/2019\/08\/13\/o-i-torneo-internacionaol-ms2-cup-chega-a-ponteareas-do-15-ao-25-de-agosto-da-man-de-michel-salgado\/","og_locale":"gl_ES","og_type":"article","og_title":"O I Torneo Internacionaol MS2 Cup chega a Ponteareas do 15 ao 25 de agosto da man de Michel Salgado -","og_description":"A inscrici\u00f3n \u00e9 de balde e xa est\u00e1n confirmados o Celta de Vigo, o Deportivo, o Lugo, o Pontevedra o Porto ou o Spanish Soccer School de Dubai, entre outros equipos [...]","og_url":"https:\/\/www.anovapeneira.gal\/index.php\/2019\/08\/13\/o-i-torneo-internacionaol-ms2-cup-chega-a-ponteareas-do-15-ao-25-de-agosto-da-man-de-michel-salgado\/","article_publisher":"https:\/\/www.facebook.com\/anovapeneira","article_published_time":"2019-08-13T12:00:47+00:00","og_image":[{"width":720,"height":473,"url":"https:\/\/www.anovapeneira.gal\/wp-content\/uploads\/2019\/08\/MS2_degrad_a_nova_peneira.jpg","type":"image\/jpeg"}],"author":"Redacci\u00f3n A Nova Peneira","twitter_card":"summary_large_image","twitter_creator":"@APeneira","twitter_site":"@APeneira","twitter_misc":{"Escrito por":"Redacci\u00f3n A Nova Peneira","Tempo de lectura":"2 minutos"},"schema":{"@context":"https:\/\/schema.org","@graph":[{"@type":"Article","@id":"https:\/\/www.anovapeneira.gal\/index.php\/2019\/08\/13\/o-i-torneo-internacionaol-ms2-cup-chega-a-ponteareas-do-15-ao-25-de-agosto-da-man-de-michel-salgado\/#article","isPartOf":{"@id":"https:\/\/www.anovapeneira.gal\/index.php\/2019\/08\/13\/o-i-torneo-internacionaol-ms2-cup-chega-a-ponteareas-do-15-ao-25-de-agosto-da-man-de-michel-salgado\/"},"author":{"name":"Redacci\u00f3n A Nova Peneira","@id":"https:\/\/www.anovapeneira.gal\/#\/schema\/person\/b93e3f8932e3f8da96334607eb6ac6aa"},"headline":"O I Torneo Internacionaol MS2 Cup chega a Ponteareas do 15 ao 25 de agosto da man de Michel Salgado","datePublished":"2019-08-13T12:00:47+00:00","mainEntityOfPage":{"@id":"https:\/\/www.anovapeneira.gal\/index.php\/2019\/08\/13\/o-i-torneo-internacionaol-ms2-cup-chega-a-ponteareas-do-15-ao-25-de-agosto-da-man-de-michel-salgado\/"},"wordCount":328,"commentCount":0,"publisher":{"@id":"https:\/\/www.anovapeneira.gal\/#organization"},"image":{"@id":"https:\/\/www.anovapeneira.gal\/index.php\/2019\/08\/13\/o-i-torneo-internacionaol-ms2-cup-chega-a-ponteareas-do-15-ao-25-de-agosto-da-man-de-michel-salgado\/#primaryimage"},"thumbnailUrl":"https:\/\/www.anovapeneira.gal\/wp-content\/uploads\/2019\/08\/MS2_degrad_a_nova_peneira.jpg","keywords":["Celta de Vigo","Concello de Ponteareas","Deporte","Deportivo da Coru\u00f1a","F\u00fatbol","Michel Salgado","Torneo Internacional MS2 Cup"],"articleSection":["Condado"],"inLanguage":"gl-ES","potentialAction":[{"@type":"CommentAction","name":"Comment","target":["https:\/\/www.anovapeneira.gal\/index.php\/2019\/08\/13\/o-i-torneo-internacionaol-ms2-cup-chega-a-ponteareas-do-15-ao-25-de-agosto-da-man-de-michel-salgado\/#respond"]}]},{"@type":"WebPage","@id":"https:\/\/www.anovapeneira.gal\/index.php\/2019\/08\/13\/o-i-torneo-internacionaol-ms2-cup-chega-a-ponteareas-do-15-ao-25-de-agosto-da-man-de-michel-salgado\/","url":"https:\/\/www.anovapeneira.gal\/index.php\/2019\/08\/13\/o-i-torneo-internacionaol-ms2-cup-chega-a-ponteareas-do-15-ao-25-de-agosto-da-man-de-michel-salgado\/","name":"O I Torneo Internacionaol MS2 Cup chega a Ponteareas do 15 ao 25 de agosto da man de Michel Salgado -","isPartOf":{"@id":"https:\/\/www.anovapeneira.gal\/#website"},"primaryImageOfPage":{"@id":"https:\/\/www.anovapeneira.gal\/index.php\/2019\/08\/13\/o-i-torneo-internacionaol-ms2-cup-chega-a-ponteareas-do-15-ao-25-de-agosto-da-man-de-michel-salgado\/#primaryimage"},"image":{"@id":"https:\/\/www.anovapeneira.gal\/index.php\/2019\/08\/13\/o-i-torneo-internacionaol-ms2-cup-chega-a-ponteareas-do-15-ao-25-de-agosto-da-man-de-michel-salgado\/#primaryimage"},"thumbnailUrl":"https:\/\/www.anovapeneira.gal\/wp-content\/uploads\/2019\/08\/MS2_degrad_a_nova_peneira.jpg","datePublished":"2019-08-13T12:00:47+00:00","breadcrumb":{"@id":"https:\/\/www.anovapeneira.gal\/index.php\/2019\/08\/13\/o-i-torneo-internacionaol-ms2-cup-chega-a-ponteareas-do-15-ao-25-de-agosto-da-man-de-michel-salgado\/#breadcrumb"},"inLanguage":"gl-ES","potentialAction":[{"@type":"ReadAction","target":["https:\/\/www.anovapeneira.gal\/index.php\/2019\/08\/13\/o-i-torneo-internacionaol-ms2-cup-chega-a-ponteareas-do-15-ao-25-de-agosto-da-man-de-michel-salgado\/"]}]},{"@type":"ImageObject","inLanguage":"gl-ES","@id":"https:\/\/www.anovapeneira.gal\/index.php\/2019\/08\/13\/o-i-torneo-internacionaol-ms2-cup-chega-a-ponteareas-do-15-ao-25-de-agosto-da-man-de-michel-salgado\/#primaryimage","url":"https:\/\/www.anovapeneira.gal\/wp-content\/uploads\/2019\/08\/MS2_degrad_a_nova_peneira.jpg","contentUrl":"https:\/\/www.anovapeneira.gal\/wp-content\/uploads\/2019\/08\/MS2_degrad_a_nova_peneira.jpg","width":720,"height":473},{"@type":"BreadcrumbList","@id":"https:\/\/www.anovapeneira.gal\/index.php\/2019\/08\/13\/o-i-torneo-internacionaol-ms2-cup-chega-a-ponteareas-do-15-ao-25-de-agosto-da-man-de-michel-salgado\/#breadcrumb","itemListElement":[{"@type":"ListItem","position":1,"name":"Portada","item":"https:\/\/www.anovapeneira.gal\/"},{"@type":"ListItem","position":2,"name":"O I Torneo Internacionaol MS2 Cup chega a Ponteareas do 15 ao 25 de agosto da man de Michel Salgado"}]},{"@type":"WebSite","@id":"https:\/\/www.anovapeneira.gal\/#website","url":"https:\/\/www.anovapeneira.gal\/","name":"","description":"Xornal galego de informaci\u00f3n xeral Publicaci\u00f3n mensual de novas de Galicia e en especial dos Concellos da sur da provincia de Pontevedra.","publisher":{"@id":"https:\/\/www.anovapeneira.gal\/#organization"},"potentialAction":[{"@type":"SearchAction","target":{"@type":"EntryPoint","urlTemplate":"https:\/\/www.anovapeneira.gal\/?s={search_term_string}"},"query-input":{"@type":"PropertyValueSpecification","valueRequired":true,"valueName":"search_term_string"}}],"inLanguage":"gl-ES"},{"@type":"Organization","@id":"https:\/\/www.anovapeneira.gal\/#organization","name":"A Nova Peneira","url":"https:\/\/www.anovapeneira.gal\/","logo":{"@type":"ImageObject","inLanguage":"gl-ES","@id":"https:\/\/www.anovapeneira.gal\/#\/schema\/logo\/image\/","url":"http:\/\/www.anovapeneira.gal\/wp-content\/uploads\/2019\/06\/logo_a_nova_peneira_portal_web.png","contentUrl":"http:\/\/www.anovapeneira.gal\/wp-content\/uploads\/2019\/06\/logo_a_nova_peneira_portal_web.png","width":300,"height":100,"caption":"A Nova Peneira"},"image":{"@id":"https:\/\/www.anovapeneira.gal\/#\/schema\/logo\/image\/"},"sameAs":["https:\/\/www.facebook.com\/anovapeneira","https:\/\/x.com\/APeneira"]},{"@type":"Person","@id":"https:\/\/www.anovapeneira.gal\/#\/schema\/person\/b93e3f8932e3f8da96334607eb6ac6aa","name":"Redacci\u00f3n A Nova Peneira","image":{"@type":"ImageObject","inLanguage":"gl-ES","@id":"https:\/\/secure.gravatar.com\/avatar\/c052a2551a06e23fac63626232eaa90abd78dbcf1700fc46a2b2c89fd27b735f?s=96&d=mm&r=g","url":"https:\/\/secure.gravatar.com\/avatar\/c052a2551a06e23fac63626232eaa90abd78dbcf1700fc46a2b2c89fd27b735f?s=96&d=mm&r=g","contentUrl":"https:\/\/secure.gravatar.com\/avatar\/c052a2551a06e23fac63626232eaa90abd78dbcf1700fc46a2b2c89fd27b735f?s=96&d=mm&r=g","caption":"Redacci\u00f3n A Nova Peneira"},"sameAs":["http:\/\/www.anovapeneira.gal\/"],"url":"https:\/\/www.anovapeneira.gal\/index.php\/author\/redactor\/"}]}},"jetpack_featured_media_url":"https:\/\/www.anovapeneira.gal\/wp-content\/uploads\/2019\/08\/MS2_degrad_a_nova_peneira.jpg","_links":{"self":[{"href":"https:\/\/www.anovapeneira.gal\/index.php\/wp-json\/wp\/v2\/posts\/911","targetHints":{"allow":["GET"]}}],"collection":[{"href":"https:\/\/www.anovapeneira.gal\/index.php\/wp-json\/wp\/v2\/posts"}],"about":[{"href":"https:\/\/www.anovapeneira.gal\/index.php\/wp-json\/wp\/v2\/types\/post"}],"author":[{"embeddable":true,"href":"https:\/\/www.anovapeneira.gal\/index.php\/wp-json\/wp\/v2\/users\/3"}],"replies":[{"embeddable":true,"href":"https:\/\/www.anovapeneira.gal\/index.php\/wp-json\/wp\/v2\/comments?post=911"}],"version-history":[{"count":1,"href":"https:\/\/www.anovapeneira.gal\/index.php\/wp-json\/wp\/v2\/posts\/911\/revisions"}],"predecessor-version":[{"id":912,"href":"https:\/\/www.anovapeneira.gal\/index.php\/wp-json\/wp\/v2\/posts\/911\/revisions\/912"}],"wp:featuredmedia":[{"embeddable":true,"href":"https:\/\/www.anovapeneira.gal\/index.php\/wp-json\/wp\/v2\/media\/898"}],"wp:attachment":[{"href":"https:\/\/www.anovapeneira.gal\/index.php\/wp-json\/wp\/v2\/media?parent=911"}],"wp:term":[{"taxonomy":"category","embeddable":true,"href":"https:\/\/www.anovapeneira.gal\/index.php\/wp-json\/wp\/v2\/categories?post=911"},{"taxonomy":"post_tag","embeddable":true,"href":"https:\/\/www.anovapeneira.gal\/index.php\/wp-json\/wp\/v2\/tags?post=911"}],"curies":[{"name":"wp","href":"https:\/\/api.w.org\/{rel}","templated":true}]}}