{"id":9110,"date":"2023-02-17T10:00:30","date_gmt":"2023-02-17T09:00:30","guid":{"rendered":"https:\/\/www.anovapeneira.gal\/?p=9110"},"modified":"2023-02-13T10:38:01","modified_gmt":"2023-02-13T09:38:01","slug":"a-comparsa-tio-emilio-de-redondela","status":"publish","type":"post","link":"https:\/\/www.anovapeneira.gal\/index.php\/2023\/02\/17\/a-comparsa-tio-emilio-de-redondela\/","title":{"rendered":"A Comparsa \u201c Tio Emilio\u201d de Redondela"},"content":{"rendered":"\n<p><strong>O Entroido \u00e9 unha festa nas que un universo de luz, cor e fantas\u00eda asolagan as r\u00faas das cidades e pobos que o celebran. \u00c9 unha celebraci\u00f3n que convida a erguer unha copa metaf\u00f3rica, e non metaf\u00f3rica tam\u00e9n, e brindar pola vida , o amor e a fraternidade coas persoas que queremos e nos queren. Na nosa vila existe desde preto de 40 anos unha comparsa que ameniza as nosas r\u00faas nesta popular festa. Eles son T\u00edo Emilio, con ese nome nacen en 1987 pero na realidade xa exist\u00edan desde uns anos antes .O nome deriva do 1\u00ba libro do entroido de Emilio Argibay, un libro feito a man. E a actual comparsa \u00e9 o xermolo da Rondalla de Redondela \u00e1 que como \u00e9 sabido estou profundamente vinculado afectivamente. N\u00f3s falamos con dous dos membros m\u00e1is antigos de \u201cT\u00edo Emilio\u201d:<\/strong><\/p>\n\n\n\n<p><strong>Rodolfo M\u00e9ndez, Lolo, e Modesto Gonz\u00e1lez, Tito.<\/strong><\/p>\n\n\n\n<p>\u201c <strong>M\u00e1is de 30 anos despois de termos comezado coa comparsa a\u00ednda temos moitas ga\u00f1as de Entroido\u201d<\/strong><\/p>\n\n\n\n<p><strong>Como xorde a idea da comparsa?<\/strong><\/p>\n\n\n\n<blockquote class=\"wp-block-quote is-layout-flow wp-block-quote-is-layout-flow\">\n<p>Nace dunha tradici\u00f3n moi importante en Redondela que consist\u00eda en que o d\u00eda das comadres as mulleres se xuntaban todas. Ent\u00f3n os homes ti\u00f1an que facer algo e comezaron a quedar para ir comer ao \u201cSube si podes \u201c de Cedeira. Logo baixaban a Redondela , disfraz\u00e1banse e \u00edan de vi\u00f1os e troula por toda a localidade.<\/p>\n<\/blockquote>\n\n\n\n<p><strong>Pero esa comparsa a\u00ednda non se chamaba \u201c T\u00edo Emilio\u201d verdade?<\/strong><\/p>\n\n\n\n<blockquote class=\"wp-block-quote is-layout-flow wp-block-quote-is-layout-flow\">\n<p>Non, esa \u00e9 o xermolo da comparsa actual. Nalg\u00fan momento comezou a perder folgos e nunha xuntanza os que daquela eramos os m\u00e1is novos do grupo decidimos facernos cargo dela e comezou a fase actual. Fixemos diversas innovaci\u00f3ns entre elas a substituci\u00f3n dos m\u00fasicos, que resultaban car\u00edsimos, polo que chamamos o \u201c carrito\u201d<\/p>\n<\/blockquote>\n\n\n\n<p><strong>Como \u00e9 iso do \u201c carrito\u201d?, non ser\u00e1 o de Manolo Escobar?<\/strong><\/p>\n\n\n\n<blockquote class=\"wp-block-quote is-layout-flow wp-block-quote-is-layout-flow\">\n<p>Ha ha ha ha&#8230;Non, aquel era un carro \u00e9 o noso \u00e9 un carri\u00f1o con mesa de mesturas e altofalantes que disfrazamos segundo vexamos n\u00f3s. Lembro que o primeiro que usamos ti\u00f1a as bucinas de propaganda do BNG.<\/p>\n<\/blockquote>\n\n\n\n<p><strong>Ha ha ha ha , pero non iriades por a\u00ed berrando \u201c Vota BNG\u201d ???\u2019<\/strong><\/p>\n\n\n\n<blockquote class=\"wp-block-quote is-layout-flow wp-block-quote-is-layout-flow\">\n<p>Ha ha ha. Non, claro que non. Aquilo soar soaba moi ben pero consignas pol\u00edticas non emitiamos. Foron pasando os anos e o carro foi mellorando moito.<\/p>\n<\/blockquote>\n\n\n\n<p><strong>Ata hoxe, que se pode dicir que \u00e9 un carro de alta gama?<\/strong><\/p>\n\n\n\n<blockquote class=\"wp-block-quote is-layout-flow wp-block-quote-is-layout-flow\">\n<p>Home non sei pero desde logo que est\u00e1 moi ben. E temos que agradecerllo ao noso particular \u201c enxe\u00f1eiro\u201d Luis Valle que \u00e9 un aut\u00e9ntico fen\u00f3meno.<\/p>\n<\/blockquote>\n\n\n\n<p><strong>Quen \u00e9 o poeta que comp\u00f3n as letras das coplas?<\/strong><\/p>\n\n\n\n<blockquote class=\"wp-block-quote is-layout-flow wp-block-quote-is-layout-flow\">\n<p>Luis Pereda desde logo. A\u00ednda que o tema de cantar non \u00e9 que funcionara moi ben, supomos que por vergonza.<\/p>\n<\/blockquote>\n\n\n\n<p><strong>Os libretos do entroido xa non son como aquel primeiro libro de Emilio Argibay?<\/strong><\/p>\n\n\n\n<blockquote class=\"wp-block-quote is-layout-flow wp-block-quote-is-layout-flow\">\n<p>Non claro. Aquel \u00e9 unha peza de museo , un libro feito a man. Agora fac\u00e9molos xa cun programa inform\u00e1tico.<\/p>\n<\/blockquote>\n\n\n\n<p><strong>Todos aos anos hai un libro?<\/strong><\/p>\n\n\n\n<blockquote class=\"wp-block-quote is-layout-flow wp-block-quote-is-layout-flow\">\n<p>Si, desde 1987 .<\/p>\n<\/blockquote>\n\n\n\n<p><strong>Conservamos todos?<\/strong><\/p>\n\n\n\n<blockquote class=\"wp-block-quote is-layout-flow wp-block-quote-is-layout-flow\">\n<p>Non, alg\u00fan falta.<\/p>\n<\/blockquote>\n\n\n\n<p><strong>Cantos sodes agora?<\/strong><\/p>\n\n\n\n<blockquote class=\"wp-block-quote is-layout-flow wp-block-quote-is-layout-flow\">\n<p>27, malia que chegamos a ser 40.\u00cdmonos facendo maiores e a idade non perdoa<\/p>\n<\/blockquote>\n\n\n\n<p><strong>E de que idades?<\/strong><\/p>\n\n\n\n<blockquote class=\"wp-block-quote is-layout-flow wp-block-quote-is-layout-flow\">\n<p>Houbo renovaci\u00f3n. Os m\u00e1is novos est\u00e1n nos 30 e os m\u00e1is vellos rozan os 70. D\u00faas altas moi importantes foron Pepe Sirelo e Quique de Pontevedra, alcumado Casandra, que son dous animadores excelentes.<\/p>\n<\/blockquote>\n\n\n\n<p><strong>Todo homes. Soa un pouco machista, non?<\/strong><\/p>\n\n\n\n<blockquote class=\"wp-block-quote is-layout-flow wp-block-quote-is-layout-flow\">\n<p>Todo homes si, pero de machismo nada. Xurdiu como che explicamos antes: eran as propias mulleres as que decid\u00edan xuntarse para ir de troula e n\u00f3s acabamos facendo o mesmo. En calquera caso o martes de entroido sa\u00edmos un grupo que tam\u00e9n leva mulleres e nenos. O grupo ch\u00e1mase \u201c Os do martes\u201d.Sae tam\u00e9n co \u201c carrito\u201d a\u00ednda que decorado doutra maneira.<\/p>\n<\/blockquote>\n\n\n\n<p><strong>No Entroido de Ver\u00e1n participades con mulleres non?<\/strong><\/p>\n\n\n\n<blockquote class=\"wp-block-quote is-layout-flow wp-block-quote-is-layout-flow\">\n<p>S\u00ed, a\u00ed si. N\u00f3s somos unha comparsa do entroido tradicional, pero o de ver\u00e1n adquiriu unha dimensi\u00f3n tan importante en Redondela que entendemos que tam\u00e9n debemos de estar.<\/p>\n<\/blockquote>\n\n\n\n<p><strong>Supo\u00f1o que o paso do tempo fai dif\u00edcil continuar coa tradici\u00f3n?<\/strong><\/p>\n\n\n\n<blockquote class=\"wp-block-quote is-layout-flow wp-block-quote-is-layout-flow\">\n<p>Non \u00e9 f\u00e1cil, a verdade \u00e9 que non. Isto segue vivo porque hai media ducia de persoas moi implicadas emocionalmente que son as que permiten que \u201cT\u00edo Emilio \u201csiga vivindo. O resto acompa\u00f1a. Pero iso pasa as\u00ed en todo tipo de colectivos.<\/p>\n<\/blockquote>\n\n\n\n<p><strong>Como vos financiades?<\/strong><\/p>\n\n\n\n<blockquote class=\"wp-block-quote is-layout-flow wp-block-quote-is-layout-flow\">\n<p>Temos unha serie de gastos claro e temos que autofinanciarnos para cubrilos. Pagamos unha cota de arredor de 10\u20ac ao mes.<\/p>\n<\/blockquote>\n\n\n\n<p><strong>Canto dura a festa?<\/strong><\/p>\n\n\n\n<blockquote class=\"wp-block-quote is-layout-flow wp-block-quote-is-layout-flow\">\n<p>12 horas<\/p>\n<\/blockquote>\n\n\n\n<p><strong>E aguantades?<\/strong><\/p>\n\n\n\n<blockquote class=\"wp-block-quote is-layout-flow wp-block-quote-is-layout-flow\">\n<p>Cada ano costa m\u00e1is pero imos aguantando si porque m\u00e1is de 30 anos despois a\u00ednda temos moitas ga\u00f1as de Entroido.<\/p>\n<\/blockquote>\n\n\n\n<p><strong>Tedes unha exposici\u00f3n no multiusos verdade?<\/strong><\/p>\n\n\n\n<blockquote class=\"wp-block-quote is-layout-flow wp-block-quote-is-layout-flow\">\n<p>Si, \u00e9 unha exposici\u00f3n con vontade de permanencia. Al\u00ed temos elementos significativos do entroido de Redondela. Non s\u00f3 do entroido de T\u00edo Emilio sen\u00f3n do entroido en xeral. Recomendamos \u00e1s lectoras e lectores que se animen a visitar a exposici\u00f3n pois poder\u00e1n atoparse con cousas moi interesantes: fotos antigas do entroido, traxes, recortes de prensa&#8230;..<\/p>\n<\/blockquote>\n\n\n\n<p><strong>Se algu\u00e9n quere incorporarse a \u201c T\u00edo Emilio\u201d?<\/strong><\/p>\n\n\n\n<blockquote class=\"wp-block-quote is-layout-flow wp-block-quote-is-layout-flow\">\n<p>Sempre que sexa sumar ser\u00e1 benvido. Hai que ter ga\u00f1as de festa e ter sentido por suposto. E se canta e toca alg\u00fan instrumento a\u00ednda mellor.<\/p>\n<\/blockquote>\n\n\n\n<p><strong>Ao longo da vosa historia hai alg\u00fan sitio nos que vos te\u00f1ades xuntado que vos traia lembranzas especialmente bonitas?<\/strong><\/p>\n\n\n\n<blockquote class=\"wp-block-quote is-layout-flow wp-block-quote-is-layout-flow\">\n<p>Se cadra o antigo Alborada. Al\u00ed faciamos unhas festas marabillosas.<\/p>\n<\/blockquote>\n","protected":false},"excerpt":{"rendered":"<div class=\"mh-excerpt\"><p>O Entroido \u00e9 unha festa nas que un universo de luz, cor e fantas\u00eda asolagan as r\u00faas das cidades e pobos que o celebran. <a class=\"mh-excerpt-more\" href=\"https:\/\/www.anovapeneira.gal\/index.php\/2023\/02\/17\/a-comparsa-tio-emilio-de-redondela\/\" title=\"A Comparsa \u201c Tio Emilio\u201d de Redondela\">[&#8230;]<\/a><\/p>\n<\/div>","protected":false},"author":6,"featured_media":9111,"comment_status":"open","ping_status":"open","sticky":false,"template":"","format":"standard","meta":{"_exactmetrics_skip_tracking":false,"_exactmetrics_sitenote_active":false,"_exactmetrics_sitenote_note":"","_exactmetrics_sitenote_category":0,"footnotes":""},"categories":[1],"tags":[],"class_list":{"0":"post-9110","1":"post","2":"type-post","3":"status-publish","4":"format-standard","5":"has-post-thumbnail","7":"category-sin-categoria"},"yoast_head":"<!-- This site is optimized with the Yoast SEO plugin v27.4 - https:\/\/yoast.com\/product\/yoast-seo-wordpress\/ -->\n<title>A Comparsa \u201c Tio Emilio\u201d de Redondela -<\/title>\n<meta name=\"description\" content=\"O Entroido \u00e9 unha festa nas que un universo de luz, cor e fantas\u00eda asolagan as r\u00faas das cidades e pobos que o celebran.\" \/>\n<meta name=\"robots\" content=\"index, follow, max-snippet:-1, max-image-preview:large, max-video-preview:-1\" \/>\n<link rel=\"canonical\" href=\"https:\/\/www.anovapeneira.gal\/index.php\/2023\/02\/17\/a-comparsa-tio-emilio-de-redondela\/\" \/>\n<meta property=\"og:locale\" content=\"gl_ES\" \/>\n<meta property=\"og:type\" content=\"article\" \/>\n<meta property=\"og:title\" content=\"A Comparsa \u201c Tio Emilio\u201d de Redondela -\" \/>\n<meta property=\"og:description\" content=\"O Entroido \u00e9 unha festa nas que un universo de luz, cor e fantas\u00eda asolagan as r\u00faas das cidades e pobos que o celebran.\" \/>\n<meta property=\"og:url\" content=\"https:\/\/www.anovapeneira.gal\/index.php\/2023\/02\/17\/a-comparsa-tio-emilio-de-redondela\/\" \/>\n<meta property=\"article:publisher\" content=\"https:\/\/www.facebook.com\/anovapeneira\" \/>\n<meta property=\"article:published_time\" content=\"2023-02-17T09:00:30+00:00\" \/>\n<meta property=\"og:image\" content=\"https:\/\/www.anovapeneira.gal\/wp-content\/uploads\/2023\/02\/comparsa_tio_emilio.jpg\" \/>\n\t<meta property=\"og:image:width\" content=\"720\" \/>\n\t<meta property=\"og:image:height\" content=\"432\" \/>\n\t<meta property=\"og:image:type\" content=\"image\/jpeg\" \/>\n<meta name=\"author\" content=\"Marcos Santos\" \/>\n<meta name=\"twitter:card\" content=\"summary_large_image\" \/>\n<meta name=\"twitter:creator\" content=\"@APeneira\" \/>\n<meta name=\"twitter:site\" content=\"@APeneira\" \/>\n<meta name=\"twitter:label1\" content=\"Escrito por\" \/>\n\t<meta name=\"twitter:data1\" content=\"Marcos Santos\" \/>\n\t<meta name=\"twitter:label2\" content=\"Tempo de lectura\" \/>\n\t<meta name=\"twitter:data2\" content=\"5 minutos\" \/>\n<script type=\"application\/ld+json\" class=\"yoast-schema-graph\">{\"@context\":\"https:\\\/\\\/schema.org\",\"@graph\":[{\"@type\":\"Article\",\"@id\":\"https:\\\/\\\/www.anovapeneira.gal\\\/index.php\\\/2023\\\/02\\\/17\\\/a-comparsa-tio-emilio-de-redondela\\\/#article\",\"isPartOf\":{\"@id\":\"https:\\\/\\\/www.anovapeneira.gal\\\/index.php\\\/2023\\\/02\\\/17\\\/a-comparsa-tio-emilio-de-redondela\\\/\"},\"author\":{\"name\":\"Marcos Santos\",\"@id\":\"https:\\\/\\\/www.anovapeneira.gal\\\/#\\\/schema\\\/person\\\/d9d84823564720e7593293bab054e52d\"},\"headline\":\"A Comparsa \u201c Tio Emilio\u201d de Redondela\",\"datePublished\":\"2023-02-17T09:00:30+00:00\",\"mainEntityOfPage\":{\"@id\":\"https:\\\/\\\/www.anovapeneira.gal\\\/index.php\\\/2023\\\/02\\\/17\\\/a-comparsa-tio-emilio-de-redondela\\\/\"},\"wordCount\":937,\"commentCount\":0,\"publisher\":{\"@id\":\"https:\\\/\\\/www.anovapeneira.gal\\\/#organization\"},\"image\":{\"@id\":\"https:\\\/\\\/www.anovapeneira.gal\\\/index.php\\\/2023\\\/02\\\/17\\\/a-comparsa-tio-emilio-de-redondela\\\/#primaryimage\"},\"thumbnailUrl\":\"https:\\\/\\\/www.anovapeneira.gal\\\/wp-content\\\/uploads\\\/2023\\\/02\\\/comparsa_tio_emilio.jpg\",\"articleSection\":[\"Sin categor\u00eda\"],\"inLanguage\":\"gl-ES\",\"potentialAction\":[{\"@type\":\"CommentAction\",\"name\":\"Comment\",\"target\":[\"https:\\\/\\\/www.anovapeneira.gal\\\/index.php\\\/2023\\\/02\\\/17\\\/a-comparsa-tio-emilio-de-redondela\\\/#respond\"]}]},{\"@type\":\"WebPage\",\"@id\":\"https:\\\/\\\/www.anovapeneira.gal\\\/index.php\\\/2023\\\/02\\\/17\\\/a-comparsa-tio-emilio-de-redondela\\\/\",\"url\":\"https:\\\/\\\/www.anovapeneira.gal\\\/index.php\\\/2023\\\/02\\\/17\\\/a-comparsa-tio-emilio-de-redondela\\\/\",\"name\":\"A Comparsa \u201c Tio Emilio\u201d de Redondela -\",\"isPartOf\":{\"@id\":\"https:\\\/\\\/www.anovapeneira.gal\\\/#website\"},\"primaryImageOfPage\":{\"@id\":\"https:\\\/\\\/www.anovapeneira.gal\\\/index.php\\\/2023\\\/02\\\/17\\\/a-comparsa-tio-emilio-de-redondela\\\/#primaryimage\"},\"image\":{\"@id\":\"https:\\\/\\\/www.anovapeneira.gal\\\/index.php\\\/2023\\\/02\\\/17\\\/a-comparsa-tio-emilio-de-redondela\\\/#primaryimage\"},\"thumbnailUrl\":\"https:\\\/\\\/www.anovapeneira.gal\\\/wp-content\\\/uploads\\\/2023\\\/02\\\/comparsa_tio_emilio.jpg\",\"datePublished\":\"2023-02-17T09:00:30+00:00\",\"description\":\"O Entroido \u00e9 unha festa nas que un universo de luz, cor e fantas\u00eda asolagan as r\u00faas das cidades e pobos que o celebran.\",\"breadcrumb\":{\"@id\":\"https:\\\/\\\/www.anovapeneira.gal\\\/index.php\\\/2023\\\/02\\\/17\\\/a-comparsa-tio-emilio-de-redondela\\\/#breadcrumb\"},\"inLanguage\":\"gl-ES\",\"potentialAction\":[{\"@type\":\"ReadAction\",\"target\":[\"https:\\\/\\\/www.anovapeneira.gal\\\/index.php\\\/2023\\\/02\\\/17\\\/a-comparsa-tio-emilio-de-redondela\\\/\"]}]},{\"@type\":\"ImageObject\",\"inLanguage\":\"gl-ES\",\"@id\":\"https:\\\/\\\/www.anovapeneira.gal\\\/index.php\\\/2023\\\/02\\\/17\\\/a-comparsa-tio-emilio-de-redondela\\\/#primaryimage\",\"url\":\"https:\\\/\\\/www.anovapeneira.gal\\\/wp-content\\\/uploads\\\/2023\\\/02\\\/comparsa_tio_emilio.jpg\",\"contentUrl\":\"https:\\\/\\\/www.anovapeneira.gal\\\/wp-content\\\/uploads\\\/2023\\\/02\\\/comparsa_tio_emilio.jpg\",\"width\":720,\"height\":432,\"caption\":\"A Comparsa \u201c Tio Emilio\u201d de Redondela\"},{\"@type\":\"BreadcrumbList\",\"@id\":\"https:\\\/\\\/www.anovapeneira.gal\\\/index.php\\\/2023\\\/02\\\/17\\\/a-comparsa-tio-emilio-de-redondela\\\/#breadcrumb\",\"itemListElement\":[{\"@type\":\"ListItem\",\"position\":1,\"name\":\"Portada\",\"item\":\"https:\\\/\\\/www.anovapeneira.gal\\\/\"},{\"@type\":\"ListItem\",\"position\":2,\"name\":\"A Comparsa \u201c Tio Emilio\u201d de Redondela\"}]},{\"@type\":\"WebSite\",\"@id\":\"https:\\\/\\\/www.anovapeneira.gal\\\/#website\",\"url\":\"https:\\\/\\\/www.anovapeneira.gal\\\/\",\"name\":\"\",\"description\":\"Xornal galego de informaci\u00f3n xeral Publicaci\u00f3n mensual de novas de Galicia e en especial dos Concellos da sur da provincia de Pontevedra.\",\"publisher\":{\"@id\":\"https:\\\/\\\/www.anovapeneira.gal\\\/#organization\"},\"potentialAction\":[{\"@type\":\"SearchAction\",\"target\":{\"@type\":\"EntryPoint\",\"urlTemplate\":\"https:\\\/\\\/www.anovapeneira.gal\\\/?s={search_term_string}\"},\"query-input\":{\"@type\":\"PropertyValueSpecification\",\"valueRequired\":true,\"valueName\":\"search_term_string\"}}],\"inLanguage\":\"gl-ES\"},{\"@type\":\"Organization\",\"@id\":\"https:\\\/\\\/www.anovapeneira.gal\\\/#organization\",\"name\":\"A Nova Peneira\",\"url\":\"https:\\\/\\\/www.anovapeneira.gal\\\/\",\"logo\":{\"@type\":\"ImageObject\",\"inLanguage\":\"gl-ES\",\"@id\":\"https:\\\/\\\/www.anovapeneira.gal\\\/#\\\/schema\\\/logo\\\/image\\\/\",\"url\":\"http:\\\/\\\/www.anovapeneira.gal\\\/wp-content\\\/uploads\\\/2019\\\/06\\\/logo_a_nova_peneira_portal_web.png\",\"contentUrl\":\"http:\\\/\\\/www.anovapeneira.gal\\\/wp-content\\\/uploads\\\/2019\\\/06\\\/logo_a_nova_peneira_portal_web.png\",\"width\":300,\"height\":100,\"caption\":\"A Nova Peneira\"},\"image\":{\"@id\":\"https:\\\/\\\/www.anovapeneira.gal\\\/#\\\/schema\\\/logo\\\/image\\\/\"},\"sameAs\":[\"https:\\\/\\\/www.facebook.com\\\/anovapeneira\",\"https:\\\/\\\/x.com\\\/APeneira\"]},{\"@type\":\"Person\",\"@id\":\"https:\\\/\\\/www.anovapeneira.gal\\\/#\\\/schema\\\/person\\\/d9d84823564720e7593293bab054e52d\",\"name\":\"Marcos Santos\",\"image\":{\"@type\":\"ImageObject\",\"inLanguage\":\"gl-ES\",\"@id\":\"https:\\\/\\\/secure.gravatar.com\\\/avatar\\\/0e8017099a7a47c0a9d2275e865fe326484561eb3d70649069e4b8e61a8d2e8c?s=96&d=mm&r=g\",\"url\":\"https:\\\/\\\/secure.gravatar.com\\\/avatar\\\/0e8017099a7a47c0a9d2275e865fe326484561eb3d70649069e4b8e61a8d2e8c?s=96&d=mm&r=g\",\"contentUrl\":\"https:\\\/\\\/secure.gravatar.com\\\/avatar\\\/0e8017099a7a47c0a9d2275e865fe326484561eb3d70649069e4b8e61a8d2e8c?s=96&d=mm&r=g\",\"caption\":\"Marcos Santos\"},\"sameAs\":[\"http:\\\/\\\/anovapeneira.gal\"],\"url\":\"https:\\\/\\\/www.anovapeneira.gal\\\/index.php\\\/author\\\/marcos-santos\\\/\"}]}<\/script>\n<!-- \/ Yoast SEO plugin. -->","yoast_head_json":{"title":"A Comparsa \u201c Tio Emilio\u201d de Redondela -","description":"O Entroido \u00e9 unha festa nas que un universo de luz, cor e fantas\u00eda asolagan as r\u00faas das cidades e pobos que o celebran.","robots":{"index":"index","follow":"follow","max-snippet":"max-snippet:-1","max-image-preview":"max-image-preview:large","max-video-preview":"max-video-preview:-1"},"canonical":"https:\/\/www.anovapeneira.gal\/index.php\/2023\/02\/17\/a-comparsa-tio-emilio-de-redondela\/","og_locale":"gl_ES","og_type":"article","og_title":"A Comparsa \u201c Tio Emilio\u201d de Redondela -","og_description":"O Entroido \u00e9 unha festa nas que un universo de luz, cor e fantas\u00eda asolagan as r\u00faas das cidades e pobos que o celebran.","og_url":"https:\/\/www.anovapeneira.gal\/index.php\/2023\/02\/17\/a-comparsa-tio-emilio-de-redondela\/","article_publisher":"https:\/\/www.facebook.com\/anovapeneira","article_published_time":"2023-02-17T09:00:30+00:00","og_image":[{"width":720,"height":432,"url":"https:\/\/www.anovapeneira.gal\/wp-content\/uploads\/2023\/02\/comparsa_tio_emilio.jpg","type":"image\/jpeg"}],"author":"Marcos Santos","twitter_card":"summary_large_image","twitter_creator":"@APeneira","twitter_site":"@APeneira","twitter_misc":{"Escrito por":"Marcos Santos","Tempo de lectura":"5 minutos"},"schema":{"@context":"https:\/\/schema.org","@graph":[{"@type":"Article","@id":"https:\/\/www.anovapeneira.gal\/index.php\/2023\/02\/17\/a-comparsa-tio-emilio-de-redondela\/#article","isPartOf":{"@id":"https:\/\/www.anovapeneira.gal\/index.php\/2023\/02\/17\/a-comparsa-tio-emilio-de-redondela\/"},"author":{"name":"Marcos Santos","@id":"https:\/\/www.anovapeneira.gal\/#\/schema\/person\/d9d84823564720e7593293bab054e52d"},"headline":"A Comparsa \u201c Tio Emilio\u201d de Redondela","datePublished":"2023-02-17T09:00:30+00:00","mainEntityOfPage":{"@id":"https:\/\/www.anovapeneira.gal\/index.php\/2023\/02\/17\/a-comparsa-tio-emilio-de-redondela\/"},"wordCount":937,"commentCount":0,"publisher":{"@id":"https:\/\/www.anovapeneira.gal\/#organization"},"image":{"@id":"https:\/\/www.anovapeneira.gal\/index.php\/2023\/02\/17\/a-comparsa-tio-emilio-de-redondela\/#primaryimage"},"thumbnailUrl":"https:\/\/www.anovapeneira.gal\/wp-content\/uploads\/2023\/02\/comparsa_tio_emilio.jpg","articleSection":["Sin categor\u00eda"],"inLanguage":"gl-ES","potentialAction":[{"@type":"CommentAction","name":"Comment","target":["https:\/\/www.anovapeneira.gal\/index.php\/2023\/02\/17\/a-comparsa-tio-emilio-de-redondela\/#respond"]}]},{"@type":"WebPage","@id":"https:\/\/www.anovapeneira.gal\/index.php\/2023\/02\/17\/a-comparsa-tio-emilio-de-redondela\/","url":"https:\/\/www.anovapeneira.gal\/index.php\/2023\/02\/17\/a-comparsa-tio-emilio-de-redondela\/","name":"A Comparsa \u201c Tio Emilio\u201d de Redondela -","isPartOf":{"@id":"https:\/\/www.anovapeneira.gal\/#website"},"primaryImageOfPage":{"@id":"https:\/\/www.anovapeneira.gal\/index.php\/2023\/02\/17\/a-comparsa-tio-emilio-de-redondela\/#primaryimage"},"image":{"@id":"https:\/\/www.anovapeneira.gal\/index.php\/2023\/02\/17\/a-comparsa-tio-emilio-de-redondela\/#primaryimage"},"thumbnailUrl":"https:\/\/www.anovapeneira.gal\/wp-content\/uploads\/2023\/02\/comparsa_tio_emilio.jpg","datePublished":"2023-02-17T09:00:30+00:00","description":"O Entroido \u00e9 unha festa nas que un universo de luz, cor e fantas\u00eda asolagan as r\u00faas das cidades e pobos que o celebran.","breadcrumb":{"@id":"https:\/\/www.anovapeneira.gal\/index.php\/2023\/02\/17\/a-comparsa-tio-emilio-de-redondela\/#breadcrumb"},"inLanguage":"gl-ES","potentialAction":[{"@type":"ReadAction","target":["https:\/\/www.anovapeneira.gal\/index.php\/2023\/02\/17\/a-comparsa-tio-emilio-de-redondela\/"]}]},{"@type":"ImageObject","inLanguage":"gl-ES","@id":"https:\/\/www.anovapeneira.gal\/index.php\/2023\/02\/17\/a-comparsa-tio-emilio-de-redondela\/#primaryimage","url":"https:\/\/www.anovapeneira.gal\/wp-content\/uploads\/2023\/02\/comparsa_tio_emilio.jpg","contentUrl":"https:\/\/www.anovapeneira.gal\/wp-content\/uploads\/2023\/02\/comparsa_tio_emilio.jpg","width":720,"height":432,"caption":"A Comparsa \u201c Tio Emilio\u201d de Redondela"},{"@type":"BreadcrumbList","@id":"https:\/\/www.anovapeneira.gal\/index.php\/2023\/02\/17\/a-comparsa-tio-emilio-de-redondela\/#breadcrumb","itemListElement":[{"@type":"ListItem","position":1,"name":"Portada","item":"https:\/\/www.anovapeneira.gal\/"},{"@type":"ListItem","position":2,"name":"A Comparsa \u201c Tio Emilio\u201d de Redondela"}]},{"@type":"WebSite","@id":"https:\/\/www.anovapeneira.gal\/#website","url":"https:\/\/www.anovapeneira.gal\/","name":"","description":"Xornal galego de informaci\u00f3n xeral Publicaci\u00f3n mensual de novas de Galicia e en especial dos Concellos da sur da provincia de Pontevedra.","publisher":{"@id":"https:\/\/www.anovapeneira.gal\/#organization"},"potentialAction":[{"@type":"SearchAction","target":{"@type":"EntryPoint","urlTemplate":"https:\/\/www.anovapeneira.gal\/?s={search_term_string}"},"query-input":{"@type":"PropertyValueSpecification","valueRequired":true,"valueName":"search_term_string"}}],"inLanguage":"gl-ES"},{"@type":"Organization","@id":"https:\/\/www.anovapeneira.gal\/#organization","name":"A Nova Peneira","url":"https:\/\/www.anovapeneira.gal\/","logo":{"@type":"ImageObject","inLanguage":"gl-ES","@id":"https:\/\/www.anovapeneira.gal\/#\/schema\/logo\/image\/","url":"http:\/\/www.anovapeneira.gal\/wp-content\/uploads\/2019\/06\/logo_a_nova_peneira_portal_web.png","contentUrl":"http:\/\/www.anovapeneira.gal\/wp-content\/uploads\/2019\/06\/logo_a_nova_peneira_portal_web.png","width":300,"height":100,"caption":"A Nova Peneira"},"image":{"@id":"https:\/\/www.anovapeneira.gal\/#\/schema\/logo\/image\/"},"sameAs":["https:\/\/www.facebook.com\/anovapeneira","https:\/\/x.com\/APeneira"]},{"@type":"Person","@id":"https:\/\/www.anovapeneira.gal\/#\/schema\/person\/d9d84823564720e7593293bab054e52d","name":"Marcos Santos","image":{"@type":"ImageObject","inLanguage":"gl-ES","@id":"https:\/\/secure.gravatar.com\/avatar\/0e8017099a7a47c0a9d2275e865fe326484561eb3d70649069e4b8e61a8d2e8c?s=96&d=mm&r=g","url":"https:\/\/secure.gravatar.com\/avatar\/0e8017099a7a47c0a9d2275e865fe326484561eb3d70649069e4b8e61a8d2e8c?s=96&d=mm&r=g","contentUrl":"https:\/\/secure.gravatar.com\/avatar\/0e8017099a7a47c0a9d2275e865fe326484561eb3d70649069e4b8e61a8d2e8c?s=96&d=mm&r=g","caption":"Marcos Santos"},"sameAs":["http:\/\/anovapeneira.gal"],"url":"https:\/\/www.anovapeneira.gal\/index.php\/author\/marcos-santos\/"}]}},"jetpack_featured_media_url":"https:\/\/www.anovapeneira.gal\/wp-content\/uploads\/2023\/02\/comparsa_tio_emilio.jpg","_links":{"self":[{"href":"https:\/\/www.anovapeneira.gal\/index.php\/wp-json\/wp\/v2\/posts\/9110","targetHints":{"allow":["GET"]}}],"collection":[{"href":"https:\/\/www.anovapeneira.gal\/index.php\/wp-json\/wp\/v2\/posts"}],"about":[{"href":"https:\/\/www.anovapeneira.gal\/index.php\/wp-json\/wp\/v2\/types\/post"}],"author":[{"embeddable":true,"href":"https:\/\/www.anovapeneira.gal\/index.php\/wp-json\/wp\/v2\/users\/6"}],"replies":[{"embeddable":true,"href":"https:\/\/www.anovapeneira.gal\/index.php\/wp-json\/wp\/v2\/comments?post=9110"}],"version-history":[{"count":2,"href":"https:\/\/www.anovapeneira.gal\/index.php\/wp-json\/wp\/v2\/posts\/9110\/revisions"}],"predecessor-version":[{"id":9113,"href":"https:\/\/www.anovapeneira.gal\/index.php\/wp-json\/wp\/v2\/posts\/9110\/revisions\/9113"}],"wp:featuredmedia":[{"embeddable":true,"href":"https:\/\/www.anovapeneira.gal\/index.php\/wp-json\/wp\/v2\/media\/9111"}],"wp:attachment":[{"href":"https:\/\/www.anovapeneira.gal\/index.php\/wp-json\/wp\/v2\/media?parent=9110"}],"wp:term":[{"taxonomy":"category","embeddable":true,"href":"https:\/\/www.anovapeneira.gal\/index.php\/wp-json\/wp\/v2\/categories?post=9110"},{"taxonomy":"post_tag","embeddable":true,"href":"https:\/\/www.anovapeneira.gal\/index.php\/wp-json\/wp\/v2\/tags?post=9110"}],"curies":[{"name":"wp","href":"https:\/\/api.w.org\/{rel}","templated":true}]}}