{"id":9120,"date":"2023-02-20T10:00:04","date_gmt":"2023-02-20T09:00:04","guid":{"rendered":"https:\/\/www.anovapeneira.gal\/?p=9120"},"modified":"2023-02-13T10:57:26","modified_gmt":"2023-02-13T09:57:26","slug":"o-ateneo-santa-cecilia-de-marin-distingue-a-a-nova-peneira","status":"publish","type":"post","link":"https:\/\/www.anovapeneira.gal\/index.php\/2023\/02\/20\/o-ateneo-santa-cecilia-de-marin-distingue-a-a-nova-peneira\/","title":{"rendered":"O Ateneo Santa Cecilia de Mar\u00edn distingue a A Nova Peneira"},"content":{"rendered":"\n<pre class=\"wp-block-verse\">Luc\u00eda Santos<\/pre>\n\n\n\n<p>Dic\u00eda Castelao que \u201c se a\u00ednda somos galegos \u00e9 por obra e graza do idioma\u201d.E eu concordo , desde logo, pero quixera engadir asemade que al\u00e9n de polo idioma tam\u00e9n o somos por esa parte da sociedade civil que se organiza e permite manter vivos os nosos sinais de identidade, que posibilitan que a\u00ednda sexamos un pobo consciente, o pobo galego. E nesa parte da realidade ocupa un lugar moi destacado en Mar\u00edn, o meu pobo, e en Galiza, o meu pa\u00eds, o Ateneo Santa Cecila que ao longo dos seus 70 anos de historia ten ofrecido innumerables probas de traballo abnegado en prol da m\u00fasica, das artes e das letras.<\/p>\n\n\n\n<p>O pasado d\u00eda 7, A Nova Peneira, xunto con outros medios de comunicaci\u00f3n, fomos distinguidos polo Ateneo co seu pin de prata. E para n\u00f3s , un medio de comunicaci\u00f3n con 12 anos de vida, foi unha honra recibir o reco\u00f1ecemento dunha instituci\u00f3n de enorme prestixio que xa navega polas 7 d\u00e9cadas de existencia. Agradecemos profundamente a distinci\u00f3n e eerguemos de maneira metaf\u00f3rica a nosa copa para brindarmos por 1.000 primaveras m\u00e1is para o Ateneo Santa Cecilia.<\/p>\n","protected":false},"excerpt":{"rendered":"<div class=\"mh-excerpt\"><p>Dic\u00eda Castelao que \u201c se a\u00ednda somos galegos \u00e9 por obra e graza do idioma\u201d.E eu concordo , desde logo, pero quixera engadir asemade que al\u00e9n de polo idioma tam\u00e9n o somos por esa parte da sociedade civil que se organiza e permite manter vivos os nosos sinais de identidade, que posibilitan que a\u00ednda sexamos un pobo consciente, o pobo galego <a class=\"mh-excerpt-more\" href=\"https:\/\/www.anovapeneira.gal\/index.php\/2023\/02\/20\/o-ateneo-santa-cecilia-de-marin-distingue-a-a-nova-peneira\/\" title=\"O Ateneo Santa Cecilia de Mar\u00edn distingue a A Nova Peneira\">[&#8230;]<\/a><\/p>\n<\/div>","protected":false},"author":42,"featured_media":9124,"comment_status":"open","ping_status":"open","sticky":false,"template":"","format":"standard","meta":{"_exactmetrics_skip_tracking":false,"_exactmetrics_sitenote_active":false,"_exactmetrics_sitenote_note":"","_exactmetrics_sitenote_category":0,"footnotes":""},"categories":[22],"tags":[144],"class_list":{"0":"post-9120","1":"post","2":"type-post","3":"status-publish","4":"format-standard","5":"has-post-thumbnail","7":"category-morrazo","8":"tag-concello-de-marin"},"yoast_head":"<!-- This site is optimized with the Yoast SEO plugin v27.4 - https:\/\/yoast.com\/product\/yoast-seo-wordpress\/ -->\n<title>O Ateneo Santa Cecilia de Mar\u00edn distingue a A Nova Peneira -<\/title>\n<meta name=\"description\" content=\"Dic\u00eda Castelao que \u201c se a\u00ednda somos galegos \u00e9 por obra e graza do idioma\u201d.E eu concordo , desde logo, pero quixera engadir asemade que al\u00e9n de polo idioma tam\u00e9n o somos por esa parte da sociedade civil que se organiza e permite manter vivos os nosos sinais de identidade, que posibilitan que a\u00ednda sexamos un pobo consciente, o pobo galego\" \/>\n<meta name=\"robots\" content=\"index, follow, max-snippet:-1, max-image-preview:large, max-video-preview:-1\" \/>\n<link rel=\"canonical\" href=\"https:\/\/www.anovapeneira.gal\/index.php\/2023\/02\/20\/o-ateneo-santa-cecilia-de-marin-distingue-a-a-nova-peneira\/\" \/>\n<meta property=\"og:locale\" content=\"gl_ES\" \/>\n<meta property=\"og:type\" content=\"article\" \/>\n<meta property=\"og:title\" content=\"O Ateneo Santa Cecilia de Mar\u00edn distingue a A Nova Peneira -\" \/>\n<meta property=\"og:description\" content=\"Dic\u00eda Castelao que \u201c se a\u00ednda somos galegos \u00e9 por obra e graza do idioma\u201d.E eu concordo , desde logo, pero quixera engadir asemade que al\u00e9n de polo idioma tam\u00e9n o somos por esa parte da sociedade civil que se organiza e permite manter vivos os nosos sinais de identidade, que posibilitan que a\u00ednda sexamos un pobo consciente, o pobo galego\" \/>\n<meta property=\"og:url\" content=\"https:\/\/www.anovapeneira.gal\/index.php\/2023\/02\/20\/o-ateneo-santa-cecilia-de-marin-distingue-a-a-nova-peneira\/\" \/>\n<meta property=\"article:publisher\" content=\"https:\/\/www.facebook.com\/anovapeneira\" \/>\n<meta property=\"article:published_time\" content=\"2023-02-20T09:00:04+00:00\" \/>\n<meta property=\"og:image\" content=\"https:\/\/www.anovapeneira.gal\/wp-content\/uploads\/2023\/02\/ateneo_santa_cecilia.jpg\" \/>\n\t<meta property=\"og:image:width\" content=\"720\" \/>\n\t<meta property=\"og:image:height\" content=\"432\" \/>\n\t<meta property=\"og:image:type\" content=\"image\/jpeg\" \/>\n<meta name=\"author\" content=\"Luc\u00eda Santos\" \/>\n<meta name=\"twitter:card\" content=\"summary_large_image\" \/>\n<meta name=\"twitter:creator\" content=\"@APeneira\" \/>\n<meta name=\"twitter:site\" content=\"@APeneira\" \/>\n<meta name=\"twitter:label1\" content=\"Escrito por\" \/>\n\t<meta name=\"twitter:data1\" content=\"Luc\u00eda Santos\" \/>\n\t<meta name=\"twitter:label2\" content=\"Tempo de lectura\" \/>\n\t<meta name=\"twitter:data2\" content=\"2 minutos\" \/>\n<script type=\"application\/ld+json\" class=\"yoast-schema-graph\">{\"@context\":\"https:\\\/\\\/schema.org\",\"@graph\":[{\"@type\":\"Article\",\"@id\":\"https:\\\/\\\/www.anovapeneira.gal\\\/index.php\\\/2023\\\/02\\\/20\\\/o-ateneo-santa-cecilia-de-marin-distingue-a-a-nova-peneira\\\/#article\",\"isPartOf\":{\"@id\":\"https:\\\/\\\/www.anovapeneira.gal\\\/index.php\\\/2023\\\/02\\\/20\\\/o-ateneo-santa-cecilia-de-marin-distingue-a-a-nova-peneira\\\/\"},\"author\":{\"name\":\"Luc\u00eda Santos\",\"@id\":\"https:\\\/\\\/www.anovapeneira.gal\\\/#\\\/schema\\\/person\\\/acfb2aec0cb752502dfdf32c140bf0ab\"},\"headline\":\"O Ateneo Santa Cecilia de Mar\u00edn distingue a A Nova Peneira\",\"datePublished\":\"2023-02-20T09:00:04+00:00\",\"mainEntityOfPage\":{\"@id\":\"https:\\\/\\\/www.anovapeneira.gal\\\/index.php\\\/2023\\\/02\\\/20\\\/o-ateneo-santa-cecilia-de-marin-distingue-a-a-nova-peneira\\\/\"},\"wordCount\":210,\"commentCount\":0,\"publisher\":{\"@id\":\"https:\\\/\\\/www.anovapeneira.gal\\\/#organization\"},\"image\":{\"@id\":\"https:\\\/\\\/www.anovapeneira.gal\\\/index.php\\\/2023\\\/02\\\/20\\\/o-ateneo-santa-cecilia-de-marin-distingue-a-a-nova-peneira\\\/#primaryimage\"},\"thumbnailUrl\":\"https:\\\/\\\/www.anovapeneira.gal\\\/wp-content\\\/uploads\\\/2023\\\/02\\\/ateneo_santa_cecilia.jpg\",\"keywords\":[\"Concello de Mar\u00edn\"],\"articleSection\":[\"Morrazo\"],\"inLanguage\":\"gl-ES\",\"potentialAction\":[{\"@type\":\"CommentAction\",\"name\":\"Comment\",\"target\":[\"https:\\\/\\\/www.anovapeneira.gal\\\/index.php\\\/2023\\\/02\\\/20\\\/o-ateneo-santa-cecilia-de-marin-distingue-a-a-nova-peneira\\\/#respond\"]}]},{\"@type\":\"WebPage\",\"@id\":\"https:\\\/\\\/www.anovapeneira.gal\\\/index.php\\\/2023\\\/02\\\/20\\\/o-ateneo-santa-cecilia-de-marin-distingue-a-a-nova-peneira\\\/\",\"url\":\"https:\\\/\\\/www.anovapeneira.gal\\\/index.php\\\/2023\\\/02\\\/20\\\/o-ateneo-santa-cecilia-de-marin-distingue-a-a-nova-peneira\\\/\",\"name\":\"O Ateneo Santa Cecilia de Mar\u00edn distingue a A Nova Peneira -\",\"isPartOf\":{\"@id\":\"https:\\\/\\\/www.anovapeneira.gal\\\/#website\"},\"primaryImageOfPage\":{\"@id\":\"https:\\\/\\\/www.anovapeneira.gal\\\/index.php\\\/2023\\\/02\\\/20\\\/o-ateneo-santa-cecilia-de-marin-distingue-a-a-nova-peneira\\\/#primaryimage\"},\"image\":{\"@id\":\"https:\\\/\\\/www.anovapeneira.gal\\\/index.php\\\/2023\\\/02\\\/20\\\/o-ateneo-santa-cecilia-de-marin-distingue-a-a-nova-peneira\\\/#primaryimage\"},\"thumbnailUrl\":\"https:\\\/\\\/www.anovapeneira.gal\\\/wp-content\\\/uploads\\\/2023\\\/02\\\/ateneo_santa_cecilia.jpg\",\"datePublished\":\"2023-02-20T09:00:04+00:00\",\"description\":\"Dic\u00eda Castelao que \u201c se a\u00ednda somos galegos \u00e9 por obra e graza do idioma\u201d.E eu concordo , desde logo, pero quixera engadir asemade que al\u00e9n de polo idioma tam\u00e9n o somos por esa parte da sociedade civil que se organiza e permite manter vivos os nosos sinais de identidade, que posibilitan que a\u00ednda sexamos un pobo consciente, o pobo galego\",\"breadcrumb\":{\"@id\":\"https:\\\/\\\/www.anovapeneira.gal\\\/index.php\\\/2023\\\/02\\\/20\\\/o-ateneo-santa-cecilia-de-marin-distingue-a-a-nova-peneira\\\/#breadcrumb\"},\"inLanguage\":\"gl-ES\",\"potentialAction\":[{\"@type\":\"ReadAction\",\"target\":[\"https:\\\/\\\/www.anovapeneira.gal\\\/index.php\\\/2023\\\/02\\\/20\\\/o-ateneo-santa-cecilia-de-marin-distingue-a-a-nova-peneira\\\/\"]}]},{\"@type\":\"ImageObject\",\"inLanguage\":\"gl-ES\",\"@id\":\"https:\\\/\\\/www.anovapeneira.gal\\\/index.php\\\/2023\\\/02\\\/20\\\/o-ateneo-santa-cecilia-de-marin-distingue-a-a-nova-peneira\\\/#primaryimage\",\"url\":\"https:\\\/\\\/www.anovapeneira.gal\\\/wp-content\\\/uploads\\\/2023\\\/02\\\/ateneo_santa_cecilia.jpg\",\"contentUrl\":\"https:\\\/\\\/www.anovapeneira.gal\\\/wp-content\\\/uploads\\\/2023\\\/02\\\/ateneo_santa_cecilia.jpg\",\"width\":720,\"height\":432,\"caption\":\"Ateneo Santa Cecila\"},{\"@type\":\"BreadcrumbList\",\"@id\":\"https:\\\/\\\/www.anovapeneira.gal\\\/index.php\\\/2023\\\/02\\\/20\\\/o-ateneo-santa-cecilia-de-marin-distingue-a-a-nova-peneira\\\/#breadcrumb\",\"itemListElement\":[{\"@type\":\"ListItem\",\"position\":1,\"name\":\"Portada\",\"item\":\"https:\\\/\\\/www.anovapeneira.gal\\\/\"},{\"@type\":\"ListItem\",\"position\":2,\"name\":\"O Ateneo Santa Cecilia de Mar\u00edn distingue a A Nova Peneira\"}]},{\"@type\":\"WebSite\",\"@id\":\"https:\\\/\\\/www.anovapeneira.gal\\\/#website\",\"url\":\"https:\\\/\\\/www.anovapeneira.gal\\\/\",\"name\":\"\",\"description\":\"Xornal galego de informaci\u00f3n xeral Publicaci\u00f3n mensual de novas de Galicia e en especial dos Concellos da sur da provincia de Pontevedra.\",\"publisher\":{\"@id\":\"https:\\\/\\\/www.anovapeneira.gal\\\/#organization\"},\"potentialAction\":[{\"@type\":\"SearchAction\",\"target\":{\"@type\":\"EntryPoint\",\"urlTemplate\":\"https:\\\/\\\/www.anovapeneira.gal\\\/?s={search_term_string}\"},\"query-input\":{\"@type\":\"PropertyValueSpecification\",\"valueRequired\":true,\"valueName\":\"search_term_string\"}}],\"inLanguage\":\"gl-ES\"},{\"@type\":\"Organization\",\"@id\":\"https:\\\/\\\/www.anovapeneira.gal\\\/#organization\",\"name\":\"A Nova Peneira\",\"url\":\"https:\\\/\\\/www.anovapeneira.gal\\\/\",\"logo\":{\"@type\":\"ImageObject\",\"inLanguage\":\"gl-ES\",\"@id\":\"https:\\\/\\\/www.anovapeneira.gal\\\/#\\\/schema\\\/logo\\\/image\\\/\",\"url\":\"http:\\\/\\\/www.anovapeneira.gal\\\/wp-content\\\/uploads\\\/2019\\\/06\\\/logo_a_nova_peneira_portal_web.png\",\"contentUrl\":\"http:\\\/\\\/www.anovapeneira.gal\\\/wp-content\\\/uploads\\\/2019\\\/06\\\/logo_a_nova_peneira_portal_web.png\",\"width\":300,\"height\":100,\"caption\":\"A Nova Peneira\"},\"image\":{\"@id\":\"https:\\\/\\\/www.anovapeneira.gal\\\/#\\\/schema\\\/logo\\\/image\\\/\"},\"sameAs\":[\"https:\\\/\\\/www.facebook.com\\\/anovapeneira\",\"https:\\\/\\\/x.com\\\/APeneira\"]},{\"@type\":\"Person\",\"@id\":\"https:\\\/\\\/www.anovapeneira.gal\\\/#\\\/schema\\\/person\\\/acfb2aec0cb752502dfdf32c140bf0ab\",\"name\":\"Luc\u00eda Santos\",\"image\":{\"@type\":\"ImageObject\",\"inLanguage\":\"gl-ES\",\"@id\":\"https:\\\/\\\/secure.gravatar.com\\\/avatar\\\/976afb40d1db3909c544dad94ca233465e10e46949f9f7d9c63974d4b1d4710d?s=96&d=mm&r=g\",\"url\":\"https:\\\/\\\/secure.gravatar.com\\\/avatar\\\/976afb40d1db3909c544dad94ca233465e10e46949f9f7d9c63974d4b1d4710d?s=96&d=mm&r=g\",\"contentUrl\":\"https:\\\/\\\/secure.gravatar.com\\\/avatar\\\/976afb40d1db3909c544dad94ca233465e10e46949f9f7d9c63974d4b1d4710d?s=96&d=mm&r=g\",\"caption\":\"Luc\u00eda Santos\"},\"url\":\"https:\\\/\\\/www.anovapeneira.gal\\\/index.php\\\/author\\\/luciasantos\\\/\"}]}<\/script>\n<!-- \/ Yoast SEO plugin. -->","yoast_head_json":{"title":"O Ateneo Santa Cecilia de Mar\u00edn distingue a A Nova Peneira -","description":"Dic\u00eda Castelao que \u201c se a\u00ednda somos galegos \u00e9 por obra e graza do idioma\u201d.E eu concordo , desde logo, pero quixera engadir asemade que al\u00e9n de polo idioma tam\u00e9n o somos por esa parte da sociedade civil que se organiza e permite manter vivos os nosos sinais de identidade, que posibilitan que a\u00ednda sexamos un pobo consciente, o pobo galego","robots":{"index":"index","follow":"follow","max-snippet":"max-snippet:-1","max-image-preview":"max-image-preview:large","max-video-preview":"max-video-preview:-1"},"canonical":"https:\/\/www.anovapeneira.gal\/index.php\/2023\/02\/20\/o-ateneo-santa-cecilia-de-marin-distingue-a-a-nova-peneira\/","og_locale":"gl_ES","og_type":"article","og_title":"O Ateneo Santa Cecilia de Mar\u00edn distingue a A Nova Peneira -","og_description":"Dic\u00eda Castelao que \u201c se a\u00ednda somos galegos \u00e9 por obra e graza do idioma\u201d.E eu concordo , desde logo, pero quixera engadir asemade que al\u00e9n de polo idioma tam\u00e9n o somos por esa parte da sociedade civil que se organiza e permite manter vivos os nosos sinais de identidade, que posibilitan que a\u00ednda sexamos un pobo consciente, o pobo galego","og_url":"https:\/\/www.anovapeneira.gal\/index.php\/2023\/02\/20\/o-ateneo-santa-cecilia-de-marin-distingue-a-a-nova-peneira\/","article_publisher":"https:\/\/www.facebook.com\/anovapeneira","article_published_time":"2023-02-20T09:00:04+00:00","og_image":[{"width":720,"height":432,"url":"https:\/\/www.anovapeneira.gal\/wp-content\/uploads\/2023\/02\/ateneo_santa_cecilia.jpg","type":"image\/jpeg"}],"author":"Luc\u00eda Santos","twitter_card":"summary_large_image","twitter_creator":"@APeneira","twitter_site":"@APeneira","twitter_misc":{"Escrito por":"Luc\u00eda Santos","Tempo de lectura":"2 minutos"},"schema":{"@context":"https:\/\/schema.org","@graph":[{"@type":"Article","@id":"https:\/\/www.anovapeneira.gal\/index.php\/2023\/02\/20\/o-ateneo-santa-cecilia-de-marin-distingue-a-a-nova-peneira\/#article","isPartOf":{"@id":"https:\/\/www.anovapeneira.gal\/index.php\/2023\/02\/20\/o-ateneo-santa-cecilia-de-marin-distingue-a-a-nova-peneira\/"},"author":{"name":"Luc\u00eda Santos","@id":"https:\/\/www.anovapeneira.gal\/#\/schema\/person\/acfb2aec0cb752502dfdf32c140bf0ab"},"headline":"O Ateneo Santa Cecilia de Mar\u00edn distingue a A Nova Peneira","datePublished":"2023-02-20T09:00:04+00:00","mainEntityOfPage":{"@id":"https:\/\/www.anovapeneira.gal\/index.php\/2023\/02\/20\/o-ateneo-santa-cecilia-de-marin-distingue-a-a-nova-peneira\/"},"wordCount":210,"commentCount":0,"publisher":{"@id":"https:\/\/www.anovapeneira.gal\/#organization"},"image":{"@id":"https:\/\/www.anovapeneira.gal\/index.php\/2023\/02\/20\/o-ateneo-santa-cecilia-de-marin-distingue-a-a-nova-peneira\/#primaryimage"},"thumbnailUrl":"https:\/\/www.anovapeneira.gal\/wp-content\/uploads\/2023\/02\/ateneo_santa_cecilia.jpg","keywords":["Concello de Mar\u00edn"],"articleSection":["Morrazo"],"inLanguage":"gl-ES","potentialAction":[{"@type":"CommentAction","name":"Comment","target":["https:\/\/www.anovapeneira.gal\/index.php\/2023\/02\/20\/o-ateneo-santa-cecilia-de-marin-distingue-a-a-nova-peneira\/#respond"]}]},{"@type":"WebPage","@id":"https:\/\/www.anovapeneira.gal\/index.php\/2023\/02\/20\/o-ateneo-santa-cecilia-de-marin-distingue-a-a-nova-peneira\/","url":"https:\/\/www.anovapeneira.gal\/index.php\/2023\/02\/20\/o-ateneo-santa-cecilia-de-marin-distingue-a-a-nova-peneira\/","name":"O Ateneo Santa Cecilia de Mar\u00edn distingue a A Nova Peneira -","isPartOf":{"@id":"https:\/\/www.anovapeneira.gal\/#website"},"primaryImageOfPage":{"@id":"https:\/\/www.anovapeneira.gal\/index.php\/2023\/02\/20\/o-ateneo-santa-cecilia-de-marin-distingue-a-a-nova-peneira\/#primaryimage"},"image":{"@id":"https:\/\/www.anovapeneira.gal\/index.php\/2023\/02\/20\/o-ateneo-santa-cecilia-de-marin-distingue-a-a-nova-peneira\/#primaryimage"},"thumbnailUrl":"https:\/\/www.anovapeneira.gal\/wp-content\/uploads\/2023\/02\/ateneo_santa_cecilia.jpg","datePublished":"2023-02-20T09:00:04+00:00","description":"Dic\u00eda Castelao que \u201c se a\u00ednda somos galegos \u00e9 por obra e graza do idioma\u201d.E eu concordo , desde logo, pero quixera engadir asemade que al\u00e9n de polo idioma tam\u00e9n o somos por esa parte da sociedade civil que se organiza e permite manter vivos os nosos sinais de identidade, que posibilitan que a\u00ednda sexamos un pobo consciente, o pobo galego","breadcrumb":{"@id":"https:\/\/www.anovapeneira.gal\/index.php\/2023\/02\/20\/o-ateneo-santa-cecilia-de-marin-distingue-a-a-nova-peneira\/#breadcrumb"},"inLanguage":"gl-ES","potentialAction":[{"@type":"ReadAction","target":["https:\/\/www.anovapeneira.gal\/index.php\/2023\/02\/20\/o-ateneo-santa-cecilia-de-marin-distingue-a-a-nova-peneira\/"]}]},{"@type":"ImageObject","inLanguage":"gl-ES","@id":"https:\/\/www.anovapeneira.gal\/index.php\/2023\/02\/20\/o-ateneo-santa-cecilia-de-marin-distingue-a-a-nova-peneira\/#primaryimage","url":"https:\/\/www.anovapeneira.gal\/wp-content\/uploads\/2023\/02\/ateneo_santa_cecilia.jpg","contentUrl":"https:\/\/www.anovapeneira.gal\/wp-content\/uploads\/2023\/02\/ateneo_santa_cecilia.jpg","width":720,"height":432,"caption":"Ateneo Santa Cecila"},{"@type":"BreadcrumbList","@id":"https:\/\/www.anovapeneira.gal\/index.php\/2023\/02\/20\/o-ateneo-santa-cecilia-de-marin-distingue-a-a-nova-peneira\/#breadcrumb","itemListElement":[{"@type":"ListItem","position":1,"name":"Portada","item":"https:\/\/www.anovapeneira.gal\/"},{"@type":"ListItem","position":2,"name":"O Ateneo Santa Cecilia de Mar\u00edn distingue a A Nova Peneira"}]},{"@type":"WebSite","@id":"https:\/\/www.anovapeneira.gal\/#website","url":"https:\/\/www.anovapeneira.gal\/","name":"","description":"Xornal galego de informaci\u00f3n xeral Publicaci\u00f3n mensual de novas de Galicia e en especial dos Concellos da sur da provincia de Pontevedra.","publisher":{"@id":"https:\/\/www.anovapeneira.gal\/#organization"},"potentialAction":[{"@type":"SearchAction","target":{"@type":"EntryPoint","urlTemplate":"https:\/\/www.anovapeneira.gal\/?s={search_term_string}"},"query-input":{"@type":"PropertyValueSpecification","valueRequired":true,"valueName":"search_term_string"}}],"inLanguage":"gl-ES"},{"@type":"Organization","@id":"https:\/\/www.anovapeneira.gal\/#organization","name":"A Nova Peneira","url":"https:\/\/www.anovapeneira.gal\/","logo":{"@type":"ImageObject","inLanguage":"gl-ES","@id":"https:\/\/www.anovapeneira.gal\/#\/schema\/logo\/image\/","url":"http:\/\/www.anovapeneira.gal\/wp-content\/uploads\/2019\/06\/logo_a_nova_peneira_portal_web.png","contentUrl":"http:\/\/www.anovapeneira.gal\/wp-content\/uploads\/2019\/06\/logo_a_nova_peneira_portal_web.png","width":300,"height":100,"caption":"A Nova Peneira"},"image":{"@id":"https:\/\/www.anovapeneira.gal\/#\/schema\/logo\/image\/"},"sameAs":["https:\/\/www.facebook.com\/anovapeneira","https:\/\/x.com\/APeneira"]},{"@type":"Person","@id":"https:\/\/www.anovapeneira.gal\/#\/schema\/person\/acfb2aec0cb752502dfdf32c140bf0ab","name":"Luc\u00eda Santos","image":{"@type":"ImageObject","inLanguage":"gl-ES","@id":"https:\/\/secure.gravatar.com\/avatar\/976afb40d1db3909c544dad94ca233465e10e46949f9f7d9c63974d4b1d4710d?s=96&d=mm&r=g","url":"https:\/\/secure.gravatar.com\/avatar\/976afb40d1db3909c544dad94ca233465e10e46949f9f7d9c63974d4b1d4710d?s=96&d=mm&r=g","contentUrl":"https:\/\/secure.gravatar.com\/avatar\/976afb40d1db3909c544dad94ca233465e10e46949f9f7d9c63974d4b1d4710d?s=96&d=mm&r=g","caption":"Luc\u00eda Santos"},"url":"https:\/\/www.anovapeneira.gal\/index.php\/author\/luciasantos\/"}]}},"jetpack_featured_media_url":"https:\/\/www.anovapeneira.gal\/wp-content\/uploads\/2023\/02\/ateneo_santa_cecilia.jpg","_links":{"self":[{"href":"https:\/\/www.anovapeneira.gal\/index.php\/wp-json\/wp\/v2\/posts\/9120","targetHints":{"allow":["GET"]}}],"collection":[{"href":"https:\/\/www.anovapeneira.gal\/index.php\/wp-json\/wp\/v2\/posts"}],"about":[{"href":"https:\/\/www.anovapeneira.gal\/index.php\/wp-json\/wp\/v2\/types\/post"}],"author":[{"embeddable":true,"href":"https:\/\/www.anovapeneira.gal\/index.php\/wp-json\/wp\/v2\/users\/42"}],"replies":[{"embeddable":true,"href":"https:\/\/www.anovapeneira.gal\/index.php\/wp-json\/wp\/v2\/comments?post=9120"}],"version-history":[{"count":3,"href":"https:\/\/www.anovapeneira.gal\/index.php\/wp-json\/wp\/v2\/posts\/9120\/revisions"}],"predecessor-version":[{"id":9123,"href":"https:\/\/www.anovapeneira.gal\/index.php\/wp-json\/wp\/v2\/posts\/9120\/revisions\/9123"}],"wp:featuredmedia":[{"embeddable":true,"href":"https:\/\/www.anovapeneira.gal\/index.php\/wp-json\/wp\/v2\/media\/9124"}],"wp:attachment":[{"href":"https:\/\/www.anovapeneira.gal\/index.php\/wp-json\/wp\/v2\/media?parent=9120"}],"wp:term":[{"taxonomy":"category","embeddable":true,"href":"https:\/\/www.anovapeneira.gal\/index.php\/wp-json\/wp\/v2\/categories?post=9120"},{"taxonomy":"post_tag","embeddable":true,"href":"https:\/\/www.anovapeneira.gal\/index.php\/wp-json\/wp\/v2\/tags?post=9120"}],"curies":[{"name":"wp","href":"https:\/\/api.w.org\/{rel}","templated":true}]}}