{"id":9138,"date":"2023-02-21T12:00:33","date_gmt":"2023-02-21T11:00:33","guid":{"rendered":"https:\/\/www.anovapeneira.gal\/?p=9138"},"modified":"2023-02-13T14:20:00","modified_gmt":"2023-02-13T13:20:00","slug":"o-parche","status":"publish","type":"post","link":"https:\/\/www.anovapeneira.gal\/index.php\/2023\/02\/21\/o-parche\/","title":{"rendered":"O parche"},"content":{"rendered":"\n<figure class=\"wp-block-image size-full is-resized\"><img loading=\"lazy\" decoding=\"async\" src=\"https:\/\/www.anovapeneira.gal\/wp-content\/uploads\/2019\/07\/xoan_alonso_a_nova_peneira_r.jpg\" alt=\"Xo\u00e1n Alonso. Correspondente de A Nova Peneira en Euskadi\" class=\"wp-image-763\" width=\"95\" height=\"111\"\/><figcaption class=\"wp-element-caption\">Xo\u00e1n Alonso. Correspondente de A Nova Peneira en Euskadi<\/figcaption><\/figure>\n\n\n\n<p>O difunto do Churi e Felucho levantaron a Manolito do chan cando se decataron de que os berros eran de dor e non de ledicia. Manolo tapaba a s\u00faa cara coma Djukic cando marrara en 1994 aquel penalti fronte o Valencia que lle daba a liga ao Deportivo da Coru\u00f1a. Axeonllado, agochado tras das cuncas das s\u00faa mans, Manolito tam\u00e9n agardaba que algu\u00e9n baixara do ceo e o espertara daquel pesadelo.<\/p>\n\n\n\n<p>Deixaron a Manolito no limiar do portal da s\u00faa casa, coma quen deixa un rec\u00e9n nado na porta dunha igrexa.<\/p>\n\n\n\n<p>Todos temos d\u00edas bos e todos temos d\u00edas malos. Uns e outros vanse alternando sen aviso previo.<\/p>\n\n\n\n<p>Aquela tarde, Manolito no atinaba unha nin chuzando. Nin tirando de pino. Nin rozando as bolas contra a pedra do poste da luz para que non se lle ecorregaran.<\/p>\n\n\n\n<p>A s\u00faa bola preferida xa durm\u00eda no peto do Silvio, un cativo de Venezuela que levaba non m\u00e1is dun mes vivindo no edificio de Roque e que tam\u00e9n sab\u00eda xogar \u00e1s bolas coma o cativo que hab\u00eda de traer para o Campo das Redes a primeira medalla de ouro nuns xogos ol\u00edmpicos.<\/p>\n\n\n\n<p>Todos sabemos que non \u00e9 doado retirarse cando perdes. Tam\u00e9n sabemos que o que ga\u00f1a non se retira ata que o que perde non ten nada que ofrecer. Iso, \u00e9 lei. Xa pod\u00eda chamar a t\u00faa nai ou o Papa de Roma.<\/p>\n\n\n\n<p>Os petos de Manolito estaban cheos de area e ollos eran como o vidro dun acuario. As b\u00e1goas querendo facelo seu cami\u00f1o, meixela abaixo, e n\u00f3s, agardando a enchente.<\/p>\n\n\n\n<p>Silvio e Manolito acordaron botala derradeira partida ao \u201cploquin cuarta\u201d. O xogo era o mesmo co ploquin. Atinar na outra bola. Mais desta vez, para tirar, pod\u00edas adiantala canica unha cuarta, e, para ga\u00f1ar, ben pod\u00edas acertar na bola ou dexaila \u00e1 distancia m\u00e1xima dunha cuarta.<\/p>\n\n\n\n<p>Manolo ti\u00f1a a partida ga\u00f1ada. Dous cent\u00edmetros para facer cuarta.<\/p>\n\n\n\n<p>A carraxe non lle cab\u00eda no peito e tirou con tanta forza como un can\u00f3n. A mala xorte quixo que unha estela da s\u00faa canica fora violentamente bater no seu ollo dereito.<\/p>\n\n\n\n<p>Pasou un mes sen saber nada de Manolito. Canducha, a nai de Felucho. dix\u00e9ranos que perdera o ollo.<\/p>\n\n\n\n<p>As primeiras veces que salui \u00e1 r\u00faa levaba un parche. Todos cavilab\u00e1bamos no novo ollo de Manolito. Uns dec\u00edan que os doutores lle puxeran un pelouro de aceiro. Outros que un pelouro americano, branco con li\u00f1as vermellas. Outros aseguraban que era un ollo de maderia porque os seus pais non ti\u00f1an cartos para o un ollo de morto. Todo cantares e trolas.<\/p>\n\n\n\n<p>Unha tarde xogando ao cachibote colleume da man e agoch\u00e1monos detr\u00e1s dunha vimbieira, no campo de abaixo.<\/p>\n\n\n\n<p>-\u00bfQueres ver algo Xo\u00e1n?<\/p>\n\n\n\n<p>Eu pensei que me \u00eda ensinar os pelos que lle sa\u00edran na pirola e calei. O meu silencio colleuno por un si.<\/p>\n\n\n\n<p>Achegou a s\u00faa a cara \u00e1 mi\u00f1a e levantou o parche. \u00a1Arredemo! O rao de Manolito levaba un pelouro de vidro e semellaba que ti\u00f1a un ollo de gato.<\/p>\n\n\n\n<p>-Ens\u00ednocho a ti o primeiro porque es o meu mellor amigo, e, si queres, podes tocalo.<\/p>\n\n\n\n<p>O Manolito foi o mellor xogador de canicas de toda a contorna. \u00cda selo primeiro en traer unha medalla de ouro para cada un de n\u00f3s.<\/p>\n\n\n\n<p>O cabr\u00f3n do Manilto librouse da mili.<\/p>\n","protected":false},"excerpt":{"rendered":"<div class=\"mh-excerpt\"><p>O difunto do Churi e Felucho levantaron a Manolito do chan cando se decataron de que os berros eran de dor e non de ledicia. Manolo tapaba a s\u00faa cara coma Djukic cando marrara en 1994 aquel penalti fronte o Valencia que lle daba a liga ao Deportivo da Coru\u00f1a <a class=\"mh-excerpt-more\" href=\"https:\/\/www.anovapeneira.gal\/index.php\/2023\/02\/21\/o-parche\/\" title=\"O parche\">[&#8230;]<\/a><\/p>\n<\/div>","protected":false},"author":14,"featured_media":584,"comment_status":"open","ping_status":"open","sticky":false,"template":"","format":"standard","meta":{"_exactmetrics_skip_tracking":false,"_exactmetrics_sitenote_active":false,"_exactmetrics_sitenote_note":"","_exactmetrics_sitenote_category":0,"footnotes":""},"categories":[7],"tags":[],"class_list":{"0":"post-9138","1":"post","2":"type-post","3":"status-publish","4":"format-standard","5":"has-post-thumbnail","7":"category-artigos-de-opinion"},"yoast_head":"<!-- This site is optimized with the Yoast SEO plugin v27.4 - https:\/\/yoast.com\/product\/yoast-seo-wordpress\/ -->\n<title>O parche -<\/title>\n<meta name=\"robots\" content=\"index, follow, max-snippet:-1, max-image-preview:large, max-video-preview:-1\" \/>\n<link rel=\"canonical\" href=\"https:\/\/www.anovapeneira.gal\/index.php\/2023\/02\/21\/o-parche\/\" \/>\n<meta property=\"og:locale\" content=\"gl_ES\" \/>\n<meta property=\"og:type\" content=\"article\" \/>\n<meta property=\"og:title\" content=\"O parche -\" \/>\n<meta property=\"og:description\" content=\"O difunto do Churi e Felucho levantaron a Manolito do chan cando se decataron de que os berros eran de dor e non de ledicia. Manolo tapaba a s\u00faa cara coma Djukic cando marrara en 1994 aquel penalti fronte o Valencia que lle daba a liga ao Deportivo da Coru\u00f1a [...]\" \/>\n<meta property=\"og:url\" content=\"https:\/\/www.anovapeneira.gal\/index.php\/2023\/02\/21\/o-parche\/\" \/>\n<meta property=\"article:publisher\" content=\"https:\/\/www.facebook.com\/anovapeneira\" \/>\n<meta property=\"article:published_time\" content=\"2023-02-21T11:00:33+00:00\" \/>\n<meta property=\"og:image\" content=\"https:\/\/www.anovapeneira.gal\/wp-content\/uploads\/2019\/07\/ARTIGO_DE_OPINION_A_NOVA_PENEIRA.jpg\" \/>\n\t<meta property=\"og:image:width\" content=\"720\" \/>\n\t<meta property=\"og:image:height\" content=\"473\" \/>\n\t<meta property=\"og:image:type\" content=\"image\/jpeg\" \/>\n<meta name=\"author\" content=\"Xo\u00e1n Alonso\" \/>\n<meta name=\"twitter:card\" content=\"summary_large_image\" \/>\n<meta name=\"twitter:image\" content=\"https:\/\/www.anovapeneira.gal\/wp-content\/uploads\/2019\/07\/ARTIGO_DE_OPINION_A_NOVA_PENEIRA.jpg\" \/>\n<meta name=\"twitter:creator\" content=\"@APeneira\" \/>\n<meta name=\"twitter:site\" content=\"@APeneira\" \/>\n<meta name=\"twitter:label1\" content=\"Escrito por\" \/>\n\t<meta name=\"twitter:data1\" content=\"Xo\u00e1n Alonso\" \/>\n\t<meta name=\"twitter:label2\" content=\"Tempo de lectura\" \/>\n\t<meta name=\"twitter:data2\" content=\"4 minutos\" \/>\n<script type=\"application\/ld+json\" class=\"yoast-schema-graph\">{\"@context\":\"https:\\\/\\\/schema.org\",\"@graph\":[{\"@type\":\"Article\",\"@id\":\"https:\\\/\\\/www.anovapeneira.gal\\\/index.php\\\/2023\\\/02\\\/21\\\/o-parche\\\/#article\",\"isPartOf\":{\"@id\":\"https:\\\/\\\/www.anovapeneira.gal\\\/index.php\\\/2023\\\/02\\\/21\\\/o-parche\\\/\"},\"author\":{\"name\":\"Xo\u00e1n Alonso\",\"@id\":\"https:\\\/\\\/www.anovapeneira.gal\\\/#\\\/schema\\\/person\\\/3c0f6176a11937f0382c23cfcecc8810\"},\"headline\":\"O parche\",\"datePublished\":\"2023-02-21T11:00:33+00:00\",\"mainEntityOfPage\":{\"@id\":\"https:\\\/\\\/www.anovapeneira.gal\\\/index.php\\\/2023\\\/02\\\/21\\\/o-parche\\\/\"},\"wordCount\":605,\"commentCount\":0,\"publisher\":{\"@id\":\"https:\\\/\\\/www.anovapeneira.gal\\\/#organization\"},\"image\":{\"@id\":\"https:\\\/\\\/www.anovapeneira.gal\\\/index.php\\\/2023\\\/02\\\/21\\\/o-parche\\\/#primaryimage\"},\"thumbnailUrl\":\"https:\\\/\\\/www.anovapeneira.gal\\\/wp-content\\\/uploads\\\/2019\\\/07\\\/ARTIGO_DE_OPINION_A_NOVA_PENEIRA.jpg\",\"articleSection\":[\"Artigos de opini\u00f3n\"],\"inLanguage\":\"gl-ES\",\"potentialAction\":[{\"@type\":\"CommentAction\",\"name\":\"Comment\",\"target\":[\"https:\\\/\\\/www.anovapeneira.gal\\\/index.php\\\/2023\\\/02\\\/21\\\/o-parche\\\/#respond\"]}]},{\"@type\":\"WebPage\",\"@id\":\"https:\\\/\\\/www.anovapeneira.gal\\\/index.php\\\/2023\\\/02\\\/21\\\/o-parche\\\/\",\"url\":\"https:\\\/\\\/www.anovapeneira.gal\\\/index.php\\\/2023\\\/02\\\/21\\\/o-parche\\\/\",\"name\":\"O parche -\",\"isPartOf\":{\"@id\":\"https:\\\/\\\/www.anovapeneira.gal\\\/#website\"},\"primaryImageOfPage\":{\"@id\":\"https:\\\/\\\/www.anovapeneira.gal\\\/index.php\\\/2023\\\/02\\\/21\\\/o-parche\\\/#primaryimage\"},\"image\":{\"@id\":\"https:\\\/\\\/www.anovapeneira.gal\\\/index.php\\\/2023\\\/02\\\/21\\\/o-parche\\\/#primaryimage\"},\"thumbnailUrl\":\"https:\\\/\\\/www.anovapeneira.gal\\\/wp-content\\\/uploads\\\/2019\\\/07\\\/ARTIGO_DE_OPINION_A_NOVA_PENEIRA.jpg\",\"datePublished\":\"2023-02-21T11:00:33+00:00\",\"breadcrumb\":{\"@id\":\"https:\\\/\\\/www.anovapeneira.gal\\\/index.php\\\/2023\\\/02\\\/21\\\/o-parche\\\/#breadcrumb\"},\"inLanguage\":\"gl-ES\",\"potentialAction\":[{\"@type\":\"ReadAction\",\"target\":[\"https:\\\/\\\/www.anovapeneira.gal\\\/index.php\\\/2023\\\/02\\\/21\\\/o-parche\\\/\"]}]},{\"@type\":\"ImageObject\",\"inLanguage\":\"gl-ES\",\"@id\":\"https:\\\/\\\/www.anovapeneira.gal\\\/index.php\\\/2023\\\/02\\\/21\\\/o-parche\\\/#primaryimage\",\"url\":\"https:\\\/\\\/www.anovapeneira.gal\\\/wp-content\\\/uploads\\\/2019\\\/07\\\/ARTIGO_DE_OPINION_A_NOVA_PENEIRA.jpg\",\"contentUrl\":\"https:\\\/\\\/www.anovapeneira.gal\\\/wp-content\\\/uploads\\\/2019\\\/07\\\/ARTIGO_DE_OPINION_A_NOVA_PENEIRA.jpg\",\"width\":720,\"height\":473,\"caption\":\"Artigo de opini\u00f3n A Nova Peneira\"},{\"@type\":\"BreadcrumbList\",\"@id\":\"https:\\\/\\\/www.anovapeneira.gal\\\/index.php\\\/2023\\\/02\\\/21\\\/o-parche\\\/#breadcrumb\",\"itemListElement\":[{\"@type\":\"ListItem\",\"position\":1,\"name\":\"Portada\",\"item\":\"https:\\\/\\\/www.anovapeneira.gal\\\/\"},{\"@type\":\"ListItem\",\"position\":2,\"name\":\"O parche\"}]},{\"@type\":\"WebSite\",\"@id\":\"https:\\\/\\\/www.anovapeneira.gal\\\/#website\",\"url\":\"https:\\\/\\\/www.anovapeneira.gal\\\/\",\"name\":\"\",\"description\":\"Xornal galego de informaci\u00f3n xeral Publicaci\u00f3n mensual de novas de Galicia e en especial dos Concellos da sur da provincia de Pontevedra.\",\"publisher\":{\"@id\":\"https:\\\/\\\/www.anovapeneira.gal\\\/#organization\"},\"potentialAction\":[{\"@type\":\"SearchAction\",\"target\":{\"@type\":\"EntryPoint\",\"urlTemplate\":\"https:\\\/\\\/www.anovapeneira.gal\\\/?s={search_term_string}\"},\"query-input\":{\"@type\":\"PropertyValueSpecification\",\"valueRequired\":true,\"valueName\":\"search_term_string\"}}],\"inLanguage\":\"gl-ES\"},{\"@type\":\"Organization\",\"@id\":\"https:\\\/\\\/www.anovapeneira.gal\\\/#organization\",\"name\":\"A Nova Peneira\",\"url\":\"https:\\\/\\\/www.anovapeneira.gal\\\/\",\"logo\":{\"@type\":\"ImageObject\",\"inLanguage\":\"gl-ES\",\"@id\":\"https:\\\/\\\/www.anovapeneira.gal\\\/#\\\/schema\\\/logo\\\/image\\\/\",\"url\":\"http:\\\/\\\/www.anovapeneira.gal\\\/wp-content\\\/uploads\\\/2019\\\/06\\\/logo_a_nova_peneira_portal_web.png\",\"contentUrl\":\"http:\\\/\\\/www.anovapeneira.gal\\\/wp-content\\\/uploads\\\/2019\\\/06\\\/logo_a_nova_peneira_portal_web.png\",\"width\":300,\"height\":100,\"caption\":\"A Nova Peneira\"},\"image\":{\"@id\":\"https:\\\/\\\/www.anovapeneira.gal\\\/#\\\/schema\\\/logo\\\/image\\\/\"},\"sameAs\":[\"https:\\\/\\\/www.facebook.com\\\/anovapeneira\",\"https:\\\/\\\/x.com\\\/APeneira\"]},{\"@type\":\"Person\",\"@id\":\"https:\\\/\\\/www.anovapeneira.gal\\\/#\\\/schema\\\/person\\\/3c0f6176a11937f0382c23cfcecc8810\",\"name\":\"Xo\u00e1n Alonso\",\"image\":{\"@type\":\"ImageObject\",\"inLanguage\":\"gl-ES\",\"@id\":\"https:\\\/\\\/secure.gravatar.com\\\/avatar\\\/2363e2851e208cf25381166cf12eec1cad20b87f47b38097822f83644f99412d?s=96&d=mm&r=g\",\"url\":\"https:\\\/\\\/secure.gravatar.com\\\/avatar\\\/2363e2851e208cf25381166cf12eec1cad20b87f47b38097822f83644f99412d?s=96&d=mm&r=g\",\"contentUrl\":\"https:\\\/\\\/secure.gravatar.com\\\/avatar\\\/2363e2851e208cf25381166cf12eec1cad20b87f47b38097822f83644f99412d?s=96&d=mm&r=g\",\"caption\":\"Xo\u00e1n Alonso\"},\"sameAs\":[\"http:\\\/\\\/anovapeneira.gal\"],\"url\":\"https:\\\/\\\/www.anovapeneira.gal\\\/index.php\\\/author\\\/opinionxoan-alonso\\\/\"}]}<\/script>\n<!-- \/ Yoast SEO plugin. -->","yoast_head_json":{"title":"O parche -","robots":{"index":"index","follow":"follow","max-snippet":"max-snippet:-1","max-image-preview":"max-image-preview:large","max-video-preview":"max-video-preview:-1"},"canonical":"https:\/\/www.anovapeneira.gal\/index.php\/2023\/02\/21\/o-parche\/","og_locale":"gl_ES","og_type":"article","og_title":"O parche -","og_description":"O difunto do Churi e Felucho levantaron a Manolito do chan cando se decataron de que os berros eran de dor e non de ledicia. Manolo tapaba a s\u00faa cara coma Djukic cando marrara en 1994 aquel penalti fronte o Valencia que lle daba a liga ao Deportivo da Coru\u00f1a [...]","og_url":"https:\/\/www.anovapeneira.gal\/index.php\/2023\/02\/21\/o-parche\/","article_publisher":"https:\/\/www.facebook.com\/anovapeneira","article_published_time":"2023-02-21T11:00:33+00:00","og_image":[{"width":720,"height":473,"url":"https:\/\/www.anovapeneira.gal\/wp-content\/uploads\/2019\/07\/ARTIGO_DE_OPINION_A_NOVA_PENEIRA.jpg","type":"image\/jpeg"}],"author":"Xo\u00e1n Alonso","twitter_card":"summary_large_image","twitter_image":"https:\/\/www.anovapeneira.gal\/wp-content\/uploads\/2019\/07\/ARTIGO_DE_OPINION_A_NOVA_PENEIRA.jpg","twitter_creator":"@APeneira","twitter_site":"@APeneira","twitter_misc":{"Escrito por":"Xo\u00e1n Alonso","Tempo de lectura":"4 minutos"},"schema":{"@context":"https:\/\/schema.org","@graph":[{"@type":"Article","@id":"https:\/\/www.anovapeneira.gal\/index.php\/2023\/02\/21\/o-parche\/#article","isPartOf":{"@id":"https:\/\/www.anovapeneira.gal\/index.php\/2023\/02\/21\/o-parche\/"},"author":{"name":"Xo\u00e1n Alonso","@id":"https:\/\/www.anovapeneira.gal\/#\/schema\/person\/3c0f6176a11937f0382c23cfcecc8810"},"headline":"O parche","datePublished":"2023-02-21T11:00:33+00:00","mainEntityOfPage":{"@id":"https:\/\/www.anovapeneira.gal\/index.php\/2023\/02\/21\/o-parche\/"},"wordCount":605,"commentCount":0,"publisher":{"@id":"https:\/\/www.anovapeneira.gal\/#organization"},"image":{"@id":"https:\/\/www.anovapeneira.gal\/index.php\/2023\/02\/21\/o-parche\/#primaryimage"},"thumbnailUrl":"https:\/\/www.anovapeneira.gal\/wp-content\/uploads\/2019\/07\/ARTIGO_DE_OPINION_A_NOVA_PENEIRA.jpg","articleSection":["Artigos de opini\u00f3n"],"inLanguage":"gl-ES","potentialAction":[{"@type":"CommentAction","name":"Comment","target":["https:\/\/www.anovapeneira.gal\/index.php\/2023\/02\/21\/o-parche\/#respond"]}]},{"@type":"WebPage","@id":"https:\/\/www.anovapeneira.gal\/index.php\/2023\/02\/21\/o-parche\/","url":"https:\/\/www.anovapeneira.gal\/index.php\/2023\/02\/21\/o-parche\/","name":"O parche -","isPartOf":{"@id":"https:\/\/www.anovapeneira.gal\/#website"},"primaryImageOfPage":{"@id":"https:\/\/www.anovapeneira.gal\/index.php\/2023\/02\/21\/o-parche\/#primaryimage"},"image":{"@id":"https:\/\/www.anovapeneira.gal\/index.php\/2023\/02\/21\/o-parche\/#primaryimage"},"thumbnailUrl":"https:\/\/www.anovapeneira.gal\/wp-content\/uploads\/2019\/07\/ARTIGO_DE_OPINION_A_NOVA_PENEIRA.jpg","datePublished":"2023-02-21T11:00:33+00:00","breadcrumb":{"@id":"https:\/\/www.anovapeneira.gal\/index.php\/2023\/02\/21\/o-parche\/#breadcrumb"},"inLanguage":"gl-ES","potentialAction":[{"@type":"ReadAction","target":["https:\/\/www.anovapeneira.gal\/index.php\/2023\/02\/21\/o-parche\/"]}]},{"@type":"ImageObject","inLanguage":"gl-ES","@id":"https:\/\/www.anovapeneira.gal\/index.php\/2023\/02\/21\/o-parche\/#primaryimage","url":"https:\/\/www.anovapeneira.gal\/wp-content\/uploads\/2019\/07\/ARTIGO_DE_OPINION_A_NOVA_PENEIRA.jpg","contentUrl":"https:\/\/www.anovapeneira.gal\/wp-content\/uploads\/2019\/07\/ARTIGO_DE_OPINION_A_NOVA_PENEIRA.jpg","width":720,"height":473,"caption":"Artigo de opini\u00f3n A Nova Peneira"},{"@type":"BreadcrumbList","@id":"https:\/\/www.anovapeneira.gal\/index.php\/2023\/02\/21\/o-parche\/#breadcrumb","itemListElement":[{"@type":"ListItem","position":1,"name":"Portada","item":"https:\/\/www.anovapeneira.gal\/"},{"@type":"ListItem","position":2,"name":"O parche"}]},{"@type":"WebSite","@id":"https:\/\/www.anovapeneira.gal\/#website","url":"https:\/\/www.anovapeneira.gal\/","name":"","description":"Xornal galego de informaci\u00f3n xeral Publicaci\u00f3n mensual de novas de Galicia e en especial dos Concellos da sur da provincia de Pontevedra.","publisher":{"@id":"https:\/\/www.anovapeneira.gal\/#organization"},"potentialAction":[{"@type":"SearchAction","target":{"@type":"EntryPoint","urlTemplate":"https:\/\/www.anovapeneira.gal\/?s={search_term_string}"},"query-input":{"@type":"PropertyValueSpecification","valueRequired":true,"valueName":"search_term_string"}}],"inLanguage":"gl-ES"},{"@type":"Organization","@id":"https:\/\/www.anovapeneira.gal\/#organization","name":"A Nova Peneira","url":"https:\/\/www.anovapeneira.gal\/","logo":{"@type":"ImageObject","inLanguage":"gl-ES","@id":"https:\/\/www.anovapeneira.gal\/#\/schema\/logo\/image\/","url":"http:\/\/www.anovapeneira.gal\/wp-content\/uploads\/2019\/06\/logo_a_nova_peneira_portal_web.png","contentUrl":"http:\/\/www.anovapeneira.gal\/wp-content\/uploads\/2019\/06\/logo_a_nova_peneira_portal_web.png","width":300,"height":100,"caption":"A Nova Peneira"},"image":{"@id":"https:\/\/www.anovapeneira.gal\/#\/schema\/logo\/image\/"},"sameAs":["https:\/\/www.facebook.com\/anovapeneira","https:\/\/x.com\/APeneira"]},{"@type":"Person","@id":"https:\/\/www.anovapeneira.gal\/#\/schema\/person\/3c0f6176a11937f0382c23cfcecc8810","name":"Xo\u00e1n Alonso","image":{"@type":"ImageObject","inLanguage":"gl-ES","@id":"https:\/\/secure.gravatar.com\/avatar\/2363e2851e208cf25381166cf12eec1cad20b87f47b38097822f83644f99412d?s=96&d=mm&r=g","url":"https:\/\/secure.gravatar.com\/avatar\/2363e2851e208cf25381166cf12eec1cad20b87f47b38097822f83644f99412d?s=96&d=mm&r=g","contentUrl":"https:\/\/secure.gravatar.com\/avatar\/2363e2851e208cf25381166cf12eec1cad20b87f47b38097822f83644f99412d?s=96&d=mm&r=g","caption":"Xo\u00e1n Alonso"},"sameAs":["http:\/\/anovapeneira.gal"],"url":"https:\/\/www.anovapeneira.gal\/index.php\/author\/opinionxoan-alonso\/"}]}},"jetpack_featured_media_url":"https:\/\/www.anovapeneira.gal\/wp-content\/uploads\/2019\/07\/ARTIGO_DE_OPINION_A_NOVA_PENEIRA.jpg","_links":{"self":[{"href":"https:\/\/www.anovapeneira.gal\/index.php\/wp-json\/wp\/v2\/posts\/9138","targetHints":{"allow":["GET"]}}],"collection":[{"href":"https:\/\/www.anovapeneira.gal\/index.php\/wp-json\/wp\/v2\/posts"}],"about":[{"href":"https:\/\/www.anovapeneira.gal\/index.php\/wp-json\/wp\/v2\/types\/post"}],"author":[{"embeddable":true,"href":"https:\/\/www.anovapeneira.gal\/index.php\/wp-json\/wp\/v2\/users\/14"}],"replies":[{"embeddable":true,"href":"https:\/\/www.anovapeneira.gal\/index.php\/wp-json\/wp\/v2\/comments?post=9138"}],"version-history":[{"count":1,"href":"https:\/\/www.anovapeneira.gal\/index.php\/wp-json\/wp\/v2\/posts\/9138\/revisions"}],"predecessor-version":[{"id":9139,"href":"https:\/\/www.anovapeneira.gal\/index.php\/wp-json\/wp\/v2\/posts\/9138\/revisions\/9139"}],"wp:featuredmedia":[{"embeddable":true,"href":"https:\/\/www.anovapeneira.gal\/index.php\/wp-json\/wp\/v2\/media\/584"}],"wp:attachment":[{"href":"https:\/\/www.anovapeneira.gal\/index.php\/wp-json\/wp\/v2\/media?parent=9138"}],"wp:term":[{"taxonomy":"category","embeddable":true,"href":"https:\/\/www.anovapeneira.gal\/index.php\/wp-json\/wp\/v2\/categories?post=9138"},{"taxonomy":"post_tag","embeddable":true,"href":"https:\/\/www.anovapeneira.gal\/index.php\/wp-json\/wp\/v2\/tags?post=9138"}],"curies":[{"name":"wp","href":"https:\/\/api.w.org\/{rel}","templated":true}]}}