{"id":9151,"date":"2023-02-23T12:00:54","date_gmt":"2023-02-23T11:00:54","guid":{"rendered":"https:\/\/www.anovapeneira.gal\/?p=9151"},"modified":"2023-02-16T10:12:42","modified_gmt":"2023-02-16T09:12:42","slug":"patricia-marino-candidata-do-bng-a-alcaldia-de-salvaterra-de-mino","status":"publish","type":"post","link":"https:\/\/www.anovapeneira.gal\/index.php\/2023\/02\/23\/patricia-marino-candidata-do-bng-a-alcaldia-de-salvaterra-de-mino\/","title":{"rendered":"Patricia Mari\u00f1o candidata do BNG \u00e1 alcald\u00eda de Salvaterra de Mi\u00f1o"},"content":{"rendered":"\n<p>Natural e veci\u00f1a da parroquia de Fiolledo Patricia \u00e9 unha muller nova en idade pero veterana na pr\u00e1ctica pol\u00edtica. Leva como concelleira do BNG desde o ano 2007. Asemade \u00e9 unha profesional brillante con 15 anos de experiencia no exercicio da avogac\u00eda . Patricia \u00e9 unha persoa moi implicada afectivamente co seu pobo e am\u00f3sase ilusionada en protagonizar o cambio que Salvaterra necesita despois de d\u00e9cadas de gobernos de dereitas. Vela\u00ed vai o que deu de si a nosa conversa<\/p>\n\n\n\n<p>\u201c<strong>\u00c1s elecci\u00f3ns de maio o BNG de Salvaterra vai coa intenci\u00f3n de ga\u00f1ar, sen ning\u00fan tipo de l\u00edmite e con toneladas de ilusi\u00f3n\u201d<\/strong><\/p>\n\n\n\n<p>\u201c <strong>Salvaterra precisa un cambio para sa\u00edr da situaci\u00f3n de esclerose na que se encontra\u201d<\/strong><\/p>\n\n\n\n<p><strong>Queremos co\u00f1ecerte un pouco m\u00e1is Patricia<\/strong><\/p>\n\n\n\n<blockquote class=\"wp-block-quote is-layout-flow wp-block-quote-is-layout-flow\">\n<p>Ben, eu son licenciada en dereito e levo 15 anos exercendo a mi\u00f1a profesi\u00f3n. E son unha persoa moi implicada emocional e socialmente coa realidade que me tocou vivir. Considero que deixarlle un mundo mellor \u00e1s nosas fillas e fillos \u00e9 un imperativo moral. E iso com\u00e9zase a facer concello a concello.<\/p>\n<\/blockquote>\n\n\n\n<p><strong>Estudaches dereito en Santiago?<\/strong><\/p>\n\n\n\n<blockquote class=\"wp-block-quote is-layout-flow wp-block-quote-is-layout-flow\">\n<p>Non, a carreira f\u00edxena en Ourense.<\/p>\n<\/blockquote>\n\n\n\n<p><strong>Que recordos tes da t\u00faa \u00e9poca universitaria?<\/strong><\/p>\n\n\n\n<blockquote class=\"wp-block-quote is-layout-flow wp-block-quote-is-layout-flow\">\n<p>Unha etapa moi bonita, das m\u00e1is atractivas da vida. Te\u00f1o moi bos recordos.<\/p>\n<\/blockquote>\n\n\n\n<p><strong>Por que estudaches Dereito, ti\u00f1as antecedentes na familia?<\/strong><\/p>\n\n\n\n<blockquote class=\"wp-block-quote is-layout-flow wp-block-quote-is-layout-flow\">\n<p>Pois non ti\u00f1a ning\u00fan antecedente. A pr\u00e1ctica do dereito xa ma atra\u00eda desde moi moza, e non che saber\u00eda dicir o motivo. Se cadra un ideal abstracto de xustiza foi o que me motivou a cami\u00f1ar cara ao mundo da avogac\u00eda.<\/p>\n<\/blockquote>\n\n\n\n<p><strong>Como inicias a t\u00faa vida profesional despois de terminar a carreira?<\/strong><\/p>\n\n\n\n<blockquote class=\"wp-block-quote is-layout-flow wp-block-quote-is-layout-flow\">\n<p>Fixen un m\u00e1ster de pr\u00e1ctica xur\u00eddica en Madrid. Compaxineino co traballo nun despacho. Despois volv\u00edn a Galiza e traballei con Ana Mosquera, unha compa\u00f1eira de Vigo. Encantoume traballar con ela, faciamos as demandas en galego algo que me ilusionaba especialmente.<\/p>\n<\/blockquote>\n\n\n\n<p><strong>E cando comezou a t\u00faa relaci\u00f3n co nacionalismo pol\u00edtico?<\/strong><\/p>\n\n\n\n<blockquote class=\"wp-block-quote is-layout-flow wp-block-quote-is-layout-flow\">\n<p>Na Universidade. Fun nas listas do BNG de Lobeira, un pobo de Ourense. Empecei no nacionalismo moi nova e medio ocult\u00e1ndollo aos meus pais, porque eu non ve\u00f1o dunha familia de tradici\u00f3n nacionalista.<\/p>\n<\/blockquote>\n\n\n\n<blockquote class=\"wp-block-quote is-layout-flow wp-block-quote-is-layout-flow\">\n<p>Ao acabar a carreira p\u00faxenme en contacto con Gabriel Mart\u00ednez e Roberto Mera, deime de alta no BNG. Levo 18 anos no bloque<\/p>\n<\/blockquote>\n\n\n\n<p><strong>Es concelleira no teu pobo, verdade.?<\/strong><\/p>\n\n\n\n<blockquote class=\"wp-block-quote is-layout-flow wp-block-quote-is-layout-flow\">\n<p>Si, son concelleira en Salvaterra desde o ano 2007. Agora exerzo como portavoz tam\u00e9n. Somos dous concelleiros, Javi e eu, e estamos moi contentos co traballo desenvolvido. De feito creo que boa parte da sociedade do noso pobo comeza a percibilo, tanto \u00e9 as\u00ed que est\u00e1 a achegarse ao noso proxecto moita xente nova. Para as pr\u00f3ximas elecci\u00f3ns imos presentar unha lista moi s\u00f3lida, solvente con moitas mulleres, algo moi importante na mi\u00f1a forma de entender a realidade, e profundamente renovada.<\/p>\n<\/blockquote>\n\n\n\n<p><strong>\u00c9 a primeira vez que o BNG presenta unha candidata neste concello, cales son os teus sentimentos ao respecto?<\/strong><\/p>\n\n\n\n<blockquote class=\"wp-block-quote is-layout-flow wp-block-quote-is-layout-flow\">\n<p>Unha mestura de ilusi\u00f3n , responsabilidade e algo de frustraci\u00f3n, porque xa ti\u00f1a que ter acontecido moito antes, tam\u00e9n.<\/p>\n<\/blockquote>\n\n\n\n<p><strong>\u00c9 a primeira vez que o BNG presenta unha candidata, e Marta \u00e9 a primeira alcaldesa na historia de Salvaterra<\/strong><\/p>\n\n\n\n<blockquote class=\"wp-block-quote is-layout-flow wp-block-quote-is-layout-flow\">\n<p>Si.<\/p>\n<\/blockquote>\n\n\n\n<p><strong>Este primeiro mandato de Marta, como o valoras?<\/strong><\/p>\n\n\n\n<blockquote class=\"wp-block-quote is-layout-flow wp-block-quote-is-layout-flow\">\n<p>Continu\u00edsmo total e absoluto. Marta xa estaba con Arturo e apoiaba e votaba todos os proxectos que Arturo presentaba. Continu\u00edsmo nas sesi\u00f3ns plenarias, na maneira de traballar e nos proxectos. Se a xesti\u00f3n de Arturo era moi deficiente, por desgraza da de Marta non se pode dicir nada diferente.<\/p>\n<\/blockquote>\n\n\n\n<p><strong>Cal \u00e9 a situaci\u00f3n econ\u00f3mica do Concello de Salvaterra?<\/strong><\/p>\n\n\n\n<blockquote class=\"wp-block-quote is-layout-flow wp-block-quote-is-layout-flow\">\n<p>A situaci\u00f3n \u00e9 mala, e non o \u00e9 por casualidade, claro,sen\u00f3n porque se xestiona mal. A \u00fanica persoa que desaparece do equipo de goberno anterior \u00e9 Arturo, o resto segue todo igual. Temos unha d\u00e9beda de case 6 mill\u00f3ns de euros. Temos o orzamento prorrogado desde o 2017.<\/p>\n<\/blockquote>\n\n\n\n<p><strong>E tendo maior\u00eda absoluta o PP como \u00e9 posible que non se aprobe ning\u00fan orzamento desde o ano 17?<\/strong><\/p>\n\n\n\n<blockquote class=\"wp-block-quote is-layout-flow wp-block-quote-is-layout-flow\">\n<p>Pois por desleixo, incapacidade , pouco traballo&#8230;..\u00c9 intolerable, desde logo, que tendo o PP maior\u00eda absoluta carezan da capacidade pol\u00edtica, da vontade de cumprir o seu compromiso coas veci\u00f1as e veci\u00f1os de Salvaterra para facer o b\u00e1sico: levar un orzamento a pleno para planificar unha adecuada xesti\u00f3n econ\u00f3mica do concello.<\/p>\n<\/blockquote>\n\n\n\n<blockquote class=\"wp-block-quote is-layout-flow wp-block-quote-is-layout-flow\">\n<p>Uns orzamentos actualizados evitar\u00edan moitos plenos extraordinarios, moitos reco\u00f1ecementos extraxudiciais de cr\u00e9dito e moitas subvenci\u00f3ns nominativas. A lei permite facer todo este tipo de xesti\u00f3ns de maneira extraordinaria. Eles esta excepci\u00f3n t\u00e9\u00f1ena como regra e traballan as\u00ed en xeral.<\/p>\n<\/blockquote>\n\n\n\n<p><strong>Al\u00e9n da situaci\u00f3n econ\u00f3mica que outros problemas graves ten o Concello de Salvaterra?<\/strong><\/p>\n\n\n\n<blockquote class=\"wp-block-quote is-layout-flow wp-block-quote-is-layout-flow\">\n<p>O PP carece dun modelo de vila. O \u00fanico que fan e para iso mal, \u00e9 xestionar o d\u00eda a d\u00eda e tratar de ir zafando os problemas como poden. Calquera actividade est\u00e1 estancada. Por exemplo a cultural \u00e9 todos os anos a mesma.<\/p>\n<\/blockquote>\n\n\n\n<blockquote class=\"wp-block-quote is-layout-flow wp-block-quote-is-layout-flow\">\n<p>Ao non ter unha estabilidade orzamentaria o concello sobrevive con subvenci\u00f3ns da Deputaci\u00f3n e da Xunta. Isto implica que sexan outras administraci\u00f3ns as que destinan o di\u00f1eiro e aval\u00edan os proxectos. A capacidade de manobra do Concello de Salvaterra depende doutras administraci\u00f3ns e non pode liquidar ning\u00fan proxecto propio.<\/p>\n<\/blockquote>\n\n\n\n<p><strong>E o BNG ten modelo para Salvaterra?<\/strong><\/p>\n\n\n\n<blockquote class=\"wp-block-quote is-layout-flow wp-block-quote-is-layout-flow\">\n<p>Como o ten amosado en todas as vilas nas que goberna. Temos un modelo si: Un modelo de Salvaterra humana, accesible e xusta. Un modelo de Salvaterra no que se trate a todos por igual con independencia das s\u00faas simpat\u00edas pol\u00edticas. Un modelo de Salvaterra que trate por igual ao centro da vila e ao \u00faltimo curruncho de cada parroquia. Un modelo de Salvaterra que universalice a atenci\u00f3n social a quen m\u00e1is o necesite, e que sexa capaz de levar a cultura e o lecer a todos os barrios de todas as parroquias.<\/p>\n<\/blockquote>\n\n\n\n<blockquote class=\"wp-block-quote is-layout-flow wp-block-quote-is-layout-flow\">\n<p>E algo que para o BNG \u00e9 esencial \u00e9 mellorar substancialmente a situaci\u00f3n sanitaria do noso pobo, en precario, como a de toda Galiza. Salvaterra precisa un servizo de urxencias e a s\u00faa reclamaci\u00f3n \u00e9 unha medida prioritaria para o Bloque<\/p>\n<\/blockquote>\n\n\n\n<blockquote class=\"wp-block-quote is-layout-flow wp-block-quote-is-layout-flow\">\n<p>O noso modelo \u00e9 de amor por Salvaterra, non vimos \u00e1 pol\u00edtica na procura dun traballo, non nos fal falta. Vimos a tratar de mellorar as condici\u00f3ns de vida de todos e de todas por igual.<\/p>\n<\/blockquote>\n\n\n\n<p><strong>Este ver\u00e1n no BNG de Salvaterra fixestes unha campa\u00f1a moi intensa en relaci\u00f3n \u00e1 estado da auga do concello, como est\u00e1 este tema?<\/strong><\/p>\n\n\n\n<blockquote class=\"wp-block-quote is-layout-flow wp-block-quote-is-layout-flow\">\n<p>Sobre este tema, o PSOE e o BNG levamos a Pleno no mes de xaneiro, unha moci\u00f3n conxunta na que diciamos que a actuaci\u00f3n pol\u00edtica neste asunto non era a adecuada. Alegamos o que fariamos n\u00f3s e facemos unha serie de preguntas. Esta moci\u00f3n foi aprobada por unanimidade. Esixiamos responsabilidade pol\u00edtica.<\/p>\n<\/blockquote>\n\n\n\n<blockquote class=\"wp-block-quote is-layout-flow wp-block-quote-is-layout-flow\">\n<p>A este pleno, a alcaldesa e o seu goberno, fixeron acudir aos fontaneiros traballadores do concello e tentaron botarlles a culpa de que non fac\u00edan ben os informes. Algo moi grave . A d\u00eda de hoxe a\u00ednda non est\u00e1 claro se esa alerta epidemiol\u00f3xica non fose derivada do consumo da auga da tra\u00edda.<\/p>\n<\/blockquote>\n\n\n\n<p><strong>Pode repetirse?<\/strong><\/p>\n\n\n\n<blockquote class=\"wp-block-quote is-layout-flow wp-block-quote-is-layout-flow\">\n<p>Por suposto que pode volver repetirse. Non se tomaron medidas preventivas, que \u00e9 o que lle esixiamos.<\/p>\n<\/blockquote>\n\n\n\n<p><strong>O Concello de Salvaterra trata por igual aos colectivos que entende como amigos, que aos colectivos que entende como non amigos?<\/strong><\/p>\n\n\n\n<blockquote class=\"wp-block-quote is-layout-flow wp-block-quote-is-layout-flow\">\n<p>En Salvaterra as subvenci\u00f3ns son todas nominativas. N\u00f3s avogamos pola concorrencia competitiva<\/p>\n<\/blockquote>\n\n\n\n<p><strong>Cales son as perspectivas coas que se presenta o BNG as elecci\u00f3ns de Salvaterra?<\/strong><\/p>\n\n\n\n<blockquote class=\"wp-block-quote is-layout-flow wp-block-quote-is-layout-flow\">\n<p>Temos perspectivas de ga\u00f1alas. Imos con toneladas de ilusi\u00f3n e sn ning\u00fan tipo de l\u00edmite. Salvaterra precisa un cambio para sa\u00edr da situaci\u00f3n de esclerose na que se encontra.<\/p>\n<\/blockquote>\n\n\n\n<p><strong>Tes xa definido o equipo que che vai a acompa\u00f1ar?<\/strong><\/p>\n\n\n\n<blockquote class=\"wp-block-quote is-layout-flow wp-block-quote-is-layout-flow\">\n<p>M\u00e1is ou menos si. Como che dixen antes un equipo moi s\u00f3lido e moi implicado coa realidade de Salvaterra.<\/p>\n<\/blockquote>\n\n\n\n<p><strong>Antes fal\u00e1basme de que \u00eda haber caras novas. Podes adiantar algunha?<\/strong><\/p>\n\n\n\n<blockquote class=\"wp-block-quote is-layout-flow wp-block-quote-is-layout-flow\">\n<p>Pois adi\u00e1ntoche unha que me fixo especial ilusi\u00f3n: Xespi de Cabreira , un referente cultural e humano que \u00e9 unha honra que nos acompa\u00f1e.<\/p>\n<\/blockquote>\n\n\n\n<p><strong>Que poder\u00eda atopar un veci\u00f1o, veci\u00f1a de Salvaterra en ti como alcaldesa?<\/strong><\/p>\n\n\n\n<blockquote class=\"wp-block-quote is-layout-flow wp-block-quote-is-layout-flow\">\n<p>Proximidade, transparencia , humildade, capacidade de traballo, amor pola mi\u00f1a vila e un oc\u00e9ano de ga\u00f1as de colaborar en mellorar as condici\u00f3ns de vida de todas e todos por igual.<\/p>\n<\/blockquote>\n","protected":false},"excerpt":{"rendered":"<div class=\"mh-excerpt\"><p>Natural e veci\u00f1a da parroquia de Fiolledo Patricia \u00e9 unha muller nova en idade pero veterana na pr\u00e1ctica pol\u00edtica. Leva como concelleira do BNG desde o ano 2007 <a class=\"mh-excerpt-more\" href=\"https:\/\/www.anovapeneira.gal\/index.php\/2023\/02\/23\/patricia-marino-candidata-do-bng-a-alcaldia-de-salvaterra-de-mino\/\" title=\"Patricia Mari\u00f1o candidata do BNG \u00e1 alcald\u00eda de Salvaterra de Mi\u00f1o\">[&#8230;]<\/a><\/p>\n<\/div>","protected":false},"author":2,"featured_media":9153,"comment_status":"open","ping_status":"open","sticky":false,"template":"","format":"standard","meta":{"_exactmetrics_skip_tracking":false,"_exactmetrics_sitenote_active":false,"_exactmetrics_sitenote_note":"","_exactmetrics_sitenote_category":0,"footnotes":""},"categories":[25],"tags":[186],"class_list":{"0":"post-9151","1":"post","2":"type-post","3":"status-publish","4":"format-standard","5":"has-post-thumbnail","7":"category-condado","8":"tag-concello-de-salvaterra-do-mino"},"yoast_head":"<!-- This site is optimized with the Yoast SEO plugin v27.4 - https:\/\/yoast.com\/product\/yoast-seo-wordpress\/ -->\n<title>Patricia Mari\u00f1o candidata do BNG \u00e1 alcald\u00eda de Salvaterra de Mi\u00f1o -<\/title>\n<meta name=\"description\" content=\"Natural e veci\u00f1a da parroquia de Fiolledo Patricia \u00e9 unha muller nova en idade pero veterana na pr\u00e1ctica pol\u00edtica. Leva como concelleira do BNG desde o ano 2007\" \/>\n<meta name=\"robots\" content=\"index, follow, max-snippet:-1, max-image-preview:large, max-video-preview:-1\" \/>\n<link rel=\"canonical\" href=\"https:\/\/www.anovapeneira.gal\/index.php\/2023\/02\/23\/patricia-marino-candidata-do-bng-a-alcaldia-de-salvaterra-de-mino\/\" \/>\n<meta property=\"og:locale\" content=\"gl_ES\" \/>\n<meta property=\"og:type\" content=\"article\" \/>\n<meta property=\"og:title\" content=\"Patricia Mari\u00f1o candidata do BNG \u00e1 alcald\u00eda de Salvaterra de Mi\u00f1o -\" \/>\n<meta property=\"og:description\" content=\"Natural e veci\u00f1a da parroquia de Fiolledo Patricia \u00e9 unha muller nova en idade pero veterana na pr\u00e1ctica pol\u00edtica. Leva como concelleira do BNG desde o ano 2007\" \/>\n<meta property=\"og:url\" content=\"https:\/\/www.anovapeneira.gal\/index.php\/2023\/02\/23\/patricia-marino-candidata-do-bng-a-alcaldia-de-salvaterra-de-mino\/\" \/>\n<meta property=\"article:publisher\" content=\"https:\/\/www.facebook.com\/anovapeneira\" \/>\n<meta property=\"article:published_time\" content=\"2023-02-23T11:00:54+00:00\" \/>\n<meta property=\"og:image\" content=\"https:\/\/www.anovapeneira.gal\/wp-content\/uploads\/2023\/02\/bng_salvaterra_patricia.jpg\" \/>\n\t<meta property=\"og:image:width\" content=\"720\" \/>\n\t<meta property=\"og:image:height\" content=\"432\" \/>\n\t<meta property=\"og:image:type\" content=\"image\/jpeg\" \/>\n<meta name=\"author\" content=\"Tino Lago\" \/>\n<meta name=\"twitter:card\" content=\"summary_large_image\" \/>\n<meta name=\"twitter:creator\" content=\"@APeneira\" \/>\n<meta name=\"twitter:site\" content=\"@APeneira\" \/>\n<meta name=\"twitter:label1\" content=\"Escrito por\" \/>\n\t<meta name=\"twitter:data1\" content=\"Tino Lago\" \/>\n\t<meta name=\"twitter:label2\" content=\"Tempo de lectura\" \/>\n\t<meta name=\"twitter:data2\" content=\"8 minutos\" \/>\n<script type=\"application\/ld+json\" class=\"yoast-schema-graph\">{\"@context\":\"https:\\\/\\\/schema.org\",\"@graph\":[{\"@type\":\"Article\",\"@id\":\"https:\\\/\\\/www.anovapeneira.gal\\\/index.php\\\/2023\\\/02\\\/23\\\/patricia-marino-candidata-do-bng-a-alcaldia-de-salvaterra-de-mino\\\/#article\",\"isPartOf\":{\"@id\":\"https:\\\/\\\/www.anovapeneira.gal\\\/index.php\\\/2023\\\/02\\\/23\\\/patricia-marino-candidata-do-bng-a-alcaldia-de-salvaterra-de-mino\\\/\"},\"author\":{\"name\":\"Tino Lago\",\"@id\":\"https:\\\/\\\/www.anovapeneira.gal\\\/#\\\/schema\\\/person\\\/424dfe65e3070fd8a44d22d2c088762a\"},\"headline\":\"Patricia Mari\u00f1o candidata do BNG \u00e1 alcald\u00eda de Salvaterra de Mi\u00f1o\",\"datePublished\":\"2023-02-23T11:00:54+00:00\",\"mainEntityOfPage\":{\"@id\":\"https:\\\/\\\/www.anovapeneira.gal\\\/index.php\\\/2023\\\/02\\\/23\\\/patricia-marino-candidata-do-bng-a-alcaldia-de-salvaterra-de-mino\\\/\"},\"wordCount\":1465,\"commentCount\":0,\"publisher\":{\"@id\":\"https:\\\/\\\/www.anovapeneira.gal\\\/#organization\"},\"image\":{\"@id\":\"https:\\\/\\\/www.anovapeneira.gal\\\/index.php\\\/2023\\\/02\\\/23\\\/patricia-marino-candidata-do-bng-a-alcaldia-de-salvaterra-de-mino\\\/#primaryimage\"},\"thumbnailUrl\":\"https:\\\/\\\/www.anovapeneira.gal\\\/wp-content\\\/uploads\\\/2023\\\/02\\\/bng_salvaterra_patricia.jpg\",\"keywords\":[\"Concello de Salvaterra do Mi\u00f1o\"],\"articleSection\":[\"Condado\"],\"inLanguage\":\"gl-ES\",\"potentialAction\":[{\"@type\":\"CommentAction\",\"name\":\"Comment\",\"target\":[\"https:\\\/\\\/www.anovapeneira.gal\\\/index.php\\\/2023\\\/02\\\/23\\\/patricia-marino-candidata-do-bng-a-alcaldia-de-salvaterra-de-mino\\\/#respond\"]}]},{\"@type\":\"WebPage\",\"@id\":\"https:\\\/\\\/www.anovapeneira.gal\\\/index.php\\\/2023\\\/02\\\/23\\\/patricia-marino-candidata-do-bng-a-alcaldia-de-salvaterra-de-mino\\\/\",\"url\":\"https:\\\/\\\/www.anovapeneira.gal\\\/index.php\\\/2023\\\/02\\\/23\\\/patricia-marino-candidata-do-bng-a-alcaldia-de-salvaterra-de-mino\\\/\",\"name\":\"Patricia Mari\u00f1o candidata do BNG \u00e1 alcald\u00eda de Salvaterra de Mi\u00f1o -\",\"isPartOf\":{\"@id\":\"https:\\\/\\\/www.anovapeneira.gal\\\/#website\"},\"primaryImageOfPage\":{\"@id\":\"https:\\\/\\\/www.anovapeneira.gal\\\/index.php\\\/2023\\\/02\\\/23\\\/patricia-marino-candidata-do-bng-a-alcaldia-de-salvaterra-de-mino\\\/#primaryimage\"},\"image\":{\"@id\":\"https:\\\/\\\/www.anovapeneira.gal\\\/index.php\\\/2023\\\/02\\\/23\\\/patricia-marino-candidata-do-bng-a-alcaldia-de-salvaterra-de-mino\\\/#primaryimage\"},\"thumbnailUrl\":\"https:\\\/\\\/www.anovapeneira.gal\\\/wp-content\\\/uploads\\\/2023\\\/02\\\/bng_salvaterra_patricia.jpg\",\"datePublished\":\"2023-02-23T11:00:54+00:00\",\"description\":\"Natural e veci\u00f1a da parroquia de Fiolledo Patricia \u00e9 unha muller nova en idade pero veterana na pr\u00e1ctica pol\u00edtica. Leva como concelleira do BNG desde o ano 2007\",\"breadcrumb\":{\"@id\":\"https:\\\/\\\/www.anovapeneira.gal\\\/index.php\\\/2023\\\/02\\\/23\\\/patricia-marino-candidata-do-bng-a-alcaldia-de-salvaterra-de-mino\\\/#breadcrumb\"},\"inLanguage\":\"gl-ES\",\"potentialAction\":[{\"@type\":\"ReadAction\",\"target\":[\"https:\\\/\\\/www.anovapeneira.gal\\\/index.php\\\/2023\\\/02\\\/23\\\/patricia-marino-candidata-do-bng-a-alcaldia-de-salvaterra-de-mino\\\/\"]}]},{\"@type\":\"ImageObject\",\"inLanguage\":\"gl-ES\",\"@id\":\"https:\\\/\\\/www.anovapeneira.gal\\\/index.php\\\/2023\\\/02\\\/23\\\/patricia-marino-candidata-do-bng-a-alcaldia-de-salvaterra-de-mino\\\/#primaryimage\",\"url\":\"https:\\\/\\\/www.anovapeneira.gal\\\/wp-content\\\/uploads\\\/2023\\\/02\\\/bng_salvaterra_patricia.jpg\",\"contentUrl\":\"https:\\\/\\\/www.anovapeneira.gal\\\/wp-content\\\/uploads\\\/2023\\\/02\\\/bng_salvaterra_patricia.jpg\",\"width\":720,\"height\":432,\"caption\":\"Patricia Mari\u00f1o candidata do BNG \u00e1 alcald\u00eda de Salvaterra de Mi\u00f1o\"},{\"@type\":\"BreadcrumbList\",\"@id\":\"https:\\\/\\\/www.anovapeneira.gal\\\/index.php\\\/2023\\\/02\\\/23\\\/patricia-marino-candidata-do-bng-a-alcaldia-de-salvaterra-de-mino\\\/#breadcrumb\",\"itemListElement\":[{\"@type\":\"ListItem\",\"position\":1,\"name\":\"Portada\",\"item\":\"https:\\\/\\\/www.anovapeneira.gal\\\/\"},{\"@type\":\"ListItem\",\"position\":2,\"name\":\"Patricia Mari\u00f1o candidata do BNG \u00e1 alcald\u00eda de Salvaterra de Mi\u00f1o\"}]},{\"@type\":\"WebSite\",\"@id\":\"https:\\\/\\\/www.anovapeneira.gal\\\/#website\",\"url\":\"https:\\\/\\\/www.anovapeneira.gal\\\/\",\"name\":\"\",\"description\":\"Xornal galego de informaci\u00f3n xeral Publicaci\u00f3n mensual de novas de Galicia e en especial dos Concellos da sur da provincia de Pontevedra.\",\"publisher\":{\"@id\":\"https:\\\/\\\/www.anovapeneira.gal\\\/#organization\"},\"potentialAction\":[{\"@type\":\"SearchAction\",\"target\":{\"@type\":\"EntryPoint\",\"urlTemplate\":\"https:\\\/\\\/www.anovapeneira.gal\\\/?s={search_term_string}\"},\"query-input\":{\"@type\":\"PropertyValueSpecification\",\"valueRequired\":true,\"valueName\":\"search_term_string\"}}],\"inLanguage\":\"gl-ES\"},{\"@type\":\"Organization\",\"@id\":\"https:\\\/\\\/www.anovapeneira.gal\\\/#organization\",\"name\":\"A Nova Peneira\",\"url\":\"https:\\\/\\\/www.anovapeneira.gal\\\/\",\"logo\":{\"@type\":\"ImageObject\",\"inLanguage\":\"gl-ES\",\"@id\":\"https:\\\/\\\/www.anovapeneira.gal\\\/#\\\/schema\\\/logo\\\/image\\\/\",\"url\":\"http:\\\/\\\/www.anovapeneira.gal\\\/wp-content\\\/uploads\\\/2019\\\/06\\\/logo_a_nova_peneira_portal_web.png\",\"contentUrl\":\"http:\\\/\\\/www.anovapeneira.gal\\\/wp-content\\\/uploads\\\/2019\\\/06\\\/logo_a_nova_peneira_portal_web.png\",\"width\":300,\"height\":100,\"caption\":\"A Nova Peneira\"},\"image\":{\"@id\":\"https:\\\/\\\/www.anovapeneira.gal\\\/#\\\/schema\\\/logo\\\/image\\\/\"},\"sameAs\":[\"https:\\\/\\\/www.facebook.com\\\/anovapeneira\",\"https:\\\/\\\/x.com\\\/APeneira\"]},{\"@type\":\"Person\",\"@id\":\"https:\\\/\\\/www.anovapeneira.gal\\\/#\\\/schema\\\/person\\\/424dfe65e3070fd8a44d22d2c088762a\",\"name\":\"Tino Lago\",\"image\":{\"@type\":\"ImageObject\",\"inLanguage\":\"gl-ES\",\"@id\":\"https:\\\/\\\/secure.gravatar.com\\\/avatar\\\/b3df6a06e44bab3111583b90f0f33a0379ee5e3d22cbadd232d39f21c30c62be?s=96&d=mm&r=g\",\"url\":\"https:\\\/\\\/secure.gravatar.com\\\/avatar\\\/b3df6a06e44bab3111583b90f0f33a0379ee5e3d22cbadd232d39f21c30c62be?s=96&d=mm&r=g\",\"contentUrl\":\"https:\\\/\\\/secure.gravatar.com\\\/avatar\\\/b3df6a06e44bab3111583b90f0f33a0379ee5e3d22cbadd232d39f21c30c62be?s=96&d=mm&r=g\",\"caption\":\"Tino Lago\"},\"sameAs\":[\"http:\\\/\\\/www.anovapeneira.gal\"],\"url\":\"https:\\\/\\\/www.anovapeneira.gal\\\/index.php\\\/author\\\/director\\\/\"}]}<\/script>\n<!-- \/ Yoast SEO plugin. -->","yoast_head_json":{"title":"Patricia Mari\u00f1o candidata do BNG \u00e1 alcald\u00eda de Salvaterra de Mi\u00f1o -","description":"Natural e veci\u00f1a da parroquia de Fiolledo Patricia \u00e9 unha muller nova en idade pero veterana na pr\u00e1ctica pol\u00edtica. Leva como concelleira do BNG desde o ano 2007","robots":{"index":"index","follow":"follow","max-snippet":"max-snippet:-1","max-image-preview":"max-image-preview:large","max-video-preview":"max-video-preview:-1"},"canonical":"https:\/\/www.anovapeneira.gal\/index.php\/2023\/02\/23\/patricia-marino-candidata-do-bng-a-alcaldia-de-salvaterra-de-mino\/","og_locale":"gl_ES","og_type":"article","og_title":"Patricia Mari\u00f1o candidata do BNG \u00e1 alcald\u00eda de Salvaterra de Mi\u00f1o -","og_description":"Natural e veci\u00f1a da parroquia de Fiolledo Patricia \u00e9 unha muller nova en idade pero veterana na pr\u00e1ctica pol\u00edtica. Leva como concelleira do BNG desde o ano 2007","og_url":"https:\/\/www.anovapeneira.gal\/index.php\/2023\/02\/23\/patricia-marino-candidata-do-bng-a-alcaldia-de-salvaterra-de-mino\/","article_publisher":"https:\/\/www.facebook.com\/anovapeneira","article_published_time":"2023-02-23T11:00:54+00:00","og_image":[{"width":720,"height":432,"url":"https:\/\/www.anovapeneira.gal\/wp-content\/uploads\/2023\/02\/bng_salvaterra_patricia.jpg","type":"image\/jpeg"}],"author":"Tino Lago","twitter_card":"summary_large_image","twitter_creator":"@APeneira","twitter_site":"@APeneira","twitter_misc":{"Escrito por":"Tino Lago","Tempo de lectura":"8 minutos"},"schema":{"@context":"https:\/\/schema.org","@graph":[{"@type":"Article","@id":"https:\/\/www.anovapeneira.gal\/index.php\/2023\/02\/23\/patricia-marino-candidata-do-bng-a-alcaldia-de-salvaterra-de-mino\/#article","isPartOf":{"@id":"https:\/\/www.anovapeneira.gal\/index.php\/2023\/02\/23\/patricia-marino-candidata-do-bng-a-alcaldia-de-salvaterra-de-mino\/"},"author":{"name":"Tino Lago","@id":"https:\/\/www.anovapeneira.gal\/#\/schema\/person\/424dfe65e3070fd8a44d22d2c088762a"},"headline":"Patricia Mari\u00f1o candidata do BNG \u00e1 alcald\u00eda de Salvaterra de Mi\u00f1o","datePublished":"2023-02-23T11:00:54+00:00","mainEntityOfPage":{"@id":"https:\/\/www.anovapeneira.gal\/index.php\/2023\/02\/23\/patricia-marino-candidata-do-bng-a-alcaldia-de-salvaterra-de-mino\/"},"wordCount":1465,"commentCount":0,"publisher":{"@id":"https:\/\/www.anovapeneira.gal\/#organization"},"image":{"@id":"https:\/\/www.anovapeneira.gal\/index.php\/2023\/02\/23\/patricia-marino-candidata-do-bng-a-alcaldia-de-salvaterra-de-mino\/#primaryimage"},"thumbnailUrl":"https:\/\/www.anovapeneira.gal\/wp-content\/uploads\/2023\/02\/bng_salvaterra_patricia.jpg","keywords":["Concello de Salvaterra do Mi\u00f1o"],"articleSection":["Condado"],"inLanguage":"gl-ES","potentialAction":[{"@type":"CommentAction","name":"Comment","target":["https:\/\/www.anovapeneira.gal\/index.php\/2023\/02\/23\/patricia-marino-candidata-do-bng-a-alcaldia-de-salvaterra-de-mino\/#respond"]}]},{"@type":"WebPage","@id":"https:\/\/www.anovapeneira.gal\/index.php\/2023\/02\/23\/patricia-marino-candidata-do-bng-a-alcaldia-de-salvaterra-de-mino\/","url":"https:\/\/www.anovapeneira.gal\/index.php\/2023\/02\/23\/patricia-marino-candidata-do-bng-a-alcaldia-de-salvaterra-de-mino\/","name":"Patricia Mari\u00f1o candidata do BNG \u00e1 alcald\u00eda de Salvaterra de Mi\u00f1o -","isPartOf":{"@id":"https:\/\/www.anovapeneira.gal\/#website"},"primaryImageOfPage":{"@id":"https:\/\/www.anovapeneira.gal\/index.php\/2023\/02\/23\/patricia-marino-candidata-do-bng-a-alcaldia-de-salvaterra-de-mino\/#primaryimage"},"image":{"@id":"https:\/\/www.anovapeneira.gal\/index.php\/2023\/02\/23\/patricia-marino-candidata-do-bng-a-alcaldia-de-salvaterra-de-mino\/#primaryimage"},"thumbnailUrl":"https:\/\/www.anovapeneira.gal\/wp-content\/uploads\/2023\/02\/bng_salvaterra_patricia.jpg","datePublished":"2023-02-23T11:00:54+00:00","description":"Natural e veci\u00f1a da parroquia de Fiolledo Patricia \u00e9 unha muller nova en idade pero veterana na pr\u00e1ctica pol\u00edtica. Leva como concelleira do BNG desde o ano 2007","breadcrumb":{"@id":"https:\/\/www.anovapeneira.gal\/index.php\/2023\/02\/23\/patricia-marino-candidata-do-bng-a-alcaldia-de-salvaterra-de-mino\/#breadcrumb"},"inLanguage":"gl-ES","potentialAction":[{"@type":"ReadAction","target":["https:\/\/www.anovapeneira.gal\/index.php\/2023\/02\/23\/patricia-marino-candidata-do-bng-a-alcaldia-de-salvaterra-de-mino\/"]}]},{"@type":"ImageObject","inLanguage":"gl-ES","@id":"https:\/\/www.anovapeneira.gal\/index.php\/2023\/02\/23\/patricia-marino-candidata-do-bng-a-alcaldia-de-salvaterra-de-mino\/#primaryimage","url":"https:\/\/www.anovapeneira.gal\/wp-content\/uploads\/2023\/02\/bng_salvaterra_patricia.jpg","contentUrl":"https:\/\/www.anovapeneira.gal\/wp-content\/uploads\/2023\/02\/bng_salvaterra_patricia.jpg","width":720,"height":432,"caption":"Patricia Mari\u00f1o candidata do BNG \u00e1 alcald\u00eda de Salvaterra de Mi\u00f1o"},{"@type":"BreadcrumbList","@id":"https:\/\/www.anovapeneira.gal\/index.php\/2023\/02\/23\/patricia-marino-candidata-do-bng-a-alcaldia-de-salvaterra-de-mino\/#breadcrumb","itemListElement":[{"@type":"ListItem","position":1,"name":"Portada","item":"https:\/\/www.anovapeneira.gal\/"},{"@type":"ListItem","position":2,"name":"Patricia Mari\u00f1o candidata do BNG \u00e1 alcald\u00eda de Salvaterra de Mi\u00f1o"}]},{"@type":"WebSite","@id":"https:\/\/www.anovapeneira.gal\/#website","url":"https:\/\/www.anovapeneira.gal\/","name":"","description":"Xornal galego de informaci\u00f3n xeral Publicaci\u00f3n mensual de novas de Galicia e en especial dos Concellos da sur da provincia de Pontevedra.","publisher":{"@id":"https:\/\/www.anovapeneira.gal\/#organization"},"potentialAction":[{"@type":"SearchAction","target":{"@type":"EntryPoint","urlTemplate":"https:\/\/www.anovapeneira.gal\/?s={search_term_string}"},"query-input":{"@type":"PropertyValueSpecification","valueRequired":true,"valueName":"search_term_string"}}],"inLanguage":"gl-ES"},{"@type":"Organization","@id":"https:\/\/www.anovapeneira.gal\/#organization","name":"A Nova Peneira","url":"https:\/\/www.anovapeneira.gal\/","logo":{"@type":"ImageObject","inLanguage":"gl-ES","@id":"https:\/\/www.anovapeneira.gal\/#\/schema\/logo\/image\/","url":"http:\/\/www.anovapeneira.gal\/wp-content\/uploads\/2019\/06\/logo_a_nova_peneira_portal_web.png","contentUrl":"http:\/\/www.anovapeneira.gal\/wp-content\/uploads\/2019\/06\/logo_a_nova_peneira_portal_web.png","width":300,"height":100,"caption":"A Nova Peneira"},"image":{"@id":"https:\/\/www.anovapeneira.gal\/#\/schema\/logo\/image\/"},"sameAs":["https:\/\/www.facebook.com\/anovapeneira","https:\/\/x.com\/APeneira"]},{"@type":"Person","@id":"https:\/\/www.anovapeneira.gal\/#\/schema\/person\/424dfe65e3070fd8a44d22d2c088762a","name":"Tino Lago","image":{"@type":"ImageObject","inLanguage":"gl-ES","@id":"https:\/\/secure.gravatar.com\/avatar\/b3df6a06e44bab3111583b90f0f33a0379ee5e3d22cbadd232d39f21c30c62be?s=96&d=mm&r=g","url":"https:\/\/secure.gravatar.com\/avatar\/b3df6a06e44bab3111583b90f0f33a0379ee5e3d22cbadd232d39f21c30c62be?s=96&d=mm&r=g","contentUrl":"https:\/\/secure.gravatar.com\/avatar\/b3df6a06e44bab3111583b90f0f33a0379ee5e3d22cbadd232d39f21c30c62be?s=96&d=mm&r=g","caption":"Tino Lago"},"sameAs":["http:\/\/www.anovapeneira.gal"],"url":"https:\/\/www.anovapeneira.gal\/index.php\/author\/director\/"}]}},"jetpack_featured_media_url":"https:\/\/www.anovapeneira.gal\/wp-content\/uploads\/2023\/02\/bng_salvaterra_patricia.jpg","_links":{"self":[{"href":"https:\/\/www.anovapeneira.gal\/index.php\/wp-json\/wp\/v2\/posts\/9151","targetHints":{"allow":["GET"]}}],"collection":[{"href":"https:\/\/www.anovapeneira.gal\/index.php\/wp-json\/wp\/v2\/posts"}],"about":[{"href":"https:\/\/www.anovapeneira.gal\/index.php\/wp-json\/wp\/v2\/types\/post"}],"author":[{"embeddable":true,"href":"https:\/\/www.anovapeneira.gal\/index.php\/wp-json\/wp\/v2\/users\/2"}],"replies":[{"embeddable":true,"href":"https:\/\/www.anovapeneira.gal\/index.php\/wp-json\/wp\/v2\/comments?post=9151"}],"version-history":[{"count":2,"href":"https:\/\/www.anovapeneira.gal\/index.php\/wp-json\/wp\/v2\/posts\/9151\/revisions"}],"predecessor-version":[{"id":9154,"href":"https:\/\/www.anovapeneira.gal\/index.php\/wp-json\/wp\/v2\/posts\/9151\/revisions\/9154"}],"wp:featuredmedia":[{"embeddable":true,"href":"https:\/\/www.anovapeneira.gal\/index.php\/wp-json\/wp\/v2\/media\/9153"}],"wp:attachment":[{"href":"https:\/\/www.anovapeneira.gal\/index.php\/wp-json\/wp\/v2\/media?parent=9151"}],"wp:term":[{"taxonomy":"category","embeddable":true,"href":"https:\/\/www.anovapeneira.gal\/index.php\/wp-json\/wp\/v2\/categories?post=9151"},{"taxonomy":"post_tag","embeddable":true,"href":"https:\/\/www.anovapeneira.gal\/index.php\/wp-json\/wp\/v2\/tags?post=9151"}],"curies":[{"name":"wp","href":"https:\/\/api.w.org\/{rel}","templated":true}]}}