{"id":9178,"date":"2023-02-28T10:00:55","date_gmt":"2023-02-28T09:00:55","guid":{"rendered":"https:\/\/www.anovapeneira.gal\/?p=9178"},"modified":"2023-02-17T12:49:27","modified_gmt":"2023-02-17T11:49:27","slug":"dandolle-voltas-ao-caletre","status":"publish","type":"post","link":"https:\/\/www.anovapeneira.gal\/index.php\/2023\/02\/28\/dandolle-voltas-ao-caletre\/","title":{"rendered":"D\u00e1ndolle voltas ao caletre"},"content":{"rendered":"\n<figure class=\"wp-block-image size-full is-resized\"><img loading=\"lazy\" decoding=\"async\" src=\"https:\/\/www.anovapeneira.gal\/wp-content\/uploads\/2019\/07\/Baldomero_Iglesias_Dobarrio_Mero.jpg\" alt=\"Baldomero Iglesias Dobarrio Mero artigos de opini\u00f3n A Nova Peneira\" class=\"wp-image-482\" width=\"95\" height=\"111\"\/><figcaption class=\"wp-element-caption\">Baldomero Iglesias Dobarrio, Mero<\/figcaption><\/figure>\n\n\n\n<p>A toda a xente g\u00fastalle ir por libre, queremos ir por onde nos peta e sen atender propagandas e indicaci\u00f3ns interesadas, mais os ataques \u00e1 nosa independencia ou neutralidade, a esa soberan\u00eda que nos fai posuidores do destino e na liberdade de escoller, son cada d\u00eda m\u00e1is sibilinos. Est\u00e1n mellor programados e interesados, as\u00edstense desa \u201cintelixencia\u201d dos datos e de interferir na intimidade das persoas para cometer os seus delirios de poder. Pasan por dixitalizarnos masivamente, de tal xeito que nos te\u00f1en totalmente analizados e en ficha, postos ao p\u00e9 da intelixencia esa -seica superior- que castigar\u00e1 a nosa \u00fanica e singular forma de ser e comportarnos, esta pequena equidistancia feliz na que nos resolvemos inventando alternativas \u00e1s verdades que nos contan, moitas delas fantasiadas de supostos e posibilidades, escollendo aquelas direcci\u00f3ns que cremos m\u00e1is axeitadas para o momento e as circunstancias reais que nos envolven. Pero non, xa estamos na s\u00faa programaci\u00f3n virtual, estamos invadidos da s\u00faa ansia, xa te\u00f1en esculcado en n\u00f3s esas alternativas dos supostos e as discrepancias que do com\u00fan nos arredan do com\u00fan denominador, do masivo parecer. Non lles importa, a\u00ednda sen probas e sen contar co noso dereito emancipador xa te\u00f1en previsto o plan para acomodarnos, silenciarnos, sumirnos, e finalmente condenarnos. Inventan calquera escusa, como por exemplo unha censura que ve\u00f1a limitando as raz\u00f3ns que damos, que destr\u00faa en silencio as tolerancias acadadas e, por \u00faltimo, xustificando cos seus desprezos e insultos esas afrontas que nos sinalan, que nos culpabilizan sen xu\u00edzo nin proba. Despois, claro est\u00e1, directamente nos borran do mapa metidos na lista de indesexables. Todo iso sucede nesta loita suicida de ocultar a verdade, de inventarse outras verdades ut\u00f3picas, de reconducirnos pola media mentira ou a mentira enteira. Fannos loitar con supostos sequera imaxinables, negan o real e a mesma realidade, negan o que para todos \u00e9 evidente. O que queda diante resulta d\u00e9bil e l\u00e9vannos \u00e1 falsidade. Todos convencidos, no esc\u00e1ndalo daquela verdade que un d\u00eda nos conmocionou e mesmo alimentou vontades. Este \u00e9 o motivo que provoca tantas m\u00e1scaras, nos tempos que corren. Por iso queda tan ben o Entroido. Si, son inventores e vendedores de fume. Prometen e esquecen, non respectan e inventan miles de desculpas. Fan simulacros entre delirios de poder e de grandeza, agravan a voz en acenos moi ben perfilados. Non poden ocultar o desprezo e sempre atacan o real cheg\u00e1ndonos a facer crer, a dubidar e crer que \u00e9 insuficiente comprender a vida e o mundo, e a\u00ed que a realidade \u00e9 moi cruel e non pode ser certa, ent\u00f3n hai que escapar dela porque ser\u00e1 todo falso. Non estamos para perder o tempo en cousas que nos doen e escravizan.<\/p>\n\n\n\n<p>Estando nisto, chega tam\u00e9n a desproporci\u00f3n en forma de cromatismos e voc\u00e1bulos. Xa saben, o falar non ten cancelas e, precisamente por iso, non se ruborizan, nada de vergo\u00f1a! Prohibici\u00f3n de marelos en Catalu\u00f1a, non lembran? Pobres de n\u00f3s que temos aqu\u00ed ese amarelo como bandeira, en flor da xesta e do toxo, do nabo! Ah, e non digamos aquelas ousadas formas xa pecaminosas de incitar ao odio, por exemplo no IES de Cedeira por medio de poemas que celebren o D\u00eda Mundial da Poes\u00eda. Invenci\u00f3ns, manipulaci\u00f3n da realidade. Xente hipersensible de tal forma que nos negan o dereito a discrepar e, de paso, obr\u00edgannos a apaisarnos como eles queren. Somos ou non somos libres? Trocan a realidade? Somos libres de expresi\u00f3n? Quizais te\u00f1amos que expresarnos como digan eles. Eses que est\u00e1n \u00e1 marxe do dereito e das normas que, segundo din, nos afectan \u00e1 totalidade. Non se pode, non se debe facer unha disonancia que perturbe aos que se matan a pedir votos, a calquera prezo, anque mintan para captar adeptos, anque nos modifiquen a realidade e nola agachen. Fano asiduamente nos mitins, seica porque se lles esqueceu o que prometeron anteriormente noutras convocatorias, seguir\u00e1n de boas maneiras e na aparencia, sen conciencia para captar vontades. Unha bacanal. Cren non vulnerar a neutralidade, p\u00e1salles como coa vergo\u00f1a: non a te\u00f1en e fan o que lles peta, para po\u00f1er problemas aos que non sexan dos seus. Xa haber\u00e1 un organismo capaz de crer e argumentar derivado da xudicatura ou da \u201cxente de orde\u201d, que xa ven como est\u00e1 todo mesturado, nas proporci\u00f3ns debidas \u201catado y bien atado\u201d que dic\u00eda aquel se\u00f1or de Ferrol. Pero por favor, non toquen o marelo nin para facer sopas, nin macarr\u00f3ns con azafr\u00e1n, usen vexetais e con moita fibra que despois tenden \u00e1 cor casta\u00f1a. Aqu\u00ed estamos nesta sen raz\u00f3n de saltarnos unha cor da esp\u00e1tula, sobre todo aquela que d\u00e1 lugar aos louros e p\u00e1lidos, esa cor que desmaia outonos con esbrancuxados tons de luz e transparencia. Que cousas ten a democracia esta que nos inventaron, a non real, e al\u00e1 van tam\u00e9n as verbas discrepantes. Hai que ver, e creo que so estamos empezando! &nbsp;<\/p>\n","protected":false},"excerpt":{"rendered":"<div class=\"mh-excerpt\"><p>A toda a xente g\u00fastalle ir por libre, queremos ir por onde nos peta e sen atender propagandas e indicaci\u00f3ns interesadas, mais os ataques \u00e1 nosa independencia ou neutralidade, a esa soberan\u00eda que nos fai posuidores do destino e na liberdade de escoller, son cada d\u00eda m\u00e1is sibilinos <a class=\"mh-excerpt-more\" href=\"https:\/\/www.anovapeneira.gal\/index.php\/2023\/02\/28\/dandolle-voltas-ao-caletre\/\" title=\"D\u00e1ndolle voltas ao caletre\">[&#8230;]<\/a><\/p>\n<\/div>","protected":false},"author":5,"featured_media":584,"comment_status":"open","ping_status":"open","sticky":false,"template":"","format":"standard","meta":{"_exactmetrics_skip_tracking":false,"_exactmetrics_sitenote_active":false,"_exactmetrics_sitenote_note":"","_exactmetrics_sitenote_category":0,"footnotes":""},"categories":[7],"tags":[],"class_list":{"0":"post-9178","1":"post","2":"type-post","3":"status-publish","4":"format-standard","5":"has-post-thumbnail","7":"category-artigos-de-opinion"},"yoast_head":"<!-- This site is optimized with the Yoast SEO plugin v27.4 - https:\/\/yoast.com\/product\/yoast-seo-wordpress\/ -->\n<title>D\u00e1ndolle voltas ao caletre -<\/title>\n<meta name=\"description\" content=\"A toda a xente g\u00fastalle ir por libre, queremos ir por onde nos peta e sen atender propagandas e indicaci\u00f3ns interesadas, mais os ataques \u00e1 nosa independencia ou neutralidade, a esa soberan\u00eda que nos fai posuidores do destino e na liberdade de escoller, son cada d\u00eda m\u00e1is sibilinos\" \/>\n<meta name=\"robots\" content=\"index, follow, max-snippet:-1, max-image-preview:large, max-video-preview:-1\" \/>\n<link rel=\"canonical\" href=\"https:\/\/www.anovapeneira.gal\/index.php\/2023\/02\/28\/dandolle-voltas-ao-caletre\/\" \/>\n<meta property=\"og:locale\" content=\"gl_ES\" \/>\n<meta property=\"og:type\" content=\"article\" \/>\n<meta property=\"og:title\" content=\"D\u00e1ndolle voltas ao caletre -\" \/>\n<meta property=\"og:description\" content=\"A toda a xente g\u00fastalle ir por libre, queremos ir por onde nos peta e sen atender propagandas e indicaci\u00f3ns interesadas, mais os ataques \u00e1 nosa independencia ou neutralidade, a esa soberan\u00eda que nos fai posuidores do destino e na liberdade de escoller, son cada d\u00eda m\u00e1is sibilinos\" \/>\n<meta property=\"og:url\" content=\"https:\/\/www.anovapeneira.gal\/index.php\/2023\/02\/28\/dandolle-voltas-ao-caletre\/\" \/>\n<meta property=\"article:publisher\" content=\"https:\/\/www.facebook.com\/anovapeneira\" \/>\n<meta property=\"article:published_time\" content=\"2023-02-28T09:00:55+00:00\" \/>\n<meta property=\"og:image\" content=\"https:\/\/www.anovapeneira.gal\/wp-content\/uploads\/2019\/07\/ARTIGO_DE_OPINION_A_NOVA_PENEIRA.jpg\" \/>\n\t<meta property=\"og:image:width\" content=\"720\" \/>\n\t<meta property=\"og:image:height\" content=\"473\" \/>\n\t<meta property=\"og:image:type\" content=\"image\/jpeg\" \/>\n<meta name=\"author\" content=\"Baldomero Iglesias Dobarrio, Mero\" \/>\n<meta name=\"twitter:card\" content=\"summary_large_image\" \/>\n<meta name=\"twitter:image\" content=\"https:\/\/www.anovapeneira.gal\/wp-content\/uploads\/2019\/07\/ARTIGO_DE_OPINION_A_NOVA_PENEIRA.jpg\" \/>\n<meta name=\"twitter:creator\" content=\"@APeneira\" \/>\n<meta name=\"twitter:site\" content=\"@APeneira\" \/>\n<meta name=\"twitter:label1\" content=\"Escrito por\" \/>\n\t<meta name=\"twitter:data1\" content=\"Baldomero Iglesias Dobarrio, Mero\" \/>\n\t<meta name=\"twitter:label2\" content=\"Tempo de lectura\" \/>\n\t<meta name=\"twitter:data2\" content=\"5 minutos\" \/>\n<script type=\"application\/ld+json\" class=\"yoast-schema-graph\">{\"@context\":\"https:\\\/\\\/schema.org\",\"@graph\":[{\"@type\":\"Article\",\"@id\":\"https:\\\/\\\/www.anovapeneira.gal\\\/index.php\\\/2023\\\/02\\\/28\\\/dandolle-voltas-ao-caletre\\\/#article\",\"isPartOf\":{\"@id\":\"https:\\\/\\\/www.anovapeneira.gal\\\/index.php\\\/2023\\\/02\\\/28\\\/dandolle-voltas-ao-caletre\\\/\"},\"author\":{\"name\":\"Baldomero Iglesias Dobarrio, Mero\",\"@id\":\"https:\\\/\\\/www.anovapeneira.gal\\\/#\\\/schema\\\/person\\\/b051ed40cfc100e281476674783b32fc\"},\"headline\":\"D\u00e1ndolle voltas ao caletre\",\"datePublished\":\"2023-02-28T09:00:55+00:00\",\"mainEntityOfPage\":{\"@id\":\"https:\\\/\\\/www.anovapeneira.gal\\\/index.php\\\/2023\\\/02\\\/28\\\/dandolle-voltas-ao-caletre\\\/\"},\"wordCount\":870,\"commentCount\":0,\"publisher\":{\"@id\":\"https:\\\/\\\/www.anovapeneira.gal\\\/#organization\"},\"image\":{\"@id\":\"https:\\\/\\\/www.anovapeneira.gal\\\/index.php\\\/2023\\\/02\\\/28\\\/dandolle-voltas-ao-caletre\\\/#primaryimage\"},\"thumbnailUrl\":\"https:\\\/\\\/www.anovapeneira.gal\\\/wp-content\\\/uploads\\\/2019\\\/07\\\/ARTIGO_DE_OPINION_A_NOVA_PENEIRA.jpg\",\"articleSection\":[\"Artigos de opini\u00f3n\"],\"inLanguage\":\"gl-ES\",\"potentialAction\":[{\"@type\":\"CommentAction\",\"name\":\"Comment\",\"target\":[\"https:\\\/\\\/www.anovapeneira.gal\\\/index.php\\\/2023\\\/02\\\/28\\\/dandolle-voltas-ao-caletre\\\/#respond\"]}]},{\"@type\":\"WebPage\",\"@id\":\"https:\\\/\\\/www.anovapeneira.gal\\\/index.php\\\/2023\\\/02\\\/28\\\/dandolle-voltas-ao-caletre\\\/\",\"url\":\"https:\\\/\\\/www.anovapeneira.gal\\\/index.php\\\/2023\\\/02\\\/28\\\/dandolle-voltas-ao-caletre\\\/\",\"name\":\"D\u00e1ndolle voltas ao caletre -\",\"isPartOf\":{\"@id\":\"https:\\\/\\\/www.anovapeneira.gal\\\/#website\"},\"primaryImageOfPage\":{\"@id\":\"https:\\\/\\\/www.anovapeneira.gal\\\/index.php\\\/2023\\\/02\\\/28\\\/dandolle-voltas-ao-caletre\\\/#primaryimage\"},\"image\":{\"@id\":\"https:\\\/\\\/www.anovapeneira.gal\\\/index.php\\\/2023\\\/02\\\/28\\\/dandolle-voltas-ao-caletre\\\/#primaryimage\"},\"thumbnailUrl\":\"https:\\\/\\\/www.anovapeneira.gal\\\/wp-content\\\/uploads\\\/2019\\\/07\\\/ARTIGO_DE_OPINION_A_NOVA_PENEIRA.jpg\",\"datePublished\":\"2023-02-28T09:00:55+00:00\",\"description\":\"A toda a xente g\u00fastalle ir por libre, queremos ir por onde nos peta e sen atender propagandas e indicaci\u00f3ns interesadas, mais os ataques \u00e1 nosa independencia ou neutralidade, a esa soberan\u00eda que nos fai posuidores do destino e na liberdade de escoller, son cada d\u00eda m\u00e1is sibilinos\",\"breadcrumb\":{\"@id\":\"https:\\\/\\\/www.anovapeneira.gal\\\/index.php\\\/2023\\\/02\\\/28\\\/dandolle-voltas-ao-caletre\\\/#breadcrumb\"},\"inLanguage\":\"gl-ES\",\"potentialAction\":[{\"@type\":\"ReadAction\",\"target\":[\"https:\\\/\\\/www.anovapeneira.gal\\\/index.php\\\/2023\\\/02\\\/28\\\/dandolle-voltas-ao-caletre\\\/\"]}]},{\"@type\":\"ImageObject\",\"inLanguage\":\"gl-ES\",\"@id\":\"https:\\\/\\\/www.anovapeneira.gal\\\/index.php\\\/2023\\\/02\\\/28\\\/dandolle-voltas-ao-caletre\\\/#primaryimage\",\"url\":\"https:\\\/\\\/www.anovapeneira.gal\\\/wp-content\\\/uploads\\\/2019\\\/07\\\/ARTIGO_DE_OPINION_A_NOVA_PENEIRA.jpg\",\"contentUrl\":\"https:\\\/\\\/www.anovapeneira.gal\\\/wp-content\\\/uploads\\\/2019\\\/07\\\/ARTIGO_DE_OPINION_A_NOVA_PENEIRA.jpg\",\"width\":720,\"height\":473,\"caption\":\"Artigo de opini\u00f3n A Nova Peneira\"},{\"@type\":\"BreadcrumbList\",\"@id\":\"https:\\\/\\\/www.anovapeneira.gal\\\/index.php\\\/2023\\\/02\\\/28\\\/dandolle-voltas-ao-caletre\\\/#breadcrumb\",\"itemListElement\":[{\"@type\":\"ListItem\",\"position\":1,\"name\":\"Portada\",\"item\":\"https:\\\/\\\/www.anovapeneira.gal\\\/\"},{\"@type\":\"ListItem\",\"position\":2,\"name\":\"D\u00e1ndolle voltas ao caletre\"}]},{\"@type\":\"WebSite\",\"@id\":\"https:\\\/\\\/www.anovapeneira.gal\\\/#website\",\"url\":\"https:\\\/\\\/www.anovapeneira.gal\\\/\",\"name\":\"\",\"description\":\"Xornal galego de informaci\u00f3n xeral Publicaci\u00f3n mensual de novas de Galicia e en especial dos Concellos da sur da provincia de Pontevedra.\",\"publisher\":{\"@id\":\"https:\\\/\\\/www.anovapeneira.gal\\\/#organization\"},\"potentialAction\":[{\"@type\":\"SearchAction\",\"target\":{\"@type\":\"EntryPoint\",\"urlTemplate\":\"https:\\\/\\\/www.anovapeneira.gal\\\/?s={search_term_string}\"},\"query-input\":{\"@type\":\"PropertyValueSpecification\",\"valueRequired\":true,\"valueName\":\"search_term_string\"}}],\"inLanguage\":\"gl-ES\"},{\"@type\":\"Organization\",\"@id\":\"https:\\\/\\\/www.anovapeneira.gal\\\/#organization\",\"name\":\"A Nova Peneira\",\"url\":\"https:\\\/\\\/www.anovapeneira.gal\\\/\",\"logo\":{\"@type\":\"ImageObject\",\"inLanguage\":\"gl-ES\",\"@id\":\"https:\\\/\\\/www.anovapeneira.gal\\\/#\\\/schema\\\/logo\\\/image\\\/\",\"url\":\"http:\\\/\\\/www.anovapeneira.gal\\\/wp-content\\\/uploads\\\/2019\\\/06\\\/logo_a_nova_peneira_portal_web.png\",\"contentUrl\":\"http:\\\/\\\/www.anovapeneira.gal\\\/wp-content\\\/uploads\\\/2019\\\/06\\\/logo_a_nova_peneira_portal_web.png\",\"width\":300,\"height\":100,\"caption\":\"A Nova Peneira\"},\"image\":{\"@id\":\"https:\\\/\\\/www.anovapeneira.gal\\\/#\\\/schema\\\/logo\\\/image\\\/\"},\"sameAs\":[\"https:\\\/\\\/www.facebook.com\\\/anovapeneira\",\"https:\\\/\\\/x.com\\\/APeneira\"]},{\"@type\":\"Person\",\"@id\":\"https:\\\/\\\/www.anovapeneira.gal\\\/#\\\/schema\\\/person\\\/b051ed40cfc100e281476674783b32fc\",\"name\":\"Baldomero Iglesias Dobarrio, Mero\",\"image\":{\"@type\":\"ImageObject\",\"inLanguage\":\"gl-ES\",\"@id\":\"https:\\\/\\\/secure.gravatar.com\\\/avatar\\\/ca78fc089f8cf28197f88de2c9ac213e2f7d2097d8e359d9359b8778b539c59d?s=96&d=mm&r=g\",\"url\":\"https:\\\/\\\/secure.gravatar.com\\\/avatar\\\/ca78fc089f8cf28197f88de2c9ac213e2f7d2097d8e359d9359b8778b539c59d?s=96&d=mm&r=g\",\"contentUrl\":\"https:\\\/\\\/secure.gravatar.com\\\/avatar\\\/ca78fc089f8cf28197f88de2c9ac213e2f7d2097d8e359d9359b8778b539c59d?s=96&d=mm&r=g\",\"caption\":\"Baldomero Iglesias Dobarrio, Mero\"},\"sameAs\":[\"http:\\\/\\\/anovapeneira.gal\"],\"url\":\"https:\\\/\\\/www.anovapeneira.gal\\\/index.php\\\/author\\\/opinionmero\\\/\"}]}<\/script>\n<!-- \/ Yoast SEO plugin. -->","yoast_head_json":{"title":"D\u00e1ndolle voltas ao caletre -","description":"A toda a xente g\u00fastalle ir por libre, queremos ir por onde nos peta e sen atender propagandas e indicaci\u00f3ns interesadas, mais os ataques \u00e1 nosa independencia ou neutralidade, a esa soberan\u00eda que nos fai posuidores do destino e na liberdade de escoller, son cada d\u00eda m\u00e1is sibilinos","robots":{"index":"index","follow":"follow","max-snippet":"max-snippet:-1","max-image-preview":"max-image-preview:large","max-video-preview":"max-video-preview:-1"},"canonical":"https:\/\/www.anovapeneira.gal\/index.php\/2023\/02\/28\/dandolle-voltas-ao-caletre\/","og_locale":"gl_ES","og_type":"article","og_title":"D\u00e1ndolle voltas ao caletre -","og_description":"A toda a xente g\u00fastalle ir por libre, queremos ir por onde nos peta e sen atender propagandas e indicaci\u00f3ns interesadas, mais os ataques \u00e1 nosa independencia ou neutralidade, a esa soberan\u00eda que nos fai posuidores do destino e na liberdade de escoller, son cada d\u00eda m\u00e1is sibilinos","og_url":"https:\/\/www.anovapeneira.gal\/index.php\/2023\/02\/28\/dandolle-voltas-ao-caletre\/","article_publisher":"https:\/\/www.facebook.com\/anovapeneira","article_published_time":"2023-02-28T09:00:55+00:00","og_image":[{"width":720,"height":473,"url":"https:\/\/www.anovapeneira.gal\/wp-content\/uploads\/2019\/07\/ARTIGO_DE_OPINION_A_NOVA_PENEIRA.jpg","type":"image\/jpeg"}],"author":"Baldomero Iglesias Dobarrio, Mero","twitter_card":"summary_large_image","twitter_image":"https:\/\/www.anovapeneira.gal\/wp-content\/uploads\/2019\/07\/ARTIGO_DE_OPINION_A_NOVA_PENEIRA.jpg","twitter_creator":"@APeneira","twitter_site":"@APeneira","twitter_misc":{"Escrito por":"Baldomero Iglesias Dobarrio, Mero","Tempo de lectura":"5 minutos"},"schema":{"@context":"https:\/\/schema.org","@graph":[{"@type":"Article","@id":"https:\/\/www.anovapeneira.gal\/index.php\/2023\/02\/28\/dandolle-voltas-ao-caletre\/#article","isPartOf":{"@id":"https:\/\/www.anovapeneira.gal\/index.php\/2023\/02\/28\/dandolle-voltas-ao-caletre\/"},"author":{"name":"Baldomero Iglesias Dobarrio, Mero","@id":"https:\/\/www.anovapeneira.gal\/#\/schema\/person\/b051ed40cfc100e281476674783b32fc"},"headline":"D\u00e1ndolle voltas ao caletre","datePublished":"2023-02-28T09:00:55+00:00","mainEntityOfPage":{"@id":"https:\/\/www.anovapeneira.gal\/index.php\/2023\/02\/28\/dandolle-voltas-ao-caletre\/"},"wordCount":870,"commentCount":0,"publisher":{"@id":"https:\/\/www.anovapeneira.gal\/#organization"},"image":{"@id":"https:\/\/www.anovapeneira.gal\/index.php\/2023\/02\/28\/dandolle-voltas-ao-caletre\/#primaryimage"},"thumbnailUrl":"https:\/\/www.anovapeneira.gal\/wp-content\/uploads\/2019\/07\/ARTIGO_DE_OPINION_A_NOVA_PENEIRA.jpg","articleSection":["Artigos de opini\u00f3n"],"inLanguage":"gl-ES","potentialAction":[{"@type":"CommentAction","name":"Comment","target":["https:\/\/www.anovapeneira.gal\/index.php\/2023\/02\/28\/dandolle-voltas-ao-caletre\/#respond"]}]},{"@type":"WebPage","@id":"https:\/\/www.anovapeneira.gal\/index.php\/2023\/02\/28\/dandolle-voltas-ao-caletre\/","url":"https:\/\/www.anovapeneira.gal\/index.php\/2023\/02\/28\/dandolle-voltas-ao-caletre\/","name":"D\u00e1ndolle voltas ao caletre -","isPartOf":{"@id":"https:\/\/www.anovapeneira.gal\/#website"},"primaryImageOfPage":{"@id":"https:\/\/www.anovapeneira.gal\/index.php\/2023\/02\/28\/dandolle-voltas-ao-caletre\/#primaryimage"},"image":{"@id":"https:\/\/www.anovapeneira.gal\/index.php\/2023\/02\/28\/dandolle-voltas-ao-caletre\/#primaryimage"},"thumbnailUrl":"https:\/\/www.anovapeneira.gal\/wp-content\/uploads\/2019\/07\/ARTIGO_DE_OPINION_A_NOVA_PENEIRA.jpg","datePublished":"2023-02-28T09:00:55+00:00","description":"A toda a xente g\u00fastalle ir por libre, queremos ir por onde nos peta e sen atender propagandas e indicaci\u00f3ns interesadas, mais os ataques \u00e1 nosa independencia ou neutralidade, a esa soberan\u00eda que nos fai posuidores do destino e na liberdade de escoller, son cada d\u00eda m\u00e1is sibilinos","breadcrumb":{"@id":"https:\/\/www.anovapeneira.gal\/index.php\/2023\/02\/28\/dandolle-voltas-ao-caletre\/#breadcrumb"},"inLanguage":"gl-ES","potentialAction":[{"@type":"ReadAction","target":["https:\/\/www.anovapeneira.gal\/index.php\/2023\/02\/28\/dandolle-voltas-ao-caletre\/"]}]},{"@type":"ImageObject","inLanguage":"gl-ES","@id":"https:\/\/www.anovapeneira.gal\/index.php\/2023\/02\/28\/dandolle-voltas-ao-caletre\/#primaryimage","url":"https:\/\/www.anovapeneira.gal\/wp-content\/uploads\/2019\/07\/ARTIGO_DE_OPINION_A_NOVA_PENEIRA.jpg","contentUrl":"https:\/\/www.anovapeneira.gal\/wp-content\/uploads\/2019\/07\/ARTIGO_DE_OPINION_A_NOVA_PENEIRA.jpg","width":720,"height":473,"caption":"Artigo de opini\u00f3n A Nova Peneira"},{"@type":"BreadcrumbList","@id":"https:\/\/www.anovapeneira.gal\/index.php\/2023\/02\/28\/dandolle-voltas-ao-caletre\/#breadcrumb","itemListElement":[{"@type":"ListItem","position":1,"name":"Portada","item":"https:\/\/www.anovapeneira.gal\/"},{"@type":"ListItem","position":2,"name":"D\u00e1ndolle voltas ao caletre"}]},{"@type":"WebSite","@id":"https:\/\/www.anovapeneira.gal\/#website","url":"https:\/\/www.anovapeneira.gal\/","name":"","description":"Xornal galego de informaci\u00f3n xeral Publicaci\u00f3n mensual de novas de Galicia e en especial dos Concellos da sur da provincia de Pontevedra.","publisher":{"@id":"https:\/\/www.anovapeneira.gal\/#organization"},"potentialAction":[{"@type":"SearchAction","target":{"@type":"EntryPoint","urlTemplate":"https:\/\/www.anovapeneira.gal\/?s={search_term_string}"},"query-input":{"@type":"PropertyValueSpecification","valueRequired":true,"valueName":"search_term_string"}}],"inLanguage":"gl-ES"},{"@type":"Organization","@id":"https:\/\/www.anovapeneira.gal\/#organization","name":"A Nova Peneira","url":"https:\/\/www.anovapeneira.gal\/","logo":{"@type":"ImageObject","inLanguage":"gl-ES","@id":"https:\/\/www.anovapeneira.gal\/#\/schema\/logo\/image\/","url":"http:\/\/www.anovapeneira.gal\/wp-content\/uploads\/2019\/06\/logo_a_nova_peneira_portal_web.png","contentUrl":"http:\/\/www.anovapeneira.gal\/wp-content\/uploads\/2019\/06\/logo_a_nova_peneira_portal_web.png","width":300,"height":100,"caption":"A Nova Peneira"},"image":{"@id":"https:\/\/www.anovapeneira.gal\/#\/schema\/logo\/image\/"},"sameAs":["https:\/\/www.facebook.com\/anovapeneira","https:\/\/x.com\/APeneira"]},{"@type":"Person","@id":"https:\/\/www.anovapeneira.gal\/#\/schema\/person\/b051ed40cfc100e281476674783b32fc","name":"Baldomero Iglesias Dobarrio, Mero","image":{"@type":"ImageObject","inLanguage":"gl-ES","@id":"https:\/\/secure.gravatar.com\/avatar\/ca78fc089f8cf28197f88de2c9ac213e2f7d2097d8e359d9359b8778b539c59d?s=96&d=mm&r=g","url":"https:\/\/secure.gravatar.com\/avatar\/ca78fc089f8cf28197f88de2c9ac213e2f7d2097d8e359d9359b8778b539c59d?s=96&d=mm&r=g","contentUrl":"https:\/\/secure.gravatar.com\/avatar\/ca78fc089f8cf28197f88de2c9ac213e2f7d2097d8e359d9359b8778b539c59d?s=96&d=mm&r=g","caption":"Baldomero Iglesias Dobarrio, Mero"},"sameAs":["http:\/\/anovapeneira.gal"],"url":"https:\/\/www.anovapeneira.gal\/index.php\/author\/opinionmero\/"}]}},"jetpack_featured_media_url":"https:\/\/www.anovapeneira.gal\/wp-content\/uploads\/2019\/07\/ARTIGO_DE_OPINION_A_NOVA_PENEIRA.jpg","_links":{"self":[{"href":"https:\/\/www.anovapeneira.gal\/index.php\/wp-json\/wp\/v2\/posts\/9178","targetHints":{"allow":["GET"]}}],"collection":[{"href":"https:\/\/www.anovapeneira.gal\/index.php\/wp-json\/wp\/v2\/posts"}],"about":[{"href":"https:\/\/www.anovapeneira.gal\/index.php\/wp-json\/wp\/v2\/types\/post"}],"author":[{"embeddable":true,"href":"https:\/\/www.anovapeneira.gal\/index.php\/wp-json\/wp\/v2\/users\/5"}],"replies":[{"embeddable":true,"href":"https:\/\/www.anovapeneira.gal\/index.php\/wp-json\/wp\/v2\/comments?post=9178"}],"version-history":[{"count":1,"href":"https:\/\/www.anovapeneira.gal\/index.php\/wp-json\/wp\/v2\/posts\/9178\/revisions"}],"predecessor-version":[{"id":9179,"href":"https:\/\/www.anovapeneira.gal\/index.php\/wp-json\/wp\/v2\/posts\/9178\/revisions\/9179"}],"wp:featuredmedia":[{"embeddable":true,"href":"https:\/\/www.anovapeneira.gal\/index.php\/wp-json\/wp\/v2\/media\/584"}],"wp:attachment":[{"href":"https:\/\/www.anovapeneira.gal\/index.php\/wp-json\/wp\/v2\/media?parent=9178"}],"wp:term":[{"taxonomy":"category","embeddable":true,"href":"https:\/\/www.anovapeneira.gal\/index.php\/wp-json\/wp\/v2\/categories?post=9178"},{"taxonomy":"post_tag","embeddable":true,"href":"https:\/\/www.anovapeneira.gal\/index.php\/wp-json\/wp\/v2\/tags?post=9178"}],"curies":[{"name":"wp","href":"https:\/\/api.w.org\/{rel}","templated":true}]}}