{"id":9184,"date":"2023-03-01T10:00:37","date_gmt":"2023-03-01T09:00:37","guid":{"rendered":"https:\/\/www.anovapeneira.gal\/?p=9184"},"modified":"2023-02-18T12:01:19","modified_gmt":"2023-02-18T11:01:19","slug":"touton-epicentro-da-musica-de-raiz","status":"publish","type":"post","link":"https:\/\/www.anovapeneira.gal\/index.php\/2023\/03\/01\/touton-epicentro-da-musica-de-raiz\/","title":{"rendered":"Tout\u00f3n, epicentro da m\u00fasica de ra\u00edz"},"content":{"rendered":"\n<figure class=\"wp-block-image size-full is-resized\"><img loading=\"lazy\" decoding=\"async\" src=\"https:\/\/www.anovapeneira.gal\/wp-content\/uploads\/2022\/09\/alma_lopez_figueiras.jpg\" alt=\"\" class=\"wp-image-8177\" width=\"95\" height=\"115\"\/><figcaption class=\"wp-element-caption\"><strong>Alma L\u00f3pez Figueiras<\/strong><\/figcaption><\/figure>\n\n\n\n<p><em><strong>O Ser\u00e1n dos Namorados desta parroquia de Mondariz celebrou a s\u00faa edici\u00f3n n\u00famero 25, atrasada dous anos por mor da pandemia, con \u00e9xito de p\u00fablico e apoio institucional. Con todo, o risco de ruptura xeracional \u00e9 considerable e sup\u00f3n unha espada de Damocles sobre \u201co ser\u00e1n m\u00e1is grande do mundo\u201d.<\/strong><\/em><\/p>\n\n\n\n<p>O 11 de febreiro, s\u00e1bado previo ao D\u00eda dos Namorados, a parroquia de Tout\u00f3n, en Mondariz, volveu converterse en epicentro da m\u00fasica tradicional galega co popular Ser\u00e1n dos Namorados. Co solpor, o enorme cuberto instalado no torreiro da Igrexa comezou a encherse de persoas de todas as idades. A partir das oito, a m\u00fasica, o baile e a troula foron ga\u00f1ando protagonismo. Os grupos de m\u00fasica tradicional, afeccionados na s\u00faa maior\u00eda e chegados de diferentes partes de Galicia, tocaron por quendas no escenario, animando cada vez m\u00e1is a un p\u00fablico interxeracional e participativo. Contan que mesmo apareceu polo ser\u00e1n o gaiteiro Carlos N\u00fa\u00f1ez, entre outros m\u00fasicos, mais soamente para desfrutar do evento e ser testemu\u00f1a do <em>ser\u00e1n m\u00e1is grande do mundo<\/em>, como \u00e9 popularmente co\u00f1ecido. Na s\u00faa edici\u00f3n n\u00famero 25, programada para febreiro de 2021 pero atrasada dous anos por mor da pandemia, o Ser\u00e1n de Tout\u00f3n volveu namorar a trav\u00e9s dunha viaxe \u00e1s ra\u00edces da aldea.<\/p>\n\n\n\n<p>Lucinda Barcia e a s\u00faa filla Montse Alvari\u00f1o, que durante os \u00faltimos anos asumiu con orgullo e responsabilidade a organizaci\u00f3n deste evento, foron e seguen sendo gardas da memoria popular do rural galego nesta extensa, agreste e relativamente despoboada parroquia de Mondariz, que non chega aos 300 habitantes. Como parte das Pandeireteiras de Tout\u00f3n, grupo de mulleres constitu\u00eddo como Asociaci\u00f3n Santa B\u00e1rbara de Tout\u00f3n, Lucinda acumula d\u00e9cadas de recuperaci\u00f3n cultural na parroquia, a trav\u00e9s da recompilaci\u00f3n de historias, lendas e tradici\u00f3ns populares que soamente perduran na memoria das persoas de m\u00e1is idade. O Ser\u00e1n dos Namorados \u00e9 unha desas tradici\u00f3ns populares que se perdera durante os anos de posguerra, ditadura e emigraci\u00f3n. \u201cA mi\u00f1a nai a\u00ednda lembra os ser\u00e1ns de cando era moza. Segundo dic\u00edan os m\u00e1is vellos, a Garda Civil comezou a controlar demasiado e, como a xente non quer\u00eda problemas, desistiron e abandonaron a tradici\u00f3n\u201d, conta Montse. Os \u00faltimos ser\u00e1ns daquela \u00e9poca celebr\u00e1ronse na d\u00e9cada de 1960.<\/p>\n\n\n\n<p>Entre os meses de novembro e marzo, cando os d\u00edas son curtos e o traballo que se realizaba no campo afrouxaba, a mocidade das aldeas xunt\u00e1base para organizar un baile onde cantar, tocar e, sobre todo, namorar. Eses bailes do rural recib\u00edan nomes diversos, dependendo da zona: ruada, foliada, fiadeiro, polavila, trisca,&#8230; E naquelas parroquias do Condado e da Paradanta, Baixo Mi\u00f1o e alg\u00fan concello lindeiro m\u00e1is, os bailes invernais ao son da pandeireta eran co\u00f1ecidos como ser\u00e1ns.<\/p>\n\n\n\n<p>A experiencia das Pandeireteiras de Tout\u00f3n ten inspirado a recuperaci\u00f3n de ser\u00e1ns noutras parroquias, no mesmo Concello de Mondariz e na contorna, pero ningunha foi quen de manter o evento durante tantos anos seguidos. Para Xos\u00e9 Emilio Barros, alcalde Mondariz, \u201co feito de que en Tout\u00f3n houbese un grupo de pandeireteiras moi activas fixo posible o nexo interxeracional nun momento dado\u201d. Ref\u00edrese, sobre todo, \u00e1s xeraci\u00f3ns que representan Lucinda e Montse, nai e filla, e aos anos noventa do s\u00e9culo pasado.<\/p>\n\n\n\n<p>O Ser\u00e1n dos Namorados, segundo lembran na casa destas veci\u00f1as de Tout\u00f3n, xurdiu no ano 1996 de xeito totalmente improvisado. Xa desde finais dos anos oitenta, a parroquia recib\u00eda regularmente a visita de persoas que fac\u00edan recollidas de m\u00fasica tradicional, como Mercedes Pe\u00f3n, Xalgarete, Rumbadeira, O Fiadeiro, Xisco Feijoo ou Montse Rivera e Felisa Segade das Leil\u00eda. \u201cEmpezaron a xuntarse porque vi\u00f1an a recoller (patrimonio etnomusical); no inverno, como fac\u00eda fr\u00edo, dic\u00edan de ir tocar \u00e1 escola, e as\u00ed un d\u00eda f\u00edxose unha festa improvisada. Decidimos organizar un ser\u00e1n, e o primeiro ano incluso fixemos o cuberto con paus\u201d, conta Montse sobre os inicios. Sen agardalo, comezou a chegar xente de lonxe a Tout\u00f3n e o ser\u00e1n converteuse en referente da m\u00fasica tradicional de ra\u00edz.<\/p>\n\n\n\n<p>A experiencia das Pandeireteiras de Tout\u00f3n non poder\u00eda faltar na serie documental do Consello da Cultura Galega que realizaron Ren\u00e9e De Palma, Carmen L\u00f3pez e Xulia Feixoo sobre o valor da literatura oral e a funci\u00f3n sociocultural das tocadoras. Os v\u00eddeos de \u201cAxud\u00e1deme a cantar. Seis historias arredor da tradici\u00f3n oral en Galicia\u201d foron proxectados na parroquia o mesmo d\u00eda do ser\u00e1n, como simb\u00f3lico agasallo institucional polo 25 aniversario.<\/p>\n\n\n\n<p>Con todo, a escasa implicaci\u00f3n da mocidade da aldea sup\u00f3n un problema para que este evento poida mirar cara ao futuro con ilusi\u00f3n. \u201cDespois de ver a gran acollida que tivo o ser\u00e1n deste ano, gustar\u00edame ver outras cantas edici\u00f3ns. A <em>Panorama<\/em> dos ser\u00e1ns est\u00e1 aqu\u00ed\u201d, comenta Montse, orgullosa e, ao mesmo tempo, resignada coa falta de apoio local.<\/p>\n\n\n\n<p>\u201cTout\u00f3n simboliza a esencia da m\u00fasica tradicional galega transmitida de xeraci\u00f3n en xeraci\u00f3n, pero o risco de ruptura est\u00e1 a\u00ed. A propia parroquia deber\u00eda facer exame de consciencia e valorar a riqueza patrimonial que atesoura\u201d, sinala Barros, que dentro do GDR das comarcas de Condado-Paradanta e Salceda de Caselas avoga por que estes elementos diferenciadores relacionados co patrimonio cultural inmaterial te\u00f1an consideraci\u00f3n na estratexia de desenvolvemento tur\u00edstico.<\/p>\n","protected":false},"excerpt":{"rendered":"<div class=\"mh-excerpt\"><p>O Ser\u00e1n dos Namorados desta parroquia de Mondariz celebrou a s\u00faa edici\u00f3n n\u00famero 25, atrasada dous anos por mor da pandemia, con \u00e9xito de p\u00fablico e apoio institucional. Con todo, o risco de ruptura xeracional \u00e9 considerable e sup\u00f3n unha espada de Damocles sobre \u201co ser\u00e1n m\u00e1is grande do mundo\u201d <a class=\"mh-excerpt-more\" href=\"https:\/\/www.anovapeneira.gal\/index.php\/2023\/03\/01\/touton-epicentro-da-musica-de-raiz\/\" title=\"Tout\u00f3n, epicentro da m\u00fasica de ra\u00edz\">[&#8230;]<\/a><\/p>\n<\/div>","protected":false},"author":41,"featured_media":9185,"comment_status":"open","ping_status":"open","sticky":false,"template":"","format":"standard","meta":{"_exactmetrics_skip_tracking":false,"_exactmetrics_sitenote_active":false,"_exactmetrics_sitenote_note":"","_exactmetrics_sitenote_category":0,"footnotes":""},"categories":[7],"tags":[],"class_list":{"0":"post-9184","1":"post","2":"type-post","3":"status-publish","4":"format-standard","5":"has-post-thumbnail","7":"category-artigos-de-opinion"},"yoast_head":"<!-- This site is optimized with the Yoast SEO plugin v27.4 - https:\/\/yoast.com\/product\/yoast-seo-wordpress\/ -->\n<title>Tout\u00f3n, epicentro da m\u00fasica de ra\u00edz -<\/title>\n<meta name=\"description\" content=\"O Ser\u00e1n dos Namorados desta parroquia de Mondariz celebrou a s\u00faa edici\u00f3n n\u00famero 25, atrasada dous anos por mor da pandemia, con \u00e9xito de p\u00fablico e apoio institucional\" \/>\n<meta name=\"robots\" content=\"index, follow, max-snippet:-1, max-image-preview:large, max-video-preview:-1\" \/>\n<link rel=\"canonical\" href=\"https:\/\/www.anovapeneira.gal\/index.php\/2023\/03\/01\/touton-epicentro-da-musica-de-raiz\/\" \/>\n<meta property=\"og:locale\" content=\"gl_ES\" \/>\n<meta property=\"og:type\" content=\"article\" \/>\n<meta property=\"og:title\" content=\"Tout\u00f3n, epicentro da m\u00fasica de ra\u00edz -\" \/>\n<meta property=\"og:description\" content=\"O Ser\u00e1n dos Namorados desta parroquia de Mondariz celebrou a s\u00faa edici\u00f3n n\u00famero 25, atrasada dous anos por mor da pandemia, con \u00e9xito de p\u00fablico e apoio institucional\" \/>\n<meta property=\"og:url\" content=\"https:\/\/www.anovapeneira.gal\/index.php\/2023\/03\/01\/touton-epicentro-da-musica-de-raiz\/\" \/>\n<meta property=\"article:publisher\" content=\"https:\/\/www.facebook.com\/anovapeneira\" \/>\n<meta property=\"article:published_time\" content=\"2023-03-01T09:00:37+00:00\" \/>\n<meta property=\"og:image\" content=\"https:\/\/www.anovapeneira.gal\/wp-content\/uploads\/2023\/02\/seran_touton.jpg\" \/>\n\t<meta property=\"og:image:width\" content=\"720\" \/>\n\t<meta property=\"og:image:height\" content=\"432\" \/>\n\t<meta property=\"og:image:type\" content=\"image\/jpeg\" \/>\n<meta name=\"author\" content=\"Alma L\u00f3pez Figueiras\" \/>\n<meta name=\"twitter:card\" content=\"summary_large_image\" \/>\n<meta name=\"twitter:creator\" content=\"@APeneira\" \/>\n<meta name=\"twitter:site\" content=\"@APeneira\" \/>\n<meta name=\"twitter:label1\" content=\"Escrito por\" \/>\n\t<meta name=\"twitter:data1\" content=\"Alma L\u00f3pez Figueiras\" \/>\n\t<meta name=\"twitter:label2\" content=\"Tempo de lectura\" \/>\n\t<meta name=\"twitter:data2\" content=\"5 minutos\" \/>\n<script type=\"application\/ld+json\" class=\"yoast-schema-graph\">{\"@context\":\"https:\\\/\\\/schema.org\",\"@graph\":[{\"@type\":\"Article\",\"@id\":\"https:\\\/\\\/www.anovapeneira.gal\\\/index.php\\\/2023\\\/03\\\/01\\\/touton-epicentro-da-musica-de-raiz\\\/#article\",\"isPartOf\":{\"@id\":\"https:\\\/\\\/www.anovapeneira.gal\\\/index.php\\\/2023\\\/03\\\/01\\\/touton-epicentro-da-musica-de-raiz\\\/\"},\"author\":{\"name\":\"Alma L\u00f3pez Figueiras\",\"@id\":\"https:\\\/\\\/www.anovapeneira.gal\\\/#\\\/schema\\\/person\\\/0746a5e9aff49562caf86a581a001c1c\"},\"headline\":\"Tout\u00f3n, epicentro da m\u00fasica de ra\u00edz\",\"datePublished\":\"2023-03-01T09:00:37+00:00\",\"mainEntityOfPage\":{\"@id\":\"https:\\\/\\\/www.anovapeneira.gal\\\/index.php\\\/2023\\\/03\\\/01\\\/touton-epicentro-da-musica-de-raiz\\\/\"},\"wordCount\":967,\"commentCount\":0,\"publisher\":{\"@id\":\"https:\\\/\\\/www.anovapeneira.gal\\\/#organization\"},\"image\":{\"@id\":\"https:\\\/\\\/www.anovapeneira.gal\\\/index.php\\\/2023\\\/03\\\/01\\\/touton-epicentro-da-musica-de-raiz\\\/#primaryimage\"},\"thumbnailUrl\":\"https:\\\/\\\/www.anovapeneira.gal\\\/wp-content\\\/uploads\\\/2023\\\/02\\\/seran_touton.jpg\",\"articleSection\":[\"Artigos de opini\u00f3n\"],\"inLanguage\":\"gl-ES\",\"potentialAction\":[{\"@type\":\"CommentAction\",\"name\":\"Comment\",\"target\":[\"https:\\\/\\\/www.anovapeneira.gal\\\/index.php\\\/2023\\\/03\\\/01\\\/touton-epicentro-da-musica-de-raiz\\\/#respond\"]}]},{\"@type\":\"WebPage\",\"@id\":\"https:\\\/\\\/www.anovapeneira.gal\\\/index.php\\\/2023\\\/03\\\/01\\\/touton-epicentro-da-musica-de-raiz\\\/\",\"url\":\"https:\\\/\\\/www.anovapeneira.gal\\\/index.php\\\/2023\\\/03\\\/01\\\/touton-epicentro-da-musica-de-raiz\\\/\",\"name\":\"Tout\u00f3n, epicentro da m\u00fasica de ra\u00edz -\",\"isPartOf\":{\"@id\":\"https:\\\/\\\/www.anovapeneira.gal\\\/#website\"},\"primaryImageOfPage\":{\"@id\":\"https:\\\/\\\/www.anovapeneira.gal\\\/index.php\\\/2023\\\/03\\\/01\\\/touton-epicentro-da-musica-de-raiz\\\/#primaryimage\"},\"image\":{\"@id\":\"https:\\\/\\\/www.anovapeneira.gal\\\/index.php\\\/2023\\\/03\\\/01\\\/touton-epicentro-da-musica-de-raiz\\\/#primaryimage\"},\"thumbnailUrl\":\"https:\\\/\\\/www.anovapeneira.gal\\\/wp-content\\\/uploads\\\/2023\\\/02\\\/seran_touton.jpg\",\"datePublished\":\"2023-03-01T09:00:37+00:00\",\"description\":\"O Ser\u00e1n dos Namorados desta parroquia de Mondariz celebrou a s\u00faa edici\u00f3n n\u00famero 25, atrasada dous anos por mor da pandemia, con \u00e9xito de p\u00fablico e apoio institucional\",\"breadcrumb\":{\"@id\":\"https:\\\/\\\/www.anovapeneira.gal\\\/index.php\\\/2023\\\/03\\\/01\\\/touton-epicentro-da-musica-de-raiz\\\/#breadcrumb\"},\"inLanguage\":\"gl-ES\",\"potentialAction\":[{\"@type\":\"ReadAction\",\"target\":[\"https:\\\/\\\/www.anovapeneira.gal\\\/index.php\\\/2023\\\/03\\\/01\\\/touton-epicentro-da-musica-de-raiz\\\/\"]}]},{\"@type\":\"ImageObject\",\"inLanguage\":\"gl-ES\",\"@id\":\"https:\\\/\\\/www.anovapeneira.gal\\\/index.php\\\/2023\\\/03\\\/01\\\/touton-epicentro-da-musica-de-raiz\\\/#primaryimage\",\"url\":\"https:\\\/\\\/www.anovapeneira.gal\\\/wp-content\\\/uploads\\\/2023\\\/02\\\/seran_touton.jpg\",\"contentUrl\":\"https:\\\/\\\/www.anovapeneira.gal\\\/wp-content\\\/uploads\\\/2023\\\/02\\\/seran_touton.jpg\",\"width\":720,\"height\":432,\"caption\":\"Tout\u00f3n, epicentro da m\u00fasica de ra\u00edz\"},{\"@type\":\"BreadcrumbList\",\"@id\":\"https:\\\/\\\/www.anovapeneira.gal\\\/index.php\\\/2023\\\/03\\\/01\\\/touton-epicentro-da-musica-de-raiz\\\/#breadcrumb\",\"itemListElement\":[{\"@type\":\"ListItem\",\"position\":1,\"name\":\"Portada\",\"item\":\"https:\\\/\\\/www.anovapeneira.gal\\\/\"},{\"@type\":\"ListItem\",\"position\":2,\"name\":\"Tout\u00f3n, epicentro da m\u00fasica de ra\u00edz\"}]},{\"@type\":\"WebSite\",\"@id\":\"https:\\\/\\\/www.anovapeneira.gal\\\/#website\",\"url\":\"https:\\\/\\\/www.anovapeneira.gal\\\/\",\"name\":\"\",\"description\":\"Xornal galego de informaci\u00f3n xeral Publicaci\u00f3n mensual de novas de Galicia e en especial dos Concellos da sur da provincia de Pontevedra.\",\"publisher\":{\"@id\":\"https:\\\/\\\/www.anovapeneira.gal\\\/#organization\"},\"potentialAction\":[{\"@type\":\"SearchAction\",\"target\":{\"@type\":\"EntryPoint\",\"urlTemplate\":\"https:\\\/\\\/www.anovapeneira.gal\\\/?s={search_term_string}\"},\"query-input\":{\"@type\":\"PropertyValueSpecification\",\"valueRequired\":true,\"valueName\":\"search_term_string\"}}],\"inLanguage\":\"gl-ES\"},{\"@type\":\"Organization\",\"@id\":\"https:\\\/\\\/www.anovapeneira.gal\\\/#organization\",\"name\":\"A Nova Peneira\",\"url\":\"https:\\\/\\\/www.anovapeneira.gal\\\/\",\"logo\":{\"@type\":\"ImageObject\",\"inLanguage\":\"gl-ES\",\"@id\":\"https:\\\/\\\/www.anovapeneira.gal\\\/#\\\/schema\\\/logo\\\/image\\\/\",\"url\":\"http:\\\/\\\/www.anovapeneira.gal\\\/wp-content\\\/uploads\\\/2019\\\/06\\\/logo_a_nova_peneira_portal_web.png\",\"contentUrl\":\"http:\\\/\\\/www.anovapeneira.gal\\\/wp-content\\\/uploads\\\/2019\\\/06\\\/logo_a_nova_peneira_portal_web.png\",\"width\":300,\"height\":100,\"caption\":\"A Nova Peneira\"},\"image\":{\"@id\":\"https:\\\/\\\/www.anovapeneira.gal\\\/#\\\/schema\\\/logo\\\/image\\\/\"},\"sameAs\":[\"https:\\\/\\\/www.facebook.com\\\/anovapeneira\",\"https:\\\/\\\/x.com\\\/APeneira\"]},{\"@type\":\"Person\",\"@id\":\"https:\\\/\\\/www.anovapeneira.gal\\\/#\\\/schema\\\/person\\\/0746a5e9aff49562caf86a581a001c1c\",\"name\":\"Alma L\u00f3pez Figueiras\",\"image\":{\"@type\":\"ImageObject\",\"inLanguage\":\"gl-ES\",\"@id\":\"https:\\\/\\\/secure.gravatar.com\\\/avatar\\\/feba821d8b06f92a15842270e547b80062a95516341d6cf987c8062ab7527628?s=96&d=mm&r=g\",\"url\":\"https:\\\/\\\/secure.gravatar.com\\\/avatar\\\/feba821d8b06f92a15842270e547b80062a95516341d6cf987c8062ab7527628?s=96&d=mm&r=g\",\"contentUrl\":\"https:\\\/\\\/secure.gravatar.com\\\/avatar\\\/feba821d8b06f92a15842270e547b80062a95516341d6cf987c8062ab7527628?s=96&d=mm&r=g\",\"caption\":\"Alma L\u00f3pez Figueiras\"},\"url\":\"https:\\\/\\\/www.anovapeneira.gal\\\/index.php\\\/author\\\/almalfigueiras\\\/\"}]}<\/script>\n<!-- \/ Yoast SEO plugin. -->","yoast_head_json":{"title":"Tout\u00f3n, epicentro da m\u00fasica de ra\u00edz -","description":"O Ser\u00e1n dos Namorados desta parroquia de Mondariz celebrou a s\u00faa edici\u00f3n n\u00famero 25, atrasada dous anos por mor da pandemia, con \u00e9xito de p\u00fablico e apoio institucional","robots":{"index":"index","follow":"follow","max-snippet":"max-snippet:-1","max-image-preview":"max-image-preview:large","max-video-preview":"max-video-preview:-1"},"canonical":"https:\/\/www.anovapeneira.gal\/index.php\/2023\/03\/01\/touton-epicentro-da-musica-de-raiz\/","og_locale":"gl_ES","og_type":"article","og_title":"Tout\u00f3n, epicentro da m\u00fasica de ra\u00edz -","og_description":"O Ser\u00e1n dos Namorados desta parroquia de Mondariz celebrou a s\u00faa edici\u00f3n n\u00famero 25, atrasada dous anos por mor da pandemia, con \u00e9xito de p\u00fablico e apoio institucional","og_url":"https:\/\/www.anovapeneira.gal\/index.php\/2023\/03\/01\/touton-epicentro-da-musica-de-raiz\/","article_publisher":"https:\/\/www.facebook.com\/anovapeneira","article_published_time":"2023-03-01T09:00:37+00:00","og_image":[{"width":720,"height":432,"url":"https:\/\/www.anovapeneira.gal\/wp-content\/uploads\/2023\/02\/seran_touton.jpg","type":"image\/jpeg"}],"author":"Alma L\u00f3pez Figueiras","twitter_card":"summary_large_image","twitter_creator":"@APeneira","twitter_site":"@APeneira","twitter_misc":{"Escrito por":"Alma L\u00f3pez Figueiras","Tempo de lectura":"5 minutos"},"schema":{"@context":"https:\/\/schema.org","@graph":[{"@type":"Article","@id":"https:\/\/www.anovapeneira.gal\/index.php\/2023\/03\/01\/touton-epicentro-da-musica-de-raiz\/#article","isPartOf":{"@id":"https:\/\/www.anovapeneira.gal\/index.php\/2023\/03\/01\/touton-epicentro-da-musica-de-raiz\/"},"author":{"name":"Alma L\u00f3pez Figueiras","@id":"https:\/\/www.anovapeneira.gal\/#\/schema\/person\/0746a5e9aff49562caf86a581a001c1c"},"headline":"Tout\u00f3n, epicentro da m\u00fasica de ra\u00edz","datePublished":"2023-03-01T09:00:37+00:00","mainEntityOfPage":{"@id":"https:\/\/www.anovapeneira.gal\/index.php\/2023\/03\/01\/touton-epicentro-da-musica-de-raiz\/"},"wordCount":967,"commentCount":0,"publisher":{"@id":"https:\/\/www.anovapeneira.gal\/#organization"},"image":{"@id":"https:\/\/www.anovapeneira.gal\/index.php\/2023\/03\/01\/touton-epicentro-da-musica-de-raiz\/#primaryimage"},"thumbnailUrl":"https:\/\/www.anovapeneira.gal\/wp-content\/uploads\/2023\/02\/seran_touton.jpg","articleSection":["Artigos de opini\u00f3n"],"inLanguage":"gl-ES","potentialAction":[{"@type":"CommentAction","name":"Comment","target":["https:\/\/www.anovapeneira.gal\/index.php\/2023\/03\/01\/touton-epicentro-da-musica-de-raiz\/#respond"]}]},{"@type":"WebPage","@id":"https:\/\/www.anovapeneira.gal\/index.php\/2023\/03\/01\/touton-epicentro-da-musica-de-raiz\/","url":"https:\/\/www.anovapeneira.gal\/index.php\/2023\/03\/01\/touton-epicentro-da-musica-de-raiz\/","name":"Tout\u00f3n, epicentro da m\u00fasica de ra\u00edz -","isPartOf":{"@id":"https:\/\/www.anovapeneira.gal\/#website"},"primaryImageOfPage":{"@id":"https:\/\/www.anovapeneira.gal\/index.php\/2023\/03\/01\/touton-epicentro-da-musica-de-raiz\/#primaryimage"},"image":{"@id":"https:\/\/www.anovapeneira.gal\/index.php\/2023\/03\/01\/touton-epicentro-da-musica-de-raiz\/#primaryimage"},"thumbnailUrl":"https:\/\/www.anovapeneira.gal\/wp-content\/uploads\/2023\/02\/seran_touton.jpg","datePublished":"2023-03-01T09:00:37+00:00","description":"O Ser\u00e1n dos Namorados desta parroquia de Mondariz celebrou a s\u00faa edici\u00f3n n\u00famero 25, atrasada dous anos por mor da pandemia, con \u00e9xito de p\u00fablico e apoio institucional","breadcrumb":{"@id":"https:\/\/www.anovapeneira.gal\/index.php\/2023\/03\/01\/touton-epicentro-da-musica-de-raiz\/#breadcrumb"},"inLanguage":"gl-ES","potentialAction":[{"@type":"ReadAction","target":["https:\/\/www.anovapeneira.gal\/index.php\/2023\/03\/01\/touton-epicentro-da-musica-de-raiz\/"]}]},{"@type":"ImageObject","inLanguage":"gl-ES","@id":"https:\/\/www.anovapeneira.gal\/index.php\/2023\/03\/01\/touton-epicentro-da-musica-de-raiz\/#primaryimage","url":"https:\/\/www.anovapeneira.gal\/wp-content\/uploads\/2023\/02\/seran_touton.jpg","contentUrl":"https:\/\/www.anovapeneira.gal\/wp-content\/uploads\/2023\/02\/seran_touton.jpg","width":720,"height":432,"caption":"Tout\u00f3n, epicentro da m\u00fasica de ra\u00edz"},{"@type":"BreadcrumbList","@id":"https:\/\/www.anovapeneira.gal\/index.php\/2023\/03\/01\/touton-epicentro-da-musica-de-raiz\/#breadcrumb","itemListElement":[{"@type":"ListItem","position":1,"name":"Portada","item":"https:\/\/www.anovapeneira.gal\/"},{"@type":"ListItem","position":2,"name":"Tout\u00f3n, epicentro da m\u00fasica de ra\u00edz"}]},{"@type":"WebSite","@id":"https:\/\/www.anovapeneira.gal\/#website","url":"https:\/\/www.anovapeneira.gal\/","name":"","description":"Xornal galego de informaci\u00f3n xeral Publicaci\u00f3n mensual de novas de Galicia e en especial dos Concellos da sur da provincia de Pontevedra.","publisher":{"@id":"https:\/\/www.anovapeneira.gal\/#organization"},"potentialAction":[{"@type":"SearchAction","target":{"@type":"EntryPoint","urlTemplate":"https:\/\/www.anovapeneira.gal\/?s={search_term_string}"},"query-input":{"@type":"PropertyValueSpecification","valueRequired":true,"valueName":"search_term_string"}}],"inLanguage":"gl-ES"},{"@type":"Organization","@id":"https:\/\/www.anovapeneira.gal\/#organization","name":"A Nova Peneira","url":"https:\/\/www.anovapeneira.gal\/","logo":{"@type":"ImageObject","inLanguage":"gl-ES","@id":"https:\/\/www.anovapeneira.gal\/#\/schema\/logo\/image\/","url":"http:\/\/www.anovapeneira.gal\/wp-content\/uploads\/2019\/06\/logo_a_nova_peneira_portal_web.png","contentUrl":"http:\/\/www.anovapeneira.gal\/wp-content\/uploads\/2019\/06\/logo_a_nova_peneira_portal_web.png","width":300,"height":100,"caption":"A Nova Peneira"},"image":{"@id":"https:\/\/www.anovapeneira.gal\/#\/schema\/logo\/image\/"},"sameAs":["https:\/\/www.facebook.com\/anovapeneira","https:\/\/x.com\/APeneira"]},{"@type":"Person","@id":"https:\/\/www.anovapeneira.gal\/#\/schema\/person\/0746a5e9aff49562caf86a581a001c1c","name":"Alma L\u00f3pez Figueiras","image":{"@type":"ImageObject","inLanguage":"gl-ES","@id":"https:\/\/secure.gravatar.com\/avatar\/feba821d8b06f92a15842270e547b80062a95516341d6cf987c8062ab7527628?s=96&d=mm&r=g","url":"https:\/\/secure.gravatar.com\/avatar\/feba821d8b06f92a15842270e547b80062a95516341d6cf987c8062ab7527628?s=96&d=mm&r=g","contentUrl":"https:\/\/secure.gravatar.com\/avatar\/feba821d8b06f92a15842270e547b80062a95516341d6cf987c8062ab7527628?s=96&d=mm&r=g","caption":"Alma L\u00f3pez Figueiras"},"url":"https:\/\/www.anovapeneira.gal\/index.php\/author\/almalfigueiras\/"}]}},"jetpack_featured_media_url":"https:\/\/www.anovapeneira.gal\/wp-content\/uploads\/2023\/02\/seran_touton.jpg","_links":{"self":[{"href":"https:\/\/www.anovapeneira.gal\/index.php\/wp-json\/wp\/v2\/posts\/9184","targetHints":{"allow":["GET"]}}],"collection":[{"href":"https:\/\/www.anovapeneira.gal\/index.php\/wp-json\/wp\/v2\/posts"}],"about":[{"href":"https:\/\/www.anovapeneira.gal\/index.php\/wp-json\/wp\/v2\/types\/post"}],"author":[{"embeddable":true,"href":"https:\/\/www.anovapeneira.gal\/index.php\/wp-json\/wp\/v2\/users\/41"}],"replies":[{"embeddable":true,"href":"https:\/\/www.anovapeneira.gal\/index.php\/wp-json\/wp\/v2\/comments?post=9184"}],"version-history":[{"count":2,"href":"https:\/\/www.anovapeneira.gal\/index.php\/wp-json\/wp\/v2\/posts\/9184\/revisions"}],"predecessor-version":[{"id":9187,"href":"https:\/\/www.anovapeneira.gal\/index.php\/wp-json\/wp\/v2\/posts\/9184\/revisions\/9187"}],"wp:featuredmedia":[{"embeddable":true,"href":"https:\/\/www.anovapeneira.gal\/index.php\/wp-json\/wp\/v2\/media\/9185"}],"wp:attachment":[{"href":"https:\/\/www.anovapeneira.gal\/index.php\/wp-json\/wp\/v2\/media?parent=9184"}],"wp:term":[{"taxonomy":"category","embeddable":true,"href":"https:\/\/www.anovapeneira.gal\/index.php\/wp-json\/wp\/v2\/categories?post=9184"},{"taxonomy":"post_tag","embeddable":true,"href":"https:\/\/www.anovapeneira.gal\/index.php\/wp-json\/wp\/v2\/tags?post=9184"}],"curies":[{"name":"wp","href":"https:\/\/api.w.org\/{rel}","templated":true}]}}