{"id":9188,"date":"2023-03-01T12:00:45","date_gmt":"2023-03-01T11:00:45","guid":{"rendered":"https:\/\/www.anovapeneira.gal\/?p=9188"},"modified":"2023-02-18T12:04:13","modified_gmt":"2023-02-18T11:04:13","slug":"entroido-de-salceda-de-caselas-2023","status":"publish","type":"post","link":"https:\/\/www.anovapeneira.gal\/index.php\/2023\/03\/01\/entroido-de-salceda-de-caselas-2023\/","title":{"rendered":"Entroido de Salceda de Caselas 2023"},"content":{"rendered":"\n<p>Outra vez de volta e con moit\u00edsimas ganas, este ano 2023 Salceda recuperou os actos tradicionais e m\u00e1is importantes da celebraci\u00f3n do Entroido, logo de dous anos marcados pola COVID19. Nesta vila da Comarca da Louri\u00f1a, cel\u00e9brase un dos entroidos m\u00e1is antigos de toda Galiza, conta con m\u00e1is de 135 anos e ven enfrontando tradicionalmente aos barrios de A Feira e Castro Barreiro. Tr\u00e1tase de dous pequenos barrios, que pertencen \u00e1 mesma parroquia, que son quen de organizar sendas verbenas o luns e o martes, en torreiros apenas separados por uns poucos metros, competindo por ter as mellores orquestras, a iluminaci\u00f3n m\u00e1is vistosa, o son m\u00e1is potente\u2026<\/p>\n\n\n\n<p>Salceda recuperou os tres desfiles. O venres 17, o desfile infantil protagonizado polos centros escolares, contando con case 1300 nenos e nenas, volveu encher de ledicia e cor as r\u00faas do casco urbano da localidade, dende os m\u00e1is cativos e cativas das Escolas Infant\u00eds ata o alumnado da ESO e bacharelato do IES Pedras Rubias. O domingo 19 chegou a hora do desfile organizado dende a Conceller\u00eda de Cultura que dirixe \u00c1lex Rodr\u00edguez, na que foi xa a s\u00faa vix\u00e9simo cuarta edici\u00f3n, e contou este ano con 9 agrupaci\u00f3ns e m\u00e1is de 1200 persoas participando, nun d\u00eda onde acompa\u00f1ou o bo tempo e Salceda recibiu a milleiros de persoas para presenciar o Entroido. E xa o derradeiro desfile foi o martes, festivo local na vila, onde o centenario enfrontamento entre o Castro Barreiro e a Feira e despois de meses de duro traballo no m\u00e1is absoluto dos segredos, durante os cales funciona o servizo de espionaxe para obter datos das tem\u00e1ticas e contidos do barrio rival. Todo \u00e9 rivalidade: os traxes, a m\u00fasica, as coreograf\u00edas, as carrozas, a potencia do son, etc. Cit\u00e1ronse na Praza do Concello para amosar as s\u00faas carrozas e comparsas, unha cita que se leva celebrando cando menos dende hai 135 anos.<\/p>\n\n\n\n<p>Dende o ano 2018 a Feira ven representando ademais o que xa se co\u00f1ece como \u201centroido hist\u00f3rico\u201d, coa presentaci\u00f3n do seu rancho de entroido formado por seis danzantes e d\u00faas damas, que aparecen rodeados dos cabaleiros, encargados de abrir espazo entre o p\u00fablico para que o rancho poida realizar as s\u00faas danzas. Este ano, foron tres as localizaci\u00f3ns onde actuou o Rancho, no Parque Ra\u00ed\u00f1a Aragonta, na Praza da Devesa, e na Praza do Concello. Ademais, contou tam\u00e9n coa participaci\u00f3n do Rancho Infantil de Entroido, asegurando as\u00ed a continuaci\u00f3n desta mostra de Patrimonio Inmaterial.<\/p>\n\n\n\n<p>A programaci\u00f3n completouse co s\u00e1bado, no que houbo actividades infant\u00eds e o tradicional Concerto de Entroido da Banda Cultural de Salceda. O d\u00eda pechouse coa actuaci\u00f3n da orquestra Saudade. Precisamente esta \u00e9 unha das novidades do 2023, trasladando a verbena do domingo ao s\u00e1bado. As\u00ed, o domingo, a festa do entroido estivo acompa\u00f1ada da Discoteca M\u00f3bil Gramola Tour Track, que amenizou as coplas e a festa posterior ao Desfile de Carrozas e Comparsas. As verbenas volveron tam\u00e9n aos barrios do Castro Barreiro e da Feira, o luns 18 e martes 19, logo de seren anuladas os pasados anos polas restrici\u00f3ns da pandemia.<\/p>\n\n\n\n<p>Como novidade tam\u00e9n para este ano, retransmitiuse por Youtube os desfiles de Domingo e Martes, as\u00ed como a actuaci\u00f3n do Rancho de Entroido da Feira.<\/p>\n\n\n\n<p>A presentaci\u00f3n desta edici\u00f3n, feita na Casa da Cultura Castelao a mediados de febreiro, contou coa presenza de Ver\u00f3nica Tour\u00f3n, alcaldesa de Salceda, e Alex Rodr\u00edguez, Concelleiro de Cultura, e estiveron moi ben acompa\u00f1ados de representantes de \u00e1mbolos dous barrios rivais, Raquel Rodr\u00edguez e Melucha V\u00e1zquez pola Feira e Roc\u00edo Troncoso e Andrea polo Barreiro, que non perderon oportunidade de defender o seu como o Entroido m\u00e1is apaixonante e o \u00fanico capaz de unir a todo un barrio independentemente dos gustos ou intereses.<\/p>\n\n\n\n<p>Alex Rodr\u00edguez, Concelleiro de Cultura, dixo na presentaci\u00f3n. \u201cChega o Entroido e con el a cita m\u00e1is importante do ano na que sen d\u00fabida, \u00e9 a festa con m\u00e1is arraigo na veci\u00f1anza. \u00c9 un orgullo poder retomar os \u201ctres entroidos nun\u201d; o entroido infantil con m\u00e1is de 1300 nenos e nenas de 0 a 16 anos desfilando pola vila, o entroido institucional con m\u00e1is de 1200 participantes no XXIV desfile de carrozas e comparsas do domingo que cada ano re\u00fane a milleiros de persoas no p\u00fablico, e o entroido tradicional co hist\u00f3rico enfrontamento entre Castro Barreiro e Feira.\u201d<\/p>\n\n\n\n<p>E Ver\u00f3nica Tour\u00f3n, Alcaldesa de Salceda: \u201cDesexo que a veci\u00f1anza poida este ano gozar xunto coas s\u00faas familias e as s\u00faas amizades do noso Entroido, unha das festas m\u00e1is importantes para o noso concello. Invitar \u00e1 xente de fora de Salceda a que nos visite a que desfrute connosco dun dos carnavais m\u00e1is senlleiros de Galicia e que aproveite para co\u00f1ecer o noso pobo, a nosa gastronom\u00eda, a nosa cultura e tradici\u00f3ns\u201d.<\/p>\n\n\n\n<p>E ben que veci\u00f1os de parroquias lindeiras e xentes de toda Galicia escoitaron as palabras de Ver\u00f3nica, pois este Entroido Salceda de Caselas recibiu a visita de milleiros de persoas para presenciar os diferentes actos e ben seguro marcharon coas ganas de volver en vindeiros edici\u00f3ns.<\/p>\n","protected":false},"excerpt":{"rendered":"<div class=\"mh-excerpt\"><p>Outra vez de volta e con moit\u00edsimas ganas, este ano 2023 Salceda recuperou os actos tradicionais e m\u00e1is importantes da celebraci\u00f3n do Entroido, logo de dous anos marcados pola COVID19 <a class=\"mh-excerpt-more\" href=\"https:\/\/www.anovapeneira.gal\/index.php\/2023\/03\/01\/entroido-de-salceda-de-caselas-2023\/\" title=\"Entroido de Salceda de Caselas 2023\">[&#8230;]<\/a><\/p>\n<\/div>","protected":false},"author":17,"featured_media":9190,"comment_status":"open","ping_status":"open","sticky":false,"template":"","format":"standard","meta":{"_exactmetrics_skip_tracking":false,"_exactmetrics_sitenote_active":false,"_exactmetrics_sitenote_note":"","_exactmetrics_sitenote_category":0,"footnotes":""},"categories":[23],"tags":[359],"class_list":{"0":"post-9188","1":"post","2":"type-post","3":"status-publish","4":"format-standard","5":"has-post-thumbnail","7":"category-a-lourina","8":"tag-concello-de-salceda-de-caselas"},"yoast_head":"<!-- This site is optimized with the Yoast SEO plugin v27.4 - https:\/\/yoast.com\/product\/yoast-seo-wordpress\/ -->\n<title>Entroido de Salceda de Caselas 2023 -<\/title>\n<meta name=\"description\" content=\"Outra vez de volta e con moit\u00edsimas ganas, este ano 2023 Salceda recuperou os actos tradicionais e m\u00e1is importantes da celebraci\u00f3n do Entroido, logo de dous anos marcados pola COVID19\" \/>\n<meta name=\"robots\" content=\"index, follow, max-snippet:-1, max-image-preview:large, max-video-preview:-1\" \/>\n<link rel=\"canonical\" href=\"https:\/\/www.anovapeneira.gal\/index.php\/2023\/03\/01\/entroido-de-salceda-de-caselas-2023\/\" \/>\n<meta property=\"og:locale\" content=\"gl_ES\" \/>\n<meta property=\"og:type\" content=\"article\" \/>\n<meta property=\"og:title\" content=\"Entroido de Salceda de Caselas 2023 -\" \/>\n<meta property=\"og:description\" content=\"Outra vez de volta e con moit\u00edsimas ganas, este ano 2023 Salceda recuperou os actos tradicionais e m\u00e1is importantes da celebraci\u00f3n do Entroido, logo de dous anos marcados pola COVID19\" \/>\n<meta property=\"og:url\" content=\"https:\/\/www.anovapeneira.gal\/index.php\/2023\/03\/01\/entroido-de-salceda-de-caselas-2023\/\" \/>\n<meta property=\"article:publisher\" content=\"https:\/\/www.facebook.com\/anovapeneira\" \/>\n<meta property=\"article:published_time\" content=\"2023-03-01T11:00:45+00:00\" \/>\n<meta property=\"og:image\" content=\"https:\/\/www.anovapeneira.gal\/wp-content\/uploads\/2023\/02\/entroido_salceda.jpg\" \/>\n\t<meta property=\"og:image:width\" content=\"720\" \/>\n\t<meta property=\"og:image:height\" content=\"432\" \/>\n\t<meta property=\"og:image:type\" content=\"image\/jpeg\" \/>\n<meta name=\"author\" content=\"G. Figueiredo\" \/>\n<meta name=\"twitter:card\" content=\"summary_large_image\" \/>\n<meta name=\"twitter:creator\" content=\"@APeneira\" \/>\n<meta name=\"twitter:site\" content=\"@APeneira\" \/>\n<meta name=\"twitter:label1\" content=\"Escrito por\" \/>\n\t<meta name=\"twitter:data1\" content=\"G. Figueiredo\" \/>\n\t<meta name=\"twitter:label2\" content=\"Tempo de lectura\" \/>\n\t<meta name=\"twitter:data2\" content=\"5 minutos\" \/>\n<script type=\"application\/ld+json\" class=\"yoast-schema-graph\">{\"@context\":\"https:\\\/\\\/schema.org\",\"@graph\":[{\"@type\":\"Article\",\"@id\":\"https:\\\/\\\/www.anovapeneira.gal\\\/index.php\\\/2023\\\/03\\\/01\\\/entroido-de-salceda-de-caselas-2023\\\/#article\",\"isPartOf\":{\"@id\":\"https:\\\/\\\/www.anovapeneira.gal\\\/index.php\\\/2023\\\/03\\\/01\\\/entroido-de-salceda-de-caselas-2023\\\/\"},\"author\":{\"name\":\"G. Figueiredo\",\"@id\":\"https:\\\/\\\/www.anovapeneira.gal\\\/#\\\/schema\\\/person\\\/42f904d7cac80cf3f5a31494dd82a9b6\"},\"headline\":\"Entroido de Salceda de Caselas 2023\",\"datePublished\":\"2023-03-01T11:00:45+00:00\",\"mainEntityOfPage\":{\"@id\":\"https:\\\/\\\/www.anovapeneira.gal\\\/index.php\\\/2023\\\/03\\\/01\\\/entroido-de-salceda-de-caselas-2023\\\/\"},\"wordCount\":902,\"commentCount\":0,\"publisher\":{\"@id\":\"https:\\\/\\\/www.anovapeneira.gal\\\/#organization\"},\"image\":{\"@id\":\"https:\\\/\\\/www.anovapeneira.gal\\\/index.php\\\/2023\\\/03\\\/01\\\/entroido-de-salceda-de-caselas-2023\\\/#primaryimage\"},\"thumbnailUrl\":\"https:\\\/\\\/www.anovapeneira.gal\\\/wp-content\\\/uploads\\\/2023\\\/02\\\/entroido_salceda.jpg\",\"keywords\":[\"Concello de Salceda de Caselas\"],\"articleSection\":[\"A Louri\u00f1a\"],\"inLanguage\":\"gl-ES\",\"potentialAction\":[{\"@type\":\"CommentAction\",\"name\":\"Comment\",\"target\":[\"https:\\\/\\\/www.anovapeneira.gal\\\/index.php\\\/2023\\\/03\\\/01\\\/entroido-de-salceda-de-caselas-2023\\\/#respond\"]}]},{\"@type\":\"WebPage\",\"@id\":\"https:\\\/\\\/www.anovapeneira.gal\\\/index.php\\\/2023\\\/03\\\/01\\\/entroido-de-salceda-de-caselas-2023\\\/\",\"url\":\"https:\\\/\\\/www.anovapeneira.gal\\\/index.php\\\/2023\\\/03\\\/01\\\/entroido-de-salceda-de-caselas-2023\\\/\",\"name\":\"Entroido de Salceda de Caselas 2023 -\",\"isPartOf\":{\"@id\":\"https:\\\/\\\/www.anovapeneira.gal\\\/#website\"},\"primaryImageOfPage\":{\"@id\":\"https:\\\/\\\/www.anovapeneira.gal\\\/index.php\\\/2023\\\/03\\\/01\\\/entroido-de-salceda-de-caselas-2023\\\/#primaryimage\"},\"image\":{\"@id\":\"https:\\\/\\\/www.anovapeneira.gal\\\/index.php\\\/2023\\\/03\\\/01\\\/entroido-de-salceda-de-caselas-2023\\\/#primaryimage\"},\"thumbnailUrl\":\"https:\\\/\\\/www.anovapeneira.gal\\\/wp-content\\\/uploads\\\/2023\\\/02\\\/entroido_salceda.jpg\",\"datePublished\":\"2023-03-01T11:00:45+00:00\",\"description\":\"Outra vez de volta e con moit\u00edsimas ganas, este ano 2023 Salceda recuperou os actos tradicionais e m\u00e1is importantes da celebraci\u00f3n do Entroido, logo de dous anos marcados pola COVID19\",\"breadcrumb\":{\"@id\":\"https:\\\/\\\/www.anovapeneira.gal\\\/index.php\\\/2023\\\/03\\\/01\\\/entroido-de-salceda-de-caselas-2023\\\/#breadcrumb\"},\"inLanguage\":\"gl-ES\",\"potentialAction\":[{\"@type\":\"ReadAction\",\"target\":[\"https:\\\/\\\/www.anovapeneira.gal\\\/index.php\\\/2023\\\/03\\\/01\\\/entroido-de-salceda-de-caselas-2023\\\/\"]}]},{\"@type\":\"ImageObject\",\"inLanguage\":\"gl-ES\",\"@id\":\"https:\\\/\\\/www.anovapeneira.gal\\\/index.php\\\/2023\\\/03\\\/01\\\/entroido-de-salceda-de-caselas-2023\\\/#primaryimage\",\"url\":\"https:\\\/\\\/www.anovapeneira.gal\\\/wp-content\\\/uploads\\\/2023\\\/02\\\/entroido_salceda.jpg\",\"contentUrl\":\"https:\\\/\\\/www.anovapeneira.gal\\\/wp-content\\\/uploads\\\/2023\\\/02\\\/entroido_salceda.jpg\",\"width\":720,\"height\":432,\"caption\":\"Entroido Salceda\"},{\"@type\":\"BreadcrumbList\",\"@id\":\"https:\\\/\\\/www.anovapeneira.gal\\\/index.php\\\/2023\\\/03\\\/01\\\/entroido-de-salceda-de-caselas-2023\\\/#breadcrumb\",\"itemListElement\":[{\"@type\":\"ListItem\",\"position\":1,\"name\":\"Portada\",\"item\":\"https:\\\/\\\/www.anovapeneira.gal\\\/\"},{\"@type\":\"ListItem\",\"position\":2,\"name\":\"Entroido de Salceda de Caselas 2023\"}]},{\"@type\":\"WebSite\",\"@id\":\"https:\\\/\\\/www.anovapeneira.gal\\\/#website\",\"url\":\"https:\\\/\\\/www.anovapeneira.gal\\\/\",\"name\":\"\",\"description\":\"Xornal galego de informaci\u00f3n xeral Publicaci\u00f3n mensual de novas de Galicia e en especial dos Concellos da sur da provincia de Pontevedra.\",\"publisher\":{\"@id\":\"https:\\\/\\\/www.anovapeneira.gal\\\/#organization\"},\"potentialAction\":[{\"@type\":\"SearchAction\",\"target\":{\"@type\":\"EntryPoint\",\"urlTemplate\":\"https:\\\/\\\/www.anovapeneira.gal\\\/?s={search_term_string}\"},\"query-input\":{\"@type\":\"PropertyValueSpecification\",\"valueRequired\":true,\"valueName\":\"search_term_string\"}}],\"inLanguage\":\"gl-ES\"},{\"@type\":\"Organization\",\"@id\":\"https:\\\/\\\/www.anovapeneira.gal\\\/#organization\",\"name\":\"A Nova Peneira\",\"url\":\"https:\\\/\\\/www.anovapeneira.gal\\\/\",\"logo\":{\"@type\":\"ImageObject\",\"inLanguage\":\"gl-ES\",\"@id\":\"https:\\\/\\\/www.anovapeneira.gal\\\/#\\\/schema\\\/logo\\\/image\\\/\",\"url\":\"http:\\\/\\\/www.anovapeneira.gal\\\/wp-content\\\/uploads\\\/2019\\\/06\\\/logo_a_nova_peneira_portal_web.png\",\"contentUrl\":\"http:\\\/\\\/www.anovapeneira.gal\\\/wp-content\\\/uploads\\\/2019\\\/06\\\/logo_a_nova_peneira_portal_web.png\",\"width\":300,\"height\":100,\"caption\":\"A Nova Peneira\"},\"image\":{\"@id\":\"https:\\\/\\\/www.anovapeneira.gal\\\/#\\\/schema\\\/logo\\\/image\\\/\"},\"sameAs\":[\"https:\\\/\\\/www.facebook.com\\\/anovapeneira\",\"https:\\\/\\\/x.com\\\/APeneira\"]},{\"@type\":\"Person\",\"@id\":\"https:\\\/\\\/www.anovapeneira.gal\\\/#\\\/schema\\\/person\\\/42f904d7cac80cf3f5a31494dd82a9b6\",\"name\":\"G. Figueiredo\",\"image\":{\"@type\":\"ImageObject\",\"inLanguage\":\"gl-ES\",\"@id\":\"https:\\\/\\\/secure.gravatar.com\\\/avatar\\\/2d970086688458e0398ef8b84f5cbb8cc1ec3ab115aeb8435135a9f556af97b3?s=96&d=mm&r=g\",\"url\":\"https:\\\/\\\/secure.gravatar.com\\\/avatar\\\/2d970086688458e0398ef8b84f5cbb8cc1ec3ab115aeb8435135a9f556af97b3?s=96&d=mm&r=g\",\"contentUrl\":\"https:\\\/\\\/secure.gravatar.com\\\/avatar\\\/2d970086688458e0398ef8b84f5cbb8cc1ec3ab115aeb8435135a9f556af97b3?s=96&d=mm&r=g\",\"caption\":\"G. Figueiredo\"},\"sameAs\":[\"http:\\\/\\\/www.anovapeneira.gal\\\/\"],\"url\":\"https:\\\/\\\/www.anovapeneira.gal\\\/index.php\\\/author\\\/g-figueiredo\\\/\"}]}<\/script>\n<!-- \/ Yoast SEO plugin. -->","yoast_head_json":{"title":"Entroido de Salceda de Caselas 2023 -","description":"Outra vez de volta e con moit\u00edsimas ganas, este ano 2023 Salceda recuperou os actos tradicionais e m\u00e1is importantes da celebraci\u00f3n do Entroido, logo de dous anos marcados pola COVID19","robots":{"index":"index","follow":"follow","max-snippet":"max-snippet:-1","max-image-preview":"max-image-preview:large","max-video-preview":"max-video-preview:-1"},"canonical":"https:\/\/www.anovapeneira.gal\/index.php\/2023\/03\/01\/entroido-de-salceda-de-caselas-2023\/","og_locale":"gl_ES","og_type":"article","og_title":"Entroido de Salceda de Caselas 2023 -","og_description":"Outra vez de volta e con moit\u00edsimas ganas, este ano 2023 Salceda recuperou os actos tradicionais e m\u00e1is importantes da celebraci\u00f3n do Entroido, logo de dous anos marcados pola COVID19","og_url":"https:\/\/www.anovapeneira.gal\/index.php\/2023\/03\/01\/entroido-de-salceda-de-caselas-2023\/","article_publisher":"https:\/\/www.facebook.com\/anovapeneira","article_published_time":"2023-03-01T11:00:45+00:00","og_image":[{"width":720,"height":432,"url":"https:\/\/www.anovapeneira.gal\/wp-content\/uploads\/2023\/02\/entroido_salceda.jpg","type":"image\/jpeg"}],"author":"G. Figueiredo","twitter_card":"summary_large_image","twitter_creator":"@APeneira","twitter_site":"@APeneira","twitter_misc":{"Escrito por":"G. Figueiredo","Tempo de lectura":"5 minutos"},"schema":{"@context":"https:\/\/schema.org","@graph":[{"@type":"Article","@id":"https:\/\/www.anovapeneira.gal\/index.php\/2023\/03\/01\/entroido-de-salceda-de-caselas-2023\/#article","isPartOf":{"@id":"https:\/\/www.anovapeneira.gal\/index.php\/2023\/03\/01\/entroido-de-salceda-de-caselas-2023\/"},"author":{"name":"G. Figueiredo","@id":"https:\/\/www.anovapeneira.gal\/#\/schema\/person\/42f904d7cac80cf3f5a31494dd82a9b6"},"headline":"Entroido de Salceda de Caselas 2023","datePublished":"2023-03-01T11:00:45+00:00","mainEntityOfPage":{"@id":"https:\/\/www.anovapeneira.gal\/index.php\/2023\/03\/01\/entroido-de-salceda-de-caselas-2023\/"},"wordCount":902,"commentCount":0,"publisher":{"@id":"https:\/\/www.anovapeneira.gal\/#organization"},"image":{"@id":"https:\/\/www.anovapeneira.gal\/index.php\/2023\/03\/01\/entroido-de-salceda-de-caselas-2023\/#primaryimage"},"thumbnailUrl":"https:\/\/www.anovapeneira.gal\/wp-content\/uploads\/2023\/02\/entroido_salceda.jpg","keywords":["Concello de Salceda de Caselas"],"articleSection":["A Louri\u00f1a"],"inLanguage":"gl-ES","potentialAction":[{"@type":"CommentAction","name":"Comment","target":["https:\/\/www.anovapeneira.gal\/index.php\/2023\/03\/01\/entroido-de-salceda-de-caselas-2023\/#respond"]}]},{"@type":"WebPage","@id":"https:\/\/www.anovapeneira.gal\/index.php\/2023\/03\/01\/entroido-de-salceda-de-caselas-2023\/","url":"https:\/\/www.anovapeneira.gal\/index.php\/2023\/03\/01\/entroido-de-salceda-de-caselas-2023\/","name":"Entroido de Salceda de Caselas 2023 -","isPartOf":{"@id":"https:\/\/www.anovapeneira.gal\/#website"},"primaryImageOfPage":{"@id":"https:\/\/www.anovapeneira.gal\/index.php\/2023\/03\/01\/entroido-de-salceda-de-caselas-2023\/#primaryimage"},"image":{"@id":"https:\/\/www.anovapeneira.gal\/index.php\/2023\/03\/01\/entroido-de-salceda-de-caselas-2023\/#primaryimage"},"thumbnailUrl":"https:\/\/www.anovapeneira.gal\/wp-content\/uploads\/2023\/02\/entroido_salceda.jpg","datePublished":"2023-03-01T11:00:45+00:00","description":"Outra vez de volta e con moit\u00edsimas ganas, este ano 2023 Salceda recuperou os actos tradicionais e m\u00e1is importantes da celebraci\u00f3n do Entroido, logo de dous anos marcados pola COVID19","breadcrumb":{"@id":"https:\/\/www.anovapeneira.gal\/index.php\/2023\/03\/01\/entroido-de-salceda-de-caselas-2023\/#breadcrumb"},"inLanguage":"gl-ES","potentialAction":[{"@type":"ReadAction","target":["https:\/\/www.anovapeneira.gal\/index.php\/2023\/03\/01\/entroido-de-salceda-de-caselas-2023\/"]}]},{"@type":"ImageObject","inLanguage":"gl-ES","@id":"https:\/\/www.anovapeneira.gal\/index.php\/2023\/03\/01\/entroido-de-salceda-de-caselas-2023\/#primaryimage","url":"https:\/\/www.anovapeneira.gal\/wp-content\/uploads\/2023\/02\/entroido_salceda.jpg","contentUrl":"https:\/\/www.anovapeneira.gal\/wp-content\/uploads\/2023\/02\/entroido_salceda.jpg","width":720,"height":432,"caption":"Entroido Salceda"},{"@type":"BreadcrumbList","@id":"https:\/\/www.anovapeneira.gal\/index.php\/2023\/03\/01\/entroido-de-salceda-de-caselas-2023\/#breadcrumb","itemListElement":[{"@type":"ListItem","position":1,"name":"Portada","item":"https:\/\/www.anovapeneira.gal\/"},{"@type":"ListItem","position":2,"name":"Entroido de Salceda de Caselas 2023"}]},{"@type":"WebSite","@id":"https:\/\/www.anovapeneira.gal\/#website","url":"https:\/\/www.anovapeneira.gal\/","name":"","description":"Xornal galego de informaci\u00f3n xeral Publicaci\u00f3n mensual de novas de Galicia e en especial dos Concellos da sur da provincia de Pontevedra.","publisher":{"@id":"https:\/\/www.anovapeneira.gal\/#organization"},"potentialAction":[{"@type":"SearchAction","target":{"@type":"EntryPoint","urlTemplate":"https:\/\/www.anovapeneira.gal\/?s={search_term_string}"},"query-input":{"@type":"PropertyValueSpecification","valueRequired":true,"valueName":"search_term_string"}}],"inLanguage":"gl-ES"},{"@type":"Organization","@id":"https:\/\/www.anovapeneira.gal\/#organization","name":"A Nova Peneira","url":"https:\/\/www.anovapeneira.gal\/","logo":{"@type":"ImageObject","inLanguage":"gl-ES","@id":"https:\/\/www.anovapeneira.gal\/#\/schema\/logo\/image\/","url":"http:\/\/www.anovapeneira.gal\/wp-content\/uploads\/2019\/06\/logo_a_nova_peneira_portal_web.png","contentUrl":"http:\/\/www.anovapeneira.gal\/wp-content\/uploads\/2019\/06\/logo_a_nova_peneira_portal_web.png","width":300,"height":100,"caption":"A Nova Peneira"},"image":{"@id":"https:\/\/www.anovapeneira.gal\/#\/schema\/logo\/image\/"},"sameAs":["https:\/\/www.facebook.com\/anovapeneira","https:\/\/x.com\/APeneira"]},{"@type":"Person","@id":"https:\/\/www.anovapeneira.gal\/#\/schema\/person\/42f904d7cac80cf3f5a31494dd82a9b6","name":"G. Figueiredo","image":{"@type":"ImageObject","inLanguage":"gl-ES","@id":"https:\/\/secure.gravatar.com\/avatar\/2d970086688458e0398ef8b84f5cbb8cc1ec3ab115aeb8435135a9f556af97b3?s=96&d=mm&r=g","url":"https:\/\/secure.gravatar.com\/avatar\/2d970086688458e0398ef8b84f5cbb8cc1ec3ab115aeb8435135a9f556af97b3?s=96&d=mm&r=g","contentUrl":"https:\/\/secure.gravatar.com\/avatar\/2d970086688458e0398ef8b84f5cbb8cc1ec3ab115aeb8435135a9f556af97b3?s=96&d=mm&r=g","caption":"G. Figueiredo"},"sameAs":["http:\/\/www.anovapeneira.gal\/"],"url":"https:\/\/www.anovapeneira.gal\/index.php\/author\/g-figueiredo\/"}]}},"jetpack_featured_media_url":"https:\/\/www.anovapeneira.gal\/wp-content\/uploads\/2023\/02\/entroido_salceda.jpg","_links":{"self":[{"href":"https:\/\/www.anovapeneira.gal\/index.php\/wp-json\/wp\/v2\/posts\/9188","targetHints":{"allow":["GET"]}}],"collection":[{"href":"https:\/\/www.anovapeneira.gal\/index.php\/wp-json\/wp\/v2\/posts"}],"about":[{"href":"https:\/\/www.anovapeneira.gal\/index.php\/wp-json\/wp\/v2\/types\/post"}],"author":[{"embeddable":true,"href":"https:\/\/www.anovapeneira.gal\/index.php\/wp-json\/wp\/v2\/users\/17"}],"replies":[{"embeddable":true,"href":"https:\/\/www.anovapeneira.gal\/index.php\/wp-json\/wp\/v2\/comments?post=9188"}],"version-history":[{"count":1,"href":"https:\/\/www.anovapeneira.gal\/index.php\/wp-json\/wp\/v2\/posts\/9188\/revisions"}],"predecessor-version":[{"id":9189,"href":"https:\/\/www.anovapeneira.gal\/index.php\/wp-json\/wp\/v2\/posts\/9188\/revisions\/9189"}],"wp:featuredmedia":[{"embeddable":true,"href":"https:\/\/www.anovapeneira.gal\/index.php\/wp-json\/wp\/v2\/media\/9190"}],"wp:attachment":[{"href":"https:\/\/www.anovapeneira.gal\/index.php\/wp-json\/wp\/v2\/media?parent=9188"}],"wp:term":[{"taxonomy":"category","embeddable":true,"href":"https:\/\/www.anovapeneira.gal\/index.php\/wp-json\/wp\/v2\/categories?post=9188"},{"taxonomy":"post_tag","embeddable":true,"href":"https:\/\/www.anovapeneira.gal\/index.php\/wp-json\/wp\/v2\/tags?post=9188"}],"curies":[{"name":"wp","href":"https:\/\/api.w.org\/{rel}","templated":true}]}}