{"id":920,"date":"2019-08-14T12:00:07","date_gmt":"2019-08-14T10:00:07","guid":{"rendered":"http:\/\/www.anovapeneira.gal\/?p=920"},"modified":"2019-08-12T21:11:37","modified_gmt":"2019-08-12T19:11:37","slug":"a-cig-reclama-descanso-de-fin-de-semana-completo-para-todo-o-persoal-de-correos","status":"publish","type":"post","link":"https:\/\/www.anovapeneira.gal\/index.php\/2019\/08\/14\/a-cig-reclama-descanso-de-fin-de-semana-completo-para-todo-o-persoal-de-correos\/","title":{"rendered":"A CIG reclama descanso de fin de semana completo para todo o persoal de Correos"},"content":{"rendered":"\n<h2 class=\"wp-block-heading\">Denuncia que a empresa p\u00fablica incumpre o Estatuto dos Traballadores\/as e unha directiva europea ao respecto.<\/h2>\n\n\n\n<p>Despois de suprimir o reparto de correo ordinario en s\u00e1bados xa hai moitos anos, algunhas centrais sindicais con representaci\u00f3n en Correos -entre elas a CIG- est\u00e1n a reclamar dende ent\u00f3n a necesidade de darlle descanso de fin de semana completo ao persoal de Correos do centro de tratamento postal, das unidades de servizos especiais (urxentes) e das oficinas de atenci\u00f3n ao cliente. \u00c9 dicir, a todo o persoal de Correos. Mais a empresa p\u00fablica incumpre a normativa laboral ao respecto e mant\u00e9n a estes\/as traballadores\/as sen librar d\u00eda e medio consecutivo nas fins de semana, incumprindo tam\u00e9n os requirimentos da Inspecci\u00f3n de Traballo.<br> Este persoal at\u00f3pase nunha situaci\u00f3n irregular posto que non chega a descansar d\u00eda e medio continuado durante a fin de semana, tal como recollen a directiva europea 2003\/88\/CE no artigo 17.1 e o Estatuto dos Traballadores\/as no artigo 37.<br> Directiva 2003\/88\/CE : \u201c\u2026os traballadores ter\u00e1n dereito: \u2026un per\u00edodo m\u00ednimo de descanso ininterrompido de 24 horas, \u00e1s que se engadir\u00e1n 11h. de descanso diario\u2026\u201d<br> Estatuto dos Traballadores\/as: \u201c\u2026un descanso m\u00ednimo semanal de d\u00eda e medio ininterrompido que, como regra xeral comprende a tarde do s\u00e1bado ou no seu caso, a ma\u00f1\u00e1 do luns e o d\u00eda completo do domingo\u2026\u201d<br> Esta situaci\u00f3n coloca a Correos na ilegalidade, que posta en co\u00f1ecemento da Inspecci\u00f3n de Traballo, empraza a Correos a darlle soluci\u00f3n, provocando un suposto acordo coas centrais sindicais asinantes, que en teor\u00eda ter\u00eda que implantarse nos seis primeiros meses do ano. Transcorrido este prazo, o que nun principio parec\u00eda ser un \u201ctanto\u201d que se marcaban as centrais sindicais asinantes como impulsoras dun acordo que sabemos forzoso, resulta ser un \u201ctiro pola culata\u201d, escus\u00e1ndose algunhas agora en que as elecci\u00f3ns e o cambio de Goberno imposibilitaron a aprobaci\u00f3n da modificaci\u00f3n do RD de xornadas especiais que esgrimen como IMPRESCINDIBLE para solucionar a situaci\u00f3n ilegal da obriga en quenda de s\u00e1bados cunha xornada ordinaria de luns a venres.<br> Cingu\u00edndonos \u00e1 regulamentaci\u00f3n ordinaria do descanso semanal, antes exposta, a xornada de luns a venres debe de ser basicamente a xornada preestablecida en calquera empresa. Con f\u00f3rmulas como cubrir as excepci\u00f3ns con persoal voluntario (se houbera) que acceda a descansar outro d\u00eda da semana en lugar do s\u00e1bado, coa s\u00faa debida compensaci\u00f3n, e coa creaci\u00f3n de postos de xornada incompleta de fin de semana e festivos, que xa existen na contrataci\u00f3n eventual, non parece preciso recorrer a inclu\u00edr a trav\u00e9s da modificaci\u00f3n dun RD a todo o persoal de Correos e todo o sector postal, REGALANDO o dereito ao descanso semanal ordinario de milleiros de persoas vinculadas a este sector cada d\u00eda m\u00e1is hostil e belixerante cos seus empregados\/as. Esta modificaci\u00f3n non puntualiza os casos nos que ser\u00eda de aplicar, deixando expostas a todas as persoas que traballan no sector sen excepci\u00f3ns. E abrindo a posibilidade \u00e1 volta atr\u00e1s co reparto en s\u00e1bados e mesmo en domingos.<br> A modificaci\u00f3n da proposta apoiase, sinteticamente, nos seguintes motivos:<\/p>\n\n\n\n<ul class=\"wp-block-list\"><li>\u201c\u2026. a necesidade de garantir a prestaci\u00f3n do servizo permanente e o conseguinte funcionamento das oficinas p\u00fablicas e, no seu caso, doutros puntos de acceso \u00e1 rede postal, as\u00ed como a s\u00faa dispersi\u00f3n xeogr\u00e1fica\u201d.<\/li><li>\u201c \u2026. a problem\u00e1tica de paralizar a actividade durante per\u00edodos continuados de 48 horas\u201d.<\/li><li>\u201c\u2026. superar as dificultades que doutro xeito non poder\u00edan afrontarse\u2026\u201d<br>\nOs tres motivos, ademais de demasiado xen\u00e9ricos, non se acompa\u00f1an dalg\u00fan tipo de estudo que xustifique a necesidade da prestaci\u00f3n continuada, a problem\u00e1tica da prestaci\u00f3n non continuada e a imposibilidade de soluci\u00f3ns alternativas ao suposto problema.<br>\nDi a Directiva europea 2003\/88\/CE no artigo 17.1, relativo \u00e1 ordenaci\u00f3n do tempo de traballo:<br>\n\u201c\u2026 Excepci\u00f3ns (ao descanso ordinario):<\/li><li>\u2026a causa das caracter\u00edsticas especiais da actividade realizada\u2026\u201d<ul><li>\u2026a xornada de traballo non te\u00f1a unha duraci\u00f3n medida e\/ou establecida previamente\u2026\u201d<\/li><li>\u2026cando poida ser determinada polos propios traballadores\/as\u2026\u201d<br>\nE engade a respecto do persoal afectado:<br>\n\u201c\u2026 en particular cando se trate de: <br>\nExecutivos\/as dirixentes ou outras persoas con poder de decisi\u00f3n aut\u00f3noma.<br>\nTraballadores\/as en r\u00e9xime familiar.<br>\nTraballadores\/as en actividades lit\u00farxicas de igrexas e comunidades relixiosas\u2026\u201d.<br>\nDi a lei 43\/2010, de 30 de decembro, do servizo postal universal, no artigo 3.3: \u201cOs estados membros adoptar\u00e1n medidas para asegurar que o servizo universal quede garantido alomenos cinco d\u00edas laborables por semana\u201d.<br>\nNingu\u00e9n pode dicir que a normativa force, mesmo ampare, a necesidade de desregular o descanso semanal do persoal de Correos.<br>\nNa historia de Correos temos un caso recente de necesidade de prestaci\u00f3n dun novo servizo: cando foi preciso adecuarse \u00e1 nova Lei de Notificaci\u00f3ns, habilitando da noite para a ma\u00f1\u00e1 un servizo, antes inexistente, de reparto en horario de tarde en todo o territorio.<br>\nHai xa m\u00e1is dunha d\u00e9cada o servizo de reparto en s\u00e1bados foi suprimido sen trauma.<br>\nO servizo de admisi\u00f3n do correo en s\u00e1bados vense dando coma hoxe dende hai moito tempo, sen que se intentase ning\u00fan tipo de modificaci\u00f3n, e moito menos que tivera fracasado no seu funcionamento. <br>\nA capacidade de adaptaci\u00f3n de Correos queda demostrada, e os argumentos desmontados sen maior dificultade con exemplos coma estes.<br>\nA mesma proposta de modificaci\u00f3n do RD admite na memoria de an\u00e1lise do impacto normativo que \u201cnon se tivo en conta ningunha outra f\u00f3rmula alternativa\u201d.<br>\nNon \u00e9 o sector postal, e moito menos Correos, a \u00fanica empresa que ten que cubrir necesidades de fin de semana sen estar inclu\u00eddas no RD de xornadas especiais, pola contra, os sectores afectados defiren claramente do noso.<br>\nExemplos de sectores con xornadas especiais:<\/li><\/ul><\/li><li>Comercio e hostaler\u00eda.<\/li><li>Gardas  vixiantes non ferroviarios.<\/li><li>Traballos de posta en marcha e peche.<\/li><li>Transportes (estrada, mar, ferroviario, a\u00e9reo)<\/li><li>Traballos no campo.<\/li><li>Traballos en condici\u00f3ns de afastamento.<\/li><li>Traballos con xornadas fraccionadas.<\/li><li>Traballos a quendas.<\/li><li>Empregados fincas urbanas.<\/li><li>Traballos no interior das minas.<\/li><\/ul>\n\n\n\n<p>Por todo isto, preg\u00fantanse:<br>\n\u00c9 preciso exclu\u00edr a todo o persoal de Correos e a todo o persoal do sector postal da regulamentaci\u00f3n ordinaria do descanso semanal?<br>\nQue motivos espurios se atopan realmente detr\u00e1s da modificaci\u00f3n do RD?<br>\nEstaremos sendo un instrumento para engadir un grao m\u00e1is \u00e1 liberalizaci\u00f3n\/precarizaci\u00f3n do sector postal?<br>\nPor que hai centrais sindicais que act\u00faan como c\u00f3mplices necesarias deste suposto engano?<\/p>\n","protected":false},"excerpt":{"rendered":"<div class=\"mh-excerpt\"><p>Denuncia que a empresa p\u00fablica incumpre o Estatuto dos Traballadores\/as e unha directiva europea ao respecto <a class=\"mh-excerpt-more\" href=\"https:\/\/www.anovapeneira.gal\/index.php\/2019\/08\/14\/a-cig-reclama-descanso-de-fin-de-semana-completo-para-todo-o-persoal-de-correos\/\" title=\"A CIG reclama descanso de fin de semana completo para todo o persoal de Correos\">[&#8230;]<\/a><\/p>\n<\/div>","protected":false},"author":3,"featured_media":632,"comment_status":"open","ping_status":"open","sticky":false,"template":"","format":"standard","meta":{"_exactmetrics_skip_tracking":false,"_exactmetrics_sitenote_active":false,"_exactmetrics_sitenote_note":"","_exactmetrics_sitenote_category":0,"footnotes":""},"categories":[263],"tags":[88,424,425],"class_list":{"0":"post-920","1":"post","2":"type-post","3":"status-publish","4":"format-standard","5":"has-post-thumbnail","7":"category-novas","8":"tag-cig","9":"tag-correos","10":"tag-traballo"},"yoast_head":"<!-- This site is optimized with the Yoast SEO plugin v27.4 - https:\/\/yoast.com\/product\/yoast-seo-wordpress\/ -->\n<title>A CIG reclama descanso de fin de semana completo para todo o persoal de Correos -<\/title>\n<meta name=\"robots\" content=\"index, follow, max-snippet:-1, max-image-preview:large, max-video-preview:-1\" \/>\n<link rel=\"canonical\" href=\"https:\/\/www.anovapeneira.gal\/index.php\/2019\/08\/14\/a-cig-reclama-descanso-de-fin-de-semana-completo-para-todo-o-persoal-de-correos\/\" \/>\n<meta property=\"og:locale\" content=\"gl_ES\" \/>\n<meta property=\"og:type\" content=\"article\" \/>\n<meta property=\"og:title\" content=\"A CIG reclama descanso de fin de semana completo para todo o persoal de Correos -\" \/>\n<meta property=\"og:description\" content=\"Denuncia que a empresa p\u00fablica incumpre o Estatuto dos Traballadores\/as e unha directiva europea ao respecto [...]\" \/>\n<meta property=\"og:url\" content=\"https:\/\/www.anovapeneira.gal\/index.php\/2019\/08\/14\/a-cig-reclama-descanso-de-fin-de-semana-completo-para-todo-o-persoal-de-correos\/\" \/>\n<meta property=\"article:publisher\" content=\"https:\/\/www.facebook.com\/anovapeneira\" \/>\n<meta property=\"article:published_time\" content=\"2019-08-14T10:00:07+00:00\" \/>\n<meta property=\"og:image\" content=\"https:\/\/www.anovapeneira.gal\/wp-content\/uploads\/2019\/07\/CIG_a_nova_peneira.png\" \/>\n\t<meta property=\"og:image:width\" content=\"720\" \/>\n\t<meta property=\"og:image:height\" content=\"473\" \/>\n\t<meta property=\"og:image:type\" content=\"image\/png\" \/>\n<meta name=\"author\" content=\"Redacci\u00f3n A Nova Peneira\" \/>\n<meta name=\"twitter:card\" content=\"summary_large_image\" \/>\n<meta name=\"twitter:creator\" content=\"@APeneira\" \/>\n<meta name=\"twitter:site\" content=\"@APeneira\" \/>\n<meta name=\"twitter:label1\" content=\"Escrito por\" \/>\n\t<meta name=\"twitter:data1\" content=\"Redacci\u00f3n A Nova Peneira\" \/>\n\t<meta name=\"twitter:label2\" content=\"Tempo de lectura\" \/>\n\t<meta name=\"twitter:data2\" content=\"6 minutos\" \/>\n<script type=\"application\/ld+json\" class=\"yoast-schema-graph\">{\"@context\":\"https:\\\/\\\/schema.org\",\"@graph\":[{\"@type\":\"Article\",\"@id\":\"https:\\\/\\\/www.anovapeneira.gal\\\/index.php\\\/2019\\\/08\\\/14\\\/a-cig-reclama-descanso-de-fin-de-semana-completo-para-todo-o-persoal-de-correos\\\/#article\",\"isPartOf\":{\"@id\":\"https:\\\/\\\/www.anovapeneira.gal\\\/index.php\\\/2019\\\/08\\\/14\\\/a-cig-reclama-descanso-de-fin-de-semana-completo-para-todo-o-persoal-de-correos\\\/\"},\"author\":{\"name\":\"Redacci\u00f3n A Nova Peneira\",\"@id\":\"https:\\\/\\\/www.anovapeneira.gal\\\/#\\\/schema\\\/person\\\/b93e3f8932e3f8da96334607eb6ac6aa\"},\"headline\":\"A CIG reclama descanso de fin de semana completo para todo o persoal de Correos\",\"datePublished\":\"2019-08-14T10:00:07+00:00\",\"mainEntityOfPage\":{\"@id\":\"https:\\\/\\\/www.anovapeneira.gal\\\/index.php\\\/2019\\\/08\\\/14\\\/a-cig-reclama-descanso-de-fin-de-semana-completo-para-todo-o-persoal-de-correos\\\/\"},\"wordCount\":1131,\"commentCount\":0,\"publisher\":{\"@id\":\"https:\\\/\\\/www.anovapeneira.gal\\\/#organization\"},\"image\":{\"@id\":\"https:\\\/\\\/www.anovapeneira.gal\\\/index.php\\\/2019\\\/08\\\/14\\\/a-cig-reclama-descanso-de-fin-de-semana-completo-para-todo-o-persoal-de-correos\\\/#primaryimage\"},\"thumbnailUrl\":\"https:\\\/\\\/www.anovapeneira.gal\\\/wp-content\\\/uploads\\\/2019\\\/07\\\/CIG_a_nova_peneira.png\",\"keywords\":[\"CIG\",\"Correos\",\"Traballo\"],\"articleSection\":[\"Novas\"],\"inLanguage\":\"gl-ES\",\"potentialAction\":[{\"@type\":\"CommentAction\",\"name\":\"Comment\",\"target\":[\"https:\\\/\\\/www.anovapeneira.gal\\\/index.php\\\/2019\\\/08\\\/14\\\/a-cig-reclama-descanso-de-fin-de-semana-completo-para-todo-o-persoal-de-correos\\\/#respond\"]}]},{\"@type\":\"WebPage\",\"@id\":\"https:\\\/\\\/www.anovapeneira.gal\\\/index.php\\\/2019\\\/08\\\/14\\\/a-cig-reclama-descanso-de-fin-de-semana-completo-para-todo-o-persoal-de-correos\\\/\",\"url\":\"https:\\\/\\\/www.anovapeneira.gal\\\/index.php\\\/2019\\\/08\\\/14\\\/a-cig-reclama-descanso-de-fin-de-semana-completo-para-todo-o-persoal-de-correos\\\/\",\"name\":\"A CIG reclama descanso de fin de semana completo para todo o persoal de Correos -\",\"isPartOf\":{\"@id\":\"https:\\\/\\\/www.anovapeneira.gal\\\/#website\"},\"primaryImageOfPage\":{\"@id\":\"https:\\\/\\\/www.anovapeneira.gal\\\/index.php\\\/2019\\\/08\\\/14\\\/a-cig-reclama-descanso-de-fin-de-semana-completo-para-todo-o-persoal-de-correos\\\/#primaryimage\"},\"image\":{\"@id\":\"https:\\\/\\\/www.anovapeneira.gal\\\/index.php\\\/2019\\\/08\\\/14\\\/a-cig-reclama-descanso-de-fin-de-semana-completo-para-todo-o-persoal-de-correos\\\/#primaryimage\"},\"thumbnailUrl\":\"https:\\\/\\\/www.anovapeneira.gal\\\/wp-content\\\/uploads\\\/2019\\\/07\\\/CIG_a_nova_peneira.png\",\"datePublished\":\"2019-08-14T10:00:07+00:00\",\"breadcrumb\":{\"@id\":\"https:\\\/\\\/www.anovapeneira.gal\\\/index.php\\\/2019\\\/08\\\/14\\\/a-cig-reclama-descanso-de-fin-de-semana-completo-para-todo-o-persoal-de-correos\\\/#breadcrumb\"},\"inLanguage\":\"gl-ES\",\"potentialAction\":[{\"@type\":\"ReadAction\",\"target\":[\"https:\\\/\\\/www.anovapeneira.gal\\\/index.php\\\/2019\\\/08\\\/14\\\/a-cig-reclama-descanso-de-fin-de-semana-completo-para-todo-o-persoal-de-correos\\\/\"]}]},{\"@type\":\"ImageObject\",\"inLanguage\":\"gl-ES\",\"@id\":\"https:\\\/\\\/www.anovapeneira.gal\\\/index.php\\\/2019\\\/08\\\/14\\\/a-cig-reclama-descanso-de-fin-de-semana-completo-para-todo-o-persoal-de-correos\\\/#primaryimage\",\"url\":\"https:\\\/\\\/www.anovapeneira.gal\\\/wp-content\\\/uploads\\\/2019\\\/07\\\/CIG_a_nova_peneira.png\",\"contentUrl\":\"https:\\\/\\\/www.anovapeneira.gal\\\/wp-content\\\/uploads\\\/2019\\\/07\\\/CIG_a_nova_peneira.png\",\"width\":720,\"height\":473,\"caption\":\"Confederaci\u00f3n Intersindical Galega A Nova Peneira\"},{\"@type\":\"BreadcrumbList\",\"@id\":\"https:\\\/\\\/www.anovapeneira.gal\\\/index.php\\\/2019\\\/08\\\/14\\\/a-cig-reclama-descanso-de-fin-de-semana-completo-para-todo-o-persoal-de-correos\\\/#breadcrumb\",\"itemListElement\":[{\"@type\":\"ListItem\",\"position\":1,\"name\":\"Portada\",\"item\":\"https:\\\/\\\/www.anovapeneira.gal\\\/\"},{\"@type\":\"ListItem\",\"position\":2,\"name\":\"A CIG reclama descanso de fin de semana completo para todo o persoal de Correos\"}]},{\"@type\":\"WebSite\",\"@id\":\"https:\\\/\\\/www.anovapeneira.gal\\\/#website\",\"url\":\"https:\\\/\\\/www.anovapeneira.gal\\\/\",\"name\":\"\",\"description\":\"Xornal galego de informaci\u00f3n xeral Publicaci\u00f3n mensual de novas de Galicia e en especial dos Concellos da sur da provincia de Pontevedra.\",\"publisher\":{\"@id\":\"https:\\\/\\\/www.anovapeneira.gal\\\/#organization\"},\"potentialAction\":[{\"@type\":\"SearchAction\",\"target\":{\"@type\":\"EntryPoint\",\"urlTemplate\":\"https:\\\/\\\/www.anovapeneira.gal\\\/?s={search_term_string}\"},\"query-input\":{\"@type\":\"PropertyValueSpecification\",\"valueRequired\":true,\"valueName\":\"search_term_string\"}}],\"inLanguage\":\"gl-ES\"},{\"@type\":\"Organization\",\"@id\":\"https:\\\/\\\/www.anovapeneira.gal\\\/#organization\",\"name\":\"A Nova Peneira\",\"url\":\"https:\\\/\\\/www.anovapeneira.gal\\\/\",\"logo\":{\"@type\":\"ImageObject\",\"inLanguage\":\"gl-ES\",\"@id\":\"https:\\\/\\\/www.anovapeneira.gal\\\/#\\\/schema\\\/logo\\\/image\\\/\",\"url\":\"http:\\\/\\\/www.anovapeneira.gal\\\/wp-content\\\/uploads\\\/2019\\\/06\\\/logo_a_nova_peneira_portal_web.png\",\"contentUrl\":\"http:\\\/\\\/www.anovapeneira.gal\\\/wp-content\\\/uploads\\\/2019\\\/06\\\/logo_a_nova_peneira_portal_web.png\",\"width\":300,\"height\":100,\"caption\":\"A Nova Peneira\"},\"image\":{\"@id\":\"https:\\\/\\\/www.anovapeneira.gal\\\/#\\\/schema\\\/logo\\\/image\\\/\"},\"sameAs\":[\"https:\\\/\\\/www.facebook.com\\\/anovapeneira\",\"https:\\\/\\\/x.com\\\/APeneira\"]},{\"@type\":\"Person\",\"@id\":\"https:\\\/\\\/www.anovapeneira.gal\\\/#\\\/schema\\\/person\\\/b93e3f8932e3f8da96334607eb6ac6aa\",\"name\":\"Redacci\u00f3n A Nova Peneira\",\"image\":{\"@type\":\"ImageObject\",\"inLanguage\":\"gl-ES\",\"@id\":\"https:\\\/\\\/secure.gravatar.com\\\/avatar\\\/c052a2551a06e23fac63626232eaa90abd78dbcf1700fc46a2b2c89fd27b735f?s=96&d=mm&r=g\",\"url\":\"https:\\\/\\\/secure.gravatar.com\\\/avatar\\\/c052a2551a06e23fac63626232eaa90abd78dbcf1700fc46a2b2c89fd27b735f?s=96&d=mm&r=g\",\"contentUrl\":\"https:\\\/\\\/secure.gravatar.com\\\/avatar\\\/c052a2551a06e23fac63626232eaa90abd78dbcf1700fc46a2b2c89fd27b735f?s=96&d=mm&r=g\",\"caption\":\"Redacci\u00f3n A Nova Peneira\"},\"sameAs\":[\"http:\\\/\\\/www.anovapeneira.gal\\\/\"],\"url\":\"https:\\\/\\\/www.anovapeneira.gal\\\/index.php\\\/author\\\/redactor\\\/\"}]}<\/script>\n<!-- \/ Yoast SEO plugin. -->","yoast_head_json":{"title":"A CIG reclama descanso de fin de semana completo para todo o persoal de Correos -","robots":{"index":"index","follow":"follow","max-snippet":"max-snippet:-1","max-image-preview":"max-image-preview:large","max-video-preview":"max-video-preview:-1"},"canonical":"https:\/\/www.anovapeneira.gal\/index.php\/2019\/08\/14\/a-cig-reclama-descanso-de-fin-de-semana-completo-para-todo-o-persoal-de-correos\/","og_locale":"gl_ES","og_type":"article","og_title":"A CIG reclama descanso de fin de semana completo para todo o persoal de Correos -","og_description":"Denuncia que a empresa p\u00fablica incumpre o Estatuto dos Traballadores\/as e unha directiva europea ao respecto [...]","og_url":"https:\/\/www.anovapeneira.gal\/index.php\/2019\/08\/14\/a-cig-reclama-descanso-de-fin-de-semana-completo-para-todo-o-persoal-de-correos\/","article_publisher":"https:\/\/www.facebook.com\/anovapeneira","article_published_time":"2019-08-14T10:00:07+00:00","og_image":[{"width":720,"height":473,"url":"https:\/\/www.anovapeneira.gal\/wp-content\/uploads\/2019\/07\/CIG_a_nova_peneira.png","type":"image\/png"}],"author":"Redacci\u00f3n A Nova Peneira","twitter_card":"summary_large_image","twitter_creator":"@APeneira","twitter_site":"@APeneira","twitter_misc":{"Escrito por":"Redacci\u00f3n A Nova Peneira","Tempo de lectura":"6 minutos"},"schema":{"@context":"https:\/\/schema.org","@graph":[{"@type":"Article","@id":"https:\/\/www.anovapeneira.gal\/index.php\/2019\/08\/14\/a-cig-reclama-descanso-de-fin-de-semana-completo-para-todo-o-persoal-de-correos\/#article","isPartOf":{"@id":"https:\/\/www.anovapeneira.gal\/index.php\/2019\/08\/14\/a-cig-reclama-descanso-de-fin-de-semana-completo-para-todo-o-persoal-de-correos\/"},"author":{"name":"Redacci\u00f3n A Nova Peneira","@id":"https:\/\/www.anovapeneira.gal\/#\/schema\/person\/b93e3f8932e3f8da96334607eb6ac6aa"},"headline":"A CIG reclama descanso de fin de semana completo para todo o persoal de Correos","datePublished":"2019-08-14T10:00:07+00:00","mainEntityOfPage":{"@id":"https:\/\/www.anovapeneira.gal\/index.php\/2019\/08\/14\/a-cig-reclama-descanso-de-fin-de-semana-completo-para-todo-o-persoal-de-correos\/"},"wordCount":1131,"commentCount":0,"publisher":{"@id":"https:\/\/www.anovapeneira.gal\/#organization"},"image":{"@id":"https:\/\/www.anovapeneira.gal\/index.php\/2019\/08\/14\/a-cig-reclama-descanso-de-fin-de-semana-completo-para-todo-o-persoal-de-correos\/#primaryimage"},"thumbnailUrl":"https:\/\/www.anovapeneira.gal\/wp-content\/uploads\/2019\/07\/CIG_a_nova_peneira.png","keywords":["CIG","Correos","Traballo"],"articleSection":["Novas"],"inLanguage":"gl-ES","potentialAction":[{"@type":"CommentAction","name":"Comment","target":["https:\/\/www.anovapeneira.gal\/index.php\/2019\/08\/14\/a-cig-reclama-descanso-de-fin-de-semana-completo-para-todo-o-persoal-de-correos\/#respond"]}]},{"@type":"WebPage","@id":"https:\/\/www.anovapeneira.gal\/index.php\/2019\/08\/14\/a-cig-reclama-descanso-de-fin-de-semana-completo-para-todo-o-persoal-de-correos\/","url":"https:\/\/www.anovapeneira.gal\/index.php\/2019\/08\/14\/a-cig-reclama-descanso-de-fin-de-semana-completo-para-todo-o-persoal-de-correos\/","name":"A CIG reclama descanso de fin de semana completo para todo o persoal de Correos -","isPartOf":{"@id":"https:\/\/www.anovapeneira.gal\/#website"},"primaryImageOfPage":{"@id":"https:\/\/www.anovapeneira.gal\/index.php\/2019\/08\/14\/a-cig-reclama-descanso-de-fin-de-semana-completo-para-todo-o-persoal-de-correos\/#primaryimage"},"image":{"@id":"https:\/\/www.anovapeneira.gal\/index.php\/2019\/08\/14\/a-cig-reclama-descanso-de-fin-de-semana-completo-para-todo-o-persoal-de-correos\/#primaryimage"},"thumbnailUrl":"https:\/\/www.anovapeneira.gal\/wp-content\/uploads\/2019\/07\/CIG_a_nova_peneira.png","datePublished":"2019-08-14T10:00:07+00:00","breadcrumb":{"@id":"https:\/\/www.anovapeneira.gal\/index.php\/2019\/08\/14\/a-cig-reclama-descanso-de-fin-de-semana-completo-para-todo-o-persoal-de-correos\/#breadcrumb"},"inLanguage":"gl-ES","potentialAction":[{"@type":"ReadAction","target":["https:\/\/www.anovapeneira.gal\/index.php\/2019\/08\/14\/a-cig-reclama-descanso-de-fin-de-semana-completo-para-todo-o-persoal-de-correos\/"]}]},{"@type":"ImageObject","inLanguage":"gl-ES","@id":"https:\/\/www.anovapeneira.gal\/index.php\/2019\/08\/14\/a-cig-reclama-descanso-de-fin-de-semana-completo-para-todo-o-persoal-de-correos\/#primaryimage","url":"https:\/\/www.anovapeneira.gal\/wp-content\/uploads\/2019\/07\/CIG_a_nova_peneira.png","contentUrl":"https:\/\/www.anovapeneira.gal\/wp-content\/uploads\/2019\/07\/CIG_a_nova_peneira.png","width":720,"height":473,"caption":"Confederaci\u00f3n Intersindical Galega A Nova Peneira"},{"@type":"BreadcrumbList","@id":"https:\/\/www.anovapeneira.gal\/index.php\/2019\/08\/14\/a-cig-reclama-descanso-de-fin-de-semana-completo-para-todo-o-persoal-de-correos\/#breadcrumb","itemListElement":[{"@type":"ListItem","position":1,"name":"Portada","item":"https:\/\/www.anovapeneira.gal\/"},{"@type":"ListItem","position":2,"name":"A CIG reclama descanso de fin de semana completo para todo o persoal de Correos"}]},{"@type":"WebSite","@id":"https:\/\/www.anovapeneira.gal\/#website","url":"https:\/\/www.anovapeneira.gal\/","name":"","description":"Xornal galego de informaci\u00f3n xeral Publicaci\u00f3n mensual de novas de Galicia e en especial dos Concellos da sur da provincia de Pontevedra.","publisher":{"@id":"https:\/\/www.anovapeneira.gal\/#organization"},"potentialAction":[{"@type":"SearchAction","target":{"@type":"EntryPoint","urlTemplate":"https:\/\/www.anovapeneira.gal\/?s={search_term_string}"},"query-input":{"@type":"PropertyValueSpecification","valueRequired":true,"valueName":"search_term_string"}}],"inLanguage":"gl-ES"},{"@type":"Organization","@id":"https:\/\/www.anovapeneira.gal\/#organization","name":"A Nova Peneira","url":"https:\/\/www.anovapeneira.gal\/","logo":{"@type":"ImageObject","inLanguage":"gl-ES","@id":"https:\/\/www.anovapeneira.gal\/#\/schema\/logo\/image\/","url":"http:\/\/www.anovapeneira.gal\/wp-content\/uploads\/2019\/06\/logo_a_nova_peneira_portal_web.png","contentUrl":"http:\/\/www.anovapeneira.gal\/wp-content\/uploads\/2019\/06\/logo_a_nova_peneira_portal_web.png","width":300,"height":100,"caption":"A Nova Peneira"},"image":{"@id":"https:\/\/www.anovapeneira.gal\/#\/schema\/logo\/image\/"},"sameAs":["https:\/\/www.facebook.com\/anovapeneira","https:\/\/x.com\/APeneira"]},{"@type":"Person","@id":"https:\/\/www.anovapeneira.gal\/#\/schema\/person\/b93e3f8932e3f8da96334607eb6ac6aa","name":"Redacci\u00f3n A Nova Peneira","image":{"@type":"ImageObject","inLanguage":"gl-ES","@id":"https:\/\/secure.gravatar.com\/avatar\/c052a2551a06e23fac63626232eaa90abd78dbcf1700fc46a2b2c89fd27b735f?s=96&d=mm&r=g","url":"https:\/\/secure.gravatar.com\/avatar\/c052a2551a06e23fac63626232eaa90abd78dbcf1700fc46a2b2c89fd27b735f?s=96&d=mm&r=g","contentUrl":"https:\/\/secure.gravatar.com\/avatar\/c052a2551a06e23fac63626232eaa90abd78dbcf1700fc46a2b2c89fd27b735f?s=96&d=mm&r=g","caption":"Redacci\u00f3n A Nova Peneira"},"sameAs":["http:\/\/www.anovapeneira.gal\/"],"url":"https:\/\/www.anovapeneira.gal\/index.php\/author\/redactor\/"}]}},"jetpack_featured_media_url":"https:\/\/www.anovapeneira.gal\/wp-content\/uploads\/2019\/07\/CIG_a_nova_peneira.png","_links":{"self":[{"href":"https:\/\/www.anovapeneira.gal\/index.php\/wp-json\/wp\/v2\/posts\/920","targetHints":{"allow":["GET"]}}],"collection":[{"href":"https:\/\/www.anovapeneira.gal\/index.php\/wp-json\/wp\/v2\/posts"}],"about":[{"href":"https:\/\/www.anovapeneira.gal\/index.php\/wp-json\/wp\/v2\/types\/post"}],"author":[{"embeddable":true,"href":"https:\/\/www.anovapeneira.gal\/index.php\/wp-json\/wp\/v2\/users\/3"}],"replies":[{"embeddable":true,"href":"https:\/\/www.anovapeneira.gal\/index.php\/wp-json\/wp\/v2\/comments?post=920"}],"version-history":[{"count":1,"href":"https:\/\/www.anovapeneira.gal\/index.php\/wp-json\/wp\/v2\/posts\/920\/revisions"}],"predecessor-version":[{"id":921,"href":"https:\/\/www.anovapeneira.gal\/index.php\/wp-json\/wp\/v2\/posts\/920\/revisions\/921"}],"wp:featuredmedia":[{"embeddable":true,"href":"https:\/\/www.anovapeneira.gal\/index.php\/wp-json\/wp\/v2\/media\/632"}],"wp:attachment":[{"href":"https:\/\/www.anovapeneira.gal\/index.php\/wp-json\/wp\/v2\/media?parent=920"}],"wp:term":[{"taxonomy":"category","embeddable":true,"href":"https:\/\/www.anovapeneira.gal\/index.php\/wp-json\/wp\/v2\/categories?post=920"},{"taxonomy":"post_tag","embeddable":true,"href":"https:\/\/www.anovapeneira.gal\/index.php\/wp-json\/wp\/v2\/tags?post=920"}],"curies":[{"name":"wp","href":"https:\/\/api.w.org\/{rel}","templated":true}]}}