{"id":9215,"date":"2023-03-06T12:00:58","date_gmt":"2023-03-06T11:00:58","guid":{"rendered":"https:\/\/www.anovapeneira.gal\/?p=9215"},"modified":"2023-02-20T13:20:30","modified_gmt":"2023-02-20T12:20:30","slug":"roberto-jorge-candidato-do-bng-a-alcaldia-de-forcarei","status":"publish","type":"post","link":"https:\/\/www.anovapeneira.gal\/index.php\/2023\/03\/06\/roberto-jorge-candidato-do-bng-a-alcaldia-de-forcarei\/","title":{"rendered":"Roberto Jorge candidato do BNG \u00e1 alcald\u00eda de Forcarei"},"content":{"rendered":"\n<h2 class=\"wp-block-heading\"><strong>Roberto Jorge vai ser novamente o candidato do BNG \u00e1 alcald\u00eda deste concello da comarca da terra de Montes. El \u00e9 un home s\u00f3lido, solvente e moi comprometido emocionalmente co seu pobo co que foi un pracer compartir novamente unha conversa.<\/strong><\/h2>\n\n\n\n<p>\u201c<strong>Nas elecci\u00f3ns de Maio a nosa perspectiva \u00e9 medrar substancialmente. E se o BNG medra Forcarei mellora\u201d<\/strong><\/p>\n\n\n\n<p><strong>Vas ser o candidato do BNG nas vindeiras municipais?<\/strong><\/p>\n\n\n\n<blockquote class=\"wp-block-quote is-layout-flow wp-block-quote-is-layout-flow\">\n<p>Non \u00e9 a\u00ednda oficial pero xa podo adiantar que si. A idea \u00e9 que eu encabece a candidatura do BNG. As\u00ed mesmo despois de co\u00f1ecer tanto o goberno do PP como o do PSOE estou cada vez m\u00e1is convencido da necesidade de que o BNG incremente de maneira substancial a s\u00faa presenza no nosos concello.<\/p>\n<\/blockquote>\n\n\n\n<p><strong>Tes decidido o equipo que che vai acompa\u00f1ar?<\/strong><\/p>\n\n\n\n<blockquote class=\"wp-block-quote is-layout-flow wp-block-quote-is-layout-flow\">\n<p>Estamos traballando niso. Vai ser unha candidatura moi s\u00f3lida que combinar\u00e1 a experiencia coa renovaci\u00f3n.<\/p>\n<\/blockquote>\n\n\n\n<p><strong>Como valoras o mandato da alcaldesa Ver\u00f3nica Pichel?<\/strong><\/p>\n\n\n\n<blockquote class=\"wp-block-quote is-layout-flow wp-block-quote-is-layout-flow\">\n<p>O cambio despois de tanto tempo co PP era moi necesario. Foi un mandato no que se fixeron cousas interesantes pero ao xu\u00edzo do BNG manifestamente insuficientes e claramente mellorables .A nosa aspiraci\u00f3n \u00e9 protagonizar o cambio real, de moita m\u00e1is densidade, que precisa Forcarei e que estamos seguros de que demanda a maior\u00eda da sociedade do noso pobo.<\/p>\n<\/blockquote>\n\n\n\n<p><strong>Neste mandato que remata o BNG apoiou a investidura da alcaldesa do PSOE pero estivo na oposici\u00f3n. Por que non entrastes no goberno?<\/strong><\/p>\n\n\n\n<blockquote class=\"wp-block-quote is-layout-flow wp-block-quote-is-layout-flow\">\n<p>Ben, non houbo qu\u00edmica de abondo por ningunha das d\u00faas partes. Nin a n\u00f3s o proxecto socialista nos parec\u00eda o suficientemente ambicioso para levar a cabo o cambio profundo que precisa Forcarei, nin o PSOE amosou moito interese por contar con n\u00f3s no goberno.<\/p>\n<\/blockquote>\n\n\n\n<p><strong>A aritm\u00e9tica actual do voso concello \u00e9 PP 5 PSOE 5 BNG 1.O voso voto foi decisivo para que o PSOE acadase alcald\u00eda pois no caso de empate a candidata popular Bel\u00e9n Cachafeiro ter\u00eda sido alcaldesa, xa que o PP foi a lista m\u00e1is votada. Hoxe,4 anos despois, consideras que ter propiciado o cambio de alcald\u00eda foi unha decisi\u00f3n correcta?, ou arrep\u00ednteste?<\/strong><\/p>\n\n\n\n<blockquote class=\"wp-block-quote is-layout-flow wp-block-quote-is-layout-flow\">\n<p>Si, foi unha decisi\u00f3n correcta e non me arrepinto. Como antes mencionei o noso concello precisaba un cambio , despois de tantos anos co PP, un PP botado ao monte, con urxencia. O que non \u00e9 incompatible co que tam\u00e9n penso: a xesti\u00f3n do goberno socialista \u00e9 manifestamente mellorable. Agora xa che digo que nas din\u00e1micas de traballo hai un cambio en positivo en relaci\u00f3n ao que fac\u00eda o PP.<\/p>\n<\/blockquote>\n\n\n\n<p><strong>Dime un exemplo dese suposto cambio en positivo?<\/strong><\/p>\n\n\n\n<blockquote class=\"wp-block-quote is-layout-flow wp-block-quote-is-layout-flow\">\n<p>Na alcald\u00eda de Bel\u00e9n Cachafeiro o rural estivo case completamente abandonado.<\/p>\n<\/blockquote>\n\n\n\n<p><strong>Dic\u00eda nas nosas p\u00e1xinas a candidata popular que a xesti\u00f3n econ\u00f3mica do actual goberno \u00e9 nefasta e moi mellorable. Cal \u00e9 a t\u00faa opini\u00f3n?<\/strong><\/p>\n\n\n\n<blockquote class=\"wp-block-quote is-layout-flow wp-block-quote-is-layout-flow\">\n<p>Eu creo que os per\u00edodos de pago son moi mellorables, si, iso non \u00e9 cuestionable. Hai empresarios que fixeron traballos para o Concello e que levan 6 meses sen cobrar as s\u00faas facturas .E iso desde logo que non pode ser. Non ten sentido porque o noso \u00e9 un concello solvente, un concello que ten fondos como para non ter que facer agardar tampo tempo a quen fixo un traballo para cobrar o que \u00e9 seu.<\/p>\n<\/blockquote>\n\n\n\n<p><strong>Que opinas da urbanizaci\u00f3n de Soutelo que est\u00e1 a facer o goberno municipal?<\/strong><\/p>\n\n\n\n<blockquote class=\"wp-block-quote is-layout-flow wp-block-quote-is-layout-flow\">\n<p>Esa foi unha obra que consensuou o BNG co goberno. E tanto a de Soutelo como a de Forcarei entendemos que son importantes e necesarias pois todo estaba moi abandonado e deteriorado. As beirarr\u00faas levaban moit\u00edsimos anos sen que se lles tocara.<\/p>\n<\/blockquote>\n\n\n\n<p><strong>Cal \u00e9 a t\u00faa opini\u00f3n acerca da reforma da casa da xuventude?<\/strong><\/p>\n\n\n\n<blockquote class=\"wp-block-quote is-layout-flow wp-block-quote-is-layout-flow\">\n<p>\u00c9 algo moi necesario para dotar \u00e1s asociaci\u00f3ns e colectivos dun espazo en condici\u00f3ns, pero o proxecto non nos acaba de convencer. Ao noso xu\u00edzo ten eivas que deben de ser solucionadas. Avis\u00e1molo varias veces e non entendo como non se contemplaron as deficiencias estruturais.<\/p>\n<\/blockquote>\n\n\n\n<p><strong>Cales son as perspectivas realistas coas que o BNG se presenta \u00e1s elecci\u00f3ns ?<\/strong><\/p>\n\n\n\n<blockquote class=\"wp-block-quote is-layout-flow wp-block-quote-is-layout-flow\">\n<p>Medrar, medrar substancialmente . \u00c9 que se o BNG medra Forcarei mellora. Estou convencido.<\/p>\n<\/blockquote>\n\n\n\n<p><strong>Se os votos do BNG fosen novamente decisivos para decidir quen vai ocupar a alcald\u00eda de Forcarei contemplas a posibilidade de que desta volta entredes no goberno?<\/strong><\/p>\n\n\n\n<blockquote class=\"wp-block-quote is-layout-flow wp-block-quote-is-layout-flow\">\n<p>Todo depender\u00e1 da aritm\u00e9tica municipal e do programa de goberno que, de ser o caso de que se dese esa hip\u00f3tese, pactaramos co PSOE.<\/p>\n<\/blockquote>\n\n\n\n<p><strong>Ent\u00f3n non o desbotas?<\/strong><\/p>\n\n\n\n<blockquote class=\"wp-block-quote is-layout-flow wp-block-quote-is-layout-flow\">\n<p>Non, non o desboto.<\/p>\n<\/blockquote>\n\n\n\n<p><strong>Rematamos Roberto. Que poder\u00eda encontrar un veci\u00f1o ou veci\u00f1a de Forcarei en ti como alcalde?<\/strong><\/p>\n\n\n\n<blockquote class=\"wp-block-quote is-layout-flow wp-block-quote-is-layout-flow\">\n<p>Son un home moi responsable, moi traballador que quero moito ao meu pobo e creo firmemente que Forcarei ten moitas potencias que est\u00e1n sen explotar.<\/p>\n<\/blockquote>\n","protected":false},"excerpt":{"rendered":"<div class=\"mh-excerpt\"><p>Roberto Jorge vai ser novamente o candidato do BNG \u00e1 alcald\u00eda deste concello da comarca da terra de Montes. El \u00e9 un home s\u00f3lido, solvente e moi comprometido emocionalmente co seu pobo co que foi un pracer compartir novamente unha conversa. <a class=\"mh-excerpt-more\" href=\"https:\/\/www.anovapeneira.gal\/index.php\/2023\/03\/06\/roberto-jorge-candidato-do-bng-a-alcaldia-de-forcarei\/\" title=\"Roberto Jorge candidato do BNG \u00e1 alcald\u00eda de Forcarei\">[&#8230;]<\/a><\/p>\n<\/div>","protected":false},"author":2,"featured_media":3867,"comment_status":"open","ping_status":"open","sticky":false,"template":"","format":"standard","meta":{"_exactmetrics_skip_tracking":false,"_exactmetrics_sitenote_active":false,"_exactmetrics_sitenote_note":"","_exactmetrics_sitenote_category":0,"footnotes":""},"categories":[269],"tags":[1188],"class_list":{"0":"post-9215","1":"post","2":"type-post","3":"status-publish","4":"format-standard","5":"has-post-thumbnail","7":"category-pontevedra-entrevistas","8":"tag-concello-de-forcarei"},"yoast_head":"<!-- This site is optimized with the Yoast SEO plugin v27.4 - https:\/\/yoast.com\/product\/yoast-seo-wordpress\/ -->\n<title>Roberto Jorge candidato do BNG \u00e1 alcald\u00eda de Forcarei -<\/title>\n<meta name=\"description\" content=\"Roberto Jorge vai ser novamente o candidato do BNG \u00e1 alcald\u00eda deste concello da comarca da terra de Montes. El \u00e9 un home s\u00f3lido, solvente e moi comprometido emocionalmente co seu pobo co que foi un pracer compartir novamente unha conversa.\" \/>\n<meta name=\"robots\" content=\"index, follow, max-snippet:-1, max-image-preview:large, max-video-preview:-1\" \/>\n<link rel=\"canonical\" href=\"https:\/\/www.anovapeneira.gal\/index.php\/2023\/03\/06\/roberto-jorge-candidato-do-bng-a-alcaldia-de-forcarei\/\" \/>\n<meta property=\"og:locale\" content=\"gl_ES\" \/>\n<meta property=\"og:type\" content=\"article\" \/>\n<meta property=\"og:title\" content=\"Roberto Jorge candidato do BNG \u00e1 alcald\u00eda de Forcarei -\" \/>\n<meta property=\"og:description\" content=\"Roberto Jorge vai ser novamente o candidato do BNG \u00e1 alcald\u00eda deste concello da comarca da terra de Montes. El \u00e9 un home s\u00f3lido, solvente e moi comprometido emocionalmente co seu pobo co que foi un pracer compartir novamente unha conversa.\" \/>\n<meta property=\"og:url\" content=\"https:\/\/www.anovapeneira.gal\/index.php\/2023\/03\/06\/roberto-jorge-candidato-do-bng-a-alcaldia-de-forcarei\/\" \/>\n<meta property=\"article:publisher\" content=\"https:\/\/www.facebook.com\/anovapeneira\" \/>\n<meta property=\"article:published_time\" content=\"2023-03-06T11:00:58+00:00\" \/>\n<meta property=\"og:image\" content=\"https:\/\/www.anovapeneira.gal\/wp-content\/uploads\/2020\/09\/bng_forcarei_a_nova_peneira.jpg\" \/>\n\t<meta property=\"og:image:width\" content=\"720\" \/>\n\t<meta property=\"og:image:height\" content=\"432\" \/>\n\t<meta property=\"og:image:type\" content=\"image\/jpeg\" \/>\n<meta name=\"author\" content=\"Tino Lago\" \/>\n<meta name=\"twitter:card\" content=\"summary_large_image\" \/>\n<meta name=\"twitter:creator\" content=\"@APeneira\" \/>\n<meta name=\"twitter:site\" content=\"@APeneira\" \/>\n<meta name=\"twitter:label1\" content=\"Escrito por\" \/>\n\t<meta name=\"twitter:data1\" content=\"Tino Lago\" \/>\n\t<meta name=\"twitter:label2\" content=\"Tempo de lectura\" \/>\n\t<meta name=\"twitter:data2\" content=\"5 minutos\" \/>\n<script type=\"application\/ld+json\" class=\"yoast-schema-graph\">{\"@context\":\"https:\\\/\\\/schema.org\",\"@graph\":[{\"@type\":\"Article\",\"@id\":\"https:\\\/\\\/www.anovapeneira.gal\\\/index.php\\\/2023\\\/03\\\/06\\\/roberto-jorge-candidato-do-bng-a-alcaldia-de-forcarei\\\/#article\",\"isPartOf\":{\"@id\":\"https:\\\/\\\/www.anovapeneira.gal\\\/index.php\\\/2023\\\/03\\\/06\\\/roberto-jorge-candidato-do-bng-a-alcaldia-de-forcarei\\\/\"},\"author\":{\"name\":\"Tino Lago\",\"@id\":\"https:\\\/\\\/www.anovapeneira.gal\\\/#\\\/schema\\\/person\\\/424dfe65e3070fd8a44d22d2c088762a\"},\"headline\":\"Roberto Jorge candidato do BNG \u00e1 alcald\u00eda de Forcarei\",\"datePublished\":\"2023-03-06T11:00:58+00:00\",\"mainEntityOfPage\":{\"@id\":\"https:\\\/\\\/www.anovapeneira.gal\\\/index.php\\\/2023\\\/03\\\/06\\\/roberto-jorge-candidato-do-bng-a-alcaldia-de-forcarei\\\/\"},\"wordCount\":818,\"commentCount\":0,\"publisher\":{\"@id\":\"https:\\\/\\\/www.anovapeneira.gal\\\/#organization\"},\"image\":{\"@id\":\"https:\\\/\\\/www.anovapeneira.gal\\\/index.php\\\/2023\\\/03\\\/06\\\/roberto-jorge-candidato-do-bng-a-alcaldia-de-forcarei\\\/#primaryimage\"},\"thumbnailUrl\":\"https:\\\/\\\/www.anovapeneira.gal\\\/wp-content\\\/uploads\\\/2020\\\/09\\\/bng_forcarei_a_nova_peneira.jpg\",\"keywords\":[\"Concello de Forcarei\"],\"articleSection\":[\"Pontevedra\"],\"inLanguage\":\"gl-ES\",\"potentialAction\":[{\"@type\":\"CommentAction\",\"name\":\"Comment\",\"target\":[\"https:\\\/\\\/www.anovapeneira.gal\\\/index.php\\\/2023\\\/03\\\/06\\\/roberto-jorge-candidato-do-bng-a-alcaldia-de-forcarei\\\/#respond\"]}]},{\"@type\":\"WebPage\",\"@id\":\"https:\\\/\\\/www.anovapeneira.gal\\\/index.php\\\/2023\\\/03\\\/06\\\/roberto-jorge-candidato-do-bng-a-alcaldia-de-forcarei\\\/\",\"url\":\"https:\\\/\\\/www.anovapeneira.gal\\\/index.php\\\/2023\\\/03\\\/06\\\/roberto-jorge-candidato-do-bng-a-alcaldia-de-forcarei\\\/\",\"name\":\"Roberto Jorge candidato do BNG \u00e1 alcald\u00eda de Forcarei -\",\"isPartOf\":{\"@id\":\"https:\\\/\\\/www.anovapeneira.gal\\\/#website\"},\"primaryImageOfPage\":{\"@id\":\"https:\\\/\\\/www.anovapeneira.gal\\\/index.php\\\/2023\\\/03\\\/06\\\/roberto-jorge-candidato-do-bng-a-alcaldia-de-forcarei\\\/#primaryimage\"},\"image\":{\"@id\":\"https:\\\/\\\/www.anovapeneira.gal\\\/index.php\\\/2023\\\/03\\\/06\\\/roberto-jorge-candidato-do-bng-a-alcaldia-de-forcarei\\\/#primaryimage\"},\"thumbnailUrl\":\"https:\\\/\\\/www.anovapeneira.gal\\\/wp-content\\\/uploads\\\/2020\\\/09\\\/bng_forcarei_a_nova_peneira.jpg\",\"datePublished\":\"2023-03-06T11:00:58+00:00\",\"description\":\"Roberto Jorge vai ser novamente o candidato do BNG \u00e1 alcald\u00eda deste concello da comarca da terra de Montes. El \u00e9 un home s\u00f3lido, solvente e moi comprometido emocionalmente co seu pobo co que foi un pracer compartir novamente unha conversa.\",\"breadcrumb\":{\"@id\":\"https:\\\/\\\/www.anovapeneira.gal\\\/index.php\\\/2023\\\/03\\\/06\\\/roberto-jorge-candidato-do-bng-a-alcaldia-de-forcarei\\\/#breadcrumb\"},\"inLanguage\":\"gl-ES\",\"potentialAction\":[{\"@type\":\"ReadAction\",\"target\":[\"https:\\\/\\\/www.anovapeneira.gal\\\/index.php\\\/2023\\\/03\\\/06\\\/roberto-jorge-candidato-do-bng-a-alcaldia-de-forcarei\\\/\"]}]},{\"@type\":\"ImageObject\",\"inLanguage\":\"gl-ES\",\"@id\":\"https:\\\/\\\/www.anovapeneira.gal\\\/index.php\\\/2023\\\/03\\\/06\\\/roberto-jorge-candidato-do-bng-a-alcaldia-de-forcarei\\\/#primaryimage\",\"url\":\"https:\\\/\\\/www.anovapeneira.gal\\\/wp-content\\\/uploads\\\/2020\\\/09\\\/bng_forcarei_a_nova_peneira.jpg\",\"contentUrl\":\"https:\\\/\\\/www.anovapeneira.gal\\\/wp-content\\\/uploads\\\/2020\\\/09\\\/bng_forcarei_a_nova_peneira.jpg\",\"width\":720,\"height\":432,\"caption\":\"Roberto Jorge Correa, concelleiro do BNG no Concello de Forcarei\"},{\"@type\":\"BreadcrumbList\",\"@id\":\"https:\\\/\\\/www.anovapeneira.gal\\\/index.php\\\/2023\\\/03\\\/06\\\/roberto-jorge-candidato-do-bng-a-alcaldia-de-forcarei\\\/#breadcrumb\",\"itemListElement\":[{\"@type\":\"ListItem\",\"position\":1,\"name\":\"Portada\",\"item\":\"https:\\\/\\\/www.anovapeneira.gal\\\/\"},{\"@type\":\"ListItem\",\"position\":2,\"name\":\"Roberto Jorge candidato do BNG \u00e1 alcald\u00eda de Forcarei\"}]},{\"@type\":\"WebSite\",\"@id\":\"https:\\\/\\\/www.anovapeneira.gal\\\/#website\",\"url\":\"https:\\\/\\\/www.anovapeneira.gal\\\/\",\"name\":\"\",\"description\":\"Xornal galego de informaci\u00f3n xeral Publicaci\u00f3n mensual de novas de Galicia e en especial dos Concellos da sur da provincia de Pontevedra.\",\"publisher\":{\"@id\":\"https:\\\/\\\/www.anovapeneira.gal\\\/#organization\"},\"potentialAction\":[{\"@type\":\"SearchAction\",\"target\":{\"@type\":\"EntryPoint\",\"urlTemplate\":\"https:\\\/\\\/www.anovapeneira.gal\\\/?s={search_term_string}\"},\"query-input\":{\"@type\":\"PropertyValueSpecification\",\"valueRequired\":true,\"valueName\":\"search_term_string\"}}],\"inLanguage\":\"gl-ES\"},{\"@type\":\"Organization\",\"@id\":\"https:\\\/\\\/www.anovapeneira.gal\\\/#organization\",\"name\":\"A Nova Peneira\",\"url\":\"https:\\\/\\\/www.anovapeneira.gal\\\/\",\"logo\":{\"@type\":\"ImageObject\",\"inLanguage\":\"gl-ES\",\"@id\":\"https:\\\/\\\/www.anovapeneira.gal\\\/#\\\/schema\\\/logo\\\/image\\\/\",\"url\":\"http:\\\/\\\/www.anovapeneira.gal\\\/wp-content\\\/uploads\\\/2019\\\/06\\\/logo_a_nova_peneira_portal_web.png\",\"contentUrl\":\"http:\\\/\\\/www.anovapeneira.gal\\\/wp-content\\\/uploads\\\/2019\\\/06\\\/logo_a_nova_peneira_portal_web.png\",\"width\":300,\"height\":100,\"caption\":\"A Nova Peneira\"},\"image\":{\"@id\":\"https:\\\/\\\/www.anovapeneira.gal\\\/#\\\/schema\\\/logo\\\/image\\\/\"},\"sameAs\":[\"https:\\\/\\\/www.facebook.com\\\/anovapeneira\",\"https:\\\/\\\/x.com\\\/APeneira\"]},{\"@type\":\"Person\",\"@id\":\"https:\\\/\\\/www.anovapeneira.gal\\\/#\\\/schema\\\/person\\\/424dfe65e3070fd8a44d22d2c088762a\",\"name\":\"Tino Lago\",\"image\":{\"@type\":\"ImageObject\",\"inLanguage\":\"gl-ES\",\"@id\":\"https:\\\/\\\/secure.gravatar.com\\\/avatar\\\/b3df6a06e44bab3111583b90f0f33a0379ee5e3d22cbadd232d39f21c30c62be?s=96&d=mm&r=g\",\"url\":\"https:\\\/\\\/secure.gravatar.com\\\/avatar\\\/b3df6a06e44bab3111583b90f0f33a0379ee5e3d22cbadd232d39f21c30c62be?s=96&d=mm&r=g\",\"contentUrl\":\"https:\\\/\\\/secure.gravatar.com\\\/avatar\\\/b3df6a06e44bab3111583b90f0f33a0379ee5e3d22cbadd232d39f21c30c62be?s=96&d=mm&r=g\",\"caption\":\"Tino Lago\"},\"sameAs\":[\"http:\\\/\\\/www.anovapeneira.gal\"],\"url\":\"https:\\\/\\\/www.anovapeneira.gal\\\/index.php\\\/author\\\/director\\\/\"}]}<\/script>\n<!-- \/ Yoast SEO plugin. -->","yoast_head_json":{"title":"Roberto Jorge candidato do BNG \u00e1 alcald\u00eda de Forcarei -","description":"Roberto Jorge vai ser novamente o candidato do BNG \u00e1 alcald\u00eda deste concello da comarca da terra de Montes. El \u00e9 un home s\u00f3lido, solvente e moi comprometido emocionalmente co seu pobo co que foi un pracer compartir novamente unha conversa.","robots":{"index":"index","follow":"follow","max-snippet":"max-snippet:-1","max-image-preview":"max-image-preview:large","max-video-preview":"max-video-preview:-1"},"canonical":"https:\/\/www.anovapeneira.gal\/index.php\/2023\/03\/06\/roberto-jorge-candidato-do-bng-a-alcaldia-de-forcarei\/","og_locale":"gl_ES","og_type":"article","og_title":"Roberto Jorge candidato do BNG \u00e1 alcald\u00eda de Forcarei -","og_description":"Roberto Jorge vai ser novamente o candidato do BNG \u00e1 alcald\u00eda deste concello da comarca da terra de Montes. El \u00e9 un home s\u00f3lido, solvente e moi comprometido emocionalmente co seu pobo co que foi un pracer compartir novamente unha conversa.","og_url":"https:\/\/www.anovapeneira.gal\/index.php\/2023\/03\/06\/roberto-jorge-candidato-do-bng-a-alcaldia-de-forcarei\/","article_publisher":"https:\/\/www.facebook.com\/anovapeneira","article_published_time":"2023-03-06T11:00:58+00:00","og_image":[{"width":720,"height":432,"url":"https:\/\/www.anovapeneira.gal\/wp-content\/uploads\/2020\/09\/bng_forcarei_a_nova_peneira.jpg","type":"image\/jpeg"}],"author":"Tino Lago","twitter_card":"summary_large_image","twitter_creator":"@APeneira","twitter_site":"@APeneira","twitter_misc":{"Escrito por":"Tino Lago","Tempo de lectura":"5 minutos"},"schema":{"@context":"https:\/\/schema.org","@graph":[{"@type":"Article","@id":"https:\/\/www.anovapeneira.gal\/index.php\/2023\/03\/06\/roberto-jorge-candidato-do-bng-a-alcaldia-de-forcarei\/#article","isPartOf":{"@id":"https:\/\/www.anovapeneira.gal\/index.php\/2023\/03\/06\/roberto-jorge-candidato-do-bng-a-alcaldia-de-forcarei\/"},"author":{"name":"Tino Lago","@id":"https:\/\/www.anovapeneira.gal\/#\/schema\/person\/424dfe65e3070fd8a44d22d2c088762a"},"headline":"Roberto Jorge candidato do BNG \u00e1 alcald\u00eda de Forcarei","datePublished":"2023-03-06T11:00:58+00:00","mainEntityOfPage":{"@id":"https:\/\/www.anovapeneira.gal\/index.php\/2023\/03\/06\/roberto-jorge-candidato-do-bng-a-alcaldia-de-forcarei\/"},"wordCount":818,"commentCount":0,"publisher":{"@id":"https:\/\/www.anovapeneira.gal\/#organization"},"image":{"@id":"https:\/\/www.anovapeneira.gal\/index.php\/2023\/03\/06\/roberto-jorge-candidato-do-bng-a-alcaldia-de-forcarei\/#primaryimage"},"thumbnailUrl":"https:\/\/www.anovapeneira.gal\/wp-content\/uploads\/2020\/09\/bng_forcarei_a_nova_peneira.jpg","keywords":["Concello de Forcarei"],"articleSection":["Pontevedra"],"inLanguage":"gl-ES","potentialAction":[{"@type":"CommentAction","name":"Comment","target":["https:\/\/www.anovapeneira.gal\/index.php\/2023\/03\/06\/roberto-jorge-candidato-do-bng-a-alcaldia-de-forcarei\/#respond"]}]},{"@type":"WebPage","@id":"https:\/\/www.anovapeneira.gal\/index.php\/2023\/03\/06\/roberto-jorge-candidato-do-bng-a-alcaldia-de-forcarei\/","url":"https:\/\/www.anovapeneira.gal\/index.php\/2023\/03\/06\/roberto-jorge-candidato-do-bng-a-alcaldia-de-forcarei\/","name":"Roberto Jorge candidato do BNG \u00e1 alcald\u00eda de Forcarei -","isPartOf":{"@id":"https:\/\/www.anovapeneira.gal\/#website"},"primaryImageOfPage":{"@id":"https:\/\/www.anovapeneira.gal\/index.php\/2023\/03\/06\/roberto-jorge-candidato-do-bng-a-alcaldia-de-forcarei\/#primaryimage"},"image":{"@id":"https:\/\/www.anovapeneira.gal\/index.php\/2023\/03\/06\/roberto-jorge-candidato-do-bng-a-alcaldia-de-forcarei\/#primaryimage"},"thumbnailUrl":"https:\/\/www.anovapeneira.gal\/wp-content\/uploads\/2020\/09\/bng_forcarei_a_nova_peneira.jpg","datePublished":"2023-03-06T11:00:58+00:00","description":"Roberto Jorge vai ser novamente o candidato do BNG \u00e1 alcald\u00eda deste concello da comarca da terra de Montes. El \u00e9 un home s\u00f3lido, solvente e moi comprometido emocionalmente co seu pobo co que foi un pracer compartir novamente unha conversa.","breadcrumb":{"@id":"https:\/\/www.anovapeneira.gal\/index.php\/2023\/03\/06\/roberto-jorge-candidato-do-bng-a-alcaldia-de-forcarei\/#breadcrumb"},"inLanguage":"gl-ES","potentialAction":[{"@type":"ReadAction","target":["https:\/\/www.anovapeneira.gal\/index.php\/2023\/03\/06\/roberto-jorge-candidato-do-bng-a-alcaldia-de-forcarei\/"]}]},{"@type":"ImageObject","inLanguage":"gl-ES","@id":"https:\/\/www.anovapeneira.gal\/index.php\/2023\/03\/06\/roberto-jorge-candidato-do-bng-a-alcaldia-de-forcarei\/#primaryimage","url":"https:\/\/www.anovapeneira.gal\/wp-content\/uploads\/2020\/09\/bng_forcarei_a_nova_peneira.jpg","contentUrl":"https:\/\/www.anovapeneira.gal\/wp-content\/uploads\/2020\/09\/bng_forcarei_a_nova_peneira.jpg","width":720,"height":432,"caption":"Roberto Jorge Correa, concelleiro do BNG no Concello de Forcarei"},{"@type":"BreadcrumbList","@id":"https:\/\/www.anovapeneira.gal\/index.php\/2023\/03\/06\/roberto-jorge-candidato-do-bng-a-alcaldia-de-forcarei\/#breadcrumb","itemListElement":[{"@type":"ListItem","position":1,"name":"Portada","item":"https:\/\/www.anovapeneira.gal\/"},{"@type":"ListItem","position":2,"name":"Roberto Jorge candidato do BNG \u00e1 alcald\u00eda de Forcarei"}]},{"@type":"WebSite","@id":"https:\/\/www.anovapeneira.gal\/#website","url":"https:\/\/www.anovapeneira.gal\/","name":"","description":"Xornal galego de informaci\u00f3n xeral Publicaci\u00f3n mensual de novas de Galicia e en especial dos Concellos da sur da provincia de Pontevedra.","publisher":{"@id":"https:\/\/www.anovapeneira.gal\/#organization"},"potentialAction":[{"@type":"SearchAction","target":{"@type":"EntryPoint","urlTemplate":"https:\/\/www.anovapeneira.gal\/?s={search_term_string}"},"query-input":{"@type":"PropertyValueSpecification","valueRequired":true,"valueName":"search_term_string"}}],"inLanguage":"gl-ES"},{"@type":"Organization","@id":"https:\/\/www.anovapeneira.gal\/#organization","name":"A Nova Peneira","url":"https:\/\/www.anovapeneira.gal\/","logo":{"@type":"ImageObject","inLanguage":"gl-ES","@id":"https:\/\/www.anovapeneira.gal\/#\/schema\/logo\/image\/","url":"http:\/\/www.anovapeneira.gal\/wp-content\/uploads\/2019\/06\/logo_a_nova_peneira_portal_web.png","contentUrl":"http:\/\/www.anovapeneira.gal\/wp-content\/uploads\/2019\/06\/logo_a_nova_peneira_portal_web.png","width":300,"height":100,"caption":"A Nova Peneira"},"image":{"@id":"https:\/\/www.anovapeneira.gal\/#\/schema\/logo\/image\/"},"sameAs":["https:\/\/www.facebook.com\/anovapeneira","https:\/\/x.com\/APeneira"]},{"@type":"Person","@id":"https:\/\/www.anovapeneira.gal\/#\/schema\/person\/424dfe65e3070fd8a44d22d2c088762a","name":"Tino Lago","image":{"@type":"ImageObject","inLanguage":"gl-ES","@id":"https:\/\/secure.gravatar.com\/avatar\/b3df6a06e44bab3111583b90f0f33a0379ee5e3d22cbadd232d39f21c30c62be?s=96&d=mm&r=g","url":"https:\/\/secure.gravatar.com\/avatar\/b3df6a06e44bab3111583b90f0f33a0379ee5e3d22cbadd232d39f21c30c62be?s=96&d=mm&r=g","contentUrl":"https:\/\/secure.gravatar.com\/avatar\/b3df6a06e44bab3111583b90f0f33a0379ee5e3d22cbadd232d39f21c30c62be?s=96&d=mm&r=g","caption":"Tino Lago"},"sameAs":["http:\/\/www.anovapeneira.gal"],"url":"https:\/\/www.anovapeneira.gal\/index.php\/author\/director\/"}]}},"jetpack_featured_media_url":"https:\/\/www.anovapeneira.gal\/wp-content\/uploads\/2020\/09\/bng_forcarei_a_nova_peneira.jpg","_links":{"self":[{"href":"https:\/\/www.anovapeneira.gal\/index.php\/wp-json\/wp\/v2\/posts\/9215","targetHints":{"allow":["GET"]}}],"collection":[{"href":"https:\/\/www.anovapeneira.gal\/index.php\/wp-json\/wp\/v2\/posts"}],"about":[{"href":"https:\/\/www.anovapeneira.gal\/index.php\/wp-json\/wp\/v2\/types\/post"}],"author":[{"embeddable":true,"href":"https:\/\/www.anovapeneira.gal\/index.php\/wp-json\/wp\/v2\/users\/2"}],"replies":[{"embeddable":true,"href":"https:\/\/www.anovapeneira.gal\/index.php\/wp-json\/wp\/v2\/comments?post=9215"}],"version-history":[{"count":2,"href":"https:\/\/www.anovapeneira.gal\/index.php\/wp-json\/wp\/v2\/posts\/9215\/revisions"}],"predecessor-version":[{"id":9217,"href":"https:\/\/www.anovapeneira.gal\/index.php\/wp-json\/wp\/v2\/posts\/9215\/revisions\/9217"}],"wp:featuredmedia":[{"embeddable":true,"href":"https:\/\/www.anovapeneira.gal\/index.php\/wp-json\/wp\/v2\/media\/3867"}],"wp:attachment":[{"href":"https:\/\/www.anovapeneira.gal\/index.php\/wp-json\/wp\/v2\/media?parent=9215"}],"wp:term":[{"taxonomy":"category","embeddable":true,"href":"https:\/\/www.anovapeneira.gal\/index.php\/wp-json\/wp\/v2\/categories?post=9215"},{"taxonomy":"post_tag","embeddable":true,"href":"https:\/\/www.anovapeneira.gal\/index.php\/wp-json\/wp\/v2\/tags?post=9215"}],"curies":[{"name":"wp","href":"https:\/\/api.w.org\/{rel}","templated":true}]}}