{"id":9238,"date":"2023-03-09T12:00:15","date_gmt":"2023-03-09T11:00:15","guid":{"rendered":"https:\/\/www.anovapeneira.gal\/?p=9238"},"modified":"2023-03-06T13:08:46","modified_gmt":"2023-03-06T12:08:46","slug":"o-concello-de-salceda-acondiciona-a-escola-da-revolta-para-usos-comunitarios","status":"publish","type":"post","link":"https:\/\/www.anovapeneira.gal\/index.php\/2023\/03\/09\/o-concello-de-salceda-acondiciona-a-escola-da-revolta-para-usos-comunitarios\/","title":{"rendered":"O concello de Salceda acondiciona a escola da Revolta para usos comunitarios"},"content":{"rendered":"\n<h2 class=\"wp-block-heading\">Nos \u00faltimos d\u00edas deron comezo as obras de acondicionamento e mellora da Escola da Revolta na parroquia de Parderrubias.<\/h2>\n\n\n\n<p><strong>Salceda de Caselas, 3 de marzo de 2023<\/strong><\/p>\n\n\n\n<p>Esta actuaci\u00f3n levada a cabo polo concello de Salceda de Caselas ascende a 12.293,00 euros. Unha das actuaci\u00f3ns m\u00e1is importantes \u00e9 a accesibilidade da edificaci\u00f3n seguindo a li\u00f1a de traballo de que todas as instalaci\u00f3ns municipais sexan accesibles e sustentables.<\/p>\n\n\n\n<p>Instalarase tarima na aula e rodap\u00e9s, ademais da instalaci\u00f3n de novas fiestras, actuaci\u00f3ns que mellorar\u00e1n o illamento da aula.<\/p>\n\n\n\n<p>Ademais executarase a rehabilitaci\u00f3n integral do aseo existente, con novas tomas de auga e electricidade e a colocaci\u00f3n dos aparatos sanitarios.<\/p>\n\n\n\n<p>Esta intervenci\u00f3n ten como obxectivo recuperar e por en valor as instalaci\u00f3ns municipais destin\u00e1ndoas a usos e servizos destinados ao benestar da veci\u00f1anza. Neste caso ser\u00e1 utilizada por colectivos e asociaci\u00f3ns da parroquia para o desenvolvemento de actividades de car\u00e1cter cultural e social.<\/p>\n\n\n\n<p><a><\/a> Ver\u00f3nica Tour\u00f3n Dom\u00ednguez, alcaldesa e responsable de urbanismo: \u201cCon esta actuaci\u00f3n na escola da Revolta continuamos coa nosa folla de ruta de rehabilitaci\u00f3n e recuperaci\u00f3n de instalaci\u00f3ns municipais para por ao servizo da veci\u00f1anza, con espazos polivalentes para aproveitar os recursos municipais e que o seu uso sexa moito m\u00e1is eficiente\u201d<\/p>\n","protected":false},"excerpt":{"rendered":"<div class=\"mh-excerpt\"><p>Nos \u00faltimos d\u00edas deron comezo as obras de acondicionamento e mellora da Escola da Revolta na parroquia de Parderrubias <a class=\"mh-excerpt-more\" href=\"https:\/\/www.anovapeneira.gal\/index.php\/2023\/03\/09\/o-concello-de-salceda-acondiciona-a-escola-da-revolta-para-usos-comunitarios\/\" title=\"O concello de Salceda acondiciona a escola da Revolta para usos comunitarios\">[&#8230;]<\/a><\/p>\n<\/div>","protected":false},"author":3,"featured_media":9239,"comment_status":"open","ping_status":"open","sticky":false,"template":"","format":"standard","meta":{"_exactmetrics_skip_tracking":false,"_exactmetrics_sitenote_active":false,"_exactmetrics_sitenote_note":"","_exactmetrics_sitenote_category":0,"footnotes":""},"categories":[23],"tags":[359],"class_list":{"0":"post-9238","1":"post","2":"type-post","3":"status-publish","4":"format-standard","5":"has-post-thumbnail","7":"category-a-lourina","8":"tag-concello-de-salceda-de-caselas"},"yoast_head":"<!-- This site is optimized with the Yoast SEO plugin v27.4 - https:\/\/yoast.com\/product\/yoast-seo-wordpress\/ -->\n<title>O concello de Salceda acondiciona a escola da Revolta para usos comunitarios -<\/title>\n<meta name=\"description\" content=\"Nos \u00faltimos d\u00edas deron comezo as obras de acondicionamento e mellora da Escola da Revolta na parroquia de Parderrubias\" \/>\n<meta name=\"robots\" content=\"index, follow, max-snippet:-1, max-image-preview:large, max-video-preview:-1\" \/>\n<link rel=\"canonical\" href=\"https:\/\/www.anovapeneira.gal\/index.php\/2023\/03\/09\/o-concello-de-salceda-acondiciona-a-escola-da-revolta-para-usos-comunitarios\/\" \/>\n<meta property=\"og:locale\" content=\"gl_ES\" \/>\n<meta property=\"og:type\" content=\"article\" \/>\n<meta property=\"og:title\" content=\"O concello de Salceda acondiciona a escola da Revolta para usos comunitarios -\" \/>\n<meta property=\"og:description\" content=\"Nos \u00faltimos d\u00edas deron comezo as obras de acondicionamento e mellora da Escola da Revolta na parroquia de Parderrubias\" \/>\n<meta property=\"og:url\" content=\"https:\/\/www.anovapeneira.gal\/index.php\/2023\/03\/09\/o-concello-de-salceda-acondiciona-a-escola-da-revolta-para-usos-comunitarios\/\" \/>\n<meta property=\"article:publisher\" content=\"https:\/\/www.facebook.com\/anovapeneira\" \/>\n<meta property=\"article:published_time\" content=\"2023-03-09T11:00:15+00:00\" \/>\n<meta property=\"og:image\" content=\"https:\/\/www.anovapeneira.gal\/wp-content\/uploads\/2023\/03\/escola_da_revolta_salceda.jpg\" \/>\n\t<meta property=\"og:image:width\" content=\"720\" \/>\n\t<meta property=\"og:image:height\" content=\"432\" \/>\n\t<meta property=\"og:image:type\" content=\"image\/jpeg\" \/>\n<meta name=\"author\" content=\"Redacci\u00f3n A Nova Peneira\" \/>\n<meta name=\"twitter:card\" content=\"summary_large_image\" \/>\n<meta name=\"twitter:creator\" content=\"@APeneira\" \/>\n<meta name=\"twitter:site\" content=\"@APeneira\" \/>\n<meta name=\"twitter:label1\" content=\"Escrito por\" \/>\n\t<meta name=\"twitter:data1\" content=\"Redacci\u00f3n A Nova Peneira\" \/>\n\t<meta name=\"twitter:label2\" content=\"Tempo de lectura\" \/>\n\t<meta name=\"twitter:data2\" content=\"2 minutos\" \/>\n<script type=\"application\/ld+json\" class=\"yoast-schema-graph\">{\"@context\":\"https:\\\/\\\/schema.org\",\"@graph\":[{\"@type\":\"Article\",\"@id\":\"https:\\\/\\\/www.anovapeneira.gal\\\/index.php\\\/2023\\\/03\\\/09\\\/o-concello-de-salceda-acondiciona-a-escola-da-revolta-para-usos-comunitarios\\\/#article\",\"isPartOf\":{\"@id\":\"https:\\\/\\\/www.anovapeneira.gal\\\/index.php\\\/2023\\\/03\\\/09\\\/o-concello-de-salceda-acondiciona-a-escola-da-revolta-para-usos-comunitarios\\\/\"},\"author\":{\"name\":\"Redacci\u00f3n A Nova Peneira\",\"@id\":\"https:\\\/\\\/www.anovapeneira.gal\\\/#\\\/schema\\\/person\\\/b93e3f8932e3f8da96334607eb6ac6aa\"},\"headline\":\"O concello de Salceda acondiciona a escola da Revolta para usos comunitarios\",\"datePublished\":\"2023-03-09T11:00:15+00:00\",\"mainEntityOfPage\":{\"@id\":\"https:\\\/\\\/www.anovapeneira.gal\\\/index.php\\\/2023\\\/03\\\/09\\\/o-concello-de-salceda-acondiciona-a-escola-da-revolta-para-usos-comunitarios\\\/\"},\"wordCount\":237,\"commentCount\":0,\"publisher\":{\"@id\":\"https:\\\/\\\/www.anovapeneira.gal\\\/#organization\"},\"image\":{\"@id\":\"https:\\\/\\\/www.anovapeneira.gal\\\/index.php\\\/2023\\\/03\\\/09\\\/o-concello-de-salceda-acondiciona-a-escola-da-revolta-para-usos-comunitarios\\\/#primaryimage\"},\"thumbnailUrl\":\"https:\\\/\\\/www.anovapeneira.gal\\\/wp-content\\\/uploads\\\/2023\\\/03\\\/escola_da_revolta_salceda.jpg\",\"keywords\":[\"Concello de Salceda de Caselas\"],\"articleSection\":[\"A Louri\u00f1a\"],\"inLanguage\":\"gl-ES\",\"potentialAction\":[{\"@type\":\"CommentAction\",\"name\":\"Comment\",\"target\":[\"https:\\\/\\\/www.anovapeneira.gal\\\/index.php\\\/2023\\\/03\\\/09\\\/o-concello-de-salceda-acondiciona-a-escola-da-revolta-para-usos-comunitarios\\\/#respond\"]}]},{\"@type\":\"WebPage\",\"@id\":\"https:\\\/\\\/www.anovapeneira.gal\\\/index.php\\\/2023\\\/03\\\/09\\\/o-concello-de-salceda-acondiciona-a-escola-da-revolta-para-usos-comunitarios\\\/\",\"url\":\"https:\\\/\\\/www.anovapeneira.gal\\\/index.php\\\/2023\\\/03\\\/09\\\/o-concello-de-salceda-acondiciona-a-escola-da-revolta-para-usos-comunitarios\\\/\",\"name\":\"O concello de Salceda acondiciona a escola da Revolta para usos comunitarios -\",\"isPartOf\":{\"@id\":\"https:\\\/\\\/www.anovapeneira.gal\\\/#website\"},\"primaryImageOfPage\":{\"@id\":\"https:\\\/\\\/www.anovapeneira.gal\\\/index.php\\\/2023\\\/03\\\/09\\\/o-concello-de-salceda-acondiciona-a-escola-da-revolta-para-usos-comunitarios\\\/#primaryimage\"},\"image\":{\"@id\":\"https:\\\/\\\/www.anovapeneira.gal\\\/index.php\\\/2023\\\/03\\\/09\\\/o-concello-de-salceda-acondiciona-a-escola-da-revolta-para-usos-comunitarios\\\/#primaryimage\"},\"thumbnailUrl\":\"https:\\\/\\\/www.anovapeneira.gal\\\/wp-content\\\/uploads\\\/2023\\\/03\\\/escola_da_revolta_salceda.jpg\",\"datePublished\":\"2023-03-09T11:00:15+00:00\",\"description\":\"Nos \u00faltimos d\u00edas deron comezo as obras de acondicionamento e mellora da Escola da Revolta na parroquia de Parderrubias\",\"breadcrumb\":{\"@id\":\"https:\\\/\\\/www.anovapeneira.gal\\\/index.php\\\/2023\\\/03\\\/09\\\/o-concello-de-salceda-acondiciona-a-escola-da-revolta-para-usos-comunitarios\\\/#breadcrumb\"},\"inLanguage\":\"gl-ES\",\"potentialAction\":[{\"@type\":\"ReadAction\",\"target\":[\"https:\\\/\\\/www.anovapeneira.gal\\\/index.php\\\/2023\\\/03\\\/09\\\/o-concello-de-salceda-acondiciona-a-escola-da-revolta-para-usos-comunitarios\\\/\"]}]},{\"@type\":\"ImageObject\",\"inLanguage\":\"gl-ES\",\"@id\":\"https:\\\/\\\/www.anovapeneira.gal\\\/index.php\\\/2023\\\/03\\\/09\\\/o-concello-de-salceda-acondiciona-a-escola-da-revolta-para-usos-comunitarios\\\/#primaryimage\",\"url\":\"https:\\\/\\\/www.anovapeneira.gal\\\/wp-content\\\/uploads\\\/2023\\\/03\\\/escola_da_revolta_salceda.jpg\",\"contentUrl\":\"https:\\\/\\\/www.anovapeneira.gal\\\/wp-content\\\/uploads\\\/2023\\\/03\\\/escola_da_revolta_salceda.jpg\",\"width\":720,\"height\":432,\"caption\":\"O concello de Salceda acondiciona a escola da Revolta para usos comunitarios\"},{\"@type\":\"BreadcrumbList\",\"@id\":\"https:\\\/\\\/www.anovapeneira.gal\\\/index.php\\\/2023\\\/03\\\/09\\\/o-concello-de-salceda-acondiciona-a-escola-da-revolta-para-usos-comunitarios\\\/#breadcrumb\",\"itemListElement\":[{\"@type\":\"ListItem\",\"position\":1,\"name\":\"Portada\",\"item\":\"https:\\\/\\\/www.anovapeneira.gal\\\/\"},{\"@type\":\"ListItem\",\"position\":2,\"name\":\"O concello de Salceda acondiciona a escola da Revolta para usos comunitarios\"}]},{\"@type\":\"WebSite\",\"@id\":\"https:\\\/\\\/www.anovapeneira.gal\\\/#website\",\"url\":\"https:\\\/\\\/www.anovapeneira.gal\\\/\",\"name\":\"\",\"description\":\"Xornal galego de informaci\u00f3n xeral Publicaci\u00f3n mensual de novas de Galicia e en especial dos Concellos da sur da provincia de Pontevedra.\",\"publisher\":{\"@id\":\"https:\\\/\\\/www.anovapeneira.gal\\\/#organization\"},\"potentialAction\":[{\"@type\":\"SearchAction\",\"target\":{\"@type\":\"EntryPoint\",\"urlTemplate\":\"https:\\\/\\\/www.anovapeneira.gal\\\/?s={search_term_string}\"},\"query-input\":{\"@type\":\"PropertyValueSpecification\",\"valueRequired\":true,\"valueName\":\"search_term_string\"}}],\"inLanguage\":\"gl-ES\"},{\"@type\":\"Organization\",\"@id\":\"https:\\\/\\\/www.anovapeneira.gal\\\/#organization\",\"name\":\"A Nova Peneira\",\"url\":\"https:\\\/\\\/www.anovapeneira.gal\\\/\",\"logo\":{\"@type\":\"ImageObject\",\"inLanguage\":\"gl-ES\",\"@id\":\"https:\\\/\\\/www.anovapeneira.gal\\\/#\\\/schema\\\/logo\\\/image\\\/\",\"url\":\"http:\\\/\\\/www.anovapeneira.gal\\\/wp-content\\\/uploads\\\/2019\\\/06\\\/logo_a_nova_peneira_portal_web.png\",\"contentUrl\":\"http:\\\/\\\/www.anovapeneira.gal\\\/wp-content\\\/uploads\\\/2019\\\/06\\\/logo_a_nova_peneira_portal_web.png\",\"width\":300,\"height\":100,\"caption\":\"A Nova Peneira\"},\"image\":{\"@id\":\"https:\\\/\\\/www.anovapeneira.gal\\\/#\\\/schema\\\/logo\\\/image\\\/\"},\"sameAs\":[\"https:\\\/\\\/www.facebook.com\\\/anovapeneira\",\"https:\\\/\\\/x.com\\\/APeneira\"]},{\"@type\":\"Person\",\"@id\":\"https:\\\/\\\/www.anovapeneira.gal\\\/#\\\/schema\\\/person\\\/b93e3f8932e3f8da96334607eb6ac6aa\",\"name\":\"Redacci\u00f3n A Nova Peneira\",\"image\":{\"@type\":\"ImageObject\",\"inLanguage\":\"gl-ES\",\"@id\":\"https:\\\/\\\/secure.gravatar.com\\\/avatar\\\/c052a2551a06e23fac63626232eaa90abd78dbcf1700fc46a2b2c89fd27b735f?s=96&d=mm&r=g\",\"url\":\"https:\\\/\\\/secure.gravatar.com\\\/avatar\\\/c052a2551a06e23fac63626232eaa90abd78dbcf1700fc46a2b2c89fd27b735f?s=96&d=mm&r=g\",\"contentUrl\":\"https:\\\/\\\/secure.gravatar.com\\\/avatar\\\/c052a2551a06e23fac63626232eaa90abd78dbcf1700fc46a2b2c89fd27b735f?s=96&d=mm&r=g\",\"caption\":\"Redacci\u00f3n A Nova Peneira\"},\"sameAs\":[\"http:\\\/\\\/www.anovapeneira.gal\\\/\"],\"url\":\"https:\\\/\\\/www.anovapeneira.gal\\\/index.php\\\/author\\\/redactor\\\/\"}]}<\/script>\n<!-- \/ Yoast SEO plugin. -->","yoast_head_json":{"title":"O concello de Salceda acondiciona a escola da Revolta para usos comunitarios -","description":"Nos \u00faltimos d\u00edas deron comezo as obras de acondicionamento e mellora da Escola da Revolta na parroquia de Parderrubias","robots":{"index":"index","follow":"follow","max-snippet":"max-snippet:-1","max-image-preview":"max-image-preview:large","max-video-preview":"max-video-preview:-1"},"canonical":"https:\/\/www.anovapeneira.gal\/index.php\/2023\/03\/09\/o-concello-de-salceda-acondiciona-a-escola-da-revolta-para-usos-comunitarios\/","og_locale":"gl_ES","og_type":"article","og_title":"O concello de Salceda acondiciona a escola da Revolta para usos comunitarios -","og_description":"Nos \u00faltimos d\u00edas deron comezo as obras de acondicionamento e mellora da Escola da Revolta na parroquia de Parderrubias","og_url":"https:\/\/www.anovapeneira.gal\/index.php\/2023\/03\/09\/o-concello-de-salceda-acondiciona-a-escola-da-revolta-para-usos-comunitarios\/","article_publisher":"https:\/\/www.facebook.com\/anovapeneira","article_published_time":"2023-03-09T11:00:15+00:00","og_image":[{"width":720,"height":432,"url":"https:\/\/www.anovapeneira.gal\/wp-content\/uploads\/2023\/03\/escola_da_revolta_salceda.jpg","type":"image\/jpeg"}],"author":"Redacci\u00f3n A Nova Peneira","twitter_card":"summary_large_image","twitter_creator":"@APeneira","twitter_site":"@APeneira","twitter_misc":{"Escrito por":"Redacci\u00f3n A Nova Peneira","Tempo de lectura":"2 minutos"},"schema":{"@context":"https:\/\/schema.org","@graph":[{"@type":"Article","@id":"https:\/\/www.anovapeneira.gal\/index.php\/2023\/03\/09\/o-concello-de-salceda-acondiciona-a-escola-da-revolta-para-usos-comunitarios\/#article","isPartOf":{"@id":"https:\/\/www.anovapeneira.gal\/index.php\/2023\/03\/09\/o-concello-de-salceda-acondiciona-a-escola-da-revolta-para-usos-comunitarios\/"},"author":{"name":"Redacci\u00f3n A Nova Peneira","@id":"https:\/\/www.anovapeneira.gal\/#\/schema\/person\/b93e3f8932e3f8da96334607eb6ac6aa"},"headline":"O concello de Salceda acondiciona a escola da Revolta para usos comunitarios","datePublished":"2023-03-09T11:00:15+00:00","mainEntityOfPage":{"@id":"https:\/\/www.anovapeneira.gal\/index.php\/2023\/03\/09\/o-concello-de-salceda-acondiciona-a-escola-da-revolta-para-usos-comunitarios\/"},"wordCount":237,"commentCount":0,"publisher":{"@id":"https:\/\/www.anovapeneira.gal\/#organization"},"image":{"@id":"https:\/\/www.anovapeneira.gal\/index.php\/2023\/03\/09\/o-concello-de-salceda-acondiciona-a-escola-da-revolta-para-usos-comunitarios\/#primaryimage"},"thumbnailUrl":"https:\/\/www.anovapeneira.gal\/wp-content\/uploads\/2023\/03\/escola_da_revolta_salceda.jpg","keywords":["Concello de Salceda de Caselas"],"articleSection":["A Louri\u00f1a"],"inLanguage":"gl-ES","potentialAction":[{"@type":"CommentAction","name":"Comment","target":["https:\/\/www.anovapeneira.gal\/index.php\/2023\/03\/09\/o-concello-de-salceda-acondiciona-a-escola-da-revolta-para-usos-comunitarios\/#respond"]}]},{"@type":"WebPage","@id":"https:\/\/www.anovapeneira.gal\/index.php\/2023\/03\/09\/o-concello-de-salceda-acondiciona-a-escola-da-revolta-para-usos-comunitarios\/","url":"https:\/\/www.anovapeneira.gal\/index.php\/2023\/03\/09\/o-concello-de-salceda-acondiciona-a-escola-da-revolta-para-usos-comunitarios\/","name":"O concello de Salceda acondiciona a escola da Revolta para usos comunitarios -","isPartOf":{"@id":"https:\/\/www.anovapeneira.gal\/#website"},"primaryImageOfPage":{"@id":"https:\/\/www.anovapeneira.gal\/index.php\/2023\/03\/09\/o-concello-de-salceda-acondiciona-a-escola-da-revolta-para-usos-comunitarios\/#primaryimage"},"image":{"@id":"https:\/\/www.anovapeneira.gal\/index.php\/2023\/03\/09\/o-concello-de-salceda-acondiciona-a-escola-da-revolta-para-usos-comunitarios\/#primaryimage"},"thumbnailUrl":"https:\/\/www.anovapeneira.gal\/wp-content\/uploads\/2023\/03\/escola_da_revolta_salceda.jpg","datePublished":"2023-03-09T11:00:15+00:00","description":"Nos \u00faltimos d\u00edas deron comezo as obras de acondicionamento e mellora da Escola da Revolta na parroquia de Parderrubias","breadcrumb":{"@id":"https:\/\/www.anovapeneira.gal\/index.php\/2023\/03\/09\/o-concello-de-salceda-acondiciona-a-escola-da-revolta-para-usos-comunitarios\/#breadcrumb"},"inLanguage":"gl-ES","potentialAction":[{"@type":"ReadAction","target":["https:\/\/www.anovapeneira.gal\/index.php\/2023\/03\/09\/o-concello-de-salceda-acondiciona-a-escola-da-revolta-para-usos-comunitarios\/"]}]},{"@type":"ImageObject","inLanguage":"gl-ES","@id":"https:\/\/www.anovapeneira.gal\/index.php\/2023\/03\/09\/o-concello-de-salceda-acondiciona-a-escola-da-revolta-para-usos-comunitarios\/#primaryimage","url":"https:\/\/www.anovapeneira.gal\/wp-content\/uploads\/2023\/03\/escola_da_revolta_salceda.jpg","contentUrl":"https:\/\/www.anovapeneira.gal\/wp-content\/uploads\/2023\/03\/escola_da_revolta_salceda.jpg","width":720,"height":432,"caption":"O concello de Salceda acondiciona a escola da Revolta para usos comunitarios"},{"@type":"BreadcrumbList","@id":"https:\/\/www.anovapeneira.gal\/index.php\/2023\/03\/09\/o-concello-de-salceda-acondiciona-a-escola-da-revolta-para-usos-comunitarios\/#breadcrumb","itemListElement":[{"@type":"ListItem","position":1,"name":"Portada","item":"https:\/\/www.anovapeneira.gal\/"},{"@type":"ListItem","position":2,"name":"O concello de Salceda acondiciona a escola da Revolta para usos comunitarios"}]},{"@type":"WebSite","@id":"https:\/\/www.anovapeneira.gal\/#website","url":"https:\/\/www.anovapeneira.gal\/","name":"","description":"Xornal galego de informaci\u00f3n xeral Publicaci\u00f3n mensual de novas de Galicia e en especial dos Concellos da sur da provincia de Pontevedra.","publisher":{"@id":"https:\/\/www.anovapeneira.gal\/#organization"},"potentialAction":[{"@type":"SearchAction","target":{"@type":"EntryPoint","urlTemplate":"https:\/\/www.anovapeneira.gal\/?s={search_term_string}"},"query-input":{"@type":"PropertyValueSpecification","valueRequired":true,"valueName":"search_term_string"}}],"inLanguage":"gl-ES"},{"@type":"Organization","@id":"https:\/\/www.anovapeneira.gal\/#organization","name":"A Nova Peneira","url":"https:\/\/www.anovapeneira.gal\/","logo":{"@type":"ImageObject","inLanguage":"gl-ES","@id":"https:\/\/www.anovapeneira.gal\/#\/schema\/logo\/image\/","url":"http:\/\/www.anovapeneira.gal\/wp-content\/uploads\/2019\/06\/logo_a_nova_peneira_portal_web.png","contentUrl":"http:\/\/www.anovapeneira.gal\/wp-content\/uploads\/2019\/06\/logo_a_nova_peneira_portal_web.png","width":300,"height":100,"caption":"A Nova Peneira"},"image":{"@id":"https:\/\/www.anovapeneira.gal\/#\/schema\/logo\/image\/"},"sameAs":["https:\/\/www.facebook.com\/anovapeneira","https:\/\/x.com\/APeneira"]},{"@type":"Person","@id":"https:\/\/www.anovapeneira.gal\/#\/schema\/person\/b93e3f8932e3f8da96334607eb6ac6aa","name":"Redacci\u00f3n A Nova Peneira","image":{"@type":"ImageObject","inLanguage":"gl-ES","@id":"https:\/\/secure.gravatar.com\/avatar\/c052a2551a06e23fac63626232eaa90abd78dbcf1700fc46a2b2c89fd27b735f?s=96&d=mm&r=g","url":"https:\/\/secure.gravatar.com\/avatar\/c052a2551a06e23fac63626232eaa90abd78dbcf1700fc46a2b2c89fd27b735f?s=96&d=mm&r=g","contentUrl":"https:\/\/secure.gravatar.com\/avatar\/c052a2551a06e23fac63626232eaa90abd78dbcf1700fc46a2b2c89fd27b735f?s=96&d=mm&r=g","caption":"Redacci\u00f3n A Nova Peneira"},"sameAs":["http:\/\/www.anovapeneira.gal\/"],"url":"https:\/\/www.anovapeneira.gal\/index.php\/author\/redactor\/"}]}},"jetpack_featured_media_url":"https:\/\/www.anovapeneira.gal\/wp-content\/uploads\/2023\/03\/escola_da_revolta_salceda.jpg","_links":{"self":[{"href":"https:\/\/www.anovapeneira.gal\/index.php\/wp-json\/wp\/v2\/posts\/9238","targetHints":{"allow":["GET"]}}],"collection":[{"href":"https:\/\/www.anovapeneira.gal\/index.php\/wp-json\/wp\/v2\/posts"}],"about":[{"href":"https:\/\/www.anovapeneira.gal\/index.php\/wp-json\/wp\/v2\/types\/post"}],"author":[{"embeddable":true,"href":"https:\/\/www.anovapeneira.gal\/index.php\/wp-json\/wp\/v2\/users\/3"}],"replies":[{"embeddable":true,"href":"https:\/\/www.anovapeneira.gal\/index.php\/wp-json\/wp\/v2\/comments?post=9238"}],"version-history":[{"count":2,"href":"https:\/\/www.anovapeneira.gal\/index.php\/wp-json\/wp\/v2\/posts\/9238\/revisions"}],"predecessor-version":[{"id":9241,"href":"https:\/\/www.anovapeneira.gal\/index.php\/wp-json\/wp\/v2\/posts\/9238\/revisions\/9241"}],"wp:featuredmedia":[{"embeddable":true,"href":"https:\/\/www.anovapeneira.gal\/index.php\/wp-json\/wp\/v2\/media\/9239"}],"wp:attachment":[{"href":"https:\/\/www.anovapeneira.gal\/index.php\/wp-json\/wp\/v2\/media?parent=9238"}],"wp:term":[{"taxonomy":"category","embeddable":true,"href":"https:\/\/www.anovapeneira.gal\/index.php\/wp-json\/wp\/v2\/categories?post=9238"},{"taxonomy":"post_tag","embeddable":true,"href":"https:\/\/www.anovapeneira.gal\/index.php\/wp-json\/wp\/v2\/tags?post=9238"}],"curies":[{"name":"wp","href":"https:\/\/api.w.org\/{rel}","templated":true}]}}