{"id":925,"date":"2019-08-15T10:00:16","date_gmt":"2019-08-15T08:00:16","guid":{"rendered":"http:\/\/www.anovapeneira.gal\/?p=925"},"modified":"2019-08-12T21:24:59","modified_gmt":"2019-08-12T19:24:59","slug":"o-bng-homenaxea-as-madrinas-da-illa-da-memoria","status":"publish","type":"post","link":"https:\/\/www.anovapeneira.gal\/index.php\/2019\/08\/15\/o-bng-homenaxea-as-madrinas-da-illa-da-memoria\/","title":{"rendered":"O BNG homenaxea \u00e1s madri\u00f1as da illa da memoria"},"content":{"rendered":"\n<figure class=\"wp-block-image is-resized\"><img loading=\"lazy\" decoding=\"async\" src=\"http:\/\/www.anovapeneira.gal\/wp-content\/uploads\/2019\/04\/marcos_santos_opinion_a_nova_peneira_bn.jpg\" alt=\"Marcos Santos Artigo opini\u00f3n a Nova Peneira\" class=\"wp-image-198\" width=\"95\" height=\"111\"\/><figcaption> <strong>Marcos Santos<\/strong> <\/figcaption><\/figure>\n\n\n\n<p>Todo un exemplo de hero\u00edsmo e solidariedade son as chamadas Madri\u00f1as de San Sim\u00f3n, mulleres da Portela, Cesantes e Redondela, que foron quen de elaborar un tecido  solidario para  os presos do campo de concentraci\u00f3n franquista sito na mesma illa. Contan que tan s\u00f3 os familiares pod\u00edan escribir ou enviar paquetes ent\u00f3n fix\u00e9ronse Madri\u00f1as e arriscando a s\u00faa vida lavaban a roupa dos presos, fac\u00edanlle empanadas, e enviaban mensaxes de alento cosidas nas roupas acabadas de lavar, incluso serv\u00edan de nexo cos familiares de f\u00f3ra do pais galego cont\u00e1ndolles as penalidades diarias que lles fac\u00edan chegar por carta&#8230;<\/p>\n\n\n\n<p>O BNG o 20 de xullo  quixo render homenaxe as hero\u00ednas .Coa illa ao fondo como testemu\u00f1a, o grupo de teatro Mesturart  fixo unha performance na que mostraban un d\u00eda dos presos, dende que se ergu\u00edan ata que, despois de traballos forzados e atroces vexaci\u00f3ns, os que non eran fusilados ou afogados, \u00edanse a durmir extenuados, hacinados  uns enriba de outros establecendo quendas para cambiaren de postura. Ao final do acto a Poetisa Olga Nogueira interpretar\u00eda a canci\u00f3n do barco prisi\u00f3n Upo Mendi que cantaban os presos.<\/p>\n\n\n\n<p>Anxo Lusqui\u00f1os, responsable local do BNG,   na s\u00faa intervenci\u00f3n quixo salientar a valent\u00eda destas mulleres as\u00ed como o esquecemento por parte da antiga corporaci\u00f3n desa parte da historia  <\/p>\n\n\n\n<p>Por outra banda o deputado provincial\nLuis Bar\u00e1 prafraseou a Pilar Gallego: \u201cO das mulleres ten que\nquedar escrito porque o dos homes sempre queda escrito&#8221; exixindo\nun papel na historia para as  mulleres que coma as As Madri\u00f1as\nloitaron, arriscaron todo pola liberdade e polo ben estar dos presos.\nFinalmente quixo po\u00f1er de manifesto a nefasta pol\u00edtica da Xunta de\nGalicia empe\u00f1ada  en converter San Sim\u00f3n na illa do esquecemento \ncon festivais coma o &#8220;sen sal&#8221;, ceas medievais con canto\ngregoriano ou xogos de piratas na procura dun tesouro que xamais\nexistiu. \n<\/p>\n\n\n\n<p>Remataba o acto cunha emotiva ofrenda\nfloral que de seguro as Madri\u00f1as que non est\u00e1n,  soprando nas ondas\nda r\u00eda far\u00edan chegar aos seus afillados presos.<\/p>\n","protected":false},"excerpt":{"rendered":"<div class=\"mh-excerpt\"><p>Todo un exemplo de hero\u00edsmo e solidariedade son as chamadas Madri\u00f1as de San Sim\u00f3n, mulleres da Portela, Cesantes e Redondela, que foron quen de elaborar un tecido  solidario para  os presos do campo de concentraci\u00f3n franquista sito na mesma illa <a class=\"mh-excerpt-more\" href=\"https:\/\/www.anovapeneira.gal\/index.php\/2019\/08\/15\/o-bng-homenaxea-as-madrinas-da-illa-da-memoria\/\" title=\"O BNG homenaxea \u00e1s madri\u00f1as da illa da memoria\">[&#8230;]<\/a><\/p>\n<\/div>","protected":false},"author":6,"featured_media":926,"comment_status":"open","ping_status":"open","sticky":false,"template":"","format":"standard","meta":{"_exactmetrics_skip_tracking":false,"_exactmetrics_sitenote_active":false,"_exactmetrics_sitenote_note":"","_exactmetrics_sitenote_category":0,"footnotes":""},"categories":[24],"tags":[10,171,427,12,399],"class_list":{"0":"post-925","1":"post","2":"type-post","3":"status-publish","4":"format-standard","5":"has-post-thumbnail","7":"category-redondela","8":"tag-bng","9":"tag-concello-de-redondela","10":"tag-madrinas-da-illa","11":"tag-politica","12":"tag-san-simon"},"yoast_head":"<!-- This site is optimized with the Yoast SEO plugin v27.4 - https:\/\/yoast.com\/product\/yoast-seo-wordpress\/ -->\n<title>O BNG homenaxea \u00e1s madri\u00f1as da illa da memoria -<\/title>\n<meta name=\"robots\" content=\"index, follow, max-snippet:-1, max-image-preview:large, max-video-preview:-1\" \/>\n<link rel=\"canonical\" href=\"https:\/\/www.anovapeneira.gal\/index.php\/2019\/08\/15\/o-bng-homenaxea-as-madrinas-da-illa-da-memoria\/\" \/>\n<meta property=\"og:locale\" content=\"gl_ES\" \/>\n<meta property=\"og:type\" content=\"article\" \/>\n<meta property=\"og:title\" content=\"O BNG homenaxea \u00e1s madri\u00f1as da illa da memoria -\" \/>\n<meta property=\"og:description\" content=\"Todo un exemplo de hero\u00edsmo e solidariedade son as chamadas Madri\u00f1as de San Sim\u00f3n, mulleres da Portela, Cesantes e Redondela, que foron quen de elaborar un tecido solidario para os presos do campo de concentraci\u00f3n franquista sito na mesma illa [...]\" \/>\n<meta property=\"og:url\" content=\"https:\/\/www.anovapeneira.gal\/index.php\/2019\/08\/15\/o-bng-homenaxea-as-madrinas-da-illa-da-memoria\/\" \/>\n<meta property=\"article:publisher\" content=\"https:\/\/www.facebook.com\/anovapeneira\" \/>\n<meta property=\"article:published_time\" content=\"2019-08-15T08:00:16+00:00\" \/>\n<meta property=\"og:image\" content=\"https:\/\/www.anovapeneira.gal\/wp-content\/uploads\/2019\/08\/as_madrinas_de_San_simon_a_nova_peneira.jpg\" \/>\n\t<meta property=\"og:image:width\" content=\"720\" \/>\n\t<meta property=\"og:image:height\" content=\"473\" \/>\n\t<meta property=\"og:image:type\" content=\"image\/jpeg\" \/>\n<meta name=\"author\" content=\"Marcos Santos\" \/>\n<meta name=\"twitter:card\" content=\"summary_large_image\" \/>\n<meta name=\"twitter:creator\" content=\"@APeneira\" \/>\n<meta name=\"twitter:site\" content=\"@APeneira\" \/>\n<meta name=\"twitter:label1\" content=\"Escrito por\" \/>\n\t<meta name=\"twitter:data1\" content=\"Marcos Santos\" \/>\n\t<meta name=\"twitter:label2\" content=\"Tempo de lectura\" \/>\n\t<meta name=\"twitter:data2\" content=\"2 minutos\" \/>\n<script type=\"application\/ld+json\" class=\"yoast-schema-graph\">{\"@context\":\"https:\\\/\\\/schema.org\",\"@graph\":[{\"@type\":\"Article\",\"@id\":\"https:\\\/\\\/www.anovapeneira.gal\\\/index.php\\\/2019\\\/08\\\/15\\\/o-bng-homenaxea-as-madrinas-da-illa-da-memoria\\\/#article\",\"isPartOf\":{\"@id\":\"https:\\\/\\\/www.anovapeneira.gal\\\/index.php\\\/2019\\\/08\\\/15\\\/o-bng-homenaxea-as-madrinas-da-illa-da-memoria\\\/\"},\"author\":{\"name\":\"Marcos Santos\",\"@id\":\"https:\\\/\\\/www.anovapeneira.gal\\\/#\\\/schema\\\/person\\\/d9d84823564720e7593293bab054e52d\"},\"headline\":\"O BNG homenaxea \u00e1s madri\u00f1as da illa da memoria\",\"datePublished\":\"2019-08-15T08:00:16+00:00\",\"mainEntityOfPage\":{\"@id\":\"https:\\\/\\\/www.anovapeneira.gal\\\/index.php\\\/2019\\\/08\\\/15\\\/o-bng-homenaxea-as-madrinas-da-illa-da-memoria\\\/\"},\"wordCount\":379,\"commentCount\":0,\"publisher\":{\"@id\":\"https:\\\/\\\/www.anovapeneira.gal\\\/#organization\"},\"image\":{\"@id\":\"https:\\\/\\\/www.anovapeneira.gal\\\/index.php\\\/2019\\\/08\\\/15\\\/o-bng-homenaxea-as-madrinas-da-illa-da-memoria\\\/#primaryimage\"},\"thumbnailUrl\":\"https:\\\/\\\/www.anovapeneira.gal\\\/wp-content\\\/uploads\\\/2019\\\/08\\\/as_madrinas_de_San_simon_a_nova_peneira.jpg\",\"keywords\":[\"BNG\",\"Concello de Redondela\",\"Madri\u00f1as da illa\",\"Pol\u00edtica\",\"San Sim\u00f3n\"],\"articleSection\":[\"Redondela\"],\"inLanguage\":\"gl-ES\",\"potentialAction\":[{\"@type\":\"CommentAction\",\"name\":\"Comment\",\"target\":[\"https:\\\/\\\/www.anovapeneira.gal\\\/index.php\\\/2019\\\/08\\\/15\\\/o-bng-homenaxea-as-madrinas-da-illa-da-memoria\\\/#respond\"]}]},{\"@type\":\"WebPage\",\"@id\":\"https:\\\/\\\/www.anovapeneira.gal\\\/index.php\\\/2019\\\/08\\\/15\\\/o-bng-homenaxea-as-madrinas-da-illa-da-memoria\\\/\",\"url\":\"https:\\\/\\\/www.anovapeneira.gal\\\/index.php\\\/2019\\\/08\\\/15\\\/o-bng-homenaxea-as-madrinas-da-illa-da-memoria\\\/\",\"name\":\"O BNG homenaxea \u00e1s madri\u00f1as da illa da memoria -\",\"isPartOf\":{\"@id\":\"https:\\\/\\\/www.anovapeneira.gal\\\/#website\"},\"primaryImageOfPage\":{\"@id\":\"https:\\\/\\\/www.anovapeneira.gal\\\/index.php\\\/2019\\\/08\\\/15\\\/o-bng-homenaxea-as-madrinas-da-illa-da-memoria\\\/#primaryimage\"},\"image\":{\"@id\":\"https:\\\/\\\/www.anovapeneira.gal\\\/index.php\\\/2019\\\/08\\\/15\\\/o-bng-homenaxea-as-madrinas-da-illa-da-memoria\\\/#primaryimage\"},\"thumbnailUrl\":\"https:\\\/\\\/www.anovapeneira.gal\\\/wp-content\\\/uploads\\\/2019\\\/08\\\/as_madrinas_de_San_simon_a_nova_peneira.jpg\",\"datePublished\":\"2019-08-15T08:00:16+00:00\",\"breadcrumb\":{\"@id\":\"https:\\\/\\\/www.anovapeneira.gal\\\/index.php\\\/2019\\\/08\\\/15\\\/o-bng-homenaxea-as-madrinas-da-illa-da-memoria\\\/#breadcrumb\"},\"inLanguage\":\"gl-ES\",\"potentialAction\":[{\"@type\":\"ReadAction\",\"target\":[\"https:\\\/\\\/www.anovapeneira.gal\\\/index.php\\\/2019\\\/08\\\/15\\\/o-bng-homenaxea-as-madrinas-da-illa-da-memoria\\\/\"]}]},{\"@type\":\"ImageObject\",\"inLanguage\":\"gl-ES\",\"@id\":\"https:\\\/\\\/www.anovapeneira.gal\\\/index.php\\\/2019\\\/08\\\/15\\\/o-bng-homenaxea-as-madrinas-da-illa-da-memoria\\\/#primaryimage\",\"url\":\"https:\\\/\\\/www.anovapeneira.gal\\\/wp-content\\\/uploads\\\/2019\\\/08\\\/as_madrinas_de_San_simon_a_nova_peneira.jpg\",\"contentUrl\":\"https:\\\/\\\/www.anovapeneira.gal\\\/wp-content\\\/uploads\\\/2019\\\/08\\\/as_madrinas_de_San_simon_a_nova_peneira.jpg\",\"width\":720,\"height\":473,\"caption\":\"As Madri\u00f1as Concello Redondela A Nova Peneira\"},{\"@type\":\"BreadcrumbList\",\"@id\":\"https:\\\/\\\/www.anovapeneira.gal\\\/index.php\\\/2019\\\/08\\\/15\\\/o-bng-homenaxea-as-madrinas-da-illa-da-memoria\\\/#breadcrumb\",\"itemListElement\":[{\"@type\":\"ListItem\",\"position\":1,\"name\":\"Portada\",\"item\":\"https:\\\/\\\/www.anovapeneira.gal\\\/\"},{\"@type\":\"ListItem\",\"position\":2,\"name\":\"O BNG homenaxea \u00e1s madri\u00f1as da illa da memoria\"}]},{\"@type\":\"WebSite\",\"@id\":\"https:\\\/\\\/www.anovapeneira.gal\\\/#website\",\"url\":\"https:\\\/\\\/www.anovapeneira.gal\\\/\",\"name\":\"\",\"description\":\"Xornal galego de informaci\u00f3n xeral Publicaci\u00f3n mensual de novas de Galicia e en especial dos Concellos da sur da provincia de Pontevedra.\",\"publisher\":{\"@id\":\"https:\\\/\\\/www.anovapeneira.gal\\\/#organization\"},\"potentialAction\":[{\"@type\":\"SearchAction\",\"target\":{\"@type\":\"EntryPoint\",\"urlTemplate\":\"https:\\\/\\\/www.anovapeneira.gal\\\/?s={search_term_string}\"},\"query-input\":{\"@type\":\"PropertyValueSpecification\",\"valueRequired\":true,\"valueName\":\"search_term_string\"}}],\"inLanguage\":\"gl-ES\"},{\"@type\":\"Organization\",\"@id\":\"https:\\\/\\\/www.anovapeneira.gal\\\/#organization\",\"name\":\"A Nova Peneira\",\"url\":\"https:\\\/\\\/www.anovapeneira.gal\\\/\",\"logo\":{\"@type\":\"ImageObject\",\"inLanguage\":\"gl-ES\",\"@id\":\"https:\\\/\\\/www.anovapeneira.gal\\\/#\\\/schema\\\/logo\\\/image\\\/\",\"url\":\"http:\\\/\\\/www.anovapeneira.gal\\\/wp-content\\\/uploads\\\/2019\\\/06\\\/logo_a_nova_peneira_portal_web.png\",\"contentUrl\":\"http:\\\/\\\/www.anovapeneira.gal\\\/wp-content\\\/uploads\\\/2019\\\/06\\\/logo_a_nova_peneira_portal_web.png\",\"width\":300,\"height\":100,\"caption\":\"A Nova Peneira\"},\"image\":{\"@id\":\"https:\\\/\\\/www.anovapeneira.gal\\\/#\\\/schema\\\/logo\\\/image\\\/\"},\"sameAs\":[\"https:\\\/\\\/www.facebook.com\\\/anovapeneira\",\"https:\\\/\\\/x.com\\\/APeneira\"]},{\"@type\":\"Person\",\"@id\":\"https:\\\/\\\/www.anovapeneira.gal\\\/#\\\/schema\\\/person\\\/d9d84823564720e7593293bab054e52d\",\"name\":\"Marcos Santos\",\"image\":{\"@type\":\"ImageObject\",\"inLanguage\":\"gl-ES\",\"@id\":\"https:\\\/\\\/secure.gravatar.com\\\/avatar\\\/0e8017099a7a47c0a9d2275e865fe326484561eb3d70649069e4b8e61a8d2e8c?s=96&d=mm&r=g\",\"url\":\"https:\\\/\\\/secure.gravatar.com\\\/avatar\\\/0e8017099a7a47c0a9d2275e865fe326484561eb3d70649069e4b8e61a8d2e8c?s=96&d=mm&r=g\",\"contentUrl\":\"https:\\\/\\\/secure.gravatar.com\\\/avatar\\\/0e8017099a7a47c0a9d2275e865fe326484561eb3d70649069e4b8e61a8d2e8c?s=96&d=mm&r=g\",\"caption\":\"Marcos Santos\"},\"sameAs\":[\"http:\\\/\\\/anovapeneira.gal\"],\"url\":\"https:\\\/\\\/www.anovapeneira.gal\\\/index.php\\\/author\\\/marcos-santos\\\/\"}]}<\/script>\n<!-- \/ Yoast SEO plugin. -->","yoast_head_json":{"title":"O BNG homenaxea \u00e1s madri\u00f1as da illa da memoria -","robots":{"index":"index","follow":"follow","max-snippet":"max-snippet:-1","max-image-preview":"max-image-preview:large","max-video-preview":"max-video-preview:-1"},"canonical":"https:\/\/www.anovapeneira.gal\/index.php\/2019\/08\/15\/o-bng-homenaxea-as-madrinas-da-illa-da-memoria\/","og_locale":"gl_ES","og_type":"article","og_title":"O BNG homenaxea \u00e1s madri\u00f1as da illa da memoria -","og_description":"Todo un exemplo de hero\u00edsmo e solidariedade son as chamadas Madri\u00f1as de San Sim\u00f3n, mulleres da Portela, Cesantes e Redondela, que foron quen de elaborar un tecido solidario para os presos do campo de concentraci\u00f3n franquista sito na mesma illa [...]","og_url":"https:\/\/www.anovapeneira.gal\/index.php\/2019\/08\/15\/o-bng-homenaxea-as-madrinas-da-illa-da-memoria\/","article_publisher":"https:\/\/www.facebook.com\/anovapeneira","article_published_time":"2019-08-15T08:00:16+00:00","og_image":[{"width":720,"height":473,"url":"https:\/\/www.anovapeneira.gal\/wp-content\/uploads\/2019\/08\/as_madrinas_de_San_simon_a_nova_peneira.jpg","type":"image\/jpeg"}],"author":"Marcos Santos","twitter_card":"summary_large_image","twitter_creator":"@APeneira","twitter_site":"@APeneira","twitter_misc":{"Escrito por":"Marcos Santos","Tempo de lectura":"2 minutos"},"schema":{"@context":"https:\/\/schema.org","@graph":[{"@type":"Article","@id":"https:\/\/www.anovapeneira.gal\/index.php\/2019\/08\/15\/o-bng-homenaxea-as-madrinas-da-illa-da-memoria\/#article","isPartOf":{"@id":"https:\/\/www.anovapeneira.gal\/index.php\/2019\/08\/15\/o-bng-homenaxea-as-madrinas-da-illa-da-memoria\/"},"author":{"name":"Marcos Santos","@id":"https:\/\/www.anovapeneira.gal\/#\/schema\/person\/d9d84823564720e7593293bab054e52d"},"headline":"O BNG homenaxea \u00e1s madri\u00f1as da illa da memoria","datePublished":"2019-08-15T08:00:16+00:00","mainEntityOfPage":{"@id":"https:\/\/www.anovapeneira.gal\/index.php\/2019\/08\/15\/o-bng-homenaxea-as-madrinas-da-illa-da-memoria\/"},"wordCount":379,"commentCount":0,"publisher":{"@id":"https:\/\/www.anovapeneira.gal\/#organization"},"image":{"@id":"https:\/\/www.anovapeneira.gal\/index.php\/2019\/08\/15\/o-bng-homenaxea-as-madrinas-da-illa-da-memoria\/#primaryimage"},"thumbnailUrl":"https:\/\/www.anovapeneira.gal\/wp-content\/uploads\/2019\/08\/as_madrinas_de_San_simon_a_nova_peneira.jpg","keywords":["BNG","Concello de Redondela","Madri\u00f1as da illa","Pol\u00edtica","San Sim\u00f3n"],"articleSection":["Redondela"],"inLanguage":"gl-ES","potentialAction":[{"@type":"CommentAction","name":"Comment","target":["https:\/\/www.anovapeneira.gal\/index.php\/2019\/08\/15\/o-bng-homenaxea-as-madrinas-da-illa-da-memoria\/#respond"]}]},{"@type":"WebPage","@id":"https:\/\/www.anovapeneira.gal\/index.php\/2019\/08\/15\/o-bng-homenaxea-as-madrinas-da-illa-da-memoria\/","url":"https:\/\/www.anovapeneira.gal\/index.php\/2019\/08\/15\/o-bng-homenaxea-as-madrinas-da-illa-da-memoria\/","name":"O BNG homenaxea \u00e1s madri\u00f1as da illa da memoria -","isPartOf":{"@id":"https:\/\/www.anovapeneira.gal\/#website"},"primaryImageOfPage":{"@id":"https:\/\/www.anovapeneira.gal\/index.php\/2019\/08\/15\/o-bng-homenaxea-as-madrinas-da-illa-da-memoria\/#primaryimage"},"image":{"@id":"https:\/\/www.anovapeneira.gal\/index.php\/2019\/08\/15\/o-bng-homenaxea-as-madrinas-da-illa-da-memoria\/#primaryimage"},"thumbnailUrl":"https:\/\/www.anovapeneira.gal\/wp-content\/uploads\/2019\/08\/as_madrinas_de_San_simon_a_nova_peneira.jpg","datePublished":"2019-08-15T08:00:16+00:00","breadcrumb":{"@id":"https:\/\/www.anovapeneira.gal\/index.php\/2019\/08\/15\/o-bng-homenaxea-as-madrinas-da-illa-da-memoria\/#breadcrumb"},"inLanguage":"gl-ES","potentialAction":[{"@type":"ReadAction","target":["https:\/\/www.anovapeneira.gal\/index.php\/2019\/08\/15\/o-bng-homenaxea-as-madrinas-da-illa-da-memoria\/"]}]},{"@type":"ImageObject","inLanguage":"gl-ES","@id":"https:\/\/www.anovapeneira.gal\/index.php\/2019\/08\/15\/o-bng-homenaxea-as-madrinas-da-illa-da-memoria\/#primaryimage","url":"https:\/\/www.anovapeneira.gal\/wp-content\/uploads\/2019\/08\/as_madrinas_de_San_simon_a_nova_peneira.jpg","contentUrl":"https:\/\/www.anovapeneira.gal\/wp-content\/uploads\/2019\/08\/as_madrinas_de_San_simon_a_nova_peneira.jpg","width":720,"height":473,"caption":"As Madri\u00f1as Concello Redondela A Nova Peneira"},{"@type":"BreadcrumbList","@id":"https:\/\/www.anovapeneira.gal\/index.php\/2019\/08\/15\/o-bng-homenaxea-as-madrinas-da-illa-da-memoria\/#breadcrumb","itemListElement":[{"@type":"ListItem","position":1,"name":"Portada","item":"https:\/\/www.anovapeneira.gal\/"},{"@type":"ListItem","position":2,"name":"O BNG homenaxea \u00e1s madri\u00f1as da illa da memoria"}]},{"@type":"WebSite","@id":"https:\/\/www.anovapeneira.gal\/#website","url":"https:\/\/www.anovapeneira.gal\/","name":"","description":"Xornal galego de informaci\u00f3n xeral Publicaci\u00f3n mensual de novas de Galicia e en especial dos Concellos da sur da provincia de Pontevedra.","publisher":{"@id":"https:\/\/www.anovapeneira.gal\/#organization"},"potentialAction":[{"@type":"SearchAction","target":{"@type":"EntryPoint","urlTemplate":"https:\/\/www.anovapeneira.gal\/?s={search_term_string}"},"query-input":{"@type":"PropertyValueSpecification","valueRequired":true,"valueName":"search_term_string"}}],"inLanguage":"gl-ES"},{"@type":"Organization","@id":"https:\/\/www.anovapeneira.gal\/#organization","name":"A Nova Peneira","url":"https:\/\/www.anovapeneira.gal\/","logo":{"@type":"ImageObject","inLanguage":"gl-ES","@id":"https:\/\/www.anovapeneira.gal\/#\/schema\/logo\/image\/","url":"http:\/\/www.anovapeneira.gal\/wp-content\/uploads\/2019\/06\/logo_a_nova_peneira_portal_web.png","contentUrl":"http:\/\/www.anovapeneira.gal\/wp-content\/uploads\/2019\/06\/logo_a_nova_peneira_portal_web.png","width":300,"height":100,"caption":"A Nova Peneira"},"image":{"@id":"https:\/\/www.anovapeneira.gal\/#\/schema\/logo\/image\/"},"sameAs":["https:\/\/www.facebook.com\/anovapeneira","https:\/\/x.com\/APeneira"]},{"@type":"Person","@id":"https:\/\/www.anovapeneira.gal\/#\/schema\/person\/d9d84823564720e7593293bab054e52d","name":"Marcos Santos","image":{"@type":"ImageObject","inLanguage":"gl-ES","@id":"https:\/\/secure.gravatar.com\/avatar\/0e8017099a7a47c0a9d2275e865fe326484561eb3d70649069e4b8e61a8d2e8c?s=96&d=mm&r=g","url":"https:\/\/secure.gravatar.com\/avatar\/0e8017099a7a47c0a9d2275e865fe326484561eb3d70649069e4b8e61a8d2e8c?s=96&d=mm&r=g","contentUrl":"https:\/\/secure.gravatar.com\/avatar\/0e8017099a7a47c0a9d2275e865fe326484561eb3d70649069e4b8e61a8d2e8c?s=96&d=mm&r=g","caption":"Marcos Santos"},"sameAs":["http:\/\/anovapeneira.gal"],"url":"https:\/\/www.anovapeneira.gal\/index.php\/author\/marcos-santos\/"}]}},"jetpack_featured_media_url":"https:\/\/www.anovapeneira.gal\/wp-content\/uploads\/2019\/08\/as_madrinas_de_San_simon_a_nova_peneira.jpg","_links":{"self":[{"href":"https:\/\/www.anovapeneira.gal\/index.php\/wp-json\/wp\/v2\/posts\/925","targetHints":{"allow":["GET"]}}],"collection":[{"href":"https:\/\/www.anovapeneira.gal\/index.php\/wp-json\/wp\/v2\/posts"}],"about":[{"href":"https:\/\/www.anovapeneira.gal\/index.php\/wp-json\/wp\/v2\/types\/post"}],"author":[{"embeddable":true,"href":"https:\/\/www.anovapeneira.gal\/index.php\/wp-json\/wp\/v2\/users\/6"}],"replies":[{"embeddable":true,"href":"https:\/\/www.anovapeneira.gal\/index.php\/wp-json\/wp\/v2\/comments?post=925"}],"version-history":[{"count":1,"href":"https:\/\/www.anovapeneira.gal\/index.php\/wp-json\/wp\/v2\/posts\/925\/revisions"}],"predecessor-version":[{"id":927,"href":"https:\/\/www.anovapeneira.gal\/index.php\/wp-json\/wp\/v2\/posts\/925\/revisions\/927"}],"wp:featuredmedia":[{"embeddable":true,"href":"https:\/\/www.anovapeneira.gal\/index.php\/wp-json\/wp\/v2\/media\/926"}],"wp:attachment":[{"href":"https:\/\/www.anovapeneira.gal\/index.php\/wp-json\/wp\/v2\/media?parent=925"}],"wp:term":[{"taxonomy":"category","embeddable":true,"href":"https:\/\/www.anovapeneira.gal\/index.php\/wp-json\/wp\/v2\/categories?post=925"},{"taxonomy":"post_tag","embeddable":true,"href":"https:\/\/www.anovapeneira.gal\/index.php\/wp-json\/wp\/v2\/tags?post=925"}],"curies":[{"name":"wp","href":"https:\/\/api.w.org\/{rel}","templated":true}]}}