{"id":9258,"date":"2023-03-13T10:00:04","date_gmt":"2023-03-13T09:00:04","guid":{"rendered":"https:\/\/www.anovapeneira.gal\/?p=9258"},"modified":"2023-03-09T11:42:57","modified_gmt":"2023-03-09T10:42:57","slug":"ence-fora-a-loita-continua","status":"publish","type":"post","link":"https:\/\/www.anovapeneira.gal\/index.php\/2023\/03\/13\/ence-fora-a-loita-continua\/","title":{"rendered":"ENCE f\u00f3ra, a loita contin\u00faa"},"content":{"rendered":"\n<figure class=\"wp-block-image size-full is-resized\"><img loading=\"lazy\" decoding=\"async\" src=\"https:\/\/www.anovapeneira.gal\/wp-content\/uploads\/2019\/07\/pedro_cortegoso_opinion_a_nova_peneira_bn.jpg\" alt=\"Pedro M. Cortegoso Gago Artigo Opini\u00f3n A Nova Peneira\" class=\"wp-image-464\" width=\"95\" height=\"111\"\/><figcaption class=\"wp-element-caption\">Pedro M. Cortegoso Gago\nTraballador do Sergas<\/figcaption><\/figure>\n\n\n\n<p>A historia de ENCE \u00e9 un reflexo da recente historia do estado espa\u00f1ol, do franquismo ao r\u00e9xime do 78. Foi unha f\u00e1brica imposta pola forza por unha ditadura e que se vai manter na r\u00eda por unha sentenza dunha xudicatura que da noite \u00e1 ma\u00f1\u00e1 converteuse en \u201cdemocr\u00e1tica\u201d.<\/p>\n\n\n\n<p>Unha vez m\u00e1is a xustiza \u00e9 torta. Mira para a dereita e d\u00e1lle a raz\u00f3n a que non a ten. Por\u00e9n, non \u00e9 nada anormal, non n\u00f3s levemos a engano. Quen manda nun sistema capitalista \u00e9 a burgues\u00eda. A divisi\u00f3n de poderes entre lexislativo, executivo e xudicial s\u00f3 \u00e9 un lema propagand\u00edstico para enganarnos. Non existe a separaci\u00f3n, s\u00f3 hai un poder, o poder do capital. V\u00edmolo moi claro durante estes anos no maltrato xudicial a galegos, vascos e catal\u00e1ns, a represi\u00f3n a artistas e rapeiros, mentres pol\u00edticos e empresarios corruptos desfrutaban e desfrutan dunha xustiza benevolente e comprensiva. Est\u00e1molo a ver.<\/p>\n\n\n\n<p>Con esta sentenza teremos que aturar, se non o impedimos, moitos anos m\u00e1is de cheiros e fumes, de contaminaci\u00f3n da r\u00eda. Os nosos montes seguir\u00e1n transform\u00e1ndose en grandes latifundios de eucaliptos. ENCE continuar\u00e1 ditando a pol\u00edtica forestal da Xunta e recibindo trato de favor, sen pagar terreo, sen pagar a auga e pagando impostos en Madrid.<\/p>\n\n\n\n<p>Mais non s\u00f3 temos o problema de ENCE e a s\u00faa pol\u00edtica forestal. Galiza vai ter que enfrontar novas agresi\u00f3ns ao seu territorio para satisfacer as necesidades enerx\u00e9ticas de outros. Da man da Uni\u00f3n Europea, o estado espa\u00f1ol e a Xunta os nosos montes e os nosos mares vanse inzar de mu\u00ed\u00f1os de vento.<\/p>\n\n\n\n<p>Xa te\u00f1en planificado o noso futuro sen contar con n\u00f3s. Van converternos nunha enorme central el\u00e9ctrica e nun inmenso latifundio de eucaliptos, van desmantelar o noso sector pesqueiro prohib\u00edndonos traballar e van facer invi\u00e1bel a vida nun rural arrodeado de e\u00f3licos e eucaliptos.<\/p>\n\n\n\n<p>Coa escusa da implantaci\u00f3n de enerx\u00edas \u201climpas e verdes\u201d para diminu\u00edr a contaminaci\u00f3n atoparon un novo nicho de negocio onde especular e seguir chuch\u00e1ndonos. Algu\u00e9n pensa que detr\u00e1s dos e\u00f3licos, o hidr\u00f3xeno verde e as placas solares est\u00e1 o interese en salvar o planeta? Algu\u00e9n cre que os especuladores est\u00e1n interesados no medio ambiente? O negocio, s\u00f3 miran no negocio e na forma de seguir ga\u00f1ando cartos.<\/p>\n\n\n\n<p>Promoven o falso ecoloxismo nos anuncios de televisi\u00f3n mentres desf\u00e1n os nosos montes afectando \u00e1 flora, \u00e1 fauna e ao modo de vida das persoas que viven no rural galego. Pretenden arrasar os caladoiros de pesca para colocar enormes plataformas flotantes con mu\u00ed\u00f1os de vento sen importarlles o futuro de miles de postos de traballo reais.<\/p>\n\n\n\n<p>V\u00e9ndennos a moto dos postos de traballo con titulares maliciosos nos medios. <em>\u201c<\/em><em>Galicia crecer\u00e1 en la e\u00f3lica marina con barcos auxiliares, cableado y log\u00edstica\u201d<\/em>. Cada vez que n\u00f3s queren meter un gol e colarnos un proxecto prexudicial para os intereses do pobo galego v\u00e9\u00f1enos coa milonga dos postos de traballo, como os inexistentes cinco mil de ENCE.<\/p>\n\n\n\n<p>Canta xente traballa nun parque e\u00f3lico? Dous de mantemento e os oficinistas de Madrid que controlan o seu funcionamento. Coa e\u00f3lica mari\u00f1a vai pasar o mesmo. Traballo na construci\u00f3n dos parques e despois o mesmo, dous nunha lancha a controlar os mu\u00ed\u00f1os e os de Madrid a prendelos e apagalos.<\/p>\n\n\n\n<p>E os beneficios? E a electricidade producida? A onde van ir? Xa sabemos a resposta, a Madrid. E Madrid \u00e9 sin\u00f3nimo de fondo de investimento e para\u00edso fiscal. Galiza \u00e9 como un pa\u00eds africano colonizado por europeos, Galiza \u00e9 unha colonia de Espa\u00f1a. Producimos eucaliptos, electricidade e man de obra para encher \u00e1 metr\u00f3pole.<\/p>\n\n\n\n<p>Mais vale s\u00f3s que mal acompa\u00f1ados, de Espa\u00f1a e a Uni\u00f3n Europea nin as flores.<\/p>\n\n\n\n<p>Mar\u00edn, 3 de marzo de 2023.<\/p>\n\n\n\n<p>Asdo.: Pedro M. Cortegoso Gago.<\/p>\n","protected":false},"excerpt":{"rendered":"<div class=\"mh-excerpt\"><p>A historia de ENCE \u00e9 un reflexo da recente historia do estado espa\u00f1ol, do franquismo ao r\u00e9xime do 78. <a class=\"mh-excerpt-more\" href=\"https:\/\/www.anovapeneira.gal\/index.php\/2023\/03\/13\/ence-fora-a-loita-continua\/\" title=\"ENCE f\u00f3ra, a loita contin\u00faa\">[&#8230;]<\/a><\/p>\n<\/div>","protected":false},"author":4,"featured_media":584,"comment_status":"open","ping_status":"open","sticky":false,"template":"","format":"standard","meta":{"_exactmetrics_skip_tracking":false,"_exactmetrics_sitenote_active":false,"_exactmetrics_sitenote_note":"","_exactmetrics_sitenote_category":0,"footnotes":""},"categories":[7],"tags":[144],"class_list":{"0":"post-9258","1":"post","2":"type-post","3":"status-publish","4":"format-standard","5":"has-post-thumbnail","7":"category-artigos-de-opinion","8":"tag-concello-de-marin"},"yoast_head":"<!-- This site is optimized with the Yoast SEO plugin v27.4 - https:\/\/yoast.com\/product\/yoast-seo-wordpress\/ -->\n<title>ENCE f\u00f3ra, a loita contin\u00faa -<\/title>\n<meta name=\"description\" content=\"A historia de ENCE \u00e9 un reflexo da recente historia do estado espa\u00f1ol, do franquismo ao r\u00e9xime do 78.\" \/>\n<meta name=\"robots\" content=\"index, follow, max-snippet:-1, max-image-preview:large, max-video-preview:-1\" \/>\n<link rel=\"canonical\" href=\"https:\/\/www.anovapeneira.gal\/index.php\/2023\/03\/13\/ence-fora-a-loita-continua\/\" \/>\n<meta property=\"og:locale\" content=\"gl_ES\" \/>\n<meta property=\"og:type\" content=\"article\" \/>\n<meta property=\"og:title\" content=\"ENCE f\u00f3ra, a loita contin\u00faa -\" \/>\n<meta property=\"og:description\" content=\"A historia de ENCE \u00e9 un reflexo da recente historia do estado espa\u00f1ol, do franquismo ao r\u00e9xime do 78.\" \/>\n<meta property=\"og:url\" content=\"https:\/\/www.anovapeneira.gal\/index.php\/2023\/03\/13\/ence-fora-a-loita-continua\/\" \/>\n<meta property=\"article:publisher\" content=\"https:\/\/www.facebook.com\/anovapeneira\" \/>\n<meta property=\"article:published_time\" content=\"2023-03-13T09:00:04+00:00\" \/>\n<meta property=\"og:image\" content=\"https:\/\/www.anovapeneira.gal\/wp-content\/uploads\/2019\/07\/ARTIGO_DE_OPINION_A_NOVA_PENEIRA.jpg\" \/>\n\t<meta property=\"og:image:width\" content=\"720\" \/>\n\t<meta property=\"og:image:height\" content=\"473\" \/>\n\t<meta property=\"og:image:type\" content=\"image\/jpeg\" \/>\n<meta name=\"author\" content=\"Pedro M. Cortegoso Gago\" \/>\n<meta name=\"twitter:card\" content=\"summary_large_image\" \/>\n<meta name=\"twitter:image\" content=\"https:\/\/www.anovapeneira.gal\/wp-content\/uploads\/2019\/07\/ARTIGO_DE_OPINION_A_NOVA_PENEIRA.jpg\" \/>\n<meta name=\"twitter:creator\" content=\"@APeneira\" \/>\n<meta name=\"twitter:site\" content=\"@APeneira\" \/>\n<meta name=\"twitter:label1\" content=\"Escrito por\" \/>\n\t<meta name=\"twitter:data1\" content=\"Pedro M. Cortegoso Gago\" \/>\n\t<meta name=\"twitter:label2\" content=\"Tempo de lectura\" \/>\n\t<meta name=\"twitter:data2\" content=\"4 minutos\" \/>\n<script type=\"application\/ld+json\" class=\"yoast-schema-graph\">{\"@context\":\"https:\\\/\\\/schema.org\",\"@graph\":[{\"@type\":\"Article\",\"@id\":\"https:\\\/\\\/www.anovapeneira.gal\\\/index.php\\\/2023\\\/03\\\/13\\\/ence-fora-a-loita-continua\\\/#article\",\"isPartOf\":{\"@id\":\"https:\\\/\\\/www.anovapeneira.gal\\\/index.php\\\/2023\\\/03\\\/13\\\/ence-fora-a-loita-continua\\\/\"},\"author\":{\"name\":\"Pedro M. Cortegoso Gago\",\"@id\":\"https:\\\/\\\/www.anovapeneira.gal\\\/#\\\/schema\\\/person\\\/c04a9c9f722c9446e71ae434c0353337\"},\"headline\":\"ENCE f\u00f3ra, a loita contin\u00faa\",\"datePublished\":\"2023-03-13T09:00:04+00:00\",\"mainEntityOfPage\":{\"@id\":\"https:\\\/\\\/www.anovapeneira.gal\\\/index.php\\\/2023\\\/03\\\/13\\\/ence-fora-a-loita-continua\\\/\"},\"wordCount\":685,\"commentCount\":0,\"publisher\":{\"@id\":\"https:\\\/\\\/www.anovapeneira.gal\\\/#organization\"},\"image\":{\"@id\":\"https:\\\/\\\/www.anovapeneira.gal\\\/index.php\\\/2023\\\/03\\\/13\\\/ence-fora-a-loita-continua\\\/#primaryimage\"},\"thumbnailUrl\":\"https:\\\/\\\/www.anovapeneira.gal\\\/wp-content\\\/uploads\\\/2019\\\/07\\\/ARTIGO_DE_OPINION_A_NOVA_PENEIRA.jpg\",\"keywords\":[\"Concello de Mar\u00edn\"],\"articleSection\":[\"Artigos de opini\u00f3n\"],\"inLanguage\":\"gl-ES\",\"potentialAction\":[{\"@type\":\"CommentAction\",\"name\":\"Comment\",\"target\":[\"https:\\\/\\\/www.anovapeneira.gal\\\/index.php\\\/2023\\\/03\\\/13\\\/ence-fora-a-loita-continua\\\/#respond\"]}]},{\"@type\":\"WebPage\",\"@id\":\"https:\\\/\\\/www.anovapeneira.gal\\\/index.php\\\/2023\\\/03\\\/13\\\/ence-fora-a-loita-continua\\\/\",\"url\":\"https:\\\/\\\/www.anovapeneira.gal\\\/index.php\\\/2023\\\/03\\\/13\\\/ence-fora-a-loita-continua\\\/\",\"name\":\"ENCE f\u00f3ra, a loita contin\u00faa -\",\"isPartOf\":{\"@id\":\"https:\\\/\\\/www.anovapeneira.gal\\\/#website\"},\"primaryImageOfPage\":{\"@id\":\"https:\\\/\\\/www.anovapeneira.gal\\\/index.php\\\/2023\\\/03\\\/13\\\/ence-fora-a-loita-continua\\\/#primaryimage\"},\"image\":{\"@id\":\"https:\\\/\\\/www.anovapeneira.gal\\\/index.php\\\/2023\\\/03\\\/13\\\/ence-fora-a-loita-continua\\\/#primaryimage\"},\"thumbnailUrl\":\"https:\\\/\\\/www.anovapeneira.gal\\\/wp-content\\\/uploads\\\/2019\\\/07\\\/ARTIGO_DE_OPINION_A_NOVA_PENEIRA.jpg\",\"datePublished\":\"2023-03-13T09:00:04+00:00\",\"description\":\"A historia de ENCE \u00e9 un reflexo da recente historia do estado espa\u00f1ol, do franquismo ao r\u00e9xime do 78.\",\"breadcrumb\":{\"@id\":\"https:\\\/\\\/www.anovapeneira.gal\\\/index.php\\\/2023\\\/03\\\/13\\\/ence-fora-a-loita-continua\\\/#breadcrumb\"},\"inLanguage\":\"gl-ES\",\"potentialAction\":[{\"@type\":\"ReadAction\",\"target\":[\"https:\\\/\\\/www.anovapeneira.gal\\\/index.php\\\/2023\\\/03\\\/13\\\/ence-fora-a-loita-continua\\\/\"]}]},{\"@type\":\"ImageObject\",\"inLanguage\":\"gl-ES\",\"@id\":\"https:\\\/\\\/www.anovapeneira.gal\\\/index.php\\\/2023\\\/03\\\/13\\\/ence-fora-a-loita-continua\\\/#primaryimage\",\"url\":\"https:\\\/\\\/www.anovapeneira.gal\\\/wp-content\\\/uploads\\\/2019\\\/07\\\/ARTIGO_DE_OPINION_A_NOVA_PENEIRA.jpg\",\"contentUrl\":\"https:\\\/\\\/www.anovapeneira.gal\\\/wp-content\\\/uploads\\\/2019\\\/07\\\/ARTIGO_DE_OPINION_A_NOVA_PENEIRA.jpg\",\"width\":720,\"height\":473,\"caption\":\"Artigo de opini\u00f3n A Nova Peneira\"},{\"@type\":\"BreadcrumbList\",\"@id\":\"https:\\\/\\\/www.anovapeneira.gal\\\/index.php\\\/2023\\\/03\\\/13\\\/ence-fora-a-loita-continua\\\/#breadcrumb\",\"itemListElement\":[{\"@type\":\"ListItem\",\"position\":1,\"name\":\"Portada\",\"item\":\"https:\\\/\\\/www.anovapeneira.gal\\\/\"},{\"@type\":\"ListItem\",\"position\":2,\"name\":\"ENCE f\u00f3ra, a loita contin\u00faa\"}]},{\"@type\":\"WebSite\",\"@id\":\"https:\\\/\\\/www.anovapeneira.gal\\\/#website\",\"url\":\"https:\\\/\\\/www.anovapeneira.gal\\\/\",\"name\":\"\",\"description\":\"Xornal galego de informaci\u00f3n xeral Publicaci\u00f3n mensual de novas de Galicia e en especial dos Concellos da sur da provincia de Pontevedra.\",\"publisher\":{\"@id\":\"https:\\\/\\\/www.anovapeneira.gal\\\/#organization\"},\"potentialAction\":[{\"@type\":\"SearchAction\",\"target\":{\"@type\":\"EntryPoint\",\"urlTemplate\":\"https:\\\/\\\/www.anovapeneira.gal\\\/?s={search_term_string}\"},\"query-input\":{\"@type\":\"PropertyValueSpecification\",\"valueRequired\":true,\"valueName\":\"search_term_string\"}}],\"inLanguage\":\"gl-ES\"},{\"@type\":\"Organization\",\"@id\":\"https:\\\/\\\/www.anovapeneira.gal\\\/#organization\",\"name\":\"A Nova Peneira\",\"url\":\"https:\\\/\\\/www.anovapeneira.gal\\\/\",\"logo\":{\"@type\":\"ImageObject\",\"inLanguage\":\"gl-ES\",\"@id\":\"https:\\\/\\\/www.anovapeneira.gal\\\/#\\\/schema\\\/logo\\\/image\\\/\",\"url\":\"http:\\\/\\\/www.anovapeneira.gal\\\/wp-content\\\/uploads\\\/2019\\\/06\\\/logo_a_nova_peneira_portal_web.png\",\"contentUrl\":\"http:\\\/\\\/www.anovapeneira.gal\\\/wp-content\\\/uploads\\\/2019\\\/06\\\/logo_a_nova_peneira_portal_web.png\",\"width\":300,\"height\":100,\"caption\":\"A Nova Peneira\"},\"image\":{\"@id\":\"https:\\\/\\\/www.anovapeneira.gal\\\/#\\\/schema\\\/logo\\\/image\\\/\"},\"sameAs\":[\"https:\\\/\\\/www.facebook.com\\\/anovapeneira\",\"https:\\\/\\\/x.com\\\/APeneira\"]},{\"@type\":\"Person\",\"@id\":\"https:\\\/\\\/www.anovapeneira.gal\\\/#\\\/schema\\\/person\\\/c04a9c9f722c9446e71ae434c0353337\",\"name\":\"Pedro M. Cortegoso Gago\",\"image\":{\"@type\":\"ImageObject\",\"inLanguage\":\"gl-ES\",\"@id\":\"https:\\\/\\\/secure.gravatar.com\\\/avatar\\\/1613b27278a972c04db5c2f04fb2cbfa9edb58d6c3e2547817ecb8240eb58381?s=96&d=mm&r=g\",\"url\":\"https:\\\/\\\/secure.gravatar.com\\\/avatar\\\/1613b27278a972c04db5c2f04fb2cbfa9edb58d6c3e2547817ecb8240eb58381?s=96&d=mm&r=g\",\"contentUrl\":\"https:\\\/\\\/secure.gravatar.com\\\/avatar\\\/1613b27278a972c04db5c2f04fb2cbfa9edb58d6c3e2547817ecb8240eb58381?s=96&d=mm&r=g\",\"caption\":\"Pedro M. Cortegoso Gago\"},\"sameAs\":[\"http:\\\/\\\/anovapeneira.gal\"],\"url\":\"https:\\\/\\\/www.anovapeneira.gal\\\/index.php\\\/author\\\/opinionpcortegoso\\\/\"}]}<\/script>\n<!-- \/ Yoast SEO plugin. -->","yoast_head_json":{"title":"ENCE f\u00f3ra, a loita contin\u00faa -","description":"A historia de ENCE \u00e9 un reflexo da recente historia do estado espa\u00f1ol, do franquismo ao r\u00e9xime do 78.","robots":{"index":"index","follow":"follow","max-snippet":"max-snippet:-1","max-image-preview":"max-image-preview:large","max-video-preview":"max-video-preview:-1"},"canonical":"https:\/\/www.anovapeneira.gal\/index.php\/2023\/03\/13\/ence-fora-a-loita-continua\/","og_locale":"gl_ES","og_type":"article","og_title":"ENCE f\u00f3ra, a loita contin\u00faa -","og_description":"A historia de ENCE \u00e9 un reflexo da recente historia do estado espa\u00f1ol, do franquismo ao r\u00e9xime do 78.","og_url":"https:\/\/www.anovapeneira.gal\/index.php\/2023\/03\/13\/ence-fora-a-loita-continua\/","article_publisher":"https:\/\/www.facebook.com\/anovapeneira","article_published_time":"2023-03-13T09:00:04+00:00","og_image":[{"width":720,"height":473,"url":"https:\/\/www.anovapeneira.gal\/wp-content\/uploads\/2019\/07\/ARTIGO_DE_OPINION_A_NOVA_PENEIRA.jpg","type":"image\/jpeg"}],"author":"Pedro M. Cortegoso Gago","twitter_card":"summary_large_image","twitter_image":"https:\/\/www.anovapeneira.gal\/wp-content\/uploads\/2019\/07\/ARTIGO_DE_OPINION_A_NOVA_PENEIRA.jpg","twitter_creator":"@APeneira","twitter_site":"@APeneira","twitter_misc":{"Escrito por":"Pedro M. Cortegoso Gago","Tempo de lectura":"4 minutos"},"schema":{"@context":"https:\/\/schema.org","@graph":[{"@type":"Article","@id":"https:\/\/www.anovapeneira.gal\/index.php\/2023\/03\/13\/ence-fora-a-loita-continua\/#article","isPartOf":{"@id":"https:\/\/www.anovapeneira.gal\/index.php\/2023\/03\/13\/ence-fora-a-loita-continua\/"},"author":{"name":"Pedro M. Cortegoso Gago","@id":"https:\/\/www.anovapeneira.gal\/#\/schema\/person\/c04a9c9f722c9446e71ae434c0353337"},"headline":"ENCE f\u00f3ra, a loita contin\u00faa","datePublished":"2023-03-13T09:00:04+00:00","mainEntityOfPage":{"@id":"https:\/\/www.anovapeneira.gal\/index.php\/2023\/03\/13\/ence-fora-a-loita-continua\/"},"wordCount":685,"commentCount":0,"publisher":{"@id":"https:\/\/www.anovapeneira.gal\/#organization"},"image":{"@id":"https:\/\/www.anovapeneira.gal\/index.php\/2023\/03\/13\/ence-fora-a-loita-continua\/#primaryimage"},"thumbnailUrl":"https:\/\/www.anovapeneira.gal\/wp-content\/uploads\/2019\/07\/ARTIGO_DE_OPINION_A_NOVA_PENEIRA.jpg","keywords":["Concello de Mar\u00edn"],"articleSection":["Artigos de opini\u00f3n"],"inLanguage":"gl-ES","potentialAction":[{"@type":"CommentAction","name":"Comment","target":["https:\/\/www.anovapeneira.gal\/index.php\/2023\/03\/13\/ence-fora-a-loita-continua\/#respond"]}]},{"@type":"WebPage","@id":"https:\/\/www.anovapeneira.gal\/index.php\/2023\/03\/13\/ence-fora-a-loita-continua\/","url":"https:\/\/www.anovapeneira.gal\/index.php\/2023\/03\/13\/ence-fora-a-loita-continua\/","name":"ENCE f\u00f3ra, a loita contin\u00faa -","isPartOf":{"@id":"https:\/\/www.anovapeneira.gal\/#website"},"primaryImageOfPage":{"@id":"https:\/\/www.anovapeneira.gal\/index.php\/2023\/03\/13\/ence-fora-a-loita-continua\/#primaryimage"},"image":{"@id":"https:\/\/www.anovapeneira.gal\/index.php\/2023\/03\/13\/ence-fora-a-loita-continua\/#primaryimage"},"thumbnailUrl":"https:\/\/www.anovapeneira.gal\/wp-content\/uploads\/2019\/07\/ARTIGO_DE_OPINION_A_NOVA_PENEIRA.jpg","datePublished":"2023-03-13T09:00:04+00:00","description":"A historia de ENCE \u00e9 un reflexo da recente historia do estado espa\u00f1ol, do franquismo ao r\u00e9xime do 78.","breadcrumb":{"@id":"https:\/\/www.anovapeneira.gal\/index.php\/2023\/03\/13\/ence-fora-a-loita-continua\/#breadcrumb"},"inLanguage":"gl-ES","potentialAction":[{"@type":"ReadAction","target":["https:\/\/www.anovapeneira.gal\/index.php\/2023\/03\/13\/ence-fora-a-loita-continua\/"]}]},{"@type":"ImageObject","inLanguage":"gl-ES","@id":"https:\/\/www.anovapeneira.gal\/index.php\/2023\/03\/13\/ence-fora-a-loita-continua\/#primaryimage","url":"https:\/\/www.anovapeneira.gal\/wp-content\/uploads\/2019\/07\/ARTIGO_DE_OPINION_A_NOVA_PENEIRA.jpg","contentUrl":"https:\/\/www.anovapeneira.gal\/wp-content\/uploads\/2019\/07\/ARTIGO_DE_OPINION_A_NOVA_PENEIRA.jpg","width":720,"height":473,"caption":"Artigo de opini\u00f3n A Nova Peneira"},{"@type":"BreadcrumbList","@id":"https:\/\/www.anovapeneira.gal\/index.php\/2023\/03\/13\/ence-fora-a-loita-continua\/#breadcrumb","itemListElement":[{"@type":"ListItem","position":1,"name":"Portada","item":"https:\/\/www.anovapeneira.gal\/"},{"@type":"ListItem","position":2,"name":"ENCE f\u00f3ra, a loita contin\u00faa"}]},{"@type":"WebSite","@id":"https:\/\/www.anovapeneira.gal\/#website","url":"https:\/\/www.anovapeneira.gal\/","name":"","description":"Xornal galego de informaci\u00f3n xeral Publicaci\u00f3n mensual de novas de Galicia e en especial dos Concellos da sur da provincia de Pontevedra.","publisher":{"@id":"https:\/\/www.anovapeneira.gal\/#organization"},"potentialAction":[{"@type":"SearchAction","target":{"@type":"EntryPoint","urlTemplate":"https:\/\/www.anovapeneira.gal\/?s={search_term_string}"},"query-input":{"@type":"PropertyValueSpecification","valueRequired":true,"valueName":"search_term_string"}}],"inLanguage":"gl-ES"},{"@type":"Organization","@id":"https:\/\/www.anovapeneira.gal\/#organization","name":"A Nova Peneira","url":"https:\/\/www.anovapeneira.gal\/","logo":{"@type":"ImageObject","inLanguage":"gl-ES","@id":"https:\/\/www.anovapeneira.gal\/#\/schema\/logo\/image\/","url":"http:\/\/www.anovapeneira.gal\/wp-content\/uploads\/2019\/06\/logo_a_nova_peneira_portal_web.png","contentUrl":"http:\/\/www.anovapeneira.gal\/wp-content\/uploads\/2019\/06\/logo_a_nova_peneira_portal_web.png","width":300,"height":100,"caption":"A Nova Peneira"},"image":{"@id":"https:\/\/www.anovapeneira.gal\/#\/schema\/logo\/image\/"},"sameAs":["https:\/\/www.facebook.com\/anovapeneira","https:\/\/x.com\/APeneira"]},{"@type":"Person","@id":"https:\/\/www.anovapeneira.gal\/#\/schema\/person\/c04a9c9f722c9446e71ae434c0353337","name":"Pedro M. Cortegoso Gago","image":{"@type":"ImageObject","inLanguage":"gl-ES","@id":"https:\/\/secure.gravatar.com\/avatar\/1613b27278a972c04db5c2f04fb2cbfa9edb58d6c3e2547817ecb8240eb58381?s=96&d=mm&r=g","url":"https:\/\/secure.gravatar.com\/avatar\/1613b27278a972c04db5c2f04fb2cbfa9edb58d6c3e2547817ecb8240eb58381?s=96&d=mm&r=g","contentUrl":"https:\/\/secure.gravatar.com\/avatar\/1613b27278a972c04db5c2f04fb2cbfa9edb58d6c3e2547817ecb8240eb58381?s=96&d=mm&r=g","caption":"Pedro M. Cortegoso Gago"},"sameAs":["http:\/\/anovapeneira.gal"],"url":"https:\/\/www.anovapeneira.gal\/index.php\/author\/opinionpcortegoso\/"}]}},"jetpack_featured_media_url":"https:\/\/www.anovapeneira.gal\/wp-content\/uploads\/2019\/07\/ARTIGO_DE_OPINION_A_NOVA_PENEIRA.jpg","_links":{"self":[{"href":"https:\/\/www.anovapeneira.gal\/index.php\/wp-json\/wp\/v2\/posts\/9258","targetHints":{"allow":["GET"]}}],"collection":[{"href":"https:\/\/www.anovapeneira.gal\/index.php\/wp-json\/wp\/v2\/posts"}],"about":[{"href":"https:\/\/www.anovapeneira.gal\/index.php\/wp-json\/wp\/v2\/types\/post"}],"author":[{"embeddable":true,"href":"https:\/\/www.anovapeneira.gal\/index.php\/wp-json\/wp\/v2\/users\/4"}],"replies":[{"embeddable":true,"href":"https:\/\/www.anovapeneira.gal\/index.php\/wp-json\/wp\/v2\/comments?post=9258"}],"version-history":[{"count":2,"href":"https:\/\/www.anovapeneira.gal\/index.php\/wp-json\/wp\/v2\/posts\/9258\/revisions"}],"predecessor-version":[{"id":9268,"href":"https:\/\/www.anovapeneira.gal\/index.php\/wp-json\/wp\/v2\/posts\/9258\/revisions\/9268"}],"wp:featuredmedia":[{"embeddable":true,"href":"https:\/\/www.anovapeneira.gal\/index.php\/wp-json\/wp\/v2\/media\/584"}],"wp:attachment":[{"href":"https:\/\/www.anovapeneira.gal\/index.php\/wp-json\/wp\/v2\/media?parent=9258"}],"wp:term":[{"taxonomy":"category","embeddable":true,"href":"https:\/\/www.anovapeneira.gal\/index.php\/wp-json\/wp\/v2\/categories?post=9258"},{"taxonomy":"post_tag","embeddable":true,"href":"https:\/\/www.anovapeneira.gal\/index.php\/wp-json\/wp\/v2\/tags?post=9258"}],"curies":[{"name":"wp","href":"https:\/\/api.w.org\/{rel}","templated":true}]}}