{"id":9260,"date":"2023-03-13T12:00:28","date_gmt":"2023-03-13T11:00:28","guid":{"rendered":"https:\/\/www.anovapeneira.gal\/?p=9260"},"modified":"2023-03-09T11:43:17","modified_gmt":"2023-03-09T10:43:17","slug":"segundo-pampillon-o-alcalde-das-duas-beiras","status":"publish","type":"post","link":"https:\/\/www.anovapeneira.gal\/index.php\/2023\/03\/13\/segundo-pampillon-o-alcalde-das-duas-beiras\/","title":{"rendered":"Segundo Pampill\u00f3n, o alcalde das d\u00faas beiras"},"content":{"rendered":"\n<p><strong>Juan \u00d3scar Otero Lago (Arxentina)<\/strong><\/p>\n\n\n\n<p>Cada 14 de abril l\u00e9mbrase na p\u00e1xina oficial do Concello de Mos o D\u00eda da Am\u00e9ricas. Valoramos a re lembranza do Concello aos emigrados mosenses nas tres Am\u00e9ricas. Pero \u00e9 realmente unha conmemoraci\u00f3n na que os americanos se senten irm\u00e1ns? Existe a verdadeira Unidade das tres Am\u00e9ricas?<\/p>\n\n\n\n<figure class=\"wp-block-image size-full\"><img loading=\"lazy\" decoding=\"async\" width=\"591\" height=\"886\" src=\"https:\/\/www.anovapeneira.gal\/wp-content\/uploads\/2023\/03\/Segundo_Pampillon_1.jpg\" alt=\"\" class=\"wp-image-9264\" srcset=\"https:\/\/www.anovapeneira.gal\/wp-content\/uploads\/2023\/03\/Segundo_Pampillon_1.jpg 591w, https:\/\/www.anovapeneira.gal\/wp-content\/uploads\/2023\/03\/Segundo_Pampillon_1-200x300.jpg 200w\" sizes=\"auto, (max-width: 591px) 100vw, 591px\" \/><\/figure>\n\n\n\n<p>Esta conmemoraci\u00f3n celebrouse por primeira vez en 1931 e elixiuse esta data, xa que ese d\u00eda en 1890 creouse a Uni\u00f3n de Rep\u00fablicas Americanas no distrito de Columbia en Washington nos EEUU. Cando se decreta esta conmemoraci\u00f3n en 1931 o presidente dos EEUU era Herbert Hoover que dirixiu unha campa\u00f1a deportando a case dous mill\u00f3ns de inmigrantes do seu territorio a M\u00e9xico. Actualmente moitos pa\u00edses Latinoamericanos son bloqueados por outros \u201cirm\u00e1ns americanos\u201d, ademais de disputas territoriais entre naci\u00f3ns.<\/p>\n\n\n\n<p>Pero o 14 de Abril conmem\u00f3rase tam\u00e9n unha data moi especial e moi importante que \u00e9 a Proclamaci\u00f3n da II Rep\u00fablica e o meu recordo a unha figura crave dentro da historia do Concello de Mos, Segundo Pampill\u00f3n Rodr\u00edguez, Alcalde de Mos (1936-1976).<\/p>\n\n\n\n<p>Sempre o 14 de abril \u00e9 un d\u00eda de reencontros e recordos. Quixese evocar co meu testemu\u00f1o dese d\u00eda hai moitos anos, cando asist\u00eda ao acto da II Rep\u00fablica sendo moi novo.<\/p>\n\n\n\n<p>Miraba a eses homes discernir desde a mi\u00f1a butaca no teatro Bambalinas que pertence \u00e1 Federaci\u00f3n de Sociedades Galegas . Al\u00ed estaban case todos os homes e mulleres do exilio espa\u00f1ol en Arxentina.<\/p>\n\n\n\n<p>Abriuse o pano, interpretouse o himno de Rego e os asistentes aplaud\u00edan o discurso do Presidente da Rep\u00fablica Espa\u00f1ola don Claudio S\u00e1nchez Albornoz. Ao seu lado, Antonio Alonso R\u00edos Presidente do Concello de Galiza e os invitados Lorenzo Varela , Leandro Pita Romero, Lu\u00eds Seoane , Maruxa Mallo, Arturo Cadrado, entre outros.<\/p>\n\n\n\n<figure class=\"wp-block-image size-large\"><img loading=\"lazy\" decoding=\"async\" width=\"1024\" height=\"647\" src=\"https:\/\/www.anovapeneira.gal\/wp-content\/uploads\/2023\/03\/Segundo_Pampillon_2-1024x647.jpg\" alt=\"\" class=\"wp-image-9263\" srcset=\"https:\/\/www.anovapeneira.gal\/wp-content\/uploads\/2023\/03\/Segundo_Pampillon_2-1024x647.jpg 1024w, https:\/\/www.anovapeneira.gal\/wp-content\/uploads\/2023\/03\/Segundo_Pampillon_2-300x190.jpg 300w, https:\/\/www.anovapeneira.gal\/wp-content\/uploads\/2023\/03\/Segundo_Pampillon_2-768x486.jpg 768w, https:\/\/www.anovapeneira.gal\/wp-content\/uploads\/2023\/03\/Segundo_Pampillon_2-1536x971.jpg 1536w, https:\/\/www.anovapeneira.gal\/wp-content\/uploads\/2023\/03\/Segundo_Pampillon_2.jpg 1784w\" sizes=\"auto, (max-width: 1024px) 100vw, 1024px\" \/><\/figure>\n\n\n\n<p>A Rep\u00fablica en case cinco anos deixou un inmenso legado. \u00c9 certo, a Rep\u00fablica como sistema de goberno funcionou no exilio pero a s\u00faa transcendencia foi outra. Os seus principais protagonistas chegaron nos barcos. O ensino desa Rep\u00fablica desembarcou nos distintos portos como faro de liberdade. A Rep\u00fablica Espa\u00f1ola non morreu.<\/p>\n\n\n\n<p>O exilio fixo importante a Galicia e aos seus homes. Un deles que co\u00f1ec\u00edn sendo moi novo, foi Segundo Pampill\u00f3n Rodr\u00edguez, que realizou unha tarefa encomiable para a Galicia na di\u00e1spora. A\u00ednda lembro ese encontro.<\/p>\n\n\n\n<p><strong>-Boas noites alcalde, que grato velo a vostede neste d\u00eda tan importante para a II Rep\u00fablica.<\/strong><\/p>\n\n\n\n<p>Foron as mi\u00f1as primeiras palabras nese 14 de abril nun Bos Aires outonal pero coa sensaci\u00f3n que Galicia florece sempre nese d\u00eda. Con Segundo acompa\u00f1ado pola s\u00faa esposa Maruja Paz fomos ao Caf\u00e9 Tortoni a metros do acto central. Sab\u00eda que estaba a cami\u00f1ar cun personaxe vivinte da historia de Mos, tal vez da mi\u00f1a historia. Transmit\u00edame an\u00e9cdotas e feitos que sempre lembrarei.<\/p>\n\n\n\n<p>Como esquecer a Segundo Pampill\u00f3n que foi fundador de Acci\u00f3n Republicana e elixido alcalde de Mos por Esquerda Republicana o 9 de marzo de 1936 ata o 1 de febreiro de 1976. Corenta anos como alcalde? Non, apenas foron uns poucos meses pero cunha profunda pegada que o tempo non borrar\u00e1. Sempre llo reco\u00f1eceu como alcalde en Am\u00e9rica debido a que sempre se respectou a vontade popular do seu Concello e os seus cidad\u00e1ns.<\/p>\n\n\n\n<p><strong>Mentres cami\u00f1abamos cara \u00e1 cafeter\u00eda, expres\u00e1bame \u2026<\/strong>\u201dprop\u00faxenme trazar unha li\u00f1a puramente democr\u00e1tica, popular e republicana. Durante a mi\u00f1a xesti\u00f3n realizouse o plebiscito o 28 de xu\u00f1o de 1936 co triunfo para a anhelada Constituci\u00f3n de Galicia. Tiven conciencia da responsabilidade que asum\u00edn desexando sempre exaltar a Galicia, s\u00f3 a Galicia e a Mos\u201d.<\/p>\n\n\n\n<p><strong>S\u00f3 unhas poucas sesi\u00f3ns ata o 18 de xullo de 1936 cando el mesmo pecha o Concello apagando o candil e comeza a noite m\u00e1is triste para Espa\u00f1a, para Galicia e a comarca de Mos<\/strong>.<\/p>\n\n\n\n<p>\u201cRecordo que aos poucos d\u00edas, o 2 de agosto, fun detido en Petelos; fun obrigado a asinar unha acta de renuncia ao meu cargo, sendo designado Paulino P\u00e9rez Rial no meu lugar por orde militar. O meu pai Anacleto Pampill\u00f3n que tam\u00e9n foi alcalde de Mos en d\u00faas oportunidades en 1921 e 1932, sempre me expresaba que me coidase do a\u00f1o vestido de lobo e ti\u00f1a moita raz\u00f3n. Fun inculpado de numerosos cargos entre outros actos que non quero nin lembrar todos eses cargos inventados, unha verdadeira fabula. Posteriormente fun sometido e xulgado\u201d.<\/p>\n\n\n\n<p>\u201cEsas noites eran unha autentica caza de mosenses. O concelleiro e o meu amigo Amante Pereiro Bern\u00e1rdez que era veci\u00f1o de Pereiras e presidente da sociedade de serradoiros, o concelleiro Salustiano Romero.<\/p>\n\n\n\n<p>Rodr\u00edguez de 31 anos obreiro do ferrocarril , ambos foron xulgados en Pontevedra por rebeli\u00f3n militar. Jos\u00e9 Recuncho Fern\u00e1ndez puido fuxir, sendo posteriormente exiliado. Outro foi o destino do meu amigo Ferm\u00edn Quijeiro Gonz\u00e1lez un labrador de 32 anos da parroquia de Guiz\u00e1n. Foi asasinado o 8 de agosto sendo o seu fusilamento rexistrado na entrada de Vigo -Redondela. Todos concelleiros elixidos pola Fronte Popular\u201d.<\/p>\n\n\n\n<p><strong>-Alcalde, rexistr\u00e1ronse moitos mortos ou secuestros, como os lembra?<\/strong><\/p>\n\n\n\n<p>\u201cSe os cami\u00f1os e os montes falasen ser\u00eda outra a verdade e a xustiza. Se as cunetas fosen o Nilo e abrisen as s\u00faas augas, atopariamos aos desaparecidos. Sabes, moito deb\u00e9mosllos aos escritos que chegaban a Bos Aires desde Mos ,Porri\u00f1o, Vigo e Lavadores. Na Sociedade de Porri\u00f1o escrib\u00edronse nas actas as denuncias recibidas, os asasinatos, todo est\u00e1 nas Actas. Por iso creo na valent\u00eda dos carteiros de Galicia que eran os nosos aliados e nas nosas familias que eran valentes e arriscadas para que alg\u00fan d\u00eda se soubese a verdade. Pero sabes cantos fusilados desde que se iniciou a contenda? Foron 22 persoas ata o ano 1937. Todo moi triste e horrendo no meu Concello\u201d.<\/p>\n\n\n\n<p><strong>-Pampill\u00f3n , como foi a s\u00faa chegada a Bos Aires, sabendo de tantos perigos existentes?<\/strong><\/p>\n\n\n\n<p>\u201cD\u00e9ixame dicirche Rapaz que ata chegar a Bos Aires tiven que pasar por moitas dificultades. Primeiro fun enviado a Tui, m\u00e1is tarde ao front\u00f3n de Vigo e logo ao c\u00e1rcere da r\u00faa do Pr\u00edncipe. Estas mans que observas eran o dialogo que manti\u00f1a cos achegados desde a xanela do c\u00e1rcere. A\u00ednda que o meu corpo estaba preso, a mente estaba libre e segu\u00eda pensando de que maneira pod\u00eda chegar nalg\u00fan momento para estar coa mi\u00f1a muller e a mi\u00f1a familia .O meu sogro era o m\u00e9dico Manuel Paz Varela a quen moito debo agradecer polas s\u00faas xesti\u00f3ns. Era moi querido en Mos e en Porri\u00f1o, escritor de novelas, activo organizador de faladoiros do Ateneo de Vigo e axudaba aos enfermos necesitados que por certo, eran moitos. Penso no meu sogro e evoco na mi\u00f1a memoria todo o que foi e o que agradec\u00edn a el e grazas a el, a mi\u00f1a liberdade\u201d.<\/p>\n\n\n\n<p>\u201cPor certo, o contacto en Arxentina era o meu irm\u00e1n C\u00e1ndido que estaba aqu\u00ed en Bos Aires e reclam\u00e1bame, previamente estaba Maruja en Portugal e puiden chegar con Maruja e o noso fillo Enrique \u00e1 Arxentina o d\u00eda 6 de abril de 1937.Aseg\u00faroche, que desde Xullo do 1936 ata abril de 1937, nosa vida foi un calvario pero chegamos a salvo\u201d.<\/p>\n\n\n\n<p><strong>-Alcalde Pampill\u00f3n deixou atr\u00e1s o c\u00e1rcere pero a s\u00faa convicci\u00f3n nunca a abandonou, como foi a s\u00faa vida para conseguir desde o exilio unha reivindicaci\u00f3n da Galicia Republicana?<\/strong><\/p>\n\n\n\n<p>\u201cA loita nunca a abandonei e o meu ideal galeguista sempre o mantiven. Ao arribar ao porto de Buenos Aires contactei cos exiliados do Centro Republicano onde ao pouco tempo ocupei un cargo directivo. Os anos foron pasando e a fin da segunda guerra mundial era inminente. Esperabamos que os aliados ingresasen a Espa\u00f1a para restablecer a II Rep\u00fablica pero non foi as\u00ed. As camp\u00e1s de Notre D\u00e1me repenicaban anunciando a fin da guerra, a catedral de Buenos Aires fac\u00eda o propio, con todo as igrexas de Espa\u00f1a gardaban silencio. Os exiliados espa\u00f1ois de \u201cA Nove\u201d ingresaron a Paris nos distintos blindados, eran voluntarios que abrazaron as causa da liberdade, realmente eran uns combatentes da liberdade, pero non sucedeu en Espa\u00f1a\u201d.<\/p>\n\n\n\n<p><strong>-Alcalde Pampill\u00f3n, Como foi a s\u00faa actuaci\u00f3n no Consello de Galiza?<\/strong><\/p>\n\n\n\n<p>\u201cO Consello de Galiza tivo como inicio unha reuni\u00f3n en decembro de 1944 en Buenos Aires. A suxesti\u00f3n foi de Jos\u00e9 Antonio Aguirre a Alfonso Castelao que por aqueles anos atop\u00e1banse en Nova York. Aguirre foi un militante do Partido Nacionalista Vasco e ademais de Lendakari. \u00c1 formaci\u00f3n do Concello, adheriron Suarez Picallo, Ant\u00f3n Alonso Rios e Elpidio Villaverde, pero non todos consideraban favorable esa creaci\u00f3n polas disputas da Galicia interior e exterior. A Alianza Nacionalista Galega que estaba constitu\u00edda en M\u00e9xico neg\u00e1base \u00e1 constituci\u00f3n do Consello, non aceptando aos deputados elixidos nas \u00faltimas elecci\u00f3ns. En Francia, constitu\u00eduse o Bloque Nacional Republicano Galego que foi unha aglutinaci\u00f3n de ideas e partidos entre eles hab\u00eda comunistas, socialistas e anarquistas, ademais personalidades como Manuel Portela Valladares e Enrique L\u00edster. Negaban a creaci\u00f3n do Consello de Galiza. Logo de 16 anos da formaci\u00f3n e aceptei o cargo, pero foi unha decisi\u00f3n puramente testemu\u00f1al\u201d.<\/p>\n\n\n\n<p><strong>-D\u00edgame Alcalde, consideraba vostede que o cultural era m\u00e1is importante que o pol\u00edtico?<\/strong><\/p>\n\n\n\n<p>\u201cFun vicepresidente de Esquerda Republicana no exilio, pero sab\u00eda que o cami\u00f1o era outro, o desenvolvemento cultural na emigraci\u00f3n e o empe\u00f1o para que o noso idioma mantiv\u00e9sese activo esa era o meu prop\u00f3sito. Creamos dentro do Centro Gallego, o Instituto Arxentino de Cultura Galega. Al\u00ed, na nosa imprenta, edit\u00e1ronse libros de peto para os estudantes de Santiago, eran pequenos libri\u00f1os cos cl\u00e1sicos autores galegos . Pensar que moitos estudantes foron detidos e encarcerados por posu\u00edr eses libros. A barbarie das autoridades gobernamentais e a polic\u00eda imped\u00eda a s\u00faa lectura\u201d.<\/p>\n\n\n\n<p><strong>-Volvamos ao tema Alcalde, a s\u00faa actividade no desenvolvemento cultural en Buenos Aires.<\/strong><\/p>\n\n\n\n<p>\u201cDurante a presidencia de Juan D. Per\u00f3n (1946-1955) sentimos perseguidos, mellor diciloobservados, pero sen perder a liberdade de expresar. Franco necesitaba aliados e non os atopaba. Atravesaba un illamento internacional e necesitaba pa\u00edses que o axudasen a paliar as necesidades econ\u00f3micas. A viaxe de Eva Duarte de Per\u00f3n a Espa\u00f1a en 1947 produciu un achegamento entre as d\u00faas naci\u00f3ns pero resultaba dif\u00edcil de entender para n\u00f3s. Cando Eva foi a Vigo, visitou a \u201cCasa do Pescador\u201d e faloulles aos traballadores do mar. Entre eles hab\u00edan varias personalidades, como o sindicalista marqu\u00e9s de Valterra\u201d.<\/p>\n\n\n\n<p><strong>-Perd\u00f3n Alcalde, un sindicalista con t\u00edtulo nobiliario?<\/strong><\/p>\n\n\n\n<p>\u201cRes\u00faltache curioso, as\u00ed \u00e9, cham\u00e1base Pascual D\u00edez de Rivera e Casares, eran cousas que pasaban na Galicia Franquista. A visita tivo moita repercusi\u00f3n nos medios de Espa\u00f1a e de Arxentina. Franco non a pasou ben e a Sra. de Per\u00f3n tampouco. Ela pulaba pola mellor distribuci\u00f3n da riqueza, a cuesti\u00f3n social, menos ricos e menos pobres, etc\u201d.<\/p>\n\n\n\n<p><strong>-Volvamos ao tema alcalde, Cal foi a s\u00faa actividade no desenvolvemento cultural en Buenos Aires?<\/strong><\/p>\n\n\n\n<p>\u201cSi, d\u00e9ixame dicirche que a partir da viaxe da Sra. de Per\u00f3n todo cambiou. O Centro Gallego izou por primeira vez a bandeira rojigualda. A biblioteca do Centro Gallego comezou a recibir libros e revistas ofrecidas pola Embaixada de Espa\u00f1a. Hab\u00eda unha Fundaci\u00f3n que se chamaba Eva Per\u00f3n e o Centro Gallego entregou unha importante doaz\u00f3n en efectivo e coma se fose pouco o matrimonio Per\u00f3n foi declarado membro honor\u00edfico da Instituci\u00f3n\u201d.<\/p>\n\n\n\n<p><strong>-Nos anos seguintes vostede seguiu traballando nos medios gr\u00e1ficos e incluso na radiofon\u00eda<\/strong>?<\/p>\n\n\n\n<p>\u201cForon anos marabillosos, al\u00ed naceu unha amizade con Lu\u00eds Seoane e Rodolfo Prada. En 1948 realizouse a primeira exposici\u00f3n do Libro Galego en Buenos Aires e xurdiu a extraordinaria revista\u201d Galicia Emigrante\u201d da cal Seoane era director. A idea era mentalizar \u00e1 comunidade galega que a prensa escrita e radiof\u00f3nica era a mellor maneira de captar a atenci\u00f3n dos emigrantes e os seus fillos. A reivindicaci\u00f3n da nosa lingua era un dos temas abordados. A revista public\u00e1base en castel\u00e1n debido a que a lexislaci\u00f3n arxentina non permit\u00eda noutro idioma. Buscabamos que os mozos emigrantes ach\u00e9guense ao galego. No ideol\u00f3xico outorg\u00e1moslle unha identidade propia tomando unha caracter\u00edstica galeguista marxista. As emisoras Radio Liberdade, Porte\u00f1a e Arxentina transmit\u00edan os d\u00edas domingos diversos programas e en Radio Nacional, que chegaba a todo o pa\u00eds, tiven o programa Galicia Am\u00e9rica de gran repercusi\u00f3n na colectividade non tan s\u00f3 galega sen\u00f3n espa\u00f1ola. Outro acontecemento de importancia foron as Xornadas Patri\u00f3ticas Galegas que tiven a honra de organizar. Levamos os nosos Conxuntos de baile e nosos Coros ao teatro Col\u00f3n de Buenos Aires. Aseg\u00faroche que hab\u00eda m\u00e1is de Galicia en Arxentina que na propia Galicia, moito lembraba ao noso mestre Castelao \u201c Buenos Aires \u00e9 a Galicia ideal\u201d .<\/p>\n\n\n\n<p><strong>-Alcalde, volveu a Mos?<\/strong><\/p>\n\n\n\n<p>\u201cRegresamos no ano 1958 pero non me adaptei e segu\u00edn traballando no establecemento madeireiro do meu pai, a\u00ednda viv\u00eda Franco. Era unha situaci\u00f3n a\u00ednda moi dif\u00edcil e optamos con Maruxa volver \u00e1 Arxentina en 1962. Hab\u00eda moito que facer en Buenos Aires e estaban aqu\u00ed todos os meus afectos\u201d.<\/p>\n\n\n\n<p><strong>-Como quixese que o lembren?<\/strong><\/p>\n\n\n\n<p>\u201cLembren\u2026son un de tantos homes e mulleres que chegamos aqu\u00ed cun ideal logrando facer que Galicia sexa unha Rep\u00fablica cun sentido democr\u00e1tico pleno. Se \u00e9 posible que lembren e valoren tanto sacrificio, a Castelao, Lorenzo Varela, Lu\u00eds Tob\u00edo, Seoane, D\u00edaz Pardo, Arturo Cadrado, etc . Foron moitos, eu apenas un elo do exilio galego. Cada vez que vou ao Centro Galego que \u00e9 a mi\u00f1a segunda casa ou como di Maruja, esa \u00e9 a t\u00faa primeira casa, miro o busto de Castelao e penso se valeu a pena tantos anos de exilio e persecuci\u00f3n. Sabes, valeu a pena e se tivese que facer o mesmo realizar\u00edao. N\u00f3s quixemos e puid\u00e9molo e foi meritorio o logro\u201d.<\/p>\n\n\n\n<p>Foi unha das \u00faltimas veces que puiden falar con el. Logo estivo na residencia do Hogar Galegos para Anci\u00e1ns na localidade de Domselaar, partido de San Vicente, Provincia de Buenos Aires e faleceu al\u00ed en 1980 con 73 anos.<\/p>\n\n\n\n<p>Pasaron moitas d\u00e9cadas desa conversaci\u00f3n e mante\u00f1o vivo o seu legado e c\u00e1usame estra\u00f1eza que moita xente non o lembre no seu Concello de Mos. Simplemente para moitos \u00e9 s\u00f3 unha r\u00faa co seu nome. Existe unha lei denominada Memoria Democr\u00e1tica aprobada o 20 de novembro de 2022 e que como toda lei debe aplicarse para que se lembren a tantos cidad\u00e1ns asasinados, presos ilegalmente e exiliados que fixeron moito por Galicia e neste caso o Alcalde de Mos, Segundo Pampill\u00f3n Rodr\u00edguez quen moito fixo polo seu Concello e pola Cultura de Galicia.<\/p>\n\n\n\n<p>Proximamente inaugurarase no Concello de Mos a nova Biblioteca Mar\u00eda Magdalena Dom\u00ednguez. Queira que algunha das s\u00faas salas leve o nome de Segundo Pampill\u00f3n, como un home da cultura mosense entendendo que \u00e9 necesario profundar o estudo da emigraci\u00f3n.<\/p>\n\n\n\n<p>Queira que este 14 de abril, o Alcalde Segundo Pampill\u00f3n Rodr\u00edguez sexa lembrado no seu Municipio.<\/p>\n\n\n\n<p>Como hai 92 anos, no d\u00eda da II Rep\u00fablica, as distintas xeraci\u00f3ns de fillos e netos sempre lembraremos esa xesta, pulando por unha futura III Rep\u00fablica.<\/p>\n","protected":false},"excerpt":{"rendered":"<div class=\"mh-excerpt\"><p>Juan \u00d3scar Otero Lago (Arxentina) <a class=\"mh-excerpt-more\" href=\"https:\/\/www.anovapeneira.gal\/index.php\/2023\/03\/13\/segundo-pampillon-o-alcalde-das-duas-beiras\/\" title=\"Segundo Pampill\u00f3n, o alcalde das d\u00faas beiras\">[&#8230;]<\/a><\/p>\n<\/div>","protected":false},"author":3,"featured_media":9262,"comment_status":"open","ping_status":"open","sticky":false,"template":"","format":"standard","meta":{"_exactmetrics_skip_tracking":false,"_exactmetrics_sitenote_active":false,"_exactmetrics_sitenote_note":"","_exactmetrics_sitenote_category":0,"footnotes":""},"categories":[490],"tags":[218],"class_list":{"0":"post-9260","1":"post","2":"type-post","3":"status-publish","4":"format-standard","5":"has-post-thumbnail","7":"category-a-lourina-reportaxes","8":"tag-concello-de-mos"},"yoast_head":"<!-- This site is optimized with the Yoast SEO plugin v27.4 - https:\/\/yoast.com\/product\/yoast-seo-wordpress\/ -->\n<title>Segundo Pampill\u00f3n, o alcalde das d\u00faas beiras -<\/title>\n<meta name=\"description\" content=\"Juan \u00d3scar Otero Lago (Arxentina)\" \/>\n<meta name=\"robots\" content=\"index, follow, max-snippet:-1, max-image-preview:large, max-video-preview:-1\" \/>\n<link rel=\"canonical\" href=\"https:\/\/www.anovapeneira.gal\/index.php\/2023\/03\/13\/segundo-pampillon-o-alcalde-das-duas-beiras\/\" \/>\n<meta property=\"og:locale\" content=\"gl_ES\" \/>\n<meta property=\"og:type\" content=\"article\" \/>\n<meta property=\"og:title\" content=\"Segundo Pampill\u00f3n, o alcalde das d\u00faas beiras -\" \/>\n<meta property=\"og:description\" content=\"Juan \u00d3scar Otero Lago (Arxentina)\" \/>\n<meta property=\"og:url\" content=\"https:\/\/www.anovapeneira.gal\/index.php\/2023\/03\/13\/segundo-pampillon-o-alcalde-das-duas-beiras\/\" \/>\n<meta property=\"article:publisher\" content=\"https:\/\/www.facebook.com\/anovapeneira\" \/>\n<meta property=\"article:published_time\" content=\"2023-03-13T11:00:28+00:00\" \/>\n<meta property=\"og:image\" content=\"https:\/\/www.anovapeneira.gal\/wp-content\/uploads\/2023\/03\/cetro_espanol_republicano.jpg\" \/>\n\t<meta property=\"og:image:width\" content=\"720\" \/>\n\t<meta property=\"og:image:height\" content=\"432\" \/>\n\t<meta property=\"og:image:type\" content=\"image\/jpeg\" \/>\n<meta name=\"author\" content=\"Redacci\u00f3n A Nova Peneira\" \/>\n<meta name=\"twitter:card\" content=\"summary_large_image\" \/>\n<meta name=\"twitter:creator\" content=\"@APeneira\" \/>\n<meta name=\"twitter:site\" content=\"@APeneira\" \/>\n<meta name=\"twitter:label1\" content=\"Escrito por\" \/>\n\t<meta name=\"twitter:data1\" content=\"Redacci\u00f3n A Nova Peneira\" \/>\n\t<meta name=\"twitter:label2\" content=\"Tempo de lectura\" \/>\n\t<meta name=\"twitter:data2\" content=\"14 minutos\" \/>\n<script type=\"application\/ld+json\" class=\"yoast-schema-graph\">{\"@context\":\"https:\\\/\\\/schema.org\",\"@graph\":[{\"@type\":\"Article\",\"@id\":\"https:\\\/\\\/www.anovapeneira.gal\\\/index.php\\\/2023\\\/03\\\/13\\\/segundo-pampillon-o-alcalde-das-duas-beiras\\\/#article\",\"isPartOf\":{\"@id\":\"https:\\\/\\\/www.anovapeneira.gal\\\/index.php\\\/2023\\\/03\\\/13\\\/segundo-pampillon-o-alcalde-das-duas-beiras\\\/\"},\"author\":{\"name\":\"Redacci\u00f3n A Nova Peneira\",\"@id\":\"https:\\\/\\\/www.anovapeneira.gal\\\/#\\\/schema\\\/person\\\/b93e3f8932e3f8da96334607eb6ac6aa\"},\"headline\":\"Segundo Pampill\u00f3n, o alcalde das d\u00faas beiras\",\"datePublished\":\"2023-03-13T11:00:28+00:00\",\"mainEntityOfPage\":{\"@id\":\"https:\\\/\\\/www.anovapeneira.gal\\\/index.php\\\/2023\\\/03\\\/13\\\/segundo-pampillon-o-alcalde-das-duas-beiras\\\/\"},\"wordCount\":2668,\"commentCount\":0,\"publisher\":{\"@id\":\"https:\\\/\\\/www.anovapeneira.gal\\\/#organization\"},\"image\":{\"@id\":\"https:\\\/\\\/www.anovapeneira.gal\\\/index.php\\\/2023\\\/03\\\/13\\\/segundo-pampillon-o-alcalde-das-duas-beiras\\\/#primaryimage\"},\"thumbnailUrl\":\"https:\\\/\\\/www.anovapeneira.gal\\\/wp-content\\\/uploads\\\/2023\\\/03\\\/cetro_espanol_republicano.jpg\",\"keywords\":[\"Concello de Mos\"],\"articleSection\":[\"A Louri\u00f1a\"],\"inLanguage\":\"gl-ES\",\"potentialAction\":[{\"@type\":\"CommentAction\",\"name\":\"Comment\",\"target\":[\"https:\\\/\\\/www.anovapeneira.gal\\\/index.php\\\/2023\\\/03\\\/13\\\/segundo-pampillon-o-alcalde-das-duas-beiras\\\/#respond\"]}]},{\"@type\":\"WebPage\",\"@id\":\"https:\\\/\\\/www.anovapeneira.gal\\\/index.php\\\/2023\\\/03\\\/13\\\/segundo-pampillon-o-alcalde-das-duas-beiras\\\/\",\"url\":\"https:\\\/\\\/www.anovapeneira.gal\\\/index.php\\\/2023\\\/03\\\/13\\\/segundo-pampillon-o-alcalde-das-duas-beiras\\\/\",\"name\":\"Segundo Pampill\u00f3n, o alcalde das d\u00faas beiras -\",\"isPartOf\":{\"@id\":\"https:\\\/\\\/www.anovapeneira.gal\\\/#website\"},\"primaryImageOfPage\":{\"@id\":\"https:\\\/\\\/www.anovapeneira.gal\\\/index.php\\\/2023\\\/03\\\/13\\\/segundo-pampillon-o-alcalde-das-duas-beiras\\\/#primaryimage\"},\"image\":{\"@id\":\"https:\\\/\\\/www.anovapeneira.gal\\\/index.php\\\/2023\\\/03\\\/13\\\/segundo-pampillon-o-alcalde-das-duas-beiras\\\/#primaryimage\"},\"thumbnailUrl\":\"https:\\\/\\\/www.anovapeneira.gal\\\/wp-content\\\/uploads\\\/2023\\\/03\\\/cetro_espanol_republicano.jpg\",\"datePublished\":\"2023-03-13T11:00:28+00:00\",\"description\":\"Juan \u00d3scar Otero Lago (Arxentina)\",\"breadcrumb\":{\"@id\":\"https:\\\/\\\/www.anovapeneira.gal\\\/index.php\\\/2023\\\/03\\\/13\\\/segundo-pampillon-o-alcalde-das-duas-beiras\\\/#breadcrumb\"},\"inLanguage\":\"gl-ES\",\"potentialAction\":[{\"@type\":\"ReadAction\",\"target\":[\"https:\\\/\\\/www.anovapeneira.gal\\\/index.php\\\/2023\\\/03\\\/13\\\/segundo-pampillon-o-alcalde-das-duas-beiras\\\/\"]}]},{\"@type\":\"ImageObject\",\"inLanguage\":\"gl-ES\",\"@id\":\"https:\\\/\\\/www.anovapeneira.gal\\\/index.php\\\/2023\\\/03\\\/13\\\/segundo-pampillon-o-alcalde-das-duas-beiras\\\/#primaryimage\",\"url\":\"https:\\\/\\\/www.anovapeneira.gal\\\/wp-content\\\/uploads\\\/2023\\\/03\\\/cetro_espanol_republicano.jpg\",\"contentUrl\":\"https:\\\/\\\/www.anovapeneira.gal\\\/wp-content\\\/uploads\\\/2023\\\/03\\\/cetro_espanol_republicano.jpg\",\"width\":720,\"height\":432,\"caption\":\"Juan \u00d3scar Otero Lago (Arxentina)\"},{\"@type\":\"BreadcrumbList\",\"@id\":\"https:\\\/\\\/www.anovapeneira.gal\\\/index.php\\\/2023\\\/03\\\/13\\\/segundo-pampillon-o-alcalde-das-duas-beiras\\\/#breadcrumb\",\"itemListElement\":[{\"@type\":\"ListItem\",\"position\":1,\"name\":\"Portada\",\"item\":\"https:\\\/\\\/www.anovapeneira.gal\\\/\"},{\"@type\":\"ListItem\",\"position\":2,\"name\":\"Segundo Pampill\u00f3n, o alcalde das d\u00faas beiras\"}]},{\"@type\":\"WebSite\",\"@id\":\"https:\\\/\\\/www.anovapeneira.gal\\\/#website\",\"url\":\"https:\\\/\\\/www.anovapeneira.gal\\\/\",\"name\":\"\",\"description\":\"Xornal galego de informaci\u00f3n xeral Publicaci\u00f3n mensual de novas de Galicia e en especial dos Concellos da sur da provincia de Pontevedra.\",\"publisher\":{\"@id\":\"https:\\\/\\\/www.anovapeneira.gal\\\/#organization\"},\"potentialAction\":[{\"@type\":\"SearchAction\",\"target\":{\"@type\":\"EntryPoint\",\"urlTemplate\":\"https:\\\/\\\/www.anovapeneira.gal\\\/?s={search_term_string}\"},\"query-input\":{\"@type\":\"PropertyValueSpecification\",\"valueRequired\":true,\"valueName\":\"search_term_string\"}}],\"inLanguage\":\"gl-ES\"},{\"@type\":\"Organization\",\"@id\":\"https:\\\/\\\/www.anovapeneira.gal\\\/#organization\",\"name\":\"A Nova Peneira\",\"url\":\"https:\\\/\\\/www.anovapeneira.gal\\\/\",\"logo\":{\"@type\":\"ImageObject\",\"inLanguage\":\"gl-ES\",\"@id\":\"https:\\\/\\\/www.anovapeneira.gal\\\/#\\\/schema\\\/logo\\\/image\\\/\",\"url\":\"http:\\\/\\\/www.anovapeneira.gal\\\/wp-content\\\/uploads\\\/2019\\\/06\\\/logo_a_nova_peneira_portal_web.png\",\"contentUrl\":\"http:\\\/\\\/www.anovapeneira.gal\\\/wp-content\\\/uploads\\\/2019\\\/06\\\/logo_a_nova_peneira_portal_web.png\",\"width\":300,\"height\":100,\"caption\":\"A Nova Peneira\"},\"image\":{\"@id\":\"https:\\\/\\\/www.anovapeneira.gal\\\/#\\\/schema\\\/logo\\\/image\\\/\"},\"sameAs\":[\"https:\\\/\\\/www.facebook.com\\\/anovapeneira\",\"https:\\\/\\\/x.com\\\/APeneira\"]},{\"@type\":\"Person\",\"@id\":\"https:\\\/\\\/www.anovapeneira.gal\\\/#\\\/schema\\\/person\\\/b93e3f8932e3f8da96334607eb6ac6aa\",\"name\":\"Redacci\u00f3n A Nova Peneira\",\"image\":{\"@type\":\"ImageObject\",\"inLanguage\":\"gl-ES\",\"@id\":\"https:\\\/\\\/secure.gravatar.com\\\/avatar\\\/c052a2551a06e23fac63626232eaa90abd78dbcf1700fc46a2b2c89fd27b735f?s=96&d=mm&r=g\",\"url\":\"https:\\\/\\\/secure.gravatar.com\\\/avatar\\\/c052a2551a06e23fac63626232eaa90abd78dbcf1700fc46a2b2c89fd27b735f?s=96&d=mm&r=g\",\"contentUrl\":\"https:\\\/\\\/secure.gravatar.com\\\/avatar\\\/c052a2551a06e23fac63626232eaa90abd78dbcf1700fc46a2b2c89fd27b735f?s=96&d=mm&r=g\",\"caption\":\"Redacci\u00f3n A Nova Peneira\"},\"sameAs\":[\"http:\\\/\\\/www.anovapeneira.gal\\\/\"],\"url\":\"https:\\\/\\\/www.anovapeneira.gal\\\/index.php\\\/author\\\/redactor\\\/\"}]}<\/script>\n<!-- \/ Yoast SEO plugin. -->","yoast_head_json":{"title":"Segundo Pampill\u00f3n, o alcalde das d\u00faas beiras -","description":"Juan \u00d3scar Otero Lago (Arxentina)","robots":{"index":"index","follow":"follow","max-snippet":"max-snippet:-1","max-image-preview":"max-image-preview:large","max-video-preview":"max-video-preview:-1"},"canonical":"https:\/\/www.anovapeneira.gal\/index.php\/2023\/03\/13\/segundo-pampillon-o-alcalde-das-duas-beiras\/","og_locale":"gl_ES","og_type":"article","og_title":"Segundo Pampill\u00f3n, o alcalde das d\u00faas beiras -","og_description":"Juan \u00d3scar Otero Lago (Arxentina)","og_url":"https:\/\/www.anovapeneira.gal\/index.php\/2023\/03\/13\/segundo-pampillon-o-alcalde-das-duas-beiras\/","article_publisher":"https:\/\/www.facebook.com\/anovapeneira","article_published_time":"2023-03-13T11:00:28+00:00","og_image":[{"width":720,"height":432,"url":"https:\/\/www.anovapeneira.gal\/wp-content\/uploads\/2023\/03\/cetro_espanol_republicano.jpg","type":"image\/jpeg"}],"author":"Redacci\u00f3n A Nova Peneira","twitter_card":"summary_large_image","twitter_creator":"@APeneira","twitter_site":"@APeneira","twitter_misc":{"Escrito por":"Redacci\u00f3n A Nova Peneira","Tempo de lectura":"14 minutos"},"schema":{"@context":"https:\/\/schema.org","@graph":[{"@type":"Article","@id":"https:\/\/www.anovapeneira.gal\/index.php\/2023\/03\/13\/segundo-pampillon-o-alcalde-das-duas-beiras\/#article","isPartOf":{"@id":"https:\/\/www.anovapeneira.gal\/index.php\/2023\/03\/13\/segundo-pampillon-o-alcalde-das-duas-beiras\/"},"author":{"name":"Redacci\u00f3n A Nova Peneira","@id":"https:\/\/www.anovapeneira.gal\/#\/schema\/person\/b93e3f8932e3f8da96334607eb6ac6aa"},"headline":"Segundo Pampill\u00f3n, o alcalde das d\u00faas beiras","datePublished":"2023-03-13T11:00:28+00:00","mainEntityOfPage":{"@id":"https:\/\/www.anovapeneira.gal\/index.php\/2023\/03\/13\/segundo-pampillon-o-alcalde-das-duas-beiras\/"},"wordCount":2668,"commentCount":0,"publisher":{"@id":"https:\/\/www.anovapeneira.gal\/#organization"},"image":{"@id":"https:\/\/www.anovapeneira.gal\/index.php\/2023\/03\/13\/segundo-pampillon-o-alcalde-das-duas-beiras\/#primaryimage"},"thumbnailUrl":"https:\/\/www.anovapeneira.gal\/wp-content\/uploads\/2023\/03\/cetro_espanol_republicano.jpg","keywords":["Concello de Mos"],"articleSection":["A Louri\u00f1a"],"inLanguage":"gl-ES","potentialAction":[{"@type":"CommentAction","name":"Comment","target":["https:\/\/www.anovapeneira.gal\/index.php\/2023\/03\/13\/segundo-pampillon-o-alcalde-das-duas-beiras\/#respond"]}]},{"@type":"WebPage","@id":"https:\/\/www.anovapeneira.gal\/index.php\/2023\/03\/13\/segundo-pampillon-o-alcalde-das-duas-beiras\/","url":"https:\/\/www.anovapeneira.gal\/index.php\/2023\/03\/13\/segundo-pampillon-o-alcalde-das-duas-beiras\/","name":"Segundo Pampill\u00f3n, o alcalde das d\u00faas beiras -","isPartOf":{"@id":"https:\/\/www.anovapeneira.gal\/#website"},"primaryImageOfPage":{"@id":"https:\/\/www.anovapeneira.gal\/index.php\/2023\/03\/13\/segundo-pampillon-o-alcalde-das-duas-beiras\/#primaryimage"},"image":{"@id":"https:\/\/www.anovapeneira.gal\/index.php\/2023\/03\/13\/segundo-pampillon-o-alcalde-das-duas-beiras\/#primaryimage"},"thumbnailUrl":"https:\/\/www.anovapeneira.gal\/wp-content\/uploads\/2023\/03\/cetro_espanol_republicano.jpg","datePublished":"2023-03-13T11:00:28+00:00","description":"Juan \u00d3scar Otero Lago (Arxentina)","breadcrumb":{"@id":"https:\/\/www.anovapeneira.gal\/index.php\/2023\/03\/13\/segundo-pampillon-o-alcalde-das-duas-beiras\/#breadcrumb"},"inLanguage":"gl-ES","potentialAction":[{"@type":"ReadAction","target":["https:\/\/www.anovapeneira.gal\/index.php\/2023\/03\/13\/segundo-pampillon-o-alcalde-das-duas-beiras\/"]}]},{"@type":"ImageObject","inLanguage":"gl-ES","@id":"https:\/\/www.anovapeneira.gal\/index.php\/2023\/03\/13\/segundo-pampillon-o-alcalde-das-duas-beiras\/#primaryimage","url":"https:\/\/www.anovapeneira.gal\/wp-content\/uploads\/2023\/03\/cetro_espanol_republicano.jpg","contentUrl":"https:\/\/www.anovapeneira.gal\/wp-content\/uploads\/2023\/03\/cetro_espanol_republicano.jpg","width":720,"height":432,"caption":"Juan \u00d3scar Otero Lago (Arxentina)"},{"@type":"BreadcrumbList","@id":"https:\/\/www.anovapeneira.gal\/index.php\/2023\/03\/13\/segundo-pampillon-o-alcalde-das-duas-beiras\/#breadcrumb","itemListElement":[{"@type":"ListItem","position":1,"name":"Portada","item":"https:\/\/www.anovapeneira.gal\/"},{"@type":"ListItem","position":2,"name":"Segundo Pampill\u00f3n, o alcalde das d\u00faas beiras"}]},{"@type":"WebSite","@id":"https:\/\/www.anovapeneira.gal\/#website","url":"https:\/\/www.anovapeneira.gal\/","name":"","description":"Xornal galego de informaci\u00f3n xeral Publicaci\u00f3n mensual de novas de Galicia e en especial dos Concellos da sur da provincia de Pontevedra.","publisher":{"@id":"https:\/\/www.anovapeneira.gal\/#organization"},"potentialAction":[{"@type":"SearchAction","target":{"@type":"EntryPoint","urlTemplate":"https:\/\/www.anovapeneira.gal\/?s={search_term_string}"},"query-input":{"@type":"PropertyValueSpecification","valueRequired":true,"valueName":"search_term_string"}}],"inLanguage":"gl-ES"},{"@type":"Organization","@id":"https:\/\/www.anovapeneira.gal\/#organization","name":"A Nova Peneira","url":"https:\/\/www.anovapeneira.gal\/","logo":{"@type":"ImageObject","inLanguage":"gl-ES","@id":"https:\/\/www.anovapeneira.gal\/#\/schema\/logo\/image\/","url":"http:\/\/www.anovapeneira.gal\/wp-content\/uploads\/2019\/06\/logo_a_nova_peneira_portal_web.png","contentUrl":"http:\/\/www.anovapeneira.gal\/wp-content\/uploads\/2019\/06\/logo_a_nova_peneira_portal_web.png","width":300,"height":100,"caption":"A Nova Peneira"},"image":{"@id":"https:\/\/www.anovapeneira.gal\/#\/schema\/logo\/image\/"},"sameAs":["https:\/\/www.facebook.com\/anovapeneira","https:\/\/x.com\/APeneira"]},{"@type":"Person","@id":"https:\/\/www.anovapeneira.gal\/#\/schema\/person\/b93e3f8932e3f8da96334607eb6ac6aa","name":"Redacci\u00f3n A Nova Peneira","image":{"@type":"ImageObject","inLanguage":"gl-ES","@id":"https:\/\/secure.gravatar.com\/avatar\/c052a2551a06e23fac63626232eaa90abd78dbcf1700fc46a2b2c89fd27b735f?s=96&d=mm&r=g","url":"https:\/\/secure.gravatar.com\/avatar\/c052a2551a06e23fac63626232eaa90abd78dbcf1700fc46a2b2c89fd27b735f?s=96&d=mm&r=g","contentUrl":"https:\/\/secure.gravatar.com\/avatar\/c052a2551a06e23fac63626232eaa90abd78dbcf1700fc46a2b2c89fd27b735f?s=96&d=mm&r=g","caption":"Redacci\u00f3n A Nova Peneira"},"sameAs":["http:\/\/www.anovapeneira.gal\/"],"url":"https:\/\/www.anovapeneira.gal\/index.php\/author\/redactor\/"}]}},"jetpack_featured_media_url":"https:\/\/www.anovapeneira.gal\/wp-content\/uploads\/2023\/03\/cetro_espanol_republicano.jpg","_links":{"self":[{"href":"https:\/\/www.anovapeneira.gal\/index.php\/wp-json\/wp\/v2\/posts\/9260","targetHints":{"allow":["GET"]}}],"collection":[{"href":"https:\/\/www.anovapeneira.gal\/index.php\/wp-json\/wp\/v2\/posts"}],"about":[{"href":"https:\/\/www.anovapeneira.gal\/index.php\/wp-json\/wp\/v2\/types\/post"}],"author":[{"embeddable":true,"href":"https:\/\/www.anovapeneira.gal\/index.php\/wp-json\/wp\/v2\/users\/3"}],"replies":[{"embeddable":true,"href":"https:\/\/www.anovapeneira.gal\/index.php\/wp-json\/wp\/v2\/comments?post=9260"}],"version-history":[{"count":4,"href":"https:\/\/www.anovapeneira.gal\/index.php\/wp-json\/wp\/v2\/posts\/9260\/revisions"}],"predecessor-version":[{"id":9269,"href":"https:\/\/www.anovapeneira.gal\/index.php\/wp-json\/wp\/v2\/posts\/9260\/revisions\/9269"}],"wp:featuredmedia":[{"embeddable":true,"href":"https:\/\/www.anovapeneira.gal\/index.php\/wp-json\/wp\/v2\/media\/9262"}],"wp:attachment":[{"href":"https:\/\/www.anovapeneira.gal\/index.php\/wp-json\/wp\/v2\/media?parent=9260"}],"wp:term":[{"taxonomy":"category","embeddable":true,"href":"https:\/\/www.anovapeneira.gal\/index.php\/wp-json\/wp\/v2\/categories?post=9260"},{"taxonomy":"post_tag","embeddable":true,"href":"https:\/\/www.anovapeneira.gal\/index.php\/wp-json\/wp\/v2\/tags?post=9260"}],"curies":[{"name":"wp","href":"https:\/\/api.w.org\/{rel}","templated":true}]}}