{"id":9279,"date":"2023-03-15T12:00:53","date_gmt":"2023-03-15T11:00:53","guid":{"rendered":"https:\/\/www.anovapeneira.gal\/?p=9279"},"modified":"2023-03-13T10:10:13","modified_gmt":"2023-03-13T09:10:13","slug":"adeus-san-xoan-de-fornelos-da-ribeira","status":"publish","type":"post","link":"https:\/\/www.anovapeneira.gal\/index.php\/2023\/03\/15\/adeus-san-xoan-de-fornelos-da-ribeira\/","title":{"rendered":"Adeus San Xo\u00e1n de Fornelos da Ribeira!"},"content":{"rendered":"\n<pre class=\"wp-block-verse\">Manuel Alfonso Est\u00e9vez.<\/pre>\n\n\n\n<h2 class=\"wp-block-heading\">Adeus, para sempre, adeus!<\/h2>\n\n\n\n<p>Estou mentalmente desolado pola desfeita a un fillo de Fornelos, chamado o franc\u00e9s, da vivenda constru\u00edda con tanto amor, o teu p\u00e9, na s\u00faa parroquia, e que unha desafortunada actuaci\u00f3n a derrubou, autorizada pola autoridade eclesi\u00e1stica, para preservar o ASILO SAGRADO da s\u00faa igrexa. Que indecencia!<\/p>\n\n\n\n<p>Eu que de meni\u00f1o tanto te admirei e contemplei co teu pelico un pouco mais alterado, tanto ti como o cordeiro sobre o que pousas a t\u00faa man esquerda, \u201cnon te deches conta da desfeita\u201d. E iso que est\u00e1 preto de ti.<\/p>\n\n\n\n<p>Onte, cando me bautizaron na t\u00faa igrexa (1.932) como hoxe (2.023), cos meus 91 anos, segues sendo o Padroeiro e gardi\u00e1n da parroquia, e non miraches, como se lle derrubaba a vivenda o noso fillo de Fornelos, e nin si queira mandaches parar a demolici\u00f3n, como si non fora nada contigo. Que vergo\u00f1a, meu amigo!<\/p>\n\n\n\n<p>Eu penso, que dende este meu recuncho de Vigo, onde vivo, seguir\u00e1s mirando impasible o horizonte, o sol, como o fac\u00eda eu, os meus oito anos, vendo ocultarse a diario, como hostia celestial, tras a serra de San Cibr\u00e1n, entre Nogueira e Cristi\u00f1ade, e non te enteiras, a pesares de estar fronte a fronte, desa desfeita que tanto nos entristece os que somos e nos sentimos xentes ven nacidas.<\/p>\n\n\n\n<p>San Xo\u00e1n! Sempre te contemplei dende neno, como un amigo, e agora, agn\u00f3stico, e coa emoci\u00f3n que sent\u00eda de neno, te vexo coa mirada inquieta, despreocupada, inconsciente, inquieta, polo derribo da vivenda dun fillo da parroquia, que querendo engrandecer a s\u00faa terra, se encontrou con unha desfeita, con raz\u00f3n ou sen ela, e ti coa mirada perdida.<\/p>\n\n\n\n<p>Mentalmente, te estou mirando e contemplando, e me fixo nos teus ollos de pedra, seguindo a posta do sol, radiante,t\u00f3dolos d\u00edas, e Que queres! Non mandaches deter a desfeita habida. A esquerda, ves a Capela da Asunci\u00f3n, que se ergue no Monte Castelo, en Pesqueiras, como fortaleza de fe, e non miras a desfeita que tes o teus p\u00e9s.<\/p>\n\n\n\n<p>O coraz\u00f3n me di que es imaxe dun ideal que perdura no tempo, que nunca morre, que nunca envellece. Efectivamente, est\u00e1s como na mi\u00f1a nenez, s\u00f3 o pelexo e o cordeiro perderon albura, quizais, mirando a desfeita. As\u00ed me pasou a min, padroeiro de Fornelos da Ribeira, mir\u00e1ndote desorientado.<\/p>\n\n\n\n<p>Paseaba eu, sendo neno, por diante de ti, mir\u00e1ndote alegre, como soemos facer os nenos, atento e distra\u00eddo, de fronte, con devoci\u00f3n, e hoxe xa me ves. Antes promesa e agora decepci\u00f3n. Asi me ocorre, coa s\u00faplica do meu familiar Jes\u00fas Cambra e Rivas, propietario da capela Santa Rosa, do rueiro do Casco, expedida polo Papa, P\u00edo X, na Arxentina no 1.912 repartindo Indulxencias Plenarias, pola Graza de non sei quen, e que obra no meu poder. Para que? Me imaxino o para que! Xa direi o resultado.<\/p>\n\n\n\n<p>No ano 1.940 era eu, una promesa xuvenil, como o parroqui\u00e1n, chamado \u201co franc\u00e9s\u201d, e hoxe, declinando como as ramas da \u00e1rbore envellecida, con arrugas na faciana e neve na cabeleira, perdida toda emoci\u00f3n.<\/p>\n\n\n\n<p>Onte, alegr\u00eda, meu San Xo\u00e1n, e hoxe silencio, entrecortado pola desfeita cos amargos saloucos que brotan inc\u00f3modos do peito co f\u00edo das abundantes b\u00e1goas, vendo unha sociedade antisocial, inclu\u00edda toda a parroquia, co horizonte de neno, rosado, e agora negro infernal.<\/p>\n\n\n\n<p>Xa ves, San Xo\u00e1n! Como gardaba de neno, gratitude, e agora agn\u00f3stico, total. Xa ves!<\/p>\n\n\n\n<p>Triste \u00e9 morrer, e desconsolador contemplar o que est\u00e1 a pasar na parroquia. E, penso eu, San Xo\u00e1n, que comigo non vai a pasar a caixa f\u00fanebre o Cemiterio do Coto de S\u00e1, pois de agora en adiante deixarei de ser teu admirador e deixarei de pisar a t\u00faa igrexa. O sinto moito. Que se lle vai facer!<\/p>\n","protected":false},"excerpt":{"rendered":"<div class=\"mh-excerpt\"><p>Estou mentalmente desolado pola desfeita a un fillo de Fornelos, chamado o franc\u00e9s, da vivenda constru\u00edda con tanto amor, o teu p\u00e9, na s\u00faa parroquia, e que unha desafortunada actuaci\u00f3n a derrubou, autorizada pola autoridade eclesi\u00e1stica, para preservar o ASILO SAGRADO da s\u00faa igrexa <a class=\"mh-excerpt-more\" href=\"https:\/\/www.anovapeneira.gal\/index.php\/2023\/03\/15\/adeus-san-xoan-de-fornelos-da-ribeira\/\" title=\"Adeus San Xo\u00e1n de Fornelos da Ribeira!\">[&#8230;]<\/a><\/p>\n<\/div>","protected":false},"author":40,"featured_media":5108,"comment_status":"open","ping_status":"open","sticky":false,"template":"","format":"standard","meta":{"_exactmetrics_skip_tracking":false,"_exactmetrics_sitenote_active":false,"_exactmetrics_sitenote_note":"","_exactmetrics_sitenote_category":0,"footnotes":""},"categories":[7],"tags":[1350],"class_list":{"0":"post-9279","1":"post","2":"type-post","3":"status-publish","4":"format-standard","5":"has-post-thumbnail","7":"category-artigos-de-opinion","8":"tag-concello-de-fornelos-da-ribeira"},"yoast_head":"<!-- This site is optimized with the Yoast SEO plugin v27.5 - https:\/\/yoast.com\/product\/yoast-seo-wordpress\/ -->\n<title>Adeus San Xo\u00e1n de Fornelos da Ribeira! -<\/title>\n<meta name=\"description\" content=\"Estou mentalmente desolado pola desfeita a un fillo de Fornelos, chamado o franc\u00e9s, da vivenda constru\u00edda con tanto amor, o teu p\u00e9, na s\u00faa parroquia, e que unha desafortunada actuaci\u00f3n a derrubou, autorizada pola autoridade eclesi\u00e1stica, para preservar o ASILO SAGRADO da s\u00faa igrexa\" \/>\n<meta name=\"robots\" content=\"index, follow, max-snippet:-1, max-image-preview:large, max-video-preview:-1\" \/>\n<link rel=\"canonical\" href=\"https:\/\/www.anovapeneira.gal\/index.php\/2023\/03\/15\/adeus-san-xoan-de-fornelos-da-ribeira\/\" \/>\n<meta property=\"og:locale\" content=\"gl_ES\" \/>\n<meta property=\"og:type\" content=\"article\" \/>\n<meta property=\"og:title\" content=\"Adeus San Xo\u00e1n de Fornelos da Ribeira! -\" \/>\n<meta property=\"og:description\" content=\"Estou mentalmente desolado pola desfeita a un fillo de Fornelos, chamado o franc\u00e9s, da vivenda constru\u00edda con tanto amor, o teu p\u00e9, na s\u00faa parroquia, e que unha desafortunada actuaci\u00f3n a derrubou, autorizada pola autoridade eclesi\u00e1stica, para preservar o ASILO SAGRADO da s\u00faa igrexa\" \/>\n<meta property=\"og:url\" content=\"https:\/\/www.anovapeneira.gal\/index.php\/2023\/03\/15\/adeus-san-xoan-de-fornelos-da-ribeira\/\" \/>\n<meta property=\"article:publisher\" content=\"https:\/\/www.facebook.com\/anovapeneira\" \/>\n<meta property=\"article:published_time\" content=\"2023-03-15T11:00:53+00:00\" \/>\n<meta property=\"og:image\" content=\"https:\/\/www.anovapeneira.gal\/wp-content\/uploads\/2021\/03\/manuel_alfonso_estevez.jpg\" \/>\n\t<meta property=\"og:image:width\" content=\"720\" \/>\n\t<meta property=\"og:image:height\" content=\"432\" \/>\n\t<meta property=\"og:image:type\" content=\"image\/jpeg\" \/>\n<meta name=\"author\" content=\"Manuel Alfonso Est\u00e9vez\" \/>\n<meta name=\"twitter:card\" content=\"summary_large_image\" \/>\n<meta name=\"twitter:creator\" content=\"@APeneira\" \/>\n<meta name=\"twitter:site\" content=\"@APeneira\" \/>\n<meta name=\"twitter:label1\" content=\"Escrito por\" \/>\n\t<meta name=\"twitter:data1\" content=\"Manuel Alfonso Est\u00e9vez\" \/>\n\t<meta name=\"twitter:label2\" content=\"Tempo de lectura\" \/>\n\t<meta name=\"twitter:data2\" content=\"4 minutos\" \/>\n<script type=\"application\/ld+json\" class=\"yoast-schema-graph\">{\"@context\":\"https:\\\/\\\/schema.org\",\"@graph\":[{\"@type\":\"Article\",\"@id\":\"https:\\\/\\\/www.anovapeneira.gal\\\/index.php\\\/2023\\\/03\\\/15\\\/adeus-san-xoan-de-fornelos-da-ribeira\\\/#article\",\"isPartOf\":{\"@id\":\"https:\\\/\\\/www.anovapeneira.gal\\\/index.php\\\/2023\\\/03\\\/15\\\/adeus-san-xoan-de-fornelos-da-ribeira\\\/\"},\"author\":{\"name\":\"Manuel Alfonso Est\u00e9vez\",\"@id\":\"https:\\\/\\\/www.anovapeneira.gal\\\/#\\\/schema\\\/person\\\/6561b93d53e7a32f5d814768163bae2a\"},\"headline\":\"Adeus San Xo\u00e1n de Fornelos da Ribeira!\",\"datePublished\":\"2023-03-15T11:00:53+00:00\",\"mainEntityOfPage\":{\"@id\":\"https:\\\/\\\/www.anovapeneira.gal\\\/index.php\\\/2023\\\/03\\\/15\\\/adeus-san-xoan-de-fornelos-da-ribeira\\\/\"},\"wordCount\":671,\"commentCount\":0,\"publisher\":{\"@id\":\"https:\\\/\\\/www.anovapeneira.gal\\\/#organization\"},\"image\":{\"@id\":\"https:\\\/\\\/www.anovapeneira.gal\\\/index.php\\\/2023\\\/03\\\/15\\\/adeus-san-xoan-de-fornelos-da-ribeira\\\/#primaryimage\"},\"thumbnailUrl\":\"https:\\\/\\\/www.anovapeneira.gal\\\/wp-content\\\/uploads\\\/2021\\\/03\\\/manuel_alfonso_estevez.jpg\",\"keywords\":[\"Concello de Fornelos da Ribeira\"],\"articleSection\":[\"Artigos de opini\u00f3n\"],\"inLanguage\":\"gl-ES\",\"potentialAction\":[{\"@type\":\"CommentAction\",\"name\":\"Comment\",\"target\":[\"https:\\\/\\\/www.anovapeneira.gal\\\/index.php\\\/2023\\\/03\\\/15\\\/adeus-san-xoan-de-fornelos-da-ribeira\\\/#respond\"]}]},{\"@type\":\"WebPage\",\"@id\":\"https:\\\/\\\/www.anovapeneira.gal\\\/index.php\\\/2023\\\/03\\\/15\\\/adeus-san-xoan-de-fornelos-da-ribeira\\\/\",\"url\":\"https:\\\/\\\/www.anovapeneira.gal\\\/index.php\\\/2023\\\/03\\\/15\\\/adeus-san-xoan-de-fornelos-da-ribeira\\\/\",\"name\":\"Adeus San Xo\u00e1n de Fornelos da Ribeira! -\",\"isPartOf\":{\"@id\":\"https:\\\/\\\/www.anovapeneira.gal\\\/#website\"},\"primaryImageOfPage\":{\"@id\":\"https:\\\/\\\/www.anovapeneira.gal\\\/index.php\\\/2023\\\/03\\\/15\\\/adeus-san-xoan-de-fornelos-da-ribeira\\\/#primaryimage\"},\"image\":{\"@id\":\"https:\\\/\\\/www.anovapeneira.gal\\\/index.php\\\/2023\\\/03\\\/15\\\/adeus-san-xoan-de-fornelos-da-ribeira\\\/#primaryimage\"},\"thumbnailUrl\":\"https:\\\/\\\/www.anovapeneira.gal\\\/wp-content\\\/uploads\\\/2021\\\/03\\\/manuel_alfonso_estevez.jpg\",\"datePublished\":\"2023-03-15T11:00:53+00:00\",\"description\":\"Estou mentalmente desolado pola desfeita a un fillo de Fornelos, chamado o franc\u00e9s, da vivenda constru\u00edda con tanto amor, o teu p\u00e9, na s\u00faa parroquia, e que unha desafortunada actuaci\u00f3n a derrubou, autorizada pola autoridade eclesi\u00e1stica, para preservar o ASILO SAGRADO da s\u00faa igrexa\",\"breadcrumb\":{\"@id\":\"https:\\\/\\\/www.anovapeneira.gal\\\/index.php\\\/2023\\\/03\\\/15\\\/adeus-san-xoan-de-fornelos-da-ribeira\\\/#breadcrumb\"},\"inLanguage\":\"gl-ES\",\"potentialAction\":[{\"@type\":\"ReadAction\",\"target\":[\"https:\\\/\\\/www.anovapeneira.gal\\\/index.php\\\/2023\\\/03\\\/15\\\/adeus-san-xoan-de-fornelos-da-ribeira\\\/\"]}]},{\"@type\":\"ImageObject\",\"inLanguage\":\"gl-ES\",\"@id\":\"https:\\\/\\\/www.anovapeneira.gal\\\/index.php\\\/2023\\\/03\\\/15\\\/adeus-san-xoan-de-fornelos-da-ribeira\\\/#primaryimage\",\"url\":\"https:\\\/\\\/www.anovapeneira.gal\\\/wp-content\\\/uploads\\\/2021\\\/03\\\/manuel_alfonso_estevez.jpg\",\"contentUrl\":\"https:\\\/\\\/www.anovapeneira.gal\\\/wp-content\\\/uploads\\\/2021\\\/03\\\/manuel_alfonso_estevez.jpg\",\"width\":720,\"height\":432,\"caption\":\"Manuel Alfonso Est\u00e9vez. Historia viva de Fornelos da Ribeira\"},{\"@type\":\"BreadcrumbList\",\"@id\":\"https:\\\/\\\/www.anovapeneira.gal\\\/index.php\\\/2023\\\/03\\\/15\\\/adeus-san-xoan-de-fornelos-da-ribeira\\\/#breadcrumb\",\"itemListElement\":[{\"@type\":\"ListItem\",\"position\":1,\"name\":\"Portada\",\"item\":\"https:\\\/\\\/www.anovapeneira.gal\\\/\"},{\"@type\":\"ListItem\",\"position\":2,\"name\":\"Adeus San Xo\u00e1n de Fornelos da Ribeira!\"}]},{\"@type\":\"WebSite\",\"@id\":\"https:\\\/\\\/www.anovapeneira.gal\\\/#website\",\"url\":\"https:\\\/\\\/www.anovapeneira.gal\\\/\",\"name\":\"\",\"description\":\"Xornal galego de informaci\u00f3n xeral Publicaci\u00f3n mensual de novas de Galicia e en especial dos Concellos da sur da provincia de Pontevedra.\",\"publisher\":{\"@id\":\"https:\\\/\\\/www.anovapeneira.gal\\\/#organization\"},\"potentialAction\":[{\"@type\":\"SearchAction\",\"target\":{\"@type\":\"EntryPoint\",\"urlTemplate\":\"https:\\\/\\\/www.anovapeneira.gal\\\/?s={search_term_string}\"},\"query-input\":{\"@type\":\"PropertyValueSpecification\",\"valueRequired\":true,\"valueName\":\"search_term_string\"}}],\"inLanguage\":\"gl-ES\"},{\"@type\":\"Organization\",\"@id\":\"https:\\\/\\\/www.anovapeneira.gal\\\/#organization\",\"name\":\"A Nova Peneira\",\"url\":\"https:\\\/\\\/www.anovapeneira.gal\\\/\",\"logo\":{\"@type\":\"ImageObject\",\"inLanguage\":\"gl-ES\",\"@id\":\"https:\\\/\\\/www.anovapeneira.gal\\\/#\\\/schema\\\/logo\\\/image\\\/\",\"url\":\"http:\\\/\\\/www.anovapeneira.gal\\\/wp-content\\\/uploads\\\/2019\\\/06\\\/logo_a_nova_peneira_portal_web.png\",\"contentUrl\":\"http:\\\/\\\/www.anovapeneira.gal\\\/wp-content\\\/uploads\\\/2019\\\/06\\\/logo_a_nova_peneira_portal_web.png\",\"width\":300,\"height\":100,\"caption\":\"A Nova Peneira\"},\"image\":{\"@id\":\"https:\\\/\\\/www.anovapeneira.gal\\\/#\\\/schema\\\/logo\\\/image\\\/\"},\"sameAs\":[\"https:\\\/\\\/www.facebook.com\\\/anovapeneira\",\"https:\\\/\\\/x.com\\\/APeneira\"]},{\"@type\":\"Person\",\"@id\":\"https:\\\/\\\/www.anovapeneira.gal\\\/#\\\/schema\\\/person\\\/6561b93d53e7a32f5d814768163bae2a\",\"name\":\"Manuel Alfonso Est\u00e9vez\",\"image\":{\"@type\":\"ImageObject\",\"inLanguage\":\"gl-ES\",\"@id\":\"https:\\\/\\\/secure.gravatar.com\\\/avatar\\\/f5d3e86603a02dabc520fdacad8691552cb5b3b57ede8828ababc7095c054594?s=96&d=mm&r=g\",\"url\":\"https:\\\/\\\/secure.gravatar.com\\\/avatar\\\/f5d3e86603a02dabc520fdacad8691552cb5b3b57ede8828ababc7095c054594?s=96&d=mm&r=g\",\"contentUrl\":\"https:\\\/\\\/secure.gravatar.com\\\/avatar\\\/f5d3e86603a02dabc520fdacad8691552cb5b3b57ede8828ababc7095c054594?s=96&d=mm&r=g\",\"caption\":\"Manuel Alfonso Est\u00e9vez\"},\"url\":\"https:\\\/\\\/www.anovapeneira.gal\\\/index.php\\\/author\\\/manuelalfonso\\\/\"}]}<\/script>\n<!-- \/ Yoast SEO plugin. -->","yoast_head_json":{"title":"Adeus San Xo\u00e1n de Fornelos da Ribeira! -","description":"Estou mentalmente desolado pola desfeita a un fillo de Fornelos, chamado o franc\u00e9s, da vivenda constru\u00edda con tanto amor, o teu p\u00e9, na s\u00faa parroquia, e que unha desafortunada actuaci\u00f3n a derrubou, autorizada pola autoridade eclesi\u00e1stica, para preservar o ASILO SAGRADO da s\u00faa igrexa","robots":{"index":"index","follow":"follow","max-snippet":"max-snippet:-1","max-image-preview":"max-image-preview:large","max-video-preview":"max-video-preview:-1"},"canonical":"https:\/\/www.anovapeneira.gal\/index.php\/2023\/03\/15\/adeus-san-xoan-de-fornelos-da-ribeira\/","og_locale":"gl_ES","og_type":"article","og_title":"Adeus San Xo\u00e1n de Fornelos da Ribeira! -","og_description":"Estou mentalmente desolado pola desfeita a un fillo de Fornelos, chamado o franc\u00e9s, da vivenda constru\u00edda con tanto amor, o teu p\u00e9, na s\u00faa parroquia, e que unha desafortunada actuaci\u00f3n a derrubou, autorizada pola autoridade eclesi\u00e1stica, para preservar o ASILO SAGRADO da s\u00faa igrexa","og_url":"https:\/\/www.anovapeneira.gal\/index.php\/2023\/03\/15\/adeus-san-xoan-de-fornelos-da-ribeira\/","article_publisher":"https:\/\/www.facebook.com\/anovapeneira","article_published_time":"2023-03-15T11:00:53+00:00","og_image":[{"width":720,"height":432,"url":"https:\/\/www.anovapeneira.gal\/wp-content\/uploads\/2021\/03\/manuel_alfonso_estevez.jpg","type":"image\/jpeg"}],"author":"Manuel Alfonso Est\u00e9vez","twitter_card":"summary_large_image","twitter_creator":"@APeneira","twitter_site":"@APeneira","twitter_misc":{"Escrito por":"Manuel Alfonso Est\u00e9vez","Tempo de lectura":"4 minutos"},"schema":{"@context":"https:\/\/schema.org","@graph":[{"@type":"Article","@id":"https:\/\/www.anovapeneira.gal\/index.php\/2023\/03\/15\/adeus-san-xoan-de-fornelos-da-ribeira\/#article","isPartOf":{"@id":"https:\/\/www.anovapeneira.gal\/index.php\/2023\/03\/15\/adeus-san-xoan-de-fornelos-da-ribeira\/"},"author":{"name":"Manuel Alfonso Est\u00e9vez","@id":"https:\/\/www.anovapeneira.gal\/#\/schema\/person\/6561b93d53e7a32f5d814768163bae2a"},"headline":"Adeus San Xo\u00e1n de Fornelos da Ribeira!","datePublished":"2023-03-15T11:00:53+00:00","mainEntityOfPage":{"@id":"https:\/\/www.anovapeneira.gal\/index.php\/2023\/03\/15\/adeus-san-xoan-de-fornelos-da-ribeira\/"},"wordCount":671,"commentCount":0,"publisher":{"@id":"https:\/\/www.anovapeneira.gal\/#organization"},"image":{"@id":"https:\/\/www.anovapeneira.gal\/index.php\/2023\/03\/15\/adeus-san-xoan-de-fornelos-da-ribeira\/#primaryimage"},"thumbnailUrl":"https:\/\/www.anovapeneira.gal\/wp-content\/uploads\/2021\/03\/manuel_alfonso_estevez.jpg","keywords":["Concello de Fornelos da Ribeira"],"articleSection":["Artigos de opini\u00f3n"],"inLanguage":"gl-ES","potentialAction":[{"@type":"CommentAction","name":"Comment","target":["https:\/\/www.anovapeneira.gal\/index.php\/2023\/03\/15\/adeus-san-xoan-de-fornelos-da-ribeira\/#respond"]}]},{"@type":"WebPage","@id":"https:\/\/www.anovapeneira.gal\/index.php\/2023\/03\/15\/adeus-san-xoan-de-fornelos-da-ribeira\/","url":"https:\/\/www.anovapeneira.gal\/index.php\/2023\/03\/15\/adeus-san-xoan-de-fornelos-da-ribeira\/","name":"Adeus San Xo\u00e1n de Fornelos da Ribeira! -","isPartOf":{"@id":"https:\/\/www.anovapeneira.gal\/#website"},"primaryImageOfPage":{"@id":"https:\/\/www.anovapeneira.gal\/index.php\/2023\/03\/15\/adeus-san-xoan-de-fornelos-da-ribeira\/#primaryimage"},"image":{"@id":"https:\/\/www.anovapeneira.gal\/index.php\/2023\/03\/15\/adeus-san-xoan-de-fornelos-da-ribeira\/#primaryimage"},"thumbnailUrl":"https:\/\/www.anovapeneira.gal\/wp-content\/uploads\/2021\/03\/manuel_alfonso_estevez.jpg","datePublished":"2023-03-15T11:00:53+00:00","description":"Estou mentalmente desolado pola desfeita a un fillo de Fornelos, chamado o franc\u00e9s, da vivenda constru\u00edda con tanto amor, o teu p\u00e9, na s\u00faa parroquia, e que unha desafortunada actuaci\u00f3n a derrubou, autorizada pola autoridade eclesi\u00e1stica, para preservar o ASILO SAGRADO da s\u00faa igrexa","breadcrumb":{"@id":"https:\/\/www.anovapeneira.gal\/index.php\/2023\/03\/15\/adeus-san-xoan-de-fornelos-da-ribeira\/#breadcrumb"},"inLanguage":"gl-ES","potentialAction":[{"@type":"ReadAction","target":["https:\/\/www.anovapeneira.gal\/index.php\/2023\/03\/15\/adeus-san-xoan-de-fornelos-da-ribeira\/"]}]},{"@type":"ImageObject","inLanguage":"gl-ES","@id":"https:\/\/www.anovapeneira.gal\/index.php\/2023\/03\/15\/adeus-san-xoan-de-fornelos-da-ribeira\/#primaryimage","url":"https:\/\/www.anovapeneira.gal\/wp-content\/uploads\/2021\/03\/manuel_alfonso_estevez.jpg","contentUrl":"https:\/\/www.anovapeneira.gal\/wp-content\/uploads\/2021\/03\/manuel_alfonso_estevez.jpg","width":720,"height":432,"caption":"Manuel Alfonso Est\u00e9vez. Historia viva de Fornelos da Ribeira"},{"@type":"BreadcrumbList","@id":"https:\/\/www.anovapeneira.gal\/index.php\/2023\/03\/15\/adeus-san-xoan-de-fornelos-da-ribeira\/#breadcrumb","itemListElement":[{"@type":"ListItem","position":1,"name":"Portada","item":"https:\/\/www.anovapeneira.gal\/"},{"@type":"ListItem","position":2,"name":"Adeus San Xo\u00e1n de Fornelos da Ribeira!"}]},{"@type":"WebSite","@id":"https:\/\/www.anovapeneira.gal\/#website","url":"https:\/\/www.anovapeneira.gal\/","name":"","description":"Xornal galego de informaci\u00f3n xeral Publicaci\u00f3n mensual de novas de Galicia e en especial dos Concellos da sur da provincia de Pontevedra.","publisher":{"@id":"https:\/\/www.anovapeneira.gal\/#organization"},"potentialAction":[{"@type":"SearchAction","target":{"@type":"EntryPoint","urlTemplate":"https:\/\/www.anovapeneira.gal\/?s={search_term_string}"},"query-input":{"@type":"PropertyValueSpecification","valueRequired":true,"valueName":"search_term_string"}}],"inLanguage":"gl-ES"},{"@type":"Organization","@id":"https:\/\/www.anovapeneira.gal\/#organization","name":"A Nova Peneira","url":"https:\/\/www.anovapeneira.gal\/","logo":{"@type":"ImageObject","inLanguage":"gl-ES","@id":"https:\/\/www.anovapeneira.gal\/#\/schema\/logo\/image\/","url":"http:\/\/www.anovapeneira.gal\/wp-content\/uploads\/2019\/06\/logo_a_nova_peneira_portal_web.png","contentUrl":"http:\/\/www.anovapeneira.gal\/wp-content\/uploads\/2019\/06\/logo_a_nova_peneira_portal_web.png","width":300,"height":100,"caption":"A Nova Peneira"},"image":{"@id":"https:\/\/www.anovapeneira.gal\/#\/schema\/logo\/image\/"},"sameAs":["https:\/\/www.facebook.com\/anovapeneira","https:\/\/x.com\/APeneira"]},{"@type":"Person","@id":"https:\/\/www.anovapeneira.gal\/#\/schema\/person\/6561b93d53e7a32f5d814768163bae2a","name":"Manuel Alfonso Est\u00e9vez","image":{"@type":"ImageObject","inLanguage":"gl-ES","@id":"https:\/\/secure.gravatar.com\/avatar\/f5d3e86603a02dabc520fdacad8691552cb5b3b57ede8828ababc7095c054594?s=96&d=mm&r=g","url":"https:\/\/secure.gravatar.com\/avatar\/f5d3e86603a02dabc520fdacad8691552cb5b3b57ede8828ababc7095c054594?s=96&d=mm&r=g","contentUrl":"https:\/\/secure.gravatar.com\/avatar\/f5d3e86603a02dabc520fdacad8691552cb5b3b57ede8828ababc7095c054594?s=96&d=mm&r=g","caption":"Manuel Alfonso Est\u00e9vez"},"url":"https:\/\/www.anovapeneira.gal\/index.php\/author\/manuelalfonso\/"}]}},"jetpack_featured_media_url":"https:\/\/www.anovapeneira.gal\/wp-content\/uploads\/2021\/03\/manuel_alfonso_estevez.jpg","_links":{"self":[{"href":"https:\/\/www.anovapeneira.gal\/index.php\/wp-json\/wp\/v2\/posts\/9279","targetHints":{"allow":["GET"]}}],"collection":[{"href":"https:\/\/www.anovapeneira.gal\/index.php\/wp-json\/wp\/v2\/posts"}],"about":[{"href":"https:\/\/www.anovapeneira.gal\/index.php\/wp-json\/wp\/v2\/types\/post"}],"author":[{"embeddable":true,"href":"https:\/\/www.anovapeneira.gal\/index.php\/wp-json\/wp\/v2\/users\/40"}],"replies":[{"embeddable":true,"href":"https:\/\/www.anovapeneira.gal\/index.php\/wp-json\/wp\/v2\/comments?post=9279"}],"version-history":[{"count":2,"href":"https:\/\/www.anovapeneira.gal\/index.php\/wp-json\/wp\/v2\/posts\/9279\/revisions"}],"predecessor-version":[{"id":9281,"href":"https:\/\/www.anovapeneira.gal\/index.php\/wp-json\/wp\/v2\/posts\/9279\/revisions\/9281"}],"wp:featuredmedia":[{"embeddable":true,"href":"https:\/\/www.anovapeneira.gal\/index.php\/wp-json\/wp\/v2\/media\/5108"}],"wp:attachment":[{"href":"https:\/\/www.anovapeneira.gal\/index.php\/wp-json\/wp\/v2\/media?parent=9279"}],"wp:term":[{"taxonomy":"category","embeddable":true,"href":"https:\/\/www.anovapeneira.gal\/index.php\/wp-json\/wp\/v2\/categories?post=9279"},{"taxonomy":"post_tag","embeddable":true,"href":"https:\/\/www.anovapeneira.gal\/index.php\/wp-json\/wp\/v2\/tags?post=9279"}],"curies":[{"name":"wp","href":"https:\/\/api.w.org\/{rel}","templated":true}]}}