{"id":9294,"date":"2023-03-17T10:00:08","date_gmt":"2023-03-17T09:00:08","guid":{"rendered":"https:\/\/www.anovapeneira.gal\/?p=9294"},"modified":"2023-03-15T10:33:41","modified_gmt":"2023-03-15T09:33:41","slug":"moana-21-dias-en-galego","status":"publish","type":"post","link":"https:\/\/www.anovapeneira.gal\/index.php\/2023\/03\/17\/moana-21-dias-en-galego\/","title":{"rendered":"Moa\u00f1a, 21 d\u00edas en galego"},"content":{"rendered":"\n<p><strong>Entre os pasados 1 e 21 de marzo o concello de Moa\u00f1a viviu 21 d\u00edas en galego. E eu, que nac\u00edn e vivo nunha parroquia do rural galego, non puiden evitar emocionarme, pois a vida coti\u00e1 l\u00e9vame a sentir unha labazada de amargura e frustraci\u00f3n cada vez que escoito o idioma no que pregunta a xeraci\u00f3n da mi\u00f1a nai e o meu pai e a lingua na que responde a xeraci\u00f3n da mi\u00f1a filla: os av\u00f3s e avoas falan en galego, os pais e as nais m\u00e1is en castel\u00e1n que en galego e as nenas e os nenos falan case exclusivamente en castel\u00e1n. A cadea de transmisi\u00f3n xeracional do idioma galego est\u00e1 indubidablemente rota. Si, o galego seica \u00e9 o trix\u00e9simo s\u00e9timo idioma m\u00e1is importante do mundo. Pero por desgraza iso non implica que non estea cami\u00f1ando de maneira inexorable cara a s\u00faa morte pois as xeraci\u00f3ns m\u00e1is novas non o falan. Na cidades, vilas, e cada vez m\u00e1is nas aldeas galegas, obs\u00e9rvase como o idioma de Castela \u00e9 case o exclusivo que empregan os nenos e as nenas para se comunicar. E se non se dan pasos para reverter a situaci\u00f3n de contado p\u00f3dese dicir case con certeza matem\u00e1tica que nun par de xeraci\u00f3ns vai ser imposible escoitar falar galego en Galicia.<\/strong><\/p>\n\n\n\n<p><strong>\u00c9 a administraci\u00f3n auton\u00f3mica a \u00fanica que ten recursos para poder facelo, pero lamentablemente non o fai e s\u00f3 nos queda agardar que m\u00e1is pronto que tarde se produza o necesario cambio pol\u00edtico que te\u00f1a a vontade de darlle unha viraxe de 180 graos \u00e1 pol\u00edtica ling\u00fc\u00edstica nefasta do PP. Mentres tanto iniciativas tan marabillosas como esta de 21 d\u00edas en galego impulsada polo goberno de Moa\u00f1a, e tantas outras das partes m\u00e1is concienciadas da sociedade civil, son as que permiten de momento e con moitas dificultades resistir. Esta campa\u00f1a trata de implicar aos nenos e nenas para que durante 21 d\u00edas consecutivos se expresen en galego as 24 horas do d\u00eda. Desde as nosas p\u00e1xinas d\u00e1moslle emocionados parab\u00e9ns ao goberno de Moa\u00f1a \u00e1 alcaldesa Leticia Santos e en particular a Ald\u00e1n Santamarina, concelleiro de normalizaci\u00f3n ling\u00fc\u00edstica, polo seu esforzo e conciencia.<\/strong><\/p>\n\n\n\n<p><strong>Ald\u00e1n Santamarina, concelleiro de normalizaci\u00f3n ling\u00fc\u00edstica de Moa\u00f1a.<\/strong><\/p>\n\n\n\n<p>\u201c<em><strong>O galego est\u00e1 nunha din\u00e1mica descendente dr\u00e1stica, con estas campa\u00f1as tentamos paliar ese descenso e darlle presenza social .\u201d<\/strong><\/em><\/p>\n\n\n\n<p><strong>-Cal \u00e9 a t\u00faa formaci\u00f3n e profesi\u00f3n?<\/strong><\/p>\n\n\n\n<blockquote class=\"wp-block-quote is-layout-flow wp-block-quote-is-layout-flow\">\n<p>Son licenciado en matem\u00e1ticas e dou clase no instituto de Chapela.<\/p>\n<\/blockquote>\n\n\n\n<p><strong>-Que \u00e1reas de goberno levas ti?<\/strong><\/p>\n\n\n\n<blockquote class=\"wp-block-quote is-layout-flow wp-block-quote-is-layout-flow\">\n<p>Son concelleiro de Facenda, de persoal e de normalizaci\u00f3n .<\/p>\n<\/blockquote>\n\n\n\n<p><strong>-Os \u00faltimos datos socioling\u00fc\u00edsticos sobre o uso so noso idioma nas xeraci\u00f3ns m\u00e1is novas son aterradores. Supo\u00f1o que Moa\u00f1a non \u00e9 allea a ese contexto dram\u00e1tico no que a cadea de transmisi\u00f3n xeracional do idioma parece rota?<\/strong><\/p>\n\n\n\n<blockquote class=\"wp-block-quote is-layout-flow wp-block-quote-is-layout-flow\">\n<p>Moa\u00f1a est\u00e1 no contorno da \u00e1rea metropolitana de Vigo. Vigo exerce como cidade influencia en todas as localidades que a rodean. En Moa\u00f1a entre a xente nova, o uso do castel\u00e1n \u00e9 case exclusivo.<\/p>\n<\/blockquote>\n\n\n\n<blockquote class=\"wp-block-quote is-layout-flow wp-block-quote-is-layout-flow\">\n<p>En Moa\u00f1a hai 2 coles infant\u00eds, 7 colexios entre Infantil e Primaria e 2 institutos que son todos p\u00fablicos. Cada 4 anos facemos unha enquisa entre o alumnado de Infantil e Primaria, a \u00faltima f\u00edxose no 2022. Esta cont\u00e9stana os pais. Na ESO cont\u00e9stana os alumnos e alumnas. Destas enquisas sacamos que: Os av\u00f3s falan maioritariamente en galego (62%), as nais e pais menos (entre 19 e 22 %), pero moito m\u00e1is que os propios nenos e nenas (4%). Tam\u00e9n sacamos que o alumnado utiliza so o castel\u00e1n. A transmisi\u00f3n xeracional est\u00e1 totalmente rota en Moa\u00f1a tam\u00e9n, esta situaci\u00f3n do galego \u00e9 dram\u00e1tica.<\/p>\n<\/blockquote>\n\n\n\n<blockquote class=\"wp-block-quote is-layout-flow wp-block-quote-is-layout-flow\">\n<p>Tam\u00e9n preguntamos \u00e1s familias se hab\u00eda predisposici\u00f3n para aumentar o uso da lingua galega e se estaban preocupadas por isto. Aqu\u00ed as respostas foron moi positivas. Un 7,12 sobre 10 cre que debe fomentarse o uso do galego. Un 7,37 queren que o seu fillo ou filla mellore no uso do galego. Un 7.28 considera que deber\u00eda haber m\u00e1is filmes, m\u00e1is m\u00fasica e m\u00e1is recursos l\u00fadicos na nosa lingua. Un 8.7 est\u00e1 preocupado polo futuro do galego. Un 7.69 considera que todos e todas temos unha alta responsabilidade no futuro do idioma.<\/p>\n<\/blockquote>\n\n\n\n<p><strong>-Cando nace a campa\u00f1a Moa\u00f1a 21 d\u00edas en galego e por que?<\/strong><\/p>\n\n\n\n<blockquote class=\"wp-block-quote is-layout-flow wp-block-quote-is-layout-flow\">\n<p>Pois nace neste contexto desta enquisa e nas reuni\u00f3ns que temos a principio de curso coas persoas coordinadoras dos equipos de dinamizaci\u00f3n da lingua galega \u201cEDLG\u201d que por lei ten que existir, e estar constitu\u00eddos en todos os centros educativos do pa\u00eds. En Moa\u00f1a temos a sorte de ter xente activa e comprometida nestes equipos. Nestas reuni\u00f3ns analizamos que tipo de traballo se pode facer desde o concello e xurdiu a campa\u00f1a de 21 d\u00edas en galego. Esta campa\u00f1a naceu dun Instituto da Pobra do Carami\u00f1al hai uns anos. Esta iniciativa levou moitos premios e estendeuse polo pa\u00eds e mesmo nalg\u00fan momento prom\u00f3vese desde a Xunta de Galicia pero s\u00f3 a nivel de instituto. A nosa proposta foi estendela a nivel de todo o concello, a nivel social e para crianzas m\u00e1is novas.<\/p>\n<\/blockquote>\n\n\n\n<p><strong>-En que consiste?<\/strong><\/p>\n\n\n\n<blockquote class=\"wp-block-quote is-layout-flow wp-block-quote-is-layout-flow\">\n<p>Trata en propo\u00f1erlle ao alumnado que non o fai, falar exclusivamente en galego as 24 horas do d\u00eda durante 21 d\u00edas.<\/p>\n<\/blockquote>\n\n\n\n<p><strong>-A que abanos de idade est\u00e1 dirixida?<\/strong><\/p>\n\n\n\n<blockquote class=\"wp-block-quote is-layout-flow wp-block-quote-is-layout-flow\">\n<p>Ten dous tramos de idade.<\/p>\n<\/blockquote>\n\n\n\n<blockquote class=\"wp-block-quote is-layout-flow wp-block-quote-is-layout-flow\">\n<p>O primeiro, vai desde os 3 anos nos tres cursos de infantil ata segundo de primaria. Esta faise no cole e \u00e9 para todo o alumnado. Fanse actividades co uso do galego, de xogar coa lingua, de aprender canci\u00f3ns en galego nas aulas e an\u00edmase \u00e1s familias a que se utilice en casa tam\u00e9n.<\/p>\n<\/blockquote>\n\n\n\n<blockquote class=\"wp-block-quote is-layout-flow wp-block-quote-is-layout-flow\">\n<p>O segundo vai desde terceiro de primaria ata a ESO e o bacharelato. Aqu\u00ed proponse o reto e \u00e9 voluntario. Para facelo hai que asinar un compromiso escrito. Hai que validar diariamente no cole si se est\u00e1 usando o galego. Nos institutos fomentan que se graven v\u00eddeos ou escriban textos comentando como vai a experiencia. O ano pasado fixeron os institutos unha APP para colgar al\u00ed os v\u00eddeos.<\/p>\n<\/blockquote>\n\n\n\n<p><strong>-Como valoras a aceptaci\u00f3n das<\/strong><strong>edici\u00f3ns anteriores?<\/strong><\/p>\n\n\n\n<blockquote class=\"wp-block-quote is-layout-flow wp-block-quote-is-layout-flow\">\n<p>Esta \u00e9 a V edici\u00f3n, normalmente faise en febreiro pero este ano como cadraba co entroido fix\u00e9mola en marzo. Moi sorprendidos e sorprendidas coa aceptaci\u00f3n, ver a todos as familias cando traen as crianzas ao cole, implicadas e falando galego fai ilusi\u00f3n. Sei de varios alumnos que empezaron cos 21 d\u00edas en galego e seguen falando galego.<\/p>\n<\/blockquote>\n\n\n\n<p><strong>-Que m\u00e9todos utilizades para computar o n\u00famero de persoas que participan, e o seu grao de satisfacci\u00f3n ao respecto da campa\u00f1a?<\/strong><\/p>\n\n\n\n<blockquote class=\"wp-block-quote is-layout-flow wp-block-quote-is-layout-flow\">\n<p>Este ano est\u00e1n a participar 1783 alumnos e alumnas. Na edici\u00f3n anterior o fixeron 1320 persoas. Sacamos os datos dos papeis dos coles e institutos e sum\u00e1moslle todos os alumnos e alumnas de infantil ata segundo de primaria. Facemos unhas chapas e d\u00e1mosllas a todos o alumnado de Infantil ata segundo de Primaria, logo a todos os maiores de 7-8 anos que asinen o compromiso de aceptar o reto.<\/p>\n<\/blockquote>\n\n\n\n<blockquote class=\"wp-block-quote is-layout-flow wp-block-quote-is-layout-flow\">\n<p>Despois dos 21 d\u00edas organizamos unha festa final para as persoas que conseguiron o reto. Adoitamos traer un grupo musical para esta festa e faise no concello en horario escolar. Na II edici\u00f3n trouxemos ao grupo \u201c<em>Son da R\u00faa\u201d,<\/em> foi un \u00e9xito tremendo e ga\u00f1aron moitos fans. Outro ano editamos unha camiseta moi chula.<\/p>\n<\/blockquote>\n\n\n\n<p><strong>E para este ano?<\/strong><\/p>\n\n\n\n<blockquote class=\"wp-block-quote is-layout-flow wp-block-quote-is-layout-flow\">\n<p>Para este ano temos ao grupo vigu\u00e9s \u201c<em>Fillas de Cassandra<\/em>\u201d o 28 de marzo para quen complete o reto.<\/p>\n<\/blockquote>\n\n\n\n<blockquote class=\"wp-block-quote is-layout-flow wp-block-quote-is-layout-flow\">\n<p>Tam\u00e9n organizamos diferentes actividades, entre elas un \u201c<em>Certame de regueifas<\/em>\u201d con <em>Lu\u00eds Caruncho e Pinto de Herb\u00f3n<\/em> e un \u201c<em>Encontro escolar de poes\u00eda<\/em>\u201d para alumnos e alumnas de 5\u00ba de primaria no auditorio o d\u00eda 21. \u201c<em>Obradoiros en portugu\u00e9s<\/em>\u201d para ou alumnado de 6\u00ba. Para bacharelato tam\u00e9n facemos algo parecido que se chama <em>\u201cOps! O portugu\u00e9s simples\u201d.<\/em> O alumnado de primaria tam\u00e9n recibe o xogo de mesa \u201c<em>Vacaloura\u201d<\/em> e para infantil un xogo de parellas para exercitar a memoria e co\u00f1ecer a contorna no que viven \u201c<em>Lembra Moa\u00f1a<\/em>\u201d.<\/p>\n<\/blockquote>\n\n\n\n<p><strong>-A vontade do goberno de Moa\u00f1a \u00e9 que esta iniciativa te\u00f1a continuidade en anos vindeiros?<\/strong><\/p>\n\n\n\n<blockquote class=\"wp-block-quote is-layout-flow wp-block-quote-is-layout-flow\">\n<p>Si, a validaci\u00f3n \u00e9 moi boa ano a ano e desde o concello queremos seguir co reto. O obxectivo deste reto \u00e9 que a xente se dea de conta que se pode falar en galego e non o est\u00e1 facendo, isto est\u00e1molo conseguindo.<\/p>\n<\/blockquote>\n\n\n\n<p><strong>-Ves factible que algunha vez este tipo de campa\u00f1as non sexan necesarias porque sexa posible escoitarmos falar galego en tofo tipo de contextos e en toda clase de franxas de idade?<\/strong><\/p>\n\n\n\n<blockquote class=\"wp-block-quote is-layout-flow wp-block-quote-is-layout-flow\">\n<p>Isto ser\u00eda o obxectivo ideal, pero vendo como se atopa a situaci\u00f3n do idioma van facer falta moitas campa\u00f1as m\u00e1is para poder chegar a este punto, o noso concello est\u00e1 completamente desgaleguizado.<\/p>\n<\/blockquote>\n\n\n\n<blockquote class=\"wp-block-quote is-layout-flow wp-block-quote-is-layout-flow\">\n<p>O galego est\u00e1 nunha din\u00e1mica descendente dr\u00e1stica, con estas campa\u00f1as tentamos paliar ese descenso e darlle presenza social. Loitamos contra todos os medios de comunicaci\u00f3n, contra todas as inercias das redes sociais, contra todo o establecido en castel\u00e1n\u2026<\/p>\n<\/blockquote>\n\n\n\n<p><strong>-E malia que esta \u00e9 unha entrevista sobre a campa\u00f1a de 21 d\u00edas en galego remato cun par de preguntas que non me resisto a facer: Este ano non vas na candidatura do Bloque. Por que motivo?<\/strong><\/p>\n\n\n\n<blockquote class=\"wp-block-quote is-layout-flow wp-block-quote-is-layout-flow\">\n<p>Levo 8 anos activo no goberno municipal e con moita responsabilidade. Isto implica unha dedicaci\u00f3n de tempo moi importante que custa seguir mantendo . Creo que xa \u00e9 o momento de refrescar os equipos de goberno para que entre xente nova, moi activa nos seus \u00e1mbitos, con ideas novas .<\/p>\n<\/blockquote>\n\n\n\n<p><strong>Cales son as perspectivas do BNG de Moa\u00f1a para as pr\u00f3ximas elecci\u00f3ns municipais?<\/strong><\/p>\n\n\n\n<blockquote class=\"wp-block-quote is-layout-flow wp-block-quote-is-layout-flow\">\n<p>Temos unhas boas expectativas porque pensamos que fixemos un grand\u00edsimo traballo por transformar Moa\u00f1a neste \u00faltimos oito anos. Somos un goberno moi activo e de impulsar iniciativas como esta de 21 d\u00edas en galego en todos os \u00e1mbitos e \u00e1reas. O BNG pres\u00e9ntase tentando aspirar a continuar no goberno municipal e ampliar a s\u00faa representaci\u00f3n.<\/p>\n<\/blockquote>\n","protected":false},"excerpt":{"rendered":"<div class=\"mh-excerpt\"><p>Entre os pasados 1 e 21 de marzo o concello de Moa\u00f1a viviu 21 d\u00edas en galego. E eu, que nac\u00edn e vivo nunha parroquia do rural galego <a class=\"mh-excerpt-more\" href=\"https:\/\/www.anovapeneira.gal\/index.php\/2023\/03\/17\/moana-21-dias-en-galego\/\" title=\"Moa\u00f1a, 21 d\u00edas en galego\">[&#8230;]<\/a><\/p>\n<\/div>","protected":false},"author":17,"featured_media":9296,"comment_status":"open","ping_status":"open","sticky":false,"template":"","format":"standard","meta":{"_exactmetrics_skip_tracking":false,"_exactmetrics_sitenote_active":false,"_exactmetrics_sitenote_note":"","_exactmetrics_sitenote_category":0,"footnotes":""},"categories":[22],"tags":[681],"class_list":{"0":"post-9294","1":"post","2":"type-post","3":"status-publish","4":"format-standard","5":"has-post-thumbnail","7":"category-morrazo","8":"tag-concello-de-cangas-do-morrazo"},"yoast_head":"<!-- This site is optimized with the Yoast SEO plugin v27.4 - https:\/\/yoast.com\/product\/yoast-seo-wordpress\/ -->\n<title>Moa\u00f1a, 21 d\u00edas en galego -<\/title>\n<meta name=\"description\" content=\"Entre os pasados 1 e 21 de marzo o concello de Moa\u00f1a viviu 21 d\u00edas en galego. E eu, que nac\u00edn e vivo nunha parroquia do rural galego\" \/>\n<meta name=\"robots\" content=\"index, follow, max-snippet:-1, max-image-preview:large, max-video-preview:-1\" \/>\n<link rel=\"canonical\" href=\"https:\/\/www.anovapeneira.gal\/index.php\/2023\/03\/17\/moana-21-dias-en-galego\/\" \/>\n<meta property=\"og:locale\" content=\"gl_ES\" \/>\n<meta property=\"og:type\" content=\"article\" \/>\n<meta property=\"og:title\" content=\"Moa\u00f1a, 21 d\u00edas en galego -\" \/>\n<meta property=\"og:description\" content=\"Entre os pasados 1 e 21 de marzo o concello de Moa\u00f1a viviu 21 d\u00edas en galego. E eu, que nac\u00edn e vivo nunha parroquia do rural galego\" \/>\n<meta property=\"og:url\" content=\"https:\/\/www.anovapeneira.gal\/index.php\/2023\/03\/17\/moana-21-dias-en-galego\/\" \/>\n<meta property=\"article:publisher\" content=\"https:\/\/www.facebook.com\/anovapeneira\" \/>\n<meta property=\"article:published_time\" content=\"2023-03-17T09:00:08+00:00\" \/>\n<meta property=\"og:image\" content=\"https:\/\/www.anovapeneira.gal\/wp-content\/uploads\/2023\/03\/21_dias_galego_moana.jpg\" \/>\n\t<meta property=\"og:image:width\" content=\"720\" \/>\n\t<meta property=\"og:image:height\" content=\"432\" \/>\n\t<meta property=\"og:image:type\" content=\"image\/jpeg\" \/>\n<meta name=\"author\" content=\"G. Figueiredo\" \/>\n<meta name=\"twitter:card\" content=\"summary_large_image\" \/>\n<meta name=\"twitter:creator\" content=\"@APeneira\" \/>\n<meta name=\"twitter:site\" content=\"@APeneira\" \/>\n<meta name=\"twitter:label1\" content=\"Escrito por\" \/>\n\t<meta name=\"twitter:data1\" content=\"G. Figueiredo\" \/>\n\t<meta name=\"twitter:label2\" content=\"Tempo de lectura\" \/>\n\t<meta name=\"twitter:data2\" content=\"9 minutos\" \/>\n<script type=\"application\/ld+json\" class=\"yoast-schema-graph\">{\"@context\":\"https:\\\/\\\/schema.org\",\"@graph\":[{\"@type\":\"Article\",\"@id\":\"https:\\\/\\\/www.anovapeneira.gal\\\/index.php\\\/2023\\\/03\\\/17\\\/moana-21-dias-en-galego\\\/#article\",\"isPartOf\":{\"@id\":\"https:\\\/\\\/www.anovapeneira.gal\\\/index.php\\\/2023\\\/03\\\/17\\\/moana-21-dias-en-galego\\\/\"},\"author\":{\"name\":\"G. Figueiredo\",\"@id\":\"https:\\\/\\\/www.anovapeneira.gal\\\/#\\\/schema\\\/person\\\/42f904d7cac80cf3f5a31494dd82a9b6\"},\"headline\":\"Moa\u00f1a, 21 d\u00edas en galego\",\"datePublished\":\"2023-03-17T09:00:08+00:00\",\"mainEntityOfPage\":{\"@id\":\"https:\\\/\\\/www.anovapeneira.gal\\\/index.php\\\/2023\\\/03\\\/17\\\/moana-21-dias-en-galego\\\/\"},\"wordCount\":1739,\"commentCount\":0,\"publisher\":{\"@id\":\"https:\\\/\\\/www.anovapeneira.gal\\\/#organization\"},\"image\":{\"@id\":\"https:\\\/\\\/www.anovapeneira.gal\\\/index.php\\\/2023\\\/03\\\/17\\\/moana-21-dias-en-galego\\\/#primaryimage\"},\"thumbnailUrl\":\"https:\\\/\\\/www.anovapeneira.gal\\\/wp-content\\\/uploads\\\/2023\\\/03\\\/21_dias_galego_moana.jpg\",\"keywords\":[\"Concello de Cangas do Morrazo\"],\"articleSection\":[\"Morrazo\"],\"inLanguage\":\"gl-ES\",\"potentialAction\":[{\"@type\":\"CommentAction\",\"name\":\"Comment\",\"target\":[\"https:\\\/\\\/www.anovapeneira.gal\\\/index.php\\\/2023\\\/03\\\/17\\\/moana-21-dias-en-galego\\\/#respond\"]}]},{\"@type\":\"WebPage\",\"@id\":\"https:\\\/\\\/www.anovapeneira.gal\\\/index.php\\\/2023\\\/03\\\/17\\\/moana-21-dias-en-galego\\\/\",\"url\":\"https:\\\/\\\/www.anovapeneira.gal\\\/index.php\\\/2023\\\/03\\\/17\\\/moana-21-dias-en-galego\\\/\",\"name\":\"Moa\u00f1a, 21 d\u00edas en galego -\",\"isPartOf\":{\"@id\":\"https:\\\/\\\/www.anovapeneira.gal\\\/#website\"},\"primaryImageOfPage\":{\"@id\":\"https:\\\/\\\/www.anovapeneira.gal\\\/index.php\\\/2023\\\/03\\\/17\\\/moana-21-dias-en-galego\\\/#primaryimage\"},\"image\":{\"@id\":\"https:\\\/\\\/www.anovapeneira.gal\\\/index.php\\\/2023\\\/03\\\/17\\\/moana-21-dias-en-galego\\\/#primaryimage\"},\"thumbnailUrl\":\"https:\\\/\\\/www.anovapeneira.gal\\\/wp-content\\\/uploads\\\/2023\\\/03\\\/21_dias_galego_moana.jpg\",\"datePublished\":\"2023-03-17T09:00:08+00:00\",\"description\":\"Entre os pasados 1 e 21 de marzo o concello de Moa\u00f1a viviu 21 d\u00edas en galego. E eu, que nac\u00edn e vivo nunha parroquia do rural galego\",\"breadcrumb\":{\"@id\":\"https:\\\/\\\/www.anovapeneira.gal\\\/index.php\\\/2023\\\/03\\\/17\\\/moana-21-dias-en-galego\\\/#breadcrumb\"},\"inLanguage\":\"gl-ES\",\"potentialAction\":[{\"@type\":\"ReadAction\",\"target\":[\"https:\\\/\\\/www.anovapeneira.gal\\\/index.php\\\/2023\\\/03\\\/17\\\/moana-21-dias-en-galego\\\/\"]}]},{\"@type\":\"ImageObject\",\"inLanguage\":\"gl-ES\",\"@id\":\"https:\\\/\\\/www.anovapeneira.gal\\\/index.php\\\/2023\\\/03\\\/17\\\/moana-21-dias-en-galego\\\/#primaryimage\",\"url\":\"https:\\\/\\\/www.anovapeneira.gal\\\/wp-content\\\/uploads\\\/2023\\\/03\\\/21_dias_galego_moana.jpg\",\"contentUrl\":\"https:\\\/\\\/www.anovapeneira.gal\\\/wp-content\\\/uploads\\\/2023\\\/03\\\/21_dias_galego_moana.jpg\",\"width\":720,\"height\":432,\"caption\":\"Moa\u00f1a 21 d\u00edas en galego\"},{\"@type\":\"BreadcrumbList\",\"@id\":\"https:\\\/\\\/www.anovapeneira.gal\\\/index.php\\\/2023\\\/03\\\/17\\\/moana-21-dias-en-galego\\\/#breadcrumb\",\"itemListElement\":[{\"@type\":\"ListItem\",\"position\":1,\"name\":\"Portada\",\"item\":\"https:\\\/\\\/www.anovapeneira.gal\\\/\"},{\"@type\":\"ListItem\",\"position\":2,\"name\":\"Moa\u00f1a, 21 d\u00edas en galego\"}]},{\"@type\":\"WebSite\",\"@id\":\"https:\\\/\\\/www.anovapeneira.gal\\\/#website\",\"url\":\"https:\\\/\\\/www.anovapeneira.gal\\\/\",\"name\":\"\",\"description\":\"Xornal galego de informaci\u00f3n xeral Publicaci\u00f3n mensual de novas de Galicia e en especial dos Concellos da sur da provincia de Pontevedra.\",\"publisher\":{\"@id\":\"https:\\\/\\\/www.anovapeneira.gal\\\/#organization\"},\"potentialAction\":[{\"@type\":\"SearchAction\",\"target\":{\"@type\":\"EntryPoint\",\"urlTemplate\":\"https:\\\/\\\/www.anovapeneira.gal\\\/?s={search_term_string}\"},\"query-input\":{\"@type\":\"PropertyValueSpecification\",\"valueRequired\":true,\"valueName\":\"search_term_string\"}}],\"inLanguage\":\"gl-ES\"},{\"@type\":\"Organization\",\"@id\":\"https:\\\/\\\/www.anovapeneira.gal\\\/#organization\",\"name\":\"A Nova Peneira\",\"url\":\"https:\\\/\\\/www.anovapeneira.gal\\\/\",\"logo\":{\"@type\":\"ImageObject\",\"inLanguage\":\"gl-ES\",\"@id\":\"https:\\\/\\\/www.anovapeneira.gal\\\/#\\\/schema\\\/logo\\\/image\\\/\",\"url\":\"http:\\\/\\\/www.anovapeneira.gal\\\/wp-content\\\/uploads\\\/2019\\\/06\\\/logo_a_nova_peneira_portal_web.png\",\"contentUrl\":\"http:\\\/\\\/www.anovapeneira.gal\\\/wp-content\\\/uploads\\\/2019\\\/06\\\/logo_a_nova_peneira_portal_web.png\",\"width\":300,\"height\":100,\"caption\":\"A Nova Peneira\"},\"image\":{\"@id\":\"https:\\\/\\\/www.anovapeneira.gal\\\/#\\\/schema\\\/logo\\\/image\\\/\"},\"sameAs\":[\"https:\\\/\\\/www.facebook.com\\\/anovapeneira\",\"https:\\\/\\\/x.com\\\/APeneira\"]},{\"@type\":\"Person\",\"@id\":\"https:\\\/\\\/www.anovapeneira.gal\\\/#\\\/schema\\\/person\\\/42f904d7cac80cf3f5a31494dd82a9b6\",\"name\":\"G. Figueiredo\",\"image\":{\"@type\":\"ImageObject\",\"inLanguage\":\"gl-ES\",\"@id\":\"https:\\\/\\\/secure.gravatar.com\\\/avatar\\\/2d970086688458e0398ef8b84f5cbb8cc1ec3ab115aeb8435135a9f556af97b3?s=96&d=mm&r=g\",\"url\":\"https:\\\/\\\/secure.gravatar.com\\\/avatar\\\/2d970086688458e0398ef8b84f5cbb8cc1ec3ab115aeb8435135a9f556af97b3?s=96&d=mm&r=g\",\"contentUrl\":\"https:\\\/\\\/secure.gravatar.com\\\/avatar\\\/2d970086688458e0398ef8b84f5cbb8cc1ec3ab115aeb8435135a9f556af97b3?s=96&d=mm&r=g\",\"caption\":\"G. Figueiredo\"},\"sameAs\":[\"http:\\\/\\\/www.anovapeneira.gal\\\/\"],\"url\":\"https:\\\/\\\/www.anovapeneira.gal\\\/index.php\\\/author\\\/g-figueiredo\\\/\"}]}<\/script>\n<!-- \/ Yoast SEO plugin. -->","yoast_head_json":{"title":"Moa\u00f1a, 21 d\u00edas en galego -","description":"Entre os pasados 1 e 21 de marzo o concello de Moa\u00f1a viviu 21 d\u00edas en galego. E eu, que nac\u00edn e vivo nunha parroquia do rural galego","robots":{"index":"index","follow":"follow","max-snippet":"max-snippet:-1","max-image-preview":"max-image-preview:large","max-video-preview":"max-video-preview:-1"},"canonical":"https:\/\/www.anovapeneira.gal\/index.php\/2023\/03\/17\/moana-21-dias-en-galego\/","og_locale":"gl_ES","og_type":"article","og_title":"Moa\u00f1a, 21 d\u00edas en galego -","og_description":"Entre os pasados 1 e 21 de marzo o concello de Moa\u00f1a viviu 21 d\u00edas en galego. E eu, que nac\u00edn e vivo nunha parroquia do rural galego","og_url":"https:\/\/www.anovapeneira.gal\/index.php\/2023\/03\/17\/moana-21-dias-en-galego\/","article_publisher":"https:\/\/www.facebook.com\/anovapeneira","article_published_time":"2023-03-17T09:00:08+00:00","og_image":[{"width":720,"height":432,"url":"https:\/\/www.anovapeneira.gal\/wp-content\/uploads\/2023\/03\/21_dias_galego_moana.jpg","type":"image\/jpeg"}],"author":"G. Figueiredo","twitter_card":"summary_large_image","twitter_creator":"@APeneira","twitter_site":"@APeneira","twitter_misc":{"Escrito por":"G. Figueiredo","Tempo de lectura":"9 minutos"},"schema":{"@context":"https:\/\/schema.org","@graph":[{"@type":"Article","@id":"https:\/\/www.anovapeneira.gal\/index.php\/2023\/03\/17\/moana-21-dias-en-galego\/#article","isPartOf":{"@id":"https:\/\/www.anovapeneira.gal\/index.php\/2023\/03\/17\/moana-21-dias-en-galego\/"},"author":{"name":"G. Figueiredo","@id":"https:\/\/www.anovapeneira.gal\/#\/schema\/person\/42f904d7cac80cf3f5a31494dd82a9b6"},"headline":"Moa\u00f1a, 21 d\u00edas en galego","datePublished":"2023-03-17T09:00:08+00:00","mainEntityOfPage":{"@id":"https:\/\/www.anovapeneira.gal\/index.php\/2023\/03\/17\/moana-21-dias-en-galego\/"},"wordCount":1739,"commentCount":0,"publisher":{"@id":"https:\/\/www.anovapeneira.gal\/#organization"},"image":{"@id":"https:\/\/www.anovapeneira.gal\/index.php\/2023\/03\/17\/moana-21-dias-en-galego\/#primaryimage"},"thumbnailUrl":"https:\/\/www.anovapeneira.gal\/wp-content\/uploads\/2023\/03\/21_dias_galego_moana.jpg","keywords":["Concello de Cangas do Morrazo"],"articleSection":["Morrazo"],"inLanguage":"gl-ES","potentialAction":[{"@type":"CommentAction","name":"Comment","target":["https:\/\/www.anovapeneira.gal\/index.php\/2023\/03\/17\/moana-21-dias-en-galego\/#respond"]}]},{"@type":"WebPage","@id":"https:\/\/www.anovapeneira.gal\/index.php\/2023\/03\/17\/moana-21-dias-en-galego\/","url":"https:\/\/www.anovapeneira.gal\/index.php\/2023\/03\/17\/moana-21-dias-en-galego\/","name":"Moa\u00f1a, 21 d\u00edas en galego -","isPartOf":{"@id":"https:\/\/www.anovapeneira.gal\/#website"},"primaryImageOfPage":{"@id":"https:\/\/www.anovapeneira.gal\/index.php\/2023\/03\/17\/moana-21-dias-en-galego\/#primaryimage"},"image":{"@id":"https:\/\/www.anovapeneira.gal\/index.php\/2023\/03\/17\/moana-21-dias-en-galego\/#primaryimage"},"thumbnailUrl":"https:\/\/www.anovapeneira.gal\/wp-content\/uploads\/2023\/03\/21_dias_galego_moana.jpg","datePublished":"2023-03-17T09:00:08+00:00","description":"Entre os pasados 1 e 21 de marzo o concello de Moa\u00f1a viviu 21 d\u00edas en galego. E eu, que nac\u00edn e vivo nunha parroquia do rural galego","breadcrumb":{"@id":"https:\/\/www.anovapeneira.gal\/index.php\/2023\/03\/17\/moana-21-dias-en-galego\/#breadcrumb"},"inLanguage":"gl-ES","potentialAction":[{"@type":"ReadAction","target":["https:\/\/www.anovapeneira.gal\/index.php\/2023\/03\/17\/moana-21-dias-en-galego\/"]}]},{"@type":"ImageObject","inLanguage":"gl-ES","@id":"https:\/\/www.anovapeneira.gal\/index.php\/2023\/03\/17\/moana-21-dias-en-galego\/#primaryimage","url":"https:\/\/www.anovapeneira.gal\/wp-content\/uploads\/2023\/03\/21_dias_galego_moana.jpg","contentUrl":"https:\/\/www.anovapeneira.gal\/wp-content\/uploads\/2023\/03\/21_dias_galego_moana.jpg","width":720,"height":432,"caption":"Moa\u00f1a 21 d\u00edas en galego"},{"@type":"BreadcrumbList","@id":"https:\/\/www.anovapeneira.gal\/index.php\/2023\/03\/17\/moana-21-dias-en-galego\/#breadcrumb","itemListElement":[{"@type":"ListItem","position":1,"name":"Portada","item":"https:\/\/www.anovapeneira.gal\/"},{"@type":"ListItem","position":2,"name":"Moa\u00f1a, 21 d\u00edas en galego"}]},{"@type":"WebSite","@id":"https:\/\/www.anovapeneira.gal\/#website","url":"https:\/\/www.anovapeneira.gal\/","name":"","description":"Xornal galego de informaci\u00f3n xeral Publicaci\u00f3n mensual de novas de Galicia e en especial dos Concellos da sur da provincia de Pontevedra.","publisher":{"@id":"https:\/\/www.anovapeneira.gal\/#organization"},"potentialAction":[{"@type":"SearchAction","target":{"@type":"EntryPoint","urlTemplate":"https:\/\/www.anovapeneira.gal\/?s={search_term_string}"},"query-input":{"@type":"PropertyValueSpecification","valueRequired":true,"valueName":"search_term_string"}}],"inLanguage":"gl-ES"},{"@type":"Organization","@id":"https:\/\/www.anovapeneira.gal\/#organization","name":"A Nova Peneira","url":"https:\/\/www.anovapeneira.gal\/","logo":{"@type":"ImageObject","inLanguage":"gl-ES","@id":"https:\/\/www.anovapeneira.gal\/#\/schema\/logo\/image\/","url":"http:\/\/www.anovapeneira.gal\/wp-content\/uploads\/2019\/06\/logo_a_nova_peneira_portal_web.png","contentUrl":"http:\/\/www.anovapeneira.gal\/wp-content\/uploads\/2019\/06\/logo_a_nova_peneira_portal_web.png","width":300,"height":100,"caption":"A Nova Peneira"},"image":{"@id":"https:\/\/www.anovapeneira.gal\/#\/schema\/logo\/image\/"},"sameAs":["https:\/\/www.facebook.com\/anovapeneira","https:\/\/x.com\/APeneira"]},{"@type":"Person","@id":"https:\/\/www.anovapeneira.gal\/#\/schema\/person\/42f904d7cac80cf3f5a31494dd82a9b6","name":"G. Figueiredo","image":{"@type":"ImageObject","inLanguage":"gl-ES","@id":"https:\/\/secure.gravatar.com\/avatar\/2d970086688458e0398ef8b84f5cbb8cc1ec3ab115aeb8435135a9f556af97b3?s=96&d=mm&r=g","url":"https:\/\/secure.gravatar.com\/avatar\/2d970086688458e0398ef8b84f5cbb8cc1ec3ab115aeb8435135a9f556af97b3?s=96&d=mm&r=g","contentUrl":"https:\/\/secure.gravatar.com\/avatar\/2d970086688458e0398ef8b84f5cbb8cc1ec3ab115aeb8435135a9f556af97b3?s=96&d=mm&r=g","caption":"G. Figueiredo"},"sameAs":["http:\/\/www.anovapeneira.gal\/"],"url":"https:\/\/www.anovapeneira.gal\/index.php\/author\/g-figueiredo\/"}]}},"jetpack_featured_media_url":"https:\/\/www.anovapeneira.gal\/wp-content\/uploads\/2023\/03\/21_dias_galego_moana.jpg","_links":{"self":[{"href":"https:\/\/www.anovapeneira.gal\/index.php\/wp-json\/wp\/v2\/posts\/9294","targetHints":{"allow":["GET"]}}],"collection":[{"href":"https:\/\/www.anovapeneira.gal\/index.php\/wp-json\/wp\/v2\/posts"}],"about":[{"href":"https:\/\/www.anovapeneira.gal\/index.php\/wp-json\/wp\/v2\/types\/post"}],"author":[{"embeddable":true,"href":"https:\/\/www.anovapeneira.gal\/index.php\/wp-json\/wp\/v2\/users\/17"}],"replies":[{"embeddable":true,"href":"https:\/\/www.anovapeneira.gal\/index.php\/wp-json\/wp\/v2\/comments?post=9294"}],"version-history":[{"count":2,"href":"https:\/\/www.anovapeneira.gal\/index.php\/wp-json\/wp\/v2\/posts\/9294\/revisions"}],"predecessor-version":[{"id":9297,"href":"https:\/\/www.anovapeneira.gal\/index.php\/wp-json\/wp\/v2\/posts\/9294\/revisions\/9297"}],"wp:featuredmedia":[{"embeddable":true,"href":"https:\/\/www.anovapeneira.gal\/index.php\/wp-json\/wp\/v2\/media\/9296"}],"wp:attachment":[{"href":"https:\/\/www.anovapeneira.gal\/index.php\/wp-json\/wp\/v2\/media?parent=9294"}],"wp:term":[{"taxonomy":"category","embeddable":true,"href":"https:\/\/www.anovapeneira.gal\/index.php\/wp-json\/wp\/v2\/categories?post=9294"},{"taxonomy":"post_tag","embeddable":true,"href":"https:\/\/www.anovapeneira.gal\/index.php\/wp-json\/wp\/v2\/tags?post=9294"}],"curies":[{"name":"wp","href":"https:\/\/api.w.org\/{rel}","templated":true}]}}