{"id":9304,"date":"2023-03-20T10:00:00","date_gmt":"2023-03-20T09:00:00","guid":{"rendered":"https:\/\/www.anovapeneira.gal\/?p=9304"},"modified":"2023-03-20T11:32:03","modified_gmt":"2023-03-20T10:32:03","slug":"francisco-alvarez-koki-poeta-de-a-guarda","status":"publish","type":"post","link":"https:\/\/www.anovapeneira.gal\/index.php\/2023\/03\/20\/francisco-alvarez-koki-poeta-de-a-guarda\/","title":{"rendered":"Francisco \u00c1lvarez \u201cKOKI\u201d poeta de A Guarda"},"content":{"rendered":"\n<p><strong>O noso amigo Koki est\u00e1 a piques de deixarnos por uns meses con destino aos EEUU, a s\u00faa segunda patria. E antes de marchar non perdemos a ocasi\u00f3n de tomar un vi\u00f1o con el, e gozar do pracer da s\u00faa compa\u00f1\u00eda e da s\u00faa conversa. A manifesta incomodidade que sup\u00f3n as d\u00faas horas de viaxe, unha de ida e outra de volta, que implica o desprazamento desde Vigo ata a fermosa localidade do Baixo Mi\u00f1o, queda de sobra compensada pola agradable conversa cun home l\u00facido, sensible e radicalmente honesto como el: Francisco \u00c1lvarez Koki, o grande poeta de A Guarda.<\/strong><\/p>\n\n\n\n<p><strong>&#8220;Escribir literatura comprometida socialmente implica ter que pagar unha peaxe<\/strong><\/p>\n\n\n\n<p><strong>En que fase creativa est\u00e1s agora?<\/strong><\/p>\n\n\n\n<blockquote class=\"wp-block-quote is-layout-flow wp-block-quote-is-layout-flow\">\n<p>A medida que vas sendo co\u00f1ecido vas sementando. E agora semella que estou nunha fase de recollida. Libros que xa te\u00f1o editado est\u00e1n sendo obxecto de reedici\u00f3ns .As\u00ed \u00e9 o caso de &#8221; Ratas en Manhattan&#8221; &#8221; M\u00e1is al\u00f3 de Fisterra&#8221; ou unha antolox\u00eda que se vai publicar en Toledo con autores moi importantes como Garc\u00eda Montero ou Gamoneda na que tam\u00e9n me inclu\u00edron&#8230;<\/p>\n<\/blockquote>\n\n\n\n<p><strong>Na t\u00faa produci\u00f3n creativa aparece \u00e1s veces impl\u00edcita aquela m\u00e1xima de que ningu\u00e9n \u00e9 profeta na s\u00faa terra. Ti sentes que na Guarda non tes o reco\u00f1ecemento que mereces ?<\/strong><\/p>\n\n\n\n<blockquote class=\"wp-block-quote is-layout-flow wp-block-quote-is-layout-flow\">\n<p>Ben, o certo hai sitios como por exemplo Tomi\u00f1o nos que nun par de monumentos si aparece recollida a mi\u00f1a palabra po\u00e9tica. Na Guarda nunca se fixo nada parecido.<\/p>\n<\/blockquote>\n\n\n\n<p><strong>E cal \u00e9 o motivo ao teu xu\u00edzo?<\/strong><\/p>\n\n\n\n<blockquote class=\"wp-block-quote is-layout-flow wp-block-quote-is-layout-flow\">\n<p>Cando un escribe comprometido coa sociedade e de maneira cr\u00edtica contra quen ten o poder ten que pagar unha peaxe. Eu tam\u00e9n pago a mi\u00f1a peaxe polo contido da mi\u00f1a produci\u00f3n literaria.<\/p>\n<\/blockquote>\n\n\n\n<p><strong>No que se refire \u00e1 creaci\u00f3n literaria antes fal\u00e1basme de reedici\u00f3n de obras xa escritas, pero tes pensado quitar algo novo?<\/strong><\/p>\n\n\n\n<blockquote class=\"wp-block-quote is-layout-flow wp-block-quote-is-layout-flow\">\n<p>Si, un conto en Castel\u00e1n : &#8220;Pablo y la chilanga&#8221;.Xa o te\u00f1o rematado e agardo que pronto poida ser editado. Esta \u00e9 unha historia moi interesante dunha persoa que falsificou arte e estafou a grandes inversores de arte en USA, non para darlle a ningu\u00e9n sen\u00f3n para quedarse el cos cartos. Os estafados son parte dunha clase de persoas que eu entendo moi numerosas no mundo da arte: aquelas que te\u00f1en cartos e os invisten en arte non por ning\u00fan tipo de sensibilidade sen\u00f3n por puro e duro snobismo.<\/p>\n<\/blockquote>\n\n\n\n<p><strong>Segues indo a festivais de poes\u00eda e feiras do libro?<\/strong><\/p>\n\n\n\n<blockquote class=\"wp-block-quote is-layout-flow wp-block-quote-is-layout-flow\">\n<p>Cando me convidan e sempre que podo si, claro. De feito en breve vou ir ao festival de Trujillo .E a finais de abril irei a Cuba a un festival que se chama &#8221; La isla en Versos&#8221;<\/p>\n<\/blockquote>\n\n\n\n<p><strong>Que nome m\u00e1is bonito&#8221; La isla en versos&#8221;&#8230;estou seguro que co\u00f1ec\u00e9ndote est\u00e1s especialmente ilusionado por ese festival?<\/strong><\/p>\n\n\n\n<blockquote class=\"wp-block-quote is-layout-flow wp-block-quote-is-layout-flow\">\n<p>Abof\u00e9 que si. Nunca estiven en Cuba e faime especial ilusi\u00f3n que a mi\u00f1a primeira visita sexa a un festival de poes\u00eda.<\/p>\n<\/blockquote>\n\n\n\n<p><strong>P\u00f3dese vivir da literatura?<\/strong><\/p>\n\n\n\n<blockquote class=\"wp-block-quote is-layout-flow wp-block-quote-is-layout-flow\">\n<p>Non, rotundamente non. Pode haber un n\u00famero moi pequeno de persoas que si o fan pero en combinaci\u00f3n con outras actividades, e un n\u00famero a\u00ednda m\u00e1is pequeno que si vivan da literatura pero te\u00f1en que ter un perfil moi concreto que est\u00e1 nas ant\u00edpodas do meu.<\/p>\n<\/blockquote>\n\n\n\n<p><strong>Cal \u00e9?<\/strong><\/p>\n\n\n\n<blockquote class=\"wp-block-quote is-layout-flow wp-block-quote-is-layout-flow\">\n<p>Defender ao sistema e non meterse en absoluto con el. Son aqueles escritores que practican literatura de entretemento e ou que escriben co est\u00f3mago. O sistema d\u00e1 espazo ata un punto , se o pasas acabouse.<\/p>\n<\/blockquote>\n\n\n\n<p><strong>Vas estar un tempo en EEUU verdade?<\/strong><\/p>\n\n\n\n<blockquote class=\"wp-block-quote is-layout-flow wp-block-quote-is-layout-flow\">\n<p>Si, te\u00f1o previsto volver en xu\u00f1o<\/p>\n<\/blockquote>\n\n\n\n<p><strong>Cando volvas xa se ter\u00e1n celebrado as elecci\u00f3ns municipais de maio, e quero preguntarche a tua opini\u00f3n ao respecto da situaci\u00f3n pol\u00edtica da Guarda?<\/strong><\/p>\n\n\n\n<blockquote class=\"wp-block-quote is-layout-flow wp-block-quote-is-layout-flow\">\n<p>A situaci\u00f3n pol\u00edtica de A Guarda \u00e9 insostible. O noso pobo precisa un cambio con urxencia. O feito de que o partido no goberno presente como candidato ao actual alcalde l\u00e9vame a pensar que, en realidade, o partido socialista est\u00e1 mentalmente errado polo poder e ten unha venda nos ollos.<\/p>\n<\/blockquote>\n\n\n\n<p><strong>Cales son as necesidades m\u00e1is significativas que ten A Guarda ?<\/strong><\/p>\n\n\n\n<blockquote class=\"wp-block-quote is-layout-flow wp-block-quote-is-layout-flow\">\n<p>Moitas pero as m\u00e1is urxentes son d\u00faas:<\/p>\n<\/blockquote>\n\n\n\n<blockquote class=\"wp-block-quote is-layout-flow wp-block-quote-is-layout-flow\">\n<p>-Que chegue a autov\u00eda ata A Guarda<\/p>\n<\/blockquote>\n\n\n\n<blockquote class=\"wp-block-quote is-layout-flow wp-block-quote-is-layout-flow\">\n<p>-Que haxa unha ponte ata Caminha.<\/p>\n<\/blockquote>\n\n\n\n<p><strong>A\u00ednda que esteas en EEUU seguir\u00e1s con atenci\u00f3n o que aconteza no teu pobo?<\/strong><\/p>\n\n\n\n<blockquote class=\"wp-block-quote is-layout-flow wp-block-quote-is-layout-flow\">\n<p>Si, claro, pero non s\u00f3 iso. Eu votarei no consulado, e votarei polo cambio.<\/p>\n<\/blockquote>\n","protected":false},"excerpt":{"rendered":"<div class=\"mh-excerpt\"><p>O noso amigo Koki est\u00e1 a piques de deixarnos por uns meses con destino aos EEUU, a s\u00faa segunda patria. E antes de marchar non perdemos a ocasi\u00f3n de tomar un vi\u00f1o con el, e gozar do pracer da s\u00faa compa\u00f1\u00eda e da s\u00faa conversa <a class=\"mh-excerpt-more\" href=\"https:\/\/www.anovapeneira.gal\/index.php\/2023\/03\/20\/francisco-alvarez-koki-poeta-de-a-guarda\/\" title=\"Francisco \u00c1lvarez \u201cKOKI\u201d poeta de A Guarda\">[&#8230;]<\/a><\/p>\n<\/div>","protected":false},"author":2,"featured_media":9305,"comment_status":"open","ping_status":"open","sticky":false,"template":"","format":"standard","meta":{"_exactmetrics_skip_tracking":false,"_exactmetrics_sitenote_active":false,"_exactmetrics_sitenote_note":"","_exactmetrics_sitenote_category":0,"footnotes":""},"categories":[266],"tags":[238],"class_list":{"0":"post-9304","1":"post","2":"type-post","3":"status-publish","4":"format-standard","5":"has-post-thumbnail","7":"category-baixo-mino-entrevistas","8":"tag-concello-da-guarda"},"yoast_head":"<!-- This site is optimized with the Yoast SEO plugin v27.4 - https:\/\/yoast.com\/product\/yoast-seo-wordpress\/ -->\n<title>Francisco \u00c1lvarez \u201cKOKI\u201d poeta de A Guarda -<\/title>\n<meta name=\"description\" content=\"O noso amigo Koki est\u00e1 a piques de deixarnos por uns meses con destino aos EEUU, a s\u00faa segunda patria. E antes de marchar non perdemos a ocasi\u00f3n de tomar un vi\u00f1o con el, e gozar do pracer da s\u00faa compa\u00f1\u00eda e da s\u00faa conversa\" \/>\n<meta name=\"robots\" content=\"index, follow, max-snippet:-1, max-image-preview:large, max-video-preview:-1\" \/>\n<link rel=\"canonical\" href=\"https:\/\/www.anovapeneira.gal\/index.php\/2023\/03\/20\/francisco-alvarez-koki-poeta-de-a-guarda\/\" \/>\n<meta property=\"og:locale\" content=\"gl_ES\" \/>\n<meta property=\"og:type\" content=\"article\" \/>\n<meta property=\"og:title\" content=\"Francisco \u00c1lvarez \u201cKOKI\u201d poeta de A Guarda -\" \/>\n<meta property=\"og:description\" content=\"O noso amigo Koki est\u00e1 a piques de deixarnos por uns meses con destino aos EEUU, a s\u00faa segunda patria. E antes de marchar non perdemos a ocasi\u00f3n de tomar un vi\u00f1o con el, e gozar do pracer da s\u00faa compa\u00f1\u00eda e da s\u00faa conversa\" \/>\n<meta property=\"og:url\" content=\"https:\/\/www.anovapeneira.gal\/index.php\/2023\/03\/20\/francisco-alvarez-koki-poeta-de-a-guarda\/\" \/>\n<meta property=\"article:publisher\" content=\"https:\/\/www.facebook.com\/anovapeneira\" \/>\n<meta property=\"article:published_time\" content=\"2023-03-20T09:00:00+00:00\" \/>\n<meta property=\"article:modified_time\" content=\"2023-03-20T10:32:03+00:00\" \/>\n<meta property=\"og:image\" content=\"https:\/\/www.anovapeneira.gal\/wp-content\/uploads\/2023\/03\/koki.jpg\" \/>\n\t<meta property=\"og:image:width\" content=\"720\" \/>\n\t<meta property=\"og:image:height\" content=\"432\" \/>\n\t<meta property=\"og:image:type\" content=\"image\/jpeg\" \/>\n<meta name=\"author\" content=\"Tino Lago\" \/>\n<meta name=\"twitter:card\" content=\"summary_large_image\" \/>\n<meta name=\"twitter:creator\" content=\"@APeneira\" \/>\n<meta name=\"twitter:site\" content=\"@APeneira\" \/>\n<meta name=\"twitter:label1\" content=\"Escrito por\" \/>\n\t<meta name=\"twitter:data1\" content=\"Tino Lago\" \/>\n\t<meta name=\"twitter:label2\" content=\"Tempo de lectura\" \/>\n\t<meta name=\"twitter:data2\" content=\"4 minutos\" \/>\n<script type=\"application\/ld+json\" class=\"yoast-schema-graph\">{\"@context\":\"https:\\\/\\\/schema.org\",\"@graph\":[{\"@type\":\"Article\",\"@id\":\"https:\\\/\\\/www.anovapeneira.gal\\\/index.php\\\/2023\\\/03\\\/20\\\/francisco-alvarez-koki-poeta-de-a-guarda\\\/#article\",\"isPartOf\":{\"@id\":\"https:\\\/\\\/www.anovapeneira.gal\\\/index.php\\\/2023\\\/03\\\/20\\\/francisco-alvarez-koki-poeta-de-a-guarda\\\/\"},\"author\":{\"name\":\"Tino Lago\",\"@id\":\"https:\\\/\\\/www.anovapeneira.gal\\\/#\\\/schema\\\/person\\\/424dfe65e3070fd8a44d22d2c088762a\"},\"headline\":\"Francisco \u00c1lvarez \u201cKOKI\u201d poeta de A Guarda\",\"datePublished\":\"2023-03-20T09:00:00+00:00\",\"dateModified\":\"2023-03-20T10:32:03+00:00\",\"mainEntityOfPage\":{\"@id\":\"https:\\\/\\\/www.anovapeneira.gal\\\/index.php\\\/2023\\\/03\\\/20\\\/francisco-alvarez-koki-poeta-de-a-guarda\\\/\"},\"wordCount\":785,\"commentCount\":0,\"publisher\":{\"@id\":\"https:\\\/\\\/www.anovapeneira.gal\\\/#organization\"},\"image\":{\"@id\":\"https:\\\/\\\/www.anovapeneira.gal\\\/index.php\\\/2023\\\/03\\\/20\\\/francisco-alvarez-koki-poeta-de-a-guarda\\\/#primaryimage\"},\"thumbnailUrl\":\"https:\\\/\\\/www.anovapeneira.gal\\\/wp-content\\\/uploads\\\/2023\\\/03\\\/koki.jpg\",\"keywords\":[\"Concello da Guarda\"],\"articleSection\":[\"Baixo Mi\u00f1o\"],\"inLanguage\":\"gl-ES\",\"potentialAction\":[{\"@type\":\"CommentAction\",\"name\":\"Comment\",\"target\":[\"https:\\\/\\\/www.anovapeneira.gal\\\/index.php\\\/2023\\\/03\\\/20\\\/francisco-alvarez-koki-poeta-de-a-guarda\\\/#respond\"]}]},{\"@type\":\"WebPage\",\"@id\":\"https:\\\/\\\/www.anovapeneira.gal\\\/index.php\\\/2023\\\/03\\\/20\\\/francisco-alvarez-koki-poeta-de-a-guarda\\\/\",\"url\":\"https:\\\/\\\/www.anovapeneira.gal\\\/index.php\\\/2023\\\/03\\\/20\\\/francisco-alvarez-koki-poeta-de-a-guarda\\\/\",\"name\":\"Francisco \u00c1lvarez \u201cKOKI\u201d poeta de A Guarda -\",\"isPartOf\":{\"@id\":\"https:\\\/\\\/www.anovapeneira.gal\\\/#website\"},\"primaryImageOfPage\":{\"@id\":\"https:\\\/\\\/www.anovapeneira.gal\\\/index.php\\\/2023\\\/03\\\/20\\\/francisco-alvarez-koki-poeta-de-a-guarda\\\/#primaryimage\"},\"image\":{\"@id\":\"https:\\\/\\\/www.anovapeneira.gal\\\/index.php\\\/2023\\\/03\\\/20\\\/francisco-alvarez-koki-poeta-de-a-guarda\\\/#primaryimage\"},\"thumbnailUrl\":\"https:\\\/\\\/www.anovapeneira.gal\\\/wp-content\\\/uploads\\\/2023\\\/03\\\/koki.jpg\",\"datePublished\":\"2023-03-20T09:00:00+00:00\",\"dateModified\":\"2023-03-20T10:32:03+00:00\",\"description\":\"O noso amigo Koki est\u00e1 a piques de deixarnos por uns meses con destino aos EEUU, a s\u00faa segunda patria. E antes de marchar non perdemos a ocasi\u00f3n de tomar un vi\u00f1o con el, e gozar do pracer da s\u00faa compa\u00f1\u00eda e da s\u00faa conversa\",\"breadcrumb\":{\"@id\":\"https:\\\/\\\/www.anovapeneira.gal\\\/index.php\\\/2023\\\/03\\\/20\\\/francisco-alvarez-koki-poeta-de-a-guarda\\\/#breadcrumb\"},\"inLanguage\":\"gl-ES\",\"potentialAction\":[{\"@type\":\"ReadAction\",\"target\":[\"https:\\\/\\\/www.anovapeneira.gal\\\/index.php\\\/2023\\\/03\\\/20\\\/francisco-alvarez-koki-poeta-de-a-guarda\\\/\"]}]},{\"@type\":\"ImageObject\",\"inLanguage\":\"gl-ES\",\"@id\":\"https:\\\/\\\/www.anovapeneira.gal\\\/index.php\\\/2023\\\/03\\\/20\\\/francisco-alvarez-koki-poeta-de-a-guarda\\\/#primaryimage\",\"url\":\"https:\\\/\\\/www.anovapeneira.gal\\\/wp-content\\\/uploads\\\/2023\\\/03\\\/koki.jpg\",\"contentUrl\":\"https:\\\/\\\/www.anovapeneira.gal\\\/wp-content\\\/uploads\\\/2023\\\/03\\\/koki.jpg\",\"width\":720,\"height\":432,\"caption\":\"Francisco \u00c1lvarez \u201cKOKI\u201d poeta de A Guarda\"},{\"@type\":\"BreadcrumbList\",\"@id\":\"https:\\\/\\\/www.anovapeneira.gal\\\/index.php\\\/2023\\\/03\\\/20\\\/francisco-alvarez-koki-poeta-de-a-guarda\\\/#breadcrumb\",\"itemListElement\":[{\"@type\":\"ListItem\",\"position\":1,\"name\":\"Portada\",\"item\":\"https:\\\/\\\/www.anovapeneira.gal\\\/\"},{\"@type\":\"ListItem\",\"position\":2,\"name\":\"Francisco \u00c1lvarez \u201cKOKI\u201d poeta de A Guarda\"}]},{\"@type\":\"WebSite\",\"@id\":\"https:\\\/\\\/www.anovapeneira.gal\\\/#website\",\"url\":\"https:\\\/\\\/www.anovapeneira.gal\\\/\",\"name\":\"\",\"description\":\"Xornal galego de informaci\u00f3n xeral Publicaci\u00f3n mensual de novas de Galicia e en especial dos Concellos da sur da provincia de Pontevedra.\",\"publisher\":{\"@id\":\"https:\\\/\\\/www.anovapeneira.gal\\\/#organization\"},\"potentialAction\":[{\"@type\":\"SearchAction\",\"target\":{\"@type\":\"EntryPoint\",\"urlTemplate\":\"https:\\\/\\\/www.anovapeneira.gal\\\/?s={search_term_string}\"},\"query-input\":{\"@type\":\"PropertyValueSpecification\",\"valueRequired\":true,\"valueName\":\"search_term_string\"}}],\"inLanguage\":\"gl-ES\"},{\"@type\":\"Organization\",\"@id\":\"https:\\\/\\\/www.anovapeneira.gal\\\/#organization\",\"name\":\"A Nova Peneira\",\"url\":\"https:\\\/\\\/www.anovapeneira.gal\\\/\",\"logo\":{\"@type\":\"ImageObject\",\"inLanguage\":\"gl-ES\",\"@id\":\"https:\\\/\\\/www.anovapeneira.gal\\\/#\\\/schema\\\/logo\\\/image\\\/\",\"url\":\"http:\\\/\\\/www.anovapeneira.gal\\\/wp-content\\\/uploads\\\/2019\\\/06\\\/logo_a_nova_peneira_portal_web.png\",\"contentUrl\":\"http:\\\/\\\/www.anovapeneira.gal\\\/wp-content\\\/uploads\\\/2019\\\/06\\\/logo_a_nova_peneira_portal_web.png\",\"width\":300,\"height\":100,\"caption\":\"A Nova Peneira\"},\"image\":{\"@id\":\"https:\\\/\\\/www.anovapeneira.gal\\\/#\\\/schema\\\/logo\\\/image\\\/\"},\"sameAs\":[\"https:\\\/\\\/www.facebook.com\\\/anovapeneira\",\"https:\\\/\\\/x.com\\\/APeneira\"]},{\"@type\":\"Person\",\"@id\":\"https:\\\/\\\/www.anovapeneira.gal\\\/#\\\/schema\\\/person\\\/424dfe65e3070fd8a44d22d2c088762a\",\"name\":\"Tino Lago\",\"image\":{\"@type\":\"ImageObject\",\"inLanguage\":\"gl-ES\",\"@id\":\"https:\\\/\\\/secure.gravatar.com\\\/avatar\\\/b3df6a06e44bab3111583b90f0f33a0379ee5e3d22cbadd232d39f21c30c62be?s=96&d=mm&r=g\",\"url\":\"https:\\\/\\\/secure.gravatar.com\\\/avatar\\\/b3df6a06e44bab3111583b90f0f33a0379ee5e3d22cbadd232d39f21c30c62be?s=96&d=mm&r=g\",\"contentUrl\":\"https:\\\/\\\/secure.gravatar.com\\\/avatar\\\/b3df6a06e44bab3111583b90f0f33a0379ee5e3d22cbadd232d39f21c30c62be?s=96&d=mm&r=g\",\"caption\":\"Tino Lago\"},\"sameAs\":[\"http:\\\/\\\/www.anovapeneira.gal\"],\"url\":\"https:\\\/\\\/www.anovapeneira.gal\\\/index.php\\\/author\\\/director\\\/\"}]}<\/script>\n<!-- \/ Yoast SEO plugin. -->","yoast_head_json":{"title":"Francisco \u00c1lvarez \u201cKOKI\u201d poeta de A Guarda -","description":"O noso amigo Koki est\u00e1 a piques de deixarnos por uns meses con destino aos EEUU, a s\u00faa segunda patria. E antes de marchar non perdemos a ocasi\u00f3n de tomar un vi\u00f1o con el, e gozar do pracer da s\u00faa compa\u00f1\u00eda e da s\u00faa conversa","robots":{"index":"index","follow":"follow","max-snippet":"max-snippet:-1","max-image-preview":"max-image-preview:large","max-video-preview":"max-video-preview:-1"},"canonical":"https:\/\/www.anovapeneira.gal\/index.php\/2023\/03\/20\/francisco-alvarez-koki-poeta-de-a-guarda\/","og_locale":"gl_ES","og_type":"article","og_title":"Francisco \u00c1lvarez \u201cKOKI\u201d poeta de A Guarda -","og_description":"O noso amigo Koki est\u00e1 a piques de deixarnos por uns meses con destino aos EEUU, a s\u00faa segunda patria. E antes de marchar non perdemos a ocasi\u00f3n de tomar un vi\u00f1o con el, e gozar do pracer da s\u00faa compa\u00f1\u00eda e da s\u00faa conversa","og_url":"https:\/\/www.anovapeneira.gal\/index.php\/2023\/03\/20\/francisco-alvarez-koki-poeta-de-a-guarda\/","article_publisher":"https:\/\/www.facebook.com\/anovapeneira","article_published_time":"2023-03-20T09:00:00+00:00","article_modified_time":"2023-03-20T10:32:03+00:00","og_image":[{"width":720,"height":432,"url":"https:\/\/www.anovapeneira.gal\/wp-content\/uploads\/2023\/03\/koki.jpg","type":"image\/jpeg"}],"author":"Tino Lago","twitter_card":"summary_large_image","twitter_creator":"@APeneira","twitter_site":"@APeneira","twitter_misc":{"Escrito por":"Tino Lago","Tempo de lectura":"4 minutos"},"schema":{"@context":"https:\/\/schema.org","@graph":[{"@type":"Article","@id":"https:\/\/www.anovapeneira.gal\/index.php\/2023\/03\/20\/francisco-alvarez-koki-poeta-de-a-guarda\/#article","isPartOf":{"@id":"https:\/\/www.anovapeneira.gal\/index.php\/2023\/03\/20\/francisco-alvarez-koki-poeta-de-a-guarda\/"},"author":{"name":"Tino Lago","@id":"https:\/\/www.anovapeneira.gal\/#\/schema\/person\/424dfe65e3070fd8a44d22d2c088762a"},"headline":"Francisco \u00c1lvarez \u201cKOKI\u201d poeta de A Guarda","datePublished":"2023-03-20T09:00:00+00:00","dateModified":"2023-03-20T10:32:03+00:00","mainEntityOfPage":{"@id":"https:\/\/www.anovapeneira.gal\/index.php\/2023\/03\/20\/francisco-alvarez-koki-poeta-de-a-guarda\/"},"wordCount":785,"commentCount":0,"publisher":{"@id":"https:\/\/www.anovapeneira.gal\/#organization"},"image":{"@id":"https:\/\/www.anovapeneira.gal\/index.php\/2023\/03\/20\/francisco-alvarez-koki-poeta-de-a-guarda\/#primaryimage"},"thumbnailUrl":"https:\/\/www.anovapeneira.gal\/wp-content\/uploads\/2023\/03\/koki.jpg","keywords":["Concello da Guarda"],"articleSection":["Baixo Mi\u00f1o"],"inLanguage":"gl-ES","potentialAction":[{"@type":"CommentAction","name":"Comment","target":["https:\/\/www.anovapeneira.gal\/index.php\/2023\/03\/20\/francisco-alvarez-koki-poeta-de-a-guarda\/#respond"]}]},{"@type":"WebPage","@id":"https:\/\/www.anovapeneira.gal\/index.php\/2023\/03\/20\/francisco-alvarez-koki-poeta-de-a-guarda\/","url":"https:\/\/www.anovapeneira.gal\/index.php\/2023\/03\/20\/francisco-alvarez-koki-poeta-de-a-guarda\/","name":"Francisco \u00c1lvarez \u201cKOKI\u201d poeta de A Guarda -","isPartOf":{"@id":"https:\/\/www.anovapeneira.gal\/#website"},"primaryImageOfPage":{"@id":"https:\/\/www.anovapeneira.gal\/index.php\/2023\/03\/20\/francisco-alvarez-koki-poeta-de-a-guarda\/#primaryimage"},"image":{"@id":"https:\/\/www.anovapeneira.gal\/index.php\/2023\/03\/20\/francisco-alvarez-koki-poeta-de-a-guarda\/#primaryimage"},"thumbnailUrl":"https:\/\/www.anovapeneira.gal\/wp-content\/uploads\/2023\/03\/koki.jpg","datePublished":"2023-03-20T09:00:00+00:00","dateModified":"2023-03-20T10:32:03+00:00","description":"O noso amigo Koki est\u00e1 a piques de deixarnos por uns meses con destino aos EEUU, a s\u00faa segunda patria. E antes de marchar non perdemos a ocasi\u00f3n de tomar un vi\u00f1o con el, e gozar do pracer da s\u00faa compa\u00f1\u00eda e da s\u00faa conversa","breadcrumb":{"@id":"https:\/\/www.anovapeneira.gal\/index.php\/2023\/03\/20\/francisco-alvarez-koki-poeta-de-a-guarda\/#breadcrumb"},"inLanguage":"gl-ES","potentialAction":[{"@type":"ReadAction","target":["https:\/\/www.anovapeneira.gal\/index.php\/2023\/03\/20\/francisco-alvarez-koki-poeta-de-a-guarda\/"]}]},{"@type":"ImageObject","inLanguage":"gl-ES","@id":"https:\/\/www.anovapeneira.gal\/index.php\/2023\/03\/20\/francisco-alvarez-koki-poeta-de-a-guarda\/#primaryimage","url":"https:\/\/www.anovapeneira.gal\/wp-content\/uploads\/2023\/03\/koki.jpg","contentUrl":"https:\/\/www.anovapeneira.gal\/wp-content\/uploads\/2023\/03\/koki.jpg","width":720,"height":432,"caption":"Francisco \u00c1lvarez \u201cKOKI\u201d poeta de A Guarda"},{"@type":"BreadcrumbList","@id":"https:\/\/www.anovapeneira.gal\/index.php\/2023\/03\/20\/francisco-alvarez-koki-poeta-de-a-guarda\/#breadcrumb","itemListElement":[{"@type":"ListItem","position":1,"name":"Portada","item":"https:\/\/www.anovapeneira.gal\/"},{"@type":"ListItem","position":2,"name":"Francisco \u00c1lvarez \u201cKOKI\u201d poeta de A Guarda"}]},{"@type":"WebSite","@id":"https:\/\/www.anovapeneira.gal\/#website","url":"https:\/\/www.anovapeneira.gal\/","name":"","description":"Xornal galego de informaci\u00f3n xeral Publicaci\u00f3n mensual de novas de Galicia e en especial dos Concellos da sur da provincia de Pontevedra.","publisher":{"@id":"https:\/\/www.anovapeneira.gal\/#organization"},"potentialAction":[{"@type":"SearchAction","target":{"@type":"EntryPoint","urlTemplate":"https:\/\/www.anovapeneira.gal\/?s={search_term_string}"},"query-input":{"@type":"PropertyValueSpecification","valueRequired":true,"valueName":"search_term_string"}}],"inLanguage":"gl-ES"},{"@type":"Organization","@id":"https:\/\/www.anovapeneira.gal\/#organization","name":"A Nova Peneira","url":"https:\/\/www.anovapeneira.gal\/","logo":{"@type":"ImageObject","inLanguage":"gl-ES","@id":"https:\/\/www.anovapeneira.gal\/#\/schema\/logo\/image\/","url":"http:\/\/www.anovapeneira.gal\/wp-content\/uploads\/2019\/06\/logo_a_nova_peneira_portal_web.png","contentUrl":"http:\/\/www.anovapeneira.gal\/wp-content\/uploads\/2019\/06\/logo_a_nova_peneira_portal_web.png","width":300,"height":100,"caption":"A Nova Peneira"},"image":{"@id":"https:\/\/www.anovapeneira.gal\/#\/schema\/logo\/image\/"},"sameAs":["https:\/\/www.facebook.com\/anovapeneira","https:\/\/x.com\/APeneira"]},{"@type":"Person","@id":"https:\/\/www.anovapeneira.gal\/#\/schema\/person\/424dfe65e3070fd8a44d22d2c088762a","name":"Tino Lago","image":{"@type":"ImageObject","inLanguage":"gl-ES","@id":"https:\/\/secure.gravatar.com\/avatar\/b3df6a06e44bab3111583b90f0f33a0379ee5e3d22cbadd232d39f21c30c62be?s=96&d=mm&r=g","url":"https:\/\/secure.gravatar.com\/avatar\/b3df6a06e44bab3111583b90f0f33a0379ee5e3d22cbadd232d39f21c30c62be?s=96&d=mm&r=g","contentUrl":"https:\/\/secure.gravatar.com\/avatar\/b3df6a06e44bab3111583b90f0f33a0379ee5e3d22cbadd232d39f21c30c62be?s=96&d=mm&r=g","caption":"Tino Lago"},"sameAs":["http:\/\/www.anovapeneira.gal"],"url":"https:\/\/www.anovapeneira.gal\/index.php\/author\/director\/"}]}},"jetpack_featured_media_url":"https:\/\/www.anovapeneira.gal\/wp-content\/uploads\/2023\/03\/koki.jpg","_links":{"self":[{"href":"https:\/\/www.anovapeneira.gal\/index.php\/wp-json\/wp\/v2\/posts\/9304","targetHints":{"allow":["GET"]}}],"collection":[{"href":"https:\/\/www.anovapeneira.gal\/index.php\/wp-json\/wp\/v2\/posts"}],"about":[{"href":"https:\/\/www.anovapeneira.gal\/index.php\/wp-json\/wp\/v2\/types\/post"}],"author":[{"embeddable":true,"href":"https:\/\/www.anovapeneira.gal\/index.php\/wp-json\/wp\/v2\/users\/2"}],"replies":[{"embeddable":true,"href":"https:\/\/www.anovapeneira.gal\/index.php\/wp-json\/wp\/v2\/comments?post=9304"}],"version-history":[{"count":3,"href":"https:\/\/www.anovapeneira.gal\/index.php\/wp-json\/wp\/v2\/posts\/9304\/revisions"}],"predecessor-version":[{"id":9326,"href":"https:\/\/www.anovapeneira.gal\/index.php\/wp-json\/wp\/v2\/posts\/9304\/revisions\/9326"}],"wp:featuredmedia":[{"embeddable":true,"href":"https:\/\/www.anovapeneira.gal\/index.php\/wp-json\/wp\/v2\/media\/9305"}],"wp:attachment":[{"href":"https:\/\/www.anovapeneira.gal\/index.php\/wp-json\/wp\/v2\/media?parent=9304"}],"wp:term":[{"taxonomy":"category","embeddable":true,"href":"https:\/\/www.anovapeneira.gal\/index.php\/wp-json\/wp\/v2\/categories?post=9304"},{"taxonomy":"post_tag","embeddable":true,"href":"https:\/\/www.anovapeneira.gal\/index.php\/wp-json\/wp\/v2\/tags?post=9304"}],"curies":[{"name":"wp","href":"https:\/\/api.w.org\/{rel}","templated":true}]}}