{"id":9321,"date":"2023-03-22T10:00:03","date_gmt":"2023-03-22T09:00:03","guid":{"rendered":"https:\/\/www.anovapeneira.gal\/?p=9321"},"modified":"2023-03-15T14:18:36","modified_gmt":"2023-03-15T13:18:36","slug":"xurxo-pardo-candidato-do-bng-a-alcaldia-de-pazos-de-borben","status":"publish","type":"post","link":"https:\/\/www.anovapeneira.gal\/index.php\/2023\/03\/22\/xurxo-pardo-candidato-do-bng-a-alcaldia-de-pazos-de-borben\/","title":{"rendered":"Xurxo Pardo candidato do BNG \u00e1 alcald\u00eda de Pazos de Borb\u00e9n"},"content":{"rendered":"\n<p><strong>Xurxo \u00e9 un veci\u00f1o de Pazos, en concreto do barrio de Pousi\u00f1o .\u00c9 un home novo en idade , ten 33 anos, pero con moita experiencia no mundo da pol\u00edtica. El traballa como arquitecto t\u00e9cnico, o dese\u00f1o e o debuxo foron xa de neno a s\u00faa vocaci\u00f3n. Am\u00f3sase completamente namorado do seu pobo e manifesta que o BNG, cuxa candidatura encabezar\u00e1 nas vindeiras municipais, \u00e9 a alternativa realista que lle pode ofrecer a Pazos un modelo completamente diferente ao desastre dun goberno, o do PP, que nin est\u00e1 nin se lle espera, dun alcalde , Andr\u00e9s Iglesias, que nin est\u00e1 nin se lle espera.<\/strong><\/p>\n\n\n\n<p>\u201c <strong>O BNG de Pazos non se pon l\u00edmites. Imos a por todas\u201c<\/strong><\/p>\n\n\n\n<p><strong>Cales son as expectativas realistas coas que se presenta a candidatura que vas encabezar?<\/strong><\/p>\n\n\n\n<blockquote class=\"wp-block-quote is-layout-flow wp-block-quote-is-layout-flow\">\n<p>O BNG est\u00e1 en disposici\u00f3n de disputar a maior\u00eda social co PP. Non nos pomos nin l\u00edmites nin teito, e o noso obxectivo \u00e9 ga\u00f1ar as elecci\u00f3ns.<\/p>\n<\/blockquote>\n\n\n\n<p><strong>Que se xoga Pazos nas elecci\u00f3ns de Maio?<\/strong><\/p>\n\n\n\n<blockquote class=\"wp-block-quote is-layout-flow wp-block-quote-is-layout-flow\">\n<p>X\u00f3gase moito. A veci\u00f1anza ten que decidir entre seguir como estamos que \u00e9 na nada m\u00e1is absoluta e terrible, nun concello abandonado sen servizos e sen goberno, ou optar por un concello con futuro e oportunidades. O BNG goberna en moitas localidades e cando obt\u00e9n a confianza da cidadan\u00eda por primeira vez adoita repetir e mellorar resultados. Ese modelo de vilas BNG:humanas, xustas e accesibles con servizos e oportunidades \u00e9 o que queremos para Pazos e \u00e9 para o que, con toda a humildade pero tam\u00e9n con toda a firmeza, imos pedir a confianza dos nosos veci\u00f1os e veci\u00f1as.<\/p>\n<\/blockquote>\n\n\n\n<p><strong>Est\u00e1 tan mal Pazos?<\/strong><\/p>\n\n\n\n<blockquote class=\"wp-block-quote is-layout-flow wp-block-quote-is-layout-flow\">\n<p>En verdade o digo Tino. E d\u00edgoo con tristura porque eu quero moito a Pazos de Borb\u00e9n . \u00c9 o meu pobo , o pobo dos meus familiares pasados, que estiveron antes ca min, e da mi\u00f1a familia actual, o pobo no que vivo \u00e9 no que quero desenvolver o meu proxecto vital persoal .Pero o goberno de Pazos \u00e9 p\u00e9simo. O goberno de Pazos de Borb\u00e9n simplemente non exerce as s\u00faas responsabilidades.<\/p>\n<\/blockquote>\n\n\n\n<p><strong>Andr\u00e9s Iglesias non exerce as s\u00faas responsabilidades como alcalde?<\/strong><\/p>\n\n\n\n<blockquote class=\"wp-block-quote is-layout-flow wp-block-quote-is-layout-flow\">\n<p>Quero deixar claro que isto \u00e9 unha valoraci\u00f3n pol\u00edtica, non moral. E obxectivamente creo que se pode dicir que Andr\u00e9s Iglesias non exerce as s\u00faas responsabilidades e que \u00e9 un alcalde nefasto.<\/p>\n<\/blockquote>\n\n\n\n<p><strong>Por que \u00e9 un goberno nefasto?<\/strong><\/p>\n\n\n\n<blockquote class=\"wp-block-quote is-layout-flow wp-block-quote-is-layout-flow\">\n<p>Pazos ten unhas potencialidades inmensas para ser un lugar atractivo para vivir por\u00e9n perde poboaci\u00f3n de maneira alarmante. \u00c9 un dos concellos que m\u00e1is habitantes perde da \u00e1rea de Vigo. E iso non \u00e9 por casualidade; a xente non se marcha porque unha conxunci\u00f3n astral lles impulse a marchar, fano porque o noso concello carece de servizos para poder vivir, e de oportunidades para poder desenvolver un proxecto vital persoal.<\/p>\n<\/blockquote>\n\n\n\n<blockquote class=\"wp-block-quote is-layout-flow wp-block-quote-is-layout-flow\">\n<p>E \u00e9 administraci\u00f3n a responsable de crear as condici\u00f3ns necesarias para que a xente non te\u00f1a que marchar, pero lamentablemente non o fai.<\/p>\n<\/blockquote>\n\n\n\n<blockquote class=\"wp-block-quote is-layout-flow wp-block-quote-is-layout-flow\">\n<p>Por outra parte temos as taxas de desemprego m\u00e1is altas da comarca, a situaci\u00f3n da nosa sanidade \u00e9 moi mala e na s\u00faa defensa o alcalde non est\u00e1 nin se lle espera. Non temos escola infantil; que fai unha familia con nenos pequenos?. Non hai transporte adecuado para ir estudar o bacharelato a Redondela, nin para ir \u00e1 universidade. Non hai centro de d\u00eda para persoas maiores ou dependentes, o lecer est\u00e1 completamente desatendido&#8230;&#8230;.<\/p>\n<\/blockquote>\n\n\n\n<p><strong>Moitos veci\u00f1os l\u00e1ianse de que atopar ao alcalde no Concello non \u00e9 f\u00e1cil. Que sabes ti disto?<\/strong><\/p>\n\n\n\n<blockquote class=\"wp-block-quote is-layout-flow wp-block-quote-is-layout-flow\">\n<p>Que lamentablemente \u00e9 certo.<\/p>\n<\/blockquote>\n\n\n\n<p><strong>Cal \u00e9 a posici\u00f3n do BNG en relaci\u00f3n \u00e1 situaci\u00f3n da estrada de Nespereira?<\/strong><\/p>\n\n\n\n<blockquote class=\"wp-block-quote is-layout-flow wp-block-quote-is-layout-flow\">\n<p>Coincide totalmente cos dos veci\u00f1os e veci\u00f1as que protestan. Eles te\u00f1an raz\u00f3n. A veci\u00f1anza de Nespereira e Cepeda ten toda a raz\u00f3n e o BNG est\u00e1 ao seu car\u00f3n. Esa estrada est\u00e1 nunha situaci\u00f3n lamentable, mesmo resulta perigosa pois hai tr\u00e1fico pesado que pasa moi preto das portas das casas, e debe de ser arranxada de contado.<\/p>\n<\/blockquote>\n\n\n\n<p><strong>E por que non se fai?<\/strong><\/p>\n\n\n\n<blockquote class=\"wp-block-quote is-layout-flow wp-block-quote-is-layout-flow\">\n<p>A DEPO ten un proxecto para mellorar eses estrada, por certo un proxecto do BNG, pero de momento non se puido concretar polo desleixo e incompetencia do goberno municipal que non fai o que ten que facer: chegar a acordos cos propietarios das fincas que ter\u00edan que ser expropiadas.<\/p>\n<\/blockquote>\n\n\n\n<p><strong>A verdade \u00e9 asombroso que o goberno de Pazos non faga a s\u00faa parte porque esa estrada, para calquera que non estea cego, precisa unha mellora con urxencia absoluta<\/strong><\/p>\n\n\n\n<blockquote class=\"wp-block-quote is-layout-flow wp-block-quote-is-layout-flow\">\n<p>Si, coincido contigo, \u00e9 asombroso. O desleixo do goberno \u00e9 incuestionable, a incompetencia evidente e consideramos tam\u00e9n a hip\u00f3tese de que o PP de Pazos non act\u00fae por medo a que saian \u00e1 luz episodios derivados de d\u00e9cadas de goberno caciquil.<\/p>\n<\/blockquote>\n\n\n\n<p><strong>Cal \u00e9 a t\u00faa valoraci\u00f3n do estado do pol\u00edgono de Amoedo?<\/strong><\/p>\n\n\n\n<blockquote class=\"wp-block-quote is-layout-flow wp-block-quote-is-layout-flow\">\n<p>O pol\u00edgono debe de p\u00f3rse en valor e dotalo de m\u00e1is e mellores medios. Absolutamente o contrario do que fai o Concello que non para de p\u00f3r problemas \u00e1s empresas que al\u00ed se queren instalar.<\/p>\n<\/blockquote>\n\n\n\n<p><strong>O goberno de Pazos trata por igual aos colectivos do tecido asociativo local que identifica como amigos c\u00f3s que identifica como non amigos?<\/strong><\/p>\n\n\n\n<blockquote class=\"wp-block-quote is-layout-flow wp-block-quote-is-layout-flow\">\n<p>En absoluto.<\/p>\n<\/blockquote>\n\n\n\n<p><strong>As\u00ed de rotundo?<\/strong><\/p>\n\n\n\n<blockquote class=\"wp-block-quote is-layout-flow wp-block-quote-is-layout-flow\">\n<p>Si, por desgraza, si. A pol\u00edtica do goberno de Pazos \u00e9: ou comigo ou contra min.<\/p>\n<\/blockquote>\n\n\n\n<p><strong>Que tal son as relaci\u00f3ns do BNG co tecido asociativo local?<\/strong><\/p>\n\n\n\n<blockquote class=\"wp-block-quote is-layout-flow wp-block-quote-is-layout-flow\">\n<p>Moi boas. Eu persoalmente, dentro das mi\u00f1as posibilidades participo en varios colectivos, e o BNG entende o asociacionismo da sociedade civil como un eixo esencial na articulaci\u00f3n de Galicia e sempre vai colaborar de maneira leal cos distintos colectivos sociais e culturais.<\/p>\n<\/blockquote>\n\n\n\n<p><strong>Que poder\u00eda encontrar un veci\u00f1o ou veci\u00f1a de Pazos en ti como alcalde?<\/strong><\/p>\n\n\n\n<blockquote class=\"wp-block-quote is-layout-flow wp-block-quote-is-layout-flow\">\n<p>Son un home moi responsable e traballador. Son un tipo que sabe escoitar, que adora aprender e que se compromete a tratar a todos e todas por igual.<\/p>\n<\/blockquote>\n\n\n\n<p><strong>Supo\u00f1o que se es alcalde estar\u00e1s no Concello no teu horario laboral?<\/strong><\/p>\n\n\n\n<blockquote class=\"wp-block-quote is-layout-flow wp-block-quote-is-layout-flow\">\n<p>A non ser que tivera que sa\u00edr a atender algunha urxencia si, por suposto. O contrario \u00e9 intolerable.<\/p>\n<\/blockquote>\n\n\n\n<p><strong>Sendo realista Xurxo, desta volta o PP pode perder a maior\u00eda absoluta por fin?<\/strong><\/p>\n\n\n\n<blockquote class=\"wp-block-quote is-layout-flow wp-block-quote-is-layout-flow\">\n<p>Estou convencido. Hai catro anos estivo a piques, conservouna por moi poucos votos e foron catro anos perdidos para Pazos. Non podemos aguantar m\u00e1is nin con este goberno nin con este alcalde.<\/p>\n<\/blockquote>\n\n\n\n<p><strong>No caso de que como parece sexa as\u00ed, es consciente de que ser\u00e1 necesario que se artelle unha maior\u00eda alternativa resultante do acordo entre varias forzas?<\/strong><\/p>\n\n\n\n<blockquote class=\"wp-block-quote is-layout-flow wp-block-quote-is-layout-flow\">\n<p>Son plenamente consciente e non me d\u00e1 ning\u00fan medo, todo o contrario eu son un home de consensos, dialogante e con vontade de chegar a acordos.<\/p>\n<\/blockquote>\n","protected":false},"excerpt":{"rendered":"<div class=\"mh-excerpt\"><p>Xurxo \u00e9 un veci\u00f1o de Pazos, en concreto do barrio de Pousi\u00f1o .\u00c9 un home novo en idade , ten 33 anos, pero con moita experiencia no mundo da pol\u00edtica. El traballa como arquitecto t\u00e9cnico, o dese\u00f1o e o debuxo foron xa de neno a s\u00faa vocaci\u00f3n <a class=\"mh-excerpt-more\" href=\"https:\/\/www.anovapeneira.gal\/index.php\/2023\/03\/22\/xurxo-pardo-candidato-do-bng-a-alcaldia-de-pazos-de-borben\/\" title=\"Xurxo Pardo candidato do BNG \u00e1 alcald\u00eda de Pazos de Borb\u00e9n\">[&#8230;]<\/a><\/p>\n<\/div>","protected":false},"author":3,"featured_media":9322,"comment_status":"open","ping_status":"open","sticky":false,"template":"","format":"standard","meta":{"_exactmetrics_skip_tracking":false,"_exactmetrics_sitenote_active":false,"_exactmetrics_sitenote_note":"","_exactmetrics_sitenote_category":0,"footnotes":""},"categories":[270],"tags":[1089],"class_list":{"0":"post-9321","1":"post","2":"type-post","3":"status-publish","4":"format-standard","5":"has-post-thumbnail","7":"category-redondela-entrevistas","8":"tag-concello-de-pazos-de-borben"},"yoast_head":"<!-- This site is optimized with the Yoast SEO plugin v27.4 - https:\/\/yoast.com\/product\/yoast-seo-wordpress\/ -->\n<title>Xurxo Pardo candidato do BNG \u00e1 alcald\u00eda de Pazos de Borb\u00e9n -<\/title>\n<meta name=\"description\" content=\"Xurxo \u00e9 un veci\u00f1o de Pazos, en concreto do barrio de Pousi\u00f1o .\u00c9 un home novo en idade , ten 33 anos, pero con moita experiencia no mundo da pol\u00edtica. El traballa como arquitecto t\u00e9cnico, o dese\u00f1o e o debuxo foron xa de neno a s\u00faa vocaci\u00f3n\" \/>\n<meta name=\"robots\" content=\"index, follow, max-snippet:-1, max-image-preview:large, max-video-preview:-1\" \/>\n<link rel=\"canonical\" href=\"https:\/\/www.anovapeneira.gal\/index.php\/2023\/03\/22\/xurxo-pardo-candidato-do-bng-a-alcaldia-de-pazos-de-borben\/\" \/>\n<meta property=\"og:locale\" content=\"gl_ES\" \/>\n<meta property=\"og:type\" content=\"article\" \/>\n<meta property=\"og:title\" content=\"Xurxo Pardo candidato do BNG \u00e1 alcald\u00eda de Pazos de Borb\u00e9n -\" \/>\n<meta property=\"og:description\" content=\"Xurxo \u00e9 un veci\u00f1o de Pazos, en concreto do barrio de Pousi\u00f1o .\u00c9 un home novo en idade , ten 33 anos, pero con moita experiencia no mundo da pol\u00edtica. El traballa como arquitecto t\u00e9cnico, o dese\u00f1o e o debuxo foron xa de neno a s\u00faa vocaci\u00f3n\" \/>\n<meta property=\"og:url\" content=\"https:\/\/www.anovapeneira.gal\/index.php\/2023\/03\/22\/xurxo-pardo-candidato-do-bng-a-alcaldia-de-pazos-de-borben\/\" \/>\n<meta property=\"article:publisher\" content=\"https:\/\/www.facebook.com\/anovapeneira\" \/>\n<meta property=\"article:published_time\" content=\"2023-03-22T09:00:03+00:00\" \/>\n<meta property=\"og:image\" content=\"https:\/\/www.anovapeneira.gal\/wp-content\/uploads\/2023\/03\/xurxo_pardo.jpg\" \/>\n\t<meta property=\"og:image:width\" content=\"720\" \/>\n\t<meta property=\"og:image:height\" content=\"432\" \/>\n\t<meta property=\"og:image:type\" content=\"image\/jpeg\" \/>\n<meta name=\"author\" content=\"Redacci\u00f3n A Nova Peneira\" \/>\n<meta name=\"twitter:card\" content=\"summary_large_image\" \/>\n<meta name=\"twitter:creator\" content=\"@APeneira\" \/>\n<meta name=\"twitter:site\" content=\"@APeneira\" \/>\n<meta name=\"twitter:label1\" content=\"Escrito por\" \/>\n\t<meta name=\"twitter:data1\" content=\"Redacci\u00f3n A Nova Peneira\" \/>\n\t<meta name=\"twitter:label2\" content=\"Tempo de lectura\" \/>\n\t<meta name=\"twitter:data2\" content=\"6 minutos\" \/>\n<script type=\"application\/ld+json\" class=\"yoast-schema-graph\">{\"@context\":\"https:\\\/\\\/schema.org\",\"@graph\":[{\"@type\":\"Article\",\"@id\":\"https:\\\/\\\/www.anovapeneira.gal\\\/index.php\\\/2023\\\/03\\\/22\\\/xurxo-pardo-candidato-do-bng-a-alcaldia-de-pazos-de-borben\\\/#article\",\"isPartOf\":{\"@id\":\"https:\\\/\\\/www.anovapeneira.gal\\\/index.php\\\/2023\\\/03\\\/22\\\/xurxo-pardo-candidato-do-bng-a-alcaldia-de-pazos-de-borben\\\/\"},\"author\":{\"name\":\"Redacci\u00f3n A Nova Peneira\",\"@id\":\"https:\\\/\\\/www.anovapeneira.gal\\\/#\\\/schema\\\/person\\\/b93e3f8932e3f8da96334607eb6ac6aa\"},\"headline\":\"Xurxo Pardo candidato do BNG \u00e1 alcald\u00eda de Pazos de Borb\u00e9n\",\"datePublished\":\"2023-03-22T09:00:03+00:00\",\"mainEntityOfPage\":{\"@id\":\"https:\\\/\\\/www.anovapeneira.gal\\\/index.php\\\/2023\\\/03\\\/22\\\/xurxo-pardo-candidato-do-bng-a-alcaldia-de-pazos-de-borben\\\/\"},\"wordCount\":1153,\"commentCount\":0,\"publisher\":{\"@id\":\"https:\\\/\\\/www.anovapeneira.gal\\\/#organization\"},\"image\":{\"@id\":\"https:\\\/\\\/www.anovapeneira.gal\\\/index.php\\\/2023\\\/03\\\/22\\\/xurxo-pardo-candidato-do-bng-a-alcaldia-de-pazos-de-borben\\\/#primaryimage\"},\"thumbnailUrl\":\"https:\\\/\\\/www.anovapeneira.gal\\\/wp-content\\\/uploads\\\/2023\\\/03\\\/xurxo_pardo.jpg\",\"keywords\":[\"Concello de Pazos de Borb\u00e9n\"],\"articleSection\":[\"Redondela\"],\"inLanguage\":\"gl-ES\",\"potentialAction\":[{\"@type\":\"CommentAction\",\"name\":\"Comment\",\"target\":[\"https:\\\/\\\/www.anovapeneira.gal\\\/index.php\\\/2023\\\/03\\\/22\\\/xurxo-pardo-candidato-do-bng-a-alcaldia-de-pazos-de-borben\\\/#respond\"]}]},{\"@type\":\"WebPage\",\"@id\":\"https:\\\/\\\/www.anovapeneira.gal\\\/index.php\\\/2023\\\/03\\\/22\\\/xurxo-pardo-candidato-do-bng-a-alcaldia-de-pazos-de-borben\\\/\",\"url\":\"https:\\\/\\\/www.anovapeneira.gal\\\/index.php\\\/2023\\\/03\\\/22\\\/xurxo-pardo-candidato-do-bng-a-alcaldia-de-pazos-de-borben\\\/\",\"name\":\"Xurxo Pardo candidato do BNG \u00e1 alcald\u00eda de Pazos de Borb\u00e9n -\",\"isPartOf\":{\"@id\":\"https:\\\/\\\/www.anovapeneira.gal\\\/#website\"},\"primaryImageOfPage\":{\"@id\":\"https:\\\/\\\/www.anovapeneira.gal\\\/index.php\\\/2023\\\/03\\\/22\\\/xurxo-pardo-candidato-do-bng-a-alcaldia-de-pazos-de-borben\\\/#primaryimage\"},\"image\":{\"@id\":\"https:\\\/\\\/www.anovapeneira.gal\\\/index.php\\\/2023\\\/03\\\/22\\\/xurxo-pardo-candidato-do-bng-a-alcaldia-de-pazos-de-borben\\\/#primaryimage\"},\"thumbnailUrl\":\"https:\\\/\\\/www.anovapeneira.gal\\\/wp-content\\\/uploads\\\/2023\\\/03\\\/xurxo_pardo.jpg\",\"datePublished\":\"2023-03-22T09:00:03+00:00\",\"description\":\"Xurxo \u00e9 un veci\u00f1o de Pazos, en concreto do barrio de Pousi\u00f1o .\u00c9 un home novo en idade , ten 33 anos, pero con moita experiencia no mundo da pol\u00edtica. El traballa como arquitecto t\u00e9cnico, o dese\u00f1o e o debuxo foron xa de neno a s\u00faa vocaci\u00f3n\",\"breadcrumb\":{\"@id\":\"https:\\\/\\\/www.anovapeneira.gal\\\/index.php\\\/2023\\\/03\\\/22\\\/xurxo-pardo-candidato-do-bng-a-alcaldia-de-pazos-de-borben\\\/#breadcrumb\"},\"inLanguage\":\"gl-ES\",\"potentialAction\":[{\"@type\":\"ReadAction\",\"target\":[\"https:\\\/\\\/www.anovapeneira.gal\\\/index.php\\\/2023\\\/03\\\/22\\\/xurxo-pardo-candidato-do-bng-a-alcaldia-de-pazos-de-borben\\\/\"]}]},{\"@type\":\"ImageObject\",\"inLanguage\":\"gl-ES\",\"@id\":\"https:\\\/\\\/www.anovapeneira.gal\\\/index.php\\\/2023\\\/03\\\/22\\\/xurxo-pardo-candidato-do-bng-a-alcaldia-de-pazos-de-borben\\\/#primaryimage\",\"url\":\"https:\\\/\\\/www.anovapeneira.gal\\\/wp-content\\\/uploads\\\/2023\\\/03\\\/xurxo_pardo.jpg\",\"contentUrl\":\"https:\\\/\\\/www.anovapeneira.gal\\\/wp-content\\\/uploads\\\/2023\\\/03\\\/xurxo_pardo.jpg\",\"width\":720,\"height\":432,\"caption\":\"Xurxo Pardo BNG Pazos de Borb\u00e9n\"},{\"@type\":\"BreadcrumbList\",\"@id\":\"https:\\\/\\\/www.anovapeneira.gal\\\/index.php\\\/2023\\\/03\\\/22\\\/xurxo-pardo-candidato-do-bng-a-alcaldia-de-pazos-de-borben\\\/#breadcrumb\",\"itemListElement\":[{\"@type\":\"ListItem\",\"position\":1,\"name\":\"Portada\",\"item\":\"https:\\\/\\\/www.anovapeneira.gal\\\/\"},{\"@type\":\"ListItem\",\"position\":2,\"name\":\"Xurxo Pardo candidato do BNG \u00e1 alcald\u00eda de Pazos de Borb\u00e9n\"}]},{\"@type\":\"WebSite\",\"@id\":\"https:\\\/\\\/www.anovapeneira.gal\\\/#website\",\"url\":\"https:\\\/\\\/www.anovapeneira.gal\\\/\",\"name\":\"\",\"description\":\"Xornal galego de informaci\u00f3n xeral Publicaci\u00f3n mensual de novas de Galicia e en especial dos Concellos da sur da provincia de Pontevedra.\",\"publisher\":{\"@id\":\"https:\\\/\\\/www.anovapeneira.gal\\\/#organization\"},\"potentialAction\":[{\"@type\":\"SearchAction\",\"target\":{\"@type\":\"EntryPoint\",\"urlTemplate\":\"https:\\\/\\\/www.anovapeneira.gal\\\/?s={search_term_string}\"},\"query-input\":{\"@type\":\"PropertyValueSpecification\",\"valueRequired\":true,\"valueName\":\"search_term_string\"}}],\"inLanguage\":\"gl-ES\"},{\"@type\":\"Organization\",\"@id\":\"https:\\\/\\\/www.anovapeneira.gal\\\/#organization\",\"name\":\"A Nova Peneira\",\"url\":\"https:\\\/\\\/www.anovapeneira.gal\\\/\",\"logo\":{\"@type\":\"ImageObject\",\"inLanguage\":\"gl-ES\",\"@id\":\"https:\\\/\\\/www.anovapeneira.gal\\\/#\\\/schema\\\/logo\\\/image\\\/\",\"url\":\"http:\\\/\\\/www.anovapeneira.gal\\\/wp-content\\\/uploads\\\/2019\\\/06\\\/logo_a_nova_peneira_portal_web.png\",\"contentUrl\":\"http:\\\/\\\/www.anovapeneira.gal\\\/wp-content\\\/uploads\\\/2019\\\/06\\\/logo_a_nova_peneira_portal_web.png\",\"width\":300,\"height\":100,\"caption\":\"A Nova Peneira\"},\"image\":{\"@id\":\"https:\\\/\\\/www.anovapeneira.gal\\\/#\\\/schema\\\/logo\\\/image\\\/\"},\"sameAs\":[\"https:\\\/\\\/www.facebook.com\\\/anovapeneira\",\"https:\\\/\\\/x.com\\\/APeneira\"]},{\"@type\":\"Person\",\"@id\":\"https:\\\/\\\/www.anovapeneira.gal\\\/#\\\/schema\\\/person\\\/b93e3f8932e3f8da96334607eb6ac6aa\",\"name\":\"Redacci\u00f3n A Nova Peneira\",\"image\":{\"@type\":\"ImageObject\",\"inLanguage\":\"gl-ES\",\"@id\":\"https:\\\/\\\/secure.gravatar.com\\\/avatar\\\/c052a2551a06e23fac63626232eaa90abd78dbcf1700fc46a2b2c89fd27b735f?s=96&d=mm&r=g\",\"url\":\"https:\\\/\\\/secure.gravatar.com\\\/avatar\\\/c052a2551a06e23fac63626232eaa90abd78dbcf1700fc46a2b2c89fd27b735f?s=96&d=mm&r=g\",\"contentUrl\":\"https:\\\/\\\/secure.gravatar.com\\\/avatar\\\/c052a2551a06e23fac63626232eaa90abd78dbcf1700fc46a2b2c89fd27b735f?s=96&d=mm&r=g\",\"caption\":\"Redacci\u00f3n A Nova Peneira\"},\"sameAs\":[\"http:\\\/\\\/www.anovapeneira.gal\\\/\"],\"url\":\"https:\\\/\\\/www.anovapeneira.gal\\\/index.php\\\/author\\\/redactor\\\/\"}]}<\/script>\n<!-- \/ Yoast SEO plugin. -->","yoast_head_json":{"title":"Xurxo Pardo candidato do BNG \u00e1 alcald\u00eda de Pazos de Borb\u00e9n -","description":"Xurxo \u00e9 un veci\u00f1o de Pazos, en concreto do barrio de Pousi\u00f1o .\u00c9 un home novo en idade , ten 33 anos, pero con moita experiencia no mundo da pol\u00edtica. El traballa como arquitecto t\u00e9cnico, o dese\u00f1o e o debuxo foron xa de neno a s\u00faa vocaci\u00f3n","robots":{"index":"index","follow":"follow","max-snippet":"max-snippet:-1","max-image-preview":"max-image-preview:large","max-video-preview":"max-video-preview:-1"},"canonical":"https:\/\/www.anovapeneira.gal\/index.php\/2023\/03\/22\/xurxo-pardo-candidato-do-bng-a-alcaldia-de-pazos-de-borben\/","og_locale":"gl_ES","og_type":"article","og_title":"Xurxo Pardo candidato do BNG \u00e1 alcald\u00eda de Pazos de Borb\u00e9n -","og_description":"Xurxo \u00e9 un veci\u00f1o de Pazos, en concreto do barrio de Pousi\u00f1o .\u00c9 un home novo en idade , ten 33 anos, pero con moita experiencia no mundo da pol\u00edtica. El traballa como arquitecto t\u00e9cnico, o dese\u00f1o e o debuxo foron xa de neno a s\u00faa vocaci\u00f3n","og_url":"https:\/\/www.anovapeneira.gal\/index.php\/2023\/03\/22\/xurxo-pardo-candidato-do-bng-a-alcaldia-de-pazos-de-borben\/","article_publisher":"https:\/\/www.facebook.com\/anovapeneira","article_published_time":"2023-03-22T09:00:03+00:00","og_image":[{"width":720,"height":432,"url":"https:\/\/www.anovapeneira.gal\/wp-content\/uploads\/2023\/03\/xurxo_pardo.jpg","type":"image\/jpeg"}],"author":"Redacci\u00f3n A Nova Peneira","twitter_card":"summary_large_image","twitter_creator":"@APeneira","twitter_site":"@APeneira","twitter_misc":{"Escrito por":"Redacci\u00f3n A Nova Peneira","Tempo de lectura":"6 minutos"},"schema":{"@context":"https:\/\/schema.org","@graph":[{"@type":"Article","@id":"https:\/\/www.anovapeneira.gal\/index.php\/2023\/03\/22\/xurxo-pardo-candidato-do-bng-a-alcaldia-de-pazos-de-borben\/#article","isPartOf":{"@id":"https:\/\/www.anovapeneira.gal\/index.php\/2023\/03\/22\/xurxo-pardo-candidato-do-bng-a-alcaldia-de-pazos-de-borben\/"},"author":{"name":"Redacci\u00f3n A Nova Peneira","@id":"https:\/\/www.anovapeneira.gal\/#\/schema\/person\/b93e3f8932e3f8da96334607eb6ac6aa"},"headline":"Xurxo Pardo candidato do BNG \u00e1 alcald\u00eda de Pazos de Borb\u00e9n","datePublished":"2023-03-22T09:00:03+00:00","mainEntityOfPage":{"@id":"https:\/\/www.anovapeneira.gal\/index.php\/2023\/03\/22\/xurxo-pardo-candidato-do-bng-a-alcaldia-de-pazos-de-borben\/"},"wordCount":1153,"commentCount":0,"publisher":{"@id":"https:\/\/www.anovapeneira.gal\/#organization"},"image":{"@id":"https:\/\/www.anovapeneira.gal\/index.php\/2023\/03\/22\/xurxo-pardo-candidato-do-bng-a-alcaldia-de-pazos-de-borben\/#primaryimage"},"thumbnailUrl":"https:\/\/www.anovapeneira.gal\/wp-content\/uploads\/2023\/03\/xurxo_pardo.jpg","keywords":["Concello de Pazos de Borb\u00e9n"],"articleSection":["Redondela"],"inLanguage":"gl-ES","potentialAction":[{"@type":"CommentAction","name":"Comment","target":["https:\/\/www.anovapeneira.gal\/index.php\/2023\/03\/22\/xurxo-pardo-candidato-do-bng-a-alcaldia-de-pazos-de-borben\/#respond"]}]},{"@type":"WebPage","@id":"https:\/\/www.anovapeneira.gal\/index.php\/2023\/03\/22\/xurxo-pardo-candidato-do-bng-a-alcaldia-de-pazos-de-borben\/","url":"https:\/\/www.anovapeneira.gal\/index.php\/2023\/03\/22\/xurxo-pardo-candidato-do-bng-a-alcaldia-de-pazos-de-borben\/","name":"Xurxo Pardo candidato do BNG \u00e1 alcald\u00eda de Pazos de Borb\u00e9n -","isPartOf":{"@id":"https:\/\/www.anovapeneira.gal\/#website"},"primaryImageOfPage":{"@id":"https:\/\/www.anovapeneira.gal\/index.php\/2023\/03\/22\/xurxo-pardo-candidato-do-bng-a-alcaldia-de-pazos-de-borben\/#primaryimage"},"image":{"@id":"https:\/\/www.anovapeneira.gal\/index.php\/2023\/03\/22\/xurxo-pardo-candidato-do-bng-a-alcaldia-de-pazos-de-borben\/#primaryimage"},"thumbnailUrl":"https:\/\/www.anovapeneira.gal\/wp-content\/uploads\/2023\/03\/xurxo_pardo.jpg","datePublished":"2023-03-22T09:00:03+00:00","description":"Xurxo \u00e9 un veci\u00f1o de Pazos, en concreto do barrio de Pousi\u00f1o .\u00c9 un home novo en idade , ten 33 anos, pero con moita experiencia no mundo da pol\u00edtica. El traballa como arquitecto t\u00e9cnico, o dese\u00f1o e o debuxo foron xa de neno a s\u00faa vocaci\u00f3n","breadcrumb":{"@id":"https:\/\/www.anovapeneira.gal\/index.php\/2023\/03\/22\/xurxo-pardo-candidato-do-bng-a-alcaldia-de-pazos-de-borben\/#breadcrumb"},"inLanguage":"gl-ES","potentialAction":[{"@type":"ReadAction","target":["https:\/\/www.anovapeneira.gal\/index.php\/2023\/03\/22\/xurxo-pardo-candidato-do-bng-a-alcaldia-de-pazos-de-borben\/"]}]},{"@type":"ImageObject","inLanguage":"gl-ES","@id":"https:\/\/www.anovapeneira.gal\/index.php\/2023\/03\/22\/xurxo-pardo-candidato-do-bng-a-alcaldia-de-pazos-de-borben\/#primaryimage","url":"https:\/\/www.anovapeneira.gal\/wp-content\/uploads\/2023\/03\/xurxo_pardo.jpg","contentUrl":"https:\/\/www.anovapeneira.gal\/wp-content\/uploads\/2023\/03\/xurxo_pardo.jpg","width":720,"height":432,"caption":"Xurxo Pardo BNG Pazos de Borb\u00e9n"},{"@type":"BreadcrumbList","@id":"https:\/\/www.anovapeneira.gal\/index.php\/2023\/03\/22\/xurxo-pardo-candidato-do-bng-a-alcaldia-de-pazos-de-borben\/#breadcrumb","itemListElement":[{"@type":"ListItem","position":1,"name":"Portada","item":"https:\/\/www.anovapeneira.gal\/"},{"@type":"ListItem","position":2,"name":"Xurxo Pardo candidato do BNG \u00e1 alcald\u00eda de Pazos de Borb\u00e9n"}]},{"@type":"WebSite","@id":"https:\/\/www.anovapeneira.gal\/#website","url":"https:\/\/www.anovapeneira.gal\/","name":"","description":"Xornal galego de informaci\u00f3n xeral Publicaci\u00f3n mensual de novas de Galicia e en especial dos Concellos da sur da provincia de Pontevedra.","publisher":{"@id":"https:\/\/www.anovapeneira.gal\/#organization"},"potentialAction":[{"@type":"SearchAction","target":{"@type":"EntryPoint","urlTemplate":"https:\/\/www.anovapeneira.gal\/?s={search_term_string}"},"query-input":{"@type":"PropertyValueSpecification","valueRequired":true,"valueName":"search_term_string"}}],"inLanguage":"gl-ES"},{"@type":"Organization","@id":"https:\/\/www.anovapeneira.gal\/#organization","name":"A Nova Peneira","url":"https:\/\/www.anovapeneira.gal\/","logo":{"@type":"ImageObject","inLanguage":"gl-ES","@id":"https:\/\/www.anovapeneira.gal\/#\/schema\/logo\/image\/","url":"http:\/\/www.anovapeneira.gal\/wp-content\/uploads\/2019\/06\/logo_a_nova_peneira_portal_web.png","contentUrl":"http:\/\/www.anovapeneira.gal\/wp-content\/uploads\/2019\/06\/logo_a_nova_peneira_portal_web.png","width":300,"height":100,"caption":"A Nova Peneira"},"image":{"@id":"https:\/\/www.anovapeneira.gal\/#\/schema\/logo\/image\/"},"sameAs":["https:\/\/www.facebook.com\/anovapeneira","https:\/\/x.com\/APeneira"]},{"@type":"Person","@id":"https:\/\/www.anovapeneira.gal\/#\/schema\/person\/b93e3f8932e3f8da96334607eb6ac6aa","name":"Redacci\u00f3n A Nova Peneira","image":{"@type":"ImageObject","inLanguage":"gl-ES","@id":"https:\/\/secure.gravatar.com\/avatar\/c052a2551a06e23fac63626232eaa90abd78dbcf1700fc46a2b2c89fd27b735f?s=96&d=mm&r=g","url":"https:\/\/secure.gravatar.com\/avatar\/c052a2551a06e23fac63626232eaa90abd78dbcf1700fc46a2b2c89fd27b735f?s=96&d=mm&r=g","contentUrl":"https:\/\/secure.gravatar.com\/avatar\/c052a2551a06e23fac63626232eaa90abd78dbcf1700fc46a2b2c89fd27b735f?s=96&d=mm&r=g","caption":"Redacci\u00f3n A Nova Peneira"},"sameAs":["http:\/\/www.anovapeneira.gal\/"],"url":"https:\/\/www.anovapeneira.gal\/index.php\/author\/redactor\/"}]}},"jetpack_featured_media_url":"https:\/\/www.anovapeneira.gal\/wp-content\/uploads\/2023\/03\/xurxo_pardo.jpg","_links":{"self":[{"href":"https:\/\/www.anovapeneira.gal\/index.php\/wp-json\/wp\/v2\/posts\/9321","targetHints":{"allow":["GET"]}}],"collection":[{"href":"https:\/\/www.anovapeneira.gal\/index.php\/wp-json\/wp\/v2\/posts"}],"about":[{"href":"https:\/\/www.anovapeneira.gal\/index.php\/wp-json\/wp\/v2\/types\/post"}],"author":[{"embeddable":true,"href":"https:\/\/www.anovapeneira.gal\/index.php\/wp-json\/wp\/v2\/users\/3"}],"replies":[{"embeddable":true,"href":"https:\/\/www.anovapeneira.gal\/index.php\/wp-json\/wp\/v2\/comments?post=9321"}],"version-history":[{"count":2,"href":"https:\/\/www.anovapeneira.gal\/index.php\/wp-json\/wp\/v2\/posts\/9321\/revisions"}],"predecessor-version":[{"id":9324,"href":"https:\/\/www.anovapeneira.gal\/index.php\/wp-json\/wp\/v2\/posts\/9321\/revisions\/9324"}],"wp:featuredmedia":[{"embeddable":true,"href":"https:\/\/www.anovapeneira.gal\/index.php\/wp-json\/wp\/v2\/media\/9322"}],"wp:attachment":[{"href":"https:\/\/www.anovapeneira.gal\/index.php\/wp-json\/wp\/v2\/media?parent=9321"}],"wp:term":[{"taxonomy":"category","embeddable":true,"href":"https:\/\/www.anovapeneira.gal\/index.php\/wp-json\/wp\/v2\/categories?post=9321"},{"taxonomy":"post_tag","embeddable":true,"href":"https:\/\/www.anovapeneira.gal\/index.php\/wp-json\/wp\/v2\/tags?post=9321"}],"curies":[{"name":"wp","href":"https:\/\/api.w.org\/{rel}","templated":true}]}}