{"id":9331,"date":"2023-03-23T10:00:01","date_gmt":"2023-03-23T09:00:01","guid":{"rendered":"https:\/\/www.anovapeneira.gal\/?p=9331"},"modified":"2023-03-20T20:35:17","modified_gmt":"2023-03-20T19:35:17","slug":"o-bng-pide-explicacions-polos-sobresoldos-a-familiares-e-militantes-do-pp-de-mos","status":"publish","type":"post","link":"https:\/\/www.anovapeneira.gal\/index.php\/2023\/03\/23\/o-bng-pide-explicacions-polos-sobresoldos-a-familiares-e-militantes-do-pp-de-mos\/","title":{"rendered":"O BNG pide explicaci\u00f3ns polos sobresoldos a familiares e militantes do PP de Mos"},"content":{"rendered":"\n<h2 class=\"wp-block-heading\">O irm\u00e1n dun concelleiro percibiu en 2022, a trav\u00e9s de decretos da Alcald\u00eda, m\u00e1is de 6.500 euros en concepto de \u201cprodutividade\u201d. <\/h2>\n\n\n\n<h2 class=\"wp-block-heading\">Gustavo Barcia considera \u201csospeitoso\u201d que as retribuci\u00f3ns extraordinarias adoiten repartirse entre persoas pr\u00f3ximas ao Partido Popular.<\/h2>\n\n\n\n<p><strong>Mos, 15 de marzo de 2023. <\/strong><\/p>\n\n\n\n<p>As contas do Concello de Mos do ano 2022 recollen unha serie de pagos a empregados e empregadas municipais que o portavoz do BNG, Gustavo Barcia, cualifica como \u201csospeitosos\u201d. Baixo o ep\u00edgrafe de \u201ccomplementos de produtividade\u201d, a Alcald\u00eda pode conceder mensualmente suplementos salariais \u00e1s persoas que desenvolveran unha actividade de car\u00e1cter extraordinario. Este tipo de remuneraci\u00f3ns est\u00e1n recollida na Lei do Emprego P\u00fablico de Galiza, pero en Mos, tal como denuncia Barcia, \u201cos sobresoldos municipais adoitan repartirse de maneira inxustificada entre membros da executiva local do Partido Popular e familiares directos do equipo de goberno\u201d.<\/p>\n\n\n\n<p>O Concello de Mos conta actualmente con preto de 90 traballadores e traballadoras, pero apenas 17 cobraron algunha produtividade no \u00faltimo ano. S\u00f3 seis destas persoas percibiron m\u00e1is de 2.000 euros e entre elas, destaca con moita diferencia un funcionario do departamento de V\u00edas e Obras que \u00e9, ademais, irm\u00e1n dun concelleiro do PP. A alcaldesa asignoulle a este traballador, por decreto, importantes sobresoldos nos meses de xaneiro, xullo, agosto e setembro que suman, no seu conxunto, 6.533,85 euros. Esta mesma persoa foi tam\u00e9n a segunda que m\u00e1is produtividades cobrou en 2021, sempre en base a xustificaci\u00f3ns xen\u00e9ricas referidas a que \u201cdesempe\u00f1ou o seu traballo con actividade extraordinaria\u201d ou ao seu \u201cespecial interese e rendemento\u201d.<\/p>\n\n\n\n<p>Nepotismo<\/p>\n\n\n\n<p>Gustavo Barcia advirte de que, \u201ca\u00ednda que estas produtividades son formalmente legais, eticamente son m\u00e1is que cuestionables\u201d. Cre, ademais, que \u201cestamos ante un posible caso de nepotismo, onde a alcald\u00eda est\u00e1 a favorecer claramente a un familiar directo dun membro do equipo de Goberno\u201d. Por este motivo, considera que \u201ctanto Nidia Ar\u00e9valo como o concelleiro aludido deben ofrecer explicaci\u00f3ns sobre este desembolso arbitrario de di\u00f1eiro p\u00fablico e, se non son capaces de xustificalo, deber\u00edan asumir responsabilidades\u201d. Na s\u00faa opini\u00f3n, \u201cresulta curioso que apenas uns poucos traballadores municipais sexan merecedores de produtividades e m\u00e1is a\u00ednda, que na maior parte dos casos ocupen postos designados a dedo ou estean directamente relacionados co PP de Mos\u201d. Considera que estamos ante \u201cun novo exemplo do uso das instituci\u00f3ns para beneficio propio\u201d por parte do partido no goberno.<\/p>\n","protected":false},"excerpt":{"rendered":"<div class=\"mh-excerpt\"><p>O irm\u00e1n dun concelleiro percibiu en 2022, a trav\u00e9s de decretos da Alcald\u00eda, m\u00e1is de 6.500 euros en concepto de \u201cprodutividade\u201d. <a class=\"mh-excerpt-more\" href=\"https:\/\/www.anovapeneira.gal\/index.php\/2023\/03\/23\/o-bng-pide-explicacions-polos-sobresoldos-a-familiares-e-militantes-do-pp-de-mos\/\" title=\"O BNG pide explicaci\u00f3ns polos sobresoldos a familiares e militantes do PP de Mos\">[&#8230;]<\/a><\/p>\n<\/div>","protected":false},"author":3,"featured_media":9333,"comment_status":"open","ping_status":"open","sticky":false,"template":"","format":"standard","meta":{"_exactmetrics_skip_tracking":false,"_exactmetrics_sitenote_active":false,"_exactmetrics_sitenote_note":"","_exactmetrics_sitenote_category":0,"footnotes":""},"categories":[23],"tags":[218],"class_list":{"0":"post-9331","1":"post","2":"type-post","3":"status-publish","4":"format-standard","5":"has-post-thumbnail","7":"category-a-lourina","8":"tag-concello-de-mos"},"yoast_head":"<!-- This site is optimized with the Yoast SEO plugin v27.4 - https:\/\/yoast.com\/product\/yoast-seo-wordpress\/ -->\n<title>O BNG pide explicaci\u00f3ns polos sobresoldos a familiares e militantes do PP de Mos -<\/title>\n<meta name=\"description\" content=\"O irm\u00e1n dun concelleiro percibiu en 2022, a trav\u00e9s de decretos da Alcald\u00eda, m\u00e1is de 6.500 euros en concepto de \u201cprodutividade\u201d.\" \/>\n<meta name=\"robots\" content=\"index, follow, max-snippet:-1, max-image-preview:large, max-video-preview:-1\" \/>\n<link rel=\"canonical\" href=\"https:\/\/www.anovapeneira.gal\/index.php\/2023\/03\/23\/o-bng-pide-explicacions-polos-sobresoldos-a-familiares-e-militantes-do-pp-de-mos\/\" \/>\n<meta property=\"og:locale\" content=\"gl_ES\" \/>\n<meta property=\"og:type\" content=\"article\" \/>\n<meta property=\"og:title\" content=\"O BNG pide explicaci\u00f3ns polos sobresoldos a familiares e militantes do PP de Mos -\" \/>\n<meta property=\"og:description\" content=\"O irm\u00e1n dun concelleiro percibiu en 2022, a trav\u00e9s de decretos da Alcald\u00eda, m\u00e1is de 6.500 euros en concepto de \u201cprodutividade\u201d.\" \/>\n<meta property=\"og:url\" content=\"https:\/\/www.anovapeneira.gal\/index.php\/2023\/03\/23\/o-bng-pide-explicacions-polos-sobresoldos-a-familiares-e-militantes-do-pp-de-mos\/\" \/>\n<meta property=\"article:publisher\" content=\"https:\/\/www.facebook.com\/anovapeneira\" \/>\n<meta property=\"article:published_time\" content=\"2023-03-23T09:00:01+00:00\" \/>\n<meta property=\"og:image\" content=\"https:\/\/www.anovapeneira.gal\/wp-content\/uploads\/2023\/03\/gustavo_barcia_concello_mos.jpg\" \/>\n\t<meta property=\"og:image:width\" content=\"720\" \/>\n\t<meta property=\"og:image:height\" content=\"432\" \/>\n\t<meta property=\"og:image:type\" content=\"image\/jpeg\" \/>\n<meta name=\"author\" content=\"Redacci\u00f3n A Nova Peneira\" \/>\n<meta name=\"twitter:card\" content=\"summary_large_image\" \/>\n<meta name=\"twitter:creator\" content=\"@APeneira\" \/>\n<meta name=\"twitter:site\" content=\"@APeneira\" \/>\n<meta name=\"twitter:label1\" content=\"Escrito por\" \/>\n\t<meta name=\"twitter:data1\" content=\"Redacci\u00f3n A Nova Peneira\" \/>\n\t<meta name=\"twitter:label2\" content=\"Tempo de lectura\" \/>\n\t<meta name=\"twitter:data2\" content=\"3 minutos\" \/>\n<script type=\"application\/ld+json\" class=\"yoast-schema-graph\">{\"@context\":\"https:\\\/\\\/schema.org\",\"@graph\":[{\"@type\":\"Article\",\"@id\":\"https:\\\/\\\/www.anovapeneira.gal\\\/index.php\\\/2023\\\/03\\\/23\\\/o-bng-pide-explicacions-polos-sobresoldos-a-familiares-e-militantes-do-pp-de-mos\\\/#article\",\"isPartOf\":{\"@id\":\"https:\\\/\\\/www.anovapeneira.gal\\\/index.php\\\/2023\\\/03\\\/23\\\/o-bng-pide-explicacions-polos-sobresoldos-a-familiares-e-militantes-do-pp-de-mos\\\/\"},\"author\":{\"name\":\"Redacci\u00f3n A Nova Peneira\",\"@id\":\"https:\\\/\\\/www.anovapeneira.gal\\\/#\\\/schema\\\/person\\\/b93e3f8932e3f8da96334607eb6ac6aa\"},\"headline\":\"O BNG pide explicaci\u00f3ns polos sobresoldos a familiares e militantes do PP de Mos\",\"datePublished\":\"2023-03-23T09:00:01+00:00\",\"mainEntityOfPage\":{\"@id\":\"https:\\\/\\\/www.anovapeneira.gal\\\/index.php\\\/2023\\\/03\\\/23\\\/o-bng-pide-explicacions-polos-sobresoldos-a-familiares-e-militantes-do-pp-de-mos\\\/\"},\"wordCount\":424,\"commentCount\":0,\"publisher\":{\"@id\":\"https:\\\/\\\/www.anovapeneira.gal\\\/#organization\"},\"image\":{\"@id\":\"https:\\\/\\\/www.anovapeneira.gal\\\/index.php\\\/2023\\\/03\\\/23\\\/o-bng-pide-explicacions-polos-sobresoldos-a-familiares-e-militantes-do-pp-de-mos\\\/#primaryimage\"},\"thumbnailUrl\":\"https:\\\/\\\/www.anovapeneira.gal\\\/wp-content\\\/uploads\\\/2023\\\/03\\\/gustavo_barcia_concello_mos.jpg\",\"keywords\":[\"Concello de Mos\"],\"articleSection\":[\"A Louri\u00f1a\"],\"inLanguage\":\"gl-ES\",\"potentialAction\":[{\"@type\":\"CommentAction\",\"name\":\"Comment\",\"target\":[\"https:\\\/\\\/www.anovapeneira.gal\\\/index.php\\\/2023\\\/03\\\/23\\\/o-bng-pide-explicacions-polos-sobresoldos-a-familiares-e-militantes-do-pp-de-mos\\\/#respond\"]}]},{\"@type\":\"WebPage\",\"@id\":\"https:\\\/\\\/www.anovapeneira.gal\\\/index.php\\\/2023\\\/03\\\/23\\\/o-bng-pide-explicacions-polos-sobresoldos-a-familiares-e-militantes-do-pp-de-mos\\\/\",\"url\":\"https:\\\/\\\/www.anovapeneira.gal\\\/index.php\\\/2023\\\/03\\\/23\\\/o-bng-pide-explicacions-polos-sobresoldos-a-familiares-e-militantes-do-pp-de-mos\\\/\",\"name\":\"O BNG pide explicaci\u00f3ns polos sobresoldos a familiares e militantes do PP de Mos -\",\"isPartOf\":{\"@id\":\"https:\\\/\\\/www.anovapeneira.gal\\\/#website\"},\"primaryImageOfPage\":{\"@id\":\"https:\\\/\\\/www.anovapeneira.gal\\\/index.php\\\/2023\\\/03\\\/23\\\/o-bng-pide-explicacions-polos-sobresoldos-a-familiares-e-militantes-do-pp-de-mos\\\/#primaryimage\"},\"image\":{\"@id\":\"https:\\\/\\\/www.anovapeneira.gal\\\/index.php\\\/2023\\\/03\\\/23\\\/o-bng-pide-explicacions-polos-sobresoldos-a-familiares-e-militantes-do-pp-de-mos\\\/#primaryimage\"},\"thumbnailUrl\":\"https:\\\/\\\/www.anovapeneira.gal\\\/wp-content\\\/uploads\\\/2023\\\/03\\\/gustavo_barcia_concello_mos.jpg\",\"datePublished\":\"2023-03-23T09:00:01+00:00\",\"description\":\"O irm\u00e1n dun concelleiro percibiu en 2022, a trav\u00e9s de decretos da Alcald\u00eda, m\u00e1is de 6.500 euros en concepto de \u201cprodutividade\u201d.\",\"breadcrumb\":{\"@id\":\"https:\\\/\\\/www.anovapeneira.gal\\\/index.php\\\/2023\\\/03\\\/23\\\/o-bng-pide-explicacions-polos-sobresoldos-a-familiares-e-militantes-do-pp-de-mos\\\/#breadcrumb\"},\"inLanguage\":\"gl-ES\",\"potentialAction\":[{\"@type\":\"ReadAction\",\"target\":[\"https:\\\/\\\/www.anovapeneira.gal\\\/index.php\\\/2023\\\/03\\\/23\\\/o-bng-pide-explicacions-polos-sobresoldos-a-familiares-e-militantes-do-pp-de-mos\\\/\"]}]},{\"@type\":\"ImageObject\",\"inLanguage\":\"gl-ES\",\"@id\":\"https:\\\/\\\/www.anovapeneira.gal\\\/index.php\\\/2023\\\/03\\\/23\\\/o-bng-pide-explicacions-polos-sobresoldos-a-familiares-e-militantes-do-pp-de-mos\\\/#primaryimage\",\"url\":\"https:\\\/\\\/www.anovapeneira.gal\\\/wp-content\\\/uploads\\\/2023\\\/03\\\/gustavo_barcia_concello_mos.jpg\",\"contentUrl\":\"https:\\\/\\\/www.anovapeneira.gal\\\/wp-content\\\/uploads\\\/2023\\\/03\\\/gustavo_barcia_concello_mos.jpg\",\"width\":720,\"height\":432,\"caption\":\"Gustavo Barcia BNG Mos\"},{\"@type\":\"BreadcrumbList\",\"@id\":\"https:\\\/\\\/www.anovapeneira.gal\\\/index.php\\\/2023\\\/03\\\/23\\\/o-bng-pide-explicacions-polos-sobresoldos-a-familiares-e-militantes-do-pp-de-mos\\\/#breadcrumb\",\"itemListElement\":[{\"@type\":\"ListItem\",\"position\":1,\"name\":\"Portada\",\"item\":\"https:\\\/\\\/www.anovapeneira.gal\\\/\"},{\"@type\":\"ListItem\",\"position\":2,\"name\":\"O BNG pide explicaci\u00f3ns polos sobresoldos a familiares e militantes do PP de Mos\"}]},{\"@type\":\"WebSite\",\"@id\":\"https:\\\/\\\/www.anovapeneira.gal\\\/#website\",\"url\":\"https:\\\/\\\/www.anovapeneira.gal\\\/\",\"name\":\"\",\"description\":\"Xornal galego de informaci\u00f3n xeral Publicaci\u00f3n mensual de novas de Galicia e en especial dos Concellos da sur da provincia de Pontevedra.\",\"publisher\":{\"@id\":\"https:\\\/\\\/www.anovapeneira.gal\\\/#organization\"},\"potentialAction\":[{\"@type\":\"SearchAction\",\"target\":{\"@type\":\"EntryPoint\",\"urlTemplate\":\"https:\\\/\\\/www.anovapeneira.gal\\\/?s={search_term_string}\"},\"query-input\":{\"@type\":\"PropertyValueSpecification\",\"valueRequired\":true,\"valueName\":\"search_term_string\"}}],\"inLanguage\":\"gl-ES\"},{\"@type\":\"Organization\",\"@id\":\"https:\\\/\\\/www.anovapeneira.gal\\\/#organization\",\"name\":\"A Nova Peneira\",\"url\":\"https:\\\/\\\/www.anovapeneira.gal\\\/\",\"logo\":{\"@type\":\"ImageObject\",\"inLanguage\":\"gl-ES\",\"@id\":\"https:\\\/\\\/www.anovapeneira.gal\\\/#\\\/schema\\\/logo\\\/image\\\/\",\"url\":\"http:\\\/\\\/www.anovapeneira.gal\\\/wp-content\\\/uploads\\\/2019\\\/06\\\/logo_a_nova_peneira_portal_web.png\",\"contentUrl\":\"http:\\\/\\\/www.anovapeneira.gal\\\/wp-content\\\/uploads\\\/2019\\\/06\\\/logo_a_nova_peneira_portal_web.png\",\"width\":300,\"height\":100,\"caption\":\"A Nova Peneira\"},\"image\":{\"@id\":\"https:\\\/\\\/www.anovapeneira.gal\\\/#\\\/schema\\\/logo\\\/image\\\/\"},\"sameAs\":[\"https:\\\/\\\/www.facebook.com\\\/anovapeneira\",\"https:\\\/\\\/x.com\\\/APeneira\"]},{\"@type\":\"Person\",\"@id\":\"https:\\\/\\\/www.anovapeneira.gal\\\/#\\\/schema\\\/person\\\/b93e3f8932e3f8da96334607eb6ac6aa\",\"name\":\"Redacci\u00f3n A Nova Peneira\",\"image\":{\"@type\":\"ImageObject\",\"inLanguage\":\"gl-ES\",\"@id\":\"https:\\\/\\\/secure.gravatar.com\\\/avatar\\\/c052a2551a06e23fac63626232eaa90abd78dbcf1700fc46a2b2c89fd27b735f?s=96&d=mm&r=g\",\"url\":\"https:\\\/\\\/secure.gravatar.com\\\/avatar\\\/c052a2551a06e23fac63626232eaa90abd78dbcf1700fc46a2b2c89fd27b735f?s=96&d=mm&r=g\",\"contentUrl\":\"https:\\\/\\\/secure.gravatar.com\\\/avatar\\\/c052a2551a06e23fac63626232eaa90abd78dbcf1700fc46a2b2c89fd27b735f?s=96&d=mm&r=g\",\"caption\":\"Redacci\u00f3n A Nova Peneira\"},\"sameAs\":[\"http:\\\/\\\/www.anovapeneira.gal\\\/\"],\"url\":\"https:\\\/\\\/www.anovapeneira.gal\\\/index.php\\\/author\\\/redactor\\\/\"}]}<\/script>\n<!-- \/ Yoast SEO plugin. -->","yoast_head_json":{"title":"O BNG pide explicaci\u00f3ns polos sobresoldos a familiares e militantes do PP de Mos -","description":"O irm\u00e1n dun concelleiro percibiu en 2022, a trav\u00e9s de decretos da Alcald\u00eda, m\u00e1is de 6.500 euros en concepto de \u201cprodutividade\u201d.","robots":{"index":"index","follow":"follow","max-snippet":"max-snippet:-1","max-image-preview":"max-image-preview:large","max-video-preview":"max-video-preview:-1"},"canonical":"https:\/\/www.anovapeneira.gal\/index.php\/2023\/03\/23\/o-bng-pide-explicacions-polos-sobresoldos-a-familiares-e-militantes-do-pp-de-mos\/","og_locale":"gl_ES","og_type":"article","og_title":"O BNG pide explicaci\u00f3ns polos sobresoldos a familiares e militantes do PP de Mos -","og_description":"O irm\u00e1n dun concelleiro percibiu en 2022, a trav\u00e9s de decretos da Alcald\u00eda, m\u00e1is de 6.500 euros en concepto de \u201cprodutividade\u201d.","og_url":"https:\/\/www.anovapeneira.gal\/index.php\/2023\/03\/23\/o-bng-pide-explicacions-polos-sobresoldos-a-familiares-e-militantes-do-pp-de-mos\/","article_publisher":"https:\/\/www.facebook.com\/anovapeneira","article_published_time":"2023-03-23T09:00:01+00:00","og_image":[{"width":720,"height":432,"url":"https:\/\/www.anovapeneira.gal\/wp-content\/uploads\/2023\/03\/gustavo_barcia_concello_mos.jpg","type":"image\/jpeg"}],"author":"Redacci\u00f3n A Nova Peneira","twitter_card":"summary_large_image","twitter_creator":"@APeneira","twitter_site":"@APeneira","twitter_misc":{"Escrito por":"Redacci\u00f3n A Nova Peneira","Tempo de lectura":"3 minutos"},"schema":{"@context":"https:\/\/schema.org","@graph":[{"@type":"Article","@id":"https:\/\/www.anovapeneira.gal\/index.php\/2023\/03\/23\/o-bng-pide-explicacions-polos-sobresoldos-a-familiares-e-militantes-do-pp-de-mos\/#article","isPartOf":{"@id":"https:\/\/www.anovapeneira.gal\/index.php\/2023\/03\/23\/o-bng-pide-explicacions-polos-sobresoldos-a-familiares-e-militantes-do-pp-de-mos\/"},"author":{"name":"Redacci\u00f3n A Nova Peneira","@id":"https:\/\/www.anovapeneira.gal\/#\/schema\/person\/b93e3f8932e3f8da96334607eb6ac6aa"},"headline":"O BNG pide explicaci\u00f3ns polos sobresoldos a familiares e militantes do PP de Mos","datePublished":"2023-03-23T09:00:01+00:00","mainEntityOfPage":{"@id":"https:\/\/www.anovapeneira.gal\/index.php\/2023\/03\/23\/o-bng-pide-explicacions-polos-sobresoldos-a-familiares-e-militantes-do-pp-de-mos\/"},"wordCount":424,"commentCount":0,"publisher":{"@id":"https:\/\/www.anovapeneira.gal\/#organization"},"image":{"@id":"https:\/\/www.anovapeneira.gal\/index.php\/2023\/03\/23\/o-bng-pide-explicacions-polos-sobresoldos-a-familiares-e-militantes-do-pp-de-mos\/#primaryimage"},"thumbnailUrl":"https:\/\/www.anovapeneira.gal\/wp-content\/uploads\/2023\/03\/gustavo_barcia_concello_mos.jpg","keywords":["Concello de Mos"],"articleSection":["A Louri\u00f1a"],"inLanguage":"gl-ES","potentialAction":[{"@type":"CommentAction","name":"Comment","target":["https:\/\/www.anovapeneira.gal\/index.php\/2023\/03\/23\/o-bng-pide-explicacions-polos-sobresoldos-a-familiares-e-militantes-do-pp-de-mos\/#respond"]}]},{"@type":"WebPage","@id":"https:\/\/www.anovapeneira.gal\/index.php\/2023\/03\/23\/o-bng-pide-explicacions-polos-sobresoldos-a-familiares-e-militantes-do-pp-de-mos\/","url":"https:\/\/www.anovapeneira.gal\/index.php\/2023\/03\/23\/o-bng-pide-explicacions-polos-sobresoldos-a-familiares-e-militantes-do-pp-de-mos\/","name":"O BNG pide explicaci\u00f3ns polos sobresoldos a familiares e militantes do PP de Mos -","isPartOf":{"@id":"https:\/\/www.anovapeneira.gal\/#website"},"primaryImageOfPage":{"@id":"https:\/\/www.anovapeneira.gal\/index.php\/2023\/03\/23\/o-bng-pide-explicacions-polos-sobresoldos-a-familiares-e-militantes-do-pp-de-mos\/#primaryimage"},"image":{"@id":"https:\/\/www.anovapeneira.gal\/index.php\/2023\/03\/23\/o-bng-pide-explicacions-polos-sobresoldos-a-familiares-e-militantes-do-pp-de-mos\/#primaryimage"},"thumbnailUrl":"https:\/\/www.anovapeneira.gal\/wp-content\/uploads\/2023\/03\/gustavo_barcia_concello_mos.jpg","datePublished":"2023-03-23T09:00:01+00:00","description":"O irm\u00e1n dun concelleiro percibiu en 2022, a trav\u00e9s de decretos da Alcald\u00eda, m\u00e1is de 6.500 euros en concepto de \u201cprodutividade\u201d.","breadcrumb":{"@id":"https:\/\/www.anovapeneira.gal\/index.php\/2023\/03\/23\/o-bng-pide-explicacions-polos-sobresoldos-a-familiares-e-militantes-do-pp-de-mos\/#breadcrumb"},"inLanguage":"gl-ES","potentialAction":[{"@type":"ReadAction","target":["https:\/\/www.anovapeneira.gal\/index.php\/2023\/03\/23\/o-bng-pide-explicacions-polos-sobresoldos-a-familiares-e-militantes-do-pp-de-mos\/"]}]},{"@type":"ImageObject","inLanguage":"gl-ES","@id":"https:\/\/www.anovapeneira.gal\/index.php\/2023\/03\/23\/o-bng-pide-explicacions-polos-sobresoldos-a-familiares-e-militantes-do-pp-de-mos\/#primaryimage","url":"https:\/\/www.anovapeneira.gal\/wp-content\/uploads\/2023\/03\/gustavo_barcia_concello_mos.jpg","contentUrl":"https:\/\/www.anovapeneira.gal\/wp-content\/uploads\/2023\/03\/gustavo_barcia_concello_mos.jpg","width":720,"height":432,"caption":"Gustavo Barcia BNG Mos"},{"@type":"BreadcrumbList","@id":"https:\/\/www.anovapeneira.gal\/index.php\/2023\/03\/23\/o-bng-pide-explicacions-polos-sobresoldos-a-familiares-e-militantes-do-pp-de-mos\/#breadcrumb","itemListElement":[{"@type":"ListItem","position":1,"name":"Portada","item":"https:\/\/www.anovapeneira.gal\/"},{"@type":"ListItem","position":2,"name":"O BNG pide explicaci\u00f3ns polos sobresoldos a familiares e militantes do PP de Mos"}]},{"@type":"WebSite","@id":"https:\/\/www.anovapeneira.gal\/#website","url":"https:\/\/www.anovapeneira.gal\/","name":"","description":"Xornal galego de informaci\u00f3n xeral Publicaci\u00f3n mensual de novas de Galicia e en especial dos Concellos da sur da provincia de Pontevedra.","publisher":{"@id":"https:\/\/www.anovapeneira.gal\/#organization"},"potentialAction":[{"@type":"SearchAction","target":{"@type":"EntryPoint","urlTemplate":"https:\/\/www.anovapeneira.gal\/?s={search_term_string}"},"query-input":{"@type":"PropertyValueSpecification","valueRequired":true,"valueName":"search_term_string"}}],"inLanguage":"gl-ES"},{"@type":"Organization","@id":"https:\/\/www.anovapeneira.gal\/#organization","name":"A Nova Peneira","url":"https:\/\/www.anovapeneira.gal\/","logo":{"@type":"ImageObject","inLanguage":"gl-ES","@id":"https:\/\/www.anovapeneira.gal\/#\/schema\/logo\/image\/","url":"http:\/\/www.anovapeneira.gal\/wp-content\/uploads\/2019\/06\/logo_a_nova_peneira_portal_web.png","contentUrl":"http:\/\/www.anovapeneira.gal\/wp-content\/uploads\/2019\/06\/logo_a_nova_peneira_portal_web.png","width":300,"height":100,"caption":"A Nova Peneira"},"image":{"@id":"https:\/\/www.anovapeneira.gal\/#\/schema\/logo\/image\/"},"sameAs":["https:\/\/www.facebook.com\/anovapeneira","https:\/\/x.com\/APeneira"]},{"@type":"Person","@id":"https:\/\/www.anovapeneira.gal\/#\/schema\/person\/b93e3f8932e3f8da96334607eb6ac6aa","name":"Redacci\u00f3n A Nova Peneira","image":{"@type":"ImageObject","inLanguage":"gl-ES","@id":"https:\/\/secure.gravatar.com\/avatar\/c052a2551a06e23fac63626232eaa90abd78dbcf1700fc46a2b2c89fd27b735f?s=96&d=mm&r=g","url":"https:\/\/secure.gravatar.com\/avatar\/c052a2551a06e23fac63626232eaa90abd78dbcf1700fc46a2b2c89fd27b735f?s=96&d=mm&r=g","contentUrl":"https:\/\/secure.gravatar.com\/avatar\/c052a2551a06e23fac63626232eaa90abd78dbcf1700fc46a2b2c89fd27b735f?s=96&d=mm&r=g","caption":"Redacci\u00f3n A Nova Peneira"},"sameAs":["http:\/\/www.anovapeneira.gal\/"],"url":"https:\/\/www.anovapeneira.gal\/index.php\/author\/redactor\/"}]}},"jetpack_featured_media_url":"https:\/\/www.anovapeneira.gal\/wp-content\/uploads\/2023\/03\/gustavo_barcia_concello_mos.jpg","_links":{"self":[{"href":"https:\/\/www.anovapeneira.gal\/index.php\/wp-json\/wp\/v2\/posts\/9331","targetHints":{"allow":["GET"]}}],"collection":[{"href":"https:\/\/www.anovapeneira.gal\/index.php\/wp-json\/wp\/v2\/posts"}],"about":[{"href":"https:\/\/www.anovapeneira.gal\/index.php\/wp-json\/wp\/v2\/types\/post"}],"author":[{"embeddable":true,"href":"https:\/\/www.anovapeneira.gal\/index.php\/wp-json\/wp\/v2\/users\/3"}],"replies":[{"embeddable":true,"href":"https:\/\/www.anovapeneira.gal\/index.php\/wp-json\/wp\/v2\/comments?post=9331"}],"version-history":[{"count":1,"href":"https:\/\/www.anovapeneira.gal\/index.php\/wp-json\/wp\/v2\/posts\/9331\/revisions"}],"predecessor-version":[{"id":9332,"href":"https:\/\/www.anovapeneira.gal\/index.php\/wp-json\/wp\/v2\/posts\/9331\/revisions\/9332"}],"wp:featuredmedia":[{"embeddable":true,"href":"https:\/\/www.anovapeneira.gal\/index.php\/wp-json\/wp\/v2\/media\/9333"}],"wp:attachment":[{"href":"https:\/\/www.anovapeneira.gal\/index.php\/wp-json\/wp\/v2\/media?parent=9331"}],"wp:term":[{"taxonomy":"category","embeddable":true,"href":"https:\/\/www.anovapeneira.gal\/index.php\/wp-json\/wp\/v2\/categories?post=9331"},{"taxonomy":"post_tag","embeddable":true,"href":"https:\/\/www.anovapeneira.gal\/index.php\/wp-json\/wp\/v2\/tags?post=9331"}],"curies":[{"name":"wp","href":"https:\/\/api.w.org\/{rel}","templated":true}]}}