{"id":9336,"date":"2023-03-24T10:00:25","date_gmt":"2023-03-24T09:00:25","guid":{"rendered":"https:\/\/www.anovapeneira.gal\/?p=9336"},"modified":"2023-03-22T13:59:01","modified_gmt":"2023-03-22T12:59:01","slug":"o-porrino-do-photocall-ao-programa-de-goberno","status":"publish","type":"post","link":"https:\/\/www.anovapeneira.gal\/index.php\/2023\/03\/24\/o-porrino-do-photocall-ao-programa-de-goberno\/","title":{"rendered":"O Porri\u00f1o: do photocall ao programa (DE Goberno)"},"content":{"rendered":"\n<p>Hai algo m\u00e1is dun ano pero menos de dous chamoume un se\u00f1or alporizado para dicirme, a conta da insostible situaci\u00f3n do Concello : \u201clas cosas de Porri\u00f1o se arreglan en Porri\u00f1o\u201d. Non se arranxaron, s\u00f3 cambiaron: da desidia \u00e1 festa, cun concello h\u00edbrido entre oficina de reparto e externalizador de servizos (simple pagador) e un cruceiro (dos que saen na tele) ou banquete de voda. O Porri\u00f1o \u00e9 un photocall, o alcalde un influencer, relaci\u00f3ns p\u00fablicas atento a case todo. E parece que a xente vai estando entretida, cun padri\u00f1o de cerimonia que vai preguntando polas mesas se todo est\u00e1 ben.<\/p>\n\n\n\n<p>Malia isto, claro que as cousas temos que arranxalas aqu\u00ed, se queremos e temos claro cales son as importantes e cara onde se quere avanzar. Despois de sete anos de inoperancia e desfeita, dunha pandemia e un ano de hiperactividade e improvisaci\u00f3n, a moita xente escorr\u00e9galle todo e aband\u00f3nase \u00e1 troula, outra non ten \u00e1nimo case para erguerse e abrir unha nevera baleira. Con tal situaci\u00f3n parece que o consolo que queda \u00e9 crer, fe cega en marabillosos anuncios, fotos e v\u00eddeos que nos regalan (pagamos) dende a casa consistorial.<\/p>\n\n\n\n<p>Que \u00e9 todo e que \u00e9 ben? Merecemos m\u00e1is, algo mellor que se\u00f1ores que anuncian as cousas, outros que lles reprochan cousas que eles non solucionaron cando gobernaban. As t\u00edpicas declaraci\u00f3ns de principios, coas que todo o mundo concorda, e que van fiando alg\u00fan eslogan con outro. Hai detr\u00e1s unhas experiencias de goberno que non os avalan, a uns e a outros, pero que muitas veces tapan as siglas.<\/p>\n\n\n\n<p>Votar cada catro anos pedindo que polo menos non rouben, uns m\u00ednimos de limpeza viaria, parques decentes, cami\u00f1os en condici\u00f3ns, saneamento, festas e troula. De verdade aspiramos s\u00f3 a iso, ao m\u00ednimo do m\u00ednimo? Conform\u00e1monos con piche, festa e fotos? Seguro que non se pasamos de espectadores\/as a cidad\u00e1ns e cidad\u00e1s, mudando o rol de simples seguidores\/as e exercendo os nosos dereitos. Urxe abrir canles de participaci\u00f3n veci\u00f1al. Debe darse a posiblidade de achegar e opinar na medida do que nos apeteza e consideremos axeitado, con procedementos sinxelos. A xente debe poder relacionarse e ser parte do Concello con facilidade, obter respostas claras, r\u00e1pidas e motivadas, sempre.<\/p>\n\n\n\n<p>As\u00ed \u00e9 como se comeza a dese\u00f1ar un proxecto de futuro, baseado no esencial, en garantir servicios municipais de calidade e a defensa de condici\u00f3ns de vida dignas. Non podemos desenvolver ning\u00fan plan se non temos cimentos s\u00f3lidos. Os concellos externalizadores son febles, esquilmados e non s\u00f3 e sempre de cartos, que tam\u00e9n, sen\u00f3n de capacidade e forza e p\u00f3\u00f1ense de perfil ante situaci\u00f3ns das que son responsables, deix\u00e1donos nas mans das empresas adxudicatarias. Hai que ter valent\u00eda e firme vontade de empezar a recuperar a xesti\u00f3n directa dos servizos. Non se trata de inventar nada que non se fixera antes noutras cidades e vilas.<\/p>\n\n\n\n<p>Un proxecto de futuro constr\u00faese con programa, programa e programa. Un programa que debulle as medidas concretas para acadalo. Isto require tam\u00e9n ir petar noutras administraci\u00f3ns ou nas direccions dalgunhas empresas para tratar cuesti\u00f3ns fundamentais e muitas veces complicadas. F\u00f3ra de conversas en petit comit\u00e9 e do Sal\u00f3n de Plenos, un alcalde ou alcaldesa debe ser firme, constante e non engurrarse. Non se pode ir coma cha\u00ed\u00f1as, hai que porfiar nas nosas demandas diante de quen corresponda.<\/p>\n\n\n\n<p>Non nos conformemos con un xestor de mantemento, un organizador de eventos, un se\u00f1or que fai v\u00eddeos ou manda cartas. Non imos descubrir a p\u00f3lvora pero si que as cousas do Porri\u00f1o vanse arranxar: con programa, seriedade e rigor, tendo claro para quen traballamos.<\/p>\n","protected":false},"excerpt":{"rendered":"<div class=\"mh-excerpt\"><p>Hai algo m\u00e1is dun ano pero menos de dous chamoume un se\u00f1or alporizado para dicirme, a conta da insostible situaci\u00f3n do Concello : \u201clas cosas de Porri\u00f1o se arreglan en Porri\u00f1o\u201d.  <a class=\"mh-excerpt-more\" href=\"https:\/\/www.anovapeneira.gal\/index.php\/2023\/03\/24\/o-porrino-do-photocall-ao-programa-de-goberno\/\" title=\"O Porri\u00f1o: do photocall ao programa (DE Goberno)\">[&#8230;]<\/a><\/p>\n<\/div>","protected":false},"author":3,"featured_media":9337,"comment_status":"open","ping_status":"open","sticky":false,"template":"","format":"standard","meta":{"_exactmetrics_skip_tracking":false,"_exactmetrics_sitenote_active":false,"_exactmetrics_sitenote_note":"","_exactmetrics_sitenote_category":0,"footnotes":""},"categories":[23],"tags":[411],"class_list":{"0":"post-9336","1":"post","2":"type-post","3":"status-publish","4":"format-standard","5":"has-post-thumbnail","7":"category-a-lourina","8":"tag-concello-do-porrino"},"yoast_head":"<!-- This site is optimized with the Yoast SEO plugin v27.4 - https:\/\/yoast.com\/product\/yoast-seo-wordpress\/ -->\n<title>O Porri\u00f1o: do photocall ao programa (DE Goberno) -<\/title>\n<meta name=\"description\" content=\"Hai algo m\u00e1is dun ano pero menos de dous chamoume un se\u00f1or alporizado para dicirme, a conta da insostible situaci\u00f3n do Concello : \u201clas cosas de Porri\u00f1o se arreglan en Porri\u00f1o\u201d.\" \/>\n<meta name=\"robots\" content=\"index, follow, max-snippet:-1, max-image-preview:large, max-video-preview:-1\" \/>\n<link rel=\"canonical\" href=\"https:\/\/www.anovapeneira.gal\/index.php\/2023\/03\/24\/o-porrino-do-photocall-ao-programa-de-goberno\/\" \/>\n<meta property=\"og:locale\" content=\"gl_ES\" \/>\n<meta property=\"og:type\" content=\"article\" \/>\n<meta property=\"og:title\" content=\"O Porri\u00f1o: do photocall ao programa (DE Goberno) -\" \/>\n<meta property=\"og:description\" content=\"Hai algo m\u00e1is dun ano pero menos de dous chamoume un se\u00f1or alporizado para dicirme, a conta da insostible situaci\u00f3n do Concello : \u201clas cosas de Porri\u00f1o se arreglan en Porri\u00f1o\u201d.\" \/>\n<meta property=\"og:url\" content=\"https:\/\/www.anovapeneira.gal\/index.php\/2023\/03\/24\/o-porrino-do-photocall-ao-programa-de-goberno\/\" \/>\n<meta property=\"article:publisher\" content=\"https:\/\/www.facebook.com\/anovapeneira\" \/>\n<meta property=\"article:published_time\" content=\"2023-03-24T09:00:25+00:00\" \/>\n<meta property=\"og:image\" content=\"https:\/\/www.anovapeneira.gal\/wp-content\/uploads\/2023\/03\/eu_son_patricia_sio.jpg\" \/>\n\t<meta property=\"og:image:width\" content=\"720\" \/>\n\t<meta property=\"og:image:height\" content=\"432\" \/>\n\t<meta property=\"og:image:type\" content=\"image\/jpeg\" \/>\n<meta name=\"author\" content=\"Redacci\u00f3n A Nova Peneira\" \/>\n<meta name=\"twitter:card\" content=\"summary_large_image\" \/>\n<meta name=\"twitter:creator\" content=\"@APeneira\" \/>\n<meta name=\"twitter:site\" content=\"@APeneira\" \/>\n<meta name=\"twitter:label1\" content=\"Escrito por\" \/>\n\t<meta name=\"twitter:data1\" content=\"Redacci\u00f3n A Nova Peneira\" \/>\n\t<meta name=\"twitter:label2\" content=\"Tempo de lectura\" \/>\n\t<meta name=\"twitter:data2\" content=\"4 minutos\" \/>\n<script type=\"application\/ld+json\" class=\"yoast-schema-graph\">{\"@context\":\"https:\\\/\\\/schema.org\",\"@graph\":[{\"@type\":\"Article\",\"@id\":\"https:\\\/\\\/www.anovapeneira.gal\\\/index.php\\\/2023\\\/03\\\/24\\\/o-porrino-do-photocall-ao-programa-de-goberno\\\/#article\",\"isPartOf\":{\"@id\":\"https:\\\/\\\/www.anovapeneira.gal\\\/index.php\\\/2023\\\/03\\\/24\\\/o-porrino-do-photocall-ao-programa-de-goberno\\\/\"},\"author\":{\"name\":\"Redacci\u00f3n A Nova Peneira\",\"@id\":\"https:\\\/\\\/www.anovapeneira.gal\\\/#\\\/schema\\\/person\\\/b93e3f8932e3f8da96334607eb6ac6aa\"},\"headline\":\"O Porri\u00f1o: do photocall ao programa (DE Goberno)\",\"datePublished\":\"2023-03-24T09:00:25+00:00\",\"mainEntityOfPage\":{\"@id\":\"https:\\\/\\\/www.anovapeneira.gal\\\/index.php\\\/2023\\\/03\\\/24\\\/o-porrino-do-photocall-ao-programa-de-goberno\\\/\"},\"wordCount\":650,\"commentCount\":0,\"publisher\":{\"@id\":\"https:\\\/\\\/www.anovapeneira.gal\\\/#organization\"},\"image\":{\"@id\":\"https:\\\/\\\/www.anovapeneira.gal\\\/index.php\\\/2023\\\/03\\\/24\\\/o-porrino-do-photocall-ao-programa-de-goberno\\\/#primaryimage\"},\"thumbnailUrl\":\"https:\\\/\\\/www.anovapeneira.gal\\\/wp-content\\\/uploads\\\/2023\\\/03\\\/eu_son_patricia_sio.jpg\",\"keywords\":[\"Concello do Porri\u00f1o\"],\"articleSection\":[\"A Louri\u00f1a\"],\"inLanguage\":\"gl-ES\",\"potentialAction\":[{\"@type\":\"CommentAction\",\"name\":\"Comment\",\"target\":[\"https:\\\/\\\/www.anovapeneira.gal\\\/index.php\\\/2023\\\/03\\\/24\\\/o-porrino-do-photocall-ao-programa-de-goberno\\\/#respond\"]}]},{\"@type\":\"WebPage\",\"@id\":\"https:\\\/\\\/www.anovapeneira.gal\\\/index.php\\\/2023\\\/03\\\/24\\\/o-porrino-do-photocall-ao-programa-de-goberno\\\/\",\"url\":\"https:\\\/\\\/www.anovapeneira.gal\\\/index.php\\\/2023\\\/03\\\/24\\\/o-porrino-do-photocall-ao-programa-de-goberno\\\/\",\"name\":\"O Porri\u00f1o: do photocall ao programa (DE Goberno) -\",\"isPartOf\":{\"@id\":\"https:\\\/\\\/www.anovapeneira.gal\\\/#website\"},\"primaryImageOfPage\":{\"@id\":\"https:\\\/\\\/www.anovapeneira.gal\\\/index.php\\\/2023\\\/03\\\/24\\\/o-porrino-do-photocall-ao-programa-de-goberno\\\/#primaryimage\"},\"image\":{\"@id\":\"https:\\\/\\\/www.anovapeneira.gal\\\/index.php\\\/2023\\\/03\\\/24\\\/o-porrino-do-photocall-ao-programa-de-goberno\\\/#primaryimage\"},\"thumbnailUrl\":\"https:\\\/\\\/www.anovapeneira.gal\\\/wp-content\\\/uploads\\\/2023\\\/03\\\/eu_son_patricia_sio.jpg\",\"datePublished\":\"2023-03-24T09:00:25+00:00\",\"description\":\"Hai algo m\u00e1is dun ano pero menos de dous chamoume un se\u00f1or alporizado para dicirme, a conta da insostible situaci\u00f3n do Concello : \u201clas cosas de Porri\u00f1o se arreglan en Porri\u00f1o\u201d.\",\"breadcrumb\":{\"@id\":\"https:\\\/\\\/www.anovapeneira.gal\\\/index.php\\\/2023\\\/03\\\/24\\\/o-porrino-do-photocall-ao-programa-de-goberno\\\/#breadcrumb\"},\"inLanguage\":\"gl-ES\",\"potentialAction\":[{\"@type\":\"ReadAction\",\"target\":[\"https:\\\/\\\/www.anovapeneira.gal\\\/index.php\\\/2023\\\/03\\\/24\\\/o-porrino-do-photocall-ao-programa-de-goberno\\\/\"]}]},{\"@type\":\"ImageObject\",\"inLanguage\":\"gl-ES\",\"@id\":\"https:\\\/\\\/www.anovapeneira.gal\\\/index.php\\\/2023\\\/03\\\/24\\\/o-porrino-do-photocall-ao-programa-de-goberno\\\/#primaryimage\",\"url\":\"https:\\\/\\\/www.anovapeneira.gal\\\/wp-content\\\/uploads\\\/2023\\\/03\\\/eu_son_patricia_sio.jpg\",\"contentUrl\":\"https:\\\/\\\/www.anovapeneira.gal\\\/wp-content\\\/uploads\\\/2023\\\/03\\\/eu_son_patricia_sio.jpg\",\"width\":720,\"height\":432,\"caption\":\"Patricia Sio Eu son Porri\u00f1o\"},{\"@type\":\"BreadcrumbList\",\"@id\":\"https:\\\/\\\/www.anovapeneira.gal\\\/index.php\\\/2023\\\/03\\\/24\\\/o-porrino-do-photocall-ao-programa-de-goberno\\\/#breadcrumb\",\"itemListElement\":[{\"@type\":\"ListItem\",\"position\":1,\"name\":\"Portada\",\"item\":\"https:\\\/\\\/www.anovapeneira.gal\\\/\"},{\"@type\":\"ListItem\",\"position\":2,\"name\":\"O Porri\u00f1o: do photocall ao programa (DE Goberno)\"}]},{\"@type\":\"WebSite\",\"@id\":\"https:\\\/\\\/www.anovapeneira.gal\\\/#website\",\"url\":\"https:\\\/\\\/www.anovapeneira.gal\\\/\",\"name\":\"\",\"description\":\"Xornal galego de informaci\u00f3n xeral Publicaci\u00f3n mensual de novas de Galicia e en especial dos Concellos da sur da provincia de Pontevedra.\",\"publisher\":{\"@id\":\"https:\\\/\\\/www.anovapeneira.gal\\\/#organization\"},\"potentialAction\":[{\"@type\":\"SearchAction\",\"target\":{\"@type\":\"EntryPoint\",\"urlTemplate\":\"https:\\\/\\\/www.anovapeneira.gal\\\/?s={search_term_string}\"},\"query-input\":{\"@type\":\"PropertyValueSpecification\",\"valueRequired\":true,\"valueName\":\"search_term_string\"}}],\"inLanguage\":\"gl-ES\"},{\"@type\":\"Organization\",\"@id\":\"https:\\\/\\\/www.anovapeneira.gal\\\/#organization\",\"name\":\"A Nova Peneira\",\"url\":\"https:\\\/\\\/www.anovapeneira.gal\\\/\",\"logo\":{\"@type\":\"ImageObject\",\"inLanguage\":\"gl-ES\",\"@id\":\"https:\\\/\\\/www.anovapeneira.gal\\\/#\\\/schema\\\/logo\\\/image\\\/\",\"url\":\"http:\\\/\\\/www.anovapeneira.gal\\\/wp-content\\\/uploads\\\/2019\\\/06\\\/logo_a_nova_peneira_portal_web.png\",\"contentUrl\":\"http:\\\/\\\/www.anovapeneira.gal\\\/wp-content\\\/uploads\\\/2019\\\/06\\\/logo_a_nova_peneira_portal_web.png\",\"width\":300,\"height\":100,\"caption\":\"A Nova Peneira\"},\"image\":{\"@id\":\"https:\\\/\\\/www.anovapeneira.gal\\\/#\\\/schema\\\/logo\\\/image\\\/\"},\"sameAs\":[\"https:\\\/\\\/www.facebook.com\\\/anovapeneira\",\"https:\\\/\\\/x.com\\\/APeneira\"]},{\"@type\":\"Person\",\"@id\":\"https:\\\/\\\/www.anovapeneira.gal\\\/#\\\/schema\\\/person\\\/b93e3f8932e3f8da96334607eb6ac6aa\",\"name\":\"Redacci\u00f3n A Nova Peneira\",\"image\":{\"@type\":\"ImageObject\",\"inLanguage\":\"gl-ES\",\"@id\":\"https:\\\/\\\/secure.gravatar.com\\\/avatar\\\/c052a2551a06e23fac63626232eaa90abd78dbcf1700fc46a2b2c89fd27b735f?s=96&d=mm&r=g\",\"url\":\"https:\\\/\\\/secure.gravatar.com\\\/avatar\\\/c052a2551a06e23fac63626232eaa90abd78dbcf1700fc46a2b2c89fd27b735f?s=96&d=mm&r=g\",\"contentUrl\":\"https:\\\/\\\/secure.gravatar.com\\\/avatar\\\/c052a2551a06e23fac63626232eaa90abd78dbcf1700fc46a2b2c89fd27b735f?s=96&d=mm&r=g\",\"caption\":\"Redacci\u00f3n A Nova Peneira\"},\"sameAs\":[\"http:\\\/\\\/www.anovapeneira.gal\\\/\"],\"url\":\"https:\\\/\\\/www.anovapeneira.gal\\\/index.php\\\/author\\\/redactor\\\/\"}]}<\/script>\n<!-- \/ Yoast SEO plugin. -->","yoast_head_json":{"title":"O Porri\u00f1o: do photocall ao programa (DE Goberno) -","description":"Hai algo m\u00e1is dun ano pero menos de dous chamoume un se\u00f1or alporizado para dicirme, a conta da insostible situaci\u00f3n do Concello : \u201clas cosas de Porri\u00f1o se arreglan en Porri\u00f1o\u201d.","robots":{"index":"index","follow":"follow","max-snippet":"max-snippet:-1","max-image-preview":"max-image-preview:large","max-video-preview":"max-video-preview:-1"},"canonical":"https:\/\/www.anovapeneira.gal\/index.php\/2023\/03\/24\/o-porrino-do-photocall-ao-programa-de-goberno\/","og_locale":"gl_ES","og_type":"article","og_title":"O Porri\u00f1o: do photocall ao programa (DE Goberno) -","og_description":"Hai algo m\u00e1is dun ano pero menos de dous chamoume un se\u00f1or alporizado para dicirme, a conta da insostible situaci\u00f3n do Concello : \u201clas cosas de Porri\u00f1o se arreglan en Porri\u00f1o\u201d.","og_url":"https:\/\/www.anovapeneira.gal\/index.php\/2023\/03\/24\/o-porrino-do-photocall-ao-programa-de-goberno\/","article_publisher":"https:\/\/www.facebook.com\/anovapeneira","article_published_time":"2023-03-24T09:00:25+00:00","og_image":[{"width":720,"height":432,"url":"https:\/\/www.anovapeneira.gal\/wp-content\/uploads\/2023\/03\/eu_son_patricia_sio.jpg","type":"image\/jpeg"}],"author":"Redacci\u00f3n A Nova Peneira","twitter_card":"summary_large_image","twitter_creator":"@APeneira","twitter_site":"@APeneira","twitter_misc":{"Escrito por":"Redacci\u00f3n A Nova Peneira","Tempo de lectura":"4 minutos"},"schema":{"@context":"https:\/\/schema.org","@graph":[{"@type":"Article","@id":"https:\/\/www.anovapeneira.gal\/index.php\/2023\/03\/24\/o-porrino-do-photocall-ao-programa-de-goberno\/#article","isPartOf":{"@id":"https:\/\/www.anovapeneira.gal\/index.php\/2023\/03\/24\/o-porrino-do-photocall-ao-programa-de-goberno\/"},"author":{"name":"Redacci\u00f3n A Nova Peneira","@id":"https:\/\/www.anovapeneira.gal\/#\/schema\/person\/b93e3f8932e3f8da96334607eb6ac6aa"},"headline":"O Porri\u00f1o: do photocall ao programa (DE Goberno)","datePublished":"2023-03-24T09:00:25+00:00","mainEntityOfPage":{"@id":"https:\/\/www.anovapeneira.gal\/index.php\/2023\/03\/24\/o-porrino-do-photocall-ao-programa-de-goberno\/"},"wordCount":650,"commentCount":0,"publisher":{"@id":"https:\/\/www.anovapeneira.gal\/#organization"},"image":{"@id":"https:\/\/www.anovapeneira.gal\/index.php\/2023\/03\/24\/o-porrino-do-photocall-ao-programa-de-goberno\/#primaryimage"},"thumbnailUrl":"https:\/\/www.anovapeneira.gal\/wp-content\/uploads\/2023\/03\/eu_son_patricia_sio.jpg","keywords":["Concello do Porri\u00f1o"],"articleSection":["A Louri\u00f1a"],"inLanguage":"gl-ES","potentialAction":[{"@type":"CommentAction","name":"Comment","target":["https:\/\/www.anovapeneira.gal\/index.php\/2023\/03\/24\/o-porrino-do-photocall-ao-programa-de-goberno\/#respond"]}]},{"@type":"WebPage","@id":"https:\/\/www.anovapeneira.gal\/index.php\/2023\/03\/24\/o-porrino-do-photocall-ao-programa-de-goberno\/","url":"https:\/\/www.anovapeneira.gal\/index.php\/2023\/03\/24\/o-porrino-do-photocall-ao-programa-de-goberno\/","name":"O Porri\u00f1o: do photocall ao programa (DE Goberno) -","isPartOf":{"@id":"https:\/\/www.anovapeneira.gal\/#website"},"primaryImageOfPage":{"@id":"https:\/\/www.anovapeneira.gal\/index.php\/2023\/03\/24\/o-porrino-do-photocall-ao-programa-de-goberno\/#primaryimage"},"image":{"@id":"https:\/\/www.anovapeneira.gal\/index.php\/2023\/03\/24\/o-porrino-do-photocall-ao-programa-de-goberno\/#primaryimage"},"thumbnailUrl":"https:\/\/www.anovapeneira.gal\/wp-content\/uploads\/2023\/03\/eu_son_patricia_sio.jpg","datePublished":"2023-03-24T09:00:25+00:00","description":"Hai algo m\u00e1is dun ano pero menos de dous chamoume un se\u00f1or alporizado para dicirme, a conta da insostible situaci\u00f3n do Concello : \u201clas cosas de Porri\u00f1o se arreglan en Porri\u00f1o\u201d.","breadcrumb":{"@id":"https:\/\/www.anovapeneira.gal\/index.php\/2023\/03\/24\/o-porrino-do-photocall-ao-programa-de-goberno\/#breadcrumb"},"inLanguage":"gl-ES","potentialAction":[{"@type":"ReadAction","target":["https:\/\/www.anovapeneira.gal\/index.php\/2023\/03\/24\/o-porrino-do-photocall-ao-programa-de-goberno\/"]}]},{"@type":"ImageObject","inLanguage":"gl-ES","@id":"https:\/\/www.anovapeneira.gal\/index.php\/2023\/03\/24\/o-porrino-do-photocall-ao-programa-de-goberno\/#primaryimage","url":"https:\/\/www.anovapeneira.gal\/wp-content\/uploads\/2023\/03\/eu_son_patricia_sio.jpg","contentUrl":"https:\/\/www.anovapeneira.gal\/wp-content\/uploads\/2023\/03\/eu_son_patricia_sio.jpg","width":720,"height":432,"caption":"Patricia Sio Eu son Porri\u00f1o"},{"@type":"BreadcrumbList","@id":"https:\/\/www.anovapeneira.gal\/index.php\/2023\/03\/24\/o-porrino-do-photocall-ao-programa-de-goberno\/#breadcrumb","itemListElement":[{"@type":"ListItem","position":1,"name":"Portada","item":"https:\/\/www.anovapeneira.gal\/"},{"@type":"ListItem","position":2,"name":"O Porri\u00f1o: do photocall ao programa (DE Goberno)"}]},{"@type":"WebSite","@id":"https:\/\/www.anovapeneira.gal\/#website","url":"https:\/\/www.anovapeneira.gal\/","name":"","description":"Xornal galego de informaci\u00f3n xeral Publicaci\u00f3n mensual de novas de Galicia e en especial dos Concellos da sur da provincia de Pontevedra.","publisher":{"@id":"https:\/\/www.anovapeneira.gal\/#organization"},"potentialAction":[{"@type":"SearchAction","target":{"@type":"EntryPoint","urlTemplate":"https:\/\/www.anovapeneira.gal\/?s={search_term_string}"},"query-input":{"@type":"PropertyValueSpecification","valueRequired":true,"valueName":"search_term_string"}}],"inLanguage":"gl-ES"},{"@type":"Organization","@id":"https:\/\/www.anovapeneira.gal\/#organization","name":"A Nova Peneira","url":"https:\/\/www.anovapeneira.gal\/","logo":{"@type":"ImageObject","inLanguage":"gl-ES","@id":"https:\/\/www.anovapeneira.gal\/#\/schema\/logo\/image\/","url":"http:\/\/www.anovapeneira.gal\/wp-content\/uploads\/2019\/06\/logo_a_nova_peneira_portal_web.png","contentUrl":"http:\/\/www.anovapeneira.gal\/wp-content\/uploads\/2019\/06\/logo_a_nova_peneira_portal_web.png","width":300,"height":100,"caption":"A Nova Peneira"},"image":{"@id":"https:\/\/www.anovapeneira.gal\/#\/schema\/logo\/image\/"},"sameAs":["https:\/\/www.facebook.com\/anovapeneira","https:\/\/x.com\/APeneira"]},{"@type":"Person","@id":"https:\/\/www.anovapeneira.gal\/#\/schema\/person\/b93e3f8932e3f8da96334607eb6ac6aa","name":"Redacci\u00f3n A Nova Peneira","image":{"@type":"ImageObject","inLanguage":"gl-ES","@id":"https:\/\/secure.gravatar.com\/avatar\/c052a2551a06e23fac63626232eaa90abd78dbcf1700fc46a2b2c89fd27b735f?s=96&d=mm&r=g","url":"https:\/\/secure.gravatar.com\/avatar\/c052a2551a06e23fac63626232eaa90abd78dbcf1700fc46a2b2c89fd27b735f?s=96&d=mm&r=g","contentUrl":"https:\/\/secure.gravatar.com\/avatar\/c052a2551a06e23fac63626232eaa90abd78dbcf1700fc46a2b2c89fd27b735f?s=96&d=mm&r=g","caption":"Redacci\u00f3n A Nova Peneira"},"sameAs":["http:\/\/www.anovapeneira.gal\/"],"url":"https:\/\/www.anovapeneira.gal\/index.php\/author\/redactor\/"}]}},"jetpack_featured_media_url":"https:\/\/www.anovapeneira.gal\/wp-content\/uploads\/2023\/03\/eu_son_patricia_sio.jpg","_links":{"self":[{"href":"https:\/\/www.anovapeneira.gal\/index.php\/wp-json\/wp\/v2\/posts\/9336","targetHints":{"allow":["GET"]}}],"collection":[{"href":"https:\/\/www.anovapeneira.gal\/index.php\/wp-json\/wp\/v2\/posts"}],"about":[{"href":"https:\/\/www.anovapeneira.gal\/index.php\/wp-json\/wp\/v2\/types\/post"}],"author":[{"embeddable":true,"href":"https:\/\/www.anovapeneira.gal\/index.php\/wp-json\/wp\/v2\/users\/3"}],"replies":[{"embeddable":true,"href":"https:\/\/www.anovapeneira.gal\/index.php\/wp-json\/wp\/v2\/comments?post=9336"}],"version-history":[{"count":1,"href":"https:\/\/www.anovapeneira.gal\/index.php\/wp-json\/wp\/v2\/posts\/9336\/revisions"}],"predecessor-version":[{"id":9338,"href":"https:\/\/www.anovapeneira.gal\/index.php\/wp-json\/wp\/v2\/posts\/9336\/revisions\/9338"}],"wp:featuredmedia":[{"embeddable":true,"href":"https:\/\/www.anovapeneira.gal\/index.php\/wp-json\/wp\/v2\/media\/9337"}],"wp:attachment":[{"href":"https:\/\/www.anovapeneira.gal\/index.php\/wp-json\/wp\/v2\/media?parent=9336"}],"wp:term":[{"taxonomy":"category","embeddable":true,"href":"https:\/\/www.anovapeneira.gal\/index.php\/wp-json\/wp\/v2\/categories?post=9336"},{"taxonomy":"post_tag","embeddable":true,"href":"https:\/\/www.anovapeneira.gal\/index.php\/wp-json\/wp\/v2\/tags?post=9336"}],"curies":[{"name":"wp","href":"https:\/\/api.w.org\/{rel}","templated":true}]}}