{"id":9339,"date":"2023-03-24T12:00:48","date_gmt":"2023-03-24T11:00:48","guid":{"rendered":"https:\/\/www.anovapeneira.gal\/?p=9339"},"modified":"2023-03-22T13:58:20","modified_gmt":"2023-03-22T12:58:20","slug":"o-asasinato-de-francisco-rodriguez-pancho","status":"publish","type":"post","link":"https:\/\/www.anovapeneira.gal\/index.php\/2023\/03\/24\/o-asasinato-de-francisco-rodriguez-pancho\/","title":{"rendered":"O asasinato de Francisco Rodr\u00edguez \u201cPancho\u201d"},"content":{"rendered":"\n<pre class=\"wp-block-verse\"><strong>Tino Lago e Ant\u00f3n \u201cXaque\u201d<\/strong><\/pre>\n\n\n\n<p>O protagonista deste traballo, Francisco Rodr\u00edguez Pancho, foi un l\u00edder agrarista galego natural da pequena parroquia de Lourido no concello de Salvaterra de Mi\u00f1o, chegou a ser o presidente da \u201c Uni\u00f3n campesi\u00f1a de Fornelos\u201d. El naceu en 1884 e aos 27 anos, con toda a vida por diante, foi asasinado por alg\u00fans familiares de Jose Ram\u00f3n Alonso \u00c1lvarez, secretario do concello de Salvaterra, probablemente dous dos seus fillos ou incluso tam\u00e9n el mesmo. Os Alonso eran uns destacados caciques locais naquel tempo, e o asasinado era dos que non calaban nin miraban para outro lado ante a peste que sofre o noso pa\u00eds desde a noite dos tempos: o caciquismo. Pancho ti\u00f1a unha tenda de ultramarinos e foi asasinado a tiros o dous de setembro de 1911, no que hoxe \u00e9 a r\u00faa Ram\u00f3n y Cajal, a que sobe \u00e1 fortaleza de Salvaterra.<\/p>\n\n\n\n<p>Pero Pancho non morreu ese mesmo d\u00eda, tardou 17 horas en falecer e na s\u00faa longa e prolongada agon\u00eda puido identificar aos seus asasinos, e tam\u00e9n houbo un xu\u00edzo no que varias testemu\u00f1as chegaron a identificar aos que o mataron. Por\u00e9n, a\u00ednda que pareza asombroso, estes foron declarados inocentes e ficaron absoltos. Na segunda Rep\u00fablica a r\u00faa onde Pancho foi asasinado, segundo nos contan os seus bisnetos, recibiu o nome do seu bisav\u00f3, pero cando a longa noite de pedra da pandemia franquista puido p\u00f3r as s\u00faas negras gadoupas en todo o que foi a luz da esperanza republicana mud\u00e1ronlle o seu nome.<\/p>\n\n\n\n<p>Pancho deixou 3 fillos. Unha filla, Jesusa, e o seu irm\u00e1n Manuel emigraron a Buenos Aires e al\u00ed, como tantas e tantos galegas e galegos condenados a ga\u00f1ar o sustento f\u00f3ra do noso pa\u00eds, foron facendo as s\u00faas vidas de novo.<\/p>\n\n\n\n<p>Jesusa faleceu aos 92 anos, e pouco antes de morrer decidiu contar aos seus netos, Nicol\u00e1s e Fernanda, a historia que sempre levou na s\u00faa alma, como unha pesada lousa, e que nunca contara a ningu\u00e9n, a historia de Pancho, o seu pai, e o bisav\u00f3 de Nicol\u00e1s e de Fernanda.<\/p>\n\n\n\n<p>Eles pasaron a principios do mes de marzo brevemente por Salvaterra, a imaxe que ilustra esta reportaxe \u00e9 a s\u00faa na r\u00faa na que foi asasinado o seu bisav\u00f3, e manifestan ter a intenci\u00f3n de facer todo o necesario para que o Concello , nun acto de xustiza, restit\u00faa o nome do seu bisav\u00f3 na r\u00faa na que foi asasinado. Antes da chegada do franquismo estaba prevista a colocaci\u00f3n dun monumento, en forma piramidal para lembrar a Pancho, pero a escuridade do nacional catolicismo espa\u00f1ol todo o apagou. E a actual administraci\u00f3n municipal semella que non amosa de momento excesivo interese nun acto de xustiza tan elemental como restitu\u00edr a memoria da dignidade dun veci\u00f1o de Salvaterra que foi asasinado por defender a quen sufriu abusos de quen os exerceu. N\u00f3s, grazas a amabilidade e dilixencia do noso querido amigo e colaborador Ant\u00f3n \u201c Xaque\u201d puidemos conversar cos bisnetos de Pancho.<\/p>\n\n\n\n<p><strong>Fernanda e Nicol\u00e1s Vigarelli bisnetos do asasinado.<\/strong><\/p>\n\n\n\n<p><strong>Como co\u00f1ecestes a historia do voso bisav\u00f3?<\/strong><\/p>\n\n\n\n<blockquote class=\"wp-block-quote is-layout-flow wp-block-quote-is-layout-flow\">\n<p>A nosa avoa cont\u00f3unola pouco antes de morrer. Ela faleceu con 92 anos e falounos do seu pai cando ti\u00f1a 90\/91. Un d\u00eda na s\u00faa casa quitou xornais vellos que informaban do crime e falou do que nunca falara ata ese momento.<\/p>\n<\/blockquote>\n\n\n\n<p><strong>Ata ent\u00f3n non sabiades nada?<\/strong><\/p>\n\n\n\n<blockquote class=\"wp-block-quote is-layout-flow wp-block-quote-is-layout-flow\">\n<p>Non, nada en absoluto.<\/p>\n<\/blockquote>\n\n\n\n<p><strong>Supo\u00f1o que quedariades abraiados?<\/strong><\/p>\n\n\n\n<blockquote class=\"wp-block-quote is-layout-flow wp-block-quote-is-layout-flow\">\n<p>Absolutamente. Eu sempre fun unha persoa<strong>&#8211; fala Nicol\u00e1s- <\/strong>con elevada sensibilidade pol\u00edtica e moito interese pola historia. Pero o episodio do asasinato do meu bisav\u00f3, incidiu notablemente na mi\u00f1a decisi\u00f3n de estudar a carreira de historia, que estou a cursar na actualidade.<\/p>\n<\/blockquote>\n\n\n\n<p><strong>Unha vez que matan a Pancho que consecuencias trouxo para a vosa familia?<\/strong><\/p>\n\n\n\n<blockquote class=\"wp-block-quote is-layout-flow wp-block-quote-is-layout-flow\">\n<div class=\"wp-block-columns is-layout-flex wp-container-core-columns-is-layout-9d6595d7 wp-block-columns-is-layout-flex\">\n<div class=\"wp-block-column is-layout-flow wp-block-column-is-layout-flow\">\n<figure class=\"wp-block-image size-large\"><img loading=\"lazy\" decoding=\"async\" width=\"711\" height=\"1024\" src=\"https:\/\/www.anovapeneira.gal\/wp-content\/uploads\/2023\/03\/encarnacion-711x1024.jpg\" alt=\"\" class=\"wp-image-9343\" srcset=\"https:\/\/www.anovapeneira.gal\/wp-content\/uploads\/2023\/03\/encarnacion-711x1024.jpg 711w, https:\/\/www.anovapeneira.gal\/wp-content\/uploads\/2023\/03\/encarnacion-208x300.jpg 208w, https:\/\/www.anovapeneira.gal\/wp-content\/uploads\/2023\/03\/encarnacion-768x1106.jpg 768w, https:\/\/www.anovapeneira.gal\/wp-content\/uploads\/2023\/03\/encarnacion-1066x1536.jpg 1066w, https:\/\/www.anovapeneira.gal\/wp-content\/uploads\/2023\/03\/encarnacion.jpg 1080w\" sizes=\"auto, (max-width: 711px) 100vw, 711px\" \/><figcaption class=\"wp-element-caption\">Encarnaci\u00f3n,\u00a0a\u00a0vi\u00fava\u00a0de\u00a0Pancho<\/figcaption><\/figure>\n<\/div>\n\n\n\n<div class=\"wp-block-column is-layout-flow wp-block-column-is-layout-flow\">\n<blockquote class=\"wp-block-quote is-layout-flow wp-block-quote-is-layout-flow\">\n<p>Dor e sufrimento claro. A familia acabou por separarse. A s\u00faa vi\u00fava Encarnaci\u00f3n quedou en Salvaterra cunha das s\u00faas fillas e os outros dous, Jesusa, a que ser\u00eda a nosa avoa e o seu irm\u00e1n Manuel, o noso t\u00edo av\u00f3, emigraron a Buenos Aires.<\/p>\n<\/blockquote>\n<\/div>\n<\/div>\n\n\n\n<p><\/p>\n<\/blockquote>\n\n\n\n<p><strong>Que fixo Jesusa en Arxentina?<\/strong><\/p>\n\n\n\n<blockquote class=\"wp-block-quote is-layout-flow wp-block-quote-is-layout-flow\">\n<p>Traballar toda a s\u00faa vida e ga\u00f1ar a vida como puido. Fixo moitas cousas incluso chegou a traballar na casa de Agust\u00edn Justo , presidente de Arxentina na d\u00e9cada dos 30 do s\u00e9culo pasado. Casou co meu av\u00f3, un home de ascendencia italiana, e desa uni\u00f3n naceu o noso pai.<\/p>\n<\/blockquote>\n\n\n\n<p><strong>Cando a t\u00faa avoa vos contou a historia do seu pai explicouvos os motivos do seu asasinato?<\/strong><\/p>\n\n\n\n<blockquote class=\"wp-block-quote is-layout-flow wp-block-quote-is-layout-flow\">\n<p>Si, d\u00edxonos que o mataron por organizar aos campesi\u00f1os para que defenderan os seus dereitos contra a explotaci\u00f3n e o abuso dos caciques. Contounos que os seus asasinos foron xulgados pero que poder do caciquismo era tan grande que sa\u00edron impunes.<\/p>\n<\/blockquote>\n\n\n\n<p><strong>Contouvos quen o asasinou?<\/strong><\/p>\n\n\n\n<blockquote class=\"wp-block-quote is-layout-flow wp-block-quote-is-layout-flow\">\n<p>Si, Alg\u00fans dos fillos de Ram\u00f3n Alonso e probablemente tam\u00e9n o pai..<\/p>\n<\/blockquote>\n\n\n\n<p><strong>Como o sabe?<\/strong><\/p>\n\n\n\n<blockquote class=\"wp-block-quote is-layout-flow wp-block-quote-is-layout-flow\">\n<p>Porque tardou 17 horas en morrer e puido identificalos<\/p>\n<\/blockquote>\n\n\n\n<p><strong>Quen era Ram\u00f3n Alonso?<\/strong><\/p>\n\n\n\n<blockquote class=\"wp-block-quote is-layout-flow wp-block-quote-is-layout-flow\">\n<p>Un cacique local naquel momento. Ti\u00f1a o almac\u00e9n m\u00e1is poderoso de toda a comarca. El proced\u00eda de Tui, chegou ao concello, do que foi secretario, da man do seu sogro e paulatinamente se foi facendo co poder <strong>-ata mandar m\u00e1is c\u00f3 alcalde di Xaque<\/strong>-. Formaba parte do grupo de Gabino Bugallal, un destacado cacique, m\u00e1is importante a\u00ednda que Alonso, da zona de Ponteareas que chegou a ser ministro e era firme partidario da pol\u00edtica de represi\u00f3n contra os movementos de protesta social. En 1931 ante o o masivo apoio \u00e1 Rep\u00fablica el defend\u00eda o uso da forza para salvar \u00e1 monarqu\u00eda.<\/p>\n<\/blockquote>\n\n\n\n<blockquote class=\"wp-block-quote is-layout-flow wp-block-quote-is-layout-flow\">\n<p>O caciquismo foi un eixo moi importante , xunto coa igrexa, para soster o poder perpetuo das oligarqu\u00edas econ\u00f3micas.<\/p>\n<\/blockquote>\n\n\n\n<blockquote class=\"wp-block-quote is-layout-flow wp-block-quote-is-layout-flow\">\n<p>E a aparici\u00f3n do sindicalismo agrarista foi un problema serio para eles porque cuestionaba o que ata ese momento non cuestionou ningu\u00e9n.<\/p>\n<\/blockquote>\n\n\n\n<p><strong>Ent\u00f3n reaccionaron con violencia claro, e nese contexto enm\u00e1rcase o asasinato do voso bisav\u00f3?<\/strong><\/p>\n\n\n\n<blockquote class=\"wp-block-quote is-layout-flow wp-block-quote-is-layout-flow\">\n<p>Si, sen d\u00fabida, pero non s\u00f3 reaccionaron con violencia- <strong>apunta Xaque- <\/strong>sen\u00f3n creando os sindicatos agr\u00edcolas cat\u00f3licos para confrontar co sindicalismo agrarista.<\/p>\n<\/blockquote>\n\n\n\n<p><strong>O asasinato foi de s\u00fapeto?, ou era algo que poder\u00eda pensarse que \u00eda acontecer?<\/strong><\/p>\n\n\n\n<blockquote class=\"wp-block-quote is-layout-flow wp-block-quote-is-layout-flow\">\n<p>O asasinato foi a tiros polas costas. Pero el xa vi\u00f1a sendo acosado e perseguido de distintas maneiras<\/p>\n<\/blockquote>\n\n\n\n<p><strong>Por exemplo?<\/strong><\/p>\n\n\n\n<blockquote class=\"wp-block-quote is-layout-flow wp-block-quote-is-layout-flow\">\n<p>Retir\u00e1ndolle a licencia para un estanco que ti\u00f1a.<\/p>\n<\/blockquote>\n\n\n\n<p><strong>Os asasinos foron xulgados verdade?<\/strong><\/p>\n\n\n\n<blockquote class=\"wp-block-quote is-layout-flow wp-block-quote-is-layout-flow\">\n<p>Si. E a polic\u00eda ti\u00f1a o testemu\u00f1o do propio Pancho, que tardou 17 horas en morrer e puido identificar aos asasinos e tam\u00e9n houbo testemu\u00f1as no xu\u00edzo, Rafael Rodal e a s\u00faa esposa Elvira Garc\u00eda, irm\u00e1 do que era alcalde de As Neves, e de dous nenos que presenciaron o crime, pero no xu\u00edzo sa\u00edron impunes. Cremos que o xurado popular foi buscado ad hoc para que absolveran aos asasinos.<\/p>\n<\/blockquote>\n\n\n\n<p><strong>Onde est\u00e1 enterrado Pancho?<\/strong><\/p>\n\n\n\n<blockquote class=\"wp-block-quote is-layout-flow wp-block-quote-is-layout-flow\">\n<p>Foi soterrado en Lourido e co tempo pasaron as cinzas a Fornelos da Ribeira , xunto coa s\u00faa vi\u00fava Encarnaci\u00f3n.<\/p>\n<\/blockquote>\n","protected":false},"excerpt":{"rendered":"<div class=\"mh-excerpt\"><p>O protagonista deste traballo, Francisco Rodr\u00edguez Pancho, foi un l\u00edder agrarista galego natural da pequena parroquia de Lourido no concello de Salvaterra de Mi\u00f1o, chegou a ser o presidente da \u201c Uni\u00f3n campesi\u00f1a de Fornelos\u201d <a class=\"mh-excerpt-more\" href=\"https:\/\/www.anovapeneira.gal\/index.php\/2023\/03\/24\/o-asasinato-de-francisco-rodriguez-pancho\/\" title=\"O asasinato de Francisco Rodr\u00edguez \u201cPancho\u201d\">[&#8230;]<\/a><\/p>\n<\/div>","protected":false},"author":2,"featured_media":9341,"comment_status":"open","ping_status":"open","sticky":false,"template":"","format":"standard","meta":{"_exactmetrics_skip_tracking":false,"_exactmetrics_sitenote_active":false,"_exactmetrics_sitenote_note":"","_exactmetrics_sitenote_category":0,"footnotes":""},"categories":[25],"tags":[1351,186],"class_list":{"0":"post-9339","1":"post","2":"type-post","3":"status-publish","4":"format-standard","5":"has-post-thumbnail","7":"category-condado","8":"tag-anton-xaque","9":"tag-concello-de-salvaterra-do-mino"},"yoast_head":"<!-- This site is optimized with the Yoast SEO plugin v27.4 - https:\/\/yoast.com\/product\/yoast-seo-wordpress\/ -->\n<title>O asasinato de Francisco Rodr\u00edguez \u201cPancho\u201d -<\/title>\n<meta name=\"description\" content=\"O protagonista deste traballo, Francisco Rodr\u00edguez Pancho, foi un l\u00edder agrarista galego natural da pequena parroquia de Lourido no concello de Salvaterra de Mi\u00f1o, chegou a ser o presidente da \u201c Uni\u00f3n campesi\u00f1a de Fornelos\u201d\" \/>\n<meta name=\"robots\" content=\"index, follow, max-snippet:-1, max-image-preview:large, max-video-preview:-1\" \/>\n<link rel=\"canonical\" href=\"https:\/\/www.anovapeneira.gal\/index.php\/2023\/03\/24\/o-asasinato-de-francisco-rodriguez-pancho\/\" \/>\n<meta property=\"og:locale\" content=\"gl_ES\" \/>\n<meta property=\"og:type\" content=\"article\" \/>\n<meta property=\"og:title\" content=\"O asasinato de Francisco Rodr\u00edguez \u201cPancho\u201d -\" \/>\n<meta property=\"og:description\" content=\"O protagonista deste traballo, Francisco Rodr\u00edguez Pancho, foi un l\u00edder agrarista galego natural da pequena parroquia de Lourido no concello de Salvaterra de Mi\u00f1o, chegou a ser o presidente da \u201c Uni\u00f3n campesi\u00f1a de Fornelos\u201d\" \/>\n<meta property=\"og:url\" content=\"https:\/\/www.anovapeneira.gal\/index.php\/2023\/03\/24\/o-asasinato-de-francisco-rodriguez-pancho\/\" \/>\n<meta property=\"article:publisher\" content=\"https:\/\/www.facebook.com\/anovapeneira\" \/>\n<meta property=\"article:published_time\" content=\"2023-03-24T11:00:48+00:00\" \/>\n<meta property=\"og:image\" content=\"https:\/\/www.anovapeneira.gal\/wp-content\/uploads\/2023\/03\/crimen_salvaterra.jpg\" \/>\n\t<meta property=\"og:image:width\" content=\"720\" \/>\n\t<meta property=\"og:image:height\" content=\"432\" \/>\n\t<meta property=\"og:image:type\" content=\"image\/jpeg\" \/>\n<meta name=\"author\" content=\"Tino Lago\" \/>\n<meta name=\"twitter:card\" content=\"summary_large_image\" \/>\n<meta name=\"twitter:creator\" content=\"@APeneira\" \/>\n<meta name=\"twitter:site\" content=\"@APeneira\" \/>\n<meta name=\"twitter:label1\" content=\"Escrito por\" \/>\n\t<meta name=\"twitter:data1\" content=\"Tino Lago\" \/>\n\t<meta name=\"twitter:label2\" content=\"Tempo de lectura\" \/>\n\t<meta name=\"twitter:data2\" content=\"7 minutos\" \/>\n<script type=\"application\/ld+json\" class=\"yoast-schema-graph\">{\"@context\":\"https:\\\/\\\/schema.org\",\"@graph\":[{\"@type\":\"Article\",\"@id\":\"https:\\\/\\\/www.anovapeneira.gal\\\/index.php\\\/2023\\\/03\\\/24\\\/o-asasinato-de-francisco-rodriguez-pancho\\\/#article\",\"isPartOf\":{\"@id\":\"https:\\\/\\\/www.anovapeneira.gal\\\/index.php\\\/2023\\\/03\\\/24\\\/o-asasinato-de-francisco-rodriguez-pancho\\\/\"},\"author\":{\"name\":\"Tino Lago\",\"@id\":\"https:\\\/\\\/www.anovapeneira.gal\\\/#\\\/schema\\\/person\\\/424dfe65e3070fd8a44d22d2c088762a\"},\"headline\":\"O asasinato de Francisco Rodr\u00edguez \u201cPancho\u201d\",\"datePublished\":\"2023-03-24T11:00:48+00:00\",\"mainEntityOfPage\":{\"@id\":\"https:\\\/\\\/www.anovapeneira.gal\\\/index.php\\\/2023\\\/03\\\/24\\\/o-asasinato-de-francisco-rodriguez-pancho\\\/\"},\"wordCount\":1233,\"commentCount\":0,\"publisher\":{\"@id\":\"https:\\\/\\\/www.anovapeneira.gal\\\/#organization\"},\"image\":{\"@id\":\"https:\\\/\\\/www.anovapeneira.gal\\\/index.php\\\/2023\\\/03\\\/24\\\/o-asasinato-de-francisco-rodriguez-pancho\\\/#primaryimage\"},\"thumbnailUrl\":\"https:\\\/\\\/www.anovapeneira.gal\\\/wp-content\\\/uploads\\\/2023\\\/03\\\/crimen_salvaterra.jpg\",\"keywords\":[\"Ant\u00f3n &quot;Xaque&quot;\",\"Concello de Salvaterra do Mi\u00f1o\"],\"articleSection\":[\"Condado\"],\"inLanguage\":\"gl-ES\",\"potentialAction\":[{\"@type\":\"CommentAction\",\"name\":\"Comment\",\"target\":[\"https:\\\/\\\/www.anovapeneira.gal\\\/index.php\\\/2023\\\/03\\\/24\\\/o-asasinato-de-francisco-rodriguez-pancho\\\/#respond\"]}]},{\"@type\":\"WebPage\",\"@id\":\"https:\\\/\\\/www.anovapeneira.gal\\\/index.php\\\/2023\\\/03\\\/24\\\/o-asasinato-de-francisco-rodriguez-pancho\\\/\",\"url\":\"https:\\\/\\\/www.anovapeneira.gal\\\/index.php\\\/2023\\\/03\\\/24\\\/o-asasinato-de-francisco-rodriguez-pancho\\\/\",\"name\":\"O asasinato de Francisco Rodr\u00edguez \u201cPancho\u201d -\",\"isPartOf\":{\"@id\":\"https:\\\/\\\/www.anovapeneira.gal\\\/#website\"},\"primaryImageOfPage\":{\"@id\":\"https:\\\/\\\/www.anovapeneira.gal\\\/index.php\\\/2023\\\/03\\\/24\\\/o-asasinato-de-francisco-rodriguez-pancho\\\/#primaryimage\"},\"image\":{\"@id\":\"https:\\\/\\\/www.anovapeneira.gal\\\/index.php\\\/2023\\\/03\\\/24\\\/o-asasinato-de-francisco-rodriguez-pancho\\\/#primaryimage\"},\"thumbnailUrl\":\"https:\\\/\\\/www.anovapeneira.gal\\\/wp-content\\\/uploads\\\/2023\\\/03\\\/crimen_salvaterra.jpg\",\"datePublished\":\"2023-03-24T11:00:48+00:00\",\"description\":\"O protagonista deste traballo, Francisco Rodr\u00edguez Pancho, foi un l\u00edder agrarista galego natural da pequena parroquia de Lourido no concello de Salvaterra de Mi\u00f1o, chegou a ser o presidente da \u201c Uni\u00f3n campesi\u00f1a de Fornelos\u201d\",\"breadcrumb\":{\"@id\":\"https:\\\/\\\/www.anovapeneira.gal\\\/index.php\\\/2023\\\/03\\\/24\\\/o-asasinato-de-francisco-rodriguez-pancho\\\/#breadcrumb\"},\"inLanguage\":\"gl-ES\",\"potentialAction\":[{\"@type\":\"ReadAction\",\"target\":[\"https:\\\/\\\/www.anovapeneira.gal\\\/index.php\\\/2023\\\/03\\\/24\\\/o-asasinato-de-francisco-rodriguez-pancho\\\/\"]}]},{\"@type\":\"ImageObject\",\"inLanguage\":\"gl-ES\",\"@id\":\"https:\\\/\\\/www.anovapeneira.gal\\\/index.php\\\/2023\\\/03\\\/24\\\/o-asasinato-de-francisco-rodriguez-pancho\\\/#primaryimage\",\"url\":\"https:\\\/\\\/www.anovapeneira.gal\\\/wp-content\\\/uploads\\\/2023\\\/03\\\/crimen_salvaterra.jpg\",\"contentUrl\":\"https:\\\/\\\/www.anovapeneira.gal\\\/wp-content\\\/uploads\\\/2023\\\/03\\\/crimen_salvaterra.jpg\",\"width\":720,\"height\":432,\"caption\":\"Nicolas e Fernanda, os bisnetos do asasinado no lugar do crime\"},{\"@type\":\"BreadcrumbList\",\"@id\":\"https:\\\/\\\/www.anovapeneira.gal\\\/index.php\\\/2023\\\/03\\\/24\\\/o-asasinato-de-francisco-rodriguez-pancho\\\/#breadcrumb\",\"itemListElement\":[{\"@type\":\"ListItem\",\"position\":1,\"name\":\"Portada\",\"item\":\"https:\\\/\\\/www.anovapeneira.gal\\\/\"},{\"@type\":\"ListItem\",\"position\":2,\"name\":\"O asasinato de Francisco Rodr\u00edguez \u201cPancho\u201d\"}]},{\"@type\":\"WebSite\",\"@id\":\"https:\\\/\\\/www.anovapeneira.gal\\\/#website\",\"url\":\"https:\\\/\\\/www.anovapeneira.gal\\\/\",\"name\":\"\",\"description\":\"Xornal galego de informaci\u00f3n xeral Publicaci\u00f3n mensual de novas de Galicia e en especial dos Concellos da sur da provincia de Pontevedra.\",\"publisher\":{\"@id\":\"https:\\\/\\\/www.anovapeneira.gal\\\/#organization\"},\"potentialAction\":[{\"@type\":\"SearchAction\",\"target\":{\"@type\":\"EntryPoint\",\"urlTemplate\":\"https:\\\/\\\/www.anovapeneira.gal\\\/?s={search_term_string}\"},\"query-input\":{\"@type\":\"PropertyValueSpecification\",\"valueRequired\":true,\"valueName\":\"search_term_string\"}}],\"inLanguage\":\"gl-ES\"},{\"@type\":\"Organization\",\"@id\":\"https:\\\/\\\/www.anovapeneira.gal\\\/#organization\",\"name\":\"A Nova Peneira\",\"url\":\"https:\\\/\\\/www.anovapeneira.gal\\\/\",\"logo\":{\"@type\":\"ImageObject\",\"inLanguage\":\"gl-ES\",\"@id\":\"https:\\\/\\\/www.anovapeneira.gal\\\/#\\\/schema\\\/logo\\\/image\\\/\",\"url\":\"http:\\\/\\\/www.anovapeneira.gal\\\/wp-content\\\/uploads\\\/2019\\\/06\\\/logo_a_nova_peneira_portal_web.png\",\"contentUrl\":\"http:\\\/\\\/www.anovapeneira.gal\\\/wp-content\\\/uploads\\\/2019\\\/06\\\/logo_a_nova_peneira_portal_web.png\",\"width\":300,\"height\":100,\"caption\":\"A Nova Peneira\"},\"image\":{\"@id\":\"https:\\\/\\\/www.anovapeneira.gal\\\/#\\\/schema\\\/logo\\\/image\\\/\"},\"sameAs\":[\"https:\\\/\\\/www.facebook.com\\\/anovapeneira\",\"https:\\\/\\\/x.com\\\/APeneira\"]},{\"@type\":\"Person\",\"@id\":\"https:\\\/\\\/www.anovapeneira.gal\\\/#\\\/schema\\\/person\\\/424dfe65e3070fd8a44d22d2c088762a\",\"name\":\"Tino Lago\",\"image\":{\"@type\":\"ImageObject\",\"inLanguage\":\"gl-ES\",\"@id\":\"https:\\\/\\\/secure.gravatar.com\\\/avatar\\\/b3df6a06e44bab3111583b90f0f33a0379ee5e3d22cbadd232d39f21c30c62be?s=96&d=mm&r=g\",\"url\":\"https:\\\/\\\/secure.gravatar.com\\\/avatar\\\/b3df6a06e44bab3111583b90f0f33a0379ee5e3d22cbadd232d39f21c30c62be?s=96&d=mm&r=g\",\"contentUrl\":\"https:\\\/\\\/secure.gravatar.com\\\/avatar\\\/b3df6a06e44bab3111583b90f0f33a0379ee5e3d22cbadd232d39f21c30c62be?s=96&d=mm&r=g\",\"caption\":\"Tino Lago\"},\"sameAs\":[\"http:\\\/\\\/www.anovapeneira.gal\"],\"url\":\"https:\\\/\\\/www.anovapeneira.gal\\\/index.php\\\/author\\\/director\\\/\"}]}<\/script>\n<!-- \/ Yoast SEO plugin. -->","yoast_head_json":{"title":"O asasinato de Francisco Rodr\u00edguez \u201cPancho\u201d -","description":"O protagonista deste traballo, Francisco Rodr\u00edguez Pancho, foi un l\u00edder agrarista galego natural da pequena parroquia de Lourido no concello de Salvaterra de Mi\u00f1o, chegou a ser o presidente da \u201c Uni\u00f3n campesi\u00f1a de Fornelos\u201d","robots":{"index":"index","follow":"follow","max-snippet":"max-snippet:-1","max-image-preview":"max-image-preview:large","max-video-preview":"max-video-preview:-1"},"canonical":"https:\/\/www.anovapeneira.gal\/index.php\/2023\/03\/24\/o-asasinato-de-francisco-rodriguez-pancho\/","og_locale":"gl_ES","og_type":"article","og_title":"O asasinato de Francisco Rodr\u00edguez \u201cPancho\u201d -","og_description":"O protagonista deste traballo, Francisco Rodr\u00edguez Pancho, foi un l\u00edder agrarista galego natural da pequena parroquia de Lourido no concello de Salvaterra de Mi\u00f1o, chegou a ser o presidente da \u201c Uni\u00f3n campesi\u00f1a de Fornelos\u201d","og_url":"https:\/\/www.anovapeneira.gal\/index.php\/2023\/03\/24\/o-asasinato-de-francisco-rodriguez-pancho\/","article_publisher":"https:\/\/www.facebook.com\/anovapeneira","article_published_time":"2023-03-24T11:00:48+00:00","og_image":[{"width":720,"height":432,"url":"https:\/\/www.anovapeneira.gal\/wp-content\/uploads\/2023\/03\/crimen_salvaterra.jpg","type":"image\/jpeg"}],"author":"Tino Lago","twitter_card":"summary_large_image","twitter_creator":"@APeneira","twitter_site":"@APeneira","twitter_misc":{"Escrito por":"Tino Lago","Tempo de lectura":"7 minutos"},"schema":{"@context":"https:\/\/schema.org","@graph":[{"@type":"Article","@id":"https:\/\/www.anovapeneira.gal\/index.php\/2023\/03\/24\/o-asasinato-de-francisco-rodriguez-pancho\/#article","isPartOf":{"@id":"https:\/\/www.anovapeneira.gal\/index.php\/2023\/03\/24\/o-asasinato-de-francisco-rodriguez-pancho\/"},"author":{"name":"Tino Lago","@id":"https:\/\/www.anovapeneira.gal\/#\/schema\/person\/424dfe65e3070fd8a44d22d2c088762a"},"headline":"O asasinato de Francisco Rodr\u00edguez \u201cPancho\u201d","datePublished":"2023-03-24T11:00:48+00:00","mainEntityOfPage":{"@id":"https:\/\/www.anovapeneira.gal\/index.php\/2023\/03\/24\/o-asasinato-de-francisco-rodriguez-pancho\/"},"wordCount":1233,"commentCount":0,"publisher":{"@id":"https:\/\/www.anovapeneira.gal\/#organization"},"image":{"@id":"https:\/\/www.anovapeneira.gal\/index.php\/2023\/03\/24\/o-asasinato-de-francisco-rodriguez-pancho\/#primaryimage"},"thumbnailUrl":"https:\/\/www.anovapeneira.gal\/wp-content\/uploads\/2023\/03\/crimen_salvaterra.jpg","keywords":["Ant\u00f3n &quot;Xaque&quot;","Concello de Salvaterra do Mi\u00f1o"],"articleSection":["Condado"],"inLanguage":"gl-ES","potentialAction":[{"@type":"CommentAction","name":"Comment","target":["https:\/\/www.anovapeneira.gal\/index.php\/2023\/03\/24\/o-asasinato-de-francisco-rodriguez-pancho\/#respond"]}]},{"@type":"WebPage","@id":"https:\/\/www.anovapeneira.gal\/index.php\/2023\/03\/24\/o-asasinato-de-francisco-rodriguez-pancho\/","url":"https:\/\/www.anovapeneira.gal\/index.php\/2023\/03\/24\/o-asasinato-de-francisco-rodriguez-pancho\/","name":"O asasinato de Francisco Rodr\u00edguez \u201cPancho\u201d -","isPartOf":{"@id":"https:\/\/www.anovapeneira.gal\/#website"},"primaryImageOfPage":{"@id":"https:\/\/www.anovapeneira.gal\/index.php\/2023\/03\/24\/o-asasinato-de-francisco-rodriguez-pancho\/#primaryimage"},"image":{"@id":"https:\/\/www.anovapeneira.gal\/index.php\/2023\/03\/24\/o-asasinato-de-francisco-rodriguez-pancho\/#primaryimage"},"thumbnailUrl":"https:\/\/www.anovapeneira.gal\/wp-content\/uploads\/2023\/03\/crimen_salvaterra.jpg","datePublished":"2023-03-24T11:00:48+00:00","description":"O protagonista deste traballo, Francisco Rodr\u00edguez Pancho, foi un l\u00edder agrarista galego natural da pequena parroquia de Lourido no concello de Salvaterra de Mi\u00f1o, chegou a ser o presidente da \u201c Uni\u00f3n campesi\u00f1a de Fornelos\u201d","breadcrumb":{"@id":"https:\/\/www.anovapeneira.gal\/index.php\/2023\/03\/24\/o-asasinato-de-francisco-rodriguez-pancho\/#breadcrumb"},"inLanguage":"gl-ES","potentialAction":[{"@type":"ReadAction","target":["https:\/\/www.anovapeneira.gal\/index.php\/2023\/03\/24\/o-asasinato-de-francisco-rodriguez-pancho\/"]}]},{"@type":"ImageObject","inLanguage":"gl-ES","@id":"https:\/\/www.anovapeneira.gal\/index.php\/2023\/03\/24\/o-asasinato-de-francisco-rodriguez-pancho\/#primaryimage","url":"https:\/\/www.anovapeneira.gal\/wp-content\/uploads\/2023\/03\/crimen_salvaterra.jpg","contentUrl":"https:\/\/www.anovapeneira.gal\/wp-content\/uploads\/2023\/03\/crimen_salvaterra.jpg","width":720,"height":432,"caption":"Nicolas e Fernanda, os bisnetos do asasinado no lugar do crime"},{"@type":"BreadcrumbList","@id":"https:\/\/www.anovapeneira.gal\/index.php\/2023\/03\/24\/o-asasinato-de-francisco-rodriguez-pancho\/#breadcrumb","itemListElement":[{"@type":"ListItem","position":1,"name":"Portada","item":"https:\/\/www.anovapeneira.gal\/"},{"@type":"ListItem","position":2,"name":"O asasinato de Francisco Rodr\u00edguez \u201cPancho\u201d"}]},{"@type":"WebSite","@id":"https:\/\/www.anovapeneira.gal\/#website","url":"https:\/\/www.anovapeneira.gal\/","name":"","description":"Xornal galego de informaci\u00f3n xeral Publicaci\u00f3n mensual de novas de Galicia e en especial dos Concellos da sur da provincia de Pontevedra.","publisher":{"@id":"https:\/\/www.anovapeneira.gal\/#organization"},"potentialAction":[{"@type":"SearchAction","target":{"@type":"EntryPoint","urlTemplate":"https:\/\/www.anovapeneira.gal\/?s={search_term_string}"},"query-input":{"@type":"PropertyValueSpecification","valueRequired":true,"valueName":"search_term_string"}}],"inLanguage":"gl-ES"},{"@type":"Organization","@id":"https:\/\/www.anovapeneira.gal\/#organization","name":"A Nova Peneira","url":"https:\/\/www.anovapeneira.gal\/","logo":{"@type":"ImageObject","inLanguage":"gl-ES","@id":"https:\/\/www.anovapeneira.gal\/#\/schema\/logo\/image\/","url":"http:\/\/www.anovapeneira.gal\/wp-content\/uploads\/2019\/06\/logo_a_nova_peneira_portal_web.png","contentUrl":"http:\/\/www.anovapeneira.gal\/wp-content\/uploads\/2019\/06\/logo_a_nova_peneira_portal_web.png","width":300,"height":100,"caption":"A Nova Peneira"},"image":{"@id":"https:\/\/www.anovapeneira.gal\/#\/schema\/logo\/image\/"},"sameAs":["https:\/\/www.facebook.com\/anovapeneira","https:\/\/x.com\/APeneira"]},{"@type":"Person","@id":"https:\/\/www.anovapeneira.gal\/#\/schema\/person\/424dfe65e3070fd8a44d22d2c088762a","name":"Tino Lago","image":{"@type":"ImageObject","inLanguage":"gl-ES","@id":"https:\/\/secure.gravatar.com\/avatar\/b3df6a06e44bab3111583b90f0f33a0379ee5e3d22cbadd232d39f21c30c62be?s=96&d=mm&r=g","url":"https:\/\/secure.gravatar.com\/avatar\/b3df6a06e44bab3111583b90f0f33a0379ee5e3d22cbadd232d39f21c30c62be?s=96&d=mm&r=g","contentUrl":"https:\/\/secure.gravatar.com\/avatar\/b3df6a06e44bab3111583b90f0f33a0379ee5e3d22cbadd232d39f21c30c62be?s=96&d=mm&r=g","caption":"Tino Lago"},"sameAs":["http:\/\/www.anovapeneira.gal"],"url":"https:\/\/www.anovapeneira.gal\/index.php\/author\/director\/"}]}},"jetpack_featured_media_url":"https:\/\/www.anovapeneira.gal\/wp-content\/uploads\/2023\/03\/crimen_salvaterra.jpg","_links":{"self":[{"href":"https:\/\/www.anovapeneira.gal\/index.php\/wp-json\/wp\/v2\/posts\/9339","targetHints":{"allow":["GET"]}}],"collection":[{"href":"https:\/\/www.anovapeneira.gal\/index.php\/wp-json\/wp\/v2\/posts"}],"about":[{"href":"https:\/\/www.anovapeneira.gal\/index.php\/wp-json\/wp\/v2\/types\/post"}],"author":[{"embeddable":true,"href":"https:\/\/www.anovapeneira.gal\/index.php\/wp-json\/wp\/v2\/users\/2"}],"replies":[{"embeddable":true,"href":"https:\/\/www.anovapeneira.gal\/index.php\/wp-json\/wp\/v2\/comments?post=9339"}],"version-history":[{"count":4,"href":"https:\/\/www.anovapeneira.gal\/index.php\/wp-json\/wp\/v2\/posts\/9339\/revisions"}],"predecessor-version":[{"id":9347,"href":"https:\/\/www.anovapeneira.gal\/index.php\/wp-json\/wp\/v2\/posts\/9339\/revisions\/9347"}],"wp:featuredmedia":[{"embeddable":true,"href":"https:\/\/www.anovapeneira.gal\/index.php\/wp-json\/wp\/v2\/media\/9341"}],"wp:attachment":[{"href":"https:\/\/www.anovapeneira.gal\/index.php\/wp-json\/wp\/v2\/media?parent=9339"}],"wp:term":[{"taxonomy":"category","embeddable":true,"href":"https:\/\/www.anovapeneira.gal\/index.php\/wp-json\/wp\/v2\/categories?post=9339"},{"taxonomy":"post_tag","embeddable":true,"href":"https:\/\/www.anovapeneira.gal\/index.php\/wp-json\/wp\/v2\/tags?post=9339"}],"curies":[{"name":"wp","href":"https:\/\/api.w.org\/{rel}","templated":true}]}}