{"id":9356,"date":"2023-03-27T10:00:58","date_gmt":"2023-03-27T08:00:58","guid":{"rendered":"https:\/\/www.anovapeneira.gal\/?p=9356"},"modified":"2023-03-24T12:57:42","modified_gmt":"2023-03-24T11:57:42","slug":"a-situacion-do-sector-do-automobil-na-area-de-vigo-desde-unha-perspectiva-sindical","status":"publish","type":"post","link":"https:\/\/www.anovapeneira.gal\/index.php\/2023\/03\/27\/a-situacion-do-sector-do-automobil-na-area-de-vigo-desde-unha-perspectiva-sindical\/","title":{"rendered":"A situaci\u00f3n do sector do autom\u00f3bil na \u00e1rea de Vigo desde unha perspectiva sindical"},"content":{"rendered":"\n<p><strong>A comarca de Vigo non se pode entender separada do sector do metal. Foi o esforzo e o traballo de xeraci\u00f3ns de operarios e de operarias do autom\u00f3bil e do naval elemento crucial na construci\u00f3n da nosa cidade, da s\u00faa \u00e1rea de influencia, do benestar de milleiros de familias e da prosperidade das s\u00faas empresas. Hoxe o sector naval navega non sei se cara a s\u00faa desaparici\u00f3n, pero si cara a un escenario terrible de dimensi\u00f3ns m\u00ednimas que nin por asomo se pode comparar co peso hist\u00f3rico que chegou a ter na r\u00eda de Vigo. Mentres o naval agoniza o alcalde histri\u00f3n que padece esta cidade mira para outro lado e ded\u00edcase a alimentar o seu ego narcisista e pailaroco. Na nosa cidade non se asenta unha industria nova desde hai 15 anos e o alcalde, un home de poucas luces, desaparecido . O outro dos sectores esenciais na arquitectura industrial da comarca viguesa \u00e9 o do autom\u00f3bil. E aqu\u00ed tam\u00e9n se comezan a albiscar elementos preocupantes que o sit\u00faan nunha situaci\u00f3n de incerteza. Para co\u00f1ecermos un pouco m\u00e1is o estado da situaci\u00f3n falamos con tres veteranos sindicalistas da CIG presidentes dos comit\u00e9s de empresa de 3 importantes factor\u00edas viguesas do sector<\/strong><\/p>\n\n\n\n<p><strong>Pedro Velasco, presidente do comit\u00e9 de empresa de GKN, Eduardo R\u00faanova, presidente do comit\u00e9 de empresa de ZF Dalphi Metal e Lu\u00eds Lobato, presidente do comit\u00e9 de empresa de Borgwarner.<\/strong><\/p>\n\n\n\n<p>\u201c <strong>O sector do autom\u00f3bil est\u00e1 nunha preocupante situaci\u00f3n de incerteza. E, ou as administraci\u00f3ns se implican xa, ou o risco de vivirmos unha situaci\u00f3n an\u00e1loga \u00e1 que vive o naval da r\u00eda de Vigo \u00e9 real\u201d<\/strong><\/p>\n\n\n\n<p><strong>Eduardo, canto tempo levas ti no mundo sindical e canta antig\u00fcidade tes na empresa?<\/strong><\/p>\n\n\n\n<blockquote class=\"wp-block-quote is-layout-flow wp-block-quote-is-layout-flow\">\n<p>Aproximadamente 10 anos e te\u00f1o 28 anos de antig\u00fcidade na empresa. Antes estiven nunha empresa do sector naval e noutra de reciclaxe de pezas do autom\u00f3bil.<\/p>\n<\/blockquote>\n\n\n\n<p><strong>E ti, Lu\u00eds?<\/strong><\/p>\n\n\n\n<blockquote class=\"wp-block-quote is-layout-flow wp-block-quote-is-layout-flow\">\n<p>Levo traballando no metal desde o 2001. E<strong> l<\/strong>evo como representante sindical desde decembro do 2006.<\/p>\n<\/blockquote>\n\n\n\n<p><strong>Nestas \u00faltimas elecci\u00f3ns tivestes un moi bo resultado?<\/strong><\/p>\n\n\n\n<blockquote class=\"wp-block-quote is-layout-flow wp-block-quote-is-layout-flow\">\n<p>Si, de 21 delegados sacamos 10.Antes ti\u00f1amos 4 .E houbo cinco sindicatos que presentaron candidatura<\/p>\n<\/blockquote>\n\n\n\n<p><strong>Subistes de 4 a 10, por que motivo crees que obtivestes tan bo resultado?<\/strong><\/p>\n\n\n\n<blockquote class=\"wp-block-quote is-layout-flow wp-block-quote-is-layout-flow\">\n<p>Polo traballo sindical, pola nosa coherencia ideol\u00f3xica e pola nosa firmeza para estarmos sempre, sen matices, no sitio que debemos estar: Na defensa dos intereses da clase traballadora<\/p>\n<\/blockquote>\n\n\n\n<p><strong>Faltas ti Pedro?<\/strong><\/p>\n\n\n\n<blockquote class=\"wp-block-quote is-layout-flow wp-block-quote-is-layout-flow\">\n<p>Eu levo 16 anos facendo sindicalismo e 27 como traballador de GKN<\/p>\n<\/blockquote>\n\n\n\n<p><strong>E recentemente fuches elixido presidente do comit\u00e9 de empresa?<\/strong><\/p>\n\n\n\n<blockquote class=\"wp-block-quote is-layout-flow wp-block-quote-is-layout-flow\">\n<p>Si, nestas \u00faltimas elecci\u00f3ns sacamos maior\u00eda simple con 8 delegados de 21.<\/p>\n<\/blockquote>\n\n\n\n<p><strong>Os tres que levades moitos anos de experiencia no mundo sindical, pensades que se pode dicir con rotundidade que en xeral os traballadores e traballadoras valoran a firmeza o compromiso e a pol\u00edtica sindical de combate?<\/strong><\/p>\n\n\n\n<blockquote class=\"wp-block-quote is-layout-flow wp-block-quote-is-layout-flow\">\n<p>Si, en xeral pensamos que se pode dicir que si. Unha cousa que te\u00f1en clara \u00e9 que onde non est\u00e1 a CIG cunha representaci\u00f3n forte, te\u00f1en sempre un empobrecemento das s\u00faas condici\u00f3ns laborais.<\/p>\n<\/blockquote>\n\n\n\n<p><strong>Quero que as tres fagades unha valoraci\u00f3n da situaci\u00f3n xeral do sector do autom\u00f3bil na comarca de Vigo.<\/strong><\/p>\n\n\n\n<blockquote class=\"wp-block-quote is-layout-flow wp-block-quote-is-layout-flow\">\n<p><strong>Eduardo<\/strong>: o sector est\u00e1 nunha situaci\u00f3n de preocupante incerteza. Entre outros motivos impulsada polas informaci\u00f3ns nada claras, e incluso \u00e1s veces contraditorias, sobre o coche el\u00e9ctrico.<\/p>\n<\/blockquote>\n\n\n\n<blockquote class=\"wp-block-quote is-layout-flow wp-block-quote-is-layout-flow\">\n<p><strong>Lu\u00eds<\/strong>: Eu engadir\u00eda que a nosa comarca vive un proceso de desindustrializaci\u00f3n evidente para calquera que non estea cego .E as distintas administraci\u00f3ns non fan nada para evitalo.<\/p>\n<\/blockquote>\n\n\n\n<blockquote class=\"wp-block-quote is-layout-flow wp-block-quote-is-layout-flow\">\n<p><strong>Pedro<\/strong>: Eu coincido coa valoraci\u00f3ns dos meus compa\u00f1eiros e tam\u00e9n quixera apuntar que Citro\u00ebn, a empresa matriz da comarca, desenvolve pol\u00edticas que son totalmente abusivas.<\/p>\n<\/blockquote>\n\n\n\n<p><strong>Concr\u00e9tame Pedro en que ser\u00edan pol\u00edticas abusivas ?<\/strong><\/p>\n\n\n\n<blockquote class=\"wp-block-quote is-layout-flow wp-block-quote-is-layout-flow\">\n<p>Esencialmente dous tipos :Reduci\u00f3ns de salarios- Alt\u00edsimas cargas de traballo que supo\u00f1en problemas moi serios de sa\u00fade laboral.<\/p>\n<\/blockquote>\n\n\n\n<p><strong>Estades de acordo con esta valoraci\u00f3n de Pedro?<\/strong><\/p>\n\n\n\n<blockquote class=\"wp-block-quote is-layout-flow wp-block-quote-is-layout-flow\">\n<p>Si. En li\u00f1as xerais no autom\u00f3bil est\u00e1 a haber un exceso de carga de traballo. As empresas non fan o suficiente por desenvolver unha adecuada pol\u00edtica de sa\u00fade laboral e esixen m\u00e1ximo rendemento \u00e1 clase traballadora.<\/p>\n<\/blockquote>\n\n\n\n<p><strong>Ent\u00f3n, ao voso xu\u00edzo, p\u00f3dese dicir con claridade que no autom\u00f3bil se traballa m\u00e1is do que se debe?<\/strong><\/p>\n\n\n\n<blockquote class=\"wp-block-quote is-layout-flow wp-block-quote-is-layout-flow\">\n<p><strong>Luis: <\/strong>Rotundamente si.<\/p>\n<\/blockquote>\n\n\n\n<blockquote class=\"wp-block-quote is-layout-flow wp-block-quote-is-layout-flow\">\n<p><strong>Eduardo<\/strong>: Si, sen d\u00fabida si. Eu quero engadir que hai moitas baixas por temas f\u00edsicos debido ao exceso de carga de traballo, pero tam\u00e9n as hai motivadas por cuesti\u00f3ns mentais derivadas da notable presi\u00f3n que sofren non s\u00f3 os operarios, tam\u00e9n os t\u00e9cnicos. Ollo a este asunto, pois nos \u00faltimos anos vimos notando un aumento substantivo de problemas deste colectivo resultantes da presi\u00f3n laboral \u00e1 que son sometidos.<\/p>\n<\/blockquote>\n\n\n\n<p><strong>Todos notades esa presi\u00f3n ao colectivo de t\u00e9cnicos que menciona Eduardo?<\/strong><\/p>\n\n\n\n<blockquote class=\"wp-block-quote is-layout-flow wp-block-quote-is-layout-flow\">\n<p><strong>Pedro e Luis: <\/strong>Si<strong>, <\/strong>nesta \u00faltima d\u00e9cada, o que m\u00e1is se palpa no sector, son os novos explotados. Estes son os traballadores do colectivo de t\u00e9cnicos. Contratos en pr\u00e1cticas, de bolseiros e con responsabilidades excesivas.<\/p>\n<\/blockquote>\n\n\n\n<p><strong>As pol\u00edticas de sa\u00fade laboral que se desenvolven nas empresas son suficientes?<\/strong><\/p>\n\n\n\n<blockquote class=\"wp-block-quote is-layout-flow wp-block-quote-is-layout-flow\">\n<p>Son totalmente Insuficientes.<\/p>\n<\/blockquote>\n\n\n\n<p><strong>Cales son as consultas m\u00e1is habituais que vos fan os compa\u00f1eiros e compa\u00f1eiras?<\/strong><\/p>\n\n\n\n<blockquote class=\"wp-block-quote is-layout-flow wp-block-quote-is-layout-flow\">\n<p>Os traballadores de produci\u00f3n sobre sa\u00fade laboral de trastornos esquel\u00e9ticos por movementos repetitivos.<\/p>\n<\/blockquote>\n\n\n\n<blockquote class=\"wp-block-quote is-layout-flow wp-block-quote-is-layout-flow\">\n<p>Os t\u00e9cnicos sobre o exceso de xornada, responsabilidade e carga de traballo excesiva que son incapaces de cumprir.<\/p>\n<\/blockquote>\n\n\n\n<p><strong>Os tres levades moitos anos no movemento sindical, nalg\u00fan momento notastes presi\u00f3n por parte da direcci\u00f3n das empresas pola vosa posici\u00f3n sindical?<\/strong><\/p>\n\n\n\n<blockquote class=\"wp-block-quote is-layout-flow wp-block-quote-is-layout-flow\">\n<p><strong>Os tres:<\/strong>Si. A CIG \u00e9 un sindicato que polo seu modelo de sindicalismo honesto e combativo non adoita ser benvido nas empresas.<\/p>\n<\/blockquote>\n\n\n\n<p><strong>Como se comporta a administraci\u00f3n municipal co sector , ao voso xu\u00edzo?<\/strong><\/p>\n\n\n\n<blockquote class=\"wp-block-quote is-layout-flow wp-block-quote-is-layout-flow\">\n<p>Est\u00e1 desaparecida. En Vigo e Comarca levamos m\u00e1is de 15 anos sen ter unha industria nova. Mais de 7.000 vigueses cruzan todos os d\u00edas a fronteira para traballar na industria portuguesa en moitos casos por soldos mis\u00e9rrimos de 700\u20ac.<\/p>\n<\/blockquote>\n\n\n\n<p><strong>Corre perigo o sector do autom\u00f3bil de chegar a unha situaci\u00f3n an\u00e1loga \u00e1 que sofre o sector do naval na actualidade?<\/strong><\/p>\n\n\n\n<blockquote class=\"wp-block-quote is-layout-flow wp-block-quote-is-layout-flow\">\n<p><strong>Os tres:<\/strong>O tema da deslocalizaci\u00f3n de empresas e da manufactura externalizada a outros pa\u00edses de baixo custo \u00e9 un perigo real, desde logo que si. As patentes dos enxe\u00f1eiros custeadas con subvenci\u00f3ns de I+D+I da Xunta de Galicia est\u00e1n a copiarse para a s\u00faa posterior fabricaci\u00f3n en pa\u00edses de baixo custo como Roman\u00eda ou Polonia. Si, corre perigo, e a ameaza de levar a produci\u00f3n a outras localizaci\u00f3ns, \u00e9 constante.<\/p>\n<\/blockquote>\n\n\n\n<p><strong>Como se pode combater a deslocalizaci\u00f3n ?<\/strong><\/p>\n\n\n\n<blockquote class=\"wp-block-quote is-layout-flow wp-block-quote-is-layout-flow\">\n<p>Son as pol\u00edticas das diferentes administraci\u00f3ns as que te\u00f1en que po\u00f1erlle freo a isto, te\u00f1en que lexislar para impedir que co di\u00f1eiro que dan en subvenci\u00f3ns, as empresas leven a produci\u00f3n f\u00f3ra.<\/p>\n<\/blockquote>\n\n\n\n<p><strong>Como est\u00e1 o tema das paradas por falta de microchips?<\/strong><\/p>\n\n\n\n<blockquote class=\"wp-block-quote is-layout-flow wp-block-quote-is-layout-flow\">\n<p><strong>Lu\u00eds:<\/strong>En Borgwarner isto xa non nos est\u00e1 afectando. Temos a sorte de non traballar para Stellantis.<\/p>\n<\/blockquote>\n\n\n\n<blockquote class=\"wp-block-quote is-layout-flow wp-block-quote-is-layout-flow\">\n<p><strong>Pedro<\/strong>:En GKN similar a Borgwarner, traballamos con moitas marcas.<\/p>\n<\/blockquote>\n\n\n\n<blockquote class=\"wp-block-quote is-layout-flow wp-block-quote-is-layout-flow\">\n<p><strong>Eduardo<\/strong>:En ZF Dalphi Metal parecido, pero puntualizar que xa non tememos eventuais en persoal por falta de compo\u00f1entes e microchips.<\/p>\n<\/blockquote>\n\n\n\n<p><strong>Desde a vosa perspectiva de sindicalistas cales ser\u00edan as medidas necesarias que se ter\u00edan que p\u00f3r en marcha para asegurar a viabilidade do sector na Comarca de Vigo?<\/strong><\/p>\n\n\n\n<p><strong>Os tres:<\/strong><\/p>\n\n\n\n<blockquote class=\"wp-block-quote is-layout-flow wp-block-quote-is-layout-flow\">\n<p>-O primeiro \u00e9 facer pol\u00edticas que te\u00f1an por obxecto a industrializaci\u00f3n da nosa comarca .\u00c9 a industria a que xera postos de traballo de calidade e permanentes no tempo. Se nos convertemos nunha comarca que viva das luces os traballos ser\u00e1n moitos menos e moito peores.<\/p>\n<\/blockquote>\n\n\n\n<blockquote class=\"wp-block-quote is-layout-flow wp-block-quote-is-layout-flow\">\n<p>&#8211; Desenvolver un modelo de fabricaci\u00f3n que aposte polo tecnol\u00f3xico sen matices. Vigo, non pode competir con outros pa\u00edses en man de obra directa en reduci\u00f3n de custos. Temos que ser capaces de crear valor engadido aos nosos produtos, con centros de desenvolvemento que \u00e1 vez obriguen a transformar e producir ese co\u00f1ecemento aqu\u00ed.<\/p>\n<\/blockquote>\n\n\n\n<blockquote class=\"wp-block-quote is-layout-flow wp-block-quote-is-layout-flow\">\n<p>-Tam\u00e9n engadir que os custos enerx\u00e9ticos est\u00e1n a dar problemas \u00e1s empresas e desde a CIG levamos anos impulsando unha tarifa el\u00e9ctrica propia como a do Pa\u00eds Vasco. Auditar o di\u00f1eiro das subvenci\u00f3ns en I+D+I para que as empresas non marchen ou que reciban subvenci\u00f3ns en placas solares que logo non se colocan.<\/p>\n<\/blockquote>\n","protected":false},"excerpt":{"rendered":"<div class=\"mh-excerpt\"><p>A comarca de Vigo non se pode entender separada do sector do metal. Foi o esforzo e o traballo de xeraci\u00f3ns de operarios e de operarias do autom\u00f3bil e do naval elemento crucial na construci\u00f3n da nosa cidade, da s\u00faa \u00e1rea de influencia, do benestar de milleiros de familias e da prosperidade das s\u00faas empresas <a class=\"mh-excerpt-more\" href=\"https:\/\/www.anovapeneira.gal\/index.php\/2023\/03\/27\/a-situacion-do-sector-do-automobil-na-area-de-vigo-desde-unha-perspectiva-sindical\/\" title=\"A situaci\u00f3n do sector do autom\u00f3bil na \u00e1rea de Vigo desde unha perspectiva sindical\">[&#8230;]<\/a><\/p>\n<\/div>","protected":false},"author":3,"featured_media":9358,"comment_status":"open","ping_status":"open","sticky":false,"template":"","format":"standard","meta":{"_exactmetrics_skip_tracking":false,"_exactmetrics_sitenote_active":false,"_exactmetrics_sitenote_note":"","_exactmetrics_sitenote_category":0,"footnotes":""},"categories":[272],"tags":[227],"class_list":{"0":"post-9356","1":"post","2":"type-post","3":"status-publish","4":"format-standard","5":"has-post-thumbnail","7":"category-vigo-entrevistas","8":"tag-concello-de-vigo"},"yoast_head":"<!-- This site is optimized with the Yoast SEO plugin v27.4 - https:\/\/yoast.com\/product\/yoast-seo-wordpress\/ -->\n<title>A situaci\u00f3n do sector do autom\u00f3bil na \u00e1rea de Vigo desde unha perspectiva sindical -<\/title>\n<meta name=\"description\" content=\"A comarca de Vigo non se pode entender separada do sector do metal.\" \/>\n<meta name=\"robots\" content=\"index, follow, max-snippet:-1, max-image-preview:large, max-video-preview:-1\" \/>\n<link rel=\"canonical\" href=\"https:\/\/www.anovapeneira.gal\/index.php\/2023\/03\/27\/a-situacion-do-sector-do-automobil-na-area-de-vigo-desde-unha-perspectiva-sindical\/\" \/>\n<meta property=\"og:locale\" content=\"gl_ES\" \/>\n<meta property=\"og:type\" content=\"article\" \/>\n<meta property=\"og:title\" content=\"A situaci\u00f3n do sector do autom\u00f3bil na \u00e1rea de Vigo desde unha perspectiva sindical -\" \/>\n<meta property=\"og:description\" content=\"A comarca de Vigo non se pode entender separada do sector do metal.\" \/>\n<meta property=\"og:url\" content=\"https:\/\/www.anovapeneira.gal\/index.php\/2023\/03\/27\/a-situacion-do-sector-do-automobil-na-area-de-vigo-desde-unha-perspectiva-sindical\/\" \/>\n<meta property=\"article:publisher\" content=\"https:\/\/www.facebook.com\/anovapeneira\" \/>\n<meta property=\"article:published_time\" content=\"2023-03-27T08:00:58+00:00\" \/>\n<meta property=\"og:image\" content=\"https:\/\/www.anovapeneira.gal\/wp-content\/uploads\/2023\/03\/sindicalismo_vigo.jpg\" \/>\n\t<meta property=\"og:image:width\" content=\"1500\" \/>\n\t<meta property=\"og:image:height\" content=\"790\" \/>\n\t<meta property=\"og:image:type\" content=\"image\/jpeg\" \/>\n<meta name=\"author\" content=\"Redacci\u00f3n A Nova Peneira\" \/>\n<meta name=\"twitter:card\" content=\"summary_large_image\" \/>\n<meta name=\"twitter:creator\" content=\"@APeneira\" \/>\n<meta name=\"twitter:site\" content=\"@APeneira\" \/>\n<meta name=\"twitter:label1\" content=\"Escrito por\" \/>\n\t<meta name=\"twitter:data1\" content=\"Redacci\u00f3n A Nova Peneira\" \/>\n\t<meta name=\"twitter:label2\" content=\"Tempo de lectura\" \/>\n\t<meta name=\"twitter:data2\" content=\"8 minutos\" \/>\n<script type=\"application\/ld+json\" class=\"yoast-schema-graph\">{\"@context\":\"https:\\\/\\\/schema.org\",\"@graph\":[{\"@type\":\"Article\",\"@id\":\"https:\\\/\\\/www.anovapeneira.gal\\\/index.php\\\/2023\\\/03\\\/27\\\/a-situacion-do-sector-do-automobil-na-area-de-vigo-desde-unha-perspectiva-sindical\\\/#article\",\"isPartOf\":{\"@id\":\"https:\\\/\\\/www.anovapeneira.gal\\\/index.php\\\/2023\\\/03\\\/27\\\/a-situacion-do-sector-do-automobil-na-area-de-vigo-desde-unha-perspectiva-sindical\\\/\"},\"author\":{\"name\":\"Redacci\u00f3n A Nova Peneira\",\"@id\":\"https:\\\/\\\/www.anovapeneira.gal\\\/#\\\/schema\\\/person\\\/b93e3f8932e3f8da96334607eb6ac6aa\"},\"headline\":\"A situaci\u00f3n do sector do autom\u00f3bil na \u00e1rea de Vigo desde unha perspectiva sindical\",\"datePublished\":\"2023-03-27T08:00:58+00:00\",\"mainEntityOfPage\":{\"@id\":\"https:\\\/\\\/www.anovapeneira.gal\\\/index.php\\\/2023\\\/03\\\/27\\\/a-situacion-do-sector-do-automobil-na-area-de-vigo-desde-unha-perspectiva-sindical\\\/\"},\"wordCount\":1469,\"commentCount\":0,\"publisher\":{\"@id\":\"https:\\\/\\\/www.anovapeneira.gal\\\/#organization\"},\"image\":{\"@id\":\"https:\\\/\\\/www.anovapeneira.gal\\\/index.php\\\/2023\\\/03\\\/27\\\/a-situacion-do-sector-do-automobil-na-area-de-vigo-desde-unha-perspectiva-sindical\\\/#primaryimage\"},\"thumbnailUrl\":\"https:\\\/\\\/www.anovapeneira.gal\\\/wp-content\\\/uploads\\\/2023\\\/03\\\/sindicalismo_vigo.jpg\",\"keywords\":[\"Concello de Vigo\"],\"articleSection\":[\"Vigo\"],\"inLanguage\":\"gl-ES\",\"potentialAction\":[{\"@type\":\"CommentAction\",\"name\":\"Comment\",\"target\":[\"https:\\\/\\\/www.anovapeneira.gal\\\/index.php\\\/2023\\\/03\\\/27\\\/a-situacion-do-sector-do-automobil-na-area-de-vigo-desde-unha-perspectiva-sindical\\\/#respond\"]}]},{\"@type\":\"WebPage\",\"@id\":\"https:\\\/\\\/www.anovapeneira.gal\\\/index.php\\\/2023\\\/03\\\/27\\\/a-situacion-do-sector-do-automobil-na-area-de-vigo-desde-unha-perspectiva-sindical\\\/\",\"url\":\"https:\\\/\\\/www.anovapeneira.gal\\\/index.php\\\/2023\\\/03\\\/27\\\/a-situacion-do-sector-do-automobil-na-area-de-vigo-desde-unha-perspectiva-sindical\\\/\",\"name\":\"A situaci\u00f3n do sector do autom\u00f3bil na \u00e1rea de Vigo desde unha perspectiva sindical -\",\"isPartOf\":{\"@id\":\"https:\\\/\\\/www.anovapeneira.gal\\\/#website\"},\"primaryImageOfPage\":{\"@id\":\"https:\\\/\\\/www.anovapeneira.gal\\\/index.php\\\/2023\\\/03\\\/27\\\/a-situacion-do-sector-do-automobil-na-area-de-vigo-desde-unha-perspectiva-sindical\\\/#primaryimage\"},\"image\":{\"@id\":\"https:\\\/\\\/www.anovapeneira.gal\\\/index.php\\\/2023\\\/03\\\/27\\\/a-situacion-do-sector-do-automobil-na-area-de-vigo-desde-unha-perspectiva-sindical\\\/#primaryimage\"},\"thumbnailUrl\":\"https:\\\/\\\/www.anovapeneira.gal\\\/wp-content\\\/uploads\\\/2023\\\/03\\\/sindicalismo_vigo.jpg\",\"datePublished\":\"2023-03-27T08:00:58+00:00\",\"description\":\"A comarca de Vigo non se pode entender separada do sector do metal.\",\"breadcrumb\":{\"@id\":\"https:\\\/\\\/www.anovapeneira.gal\\\/index.php\\\/2023\\\/03\\\/27\\\/a-situacion-do-sector-do-automobil-na-area-de-vigo-desde-unha-perspectiva-sindical\\\/#breadcrumb\"},\"inLanguage\":\"gl-ES\",\"potentialAction\":[{\"@type\":\"ReadAction\",\"target\":[\"https:\\\/\\\/www.anovapeneira.gal\\\/index.php\\\/2023\\\/03\\\/27\\\/a-situacion-do-sector-do-automobil-na-area-de-vigo-desde-unha-perspectiva-sindical\\\/\"]}]},{\"@type\":\"ImageObject\",\"inLanguage\":\"gl-ES\",\"@id\":\"https:\\\/\\\/www.anovapeneira.gal\\\/index.php\\\/2023\\\/03\\\/27\\\/a-situacion-do-sector-do-automobil-na-area-de-vigo-desde-unha-perspectiva-sindical\\\/#primaryimage\",\"url\":\"https:\\\/\\\/www.anovapeneira.gal\\\/wp-content\\\/uploads\\\/2023\\\/03\\\/sindicalismo_vigo.jpg\",\"contentUrl\":\"https:\\\/\\\/www.anovapeneira.gal\\\/wp-content\\\/uploads\\\/2023\\\/03\\\/sindicalismo_vigo.jpg\",\"width\":1500,\"height\":790,\"caption\":\"A situaci\u00f3n do sector do autom\u00f3bil na \u00e1rea de Vigo desde unha perspectiva sindical\"},{\"@type\":\"BreadcrumbList\",\"@id\":\"https:\\\/\\\/www.anovapeneira.gal\\\/index.php\\\/2023\\\/03\\\/27\\\/a-situacion-do-sector-do-automobil-na-area-de-vigo-desde-unha-perspectiva-sindical\\\/#breadcrumb\",\"itemListElement\":[{\"@type\":\"ListItem\",\"position\":1,\"name\":\"Portada\",\"item\":\"https:\\\/\\\/www.anovapeneira.gal\\\/\"},{\"@type\":\"ListItem\",\"position\":2,\"name\":\"A situaci\u00f3n do sector do autom\u00f3bil na \u00e1rea de Vigo desde unha perspectiva sindical\"}]},{\"@type\":\"WebSite\",\"@id\":\"https:\\\/\\\/www.anovapeneira.gal\\\/#website\",\"url\":\"https:\\\/\\\/www.anovapeneira.gal\\\/\",\"name\":\"\",\"description\":\"Xornal galego de informaci\u00f3n xeral Publicaci\u00f3n mensual de novas de Galicia e en especial dos Concellos da sur da provincia de Pontevedra.\",\"publisher\":{\"@id\":\"https:\\\/\\\/www.anovapeneira.gal\\\/#organization\"},\"potentialAction\":[{\"@type\":\"SearchAction\",\"target\":{\"@type\":\"EntryPoint\",\"urlTemplate\":\"https:\\\/\\\/www.anovapeneira.gal\\\/?s={search_term_string}\"},\"query-input\":{\"@type\":\"PropertyValueSpecification\",\"valueRequired\":true,\"valueName\":\"search_term_string\"}}],\"inLanguage\":\"gl-ES\"},{\"@type\":\"Organization\",\"@id\":\"https:\\\/\\\/www.anovapeneira.gal\\\/#organization\",\"name\":\"A Nova Peneira\",\"url\":\"https:\\\/\\\/www.anovapeneira.gal\\\/\",\"logo\":{\"@type\":\"ImageObject\",\"inLanguage\":\"gl-ES\",\"@id\":\"https:\\\/\\\/www.anovapeneira.gal\\\/#\\\/schema\\\/logo\\\/image\\\/\",\"url\":\"http:\\\/\\\/www.anovapeneira.gal\\\/wp-content\\\/uploads\\\/2019\\\/06\\\/logo_a_nova_peneira_portal_web.png\",\"contentUrl\":\"http:\\\/\\\/www.anovapeneira.gal\\\/wp-content\\\/uploads\\\/2019\\\/06\\\/logo_a_nova_peneira_portal_web.png\",\"width\":300,\"height\":100,\"caption\":\"A Nova Peneira\"},\"image\":{\"@id\":\"https:\\\/\\\/www.anovapeneira.gal\\\/#\\\/schema\\\/logo\\\/image\\\/\"},\"sameAs\":[\"https:\\\/\\\/www.facebook.com\\\/anovapeneira\",\"https:\\\/\\\/x.com\\\/APeneira\"]},{\"@type\":\"Person\",\"@id\":\"https:\\\/\\\/www.anovapeneira.gal\\\/#\\\/schema\\\/person\\\/b93e3f8932e3f8da96334607eb6ac6aa\",\"name\":\"Redacci\u00f3n A Nova Peneira\",\"image\":{\"@type\":\"ImageObject\",\"inLanguage\":\"gl-ES\",\"@id\":\"https:\\\/\\\/secure.gravatar.com\\\/avatar\\\/c052a2551a06e23fac63626232eaa90abd78dbcf1700fc46a2b2c89fd27b735f?s=96&d=mm&r=g\",\"url\":\"https:\\\/\\\/secure.gravatar.com\\\/avatar\\\/c052a2551a06e23fac63626232eaa90abd78dbcf1700fc46a2b2c89fd27b735f?s=96&d=mm&r=g\",\"contentUrl\":\"https:\\\/\\\/secure.gravatar.com\\\/avatar\\\/c052a2551a06e23fac63626232eaa90abd78dbcf1700fc46a2b2c89fd27b735f?s=96&d=mm&r=g\",\"caption\":\"Redacci\u00f3n A Nova Peneira\"},\"sameAs\":[\"http:\\\/\\\/www.anovapeneira.gal\\\/\"],\"url\":\"https:\\\/\\\/www.anovapeneira.gal\\\/index.php\\\/author\\\/redactor\\\/\"}]}<\/script>\n<!-- \/ Yoast SEO plugin. -->","yoast_head_json":{"title":"A situaci\u00f3n do sector do autom\u00f3bil na \u00e1rea de Vigo desde unha perspectiva sindical -","description":"A comarca de Vigo non se pode entender separada do sector do metal.","robots":{"index":"index","follow":"follow","max-snippet":"max-snippet:-1","max-image-preview":"max-image-preview:large","max-video-preview":"max-video-preview:-1"},"canonical":"https:\/\/www.anovapeneira.gal\/index.php\/2023\/03\/27\/a-situacion-do-sector-do-automobil-na-area-de-vigo-desde-unha-perspectiva-sindical\/","og_locale":"gl_ES","og_type":"article","og_title":"A situaci\u00f3n do sector do autom\u00f3bil na \u00e1rea de Vigo desde unha perspectiva sindical -","og_description":"A comarca de Vigo non se pode entender separada do sector do metal.","og_url":"https:\/\/www.anovapeneira.gal\/index.php\/2023\/03\/27\/a-situacion-do-sector-do-automobil-na-area-de-vigo-desde-unha-perspectiva-sindical\/","article_publisher":"https:\/\/www.facebook.com\/anovapeneira","article_published_time":"2023-03-27T08:00:58+00:00","og_image":[{"width":1500,"height":790,"url":"https:\/\/www.anovapeneira.gal\/wp-content\/uploads\/2023\/03\/sindicalismo_vigo.jpg","type":"image\/jpeg"}],"author":"Redacci\u00f3n A Nova Peneira","twitter_card":"summary_large_image","twitter_creator":"@APeneira","twitter_site":"@APeneira","twitter_misc":{"Escrito por":"Redacci\u00f3n A Nova Peneira","Tempo de lectura":"8 minutos"},"schema":{"@context":"https:\/\/schema.org","@graph":[{"@type":"Article","@id":"https:\/\/www.anovapeneira.gal\/index.php\/2023\/03\/27\/a-situacion-do-sector-do-automobil-na-area-de-vigo-desde-unha-perspectiva-sindical\/#article","isPartOf":{"@id":"https:\/\/www.anovapeneira.gal\/index.php\/2023\/03\/27\/a-situacion-do-sector-do-automobil-na-area-de-vigo-desde-unha-perspectiva-sindical\/"},"author":{"name":"Redacci\u00f3n A Nova Peneira","@id":"https:\/\/www.anovapeneira.gal\/#\/schema\/person\/b93e3f8932e3f8da96334607eb6ac6aa"},"headline":"A situaci\u00f3n do sector do autom\u00f3bil na \u00e1rea de Vigo desde unha perspectiva sindical","datePublished":"2023-03-27T08:00:58+00:00","mainEntityOfPage":{"@id":"https:\/\/www.anovapeneira.gal\/index.php\/2023\/03\/27\/a-situacion-do-sector-do-automobil-na-area-de-vigo-desde-unha-perspectiva-sindical\/"},"wordCount":1469,"commentCount":0,"publisher":{"@id":"https:\/\/www.anovapeneira.gal\/#organization"},"image":{"@id":"https:\/\/www.anovapeneira.gal\/index.php\/2023\/03\/27\/a-situacion-do-sector-do-automobil-na-area-de-vigo-desde-unha-perspectiva-sindical\/#primaryimage"},"thumbnailUrl":"https:\/\/www.anovapeneira.gal\/wp-content\/uploads\/2023\/03\/sindicalismo_vigo.jpg","keywords":["Concello de Vigo"],"articleSection":["Vigo"],"inLanguage":"gl-ES","potentialAction":[{"@type":"CommentAction","name":"Comment","target":["https:\/\/www.anovapeneira.gal\/index.php\/2023\/03\/27\/a-situacion-do-sector-do-automobil-na-area-de-vigo-desde-unha-perspectiva-sindical\/#respond"]}]},{"@type":"WebPage","@id":"https:\/\/www.anovapeneira.gal\/index.php\/2023\/03\/27\/a-situacion-do-sector-do-automobil-na-area-de-vigo-desde-unha-perspectiva-sindical\/","url":"https:\/\/www.anovapeneira.gal\/index.php\/2023\/03\/27\/a-situacion-do-sector-do-automobil-na-area-de-vigo-desde-unha-perspectiva-sindical\/","name":"A situaci\u00f3n do sector do autom\u00f3bil na \u00e1rea de Vigo desde unha perspectiva sindical -","isPartOf":{"@id":"https:\/\/www.anovapeneira.gal\/#website"},"primaryImageOfPage":{"@id":"https:\/\/www.anovapeneira.gal\/index.php\/2023\/03\/27\/a-situacion-do-sector-do-automobil-na-area-de-vigo-desde-unha-perspectiva-sindical\/#primaryimage"},"image":{"@id":"https:\/\/www.anovapeneira.gal\/index.php\/2023\/03\/27\/a-situacion-do-sector-do-automobil-na-area-de-vigo-desde-unha-perspectiva-sindical\/#primaryimage"},"thumbnailUrl":"https:\/\/www.anovapeneira.gal\/wp-content\/uploads\/2023\/03\/sindicalismo_vigo.jpg","datePublished":"2023-03-27T08:00:58+00:00","description":"A comarca de Vigo non se pode entender separada do sector do metal.","breadcrumb":{"@id":"https:\/\/www.anovapeneira.gal\/index.php\/2023\/03\/27\/a-situacion-do-sector-do-automobil-na-area-de-vigo-desde-unha-perspectiva-sindical\/#breadcrumb"},"inLanguage":"gl-ES","potentialAction":[{"@type":"ReadAction","target":["https:\/\/www.anovapeneira.gal\/index.php\/2023\/03\/27\/a-situacion-do-sector-do-automobil-na-area-de-vigo-desde-unha-perspectiva-sindical\/"]}]},{"@type":"ImageObject","inLanguage":"gl-ES","@id":"https:\/\/www.anovapeneira.gal\/index.php\/2023\/03\/27\/a-situacion-do-sector-do-automobil-na-area-de-vigo-desde-unha-perspectiva-sindical\/#primaryimage","url":"https:\/\/www.anovapeneira.gal\/wp-content\/uploads\/2023\/03\/sindicalismo_vigo.jpg","contentUrl":"https:\/\/www.anovapeneira.gal\/wp-content\/uploads\/2023\/03\/sindicalismo_vigo.jpg","width":1500,"height":790,"caption":"A situaci\u00f3n do sector do autom\u00f3bil na \u00e1rea de Vigo desde unha perspectiva sindical"},{"@type":"BreadcrumbList","@id":"https:\/\/www.anovapeneira.gal\/index.php\/2023\/03\/27\/a-situacion-do-sector-do-automobil-na-area-de-vigo-desde-unha-perspectiva-sindical\/#breadcrumb","itemListElement":[{"@type":"ListItem","position":1,"name":"Portada","item":"https:\/\/www.anovapeneira.gal\/"},{"@type":"ListItem","position":2,"name":"A situaci\u00f3n do sector do autom\u00f3bil na \u00e1rea de Vigo desde unha perspectiva sindical"}]},{"@type":"WebSite","@id":"https:\/\/www.anovapeneira.gal\/#website","url":"https:\/\/www.anovapeneira.gal\/","name":"","description":"Xornal galego de informaci\u00f3n xeral Publicaci\u00f3n mensual de novas de Galicia e en especial dos Concellos da sur da provincia de Pontevedra.","publisher":{"@id":"https:\/\/www.anovapeneira.gal\/#organization"},"potentialAction":[{"@type":"SearchAction","target":{"@type":"EntryPoint","urlTemplate":"https:\/\/www.anovapeneira.gal\/?s={search_term_string}"},"query-input":{"@type":"PropertyValueSpecification","valueRequired":true,"valueName":"search_term_string"}}],"inLanguage":"gl-ES"},{"@type":"Organization","@id":"https:\/\/www.anovapeneira.gal\/#organization","name":"A Nova Peneira","url":"https:\/\/www.anovapeneira.gal\/","logo":{"@type":"ImageObject","inLanguage":"gl-ES","@id":"https:\/\/www.anovapeneira.gal\/#\/schema\/logo\/image\/","url":"http:\/\/www.anovapeneira.gal\/wp-content\/uploads\/2019\/06\/logo_a_nova_peneira_portal_web.png","contentUrl":"http:\/\/www.anovapeneira.gal\/wp-content\/uploads\/2019\/06\/logo_a_nova_peneira_portal_web.png","width":300,"height":100,"caption":"A Nova Peneira"},"image":{"@id":"https:\/\/www.anovapeneira.gal\/#\/schema\/logo\/image\/"},"sameAs":["https:\/\/www.facebook.com\/anovapeneira","https:\/\/x.com\/APeneira"]},{"@type":"Person","@id":"https:\/\/www.anovapeneira.gal\/#\/schema\/person\/b93e3f8932e3f8da96334607eb6ac6aa","name":"Redacci\u00f3n A Nova Peneira","image":{"@type":"ImageObject","inLanguage":"gl-ES","@id":"https:\/\/secure.gravatar.com\/avatar\/c052a2551a06e23fac63626232eaa90abd78dbcf1700fc46a2b2c89fd27b735f?s=96&d=mm&r=g","url":"https:\/\/secure.gravatar.com\/avatar\/c052a2551a06e23fac63626232eaa90abd78dbcf1700fc46a2b2c89fd27b735f?s=96&d=mm&r=g","contentUrl":"https:\/\/secure.gravatar.com\/avatar\/c052a2551a06e23fac63626232eaa90abd78dbcf1700fc46a2b2c89fd27b735f?s=96&d=mm&r=g","caption":"Redacci\u00f3n A Nova Peneira"},"sameAs":["http:\/\/www.anovapeneira.gal\/"],"url":"https:\/\/www.anovapeneira.gal\/index.php\/author\/redactor\/"}]}},"jetpack_featured_media_url":"https:\/\/www.anovapeneira.gal\/wp-content\/uploads\/2023\/03\/sindicalismo_vigo.jpg","_links":{"self":[{"href":"https:\/\/www.anovapeneira.gal\/index.php\/wp-json\/wp\/v2\/posts\/9356","targetHints":{"allow":["GET"]}}],"collection":[{"href":"https:\/\/www.anovapeneira.gal\/index.php\/wp-json\/wp\/v2\/posts"}],"about":[{"href":"https:\/\/www.anovapeneira.gal\/index.php\/wp-json\/wp\/v2\/types\/post"}],"author":[{"embeddable":true,"href":"https:\/\/www.anovapeneira.gal\/index.php\/wp-json\/wp\/v2\/users\/3"}],"replies":[{"embeddable":true,"href":"https:\/\/www.anovapeneira.gal\/index.php\/wp-json\/wp\/v2\/comments?post=9356"}],"version-history":[{"count":2,"href":"https:\/\/www.anovapeneira.gal\/index.php\/wp-json\/wp\/v2\/posts\/9356\/revisions"}],"predecessor-version":[{"id":9359,"href":"https:\/\/www.anovapeneira.gal\/index.php\/wp-json\/wp\/v2\/posts\/9356\/revisions\/9359"}],"wp:featuredmedia":[{"embeddable":true,"href":"https:\/\/www.anovapeneira.gal\/index.php\/wp-json\/wp\/v2\/media\/9358"}],"wp:attachment":[{"href":"https:\/\/www.anovapeneira.gal\/index.php\/wp-json\/wp\/v2\/media?parent=9356"}],"wp:term":[{"taxonomy":"category","embeddable":true,"href":"https:\/\/www.anovapeneira.gal\/index.php\/wp-json\/wp\/v2\/categories?post=9356"},{"taxonomy":"post_tag","embeddable":true,"href":"https:\/\/www.anovapeneira.gal\/index.php\/wp-json\/wp\/v2\/tags?post=9356"}],"curies":[{"name":"wp","href":"https:\/\/api.w.org\/{rel}","templated":true}]}}