{"id":9369,"date":"2023-03-28T12:00:51","date_gmt":"2023-03-28T10:00:51","guid":{"rendered":"https:\/\/www.anovapeneira.gal\/?p=9369"},"modified":"2023-03-24T13:17:14","modified_gmt":"2023-03-24T12:17:14","slug":"xxx-edicion-da-feira-do-requeixo-e-mel-de-as-neves-2023","status":"publish","type":"post","link":"https:\/\/www.anovapeneira.gal\/index.php\/2023\/03\/28\/xxx-edicion-da-feira-do-requeixo-e-mel-de-as-neves-2023\/","title":{"rendered":"XXX Edici\u00f3n da feira do Requeixo e Mel de As Neves 2023"},"content":{"rendered":"\n<h2 class=\"wp-block-heading\">Esta edici\u00f3n da Feira do Requeixo e do Mel das Neves cumpre 30 anos, faise desde o ano 2019 en Venres Santo, que cadra en 7 de abril e o s\u00e1bado 8. Como actividade principal da mesma, a degustaci\u00f3n do requeixo d\u00e1s Neves, un queixo fresco t\u00edpico deste concello, con mel d\u00e1 cooperativa d\u00e1s Neves, a degustaci\u00f3n do requeixo acompa\u00f1ada con vi\u00f1os das adegas Se\u00f1or\u00edo de Rubi\u00f3s. Festa declarada de Interese Tur\u00edstico de Galicia en 2013 e desde este ano Alimento Artes\u00e1n de Galicia.<\/h2>\n\n\n\n<p>Esta feira comeza a celebrarse ala polo ano 91, grazas ao relativo illamento e paisaxe agreste do municipio das Neves ten como compensaci\u00f3n a produci\u00f3n dun exquisito requeixo, un dos m\u00e1is cotizados, elaborado con leite enteiro de vaca sen engadir sal e que tradicionalmente mel, por iso \u00e9 polo que a festa para promocionar este produto leve aparellada tam\u00e9n o mel. Con todo, \u00e9 un produto que ofrece m\u00faltiples posibilidades para coci\u00f1ar todo tipo de pratos principais. Visitantes procedentes de toda Galicia ach\u00e9ganse a esta localidade atra\u00eddos polo requeixo, que se degusta acompa\u00f1ado polo mellor mel da cooperativa ou polos vi\u00f1os tintos de Rubi\u00f3s. Al\u00e9n destes produtos representativos da zona, na feira non faltan outros pratos como o polbo \u201c \u00e1 feira\u201d, os chourizos ao vi\u00f1o e, por suposto, a m\u00fasica. Ademais, cel\u00e9branse cursos, un par de d\u00edas antes do comezo da feira, conferencias e seminarios que viran ao redor do requeixo e o mel. Na elaboraci\u00f3n do requeixo empr\u00e9gase leite de vaca producida en Galicia e fermentos l\u00e1cticos, sen ning\u00fan tipo de conservantes nin estabilizante. A\u00ednda que o seu uso tradicional foi como sobremesa, o requeixo das Neves ten m\u00faltiples usos en pratos salgados. A\u00ednda que \u00e9 moi dif\u00edcil sinalar unha data aproximada para a existencia do requeixo das Neves, s\u00e1bese que os peregrinos que fac\u00edan o Cami\u00f1o d\u00e1 Ra\u00ed\u00f1a eran agasallados con requeixo ao seu paso pola zona cara a Compostela. Pola s\u00faa banda, o mel \u00e9 tam\u00e9n un dos produtos tradicionais da zona do Condado Paradanta. Conta cunhas espl\u00e9ndidas condici\u00f3ns para a s\u00faa produci\u00f3n dada a gran cantidade, calidade e variedade de plantas mel\u00edferas. Brezo, eucalipto ou casti\u00f1eiro son algunhas das especies vexetais na que as abellas colleitan o n\u00e9ctar co que elaboran este mel.<\/p>\n\n\n\n<p>Con motivo da festividade desta terceira d\u00e9cada, este ano o programa rende homenaxe \u00e1s veci\u00f1as e veci\u00f1os.<\/p>\n\n\n\n<p>Trinta anos con historia, da que foron protagonistas todas e todos desta fermosa vila. Ese \u00e9 o centro e o motivo deste 2023, e por iso, este ano, a presentaci\u00f3n da &#8216;Feira do Requeixo e do Mel&#8217; das Neves, estivo dirixida a elas e eles. Cambiou, as\u00ed, a tradicional convocatoria aos medios de comunicaci\u00f3n para que os cidad\u00e1ns foran os primeiros en co\u00f1ecer a programaci\u00f3n desta &#8217;30\u00aa edici\u00f3n&#8217;, e tam\u00e9n os primeiros en probar, reunidos na Casa da Xuventude, os produtos que se van servir os vindeiros d\u00eda 7 e 8 de abril.<\/p>\n\n\n\n<p>Como apuntou Roc\u00edo Barreiro, concelleira de cultura, o d\u00eda da presentaci\u00f3n, haber\u00e1 <em>&#8220;importantes cambios&#8221;<\/em> en relaci\u00f3n coas celebraci\u00f3ns e o programa dos anos pasados, as\u00ed, o &#8216;showcooking&#8217;, que tradicionalmente se organizaba, deixa paso \u00e1s &#8220;orixes do requeixo&#8221;, con degustaci\u00f3ns e elaboraci\u00f3n de pratos elaborados co mesmo.<\/p>\n\n\n\n<p>Tam\u00e9n se abre unha &#8216;par\u00e9ntese&#8217;, nos preg\u00f3ns culinarios, que nos \u00faltimos anos ti\u00f1an como protagonistas a coci\u00f1eiros da sona de Pepe Solla, en 2017; Iv\u00e1n Dom\u00ednguez, en 2019 ou I\u00f1aki Bretal o pasado 2022, e o pregoeiro ser\u00e1, nesta ocasi\u00f3n, un comunicador, o xornalista Xabier<\/p>\n\n\n\n<p>Fortes.<\/p>\n\n\n\n<p>\u201c<em>Poes\u00eda, paix\u00f3n, paisaxe e persoas\u201d<\/em><\/p>\n\n\n\n<p>Estas son as catro verbas que definen o requeixo e o mel das Neves. O encargado de pronuncialas foi o presidente da Cooperativa Condado Paradanta, Alejandro Mart\u00ednez, quen deu a benvida aos novos conversos aos excelentes produtos das Neves e tivo unha lembraza, emocionada, a <em>&#8220;todas e todos os que nos precederon, que fixeron posible co seu legado que hoxe esteamos aqu\u00ed&#8221;.<\/em><\/p>\n\n\n\n<p>Mart\u00ednez agradeceu que a nova normativa europea permita, dende hai so uns d\u00edas, o Goberno galego reco\u00f1ecese ao Requeixo das Neves como \u201cAlimento Artesano de Galicia\u201d, e asegurou que enlaza co slogan Vive nas Neves, contribu\u00edndo a que, cada d\u00eda, sexa m\u00e1is atractivo vivir aqu\u00ed.<\/p>\n\n\n\n<p><em>&#8220;O Requeixo e o mel, xunto cos vi\u00f1os, nos levan polo mundo&#8221;<\/em><\/p>\n\n\n\n<p>Pechou o acto o alcalde das Neves, Xos\u00e9 Manuel Rodr\u00edguez, quen asegurou que &#8220;<em>a feira do requeixo e do mel est\u00e1 no momento que lle corresponde&#8221;.<\/em> Lembrou que pasaron 32 anos dende que comezara, a\u00ednda que s\u00f3 puidemos celebrar 30 edici\u00f3ns, a causa da pandemia, e felicitou que a feira se celebre o venres santo, &#8220;<em>foi un acerto de quen pensouno e hai que reco\u00f1ecelo&#8221;.<\/em><\/p>\n\n\n\n<p>Por \u00faltimo, o alcalde amosouse satisfeito porque a decisi\u00f3n de engadir un d\u00eda m\u00e1is a feira o s\u00e1bado, e trasladala \u00e1 Praza Maior, &#8220;<em>deulle m\u00e1is espazo, m\u00e1is dignidade, mellorou a s\u00faa est\u00e9tica e a proxecci\u00f3n duns produtos que, como o vi\u00f1o nos levan polo mundo, e iso \u00e9 vivir nas<\/em><\/p>\n\n\n\n<p><em>Neves&#8221;.<\/em><\/p>\n\n\n\n<p>As actividades deste ano, comezar\u00e1n d\u00edas antes da feira, concretamente, o domingo 2 de abril ser\u00e1 a &#8216;Andaina do Requeixo e do Mel&#8217;, que rematar\u00e1 en Cerdeira onde haber\u00e1 unha degustaci\u00f3n de pratos elaborados con Requeixo amenizada pola da Banda de M\u00fasica Popular de Rubi\u00f3s. As prazas son limitadas e prec\u00edsase inscrici\u00f3n previa.<\/p>\n\n\n\n<p>O venres 7 abril marcar\u00e1 o comezo da feira co seguinte programa:<\/p>\n\n\n\n<p>\u2022 11:00 h. Apertura da Feira.<\/p>\n\n\n\n<p>\u2022 12:00 h. A Pontenova. Animaci\u00f3n musical.<\/p>\n\n\n\n<p>\u2022 12:30 h. Recepci\u00f3n na Casa do Concello.<\/p>\n\n\n\n<p>\u2022 13:00 h. Preg\u00f3n a cargo do xornalista Xabier Fortes, presentador de \u201cLa Noche\u201d en 24 horas de TVE.<\/p>\n\n\n\n<p>\u2022 15:30 h. Charanga Los T\u00e1mega. Animaci\u00f3n musical.<\/p>\n\n\n\n<p>\u2022 16:00 h. Taller infantil de elaboraci\u00f3n de pratos con requeixo. Carpa da Praza do Concello.<\/p>\n\n\n\n<p>\u2022 17:00 h a 20:00 h. Obradoiros de Cultura Urbana na Casa da Xuventude.<\/p>\n\n\n\n<p>\u2022 18:00 h. Taller de elaboraci\u00f3n de pratos con requeixo para persoas adultas. Carpa da Praza do Concello.<\/p>\n\n\n\n<p>\u2022 20:00 h. A Roda. Concerto na Praza Maior. Musigal.<\/p>\n\n\n\n<p>\u2022 00:00 h. M\u00fasica nova. Mel de meiga.<\/p>\n\n\n\n<p>Os dous d\u00edas da feira, estar\u00e1 habilitado un espazo infantil, na carpa situada na Praza do Concello.<\/p>\n\n\n\n<p>S\u00e1bado 8 abril<\/p>\n\n\n\n<p>\u2022 11:00 h. Apertura da Feira.<\/p>\n","protected":false},"excerpt":{"rendered":"<div class=\"mh-excerpt\"><p>Esta edici\u00f3n da Feira do Requeixo e do Mel das Neves cumpre 30 anos, faise desde o ano 2019 en Venres Santo, que cadra en 7 de abril e o s\u00e1bado 8 <a class=\"mh-excerpt-more\" href=\"https:\/\/www.anovapeneira.gal\/index.php\/2023\/03\/28\/xxx-edicion-da-feira-do-requeixo-e-mel-de-as-neves-2023\/\" title=\"XXX Edici\u00f3n da feira do Requeixo e Mel de As Neves 2023\">[&#8230;]<\/a><\/p>\n<\/div>","protected":false},"author":17,"featured_media":9370,"comment_status":"open","ping_status":"open","sticky":false,"template":"","format":"standard","meta":{"_exactmetrics_skip_tracking":false,"_exactmetrics_sitenote_active":false,"_exactmetrics_sitenote_note":"","_exactmetrics_sitenote_category":0,"footnotes":""},"categories":[25],"tags":[546],"class_list":{"0":"post-9369","1":"post","2":"type-post","3":"status-publish","4":"format-standard","5":"has-post-thumbnail","7":"category-condado","8":"tag-concello-das-neves"},"yoast_head":"<!-- This site is optimized with the Yoast SEO plugin v27.4 - https:\/\/yoast.com\/product\/yoast-seo-wordpress\/ -->\n<title>XXX Edici\u00f3n da feira do Requeixo e Mel de As Neves 2023 -<\/title>\n<meta name=\"description\" content=\"Esta edici\u00f3n da Feira do Requeixo e do Mel das Neves cumpre 30 anos, faise desde o ano 2019 en Venres Santo, que cadra en 7 de abril e o s\u00e1bado 8\" \/>\n<meta name=\"robots\" content=\"index, follow, max-snippet:-1, max-image-preview:large, max-video-preview:-1\" \/>\n<link rel=\"canonical\" href=\"https:\/\/www.anovapeneira.gal\/index.php\/2023\/03\/28\/xxx-edicion-da-feira-do-requeixo-e-mel-de-as-neves-2023\/\" \/>\n<meta property=\"og:locale\" content=\"gl_ES\" \/>\n<meta property=\"og:type\" content=\"article\" \/>\n<meta property=\"og:title\" content=\"XXX Edici\u00f3n da feira do Requeixo e Mel de As Neves 2023 -\" \/>\n<meta property=\"og:description\" content=\"Esta edici\u00f3n da Feira do Requeixo e do Mel das Neves cumpre 30 anos, faise desde o ano 2019 en Venres Santo, que cadra en 7 de abril e o s\u00e1bado 8\" \/>\n<meta property=\"og:url\" content=\"https:\/\/www.anovapeneira.gal\/index.php\/2023\/03\/28\/xxx-edicion-da-feira-do-requeixo-e-mel-de-as-neves-2023\/\" \/>\n<meta property=\"article:publisher\" content=\"https:\/\/www.facebook.com\/anovapeneira\" \/>\n<meta property=\"article:published_time\" content=\"2023-03-28T10:00:51+00:00\" \/>\n<meta property=\"og:image\" content=\"https:\/\/www.anovapeneira.gal\/wp-content\/uploads\/2023\/03\/festa_do_requeixo.jpg\" \/>\n\t<meta property=\"og:image:width\" content=\"720\" \/>\n\t<meta property=\"og:image:height\" content=\"432\" \/>\n\t<meta property=\"og:image:type\" content=\"image\/jpeg\" \/>\n<meta name=\"author\" content=\"G. Figueiredo\" \/>\n<meta name=\"twitter:card\" content=\"summary_large_image\" \/>\n<meta name=\"twitter:creator\" content=\"@APeneira\" \/>\n<meta name=\"twitter:site\" content=\"@APeneira\" \/>\n<meta name=\"twitter:label1\" content=\"Escrito por\" \/>\n\t<meta name=\"twitter:data1\" content=\"G. Figueiredo\" \/>\n\t<meta name=\"twitter:label2\" content=\"Tempo de lectura\" \/>\n\t<meta name=\"twitter:data2\" content=\"6 minutos\" \/>\n<script type=\"application\/ld+json\" class=\"yoast-schema-graph\">{\"@context\":\"https:\\\/\\\/schema.org\",\"@graph\":[{\"@type\":\"Article\",\"@id\":\"https:\\\/\\\/www.anovapeneira.gal\\\/index.php\\\/2023\\\/03\\\/28\\\/xxx-edicion-da-feira-do-requeixo-e-mel-de-as-neves-2023\\\/#article\",\"isPartOf\":{\"@id\":\"https:\\\/\\\/www.anovapeneira.gal\\\/index.php\\\/2023\\\/03\\\/28\\\/xxx-edicion-da-feira-do-requeixo-e-mel-de-as-neves-2023\\\/\"},\"author\":{\"name\":\"G. Figueiredo\",\"@id\":\"https:\\\/\\\/www.anovapeneira.gal\\\/#\\\/schema\\\/person\\\/42f904d7cac80cf3f5a31494dd82a9b6\"},\"headline\":\"XXX Edici\u00f3n da feira do Requeixo e Mel de As Neves 2023\",\"datePublished\":\"2023-03-28T10:00:51+00:00\",\"mainEntityOfPage\":{\"@id\":\"https:\\\/\\\/www.anovapeneira.gal\\\/index.php\\\/2023\\\/03\\\/28\\\/xxx-edicion-da-feira-do-requeixo-e-mel-de-as-neves-2023\\\/\"},\"wordCount\":1099,\"commentCount\":0,\"publisher\":{\"@id\":\"https:\\\/\\\/www.anovapeneira.gal\\\/#organization\"},\"image\":{\"@id\":\"https:\\\/\\\/www.anovapeneira.gal\\\/index.php\\\/2023\\\/03\\\/28\\\/xxx-edicion-da-feira-do-requeixo-e-mel-de-as-neves-2023\\\/#primaryimage\"},\"thumbnailUrl\":\"https:\\\/\\\/www.anovapeneira.gal\\\/wp-content\\\/uploads\\\/2023\\\/03\\\/festa_do_requeixo.jpg\",\"keywords\":[\"Concello das Neves\"],\"articleSection\":[\"Condado\"],\"inLanguage\":\"gl-ES\",\"potentialAction\":[{\"@type\":\"CommentAction\",\"name\":\"Comment\",\"target\":[\"https:\\\/\\\/www.anovapeneira.gal\\\/index.php\\\/2023\\\/03\\\/28\\\/xxx-edicion-da-feira-do-requeixo-e-mel-de-as-neves-2023\\\/#respond\"]}]},{\"@type\":\"WebPage\",\"@id\":\"https:\\\/\\\/www.anovapeneira.gal\\\/index.php\\\/2023\\\/03\\\/28\\\/xxx-edicion-da-feira-do-requeixo-e-mel-de-as-neves-2023\\\/\",\"url\":\"https:\\\/\\\/www.anovapeneira.gal\\\/index.php\\\/2023\\\/03\\\/28\\\/xxx-edicion-da-feira-do-requeixo-e-mel-de-as-neves-2023\\\/\",\"name\":\"XXX Edici\u00f3n da feira do Requeixo e Mel de As Neves 2023 -\",\"isPartOf\":{\"@id\":\"https:\\\/\\\/www.anovapeneira.gal\\\/#website\"},\"primaryImageOfPage\":{\"@id\":\"https:\\\/\\\/www.anovapeneira.gal\\\/index.php\\\/2023\\\/03\\\/28\\\/xxx-edicion-da-feira-do-requeixo-e-mel-de-as-neves-2023\\\/#primaryimage\"},\"image\":{\"@id\":\"https:\\\/\\\/www.anovapeneira.gal\\\/index.php\\\/2023\\\/03\\\/28\\\/xxx-edicion-da-feira-do-requeixo-e-mel-de-as-neves-2023\\\/#primaryimage\"},\"thumbnailUrl\":\"https:\\\/\\\/www.anovapeneira.gal\\\/wp-content\\\/uploads\\\/2023\\\/03\\\/festa_do_requeixo.jpg\",\"datePublished\":\"2023-03-28T10:00:51+00:00\",\"description\":\"Esta edici\u00f3n da Feira do Requeixo e do Mel das Neves cumpre 30 anos, faise desde o ano 2019 en Venres Santo, que cadra en 7 de abril e o s\u00e1bado 8\",\"breadcrumb\":{\"@id\":\"https:\\\/\\\/www.anovapeneira.gal\\\/index.php\\\/2023\\\/03\\\/28\\\/xxx-edicion-da-feira-do-requeixo-e-mel-de-as-neves-2023\\\/#breadcrumb\"},\"inLanguage\":\"gl-ES\",\"potentialAction\":[{\"@type\":\"ReadAction\",\"target\":[\"https:\\\/\\\/www.anovapeneira.gal\\\/index.php\\\/2023\\\/03\\\/28\\\/xxx-edicion-da-feira-do-requeixo-e-mel-de-as-neves-2023\\\/\"]}]},{\"@type\":\"ImageObject\",\"inLanguage\":\"gl-ES\",\"@id\":\"https:\\\/\\\/www.anovapeneira.gal\\\/index.php\\\/2023\\\/03\\\/28\\\/xxx-edicion-da-feira-do-requeixo-e-mel-de-as-neves-2023\\\/#primaryimage\",\"url\":\"https:\\\/\\\/www.anovapeneira.gal\\\/wp-content\\\/uploads\\\/2023\\\/03\\\/festa_do_requeixo.jpg\",\"contentUrl\":\"https:\\\/\\\/www.anovapeneira.gal\\\/wp-content\\\/uploads\\\/2023\\\/03\\\/festa_do_requeixo.jpg\",\"width\":720,\"height\":432,\"caption\":\"XXX Edici\u00f3n da feira do Requeixo e Mel de As Neves 2023\"},{\"@type\":\"BreadcrumbList\",\"@id\":\"https:\\\/\\\/www.anovapeneira.gal\\\/index.php\\\/2023\\\/03\\\/28\\\/xxx-edicion-da-feira-do-requeixo-e-mel-de-as-neves-2023\\\/#breadcrumb\",\"itemListElement\":[{\"@type\":\"ListItem\",\"position\":1,\"name\":\"Portada\",\"item\":\"https:\\\/\\\/www.anovapeneira.gal\\\/\"},{\"@type\":\"ListItem\",\"position\":2,\"name\":\"XXX Edici\u00f3n da feira do Requeixo e Mel de As Neves 2023\"}]},{\"@type\":\"WebSite\",\"@id\":\"https:\\\/\\\/www.anovapeneira.gal\\\/#website\",\"url\":\"https:\\\/\\\/www.anovapeneira.gal\\\/\",\"name\":\"\",\"description\":\"Xornal galego de informaci\u00f3n xeral Publicaci\u00f3n mensual de novas de Galicia e en especial dos Concellos da sur da provincia de Pontevedra.\",\"publisher\":{\"@id\":\"https:\\\/\\\/www.anovapeneira.gal\\\/#organization\"},\"potentialAction\":[{\"@type\":\"SearchAction\",\"target\":{\"@type\":\"EntryPoint\",\"urlTemplate\":\"https:\\\/\\\/www.anovapeneira.gal\\\/?s={search_term_string}\"},\"query-input\":{\"@type\":\"PropertyValueSpecification\",\"valueRequired\":true,\"valueName\":\"search_term_string\"}}],\"inLanguage\":\"gl-ES\"},{\"@type\":\"Organization\",\"@id\":\"https:\\\/\\\/www.anovapeneira.gal\\\/#organization\",\"name\":\"A Nova Peneira\",\"url\":\"https:\\\/\\\/www.anovapeneira.gal\\\/\",\"logo\":{\"@type\":\"ImageObject\",\"inLanguage\":\"gl-ES\",\"@id\":\"https:\\\/\\\/www.anovapeneira.gal\\\/#\\\/schema\\\/logo\\\/image\\\/\",\"url\":\"http:\\\/\\\/www.anovapeneira.gal\\\/wp-content\\\/uploads\\\/2019\\\/06\\\/logo_a_nova_peneira_portal_web.png\",\"contentUrl\":\"http:\\\/\\\/www.anovapeneira.gal\\\/wp-content\\\/uploads\\\/2019\\\/06\\\/logo_a_nova_peneira_portal_web.png\",\"width\":300,\"height\":100,\"caption\":\"A Nova Peneira\"},\"image\":{\"@id\":\"https:\\\/\\\/www.anovapeneira.gal\\\/#\\\/schema\\\/logo\\\/image\\\/\"},\"sameAs\":[\"https:\\\/\\\/www.facebook.com\\\/anovapeneira\",\"https:\\\/\\\/x.com\\\/APeneira\"]},{\"@type\":\"Person\",\"@id\":\"https:\\\/\\\/www.anovapeneira.gal\\\/#\\\/schema\\\/person\\\/42f904d7cac80cf3f5a31494dd82a9b6\",\"name\":\"G. Figueiredo\",\"image\":{\"@type\":\"ImageObject\",\"inLanguage\":\"gl-ES\",\"@id\":\"https:\\\/\\\/secure.gravatar.com\\\/avatar\\\/2d970086688458e0398ef8b84f5cbb8cc1ec3ab115aeb8435135a9f556af97b3?s=96&d=mm&r=g\",\"url\":\"https:\\\/\\\/secure.gravatar.com\\\/avatar\\\/2d970086688458e0398ef8b84f5cbb8cc1ec3ab115aeb8435135a9f556af97b3?s=96&d=mm&r=g\",\"contentUrl\":\"https:\\\/\\\/secure.gravatar.com\\\/avatar\\\/2d970086688458e0398ef8b84f5cbb8cc1ec3ab115aeb8435135a9f556af97b3?s=96&d=mm&r=g\",\"caption\":\"G. Figueiredo\"},\"sameAs\":[\"http:\\\/\\\/www.anovapeneira.gal\\\/\"],\"url\":\"https:\\\/\\\/www.anovapeneira.gal\\\/index.php\\\/author\\\/g-figueiredo\\\/\"}]}<\/script>\n<!-- \/ Yoast SEO plugin. -->","yoast_head_json":{"title":"XXX Edici\u00f3n da feira do Requeixo e Mel de As Neves 2023 -","description":"Esta edici\u00f3n da Feira do Requeixo e do Mel das Neves cumpre 30 anos, faise desde o ano 2019 en Venres Santo, que cadra en 7 de abril e o s\u00e1bado 8","robots":{"index":"index","follow":"follow","max-snippet":"max-snippet:-1","max-image-preview":"max-image-preview:large","max-video-preview":"max-video-preview:-1"},"canonical":"https:\/\/www.anovapeneira.gal\/index.php\/2023\/03\/28\/xxx-edicion-da-feira-do-requeixo-e-mel-de-as-neves-2023\/","og_locale":"gl_ES","og_type":"article","og_title":"XXX Edici\u00f3n da feira do Requeixo e Mel de As Neves 2023 -","og_description":"Esta edici\u00f3n da Feira do Requeixo e do Mel das Neves cumpre 30 anos, faise desde o ano 2019 en Venres Santo, que cadra en 7 de abril e o s\u00e1bado 8","og_url":"https:\/\/www.anovapeneira.gal\/index.php\/2023\/03\/28\/xxx-edicion-da-feira-do-requeixo-e-mel-de-as-neves-2023\/","article_publisher":"https:\/\/www.facebook.com\/anovapeneira","article_published_time":"2023-03-28T10:00:51+00:00","og_image":[{"width":720,"height":432,"url":"https:\/\/www.anovapeneira.gal\/wp-content\/uploads\/2023\/03\/festa_do_requeixo.jpg","type":"image\/jpeg"}],"author":"G. Figueiredo","twitter_card":"summary_large_image","twitter_creator":"@APeneira","twitter_site":"@APeneira","twitter_misc":{"Escrito por":"G. Figueiredo","Tempo de lectura":"6 minutos"},"schema":{"@context":"https:\/\/schema.org","@graph":[{"@type":"Article","@id":"https:\/\/www.anovapeneira.gal\/index.php\/2023\/03\/28\/xxx-edicion-da-feira-do-requeixo-e-mel-de-as-neves-2023\/#article","isPartOf":{"@id":"https:\/\/www.anovapeneira.gal\/index.php\/2023\/03\/28\/xxx-edicion-da-feira-do-requeixo-e-mel-de-as-neves-2023\/"},"author":{"name":"G. Figueiredo","@id":"https:\/\/www.anovapeneira.gal\/#\/schema\/person\/42f904d7cac80cf3f5a31494dd82a9b6"},"headline":"XXX Edici\u00f3n da feira do Requeixo e Mel de As Neves 2023","datePublished":"2023-03-28T10:00:51+00:00","mainEntityOfPage":{"@id":"https:\/\/www.anovapeneira.gal\/index.php\/2023\/03\/28\/xxx-edicion-da-feira-do-requeixo-e-mel-de-as-neves-2023\/"},"wordCount":1099,"commentCount":0,"publisher":{"@id":"https:\/\/www.anovapeneira.gal\/#organization"},"image":{"@id":"https:\/\/www.anovapeneira.gal\/index.php\/2023\/03\/28\/xxx-edicion-da-feira-do-requeixo-e-mel-de-as-neves-2023\/#primaryimage"},"thumbnailUrl":"https:\/\/www.anovapeneira.gal\/wp-content\/uploads\/2023\/03\/festa_do_requeixo.jpg","keywords":["Concello das Neves"],"articleSection":["Condado"],"inLanguage":"gl-ES","potentialAction":[{"@type":"CommentAction","name":"Comment","target":["https:\/\/www.anovapeneira.gal\/index.php\/2023\/03\/28\/xxx-edicion-da-feira-do-requeixo-e-mel-de-as-neves-2023\/#respond"]}]},{"@type":"WebPage","@id":"https:\/\/www.anovapeneira.gal\/index.php\/2023\/03\/28\/xxx-edicion-da-feira-do-requeixo-e-mel-de-as-neves-2023\/","url":"https:\/\/www.anovapeneira.gal\/index.php\/2023\/03\/28\/xxx-edicion-da-feira-do-requeixo-e-mel-de-as-neves-2023\/","name":"XXX Edici\u00f3n da feira do Requeixo e Mel de As Neves 2023 -","isPartOf":{"@id":"https:\/\/www.anovapeneira.gal\/#website"},"primaryImageOfPage":{"@id":"https:\/\/www.anovapeneira.gal\/index.php\/2023\/03\/28\/xxx-edicion-da-feira-do-requeixo-e-mel-de-as-neves-2023\/#primaryimage"},"image":{"@id":"https:\/\/www.anovapeneira.gal\/index.php\/2023\/03\/28\/xxx-edicion-da-feira-do-requeixo-e-mel-de-as-neves-2023\/#primaryimage"},"thumbnailUrl":"https:\/\/www.anovapeneira.gal\/wp-content\/uploads\/2023\/03\/festa_do_requeixo.jpg","datePublished":"2023-03-28T10:00:51+00:00","description":"Esta edici\u00f3n da Feira do Requeixo e do Mel das Neves cumpre 30 anos, faise desde o ano 2019 en Venres Santo, que cadra en 7 de abril e o s\u00e1bado 8","breadcrumb":{"@id":"https:\/\/www.anovapeneira.gal\/index.php\/2023\/03\/28\/xxx-edicion-da-feira-do-requeixo-e-mel-de-as-neves-2023\/#breadcrumb"},"inLanguage":"gl-ES","potentialAction":[{"@type":"ReadAction","target":["https:\/\/www.anovapeneira.gal\/index.php\/2023\/03\/28\/xxx-edicion-da-feira-do-requeixo-e-mel-de-as-neves-2023\/"]}]},{"@type":"ImageObject","inLanguage":"gl-ES","@id":"https:\/\/www.anovapeneira.gal\/index.php\/2023\/03\/28\/xxx-edicion-da-feira-do-requeixo-e-mel-de-as-neves-2023\/#primaryimage","url":"https:\/\/www.anovapeneira.gal\/wp-content\/uploads\/2023\/03\/festa_do_requeixo.jpg","contentUrl":"https:\/\/www.anovapeneira.gal\/wp-content\/uploads\/2023\/03\/festa_do_requeixo.jpg","width":720,"height":432,"caption":"XXX Edici\u00f3n da feira do Requeixo e Mel de As Neves 2023"},{"@type":"BreadcrumbList","@id":"https:\/\/www.anovapeneira.gal\/index.php\/2023\/03\/28\/xxx-edicion-da-feira-do-requeixo-e-mel-de-as-neves-2023\/#breadcrumb","itemListElement":[{"@type":"ListItem","position":1,"name":"Portada","item":"https:\/\/www.anovapeneira.gal\/"},{"@type":"ListItem","position":2,"name":"XXX Edici\u00f3n da feira do Requeixo e Mel de As Neves 2023"}]},{"@type":"WebSite","@id":"https:\/\/www.anovapeneira.gal\/#website","url":"https:\/\/www.anovapeneira.gal\/","name":"","description":"Xornal galego de informaci\u00f3n xeral Publicaci\u00f3n mensual de novas de Galicia e en especial dos Concellos da sur da provincia de Pontevedra.","publisher":{"@id":"https:\/\/www.anovapeneira.gal\/#organization"},"potentialAction":[{"@type":"SearchAction","target":{"@type":"EntryPoint","urlTemplate":"https:\/\/www.anovapeneira.gal\/?s={search_term_string}"},"query-input":{"@type":"PropertyValueSpecification","valueRequired":true,"valueName":"search_term_string"}}],"inLanguage":"gl-ES"},{"@type":"Organization","@id":"https:\/\/www.anovapeneira.gal\/#organization","name":"A Nova Peneira","url":"https:\/\/www.anovapeneira.gal\/","logo":{"@type":"ImageObject","inLanguage":"gl-ES","@id":"https:\/\/www.anovapeneira.gal\/#\/schema\/logo\/image\/","url":"http:\/\/www.anovapeneira.gal\/wp-content\/uploads\/2019\/06\/logo_a_nova_peneira_portal_web.png","contentUrl":"http:\/\/www.anovapeneira.gal\/wp-content\/uploads\/2019\/06\/logo_a_nova_peneira_portal_web.png","width":300,"height":100,"caption":"A Nova Peneira"},"image":{"@id":"https:\/\/www.anovapeneira.gal\/#\/schema\/logo\/image\/"},"sameAs":["https:\/\/www.facebook.com\/anovapeneira","https:\/\/x.com\/APeneira"]},{"@type":"Person","@id":"https:\/\/www.anovapeneira.gal\/#\/schema\/person\/42f904d7cac80cf3f5a31494dd82a9b6","name":"G. Figueiredo","image":{"@type":"ImageObject","inLanguage":"gl-ES","@id":"https:\/\/secure.gravatar.com\/avatar\/2d970086688458e0398ef8b84f5cbb8cc1ec3ab115aeb8435135a9f556af97b3?s=96&d=mm&r=g","url":"https:\/\/secure.gravatar.com\/avatar\/2d970086688458e0398ef8b84f5cbb8cc1ec3ab115aeb8435135a9f556af97b3?s=96&d=mm&r=g","contentUrl":"https:\/\/secure.gravatar.com\/avatar\/2d970086688458e0398ef8b84f5cbb8cc1ec3ab115aeb8435135a9f556af97b3?s=96&d=mm&r=g","caption":"G. Figueiredo"},"sameAs":["http:\/\/www.anovapeneira.gal\/"],"url":"https:\/\/www.anovapeneira.gal\/index.php\/author\/g-figueiredo\/"}]}},"jetpack_featured_media_url":"https:\/\/www.anovapeneira.gal\/wp-content\/uploads\/2023\/03\/festa_do_requeixo.jpg","_links":{"self":[{"href":"https:\/\/www.anovapeneira.gal\/index.php\/wp-json\/wp\/v2\/posts\/9369","targetHints":{"allow":["GET"]}}],"collection":[{"href":"https:\/\/www.anovapeneira.gal\/index.php\/wp-json\/wp\/v2\/posts"}],"about":[{"href":"https:\/\/www.anovapeneira.gal\/index.php\/wp-json\/wp\/v2\/types\/post"}],"author":[{"embeddable":true,"href":"https:\/\/www.anovapeneira.gal\/index.php\/wp-json\/wp\/v2\/users\/17"}],"replies":[{"embeddable":true,"href":"https:\/\/www.anovapeneira.gal\/index.php\/wp-json\/wp\/v2\/comments?post=9369"}],"version-history":[{"count":1,"href":"https:\/\/www.anovapeneira.gal\/index.php\/wp-json\/wp\/v2\/posts\/9369\/revisions"}],"predecessor-version":[{"id":9371,"href":"https:\/\/www.anovapeneira.gal\/index.php\/wp-json\/wp\/v2\/posts\/9369\/revisions\/9371"}],"wp:featuredmedia":[{"embeddable":true,"href":"https:\/\/www.anovapeneira.gal\/index.php\/wp-json\/wp\/v2\/media\/9370"}],"wp:attachment":[{"href":"https:\/\/www.anovapeneira.gal\/index.php\/wp-json\/wp\/v2\/media?parent=9369"}],"wp:term":[{"taxonomy":"category","embeddable":true,"href":"https:\/\/www.anovapeneira.gal\/index.php\/wp-json\/wp\/v2\/categories?post=9369"},{"taxonomy":"post_tag","embeddable":true,"href":"https:\/\/www.anovapeneira.gal\/index.php\/wp-json\/wp\/v2\/tags?post=9369"}],"curies":[{"name":"wp","href":"https:\/\/api.w.org\/{rel}","templated":true}]}}