{"id":9374,"date":"2023-03-29T10:00:43","date_gmt":"2023-03-29T08:00:43","guid":{"rendered":"https:\/\/www.anovapeneira.gal\/?p=9374"},"modified":"2023-03-27T12:27:14","modified_gmt":"2023-03-27T10:27:14","slug":"a-comunidade-de-montes-da-devesa-enche-de-castineiros-e-oliveiras-os-bosques-de-arcade","status":"publish","type":"post","link":"https:\/\/www.anovapeneira.gal\/index.php\/2023\/03\/29\/a-comunidade-de-montes-da-devesa-enche-de-castineiros-e-oliveiras-os-bosques-de-arcade\/","title":{"rendered":"A Comunidade de Montes da Devesa enche de casti\u00f1eiros e oliveiras os bosques de Arcade"},"content":{"rendered":"\n<p><strong>Recentemente a CM da Devesa en Arcade, en colaboraci\u00f3n cos alumnos e alumnas do IES de Soutomaior e do Colexio Pad\u00edn Truiteiro, plantaron arredor de 100 casti\u00f1eiros e de 100 oliveiras nos montes da s\u00faa comunidade. Esta acci\u00f3n xa a ve\u00f1en desenvolvendo desde hai varios anos, arredor de 10 cos nenos e nenas do colexio e 3, a vida que ten, co alumnado do IES, pois na intenci\u00f3n dos comuneiros e comuneiras est\u00e1 constru\u00edr un monte cuxa boa sa\u00fade e biodiversidade permita que as xeraci\u00f3ns futuras poidan gozar do que \u00e9 patrimonio com\u00fan de todo o pobo galego: pasado, presente e futuro. N\u00f3s falamos con Alejandro Bua, tesoureiro da CM, e bo amigo desta casa.<\/strong><\/p>\n\n\n\n<p><strong>Alejandro Bua Tesoureiro da Comunidade de Montes da Devesa en Arcade<\/strong><\/p>\n\n\n\n<p>\u201c<strong>Queremos que as xeraci\u00f3ns que ve\u00f1an despois poidan gozar dos nosos montes igual ca n\u00f3s\u201d<\/strong><\/p>\n\n\n\n<p><strong>Ti xa non es un novato nisto das CM verdade Alejandro?<\/strong><\/p>\n\n\n\n<blockquote class=\"wp-block-quote is-layout-flow wp-block-quote-is-layout-flow\">\n<p>Pois non, xa levo m\u00e1is de 15 anos neste mundo que me segue apaixonando.<\/p>\n<\/blockquote>\n\n\n\n<p><strong>Cales son as principais actividades que desenvolvedes?<\/strong><\/p>\n\n\n\n<blockquote class=\"wp-block-quote is-layout-flow wp-block-quote-is-layout-flow\">\n<p>Fundamentalmente d\u00faas: 1) Procurarmos a realizaci\u00f3n e conservaci\u00f3n adecuada dunha franxa de seguridade suficiente coas casas dos veci\u00f1os.2) Queremos deixar \u00e1s xeraci\u00f3ns que ve\u00f1an detr\u00e1s un monte vivo e cunha importante biodiversidade<\/p>\n<\/blockquote>\n\n\n\n<p><strong>Plantades especies aut\u00f3ctonas ?<\/strong><\/p>\n\n\n\n<blockquote class=\"wp-block-quote is-layout-flow wp-block-quote-is-layout-flow\">\n<p>Si. Colaboramos tanto co IES de Soutomaior como co colexio Pad\u00edn Truiteiro e plantamos especies aut\u00f3ctonas. Este ano puxemos case un cento de casti\u00f1eiros de casta\u00f1as do pa\u00eds e case 100 oliveiras.<\/p>\n<\/blockquote>\n\n\n\n<figure class=\"wp-block-image size-large\"><img loading=\"lazy\" decoding=\"async\" width=\"1024\" height=\"539\" src=\"https:\/\/www.anovapeneira.gal\/wp-content\/uploads\/2023\/03\/devesa-1024x539.jpg\" alt=\"Comunidade de Montes da Devesa\" class=\"wp-image-9376\" srcset=\"https:\/\/www.anovapeneira.gal\/wp-content\/uploads\/2023\/03\/devesa-1024x539.jpg 1024w, https:\/\/www.anovapeneira.gal\/wp-content\/uploads\/2023\/03\/devesa-300x158.jpg 300w, https:\/\/www.anovapeneira.gal\/wp-content\/uploads\/2023\/03\/devesa-768x404.jpg 768w, https:\/\/www.anovapeneira.gal\/wp-content\/uploads\/2023\/03\/devesa.jpg 1500w\" sizes=\"auto, (max-width: 1024px) 100vw, 1024px\" \/><\/figure>\n\n\n\n<p><strong>Como se tomaron as nenas e os nenos a actividade?<\/strong><\/p>\n\n\n\n<blockquote class=\"wp-block-quote is-layout-flow wp-block-quote-is-layout-flow\">\n<p>Levamos preto de 10 anos plantando cos nenos e \u00e9 unha actividade que a toman cun cari\u00f1o especial. Emoci\u00f3nalles pensar que esa \u00e1rbore que eles plantan vai estar a\u00ed para que a vexan os seus fillos e os seus netos. De feito eu que levo moitos anos no monte te\u00f1o coincidido moitas veces con nenos e nenas que ve\u00f1en coas s\u00faas familias a ver as \u00e1rbores que plantaron en anos anteriores.<\/p>\n<\/blockquote>\n\n\n\n<p><strong>Seguro que co\u00f1eces o t\u00f3pico referente a que unha persoa ten que ter fillos, que ti xa tes, plantar algunha \u00e1rbore, que ti diso vas sobrado , e escribir un libro. Para cando o libro Alejandro?<\/strong><\/p>\n\n\n\n<blockquote class=\"wp-block-quote is-layout-flow wp-block-quote-is-layout-flow\">\n<p>Ha ha ha ha ha ha. Non creas que non se me pasa pola cabeza de cando en vez. Pero o d\u00eda que o escriba vai ser un libro sobre o monte galego. Un tema co que estou emocionalmente implicad\u00edsimo<\/p>\n<\/blockquote>\n\n\n\n<p><strong>E para ti cal \u00e9 o principal problema que padecen os bosques galegos?<\/strong><\/p>\n\n\n\n<blockquote class=\"wp-block-quote is-layout-flow wp-block-quote-is-layout-flow\">\n<p>O desleixo e o minifundismo .As\u00ed por exemplo unha poboaci\u00f3n tan pequena como Arcade ten 3 CM, e para min iso non \u00e9 normal.<\/p>\n<\/blockquote>\n\n\n\n<p><strong>Cal \u00e9 a t\u00faa opini\u00f3n sobre o cultivo do eucalipto?<\/strong><\/p>\n\n\n\n<blockquote class=\"wp-block-quote is-layout-flow wp-block-quote-is-layout-flow\">\n<p>Eucaliptos si, pero non as\u00ed. As plantaci\u00f3ns de eucaliptos deben de ser ordenadas e reguladas.<\/p>\n<\/blockquote>\n\n\n\n<p><strong>Que relaci\u00f3n ten o concello de Soutomaior coa CM da Devesa?<\/strong><\/p>\n\n\n\n<blockquote class=\"wp-block-quote is-layout-flow wp-block-quote-is-layout-flow\">\n<p>Moi boa. Sempre nos apoiaron.<\/p>\n<\/blockquote>\n","protected":false},"excerpt":{"rendered":"<div class=\"mh-excerpt\"><p>Recentemente a CM da Devesa en Arcade, en colaboraci\u00f3n cos alumnos e alumnas do IES de Soutomaior e do Colexio Pad\u00edn Truiteiro, plantaron arredor de 100 casti\u00f1eiros e de 100 oliveiras nos montes da s\u00faa comunidade <a class=\"mh-excerpt-more\" href=\"https:\/\/www.anovapeneira.gal\/index.php\/2023\/03\/29\/a-comunidade-de-montes-da-devesa-enche-de-castineiros-e-oliveiras-os-bosques-de-arcade\/\" title=\"A Comunidade de Montes da Devesa enche de casti\u00f1eiros e oliveiras os bosques de Arcade\">[&#8230;]<\/a><\/p>\n<\/div>","protected":false},"author":3,"featured_media":9375,"comment_status":"open","ping_status":"open","sticky":false,"template":"","format":"standard","meta":{"_exactmetrics_skip_tracking":false,"_exactmetrics_sitenote_active":false,"_exactmetrics_sitenote_note":"","_exactmetrics_sitenote_category":0,"footnotes":""},"categories":[270],"tags":[1348],"class_list":{"0":"post-9374","1":"post","2":"type-post","3":"status-publish","4":"format-standard","5":"has-post-thumbnail","7":"category-redondela-entrevistas","8":"tag-concello-de-soutomaior"},"yoast_head":"<!-- This site is optimized with the Yoast SEO plugin v27.4 - https:\/\/yoast.com\/product\/yoast-seo-wordpress\/ -->\n<title>A Comunidade de Montes da Devesa enche de casti\u00f1eiros e oliveiras os bosques de Arcade -<\/title>\n<meta name=\"description\" content=\"Recentemente a CM da Devesa en Arcade, en colaboraci\u00f3n cos alumnos e alumnas do IES de Soutomaior e do Colexio Pad\u00edn Truiteiro, plantaron arredor de 100 casti\u00f1eiros e de 100 oliveiras nos montes da s\u00faa comunidade\" \/>\n<meta name=\"robots\" content=\"index, follow, max-snippet:-1, max-image-preview:large, max-video-preview:-1\" \/>\n<link rel=\"canonical\" href=\"https:\/\/www.anovapeneira.gal\/index.php\/2023\/03\/29\/a-comunidade-de-montes-da-devesa-enche-de-castineiros-e-oliveiras-os-bosques-de-arcade\/\" \/>\n<meta property=\"og:locale\" content=\"gl_ES\" \/>\n<meta property=\"og:type\" content=\"article\" \/>\n<meta property=\"og:title\" content=\"A Comunidade de Montes da Devesa enche de casti\u00f1eiros e oliveiras os bosques de Arcade -\" \/>\n<meta property=\"og:description\" content=\"Recentemente a CM da Devesa en Arcade, en colaboraci\u00f3n cos alumnos e alumnas do IES de Soutomaior e do Colexio Pad\u00edn Truiteiro, plantaron arredor de 100 casti\u00f1eiros e de 100 oliveiras nos montes da s\u00faa comunidade\" \/>\n<meta property=\"og:url\" content=\"https:\/\/www.anovapeneira.gal\/index.php\/2023\/03\/29\/a-comunidade-de-montes-da-devesa-enche-de-castineiros-e-oliveiras-os-bosques-de-arcade\/\" \/>\n<meta property=\"article:publisher\" content=\"https:\/\/www.facebook.com\/anovapeneira\" \/>\n<meta property=\"article:published_time\" content=\"2023-03-29T08:00:43+00:00\" \/>\n<meta property=\"og:image\" content=\"https:\/\/www.anovapeneira.gal\/wp-content\/uploads\/2023\/03\/devesa2.jpg\" \/>\n\t<meta property=\"og:image:width\" content=\"720\" \/>\n\t<meta property=\"og:image:height\" content=\"432\" \/>\n\t<meta property=\"og:image:type\" content=\"image\/jpeg\" \/>\n<meta name=\"author\" content=\"Redacci\u00f3n A Nova Peneira\" \/>\n<meta name=\"twitter:card\" content=\"summary_large_image\" \/>\n<meta name=\"twitter:creator\" content=\"@APeneira\" \/>\n<meta name=\"twitter:site\" content=\"@APeneira\" \/>\n<meta name=\"twitter:label1\" content=\"Escrito por\" \/>\n\t<meta name=\"twitter:data1\" content=\"Redacci\u00f3n A Nova Peneira\" \/>\n\t<meta name=\"twitter:label2\" content=\"Tempo de lectura\" \/>\n\t<meta name=\"twitter:data2\" content=\"3 minutos\" \/>\n<script type=\"application\/ld+json\" class=\"yoast-schema-graph\">{\"@context\":\"https:\\\/\\\/schema.org\",\"@graph\":[{\"@type\":\"Article\",\"@id\":\"https:\\\/\\\/www.anovapeneira.gal\\\/index.php\\\/2023\\\/03\\\/29\\\/a-comunidade-de-montes-da-devesa-enche-de-castineiros-e-oliveiras-os-bosques-de-arcade\\\/#article\",\"isPartOf\":{\"@id\":\"https:\\\/\\\/www.anovapeneira.gal\\\/index.php\\\/2023\\\/03\\\/29\\\/a-comunidade-de-montes-da-devesa-enche-de-castineiros-e-oliveiras-os-bosques-de-arcade\\\/\"},\"author\":{\"name\":\"Redacci\u00f3n A Nova Peneira\",\"@id\":\"https:\\\/\\\/www.anovapeneira.gal\\\/#\\\/schema\\\/person\\\/b93e3f8932e3f8da96334607eb6ac6aa\"},\"headline\":\"A Comunidade de Montes da Devesa enche de casti\u00f1eiros e oliveiras os bosques de Arcade\",\"datePublished\":\"2023-03-29T08:00:43+00:00\",\"mainEntityOfPage\":{\"@id\":\"https:\\\/\\\/www.anovapeneira.gal\\\/index.php\\\/2023\\\/03\\\/29\\\/a-comunidade-de-montes-da-devesa-enche-de-castineiros-e-oliveiras-os-bosques-de-arcade\\\/\"},\"wordCount\":519,\"commentCount\":0,\"publisher\":{\"@id\":\"https:\\\/\\\/www.anovapeneira.gal\\\/#organization\"},\"image\":{\"@id\":\"https:\\\/\\\/www.anovapeneira.gal\\\/index.php\\\/2023\\\/03\\\/29\\\/a-comunidade-de-montes-da-devesa-enche-de-castineiros-e-oliveiras-os-bosques-de-arcade\\\/#primaryimage\"},\"thumbnailUrl\":\"https:\\\/\\\/www.anovapeneira.gal\\\/wp-content\\\/uploads\\\/2023\\\/03\\\/devesa2.jpg\",\"keywords\":[\"Concello de Soutomaior\"],\"articleSection\":[\"Redondela\"],\"inLanguage\":\"gl-ES\",\"potentialAction\":[{\"@type\":\"CommentAction\",\"name\":\"Comment\",\"target\":[\"https:\\\/\\\/www.anovapeneira.gal\\\/index.php\\\/2023\\\/03\\\/29\\\/a-comunidade-de-montes-da-devesa-enche-de-castineiros-e-oliveiras-os-bosques-de-arcade\\\/#respond\"]}]},{\"@type\":\"WebPage\",\"@id\":\"https:\\\/\\\/www.anovapeneira.gal\\\/index.php\\\/2023\\\/03\\\/29\\\/a-comunidade-de-montes-da-devesa-enche-de-castineiros-e-oliveiras-os-bosques-de-arcade\\\/\",\"url\":\"https:\\\/\\\/www.anovapeneira.gal\\\/index.php\\\/2023\\\/03\\\/29\\\/a-comunidade-de-montes-da-devesa-enche-de-castineiros-e-oliveiras-os-bosques-de-arcade\\\/\",\"name\":\"A Comunidade de Montes da Devesa enche de casti\u00f1eiros e oliveiras os bosques de Arcade -\",\"isPartOf\":{\"@id\":\"https:\\\/\\\/www.anovapeneira.gal\\\/#website\"},\"primaryImageOfPage\":{\"@id\":\"https:\\\/\\\/www.anovapeneira.gal\\\/index.php\\\/2023\\\/03\\\/29\\\/a-comunidade-de-montes-da-devesa-enche-de-castineiros-e-oliveiras-os-bosques-de-arcade\\\/#primaryimage\"},\"image\":{\"@id\":\"https:\\\/\\\/www.anovapeneira.gal\\\/index.php\\\/2023\\\/03\\\/29\\\/a-comunidade-de-montes-da-devesa-enche-de-castineiros-e-oliveiras-os-bosques-de-arcade\\\/#primaryimage\"},\"thumbnailUrl\":\"https:\\\/\\\/www.anovapeneira.gal\\\/wp-content\\\/uploads\\\/2023\\\/03\\\/devesa2.jpg\",\"datePublished\":\"2023-03-29T08:00:43+00:00\",\"description\":\"Recentemente a CM da Devesa en Arcade, en colaboraci\u00f3n cos alumnos e alumnas do IES de Soutomaior e do Colexio Pad\u00edn Truiteiro, plantaron arredor de 100 casti\u00f1eiros e de 100 oliveiras nos montes da s\u00faa comunidade\",\"breadcrumb\":{\"@id\":\"https:\\\/\\\/www.anovapeneira.gal\\\/index.php\\\/2023\\\/03\\\/29\\\/a-comunidade-de-montes-da-devesa-enche-de-castineiros-e-oliveiras-os-bosques-de-arcade\\\/#breadcrumb\"},\"inLanguage\":\"gl-ES\",\"potentialAction\":[{\"@type\":\"ReadAction\",\"target\":[\"https:\\\/\\\/www.anovapeneira.gal\\\/index.php\\\/2023\\\/03\\\/29\\\/a-comunidade-de-montes-da-devesa-enche-de-castineiros-e-oliveiras-os-bosques-de-arcade\\\/\"]}]},{\"@type\":\"ImageObject\",\"inLanguage\":\"gl-ES\",\"@id\":\"https:\\\/\\\/www.anovapeneira.gal\\\/index.php\\\/2023\\\/03\\\/29\\\/a-comunidade-de-montes-da-devesa-enche-de-castineiros-e-oliveiras-os-bosques-de-arcade\\\/#primaryimage\",\"url\":\"https:\\\/\\\/www.anovapeneira.gal\\\/wp-content\\\/uploads\\\/2023\\\/03\\\/devesa2.jpg\",\"contentUrl\":\"https:\\\/\\\/www.anovapeneira.gal\\\/wp-content\\\/uploads\\\/2023\\\/03\\\/devesa2.jpg\",\"width\":720,\"height\":432,\"caption\":\"Comunidade de Montes da Devesa\"},{\"@type\":\"BreadcrumbList\",\"@id\":\"https:\\\/\\\/www.anovapeneira.gal\\\/index.php\\\/2023\\\/03\\\/29\\\/a-comunidade-de-montes-da-devesa-enche-de-castineiros-e-oliveiras-os-bosques-de-arcade\\\/#breadcrumb\",\"itemListElement\":[{\"@type\":\"ListItem\",\"position\":1,\"name\":\"Portada\",\"item\":\"https:\\\/\\\/www.anovapeneira.gal\\\/\"},{\"@type\":\"ListItem\",\"position\":2,\"name\":\"A Comunidade de Montes da Devesa enche de casti\u00f1eiros e oliveiras os bosques de Arcade\"}]},{\"@type\":\"WebSite\",\"@id\":\"https:\\\/\\\/www.anovapeneira.gal\\\/#website\",\"url\":\"https:\\\/\\\/www.anovapeneira.gal\\\/\",\"name\":\"\",\"description\":\"Xornal galego de informaci\u00f3n xeral Publicaci\u00f3n mensual de novas de Galicia e en especial dos Concellos da sur da provincia de Pontevedra.\",\"publisher\":{\"@id\":\"https:\\\/\\\/www.anovapeneira.gal\\\/#organization\"},\"potentialAction\":[{\"@type\":\"SearchAction\",\"target\":{\"@type\":\"EntryPoint\",\"urlTemplate\":\"https:\\\/\\\/www.anovapeneira.gal\\\/?s={search_term_string}\"},\"query-input\":{\"@type\":\"PropertyValueSpecification\",\"valueRequired\":true,\"valueName\":\"search_term_string\"}}],\"inLanguage\":\"gl-ES\"},{\"@type\":\"Organization\",\"@id\":\"https:\\\/\\\/www.anovapeneira.gal\\\/#organization\",\"name\":\"A Nova Peneira\",\"url\":\"https:\\\/\\\/www.anovapeneira.gal\\\/\",\"logo\":{\"@type\":\"ImageObject\",\"inLanguage\":\"gl-ES\",\"@id\":\"https:\\\/\\\/www.anovapeneira.gal\\\/#\\\/schema\\\/logo\\\/image\\\/\",\"url\":\"http:\\\/\\\/www.anovapeneira.gal\\\/wp-content\\\/uploads\\\/2019\\\/06\\\/logo_a_nova_peneira_portal_web.png\",\"contentUrl\":\"http:\\\/\\\/www.anovapeneira.gal\\\/wp-content\\\/uploads\\\/2019\\\/06\\\/logo_a_nova_peneira_portal_web.png\",\"width\":300,\"height\":100,\"caption\":\"A Nova Peneira\"},\"image\":{\"@id\":\"https:\\\/\\\/www.anovapeneira.gal\\\/#\\\/schema\\\/logo\\\/image\\\/\"},\"sameAs\":[\"https:\\\/\\\/www.facebook.com\\\/anovapeneira\",\"https:\\\/\\\/x.com\\\/APeneira\"]},{\"@type\":\"Person\",\"@id\":\"https:\\\/\\\/www.anovapeneira.gal\\\/#\\\/schema\\\/person\\\/b93e3f8932e3f8da96334607eb6ac6aa\",\"name\":\"Redacci\u00f3n A Nova Peneira\",\"image\":{\"@type\":\"ImageObject\",\"inLanguage\":\"gl-ES\",\"@id\":\"https:\\\/\\\/secure.gravatar.com\\\/avatar\\\/c052a2551a06e23fac63626232eaa90abd78dbcf1700fc46a2b2c89fd27b735f?s=96&d=mm&r=g\",\"url\":\"https:\\\/\\\/secure.gravatar.com\\\/avatar\\\/c052a2551a06e23fac63626232eaa90abd78dbcf1700fc46a2b2c89fd27b735f?s=96&d=mm&r=g\",\"contentUrl\":\"https:\\\/\\\/secure.gravatar.com\\\/avatar\\\/c052a2551a06e23fac63626232eaa90abd78dbcf1700fc46a2b2c89fd27b735f?s=96&d=mm&r=g\",\"caption\":\"Redacci\u00f3n A Nova Peneira\"},\"sameAs\":[\"http:\\\/\\\/www.anovapeneira.gal\\\/\"],\"url\":\"https:\\\/\\\/www.anovapeneira.gal\\\/index.php\\\/author\\\/redactor\\\/\"}]}<\/script>\n<!-- \/ Yoast SEO plugin. -->","yoast_head_json":{"title":"A Comunidade de Montes da Devesa enche de casti\u00f1eiros e oliveiras os bosques de Arcade -","description":"Recentemente a CM da Devesa en Arcade, en colaboraci\u00f3n cos alumnos e alumnas do IES de Soutomaior e do Colexio Pad\u00edn Truiteiro, plantaron arredor de 100 casti\u00f1eiros e de 100 oliveiras nos montes da s\u00faa comunidade","robots":{"index":"index","follow":"follow","max-snippet":"max-snippet:-1","max-image-preview":"max-image-preview:large","max-video-preview":"max-video-preview:-1"},"canonical":"https:\/\/www.anovapeneira.gal\/index.php\/2023\/03\/29\/a-comunidade-de-montes-da-devesa-enche-de-castineiros-e-oliveiras-os-bosques-de-arcade\/","og_locale":"gl_ES","og_type":"article","og_title":"A Comunidade de Montes da Devesa enche de casti\u00f1eiros e oliveiras os bosques de Arcade -","og_description":"Recentemente a CM da Devesa en Arcade, en colaboraci\u00f3n cos alumnos e alumnas do IES de Soutomaior e do Colexio Pad\u00edn Truiteiro, plantaron arredor de 100 casti\u00f1eiros e de 100 oliveiras nos montes da s\u00faa comunidade","og_url":"https:\/\/www.anovapeneira.gal\/index.php\/2023\/03\/29\/a-comunidade-de-montes-da-devesa-enche-de-castineiros-e-oliveiras-os-bosques-de-arcade\/","article_publisher":"https:\/\/www.facebook.com\/anovapeneira","article_published_time":"2023-03-29T08:00:43+00:00","og_image":[{"width":720,"height":432,"url":"https:\/\/www.anovapeneira.gal\/wp-content\/uploads\/2023\/03\/devesa2.jpg","type":"image\/jpeg"}],"author":"Redacci\u00f3n A Nova Peneira","twitter_card":"summary_large_image","twitter_creator":"@APeneira","twitter_site":"@APeneira","twitter_misc":{"Escrito por":"Redacci\u00f3n A Nova Peneira","Tempo de lectura":"3 minutos"},"schema":{"@context":"https:\/\/schema.org","@graph":[{"@type":"Article","@id":"https:\/\/www.anovapeneira.gal\/index.php\/2023\/03\/29\/a-comunidade-de-montes-da-devesa-enche-de-castineiros-e-oliveiras-os-bosques-de-arcade\/#article","isPartOf":{"@id":"https:\/\/www.anovapeneira.gal\/index.php\/2023\/03\/29\/a-comunidade-de-montes-da-devesa-enche-de-castineiros-e-oliveiras-os-bosques-de-arcade\/"},"author":{"name":"Redacci\u00f3n A Nova Peneira","@id":"https:\/\/www.anovapeneira.gal\/#\/schema\/person\/b93e3f8932e3f8da96334607eb6ac6aa"},"headline":"A Comunidade de Montes da Devesa enche de casti\u00f1eiros e oliveiras os bosques de Arcade","datePublished":"2023-03-29T08:00:43+00:00","mainEntityOfPage":{"@id":"https:\/\/www.anovapeneira.gal\/index.php\/2023\/03\/29\/a-comunidade-de-montes-da-devesa-enche-de-castineiros-e-oliveiras-os-bosques-de-arcade\/"},"wordCount":519,"commentCount":0,"publisher":{"@id":"https:\/\/www.anovapeneira.gal\/#organization"},"image":{"@id":"https:\/\/www.anovapeneira.gal\/index.php\/2023\/03\/29\/a-comunidade-de-montes-da-devesa-enche-de-castineiros-e-oliveiras-os-bosques-de-arcade\/#primaryimage"},"thumbnailUrl":"https:\/\/www.anovapeneira.gal\/wp-content\/uploads\/2023\/03\/devesa2.jpg","keywords":["Concello de Soutomaior"],"articleSection":["Redondela"],"inLanguage":"gl-ES","potentialAction":[{"@type":"CommentAction","name":"Comment","target":["https:\/\/www.anovapeneira.gal\/index.php\/2023\/03\/29\/a-comunidade-de-montes-da-devesa-enche-de-castineiros-e-oliveiras-os-bosques-de-arcade\/#respond"]}]},{"@type":"WebPage","@id":"https:\/\/www.anovapeneira.gal\/index.php\/2023\/03\/29\/a-comunidade-de-montes-da-devesa-enche-de-castineiros-e-oliveiras-os-bosques-de-arcade\/","url":"https:\/\/www.anovapeneira.gal\/index.php\/2023\/03\/29\/a-comunidade-de-montes-da-devesa-enche-de-castineiros-e-oliveiras-os-bosques-de-arcade\/","name":"A Comunidade de Montes da Devesa enche de casti\u00f1eiros e oliveiras os bosques de Arcade -","isPartOf":{"@id":"https:\/\/www.anovapeneira.gal\/#website"},"primaryImageOfPage":{"@id":"https:\/\/www.anovapeneira.gal\/index.php\/2023\/03\/29\/a-comunidade-de-montes-da-devesa-enche-de-castineiros-e-oliveiras-os-bosques-de-arcade\/#primaryimage"},"image":{"@id":"https:\/\/www.anovapeneira.gal\/index.php\/2023\/03\/29\/a-comunidade-de-montes-da-devesa-enche-de-castineiros-e-oliveiras-os-bosques-de-arcade\/#primaryimage"},"thumbnailUrl":"https:\/\/www.anovapeneira.gal\/wp-content\/uploads\/2023\/03\/devesa2.jpg","datePublished":"2023-03-29T08:00:43+00:00","description":"Recentemente a CM da Devesa en Arcade, en colaboraci\u00f3n cos alumnos e alumnas do IES de Soutomaior e do Colexio Pad\u00edn Truiteiro, plantaron arredor de 100 casti\u00f1eiros e de 100 oliveiras nos montes da s\u00faa comunidade","breadcrumb":{"@id":"https:\/\/www.anovapeneira.gal\/index.php\/2023\/03\/29\/a-comunidade-de-montes-da-devesa-enche-de-castineiros-e-oliveiras-os-bosques-de-arcade\/#breadcrumb"},"inLanguage":"gl-ES","potentialAction":[{"@type":"ReadAction","target":["https:\/\/www.anovapeneira.gal\/index.php\/2023\/03\/29\/a-comunidade-de-montes-da-devesa-enche-de-castineiros-e-oliveiras-os-bosques-de-arcade\/"]}]},{"@type":"ImageObject","inLanguage":"gl-ES","@id":"https:\/\/www.anovapeneira.gal\/index.php\/2023\/03\/29\/a-comunidade-de-montes-da-devesa-enche-de-castineiros-e-oliveiras-os-bosques-de-arcade\/#primaryimage","url":"https:\/\/www.anovapeneira.gal\/wp-content\/uploads\/2023\/03\/devesa2.jpg","contentUrl":"https:\/\/www.anovapeneira.gal\/wp-content\/uploads\/2023\/03\/devesa2.jpg","width":720,"height":432,"caption":"Comunidade de Montes da Devesa"},{"@type":"BreadcrumbList","@id":"https:\/\/www.anovapeneira.gal\/index.php\/2023\/03\/29\/a-comunidade-de-montes-da-devesa-enche-de-castineiros-e-oliveiras-os-bosques-de-arcade\/#breadcrumb","itemListElement":[{"@type":"ListItem","position":1,"name":"Portada","item":"https:\/\/www.anovapeneira.gal\/"},{"@type":"ListItem","position":2,"name":"A Comunidade de Montes da Devesa enche de casti\u00f1eiros e oliveiras os bosques de Arcade"}]},{"@type":"WebSite","@id":"https:\/\/www.anovapeneira.gal\/#website","url":"https:\/\/www.anovapeneira.gal\/","name":"","description":"Xornal galego de informaci\u00f3n xeral Publicaci\u00f3n mensual de novas de Galicia e en especial dos Concellos da sur da provincia de Pontevedra.","publisher":{"@id":"https:\/\/www.anovapeneira.gal\/#organization"},"potentialAction":[{"@type":"SearchAction","target":{"@type":"EntryPoint","urlTemplate":"https:\/\/www.anovapeneira.gal\/?s={search_term_string}"},"query-input":{"@type":"PropertyValueSpecification","valueRequired":true,"valueName":"search_term_string"}}],"inLanguage":"gl-ES"},{"@type":"Organization","@id":"https:\/\/www.anovapeneira.gal\/#organization","name":"A Nova Peneira","url":"https:\/\/www.anovapeneira.gal\/","logo":{"@type":"ImageObject","inLanguage":"gl-ES","@id":"https:\/\/www.anovapeneira.gal\/#\/schema\/logo\/image\/","url":"http:\/\/www.anovapeneira.gal\/wp-content\/uploads\/2019\/06\/logo_a_nova_peneira_portal_web.png","contentUrl":"http:\/\/www.anovapeneira.gal\/wp-content\/uploads\/2019\/06\/logo_a_nova_peneira_portal_web.png","width":300,"height":100,"caption":"A Nova Peneira"},"image":{"@id":"https:\/\/www.anovapeneira.gal\/#\/schema\/logo\/image\/"},"sameAs":["https:\/\/www.facebook.com\/anovapeneira","https:\/\/x.com\/APeneira"]},{"@type":"Person","@id":"https:\/\/www.anovapeneira.gal\/#\/schema\/person\/b93e3f8932e3f8da96334607eb6ac6aa","name":"Redacci\u00f3n A Nova Peneira","image":{"@type":"ImageObject","inLanguage":"gl-ES","@id":"https:\/\/secure.gravatar.com\/avatar\/c052a2551a06e23fac63626232eaa90abd78dbcf1700fc46a2b2c89fd27b735f?s=96&d=mm&r=g","url":"https:\/\/secure.gravatar.com\/avatar\/c052a2551a06e23fac63626232eaa90abd78dbcf1700fc46a2b2c89fd27b735f?s=96&d=mm&r=g","contentUrl":"https:\/\/secure.gravatar.com\/avatar\/c052a2551a06e23fac63626232eaa90abd78dbcf1700fc46a2b2c89fd27b735f?s=96&d=mm&r=g","caption":"Redacci\u00f3n A Nova Peneira"},"sameAs":["http:\/\/www.anovapeneira.gal\/"],"url":"https:\/\/www.anovapeneira.gal\/index.php\/author\/redactor\/"}]}},"jetpack_featured_media_url":"https:\/\/www.anovapeneira.gal\/wp-content\/uploads\/2023\/03\/devesa2.jpg","_links":{"self":[{"href":"https:\/\/www.anovapeneira.gal\/index.php\/wp-json\/wp\/v2\/posts\/9374","targetHints":{"allow":["GET"]}}],"collection":[{"href":"https:\/\/www.anovapeneira.gal\/index.php\/wp-json\/wp\/v2\/posts"}],"about":[{"href":"https:\/\/www.anovapeneira.gal\/index.php\/wp-json\/wp\/v2\/types\/post"}],"author":[{"embeddable":true,"href":"https:\/\/www.anovapeneira.gal\/index.php\/wp-json\/wp\/v2\/users\/3"}],"replies":[{"embeddable":true,"href":"https:\/\/www.anovapeneira.gal\/index.php\/wp-json\/wp\/v2\/comments?post=9374"}],"version-history":[{"count":2,"href":"https:\/\/www.anovapeneira.gal\/index.php\/wp-json\/wp\/v2\/posts\/9374\/revisions"}],"predecessor-version":[{"id":9378,"href":"https:\/\/www.anovapeneira.gal\/index.php\/wp-json\/wp\/v2\/posts\/9374\/revisions\/9378"}],"wp:featuredmedia":[{"embeddable":true,"href":"https:\/\/www.anovapeneira.gal\/index.php\/wp-json\/wp\/v2\/media\/9375"}],"wp:attachment":[{"href":"https:\/\/www.anovapeneira.gal\/index.php\/wp-json\/wp\/v2\/media?parent=9374"}],"wp:term":[{"taxonomy":"category","embeddable":true,"href":"https:\/\/www.anovapeneira.gal\/index.php\/wp-json\/wp\/v2\/categories?post=9374"},{"taxonomy":"post_tag","embeddable":true,"href":"https:\/\/www.anovapeneira.gal\/index.php\/wp-json\/wp\/v2\/tags?post=9374"}],"curies":[{"name":"wp","href":"https:\/\/api.w.org\/{rel}","templated":true}]}}