{"id":9381,"date":"2023-03-30T10:00:08","date_gmt":"2023-03-30T08:00:08","guid":{"rendered":"https:\/\/www.anovapeneira.gal\/?p=9381"},"modified":"2023-03-27T12:47:38","modified_gmt":"2023-03-27T10:47:38","slug":"a-semente-do-rugby-agroma-nas-pedrinas","status":"publish","type":"post","link":"https:\/\/www.anovapeneira.gal\/index.php\/2023\/03\/30\/a-semente-do-rugby-agroma-nas-pedrinas\/","title":{"rendered":"A semente do rugby agroma nas Pedri\u00f1as"},"content":{"rendered":"\n<p><strong>Desde hai dous anos os nosos amigos das Pedri\u00f1as ofrecen aos nenos e nenas que queiran apuntarse a posibilidade de aprender a xogar ao Rugby. As clases, todos os m\u00e9rcores pola tarde, imp\u00e1rteas Diego L\u00f3pez, un dos adestradores do Vigo Rugby e n\u00f3s conversamos con el.<\/strong><\/p>\n\n\n\n<p><strong>Diego L\u00f3pez Pazos adestrador de rugby .<\/strong><\/p>\n\n\n\n<p>\u201c <strong>O noso \u00e9 un deporte marabilloso, moi completo no que ao exercicio f\u00edsico se refire e que achega valores de solidariedade e compa\u00f1eirismo moi importantes para a vida diaria\u201d<\/strong><\/p>\n\n\n\n<p><strong>Cando inicias a t\u00faa relaci\u00f3n co Rugby?<\/strong><\/p>\n\n\n\n<blockquote class=\"wp-block-quote is-layout-flow wp-block-quote-is-layout-flow\">\n<p>F\u00edxeno cando inscrib\u00edn ao meu fillo nas escolas deportivas do equipo. Quer\u00eda que practicara alg\u00fan deporte e este sempre me resultou atractivo. A medida que me fun metendo impliqueime m\u00e1is e acabei facendo dous cursos para converterme en adestrador.<\/p>\n<\/blockquote>\n\n\n\n<p><strong>Ti formas parte do corpo de adestradores do Vigo Rugby club?<\/strong><\/p>\n\n\n\n<blockquote class=\"wp-block-quote is-layout-flow wp-block-quote-is-layout-flow\">\n<p>Si, somos varios. Tes que pensar que o noso club conta, nas distintas categor\u00edas nas que participa, con arredor de 250 xogadores e xogadoras. En Galicia no noso deporte ata os 16 anos os nenos e as nenas xogan xuntos. A partir desa idade xa temos liga masculina e feminina.<\/p>\n<\/blockquote>\n\n\n\n<p><strong>Cantos anos de historia ten o club?<\/strong><\/p>\n\n\n\n<blockquote class=\"wp-block-quote is-layout-flow wp-block-quote-is-layout-flow\">\n<p>Formalmente naceu en setembro do ano 1988. Xa vai polos 35 anos de vida. M\u00e1is ou menos o Rugby vive a s\u00faa eclosi\u00f3n en Galicia hai arredor de 30 anos.<\/p>\n<\/blockquote>\n\n\n\n<p><strong>E cal foi o motivo ?<\/strong><\/p>\n\n\n\n<blockquote class=\"wp-block-quote is-layout-flow wp-block-quote-is-layout-flow\">\n<p>O deporte entrou xa hai moitos anos, tanto polos barcos brit\u00e1nicos , que nos portos e praias xogaban contra os mozos locais, como polos colexios franceses. Pero eu creo que comeza a adquirir unha dimensi\u00f3n de certa relevancia cando se empezan a televisar os partidos do torneo 5 naci\u00f3ns.<\/p>\n<\/blockquote>\n\n\n\n<p><strong>O voso deporte ten afecci\u00f3n en Galicia?<\/strong><\/p>\n\n\n\n<blockquote class=\"wp-block-quote is-layout-flow wp-block-quote-is-layout-flow\">\n<p>Medrou moito nos \u00faltimos anos. Sobre todo porque deixou de ser un deporte universitario, en determinados momentos parec\u00eda que a s\u00faa pr\u00e1ctica se reduc\u00eda s\u00f3 a ese mundo, e pasou a ser un deporte profesionalizado. Ent\u00f3n os equipos comezaron a montar escolas para tratar de facer canteira e espallar a s\u00faa pr\u00e1ctica a m\u00e1is abanos de idade.<\/p>\n<\/blockquote>\n\n\n\n<p><strong>Os vosos equipos s\u00e9nior feminino e masculino en que divisi\u00f3n compiten?<\/strong><\/p>\n\n\n\n<blockquote class=\"wp-block-quote is-layout-flow wp-block-quote-is-layout-flow\">\n<p>Na liga galega. Logo hai unha liga estatal na que n\u00f3s conseguimos estar hai uns anos durante un par de temporadas pero resulta francamente dif\u00edcil poder manterse a eses niveis, tanto deportivos como econ\u00f3micos.<\/p>\n<\/blockquote>\n\n\n\n<p><strong>Onde xogades?<\/strong><\/p>\n\n\n\n<blockquote class=\"wp-block-quote is-layout-flow wp-block-quote-is-layout-flow\">\n<p>No CUVI, no campo da Universidade de Vigo. Adestramos na ETEA os martes e os xoves, e no CUVI os s\u00e1bados<\/p>\n<\/blockquote>\n\n\n\n<p><strong>Como facedes para captar aos nenos e \u00e1s nenas?<\/strong><\/p>\n\n\n\n<blockquote class=\"wp-block-quote is-layout-flow wp-block-quote-is-layout-flow\">\n<p>A trav\u00e9s das visitas a colexios e institutos e pola prensa e redes sociais.<\/p>\n<\/blockquote>\n\n\n\n<p><strong>A pr\u00e1ctica do Rugby \u00e9 cara?<\/strong><\/p>\n\n\n\n<blockquote class=\"wp-block-quote is-layout-flow wp-block-quote-is-layout-flow\">\n<p>Non, todo o contrario.<\/p>\n<\/blockquote>\n\n\n\n<p><strong>Hai que ter condici\u00f3ns f\u00edsicas determinadas para practicalo?<\/strong><\/p>\n\n\n\n<blockquote class=\"wp-block-quote is-layout-flow wp-block-quote-is-layout-flow\">\n<p>Non, pode valer calquera: altos , baixos, obesos ou delgados. D\u00e1 igual.<\/p>\n<\/blockquote>\n\n\n\n<blockquote class=\"wp-block-quote is-layout-flow wp-block-quote-is-layout-flow\">\n<p>O Rugby ten unha enorme avantaxe que \u00e9 que calquera pode xogar. Hai postos para todos.<\/p>\n<\/blockquote>\n\n\n\n<p><strong>Pero haber\u00e1 que ter certo talento supo\u00f1o?<\/strong><\/p>\n\n\n\n<blockquote class=\"wp-block-quote is-layout-flow wp-block-quote-is-layout-flow\">\n<p>Si, claro. Pero para iso est\u00e1n os adestramentos. Canto m\u00e1is pequeno empeces e m\u00e1is te apliques m\u00e1is posibilidades tes de chegar a destacar.<\/p>\n<\/blockquote>\n\n\n\n<p><strong>O que me parece, desde o absoluto desco\u00f1ecemento, \u00e9 que o deporte ten certa complexidade,non?<\/strong><\/p>\n\n\n\n<blockquote class=\"wp-block-quote is-layout-flow wp-block-quote-is-layout-flow\">\n<p>Si, iso si que \u00e9 verdade. Pero nas categor\u00edas onde est\u00e1 a xente m\u00e1is novas proc\u00farase enfocalo non tanto a competir como a aprender.<\/p>\n<\/blockquote>\n\n\n\n<p><strong>Cantos equipos pode haber en Galicia?<\/strong><\/p>\n\n\n\n<blockquote class=\"wp-block-quote is-layout-flow wp-block-quote-is-layout-flow\">\n<p>Isto non \u00e9 como o f\u00fatbol que case en cada barrio hai un equipo. Seremos arredor de 20 clubs. O equipo m\u00e1is destacado nestes momentos \u00e9 o CRAT da Coru\u00f1a. Elas compiten con moita solvencia na liga estatal feminina.<\/p>\n<\/blockquote>\n\n\n\n<p><strong>E agora tam\u00e9n estades nas Pedri\u00f1as?<\/strong><\/p>\n\n\n\n<blockquote class=\"wp-block-quote is-layout-flow wp-block-quote-is-layout-flow\">\n<p>Si, eu falei con eles e amos\u00e1ronse encantados de colaborar con n\u00f3s. Decidimos enfocalo como unha actividade m\u00e1is do Centro. Nas Pedri\u00f1as temos un campo de herba marabilloso para podermos practicar rugby. Aqu\u00ed practicamos unha modalidade sen contacto. Nin placamos, nin facemos mel\u00e9s.<\/p>\n<\/blockquote>\n\n\n\n<p><strong>Cada canto tempo vides adestrar?<\/strong><\/p>\n\n\n\n<blockquote class=\"wp-block-quote is-layout-flow wp-block-quote-is-layout-flow\">\n<p>Vimos un d\u00eda \u00e1 semana: os m\u00e9rcores de 18:15 a 19:15.Aproveito a oportunidade das vosas p\u00e1xinas para convidar aos lectores e lectoras que te\u00f1an interese en que os seus fillos e fillas practiquen un deporte marabilloso, tanto no f\u00edsico como nos valores que achega, para que contacten coas Pedri\u00f1as e que proben. Estou seguro de que quedar\u00edan encantados.<\/p>\n<\/blockquote>\n\n\n\n<p><strong>A que abanos de idade vai dirixida a actividade?<\/strong><\/p>\n\n\n\n<blockquote class=\"wp-block-quote is-layout-flow wp-block-quote-is-layout-flow\">\n<p>A nenos e nenas de entre oito e quince anos.<\/p>\n<\/blockquote>\n\n\n\n<p><strong>Canto custa practicar Rugby nas Pedri\u00f1as?<\/strong><\/p>\n\n\n\n<blockquote class=\"wp-block-quote is-layout-flow wp-block-quote-is-layout-flow\">\n<p>\u00c9 moi barato, s\u00f3 15\u20ac ao mes.<\/p>\n<\/blockquote>\n","protected":false},"excerpt":{"rendered":"<div class=\"mh-excerpt\"><p>Desde hai dous anos os nosos amigos das Pedri\u00f1as ofrecen aos nenos e nenas que queiran apuntarse a posibilidade de aprender a xogar ao Rugby. <a class=\"mh-excerpt-more\" href=\"https:\/\/www.anovapeneira.gal\/index.php\/2023\/03\/30\/a-semente-do-rugby-agroma-nas-pedrinas\/\" title=\"A semente do rugby agroma nas Pedri\u00f1as\">[&#8230;]<\/a><\/p>\n<\/div>","protected":false},"author":3,"featured_media":9383,"comment_status":"open","ping_status":"open","sticky":false,"template":"","format":"standard","meta":{"_exactmetrics_skip_tracking":false,"_exactmetrics_sitenote_active":false,"_exactmetrics_sitenote_note":"","_exactmetrics_sitenote_category":0,"footnotes":""},"categories":[265],"tags":[218,713],"class_list":{"0":"post-9381","1":"post","2":"type-post","3":"status-publish","4":"format-standard","5":"has-post-thumbnail","7":"category-a-lourina-entrevistas","8":"tag-concello-de-mos","9":"tag-pedrinas"},"yoast_head":"<!-- This site is optimized with the Yoast SEO plugin v27.4 - https:\/\/yoast.com\/product\/yoast-seo-wordpress\/ -->\n<title>A semente do rugby agroma nas Pedri\u00f1as -<\/title>\n<meta name=\"description\" content=\"Desde hai dous anos os nosos amigos das Pedri\u00f1as ofrecen aos nenos e nenas que queiran apuntarse a posibilidade de aprender a xogar ao Rugby.\" \/>\n<meta name=\"robots\" content=\"index, follow, max-snippet:-1, max-image-preview:large, max-video-preview:-1\" \/>\n<link rel=\"canonical\" href=\"https:\/\/www.anovapeneira.gal\/index.php\/2023\/03\/30\/a-semente-do-rugby-agroma-nas-pedrinas\/\" \/>\n<meta property=\"og:locale\" content=\"gl_ES\" \/>\n<meta property=\"og:type\" content=\"article\" \/>\n<meta property=\"og:title\" content=\"A semente do rugby agroma nas Pedri\u00f1as -\" \/>\n<meta property=\"og:description\" content=\"Desde hai dous anos os nosos amigos das Pedri\u00f1as ofrecen aos nenos e nenas que queiran apuntarse a posibilidade de aprender a xogar ao Rugby.\" \/>\n<meta property=\"og:url\" content=\"https:\/\/www.anovapeneira.gal\/index.php\/2023\/03\/30\/a-semente-do-rugby-agroma-nas-pedrinas\/\" \/>\n<meta property=\"article:publisher\" content=\"https:\/\/www.facebook.com\/anovapeneira\" \/>\n<meta property=\"article:published_time\" content=\"2023-03-30T08:00:08+00:00\" \/>\n<meta property=\"og:image\" content=\"https:\/\/www.anovapeneira.gal\/wp-content\/uploads\/2023\/03\/rugby_mos.jpg\" \/>\n\t<meta property=\"og:image:width\" content=\"720\" \/>\n\t<meta property=\"og:image:height\" content=\"432\" \/>\n\t<meta property=\"og:image:type\" content=\"image\/jpeg\" \/>\n<meta name=\"author\" content=\"Redacci\u00f3n A Nova Peneira\" \/>\n<meta name=\"twitter:card\" content=\"summary_large_image\" \/>\n<meta name=\"twitter:creator\" content=\"@APeneira\" \/>\n<meta name=\"twitter:site\" content=\"@APeneira\" \/>\n<meta name=\"twitter:label1\" content=\"Escrito por\" \/>\n\t<meta name=\"twitter:data1\" content=\"Redacci\u00f3n A Nova Peneira\" \/>\n\t<meta name=\"twitter:label2\" content=\"Tempo de lectura\" \/>\n\t<meta name=\"twitter:data2\" content=\"5 minutos\" \/>\n<script type=\"application\/ld+json\" class=\"yoast-schema-graph\">{\"@context\":\"https:\\\/\\\/schema.org\",\"@graph\":[{\"@type\":\"Article\",\"@id\":\"https:\\\/\\\/www.anovapeneira.gal\\\/index.php\\\/2023\\\/03\\\/30\\\/a-semente-do-rugby-agroma-nas-pedrinas\\\/#article\",\"isPartOf\":{\"@id\":\"https:\\\/\\\/www.anovapeneira.gal\\\/index.php\\\/2023\\\/03\\\/30\\\/a-semente-do-rugby-agroma-nas-pedrinas\\\/\"},\"author\":{\"name\":\"Redacci\u00f3n A Nova Peneira\",\"@id\":\"https:\\\/\\\/www.anovapeneira.gal\\\/#\\\/schema\\\/person\\\/b93e3f8932e3f8da96334607eb6ac6aa\"},\"headline\":\"A semente do rugby agroma nas Pedri\u00f1as\",\"datePublished\":\"2023-03-30T08:00:08+00:00\",\"mainEntityOfPage\":{\"@id\":\"https:\\\/\\\/www.anovapeneira.gal\\\/index.php\\\/2023\\\/03\\\/30\\\/a-semente-do-rugby-agroma-nas-pedrinas\\\/\"},\"wordCount\":795,\"commentCount\":0,\"publisher\":{\"@id\":\"https:\\\/\\\/www.anovapeneira.gal\\\/#organization\"},\"image\":{\"@id\":\"https:\\\/\\\/www.anovapeneira.gal\\\/index.php\\\/2023\\\/03\\\/30\\\/a-semente-do-rugby-agroma-nas-pedrinas\\\/#primaryimage\"},\"thumbnailUrl\":\"https:\\\/\\\/www.anovapeneira.gal\\\/wp-content\\\/uploads\\\/2023\\\/03\\\/rugby_mos.jpg\",\"keywords\":[\"Concello de Mos\",\"Pedri\u00f1as\"],\"articleSection\":[\"A Louri\u00f1a\"],\"inLanguage\":\"gl-ES\",\"potentialAction\":[{\"@type\":\"CommentAction\",\"name\":\"Comment\",\"target\":[\"https:\\\/\\\/www.anovapeneira.gal\\\/index.php\\\/2023\\\/03\\\/30\\\/a-semente-do-rugby-agroma-nas-pedrinas\\\/#respond\"]}]},{\"@type\":\"WebPage\",\"@id\":\"https:\\\/\\\/www.anovapeneira.gal\\\/index.php\\\/2023\\\/03\\\/30\\\/a-semente-do-rugby-agroma-nas-pedrinas\\\/\",\"url\":\"https:\\\/\\\/www.anovapeneira.gal\\\/index.php\\\/2023\\\/03\\\/30\\\/a-semente-do-rugby-agroma-nas-pedrinas\\\/\",\"name\":\"A semente do rugby agroma nas Pedri\u00f1as -\",\"isPartOf\":{\"@id\":\"https:\\\/\\\/www.anovapeneira.gal\\\/#website\"},\"primaryImageOfPage\":{\"@id\":\"https:\\\/\\\/www.anovapeneira.gal\\\/index.php\\\/2023\\\/03\\\/30\\\/a-semente-do-rugby-agroma-nas-pedrinas\\\/#primaryimage\"},\"image\":{\"@id\":\"https:\\\/\\\/www.anovapeneira.gal\\\/index.php\\\/2023\\\/03\\\/30\\\/a-semente-do-rugby-agroma-nas-pedrinas\\\/#primaryimage\"},\"thumbnailUrl\":\"https:\\\/\\\/www.anovapeneira.gal\\\/wp-content\\\/uploads\\\/2023\\\/03\\\/rugby_mos.jpg\",\"datePublished\":\"2023-03-30T08:00:08+00:00\",\"description\":\"Desde hai dous anos os nosos amigos das Pedri\u00f1as ofrecen aos nenos e nenas que queiran apuntarse a posibilidade de aprender a xogar ao Rugby.\",\"breadcrumb\":{\"@id\":\"https:\\\/\\\/www.anovapeneira.gal\\\/index.php\\\/2023\\\/03\\\/30\\\/a-semente-do-rugby-agroma-nas-pedrinas\\\/#breadcrumb\"},\"inLanguage\":\"gl-ES\",\"potentialAction\":[{\"@type\":\"ReadAction\",\"target\":[\"https:\\\/\\\/www.anovapeneira.gal\\\/index.php\\\/2023\\\/03\\\/30\\\/a-semente-do-rugby-agroma-nas-pedrinas\\\/\"]}]},{\"@type\":\"ImageObject\",\"inLanguage\":\"gl-ES\",\"@id\":\"https:\\\/\\\/www.anovapeneira.gal\\\/index.php\\\/2023\\\/03\\\/30\\\/a-semente-do-rugby-agroma-nas-pedrinas\\\/#primaryimage\",\"url\":\"https:\\\/\\\/www.anovapeneira.gal\\\/wp-content\\\/uploads\\\/2023\\\/03\\\/rugby_mos.jpg\",\"contentUrl\":\"https:\\\/\\\/www.anovapeneira.gal\\\/wp-content\\\/uploads\\\/2023\\\/03\\\/rugby_mos.jpg\",\"width\":720,\"height\":432,\"caption\":\"A semente do rugby agroma nas Pedri\u00f1as\"},{\"@type\":\"BreadcrumbList\",\"@id\":\"https:\\\/\\\/www.anovapeneira.gal\\\/index.php\\\/2023\\\/03\\\/30\\\/a-semente-do-rugby-agroma-nas-pedrinas\\\/#breadcrumb\",\"itemListElement\":[{\"@type\":\"ListItem\",\"position\":1,\"name\":\"Portada\",\"item\":\"https:\\\/\\\/www.anovapeneira.gal\\\/\"},{\"@type\":\"ListItem\",\"position\":2,\"name\":\"A semente do rugby agroma nas Pedri\u00f1as\"}]},{\"@type\":\"WebSite\",\"@id\":\"https:\\\/\\\/www.anovapeneira.gal\\\/#website\",\"url\":\"https:\\\/\\\/www.anovapeneira.gal\\\/\",\"name\":\"\",\"description\":\"Xornal galego de informaci\u00f3n xeral Publicaci\u00f3n mensual de novas de Galicia e en especial dos Concellos da sur da provincia de Pontevedra.\",\"publisher\":{\"@id\":\"https:\\\/\\\/www.anovapeneira.gal\\\/#organization\"},\"potentialAction\":[{\"@type\":\"SearchAction\",\"target\":{\"@type\":\"EntryPoint\",\"urlTemplate\":\"https:\\\/\\\/www.anovapeneira.gal\\\/?s={search_term_string}\"},\"query-input\":{\"@type\":\"PropertyValueSpecification\",\"valueRequired\":true,\"valueName\":\"search_term_string\"}}],\"inLanguage\":\"gl-ES\"},{\"@type\":\"Organization\",\"@id\":\"https:\\\/\\\/www.anovapeneira.gal\\\/#organization\",\"name\":\"A Nova Peneira\",\"url\":\"https:\\\/\\\/www.anovapeneira.gal\\\/\",\"logo\":{\"@type\":\"ImageObject\",\"inLanguage\":\"gl-ES\",\"@id\":\"https:\\\/\\\/www.anovapeneira.gal\\\/#\\\/schema\\\/logo\\\/image\\\/\",\"url\":\"http:\\\/\\\/www.anovapeneira.gal\\\/wp-content\\\/uploads\\\/2019\\\/06\\\/logo_a_nova_peneira_portal_web.png\",\"contentUrl\":\"http:\\\/\\\/www.anovapeneira.gal\\\/wp-content\\\/uploads\\\/2019\\\/06\\\/logo_a_nova_peneira_portal_web.png\",\"width\":300,\"height\":100,\"caption\":\"A Nova Peneira\"},\"image\":{\"@id\":\"https:\\\/\\\/www.anovapeneira.gal\\\/#\\\/schema\\\/logo\\\/image\\\/\"},\"sameAs\":[\"https:\\\/\\\/www.facebook.com\\\/anovapeneira\",\"https:\\\/\\\/x.com\\\/APeneira\"]},{\"@type\":\"Person\",\"@id\":\"https:\\\/\\\/www.anovapeneira.gal\\\/#\\\/schema\\\/person\\\/b93e3f8932e3f8da96334607eb6ac6aa\",\"name\":\"Redacci\u00f3n A Nova Peneira\",\"image\":{\"@type\":\"ImageObject\",\"inLanguage\":\"gl-ES\",\"@id\":\"https:\\\/\\\/secure.gravatar.com\\\/avatar\\\/c052a2551a06e23fac63626232eaa90abd78dbcf1700fc46a2b2c89fd27b735f?s=96&d=mm&r=g\",\"url\":\"https:\\\/\\\/secure.gravatar.com\\\/avatar\\\/c052a2551a06e23fac63626232eaa90abd78dbcf1700fc46a2b2c89fd27b735f?s=96&d=mm&r=g\",\"contentUrl\":\"https:\\\/\\\/secure.gravatar.com\\\/avatar\\\/c052a2551a06e23fac63626232eaa90abd78dbcf1700fc46a2b2c89fd27b735f?s=96&d=mm&r=g\",\"caption\":\"Redacci\u00f3n A Nova Peneira\"},\"sameAs\":[\"http:\\\/\\\/www.anovapeneira.gal\\\/\"],\"url\":\"https:\\\/\\\/www.anovapeneira.gal\\\/index.php\\\/author\\\/redactor\\\/\"}]}<\/script>\n<!-- \/ Yoast SEO plugin. -->","yoast_head_json":{"title":"A semente do rugby agroma nas Pedri\u00f1as -","description":"Desde hai dous anos os nosos amigos das Pedri\u00f1as ofrecen aos nenos e nenas que queiran apuntarse a posibilidade de aprender a xogar ao Rugby.","robots":{"index":"index","follow":"follow","max-snippet":"max-snippet:-1","max-image-preview":"max-image-preview:large","max-video-preview":"max-video-preview:-1"},"canonical":"https:\/\/www.anovapeneira.gal\/index.php\/2023\/03\/30\/a-semente-do-rugby-agroma-nas-pedrinas\/","og_locale":"gl_ES","og_type":"article","og_title":"A semente do rugby agroma nas Pedri\u00f1as -","og_description":"Desde hai dous anos os nosos amigos das Pedri\u00f1as ofrecen aos nenos e nenas que queiran apuntarse a posibilidade de aprender a xogar ao Rugby.","og_url":"https:\/\/www.anovapeneira.gal\/index.php\/2023\/03\/30\/a-semente-do-rugby-agroma-nas-pedrinas\/","article_publisher":"https:\/\/www.facebook.com\/anovapeneira","article_published_time":"2023-03-30T08:00:08+00:00","og_image":[{"width":720,"height":432,"url":"https:\/\/www.anovapeneira.gal\/wp-content\/uploads\/2023\/03\/rugby_mos.jpg","type":"image\/jpeg"}],"author":"Redacci\u00f3n A Nova Peneira","twitter_card":"summary_large_image","twitter_creator":"@APeneira","twitter_site":"@APeneira","twitter_misc":{"Escrito por":"Redacci\u00f3n A Nova Peneira","Tempo de lectura":"5 minutos"},"schema":{"@context":"https:\/\/schema.org","@graph":[{"@type":"Article","@id":"https:\/\/www.anovapeneira.gal\/index.php\/2023\/03\/30\/a-semente-do-rugby-agroma-nas-pedrinas\/#article","isPartOf":{"@id":"https:\/\/www.anovapeneira.gal\/index.php\/2023\/03\/30\/a-semente-do-rugby-agroma-nas-pedrinas\/"},"author":{"name":"Redacci\u00f3n A Nova Peneira","@id":"https:\/\/www.anovapeneira.gal\/#\/schema\/person\/b93e3f8932e3f8da96334607eb6ac6aa"},"headline":"A semente do rugby agroma nas Pedri\u00f1as","datePublished":"2023-03-30T08:00:08+00:00","mainEntityOfPage":{"@id":"https:\/\/www.anovapeneira.gal\/index.php\/2023\/03\/30\/a-semente-do-rugby-agroma-nas-pedrinas\/"},"wordCount":795,"commentCount":0,"publisher":{"@id":"https:\/\/www.anovapeneira.gal\/#organization"},"image":{"@id":"https:\/\/www.anovapeneira.gal\/index.php\/2023\/03\/30\/a-semente-do-rugby-agroma-nas-pedrinas\/#primaryimage"},"thumbnailUrl":"https:\/\/www.anovapeneira.gal\/wp-content\/uploads\/2023\/03\/rugby_mos.jpg","keywords":["Concello de Mos","Pedri\u00f1as"],"articleSection":["A Louri\u00f1a"],"inLanguage":"gl-ES","potentialAction":[{"@type":"CommentAction","name":"Comment","target":["https:\/\/www.anovapeneira.gal\/index.php\/2023\/03\/30\/a-semente-do-rugby-agroma-nas-pedrinas\/#respond"]}]},{"@type":"WebPage","@id":"https:\/\/www.anovapeneira.gal\/index.php\/2023\/03\/30\/a-semente-do-rugby-agroma-nas-pedrinas\/","url":"https:\/\/www.anovapeneira.gal\/index.php\/2023\/03\/30\/a-semente-do-rugby-agroma-nas-pedrinas\/","name":"A semente do rugby agroma nas Pedri\u00f1as -","isPartOf":{"@id":"https:\/\/www.anovapeneira.gal\/#website"},"primaryImageOfPage":{"@id":"https:\/\/www.anovapeneira.gal\/index.php\/2023\/03\/30\/a-semente-do-rugby-agroma-nas-pedrinas\/#primaryimage"},"image":{"@id":"https:\/\/www.anovapeneira.gal\/index.php\/2023\/03\/30\/a-semente-do-rugby-agroma-nas-pedrinas\/#primaryimage"},"thumbnailUrl":"https:\/\/www.anovapeneira.gal\/wp-content\/uploads\/2023\/03\/rugby_mos.jpg","datePublished":"2023-03-30T08:00:08+00:00","description":"Desde hai dous anos os nosos amigos das Pedri\u00f1as ofrecen aos nenos e nenas que queiran apuntarse a posibilidade de aprender a xogar ao Rugby.","breadcrumb":{"@id":"https:\/\/www.anovapeneira.gal\/index.php\/2023\/03\/30\/a-semente-do-rugby-agroma-nas-pedrinas\/#breadcrumb"},"inLanguage":"gl-ES","potentialAction":[{"@type":"ReadAction","target":["https:\/\/www.anovapeneira.gal\/index.php\/2023\/03\/30\/a-semente-do-rugby-agroma-nas-pedrinas\/"]}]},{"@type":"ImageObject","inLanguage":"gl-ES","@id":"https:\/\/www.anovapeneira.gal\/index.php\/2023\/03\/30\/a-semente-do-rugby-agroma-nas-pedrinas\/#primaryimage","url":"https:\/\/www.anovapeneira.gal\/wp-content\/uploads\/2023\/03\/rugby_mos.jpg","contentUrl":"https:\/\/www.anovapeneira.gal\/wp-content\/uploads\/2023\/03\/rugby_mos.jpg","width":720,"height":432,"caption":"A semente do rugby agroma nas Pedri\u00f1as"},{"@type":"BreadcrumbList","@id":"https:\/\/www.anovapeneira.gal\/index.php\/2023\/03\/30\/a-semente-do-rugby-agroma-nas-pedrinas\/#breadcrumb","itemListElement":[{"@type":"ListItem","position":1,"name":"Portada","item":"https:\/\/www.anovapeneira.gal\/"},{"@type":"ListItem","position":2,"name":"A semente do rugby agroma nas Pedri\u00f1as"}]},{"@type":"WebSite","@id":"https:\/\/www.anovapeneira.gal\/#website","url":"https:\/\/www.anovapeneira.gal\/","name":"","description":"Xornal galego de informaci\u00f3n xeral Publicaci\u00f3n mensual de novas de Galicia e en especial dos Concellos da sur da provincia de Pontevedra.","publisher":{"@id":"https:\/\/www.anovapeneira.gal\/#organization"},"potentialAction":[{"@type":"SearchAction","target":{"@type":"EntryPoint","urlTemplate":"https:\/\/www.anovapeneira.gal\/?s={search_term_string}"},"query-input":{"@type":"PropertyValueSpecification","valueRequired":true,"valueName":"search_term_string"}}],"inLanguage":"gl-ES"},{"@type":"Organization","@id":"https:\/\/www.anovapeneira.gal\/#organization","name":"A Nova Peneira","url":"https:\/\/www.anovapeneira.gal\/","logo":{"@type":"ImageObject","inLanguage":"gl-ES","@id":"https:\/\/www.anovapeneira.gal\/#\/schema\/logo\/image\/","url":"http:\/\/www.anovapeneira.gal\/wp-content\/uploads\/2019\/06\/logo_a_nova_peneira_portal_web.png","contentUrl":"http:\/\/www.anovapeneira.gal\/wp-content\/uploads\/2019\/06\/logo_a_nova_peneira_portal_web.png","width":300,"height":100,"caption":"A Nova Peneira"},"image":{"@id":"https:\/\/www.anovapeneira.gal\/#\/schema\/logo\/image\/"},"sameAs":["https:\/\/www.facebook.com\/anovapeneira","https:\/\/x.com\/APeneira"]},{"@type":"Person","@id":"https:\/\/www.anovapeneira.gal\/#\/schema\/person\/b93e3f8932e3f8da96334607eb6ac6aa","name":"Redacci\u00f3n A Nova Peneira","image":{"@type":"ImageObject","inLanguage":"gl-ES","@id":"https:\/\/secure.gravatar.com\/avatar\/c052a2551a06e23fac63626232eaa90abd78dbcf1700fc46a2b2c89fd27b735f?s=96&d=mm&r=g","url":"https:\/\/secure.gravatar.com\/avatar\/c052a2551a06e23fac63626232eaa90abd78dbcf1700fc46a2b2c89fd27b735f?s=96&d=mm&r=g","contentUrl":"https:\/\/secure.gravatar.com\/avatar\/c052a2551a06e23fac63626232eaa90abd78dbcf1700fc46a2b2c89fd27b735f?s=96&d=mm&r=g","caption":"Redacci\u00f3n A Nova Peneira"},"sameAs":["http:\/\/www.anovapeneira.gal\/"],"url":"https:\/\/www.anovapeneira.gal\/index.php\/author\/redactor\/"}]}},"jetpack_featured_media_url":"https:\/\/www.anovapeneira.gal\/wp-content\/uploads\/2023\/03\/rugby_mos.jpg","_links":{"self":[{"href":"https:\/\/www.anovapeneira.gal\/index.php\/wp-json\/wp\/v2\/posts\/9381","targetHints":{"allow":["GET"]}}],"collection":[{"href":"https:\/\/www.anovapeneira.gal\/index.php\/wp-json\/wp\/v2\/posts"}],"about":[{"href":"https:\/\/www.anovapeneira.gal\/index.php\/wp-json\/wp\/v2\/types\/post"}],"author":[{"embeddable":true,"href":"https:\/\/www.anovapeneira.gal\/index.php\/wp-json\/wp\/v2\/users\/3"}],"replies":[{"embeddable":true,"href":"https:\/\/www.anovapeneira.gal\/index.php\/wp-json\/wp\/v2\/comments?post=9381"}],"version-history":[{"count":2,"href":"https:\/\/www.anovapeneira.gal\/index.php\/wp-json\/wp\/v2\/posts\/9381\/revisions"}],"predecessor-version":[{"id":9384,"href":"https:\/\/www.anovapeneira.gal\/index.php\/wp-json\/wp\/v2\/posts\/9381\/revisions\/9384"}],"wp:featuredmedia":[{"embeddable":true,"href":"https:\/\/www.anovapeneira.gal\/index.php\/wp-json\/wp\/v2\/media\/9383"}],"wp:attachment":[{"href":"https:\/\/www.anovapeneira.gal\/index.php\/wp-json\/wp\/v2\/media?parent=9381"}],"wp:term":[{"taxonomy":"category","embeddable":true,"href":"https:\/\/www.anovapeneira.gal\/index.php\/wp-json\/wp\/v2\/categories?post=9381"},{"taxonomy":"post_tag","embeddable":true,"href":"https:\/\/www.anovapeneira.gal\/index.php\/wp-json\/wp\/v2\/tags?post=9381"}],"curies":[{"name":"wp","href":"https:\/\/api.w.org\/{rel}","templated":true}]}}