{"id":9385,"date":"2023-03-30T12:00:57","date_gmt":"2023-03-30T10:00:57","guid":{"rendered":"https:\/\/www.anovapeneira.gal\/?p=9385"},"modified":"2023-03-27T12:52:25","modified_gmt":"2023-03-27T10:52:25","slug":"o-concello-de-recurre-a-un-contrato-de-servizos-para-reponer-o-enlousado-das-ruas-do-casco-vello","status":"publish","type":"post","link":"https:\/\/www.anovapeneira.gal\/index.php\/2023\/03\/30\/o-concello-de-recurre-a-un-contrato-de-servizos-para-reponer-o-enlousado-das-ruas-do-casco-vello\/","title":{"rendered":"O concello de recurre a un contrato de servizos para repo\u00f1er o enlousado das r\u00faas do casco vello"},"content":{"rendered":"\n<p><strong>A alcaldesa agradece aos residentes a s\u00faa colaboraci\u00f3n para levar a cabo esta actuaci\u00f3n, valorada en 48.398,79 euros<\/strong><\/p>\n\n\n\n<p><strong>Cangas, marzo 2023. <\/strong><\/p>\n\n\n\n<p>O goberno local licitou, mediante un contrato de servizos menor, o arreglo do chan nas r\u00faas empedradas de Cangas. Esta actuaci\u00f3n foi consensuada polo grupo de goberno coa veci\u00f1anza e persoas residentes neste entorno que demandan a subsanaci\u00f3n da perigosidade derivada do estado das losetas e solicitan a reposici\u00f3n das pedras rotas ou en mal estado nas r\u00faas do casco vello. A alcaldesa, Victoria Portas, agradece a colaboraci\u00f3n veci\u00f1al nesta actuaci\u00f3n<\/p>\n\n\n\n<p>\u201cAgradecemos \u00e1 veci\u00f1anza a s\u00faa colaboraci\u00f3n para levar a cabo esta reposici\u00f3n tan necesaria\u201d, apunta a alcaldesa, Victoria Portas, que reco\u00f1ece o mal estado no que se encontra o enlousado das estreitas r\u00faas do casco hist\u00f3rico. A falla de persoal e medios para acometer os traballos con recursos propios leva ao goberno local a subcontratar a actuaci\u00f3n a trav\u00e9s dun servizo que a empresa adxudicataria prestar\u00e1 ao Concello ao longo de todo o ano, atendendo todas as demandas trasladadas polos residentes.<\/p>\n","protected":false},"excerpt":{"rendered":"<div class=\"mh-excerpt\"><p>A alcaldesa agradece aos residentes a s\u00faa colaboraci\u00f3n para levar a cabo esta actuaci\u00f3n, valorada en 48.398,79 euros <a class=\"mh-excerpt-more\" href=\"https:\/\/www.anovapeneira.gal\/index.php\/2023\/03\/30\/o-concello-de-recurre-a-un-contrato-de-servizos-para-reponer-o-enlousado-das-ruas-do-casco-vello\/\" title=\"O concello de recurre a un contrato de servizos para repo\u00f1er o enlousado das r\u00faas do casco vello\">[&#8230;]<\/a><\/p>\n<\/div>","protected":false},"author":3,"featured_media":9387,"comment_status":"open","ping_status":"open","sticky":false,"template":"","format":"standard","meta":{"_exactmetrics_skip_tracking":false,"_exactmetrics_sitenote_active":false,"_exactmetrics_sitenote_note":"","_exactmetrics_sitenote_category":0,"footnotes":""},"categories":[22],"tags":[681],"class_list":{"0":"post-9385","1":"post","2":"type-post","3":"status-publish","4":"format-standard","5":"has-post-thumbnail","7":"category-morrazo","8":"tag-concello-de-cangas-do-morrazo"},"yoast_head":"<!-- This site is optimized with the Yoast SEO plugin v27.4 - https:\/\/yoast.com\/product\/yoast-seo-wordpress\/ -->\n<title>O concello de recurre a un contrato de servizos para repo\u00f1er o enlousado das r\u00faas do casco vello -<\/title>\n<meta name=\"description\" content=\"A alcaldesa agradece aos residentes a s\u00faa colaboraci\u00f3n para levar a cabo esta actuaci\u00f3n, valorada en 48.398,79 euros\" \/>\n<meta name=\"robots\" content=\"index, follow, max-snippet:-1, max-image-preview:large, max-video-preview:-1\" \/>\n<link rel=\"canonical\" href=\"https:\/\/www.anovapeneira.gal\/index.php\/2023\/03\/30\/o-concello-de-recurre-a-un-contrato-de-servizos-para-reponer-o-enlousado-das-ruas-do-casco-vello\/\" \/>\n<meta property=\"og:locale\" content=\"gl_ES\" \/>\n<meta property=\"og:type\" content=\"article\" \/>\n<meta property=\"og:title\" content=\"O concello de recurre a un contrato de servizos para repo\u00f1er o enlousado das r\u00faas do casco vello -\" \/>\n<meta property=\"og:description\" content=\"A alcaldesa agradece aos residentes a s\u00faa colaboraci\u00f3n para levar a cabo esta actuaci\u00f3n, valorada en 48.398,79 euros\" \/>\n<meta property=\"og:url\" content=\"https:\/\/www.anovapeneira.gal\/index.php\/2023\/03\/30\/o-concello-de-recurre-a-un-contrato-de-servizos-para-reponer-o-enlousado-das-ruas-do-casco-vello\/\" \/>\n<meta property=\"article:publisher\" content=\"https:\/\/www.facebook.com\/anovapeneira\" \/>\n<meta property=\"article:published_time\" content=\"2023-03-30T10:00:57+00:00\" \/>\n<meta property=\"og:image\" content=\"https:\/\/www.anovapeneira.gal\/wp-content\/uploads\/2023\/03\/casco_vello_cangas.jpg\" \/>\n\t<meta property=\"og:image:width\" content=\"720\" \/>\n\t<meta property=\"og:image:height\" content=\"432\" \/>\n\t<meta property=\"og:image:type\" content=\"image\/jpeg\" \/>\n<meta name=\"author\" content=\"Redacci\u00f3n A Nova Peneira\" \/>\n<meta name=\"twitter:card\" content=\"summary_large_image\" \/>\n<meta name=\"twitter:creator\" content=\"@APeneira\" \/>\n<meta name=\"twitter:site\" content=\"@APeneira\" \/>\n<meta name=\"twitter:label1\" content=\"Escrito por\" \/>\n\t<meta name=\"twitter:data1\" content=\"Redacci\u00f3n A Nova Peneira\" \/>\n\t<meta name=\"twitter:label2\" content=\"Tempo de lectura\" \/>\n\t<meta name=\"twitter:data2\" content=\"1 minuto\" \/>\n<script type=\"application\/ld+json\" class=\"yoast-schema-graph\">{\"@context\":\"https:\\\/\\\/schema.org\",\"@graph\":[{\"@type\":\"Article\",\"@id\":\"https:\\\/\\\/www.anovapeneira.gal\\\/index.php\\\/2023\\\/03\\\/30\\\/o-concello-de-recurre-a-un-contrato-de-servizos-para-reponer-o-enlousado-das-ruas-do-casco-vello\\\/#article\",\"isPartOf\":{\"@id\":\"https:\\\/\\\/www.anovapeneira.gal\\\/index.php\\\/2023\\\/03\\\/30\\\/o-concello-de-recurre-a-un-contrato-de-servizos-para-reponer-o-enlousado-das-ruas-do-casco-vello\\\/\"},\"author\":{\"name\":\"Redacci\u00f3n A Nova Peneira\",\"@id\":\"https:\\\/\\\/www.anovapeneira.gal\\\/#\\\/schema\\\/person\\\/b93e3f8932e3f8da96334607eb6ac6aa\"},\"headline\":\"O concello de recurre a un contrato de servizos para repo\u00f1er o enlousado das r\u00faas do casco vello\",\"datePublished\":\"2023-03-30T10:00:57+00:00\",\"mainEntityOfPage\":{\"@id\":\"https:\\\/\\\/www.anovapeneira.gal\\\/index.php\\\/2023\\\/03\\\/30\\\/o-concello-de-recurre-a-un-contrato-de-servizos-para-reponer-o-enlousado-das-ruas-do-casco-vello\\\/\"},\"wordCount\":211,\"commentCount\":0,\"publisher\":{\"@id\":\"https:\\\/\\\/www.anovapeneira.gal\\\/#organization\"},\"image\":{\"@id\":\"https:\\\/\\\/www.anovapeneira.gal\\\/index.php\\\/2023\\\/03\\\/30\\\/o-concello-de-recurre-a-un-contrato-de-servizos-para-reponer-o-enlousado-das-ruas-do-casco-vello\\\/#primaryimage\"},\"thumbnailUrl\":\"https:\\\/\\\/www.anovapeneira.gal\\\/wp-content\\\/uploads\\\/2023\\\/03\\\/casco_vello_cangas.jpg\",\"keywords\":[\"Concello de Cangas do Morrazo\"],\"articleSection\":[\"Morrazo\"],\"inLanguage\":\"gl-ES\",\"potentialAction\":[{\"@type\":\"CommentAction\",\"name\":\"Comment\",\"target\":[\"https:\\\/\\\/www.anovapeneira.gal\\\/index.php\\\/2023\\\/03\\\/30\\\/o-concello-de-recurre-a-un-contrato-de-servizos-para-reponer-o-enlousado-das-ruas-do-casco-vello\\\/#respond\"]}]},{\"@type\":\"WebPage\",\"@id\":\"https:\\\/\\\/www.anovapeneira.gal\\\/index.php\\\/2023\\\/03\\\/30\\\/o-concello-de-recurre-a-un-contrato-de-servizos-para-reponer-o-enlousado-das-ruas-do-casco-vello\\\/\",\"url\":\"https:\\\/\\\/www.anovapeneira.gal\\\/index.php\\\/2023\\\/03\\\/30\\\/o-concello-de-recurre-a-un-contrato-de-servizos-para-reponer-o-enlousado-das-ruas-do-casco-vello\\\/\",\"name\":\"O concello de recurre a un contrato de servizos para repo\u00f1er o enlousado das r\u00faas do casco vello -\",\"isPartOf\":{\"@id\":\"https:\\\/\\\/www.anovapeneira.gal\\\/#website\"},\"primaryImageOfPage\":{\"@id\":\"https:\\\/\\\/www.anovapeneira.gal\\\/index.php\\\/2023\\\/03\\\/30\\\/o-concello-de-recurre-a-un-contrato-de-servizos-para-reponer-o-enlousado-das-ruas-do-casco-vello\\\/#primaryimage\"},\"image\":{\"@id\":\"https:\\\/\\\/www.anovapeneira.gal\\\/index.php\\\/2023\\\/03\\\/30\\\/o-concello-de-recurre-a-un-contrato-de-servizos-para-reponer-o-enlousado-das-ruas-do-casco-vello\\\/#primaryimage\"},\"thumbnailUrl\":\"https:\\\/\\\/www.anovapeneira.gal\\\/wp-content\\\/uploads\\\/2023\\\/03\\\/casco_vello_cangas.jpg\",\"datePublished\":\"2023-03-30T10:00:57+00:00\",\"description\":\"A alcaldesa agradece aos residentes a s\u00faa colaboraci\u00f3n para levar a cabo esta actuaci\u00f3n, valorada en 48.398,79 euros\",\"breadcrumb\":{\"@id\":\"https:\\\/\\\/www.anovapeneira.gal\\\/index.php\\\/2023\\\/03\\\/30\\\/o-concello-de-recurre-a-un-contrato-de-servizos-para-reponer-o-enlousado-das-ruas-do-casco-vello\\\/#breadcrumb\"},\"inLanguage\":\"gl-ES\",\"potentialAction\":[{\"@type\":\"ReadAction\",\"target\":[\"https:\\\/\\\/www.anovapeneira.gal\\\/index.php\\\/2023\\\/03\\\/30\\\/o-concello-de-recurre-a-un-contrato-de-servizos-para-reponer-o-enlousado-das-ruas-do-casco-vello\\\/\"]}]},{\"@type\":\"ImageObject\",\"inLanguage\":\"gl-ES\",\"@id\":\"https:\\\/\\\/www.anovapeneira.gal\\\/index.php\\\/2023\\\/03\\\/30\\\/o-concello-de-recurre-a-un-contrato-de-servizos-para-reponer-o-enlousado-das-ruas-do-casco-vello\\\/#primaryimage\",\"url\":\"https:\\\/\\\/www.anovapeneira.gal\\\/wp-content\\\/uploads\\\/2023\\\/03\\\/casco_vello_cangas.jpg\",\"contentUrl\":\"https:\\\/\\\/www.anovapeneira.gal\\\/wp-content\\\/uploads\\\/2023\\\/03\\\/casco_vello_cangas.jpg\",\"width\":720,\"height\":432,\"caption\":\"O concello de recurre a un contrato de servizos para repo\u00f1er o enlousado das r\u00faas do casco vello\"},{\"@type\":\"BreadcrumbList\",\"@id\":\"https:\\\/\\\/www.anovapeneira.gal\\\/index.php\\\/2023\\\/03\\\/30\\\/o-concello-de-recurre-a-un-contrato-de-servizos-para-reponer-o-enlousado-das-ruas-do-casco-vello\\\/#breadcrumb\",\"itemListElement\":[{\"@type\":\"ListItem\",\"position\":1,\"name\":\"Portada\",\"item\":\"https:\\\/\\\/www.anovapeneira.gal\\\/\"},{\"@type\":\"ListItem\",\"position\":2,\"name\":\"O concello de recurre a un contrato de servizos para repo\u00f1er o enlousado das r\u00faas do casco vello\"}]},{\"@type\":\"WebSite\",\"@id\":\"https:\\\/\\\/www.anovapeneira.gal\\\/#website\",\"url\":\"https:\\\/\\\/www.anovapeneira.gal\\\/\",\"name\":\"\",\"description\":\"Xornal galego de informaci\u00f3n xeral Publicaci\u00f3n mensual de novas de Galicia e en especial dos Concellos da sur da provincia de Pontevedra.\",\"publisher\":{\"@id\":\"https:\\\/\\\/www.anovapeneira.gal\\\/#organization\"},\"potentialAction\":[{\"@type\":\"SearchAction\",\"target\":{\"@type\":\"EntryPoint\",\"urlTemplate\":\"https:\\\/\\\/www.anovapeneira.gal\\\/?s={search_term_string}\"},\"query-input\":{\"@type\":\"PropertyValueSpecification\",\"valueRequired\":true,\"valueName\":\"search_term_string\"}}],\"inLanguage\":\"gl-ES\"},{\"@type\":\"Organization\",\"@id\":\"https:\\\/\\\/www.anovapeneira.gal\\\/#organization\",\"name\":\"A Nova Peneira\",\"url\":\"https:\\\/\\\/www.anovapeneira.gal\\\/\",\"logo\":{\"@type\":\"ImageObject\",\"inLanguage\":\"gl-ES\",\"@id\":\"https:\\\/\\\/www.anovapeneira.gal\\\/#\\\/schema\\\/logo\\\/image\\\/\",\"url\":\"http:\\\/\\\/www.anovapeneira.gal\\\/wp-content\\\/uploads\\\/2019\\\/06\\\/logo_a_nova_peneira_portal_web.png\",\"contentUrl\":\"http:\\\/\\\/www.anovapeneira.gal\\\/wp-content\\\/uploads\\\/2019\\\/06\\\/logo_a_nova_peneira_portal_web.png\",\"width\":300,\"height\":100,\"caption\":\"A Nova Peneira\"},\"image\":{\"@id\":\"https:\\\/\\\/www.anovapeneira.gal\\\/#\\\/schema\\\/logo\\\/image\\\/\"},\"sameAs\":[\"https:\\\/\\\/www.facebook.com\\\/anovapeneira\",\"https:\\\/\\\/x.com\\\/APeneira\"]},{\"@type\":\"Person\",\"@id\":\"https:\\\/\\\/www.anovapeneira.gal\\\/#\\\/schema\\\/person\\\/b93e3f8932e3f8da96334607eb6ac6aa\",\"name\":\"Redacci\u00f3n A Nova Peneira\",\"image\":{\"@type\":\"ImageObject\",\"inLanguage\":\"gl-ES\",\"@id\":\"https:\\\/\\\/secure.gravatar.com\\\/avatar\\\/c052a2551a06e23fac63626232eaa90abd78dbcf1700fc46a2b2c89fd27b735f?s=96&d=mm&r=g\",\"url\":\"https:\\\/\\\/secure.gravatar.com\\\/avatar\\\/c052a2551a06e23fac63626232eaa90abd78dbcf1700fc46a2b2c89fd27b735f?s=96&d=mm&r=g\",\"contentUrl\":\"https:\\\/\\\/secure.gravatar.com\\\/avatar\\\/c052a2551a06e23fac63626232eaa90abd78dbcf1700fc46a2b2c89fd27b735f?s=96&d=mm&r=g\",\"caption\":\"Redacci\u00f3n A Nova Peneira\"},\"sameAs\":[\"http:\\\/\\\/www.anovapeneira.gal\\\/\"],\"url\":\"https:\\\/\\\/www.anovapeneira.gal\\\/index.php\\\/author\\\/redactor\\\/\"}]}<\/script>\n<!-- \/ Yoast SEO plugin. -->","yoast_head_json":{"title":"O concello de recurre a un contrato de servizos para repo\u00f1er o enlousado das r\u00faas do casco vello -","description":"A alcaldesa agradece aos residentes a s\u00faa colaboraci\u00f3n para levar a cabo esta actuaci\u00f3n, valorada en 48.398,79 euros","robots":{"index":"index","follow":"follow","max-snippet":"max-snippet:-1","max-image-preview":"max-image-preview:large","max-video-preview":"max-video-preview:-1"},"canonical":"https:\/\/www.anovapeneira.gal\/index.php\/2023\/03\/30\/o-concello-de-recurre-a-un-contrato-de-servizos-para-reponer-o-enlousado-das-ruas-do-casco-vello\/","og_locale":"gl_ES","og_type":"article","og_title":"O concello de recurre a un contrato de servizos para repo\u00f1er o enlousado das r\u00faas do casco vello -","og_description":"A alcaldesa agradece aos residentes a s\u00faa colaboraci\u00f3n para levar a cabo esta actuaci\u00f3n, valorada en 48.398,79 euros","og_url":"https:\/\/www.anovapeneira.gal\/index.php\/2023\/03\/30\/o-concello-de-recurre-a-un-contrato-de-servizos-para-reponer-o-enlousado-das-ruas-do-casco-vello\/","article_publisher":"https:\/\/www.facebook.com\/anovapeneira","article_published_time":"2023-03-30T10:00:57+00:00","og_image":[{"width":720,"height":432,"url":"https:\/\/www.anovapeneira.gal\/wp-content\/uploads\/2023\/03\/casco_vello_cangas.jpg","type":"image\/jpeg"}],"author":"Redacci\u00f3n A Nova Peneira","twitter_card":"summary_large_image","twitter_creator":"@APeneira","twitter_site":"@APeneira","twitter_misc":{"Escrito por":"Redacci\u00f3n A Nova Peneira","Tempo de lectura":"1 minuto"},"schema":{"@context":"https:\/\/schema.org","@graph":[{"@type":"Article","@id":"https:\/\/www.anovapeneira.gal\/index.php\/2023\/03\/30\/o-concello-de-recurre-a-un-contrato-de-servizos-para-reponer-o-enlousado-das-ruas-do-casco-vello\/#article","isPartOf":{"@id":"https:\/\/www.anovapeneira.gal\/index.php\/2023\/03\/30\/o-concello-de-recurre-a-un-contrato-de-servizos-para-reponer-o-enlousado-das-ruas-do-casco-vello\/"},"author":{"name":"Redacci\u00f3n A Nova Peneira","@id":"https:\/\/www.anovapeneira.gal\/#\/schema\/person\/b93e3f8932e3f8da96334607eb6ac6aa"},"headline":"O concello de recurre a un contrato de servizos para repo\u00f1er o enlousado das r\u00faas do casco vello","datePublished":"2023-03-30T10:00:57+00:00","mainEntityOfPage":{"@id":"https:\/\/www.anovapeneira.gal\/index.php\/2023\/03\/30\/o-concello-de-recurre-a-un-contrato-de-servizos-para-reponer-o-enlousado-das-ruas-do-casco-vello\/"},"wordCount":211,"commentCount":0,"publisher":{"@id":"https:\/\/www.anovapeneira.gal\/#organization"},"image":{"@id":"https:\/\/www.anovapeneira.gal\/index.php\/2023\/03\/30\/o-concello-de-recurre-a-un-contrato-de-servizos-para-reponer-o-enlousado-das-ruas-do-casco-vello\/#primaryimage"},"thumbnailUrl":"https:\/\/www.anovapeneira.gal\/wp-content\/uploads\/2023\/03\/casco_vello_cangas.jpg","keywords":["Concello de Cangas do Morrazo"],"articleSection":["Morrazo"],"inLanguage":"gl-ES","potentialAction":[{"@type":"CommentAction","name":"Comment","target":["https:\/\/www.anovapeneira.gal\/index.php\/2023\/03\/30\/o-concello-de-recurre-a-un-contrato-de-servizos-para-reponer-o-enlousado-das-ruas-do-casco-vello\/#respond"]}]},{"@type":"WebPage","@id":"https:\/\/www.anovapeneira.gal\/index.php\/2023\/03\/30\/o-concello-de-recurre-a-un-contrato-de-servizos-para-reponer-o-enlousado-das-ruas-do-casco-vello\/","url":"https:\/\/www.anovapeneira.gal\/index.php\/2023\/03\/30\/o-concello-de-recurre-a-un-contrato-de-servizos-para-reponer-o-enlousado-das-ruas-do-casco-vello\/","name":"O concello de recurre a un contrato de servizos para repo\u00f1er o enlousado das r\u00faas do casco vello -","isPartOf":{"@id":"https:\/\/www.anovapeneira.gal\/#website"},"primaryImageOfPage":{"@id":"https:\/\/www.anovapeneira.gal\/index.php\/2023\/03\/30\/o-concello-de-recurre-a-un-contrato-de-servizos-para-reponer-o-enlousado-das-ruas-do-casco-vello\/#primaryimage"},"image":{"@id":"https:\/\/www.anovapeneira.gal\/index.php\/2023\/03\/30\/o-concello-de-recurre-a-un-contrato-de-servizos-para-reponer-o-enlousado-das-ruas-do-casco-vello\/#primaryimage"},"thumbnailUrl":"https:\/\/www.anovapeneira.gal\/wp-content\/uploads\/2023\/03\/casco_vello_cangas.jpg","datePublished":"2023-03-30T10:00:57+00:00","description":"A alcaldesa agradece aos residentes a s\u00faa colaboraci\u00f3n para levar a cabo esta actuaci\u00f3n, valorada en 48.398,79 euros","breadcrumb":{"@id":"https:\/\/www.anovapeneira.gal\/index.php\/2023\/03\/30\/o-concello-de-recurre-a-un-contrato-de-servizos-para-reponer-o-enlousado-das-ruas-do-casco-vello\/#breadcrumb"},"inLanguage":"gl-ES","potentialAction":[{"@type":"ReadAction","target":["https:\/\/www.anovapeneira.gal\/index.php\/2023\/03\/30\/o-concello-de-recurre-a-un-contrato-de-servizos-para-reponer-o-enlousado-das-ruas-do-casco-vello\/"]}]},{"@type":"ImageObject","inLanguage":"gl-ES","@id":"https:\/\/www.anovapeneira.gal\/index.php\/2023\/03\/30\/o-concello-de-recurre-a-un-contrato-de-servizos-para-reponer-o-enlousado-das-ruas-do-casco-vello\/#primaryimage","url":"https:\/\/www.anovapeneira.gal\/wp-content\/uploads\/2023\/03\/casco_vello_cangas.jpg","contentUrl":"https:\/\/www.anovapeneira.gal\/wp-content\/uploads\/2023\/03\/casco_vello_cangas.jpg","width":720,"height":432,"caption":"O concello de recurre a un contrato de servizos para repo\u00f1er o enlousado das r\u00faas do casco vello"},{"@type":"BreadcrumbList","@id":"https:\/\/www.anovapeneira.gal\/index.php\/2023\/03\/30\/o-concello-de-recurre-a-un-contrato-de-servizos-para-reponer-o-enlousado-das-ruas-do-casco-vello\/#breadcrumb","itemListElement":[{"@type":"ListItem","position":1,"name":"Portada","item":"https:\/\/www.anovapeneira.gal\/"},{"@type":"ListItem","position":2,"name":"O concello de recurre a un contrato de servizos para repo\u00f1er o enlousado das r\u00faas do casco vello"}]},{"@type":"WebSite","@id":"https:\/\/www.anovapeneira.gal\/#website","url":"https:\/\/www.anovapeneira.gal\/","name":"","description":"Xornal galego de informaci\u00f3n xeral Publicaci\u00f3n mensual de novas de Galicia e en especial dos Concellos da sur da provincia de Pontevedra.","publisher":{"@id":"https:\/\/www.anovapeneira.gal\/#organization"},"potentialAction":[{"@type":"SearchAction","target":{"@type":"EntryPoint","urlTemplate":"https:\/\/www.anovapeneira.gal\/?s={search_term_string}"},"query-input":{"@type":"PropertyValueSpecification","valueRequired":true,"valueName":"search_term_string"}}],"inLanguage":"gl-ES"},{"@type":"Organization","@id":"https:\/\/www.anovapeneira.gal\/#organization","name":"A Nova Peneira","url":"https:\/\/www.anovapeneira.gal\/","logo":{"@type":"ImageObject","inLanguage":"gl-ES","@id":"https:\/\/www.anovapeneira.gal\/#\/schema\/logo\/image\/","url":"http:\/\/www.anovapeneira.gal\/wp-content\/uploads\/2019\/06\/logo_a_nova_peneira_portal_web.png","contentUrl":"http:\/\/www.anovapeneira.gal\/wp-content\/uploads\/2019\/06\/logo_a_nova_peneira_portal_web.png","width":300,"height":100,"caption":"A Nova Peneira"},"image":{"@id":"https:\/\/www.anovapeneira.gal\/#\/schema\/logo\/image\/"},"sameAs":["https:\/\/www.facebook.com\/anovapeneira","https:\/\/x.com\/APeneira"]},{"@type":"Person","@id":"https:\/\/www.anovapeneira.gal\/#\/schema\/person\/b93e3f8932e3f8da96334607eb6ac6aa","name":"Redacci\u00f3n A Nova Peneira","image":{"@type":"ImageObject","inLanguage":"gl-ES","@id":"https:\/\/secure.gravatar.com\/avatar\/c052a2551a06e23fac63626232eaa90abd78dbcf1700fc46a2b2c89fd27b735f?s=96&d=mm&r=g","url":"https:\/\/secure.gravatar.com\/avatar\/c052a2551a06e23fac63626232eaa90abd78dbcf1700fc46a2b2c89fd27b735f?s=96&d=mm&r=g","contentUrl":"https:\/\/secure.gravatar.com\/avatar\/c052a2551a06e23fac63626232eaa90abd78dbcf1700fc46a2b2c89fd27b735f?s=96&d=mm&r=g","caption":"Redacci\u00f3n A Nova Peneira"},"sameAs":["http:\/\/www.anovapeneira.gal\/"],"url":"https:\/\/www.anovapeneira.gal\/index.php\/author\/redactor\/"}]}},"jetpack_featured_media_url":"https:\/\/www.anovapeneira.gal\/wp-content\/uploads\/2023\/03\/casco_vello_cangas.jpg","_links":{"self":[{"href":"https:\/\/www.anovapeneira.gal\/index.php\/wp-json\/wp\/v2\/posts\/9385","targetHints":{"allow":["GET"]}}],"collection":[{"href":"https:\/\/www.anovapeneira.gal\/index.php\/wp-json\/wp\/v2\/posts"}],"about":[{"href":"https:\/\/www.anovapeneira.gal\/index.php\/wp-json\/wp\/v2\/types\/post"}],"author":[{"embeddable":true,"href":"https:\/\/www.anovapeneira.gal\/index.php\/wp-json\/wp\/v2\/users\/3"}],"replies":[{"embeddable":true,"href":"https:\/\/www.anovapeneira.gal\/index.php\/wp-json\/wp\/v2\/comments?post=9385"}],"version-history":[{"count":2,"href":"https:\/\/www.anovapeneira.gal\/index.php\/wp-json\/wp\/v2\/posts\/9385\/revisions"}],"predecessor-version":[{"id":9388,"href":"https:\/\/www.anovapeneira.gal\/index.php\/wp-json\/wp\/v2\/posts\/9385\/revisions\/9388"}],"wp:featuredmedia":[{"embeddable":true,"href":"https:\/\/www.anovapeneira.gal\/index.php\/wp-json\/wp\/v2\/media\/9387"}],"wp:attachment":[{"href":"https:\/\/www.anovapeneira.gal\/index.php\/wp-json\/wp\/v2\/media?parent=9385"}],"wp:term":[{"taxonomy":"category","embeddable":true,"href":"https:\/\/www.anovapeneira.gal\/index.php\/wp-json\/wp\/v2\/categories?post=9385"},{"taxonomy":"post_tag","embeddable":true,"href":"https:\/\/www.anovapeneira.gal\/index.php\/wp-json\/wp\/v2\/tags?post=9385"}],"curies":[{"name":"wp","href":"https:\/\/api.w.org\/{rel}","templated":true}]}}