{"id":9397,"date":"2023-04-03T12:00:28","date_gmt":"2023-04-03T10:00:28","guid":{"rendered":"https:\/\/www.anovapeneira.gal\/?p=9397"},"modified":"2023-03-30T09:33:01","modified_gmt":"2023-03-30T07:33:01","slug":"ponteareas-suma-as-suas-vivendas-de-emerxencia-como-recurso-social-coa-aprobacion-do-novo-regulamento","status":"publish","type":"post","link":"https:\/\/www.anovapeneira.gal\/index.php\/2023\/04\/03\/ponteareas-suma-as-suas-vivendas-de-emerxencia-como-recurso-social-coa-aprobacion-do-novo-regulamento\/","title":{"rendered":"Ponteareas suma as s\u00faas vivendas de emerxencia como recurso social coa aprobaci\u00f3n do novo regulamento"},"content":{"rendered":"\n<h2 class=\"wp-block-heading\"><strong>O pleno aprobou por unanimidade o novo regulamento, adaptado \u00e1 realidade actual<\/strong><\/h2>\n\n\n\n<p><strong>O Goberno municipal tam\u00e9n deu luz verde a adherir Ponteareas \u00e1 Estratexia de promoci\u00f3n da sa\u00fade e prevenci\u00f3n no Sistema Nacional de Sa\u00fade<\/strong><\/p>\n\n\n\n<p>O Concello de Ponteareas aprobou por unanimidade este martes en pleno a Ordenanza reguladora dos criterios de adxudicaci\u00f3n, normas de funcionamento e utilizaci\u00f3n das vivendas de emerxencia social, un regulamento que actualiza o que se vi\u00f1a empregando ata o de agora e \u201cco que se aborda a realidade actual\u201d. \u201cA ordenanza actual, que data de 2016, entende as vivendas sociais como lugares que se alugan ou venden a un prezo que non se rexe polo mercado para establecer un domicilio definitivo. Por\u00e9n, hoxe en d\u00eda \u00e9 preciso contar con vivendas para facer fronte \u00e1 necesidade de acubillo inmediato de xeito temporal para as persoas que o precisen nalg\u00fan momento\u201d, explicou a concelleira de Benestar Social, Ver\u00f3nica Carrera.<\/p>\n\n\n\n<p>Esta nova ordenanza permitir\u00e1 po\u00f1er en funcionamento e ofrecer como recurso social as Casas dos Mestres, rehabilitadas polo Goberno municipal co obxectivo de empregarse como vivendas de emerxencia social. O regulamento tam\u00e9n se actualiza para adaptarse \u00e1 situaci\u00f3n de crise social actual, duplicando o tempo m\u00e1ximo de estancia permitido, establecendo procedementos que permitan un uso \u00e1xil e urxente da vivenda ou un procedemento abreviado para situaci\u00f3ns de violencia de x\u00e9nero.<\/p>\n\n\n\n<p>A trav\u00e9s do novo regulamento tam\u00e9n se engade o uso compartido das vivendas como medida para chegar a m\u00e1is persoas e para desenvolver habilidades sociais para a convivencia, estableceranse compromisos por parte das persoas usuarias e crearase unha comisi\u00f3n de valoraci\u00f3n das solicitudes que garanta transparencia e criterios t\u00e9cnicos.<\/p>\n\n\n\n<p>Por outra banda, o Goberno municipal tam\u00e9n aprobou por unanimidade a adhesi\u00f3n de Ponteareas \u00e1 Estratexia de promoci\u00f3n da sa\u00fade e prevenci\u00f3n no Sistema Nacional de Sa\u00fade, unha iniciativa do Ministerio de Sanidade que persegue a promoci\u00f3n da sa\u00fade e a prevenci\u00f3n co obxectivo de ga\u00f1ar anos de vida en boa sa\u00fade e libre de discapacidade.<\/p>\n\n\n\n<p>Ao abeiro deste compromiso, o Concello de Ponteareas avanzar\u00e1 na constituci\u00f3n dunha mesa intersectorial no municipio como instrumento de colaboraci\u00f3n entre sectores e facilitar\u00e1 \u00e1 veci\u00f1anza informaci\u00f3n dos recursos dispo\u00f1\u00edbeis para mellorar a sa\u00fade e a calidade de vida das persoas.<\/p>\n","protected":false},"excerpt":{"rendered":"<div class=\"mh-excerpt\"><p>O pleno aprobou por unanimidade o novo regulamento, adaptado \u00e1 realidade actual <a class=\"mh-excerpt-more\" href=\"https:\/\/www.anovapeneira.gal\/index.php\/2023\/04\/03\/ponteareas-suma-as-suas-vivendas-de-emerxencia-como-recurso-social-coa-aprobacion-do-novo-regulamento\/\" title=\"Ponteareas suma as s\u00faas vivendas de emerxencia como recurso social coa aprobaci\u00f3n do novo regulamento\">[&#8230;]<\/a><\/p>\n<\/div>","protected":false},"author":3,"featured_media":9399,"comment_status":"open","ping_status":"open","sticky":false,"template":"","format":"standard","meta":{"_exactmetrics_skip_tracking":false,"_exactmetrics_sitenote_active":false,"_exactmetrics_sitenote_note":"","_exactmetrics_sitenote_category":0,"footnotes":""},"categories":[25],"tags":[208],"class_list":{"0":"post-9397","1":"post","2":"type-post","3":"status-publish","4":"format-standard","5":"has-post-thumbnail","7":"category-condado","8":"tag-concello-de-ponteareas"},"yoast_head":"<!-- This site is optimized with the Yoast SEO plugin v27.4 - https:\/\/yoast.com\/product\/yoast-seo-wordpress\/ -->\n<title>Ponteareas suma as s\u00faas vivendas de emerxencia como recurso social coa aprobaci\u00f3n do novo regulamento -<\/title>\n<meta name=\"description\" content=\"O pleno aprobou por unanimidade o novo regulamento, adaptado \u00e1 realidade actual\" \/>\n<meta name=\"robots\" content=\"index, follow, max-snippet:-1, max-image-preview:large, max-video-preview:-1\" \/>\n<link rel=\"canonical\" href=\"https:\/\/www.anovapeneira.gal\/index.php\/2023\/04\/03\/ponteareas-suma-as-suas-vivendas-de-emerxencia-como-recurso-social-coa-aprobacion-do-novo-regulamento\/\" \/>\n<meta property=\"og:locale\" content=\"gl_ES\" \/>\n<meta property=\"og:type\" content=\"article\" \/>\n<meta property=\"og:title\" content=\"Ponteareas suma as s\u00faas vivendas de emerxencia como recurso social coa aprobaci\u00f3n do novo regulamento -\" \/>\n<meta property=\"og:description\" content=\"O pleno aprobou por unanimidade o novo regulamento, adaptado \u00e1 realidade actual\" \/>\n<meta property=\"og:url\" content=\"https:\/\/www.anovapeneira.gal\/index.php\/2023\/04\/03\/ponteareas-suma-as-suas-vivendas-de-emerxencia-como-recurso-social-coa-aprobacion-do-novo-regulamento\/\" \/>\n<meta property=\"article:publisher\" content=\"https:\/\/www.facebook.com\/anovapeneira\" \/>\n<meta property=\"article:published_time\" content=\"2023-04-03T10:00:28+00:00\" \/>\n<meta property=\"og:image\" content=\"https:\/\/www.anovapeneira.gal\/wp-content\/uploads\/2023\/03\/pleno-ponteareas.jpg\" \/>\n\t<meta property=\"og:image:width\" content=\"720\" \/>\n\t<meta property=\"og:image:height\" content=\"432\" \/>\n\t<meta property=\"og:image:type\" content=\"image\/jpeg\" \/>\n<meta name=\"author\" content=\"Redacci\u00f3n A Nova Peneira\" \/>\n<meta name=\"twitter:card\" content=\"summary_large_image\" \/>\n<meta name=\"twitter:creator\" content=\"@APeneira\" \/>\n<meta name=\"twitter:site\" content=\"@APeneira\" \/>\n<meta name=\"twitter:label1\" content=\"Escrito por\" \/>\n\t<meta name=\"twitter:data1\" content=\"Redacci\u00f3n A Nova Peneira\" \/>\n\t<meta name=\"twitter:label2\" content=\"Tempo de lectura\" \/>\n\t<meta name=\"twitter:data2\" content=\"3 minutos\" \/>\n<script type=\"application\/ld+json\" class=\"yoast-schema-graph\">{\"@context\":\"https:\\\/\\\/schema.org\",\"@graph\":[{\"@type\":\"Article\",\"@id\":\"https:\\\/\\\/www.anovapeneira.gal\\\/index.php\\\/2023\\\/04\\\/03\\\/ponteareas-suma-as-suas-vivendas-de-emerxencia-como-recurso-social-coa-aprobacion-do-novo-regulamento\\\/#article\",\"isPartOf\":{\"@id\":\"https:\\\/\\\/www.anovapeneira.gal\\\/index.php\\\/2023\\\/04\\\/03\\\/ponteareas-suma-as-suas-vivendas-de-emerxencia-como-recurso-social-coa-aprobacion-do-novo-regulamento\\\/\"},\"author\":{\"name\":\"Redacci\u00f3n A Nova Peneira\",\"@id\":\"https:\\\/\\\/www.anovapeneira.gal\\\/#\\\/schema\\\/person\\\/b93e3f8932e3f8da96334607eb6ac6aa\"},\"headline\":\"Ponteareas suma as s\u00faas vivendas de emerxencia como recurso social coa aprobaci\u00f3n do novo regulamento\",\"datePublished\":\"2023-04-03T10:00:28+00:00\",\"mainEntityOfPage\":{\"@id\":\"https:\\\/\\\/www.anovapeneira.gal\\\/index.php\\\/2023\\\/04\\\/03\\\/ponteareas-suma-as-suas-vivendas-de-emerxencia-como-recurso-social-coa-aprobacion-do-novo-regulamento\\\/\"},\"wordCount\":418,\"commentCount\":0,\"publisher\":{\"@id\":\"https:\\\/\\\/www.anovapeneira.gal\\\/#organization\"},\"image\":{\"@id\":\"https:\\\/\\\/www.anovapeneira.gal\\\/index.php\\\/2023\\\/04\\\/03\\\/ponteareas-suma-as-suas-vivendas-de-emerxencia-como-recurso-social-coa-aprobacion-do-novo-regulamento\\\/#primaryimage\"},\"thumbnailUrl\":\"https:\\\/\\\/www.anovapeneira.gal\\\/wp-content\\\/uploads\\\/2023\\\/03\\\/pleno-ponteareas.jpg\",\"keywords\":[\"Concello de Ponteareas\"],\"articleSection\":[\"Condado\"],\"inLanguage\":\"gl-ES\",\"potentialAction\":[{\"@type\":\"CommentAction\",\"name\":\"Comment\",\"target\":[\"https:\\\/\\\/www.anovapeneira.gal\\\/index.php\\\/2023\\\/04\\\/03\\\/ponteareas-suma-as-suas-vivendas-de-emerxencia-como-recurso-social-coa-aprobacion-do-novo-regulamento\\\/#respond\"]}]},{\"@type\":\"WebPage\",\"@id\":\"https:\\\/\\\/www.anovapeneira.gal\\\/index.php\\\/2023\\\/04\\\/03\\\/ponteareas-suma-as-suas-vivendas-de-emerxencia-como-recurso-social-coa-aprobacion-do-novo-regulamento\\\/\",\"url\":\"https:\\\/\\\/www.anovapeneira.gal\\\/index.php\\\/2023\\\/04\\\/03\\\/ponteareas-suma-as-suas-vivendas-de-emerxencia-como-recurso-social-coa-aprobacion-do-novo-regulamento\\\/\",\"name\":\"Ponteareas suma as s\u00faas vivendas de emerxencia como recurso social coa aprobaci\u00f3n do novo regulamento -\",\"isPartOf\":{\"@id\":\"https:\\\/\\\/www.anovapeneira.gal\\\/#website\"},\"primaryImageOfPage\":{\"@id\":\"https:\\\/\\\/www.anovapeneira.gal\\\/index.php\\\/2023\\\/04\\\/03\\\/ponteareas-suma-as-suas-vivendas-de-emerxencia-como-recurso-social-coa-aprobacion-do-novo-regulamento\\\/#primaryimage\"},\"image\":{\"@id\":\"https:\\\/\\\/www.anovapeneira.gal\\\/index.php\\\/2023\\\/04\\\/03\\\/ponteareas-suma-as-suas-vivendas-de-emerxencia-como-recurso-social-coa-aprobacion-do-novo-regulamento\\\/#primaryimage\"},\"thumbnailUrl\":\"https:\\\/\\\/www.anovapeneira.gal\\\/wp-content\\\/uploads\\\/2023\\\/03\\\/pleno-ponteareas.jpg\",\"datePublished\":\"2023-04-03T10:00:28+00:00\",\"description\":\"O pleno aprobou por unanimidade o novo regulamento, adaptado \u00e1 realidade actual\",\"breadcrumb\":{\"@id\":\"https:\\\/\\\/www.anovapeneira.gal\\\/index.php\\\/2023\\\/04\\\/03\\\/ponteareas-suma-as-suas-vivendas-de-emerxencia-como-recurso-social-coa-aprobacion-do-novo-regulamento\\\/#breadcrumb\"},\"inLanguage\":\"gl-ES\",\"potentialAction\":[{\"@type\":\"ReadAction\",\"target\":[\"https:\\\/\\\/www.anovapeneira.gal\\\/index.php\\\/2023\\\/04\\\/03\\\/ponteareas-suma-as-suas-vivendas-de-emerxencia-como-recurso-social-coa-aprobacion-do-novo-regulamento\\\/\"]}]},{\"@type\":\"ImageObject\",\"inLanguage\":\"gl-ES\",\"@id\":\"https:\\\/\\\/www.anovapeneira.gal\\\/index.php\\\/2023\\\/04\\\/03\\\/ponteareas-suma-as-suas-vivendas-de-emerxencia-como-recurso-social-coa-aprobacion-do-novo-regulamento\\\/#primaryimage\",\"url\":\"https:\\\/\\\/www.anovapeneira.gal\\\/wp-content\\\/uploads\\\/2023\\\/03\\\/pleno-ponteareas.jpg\",\"contentUrl\":\"https:\\\/\\\/www.anovapeneira.gal\\\/wp-content\\\/uploads\\\/2023\\\/03\\\/pleno-ponteareas.jpg\",\"width\":720,\"height\":432,\"caption\":\"Ponteareas suma as s\u00faas vivendas de emerxencia como recurso social coa aprobaci\u00f3n do novo regulamento\"},{\"@type\":\"BreadcrumbList\",\"@id\":\"https:\\\/\\\/www.anovapeneira.gal\\\/index.php\\\/2023\\\/04\\\/03\\\/ponteareas-suma-as-suas-vivendas-de-emerxencia-como-recurso-social-coa-aprobacion-do-novo-regulamento\\\/#breadcrumb\",\"itemListElement\":[{\"@type\":\"ListItem\",\"position\":1,\"name\":\"Portada\",\"item\":\"https:\\\/\\\/www.anovapeneira.gal\\\/\"},{\"@type\":\"ListItem\",\"position\":2,\"name\":\"Ponteareas suma as s\u00faas vivendas de emerxencia como recurso social coa aprobaci\u00f3n do novo regulamento\"}]},{\"@type\":\"WebSite\",\"@id\":\"https:\\\/\\\/www.anovapeneira.gal\\\/#website\",\"url\":\"https:\\\/\\\/www.anovapeneira.gal\\\/\",\"name\":\"\",\"description\":\"Xornal galego de informaci\u00f3n xeral Publicaci\u00f3n mensual de novas de Galicia e en especial dos Concellos da sur da provincia de Pontevedra.\",\"publisher\":{\"@id\":\"https:\\\/\\\/www.anovapeneira.gal\\\/#organization\"},\"potentialAction\":[{\"@type\":\"SearchAction\",\"target\":{\"@type\":\"EntryPoint\",\"urlTemplate\":\"https:\\\/\\\/www.anovapeneira.gal\\\/?s={search_term_string}\"},\"query-input\":{\"@type\":\"PropertyValueSpecification\",\"valueRequired\":true,\"valueName\":\"search_term_string\"}}],\"inLanguage\":\"gl-ES\"},{\"@type\":\"Organization\",\"@id\":\"https:\\\/\\\/www.anovapeneira.gal\\\/#organization\",\"name\":\"A Nova Peneira\",\"url\":\"https:\\\/\\\/www.anovapeneira.gal\\\/\",\"logo\":{\"@type\":\"ImageObject\",\"inLanguage\":\"gl-ES\",\"@id\":\"https:\\\/\\\/www.anovapeneira.gal\\\/#\\\/schema\\\/logo\\\/image\\\/\",\"url\":\"http:\\\/\\\/www.anovapeneira.gal\\\/wp-content\\\/uploads\\\/2019\\\/06\\\/logo_a_nova_peneira_portal_web.png\",\"contentUrl\":\"http:\\\/\\\/www.anovapeneira.gal\\\/wp-content\\\/uploads\\\/2019\\\/06\\\/logo_a_nova_peneira_portal_web.png\",\"width\":300,\"height\":100,\"caption\":\"A Nova Peneira\"},\"image\":{\"@id\":\"https:\\\/\\\/www.anovapeneira.gal\\\/#\\\/schema\\\/logo\\\/image\\\/\"},\"sameAs\":[\"https:\\\/\\\/www.facebook.com\\\/anovapeneira\",\"https:\\\/\\\/x.com\\\/APeneira\"]},{\"@type\":\"Person\",\"@id\":\"https:\\\/\\\/www.anovapeneira.gal\\\/#\\\/schema\\\/person\\\/b93e3f8932e3f8da96334607eb6ac6aa\",\"name\":\"Redacci\u00f3n A Nova Peneira\",\"image\":{\"@type\":\"ImageObject\",\"inLanguage\":\"gl-ES\",\"@id\":\"https:\\\/\\\/secure.gravatar.com\\\/avatar\\\/c052a2551a06e23fac63626232eaa90abd78dbcf1700fc46a2b2c89fd27b735f?s=96&d=mm&r=g\",\"url\":\"https:\\\/\\\/secure.gravatar.com\\\/avatar\\\/c052a2551a06e23fac63626232eaa90abd78dbcf1700fc46a2b2c89fd27b735f?s=96&d=mm&r=g\",\"contentUrl\":\"https:\\\/\\\/secure.gravatar.com\\\/avatar\\\/c052a2551a06e23fac63626232eaa90abd78dbcf1700fc46a2b2c89fd27b735f?s=96&d=mm&r=g\",\"caption\":\"Redacci\u00f3n A Nova Peneira\"},\"sameAs\":[\"http:\\\/\\\/www.anovapeneira.gal\\\/\"],\"url\":\"https:\\\/\\\/www.anovapeneira.gal\\\/index.php\\\/author\\\/redactor\\\/\"}]}<\/script>\n<!-- \/ Yoast SEO plugin. -->","yoast_head_json":{"title":"Ponteareas suma as s\u00faas vivendas de emerxencia como recurso social coa aprobaci\u00f3n do novo regulamento -","description":"O pleno aprobou por unanimidade o novo regulamento, adaptado \u00e1 realidade actual","robots":{"index":"index","follow":"follow","max-snippet":"max-snippet:-1","max-image-preview":"max-image-preview:large","max-video-preview":"max-video-preview:-1"},"canonical":"https:\/\/www.anovapeneira.gal\/index.php\/2023\/04\/03\/ponteareas-suma-as-suas-vivendas-de-emerxencia-como-recurso-social-coa-aprobacion-do-novo-regulamento\/","og_locale":"gl_ES","og_type":"article","og_title":"Ponteareas suma as s\u00faas vivendas de emerxencia como recurso social coa aprobaci\u00f3n do novo regulamento -","og_description":"O pleno aprobou por unanimidade o novo regulamento, adaptado \u00e1 realidade actual","og_url":"https:\/\/www.anovapeneira.gal\/index.php\/2023\/04\/03\/ponteareas-suma-as-suas-vivendas-de-emerxencia-como-recurso-social-coa-aprobacion-do-novo-regulamento\/","article_publisher":"https:\/\/www.facebook.com\/anovapeneira","article_published_time":"2023-04-03T10:00:28+00:00","og_image":[{"width":720,"height":432,"url":"https:\/\/www.anovapeneira.gal\/wp-content\/uploads\/2023\/03\/pleno-ponteareas.jpg","type":"image\/jpeg"}],"author":"Redacci\u00f3n A Nova Peneira","twitter_card":"summary_large_image","twitter_creator":"@APeneira","twitter_site":"@APeneira","twitter_misc":{"Escrito por":"Redacci\u00f3n A Nova Peneira","Tempo de lectura":"3 minutos"},"schema":{"@context":"https:\/\/schema.org","@graph":[{"@type":"Article","@id":"https:\/\/www.anovapeneira.gal\/index.php\/2023\/04\/03\/ponteareas-suma-as-suas-vivendas-de-emerxencia-como-recurso-social-coa-aprobacion-do-novo-regulamento\/#article","isPartOf":{"@id":"https:\/\/www.anovapeneira.gal\/index.php\/2023\/04\/03\/ponteareas-suma-as-suas-vivendas-de-emerxencia-como-recurso-social-coa-aprobacion-do-novo-regulamento\/"},"author":{"name":"Redacci\u00f3n A Nova Peneira","@id":"https:\/\/www.anovapeneira.gal\/#\/schema\/person\/b93e3f8932e3f8da96334607eb6ac6aa"},"headline":"Ponteareas suma as s\u00faas vivendas de emerxencia como recurso social coa aprobaci\u00f3n do novo regulamento","datePublished":"2023-04-03T10:00:28+00:00","mainEntityOfPage":{"@id":"https:\/\/www.anovapeneira.gal\/index.php\/2023\/04\/03\/ponteareas-suma-as-suas-vivendas-de-emerxencia-como-recurso-social-coa-aprobacion-do-novo-regulamento\/"},"wordCount":418,"commentCount":0,"publisher":{"@id":"https:\/\/www.anovapeneira.gal\/#organization"},"image":{"@id":"https:\/\/www.anovapeneira.gal\/index.php\/2023\/04\/03\/ponteareas-suma-as-suas-vivendas-de-emerxencia-como-recurso-social-coa-aprobacion-do-novo-regulamento\/#primaryimage"},"thumbnailUrl":"https:\/\/www.anovapeneira.gal\/wp-content\/uploads\/2023\/03\/pleno-ponteareas.jpg","keywords":["Concello de Ponteareas"],"articleSection":["Condado"],"inLanguage":"gl-ES","potentialAction":[{"@type":"CommentAction","name":"Comment","target":["https:\/\/www.anovapeneira.gal\/index.php\/2023\/04\/03\/ponteareas-suma-as-suas-vivendas-de-emerxencia-como-recurso-social-coa-aprobacion-do-novo-regulamento\/#respond"]}]},{"@type":"WebPage","@id":"https:\/\/www.anovapeneira.gal\/index.php\/2023\/04\/03\/ponteareas-suma-as-suas-vivendas-de-emerxencia-como-recurso-social-coa-aprobacion-do-novo-regulamento\/","url":"https:\/\/www.anovapeneira.gal\/index.php\/2023\/04\/03\/ponteareas-suma-as-suas-vivendas-de-emerxencia-como-recurso-social-coa-aprobacion-do-novo-regulamento\/","name":"Ponteareas suma as s\u00faas vivendas de emerxencia como recurso social coa aprobaci\u00f3n do novo regulamento -","isPartOf":{"@id":"https:\/\/www.anovapeneira.gal\/#website"},"primaryImageOfPage":{"@id":"https:\/\/www.anovapeneira.gal\/index.php\/2023\/04\/03\/ponteareas-suma-as-suas-vivendas-de-emerxencia-como-recurso-social-coa-aprobacion-do-novo-regulamento\/#primaryimage"},"image":{"@id":"https:\/\/www.anovapeneira.gal\/index.php\/2023\/04\/03\/ponteareas-suma-as-suas-vivendas-de-emerxencia-como-recurso-social-coa-aprobacion-do-novo-regulamento\/#primaryimage"},"thumbnailUrl":"https:\/\/www.anovapeneira.gal\/wp-content\/uploads\/2023\/03\/pleno-ponteareas.jpg","datePublished":"2023-04-03T10:00:28+00:00","description":"O pleno aprobou por unanimidade o novo regulamento, adaptado \u00e1 realidade actual","breadcrumb":{"@id":"https:\/\/www.anovapeneira.gal\/index.php\/2023\/04\/03\/ponteareas-suma-as-suas-vivendas-de-emerxencia-como-recurso-social-coa-aprobacion-do-novo-regulamento\/#breadcrumb"},"inLanguage":"gl-ES","potentialAction":[{"@type":"ReadAction","target":["https:\/\/www.anovapeneira.gal\/index.php\/2023\/04\/03\/ponteareas-suma-as-suas-vivendas-de-emerxencia-como-recurso-social-coa-aprobacion-do-novo-regulamento\/"]}]},{"@type":"ImageObject","inLanguage":"gl-ES","@id":"https:\/\/www.anovapeneira.gal\/index.php\/2023\/04\/03\/ponteareas-suma-as-suas-vivendas-de-emerxencia-como-recurso-social-coa-aprobacion-do-novo-regulamento\/#primaryimage","url":"https:\/\/www.anovapeneira.gal\/wp-content\/uploads\/2023\/03\/pleno-ponteareas.jpg","contentUrl":"https:\/\/www.anovapeneira.gal\/wp-content\/uploads\/2023\/03\/pleno-ponteareas.jpg","width":720,"height":432,"caption":"Ponteareas suma as s\u00faas vivendas de emerxencia como recurso social coa aprobaci\u00f3n do novo regulamento"},{"@type":"BreadcrumbList","@id":"https:\/\/www.anovapeneira.gal\/index.php\/2023\/04\/03\/ponteareas-suma-as-suas-vivendas-de-emerxencia-como-recurso-social-coa-aprobacion-do-novo-regulamento\/#breadcrumb","itemListElement":[{"@type":"ListItem","position":1,"name":"Portada","item":"https:\/\/www.anovapeneira.gal\/"},{"@type":"ListItem","position":2,"name":"Ponteareas suma as s\u00faas vivendas de emerxencia como recurso social coa aprobaci\u00f3n do novo regulamento"}]},{"@type":"WebSite","@id":"https:\/\/www.anovapeneira.gal\/#website","url":"https:\/\/www.anovapeneira.gal\/","name":"","description":"Xornal galego de informaci\u00f3n xeral Publicaci\u00f3n mensual de novas de Galicia e en especial dos Concellos da sur da provincia de Pontevedra.","publisher":{"@id":"https:\/\/www.anovapeneira.gal\/#organization"},"potentialAction":[{"@type":"SearchAction","target":{"@type":"EntryPoint","urlTemplate":"https:\/\/www.anovapeneira.gal\/?s={search_term_string}"},"query-input":{"@type":"PropertyValueSpecification","valueRequired":true,"valueName":"search_term_string"}}],"inLanguage":"gl-ES"},{"@type":"Organization","@id":"https:\/\/www.anovapeneira.gal\/#organization","name":"A Nova Peneira","url":"https:\/\/www.anovapeneira.gal\/","logo":{"@type":"ImageObject","inLanguage":"gl-ES","@id":"https:\/\/www.anovapeneira.gal\/#\/schema\/logo\/image\/","url":"http:\/\/www.anovapeneira.gal\/wp-content\/uploads\/2019\/06\/logo_a_nova_peneira_portal_web.png","contentUrl":"http:\/\/www.anovapeneira.gal\/wp-content\/uploads\/2019\/06\/logo_a_nova_peneira_portal_web.png","width":300,"height":100,"caption":"A Nova Peneira"},"image":{"@id":"https:\/\/www.anovapeneira.gal\/#\/schema\/logo\/image\/"},"sameAs":["https:\/\/www.facebook.com\/anovapeneira","https:\/\/x.com\/APeneira"]},{"@type":"Person","@id":"https:\/\/www.anovapeneira.gal\/#\/schema\/person\/b93e3f8932e3f8da96334607eb6ac6aa","name":"Redacci\u00f3n A Nova Peneira","image":{"@type":"ImageObject","inLanguage":"gl-ES","@id":"https:\/\/secure.gravatar.com\/avatar\/c052a2551a06e23fac63626232eaa90abd78dbcf1700fc46a2b2c89fd27b735f?s=96&d=mm&r=g","url":"https:\/\/secure.gravatar.com\/avatar\/c052a2551a06e23fac63626232eaa90abd78dbcf1700fc46a2b2c89fd27b735f?s=96&d=mm&r=g","contentUrl":"https:\/\/secure.gravatar.com\/avatar\/c052a2551a06e23fac63626232eaa90abd78dbcf1700fc46a2b2c89fd27b735f?s=96&d=mm&r=g","caption":"Redacci\u00f3n A Nova Peneira"},"sameAs":["http:\/\/www.anovapeneira.gal\/"],"url":"https:\/\/www.anovapeneira.gal\/index.php\/author\/redactor\/"}]}},"jetpack_featured_media_url":"https:\/\/www.anovapeneira.gal\/wp-content\/uploads\/2023\/03\/pleno-ponteareas.jpg","_links":{"self":[{"href":"https:\/\/www.anovapeneira.gal\/index.php\/wp-json\/wp\/v2\/posts\/9397","targetHints":{"allow":["GET"]}}],"collection":[{"href":"https:\/\/www.anovapeneira.gal\/index.php\/wp-json\/wp\/v2\/posts"}],"about":[{"href":"https:\/\/www.anovapeneira.gal\/index.php\/wp-json\/wp\/v2\/types\/post"}],"author":[{"embeddable":true,"href":"https:\/\/www.anovapeneira.gal\/index.php\/wp-json\/wp\/v2\/users\/3"}],"replies":[{"embeddable":true,"href":"https:\/\/www.anovapeneira.gal\/index.php\/wp-json\/wp\/v2\/comments?post=9397"}],"version-history":[{"count":1,"href":"https:\/\/www.anovapeneira.gal\/index.php\/wp-json\/wp\/v2\/posts\/9397\/revisions"}],"predecessor-version":[{"id":9398,"href":"https:\/\/www.anovapeneira.gal\/index.php\/wp-json\/wp\/v2\/posts\/9397\/revisions\/9398"}],"wp:featuredmedia":[{"embeddable":true,"href":"https:\/\/www.anovapeneira.gal\/index.php\/wp-json\/wp\/v2\/media\/9399"}],"wp:attachment":[{"href":"https:\/\/www.anovapeneira.gal\/index.php\/wp-json\/wp\/v2\/media?parent=9397"}],"wp:term":[{"taxonomy":"category","embeddable":true,"href":"https:\/\/www.anovapeneira.gal\/index.php\/wp-json\/wp\/v2\/categories?post=9397"},{"taxonomy":"post_tag","embeddable":true,"href":"https:\/\/www.anovapeneira.gal\/index.php\/wp-json\/wp\/v2\/tags?post=9397"}],"curies":[{"name":"wp","href":"https:\/\/api.w.org\/{rel}","templated":true}]}}