{"id":9418,"date":"2023-04-06T10:00:41","date_gmt":"2023-04-06T08:00:41","guid":{"rendered":"https:\/\/www.anovapeneira.gal\/?p=9418"},"modified":"2023-04-03T10:36:11","modified_gmt":"2023-04-03T08:36:11","slug":"un-ano-mais-chega-o-artelixo-2023-nunha-nova-edicion-que-desta-volta-esta-dedicada-aocambio-climatico","status":"publish","type":"post","link":"https:\/\/www.anovapeneira.gal\/index.php\/2023\/04\/06\/un-ano-mais-chega-o-artelixo-2023-nunha-nova-edicion-que-desta-volta-esta-dedicada-aocambio-climatico\/","title":{"rendered":"Un ano m\u00e1is chega o ArteLixo 2023 nunha nova edici\u00f3n que desta volta est\u00e1 dedicada aoCAMBIO CLIM\u00c1TICO"},"content":{"rendered":"\n<p>As datas deste ano son: 22 de abril ao 29 de abril.<\/p>\n\n\n\n<p>A emerxencia clim\u00e1tica \u00e9 o reto socio-ambiental ao que temos que enfrontarnos. Unha crisede dimensi\u00f3ns planetarias con consecuencias claramente observables no presente. Dende ArteLixoqueremos achegarnos ao Cambio Clim\u00e1tico como un problema complexo e global con conexi\u00f3nsindividuais e colectivas.<\/p>\n\n\n\n<p>Que se pode facer dende a cotiandade? Como podemos procurar un cambio de paradigmanas nosas relaci\u00f3ns co medio ambiente?<\/p>\n\n\n\n<p>O fracaso dos cumios e medidas tomadas polos gobernos para frear o Cambio Clim\u00e1tico \u00e9substancial ao sistema que sufrimos, un sistema capitalista que para a s\u00faa perpetuaci\u00f3n necesita doaumento do consumo, baseado na lei da oferta e a demanda que reduce cada vez m\u00e1is os prezos,baixo a lei da competencia, para vender m\u00e1is cantidade de bens a mercador\u00edas e as\u00ed obter oexponencial aumento de beneficio que permite manter a flote a industria e o traballo fronte a outroscompetidores. As\u00ed, esa substancialidade do capitalismo, a acumulaci\u00f3n de di\u00f1eiro, consume cadavez m\u00e1is recursos e m\u00e1is enerx\u00eda que, debido a aquelas outras leis universais da f\u00edsica, da qu\u00edmica,da entrop\u00eda, da natureza, transf\u00f3rmase en lixo, en quentamento, en emerxencia clim\u00e1tica.<\/p>\n\n\n\n<p>O recente estudo do grupo intergoberbamental sobre o cambio clim\u00e1tico, IPCC, dependenteda Naci\u00f3ns Unidas, publicado o pasado domingo 19 de marzo \u00e9nchenos de desesperanza. Estesexpertos avisan que \u00e9 posible que esta sexa a derradeira advertencia do IPCC para limitar o gradode quentamento a 1,5\u00ba. Por encima deste quentamento as consecuencias son extremadamentecatastr\u00f3ficas, dando por feito a chegada a ese l\u00edmite, xa que se contin\u00faan as actuais pautas deconsumo alcanzar\u00edamos ao longo deste s\u00e9culo un quentamento de 3,2\u00ba e de conseguir levarse a caboas actuais medidas aprobada polos goberno do munod alcanzar\u00edans os 2,8\u00ba, un aumentoinsostible. Pese a que os expertos cuestionan a actual gobernanza mundial, \u00e9nchennos dedesesperanza ao reco\u00f1ecer que o freo a este quentamento global est\u00e1 en mans de pol\u00edticos eindustria.<\/p>\n\n\n\n<p>O ArteLixo2023 prop\u00f3n reflexionar sobre o Cambio Clim\u00e1tico dende unha miradaecoloxista. Unha mirada que tam\u00e9n prop\u00f3n outro xeito de facer, de estar, xa que para que oArteLixo2023 poida celebrarse \u00e9 necesaria a colaboraci\u00f3n de moitas persoas, voluntarias, activistas,comerciantes, cidad\u00e1ns do pobo de Redondela, profesorado, alumnado&#8230; Mais, sobre todo, dasartistas que expo\u00f1en as s\u00faas obras. \u00c9 o noso desexo que todas as persoas que colaboran e expo\u00f1ense sintan c\u00f3modas e que o seu paso polo ArteLixo2023 sexa agradable e gozoso. Porque as cousastam\u00e9n se poden facer as\u00ed; entre moitas, onde cada unha achega o que saiba e poida e sen m\u00e1isinterese que participar nunha convocatoria de arte aberta, ecoloxista e colectiva.<\/p>\n\n\n\n<p>As obras te\u00f1en que estar feitas con material de refugallo.<\/p>\n\n\n\n<p>Como inscribirse no ArteLixo2023?<\/p>\n\n\n\n<p>Necesitamos que as persoas que vaian expo\u00f1er as s\u00faas obras nos faciliten o traballo doseguinte xeito:<\/p>\n\n\n\n<p>Cubrir o formulario de inscrici\u00f3n antes do 11 de Abril de 2023. Se, porcalquera circunstancia, a obra se inscribe con data posterior non podemos garantir unha localizaci\u00f3nde exposici\u00f3n nin que a obra sexa catalogada, nin que apareza no rueiro da exposici\u00f3n.<\/p>\n\n\n\n<p>O formulario p\u00f3dese cubrir nesta ligaz\u00f3n https:\/\/forms.gle\/vJP8gB1hWpCQJyoy8dispo\u00f1ible nas nosas redes sociais<\/p>\n\n\n\n<p>Unha vez rematado o prazo de inscrici\u00f3n a organizaci\u00f3n porase en contacto coas autoras\/esdas obras para concretar os detalles de localizaci\u00f3n e calquera outro que poida xurdir.<\/p>\n\n\n\n<p>As\/os artistas colocaran e retiraran as obras do sitio elixido. \u00c9nos imposible facereste traballo, ademais pensamos que \u00e9 bo que sexa a propia persoa que concibiu a obra quen acoloque ao seu xeito e a presente correctamente. \u00c1 hora da retirada, a experiencia de todos estesanos pasados evidencia que se as obras non son recollidas a tempo, quedan na r\u00faa ou escaparateinfravalor\u00e1ndose as\u00ed a propia obra e o propio certame.<\/p>\n\n\n\n<p>A organizaci\u00f3n facilitar\u00e1 as\/os artistas unha cartela para a correcta identificaci\u00f3n da obra quepoder\u00e1n colocar xunto a obra no momento da s\u00faa montaxe.<\/p>\n\n\n\n<p>Para calquera d\u00fabida, dificultade, cuesti\u00f3n ou suxesti\u00f3n non dubidedes de po\u00f1ervos encontacto connosco a trav\u00e9s do correo electr\u00f3nico: artelixoredondela@gmail.com ou no tlf: 604039213 (Fran)<\/p>\n","protected":false},"excerpt":{"rendered":"<div class=\"mh-excerpt\"><p>A emerxencia clim\u00e1tica \u00e9 o reto socio-ambiental ao que temos que enfrontarnos. Unha crisede dimensi\u00f3ns planetarias con consecuencias claramente observables no presente <a class=\"mh-excerpt-more\" href=\"https:\/\/www.anovapeneira.gal\/index.php\/2023\/04\/06\/un-ano-mais-chega-o-artelixo-2023-nunha-nova-edicion-que-desta-volta-esta-dedicada-aocambio-climatico\/\" title=\"Un ano m\u00e1is chega o ArteLixo 2023 nunha nova edici\u00f3n que desta volta est\u00e1 dedicada aoCAMBIO CLIM\u00c1TICO\">[&#8230;]<\/a><\/p>\n<\/div>","protected":false},"author":3,"featured_media":93,"comment_status":"open","ping_status":"open","sticky":false,"template":"","format":"standard","meta":{"_exactmetrics_skip_tracking":false,"_exactmetrics_sitenote_active":false,"_exactmetrics_sitenote_note":"","_exactmetrics_sitenote_category":0,"footnotes":""},"categories":[24],"tags":[171],"class_list":{"0":"post-9418","1":"post","2":"type-post","3":"status-publish","4":"format-standard","5":"has-post-thumbnail","7":"category-redondela","8":"tag-concello-de-redondela"},"yoast_head":"<!-- This site is optimized with the Yoast SEO plugin v27.4 - https:\/\/yoast.com\/product\/yoast-seo-wordpress\/ -->\n<title>Un ano m\u00e1is chega o ArteLixo 2023 nunha nova edici\u00f3n que desta volta est\u00e1 dedicada aoCAMBIO CLIM\u00c1TICO -<\/title>\n<meta name=\"description\" content=\"A emerxencia clim\u00e1tica \u00e9 o reto socio-ambiental ao que temos que enfrontarnos. Unha crisede dimensi\u00f3ns planetarias con consecuencias claramente observables no presente\" \/>\n<meta name=\"robots\" content=\"index, follow, max-snippet:-1, max-image-preview:large, max-video-preview:-1\" \/>\n<link rel=\"canonical\" href=\"https:\/\/www.anovapeneira.gal\/index.php\/2023\/04\/06\/un-ano-mais-chega-o-artelixo-2023-nunha-nova-edicion-que-desta-volta-esta-dedicada-aocambio-climatico\/\" \/>\n<meta property=\"og:locale\" content=\"gl_ES\" \/>\n<meta property=\"og:type\" content=\"article\" \/>\n<meta property=\"og:title\" content=\"Un ano m\u00e1is chega o ArteLixo 2023 nunha nova edici\u00f3n que desta volta est\u00e1 dedicada aoCAMBIO CLIM\u00c1TICO -\" \/>\n<meta property=\"og:description\" content=\"A emerxencia clim\u00e1tica \u00e9 o reto socio-ambiental ao que temos que enfrontarnos. Unha crisede dimensi\u00f3ns planetarias con consecuencias claramente observables no presente\" \/>\n<meta property=\"og:url\" content=\"https:\/\/www.anovapeneira.gal\/index.php\/2023\/04\/06\/un-ano-mais-chega-o-artelixo-2023-nunha-nova-edicion-que-desta-volta-esta-dedicada-aocambio-climatico\/\" \/>\n<meta property=\"article:publisher\" content=\"https:\/\/www.facebook.com\/anovapeneira\" \/>\n<meta property=\"article:published_time\" content=\"2023-04-06T08:00:41+00:00\" \/>\n<meta property=\"og:image\" content=\"https:\/\/www.anovapeneira.gal\/wp-content\/uploads\/2019\/06\/arte_lixo_redondela.png\" \/>\n\t<meta property=\"og:image:width\" content=\"720\" \/>\n\t<meta property=\"og:image:height\" content=\"473\" \/>\n\t<meta property=\"og:image:type\" content=\"image\/png\" \/>\n<meta name=\"author\" content=\"Redacci\u00f3n A Nova Peneira\" \/>\n<meta name=\"twitter:card\" content=\"summary_large_image\" \/>\n<meta name=\"twitter:creator\" content=\"@APeneira\" \/>\n<meta name=\"twitter:site\" content=\"@APeneira\" \/>\n<meta name=\"twitter:label1\" content=\"Escrito por\" \/>\n\t<meta name=\"twitter:data1\" content=\"Redacci\u00f3n A Nova Peneira\" \/>\n\t<meta name=\"twitter:label2\" content=\"Tempo de lectura\" \/>\n\t<meta name=\"twitter:data2\" content=\"4 minutos\" \/>\n<script type=\"application\/ld+json\" class=\"yoast-schema-graph\">{\"@context\":\"https:\\\/\\\/schema.org\",\"@graph\":[{\"@type\":\"Article\",\"@id\":\"https:\\\/\\\/www.anovapeneira.gal\\\/index.php\\\/2023\\\/04\\\/06\\\/un-ano-mais-chega-o-artelixo-2023-nunha-nova-edicion-que-desta-volta-esta-dedicada-aocambio-climatico\\\/#article\",\"isPartOf\":{\"@id\":\"https:\\\/\\\/www.anovapeneira.gal\\\/index.php\\\/2023\\\/04\\\/06\\\/un-ano-mais-chega-o-artelixo-2023-nunha-nova-edicion-que-desta-volta-esta-dedicada-aocambio-climatico\\\/\"},\"author\":{\"name\":\"Redacci\u00f3n A Nova Peneira\",\"@id\":\"https:\\\/\\\/www.anovapeneira.gal\\\/#\\\/schema\\\/person\\\/b93e3f8932e3f8da96334607eb6ac6aa\"},\"headline\":\"Un ano m\u00e1is chega o ArteLixo 2023 nunha nova edici\u00f3n que desta volta est\u00e1 dedicada aoCAMBIO CLIM\u00c1TICO\",\"datePublished\":\"2023-04-06T08:00:41+00:00\",\"mainEntityOfPage\":{\"@id\":\"https:\\\/\\\/www.anovapeneira.gal\\\/index.php\\\/2023\\\/04\\\/06\\\/un-ano-mais-chega-o-artelixo-2023-nunha-nova-edicion-que-desta-volta-esta-dedicada-aocambio-climatico\\\/\"},\"wordCount\":729,\"commentCount\":0,\"publisher\":{\"@id\":\"https:\\\/\\\/www.anovapeneira.gal\\\/#organization\"},\"image\":{\"@id\":\"https:\\\/\\\/www.anovapeneira.gal\\\/index.php\\\/2023\\\/04\\\/06\\\/un-ano-mais-chega-o-artelixo-2023-nunha-nova-edicion-que-desta-volta-esta-dedicada-aocambio-climatico\\\/#primaryimage\"},\"thumbnailUrl\":\"https:\\\/\\\/www.anovapeneira.gal\\\/wp-content\\\/uploads\\\/2019\\\/06\\\/arte_lixo_redondela.png\",\"keywords\":[\"Concello de Redondela\"],\"articleSection\":[\"Redondela\"],\"inLanguage\":\"gl-ES\",\"potentialAction\":[{\"@type\":\"CommentAction\",\"name\":\"Comment\",\"target\":[\"https:\\\/\\\/www.anovapeneira.gal\\\/index.php\\\/2023\\\/04\\\/06\\\/un-ano-mais-chega-o-artelixo-2023-nunha-nova-edicion-que-desta-volta-esta-dedicada-aocambio-climatico\\\/#respond\"]}]},{\"@type\":\"WebPage\",\"@id\":\"https:\\\/\\\/www.anovapeneira.gal\\\/index.php\\\/2023\\\/04\\\/06\\\/un-ano-mais-chega-o-artelixo-2023-nunha-nova-edicion-que-desta-volta-esta-dedicada-aocambio-climatico\\\/\",\"url\":\"https:\\\/\\\/www.anovapeneira.gal\\\/index.php\\\/2023\\\/04\\\/06\\\/un-ano-mais-chega-o-artelixo-2023-nunha-nova-edicion-que-desta-volta-esta-dedicada-aocambio-climatico\\\/\",\"name\":\"Un ano m\u00e1is chega o ArteLixo 2023 nunha nova edici\u00f3n que desta volta est\u00e1 dedicada aoCAMBIO CLIM\u00c1TICO -\",\"isPartOf\":{\"@id\":\"https:\\\/\\\/www.anovapeneira.gal\\\/#website\"},\"primaryImageOfPage\":{\"@id\":\"https:\\\/\\\/www.anovapeneira.gal\\\/index.php\\\/2023\\\/04\\\/06\\\/un-ano-mais-chega-o-artelixo-2023-nunha-nova-edicion-que-desta-volta-esta-dedicada-aocambio-climatico\\\/#primaryimage\"},\"image\":{\"@id\":\"https:\\\/\\\/www.anovapeneira.gal\\\/index.php\\\/2023\\\/04\\\/06\\\/un-ano-mais-chega-o-artelixo-2023-nunha-nova-edicion-que-desta-volta-esta-dedicada-aocambio-climatico\\\/#primaryimage\"},\"thumbnailUrl\":\"https:\\\/\\\/www.anovapeneira.gal\\\/wp-content\\\/uploads\\\/2019\\\/06\\\/arte_lixo_redondela.png\",\"datePublished\":\"2023-04-06T08:00:41+00:00\",\"description\":\"A emerxencia clim\u00e1tica \u00e9 o reto socio-ambiental ao que temos que enfrontarnos. Unha crisede dimensi\u00f3ns planetarias con consecuencias claramente observables no presente\",\"breadcrumb\":{\"@id\":\"https:\\\/\\\/www.anovapeneira.gal\\\/index.php\\\/2023\\\/04\\\/06\\\/un-ano-mais-chega-o-artelixo-2023-nunha-nova-edicion-que-desta-volta-esta-dedicada-aocambio-climatico\\\/#breadcrumb\"},\"inLanguage\":\"gl-ES\",\"potentialAction\":[{\"@type\":\"ReadAction\",\"target\":[\"https:\\\/\\\/www.anovapeneira.gal\\\/index.php\\\/2023\\\/04\\\/06\\\/un-ano-mais-chega-o-artelixo-2023-nunha-nova-edicion-que-desta-volta-esta-dedicada-aocambio-climatico\\\/\"]}]},{\"@type\":\"ImageObject\",\"inLanguage\":\"gl-ES\",\"@id\":\"https:\\\/\\\/www.anovapeneira.gal\\\/index.php\\\/2023\\\/04\\\/06\\\/un-ano-mais-chega-o-artelixo-2023-nunha-nova-edicion-que-desta-volta-esta-dedicada-aocambio-climatico\\\/#primaryimage\",\"url\":\"https:\\\/\\\/www.anovapeneira.gal\\\/wp-content\\\/uploads\\\/2019\\\/06\\\/arte_lixo_redondela.png\",\"contentUrl\":\"https:\\\/\\\/www.anovapeneira.gal\\\/wp-content\\\/uploads\\\/2019\\\/06\\\/arte_lixo_redondela.png\",\"width\":720,\"height\":473,\"caption\":\"Arte lixo Redondela A Nova Peneira Redondela\"},{\"@type\":\"BreadcrumbList\",\"@id\":\"https:\\\/\\\/www.anovapeneira.gal\\\/index.php\\\/2023\\\/04\\\/06\\\/un-ano-mais-chega-o-artelixo-2023-nunha-nova-edicion-que-desta-volta-esta-dedicada-aocambio-climatico\\\/#breadcrumb\",\"itemListElement\":[{\"@type\":\"ListItem\",\"position\":1,\"name\":\"Portada\",\"item\":\"https:\\\/\\\/www.anovapeneira.gal\\\/\"},{\"@type\":\"ListItem\",\"position\":2,\"name\":\"Un ano m\u00e1is chega o ArteLixo 2023 nunha nova edici\u00f3n que desta volta est\u00e1 dedicada aoCAMBIO CLIM\u00c1TICO\"}]},{\"@type\":\"WebSite\",\"@id\":\"https:\\\/\\\/www.anovapeneira.gal\\\/#website\",\"url\":\"https:\\\/\\\/www.anovapeneira.gal\\\/\",\"name\":\"\",\"description\":\"Xornal galego de informaci\u00f3n xeral Publicaci\u00f3n mensual de novas de Galicia e en especial dos Concellos da sur da provincia de Pontevedra.\",\"publisher\":{\"@id\":\"https:\\\/\\\/www.anovapeneira.gal\\\/#organization\"},\"potentialAction\":[{\"@type\":\"SearchAction\",\"target\":{\"@type\":\"EntryPoint\",\"urlTemplate\":\"https:\\\/\\\/www.anovapeneira.gal\\\/?s={search_term_string}\"},\"query-input\":{\"@type\":\"PropertyValueSpecification\",\"valueRequired\":true,\"valueName\":\"search_term_string\"}}],\"inLanguage\":\"gl-ES\"},{\"@type\":\"Organization\",\"@id\":\"https:\\\/\\\/www.anovapeneira.gal\\\/#organization\",\"name\":\"A Nova Peneira\",\"url\":\"https:\\\/\\\/www.anovapeneira.gal\\\/\",\"logo\":{\"@type\":\"ImageObject\",\"inLanguage\":\"gl-ES\",\"@id\":\"https:\\\/\\\/www.anovapeneira.gal\\\/#\\\/schema\\\/logo\\\/image\\\/\",\"url\":\"http:\\\/\\\/www.anovapeneira.gal\\\/wp-content\\\/uploads\\\/2019\\\/06\\\/logo_a_nova_peneira_portal_web.png\",\"contentUrl\":\"http:\\\/\\\/www.anovapeneira.gal\\\/wp-content\\\/uploads\\\/2019\\\/06\\\/logo_a_nova_peneira_portal_web.png\",\"width\":300,\"height\":100,\"caption\":\"A Nova Peneira\"},\"image\":{\"@id\":\"https:\\\/\\\/www.anovapeneira.gal\\\/#\\\/schema\\\/logo\\\/image\\\/\"},\"sameAs\":[\"https:\\\/\\\/www.facebook.com\\\/anovapeneira\",\"https:\\\/\\\/x.com\\\/APeneira\"]},{\"@type\":\"Person\",\"@id\":\"https:\\\/\\\/www.anovapeneira.gal\\\/#\\\/schema\\\/person\\\/b93e3f8932e3f8da96334607eb6ac6aa\",\"name\":\"Redacci\u00f3n A Nova Peneira\",\"image\":{\"@type\":\"ImageObject\",\"inLanguage\":\"gl-ES\",\"@id\":\"https:\\\/\\\/secure.gravatar.com\\\/avatar\\\/c052a2551a06e23fac63626232eaa90abd78dbcf1700fc46a2b2c89fd27b735f?s=96&d=mm&r=g\",\"url\":\"https:\\\/\\\/secure.gravatar.com\\\/avatar\\\/c052a2551a06e23fac63626232eaa90abd78dbcf1700fc46a2b2c89fd27b735f?s=96&d=mm&r=g\",\"contentUrl\":\"https:\\\/\\\/secure.gravatar.com\\\/avatar\\\/c052a2551a06e23fac63626232eaa90abd78dbcf1700fc46a2b2c89fd27b735f?s=96&d=mm&r=g\",\"caption\":\"Redacci\u00f3n A Nova Peneira\"},\"sameAs\":[\"http:\\\/\\\/www.anovapeneira.gal\\\/\"],\"url\":\"https:\\\/\\\/www.anovapeneira.gal\\\/index.php\\\/author\\\/redactor\\\/\"}]}<\/script>\n<!-- \/ Yoast SEO plugin. -->","yoast_head_json":{"title":"Un ano m\u00e1is chega o ArteLixo 2023 nunha nova edici\u00f3n que desta volta est\u00e1 dedicada aoCAMBIO CLIM\u00c1TICO -","description":"A emerxencia clim\u00e1tica \u00e9 o reto socio-ambiental ao que temos que enfrontarnos. Unha crisede dimensi\u00f3ns planetarias con consecuencias claramente observables no presente","robots":{"index":"index","follow":"follow","max-snippet":"max-snippet:-1","max-image-preview":"max-image-preview:large","max-video-preview":"max-video-preview:-1"},"canonical":"https:\/\/www.anovapeneira.gal\/index.php\/2023\/04\/06\/un-ano-mais-chega-o-artelixo-2023-nunha-nova-edicion-que-desta-volta-esta-dedicada-aocambio-climatico\/","og_locale":"gl_ES","og_type":"article","og_title":"Un ano m\u00e1is chega o ArteLixo 2023 nunha nova edici\u00f3n que desta volta est\u00e1 dedicada aoCAMBIO CLIM\u00c1TICO -","og_description":"A emerxencia clim\u00e1tica \u00e9 o reto socio-ambiental ao que temos que enfrontarnos. Unha crisede dimensi\u00f3ns planetarias con consecuencias claramente observables no presente","og_url":"https:\/\/www.anovapeneira.gal\/index.php\/2023\/04\/06\/un-ano-mais-chega-o-artelixo-2023-nunha-nova-edicion-que-desta-volta-esta-dedicada-aocambio-climatico\/","article_publisher":"https:\/\/www.facebook.com\/anovapeneira","article_published_time":"2023-04-06T08:00:41+00:00","og_image":[{"width":720,"height":473,"url":"https:\/\/www.anovapeneira.gal\/wp-content\/uploads\/2019\/06\/arte_lixo_redondela.png","type":"image\/png"}],"author":"Redacci\u00f3n A Nova Peneira","twitter_card":"summary_large_image","twitter_creator":"@APeneira","twitter_site":"@APeneira","twitter_misc":{"Escrito por":"Redacci\u00f3n A Nova Peneira","Tempo de lectura":"4 minutos"},"schema":{"@context":"https:\/\/schema.org","@graph":[{"@type":"Article","@id":"https:\/\/www.anovapeneira.gal\/index.php\/2023\/04\/06\/un-ano-mais-chega-o-artelixo-2023-nunha-nova-edicion-que-desta-volta-esta-dedicada-aocambio-climatico\/#article","isPartOf":{"@id":"https:\/\/www.anovapeneira.gal\/index.php\/2023\/04\/06\/un-ano-mais-chega-o-artelixo-2023-nunha-nova-edicion-que-desta-volta-esta-dedicada-aocambio-climatico\/"},"author":{"name":"Redacci\u00f3n A Nova Peneira","@id":"https:\/\/www.anovapeneira.gal\/#\/schema\/person\/b93e3f8932e3f8da96334607eb6ac6aa"},"headline":"Un ano m\u00e1is chega o ArteLixo 2023 nunha nova edici\u00f3n que desta volta est\u00e1 dedicada aoCAMBIO CLIM\u00c1TICO","datePublished":"2023-04-06T08:00:41+00:00","mainEntityOfPage":{"@id":"https:\/\/www.anovapeneira.gal\/index.php\/2023\/04\/06\/un-ano-mais-chega-o-artelixo-2023-nunha-nova-edicion-que-desta-volta-esta-dedicada-aocambio-climatico\/"},"wordCount":729,"commentCount":0,"publisher":{"@id":"https:\/\/www.anovapeneira.gal\/#organization"},"image":{"@id":"https:\/\/www.anovapeneira.gal\/index.php\/2023\/04\/06\/un-ano-mais-chega-o-artelixo-2023-nunha-nova-edicion-que-desta-volta-esta-dedicada-aocambio-climatico\/#primaryimage"},"thumbnailUrl":"https:\/\/www.anovapeneira.gal\/wp-content\/uploads\/2019\/06\/arte_lixo_redondela.png","keywords":["Concello de Redondela"],"articleSection":["Redondela"],"inLanguage":"gl-ES","potentialAction":[{"@type":"CommentAction","name":"Comment","target":["https:\/\/www.anovapeneira.gal\/index.php\/2023\/04\/06\/un-ano-mais-chega-o-artelixo-2023-nunha-nova-edicion-que-desta-volta-esta-dedicada-aocambio-climatico\/#respond"]}]},{"@type":"WebPage","@id":"https:\/\/www.anovapeneira.gal\/index.php\/2023\/04\/06\/un-ano-mais-chega-o-artelixo-2023-nunha-nova-edicion-que-desta-volta-esta-dedicada-aocambio-climatico\/","url":"https:\/\/www.anovapeneira.gal\/index.php\/2023\/04\/06\/un-ano-mais-chega-o-artelixo-2023-nunha-nova-edicion-que-desta-volta-esta-dedicada-aocambio-climatico\/","name":"Un ano m\u00e1is chega o ArteLixo 2023 nunha nova edici\u00f3n que desta volta est\u00e1 dedicada aoCAMBIO CLIM\u00c1TICO -","isPartOf":{"@id":"https:\/\/www.anovapeneira.gal\/#website"},"primaryImageOfPage":{"@id":"https:\/\/www.anovapeneira.gal\/index.php\/2023\/04\/06\/un-ano-mais-chega-o-artelixo-2023-nunha-nova-edicion-que-desta-volta-esta-dedicada-aocambio-climatico\/#primaryimage"},"image":{"@id":"https:\/\/www.anovapeneira.gal\/index.php\/2023\/04\/06\/un-ano-mais-chega-o-artelixo-2023-nunha-nova-edicion-que-desta-volta-esta-dedicada-aocambio-climatico\/#primaryimage"},"thumbnailUrl":"https:\/\/www.anovapeneira.gal\/wp-content\/uploads\/2019\/06\/arte_lixo_redondela.png","datePublished":"2023-04-06T08:00:41+00:00","description":"A emerxencia clim\u00e1tica \u00e9 o reto socio-ambiental ao que temos que enfrontarnos. Unha crisede dimensi\u00f3ns planetarias con consecuencias claramente observables no presente","breadcrumb":{"@id":"https:\/\/www.anovapeneira.gal\/index.php\/2023\/04\/06\/un-ano-mais-chega-o-artelixo-2023-nunha-nova-edicion-que-desta-volta-esta-dedicada-aocambio-climatico\/#breadcrumb"},"inLanguage":"gl-ES","potentialAction":[{"@type":"ReadAction","target":["https:\/\/www.anovapeneira.gal\/index.php\/2023\/04\/06\/un-ano-mais-chega-o-artelixo-2023-nunha-nova-edicion-que-desta-volta-esta-dedicada-aocambio-climatico\/"]}]},{"@type":"ImageObject","inLanguage":"gl-ES","@id":"https:\/\/www.anovapeneira.gal\/index.php\/2023\/04\/06\/un-ano-mais-chega-o-artelixo-2023-nunha-nova-edicion-que-desta-volta-esta-dedicada-aocambio-climatico\/#primaryimage","url":"https:\/\/www.anovapeneira.gal\/wp-content\/uploads\/2019\/06\/arte_lixo_redondela.png","contentUrl":"https:\/\/www.anovapeneira.gal\/wp-content\/uploads\/2019\/06\/arte_lixo_redondela.png","width":720,"height":473,"caption":"Arte lixo Redondela A Nova Peneira Redondela"},{"@type":"BreadcrumbList","@id":"https:\/\/www.anovapeneira.gal\/index.php\/2023\/04\/06\/un-ano-mais-chega-o-artelixo-2023-nunha-nova-edicion-que-desta-volta-esta-dedicada-aocambio-climatico\/#breadcrumb","itemListElement":[{"@type":"ListItem","position":1,"name":"Portada","item":"https:\/\/www.anovapeneira.gal\/"},{"@type":"ListItem","position":2,"name":"Un ano m\u00e1is chega o ArteLixo 2023 nunha nova edici\u00f3n que desta volta est\u00e1 dedicada aoCAMBIO CLIM\u00c1TICO"}]},{"@type":"WebSite","@id":"https:\/\/www.anovapeneira.gal\/#website","url":"https:\/\/www.anovapeneira.gal\/","name":"","description":"Xornal galego de informaci\u00f3n xeral Publicaci\u00f3n mensual de novas de Galicia e en especial dos Concellos da sur da provincia de Pontevedra.","publisher":{"@id":"https:\/\/www.anovapeneira.gal\/#organization"},"potentialAction":[{"@type":"SearchAction","target":{"@type":"EntryPoint","urlTemplate":"https:\/\/www.anovapeneira.gal\/?s={search_term_string}"},"query-input":{"@type":"PropertyValueSpecification","valueRequired":true,"valueName":"search_term_string"}}],"inLanguage":"gl-ES"},{"@type":"Organization","@id":"https:\/\/www.anovapeneira.gal\/#organization","name":"A Nova Peneira","url":"https:\/\/www.anovapeneira.gal\/","logo":{"@type":"ImageObject","inLanguage":"gl-ES","@id":"https:\/\/www.anovapeneira.gal\/#\/schema\/logo\/image\/","url":"http:\/\/www.anovapeneira.gal\/wp-content\/uploads\/2019\/06\/logo_a_nova_peneira_portal_web.png","contentUrl":"http:\/\/www.anovapeneira.gal\/wp-content\/uploads\/2019\/06\/logo_a_nova_peneira_portal_web.png","width":300,"height":100,"caption":"A Nova Peneira"},"image":{"@id":"https:\/\/www.anovapeneira.gal\/#\/schema\/logo\/image\/"},"sameAs":["https:\/\/www.facebook.com\/anovapeneira","https:\/\/x.com\/APeneira"]},{"@type":"Person","@id":"https:\/\/www.anovapeneira.gal\/#\/schema\/person\/b93e3f8932e3f8da96334607eb6ac6aa","name":"Redacci\u00f3n A Nova Peneira","image":{"@type":"ImageObject","inLanguage":"gl-ES","@id":"https:\/\/secure.gravatar.com\/avatar\/c052a2551a06e23fac63626232eaa90abd78dbcf1700fc46a2b2c89fd27b735f?s=96&d=mm&r=g","url":"https:\/\/secure.gravatar.com\/avatar\/c052a2551a06e23fac63626232eaa90abd78dbcf1700fc46a2b2c89fd27b735f?s=96&d=mm&r=g","contentUrl":"https:\/\/secure.gravatar.com\/avatar\/c052a2551a06e23fac63626232eaa90abd78dbcf1700fc46a2b2c89fd27b735f?s=96&d=mm&r=g","caption":"Redacci\u00f3n A Nova Peneira"},"sameAs":["http:\/\/www.anovapeneira.gal\/"],"url":"https:\/\/www.anovapeneira.gal\/index.php\/author\/redactor\/"}]}},"jetpack_featured_media_url":"https:\/\/www.anovapeneira.gal\/wp-content\/uploads\/2019\/06\/arte_lixo_redondela.png","_links":{"self":[{"href":"https:\/\/www.anovapeneira.gal\/index.php\/wp-json\/wp\/v2\/posts\/9418","targetHints":{"allow":["GET"]}}],"collection":[{"href":"https:\/\/www.anovapeneira.gal\/index.php\/wp-json\/wp\/v2\/posts"}],"about":[{"href":"https:\/\/www.anovapeneira.gal\/index.php\/wp-json\/wp\/v2\/types\/post"}],"author":[{"embeddable":true,"href":"https:\/\/www.anovapeneira.gal\/index.php\/wp-json\/wp\/v2\/users\/3"}],"replies":[{"embeddable":true,"href":"https:\/\/www.anovapeneira.gal\/index.php\/wp-json\/wp\/v2\/comments?post=9418"}],"version-history":[{"count":1,"href":"https:\/\/www.anovapeneira.gal\/index.php\/wp-json\/wp\/v2\/posts\/9418\/revisions"}],"predecessor-version":[{"id":9419,"href":"https:\/\/www.anovapeneira.gal\/index.php\/wp-json\/wp\/v2\/posts\/9418\/revisions\/9419"}],"wp:featuredmedia":[{"embeddable":true,"href":"https:\/\/www.anovapeneira.gal\/index.php\/wp-json\/wp\/v2\/media\/93"}],"wp:attachment":[{"href":"https:\/\/www.anovapeneira.gal\/index.php\/wp-json\/wp\/v2\/media?parent=9418"}],"wp:term":[{"taxonomy":"category","embeddable":true,"href":"https:\/\/www.anovapeneira.gal\/index.php\/wp-json\/wp\/v2\/categories?post=9418"},{"taxonomy":"post_tag","embeddable":true,"href":"https:\/\/www.anovapeneira.gal\/index.php\/wp-json\/wp\/v2\/tags?post=9418"}],"curies":[{"name":"wp","href":"https:\/\/api.w.org\/{rel}","templated":true}]}}