{"id":9422,"date":"2023-04-07T10:00:47","date_gmt":"2023-04-07T08:00:47","guid":{"rendered":"https:\/\/www.anovapeneira.gal\/?p=9422"},"modified":"2023-04-03T10:47:26","modified_gmt":"2023-04-03T08:47:26","slug":"ganamos-anuncia-a-sua-decision-de-non-presentarse-as-vindeiras-eleccions-municipais-rexeita-calquera-tipo-de-vinculacion-co-seu-anterior-portavoz-municipal-roman-gonzalez-condena-rotundamente-o-tran","status":"publish","type":"post","link":"https:\/\/www.anovapeneira.gal\/index.php\/2023\/04\/07\/ganamos-anuncia-a-sua-decision-de-non-presentarse-as-vindeiras-eleccions-municipais-rexeita-calquera-tipo-de-vinculacion-co-seu-anterior-portavoz-municipal-roman-gonzalez-condena-rotundamente-o-tran\/","title":{"rendered":"Ga\u00f1aM\u00f3s anuncia a s\u00faa decisi\u00f3n de non presentarse \u00e1s vindeiras elecci\u00f3ns municipais, rexeita calquera tipo de vinculaci\u00f3n co seu anterior portavoz municipal Rom\u00e1n Gonz\u00e1lez, condena rotundamente o transfuguismo pol\u00edtico, e pide o voto para &#8221; Calquera partido de esquerdas que non estea encabezado por un tr\u00e1nsfuga&#8221;"},"content":{"rendered":"\n<p><strong>Tino Lago<\/strong><\/p>\n\n\n\n<p>A asemblea de militantes de Ga\u00f1aM\u00f3s tomou a decisi\u00f3n de non presentar a s\u00faa candidatura ao vindeiro proceso electoral. N\u00f3s falamos con alg\u00fans dos seus militantes, todos eles membros fundadores da organizaci\u00f3n pol\u00edtica que nos \u00faltimos oito anos foi un actor enormemente relevante na vida pol\u00edtica de Mos.<\/p>\n\n\n\n<p><strong>Miguel \u00c1ngel Rodr\u00edguez, Mart\u00edn V\u00e1zquez, Roberto Rodr\u00edguez, Catalina Coya e Crist\u00f3bal L\u00f3pez.<\/strong><\/p>\n\n\n\n<p><strong>Podemos dicir con certeza que Ga\u00f1aM\u00f3s, despois de terse presentado \u00e1s elecci\u00f3ns do 15 e \u00e1s do 19, desta volta non se vai presentar?<\/strong><\/p>\n\n\n\n<blockquote class=\"wp-block-quote is-layout-flow wp-block-quote-is-layout-flow\">\n<p>Si, \u00e9 definitivo. Ga\u00f1aM\u00f3s non vai presentar candidatura \u00e1s municipais de maio.<\/p>\n<\/blockquote>\n\n\n\n<p><strong>Cando naceu Ga\u00f1aM\u00f3s?<\/strong><\/p>\n\n\n\n<blockquote class=\"wp-block-quote is-layout-flow wp-block-quote-is-layout-flow\">\n<p>Pouco antes das elecci\u00f3ns do ano 2015.<\/p>\n<\/blockquote>\n\n\n\n<p><strong>Cal foi o motivo do nacemento de Ga\u00f1aM\u00f3s?<\/strong><\/p>\n\n\n\n<blockquote class=\"wp-block-quote is-layout-flow wp-block-quote-is-layout-flow\">\n<p>Naquel momento d\u00e1banse as condici\u00f3ns adecuadas para facelo. Mos precisaba un cambio pol\u00edtico con urxencia, igual que o precisa agora, a oposici\u00f3n estaba nun momento moi d\u00e9bil e o contexto pol\u00edtico xurdido a ra\u00edz do 15M fixeron propicio o noso nacemento e os bos resultados electorais que tiramos no 2015. O grupo que se xuntou era moi numeroso, plural e diverso .E quixeramos destacar o importante papel que na s\u00faa cohesi\u00f3n tivo a figura de Paco Troiti\u00f1o.<\/p>\n<\/blockquote>\n\n\n\n<p>N<strong>o mandato do 2015 tivestes 4 <a href=\"mailto:concelleir@s\">concelleir@s<\/a> e 2 no do 2019. Como era a vosa din\u00e1mica interna de funcionamento?, como estaba organizada a relaci\u00f3n entre a asemblea de militantes e os representantes institucionais?<\/strong><\/p>\n\n\n\n<blockquote class=\"wp-block-quote is-layout-flow wp-block-quote-is-layout-flow\">\n<p>Sempre que se puido debatiamos as posturas pol\u00edticas nas asembleas de militantes e al\u00ed se tomaba posici\u00f3n, que era a que obrigatoriamente ti\u00f1an que defender os nosos representantes no Concello.<\/p>\n<\/blockquote>\n\n\n\n<p><strong>No primeiro mandato tivestes un problema co voso portavoz, Paco Troiti\u00f1o, que dimitiu e entregou a s\u00faa acta. Cal foi o motivo, ao voso xu\u00edzo, que provocou esa situaci\u00f3n?<\/strong><\/p>\n\n\n\n<blockquote class=\"wp-block-quote is-layout-flow wp-block-quote-is-layout-flow\">\n<p>Unha discrepancia sobre o proxecto do Celta no noso concello. A asemblea de militantes de Ga\u00f1aM\u00f3s decidiu oporse a intenci\u00f3n do presidente do Celta, e Paco manti\u00f1a , pola contra, unha opini\u00f3n favorable. El non se sentiu representado pola opini\u00f3n colectiva de rexeitar o proxecto do Celta, e que ao ser un mandato da asemblea ter\u00eda que defender de maneira obrigatoria no Concello, e tomou a decisi\u00f3n de entregar a s\u00faa acta e dimitir.<\/p>\n<\/blockquote>\n\n\n\n<p><strong>No mandato actual houbo outro problema co que era o voso portavoz municipal, Rom\u00e1n Gonz\u00e1lez. Cal foi a raz\u00f3n, ao voso xu\u00edzo,que motivou esa situaci\u00f3n?<\/strong><\/p>\n\n\n\n<blockquote class=\"wp-block-quote is-layout-flow wp-block-quote-is-layout-flow\">\n<p>A situaci\u00f3n foi completamente diferente. Ese se\u00f1or foi escollido pola asemblea de Ga\u00f1aM\u00f3s para representar a Ga\u00f1aM\u00f3s e e el tomou a decisi\u00f3n unilateral de representar a Podemos, un partido que nin \u00e9 Ga\u00f1aM\u00f3s nin ten nada que ver con Ga\u00f1aM\u00f3s. Por outra parte el tomou decisi\u00f3ns pol\u00edticas de maneira persoal que s\u00f3 representaban ao seu propio criterio.<\/p>\n<\/blockquote>\n\n\n\n<p><strong>Foi advertido polo partido de que ese cami\u00f1o que decidiu tomar non era o sentir colectivo de Ga\u00f1aM\u00f3s?<\/strong><\/p>\n\n\n\n<blockquote class=\"wp-block-quote is-layout-flow wp-block-quote-is-layout-flow\">\n<p>Si, claro que si.<\/p>\n<\/blockquote>\n\n\n\n<p><strong>Rom\u00e1n Gonz\u00e1lez \u00e9 un tr\u00e1nsfuga?<\/strong><\/p>\n\n\n\n<blockquote class=\"wp-block-quote is-layout-flow wp-block-quote-is-layout-flow\">\n<p>Si, rotundamente si. A s\u00faa actuaci\u00f3n encaixa sen ningunha d\u00fabida no que denuncia o pacto antitransfuguismo. Por outra parte n\u00f3s tam\u00e9n temos un c\u00f3digo \u00e9tico que el vulnerou de maneira flagrante. O tempo que estivo aqu\u00ed enganou a todos os membros de Ga\u00f1aM\u00f3s.<\/p>\n<\/blockquote>\n\n\n\n<p><strong>Todo apunta a que Podemos vai presentar unha candidatura en Mos que encabezar\u00e1 Rom\u00e1n Gonz\u00e1lez. Esa candidatura ten alg\u00fan v\u00ednculo con Ga\u00f1aM\u00f3s?<\/strong><\/p>\n\n\n\n<blockquote class=\"wp-block-quote is-layout-flow wp-block-quote-is-layout-flow\">\n<p>Non, ning\u00fan en absoluto.<\/p>\n<\/blockquote>\n\n\n\n<p><strong>Nas elecci\u00f3ns do 19 Ga\u00f1aM\u00f3s obtivo case 1.000 votos. Desde a vosa perspectiva eses votantes poden sentirse representados nesa suposta candidatura de Podemos?<\/strong><\/p>\n\n\n\n<blockquote class=\"wp-block-quote is-layout-flow wp-block-quote-is-layout-flow\">\n<p>Non , desde a nosa perspectiva non.<\/p>\n<\/blockquote>\n\n\n\n<p><strong>Dici\u00e1desme antes que Mos segue a necesitar un cambio pol\u00edtico verdade?<\/strong><\/p>\n\n\n\n<blockquote class=\"wp-block-quote is-layout-flow wp-block-quote-is-layout-flow\">\n<p>Si, abof\u00e9 que \u00e9 as\u00ed. A nosa valoraci\u00f3n da actual alcaldesa e do actual goberno de Mos segue a ser manifestamente negativa e Mos precisa un cambio pol\u00edtico sen ning\u00fan tipo de d\u00fabida.<\/p>\n<\/blockquote>\n\n\n\n<p><strong>A todas as persoas de Mos que consideren, como v\u00f3s, a necesidade dun cambio pol\u00edtico a quen lle pedides que voten?<\/strong><\/p>\n\n\n\n<blockquote class=\"wp-block-quote is-layout-flow wp-block-quote-is-layout-flow\">\n<p>A calquera partido de esquerdas que non estea encabezado por un tr\u00e1nsfuga.<\/p>\n<\/blockquote>\n\n\n\n<p><strong>Rematamos .E chegado ao final sentides que estes anos de loita foron in\u00fatiles?<\/strong><\/p>\n\n\n\n<blockquote class=\"wp-block-quote is-layout-flow wp-block-quote-is-layout-flow\">\n<p>De ning\u00fan modo. Ga\u00f1aM\u00f3s foi un proxecto precioso que si conseguiu cousas e a porta para retomalo, ou algo semellante, no futuro queda aberta.<\/p>\n<\/blockquote>\n\n\n\n<p><strong>Ponde alg\u00fan exemplo das cosas que \u201c conseguiu\u201d Ga\u00f1aM\u00f3s?<\/strong><\/p>\n\n\n\n<blockquote class=\"wp-block-quote is-layout-flow wp-block-quote-is-layout-flow\">\n<p>Anulamos unha RPT que \u00eda favorecer descaradamente a persoas af\u00edns ao PP, fomos a punta de lanza no conflito do Celta, o asunto do Rebull\u00f3n, malia que a alcaldesa se auto atrib\u00faa o m\u00e9rito, foi unha proposta de Ga\u00f1aM\u00f3s, revolucionamos a comunicaci\u00f3n pol\u00edtica( os primeiros bolet\u00edns con informaci\u00f3n foron nosos) e contribu\u00edmos a que segmentos de persoas que nunca se formularan a posibilidade de participar en pol\u00edtica tomaran consciencia do importante que \u00e9 tomar partido.<\/p>\n<\/blockquote>\n","protected":false},"excerpt":{"rendered":"<div class=\"mh-excerpt\"><p>A asemblea de militantes de Ga\u00f1aM\u00f3s tomou a decisi\u00f3n de non presentar a s\u00faa candidatura ao vindeiro proceso electoral <a class=\"mh-excerpt-more\" href=\"https:\/\/www.anovapeneira.gal\/index.php\/2023\/04\/07\/ganamos-anuncia-a-sua-decision-de-non-presentarse-as-vindeiras-eleccions-municipais-rexeita-calquera-tipo-de-vinculacion-co-seu-anterior-portavoz-municipal-roman-gonzalez-condena-rotundamente-o-tran\/\" title=\"Ga\u00f1aM\u00f3s anuncia a s\u00faa decisi\u00f3n de non presentarse \u00e1s vindeiras elecci\u00f3ns municipais, rexeita calquera tipo de vinculaci\u00f3n co seu anterior portavoz municipal Rom\u00e1n Gonz\u00e1lez, condena rotundamente o transfuguismo pol\u00edtico, e pide o voto para &#8221; Calquera partido de esquerdas que non estea encabezado por un tr\u00e1nsfuga&#8221;\">[&#8230;]<\/a><\/p>\n<\/div>","protected":false},"author":2,"featured_media":9425,"comment_status":"open","ping_status":"open","sticky":false,"template":"","format":"standard","meta":{"_exactmetrics_skip_tracking":false,"_exactmetrics_sitenote_active":false,"_exactmetrics_sitenote_note":"","_exactmetrics_sitenote_category":0,"footnotes":""},"categories":[23,1],"tags":[218],"class_list":{"0":"post-9422","1":"post","2":"type-post","3":"status-publish","4":"format-standard","5":"has-post-thumbnail","7":"category-a-lourina","8":"category-sin-categoria","9":"tag-concello-de-mos"},"yoast_head":"<!-- This site is optimized with the Yoast SEO plugin v27.4 - https:\/\/yoast.com\/product\/yoast-seo-wordpress\/ -->\n<title>Ga\u00f1aM\u00f3s anuncia a s\u00faa decisi\u00f3n de non presentarse \u00e1s vindeiras elecci\u00f3ns municipais, rexeita calquera tipo de vinculaci\u00f3n co seu anterior portavoz municipal Rom\u00e1n Gonz\u00e1lez, condena rotundamente o transfuguismo pol\u00edtico, e pide o voto para &quot; Calquera partido de esquerdas que non estea encabezado por un tr\u00e1nsfuga&quot; -<\/title>\n<meta name=\"description\" content=\"A asemblea de militantes de Ga\u00f1aM\u00f3s tomou a decisi\u00f3n de non presentar a s\u00faa candidatura ao vindeiro proceso electoral\" \/>\n<meta name=\"robots\" content=\"index, follow, max-snippet:-1, max-image-preview:large, max-video-preview:-1\" \/>\n<link rel=\"canonical\" href=\"https:\/\/www.anovapeneira.gal\/index.php\/2023\/04\/07\/ganamos-anuncia-a-sua-decision-de-non-presentarse-as-vindeiras-eleccions-municipais-rexeita-calquera-tipo-de-vinculacion-co-seu-anterior-portavoz-municipal-roman-gonzalez-condena-rotundamente-o-tran\/\" \/>\n<meta property=\"og:locale\" content=\"gl_ES\" \/>\n<meta property=\"og:type\" content=\"article\" \/>\n<meta property=\"og:title\" content=\"Ga\u00f1aM\u00f3s anuncia a s\u00faa decisi\u00f3n de non presentarse \u00e1s vindeiras elecci\u00f3ns municipais, rexeita calquera tipo de vinculaci\u00f3n co seu anterior portavoz municipal Rom\u00e1n Gonz\u00e1lez, condena rotundamente o transfuguismo pol\u00edtico, e pide o voto para &quot; Calquera partido de esquerdas que non estea encabezado por un tr\u00e1nsfuga&quot; -\" \/>\n<meta property=\"og:description\" content=\"A asemblea de militantes de Ga\u00f1aM\u00f3s tomou a decisi\u00f3n de non presentar a s\u00faa candidatura ao vindeiro proceso electoral\" \/>\n<meta property=\"og:url\" content=\"https:\/\/www.anovapeneira.gal\/index.php\/2023\/04\/07\/ganamos-anuncia-a-sua-decision-de-non-presentarse-as-vindeiras-eleccions-municipais-rexeita-calquera-tipo-de-vinculacion-co-seu-anterior-portavoz-municipal-roman-gonzalez-condena-rotundamente-o-tran\/\" \/>\n<meta property=\"article:publisher\" content=\"https:\/\/www.facebook.com\/anovapeneira\" \/>\n<meta property=\"article:published_time\" content=\"2023-04-07T08:00:47+00:00\" \/>\n<meta property=\"og:image\" content=\"https:\/\/www.anovapeneira.gal\/wp-content\/uploads\/2023\/04\/gana_mos.jpg\" \/>\n\t<meta property=\"og:image:width\" content=\"720\" \/>\n\t<meta property=\"og:image:height\" content=\"432\" \/>\n\t<meta property=\"og:image:type\" content=\"image\/jpeg\" \/>\n<meta name=\"author\" content=\"Tino Lago\" \/>\n<meta name=\"twitter:card\" content=\"summary_large_image\" \/>\n<meta name=\"twitter:creator\" content=\"@APeneira\" \/>\n<meta name=\"twitter:site\" content=\"@APeneira\" \/>\n<meta name=\"twitter:label1\" content=\"Escrito por\" \/>\n\t<meta name=\"twitter:data1\" content=\"Tino Lago\" \/>\n\t<meta name=\"twitter:label2\" content=\"Tempo de lectura\" \/>\n\t<meta name=\"twitter:data2\" content=\"5 minutos\" \/>\n<script type=\"application\/ld+json\" class=\"yoast-schema-graph\">{\"@context\":\"https:\\\/\\\/schema.org\",\"@graph\":[{\"@type\":\"Article\",\"@id\":\"https:\\\/\\\/www.anovapeneira.gal\\\/index.php\\\/2023\\\/04\\\/07\\\/ganamos-anuncia-a-sua-decision-de-non-presentarse-as-vindeiras-eleccions-municipais-rexeita-calquera-tipo-de-vinculacion-co-seu-anterior-portavoz-municipal-roman-gonzalez-condena-rotundamente-o-tran\\\/#article\",\"isPartOf\":{\"@id\":\"https:\\\/\\\/www.anovapeneira.gal\\\/index.php\\\/2023\\\/04\\\/07\\\/ganamos-anuncia-a-sua-decision-de-non-presentarse-as-vindeiras-eleccions-municipais-rexeita-calquera-tipo-de-vinculacion-co-seu-anterior-portavoz-municipal-roman-gonzalez-condena-rotundamente-o-tran\\\/\"},\"author\":{\"name\":\"Tino Lago\",\"@id\":\"https:\\\/\\\/www.anovapeneira.gal\\\/#\\\/schema\\\/person\\\/424dfe65e3070fd8a44d22d2c088762a\"},\"headline\":\"Ga\u00f1aM\u00f3s anuncia a s\u00faa decisi\u00f3n de non presentarse \u00e1s vindeiras elecci\u00f3ns municipais, rexeita calquera tipo de vinculaci\u00f3n co seu anterior portavoz municipal Rom\u00e1n Gonz\u00e1lez, condena rotundamente o transfuguismo pol\u00edtico, e pide o voto para &#8221; Calquera partido de esquerdas que non estea encabezado por un tr\u00e1nsfuga&#8221;\",\"datePublished\":\"2023-04-07T08:00:47+00:00\",\"mainEntityOfPage\":{\"@id\":\"https:\\\/\\\/www.anovapeneira.gal\\\/index.php\\\/2023\\\/04\\\/07\\\/ganamos-anuncia-a-sua-decision-de-non-presentarse-as-vindeiras-eleccions-municipais-rexeita-calquera-tipo-de-vinculacion-co-seu-anterior-portavoz-municipal-roman-gonzalez-condena-rotundamente-o-tran\\\/\"},\"wordCount\":929,\"commentCount\":0,\"publisher\":{\"@id\":\"https:\\\/\\\/www.anovapeneira.gal\\\/#organization\"},\"image\":{\"@id\":\"https:\\\/\\\/www.anovapeneira.gal\\\/index.php\\\/2023\\\/04\\\/07\\\/ganamos-anuncia-a-sua-decision-de-non-presentarse-as-vindeiras-eleccions-municipais-rexeita-calquera-tipo-de-vinculacion-co-seu-anterior-portavoz-municipal-roman-gonzalez-condena-rotundamente-o-tran\\\/#primaryimage\"},\"thumbnailUrl\":\"https:\\\/\\\/www.anovapeneira.gal\\\/wp-content\\\/uploads\\\/2023\\\/04\\\/gana_mos.jpg\",\"keywords\":[\"Concello de Mos\"],\"articleSection\":[\"A Louri\u00f1a\",\"Sin categor\u00eda\"],\"inLanguage\":\"gl-ES\",\"potentialAction\":[{\"@type\":\"CommentAction\",\"name\":\"Comment\",\"target\":[\"https:\\\/\\\/www.anovapeneira.gal\\\/index.php\\\/2023\\\/04\\\/07\\\/ganamos-anuncia-a-sua-decision-de-non-presentarse-as-vindeiras-eleccions-municipais-rexeita-calquera-tipo-de-vinculacion-co-seu-anterior-portavoz-municipal-roman-gonzalez-condena-rotundamente-o-tran\\\/#respond\"]}]},{\"@type\":\"WebPage\",\"@id\":\"https:\\\/\\\/www.anovapeneira.gal\\\/index.php\\\/2023\\\/04\\\/07\\\/ganamos-anuncia-a-sua-decision-de-non-presentarse-as-vindeiras-eleccions-municipais-rexeita-calquera-tipo-de-vinculacion-co-seu-anterior-portavoz-municipal-roman-gonzalez-condena-rotundamente-o-tran\\\/\",\"url\":\"https:\\\/\\\/www.anovapeneira.gal\\\/index.php\\\/2023\\\/04\\\/07\\\/ganamos-anuncia-a-sua-decision-de-non-presentarse-as-vindeiras-eleccions-municipais-rexeita-calquera-tipo-de-vinculacion-co-seu-anterior-portavoz-municipal-roman-gonzalez-condena-rotundamente-o-tran\\\/\",\"name\":\"Ga\u00f1aM\u00f3s anuncia a s\u00faa decisi\u00f3n de non presentarse \u00e1s vindeiras elecci\u00f3ns municipais, rexeita calquera tipo de vinculaci\u00f3n co seu anterior portavoz municipal Rom\u00e1n Gonz\u00e1lez, condena rotundamente o transfuguismo pol\u00edtico, e pide o voto para \\\" Calquera partido de esquerdas que non estea encabezado por un tr\u00e1nsfuga\\\" -\",\"isPartOf\":{\"@id\":\"https:\\\/\\\/www.anovapeneira.gal\\\/#website\"},\"primaryImageOfPage\":{\"@id\":\"https:\\\/\\\/www.anovapeneira.gal\\\/index.php\\\/2023\\\/04\\\/07\\\/ganamos-anuncia-a-sua-decision-de-non-presentarse-as-vindeiras-eleccions-municipais-rexeita-calquera-tipo-de-vinculacion-co-seu-anterior-portavoz-municipal-roman-gonzalez-condena-rotundamente-o-tran\\\/#primaryimage\"},\"image\":{\"@id\":\"https:\\\/\\\/www.anovapeneira.gal\\\/index.php\\\/2023\\\/04\\\/07\\\/ganamos-anuncia-a-sua-decision-de-non-presentarse-as-vindeiras-eleccions-municipais-rexeita-calquera-tipo-de-vinculacion-co-seu-anterior-portavoz-municipal-roman-gonzalez-condena-rotundamente-o-tran\\\/#primaryimage\"},\"thumbnailUrl\":\"https:\\\/\\\/www.anovapeneira.gal\\\/wp-content\\\/uploads\\\/2023\\\/04\\\/gana_mos.jpg\",\"datePublished\":\"2023-04-07T08:00:47+00:00\",\"description\":\"A asemblea de militantes de Ga\u00f1aM\u00f3s tomou a decisi\u00f3n de non presentar a s\u00faa candidatura ao vindeiro proceso electoral\",\"breadcrumb\":{\"@id\":\"https:\\\/\\\/www.anovapeneira.gal\\\/index.php\\\/2023\\\/04\\\/07\\\/ganamos-anuncia-a-sua-decision-de-non-presentarse-as-vindeiras-eleccions-municipais-rexeita-calquera-tipo-de-vinculacion-co-seu-anterior-portavoz-municipal-roman-gonzalez-condena-rotundamente-o-tran\\\/#breadcrumb\"},\"inLanguage\":\"gl-ES\",\"potentialAction\":[{\"@type\":\"ReadAction\",\"target\":[\"https:\\\/\\\/www.anovapeneira.gal\\\/index.php\\\/2023\\\/04\\\/07\\\/ganamos-anuncia-a-sua-decision-de-non-presentarse-as-vindeiras-eleccions-municipais-rexeita-calquera-tipo-de-vinculacion-co-seu-anterior-portavoz-municipal-roman-gonzalez-condena-rotundamente-o-tran\\\/\"]}]},{\"@type\":\"ImageObject\",\"inLanguage\":\"gl-ES\",\"@id\":\"https:\\\/\\\/www.anovapeneira.gal\\\/index.php\\\/2023\\\/04\\\/07\\\/ganamos-anuncia-a-sua-decision-de-non-presentarse-as-vindeiras-eleccions-municipais-rexeita-calquera-tipo-de-vinculacion-co-seu-anterior-portavoz-municipal-roman-gonzalez-condena-rotundamente-o-tran\\\/#primaryimage\",\"url\":\"https:\\\/\\\/www.anovapeneira.gal\\\/wp-content\\\/uploads\\\/2023\\\/04\\\/gana_mos.jpg\",\"contentUrl\":\"https:\\\/\\\/www.anovapeneira.gal\\\/wp-content\\\/uploads\\\/2023\\\/04\\\/gana_mos.jpg\",\"width\":720,\"height\":432,\"caption\":\"Ga\u00f1aM\u00f3s anuncia a s\u00faa decisi\u00f3n de non presentarse \u00e1s vindeiras elecci\u00f3ns municipais\"},{\"@type\":\"BreadcrumbList\",\"@id\":\"https:\\\/\\\/www.anovapeneira.gal\\\/index.php\\\/2023\\\/04\\\/07\\\/ganamos-anuncia-a-sua-decision-de-non-presentarse-as-vindeiras-eleccions-municipais-rexeita-calquera-tipo-de-vinculacion-co-seu-anterior-portavoz-municipal-roman-gonzalez-condena-rotundamente-o-tran\\\/#breadcrumb\",\"itemListElement\":[{\"@type\":\"ListItem\",\"position\":1,\"name\":\"Portada\",\"item\":\"https:\\\/\\\/www.anovapeneira.gal\\\/\"},{\"@type\":\"ListItem\",\"position\":2,\"name\":\"Ga\u00f1aM\u00f3s anuncia a s\u00faa decisi\u00f3n de non presentarse \u00e1s vindeiras elecci\u00f3ns municipais, rexeita calquera tipo de vinculaci\u00f3n co seu anterior portavoz municipal Rom\u00e1n Gonz\u00e1lez, condena rotundamente o transfuguismo pol\u00edtico, e pide o voto para &#8221; Calquera partido de esquerdas que non estea encabezado por un tr\u00e1nsfuga&#8221;\"}]},{\"@type\":\"WebSite\",\"@id\":\"https:\\\/\\\/www.anovapeneira.gal\\\/#website\",\"url\":\"https:\\\/\\\/www.anovapeneira.gal\\\/\",\"name\":\"\",\"description\":\"Xornal galego de informaci\u00f3n xeral Publicaci\u00f3n mensual de novas de Galicia e en especial dos Concellos da sur da provincia de Pontevedra.\",\"publisher\":{\"@id\":\"https:\\\/\\\/www.anovapeneira.gal\\\/#organization\"},\"potentialAction\":[{\"@type\":\"SearchAction\",\"target\":{\"@type\":\"EntryPoint\",\"urlTemplate\":\"https:\\\/\\\/www.anovapeneira.gal\\\/?s={search_term_string}\"},\"query-input\":{\"@type\":\"PropertyValueSpecification\",\"valueRequired\":true,\"valueName\":\"search_term_string\"}}],\"inLanguage\":\"gl-ES\"},{\"@type\":\"Organization\",\"@id\":\"https:\\\/\\\/www.anovapeneira.gal\\\/#organization\",\"name\":\"A Nova Peneira\",\"url\":\"https:\\\/\\\/www.anovapeneira.gal\\\/\",\"logo\":{\"@type\":\"ImageObject\",\"inLanguage\":\"gl-ES\",\"@id\":\"https:\\\/\\\/www.anovapeneira.gal\\\/#\\\/schema\\\/logo\\\/image\\\/\",\"url\":\"http:\\\/\\\/www.anovapeneira.gal\\\/wp-content\\\/uploads\\\/2019\\\/06\\\/logo_a_nova_peneira_portal_web.png\",\"contentUrl\":\"http:\\\/\\\/www.anovapeneira.gal\\\/wp-content\\\/uploads\\\/2019\\\/06\\\/logo_a_nova_peneira_portal_web.png\",\"width\":300,\"height\":100,\"caption\":\"A Nova Peneira\"},\"image\":{\"@id\":\"https:\\\/\\\/www.anovapeneira.gal\\\/#\\\/schema\\\/logo\\\/image\\\/\"},\"sameAs\":[\"https:\\\/\\\/www.facebook.com\\\/anovapeneira\",\"https:\\\/\\\/x.com\\\/APeneira\"]},{\"@type\":\"Person\",\"@id\":\"https:\\\/\\\/www.anovapeneira.gal\\\/#\\\/schema\\\/person\\\/424dfe65e3070fd8a44d22d2c088762a\",\"name\":\"Tino Lago\",\"image\":{\"@type\":\"ImageObject\",\"inLanguage\":\"gl-ES\",\"@id\":\"https:\\\/\\\/secure.gravatar.com\\\/avatar\\\/b3df6a06e44bab3111583b90f0f33a0379ee5e3d22cbadd232d39f21c30c62be?s=96&d=mm&r=g\",\"url\":\"https:\\\/\\\/secure.gravatar.com\\\/avatar\\\/b3df6a06e44bab3111583b90f0f33a0379ee5e3d22cbadd232d39f21c30c62be?s=96&d=mm&r=g\",\"contentUrl\":\"https:\\\/\\\/secure.gravatar.com\\\/avatar\\\/b3df6a06e44bab3111583b90f0f33a0379ee5e3d22cbadd232d39f21c30c62be?s=96&d=mm&r=g\",\"caption\":\"Tino Lago\"},\"sameAs\":[\"http:\\\/\\\/www.anovapeneira.gal\"],\"url\":\"https:\\\/\\\/www.anovapeneira.gal\\\/index.php\\\/author\\\/director\\\/\"}]}<\/script>\n<!-- \/ Yoast SEO plugin. -->","yoast_head_json":{"title":"Ga\u00f1aM\u00f3s anuncia a s\u00faa decisi\u00f3n de non presentarse \u00e1s vindeiras elecci\u00f3ns municipais, rexeita calquera tipo de vinculaci\u00f3n co seu anterior portavoz municipal Rom\u00e1n Gonz\u00e1lez, condena rotundamente o transfuguismo pol\u00edtico, e pide o voto para \" Calquera partido de esquerdas que non estea encabezado por un tr\u00e1nsfuga\" -","description":"A asemblea de militantes de Ga\u00f1aM\u00f3s tomou a decisi\u00f3n de non presentar a s\u00faa candidatura ao vindeiro proceso electoral","robots":{"index":"index","follow":"follow","max-snippet":"max-snippet:-1","max-image-preview":"max-image-preview:large","max-video-preview":"max-video-preview:-1"},"canonical":"https:\/\/www.anovapeneira.gal\/index.php\/2023\/04\/07\/ganamos-anuncia-a-sua-decision-de-non-presentarse-as-vindeiras-eleccions-municipais-rexeita-calquera-tipo-de-vinculacion-co-seu-anterior-portavoz-municipal-roman-gonzalez-condena-rotundamente-o-tran\/","og_locale":"gl_ES","og_type":"article","og_title":"Ga\u00f1aM\u00f3s anuncia a s\u00faa decisi\u00f3n de non presentarse \u00e1s vindeiras elecci\u00f3ns municipais, rexeita calquera tipo de vinculaci\u00f3n co seu anterior portavoz municipal Rom\u00e1n Gonz\u00e1lez, condena rotundamente o transfuguismo pol\u00edtico, e pide o voto para \" Calquera partido de esquerdas que non estea encabezado por un tr\u00e1nsfuga\" -","og_description":"A asemblea de militantes de Ga\u00f1aM\u00f3s tomou a decisi\u00f3n de non presentar a s\u00faa candidatura ao vindeiro proceso electoral","og_url":"https:\/\/www.anovapeneira.gal\/index.php\/2023\/04\/07\/ganamos-anuncia-a-sua-decision-de-non-presentarse-as-vindeiras-eleccions-municipais-rexeita-calquera-tipo-de-vinculacion-co-seu-anterior-portavoz-municipal-roman-gonzalez-condena-rotundamente-o-tran\/","article_publisher":"https:\/\/www.facebook.com\/anovapeneira","article_published_time":"2023-04-07T08:00:47+00:00","og_image":[{"width":720,"height":432,"url":"https:\/\/www.anovapeneira.gal\/wp-content\/uploads\/2023\/04\/gana_mos.jpg","type":"image\/jpeg"}],"author":"Tino Lago","twitter_card":"summary_large_image","twitter_creator":"@APeneira","twitter_site":"@APeneira","twitter_misc":{"Escrito por":"Tino Lago","Tempo de lectura":"5 minutos"},"schema":{"@context":"https:\/\/schema.org","@graph":[{"@type":"Article","@id":"https:\/\/www.anovapeneira.gal\/index.php\/2023\/04\/07\/ganamos-anuncia-a-sua-decision-de-non-presentarse-as-vindeiras-eleccions-municipais-rexeita-calquera-tipo-de-vinculacion-co-seu-anterior-portavoz-municipal-roman-gonzalez-condena-rotundamente-o-tran\/#article","isPartOf":{"@id":"https:\/\/www.anovapeneira.gal\/index.php\/2023\/04\/07\/ganamos-anuncia-a-sua-decision-de-non-presentarse-as-vindeiras-eleccions-municipais-rexeita-calquera-tipo-de-vinculacion-co-seu-anterior-portavoz-municipal-roman-gonzalez-condena-rotundamente-o-tran\/"},"author":{"name":"Tino Lago","@id":"https:\/\/www.anovapeneira.gal\/#\/schema\/person\/424dfe65e3070fd8a44d22d2c088762a"},"headline":"Ga\u00f1aM\u00f3s anuncia a s\u00faa decisi\u00f3n de non presentarse \u00e1s vindeiras elecci\u00f3ns municipais, rexeita calquera tipo de vinculaci\u00f3n co seu anterior portavoz municipal Rom\u00e1n Gonz\u00e1lez, condena rotundamente o transfuguismo pol\u00edtico, e pide o voto para &#8221; Calquera partido de esquerdas que non estea encabezado por un tr\u00e1nsfuga&#8221;","datePublished":"2023-04-07T08:00:47+00:00","mainEntityOfPage":{"@id":"https:\/\/www.anovapeneira.gal\/index.php\/2023\/04\/07\/ganamos-anuncia-a-sua-decision-de-non-presentarse-as-vindeiras-eleccions-municipais-rexeita-calquera-tipo-de-vinculacion-co-seu-anterior-portavoz-municipal-roman-gonzalez-condena-rotundamente-o-tran\/"},"wordCount":929,"commentCount":0,"publisher":{"@id":"https:\/\/www.anovapeneira.gal\/#organization"},"image":{"@id":"https:\/\/www.anovapeneira.gal\/index.php\/2023\/04\/07\/ganamos-anuncia-a-sua-decision-de-non-presentarse-as-vindeiras-eleccions-municipais-rexeita-calquera-tipo-de-vinculacion-co-seu-anterior-portavoz-municipal-roman-gonzalez-condena-rotundamente-o-tran\/#primaryimage"},"thumbnailUrl":"https:\/\/www.anovapeneira.gal\/wp-content\/uploads\/2023\/04\/gana_mos.jpg","keywords":["Concello de Mos"],"articleSection":["A Louri\u00f1a","Sin categor\u00eda"],"inLanguage":"gl-ES","potentialAction":[{"@type":"CommentAction","name":"Comment","target":["https:\/\/www.anovapeneira.gal\/index.php\/2023\/04\/07\/ganamos-anuncia-a-sua-decision-de-non-presentarse-as-vindeiras-eleccions-municipais-rexeita-calquera-tipo-de-vinculacion-co-seu-anterior-portavoz-municipal-roman-gonzalez-condena-rotundamente-o-tran\/#respond"]}]},{"@type":"WebPage","@id":"https:\/\/www.anovapeneira.gal\/index.php\/2023\/04\/07\/ganamos-anuncia-a-sua-decision-de-non-presentarse-as-vindeiras-eleccions-municipais-rexeita-calquera-tipo-de-vinculacion-co-seu-anterior-portavoz-municipal-roman-gonzalez-condena-rotundamente-o-tran\/","url":"https:\/\/www.anovapeneira.gal\/index.php\/2023\/04\/07\/ganamos-anuncia-a-sua-decision-de-non-presentarse-as-vindeiras-eleccions-municipais-rexeita-calquera-tipo-de-vinculacion-co-seu-anterior-portavoz-municipal-roman-gonzalez-condena-rotundamente-o-tran\/","name":"Ga\u00f1aM\u00f3s anuncia a s\u00faa decisi\u00f3n de non presentarse \u00e1s vindeiras elecci\u00f3ns municipais, rexeita calquera tipo de vinculaci\u00f3n co seu anterior portavoz municipal Rom\u00e1n Gonz\u00e1lez, condena rotundamente o transfuguismo pol\u00edtico, e pide o voto para \" Calquera partido de esquerdas que non estea encabezado por un tr\u00e1nsfuga\" -","isPartOf":{"@id":"https:\/\/www.anovapeneira.gal\/#website"},"primaryImageOfPage":{"@id":"https:\/\/www.anovapeneira.gal\/index.php\/2023\/04\/07\/ganamos-anuncia-a-sua-decision-de-non-presentarse-as-vindeiras-eleccions-municipais-rexeita-calquera-tipo-de-vinculacion-co-seu-anterior-portavoz-municipal-roman-gonzalez-condena-rotundamente-o-tran\/#primaryimage"},"image":{"@id":"https:\/\/www.anovapeneira.gal\/index.php\/2023\/04\/07\/ganamos-anuncia-a-sua-decision-de-non-presentarse-as-vindeiras-eleccions-municipais-rexeita-calquera-tipo-de-vinculacion-co-seu-anterior-portavoz-municipal-roman-gonzalez-condena-rotundamente-o-tran\/#primaryimage"},"thumbnailUrl":"https:\/\/www.anovapeneira.gal\/wp-content\/uploads\/2023\/04\/gana_mos.jpg","datePublished":"2023-04-07T08:00:47+00:00","description":"A asemblea de militantes de Ga\u00f1aM\u00f3s tomou a decisi\u00f3n de non presentar a s\u00faa candidatura ao vindeiro proceso electoral","breadcrumb":{"@id":"https:\/\/www.anovapeneira.gal\/index.php\/2023\/04\/07\/ganamos-anuncia-a-sua-decision-de-non-presentarse-as-vindeiras-eleccions-municipais-rexeita-calquera-tipo-de-vinculacion-co-seu-anterior-portavoz-municipal-roman-gonzalez-condena-rotundamente-o-tran\/#breadcrumb"},"inLanguage":"gl-ES","potentialAction":[{"@type":"ReadAction","target":["https:\/\/www.anovapeneira.gal\/index.php\/2023\/04\/07\/ganamos-anuncia-a-sua-decision-de-non-presentarse-as-vindeiras-eleccions-municipais-rexeita-calquera-tipo-de-vinculacion-co-seu-anterior-portavoz-municipal-roman-gonzalez-condena-rotundamente-o-tran\/"]}]},{"@type":"ImageObject","inLanguage":"gl-ES","@id":"https:\/\/www.anovapeneira.gal\/index.php\/2023\/04\/07\/ganamos-anuncia-a-sua-decision-de-non-presentarse-as-vindeiras-eleccions-municipais-rexeita-calquera-tipo-de-vinculacion-co-seu-anterior-portavoz-municipal-roman-gonzalez-condena-rotundamente-o-tran\/#primaryimage","url":"https:\/\/www.anovapeneira.gal\/wp-content\/uploads\/2023\/04\/gana_mos.jpg","contentUrl":"https:\/\/www.anovapeneira.gal\/wp-content\/uploads\/2023\/04\/gana_mos.jpg","width":720,"height":432,"caption":"Ga\u00f1aM\u00f3s anuncia a s\u00faa decisi\u00f3n de non presentarse \u00e1s vindeiras elecci\u00f3ns municipais"},{"@type":"BreadcrumbList","@id":"https:\/\/www.anovapeneira.gal\/index.php\/2023\/04\/07\/ganamos-anuncia-a-sua-decision-de-non-presentarse-as-vindeiras-eleccions-municipais-rexeita-calquera-tipo-de-vinculacion-co-seu-anterior-portavoz-municipal-roman-gonzalez-condena-rotundamente-o-tran\/#breadcrumb","itemListElement":[{"@type":"ListItem","position":1,"name":"Portada","item":"https:\/\/www.anovapeneira.gal\/"},{"@type":"ListItem","position":2,"name":"Ga\u00f1aM\u00f3s anuncia a s\u00faa decisi\u00f3n de non presentarse \u00e1s vindeiras elecci\u00f3ns municipais, rexeita calquera tipo de vinculaci\u00f3n co seu anterior portavoz municipal Rom\u00e1n Gonz\u00e1lez, condena rotundamente o transfuguismo pol\u00edtico, e pide o voto para &#8221; Calquera partido de esquerdas que non estea encabezado por un tr\u00e1nsfuga&#8221;"}]},{"@type":"WebSite","@id":"https:\/\/www.anovapeneira.gal\/#website","url":"https:\/\/www.anovapeneira.gal\/","name":"","description":"Xornal galego de informaci\u00f3n xeral Publicaci\u00f3n mensual de novas de Galicia e en especial dos Concellos da sur da provincia de Pontevedra.","publisher":{"@id":"https:\/\/www.anovapeneira.gal\/#organization"},"potentialAction":[{"@type":"SearchAction","target":{"@type":"EntryPoint","urlTemplate":"https:\/\/www.anovapeneira.gal\/?s={search_term_string}"},"query-input":{"@type":"PropertyValueSpecification","valueRequired":true,"valueName":"search_term_string"}}],"inLanguage":"gl-ES"},{"@type":"Organization","@id":"https:\/\/www.anovapeneira.gal\/#organization","name":"A Nova Peneira","url":"https:\/\/www.anovapeneira.gal\/","logo":{"@type":"ImageObject","inLanguage":"gl-ES","@id":"https:\/\/www.anovapeneira.gal\/#\/schema\/logo\/image\/","url":"http:\/\/www.anovapeneira.gal\/wp-content\/uploads\/2019\/06\/logo_a_nova_peneira_portal_web.png","contentUrl":"http:\/\/www.anovapeneira.gal\/wp-content\/uploads\/2019\/06\/logo_a_nova_peneira_portal_web.png","width":300,"height":100,"caption":"A Nova Peneira"},"image":{"@id":"https:\/\/www.anovapeneira.gal\/#\/schema\/logo\/image\/"},"sameAs":["https:\/\/www.facebook.com\/anovapeneira","https:\/\/x.com\/APeneira"]},{"@type":"Person","@id":"https:\/\/www.anovapeneira.gal\/#\/schema\/person\/424dfe65e3070fd8a44d22d2c088762a","name":"Tino Lago","image":{"@type":"ImageObject","inLanguage":"gl-ES","@id":"https:\/\/secure.gravatar.com\/avatar\/b3df6a06e44bab3111583b90f0f33a0379ee5e3d22cbadd232d39f21c30c62be?s=96&d=mm&r=g","url":"https:\/\/secure.gravatar.com\/avatar\/b3df6a06e44bab3111583b90f0f33a0379ee5e3d22cbadd232d39f21c30c62be?s=96&d=mm&r=g","contentUrl":"https:\/\/secure.gravatar.com\/avatar\/b3df6a06e44bab3111583b90f0f33a0379ee5e3d22cbadd232d39f21c30c62be?s=96&d=mm&r=g","caption":"Tino Lago"},"sameAs":["http:\/\/www.anovapeneira.gal"],"url":"https:\/\/www.anovapeneira.gal\/index.php\/author\/director\/"}]}},"jetpack_featured_media_url":"https:\/\/www.anovapeneira.gal\/wp-content\/uploads\/2023\/04\/gana_mos.jpg","_links":{"self":[{"href":"https:\/\/www.anovapeneira.gal\/index.php\/wp-json\/wp\/v2\/posts\/9422","targetHints":{"allow":["GET"]}}],"collection":[{"href":"https:\/\/www.anovapeneira.gal\/index.php\/wp-json\/wp\/v2\/posts"}],"about":[{"href":"https:\/\/www.anovapeneira.gal\/index.php\/wp-json\/wp\/v2\/types\/post"}],"author":[{"embeddable":true,"href":"https:\/\/www.anovapeneira.gal\/index.php\/wp-json\/wp\/v2\/users\/2"}],"replies":[{"embeddable":true,"href":"https:\/\/www.anovapeneira.gal\/index.php\/wp-json\/wp\/v2\/comments?post=9422"}],"version-history":[{"count":2,"href":"https:\/\/www.anovapeneira.gal\/index.php\/wp-json\/wp\/v2\/posts\/9422\/revisions"}],"predecessor-version":[{"id":9424,"href":"https:\/\/www.anovapeneira.gal\/index.php\/wp-json\/wp\/v2\/posts\/9422\/revisions\/9424"}],"wp:featuredmedia":[{"embeddable":true,"href":"https:\/\/www.anovapeneira.gal\/index.php\/wp-json\/wp\/v2\/media\/9425"}],"wp:attachment":[{"href":"https:\/\/www.anovapeneira.gal\/index.php\/wp-json\/wp\/v2\/media?parent=9422"}],"wp:term":[{"taxonomy":"category","embeddable":true,"href":"https:\/\/www.anovapeneira.gal\/index.php\/wp-json\/wp\/v2\/categories?post=9422"},{"taxonomy":"post_tag","embeddable":true,"href":"https:\/\/www.anovapeneira.gal\/index.php\/wp-json\/wp\/v2\/tags?post=9422"}],"curies":[{"name":"wp","href":"https:\/\/api.w.org\/{rel}","templated":true}]}}