{"id":9430,"date":"2023-04-10T10:00:32","date_gmt":"2023-04-10T08:00:32","guid":{"rendered":"https:\/\/www.anovapeneira.gal\/?p=9430"},"modified":"2023-04-09T20:52:04","modified_gmt":"2023-04-09T18:52:04","slug":"dende-o-grupo-municipal-do-bng-de-forcarei-esiximos-que-o-psoe-de-forcarei-respete-os-acordos-aos-que-chega-co-noso-grupo","status":"publish","type":"post","link":"https:\/\/www.anovapeneira.gal\/index.php\/2023\/04\/10\/dende-o-grupo-municipal-do-bng-de-forcarei-esiximos-que-o-psoe-de-forcarei-respete-os-acordos-aos-que-chega-co-noso-grupo\/","title":{"rendered":"Dende o grupo municipal do BNG de Forcarei esiximos que o PSOE de Forcarei respete os acordos aos que chega co noso grupo"},"content":{"rendered":"\n<pre class=\"wp-block-verse\">Roberto Jorge, Concelleiro do grupo municipal do Bloque Nacionalista Galego.<\/pre>\n\n\n\n<p>\u00c9 incomprensible que se acorde en pleno obras a realizar nos lugares de Cernadelo e Fontegrande, a cambio do apoio a unha inversi\u00f3n de preto de 300,000\u20ac necesarios para o goberno municipal e agora se licite unha obra nos mesmos lugares que deixa incompletas e non corresponde coas necesidades da veci\u00f1anza.<\/p>\n\n\n\n<p>A absurda teima de Ver\u00f3nica Pichel de excluir ao BNG de todo acto leva a este goberno a facer proxectos illados da realidade social, sen dar cobertura \u00e1s necesidades da veci\u00f1anza e retrasando a execuci\u00f3n das obras innecesariamente.<\/p>\n\n\n\n<p>Dende novembro que esta obra foi negociada co BNG houbo tempo m\u00e1is ca de sobra para en conxunto co BNG xuntarse coa veci\u00f1anza.<\/p>\n\n\n\n<p>Pedimos a Ver\u00f3nica Pichel que modifique o proxecto contemplando melloras no ancho da v\u00eda e formigonado nas beiras dos n\u00facleos, consensuando os mesmos coa veci\u00f1anza e co BNG.<\/p>\n\n\n\n<p>Dende o BNG non creemos que por interese electoralista sexa bo sacar un proxecto incompleto e que chega tarde, esiximos dialogo coa nosa formaci\u00f3n e coa veci\u00f1anza as\u00ed como o cumprimento das obras previstas cos traballadores municipais na visita que esta formaci\u00f3n realizou conxuntamente coa veci\u00f1anza.<\/p>\n","protected":false},"excerpt":{"rendered":"<div class=\"mh-excerpt\"><p>\u00c9 incomprensible que se acorde en pleno obras a realizar nos lugares de Cernadelo e Fontegrande, a cambio do apoio a unha inversi\u00f3n de preto de 300,000\u20ac necesarios para o goberno municipal <a class=\"mh-excerpt-more\" href=\"https:\/\/www.anovapeneira.gal\/index.php\/2023\/04\/10\/dende-o-grupo-municipal-do-bng-de-forcarei-esiximos-que-o-psoe-de-forcarei-respete-os-acordos-aos-que-chega-co-noso-grupo\/\" title=\"Dende o grupo municipal do BNG de Forcarei esiximos que o PSOE de Forcarei respete os acordos aos que chega co noso grupo\">[&#8230;]<\/a><\/p>\n<\/div>","protected":false},"author":3,"featured_media":9432,"comment_status":"open","ping_status":"open","sticky":false,"template":"","format":"standard","meta":{"_exactmetrics_skip_tracking":false,"_exactmetrics_sitenote_active":false,"_exactmetrics_sitenote_note":"","_exactmetrics_sitenote_category":0,"footnotes":""},"categories":[26],"tags":[1188],"class_list":{"0":"post-9430","1":"post","2":"type-post","3":"status-publish","4":"format-standard","5":"has-post-thumbnail","7":"category-pontevedra","8":"tag-concello-de-forcarei"},"yoast_head":"<!-- This site is optimized with the Yoast SEO plugin v27.4 - https:\/\/yoast.com\/product\/yoast-seo-wordpress\/ -->\n<title>Dende o grupo municipal do BNG de Forcarei esiximos que o PSOE de Forcarei respete os acordos aos que chega co noso grupo -<\/title>\n<meta name=\"description\" content=\"\u00c9 incomprensible que se acorde en pleno obras a realizar nos lugares de Cernadelo e Fontegrande, a cambio do apoio a unha inversi\u00f3n de preto de 300,000\u20ac necesarios para o goberno municipal\" \/>\n<meta name=\"robots\" content=\"index, follow, max-snippet:-1, max-image-preview:large, max-video-preview:-1\" \/>\n<link rel=\"canonical\" href=\"https:\/\/www.anovapeneira.gal\/index.php\/2023\/04\/10\/dende-o-grupo-municipal-do-bng-de-forcarei-esiximos-que-o-psoe-de-forcarei-respete-os-acordos-aos-que-chega-co-noso-grupo\/\" \/>\n<meta property=\"og:locale\" content=\"gl_ES\" \/>\n<meta property=\"og:type\" content=\"article\" \/>\n<meta property=\"og:title\" content=\"Dende o grupo municipal do BNG de Forcarei esiximos que o PSOE de Forcarei respete os acordos aos que chega co noso grupo -\" \/>\n<meta property=\"og:description\" content=\"\u00c9 incomprensible que se acorde en pleno obras a realizar nos lugares de Cernadelo e Fontegrande, a cambio do apoio a unha inversi\u00f3n de preto de 300,000\u20ac necesarios para o goberno municipal\" \/>\n<meta property=\"og:url\" content=\"https:\/\/www.anovapeneira.gal\/index.php\/2023\/04\/10\/dende-o-grupo-municipal-do-bng-de-forcarei-esiximos-que-o-psoe-de-forcarei-respete-os-acordos-aos-que-chega-co-noso-grupo\/\" \/>\n<meta property=\"article:publisher\" content=\"https:\/\/www.facebook.com\/anovapeneira\" \/>\n<meta property=\"article:published_time\" content=\"2023-04-10T08:00:32+00:00\" \/>\n<meta property=\"og:image\" content=\"https:\/\/www.anovapeneira.gal\/wp-content\/uploads\/2023\/04\/forcarei.jpg\" \/>\n\t<meta property=\"og:image:width\" content=\"720\" \/>\n\t<meta property=\"og:image:height\" content=\"432\" \/>\n\t<meta property=\"og:image:type\" content=\"image\/jpeg\" \/>\n<meta name=\"author\" content=\"Redacci\u00f3n A Nova Peneira\" \/>\n<meta name=\"twitter:card\" content=\"summary_large_image\" \/>\n<meta name=\"twitter:creator\" content=\"@APeneira\" \/>\n<meta name=\"twitter:site\" content=\"@APeneira\" \/>\n<meta name=\"twitter:label1\" content=\"Escrito por\" \/>\n\t<meta name=\"twitter:data1\" content=\"Redacci\u00f3n A Nova Peneira\" \/>\n\t<meta name=\"twitter:label2\" content=\"Tempo de lectura\" \/>\n\t<meta name=\"twitter:data2\" content=\"2 minutos\" \/>\n<script type=\"application\/ld+json\" class=\"yoast-schema-graph\">{\"@context\":\"https:\\\/\\\/schema.org\",\"@graph\":[{\"@type\":\"Article\",\"@id\":\"https:\\\/\\\/www.anovapeneira.gal\\\/index.php\\\/2023\\\/04\\\/10\\\/dende-o-grupo-municipal-do-bng-de-forcarei-esiximos-que-o-psoe-de-forcarei-respete-os-acordos-aos-que-chega-co-noso-grupo\\\/#article\",\"isPartOf\":{\"@id\":\"https:\\\/\\\/www.anovapeneira.gal\\\/index.php\\\/2023\\\/04\\\/10\\\/dende-o-grupo-municipal-do-bng-de-forcarei-esiximos-que-o-psoe-de-forcarei-respete-os-acordos-aos-que-chega-co-noso-grupo\\\/\"},\"author\":{\"name\":\"Redacci\u00f3n A Nova Peneira\",\"@id\":\"https:\\\/\\\/www.anovapeneira.gal\\\/#\\\/schema\\\/person\\\/b93e3f8932e3f8da96334607eb6ac6aa\"},\"headline\":\"Dende o grupo municipal do BNG de Forcarei esiximos que o PSOE de Forcarei respete os acordos aos que chega co noso grupo\",\"datePublished\":\"2023-04-10T08:00:32+00:00\",\"mainEntityOfPage\":{\"@id\":\"https:\\\/\\\/www.anovapeneira.gal\\\/index.php\\\/2023\\\/04\\\/10\\\/dende-o-grupo-municipal-do-bng-de-forcarei-esiximos-que-o-psoe-de-forcarei-respete-os-acordos-aos-que-chega-co-noso-grupo\\\/\"},\"wordCount\":222,\"commentCount\":0,\"publisher\":{\"@id\":\"https:\\\/\\\/www.anovapeneira.gal\\\/#organization\"},\"image\":{\"@id\":\"https:\\\/\\\/www.anovapeneira.gal\\\/index.php\\\/2023\\\/04\\\/10\\\/dende-o-grupo-municipal-do-bng-de-forcarei-esiximos-que-o-psoe-de-forcarei-respete-os-acordos-aos-que-chega-co-noso-grupo\\\/#primaryimage\"},\"thumbnailUrl\":\"https:\\\/\\\/www.anovapeneira.gal\\\/wp-content\\\/uploads\\\/2023\\\/04\\\/forcarei.jpg\",\"keywords\":[\"Concello de Forcarei\"],\"articleSection\":[\"Pontevedra\"],\"inLanguage\":\"gl-ES\",\"potentialAction\":[{\"@type\":\"CommentAction\",\"name\":\"Comment\",\"target\":[\"https:\\\/\\\/www.anovapeneira.gal\\\/index.php\\\/2023\\\/04\\\/10\\\/dende-o-grupo-municipal-do-bng-de-forcarei-esiximos-que-o-psoe-de-forcarei-respete-os-acordos-aos-que-chega-co-noso-grupo\\\/#respond\"]}]},{\"@type\":\"WebPage\",\"@id\":\"https:\\\/\\\/www.anovapeneira.gal\\\/index.php\\\/2023\\\/04\\\/10\\\/dende-o-grupo-municipal-do-bng-de-forcarei-esiximos-que-o-psoe-de-forcarei-respete-os-acordos-aos-que-chega-co-noso-grupo\\\/\",\"url\":\"https:\\\/\\\/www.anovapeneira.gal\\\/index.php\\\/2023\\\/04\\\/10\\\/dende-o-grupo-municipal-do-bng-de-forcarei-esiximos-que-o-psoe-de-forcarei-respete-os-acordos-aos-que-chega-co-noso-grupo\\\/\",\"name\":\"Dende o grupo municipal do BNG de Forcarei esiximos que o PSOE de Forcarei respete os acordos aos que chega co noso grupo -\",\"isPartOf\":{\"@id\":\"https:\\\/\\\/www.anovapeneira.gal\\\/#website\"},\"primaryImageOfPage\":{\"@id\":\"https:\\\/\\\/www.anovapeneira.gal\\\/index.php\\\/2023\\\/04\\\/10\\\/dende-o-grupo-municipal-do-bng-de-forcarei-esiximos-que-o-psoe-de-forcarei-respete-os-acordos-aos-que-chega-co-noso-grupo\\\/#primaryimage\"},\"image\":{\"@id\":\"https:\\\/\\\/www.anovapeneira.gal\\\/index.php\\\/2023\\\/04\\\/10\\\/dende-o-grupo-municipal-do-bng-de-forcarei-esiximos-que-o-psoe-de-forcarei-respete-os-acordos-aos-que-chega-co-noso-grupo\\\/#primaryimage\"},\"thumbnailUrl\":\"https:\\\/\\\/www.anovapeneira.gal\\\/wp-content\\\/uploads\\\/2023\\\/04\\\/forcarei.jpg\",\"datePublished\":\"2023-04-10T08:00:32+00:00\",\"description\":\"\u00c9 incomprensible que se acorde en pleno obras a realizar nos lugares de Cernadelo e Fontegrande, a cambio do apoio a unha inversi\u00f3n de preto de 300,000\u20ac necesarios para o goberno municipal\",\"breadcrumb\":{\"@id\":\"https:\\\/\\\/www.anovapeneira.gal\\\/index.php\\\/2023\\\/04\\\/10\\\/dende-o-grupo-municipal-do-bng-de-forcarei-esiximos-que-o-psoe-de-forcarei-respete-os-acordos-aos-que-chega-co-noso-grupo\\\/#breadcrumb\"},\"inLanguage\":\"gl-ES\",\"potentialAction\":[{\"@type\":\"ReadAction\",\"target\":[\"https:\\\/\\\/www.anovapeneira.gal\\\/index.php\\\/2023\\\/04\\\/10\\\/dende-o-grupo-municipal-do-bng-de-forcarei-esiximos-que-o-psoe-de-forcarei-respete-os-acordos-aos-que-chega-co-noso-grupo\\\/\"]}]},{\"@type\":\"ImageObject\",\"inLanguage\":\"gl-ES\",\"@id\":\"https:\\\/\\\/www.anovapeneira.gal\\\/index.php\\\/2023\\\/04\\\/10\\\/dende-o-grupo-municipal-do-bng-de-forcarei-esiximos-que-o-psoe-de-forcarei-respete-os-acordos-aos-que-chega-co-noso-grupo\\\/#primaryimage\",\"url\":\"https:\\\/\\\/www.anovapeneira.gal\\\/wp-content\\\/uploads\\\/2023\\\/04\\\/forcarei.jpg\",\"contentUrl\":\"https:\\\/\\\/www.anovapeneira.gal\\\/wp-content\\\/uploads\\\/2023\\\/04\\\/forcarei.jpg\",\"width\":720,\"height\":432,\"caption\":\"Dende o grupo municipal do BNG de Forcarei esiximos que o PSOE de Forcarei respete os acordos aos que chega co noso grupo\"},{\"@type\":\"BreadcrumbList\",\"@id\":\"https:\\\/\\\/www.anovapeneira.gal\\\/index.php\\\/2023\\\/04\\\/10\\\/dende-o-grupo-municipal-do-bng-de-forcarei-esiximos-que-o-psoe-de-forcarei-respete-os-acordos-aos-que-chega-co-noso-grupo\\\/#breadcrumb\",\"itemListElement\":[{\"@type\":\"ListItem\",\"position\":1,\"name\":\"Portada\",\"item\":\"https:\\\/\\\/www.anovapeneira.gal\\\/\"},{\"@type\":\"ListItem\",\"position\":2,\"name\":\"Dende o grupo municipal do BNG de Forcarei esiximos que o PSOE de Forcarei respete os acordos aos que chega co noso grupo\"}]},{\"@type\":\"WebSite\",\"@id\":\"https:\\\/\\\/www.anovapeneira.gal\\\/#website\",\"url\":\"https:\\\/\\\/www.anovapeneira.gal\\\/\",\"name\":\"\",\"description\":\"Xornal galego de informaci\u00f3n xeral Publicaci\u00f3n mensual de novas de Galicia e en especial dos Concellos da sur da provincia de Pontevedra.\",\"publisher\":{\"@id\":\"https:\\\/\\\/www.anovapeneira.gal\\\/#organization\"},\"potentialAction\":[{\"@type\":\"SearchAction\",\"target\":{\"@type\":\"EntryPoint\",\"urlTemplate\":\"https:\\\/\\\/www.anovapeneira.gal\\\/?s={search_term_string}\"},\"query-input\":{\"@type\":\"PropertyValueSpecification\",\"valueRequired\":true,\"valueName\":\"search_term_string\"}}],\"inLanguage\":\"gl-ES\"},{\"@type\":\"Organization\",\"@id\":\"https:\\\/\\\/www.anovapeneira.gal\\\/#organization\",\"name\":\"A Nova Peneira\",\"url\":\"https:\\\/\\\/www.anovapeneira.gal\\\/\",\"logo\":{\"@type\":\"ImageObject\",\"inLanguage\":\"gl-ES\",\"@id\":\"https:\\\/\\\/www.anovapeneira.gal\\\/#\\\/schema\\\/logo\\\/image\\\/\",\"url\":\"http:\\\/\\\/www.anovapeneira.gal\\\/wp-content\\\/uploads\\\/2019\\\/06\\\/logo_a_nova_peneira_portal_web.png\",\"contentUrl\":\"http:\\\/\\\/www.anovapeneira.gal\\\/wp-content\\\/uploads\\\/2019\\\/06\\\/logo_a_nova_peneira_portal_web.png\",\"width\":300,\"height\":100,\"caption\":\"A Nova Peneira\"},\"image\":{\"@id\":\"https:\\\/\\\/www.anovapeneira.gal\\\/#\\\/schema\\\/logo\\\/image\\\/\"},\"sameAs\":[\"https:\\\/\\\/www.facebook.com\\\/anovapeneira\",\"https:\\\/\\\/x.com\\\/APeneira\"]},{\"@type\":\"Person\",\"@id\":\"https:\\\/\\\/www.anovapeneira.gal\\\/#\\\/schema\\\/person\\\/b93e3f8932e3f8da96334607eb6ac6aa\",\"name\":\"Redacci\u00f3n A Nova Peneira\",\"image\":{\"@type\":\"ImageObject\",\"inLanguage\":\"gl-ES\",\"@id\":\"https:\\\/\\\/secure.gravatar.com\\\/avatar\\\/c052a2551a06e23fac63626232eaa90abd78dbcf1700fc46a2b2c89fd27b735f?s=96&d=mm&r=g\",\"url\":\"https:\\\/\\\/secure.gravatar.com\\\/avatar\\\/c052a2551a06e23fac63626232eaa90abd78dbcf1700fc46a2b2c89fd27b735f?s=96&d=mm&r=g\",\"contentUrl\":\"https:\\\/\\\/secure.gravatar.com\\\/avatar\\\/c052a2551a06e23fac63626232eaa90abd78dbcf1700fc46a2b2c89fd27b735f?s=96&d=mm&r=g\",\"caption\":\"Redacci\u00f3n A Nova Peneira\"},\"sameAs\":[\"http:\\\/\\\/www.anovapeneira.gal\\\/\"],\"url\":\"https:\\\/\\\/www.anovapeneira.gal\\\/index.php\\\/author\\\/redactor\\\/\"}]}<\/script>\n<!-- \/ Yoast SEO plugin. -->","yoast_head_json":{"title":"Dende o grupo municipal do BNG de Forcarei esiximos que o PSOE de Forcarei respete os acordos aos que chega co noso grupo -","description":"\u00c9 incomprensible que se acorde en pleno obras a realizar nos lugares de Cernadelo e Fontegrande, a cambio do apoio a unha inversi\u00f3n de preto de 300,000\u20ac necesarios para o goberno municipal","robots":{"index":"index","follow":"follow","max-snippet":"max-snippet:-1","max-image-preview":"max-image-preview:large","max-video-preview":"max-video-preview:-1"},"canonical":"https:\/\/www.anovapeneira.gal\/index.php\/2023\/04\/10\/dende-o-grupo-municipal-do-bng-de-forcarei-esiximos-que-o-psoe-de-forcarei-respete-os-acordos-aos-que-chega-co-noso-grupo\/","og_locale":"gl_ES","og_type":"article","og_title":"Dende o grupo municipal do BNG de Forcarei esiximos que o PSOE de Forcarei respete os acordos aos que chega co noso grupo -","og_description":"\u00c9 incomprensible que se acorde en pleno obras a realizar nos lugares de Cernadelo e Fontegrande, a cambio do apoio a unha inversi\u00f3n de preto de 300,000\u20ac necesarios para o goberno municipal","og_url":"https:\/\/www.anovapeneira.gal\/index.php\/2023\/04\/10\/dende-o-grupo-municipal-do-bng-de-forcarei-esiximos-que-o-psoe-de-forcarei-respete-os-acordos-aos-que-chega-co-noso-grupo\/","article_publisher":"https:\/\/www.facebook.com\/anovapeneira","article_published_time":"2023-04-10T08:00:32+00:00","og_image":[{"width":720,"height":432,"url":"https:\/\/www.anovapeneira.gal\/wp-content\/uploads\/2023\/04\/forcarei.jpg","type":"image\/jpeg"}],"author":"Redacci\u00f3n A Nova Peneira","twitter_card":"summary_large_image","twitter_creator":"@APeneira","twitter_site":"@APeneira","twitter_misc":{"Escrito por":"Redacci\u00f3n A Nova Peneira","Tempo de lectura":"2 minutos"},"schema":{"@context":"https:\/\/schema.org","@graph":[{"@type":"Article","@id":"https:\/\/www.anovapeneira.gal\/index.php\/2023\/04\/10\/dende-o-grupo-municipal-do-bng-de-forcarei-esiximos-que-o-psoe-de-forcarei-respete-os-acordos-aos-que-chega-co-noso-grupo\/#article","isPartOf":{"@id":"https:\/\/www.anovapeneira.gal\/index.php\/2023\/04\/10\/dende-o-grupo-municipal-do-bng-de-forcarei-esiximos-que-o-psoe-de-forcarei-respete-os-acordos-aos-que-chega-co-noso-grupo\/"},"author":{"name":"Redacci\u00f3n A Nova Peneira","@id":"https:\/\/www.anovapeneira.gal\/#\/schema\/person\/b93e3f8932e3f8da96334607eb6ac6aa"},"headline":"Dende o grupo municipal do BNG de Forcarei esiximos que o PSOE de Forcarei respete os acordos aos que chega co noso grupo","datePublished":"2023-04-10T08:00:32+00:00","mainEntityOfPage":{"@id":"https:\/\/www.anovapeneira.gal\/index.php\/2023\/04\/10\/dende-o-grupo-municipal-do-bng-de-forcarei-esiximos-que-o-psoe-de-forcarei-respete-os-acordos-aos-que-chega-co-noso-grupo\/"},"wordCount":222,"commentCount":0,"publisher":{"@id":"https:\/\/www.anovapeneira.gal\/#organization"},"image":{"@id":"https:\/\/www.anovapeneira.gal\/index.php\/2023\/04\/10\/dende-o-grupo-municipal-do-bng-de-forcarei-esiximos-que-o-psoe-de-forcarei-respete-os-acordos-aos-que-chega-co-noso-grupo\/#primaryimage"},"thumbnailUrl":"https:\/\/www.anovapeneira.gal\/wp-content\/uploads\/2023\/04\/forcarei.jpg","keywords":["Concello de Forcarei"],"articleSection":["Pontevedra"],"inLanguage":"gl-ES","potentialAction":[{"@type":"CommentAction","name":"Comment","target":["https:\/\/www.anovapeneira.gal\/index.php\/2023\/04\/10\/dende-o-grupo-municipal-do-bng-de-forcarei-esiximos-que-o-psoe-de-forcarei-respete-os-acordos-aos-que-chega-co-noso-grupo\/#respond"]}]},{"@type":"WebPage","@id":"https:\/\/www.anovapeneira.gal\/index.php\/2023\/04\/10\/dende-o-grupo-municipal-do-bng-de-forcarei-esiximos-que-o-psoe-de-forcarei-respete-os-acordos-aos-que-chega-co-noso-grupo\/","url":"https:\/\/www.anovapeneira.gal\/index.php\/2023\/04\/10\/dende-o-grupo-municipal-do-bng-de-forcarei-esiximos-que-o-psoe-de-forcarei-respete-os-acordos-aos-que-chega-co-noso-grupo\/","name":"Dende o grupo municipal do BNG de Forcarei esiximos que o PSOE de Forcarei respete os acordos aos que chega co noso grupo -","isPartOf":{"@id":"https:\/\/www.anovapeneira.gal\/#website"},"primaryImageOfPage":{"@id":"https:\/\/www.anovapeneira.gal\/index.php\/2023\/04\/10\/dende-o-grupo-municipal-do-bng-de-forcarei-esiximos-que-o-psoe-de-forcarei-respete-os-acordos-aos-que-chega-co-noso-grupo\/#primaryimage"},"image":{"@id":"https:\/\/www.anovapeneira.gal\/index.php\/2023\/04\/10\/dende-o-grupo-municipal-do-bng-de-forcarei-esiximos-que-o-psoe-de-forcarei-respete-os-acordos-aos-que-chega-co-noso-grupo\/#primaryimage"},"thumbnailUrl":"https:\/\/www.anovapeneira.gal\/wp-content\/uploads\/2023\/04\/forcarei.jpg","datePublished":"2023-04-10T08:00:32+00:00","description":"\u00c9 incomprensible que se acorde en pleno obras a realizar nos lugares de Cernadelo e Fontegrande, a cambio do apoio a unha inversi\u00f3n de preto de 300,000\u20ac necesarios para o goberno municipal","breadcrumb":{"@id":"https:\/\/www.anovapeneira.gal\/index.php\/2023\/04\/10\/dende-o-grupo-municipal-do-bng-de-forcarei-esiximos-que-o-psoe-de-forcarei-respete-os-acordos-aos-que-chega-co-noso-grupo\/#breadcrumb"},"inLanguage":"gl-ES","potentialAction":[{"@type":"ReadAction","target":["https:\/\/www.anovapeneira.gal\/index.php\/2023\/04\/10\/dende-o-grupo-municipal-do-bng-de-forcarei-esiximos-que-o-psoe-de-forcarei-respete-os-acordos-aos-que-chega-co-noso-grupo\/"]}]},{"@type":"ImageObject","inLanguage":"gl-ES","@id":"https:\/\/www.anovapeneira.gal\/index.php\/2023\/04\/10\/dende-o-grupo-municipal-do-bng-de-forcarei-esiximos-que-o-psoe-de-forcarei-respete-os-acordos-aos-que-chega-co-noso-grupo\/#primaryimage","url":"https:\/\/www.anovapeneira.gal\/wp-content\/uploads\/2023\/04\/forcarei.jpg","contentUrl":"https:\/\/www.anovapeneira.gal\/wp-content\/uploads\/2023\/04\/forcarei.jpg","width":720,"height":432,"caption":"Dende o grupo municipal do BNG de Forcarei esiximos que o PSOE de Forcarei respete os acordos aos que chega co noso grupo"},{"@type":"BreadcrumbList","@id":"https:\/\/www.anovapeneira.gal\/index.php\/2023\/04\/10\/dende-o-grupo-municipal-do-bng-de-forcarei-esiximos-que-o-psoe-de-forcarei-respete-os-acordos-aos-que-chega-co-noso-grupo\/#breadcrumb","itemListElement":[{"@type":"ListItem","position":1,"name":"Portada","item":"https:\/\/www.anovapeneira.gal\/"},{"@type":"ListItem","position":2,"name":"Dende o grupo municipal do BNG de Forcarei esiximos que o PSOE de Forcarei respete os acordos aos que chega co noso grupo"}]},{"@type":"WebSite","@id":"https:\/\/www.anovapeneira.gal\/#website","url":"https:\/\/www.anovapeneira.gal\/","name":"","description":"Xornal galego de informaci\u00f3n xeral Publicaci\u00f3n mensual de novas de Galicia e en especial dos Concellos da sur da provincia de Pontevedra.","publisher":{"@id":"https:\/\/www.anovapeneira.gal\/#organization"},"potentialAction":[{"@type":"SearchAction","target":{"@type":"EntryPoint","urlTemplate":"https:\/\/www.anovapeneira.gal\/?s={search_term_string}"},"query-input":{"@type":"PropertyValueSpecification","valueRequired":true,"valueName":"search_term_string"}}],"inLanguage":"gl-ES"},{"@type":"Organization","@id":"https:\/\/www.anovapeneira.gal\/#organization","name":"A Nova Peneira","url":"https:\/\/www.anovapeneira.gal\/","logo":{"@type":"ImageObject","inLanguage":"gl-ES","@id":"https:\/\/www.anovapeneira.gal\/#\/schema\/logo\/image\/","url":"http:\/\/www.anovapeneira.gal\/wp-content\/uploads\/2019\/06\/logo_a_nova_peneira_portal_web.png","contentUrl":"http:\/\/www.anovapeneira.gal\/wp-content\/uploads\/2019\/06\/logo_a_nova_peneira_portal_web.png","width":300,"height":100,"caption":"A Nova Peneira"},"image":{"@id":"https:\/\/www.anovapeneira.gal\/#\/schema\/logo\/image\/"},"sameAs":["https:\/\/www.facebook.com\/anovapeneira","https:\/\/x.com\/APeneira"]},{"@type":"Person","@id":"https:\/\/www.anovapeneira.gal\/#\/schema\/person\/b93e3f8932e3f8da96334607eb6ac6aa","name":"Redacci\u00f3n A Nova Peneira","image":{"@type":"ImageObject","inLanguage":"gl-ES","@id":"https:\/\/secure.gravatar.com\/avatar\/c052a2551a06e23fac63626232eaa90abd78dbcf1700fc46a2b2c89fd27b735f?s=96&d=mm&r=g","url":"https:\/\/secure.gravatar.com\/avatar\/c052a2551a06e23fac63626232eaa90abd78dbcf1700fc46a2b2c89fd27b735f?s=96&d=mm&r=g","contentUrl":"https:\/\/secure.gravatar.com\/avatar\/c052a2551a06e23fac63626232eaa90abd78dbcf1700fc46a2b2c89fd27b735f?s=96&d=mm&r=g","caption":"Redacci\u00f3n A Nova Peneira"},"sameAs":["http:\/\/www.anovapeneira.gal\/"],"url":"https:\/\/www.anovapeneira.gal\/index.php\/author\/redactor\/"}]}},"jetpack_featured_media_url":"https:\/\/www.anovapeneira.gal\/wp-content\/uploads\/2023\/04\/forcarei.jpg","_links":{"self":[{"href":"https:\/\/www.anovapeneira.gal\/index.php\/wp-json\/wp\/v2\/posts\/9430","targetHints":{"allow":["GET"]}}],"collection":[{"href":"https:\/\/www.anovapeneira.gal\/index.php\/wp-json\/wp\/v2\/posts"}],"about":[{"href":"https:\/\/www.anovapeneira.gal\/index.php\/wp-json\/wp\/v2\/types\/post"}],"author":[{"embeddable":true,"href":"https:\/\/www.anovapeneira.gal\/index.php\/wp-json\/wp\/v2\/users\/3"}],"replies":[{"embeddable":true,"href":"https:\/\/www.anovapeneira.gal\/index.php\/wp-json\/wp\/v2\/comments?post=9430"}],"version-history":[{"count":1,"href":"https:\/\/www.anovapeneira.gal\/index.php\/wp-json\/wp\/v2\/posts\/9430\/revisions"}],"predecessor-version":[{"id":9431,"href":"https:\/\/www.anovapeneira.gal\/index.php\/wp-json\/wp\/v2\/posts\/9430\/revisions\/9431"}],"wp:featuredmedia":[{"embeddable":true,"href":"https:\/\/www.anovapeneira.gal\/index.php\/wp-json\/wp\/v2\/media\/9432"}],"wp:attachment":[{"href":"https:\/\/www.anovapeneira.gal\/index.php\/wp-json\/wp\/v2\/media?parent=9430"}],"wp:term":[{"taxonomy":"category","embeddable":true,"href":"https:\/\/www.anovapeneira.gal\/index.php\/wp-json\/wp\/v2\/categories?post=9430"},{"taxonomy":"post_tag","embeddable":true,"href":"https:\/\/www.anovapeneira.gal\/index.php\/wp-json\/wp\/v2\/tags?post=9430"}],"curies":[{"name":"wp","href":"https:\/\/api.w.org\/{rel}","templated":true}]}}